{"id":34811,"date":"2020-04-12T10:16:41","date_gmt":"2020-04-12T08:16:41","guid":{"rendered":"https:\/\/conversesacatalunya.cat\/?p=34811"},"modified":"2020-04-10T13:27:05","modified_gmt":"2020-04-10T11:27:05","slug":"el-poder-inocente-o-la-ocultacion-de-los-muertos","status":"publish","type":"post","link":"https:\/\/conversesacatalunya.cat\/es\/el-poder-inocente-o-la-ocultacion-de-los-muertos\/","title":{"rendered":"El \u201cpoder inocente\u201d o la ocultaci\u00f3n de los muertos"},"content":{"rendered":"<p>El poder por definici\u00f3n siempre se considera inocente. Carece de responsabilidad ante el da\u00f1o que, por acci\u00f3n u omisi\u00f3n, puede ocasionar. La tragedia que vivimos por esta pandemia lo constata a una escala superior a la que nunca se hab\u00eda experimentado, porque tambi\u00e9n el da\u00f1o y su responsabilidad son mucho mayores de lo habitual.<\/p>\n<p>Refugiarse en la dificultad de la situaci\u00f3n para ocultar los da\u00f1os, plantear la unidad como lo opuesto a evidenciar las realidades adversas son signos de este poder inocente, manifestaciones de que ante \u00e9l solo podemos expresarle agradecimiento, pero nunca exigirle responsabilidad.<\/p>\n<p>Ahora el gesto de un periodista muy conocido, Antonio P\u00e9rez Henares, conocido como Chani, dimitiendo de su participaci\u00f3n en el programa estelar de <strong>La Sexta, \u201cAl Rojo Vivo\u201d<\/strong> ha evidenciado, una vez m\u00e1s, que en esta construcci\u00f3n artificial de la inocencia del poder es necesaria la colaboraci\u00f3n de los medios de comunicaci\u00f3n, de aquellos que se comportan como est\u00f3magos agradecidos y que blanquean la realidad con el \u00fanico fin de justificar al poder y a su vocaci\u00f3n de permanencia.<\/p>\n<p>Antonio P\u00e9rez en un v\u00eddeo de 15 minutos, que<strong> <a href=\"https:\/\/www.mundodeportivo.com\/elotromundo\/television\/20200408\/48390922242\/no-estoy-dispuesto-a-ocultar-muertos-sus-familiares-chani-cuenta-por-que-deja-arv.html?utm_source=Facebook&amp;utm_medium=social&amp;utm_content=md&amp;fbclid=IwAR005s0MIglagM1WuPlH88jXv3UW2Ol8WQKatRudAPkamkKaBHyHHBGAB3M\" target=\"_blank\" rel=\"noopener noreferrer\">puede ver aqu\u00ed<\/a><\/strong>, ha explicado por qu\u00e9 ha dejado el programa que dirige el periodista Antonio Garc\u00eda Ferreras asegurando que lo ha hecho por coherencia y dignidad por la manera que se est\u00e1 tratando la pandemia del coronavirus.<\/p>\n<blockquote><p>\u201c<strong>No estoy dispuesto a ocultar a los muertos y a sus familiares<\/strong>\u201c,<\/p><\/blockquote>\n<p>dice el periodista en el v\u00eddeo, criticando a aquellos medios, especialmente los televisivos, que lo est\u00e1n haciendo mal porque cree que<\/p>\n<blockquote><p>\u201c<strong>la labor de los medios es informar y estar al lado de la gente y no ocultar fallos tremendos y dejaciones que pueden ser incluso criminales, ahora tambi\u00e9n minimizando y escondiendo los muertos y la realidad. Por ah\u00ed no quiero pasar y no quiero estar<\/strong>\u201c.<\/p><\/blockquote>\n<p>El periodista declara que se llora m\u00e1s por una expulsi\u00f3n de supervivientes que por los miles de fallecidos que hay por coronavirus en Espa\u00f1a:<\/p>\n<blockquote><p>\u201c<strong>Este es el espejo de nuestra sociedad, o mejor dicho el que nos imponen<\/strong>\u201d.<\/p><\/blockquote>\n<p>Ciertamente la sociedad espa\u00f1ola tiene ante s\u00ed una encrucijada vital para su futuro. O bien asume por encima de intereses e ideolog\u00edas el terrible da\u00f1o que se ha cometido y las responsabilidades que el poder ha retenido en \u00e9l, o bien se hundir\u00e1 en el camino de una sociedad cada vez m\u00e1s inconsciente y como tal condenada al fracaso.<\/p>\n","protected":false},"excerpt":{"rendered":"<p>El poder por definici\u00f3n siempre se considera inocente. Carece de responsabilidad ante el da\u00f1o que, por acci\u00f3n u omisi\u00f3n, puede ocasionar. La tragedia que vivimos por esta pandemia lo constata a una escala superior a la que nunca se hab\u00eda experimentado, porque tambi\u00e9n el da\u00f1o y su responsabilidad son mucho mayores de lo habitual. Refugiarse en la dificultad de la situaci\u00f3n para ocultar los da\u00f1os, plantear la unidad como lo opuesto a evidenciar las realidades adversas son signos de este poder inocente, manifestaciones de que ante \u00e9l solo podemos expresarle agradecimiento, pero nunca exigirle responsabilidad. Ahora el gesto de un periodista muy conocido, Antonio P\u00e9rez Henares, conocido como Chani, dimitiendo de su participaci\u00f3n en el programa estelar de La Sexta, \u201cAl Rojo Vivo\u201d ha evidenciado, una vez m\u00e1s, que en esta construcci\u00f3n artificial de la inocencia del poder es necesaria la colaboraci\u00f3n de los medios de comunicaci\u00f3n, de aquellos que se comportan como est\u00f3magos agradecidos y que blanquean la realidad con el \u00fanico fin de justificar al poder y a su vocaci\u00f3n de permanencia. Antonio P\u00e9rez en un v\u00eddeo de 15 minutos, que puede ver aqu\u00ed, ha explicado por qu\u00e9 ha dejado el programa que dirige el periodista Antonio Garc\u00eda Ferreras asegurando que lo ha hecho por coherencia y dignidad por la manera que se est\u00e1 tratando la pandemia del coronavirus. \u201cNo estoy dispuesto a ocultar a los muertos y a sus familiares\u201c, dice el periodista en el v\u00eddeo, criticando a aquellos medios, especialmente los televisivos, que lo est\u00e1n haciendo mal porque cree que \u201cla labor de los medios es informar y estar al lado de la gente y no ocultar fallos tremendos y dejaciones que pueden ser incluso criminales, ahora tambi\u00e9n minimizando y escondiendo los muertos y la realidad. Por ah\u00ed no quiero pasar y no quiero estar\u201c. El periodista declara que se llora m\u00e1s por una expulsi\u00f3n de supervivientes que por los miles de fallecidos que hay por coronavirus en Espa\u00f1a: \u201cEste es el espejo de nuestra sociedad, o mejor dicho el que nos imponen\u201d. Ciertamente la sociedad espa\u00f1ola tiene ante s\u00ed una encrucijada vital para su futuro. O bien asume por encima de intereses e ideolog\u00edas el terrible da\u00f1o que se ha cometido y las responsabilidades que el poder ha retenido en \u00e9l, o bien se hundir\u00e1 en el camino de una sociedad cada vez m\u00e1s inconsciente y como tal condenada al fracaso.<\/p>\n","protected":false},"author":2,"featured_media":34812,"comment_status":"open","ping_status":"open","sticky":false,"template":"","format":"standard","meta":{"_FSMCFIC_featured_image_caption":"","_FSMCFIC_featured_image_nocaption":"","_FSMCFIC_featured_image_hide":"","footnotes":""},"categories":[1772,806],"tags":[2091,1504],"class_list":["post-34811","post","type-post","status-publish","format-standard","has-post-thumbnail","hentry","category-especial-coronavirus-es","category-punts-claus-del-dia-es","tag-al-rojo-vivo","tag-coronavirus-es"],"yoast_head":"<!-- This site is optimized with the Yoast SEO plugin v26.8 - https:\/\/yoast.com\/product\/yoast-seo-wordpress\/ -->\n<title>El \u201cpoder inocente\u201d o la ocultaci\u00f3n de los muertos - Converses a Catalunya<\/title>\n<meta name=\"robots\" content=\"index, follow, max-snippet:-1, max-image-preview:large, max-video-preview:-1\" \/>\n<link rel=\"canonical\" href=\"https:\/\/conversesacatalunya.cat\/es\/el-poder-inocente-o-la-ocultacion-de-los-muertos\/\" \/>\n<meta property=\"og:locale\" content=\"es_ES\" \/>\n<meta property=\"og:type\" content=\"article\" \/>\n<meta property=\"og:title\" content=\"El \u201cpoder inocente\u201d o la ocultaci\u00f3n de los muertos - Converses a Catalunya\" \/>\n<meta property=\"og:description\" content=\"El poder por definici\u00f3n siempre se considera inocente. Carece de responsabilidad ante el da\u00f1o que, por acci\u00f3n u omisi\u00f3n, puede ocasionar. La tragedia que vivimos por esta pandemia lo constata a una escala superior a la que nunca se hab\u00eda experimentado, porque tambi\u00e9n el da\u00f1o y su responsabilidad son mucho mayores de lo habitual. Refugiarse en la dificultad de la situaci\u00f3n para ocultar los da\u00f1os, plantear la unidad como lo opuesto a evidenciar las realidades adversas son signos de este poder inocente, manifestaciones de que ante \u00e9l solo podemos expresarle agradecimiento, pero nunca exigirle responsabilidad. Ahora el gesto de un periodista muy conocido, Antonio P\u00e9rez Henares, conocido como Chani, dimitiendo de su participaci\u00f3n en el programa estelar de La Sexta, \u201cAl Rojo Vivo\u201d ha evidenciado, una vez m\u00e1s, que en esta construcci\u00f3n artificial de la inocencia del poder es necesaria la colaboraci\u00f3n de los medios de comunicaci\u00f3n, de aquellos que se comportan como est\u00f3magos agradecidos y que blanquean la realidad con el \u00fanico fin de justificar al poder y a su vocaci\u00f3n de permanencia. Antonio P\u00e9rez en un v\u00eddeo de 15 minutos, que puede ver aqu\u00ed, ha explicado por qu\u00e9 ha dejado el programa que dirige el periodista Antonio Garc\u00eda Ferreras asegurando que lo ha hecho por coherencia y dignidad por la manera que se est\u00e1 tratando la pandemia del coronavirus. \u201cNo estoy dispuesto a ocultar a los muertos y a sus familiares\u201c, dice el periodista en el v\u00eddeo, criticando a aquellos medios, especialmente los televisivos, que lo est\u00e1n haciendo mal porque cree que \u201cla labor de los medios es informar y estar al lado de la gente y no ocultar fallos tremendos y dejaciones que pueden ser incluso criminales, ahora tambi\u00e9n minimizando y escondiendo los muertos y la realidad. Por ah\u00ed no quiero pasar y no quiero estar\u201c. El periodista declara que se llora m\u00e1s por una expulsi\u00f3n de supervivientes que por los miles de fallecidos que hay por coronavirus en Espa\u00f1a: \u201cEste es el espejo de nuestra sociedad, o mejor dicho el que nos imponen\u201d. Ciertamente la sociedad espa\u00f1ola tiene ante s\u00ed una encrucijada vital para su futuro. O bien asume por encima de intereses e ideolog\u00edas el terrible da\u00f1o que se ha cometido y las responsabilidades que el poder ha retenido en \u00e9l, o bien se hundir\u00e1 en el camino de una sociedad cada vez m\u00e1s inconsciente y como tal condenada al fracaso.\" \/>\n<meta property=\"og:url\" content=\"https:\/\/conversesacatalunya.cat\/es\/el-poder-inocente-o-la-ocultacion-de-los-muertos\/\" \/>\n<meta property=\"og:site_name\" content=\"Converses a Catalunya\" \/>\n<meta property=\"article:published_time\" content=\"2020-04-12T08:16:41+00:00\" \/>\n<meta property=\"og:image\" content=\"https:\/\/conversesacatalunya.cat\/wp-content\/uploads\/2020\/04\/chani-ferreras.jpg\" \/>\n\t<meta property=\"og:image:width\" content=\"770\" \/>\n\t<meta property=\"og:image:height\" content=\"420\" \/>\n\t<meta property=\"og:image:type\" content=\"image\/jpeg\" \/>\n<meta name=\"author\" content=\"conversesacatalunya\" \/>\n<meta name=\"twitter:card\" content=\"summary_large_image\" \/>\n<meta name=\"twitter:label1\" content=\"Escrito por\" \/>\n\t<meta name=\"twitter:data1\" content=\"conversesacatalunya\" \/>\n\t<meta name=\"twitter:label2\" content=\"Tiempo de lectura\" \/>\n\t<meta name=\"twitter:data2\" content=\"2 minutos\" \/>\n<script type=\"application\/ld+json\" class=\"yoast-schema-graph\">{\"@context\":\"https:\/\/schema.org\",\"@graph\":[{\"@type\":\"Article\",\"@id\":\"https:\/\/conversesacatalunya.cat\/es\/el-poder-inocente-o-la-ocultacion-de-los-muertos\/#article\",\"isPartOf\":{\"@id\":\"https:\/\/conversesacatalunya.cat\/es\/el-poder-inocente-o-la-ocultacion-de-los-muertos\/\"},\"author\":{\"name\":\"conversesacatalunya\",\"@id\":\"https:\/\/conversesacatalunya.cat\/#\/schema\/person\/7e24d1e54a2785373ddcb275eae5ed99\"},\"headline\":\"El \u201cpoder inocente\u201d o la ocultaci\u00f3n de los muertos\",\"datePublished\":\"2020-04-12T08:16:41+00:00\",\"mainEntityOfPage\":{\"@id\":\"https:\/\/conversesacatalunya.cat\/es\/el-poder-inocente-o-la-ocultacion-de-los-muertos\/\"},\"wordCount\":435,\"commentCount\":0,\"image\":{\"@id\":\"https:\/\/conversesacatalunya.cat\/es\/el-poder-inocente-o-la-ocultacion-de-los-muertos\/#primaryimage\"},\"thumbnailUrl\":\"https:\/\/conversesacatalunya.cat\/wp-content\/uploads\/2020\/04\/chani-ferreras.jpg\",\"keywords\":[\"Al Rojo Vivo\",\"coronavirus\"],\"articleSection\":[\"Especial Coronavirus (ES)\",\"Punts clau del dia (ES)\"],\"inLanguage\":\"es\",\"potentialAction\":[{\"@type\":\"CommentAction\",\"name\":\"Comment\",\"target\":[\"https:\/\/conversesacatalunya.cat\/es\/el-poder-inocente-o-la-ocultacion-de-los-muertos\/#respond\"]}]},{\"@type\":\"WebPage\",\"@id\":\"https:\/\/conversesacatalunya.cat\/es\/el-poder-inocente-o-la-ocultacion-de-los-muertos\/\",\"url\":\"https:\/\/conversesacatalunya.cat\/es\/el-poder-inocente-o-la-ocultacion-de-los-muertos\/\",\"name\":\"El \u201cpoder inocente\u201d o la ocultaci\u00f3n de los muertos - Converses a Catalunya\",\"isPartOf\":{\"@id\":\"https:\/\/conversesacatalunya.cat\/#website\"},\"primaryImageOfPage\":{\"@id\":\"https:\/\/conversesacatalunya.cat\/es\/el-poder-inocente-o-la-ocultacion-de-los-muertos\/#primaryimage\"},\"image\":{\"@id\":\"https:\/\/conversesacatalunya.cat\/es\/el-poder-inocente-o-la-ocultacion-de-los-muertos\/#primaryimage\"},\"thumbnailUrl\":\"https:\/\/conversesacatalunya.cat\/wp-content\/uploads\/2020\/04\/chani-ferreras.jpg\",\"datePublished\":\"2020-04-12T08:16:41+00:00\",\"author\":{\"@id\":\"https:\/\/conversesacatalunya.cat\/#\/schema\/person\/7e24d1e54a2785373ddcb275eae5ed99\"},\"breadcrumb\":{\"@id\":\"https:\/\/conversesacatalunya.cat\/es\/el-poder-inocente-o-la-ocultacion-de-los-muertos\/#breadcrumb\"},\"inLanguage\":\"es\",\"potentialAction\":[{\"@type\":\"ReadAction\",\"target\":[\"https:\/\/conversesacatalunya.cat\/es\/el-poder-inocente-o-la-ocultacion-de-los-muertos\/\"]}]},{\"@type\":\"ImageObject\",\"inLanguage\":\"es\",\"@id\":\"https:\/\/conversesacatalunya.cat\/es\/el-poder-inocente-o-la-ocultacion-de-los-muertos\/#primaryimage\",\"url\":\"https:\/\/conversesacatalunya.cat\/wp-content\/uploads\/2020\/04\/chani-ferreras.jpg\",\"contentUrl\":\"https:\/\/conversesacatalunya.cat\/wp-content\/uploads\/2020\/04\/chani-ferreras.jpg\",\"width\":770,\"height\":420,\"caption\":\"Chani\"},{\"@type\":\"BreadcrumbList\",\"@id\":\"https:\/\/conversesacatalunya.cat\/es\/el-poder-inocente-o-la-ocultacion-de-los-muertos\/#breadcrumb\",\"itemListElement\":[{\"@type\":\"ListItem\",\"position\":1,\"name\":\"Inici\",\"item\":\"https:\/\/conversesacatalunya.cat\/es\/\"},{\"@type\":\"ListItem\",\"position\":2,\"name\":\"El \u201cpoder inocente\u201d o la ocultaci\u00f3n de los muertos\"}]},{\"@type\":\"WebSite\",\"@id\":\"https:\/\/conversesacatalunya.cat\/#website\",\"url\":\"https:\/\/conversesacatalunya.cat\/\",\"name\":\"Converses a Catalunya\",\"description\":\"\",\"potentialAction\":[{\"@type\":\"SearchAction\",\"target\":{\"@type\":\"EntryPoint\",\"urlTemplate\":\"https:\/\/conversesacatalunya.cat\/?s={search_term_string}\"},\"query-input\":{\"@type\":\"PropertyValueSpecification\",\"valueRequired\":true,\"valueName\":\"search_term_string\"}}],\"inLanguage\":\"es\"},{\"@type\":\"Person\",\"@id\":\"https:\/\/conversesacatalunya.cat\/#\/schema\/person\/7e24d1e54a2785373ddcb275eae5ed99\",\"name\":\"conversesacatalunya\",\"image\":{\"@type\":\"ImageObject\",\"inLanguage\":\"es\",\"@id\":\"https:\/\/conversesacatalunya.cat\/#\/schema\/person\/image\/\",\"url\":\"https:\/\/conversesacatalunya.cat\/wp-content\/litespeed\/avatar\/febdfeeec89d950f01c748045a981dd2.jpg?ver=1777314535\",\"contentUrl\":\"https:\/\/conversesacatalunya.cat\/wp-content\/litespeed\/avatar\/febdfeeec89d950f01c748045a981dd2.jpg?ver=1777314535\",\"caption\":\"conversesacatalunya\"},\"url\":\"https:\/\/conversesacatalunya.cat\/es\/author\/carme_catala\/\"}]}<\/script>\n<!-- \/ Yoast SEO plugin. -->","yoast_head_json":{"title":"El \u201cpoder inocente\u201d o la ocultaci\u00f3n de los muertos - Converses a Catalunya","robots":{"index":"index","follow":"follow","max-snippet":"max-snippet:-1","max-image-preview":"max-image-preview:large","max-video-preview":"max-video-preview:-1"},"canonical":"https:\/\/conversesacatalunya.cat\/es\/el-poder-inocente-o-la-ocultacion-de-los-muertos\/","og_locale":"es_ES","og_type":"article","og_title":"El \u201cpoder inocente\u201d o la ocultaci\u00f3n de los muertos - Converses a Catalunya","og_description":"El poder por definici\u00f3n siempre se considera inocente. Carece de responsabilidad ante el da\u00f1o que, por acci\u00f3n u omisi\u00f3n, puede ocasionar. La tragedia que vivimos por esta pandemia lo constata a una escala superior a la que nunca se hab\u00eda experimentado, porque tambi\u00e9n el da\u00f1o y su responsabilidad son mucho mayores de lo habitual. Refugiarse en la dificultad de la situaci\u00f3n para ocultar los da\u00f1os, plantear la unidad como lo opuesto a evidenciar las realidades adversas son signos de este poder inocente, manifestaciones de que ante \u00e9l solo podemos expresarle agradecimiento, pero nunca exigirle responsabilidad. Ahora el gesto de un periodista muy conocido, Antonio P\u00e9rez Henares, conocido como Chani, dimitiendo de su participaci\u00f3n en el programa estelar de La Sexta, \u201cAl Rojo Vivo\u201d ha evidenciado, una vez m\u00e1s, que en esta construcci\u00f3n artificial de la inocencia del poder es necesaria la colaboraci\u00f3n de los medios de comunicaci\u00f3n, de aquellos que se comportan como est\u00f3magos agradecidos y que blanquean la realidad con el \u00fanico fin de justificar al poder y a su vocaci\u00f3n de permanencia. Antonio P\u00e9rez en un v\u00eddeo de 15 minutos, que puede ver aqu\u00ed, ha explicado por qu\u00e9 ha dejado el programa que dirige el periodista Antonio Garc\u00eda Ferreras asegurando que lo ha hecho por coherencia y dignidad por la manera que se est\u00e1 tratando la pandemia del coronavirus. \u201cNo estoy dispuesto a ocultar a los muertos y a sus familiares\u201c, dice el periodista en el v\u00eddeo, criticando a aquellos medios, especialmente los televisivos, que lo est\u00e1n haciendo mal porque cree que \u201cla labor de los medios es informar y estar al lado de la gente y no ocultar fallos tremendos y dejaciones que pueden ser incluso criminales, ahora tambi\u00e9n minimizando y escondiendo los muertos y la realidad. Por ah\u00ed no quiero pasar y no quiero estar\u201c. El periodista declara que se llora m\u00e1s por una expulsi\u00f3n de supervivientes que por los miles de fallecidos que hay por coronavirus en Espa\u00f1a: \u201cEste es el espejo de nuestra sociedad, o mejor dicho el que nos imponen\u201d. Ciertamente la sociedad espa\u00f1ola tiene ante s\u00ed una encrucijada vital para su futuro. O bien asume por encima de intereses e ideolog\u00edas el terrible da\u00f1o que se ha cometido y las responsabilidades que el poder ha retenido en \u00e9l, o bien se hundir\u00e1 en el camino de una sociedad cada vez m\u00e1s inconsciente y como tal condenada al fracaso.","og_url":"https:\/\/conversesacatalunya.cat\/es\/el-poder-inocente-o-la-ocultacion-de-los-muertos\/","og_site_name":"Converses a Catalunya","article_published_time":"2020-04-12T08:16:41+00:00","og_image":[{"width":770,"height":420,"url":"https:\/\/conversesacatalunya.cat\/wp-content\/uploads\/2020\/04\/chani-ferreras.jpg","type":"image\/jpeg"}],"author":"conversesacatalunya","twitter_card":"summary_large_image","twitter_misc":{"Escrito por":"conversesacatalunya","Tiempo de lectura":"2 minutos"},"schema":{"@context":"https:\/\/schema.org","@graph":[{"@type":"Article","@id":"https:\/\/conversesacatalunya.cat\/es\/el-poder-inocente-o-la-ocultacion-de-los-muertos\/#article","isPartOf":{"@id":"https:\/\/conversesacatalunya.cat\/es\/el-poder-inocente-o-la-ocultacion-de-los-muertos\/"},"author":{"name":"conversesacatalunya","@id":"https:\/\/conversesacatalunya.cat\/#\/schema\/person\/7e24d1e54a2785373ddcb275eae5ed99"},"headline":"El \u201cpoder inocente\u201d o la ocultaci\u00f3n de los muertos","datePublished":"2020-04-12T08:16:41+00:00","mainEntityOfPage":{"@id":"https:\/\/conversesacatalunya.cat\/es\/el-poder-inocente-o-la-ocultacion-de-los-muertos\/"},"wordCount":435,"commentCount":0,"image":{"@id":"https:\/\/conversesacatalunya.cat\/es\/el-poder-inocente-o-la-ocultacion-de-los-muertos\/#primaryimage"},"thumbnailUrl":"https:\/\/conversesacatalunya.cat\/wp-content\/uploads\/2020\/04\/chani-ferreras.jpg","keywords":["Al Rojo Vivo","coronavirus"],"articleSection":["Especial Coronavirus (ES)","Punts clau del dia (ES)"],"inLanguage":"es","potentialAction":[{"@type":"CommentAction","name":"Comment","target":["https:\/\/conversesacatalunya.cat\/es\/el-poder-inocente-o-la-ocultacion-de-los-muertos\/#respond"]}]},{"@type":"WebPage","@id":"https:\/\/conversesacatalunya.cat\/es\/el-poder-inocente-o-la-ocultacion-de-los-muertos\/","url":"https:\/\/conversesacatalunya.cat\/es\/el-poder-inocente-o-la-ocultacion-de-los-muertos\/","name":"El \u201cpoder inocente\u201d o la ocultaci\u00f3n de los muertos - Converses a Catalunya","isPartOf":{"@id":"https:\/\/conversesacatalunya.cat\/#website"},"primaryImageOfPage":{"@id":"https:\/\/conversesacatalunya.cat\/es\/el-poder-inocente-o-la-ocultacion-de-los-muertos\/#primaryimage"},"image":{"@id":"https:\/\/conversesacatalunya.cat\/es\/el-poder-inocente-o-la-ocultacion-de-los-muertos\/#primaryimage"},"thumbnailUrl":"https:\/\/conversesacatalunya.cat\/wp-content\/uploads\/2020\/04\/chani-ferreras.jpg","datePublished":"2020-04-12T08:16:41+00:00","author":{"@id":"https:\/\/conversesacatalunya.cat\/#\/schema\/person\/7e24d1e54a2785373ddcb275eae5ed99"},"breadcrumb":{"@id":"https:\/\/conversesacatalunya.cat\/es\/el-poder-inocente-o-la-ocultacion-de-los-muertos\/#breadcrumb"},"inLanguage":"es","potentialAction":[{"@type":"ReadAction","target":["https:\/\/conversesacatalunya.cat\/es\/el-poder-inocente-o-la-ocultacion-de-los-muertos\/"]}]},{"@type":"ImageObject","inLanguage":"es","@id":"https:\/\/conversesacatalunya.cat\/es\/el-poder-inocente-o-la-ocultacion-de-los-muertos\/#primaryimage","url":"https:\/\/conversesacatalunya.cat\/wp-content\/uploads\/2020\/04\/chani-ferreras.jpg","contentUrl":"https:\/\/conversesacatalunya.cat\/wp-content\/uploads\/2020\/04\/chani-ferreras.jpg","width":770,"height":420,"caption":"Chani"},{"@type":"BreadcrumbList","@id":"https:\/\/conversesacatalunya.cat\/es\/el-poder-inocente-o-la-ocultacion-de-los-muertos\/#breadcrumb","itemListElement":[{"@type":"ListItem","position":1,"name":"Inici","item":"https:\/\/conversesacatalunya.cat\/es\/"},{"@type":"ListItem","position":2,"name":"El \u201cpoder inocente\u201d o la ocultaci\u00f3n de los muertos"}]},{"@type":"WebSite","@id":"https:\/\/conversesacatalunya.cat\/#website","url":"https:\/\/conversesacatalunya.cat\/","name":"Converses a Catalunya","description":"","potentialAction":[{"@type":"SearchAction","target":{"@type":"EntryPoint","urlTemplate":"https:\/\/conversesacatalunya.cat\/?s={search_term_string}"},"query-input":{"@type":"PropertyValueSpecification","valueRequired":true,"valueName":"search_term_string"}}],"inLanguage":"es"},{"@type":"Person","@id":"https:\/\/conversesacatalunya.cat\/#\/schema\/person\/7e24d1e54a2785373ddcb275eae5ed99","name":"conversesacatalunya","image":{"@type":"ImageObject","inLanguage":"es","@id":"https:\/\/conversesacatalunya.cat\/#\/schema\/person\/image\/","url":"https:\/\/conversesacatalunya.cat\/wp-content\/litespeed\/avatar\/febdfeeec89d950f01c748045a981dd2.jpg?ver=1777314535","contentUrl":"https:\/\/conversesacatalunya.cat\/wp-content\/litespeed\/avatar\/febdfeeec89d950f01c748045a981dd2.jpg?ver=1777314535","caption":"conversesacatalunya"},"url":"https:\/\/conversesacatalunya.cat\/es\/author\/carme_catala\/"}]}},"wps_subtitle":"","_links":{"self":[{"href":"https:\/\/conversesacatalunya.cat\/es\/wp-json\/wp\/v2\/posts\/34811","targetHints":{"allow":["GET"]}}],"collection":[{"href":"https:\/\/conversesacatalunya.cat\/es\/wp-json\/wp\/v2\/posts"}],"about":[{"href":"https:\/\/conversesacatalunya.cat\/es\/wp-json\/wp\/v2\/types\/post"}],"author":[{"embeddable":true,"href":"https:\/\/conversesacatalunya.cat\/es\/wp-json\/wp\/v2\/users\/2"}],"replies":[{"embeddable":true,"href":"https:\/\/conversesacatalunya.cat\/es\/wp-json\/wp\/v2\/comments?post=34811"}],"version-history":[{"count":1,"href":"https:\/\/conversesacatalunya.cat\/es\/wp-json\/wp\/v2\/posts\/34811\/revisions"}],"predecessor-version":[{"id":34814,"href":"https:\/\/conversesacatalunya.cat\/es\/wp-json\/wp\/v2\/posts\/34811\/revisions\/34814"}],"wp:featuredmedia":[{"embeddable":true,"href":"https:\/\/conversesacatalunya.cat\/es\/wp-json\/wp\/v2\/media\/34812"}],"wp:attachment":[{"href":"https:\/\/conversesacatalunya.cat\/es\/wp-json\/wp\/v2\/media?parent=34811"}],"wp:term":[{"taxonomy":"category","embeddable":true,"href":"https:\/\/conversesacatalunya.cat\/es\/wp-json\/wp\/v2\/categories?post=34811"},{"taxonomy":"post_tag","embeddable":true,"href":"https:\/\/conversesacatalunya.cat\/es\/wp-json\/wp\/v2\/tags?post=34811"}],"curies":[{"name":"wp","href":"https:\/\/api.w.org\/{rel}","templated":true}]}}