{"id":34796,"date":"2020-04-10T08:00:14","date_gmt":"2020-04-10T06:00:14","guid":{"rendered":"https:\/\/conversesacatalunya.cat\/espanya-la-renda-basica-podria-aplicar-se-abans-de-lestiu\/"},"modified":"2020-04-10T12:17:12","modified_gmt":"2020-04-10T10:17:12","slug":"espana-la-renta-basica-podria-aplicarse-antes-de-verano","status":"publish","type":"post","link":"https:\/\/conversesacatalunya.cat\/es\/espana-la-renta-basica-podria-aplicarse-antes-de-verano\/","title":{"rendered":"Espa\u00f1a: la Renta B\u00e1sica podr\u00eda aplicarse antes de verano"},"content":{"rendered":"<p>El Gobierno de Pedro S\u00e1nchez quiere aprobar una Renta B\u00e1sica de, al menos, 500 euros mensuales por ciudadano, para los pr\u00f3ximos meses. La idea es que, pasado un plazo de unos tres meses, ser\u00e1 sustituida por la ya anunciada renta m\u00ednima, que tendr\u00e1 un funcionamiento similar pero que tiene que ser a\u00fan negociada con las comunidades aut\u00f3nomas.<\/p>\n<p>Esta ayuda provisional para garantizar 500 euros a todos los ciudadanos podr\u00eda, incluso, aprobarse en el pr\u00f3ximo Consejo de Ministros, y debe servir como una prestaci\u00f3n \u00abpuente\u00bb, en palabras de la Vicepresidencia segunda, hasta que est\u00e9 vigente la renta m\u00ednima. En cuanto a las gestiones burocr\u00e1ticas para acceder a la prestaci\u00f3n econ\u00f3mica, el gobierno asegura que intentar\u00e1 que el proceso sea lo m\u00e1s f\u00e1cil y flexible posible.<\/p>\n<p>Seg\u00fan el Gobierno, las organizaciones C\u00e1ritas, Cermi, Oxfam, AEPN, Facua y Plataforma del Tercer Sector, con las que se han reunido, est\u00e1n plenamente de acuerdo con las dos prestaciones que se quieren implantar para paliar los efectos negativos del par\u00f3n econ\u00f3mico por la pandemia del Coronavirus. En este sentido, tanto Comisiones Obreras como UGT est\u00e1n tambi\u00e9n de acuerdo.<\/p>\n<span class='bctt-click-to-tweet'><span class='bctt-ctt-text'><a href='https:\/\/twitter.com\/intent\/tweet?url=https%3A%2F%2Fconversesacatalunya.cat%2Fes%2Fespana-la-renta-basica-podria-aplicarse-antes-de-verano%2F&#038;text=El%20Gobierno%20de%20Pedro%20S%C3%A1nchez%20quiere%20aprobar%20una%20Renta%20B%C3%A1sica%20de%2C%20al%20menos%2C%20500%20euros%20mensuales%20por%20ciudadano%2C%20para%20los%20pr%C3%B3ximos%20meses.&#038;via=conversesacat&#038;related=conversesacat' target='_blank'rel=\"noopener noreferrer\">El Gobierno de Pedro S\u00e1nchez quiere aprobar una Renta B\u00e1sica de, al menos, 500 euros mensuales por ciudadano, para los pr\u00f3ximos meses. <\/a><\/span><a href='https:\/\/twitter.com\/intent\/tweet?url=https%3A%2F%2Fconversesacatalunya.cat%2Fes%2Fespana-la-renta-basica-podria-aplicarse-antes-de-verano%2F&#038;text=El%20Gobierno%20de%20Pedro%20S%C3%A1nchez%20quiere%20aprobar%20una%20Renta%20B%C3%A1sica%20de%2C%20al%20menos%2C%20500%20euros%20mensuales%20por%20ciudadano%2C%20para%20los%20pr%C3%B3ximos%20meses.&#038;via=conversesacat&#038;related=conversesacat' target='_blank' class='bctt-ctt-btn'rel=\"noopener noreferrer\">Compartir en X<\/a><\/span>\n<p>Sin embargo, la patronal de los empresarios, CEOE, llevaba semanas advirtiendo al Gobierno de que su forma de legislar, de forma unilateral y sin consultar a los agentes sociales, no era el camino adecuado para gestionar esta crisis tan extraordinaria. Sin embargo, el Ejecutivo ha mantenido intacta su estrategia de redactar el BOE sin negociar con el di\u00e1logo social. Finalmente, la patronal ha terminado por estallar cuando ha sido convocada para dar su aprobaci\u00f3n a una renta m\u00ednima en cuyo dise\u00f1o no solo no ha participado sino que tampoco conoce sus detalles.<\/p>\n<p>CEOE y Cepyme han firmado un duro comunicado conjunto en el que acusan al Gobierno de \u00abdeslealtad al di\u00e1logo social y a los empresarios espa\u00f1oles\u00bb por no negociar la cantidad de medidas que se est\u00e1n aprobando desde el estallido de la pandemia del coronavirus y por no atender sus demandas. La patronal denuncia que el Gobierno ha hecho una \u00abmanipulaci\u00f3n interesada\u00bb al elaborar una renta m\u00ednima que no ha negociado y para la que ahora busca la aprobaci\u00f3n de la CEOE.<\/p>\n<p>La patronal no se opone a la creaci\u00f3n de una renta m\u00ednima o un instrumento de redistribuci\u00f3n de los ingresos para proteger a los m\u00e1s vulnerables. \u00abCompartimos que ning\u00fan ciudadano puede quedar desatendido en esta crisis econ\u00f3mica sobrevenida por la pandemia del Covid-19\u00bb, se\u00f1ala en su comunicado. El problema es que \u00aben ning\u00fan momento se nos ha hecho part\u00edcipes de la negociaci\u00f3n de tal iniciativa, ni se ha sometido a su discusi\u00f3n en el di\u00e1logo social, tal y como ha trascendido en medios de comunicaci\u00f3n y redes sociales\u00bb.<\/p>\n<p style=\"text-align: center;\"><strong>M\u00e1s informaci\u00f3n sobre el coronavirus en\u00a0<a href=\"https:\/\/conversesacatalunya.cat\/es\/coronavirus\/\" target=\"_blank\" rel=\"noopener noreferrer\">ESPECIAL CORONAVIRUS<\/a><\/strong><\/p>\n<p style=\"text-align: center;\">\n","protected":false},"excerpt":{"rendered":"<p>El Gobierno de Pedro S\u00e1nchez quiere aprobar una Renta B\u00e1sica de, al menos, 500 euros mensuales por ciudadano, para los pr\u00f3ximos meses. La idea es que, pasado un plazo de unos tres meses, ser\u00e1 sustituida por la ya anunciada renta m\u00ednima, que tendr\u00e1 un funcionamiento similar pero que tiene que ser a\u00fan negociada con las comunidades aut\u00f3nomas. Esta ayuda provisional para garantizar 500 euros a todos los ciudadanos podr\u00eda, incluso, aprobarse en el pr\u00f3ximo Consejo de Ministros, y debe servir como una prestaci\u00f3n \u00abpuente\u00bb, en palabras de la Vicepresidencia segunda, hasta que est\u00e9 vigente la renta m\u00ednima. En cuanto a las gestiones burocr\u00e1ticas para acceder a la prestaci\u00f3n econ\u00f3mica, el gobierno asegura que intentar\u00e1 que el proceso sea lo m\u00e1s f\u00e1cil y flexible posible. Seg\u00fan el Gobierno, las organizaciones C\u00e1ritas, Cermi, Oxfam, AEPN, Facua y Plataforma del Tercer Sector, con las que se han reunido, est\u00e1n plenamente de acuerdo con las dos prestaciones que se quieren implantar para paliar los efectos negativos del par\u00f3n econ\u00f3mico por la pandemia del Coronavirus. En este sentido, tanto Comisiones Obreras como UGT est\u00e1n tambi\u00e9n de acuerdo. Sin embargo, la patronal de los empresarios, CEOE, llevaba semanas advirtiendo al Gobierno de que su forma de legislar, de forma unilateral y sin consultar a los agentes sociales, no era el camino adecuado para gestionar esta crisis tan extraordinaria. Sin embargo, el Ejecutivo ha mantenido intacta su estrategia de redactar el BOE sin negociar con el di\u00e1logo social. Finalmente, la patronal ha terminado por estallar cuando ha sido convocada para dar su aprobaci\u00f3n a una renta m\u00ednima en cuyo dise\u00f1o no solo no ha participado sino que tampoco conoce sus detalles. CEOE y Cepyme han firmado un duro comunicado conjunto en el que acusan al Gobierno de \u00abdeslealtad al di\u00e1logo social y a los empresarios espa\u00f1oles\u00bb por no negociar la cantidad de medidas que se est\u00e1n aprobando desde el estallido de la pandemia del coronavirus y por no atender sus demandas. La patronal denuncia que el Gobierno ha hecho una \u00abmanipulaci\u00f3n interesada\u00bb al elaborar una renta m\u00ednima que no ha negociado y para la que ahora busca la aprobaci\u00f3n de la CEOE. La patronal no se opone a la creaci\u00f3n de una renta m\u00ednima o un instrumento de redistribuci\u00f3n de los ingresos para proteger a los m\u00e1s vulnerables. \u00abCompartimos que ning\u00fan ciudadano puede quedar desatendido en esta crisis econ\u00f3mica sobrevenida por la pandemia del Covid-19\u00bb, se\u00f1ala en su comunicado. El problema es que \u00aben ning\u00fan momento se nos ha hecho part\u00edcipes de la negociaci\u00f3n de tal iniciativa, ni se ha sometido a su discusi\u00f3n en el di\u00e1logo social, tal y como ha trascendido en medios de comunicaci\u00f3n y redes sociales\u00bb. M\u00e1s informaci\u00f3n sobre el coronavirus en\u00a0ESPECIAL CORONAVIRUS<\/p>\n","protected":false},"author":20,"featured_media":34793,"comment_status":"open","ping_status":"open","sticky":false,"template":"","format":"standard","meta":{"_FSMCFIC_featured_image_caption":"","_FSMCFIC_featured_image_nocaption":"","_FSMCFIC_featured_image_hide":"","footnotes":""},"categories":[1772,806],"tags":[1242,1504,831,846,1157],"class_list":["post-34796","post","type-post","status-publish","format-standard","has-post-thumbnail","hentry","category-especial-coronavirus-es","category-punts-claus-del-dia-es","tag-ceoe-es","tag-coronavirus-es","tag-economia-es","tag-espanya-es","tag-pedro-sanchez-es"],"yoast_head":"<!-- This site is optimized with the Yoast SEO plugin v26.8 - https:\/\/yoast.com\/product\/yoast-seo-wordpress\/ -->\n<title>Espa\u00f1a: la Renta B\u00e1sica podr\u00eda aplicarse antes de verano - Converses a Catalunya<\/title>\n<meta name=\"description\" content=\"Pedro S\u00e1nchez tiene la intenci\u00f3n de aprobar lo m\u00e1s pronto posible una Renta B\u00e1sica Universal para todos los ciudadanos. La CEOE lo ha criticado duramente\" \/>\n<meta name=\"robots\" content=\"index, follow, max-snippet:-1, max-image-preview:large, max-video-preview:-1\" \/>\n<link rel=\"canonical\" href=\"https:\/\/conversesacatalunya.cat\/es\/espana-la-renta-basica-podria-aplicarse-antes-de-verano\/\" \/>\n<meta property=\"og:locale\" content=\"es_ES\" \/>\n<meta property=\"og:type\" content=\"article\" \/>\n<meta property=\"og:title\" content=\"Espa\u00f1a: la Renta B\u00e1sica podr\u00eda aplicarse antes de verano - Converses a Catalunya\" \/>\n<meta property=\"og:description\" content=\"Pedro S\u00e1nchez tiene la intenci\u00f3n de aprobar lo m\u00e1s pronto posible una Renta B\u00e1sica Universal para todos los ciudadanos. La CEOE lo ha criticado duramente\" \/>\n<meta property=\"og:url\" content=\"https:\/\/conversesacatalunya.cat\/es\/espana-la-renta-basica-podria-aplicarse-antes-de-verano\/\" \/>\n<meta property=\"og:site_name\" content=\"Converses a Catalunya\" \/>\n<meta property=\"article:published_time\" content=\"2020-04-10T06:00:14+00:00\" \/>\n<meta property=\"article:modified_time\" content=\"2020-04-10T10:17:12+00:00\" \/>\n<meta property=\"og:image\" content=\"https:\/\/conversesacatalunya.cat\/wp-content\/uploads\/2020\/04\/Capture-3.jpg\" \/>\n\t<meta property=\"og:image:width\" content=\"916\" \/>\n\t<meta property=\"og:image:height\" content=\"601\" \/>\n\t<meta property=\"og:image:type\" content=\"image\/jpeg\" \/>\n<meta name=\"author\" content=\"conversesacatalunya\" \/>\n<meta name=\"twitter:card\" content=\"summary_large_image\" \/>\n<meta name=\"twitter:label1\" content=\"Escrito por\" \/>\n\t<meta name=\"twitter:data1\" content=\"conversesacatalunya\" \/>\n\t<meta name=\"twitter:label2\" content=\"Tiempo de lectura\" \/>\n\t<meta name=\"twitter:data2\" content=\"3 minutos\" \/>\n<script type=\"application\/ld+json\" class=\"yoast-schema-graph\">{\"@context\":\"https:\/\/schema.org\",\"@graph\":[{\"@type\":\"Article\",\"@id\":\"https:\/\/conversesacatalunya.cat\/es\/espana-la-renta-basica-podria-aplicarse-antes-de-verano\/#article\",\"isPartOf\":{\"@id\":\"https:\/\/conversesacatalunya.cat\/es\/espana-la-renta-basica-podria-aplicarse-antes-de-verano\/\"},\"author\":{\"name\":\"conversesacatalunya\",\"@id\":\"https:\/\/conversesacatalunya.cat\/#\/schema\/person\/a7a9496a363cd9847daf7cd659d92e64\"},\"headline\":\"Espa\u00f1a: la Renta B\u00e1sica podr\u00eda aplicarse antes de verano\",\"datePublished\":\"2020-04-10T06:00:14+00:00\",\"dateModified\":\"2020-04-10T10:17:12+00:00\",\"mainEntityOfPage\":{\"@id\":\"https:\/\/conversesacatalunya.cat\/es\/espana-la-renta-basica-podria-aplicarse-antes-de-verano\/\"},\"wordCount\":536,\"commentCount\":0,\"image\":{\"@id\":\"https:\/\/conversesacatalunya.cat\/es\/espana-la-renta-basica-podria-aplicarse-antes-de-verano\/#primaryimage\"},\"thumbnailUrl\":\"https:\/\/conversesacatalunya.cat\/wp-content\/uploads\/2020\/04\/Capture-3.jpg\",\"keywords\":[\"CEOE\",\"coronavirus\",\"Economia\",\"Espanya\",\"Pedro S\u00e1nchez\"],\"articleSection\":[\"Especial Coronavirus (ES)\",\"Punts clau del dia (ES)\"],\"inLanguage\":\"es\",\"potentialAction\":[{\"@type\":\"CommentAction\",\"name\":\"Comment\",\"target\":[\"https:\/\/conversesacatalunya.cat\/es\/espana-la-renta-basica-podria-aplicarse-antes-de-verano\/#respond\"]}]},{\"@type\":\"WebPage\",\"@id\":\"https:\/\/conversesacatalunya.cat\/es\/espana-la-renta-basica-podria-aplicarse-antes-de-verano\/\",\"url\":\"https:\/\/conversesacatalunya.cat\/es\/espana-la-renta-basica-podria-aplicarse-antes-de-verano\/\",\"name\":\"Espa\u00f1a: la Renta B\u00e1sica podr\u00eda aplicarse antes de verano - Converses a Catalunya\",\"isPartOf\":{\"@id\":\"https:\/\/conversesacatalunya.cat\/#website\"},\"primaryImageOfPage\":{\"@id\":\"https:\/\/conversesacatalunya.cat\/es\/espana-la-renta-basica-podria-aplicarse-antes-de-verano\/#primaryimage\"},\"image\":{\"@id\":\"https:\/\/conversesacatalunya.cat\/es\/espana-la-renta-basica-podria-aplicarse-antes-de-verano\/#primaryimage\"},\"thumbnailUrl\":\"https:\/\/conversesacatalunya.cat\/wp-content\/uploads\/2020\/04\/Capture-3.jpg\",\"datePublished\":\"2020-04-10T06:00:14+00:00\",\"dateModified\":\"2020-04-10T10:17:12+00:00\",\"author\":{\"@id\":\"https:\/\/conversesacatalunya.cat\/#\/schema\/person\/a7a9496a363cd9847daf7cd659d92e64\"},\"description\":\"Pedro S\u00e1nchez tiene la intenci\u00f3n de aprobar lo m\u00e1s pronto posible una Renta B\u00e1sica Universal para todos los ciudadanos. La CEOE lo ha criticado duramente\",\"breadcrumb\":{\"@id\":\"https:\/\/conversesacatalunya.cat\/es\/espana-la-renta-basica-podria-aplicarse-antes-de-verano\/#breadcrumb\"},\"inLanguage\":\"es\",\"potentialAction\":[{\"@type\":\"ReadAction\",\"target\":[\"https:\/\/conversesacatalunya.cat\/es\/espana-la-renta-basica-podria-aplicarse-antes-de-verano\/\"]}]},{\"@type\":\"ImageObject\",\"inLanguage\":\"es\",\"@id\":\"https:\/\/conversesacatalunya.cat\/es\/espana-la-renta-basica-podria-aplicarse-antes-de-verano\/#primaryimage\",\"url\":\"https:\/\/conversesacatalunya.cat\/wp-content\/uploads\/2020\/04\/Capture-3.jpg\",\"contentUrl\":\"https:\/\/conversesacatalunya.cat\/wp-content\/uploads\/2020\/04\/Capture-3.jpg\",\"width\":916,\"height\":601,\"caption\":\"Renda B\u00e0sica\"},{\"@type\":\"BreadcrumbList\",\"@id\":\"https:\/\/conversesacatalunya.cat\/es\/espana-la-renta-basica-podria-aplicarse-antes-de-verano\/#breadcrumb\",\"itemListElement\":[{\"@type\":\"ListItem\",\"position\":1,\"name\":\"Inici\",\"item\":\"https:\/\/conversesacatalunya.cat\/es\/\"},{\"@type\":\"ListItem\",\"position\":2,\"name\":\"Espa\u00f1a: la Renta B\u00e1sica podr\u00eda aplicarse antes de verano\"}]},{\"@type\":\"WebSite\",\"@id\":\"https:\/\/conversesacatalunya.cat\/#website\",\"url\":\"https:\/\/conversesacatalunya.cat\/\",\"name\":\"Converses a Catalunya\",\"description\":\"\",\"potentialAction\":[{\"@type\":\"SearchAction\",\"target\":{\"@type\":\"EntryPoint\",\"urlTemplate\":\"https:\/\/conversesacatalunya.cat\/?s={search_term_string}\"},\"query-input\":{\"@type\":\"PropertyValueSpecification\",\"valueRequired\":true,\"valueName\":\"search_term_string\"}}],\"inLanguage\":\"es\"},{\"@type\":\"Person\",\"@id\":\"https:\/\/conversesacatalunya.cat\/#\/schema\/person\/a7a9496a363cd9847daf7cd659d92e64\",\"name\":\"conversesacatalunya\",\"image\":{\"@type\":\"ImageObject\",\"inLanguage\":\"es\",\"@id\":\"https:\/\/conversesacatalunya.cat\/#\/schema\/person\/image\/\",\"url\":\"https:\/\/conversesacatalunya.cat\/wp-content\/litespeed\/avatar\/ff91582b44ff9c880dc9c5ac2f5c7e89.jpg?ver=1777372947\",\"contentUrl\":\"https:\/\/conversesacatalunya.cat\/wp-content\/litespeed\/avatar\/ff91582b44ff9c880dc9c5ac2f5c7e89.jpg?ver=1777372947\",\"caption\":\"conversesacatalunya\"},\"url\":\"https:\/\/conversesacatalunya.cat\/es\/author\/francisco_garcia\/\"}]}<\/script>\n<!-- \/ Yoast SEO plugin. -->","yoast_head_json":{"title":"Espa\u00f1a: la Renta B\u00e1sica podr\u00eda aplicarse antes de verano - Converses a Catalunya","description":"Pedro S\u00e1nchez tiene la intenci\u00f3n de aprobar lo m\u00e1s pronto posible una Renta B\u00e1sica Universal para todos los ciudadanos. La CEOE lo ha criticado duramente","robots":{"index":"index","follow":"follow","max-snippet":"max-snippet:-1","max-image-preview":"max-image-preview:large","max-video-preview":"max-video-preview:-1"},"canonical":"https:\/\/conversesacatalunya.cat\/es\/espana-la-renta-basica-podria-aplicarse-antes-de-verano\/","og_locale":"es_ES","og_type":"article","og_title":"Espa\u00f1a: la Renta B\u00e1sica podr\u00eda aplicarse antes de verano - Converses a Catalunya","og_description":"Pedro S\u00e1nchez tiene la intenci\u00f3n de aprobar lo m\u00e1s pronto posible una Renta B\u00e1sica Universal para todos los ciudadanos. La CEOE lo ha criticado duramente","og_url":"https:\/\/conversesacatalunya.cat\/es\/espana-la-renta-basica-podria-aplicarse-antes-de-verano\/","og_site_name":"Converses a Catalunya","article_published_time":"2020-04-10T06:00:14+00:00","article_modified_time":"2020-04-10T10:17:12+00:00","og_image":[{"width":916,"height":601,"url":"https:\/\/conversesacatalunya.cat\/wp-content\/uploads\/2020\/04\/Capture-3.jpg","type":"image\/jpeg"}],"author":"conversesacatalunya","twitter_card":"summary_large_image","twitter_misc":{"Escrito por":"conversesacatalunya","Tiempo de lectura":"3 minutos"},"schema":{"@context":"https:\/\/schema.org","@graph":[{"@type":"Article","@id":"https:\/\/conversesacatalunya.cat\/es\/espana-la-renta-basica-podria-aplicarse-antes-de-verano\/#article","isPartOf":{"@id":"https:\/\/conversesacatalunya.cat\/es\/espana-la-renta-basica-podria-aplicarse-antes-de-verano\/"},"author":{"name":"conversesacatalunya","@id":"https:\/\/conversesacatalunya.cat\/#\/schema\/person\/a7a9496a363cd9847daf7cd659d92e64"},"headline":"Espa\u00f1a: la Renta B\u00e1sica podr\u00eda aplicarse antes de verano","datePublished":"2020-04-10T06:00:14+00:00","dateModified":"2020-04-10T10:17:12+00:00","mainEntityOfPage":{"@id":"https:\/\/conversesacatalunya.cat\/es\/espana-la-renta-basica-podria-aplicarse-antes-de-verano\/"},"wordCount":536,"commentCount":0,"image":{"@id":"https:\/\/conversesacatalunya.cat\/es\/espana-la-renta-basica-podria-aplicarse-antes-de-verano\/#primaryimage"},"thumbnailUrl":"https:\/\/conversesacatalunya.cat\/wp-content\/uploads\/2020\/04\/Capture-3.jpg","keywords":["CEOE","coronavirus","Economia","Espanya","Pedro S\u00e1nchez"],"articleSection":["Especial Coronavirus (ES)","Punts clau del dia (ES)"],"inLanguage":"es","potentialAction":[{"@type":"CommentAction","name":"Comment","target":["https:\/\/conversesacatalunya.cat\/es\/espana-la-renta-basica-podria-aplicarse-antes-de-verano\/#respond"]}]},{"@type":"WebPage","@id":"https:\/\/conversesacatalunya.cat\/es\/espana-la-renta-basica-podria-aplicarse-antes-de-verano\/","url":"https:\/\/conversesacatalunya.cat\/es\/espana-la-renta-basica-podria-aplicarse-antes-de-verano\/","name":"Espa\u00f1a: la Renta B\u00e1sica podr\u00eda aplicarse antes de verano - Converses a Catalunya","isPartOf":{"@id":"https:\/\/conversesacatalunya.cat\/#website"},"primaryImageOfPage":{"@id":"https:\/\/conversesacatalunya.cat\/es\/espana-la-renta-basica-podria-aplicarse-antes-de-verano\/#primaryimage"},"image":{"@id":"https:\/\/conversesacatalunya.cat\/es\/espana-la-renta-basica-podria-aplicarse-antes-de-verano\/#primaryimage"},"thumbnailUrl":"https:\/\/conversesacatalunya.cat\/wp-content\/uploads\/2020\/04\/Capture-3.jpg","datePublished":"2020-04-10T06:00:14+00:00","dateModified":"2020-04-10T10:17:12+00:00","author":{"@id":"https:\/\/conversesacatalunya.cat\/#\/schema\/person\/a7a9496a363cd9847daf7cd659d92e64"},"description":"Pedro S\u00e1nchez tiene la intenci\u00f3n de aprobar lo m\u00e1s pronto posible una Renta B\u00e1sica Universal para todos los ciudadanos. La CEOE lo ha criticado duramente","breadcrumb":{"@id":"https:\/\/conversesacatalunya.cat\/es\/espana-la-renta-basica-podria-aplicarse-antes-de-verano\/#breadcrumb"},"inLanguage":"es","potentialAction":[{"@type":"ReadAction","target":["https:\/\/conversesacatalunya.cat\/es\/espana-la-renta-basica-podria-aplicarse-antes-de-verano\/"]}]},{"@type":"ImageObject","inLanguage":"es","@id":"https:\/\/conversesacatalunya.cat\/es\/espana-la-renta-basica-podria-aplicarse-antes-de-verano\/#primaryimage","url":"https:\/\/conversesacatalunya.cat\/wp-content\/uploads\/2020\/04\/Capture-3.jpg","contentUrl":"https:\/\/conversesacatalunya.cat\/wp-content\/uploads\/2020\/04\/Capture-3.jpg","width":916,"height":601,"caption":"Renda B\u00e0sica"},{"@type":"BreadcrumbList","@id":"https:\/\/conversesacatalunya.cat\/es\/espana-la-renta-basica-podria-aplicarse-antes-de-verano\/#breadcrumb","itemListElement":[{"@type":"ListItem","position":1,"name":"Inici","item":"https:\/\/conversesacatalunya.cat\/es\/"},{"@type":"ListItem","position":2,"name":"Espa\u00f1a: la Renta B\u00e1sica podr\u00eda aplicarse antes de verano"}]},{"@type":"WebSite","@id":"https:\/\/conversesacatalunya.cat\/#website","url":"https:\/\/conversesacatalunya.cat\/","name":"Converses a Catalunya","description":"","potentialAction":[{"@type":"SearchAction","target":{"@type":"EntryPoint","urlTemplate":"https:\/\/conversesacatalunya.cat\/?s={search_term_string}"},"query-input":{"@type":"PropertyValueSpecification","valueRequired":true,"valueName":"search_term_string"}}],"inLanguage":"es"},{"@type":"Person","@id":"https:\/\/conversesacatalunya.cat\/#\/schema\/person\/a7a9496a363cd9847daf7cd659d92e64","name":"conversesacatalunya","image":{"@type":"ImageObject","inLanguage":"es","@id":"https:\/\/conversesacatalunya.cat\/#\/schema\/person\/image\/","url":"https:\/\/conversesacatalunya.cat\/wp-content\/litespeed\/avatar\/ff91582b44ff9c880dc9c5ac2f5c7e89.jpg?ver=1777372947","contentUrl":"https:\/\/conversesacatalunya.cat\/wp-content\/litespeed\/avatar\/ff91582b44ff9c880dc9c5ac2f5c7e89.jpg?ver=1777372947","caption":"conversesacatalunya"},"url":"https:\/\/conversesacatalunya.cat\/es\/author\/francisco_garcia\/"}]}},"wps_subtitle":"Pedro S\u00e1nchez tiene la intenci\u00f3n de aprobar lo m\u00e1s pronto posible una Renta B\u00e1sica Universal para todos los ciudadanos. La CEOE ha criticado duramente al Ejecutivo por no contar con ellos","_links":{"self":[{"href":"https:\/\/conversesacatalunya.cat\/es\/wp-json\/wp\/v2\/posts\/34796","targetHints":{"allow":["GET"]}}],"collection":[{"href":"https:\/\/conversesacatalunya.cat\/es\/wp-json\/wp\/v2\/posts"}],"about":[{"href":"https:\/\/conversesacatalunya.cat\/es\/wp-json\/wp\/v2\/types\/post"}],"author":[{"embeddable":true,"href":"https:\/\/conversesacatalunya.cat\/es\/wp-json\/wp\/v2\/users\/20"}],"replies":[{"embeddable":true,"href":"https:\/\/conversesacatalunya.cat\/es\/wp-json\/wp\/v2\/comments?post=34796"}],"version-history":[{"count":2,"href":"https:\/\/conversesacatalunya.cat\/es\/wp-json\/wp\/v2\/posts\/34796\/revisions"}],"predecessor-version":[{"id":34798,"href":"https:\/\/conversesacatalunya.cat\/es\/wp-json\/wp\/v2\/posts\/34796\/revisions\/34798"}],"wp:featuredmedia":[{"embeddable":true,"href":"https:\/\/conversesacatalunya.cat\/es\/wp-json\/wp\/v2\/media\/34793"}],"wp:attachment":[{"href":"https:\/\/conversesacatalunya.cat\/es\/wp-json\/wp\/v2\/media?parent=34796"}],"wp:term":[{"taxonomy":"category","embeddable":true,"href":"https:\/\/conversesacatalunya.cat\/es\/wp-json\/wp\/v2\/categories?post=34796"},{"taxonomy":"post_tag","embeddable":true,"href":"https:\/\/conversesacatalunya.cat\/es\/wp-json\/wp\/v2\/tags?post=34796"}],"curies":[{"name":"wp","href":"https:\/\/api.w.org\/{rel}","templated":true}]}}