{"id":34767,"date":"2020-04-10T10:04:33","date_gmt":"2020-04-10T08:04:33","guid":{"rendered":"https:\/\/conversesacatalunya.cat\/?p=34767"},"modified":"2020-04-09T13:54:46","modified_gmt":"2020-04-09T11:54:46","slug":"cataluna-supera-a-espana-en-muertos-por-coronavirus","status":"publish","type":"post","link":"https:\/\/conversesacatalunya.cat\/es\/cataluna-supera-a-espana-en-muertos-por-coronavirus\/","title":{"rendered":"Catalu\u00f1a supera a Espa\u00f1a en muertos por coronavirus por mill\u00f3n de habitantes"},"content":{"rendered":"<p>Se dice que en ocasiones el \u00e1rbol no deja ver el bosque. En este caso es m\u00e1s bien a la inversa. Es el bosque, la continua aportaci\u00f3n de datos diarios y fragmentados del caso catal\u00e1n, el que no permite observar una evidencia terrible: Catalu\u00f1a supera claramente a Espa\u00f1a en n\u00famero de muertos por mill\u00f3n de habitantes, a pesar de que este estado ocupa el primer lugar en el mundo.<\/p>\n<p>El r\u00e9cord espa\u00f1ol a fecha 8 de <strong>abril se sit\u00faa en 314 muertos <\/strong>por mill\u00f3n de habitantes, mientras que el catal\u00e1n est\u00e1 nada menos <strong>que en 400<\/strong>. Es un resultado espectacularmente alto, que est\u00e1 pasando desapercibido porque ni los medios de comunicaci\u00f3n, ni el Parlamento que se ha reunido esta misma semana, le han prestado atenci\u00f3n, ni se ha buscado una explicaci\u00f3n de esta tr\u00e1gica diferencia.<\/p>\n<p>Pero es urgente y necesario buscar las causas.<\/p>\n<p>Primero para dar una raz\u00f3n de tanta muerte y despu\u00e9s para aprender lo que se ha hecho mal y rectificar. Ni la crisis y mucho menos todav\u00eda la ideolog\u00eda pueden justificar el no tratar aquellos aspectos m\u00e1s perjudiciales de la situaci\u00f3n. Una pista de una de las causas determinantes nos la da la desautorizaci\u00f3n radical del conseller de Treball, Afers Socials i Fam\u00edlia, \u00a0Chakir El Homrani, al transferir sus competencias sobre residencias para personas mayores al departamento de Sanidad.<\/p>\n<p>Entre pol\u00edticos con pundonor esto hubiera significado la dimisi\u00f3n del consejero, porque ha quedado patente la falta de confianza en su gesti\u00f3n, el Parlamento hubiera pedido su cese, y seguramente, si no se tratara de un Gobierno partido por la mitad, en el que Torra solamente manda sobre los consejeros de Junts per Catalunya, lo hubiera cesado.<\/p>\n<p>Y es que la mortalidad en las residencias catalanas, como ya nos hemos ocupado en <a href=\"https:\/\/conversesacatalunya.cat\/es\/cataluna-no-es-pais-para-viejos-el-escandalo-internacional\/\" target=\"_blank\" rel=\"noopener noreferrer\">otras ocasiones<\/a>, es muy elevada. Nada <strong>menos que afecta al 25% del total de este tipo de muertes<\/strong> acaecidas en toda Espa\u00f1a. Pero la soluci\u00f3n m\u00e1s o menos salom\u00f3nica se ha alcanzado porque el consejero de Esquerra contin\u00faa en el Gobierno a pesar de su fracaso rotundo, y la competencia continua en manos de Esquerra Republicana, porque este es el partido de Alba Verg\u00e9s la consejera de Sanidad.<\/p>\n<p>Porque la causa fundamental de tantas muertes son precisamente <strong>las personas mayores de 70 a\u00f1os<\/strong>, al igual que sucede en el resto de Espa\u00f1a, solo que en Catalu\u00f1a como la negligencia y la incapacidad han sido mayores, el castigo tambi\u00e9n lo ha sido.<\/p>\n<p>Hay adem\u00e1s una segunda raz\u00f3n. La situaci\u00f3n de las UCI, durante la semana cr\u00edtica, ha sido peor en Catalu\u00f1a que en Madrid, la comunidad m\u00e1s castigada por el coronavirus. La saturaci\u00f3n de estas unidades vitales para evitar las defunciones ha acentuado el da\u00f1o y ha estimulado <strong>la pr\u00e1ctica del cribaje por<\/strong> edad, sobre todo en el <strong>uso de respiradores<\/strong>, y en <strong>el traslado<\/strong> <strong>al hospital<\/strong> de enfermos que se encontraban en sus domicilios. Todo esto no ha hecho otra cosa que aumentar el n\u00famero de muertes. El Departamento de Salud <strong>pod\u00eda haber atenuado este impacto<\/strong> cr\u00edtico solicitando ayuda al Gobierno central y a las otras comunidades que dispon\u00edan de numerosas plazas libres en las unidades de cuidados intensivos, pero nada de esto se hizo, aparentando una suficiencia que ha costado vidas. Es el problema de la ideolog\u00eda, sobre todo cuando acaba imponi\u00e9ndose por encima del valor de la vida humana, y esta es una responsabilidad que el Gobierno independentista de la Generalitat tendr\u00e1 que asumir por el resto de sus d\u00edas.<\/p>\n<p>Es necesario que la sociedad catalana y sus instituciones pol\u00edticas tomen conciencia de esta realidad tr\u00e1gica, exijan las <strong>responsabilidades pol\u00edticas<\/strong>, porque esto no se ha producido por una fatalidad del destino, y adopten y hagan p\u00fablicas las <strong>medidas necesarias<\/strong> para que no se siga repitiendo todo este tr\u00e1gico desastre.<\/p>\n<p style=\"text-align: center;\"><strong>M\u00e1s informaci\u00f3n sobre el coronavirus en <a href=\"https:\/\/conversesacatalunya.cat\/es\/coronavirus\/\" target=\"_blank\" rel=\"noopener noreferrer\">ESPECIAL CORONAVIRUS<\/a><\/strong><\/p>\n<span class='bctt-click-to-tweet'><span class='bctt-ctt-text'><a href='https:\/\/twitter.com\/intent\/tweet?url=https%3A%2F%2Fconversesacatalunya.cat%2Fes%2Fcataluna-supera-a-espana-en-muertos-por-coronavirus%2F&#038;text=El%20r%C3%A9cord%20espa%C3%B1ol%20a%20fecha%208%20de%20abril%20se%20sit%C3%BAa%20en%20314%20muertos%20por%20mill%C3%B3n%20de%20habitantes%2C%20mientras%20que%20el%20catal%C3%A1n%20est%C3%A1%20nada%20menos%20que%20en%20400&#038;via=conversesacat&#038;related=conversesacat' target='_blank'rel=\"noopener noreferrer\">El r\u00e9cord espa\u00f1ol a fecha 8 de abril se sit\u00faa en 314 muertos por mill\u00f3n de habitantes, mientras que el catal\u00e1n est\u00e1 nada menos que en 400 <\/a><\/span><a href='https:\/\/twitter.com\/intent\/tweet?url=https%3A%2F%2Fconversesacatalunya.cat%2Fes%2Fcataluna-supera-a-espana-en-muertos-por-coronavirus%2F&#038;text=El%20r%C3%A9cord%20espa%C3%B1ol%20a%20fecha%208%20de%20abril%20se%20sit%C3%BAa%20en%20314%20muertos%20por%20mill%C3%B3n%20de%20habitantes%2C%20mientras%20que%20el%20catal%C3%A1n%20est%C3%A1%20nada%20menos%20que%20en%20400&#038;via=conversesacat&#038;related=conversesacat' target='_blank' class='bctt-ctt-btn'rel=\"noopener noreferrer\">Compartir en X<\/a><\/span>\n","protected":false},"excerpt":{"rendered":"<p>Se dice que en ocasiones el \u00e1rbol no deja ver el bosque. En este caso es m\u00e1s bien a la inversa. Es el bosque, la continua aportaci\u00f3n de datos diarios y fragmentados del caso catal\u00e1n, el que no permite observar una evidencia terrible: Catalu\u00f1a supera claramente a Espa\u00f1a en n\u00famero de muertos por mill\u00f3n de habitantes, a pesar de que este estado ocupa el primer lugar en el mundo. El r\u00e9cord espa\u00f1ol a fecha 8 de abril se sit\u00faa en 314 muertos por mill\u00f3n de habitantes, mientras que el catal\u00e1n est\u00e1 nada menos que en 400. Es un resultado espectacularmente alto, que est\u00e1 pasando desapercibido porque ni los medios de comunicaci\u00f3n, ni el Parlamento que se ha reunido esta misma semana, le han prestado atenci\u00f3n, ni se ha buscado una explicaci\u00f3n de esta tr\u00e1gica diferencia. Pero es urgente y necesario buscar las causas. Primero para dar una raz\u00f3n de tanta muerte y despu\u00e9s para aprender lo que se ha hecho mal y rectificar. Ni la crisis y mucho menos todav\u00eda la ideolog\u00eda pueden justificar el no tratar aquellos aspectos m\u00e1s perjudiciales de la situaci\u00f3n. Una pista de una de las causas determinantes nos la da la desautorizaci\u00f3n radical del conseller de Treball, Afers Socials i Fam\u00edlia, \u00a0Chakir El Homrani, al transferir sus competencias sobre residencias para personas mayores al departamento de Sanidad. Entre pol\u00edticos con pundonor esto hubiera significado la dimisi\u00f3n del consejero, porque ha quedado patente la falta de confianza en su gesti\u00f3n, el Parlamento hubiera pedido su cese, y seguramente, si no se tratara de un Gobierno partido por la mitad, en el que Torra solamente manda sobre los consejeros de Junts per Catalunya, lo hubiera cesado. Y es que la mortalidad en las residencias catalanas, como ya nos hemos ocupado en otras ocasiones, es muy elevada. Nada menos que afecta al 25% del total de este tipo de muertes acaecidas en toda Espa\u00f1a. Pero la soluci\u00f3n m\u00e1s o menos salom\u00f3nica se ha alcanzado porque el consejero de Esquerra contin\u00faa en el Gobierno a pesar de su fracaso rotundo, y la competencia continua en manos de Esquerra Republicana, porque este es el partido de Alba Verg\u00e9s la consejera de Sanidad. Porque la causa fundamental de tantas muertes son precisamente las personas mayores de 70 a\u00f1os, al igual que sucede en el resto de Espa\u00f1a, solo que en Catalu\u00f1a como la negligencia y la incapacidad han sido mayores, el castigo tambi\u00e9n lo ha sido. Hay adem\u00e1s una segunda raz\u00f3n. La situaci\u00f3n de las UCI, durante la semana cr\u00edtica, ha sido peor en Catalu\u00f1a que en Madrid, la comunidad m\u00e1s castigada por el coronavirus. La saturaci\u00f3n de estas unidades vitales para evitar las defunciones ha acentuado el da\u00f1o y ha estimulado la pr\u00e1ctica del cribaje por edad, sobre todo en el uso de respiradores, y en el traslado al hospital de enfermos que se encontraban en sus domicilios. Todo esto no ha hecho otra cosa que aumentar el n\u00famero de muertes. El Departamento de Salud pod\u00eda haber atenuado este impacto cr\u00edtico solicitando ayuda al Gobierno central y a las otras comunidades que dispon\u00edan de numerosas plazas libres en las unidades de cuidados intensivos, pero nada de esto se hizo, aparentando una suficiencia que ha costado vidas. Es el problema de la ideolog\u00eda, sobre todo cuando acaba imponi\u00e9ndose por encima del valor de la vida humana, y esta es una responsabilidad que el Gobierno independentista de la Generalitat tendr\u00e1 que asumir por el resto de sus d\u00edas. Es necesario que la sociedad catalana y sus instituciones pol\u00edticas tomen conciencia de esta realidad tr\u00e1gica, exijan las responsabilidades pol\u00edticas, porque esto no se ha producido por una fatalidad del destino, y adopten y hagan p\u00fablicas las medidas necesarias para que no se siga repitiendo todo este tr\u00e1gico desastre. M\u00e1s informaci\u00f3n sobre el coronavirus en ESPECIAL CORONAVIRUS<\/p>\n","protected":false},"author":2,"featured_media":34768,"comment_status":"open","ping_status":"open","sticky":false,"template":"","format":"standard","meta":{"_FSMCFIC_featured_image_caption":"","_FSMCFIC_featured_image_nocaption":"","_FSMCFIC_featured_image_hide":"","footnotes":""},"categories":[1772,806],"tags":[1504],"class_list":["post-34767","post","type-post","status-publish","format-standard","has-post-thumbnail","hentry","category-especial-coronavirus-es","category-punts-claus-del-dia-es","tag-coronavirus-es"],"yoast_head":"<!-- This site is optimized with the Yoast SEO plugin v26.8 - https:\/\/yoast.com\/product\/yoast-seo-wordpress\/ -->\n<title>Catalu\u00f1a supera a Espa\u00f1a en muertos por coronavirus por mill\u00f3n de habitantes - Converses a Catalunya<\/title>\n<meta name=\"robots\" content=\"index, follow, max-snippet:-1, max-image-preview:large, max-video-preview:-1\" \/>\n<link rel=\"canonical\" href=\"https:\/\/conversesacatalunya.cat\/es\/cataluna-supera-a-espana-en-muertos-por-coronavirus\/\" \/>\n<meta property=\"og:locale\" content=\"es_ES\" \/>\n<meta property=\"og:type\" content=\"article\" \/>\n<meta property=\"og:title\" content=\"Catalu\u00f1a supera a Espa\u00f1a en muertos por coronavirus por mill\u00f3n de habitantes - Converses a Catalunya\" \/>\n<meta property=\"og:description\" content=\"Se dice que en ocasiones el \u00e1rbol no deja ver el bosque. En este caso es m\u00e1s bien a la inversa. Es el bosque, la continua aportaci\u00f3n de datos diarios y fragmentados del caso catal\u00e1n, el que no permite observar una evidencia terrible: Catalu\u00f1a supera claramente a Espa\u00f1a en n\u00famero de muertos por mill\u00f3n de habitantes, a pesar de que este estado ocupa el primer lugar en el mundo. El r\u00e9cord espa\u00f1ol a fecha 8 de abril se sit\u00faa en 314 muertos por mill\u00f3n de habitantes, mientras que el catal\u00e1n est\u00e1 nada menos que en 400. Es un resultado espectacularmente alto, que est\u00e1 pasando desapercibido porque ni los medios de comunicaci\u00f3n, ni el Parlamento que se ha reunido esta misma semana, le han prestado atenci\u00f3n, ni se ha buscado una explicaci\u00f3n de esta tr\u00e1gica diferencia. Pero es urgente y necesario buscar las causas. Primero para dar una raz\u00f3n de tanta muerte y despu\u00e9s para aprender lo que se ha hecho mal y rectificar. Ni la crisis y mucho menos todav\u00eda la ideolog\u00eda pueden justificar el no tratar aquellos aspectos m\u00e1s perjudiciales de la situaci\u00f3n. Una pista de una de las causas determinantes nos la da la desautorizaci\u00f3n radical del conseller de Treball, Afers Socials i Fam\u00edlia, \u00a0Chakir El Homrani, al transferir sus competencias sobre residencias para personas mayores al departamento de Sanidad. Entre pol\u00edticos con pundonor esto hubiera significado la dimisi\u00f3n del consejero, porque ha quedado patente la falta de confianza en su gesti\u00f3n, el Parlamento hubiera pedido su cese, y seguramente, si no se tratara de un Gobierno partido por la mitad, en el que Torra solamente manda sobre los consejeros de Junts per Catalunya, lo hubiera cesado. Y es que la mortalidad en las residencias catalanas, como ya nos hemos ocupado en otras ocasiones, es muy elevada. Nada menos que afecta al 25% del total de este tipo de muertes acaecidas en toda Espa\u00f1a. Pero la soluci\u00f3n m\u00e1s o menos salom\u00f3nica se ha alcanzado porque el consejero de Esquerra contin\u00faa en el Gobierno a pesar de su fracaso rotundo, y la competencia continua en manos de Esquerra Republicana, porque este es el partido de Alba Verg\u00e9s la consejera de Sanidad. Porque la causa fundamental de tantas muertes son precisamente las personas mayores de 70 a\u00f1os, al igual que sucede en el resto de Espa\u00f1a, solo que en Catalu\u00f1a como la negligencia y la incapacidad han sido mayores, el castigo tambi\u00e9n lo ha sido. Hay adem\u00e1s una segunda raz\u00f3n. La situaci\u00f3n de las UCI, durante la semana cr\u00edtica, ha sido peor en Catalu\u00f1a que en Madrid, la comunidad m\u00e1s castigada por el coronavirus. La saturaci\u00f3n de estas unidades vitales para evitar las defunciones ha acentuado el da\u00f1o y ha estimulado la pr\u00e1ctica del cribaje por edad, sobre todo en el uso de respiradores, y en el traslado al hospital de enfermos que se encontraban en sus domicilios. Todo esto no ha hecho otra cosa que aumentar el n\u00famero de muertes. El Departamento de Salud pod\u00eda haber atenuado este impacto cr\u00edtico solicitando ayuda al Gobierno central y a las otras comunidades que dispon\u00edan de numerosas plazas libres en las unidades de cuidados intensivos, pero nada de esto se hizo, aparentando una suficiencia que ha costado vidas. Es el problema de la ideolog\u00eda, sobre todo cuando acaba imponi\u00e9ndose por encima del valor de la vida humana, y esta es una responsabilidad que el Gobierno independentista de la Generalitat tendr\u00e1 que asumir por el resto de sus d\u00edas. Es necesario que la sociedad catalana y sus instituciones pol\u00edticas tomen conciencia de esta realidad tr\u00e1gica, exijan las responsabilidades pol\u00edticas, porque esto no se ha producido por una fatalidad del destino, y adopten y hagan p\u00fablicas las medidas necesarias para que no se siga repitiendo todo este tr\u00e1gico desastre. M\u00e1s informaci\u00f3n sobre el coronavirus en ESPECIAL CORONAVIRUS\" \/>\n<meta property=\"og:url\" content=\"https:\/\/conversesacatalunya.cat\/es\/cataluna-supera-a-espana-en-muertos-por-coronavirus\/\" \/>\n<meta property=\"og:site_name\" content=\"Converses a Catalunya\" \/>\n<meta property=\"article:published_time\" content=\"2020-04-10T08:04:33+00:00\" \/>\n<meta property=\"og:image\" content=\"https:\/\/conversesacatalunya.cat\/wp-content\/uploads\/2020\/04\/muertos-por-coronavirus.jpg\" \/>\n\t<meta property=\"og:image:width\" content=\"623\" \/>\n\t<meta property=\"og:image:height\" content=\"383\" \/>\n\t<meta property=\"og:image:type\" content=\"image\/jpeg\" \/>\n<meta name=\"author\" content=\"conversesacatalunya\" \/>\n<meta name=\"twitter:card\" content=\"summary_large_image\" \/>\n<meta name=\"twitter:label1\" content=\"Escrito por\" \/>\n\t<meta name=\"twitter:data1\" content=\"conversesacatalunya\" \/>\n\t<meta name=\"twitter:label2\" content=\"Tiempo de lectura\" \/>\n\t<meta name=\"twitter:data2\" content=\"4 minutos\" \/>\n<script type=\"application\/ld+json\" class=\"yoast-schema-graph\">{\"@context\":\"https:\/\/schema.org\",\"@graph\":[{\"@type\":\"Article\",\"@id\":\"https:\/\/conversesacatalunya.cat\/es\/cataluna-supera-a-espana-en-muertos-por-coronavirus\/#article\",\"isPartOf\":{\"@id\":\"https:\/\/conversesacatalunya.cat\/es\/cataluna-supera-a-espana-en-muertos-por-coronavirus\/\"},\"author\":{\"name\":\"conversesacatalunya\",\"@id\":\"https:\/\/conversesacatalunya.cat\/#\/schema\/person\/7e24d1e54a2785373ddcb275eae5ed99\"},\"headline\":\"Catalu\u00f1a supera a Espa\u00f1a en muertos por coronavirus por mill\u00f3n de habitantes\",\"datePublished\":\"2020-04-10T08:04:33+00:00\",\"mainEntityOfPage\":{\"@id\":\"https:\/\/conversesacatalunya.cat\/es\/cataluna-supera-a-espana-en-muertos-por-coronavirus\/\"},\"wordCount\":736,\"commentCount\":1,\"image\":{\"@id\":\"https:\/\/conversesacatalunya.cat\/es\/cataluna-supera-a-espana-en-muertos-por-coronavirus\/#primaryimage\"},\"thumbnailUrl\":\"https:\/\/conversesacatalunya.cat\/wp-content\/uploads\/2020\/04\/muertos-por-coronavirus.jpg\",\"keywords\":[\"coronavirus\"],\"articleSection\":[\"Especial Coronavirus (ES)\",\"Punts clau del dia (ES)\"],\"inLanguage\":\"es\",\"potentialAction\":[{\"@type\":\"CommentAction\",\"name\":\"Comment\",\"target\":[\"https:\/\/conversesacatalunya.cat\/es\/cataluna-supera-a-espana-en-muertos-por-coronavirus\/#respond\"]}]},{\"@type\":\"WebPage\",\"@id\":\"https:\/\/conversesacatalunya.cat\/es\/cataluna-supera-a-espana-en-muertos-por-coronavirus\/\",\"url\":\"https:\/\/conversesacatalunya.cat\/es\/cataluna-supera-a-espana-en-muertos-por-coronavirus\/\",\"name\":\"Catalu\u00f1a supera a Espa\u00f1a en muertos por coronavirus por mill\u00f3n de habitantes - Converses a Catalunya\",\"isPartOf\":{\"@id\":\"https:\/\/conversesacatalunya.cat\/#website\"},\"primaryImageOfPage\":{\"@id\":\"https:\/\/conversesacatalunya.cat\/es\/cataluna-supera-a-espana-en-muertos-por-coronavirus\/#primaryimage\"},\"image\":{\"@id\":\"https:\/\/conversesacatalunya.cat\/es\/cataluna-supera-a-espana-en-muertos-por-coronavirus\/#primaryimage\"},\"thumbnailUrl\":\"https:\/\/conversesacatalunya.cat\/wp-content\/uploads\/2020\/04\/muertos-por-coronavirus.jpg\",\"datePublished\":\"2020-04-10T08:04:33+00:00\",\"author\":{\"@id\":\"https:\/\/conversesacatalunya.cat\/#\/schema\/person\/7e24d1e54a2785373ddcb275eae5ed99\"},\"breadcrumb\":{\"@id\":\"https:\/\/conversesacatalunya.cat\/es\/cataluna-supera-a-espana-en-muertos-por-coronavirus\/#breadcrumb\"},\"inLanguage\":\"es\",\"potentialAction\":[{\"@type\":\"ReadAction\",\"target\":[\"https:\/\/conversesacatalunya.cat\/es\/cataluna-supera-a-espana-en-muertos-por-coronavirus\/\"]}]},{\"@type\":\"ImageObject\",\"inLanguage\":\"es\",\"@id\":\"https:\/\/conversesacatalunya.cat\/es\/cataluna-supera-a-espana-en-muertos-por-coronavirus\/#primaryimage\",\"url\":\"https:\/\/conversesacatalunya.cat\/wp-content\/uploads\/2020\/04\/muertos-por-coronavirus.jpg\",\"contentUrl\":\"https:\/\/conversesacatalunya.cat\/wp-content\/uploads\/2020\/04\/muertos-por-coronavirus.jpg\",\"width\":623,\"height\":383,\"caption\":\"muertos por coronavirus\"},{\"@type\":\"BreadcrumbList\",\"@id\":\"https:\/\/conversesacatalunya.cat\/es\/cataluna-supera-a-espana-en-muertos-por-coronavirus\/#breadcrumb\",\"itemListElement\":[{\"@type\":\"ListItem\",\"position\":1,\"name\":\"Inici\",\"item\":\"https:\/\/conversesacatalunya.cat\/es\/\"},{\"@type\":\"ListItem\",\"position\":2,\"name\":\"Catalu\u00f1a supera a Espa\u00f1a en muertos por coronavirus por mill\u00f3n de habitantes\"}]},{\"@type\":\"WebSite\",\"@id\":\"https:\/\/conversesacatalunya.cat\/#website\",\"url\":\"https:\/\/conversesacatalunya.cat\/\",\"name\":\"Converses a Catalunya\",\"description\":\"\",\"potentialAction\":[{\"@type\":\"SearchAction\",\"target\":{\"@type\":\"EntryPoint\",\"urlTemplate\":\"https:\/\/conversesacatalunya.cat\/?s={search_term_string}\"},\"query-input\":{\"@type\":\"PropertyValueSpecification\",\"valueRequired\":true,\"valueName\":\"search_term_string\"}}],\"inLanguage\":\"es\"},{\"@type\":\"Person\",\"@id\":\"https:\/\/conversesacatalunya.cat\/#\/schema\/person\/7e24d1e54a2785373ddcb275eae5ed99\",\"name\":\"conversesacatalunya\",\"image\":{\"@type\":\"ImageObject\",\"inLanguage\":\"es\",\"@id\":\"https:\/\/conversesacatalunya.cat\/#\/schema\/person\/image\/\",\"url\":\"https:\/\/conversesacatalunya.cat\/wp-content\/litespeed\/avatar\/febdfeeec89d950f01c748045a981dd2.jpg?ver=1777314535\",\"contentUrl\":\"https:\/\/conversesacatalunya.cat\/wp-content\/litespeed\/avatar\/febdfeeec89d950f01c748045a981dd2.jpg?ver=1777314535\",\"caption\":\"conversesacatalunya\"},\"url\":\"https:\/\/conversesacatalunya.cat\/es\/author\/carme_catala\/\"}]}<\/script>\n<!-- \/ Yoast SEO plugin. -->","yoast_head_json":{"title":"Catalu\u00f1a supera a Espa\u00f1a en muertos por coronavirus por mill\u00f3n de habitantes - Converses a Catalunya","robots":{"index":"index","follow":"follow","max-snippet":"max-snippet:-1","max-image-preview":"max-image-preview:large","max-video-preview":"max-video-preview:-1"},"canonical":"https:\/\/conversesacatalunya.cat\/es\/cataluna-supera-a-espana-en-muertos-por-coronavirus\/","og_locale":"es_ES","og_type":"article","og_title":"Catalu\u00f1a supera a Espa\u00f1a en muertos por coronavirus por mill\u00f3n de habitantes - Converses a Catalunya","og_description":"Se dice que en ocasiones el \u00e1rbol no deja ver el bosque. En este caso es m\u00e1s bien a la inversa. Es el bosque, la continua aportaci\u00f3n de datos diarios y fragmentados del caso catal\u00e1n, el que no permite observar una evidencia terrible: Catalu\u00f1a supera claramente a Espa\u00f1a en n\u00famero de muertos por mill\u00f3n de habitantes, a pesar de que este estado ocupa el primer lugar en el mundo. El r\u00e9cord espa\u00f1ol a fecha 8 de abril se sit\u00faa en 314 muertos por mill\u00f3n de habitantes, mientras que el catal\u00e1n est\u00e1 nada menos que en 400. Es un resultado espectacularmente alto, que est\u00e1 pasando desapercibido porque ni los medios de comunicaci\u00f3n, ni el Parlamento que se ha reunido esta misma semana, le han prestado atenci\u00f3n, ni se ha buscado una explicaci\u00f3n de esta tr\u00e1gica diferencia. Pero es urgente y necesario buscar las causas. Primero para dar una raz\u00f3n de tanta muerte y despu\u00e9s para aprender lo que se ha hecho mal y rectificar. Ni la crisis y mucho menos todav\u00eda la ideolog\u00eda pueden justificar el no tratar aquellos aspectos m\u00e1s perjudiciales de la situaci\u00f3n. Una pista de una de las causas determinantes nos la da la desautorizaci\u00f3n radical del conseller de Treball, Afers Socials i Fam\u00edlia, \u00a0Chakir El Homrani, al transferir sus competencias sobre residencias para personas mayores al departamento de Sanidad. Entre pol\u00edticos con pundonor esto hubiera significado la dimisi\u00f3n del consejero, porque ha quedado patente la falta de confianza en su gesti\u00f3n, el Parlamento hubiera pedido su cese, y seguramente, si no se tratara de un Gobierno partido por la mitad, en el que Torra solamente manda sobre los consejeros de Junts per Catalunya, lo hubiera cesado. Y es que la mortalidad en las residencias catalanas, como ya nos hemos ocupado en otras ocasiones, es muy elevada. Nada menos que afecta al 25% del total de este tipo de muertes acaecidas en toda Espa\u00f1a. Pero la soluci\u00f3n m\u00e1s o menos salom\u00f3nica se ha alcanzado porque el consejero de Esquerra contin\u00faa en el Gobierno a pesar de su fracaso rotundo, y la competencia continua en manos de Esquerra Republicana, porque este es el partido de Alba Verg\u00e9s la consejera de Sanidad. Porque la causa fundamental de tantas muertes son precisamente las personas mayores de 70 a\u00f1os, al igual que sucede en el resto de Espa\u00f1a, solo que en Catalu\u00f1a como la negligencia y la incapacidad han sido mayores, el castigo tambi\u00e9n lo ha sido. Hay adem\u00e1s una segunda raz\u00f3n. La situaci\u00f3n de las UCI, durante la semana cr\u00edtica, ha sido peor en Catalu\u00f1a que en Madrid, la comunidad m\u00e1s castigada por el coronavirus. La saturaci\u00f3n de estas unidades vitales para evitar las defunciones ha acentuado el da\u00f1o y ha estimulado la pr\u00e1ctica del cribaje por edad, sobre todo en el uso de respiradores, y en el traslado al hospital de enfermos que se encontraban en sus domicilios. Todo esto no ha hecho otra cosa que aumentar el n\u00famero de muertes. El Departamento de Salud pod\u00eda haber atenuado este impacto cr\u00edtico solicitando ayuda al Gobierno central y a las otras comunidades que dispon\u00edan de numerosas plazas libres en las unidades de cuidados intensivos, pero nada de esto se hizo, aparentando una suficiencia que ha costado vidas. Es el problema de la ideolog\u00eda, sobre todo cuando acaba imponi\u00e9ndose por encima del valor de la vida humana, y esta es una responsabilidad que el Gobierno independentista de la Generalitat tendr\u00e1 que asumir por el resto de sus d\u00edas. Es necesario que la sociedad catalana y sus instituciones pol\u00edticas tomen conciencia de esta realidad tr\u00e1gica, exijan las responsabilidades pol\u00edticas, porque esto no se ha producido por una fatalidad del destino, y adopten y hagan p\u00fablicas las medidas necesarias para que no se siga repitiendo todo este tr\u00e1gico desastre. M\u00e1s informaci\u00f3n sobre el coronavirus en ESPECIAL CORONAVIRUS","og_url":"https:\/\/conversesacatalunya.cat\/es\/cataluna-supera-a-espana-en-muertos-por-coronavirus\/","og_site_name":"Converses a Catalunya","article_published_time":"2020-04-10T08:04:33+00:00","og_image":[{"width":623,"height":383,"url":"https:\/\/conversesacatalunya.cat\/wp-content\/uploads\/2020\/04\/muertos-por-coronavirus.jpg","type":"image\/jpeg"}],"author":"conversesacatalunya","twitter_card":"summary_large_image","twitter_misc":{"Escrito por":"conversesacatalunya","Tiempo de lectura":"4 minutos"},"schema":{"@context":"https:\/\/schema.org","@graph":[{"@type":"Article","@id":"https:\/\/conversesacatalunya.cat\/es\/cataluna-supera-a-espana-en-muertos-por-coronavirus\/#article","isPartOf":{"@id":"https:\/\/conversesacatalunya.cat\/es\/cataluna-supera-a-espana-en-muertos-por-coronavirus\/"},"author":{"name":"conversesacatalunya","@id":"https:\/\/conversesacatalunya.cat\/#\/schema\/person\/7e24d1e54a2785373ddcb275eae5ed99"},"headline":"Catalu\u00f1a supera a Espa\u00f1a en muertos por coronavirus por mill\u00f3n de habitantes","datePublished":"2020-04-10T08:04:33+00:00","mainEntityOfPage":{"@id":"https:\/\/conversesacatalunya.cat\/es\/cataluna-supera-a-espana-en-muertos-por-coronavirus\/"},"wordCount":736,"commentCount":1,"image":{"@id":"https:\/\/conversesacatalunya.cat\/es\/cataluna-supera-a-espana-en-muertos-por-coronavirus\/#primaryimage"},"thumbnailUrl":"https:\/\/conversesacatalunya.cat\/wp-content\/uploads\/2020\/04\/muertos-por-coronavirus.jpg","keywords":["coronavirus"],"articleSection":["Especial Coronavirus (ES)","Punts clau del dia (ES)"],"inLanguage":"es","potentialAction":[{"@type":"CommentAction","name":"Comment","target":["https:\/\/conversesacatalunya.cat\/es\/cataluna-supera-a-espana-en-muertos-por-coronavirus\/#respond"]}]},{"@type":"WebPage","@id":"https:\/\/conversesacatalunya.cat\/es\/cataluna-supera-a-espana-en-muertos-por-coronavirus\/","url":"https:\/\/conversesacatalunya.cat\/es\/cataluna-supera-a-espana-en-muertos-por-coronavirus\/","name":"Catalu\u00f1a supera a Espa\u00f1a en muertos por coronavirus por mill\u00f3n de habitantes - Converses a Catalunya","isPartOf":{"@id":"https:\/\/conversesacatalunya.cat\/#website"},"primaryImageOfPage":{"@id":"https:\/\/conversesacatalunya.cat\/es\/cataluna-supera-a-espana-en-muertos-por-coronavirus\/#primaryimage"},"image":{"@id":"https:\/\/conversesacatalunya.cat\/es\/cataluna-supera-a-espana-en-muertos-por-coronavirus\/#primaryimage"},"thumbnailUrl":"https:\/\/conversesacatalunya.cat\/wp-content\/uploads\/2020\/04\/muertos-por-coronavirus.jpg","datePublished":"2020-04-10T08:04:33+00:00","author":{"@id":"https:\/\/conversesacatalunya.cat\/#\/schema\/person\/7e24d1e54a2785373ddcb275eae5ed99"},"breadcrumb":{"@id":"https:\/\/conversesacatalunya.cat\/es\/cataluna-supera-a-espana-en-muertos-por-coronavirus\/#breadcrumb"},"inLanguage":"es","potentialAction":[{"@type":"ReadAction","target":["https:\/\/conversesacatalunya.cat\/es\/cataluna-supera-a-espana-en-muertos-por-coronavirus\/"]}]},{"@type":"ImageObject","inLanguage":"es","@id":"https:\/\/conversesacatalunya.cat\/es\/cataluna-supera-a-espana-en-muertos-por-coronavirus\/#primaryimage","url":"https:\/\/conversesacatalunya.cat\/wp-content\/uploads\/2020\/04\/muertos-por-coronavirus.jpg","contentUrl":"https:\/\/conversesacatalunya.cat\/wp-content\/uploads\/2020\/04\/muertos-por-coronavirus.jpg","width":623,"height":383,"caption":"muertos por coronavirus"},{"@type":"BreadcrumbList","@id":"https:\/\/conversesacatalunya.cat\/es\/cataluna-supera-a-espana-en-muertos-por-coronavirus\/#breadcrumb","itemListElement":[{"@type":"ListItem","position":1,"name":"Inici","item":"https:\/\/conversesacatalunya.cat\/es\/"},{"@type":"ListItem","position":2,"name":"Catalu\u00f1a supera a Espa\u00f1a en muertos por coronavirus por mill\u00f3n de habitantes"}]},{"@type":"WebSite","@id":"https:\/\/conversesacatalunya.cat\/#website","url":"https:\/\/conversesacatalunya.cat\/","name":"Converses a Catalunya","description":"","potentialAction":[{"@type":"SearchAction","target":{"@type":"EntryPoint","urlTemplate":"https:\/\/conversesacatalunya.cat\/?s={search_term_string}"},"query-input":{"@type":"PropertyValueSpecification","valueRequired":true,"valueName":"search_term_string"}}],"inLanguage":"es"},{"@type":"Person","@id":"https:\/\/conversesacatalunya.cat\/#\/schema\/person\/7e24d1e54a2785373ddcb275eae5ed99","name":"conversesacatalunya","image":{"@type":"ImageObject","inLanguage":"es","@id":"https:\/\/conversesacatalunya.cat\/#\/schema\/person\/image\/","url":"https:\/\/conversesacatalunya.cat\/wp-content\/litespeed\/avatar\/febdfeeec89d950f01c748045a981dd2.jpg?ver=1777314535","contentUrl":"https:\/\/conversesacatalunya.cat\/wp-content\/litespeed\/avatar\/febdfeeec89d950f01c748045a981dd2.jpg?ver=1777314535","caption":"conversesacatalunya"},"url":"https:\/\/conversesacatalunya.cat\/es\/author\/carme_catala\/"}]}},"wps_subtitle":"","_links":{"self":[{"href":"https:\/\/conversesacatalunya.cat\/es\/wp-json\/wp\/v2\/posts\/34767","targetHints":{"allow":["GET"]}}],"collection":[{"href":"https:\/\/conversesacatalunya.cat\/es\/wp-json\/wp\/v2\/posts"}],"about":[{"href":"https:\/\/conversesacatalunya.cat\/es\/wp-json\/wp\/v2\/types\/post"}],"author":[{"embeddable":true,"href":"https:\/\/conversesacatalunya.cat\/es\/wp-json\/wp\/v2\/users\/2"}],"replies":[{"embeddable":true,"href":"https:\/\/conversesacatalunya.cat\/es\/wp-json\/wp\/v2\/comments?post=34767"}],"version-history":[{"count":1,"href":"https:\/\/conversesacatalunya.cat\/es\/wp-json\/wp\/v2\/posts\/34767\/revisions"}],"predecessor-version":[{"id":34770,"href":"https:\/\/conversesacatalunya.cat\/es\/wp-json\/wp\/v2\/posts\/34767\/revisions\/34770"}],"wp:featuredmedia":[{"embeddable":true,"href":"https:\/\/conversesacatalunya.cat\/es\/wp-json\/wp\/v2\/media\/34768"}],"wp:attachment":[{"href":"https:\/\/conversesacatalunya.cat\/es\/wp-json\/wp\/v2\/media?parent=34767"}],"wp:term":[{"taxonomy":"category","embeddable":true,"href":"https:\/\/conversesacatalunya.cat\/es\/wp-json\/wp\/v2\/categories?post=34767"},{"taxonomy":"post_tag","embeddable":true,"href":"https:\/\/conversesacatalunya.cat\/es\/wp-json\/wp\/v2\/tags?post=34767"}],"curies":[{"name":"wp","href":"https:\/\/api.w.org\/{rel}","templated":true}]}}