{"id":34736,"date":"2020-04-09T11:57:20","date_gmt":"2020-04-09T09:57:20","guid":{"rendered":"https:\/\/conversesacatalunya.cat\/?p=34736"},"modified":"2020-04-09T11:57:20","modified_gmt":"2020-04-09T09:57:20","slug":"por-que-espana-es-el-primer-pais-del-mundo-en-muertos-en-relacion-con-su-poblacion","status":"publish","type":"post","link":"https:\/\/conversesacatalunya.cat\/es\/por-que-espana-es-el-primer-pais-del-mundo-en-muertos-en-relacion-con-su-poblacion\/","title":{"rendered":"\u00bfPor qu\u00e9 Espa\u00f1a es el primer pa\u00eds del mundo en muertos en relaci\u00f3n con su poblaci\u00f3n?"},"content":{"rendered":"<p>\u00bfPor qu\u00e9 Espa\u00f1a encabeza la luctuosa primera clasificaci\u00f3n en <strong>muertos por mill\u00f3n de habitantes<\/strong>? \u00bfPor qu\u00e9 es el pa\u00eds donde el coronavirus ha cometido m\u00e1s da\u00f1o considerando el n\u00famero de personas que viven en \u00e9l y la cantidad de fallecidos?<\/p>\n<p>Concretamente, los datos a 8 de abril eran que en Espa\u00f1a se hab\u00edan <strong>alcanzado los 314 muertos por mill\u00f3n<\/strong> de habitantes. La segu\u00eda <strong>Italia<\/strong> <strong>con 293<\/strong>, y a m\u00e1s distancia <strong>B\u00e9lgica y Francia<\/strong>, claramente por debajo de los 200 muertos por mill\u00f3n.<\/p>\n<p>Al mismo tiempo, se ha abierto el debate en Espa\u00f1a sobre si el n\u00famero de muertos coincide con la realidad o es muy superior.\u00a0 <strong>El ministro Illa<\/strong> insiste, con una actitud siempre de gran formalidad y \u00e9nfasis, en una obviedad: los muertos de coronavirus son aquellos en los que se han podido verificar mediante las pruebas correspondientes que han sufrido esta enfermedad. Y plantea el rigor de esta definici\u00f3n, que como todas <strong>solo define aquello que queda definido<\/strong>, y en este caso deja fuera a la multitud de personas que han muerto sin poder haber sido probadas con los test espec\u00edficos de que el deceso se haya producido a causa del Covid-19.<\/p>\n<p>Pero hay m\u00e1s todav\u00eda, en relaci\u00f3n con las muertes, porqu\u00e9 tambi\u00e9n se produce una mortalidad como <strong>efecto colateral<\/strong> de la pandemia. La saturaci\u00f3n hospitalaria hace que la pr\u00e1ctica de la sanidad habitual se haya <strong>reducido en un 85%<\/strong>. Esto significa que muchos enfermos de gravedad han recibido una atenci\u00f3n muy inferior a sus necesidades, que ha acabado precipitando su defunci\u00f3n. Este es un da\u00f1o que tambi\u00e9n hay que atribuir al coronavirus. Son las famosas v\u00edctimas colaterales de todo conflicto. Cuando todo esto se determine, y con las cifras de los registros civiles, constataremos con espanto, que los muertos en Espa\u00f1a ser\u00e1n entre <strong>un tercio y un 60% superiores<\/strong> a los contabilizados.<\/p>\n<p>Pero, vamos a la pregunta concreta. \u00bfPor qu\u00e9 Espa\u00f1a ocupa este lugar de cabeza? La cuesti\u00f3n es central por dos razones. De un lado porque lo <strong>decisivo en cualquier epidemia son los muertos<\/strong>, no los contagios, ni tan siquiera los hospitalizados, son los muertos. Y de otra parte porque la diferencia de la mortalidad es lo que marca la distancia que media entre el \u00e9xito y el fracaso de las pol\u00edticas p\u00fablicas, en definitiva, de <strong>las responsabilidades del Gobierno<\/strong>.<\/p>\n<p>Evidentemente, la tardanza en actuar, las imprevisiones en disponer de los recursos necesarios, que por ejemplo han castigado duramente al personal sanitario, est\u00e1n entre las causas que explicar\u00e1n el resultado espa\u00f1ol. Pero la raz\u00f3n completa, la realmente explicativa, se encuentra en otra parte. En el <strong>desamparo en que ha vivido la poblaci\u00f3n de m\u00e1s edad,<\/strong> que era precisamente la poblaci\u00f3n de riesgo. En lugar de ocuparse de cortar los focos y transmisiones que pudieran afectarlos, los han dejado a su suerte esperando que llegaran a los hospitales, cuando llegaban, para acabar como han hecho algunas comunidades. El caso m\u00e1s claro es el <strong>de Catalu\u00f1a<\/strong>, <a href=\"https:\/\/conversesacatalunya.cat\/es\/confirmado-el-departamento-de-salud-discrimina-a-las-personas-de-mas-de-75-anos-a-la-hora-de-recibir-la-atencion-medica-esencial\/\" target=\"_blank\" rel=\"noopener noreferrer\">privando a la poblaci\u00f3n<\/a> que entraba en estado grave, en funci\u00f3n de su edad, o simplemente evitando que llegara al hospital.<\/p>\n<p>Es este factor, <strong>la mortalidad entre la poblaci\u00f3n de mayores de 70 a\u00f1os<\/strong>, la causa de la desgraciada situaci\u00f3n espa\u00f1ola. En otras palabras, si se quiere reducir la mortalidad de ahora en adelante, debe haber una clara <strong>prioridad y planificaci\u00f3n sanitaria<\/strong> para proteger a la poblaci\u00f3n de riesgo, y no solo a las de las residencias, que han sido el principal foco, sino tambi\u00e9n a los millones de personas de m\u00e1s edad que viven en sus hogares, y que en muchos casos, adem\u00e1s, permanecen solos o acompa\u00f1ados de su esposo o esposa de edad semejante.<\/p>\n<p>O toda esta poblaci\u00f3n es localizada, visitada y testada en primera instancia, para despu\u00e9s realizar un seguimiento telef\u00f3nico continuado, o el levantamiento de la cuarentena seguir\u00e1 comportando un importante riesgo de muerte para todos ellos.<\/p>\n<p style=\"text-align: center;\"><strong>M\u00e1s informaci\u00f3n sobre el coronavirus en <a href=\"https:\/\/conversesacatalunya.cat\/es\/coronavirus\/\" target=\"_blank\" rel=\"noopener noreferrer\">ESPECIAL CORONAVIRUS<\/a><\/strong><\/p>\n<span class='bctt-click-to-tweet'><span class='bctt-ctt-text'><a href='https:\/\/twitter.com\/intent\/tweet?url=https%3A%2F%2Fconversesacatalunya.cat%2Fes%2Fpor-que-espana-es-el-primer-pais-del-mundo-en-muertos-en-relacion-con-su-poblacion%2F&#038;text=%C2%BFPor%20qu%C3%A9%20Espa%C3%B1a%20encabeza%20la%20luctuosa%20primera%20clasificaci%C3%B3n%20en%20muertos%20por%20mill%C3%B3n%20de%20habitantes%3F&#038;via=conversesacat&#038;related=conversesacat' target='_blank'rel=\"noopener noreferrer\">\u00bfPor qu\u00e9 Espa\u00f1a encabeza la luctuosa primera clasificaci\u00f3n en muertos por mill\u00f3n de habitantes? <\/a><\/span><a href='https:\/\/twitter.com\/intent\/tweet?url=https%3A%2F%2Fconversesacatalunya.cat%2Fes%2Fpor-que-espana-es-el-primer-pais-del-mundo-en-muertos-en-relacion-con-su-poblacion%2F&#038;text=%C2%BFPor%20qu%C3%A9%20Espa%C3%B1a%20encabeza%20la%20luctuosa%20primera%20clasificaci%C3%B3n%20en%20muertos%20por%20mill%C3%B3n%20de%20habitantes%3F&#038;via=conversesacat&#038;related=conversesacat' target='_blank' class='bctt-ctt-btn'rel=\"noopener noreferrer\">Compartir en X<\/a><\/span>\n","protected":false},"excerpt":{"rendered":"<p>\u00bfPor qu\u00e9 Espa\u00f1a encabeza la luctuosa primera clasificaci\u00f3n en muertos por mill\u00f3n de habitantes? \u00bfPor qu\u00e9 es el pa\u00eds donde el coronavirus ha cometido m\u00e1s da\u00f1o considerando el n\u00famero de personas que viven en \u00e9l y la cantidad de fallecidos? Concretamente, los datos a 8 de abril eran que en Espa\u00f1a se hab\u00edan alcanzado los 314 muertos por mill\u00f3n de habitantes. La segu\u00eda Italia con 293, y a m\u00e1s distancia B\u00e9lgica y Francia, claramente por debajo de los 200 muertos por mill\u00f3n. Al mismo tiempo, se ha abierto el debate en Espa\u00f1a sobre si el n\u00famero de muertos coincide con la realidad o es muy superior.\u00a0 El ministro Illa insiste, con una actitud siempre de gran formalidad y \u00e9nfasis, en una obviedad: los muertos de coronavirus son aquellos en los que se han podido verificar mediante las pruebas correspondientes que han sufrido esta enfermedad. Y plantea el rigor de esta definici\u00f3n, que como todas solo define aquello que queda definido, y en este caso deja fuera a la multitud de personas que han muerto sin poder haber sido probadas con los test espec\u00edficos de que el deceso se haya producido a causa del Covid-19. Pero hay m\u00e1s todav\u00eda, en relaci\u00f3n con las muertes, porqu\u00e9 tambi\u00e9n se produce una mortalidad como efecto colateral de la pandemia. La saturaci\u00f3n hospitalaria hace que la pr\u00e1ctica de la sanidad habitual se haya reducido en un 85%. Esto significa que muchos enfermos de gravedad han recibido una atenci\u00f3n muy inferior a sus necesidades, que ha acabado precipitando su defunci\u00f3n. Este es un da\u00f1o que tambi\u00e9n hay que atribuir al coronavirus. Son las famosas v\u00edctimas colaterales de todo conflicto. Cuando todo esto se determine, y con las cifras de los registros civiles, constataremos con espanto, que los muertos en Espa\u00f1a ser\u00e1n entre un tercio y un 60% superiores a los contabilizados. Pero, vamos a la pregunta concreta. \u00bfPor qu\u00e9 Espa\u00f1a ocupa este lugar de cabeza? La cuesti\u00f3n es central por dos razones. De un lado porque lo decisivo en cualquier epidemia son los muertos, no los contagios, ni tan siquiera los hospitalizados, son los muertos. Y de otra parte porque la diferencia de la mortalidad es lo que marca la distancia que media entre el \u00e9xito y el fracaso de las pol\u00edticas p\u00fablicas, en definitiva, de las responsabilidades del Gobierno. Evidentemente, la tardanza en actuar, las imprevisiones en disponer de los recursos necesarios, que por ejemplo han castigado duramente al personal sanitario, est\u00e1n entre las causas que explicar\u00e1n el resultado espa\u00f1ol. Pero la raz\u00f3n completa, la realmente explicativa, se encuentra en otra parte. En el desamparo en que ha vivido la poblaci\u00f3n de m\u00e1s edad, que era precisamente la poblaci\u00f3n de riesgo. En lugar de ocuparse de cortar los focos y transmisiones que pudieran afectarlos, los han dejado a su suerte esperando que llegaran a los hospitales, cuando llegaban, para acabar como han hecho algunas comunidades. El caso m\u00e1s claro es el de Catalu\u00f1a, privando a la poblaci\u00f3n que entraba en estado grave, en funci\u00f3n de su edad, o simplemente evitando que llegara al hospital. Es este factor, la mortalidad entre la poblaci\u00f3n de mayores de 70 a\u00f1os, la causa de la desgraciada situaci\u00f3n espa\u00f1ola. En otras palabras, si se quiere reducir la mortalidad de ahora en adelante, debe haber una clara prioridad y planificaci\u00f3n sanitaria para proteger a la poblaci\u00f3n de riesgo, y no solo a las de las residencias, que han sido el principal foco, sino tambi\u00e9n a los millones de personas de m\u00e1s edad que viven en sus hogares, y que en muchos casos, adem\u00e1s, permanecen solos o acompa\u00f1ados de su esposo o esposa de edad semejante. O toda esta poblaci\u00f3n es localizada, visitada y testada en primera instancia, para despu\u00e9s realizar un seguimiento telef\u00f3nico continuado, o el levantamiento de la cuarentena seguir\u00e1 comportando un importante riesgo de muerte para todos ellos. M\u00e1s informaci\u00f3n sobre el coronavirus en ESPECIAL CORONAVIRUS<\/p>\n","protected":false},"author":2,"featured_media":34748,"comment_status":"open","ping_status":"open","sticky":false,"template":"","format":"standard","meta":{"_FSMCFIC_featured_image_caption":"","_FSMCFIC_featured_image_nocaption":"","_FSMCFIC_featured_image_hide":"","footnotes":""},"categories":[1772,806],"tags":[1504],"class_list":["post-34736","post","type-post","status-publish","format-standard","has-post-thumbnail","hentry","category-especial-coronavirus-es","category-punts-claus-del-dia-es","tag-coronavirus-es"],"yoast_head":"<!-- This site is optimized with the Yoast SEO plugin v26.8 - https:\/\/yoast.com\/product\/yoast-seo-wordpress\/ -->\n<title>\u00bfPor qu\u00e9 Espa\u00f1a es el primer pa\u00eds del mundo en muertos en relaci\u00f3n con su poblaci\u00f3n? - Converses a Catalunya<\/title>\n<meta name=\"robots\" content=\"index, follow, max-snippet:-1, max-image-preview:large, max-video-preview:-1\" \/>\n<link rel=\"canonical\" href=\"https:\/\/conversesacatalunya.cat\/es\/por-que-espana-es-el-primer-pais-del-mundo-en-muertos-en-relacion-con-su-poblacion\/\" \/>\n<meta property=\"og:locale\" content=\"es_ES\" \/>\n<meta property=\"og:type\" content=\"article\" \/>\n<meta property=\"og:title\" content=\"\u00bfPor qu\u00e9 Espa\u00f1a es el primer pa\u00eds del mundo en muertos en relaci\u00f3n con su poblaci\u00f3n? - Converses a Catalunya\" \/>\n<meta property=\"og:description\" content=\"\u00bfPor qu\u00e9 Espa\u00f1a encabeza la luctuosa primera clasificaci\u00f3n en muertos por mill\u00f3n de habitantes? \u00bfPor qu\u00e9 es el pa\u00eds donde el coronavirus ha cometido m\u00e1s da\u00f1o considerando el n\u00famero de personas que viven en \u00e9l y la cantidad de fallecidos? Concretamente, los datos a 8 de abril eran que en Espa\u00f1a se hab\u00edan alcanzado los 314 muertos por mill\u00f3n de habitantes. La segu\u00eda Italia con 293, y a m\u00e1s distancia B\u00e9lgica y Francia, claramente por debajo de los 200 muertos por mill\u00f3n. Al mismo tiempo, se ha abierto el debate en Espa\u00f1a sobre si el n\u00famero de muertos coincide con la realidad o es muy superior.\u00a0 El ministro Illa insiste, con una actitud siempre de gran formalidad y \u00e9nfasis, en una obviedad: los muertos de coronavirus son aquellos en los que se han podido verificar mediante las pruebas correspondientes que han sufrido esta enfermedad. Y plantea el rigor de esta definici\u00f3n, que como todas solo define aquello que queda definido, y en este caso deja fuera a la multitud de personas que han muerto sin poder haber sido probadas con los test espec\u00edficos de que el deceso se haya producido a causa del Covid-19. Pero hay m\u00e1s todav\u00eda, en relaci\u00f3n con las muertes, porqu\u00e9 tambi\u00e9n se produce una mortalidad como efecto colateral de la pandemia. La saturaci\u00f3n hospitalaria hace que la pr\u00e1ctica de la sanidad habitual se haya reducido en un 85%. Esto significa que muchos enfermos de gravedad han recibido una atenci\u00f3n muy inferior a sus necesidades, que ha acabado precipitando su defunci\u00f3n. Este es un da\u00f1o que tambi\u00e9n hay que atribuir al coronavirus. Son las famosas v\u00edctimas colaterales de todo conflicto. Cuando todo esto se determine, y con las cifras de los registros civiles, constataremos con espanto, que los muertos en Espa\u00f1a ser\u00e1n entre un tercio y un 60% superiores a los contabilizados. Pero, vamos a la pregunta concreta. \u00bfPor qu\u00e9 Espa\u00f1a ocupa este lugar de cabeza? La cuesti\u00f3n es central por dos razones. De un lado porque lo decisivo en cualquier epidemia son los muertos, no los contagios, ni tan siquiera los hospitalizados, son los muertos. Y de otra parte porque la diferencia de la mortalidad es lo que marca la distancia que media entre el \u00e9xito y el fracaso de las pol\u00edticas p\u00fablicas, en definitiva, de las responsabilidades del Gobierno. Evidentemente, la tardanza en actuar, las imprevisiones en disponer de los recursos necesarios, que por ejemplo han castigado duramente al personal sanitario, est\u00e1n entre las causas que explicar\u00e1n el resultado espa\u00f1ol. Pero la raz\u00f3n completa, la realmente explicativa, se encuentra en otra parte. En el desamparo en que ha vivido la poblaci\u00f3n de m\u00e1s edad, que era precisamente la poblaci\u00f3n de riesgo. En lugar de ocuparse de cortar los focos y transmisiones que pudieran afectarlos, los han dejado a su suerte esperando que llegaran a los hospitales, cuando llegaban, para acabar como han hecho algunas comunidades. El caso m\u00e1s claro es el de Catalu\u00f1a, privando a la poblaci\u00f3n que entraba en estado grave, en funci\u00f3n de su edad, o simplemente evitando que llegara al hospital. Es este factor, la mortalidad entre la poblaci\u00f3n de mayores de 70 a\u00f1os, la causa de la desgraciada situaci\u00f3n espa\u00f1ola. En otras palabras, si se quiere reducir la mortalidad de ahora en adelante, debe haber una clara prioridad y planificaci\u00f3n sanitaria para proteger a la poblaci\u00f3n de riesgo, y no solo a las de las residencias, que han sido el principal foco, sino tambi\u00e9n a los millones de personas de m\u00e1s edad que viven en sus hogares, y que en muchos casos, adem\u00e1s, permanecen solos o acompa\u00f1ados de su esposo o esposa de edad semejante. O toda esta poblaci\u00f3n es localizada, visitada y testada en primera instancia, para despu\u00e9s realizar un seguimiento telef\u00f3nico continuado, o el levantamiento de la cuarentena seguir\u00e1 comportando un importante riesgo de muerte para todos ellos. M\u00e1s informaci\u00f3n sobre el coronavirus en ESPECIAL CORONAVIRUS\" \/>\n<meta property=\"og:url\" content=\"https:\/\/conversesacatalunya.cat\/es\/por-que-espana-es-el-primer-pais-del-mundo-en-muertos-en-relacion-con-su-poblacion\/\" \/>\n<meta property=\"og:site_name\" content=\"Converses a Catalunya\" \/>\n<meta property=\"article:published_time\" content=\"2020-04-09T09:57:20+00:00\" \/>\n<meta property=\"og:image\" content=\"https:\/\/conversesacatalunya.cat\/wp-content\/uploads\/2020\/04\/coronavirus-10-1.jpg\" \/>\n\t<meta property=\"og:image:width\" content=\"950\" \/>\n\t<meta property=\"og:image:height\" content=\"534\" \/>\n\t<meta property=\"og:image:type\" content=\"image\/jpeg\" \/>\n<meta name=\"author\" content=\"conversesacatalunya\" \/>\n<meta name=\"twitter:card\" content=\"summary_large_image\" \/>\n<meta name=\"twitter:label1\" content=\"Escrito por\" \/>\n\t<meta name=\"twitter:data1\" content=\"conversesacatalunya\" \/>\n\t<meta name=\"twitter:label2\" content=\"Tiempo de lectura\" \/>\n\t<meta name=\"twitter:data2\" content=\"4 minutos\" \/>\n<script type=\"application\/ld+json\" class=\"yoast-schema-graph\">{\"@context\":\"https:\/\/schema.org\",\"@graph\":[{\"@type\":\"Article\",\"@id\":\"https:\/\/conversesacatalunya.cat\/es\/por-que-espana-es-el-primer-pais-del-mundo-en-muertos-en-relacion-con-su-poblacion\/#article\",\"isPartOf\":{\"@id\":\"https:\/\/conversesacatalunya.cat\/es\/por-que-espana-es-el-primer-pais-del-mundo-en-muertos-en-relacion-con-su-poblacion\/\"},\"author\":{\"name\":\"conversesacatalunya\",\"@id\":\"https:\/\/conversesacatalunya.cat\/#\/schema\/person\/7e24d1e54a2785373ddcb275eae5ed99\"},\"headline\":\"\u00bfPor qu\u00e9 Espa\u00f1a es el primer pa\u00eds del mundo en muertos en relaci\u00f3n con su poblaci\u00f3n?\",\"datePublished\":\"2020-04-09T09:57:20+00:00\",\"mainEntityOfPage\":{\"@id\":\"https:\/\/conversesacatalunya.cat\/es\/por-que-espana-es-el-primer-pais-del-mundo-en-muertos-en-relacion-con-su-poblacion\/\"},\"wordCount\":742,\"commentCount\":0,\"image\":{\"@id\":\"https:\/\/conversesacatalunya.cat\/es\/por-que-espana-es-el-primer-pais-del-mundo-en-muertos-en-relacion-con-su-poblacion\/#primaryimage\"},\"thumbnailUrl\":\"https:\/\/conversesacatalunya.cat\/wp-content\/uploads\/2020\/04\/coronavirus-10-1.jpg\",\"keywords\":[\"coronavirus\"],\"articleSection\":[\"Especial Coronavirus (ES)\",\"Punts clau del dia (ES)\"],\"inLanguage\":\"es\",\"potentialAction\":[{\"@type\":\"CommentAction\",\"name\":\"Comment\",\"target\":[\"https:\/\/conversesacatalunya.cat\/es\/por-que-espana-es-el-primer-pais-del-mundo-en-muertos-en-relacion-con-su-poblacion\/#respond\"]}]},{\"@type\":\"WebPage\",\"@id\":\"https:\/\/conversesacatalunya.cat\/es\/por-que-espana-es-el-primer-pais-del-mundo-en-muertos-en-relacion-con-su-poblacion\/\",\"url\":\"https:\/\/conversesacatalunya.cat\/es\/por-que-espana-es-el-primer-pais-del-mundo-en-muertos-en-relacion-con-su-poblacion\/\",\"name\":\"\u00bfPor qu\u00e9 Espa\u00f1a es el primer pa\u00eds del mundo en muertos en relaci\u00f3n con su poblaci\u00f3n? - Converses a Catalunya\",\"isPartOf\":{\"@id\":\"https:\/\/conversesacatalunya.cat\/#website\"},\"primaryImageOfPage\":{\"@id\":\"https:\/\/conversesacatalunya.cat\/es\/por-que-espana-es-el-primer-pais-del-mundo-en-muertos-en-relacion-con-su-poblacion\/#primaryimage\"},\"image\":{\"@id\":\"https:\/\/conversesacatalunya.cat\/es\/por-que-espana-es-el-primer-pais-del-mundo-en-muertos-en-relacion-con-su-poblacion\/#primaryimage\"},\"thumbnailUrl\":\"https:\/\/conversesacatalunya.cat\/wp-content\/uploads\/2020\/04\/coronavirus-10-1.jpg\",\"datePublished\":\"2020-04-09T09:57:20+00:00\",\"author\":{\"@id\":\"https:\/\/conversesacatalunya.cat\/#\/schema\/person\/7e24d1e54a2785373ddcb275eae5ed99\"},\"breadcrumb\":{\"@id\":\"https:\/\/conversesacatalunya.cat\/es\/por-que-espana-es-el-primer-pais-del-mundo-en-muertos-en-relacion-con-su-poblacion\/#breadcrumb\"},\"inLanguage\":\"es\",\"potentialAction\":[{\"@type\":\"ReadAction\",\"target\":[\"https:\/\/conversesacatalunya.cat\/es\/por-que-espana-es-el-primer-pais-del-mundo-en-muertos-en-relacion-con-su-poblacion\/\"]}]},{\"@type\":\"ImageObject\",\"inLanguage\":\"es\",\"@id\":\"https:\/\/conversesacatalunya.cat\/es\/por-que-espana-es-el-primer-pais-del-mundo-en-muertos-en-relacion-con-su-poblacion\/#primaryimage\",\"url\":\"https:\/\/conversesacatalunya.cat\/wp-content\/uploads\/2020\/04\/coronavirus-10-1.jpg\",\"contentUrl\":\"https:\/\/conversesacatalunya.cat\/wp-content\/uploads\/2020\/04\/coronavirus-10-1.jpg\",\"width\":950,\"height\":534,\"caption\":\"muertos coronavirus\"},{\"@type\":\"BreadcrumbList\",\"@id\":\"https:\/\/conversesacatalunya.cat\/es\/por-que-espana-es-el-primer-pais-del-mundo-en-muertos-en-relacion-con-su-poblacion\/#breadcrumb\",\"itemListElement\":[{\"@type\":\"ListItem\",\"position\":1,\"name\":\"Inici\",\"item\":\"https:\/\/conversesacatalunya.cat\/es\/\"},{\"@type\":\"ListItem\",\"position\":2,\"name\":\"\u00bfPor qu\u00e9 Espa\u00f1a es el primer pa\u00eds del mundo en muertos en relaci\u00f3n con su poblaci\u00f3n?\"}]},{\"@type\":\"WebSite\",\"@id\":\"https:\/\/conversesacatalunya.cat\/#website\",\"url\":\"https:\/\/conversesacatalunya.cat\/\",\"name\":\"Converses a Catalunya\",\"description\":\"\",\"potentialAction\":[{\"@type\":\"SearchAction\",\"target\":{\"@type\":\"EntryPoint\",\"urlTemplate\":\"https:\/\/conversesacatalunya.cat\/?s={search_term_string}\"},\"query-input\":{\"@type\":\"PropertyValueSpecification\",\"valueRequired\":true,\"valueName\":\"search_term_string\"}}],\"inLanguage\":\"es\"},{\"@type\":\"Person\",\"@id\":\"https:\/\/conversesacatalunya.cat\/#\/schema\/person\/7e24d1e54a2785373ddcb275eae5ed99\",\"name\":\"conversesacatalunya\",\"image\":{\"@type\":\"ImageObject\",\"inLanguage\":\"es\",\"@id\":\"https:\/\/conversesacatalunya.cat\/#\/schema\/person\/image\/\",\"url\":\"https:\/\/conversesacatalunya.cat\/wp-content\/litespeed\/avatar\/febdfeeec89d950f01c748045a981dd2.jpg?ver=1777314535\",\"contentUrl\":\"https:\/\/conversesacatalunya.cat\/wp-content\/litespeed\/avatar\/febdfeeec89d950f01c748045a981dd2.jpg?ver=1777314535\",\"caption\":\"conversesacatalunya\"},\"url\":\"https:\/\/conversesacatalunya.cat\/es\/author\/carme_catala\/\"}]}<\/script>\n<!-- \/ Yoast SEO plugin. -->","yoast_head_json":{"title":"\u00bfPor qu\u00e9 Espa\u00f1a es el primer pa\u00eds del mundo en muertos en relaci\u00f3n con su poblaci\u00f3n? - Converses a Catalunya","robots":{"index":"index","follow":"follow","max-snippet":"max-snippet:-1","max-image-preview":"max-image-preview:large","max-video-preview":"max-video-preview:-1"},"canonical":"https:\/\/conversesacatalunya.cat\/es\/por-que-espana-es-el-primer-pais-del-mundo-en-muertos-en-relacion-con-su-poblacion\/","og_locale":"es_ES","og_type":"article","og_title":"\u00bfPor qu\u00e9 Espa\u00f1a es el primer pa\u00eds del mundo en muertos en relaci\u00f3n con su poblaci\u00f3n? - Converses a Catalunya","og_description":"\u00bfPor qu\u00e9 Espa\u00f1a encabeza la luctuosa primera clasificaci\u00f3n en muertos por mill\u00f3n de habitantes? \u00bfPor qu\u00e9 es el pa\u00eds donde el coronavirus ha cometido m\u00e1s da\u00f1o considerando el n\u00famero de personas que viven en \u00e9l y la cantidad de fallecidos? Concretamente, los datos a 8 de abril eran que en Espa\u00f1a se hab\u00edan alcanzado los 314 muertos por mill\u00f3n de habitantes. La segu\u00eda Italia con 293, y a m\u00e1s distancia B\u00e9lgica y Francia, claramente por debajo de los 200 muertos por mill\u00f3n. Al mismo tiempo, se ha abierto el debate en Espa\u00f1a sobre si el n\u00famero de muertos coincide con la realidad o es muy superior.\u00a0 El ministro Illa insiste, con una actitud siempre de gran formalidad y \u00e9nfasis, en una obviedad: los muertos de coronavirus son aquellos en los que se han podido verificar mediante las pruebas correspondientes que han sufrido esta enfermedad. Y plantea el rigor de esta definici\u00f3n, que como todas solo define aquello que queda definido, y en este caso deja fuera a la multitud de personas que han muerto sin poder haber sido probadas con los test espec\u00edficos de que el deceso se haya producido a causa del Covid-19. Pero hay m\u00e1s todav\u00eda, en relaci\u00f3n con las muertes, porqu\u00e9 tambi\u00e9n se produce una mortalidad como efecto colateral de la pandemia. La saturaci\u00f3n hospitalaria hace que la pr\u00e1ctica de la sanidad habitual se haya reducido en un 85%. Esto significa que muchos enfermos de gravedad han recibido una atenci\u00f3n muy inferior a sus necesidades, que ha acabado precipitando su defunci\u00f3n. Este es un da\u00f1o que tambi\u00e9n hay que atribuir al coronavirus. Son las famosas v\u00edctimas colaterales de todo conflicto. Cuando todo esto se determine, y con las cifras de los registros civiles, constataremos con espanto, que los muertos en Espa\u00f1a ser\u00e1n entre un tercio y un 60% superiores a los contabilizados. Pero, vamos a la pregunta concreta. \u00bfPor qu\u00e9 Espa\u00f1a ocupa este lugar de cabeza? La cuesti\u00f3n es central por dos razones. De un lado porque lo decisivo en cualquier epidemia son los muertos, no los contagios, ni tan siquiera los hospitalizados, son los muertos. Y de otra parte porque la diferencia de la mortalidad es lo que marca la distancia que media entre el \u00e9xito y el fracaso de las pol\u00edticas p\u00fablicas, en definitiva, de las responsabilidades del Gobierno. Evidentemente, la tardanza en actuar, las imprevisiones en disponer de los recursos necesarios, que por ejemplo han castigado duramente al personal sanitario, est\u00e1n entre las causas que explicar\u00e1n el resultado espa\u00f1ol. Pero la raz\u00f3n completa, la realmente explicativa, se encuentra en otra parte. En el desamparo en que ha vivido la poblaci\u00f3n de m\u00e1s edad, que era precisamente la poblaci\u00f3n de riesgo. En lugar de ocuparse de cortar los focos y transmisiones que pudieran afectarlos, los han dejado a su suerte esperando que llegaran a los hospitales, cuando llegaban, para acabar como han hecho algunas comunidades. El caso m\u00e1s claro es el de Catalu\u00f1a, privando a la poblaci\u00f3n que entraba en estado grave, en funci\u00f3n de su edad, o simplemente evitando que llegara al hospital. Es este factor, la mortalidad entre la poblaci\u00f3n de mayores de 70 a\u00f1os, la causa de la desgraciada situaci\u00f3n espa\u00f1ola. En otras palabras, si se quiere reducir la mortalidad de ahora en adelante, debe haber una clara prioridad y planificaci\u00f3n sanitaria para proteger a la poblaci\u00f3n de riesgo, y no solo a las de las residencias, que han sido el principal foco, sino tambi\u00e9n a los millones de personas de m\u00e1s edad que viven en sus hogares, y que en muchos casos, adem\u00e1s, permanecen solos o acompa\u00f1ados de su esposo o esposa de edad semejante. O toda esta poblaci\u00f3n es localizada, visitada y testada en primera instancia, para despu\u00e9s realizar un seguimiento telef\u00f3nico continuado, o el levantamiento de la cuarentena seguir\u00e1 comportando un importante riesgo de muerte para todos ellos. M\u00e1s informaci\u00f3n sobre el coronavirus en ESPECIAL CORONAVIRUS","og_url":"https:\/\/conversesacatalunya.cat\/es\/por-que-espana-es-el-primer-pais-del-mundo-en-muertos-en-relacion-con-su-poblacion\/","og_site_name":"Converses a Catalunya","article_published_time":"2020-04-09T09:57:20+00:00","og_image":[{"width":950,"height":534,"url":"https:\/\/conversesacatalunya.cat\/wp-content\/uploads\/2020\/04\/coronavirus-10-1.jpg","type":"image\/jpeg"}],"author":"conversesacatalunya","twitter_card":"summary_large_image","twitter_misc":{"Escrito por":"conversesacatalunya","Tiempo de lectura":"4 minutos"},"schema":{"@context":"https:\/\/schema.org","@graph":[{"@type":"Article","@id":"https:\/\/conversesacatalunya.cat\/es\/por-que-espana-es-el-primer-pais-del-mundo-en-muertos-en-relacion-con-su-poblacion\/#article","isPartOf":{"@id":"https:\/\/conversesacatalunya.cat\/es\/por-que-espana-es-el-primer-pais-del-mundo-en-muertos-en-relacion-con-su-poblacion\/"},"author":{"name":"conversesacatalunya","@id":"https:\/\/conversesacatalunya.cat\/#\/schema\/person\/7e24d1e54a2785373ddcb275eae5ed99"},"headline":"\u00bfPor qu\u00e9 Espa\u00f1a es el primer pa\u00eds del mundo en muertos en relaci\u00f3n con su poblaci\u00f3n?","datePublished":"2020-04-09T09:57:20+00:00","mainEntityOfPage":{"@id":"https:\/\/conversesacatalunya.cat\/es\/por-que-espana-es-el-primer-pais-del-mundo-en-muertos-en-relacion-con-su-poblacion\/"},"wordCount":742,"commentCount":0,"image":{"@id":"https:\/\/conversesacatalunya.cat\/es\/por-que-espana-es-el-primer-pais-del-mundo-en-muertos-en-relacion-con-su-poblacion\/#primaryimage"},"thumbnailUrl":"https:\/\/conversesacatalunya.cat\/wp-content\/uploads\/2020\/04\/coronavirus-10-1.jpg","keywords":["coronavirus"],"articleSection":["Especial Coronavirus (ES)","Punts clau del dia (ES)"],"inLanguage":"es","potentialAction":[{"@type":"CommentAction","name":"Comment","target":["https:\/\/conversesacatalunya.cat\/es\/por-que-espana-es-el-primer-pais-del-mundo-en-muertos-en-relacion-con-su-poblacion\/#respond"]}]},{"@type":"WebPage","@id":"https:\/\/conversesacatalunya.cat\/es\/por-que-espana-es-el-primer-pais-del-mundo-en-muertos-en-relacion-con-su-poblacion\/","url":"https:\/\/conversesacatalunya.cat\/es\/por-que-espana-es-el-primer-pais-del-mundo-en-muertos-en-relacion-con-su-poblacion\/","name":"\u00bfPor qu\u00e9 Espa\u00f1a es el primer pa\u00eds del mundo en muertos en relaci\u00f3n con su poblaci\u00f3n? - Converses a Catalunya","isPartOf":{"@id":"https:\/\/conversesacatalunya.cat\/#website"},"primaryImageOfPage":{"@id":"https:\/\/conversesacatalunya.cat\/es\/por-que-espana-es-el-primer-pais-del-mundo-en-muertos-en-relacion-con-su-poblacion\/#primaryimage"},"image":{"@id":"https:\/\/conversesacatalunya.cat\/es\/por-que-espana-es-el-primer-pais-del-mundo-en-muertos-en-relacion-con-su-poblacion\/#primaryimage"},"thumbnailUrl":"https:\/\/conversesacatalunya.cat\/wp-content\/uploads\/2020\/04\/coronavirus-10-1.jpg","datePublished":"2020-04-09T09:57:20+00:00","author":{"@id":"https:\/\/conversesacatalunya.cat\/#\/schema\/person\/7e24d1e54a2785373ddcb275eae5ed99"},"breadcrumb":{"@id":"https:\/\/conversesacatalunya.cat\/es\/por-que-espana-es-el-primer-pais-del-mundo-en-muertos-en-relacion-con-su-poblacion\/#breadcrumb"},"inLanguage":"es","potentialAction":[{"@type":"ReadAction","target":["https:\/\/conversesacatalunya.cat\/es\/por-que-espana-es-el-primer-pais-del-mundo-en-muertos-en-relacion-con-su-poblacion\/"]}]},{"@type":"ImageObject","inLanguage":"es","@id":"https:\/\/conversesacatalunya.cat\/es\/por-que-espana-es-el-primer-pais-del-mundo-en-muertos-en-relacion-con-su-poblacion\/#primaryimage","url":"https:\/\/conversesacatalunya.cat\/wp-content\/uploads\/2020\/04\/coronavirus-10-1.jpg","contentUrl":"https:\/\/conversesacatalunya.cat\/wp-content\/uploads\/2020\/04\/coronavirus-10-1.jpg","width":950,"height":534,"caption":"muertos coronavirus"},{"@type":"BreadcrumbList","@id":"https:\/\/conversesacatalunya.cat\/es\/por-que-espana-es-el-primer-pais-del-mundo-en-muertos-en-relacion-con-su-poblacion\/#breadcrumb","itemListElement":[{"@type":"ListItem","position":1,"name":"Inici","item":"https:\/\/conversesacatalunya.cat\/es\/"},{"@type":"ListItem","position":2,"name":"\u00bfPor qu\u00e9 Espa\u00f1a es el primer pa\u00eds del mundo en muertos en relaci\u00f3n con su poblaci\u00f3n?"}]},{"@type":"WebSite","@id":"https:\/\/conversesacatalunya.cat\/#website","url":"https:\/\/conversesacatalunya.cat\/","name":"Converses a Catalunya","description":"","potentialAction":[{"@type":"SearchAction","target":{"@type":"EntryPoint","urlTemplate":"https:\/\/conversesacatalunya.cat\/?s={search_term_string}"},"query-input":{"@type":"PropertyValueSpecification","valueRequired":true,"valueName":"search_term_string"}}],"inLanguage":"es"},{"@type":"Person","@id":"https:\/\/conversesacatalunya.cat\/#\/schema\/person\/7e24d1e54a2785373ddcb275eae5ed99","name":"conversesacatalunya","image":{"@type":"ImageObject","inLanguage":"es","@id":"https:\/\/conversesacatalunya.cat\/#\/schema\/person\/image\/","url":"https:\/\/conversesacatalunya.cat\/wp-content\/litespeed\/avatar\/febdfeeec89d950f01c748045a981dd2.jpg?ver=1777314535","contentUrl":"https:\/\/conversesacatalunya.cat\/wp-content\/litespeed\/avatar\/febdfeeec89d950f01c748045a981dd2.jpg?ver=1777314535","caption":"conversesacatalunya"},"url":"https:\/\/conversesacatalunya.cat\/es\/author\/carme_catala\/"}]}},"wps_subtitle":"","_links":{"self":[{"href":"https:\/\/conversesacatalunya.cat\/es\/wp-json\/wp\/v2\/posts\/34736","targetHints":{"allow":["GET"]}}],"collection":[{"href":"https:\/\/conversesacatalunya.cat\/es\/wp-json\/wp\/v2\/posts"}],"about":[{"href":"https:\/\/conversesacatalunya.cat\/es\/wp-json\/wp\/v2\/types\/post"}],"author":[{"embeddable":true,"href":"https:\/\/conversesacatalunya.cat\/es\/wp-json\/wp\/v2\/users\/2"}],"replies":[{"embeddable":true,"href":"https:\/\/conversesacatalunya.cat\/es\/wp-json\/wp\/v2\/comments?post=34736"}],"version-history":[{"count":1,"href":"https:\/\/conversesacatalunya.cat\/es\/wp-json\/wp\/v2\/posts\/34736\/revisions"}],"predecessor-version":[{"id":34750,"href":"https:\/\/conversesacatalunya.cat\/es\/wp-json\/wp\/v2\/posts\/34736\/revisions\/34750"}],"wp:featuredmedia":[{"embeddable":true,"href":"https:\/\/conversesacatalunya.cat\/es\/wp-json\/wp\/v2\/media\/34748"}],"wp:attachment":[{"href":"https:\/\/conversesacatalunya.cat\/es\/wp-json\/wp\/v2\/media?parent=34736"}],"wp:term":[{"taxonomy":"category","embeddable":true,"href":"https:\/\/conversesacatalunya.cat\/es\/wp-json\/wp\/v2\/categories?post=34736"},{"taxonomy":"post_tag","embeddable":true,"href":"https:\/\/conversesacatalunya.cat\/es\/wp-json\/wp\/v2\/tags?post=34736"}],"curies":[{"name":"wp","href":"https:\/\/api.w.org\/{rel}","templated":true}]}}