{"id":34724,"date":"2020-04-09T09:58:34","date_gmt":"2020-04-09T07:58:34","guid":{"rendered":"https:\/\/conversesacatalunya.cat\/la-gestio-politica-del-covid-19\/"},"modified":"2020-04-09T13:05:43","modified_gmt":"2020-04-09T11:05:43","slug":"la-gestion-politica-del-covid-19","status":"publish","type":"post","link":"https:\/\/conversesacatalunya.cat\/es\/la-gestion-politica-del-covid-19\/","title":{"rendered":"La gesti\u00f3n pol\u00edtica del COVID-19"},"content":{"rendered":"<p><span class=\"notranslate\">Tras el arranque en pendiente vertical y del per\u00edodo de desaceleraci\u00f3n, ahora esperamos que la curva de crecimiento de infectados por la Covid-19 se estanque (durante 10 o 15 d\u00edas seg\u00fan la experiencia de China e Italia), y luego comience a bajar.<\/span>\u00a0<span class=\"notranslate\">El freno del crecimiento y el descenso del n\u00famero diario de muertes ser\u00e1n el resultado de las medidas que se empezaron a tomar a mediados de marzo.<\/span>\u00a0<span class=\"notranslate\">Estas medidas se habr\u00edan podido adoptar antes si se hubiera hecho caso a los consejos de m\u00e9dicos especialistas como el doctor\u00a0<strong>Oriol Mitj\u00e0,<\/strong>\u00a0que a principios de febrero ya propon\u00eda la cancelaci\u00f3n del\u00a0<em>Mobile Congress<\/em>\u00a0de Barcelona, en un momento en que pr\u00e1cticamente todo el mundo la consideraba injustificada.<\/span>\u00a0<span class=\"notranslate\">Mas adelante, los pol\u00edticos que hicieron caso a los cient\u00edficos, como el\u00a0<strong>Presidente Torra,<\/strong> acertaron mejor el diagn\u00f3stico de lo que hab\u00eda que hacerse.<\/span><\/p>\n<p><span class=\"notranslate\">En palabras del doctor Oriol Mitj\u00e0 <strong>ha habido tres errores en la gesti\u00f3n del Covid-19:<\/strong>\u00a0<strong>primero,<\/strong>\u00a0una incapacidad para hacer previsiones;<\/span>\u00a0<span class=\"notranslate\"><strong>segundo,<\/strong>\u00a0un error de comunicaci\u00f3n, que ha sido opaca y ha perjudicado a los gestores y planificadores sanitarios para poderse preparar y tomar decisiones antes de que llegara la crisis y no durante;<\/span>\u00a0<span class=\"notranslate\">y\u00a0<strong>tercero,<\/strong>\u00a0las dudas a la hora de tomar decisiones cr\u00edticas, cuando hab\u00eda que ser taxativos y ejecutar los planes sin perder tiempo en reuniones y dubitaciones.<\/span><\/p>\n<p><span class=\"notranslate\">Se debe hacer referencia tambi\u00e9n al grave error gubernamental de no querer suspender las manifestaciones y\u00a0<strong>concentraciones feministas del 8 de marzo,<\/strong>\u00a0a pesar de que en las fechas previas el gobierno ya ten\u00eda que tener suficientes indicios de los riesgos que aquellas supon\u00edan.<\/span>\u00a0<span class=\"notranslate\">En este caso los gobernantes fallaron rotundamente en el orden de prioridades a seguir.<\/span>\u00a0<span class=\"notranslate\">Ser\u00eda de agradecer un poco de autocr\u00edtica de los responsables pol\u00edticos en este punto.<\/span>\u00a0<span class=\"notranslate\">Los gobiernos tienen la informaci\u00f3n, tienen los medios, y tienen el deber de ser previsores, y adoptar las medidas necesarias aunque estas de entrada sean impopulares.<\/span>\u00a0<span class=\"notranslate\"><strong>Los ciudadanos somos lo suficientemente inteligentes para saber valorar y recompensar a los pol\u00edticos valientes que hacen lo que se debe hacer al margen de las encuestas y de las ondulaciones de la opini\u00f3n p\u00fablica.<\/strong><\/span><\/p>\n<p><span class=\"notranslate\">El gobierno espa\u00f1ol, que se otorg\u00f3 la m\u00e1xima responsabilidad en la gesti\u00f3n de la crisis, inicialmente dud\u00f3 sobre el orden de prioridades a seguir.<\/span>\u00a0<span class=\"notranslate\">Despu\u00e9s adopt\u00f3 las medidas extremas que propon\u00edan los m\u00e9dicos, y parece que as\u00ed se habr\u00e1 podido amortiguar un colapso descomunal del sistema sanitario, y evitar muchas m\u00e1s muertes.<\/span>\u00a0<span class=\"notranslate\">En este sentido, el informe del Imperial College de Londres de 30 de marzo sostiene que\u00a0<strong>las medidas de prevenci\u00f3n adoptadas en Espa\u00f1a habr\u00edan salvado la vida de 16.000 personas.<\/strong><\/span><\/p>\n<p><span class=\"notranslate\"><strong>Los presidentes del Reino Unido y de EEUU<\/strong> reaccionaron peor y m\u00e1s tarde, haciendo prevalecer criterios sin base cient\u00edfica o el superior inter\u00e9s de la econom\u00eda.\u00a0<\/span><span class=\"notranslate\">La primera respuesta del\u00a0<strong>gobierno brit\u00e1nico<\/strong>\u00a0a la pandemia era que hab\u00eda que dejar que\u00a0<strong>el virus fluyera de forma natural y generar inmunidad entre la poblaci\u00f3n.<\/strong><\/span>\u00a0<span class=\"notranslate\">Afortunadamente, los cient\u00edficos de sus respectivos pa\u00edses los han hecho rectificar.<\/span><\/p>\n<p><span class=\"notranslate\">El impacto econ\u00f3mico ser\u00e1 m\u00e1s o menos grave en funci\u00f3n de la duraci\u00f3n de la frenada.<\/span>\u00a0<span class=\"notranslate\">Con pol\u00edticas econ\u00f3micas acertadas y valientes, y\u00a0<strong>con un liderazgo pol\u00edtico fuerte, la situaci\u00f3n econ\u00f3mica se podr\u00e1 revertir.<\/strong><\/span>\u00a0<span class=\"notranslate\">Aunque habr\u00e1 los que en esta colada habr\u00e1n perdido unos cuantos s\u00e1banas Adem\u00e1s, el peque\u00f1o comercio, y los que habr\u00e1n aprovechado la crisis para crecer aun m\u00e1s r\u00e1pidamente, el comercio electr\u00f3nico. <\/span><span class=\"notranslate\">A partir de ahora estar\u00eda bien que los consumidores nos lo pens\u00e1ramos dos veces antes de hacer una compra electr\u00f3nica por pura comodidad, y que fu\u00e9ramos conscientes de que haciendo eso nos estamos cargando el tejido econ\u00f3mico y social, y por tanto, la vida de nuestros barrios , pueblos y ciudades.<\/span><\/p>\n<p><span class=\"notranslate\">En todo caso, creo que lo m\u00e1s importante es que\u00a0<strong>Occidente haya sido capaz de reaccionar adecuadamente y no haya ca\u00eddo en la tentaci\u00f3n de aceptar el sacrificio de una generaci\u00f3n de mayores,<\/strong>\u00a0a quienes debemos nuestra actual prosperidad, con el fin de evitar la crisis econ\u00f3mica.<\/span>\u00a0<span class=\"notranslate\">Esto hubiera supuesto una cat\u00e1strofe sanitaria inaceptable para nuestra civilizaci\u00f3n, y una derrota moral m\u00e1s grave que la propia crisis sanitaria y la consiguiente crisis econ\u00f3mica. <\/span><span class=\"notranslate\"><strong>Europa tiene suficiente potencial econ\u00f3mico y tecnol\u00f3gico para afrontar los retos que tenemos por delante,<\/strong>\u00a0si la respuesta son pol\u00edticas que busquen la cohesi\u00f3n social y el inter\u00e9s de los ciudadanos.<\/span>\u00a0<span class=\"notranslate\">Y si todos estamos dispuestos a sacrificarnos por el bien com\u00fan, como est\u00e1n haciendo en estos d\u00edas los profesionales de la sanidad, los verdaderos h\u00e9roes de este drama global.<\/span><\/p>\n<p><span class=\"notranslate\"><em>Publicado en el Diari de Girona, el 6 de abril de 2020<\/em><\/span><\/p>\n<p style=\"text-align: center;\"><a href=\"https:\/\/conversesacatalunya.cat\/es\/coronavirus\/\" target=\"_blank\" rel=\"noopener noreferrer\"><span class=\"notranslate\"><strong>M\u00e1s informaci\u00f3n ESPECIAL coronavirus<\/strong><\/span><\/a><\/p>\n<p><strong><span class='bctt-click-to-tweet'><span class='bctt-ctt-text'><a href='https:\/\/twitter.com\/intent\/tweet?url=https%3A%2F%2Fconversesacatalunya.cat%2Fes%2Fla-gestion-politica-del-covid-19%2F&#038;text=Los%20ciudadanos%20somos%20lo%20suficientemente%20inteligentes%20para%20saber%20valorar%20y%20recompensar%20a%20los%20pol%C3%ADticos%20valientes%20que%20hacen%20lo%20que%20se%20debe%20hacer%20al%20margen%20de%20las%20encuestas%20y%20de%20las%20ondulaciones%20de%20la%20opini%C3%B3n%20p%C3%BAblica.&#038;via=conversesacat&#038;related=conversesacat' target='_blank'rel=\"noopener noreferrer\">Los ciudadanos somos lo suficientemente inteligentes para saber valorar y recompensar a los pol\u00edticos valientes que hacen lo que se debe hacer al margen de las encuestas y de las ondulaciones de la opini\u00f3n p\u00fablica. <\/a><\/span><a href='https:\/\/twitter.com\/intent\/tweet?url=https%3A%2F%2Fconversesacatalunya.cat%2Fes%2Fla-gestion-politica-del-covid-19%2F&#038;text=Los%20ciudadanos%20somos%20lo%20suficientemente%20inteligentes%20para%20saber%20valorar%20y%20recompensar%20a%20los%20pol%C3%ADticos%20valientes%20que%20hacen%20lo%20que%20se%20debe%20hacer%20al%20margen%20de%20las%20encuestas%20y%20de%20las%20ondulaciones%20de%20la%20opini%C3%B3n%20p%C3%BAblica.&#038;via=conversesacat&#038;related=conversesacat' target='_blank' class='bctt-ctt-btn'rel=\"noopener noreferrer\">Compartir en X<\/a><\/span><\/strong><\/p>\n","protected":false},"excerpt":{"rendered":"<p>Tras el arranque en pendiente vertical y del per\u00edodo de desaceleraci\u00f3n, ahora esperamos que la curva de crecimiento de infectados por la Covid-19 se estanque (durante 10 o 15 d\u00edas seg\u00fan la experiencia de China e Italia), y luego comience a bajar.\u00a0El freno del crecimiento y el descenso del n\u00famero diario de muertes ser\u00e1n el resultado de las medidas que se empezaron a tomar a mediados de marzo.\u00a0Estas medidas se habr\u00edan podido adoptar antes si se hubiera hecho caso a los consejos de m\u00e9dicos especialistas como el doctor\u00a0Oriol Mitj\u00e0,\u00a0que a principios de febrero ya propon\u00eda la cancelaci\u00f3n del\u00a0Mobile Congress\u00a0de Barcelona, en un momento en que pr\u00e1cticamente todo el mundo la consideraba injustificada.\u00a0Mas adelante, los pol\u00edticos que hicieron caso a los cient\u00edficos, como el\u00a0Presidente Torra, acertaron mejor el diagn\u00f3stico de lo que hab\u00eda que hacerse. En palabras del doctor Oriol Mitj\u00e0 ha habido tres errores en la gesti\u00f3n del Covid-19:\u00a0primero,\u00a0una incapacidad para hacer previsiones;\u00a0segundo,\u00a0un error de comunicaci\u00f3n, que ha sido opaca y ha perjudicado a los gestores y planificadores sanitarios para poderse preparar y tomar decisiones antes de que llegara la crisis y no durante;\u00a0y\u00a0tercero,\u00a0las dudas a la hora de tomar decisiones cr\u00edticas, cuando hab\u00eda que ser taxativos y ejecutar los planes sin perder tiempo en reuniones y dubitaciones. Se debe hacer referencia tambi\u00e9n al grave error gubernamental de no querer suspender las manifestaciones y\u00a0concentraciones feministas del 8 de marzo,\u00a0a pesar de que en las fechas previas el gobierno ya ten\u00eda que tener suficientes indicios de los riesgos que aquellas supon\u00edan.\u00a0En este caso los gobernantes fallaron rotundamente en el orden de prioridades a seguir.\u00a0Ser\u00eda de agradecer un poco de autocr\u00edtica de los responsables pol\u00edticos en este punto.\u00a0Los gobiernos tienen la informaci\u00f3n, tienen los medios, y tienen el deber de ser previsores, y adoptar las medidas necesarias aunque estas de entrada sean impopulares.\u00a0Los ciudadanos somos lo suficientemente inteligentes para saber valorar y recompensar a los pol\u00edticos valientes que hacen lo que se debe hacer al margen de las encuestas y de las ondulaciones de la opini\u00f3n p\u00fablica. El gobierno espa\u00f1ol, que se otorg\u00f3 la m\u00e1xima responsabilidad en la gesti\u00f3n de la crisis, inicialmente dud\u00f3 sobre el orden de prioridades a seguir.\u00a0Despu\u00e9s adopt\u00f3 las medidas extremas que propon\u00edan los m\u00e9dicos, y parece que as\u00ed se habr\u00e1 podido amortiguar un colapso descomunal del sistema sanitario, y evitar muchas m\u00e1s muertes.\u00a0En este sentido, el informe del Imperial College de Londres de 30 de marzo sostiene que\u00a0las medidas de prevenci\u00f3n adoptadas en Espa\u00f1a habr\u00edan salvado la vida de 16.000 personas. Los presidentes del Reino Unido y de EEUU reaccionaron peor y m\u00e1s tarde, haciendo prevalecer criterios sin base cient\u00edfica o el superior inter\u00e9s de la econom\u00eda.\u00a0La primera respuesta del\u00a0gobierno brit\u00e1nico\u00a0a la pandemia era que hab\u00eda que dejar que\u00a0el virus fluyera de forma natural y generar inmunidad entre la poblaci\u00f3n.\u00a0Afortunadamente, los cient\u00edficos de sus respectivos pa\u00edses los han hecho rectificar. El impacto econ\u00f3mico ser\u00e1 m\u00e1s o menos grave en funci\u00f3n de la duraci\u00f3n de la frenada.\u00a0Con pol\u00edticas econ\u00f3micas acertadas y valientes, y\u00a0con un liderazgo pol\u00edtico fuerte, la situaci\u00f3n econ\u00f3mica se podr\u00e1 revertir.\u00a0Aunque habr\u00e1 los que en esta colada habr\u00e1n perdido unos cuantos s\u00e1banas Adem\u00e1s, el peque\u00f1o comercio, y los que habr\u00e1n aprovechado la crisis para crecer aun m\u00e1s r\u00e1pidamente, el comercio electr\u00f3nico. A partir de ahora estar\u00eda bien que los consumidores nos lo pens\u00e1ramos dos veces antes de hacer una compra electr\u00f3nica por pura comodidad, y que fu\u00e9ramos conscientes de que haciendo eso nos estamos cargando el tejido econ\u00f3mico y social, y por tanto, la vida de nuestros barrios , pueblos y ciudades. En todo caso, creo que lo m\u00e1s importante es que\u00a0Occidente haya sido capaz de reaccionar adecuadamente y no haya ca\u00eddo en la tentaci\u00f3n de aceptar el sacrificio de una generaci\u00f3n de mayores,\u00a0a quienes debemos nuestra actual prosperidad, con el fin de evitar la crisis econ\u00f3mica.\u00a0Esto hubiera supuesto una cat\u00e1strofe sanitaria inaceptable para nuestra civilizaci\u00f3n, y una derrota moral m\u00e1s grave que la propia crisis sanitaria y la consiguiente crisis econ\u00f3mica. Europa tiene suficiente potencial econ\u00f3mico y tecnol\u00f3gico para afrontar los retos que tenemos por delante,\u00a0si la respuesta son pol\u00edticas que busquen la cohesi\u00f3n social y el inter\u00e9s de los ciudadanos.\u00a0Y si todos estamos dispuestos a sacrificarnos por el bien com\u00fan, como est\u00e1n haciendo en estos d\u00edas los profesionales de la sanidad, los verdaderos h\u00e9roes de este drama global. Publicado en el Diari de Girona, el 6 de abril de 2020 M\u00e1s informaci\u00f3n ESPECIAL coronavirus<\/p>\n","protected":false},"author":6,"featured_media":34719,"comment_status":"open","ping_status":"open","sticky":false,"template":"","format":"standard","meta":{"_FSMCFIC_featured_image_caption":"","_FSMCFIC_featured_image_nocaption":"","_FSMCFIC_featured_image_hide":"","footnotes":""},"categories":[1772,801],"tags":[1913,875,2084,2083],"class_list":["post-34724","post","type-post","status-publish","format-standard","has-post-thumbnail","hentry","category-especial-coronavirus-es","category-veritas-in-caritate-es","tag-covid-19-es","tag-europa-es","tag-occidente","tag-president-torra-es"],"yoast_head":"<!-- This site is optimized with the Yoast SEO plugin v26.8 - https:\/\/yoast.com\/product\/yoast-seo-wordpress\/ -->\n<title>La gesti\u00f3n pol\u00edtica del COVID-19 - Converses a Catalunya<\/title>\n<meta name=\"robots\" content=\"noindex, nofollow\" \/>\n<meta property=\"og:locale\" content=\"es_ES\" \/>\n<meta property=\"og:type\" content=\"article\" \/>\n<meta property=\"og:title\" content=\"La gesti\u00f3n pol\u00edtica del COVID-19 - Converses a Catalunya\" \/>\n<meta property=\"og:description\" content=\"Tras el arranque en pendiente vertical y del per\u00edodo de desaceleraci\u00f3n, ahora esperamos que la curva de crecimiento de infectados por la Covid-19 se estanque (durante 10 o 15 d\u00edas seg\u00fan la experiencia de China e Italia), y luego comience a bajar.\u00a0El freno del crecimiento y el descenso del n\u00famero diario de muertes ser\u00e1n el resultado de las medidas que se empezaron a tomar a mediados de marzo.\u00a0Estas medidas se habr\u00edan podido adoptar antes si se hubiera hecho caso a los consejos de m\u00e9dicos especialistas como el doctor\u00a0Oriol Mitj\u00e0,\u00a0que a principios de febrero ya propon\u00eda la cancelaci\u00f3n del\u00a0Mobile Congress\u00a0de Barcelona, en un momento en que pr\u00e1cticamente todo el mundo la consideraba injustificada.\u00a0Mas adelante, los pol\u00edticos que hicieron caso a los cient\u00edficos, como el\u00a0Presidente Torra, acertaron mejor el diagn\u00f3stico de lo que hab\u00eda que hacerse. En palabras del doctor Oriol Mitj\u00e0 ha habido tres errores en la gesti\u00f3n del Covid-19:\u00a0primero,\u00a0una incapacidad para hacer previsiones;\u00a0segundo,\u00a0un error de comunicaci\u00f3n, que ha sido opaca y ha perjudicado a los gestores y planificadores sanitarios para poderse preparar y tomar decisiones antes de que llegara la crisis y no durante;\u00a0y\u00a0tercero,\u00a0las dudas a la hora de tomar decisiones cr\u00edticas, cuando hab\u00eda que ser taxativos y ejecutar los planes sin perder tiempo en reuniones y dubitaciones. Se debe hacer referencia tambi\u00e9n al grave error gubernamental de no querer suspender las manifestaciones y\u00a0concentraciones feministas del 8 de marzo,\u00a0a pesar de que en las fechas previas el gobierno ya ten\u00eda que tener suficientes indicios de los riesgos que aquellas supon\u00edan.\u00a0En este caso los gobernantes fallaron rotundamente en el orden de prioridades a seguir.\u00a0Ser\u00eda de agradecer un poco de autocr\u00edtica de los responsables pol\u00edticos en este punto.\u00a0Los gobiernos tienen la informaci\u00f3n, tienen los medios, y tienen el deber de ser previsores, y adoptar las medidas necesarias aunque estas de entrada sean impopulares.\u00a0Los ciudadanos somos lo suficientemente inteligentes para saber valorar y recompensar a los pol\u00edticos valientes que hacen lo que se debe hacer al margen de las encuestas y de las ondulaciones de la opini\u00f3n p\u00fablica. El gobierno espa\u00f1ol, que se otorg\u00f3 la m\u00e1xima responsabilidad en la gesti\u00f3n de la crisis, inicialmente dud\u00f3 sobre el orden de prioridades a seguir.\u00a0Despu\u00e9s adopt\u00f3 las medidas extremas que propon\u00edan los m\u00e9dicos, y parece que as\u00ed se habr\u00e1 podido amortiguar un colapso descomunal del sistema sanitario, y evitar muchas m\u00e1s muertes.\u00a0En este sentido, el informe del Imperial College de Londres de 30 de marzo sostiene que\u00a0las medidas de prevenci\u00f3n adoptadas en Espa\u00f1a habr\u00edan salvado la vida de 16.000 personas. Los presidentes del Reino Unido y de EEUU reaccionaron peor y m\u00e1s tarde, haciendo prevalecer criterios sin base cient\u00edfica o el superior inter\u00e9s de la econom\u00eda.\u00a0La primera respuesta del\u00a0gobierno brit\u00e1nico\u00a0a la pandemia era que hab\u00eda que dejar que\u00a0el virus fluyera de forma natural y generar inmunidad entre la poblaci\u00f3n.\u00a0Afortunadamente, los cient\u00edficos de sus respectivos pa\u00edses los han hecho rectificar. El impacto econ\u00f3mico ser\u00e1 m\u00e1s o menos grave en funci\u00f3n de la duraci\u00f3n de la frenada.\u00a0Con pol\u00edticas econ\u00f3micas acertadas y valientes, y\u00a0con un liderazgo pol\u00edtico fuerte, la situaci\u00f3n econ\u00f3mica se podr\u00e1 revertir.\u00a0Aunque habr\u00e1 los que en esta colada habr\u00e1n perdido unos cuantos s\u00e1banas Adem\u00e1s, el peque\u00f1o comercio, y los que habr\u00e1n aprovechado la crisis para crecer aun m\u00e1s r\u00e1pidamente, el comercio electr\u00f3nico. A partir de ahora estar\u00eda bien que los consumidores nos lo pens\u00e1ramos dos veces antes de hacer una compra electr\u00f3nica por pura comodidad, y que fu\u00e9ramos conscientes de que haciendo eso nos estamos cargando el tejido econ\u00f3mico y social, y por tanto, la vida de nuestros barrios , pueblos y ciudades. En todo caso, creo que lo m\u00e1s importante es que\u00a0Occidente haya sido capaz de reaccionar adecuadamente y no haya ca\u00eddo en la tentaci\u00f3n de aceptar el sacrificio de una generaci\u00f3n de mayores,\u00a0a quienes debemos nuestra actual prosperidad, con el fin de evitar la crisis econ\u00f3mica.\u00a0Esto hubiera supuesto una cat\u00e1strofe sanitaria inaceptable para nuestra civilizaci\u00f3n, y una derrota moral m\u00e1s grave que la propia crisis sanitaria y la consiguiente crisis econ\u00f3mica. Europa tiene suficiente potencial econ\u00f3mico y tecnol\u00f3gico para afrontar los retos que tenemos por delante,\u00a0si la respuesta son pol\u00edticas que busquen la cohesi\u00f3n social y el inter\u00e9s de los ciudadanos.\u00a0Y si todos estamos dispuestos a sacrificarnos por el bien com\u00fan, como est\u00e1n haciendo en estos d\u00edas los profesionales de la sanidad, los verdaderos h\u00e9roes de este drama global. Publicado en el Diari de Girona, el 6 de abril de 2020 M\u00e1s informaci\u00f3n ESPECIAL coronavirus\" \/>\n<meta property=\"og:url\" content=\"https:\/\/conversesacatalunya.cat\/es\/la-gestion-politica-del-covid-19\/\" \/>\n<meta property=\"og:site_name\" content=\"Converses a Catalunya\" \/>\n<meta property=\"article:published_time\" content=\"2020-04-09T07:58:34+00:00\" \/>\n<meta property=\"article:modified_time\" content=\"2020-04-09T11:05:43+00:00\" \/>\n<meta property=\"og:image\" content=\"https:\/\/conversesacatalunya.cat\/wp-content\/uploads\/2020\/04\/Illa.jpg\" \/>\n\t<meta property=\"og:image:width\" content=\"768\" \/>\n\t<meta property=\"og:image:height\" content=\"512\" \/>\n\t<meta property=\"og:image:type\" content=\"image\/jpeg\" \/>\n<meta name=\"author\" content=\"Carles Ros Arpa\" \/>\n<meta name=\"twitter:card\" content=\"summary_large_image\" \/>\n<meta name=\"twitter:label1\" content=\"Escrito por\" \/>\n\t<meta name=\"twitter:data1\" content=\"Carles Ros Arpa\" \/>\n\t<meta name=\"twitter:label2\" content=\"Tiempo de lectura\" \/>\n\t<meta name=\"twitter:data2\" content=\"4 minutos\" \/>\n<script type=\"application\/ld+json\" class=\"yoast-schema-graph\">{\"@context\":\"https:\/\/schema.org\",\"@graph\":[{\"@type\":\"Article\",\"@id\":\"https:\/\/conversesacatalunya.cat\/es\/la-gestion-politica-del-covid-19\/#article\",\"isPartOf\":{\"@id\":\"https:\/\/conversesacatalunya.cat\/es\/la-gestion-politica-del-covid-19\/\"},\"author\":{\"name\":\"Carles Ros Arpa\",\"@id\":\"https:\/\/conversesacatalunya.cat\/#\/schema\/person\/158977e8a6f4c10be20fb1e30375371b\"},\"headline\":\"La gesti\u00f3n pol\u00edtica del COVID-19\",\"datePublished\":\"2020-04-09T07:58:34+00:00\",\"dateModified\":\"2020-04-09T11:05:43+00:00\",\"mainEntityOfPage\":{\"@id\":\"https:\/\/conversesacatalunya.cat\/es\/la-gestion-politica-del-covid-19\/\"},\"wordCount\":898,\"commentCount\":0,\"image\":{\"@id\":\"https:\/\/conversesacatalunya.cat\/es\/la-gestion-politica-del-covid-19\/#primaryimage\"},\"thumbnailUrl\":\"https:\/\/conversesacatalunya.cat\/wp-content\/uploads\/2020\/04\/Illa.jpg\",\"keywords\":[\"Covid-19\",\"Europa\",\"occidente\",\"President Torra\"],\"articleSection\":[\"Especial Coronavirus (ES)\",\"Veritas in caritate (ES)\"],\"inLanguage\":\"es\",\"potentialAction\":[{\"@type\":\"CommentAction\",\"name\":\"Comment\",\"target\":[\"https:\/\/conversesacatalunya.cat\/es\/la-gestion-politica-del-covid-19\/#respond\"]}]},{\"@type\":\"WebPage\",\"@id\":\"https:\/\/conversesacatalunya.cat\/es\/la-gestion-politica-del-covid-19\/\",\"url\":\"https:\/\/conversesacatalunya.cat\/es\/la-gestion-politica-del-covid-19\/\",\"name\":\"La gesti\u00f3n pol\u00edtica del COVID-19 - Converses a Catalunya\",\"isPartOf\":{\"@id\":\"https:\/\/conversesacatalunya.cat\/#website\"},\"primaryImageOfPage\":{\"@id\":\"https:\/\/conversesacatalunya.cat\/es\/la-gestion-politica-del-covid-19\/#primaryimage\"},\"image\":{\"@id\":\"https:\/\/conversesacatalunya.cat\/es\/la-gestion-politica-del-covid-19\/#primaryimage\"},\"thumbnailUrl\":\"https:\/\/conversesacatalunya.cat\/wp-content\/uploads\/2020\/04\/Illa.jpg\",\"datePublished\":\"2020-04-09T07:58:34+00:00\",\"dateModified\":\"2020-04-09T11:05:43+00:00\",\"author\":{\"@id\":\"https:\/\/conversesacatalunya.cat\/#\/schema\/person\/158977e8a6f4c10be20fb1e30375371b\"},\"breadcrumb\":{\"@id\":\"https:\/\/conversesacatalunya.cat\/es\/la-gestion-politica-del-covid-19\/#breadcrumb\"},\"inLanguage\":\"es\",\"potentialAction\":[{\"@type\":\"ReadAction\",\"target\":[\"https:\/\/conversesacatalunya.cat\/es\/la-gestion-politica-del-covid-19\/\"]}]},{\"@type\":\"ImageObject\",\"inLanguage\":\"es\",\"@id\":\"https:\/\/conversesacatalunya.cat\/es\/la-gestion-politica-del-covid-19\/#primaryimage\",\"url\":\"https:\/\/conversesacatalunya.cat\/wp-content\/uploads\/2020\/04\/Illa.jpg\",\"contentUrl\":\"https:\/\/conversesacatalunya.cat\/wp-content\/uploads\/2020\/04\/Illa.jpg\",\"width\":768,\"height\":512},{\"@type\":\"BreadcrumbList\",\"@id\":\"https:\/\/conversesacatalunya.cat\/es\/la-gestion-politica-del-covid-19\/#breadcrumb\",\"itemListElement\":[{\"@type\":\"ListItem\",\"position\":1,\"name\":\"Inici\",\"item\":\"https:\/\/conversesacatalunya.cat\/es\/\"},{\"@type\":\"ListItem\",\"position\":2,\"name\":\"La gesti\u00f3n pol\u00edtica del COVID-19\"}]},{\"@type\":\"WebSite\",\"@id\":\"https:\/\/conversesacatalunya.cat\/#website\",\"url\":\"https:\/\/conversesacatalunya.cat\/\",\"name\":\"Converses a Catalunya\",\"description\":\"\",\"potentialAction\":[{\"@type\":\"SearchAction\",\"target\":{\"@type\":\"EntryPoint\",\"urlTemplate\":\"https:\/\/conversesacatalunya.cat\/?s={search_term_string}\"},\"query-input\":{\"@type\":\"PropertyValueSpecification\",\"valueRequired\":true,\"valueName\":\"search_term_string\"}}],\"inLanguage\":\"es\"},{\"@type\":\"Person\",\"@id\":\"https:\/\/conversesacatalunya.cat\/#\/schema\/person\/158977e8a6f4c10be20fb1e30375371b\",\"name\":\"Carles Ros Arpa\",\"image\":{\"@type\":\"ImageObject\",\"inLanguage\":\"es\",\"@id\":\"https:\/\/conversesacatalunya.cat\/#\/schema\/person\/image\/\",\"url\":\"https:\/\/conversesacatalunya.cat\/wp-content\/litespeed\/avatar\/ba530fe068c88283940054d0b5ea1f09.jpg?ver=1777376928\",\"contentUrl\":\"https:\/\/conversesacatalunya.cat\/wp-content\/litespeed\/avatar\/ba530fe068c88283940054d0b5ea1f09.jpg?ver=1777376928\",\"caption\":\"Carles Ros Arpa\"},\"url\":\"https:\/\/conversesacatalunya.cat\/es\/author\/carles-ros-arpa\/\"}]}<\/script>\n<!-- \/ Yoast SEO plugin. -->","yoast_head_json":{"title":"La gesti\u00f3n pol\u00edtica del COVID-19 - Converses a Catalunya","robots":{"index":"noindex","follow":"nofollow"},"og_locale":"es_ES","og_type":"article","og_title":"La gesti\u00f3n pol\u00edtica del COVID-19 - Converses a Catalunya","og_description":"Tras el arranque en pendiente vertical y del per\u00edodo de desaceleraci\u00f3n, ahora esperamos que la curva de crecimiento de infectados por la Covid-19 se estanque (durante 10 o 15 d\u00edas seg\u00fan la experiencia de China e Italia), y luego comience a bajar.\u00a0El freno del crecimiento y el descenso del n\u00famero diario de muertes ser\u00e1n el resultado de las medidas que se empezaron a tomar a mediados de marzo.\u00a0Estas medidas se habr\u00edan podido adoptar antes si se hubiera hecho caso a los consejos de m\u00e9dicos especialistas como el doctor\u00a0Oriol Mitj\u00e0,\u00a0que a principios de febrero ya propon\u00eda la cancelaci\u00f3n del\u00a0Mobile Congress\u00a0de Barcelona, en un momento en que pr\u00e1cticamente todo el mundo la consideraba injustificada.\u00a0Mas adelante, los pol\u00edticos que hicieron caso a los cient\u00edficos, como el\u00a0Presidente Torra, acertaron mejor el diagn\u00f3stico de lo que hab\u00eda que hacerse. En palabras del doctor Oriol Mitj\u00e0 ha habido tres errores en la gesti\u00f3n del Covid-19:\u00a0primero,\u00a0una incapacidad para hacer previsiones;\u00a0segundo,\u00a0un error de comunicaci\u00f3n, que ha sido opaca y ha perjudicado a los gestores y planificadores sanitarios para poderse preparar y tomar decisiones antes de que llegara la crisis y no durante;\u00a0y\u00a0tercero,\u00a0las dudas a la hora de tomar decisiones cr\u00edticas, cuando hab\u00eda que ser taxativos y ejecutar los planes sin perder tiempo en reuniones y dubitaciones. Se debe hacer referencia tambi\u00e9n al grave error gubernamental de no querer suspender las manifestaciones y\u00a0concentraciones feministas del 8 de marzo,\u00a0a pesar de que en las fechas previas el gobierno ya ten\u00eda que tener suficientes indicios de los riesgos que aquellas supon\u00edan.\u00a0En este caso los gobernantes fallaron rotundamente en el orden de prioridades a seguir.\u00a0Ser\u00eda de agradecer un poco de autocr\u00edtica de los responsables pol\u00edticos en este punto.\u00a0Los gobiernos tienen la informaci\u00f3n, tienen los medios, y tienen el deber de ser previsores, y adoptar las medidas necesarias aunque estas de entrada sean impopulares.\u00a0Los ciudadanos somos lo suficientemente inteligentes para saber valorar y recompensar a los pol\u00edticos valientes que hacen lo que se debe hacer al margen de las encuestas y de las ondulaciones de la opini\u00f3n p\u00fablica. El gobierno espa\u00f1ol, que se otorg\u00f3 la m\u00e1xima responsabilidad en la gesti\u00f3n de la crisis, inicialmente dud\u00f3 sobre el orden de prioridades a seguir.\u00a0Despu\u00e9s adopt\u00f3 las medidas extremas que propon\u00edan los m\u00e9dicos, y parece que as\u00ed se habr\u00e1 podido amortiguar un colapso descomunal del sistema sanitario, y evitar muchas m\u00e1s muertes.\u00a0En este sentido, el informe del Imperial College de Londres de 30 de marzo sostiene que\u00a0las medidas de prevenci\u00f3n adoptadas en Espa\u00f1a habr\u00edan salvado la vida de 16.000 personas. Los presidentes del Reino Unido y de EEUU reaccionaron peor y m\u00e1s tarde, haciendo prevalecer criterios sin base cient\u00edfica o el superior inter\u00e9s de la econom\u00eda.\u00a0La primera respuesta del\u00a0gobierno brit\u00e1nico\u00a0a la pandemia era que hab\u00eda que dejar que\u00a0el virus fluyera de forma natural y generar inmunidad entre la poblaci\u00f3n.\u00a0Afortunadamente, los cient\u00edficos de sus respectivos pa\u00edses los han hecho rectificar. El impacto econ\u00f3mico ser\u00e1 m\u00e1s o menos grave en funci\u00f3n de la duraci\u00f3n de la frenada.\u00a0Con pol\u00edticas econ\u00f3micas acertadas y valientes, y\u00a0con un liderazgo pol\u00edtico fuerte, la situaci\u00f3n econ\u00f3mica se podr\u00e1 revertir.\u00a0Aunque habr\u00e1 los que en esta colada habr\u00e1n perdido unos cuantos s\u00e1banas Adem\u00e1s, el peque\u00f1o comercio, y los que habr\u00e1n aprovechado la crisis para crecer aun m\u00e1s r\u00e1pidamente, el comercio electr\u00f3nico. A partir de ahora estar\u00eda bien que los consumidores nos lo pens\u00e1ramos dos veces antes de hacer una compra electr\u00f3nica por pura comodidad, y que fu\u00e9ramos conscientes de que haciendo eso nos estamos cargando el tejido econ\u00f3mico y social, y por tanto, la vida de nuestros barrios , pueblos y ciudades. En todo caso, creo que lo m\u00e1s importante es que\u00a0Occidente haya sido capaz de reaccionar adecuadamente y no haya ca\u00eddo en la tentaci\u00f3n de aceptar el sacrificio de una generaci\u00f3n de mayores,\u00a0a quienes debemos nuestra actual prosperidad, con el fin de evitar la crisis econ\u00f3mica.\u00a0Esto hubiera supuesto una cat\u00e1strofe sanitaria inaceptable para nuestra civilizaci\u00f3n, y una derrota moral m\u00e1s grave que la propia crisis sanitaria y la consiguiente crisis econ\u00f3mica. Europa tiene suficiente potencial econ\u00f3mico y tecnol\u00f3gico para afrontar los retos que tenemos por delante,\u00a0si la respuesta son pol\u00edticas que busquen la cohesi\u00f3n social y el inter\u00e9s de los ciudadanos.\u00a0Y si todos estamos dispuestos a sacrificarnos por el bien com\u00fan, como est\u00e1n haciendo en estos d\u00edas los profesionales de la sanidad, los verdaderos h\u00e9roes de este drama global. Publicado en el Diari de Girona, el 6 de abril de 2020 M\u00e1s informaci\u00f3n ESPECIAL coronavirus","og_url":"https:\/\/conversesacatalunya.cat\/es\/la-gestion-politica-del-covid-19\/","og_site_name":"Converses a Catalunya","article_published_time":"2020-04-09T07:58:34+00:00","article_modified_time":"2020-04-09T11:05:43+00:00","og_image":[{"width":768,"height":512,"url":"https:\/\/conversesacatalunya.cat\/wp-content\/uploads\/2020\/04\/Illa.jpg","type":"image\/jpeg"}],"author":"Carles Ros Arpa","twitter_card":"summary_large_image","twitter_misc":{"Escrito por":"Carles Ros Arpa","Tiempo de lectura":"4 minutos"},"schema":{"@context":"https:\/\/schema.org","@graph":[{"@type":"Article","@id":"https:\/\/conversesacatalunya.cat\/es\/la-gestion-politica-del-covid-19\/#article","isPartOf":{"@id":"https:\/\/conversesacatalunya.cat\/es\/la-gestion-politica-del-covid-19\/"},"author":{"name":"Carles Ros Arpa","@id":"https:\/\/conversesacatalunya.cat\/#\/schema\/person\/158977e8a6f4c10be20fb1e30375371b"},"headline":"La gesti\u00f3n pol\u00edtica del COVID-19","datePublished":"2020-04-09T07:58:34+00:00","dateModified":"2020-04-09T11:05:43+00:00","mainEntityOfPage":{"@id":"https:\/\/conversesacatalunya.cat\/es\/la-gestion-politica-del-covid-19\/"},"wordCount":898,"commentCount":0,"image":{"@id":"https:\/\/conversesacatalunya.cat\/es\/la-gestion-politica-del-covid-19\/#primaryimage"},"thumbnailUrl":"https:\/\/conversesacatalunya.cat\/wp-content\/uploads\/2020\/04\/Illa.jpg","keywords":["Covid-19","Europa","occidente","President Torra"],"articleSection":["Especial Coronavirus (ES)","Veritas in caritate (ES)"],"inLanguage":"es","potentialAction":[{"@type":"CommentAction","name":"Comment","target":["https:\/\/conversesacatalunya.cat\/es\/la-gestion-politica-del-covid-19\/#respond"]}]},{"@type":"WebPage","@id":"https:\/\/conversesacatalunya.cat\/es\/la-gestion-politica-del-covid-19\/","url":"https:\/\/conversesacatalunya.cat\/es\/la-gestion-politica-del-covid-19\/","name":"La gesti\u00f3n pol\u00edtica del COVID-19 - Converses a Catalunya","isPartOf":{"@id":"https:\/\/conversesacatalunya.cat\/#website"},"primaryImageOfPage":{"@id":"https:\/\/conversesacatalunya.cat\/es\/la-gestion-politica-del-covid-19\/#primaryimage"},"image":{"@id":"https:\/\/conversesacatalunya.cat\/es\/la-gestion-politica-del-covid-19\/#primaryimage"},"thumbnailUrl":"https:\/\/conversesacatalunya.cat\/wp-content\/uploads\/2020\/04\/Illa.jpg","datePublished":"2020-04-09T07:58:34+00:00","dateModified":"2020-04-09T11:05:43+00:00","author":{"@id":"https:\/\/conversesacatalunya.cat\/#\/schema\/person\/158977e8a6f4c10be20fb1e30375371b"},"breadcrumb":{"@id":"https:\/\/conversesacatalunya.cat\/es\/la-gestion-politica-del-covid-19\/#breadcrumb"},"inLanguage":"es","potentialAction":[{"@type":"ReadAction","target":["https:\/\/conversesacatalunya.cat\/es\/la-gestion-politica-del-covid-19\/"]}]},{"@type":"ImageObject","inLanguage":"es","@id":"https:\/\/conversesacatalunya.cat\/es\/la-gestion-politica-del-covid-19\/#primaryimage","url":"https:\/\/conversesacatalunya.cat\/wp-content\/uploads\/2020\/04\/Illa.jpg","contentUrl":"https:\/\/conversesacatalunya.cat\/wp-content\/uploads\/2020\/04\/Illa.jpg","width":768,"height":512},{"@type":"BreadcrumbList","@id":"https:\/\/conversesacatalunya.cat\/es\/la-gestion-politica-del-covid-19\/#breadcrumb","itemListElement":[{"@type":"ListItem","position":1,"name":"Inici","item":"https:\/\/conversesacatalunya.cat\/es\/"},{"@type":"ListItem","position":2,"name":"La gesti\u00f3n pol\u00edtica del COVID-19"}]},{"@type":"WebSite","@id":"https:\/\/conversesacatalunya.cat\/#website","url":"https:\/\/conversesacatalunya.cat\/","name":"Converses a Catalunya","description":"","potentialAction":[{"@type":"SearchAction","target":{"@type":"EntryPoint","urlTemplate":"https:\/\/conversesacatalunya.cat\/?s={search_term_string}"},"query-input":{"@type":"PropertyValueSpecification","valueRequired":true,"valueName":"search_term_string"}}],"inLanguage":"es"},{"@type":"Person","@id":"https:\/\/conversesacatalunya.cat\/#\/schema\/person\/158977e8a6f4c10be20fb1e30375371b","name":"Carles Ros Arpa","image":{"@type":"ImageObject","inLanguage":"es","@id":"https:\/\/conversesacatalunya.cat\/#\/schema\/person\/image\/","url":"https:\/\/conversesacatalunya.cat\/wp-content\/litespeed\/avatar\/ba530fe068c88283940054d0b5ea1f09.jpg?ver=1777376928","contentUrl":"https:\/\/conversesacatalunya.cat\/wp-content\/litespeed\/avatar\/ba530fe068c88283940054d0b5ea1f09.jpg?ver=1777376928","caption":"Carles Ros Arpa"},"url":"https:\/\/conversesacatalunya.cat\/es\/author\/carles-ros-arpa\/"}]}},"wps_subtitle":"","_links":{"self":[{"href":"https:\/\/conversesacatalunya.cat\/es\/wp-json\/wp\/v2\/posts\/34724","targetHints":{"allow":["GET"]}}],"collection":[{"href":"https:\/\/conversesacatalunya.cat\/es\/wp-json\/wp\/v2\/posts"}],"about":[{"href":"https:\/\/conversesacatalunya.cat\/es\/wp-json\/wp\/v2\/types\/post"}],"author":[{"embeddable":true,"href":"https:\/\/conversesacatalunya.cat\/es\/wp-json\/wp\/v2\/users\/6"}],"replies":[{"embeddable":true,"href":"https:\/\/conversesacatalunya.cat\/es\/wp-json\/wp\/v2\/comments?post=34724"}],"version-history":[{"count":5,"href":"https:\/\/conversesacatalunya.cat\/es\/wp-json\/wp\/v2\/posts\/34724\/revisions"}],"predecessor-version":[{"id":34760,"href":"https:\/\/conversesacatalunya.cat\/es\/wp-json\/wp\/v2\/posts\/34724\/revisions\/34760"}],"wp:featuredmedia":[{"embeddable":true,"href":"https:\/\/conversesacatalunya.cat\/es\/wp-json\/wp\/v2\/media\/34719"}],"wp:attachment":[{"href":"https:\/\/conversesacatalunya.cat\/es\/wp-json\/wp\/v2\/media?parent=34724"}],"wp:term":[{"taxonomy":"category","embeddable":true,"href":"https:\/\/conversesacatalunya.cat\/es\/wp-json\/wp\/v2\/categories?post=34724"},{"taxonomy":"post_tag","embeddable":true,"href":"https:\/\/conversesacatalunya.cat\/es\/wp-json\/wp\/v2\/tags?post=34724"}],"curies":[{"name":"wp","href":"https:\/\/api.w.org\/{rel}","templated":true}]}}