{"id":34698,"date":"2020-04-08T08:00:26","date_gmt":"2020-04-08T06:00:26","guid":{"rendered":"https:\/\/conversesacatalunya.cat\/el-coronavirus-posa-en-perill-a-lagricultura\/"},"modified":"2020-04-08T13:29:51","modified_gmt":"2020-04-08T11:29:51","slug":"el-coronavirus-golpea-letalmente-a-la-agricultura","status":"publish","type":"post","link":"https:\/\/conversesacatalunya.cat\/es\/el-coronavirus-golpea-letalmente-a-la-agricultura\/","title":{"rendered":"El Coronavirus golpea letalmente a la Agricultura"},"content":{"rendered":"<p>Con la llegada de la pandemia en Espa\u00f1a,\u00a0<strong>el campo necesita m\u00e1s de 100.000 jornaleros para garantizar las cosechas<\/strong>. La situaci\u00f3n del sector de la Agricultura se encuentra en una situaci\u00f3n cr\u00edtica por la falta de mano de obra y la ca\u00edda de la demanda del sector de la hosteler\u00eda. Para ello, y para evitar el desabastecimiento alimentario y el alza de precios en plena pandemia, el Consejo de Ministros ha aprobado un real decreto para incorporar de manera urgente m\u00e1s mano de obra. De esta manera las nuevas medidas flexibilizan<\/p>\n<p>Las medidas aprobadas, en cualquier caso, tienen como prioridad los parados. En concreto, se permitir\u00e1 compatibilizar la prestaci\u00f3n por desempleo o el cese de actividad de los aut\u00f3nomos, los subsidios agrarios o cualquier otra ayuda social o laboral con el trabajo en el campo.<\/p>\n<p>El Ministerio de Agricultura detalla que se podr\u00e1n beneficiar de la medida tambi\u00e9n los afectados por Expedientes de Regulaci\u00f3n Temporal de Empleo (ERTE), pero introduce una salvedad: excluye aquellos trabajadores cuya actividad se haya quedado suspendida a causa de la pandemia, es decir los afectados por ERTE vinculados a la Covid-19. Tampoco podr\u00e1n acogerse los aut\u00f3nomos que perciban la prestaci\u00f3n extraordinaria por cese de actividad que se puso en marcha para hacer frente a la crisis econ\u00f3mica desatada por la pandemia.<\/p>\n<span class='bctt-click-to-tweet'><span class='bctt-ctt-text'><a href='https:\/\/twitter.com\/intent\/tweet?url=https%3A%2F%2Fconversesacatalunya.cat%2Fes%2Fel-coronavirus-golpea-letalmente-a-la-agricultura%2F&#038;text=Con%20la%20llegada%20de%20la%20pandemia%20en%20Espa%C3%B1a%2C%20el%20campo%20necesita%20m%C3%A1s%20de%20100.000%20jornaleros%20para%20garantizar%20las%20cosechas&#038;via=conversesacat&#038;related=conversesacat' target='_blank'rel=\"noopener noreferrer\">Con la llegada de la pandemia en Espa\u00f1a, el campo necesita m\u00e1s de 100.000 jornaleros para garantizar las cosechas <\/a><\/span><a href='https:\/\/twitter.com\/intent\/tweet?url=https%3A%2F%2Fconversesacatalunya.cat%2Fes%2Fel-coronavirus-golpea-letalmente-a-la-agricultura%2F&#038;text=Con%20la%20llegada%20de%20la%20pandemia%20en%20Espa%C3%B1a%2C%20el%20campo%20necesita%20m%C3%A1s%20de%20100.000%20jornaleros%20para%20garantizar%20las%20cosechas&#038;via=conversesacat&#038;related=conversesacat' target='_blank' class='bctt-ctt-btn'rel=\"noopener noreferrer\">Compartir en X<\/a><\/span>\n<p>No hay mano de obra y los productos de temporada han dejado de ser demandados por los consumidores, que hacen acopio en sus hogares de alimentos duraderos. A este factor se suma la falta de medidas de protecci\u00f3n, demandas en estas semanas por los empresarios y trabajadores. Como consecuencia de las medidas adoptadas durante el Estado de Alarma, los agricultores no cuentan este a\u00f1o con la mano de obra procedente de Bulgaria o Ruman\u00eda.<\/p>\n<p>Cada temporada cientos de miles de trabajadores son contratados en origen y desplazados hasta nuestro pa\u00eds para trabajar en las campa\u00f1as de recogida y siembra.<strong>\u00a0Extremadura, Andaluc\u00eda, Valencia, Murcia, Arag\u00f3n y Catalu\u00f1a son las comunidades aut\u00f3nomas que m\u00e1s jornaleros demandan<\/strong>. Sin embargo, este a\u00f1o los empleados nunca llegaron, debido a las restricciones de movilidad que pronto se implantaron en Europa. Por ende el campo se ha quedado vac\u00edo y necesita urgentemente la incorporaci\u00f3n de entre 100.000 y 150.000 jornaleros para las campa\u00f1as de recogida y siembra.<\/p>\n<p>El problema es com\u00fan en otros pa\u00edses europeos, como Italia, Francia, Portugal o Alemania y la Comisi\u00f3n Europea ha pedido a los pa\u00edses miembros que establezcan procedimientos para permitir la llegada de trabajadores agr\u00edcolas de terceros pa\u00edses de forma segura.\u00a0 Alemania, por ejemplo, ya ha anunciado que relajar\u00e1 las restricciones de viaje a 80.000 temporeros de Polonia, Ruman\u00eda Bulgaria entre abril y mayo para asegurar su Agricultura. Adem\u00e1s, quiere atraer otros 10.000 trabajadores, incluidos desempleados, estudiantes y solicitantes de asilo. En el caso de Espa\u00f1a, muy dependiente de mano de obra marroqu\u00ed, el ministro Planas ha descartado desplazamientos desde el pa\u00eds vecino.<\/p>\n<p style=\"text-align: center;\"><strong>M\u00e9s informaci\u00f3 sobre el coronavirus a\u00a0<a href=\"https:\/\/conversesacatalunya.cat\/es\/coronavirus\/\" target=\"_blank\" rel=\"noopener noreferrer\">ESPECIAL CORONAVIRUS<\/a><\/strong><\/p>\n","protected":false},"excerpt":{"rendered":"<p>Con la llegada de la pandemia en Espa\u00f1a,\u00a0el campo necesita m\u00e1s de 100.000 jornaleros para garantizar las cosechas. La situaci\u00f3n del sector de la Agricultura se encuentra en una situaci\u00f3n cr\u00edtica por la falta de mano de obra y la ca\u00edda de la demanda del sector de la hosteler\u00eda. Para ello, y para evitar el desabastecimiento alimentario y el alza de precios en plena pandemia, el Consejo de Ministros ha aprobado un real decreto para incorporar de manera urgente m\u00e1s mano de obra. De esta manera las nuevas medidas flexibilizan Las medidas aprobadas, en cualquier caso, tienen como prioridad los parados. En concreto, se permitir\u00e1 compatibilizar la prestaci\u00f3n por desempleo o el cese de actividad de los aut\u00f3nomos, los subsidios agrarios o cualquier otra ayuda social o laboral con el trabajo en el campo. El Ministerio de Agricultura detalla que se podr\u00e1n beneficiar de la medida tambi\u00e9n los afectados por Expedientes de Regulaci\u00f3n Temporal de Empleo (ERTE), pero introduce una salvedad: excluye aquellos trabajadores cuya actividad se haya quedado suspendida a causa de la pandemia, es decir los afectados por ERTE vinculados a la Covid-19. Tampoco podr\u00e1n acogerse los aut\u00f3nomos que perciban la prestaci\u00f3n extraordinaria por cese de actividad que se puso en marcha para hacer frente a la crisis econ\u00f3mica desatada por la pandemia. No hay mano de obra y los productos de temporada han dejado de ser demandados por los consumidores, que hacen acopio en sus hogares de alimentos duraderos. A este factor se suma la falta de medidas de protecci\u00f3n, demandas en estas semanas por los empresarios y trabajadores. Como consecuencia de las medidas adoptadas durante el Estado de Alarma, los agricultores no cuentan este a\u00f1o con la mano de obra procedente de Bulgaria o Ruman\u00eda. Cada temporada cientos de miles de trabajadores son contratados en origen y desplazados hasta nuestro pa\u00eds para trabajar en las campa\u00f1as de recogida y siembra.\u00a0Extremadura, Andaluc\u00eda, Valencia, Murcia, Arag\u00f3n y Catalu\u00f1a son las comunidades aut\u00f3nomas que m\u00e1s jornaleros demandan. Sin embargo, este a\u00f1o los empleados nunca llegaron, debido a las restricciones de movilidad que pronto se implantaron en Europa. Por ende el campo se ha quedado vac\u00edo y necesita urgentemente la incorporaci\u00f3n de entre 100.000 y 150.000 jornaleros para las campa\u00f1as de recogida y siembra. El problema es com\u00fan en otros pa\u00edses europeos, como Italia, Francia, Portugal o Alemania y la Comisi\u00f3n Europea ha pedido a los pa\u00edses miembros que establezcan procedimientos para permitir la llegada de trabajadores agr\u00edcolas de terceros pa\u00edses de forma segura.\u00a0 Alemania, por ejemplo, ya ha anunciado que relajar\u00e1 las restricciones de viaje a 80.000 temporeros de Polonia, Ruman\u00eda Bulgaria entre abril y mayo para asegurar su Agricultura. Adem\u00e1s, quiere atraer otros 10.000 trabajadores, incluidos desempleados, estudiantes y solicitantes de asilo. En el caso de Espa\u00f1a, muy dependiente de mano de obra marroqu\u00ed, el ministro Planas ha descartado desplazamientos desde el pa\u00eds vecino. M\u00e9s informaci\u00f3 sobre el coronavirus a\u00a0ESPECIAL CORONAVIRUS<\/p>\n","protected":false},"author":20,"featured_media":34680,"comment_status":"open","ping_status":"open","sticky":false,"template":"","format":"standard","meta":{"_FSMCFIC_featured_image_caption":"","_FSMCFIC_featured_image_nocaption":"","_FSMCFIC_featured_image_hide":"","footnotes":""},"categories":[1772,806],"tags":[1731,845,1504,1913,831,846],"class_list":["post-34698","post","type-post","status-publish","format-standard","has-post-thumbnail","hentry","category-especial-coronavirus-es","category-punts-claus-del-dia-es","tag-agricultura-es","tag-catalunya-es","tag-coronavirus-es","tag-covid-19-es","tag-economia-es","tag-espanya-es"],"yoast_head":"<!-- This site is optimized with the Yoast SEO plugin v26.8 - https:\/\/yoast.com\/product\/yoast-seo-wordpress\/ -->\n<title>El Coronavirus golpea letalmente a la Agricultura - Converses a Catalunya<\/title>\n<meta name=\"robots\" content=\"noindex, nofollow\" \/>\n<meta property=\"og:locale\" content=\"es_ES\" \/>\n<meta property=\"og:type\" content=\"article\" \/>\n<meta property=\"og:title\" content=\"El Coronavirus golpea letalmente a la Agricultura - Converses a Catalunya\" \/>\n<meta property=\"og:description\" content=\"Con la llegada de la pandemia en Espa\u00f1a,\u00a0el campo necesita m\u00e1s de 100.000 jornaleros para garantizar las cosechas. La situaci\u00f3n del sector de la Agricultura se encuentra en una situaci\u00f3n cr\u00edtica por la falta de mano de obra y la ca\u00edda de la demanda del sector de la hosteler\u00eda. Para ello, y para evitar el desabastecimiento alimentario y el alza de precios en plena pandemia, el Consejo de Ministros ha aprobado un real decreto para incorporar de manera urgente m\u00e1s mano de obra. De esta manera las nuevas medidas flexibilizan Las medidas aprobadas, en cualquier caso, tienen como prioridad los parados. En concreto, se permitir\u00e1 compatibilizar la prestaci\u00f3n por desempleo o el cese de actividad de los aut\u00f3nomos, los subsidios agrarios o cualquier otra ayuda social o laboral con el trabajo en el campo. El Ministerio de Agricultura detalla que se podr\u00e1n beneficiar de la medida tambi\u00e9n los afectados por Expedientes de Regulaci\u00f3n Temporal de Empleo (ERTE), pero introduce una salvedad: excluye aquellos trabajadores cuya actividad se haya quedado suspendida a causa de la pandemia, es decir los afectados por ERTE vinculados a la Covid-19. Tampoco podr\u00e1n acogerse los aut\u00f3nomos que perciban la prestaci\u00f3n extraordinaria por cese de actividad que se puso en marcha para hacer frente a la crisis econ\u00f3mica desatada por la pandemia. No hay mano de obra y los productos de temporada han dejado de ser demandados por los consumidores, que hacen acopio en sus hogares de alimentos duraderos. A este factor se suma la falta de medidas de protecci\u00f3n, demandas en estas semanas por los empresarios y trabajadores. Como consecuencia de las medidas adoptadas durante el Estado de Alarma, los agricultores no cuentan este a\u00f1o con la mano de obra procedente de Bulgaria o Ruman\u00eda. Cada temporada cientos de miles de trabajadores son contratados en origen y desplazados hasta nuestro pa\u00eds para trabajar en las campa\u00f1as de recogida y siembra.\u00a0Extremadura, Andaluc\u00eda, Valencia, Murcia, Arag\u00f3n y Catalu\u00f1a son las comunidades aut\u00f3nomas que m\u00e1s jornaleros demandan. Sin embargo, este a\u00f1o los empleados nunca llegaron, debido a las restricciones de movilidad que pronto se implantaron en Europa. Por ende el campo se ha quedado vac\u00edo y necesita urgentemente la incorporaci\u00f3n de entre 100.000 y 150.000 jornaleros para las campa\u00f1as de recogida y siembra. El problema es com\u00fan en otros pa\u00edses europeos, como Italia, Francia, Portugal o Alemania y la Comisi\u00f3n Europea ha pedido a los pa\u00edses miembros que establezcan procedimientos para permitir la llegada de trabajadores agr\u00edcolas de terceros pa\u00edses de forma segura.\u00a0 Alemania, por ejemplo, ya ha anunciado que relajar\u00e1 las restricciones de viaje a 80.000 temporeros de Polonia, Ruman\u00eda Bulgaria entre abril y mayo para asegurar su Agricultura. Adem\u00e1s, quiere atraer otros 10.000 trabajadores, incluidos desempleados, estudiantes y solicitantes de asilo. En el caso de Espa\u00f1a, muy dependiente de mano de obra marroqu\u00ed, el ministro Planas ha descartado desplazamientos desde el pa\u00eds vecino. M\u00e9s informaci\u00f3 sobre el coronavirus a\u00a0ESPECIAL CORONAVIRUS\" \/>\n<meta property=\"og:url\" content=\"https:\/\/conversesacatalunya.cat\/es\/el-coronavirus-golpea-letalmente-a-la-agricultura\/\" \/>\n<meta property=\"og:site_name\" content=\"Converses a Catalunya\" \/>\n<meta property=\"article:published_time\" content=\"2020-04-08T06:00:26+00:00\" \/>\n<meta property=\"article:modified_time\" content=\"2020-04-08T11:29:51+00:00\" \/>\n<meta property=\"og:image\" content=\"https:\/\/conversesacatalunya.cat\/wp-content\/uploads\/2020\/04\/Capture-2.jpg\" \/>\n\t<meta property=\"og:image:width\" content=\"915\" \/>\n\t<meta property=\"og:image:height\" content=\"631\" \/>\n\t<meta property=\"og:image:type\" content=\"image\/jpeg\" \/>\n<meta name=\"author\" content=\"conversesacatalunya\" \/>\n<meta name=\"twitter:card\" content=\"summary_large_image\" \/>\n<meta name=\"twitter:label1\" content=\"Escrito por\" \/>\n\t<meta name=\"twitter:data1\" content=\"conversesacatalunya\" \/>\n\t<meta name=\"twitter:label2\" content=\"Tiempo de lectura\" \/>\n\t<meta name=\"twitter:data2\" content=\"3 minutos\" \/>\n<script type=\"application\/ld+json\" class=\"yoast-schema-graph\">{\"@context\":\"https:\/\/schema.org\",\"@graph\":[{\"@type\":\"Article\",\"@id\":\"https:\/\/conversesacatalunya.cat\/es\/el-coronavirus-golpea-letalmente-a-la-agricultura\/#article\",\"isPartOf\":{\"@id\":\"https:\/\/conversesacatalunya.cat\/es\/el-coronavirus-golpea-letalmente-a-la-agricultura\/\"},\"author\":{\"name\":\"conversesacatalunya\",\"@id\":\"https:\/\/conversesacatalunya.cat\/#\/schema\/person\/a7a9496a363cd9847daf7cd659d92e64\"},\"headline\":\"El Coronavirus golpea letalmente a la Agricultura\",\"datePublished\":\"2020-04-08T06:00:26+00:00\",\"dateModified\":\"2020-04-08T11:29:51+00:00\",\"mainEntityOfPage\":{\"@id\":\"https:\/\/conversesacatalunya.cat\/es\/el-coronavirus-golpea-letalmente-a-la-agricultura\/\"},\"wordCount\":554,\"commentCount\":0,\"image\":{\"@id\":\"https:\/\/conversesacatalunya.cat\/es\/el-coronavirus-golpea-letalmente-a-la-agricultura\/#primaryimage\"},\"thumbnailUrl\":\"https:\/\/conversesacatalunya.cat\/wp-content\/uploads\/2020\/04\/Capture-2.jpg\",\"keywords\":[\"Agricultura\",\"Catalunya\",\"coronavirus\",\"Covid-19\",\"Economia\",\"Espanya\"],\"articleSection\":[\"Especial Coronavirus (ES)\",\"Punts clau del dia (ES)\"],\"inLanguage\":\"es\",\"potentialAction\":[{\"@type\":\"CommentAction\",\"name\":\"Comment\",\"target\":[\"https:\/\/conversesacatalunya.cat\/es\/el-coronavirus-golpea-letalmente-a-la-agricultura\/#respond\"]}]},{\"@type\":\"WebPage\",\"@id\":\"https:\/\/conversesacatalunya.cat\/es\/el-coronavirus-golpea-letalmente-a-la-agricultura\/\",\"url\":\"https:\/\/conversesacatalunya.cat\/es\/el-coronavirus-golpea-letalmente-a-la-agricultura\/\",\"name\":\"El Coronavirus golpea letalmente a la Agricultura - Converses a Catalunya\",\"isPartOf\":{\"@id\":\"https:\/\/conversesacatalunya.cat\/#website\"},\"primaryImageOfPage\":{\"@id\":\"https:\/\/conversesacatalunya.cat\/es\/el-coronavirus-golpea-letalmente-a-la-agricultura\/#primaryimage\"},\"image\":{\"@id\":\"https:\/\/conversesacatalunya.cat\/es\/el-coronavirus-golpea-letalmente-a-la-agricultura\/#primaryimage\"},\"thumbnailUrl\":\"https:\/\/conversesacatalunya.cat\/wp-content\/uploads\/2020\/04\/Capture-2.jpg\",\"datePublished\":\"2020-04-08T06:00:26+00:00\",\"dateModified\":\"2020-04-08T11:29:51+00:00\",\"author\":{\"@id\":\"https:\/\/conversesacatalunya.cat\/#\/schema\/person\/a7a9496a363cd9847daf7cd659d92e64\"},\"breadcrumb\":{\"@id\":\"https:\/\/conversesacatalunya.cat\/es\/el-coronavirus-golpea-letalmente-a-la-agricultura\/#breadcrumb\"},\"inLanguage\":\"es\",\"potentialAction\":[{\"@type\":\"ReadAction\",\"target\":[\"https:\/\/conversesacatalunya.cat\/es\/el-coronavirus-golpea-letalmente-a-la-agricultura\/\"]}]},{\"@type\":\"ImageObject\",\"inLanguage\":\"es\",\"@id\":\"https:\/\/conversesacatalunya.cat\/es\/el-coronavirus-golpea-letalmente-a-la-agricultura\/#primaryimage\",\"url\":\"https:\/\/conversesacatalunya.cat\/wp-content\/uploads\/2020\/04\/Capture-2.jpg\",\"contentUrl\":\"https:\/\/conversesacatalunya.cat\/wp-content\/uploads\/2020\/04\/Capture-2.jpg\",\"width\":915,\"height\":631,\"caption\":\"Agricultura\"},{\"@type\":\"BreadcrumbList\",\"@id\":\"https:\/\/conversesacatalunya.cat\/es\/el-coronavirus-golpea-letalmente-a-la-agricultura\/#breadcrumb\",\"itemListElement\":[{\"@type\":\"ListItem\",\"position\":1,\"name\":\"Inici\",\"item\":\"https:\/\/conversesacatalunya.cat\/es\/\"},{\"@type\":\"ListItem\",\"position\":2,\"name\":\"El Coronavirus golpea letalmente a la Agricultura\"}]},{\"@type\":\"WebSite\",\"@id\":\"https:\/\/conversesacatalunya.cat\/#website\",\"url\":\"https:\/\/conversesacatalunya.cat\/\",\"name\":\"Converses a Catalunya\",\"description\":\"\",\"potentialAction\":[{\"@type\":\"SearchAction\",\"target\":{\"@type\":\"EntryPoint\",\"urlTemplate\":\"https:\/\/conversesacatalunya.cat\/?s={search_term_string}\"},\"query-input\":{\"@type\":\"PropertyValueSpecification\",\"valueRequired\":true,\"valueName\":\"search_term_string\"}}],\"inLanguage\":\"es\"},{\"@type\":\"Person\",\"@id\":\"https:\/\/conversesacatalunya.cat\/#\/schema\/person\/a7a9496a363cd9847daf7cd659d92e64\",\"name\":\"conversesacatalunya\",\"image\":{\"@type\":\"ImageObject\",\"inLanguage\":\"es\",\"@id\":\"https:\/\/conversesacatalunya.cat\/#\/schema\/person\/image\/\",\"url\":\"https:\/\/conversesacatalunya.cat\/wp-content\/litespeed\/avatar\/ff91582b44ff9c880dc9c5ac2f5c7e89.jpg?ver=1777372947\",\"contentUrl\":\"https:\/\/conversesacatalunya.cat\/wp-content\/litespeed\/avatar\/ff91582b44ff9c880dc9c5ac2f5c7e89.jpg?ver=1777372947\",\"caption\":\"conversesacatalunya\"},\"url\":\"https:\/\/conversesacatalunya.cat\/es\/author\/francisco_garcia\/\"}]}<\/script>\n<!-- \/ Yoast SEO plugin. -->","yoast_head_json":{"title":"El Coronavirus golpea letalmente a la Agricultura - Converses a Catalunya","robots":{"index":"noindex","follow":"nofollow"},"og_locale":"es_ES","og_type":"article","og_title":"El Coronavirus golpea letalmente a la Agricultura - Converses a Catalunya","og_description":"Con la llegada de la pandemia en Espa\u00f1a,\u00a0el campo necesita m\u00e1s de 100.000 jornaleros para garantizar las cosechas. La situaci\u00f3n del sector de la Agricultura se encuentra en una situaci\u00f3n cr\u00edtica por la falta de mano de obra y la ca\u00edda de la demanda del sector de la hosteler\u00eda. Para ello, y para evitar el desabastecimiento alimentario y el alza de precios en plena pandemia, el Consejo de Ministros ha aprobado un real decreto para incorporar de manera urgente m\u00e1s mano de obra. De esta manera las nuevas medidas flexibilizan Las medidas aprobadas, en cualquier caso, tienen como prioridad los parados. En concreto, se permitir\u00e1 compatibilizar la prestaci\u00f3n por desempleo o el cese de actividad de los aut\u00f3nomos, los subsidios agrarios o cualquier otra ayuda social o laboral con el trabajo en el campo. El Ministerio de Agricultura detalla que se podr\u00e1n beneficiar de la medida tambi\u00e9n los afectados por Expedientes de Regulaci\u00f3n Temporal de Empleo (ERTE), pero introduce una salvedad: excluye aquellos trabajadores cuya actividad se haya quedado suspendida a causa de la pandemia, es decir los afectados por ERTE vinculados a la Covid-19. Tampoco podr\u00e1n acogerse los aut\u00f3nomos que perciban la prestaci\u00f3n extraordinaria por cese de actividad que se puso en marcha para hacer frente a la crisis econ\u00f3mica desatada por la pandemia. No hay mano de obra y los productos de temporada han dejado de ser demandados por los consumidores, que hacen acopio en sus hogares de alimentos duraderos. A este factor se suma la falta de medidas de protecci\u00f3n, demandas en estas semanas por los empresarios y trabajadores. Como consecuencia de las medidas adoptadas durante el Estado de Alarma, los agricultores no cuentan este a\u00f1o con la mano de obra procedente de Bulgaria o Ruman\u00eda. Cada temporada cientos de miles de trabajadores son contratados en origen y desplazados hasta nuestro pa\u00eds para trabajar en las campa\u00f1as de recogida y siembra.\u00a0Extremadura, Andaluc\u00eda, Valencia, Murcia, Arag\u00f3n y Catalu\u00f1a son las comunidades aut\u00f3nomas que m\u00e1s jornaleros demandan. Sin embargo, este a\u00f1o los empleados nunca llegaron, debido a las restricciones de movilidad que pronto se implantaron en Europa. Por ende el campo se ha quedado vac\u00edo y necesita urgentemente la incorporaci\u00f3n de entre 100.000 y 150.000 jornaleros para las campa\u00f1as de recogida y siembra. El problema es com\u00fan en otros pa\u00edses europeos, como Italia, Francia, Portugal o Alemania y la Comisi\u00f3n Europea ha pedido a los pa\u00edses miembros que establezcan procedimientos para permitir la llegada de trabajadores agr\u00edcolas de terceros pa\u00edses de forma segura.\u00a0 Alemania, por ejemplo, ya ha anunciado que relajar\u00e1 las restricciones de viaje a 80.000 temporeros de Polonia, Ruman\u00eda Bulgaria entre abril y mayo para asegurar su Agricultura. Adem\u00e1s, quiere atraer otros 10.000 trabajadores, incluidos desempleados, estudiantes y solicitantes de asilo. En el caso de Espa\u00f1a, muy dependiente de mano de obra marroqu\u00ed, el ministro Planas ha descartado desplazamientos desde el pa\u00eds vecino. M\u00e9s informaci\u00f3 sobre el coronavirus a\u00a0ESPECIAL CORONAVIRUS","og_url":"https:\/\/conversesacatalunya.cat\/es\/el-coronavirus-golpea-letalmente-a-la-agricultura\/","og_site_name":"Converses a Catalunya","article_published_time":"2020-04-08T06:00:26+00:00","article_modified_time":"2020-04-08T11:29:51+00:00","og_image":[{"width":915,"height":631,"url":"https:\/\/conversesacatalunya.cat\/wp-content\/uploads\/2020\/04\/Capture-2.jpg","type":"image\/jpeg"}],"author":"conversesacatalunya","twitter_card":"summary_large_image","twitter_misc":{"Escrito por":"conversesacatalunya","Tiempo de lectura":"3 minutos"},"schema":{"@context":"https:\/\/schema.org","@graph":[{"@type":"Article","@id":"https:\/\/conversesacatalunya.cat\/es\/el-coronavirus-golpea-letalmente-a-la-agricultura\/#article","isPartOf":{"@id":"https:\/\/conversesacatalunya.cat\/es\/el-coronavirus-golpea-letalmente-a-la-agricultura\/"},"author":{"name":"conversesacatalunya","@id":"https:\/\/conversesacatalunya.cat\/#\/schema\/person\/a7a9496a363cd9847daf7cd659d92e64"},"headline":"El Coronavirus golpea letalmente a la Agricultura","datePublished":"2020-04-08T06:00:26+00:00","dateModified":"2020-04-08T11:29:51+00:00","mainEntityOfPage":{"@id":"https:\/\/conversesacatalunya.cat\/es\/el-coronavirus-golpea-letalmente-a-la-agricultura\/"},"wordCount":554,"commentCount":0,"image":{"@id":"https:\/\/conversesacatalunya.cat\/es\/el-coronavirus-golpea-letalmente-a-la-agricultura\/#primaryimage"},"thumbnailUrl":"https:\/\/conversesacatalunya.cat\/wp-content\/uploads\/2020\/04\/Capture-2.jpg","keywords":["Agricultura","Catalunya","coronavirus","Covid-19","Economia","Espanya"],"articleSection":["Especial Coronavirus (ES)","Punts clau del dia (ES)"],"inLanguage":"es","potentialAction":[{"@type":"CommentAction","name":"Comment","target":["https:\/\/conversesacatalunya.cat\/es\/el-coronavirus-golpea-letalmente-a-la-agricultura\/#respond"]}]},{"@type":"WebPage","@id":"https:\/\/conversesacatalunya.cat\/es\/el-coronavirus-golpea-letalmente-a-la-agricultura\/","url":"https:\/\/conversesacatalunya.cat\/es\/el-coronavirus-golpea-letalmente-a-la-agricultura\/","name":"El Coronavirus golpea letalmente a la Agricultura - Converses a Catalunya","isPartOf":{"@id":"https:\/\/conversesacatalunya.cat\/#website"},"primaryImageOfPage":{"@id":"https:\/\/conversesacatalunya.cat\/es\/el-coronavirus-golpea-letalmente-a-la-agricultura\/#primaryimage"},"image":{"@id":"https:\/\/conversesacatalunya.cat\/es\/el-coronavirus-golpea-letalmente-a-la-agricultura\/#primaryimage"},"thumbnailUrl":"https:\/\/conversesacatalunya.cat\/wp-content\/uploads\/2020\/04\/Capture-2.jpg","datePublished":"2020-04-08T06:00:26+00:00","dateModified":"2020-04-08T11:29:51+00:00","author":{"@id":"https:\/\/conversesacatalunya.cat\/#\/schema\/person\/a7a9496a363cd9847daf7cd659d92e64"},"breadcrumb":{"@id":"https:\/\/conversesacatalunya.cat\/es\/el-coronavirus-golpea-letalmente-a-la-agricultura\/#breadcrumb"},"inLanguage":"es","potentialAction":[{"@type":"ReadAction","target":["https:\/\/conversesacatalunya.cat\/es\/el-coronavirus-golpea-letalmente-a-la-agricultura\/"]}]},{"@type":"ImageObject","inLanguage":"es","@id":"https:\/\/conversesacatalunya.cat\/es\/el-coronavirus-golpea-letalmente-a-la-agricultura\/#primaryimage","url":"https:\/\/conversesacatalunya.cat\/wp-content\/uploads\/2020\/04\/Capture-2.jpg","contentUrl":"https:\/\/conversesacatalunya.cat\/wp-content\/uploads\/2020\/04\/Capture-2.jpg","width":915,"height":631,"caption":"Agricultura"},{"@type":"BreadcrumbList","@id":"https:\/\/conversesacatalunya.cat\/es\/el-coronavirus-golpea-letalmente-a-la-agricultura\/#breadcrumb","itemListElement":[{"@type":"ListItem","position":1,"name":"Inici","item":"https:\/\/conversesacatalunya.cat\/es\/"},{"@type":"ListItem","position":2,"name":"El Coronavirus golpea letalmente a la Agricultura"}]},{"@type":"WebSite","@id":"https:\/\/conversesacatalunya.cat\/#website","url":"https:\/\/conversesacatalunya.cat\/","name":"Converses a Catalunya","description":"","potentialAction":[{"@type":"SearchAction","target":{"@type":"EntryPoint","urlTemplate":"https:\/\/conversesacatalunya.cat\/?s={search_term_string}"},"query-input":{"@type":"PropertyValueSpecification","valueRequired":true,"valueName":"search_term_string"}}],"inLanguage":"es"},{"@type":"Person","@id":"https:\/\/conversesacatalunya.cat\/#\/schema\/person\/a7a9496a363cd9847daf7cd659d92e64","name":"conversesacatalunya","image":{"@type":"ImageObject","inLanguage":"es","@id":"https:\/\/conversesacatalunya.cat\/#\/schema\/person\/image\/","url":"https:\/\/conversesacatalunya.cat\/wp-content\/litespeed\/avatar\/ff91582b44ff9c880dc9c5ac2f5c7e89.jpg?ver=1777372947","contentUrl":"https:\/\/conversesacatalunya.cat\/wp-content\/litespeed\/avatar\/ff91582b44ff9c880dc9c5ac2f5c7e89.jpg?ver=1777372947","caption":"conversesacatalunya"},"url":"https:\/\/conversesacatalunya.cat\/es\/author\/francisco_garcia\/"}]}},"wps_subtitle":"La Agricultura en Espa\u00f1a necesita urgentemente m\u00e1s de 100.000 jornaleros para garantizar las cosechas. En caso negativo, se podr\u00eda sufrir un desabastecimiento alimentario y el alza de precios en plena pandemia de Coronavirus","_links":{"self":[{"href":"https:\/\/conversesacatalunya.cat\/es\/wp-json\/wp\/v2\/posts\/34698","targetHints":{"allow":["GET"]}}],"collection":[{"href":"https:\/\/conversesacatalunya.cat\/es\/wp-json\/wp\/v2\/posts"}],"about":[{"href":"https:\/\/conversesacatalunya.cat\/es\/wp-json\/wp\/v2\/types\/post"}],"author":[{"embeddable":true,"href":"https:\/\/conversesacatalunya.cat\/es\/wp-json\/wp\/v2\/users\/20"}],"replies":[{"embeddable":true,"href":"https:\/\/conversesacatalunya.cat\/es\/wp-json\/wp\/v2\/comments?post=34698"}],"version-history":[{"count":2,"href":"https:\/\/conversesacatalunya.cat\/es\/wp-json\/wp\/v2\/posts\/34698\/revisions"}],"predecessor-version":[{"id":34701,"href":"https:\/\/conversesacatalunya.cat\/es\/wp-json\/wp\/v2\/posts\/34698\/revisions\/34701"}],"wp:featuredmedia":[{"embeddable":true,"href":"https:\/\/conversesacatalunya.cat\/es\/wp-json\/wp\/v2\/media\/34680"}],"wp:attachment":[{"href":"https:\/\/conversesacatalunya.cat\/es\/wp-json\/wp\/v2\/media?parent=34698"}],"wp:term":[{"taxonomy":"category","embeddable":true,"href":"https:\/\/conversesacatalunya.cat\/es\/wp-json\/wp\/v2\/categories?post=34698"},{"taxonomy":"post_tag","embeddable":true,"href":"https:\/\/conversesacatalunya.cat\/es\/wp-json\/wp\/v2\/tags?post=34698"}],"curies":[{"name":"wp","href":"https:\/\/api.w.org\/{rel}","templated":true}]}}