{"id":34687,"date":"2020-04-08T13:13:15","date_gmt":"2020-04-08T11:13:15","guid":{"rendered":"https:\/\/conversesacatalunya.cat\/?p=34687"},"modified":"2020-04-08T13:13:15","modified_gmt":"2020-04-08T11:13:15","slug":"lo-que-hacen-los-gobiernos-marca-la-diferencia-por-que-el-veneto-lo-ha-hecho-mejor","status":"publish","type":"post","link":"https:\/\/conversesacatalunya.cat\/es\/lo-que-hacen-los-gobiernos-marca-la-diferencia-por-que-el-veneto-lo-ha-hecho-mejor\/","title":{"rendered":"Lo que hacen los gobiernos marca la diferencia. \u00bfPor qu\u00e9 el V\u00e9neto lo ha hecho mejor?"},"content":{"rendered":"<p>Espa\u00f1a es el pa\u00eds del mundo con <strong>m\u00e1s impacto de muertes por coronavirus<\/strong> en relaci\u00f3n a la dimensi\u00f3n de su poblaci\u00f3n. En esta referencia clave, sin considerar que la contabilizaci\u00f3n es adem\u00e1s muy estricta, solo se consideran como v\u00edctimas a los que dieron positivo en la prueba, lo cual en un pa\u00eds donde precisamente lo que han escaseado son los test que se\u00f1alan el contagio, permite pensar, y esta va a ser una de las grandes pol\u00e9micas, que la cifra real de muertos es mucho mayor.<\/p>\n<p>Pero ahora ci\u00f1\u00e1monos a la cifra oficial. Pues bien, esta primera y luctuosa posici\u00f3n puede contemplarse desde dos perspectivas: la que m\u00e1s interesa al gobierno, <strong>la de la fatalidad<\/strong>, dando el 100% de la culpa del da\u00f1o al Covid-19, o aquella otra que dice <strong>que el n\u00famero de muertes depende de las medidas adoptadas<\/strong>. Esto es bastante evidente en el caso de los pa\u00edses asi\u00e1ticos de \u00e9xito, como Taiwan, Hong Kong y Corea, pero tambi\u00e9n en el caso alem\u00e1n.<\/p>\n<p>Ahora, un caso mucho m\u00e1s pr\u00f3ximo remacha la cuesti\u00f3n de la gran responsabilidad gubernamental. Se trata de la <strong>diferencia de resultados<\/strong> <strong>entre dos regiones del norte de Italia<\/strong>, la Lombard\u00eda y el V\u00e9neto, ambas afectadas inicialmente por la pandemia, ambas fueron las primeras confinadas, una es lim\u00edtrofe de la otra, pero las administraciones regionales no actuaron igual, y el V\u00e9neto sale mucho <strong>mejor parado de la prueba<\/strong>.<\/p>\n<p>All\u00ed, el virus brot\u00f3 con violencia, pero se bate en retirada tras una serie de medidas que otros territorios no supieron adoptar a tiempo. Los datos son concluyentes. Si Lombard\u00eda (Mil\u00e1n\/B\u00e9rgamo) es la cruz de la moneda, V\u00e9neto (Padova\/Venecia) es la cara. En el \u00faltimo recuento oficial, V\u00e9neto registraba <strong>662 muertos y 11.000 casos confirmados<\/strong>. Mientras, Lombard\u00eda, superaba <strong>los 9.200 fallecidos<\/strong> y rozaba los <strong>52.000 casos<\/strong>. \u00bfLa clave? Con cifras tan dispares, las dos han realizado casi el mismo n\u00famero de test.<\/p>\n<p>Una primera diferencia es que en la inicial \u201czona roja\u201c de<strong> confinamiento, en la poblaci\u00f3n de Vo\u2019 (<\/strong>el equivalente de Igualada en Catalu\u00f1a aunque est\u00e1 ultima ha sido la manifestaci\u00f3n de todo lo contrario, del desacierto, al confiarlo todo al confinamiento sin recursos) <strong>se practicaron test a todos los habitantes del pueblo<\/strong>. Esto permiti\u00f3 deducir que entre el 50% y el 70% de los infectados no estar\u00edan desarrollando s\u00edntomas. Estaba claro desde el primer momento donde radicaba el problema.<\/p>\n<p><strong>Los no sintom\u00e1ticos son muchos y son una fuente formidable de contagio. <\/strong>Por eso hay que aislarlos inmediatamente. La mayor\u00eda eran personas j\u00f3venes y sanas. Pero lo m\u00e1s interesante de todo es que cuando los contagiados asintom\u00e1ticos fueron aislados en Vo\u2019, el porcentaje de enfermos disminuy\u00f3 de golpe del 3,2% al 0,3%.<\/p>\n<p>Segunda conclusi\u00f3n importante: la<strong> circulaci\u00f3n del virus alrededor de una misma persona, aunque ya est\u00e9 infectada, agrava su patolog\u00eda<\/strong>, y por tanto la mortalidad. Tambi\u00e9n permite explicar porque el personal sanitario ha sufrido la enfermedad m\u00e1s que otros colectivos, no solo por riesgo de contagio, sino por evoluci\u00f3n de la patolog\u00eda, y porque las residencias sin ning\u00fan tipo de actuaci\u00f3n por parte del gobierno se han convertido en la mayor\u00eda de casos en trampas mortales.<\/p>\n<p>En este sentido, la acci\u00f3n guiada por los test realizada de buen principio es fundamental. Lo que Espa\u00f1a precisamente no ha hecho. Porque ahora se ha sabido <strong>que hasta el 14 de marzo,<\/strong> empresas espa\u00f1olas <a href=\"https:\/\/conversesacatalunya.cat\/es\/gobierno-sanchez-comportamientos-inexplicables-al-descubierto\/\" target=\"_blank\" rel=\"noopener noreferrer\">estaban exportando con total libertad<\/a> este bien necesario por inacci\u00f3n del gobierno.<\/p>\n<p>El gr\u00e1fico adjunto muestra la relaci\u00f3n entre letalidad y test, ofreciendo una correlaci\u00f3n ( R<sup>2<\/sup>) muy significativa de 0,7154 (como m\u00e1s pr\u00f3xima est\u00e9 de 1, mayor es la correlaci\u00f3n).<\/p>\n<p><img fetchpriority=\"high\" decoding=\"async\" class=\"aligncenter size-full wp-image-34688\" src=\"https:\/\/conversesacatalunya.cat\/wp-content\/uploads\/2020\/04\/grafic.jpg\" alt=\"\" width=\"993\" height=\"607\" srcset=\"https:\/\/conversesacatalunya.cat\/wp-content\/uploads\/2020\/04\/grafic.jpg 993w, https:\/\/conversesacatalunya.cat\/wp-content\/uploads\/2020\/04\/grafic-300x183.jpg 300w\" sizes=\"(max-width: 993px) 100vw, 993px\" \/><\/p>\n<p>Este ha sido el gran error del gobierno en Madrid y en Catalu\u00f1a: <strong>no realizar test con los asintom\u00e1ticos<\/strong>, una medida que con lentitud y mucho retraso, se plantea ahora. Fue el mismo error que cometi\u00f3 Lombard\u00eda.<\/p>\n<p>Tambi\u00e9n la experiencia de V\u00e9neto ofrece una explicaci\u00f3n para el grave error cometido con las residencias: <strong>no hicieron test al personal que trabaja all\u00ed,<\/strong> a quienes los cuidan, que son en muchos casos asintom\u00e1ticos y son los que han llevado el virus a los ancianos. Es gente que hac\u00eda una vida normal, entraba all\u00ed, infectaba a las personas mayores. Por eso en Espa\u00f1a las residencias inc\u00f3lumes han sido aquellas en las que los cuidadores por decisi\u00f3n propia se confinaron con los residentes.<\/p>\n<p>Otra experiencia clave del V\u00e9neto es que los hospitales y ambulatorios m\u00e9dicos pueden convertirse en focos de contagio porque el virus es muy peligroso en ambientes cerrados donde hay muchas personas. Por eso hay que actuar enseguida en hospitales y ambulatorios m\u00e9dicos. Ese por ejemplo ha sido el desastre del Hospital de Igualada, que reprodujo semanas despu\u00e9s lo que sucedi\u00f3 en urgencia de B\u00e9rgamo, donde hab\u00eda llegado un paciente con s\u00edntomas, que fue el que infect\u00f3 a los m\u00e9dicos, a las enfermeras, a todos los pacientes. Otra cosa que se hizo bien es evitar la hospitalizaci\u00f3n de todos los pacientes con s\u00edntomas. Si esto realmente es as\u00ed, <strong>habr\u00eda que avanzar para recobrar la normalidad en la disponibilidad de los circuitos de sanidad p\u00fablica.<\/strong><\/p>\n<p><strong>Otro error grave cometido en Espa\u00f1a en relaci\u00f3n con el V\u00e9neto fue aconsejar a la poblaci\u00f3n no llevar mascarillas. <\/strong>Las mascarillas no dan una protecci\u00f3n al 100%, pero si las lleva todo el mundo, baja much\u00edsimo el riesgo de contagio. \u201cCuando llegaron los m\u00e9dicos enviados por China, se quedaron estupefactos. Nos dec\u00edan que si est\u00e1bamos locos\u201d.<\/p>\n<p><strong>Los ascensores son lugares singularmente peligrosos, pero nada se ha dicho de ellos.<\/strong><\/p>\n<p>Los errores cometidos por Espa\u00f1a, y en los que Catalu\u00f1a ha abundado, es un p\u00e9simo an\u00e1lisis del coste: un test puede costar diez euros; tener una persona ingresada en urgencias puede llegar a 60.000 euros.<\/p>\n<p>Obviamente, no se puede hacer un test a toda la poblaci\u00f3n, pero s\u00ed practicar una buena elecci\u00f3n de las muestras y no parar. Y desarrollarlos por categor\u00edas de riesgo. Eso es lo que ahora va a empezar a hacerse en Espa\u00f1a pero que todav\u00eda no ha empezado, como con las mascarillas, que est\u00e1n \u201cestudiando\u201d su aplicaci\u00f3n.<\/p>\n<p>El caso del V\u00e9neto, que no sigue las primeras instrucciones de la OMS, cuestiona el acuerdo de esta instancia que ha estado mucho tiempo no recomendando las mascarillas y test. Esto genera desconfianza en torno a este organismo, m\u00e1s pr\u00f3ximo a una burocracia gubernamental que a una instancia de prevenci\u00f3n m\u00e9dica de expertos reales con experiencia sobre el terreno.<\/p>\n<p>La batalla contra el coronavirus no finalizar\u00e1 cuando se levante el estado de alarma. Algunas medidas se mantendr\u00e1n y se crear\u00e1n otras totalmente nuevas. Algunas son claras:<\/p>\n<ul>\n<li>Buscar los anticuerpos del virus en la sangre, es muy f\u00e1cil.<\/li>\n<li>Saber cu\u00e1ntas personas han tenido la infecci\u00f3n.<\/li>\n<li>Utilizar a las personas con anticuerpos para trabajar en lugares como residencias de ancianos, f\u00e1bricas o donde haga m\u00e1s falta.<\/li>\n<li>Podr\u00edamos utilizar el plasma de esas personas para curar a pacientes. Esta terapia ya se est\u00e1 utilizando y puede funcionar como una vacuna pasiva: anticuerpos metidos directamente en la sangre.<\/li>\n<\/ul>\n<p>Y una advertencia final a partir de esta experiencia: el porcentaje de poblaci\u00f3n europea que lo ha pasado todav\u00eda no es muy grande. El virus tiene mucho margen todav\u00eda, muchos cuerpos que infectar, muchas vidas en riesgo.<\/p>\n<p><strong>La vida no va a ser como antes,<\/strong> al menos no hasta que no estemos inmunizados por una vacuna o de manera natural. Habr\u00e1 que ir con mascarillas todo el d\u00eda, habr\u00e1 que evitar las grandes concentraciones, habr\u00e1 que cancelar todo tipo de espect\u00e1culos deportivos, congresos, quedadas, discotecas, bares. Los restaurantes se podr\u00e1n volver a abrir distanciando mucho las mesas. La vida a partir de ahora ser\u00e1 mucho m\u00e1s complicada, y para la vacuna falta un a\u00f1o m\u00e1s o menos, y despu\u00e9s, el tiempo a que llegue para todos. Posiblemente no ser\u00e1 una vacuna para toda la vida, pero entonces bastar\u00eda con una protecci\u00f3n de a\u00f1o en a\u00f1o, como con la gripe. La producci\u00f3n deber\u00e1 ser algo nunca visto para que llegue a todos, y ese puede ser otro problema econ\u00f3mico y moral. Adem\u00e1s del personal de primera l\u00ednea, los enfermos y mayores de 65 a\u00f1os deber\u00edan tener prioridad para reducir la mortalidad.<\/p>\n<p style=\"text-align: center;\">M\u00e1s informaci\u00f3n sobre el coronavirus en <a href=\"https:\/\/conversesacatalunya.cat\/es\/coronavirus\/\" target=\"_blank\" rel=\"noopener noreferrer\">ESPECIAL CORONAVIRUS<\/a><\/p>\n<span class='bctt-click-to-tweet'><span class='bctt-ctt-text'><a href='https:\/\/twitter.com\/intent\/tweet?url=https%3A%2F%2Fconversesacatalunya.cat%2Fes%2Flo-que-hacen-los-gobiernos-marca-la-diferencia-por-que-el-veneto-lo-ha-hecho-mejor%2F&#038;text=Espa%C3%B1a%20es%20el%20pa%C3%ADs%20del%20mundo%20con%20m%C3%A1s%20impacto%20de%20muertes%20por%20coronavirus%20en%20relaci%C3%B3n%20a%20la%20dimensi%C3%B3n%20de%20su%20poblaci%C3%B3n&#038;via=conversesacat&#038;related=conversesacat' target='_blank'rel=\"noopener noreferrer\">Espa\u00f1a es el pa\u00eds del mundo con m\u00e1s impacto de muertes por coronavirus en relaci\u00f3n a la dimensi\u00f3n de su poblaci\u00f3n <\/a><\/span><a href='https:\/\/twitter.com\/intent\/tweet?url=https%3A%2F%2Fconversesacatalunya.cat%2Fes%2Flo-que-hacen-los-gobiernos-marca-la-diferencia-por-que-el-veneto-lo-ha-hecho-mejor%2F&#038;text=Espa%C3%B1a%20es%20el%20pa%C3%ADs%20del%20mundo%20con%20m%C3%A1s%20impacto%20de%20muertes%20por%20coronavirus%20en%20relaci%C3%B3n%20a%20la%20dimensi%C3%B3n%20de%20su%20poblaci%C3%B3n&#038;via=conversesacat&#038;related=conversesacat' target='_blank' class='bctt-ctt-btn'rel=\"noopener noreferrer\">Compartir en X<\/a><\/span>\n","protected":false},"excerpt":{"rendered":"<p>Espa\u00f1a es el pa\u00eds del mundo con m\u00e1s impacto de muertes por coronavirus en relaci\u00f3n a la dimensi\u00f3n de su poblaci\u00f3n. En esta referencia clave, sin considerar que la contabilizaci\u00f3n es adem\u00e1s muy estricta, solo se consideran como v\u00edctimas a los que dieron positivo en la prueba, lo cual en un pa\u00eds donde precisamente lo que han escaseado son los test que se\u00f1alan el contagio, permite pensar, y esta va a ser una de las grandes pol\u00e9micas, que la cifra real de muertos es mucho mayor. Pero ahora ci\u00f1\u00e1monos a la cifra oficial. Pues bien, esta primera y luctuosa posici\u00f3n puede contemplarse desde dos perspectivas: la que m\u00e1s interesa al gobierno, la de la fatalidad, dando el 100% de la culpa del da\u00f1o al Covid-19, o aquella otra que dice que el n\u00famero de muertes depende de las medidas adoptadas. Esto es bastante evidente en el caso de los pa\u00edses asi\u00e1ticos de \u00e9xito, como Taiwan, Hong Kong y Corea, pero tambi\u00e9n en el caso alem\u00e1n. Ahora, un caso mucho m\u00e1s pr\u00f3ximo remacha la cuesti\u00f3n de la gran responsabilidad gubernamental. Se trata de la diferencia de resultados entre dos regiones del norte de Italia, la Lombard\u00eda y el V\u00e9neto, ambas afectadas inicialmente por la pandemia, ambas fueron las primeras confinadas, una es lim\u00edtrofe de la otra, pero las administraciones regionales no actuaron igual, y el V\u00e9neto sale mucho mejor parado de la prueba. All\u00ed, el virus brot\u00f3 con violencia, pero se bate en retirada tras una serie de medidas que otros territorios no supieron adoptar a tiempo. Los datos son concluyentes. Si Lombard\u00eda (Mil\u00e1n\/B\u00e9rgamo) es la cruz de la moneda, V\u00e9neto (Padova\/Venecia) es la cara. En el \u00faltimo recuento oficial, V\u00e9neto registraba 662 muertos y 11.000 casos confirmados. Mientras, Lombard\u00eda, superaba los 9.200 fallecidos y rozaba los 52.000 casos. \u00bfLa clave? Con cifras tan dispares, las dos han realizado casi el mismo n\u00famero de test. Una primera diferencia es que en la inicial \u201czona roja\u201c de confinamiento, en la poblaci\u00f3n de Vo\u2019 (el equivalente de Igualada en Catalu\u00f1a aunque est\u00e1 ultima ha sido la manifestaci\u00f3n de todo lo contrario, del desacierto, al confiarlo todo al confinamiento sin recursos) se practicaron test a todos los habitantes del pueblo. Esto permiti\u00f3 deducir que entre el 50% y el 70% de los infectados no estar\u00edan desarrollando s\u00edntomas. Estaba claro desde el primer momento donde radicaba el problema. Los no sintom\u00e1ticos son muchos y son una fuente formidable de contagio. Por eso hay que aislarlos inmediatamente. La mayor\u00eda eran personas j\u00f3venes y sanas. Pero lo m\u00e1s interesante de todo es que cuando los contagiados asintom\u00e1ticos fueron aislados en Vo\u2019, el porcentaje de enfermos disminuy\u00f3 de golpe del 3,2% al 0,3%. Segunda conclusi\u00f3n importante: la circulaci\u00f3n del virus alrededor de una misma persona, aunque ya est\u00e9 infectada, agrava su patolog\u00eda, y por tanto la mortalidad. Tambi\u00e9n permite explicar porque el personal sanitario ha sufrido la enfermedad m\u00e1s que otros colectivos, no solo por riesgo de contagio, sino por evoluci\u00f3n de la patolog\u00eda, y porque las residencias sin ning\u00fan tipo de actuaci\u00f3n por parte del gobierno se han convertido en la mayor\u00eda de casos en trampas mortales. En este sentido, la acci\u00f3n guiada por los test realizada de buen principio es fundamental. Lo que Espa\u00f1a precisamente no ha hecho. Porque ahora se ha sabido que hasta el 14 de marzo, empresas espa\u00f1olas estaban exportando con total libertad este bien necesario por inacci\u00f3n del gobierno. El gr\u00e1fico adjunto muestra la relaci\u00f3n entre letalidad y test, ofreciendo una correlaci\u00f3n ( R2) muy significativa de 0,7154 (como m\u00e1s pr\u00f3xima est\u00e9 de 1, mayor es la correlaci\u00f3n). Este ha sido el gran error del gobierno en Madrid y en Catalu\u00f1a: no realizar test con los asintom\u00e1ticos, una medida que con lentitud y mucho retraso, se plantea ahora. Fue el mismo error que cometi\u00f3 Lombard\u00eda. Tambi\u00e9n la experiencia de V\u00e9neto ofrece una explicaci\u00f3n para el grave error cometido con las residencias: no hicieron test al personal que trabaja all\u00ed, a quienes los cuidan, que son en muchos casos asintom\u00e1ticos y son los que han llevado el virus a los ancianos. Es gente que hac\u00eda una vida normal, entraba all\u00ed, infectaba a las personas mayores. Por eso en Espa\u00f1a las residencias inc\u00f3lumes han sido aquellas en las que los cuidadores por decisi\u00f3n propia se confinaron con los residentes. Otra experiencia clave del V\u00e9neto es que los hospitales y ambulatorios m\u00e9dicos pueden convertirse en focos de contagio porque el virus es muy peligroso en ambientes cerrados donde hay muchas personas. Por eso hay que actuar enseguida en hospitales y ambulatorios m\u00e9dicos. Ese por ejemplo ha sido el desastre del Hospital de Igualada, que reprodujo semanas despu\u00e9s lo que sucedi\u00f3 en urgencia de B\u00e9rgamo, donde hab\u00eda llegado un paciente con s\u00edntomas, que fue el que infect\u00f3 a los m\u00e9dicos, a las enfermeras, a todos los pacientes. Otra cosa que se hizo bien es evitar la hospitalizaci\u00f3n de todos los pacientes con s\u00edntomas. Si esto realmente es as\u00ed, habr\u00eda que avanzar para recobrar la normalidad en la disponibilidad de los circuitos de sanidad p\u00fablica. Otro error grave cometido en Espa\u00f1a en relaci\u00f3n con el V\u00e9neto fue aconsejar a la poblaci\u00f3n no llevar mascarillas. Las mascarillas no dan una protecci\u00f3n al 100%, pero si las lleva todo el mundo, baja much\u00edsimo el riesgo de contagio. \u201cCuando llegaron los m\u00e9dicos enviados por China, se quedaron estupefactos. Nos dec\u00edan que si est\u00e1bamos locos\u201d. Los ascensores son lugares singularmente peligrosos, pero nada se ha dicho de ellos. Los errores cometidos por Espa\u00f1a, y en los que Catalu\u00f1a ha abundado, es un p\u00e9simo an\u00e1lisis del coste: un test puede costar diez euros; tener una persona ingresada en urgencias puede llegar a 60.000 euros. Obviamente, no se puede hacer un test a toda la poblaci\u00f3n, pero s\u00ed practicar una buena elecci\u00f3n de las muestras y no parar. Y desarrollarlos por categor\u00edas de riesgo. Eso es lo que ahora va a empezar a hacerse en Espa\u00f1a pero que todav\u00eda no ha empezado, como con las mascarillas, que est\u00e1n \u201cestudiando\u201d su aplicaci\u00f3n. El&#8230;<\/p>\n","protected":false},"author":2,"featured_media":34690,"comment_status":"open","ping_status":"open","sticky":false,"template":"","format":"standard","meta":{"_FSMCFIC_featured_image_caption":"","_FSMCFIC_featured_image_nocaption":"","_FSMCFIC_featured_image_hide":"","footnotes":""},"categories":[1772,806],"tags":[1504],"class_list":["post-34687","post","type-post","status-publish","format-standard","has-post-thumbnail","hentry","category-especial-coronavirus-es","category-punts-claus-del-dia-es","tag-coronavirus-es"],"yoast_head":"<!-- This site is optimized with the Yoast SEO plugin v26.8 - https:\/\/yoast.com\/product\/yoast-seo-wordpress\/ -->\n<title>Lo que hacen los gobiernos marca la diferencia. \u00bfPor qu\u00e9 el V\u00e9neto lo ha hecho mejor? - Converses a Catalunya<\/title>\n<meta name=\"robots\" content=\"index, follow, max-snippet:-1, max-image-preview:large, max-video-preview:-1\" \/>\n<link rel=\"canonical\" href=\"https:\/\/conversesacatalunya.cat\/es\/lo-que-hacen-los-gobiernos-marca-la-diferencia-por-que-el-veneto-lo-ha-hecho-mejor\/\" \/>\n<meta property=\"og:locale\" content=\"es_ES\" \/>\n<meta property=\"og:type\" content=\"article\" \/>\n<meta property=\"og:title\" content=\"Lo que hacen los gobiernos marca la diferencia. \u00bfPor qu\u00e9 el V\u00e9neto lo ha hecho mejor? - Converses a Catalunya\" \/>\n<meta property=\"og:description\" content=\"Espa\u00f1a es el pa\u00eds del mundo con m\u00e1s impacto de muertes por coronavirus en relaci\u00f3n a la dimensi\u00f3n de su poblaci\u00f3n. En esta referencia clave, sin considerar que la contabilizaci\u00f3n es adem\u00e1s muy estricta, solo se consideran como v\u00edctimas a los que dieron positivo en la prueba, lo cual en un pa\u00eds donde precisamente lo que han escaseado son los test que se\u00f1alan el contagio, permite pensar, y esta va a ser una de las grandes pol\u00e9micas, que la cifra real de muertos es mucho mayor. Pero ahora ci\u00f1\u00e1monos a la cifra oficial. Pues bien, esta primera y luctuosa posici\u00f3n puede contemplarse desde dos perspectivas: la que m\u00e1s interesa al gobierno, la de la fatalidad, dando el 100% de la culpa del da\u00f1o al Covid-19, o aquella otra que dice que el n\u00famero de muertes depende de las medidas adoptadas. Esto es bastante evidente en el caso de los pa\u00edses asi\u00e1ticos de \u00e9xito, como Taiwan, Hong Kong y Corea, pero tambi\u00e9n en el caso alem\u00e1n. Ahora, un caso mucho m\u00e1s pr\u00f3ximo remacha la cuesti\u00f3n de la gran responsabilidad gubernamental. Se trata de la diferencia de resultados entre dos regiones del norte de Italia, la Lombard\u00eda y el V\u00e9neto, ambas afectadas inicialmente por la pandemia, ambas fueron las primeras confinadas, una es lim\u00edtrofe de la otra, pero las administraciones regionales no actuaron igual, y el V\u00e9neto sale mucho mejor parado de la prueba. All\u00ed, el virus brot\u00f3 con violencia, pero se bate en retirada tras una serie de medidas que otros territorios no supieron adoptar a tiempo. Los datos son concluyentes. Si Lombard\u00eda (Mil\u00e1n\/B\u00e9rgamo) es la cruz de la moneda, V\u00e9neto (Padova\/Venecia) es la cara. En el \u00faltimo recuento oficial, V\u00e9neto registraba 662 muertos y 11.000 casos confirmados. Mientras, Lombard\u00eda, superaba los 9.200 fallecidos y rozaba los 52.000 casos. \u00bfLa clave? Con cifras tan dispares, las dos han realizado casi el mismo n\u00famero de test. Una primera diferencia es que en la inicial \u201czona roja\u201c de confinamiento, en la poblaci\u00f3n de Vo\u2019 (el equivalente de Igualada en Catalu\u00f1a aunque est\u00e1 ultima ha sido la manifestaci\u00f3n de todo lo contrario, del desacierto, al confiarlo todo al confinamiento sin recursos) se practicaron test a todos los habitantes del pueblo. Esto permiti\u00f3 deducir que entre el 50% y el 70% de los infectados no estar\u00edan desarrollando s\u00edntomas. Estaba claro desde el primer momento donde radicaba el problema. Los no sintom\u00e1ticos son muchos y son una fuente formidable de contagio. Por eso hay que aislarlos inmediatamente. La mayor\u00eda eran personas j\u00f3venes y sanas. Pero lo m\u00e1s interesante de todo es que cuando los contagiados asintom\u00e1ticos fueron aislados en Vo\u2019, el porcentaje de enfermos disminuy\u00f3 de golpe del 3,2% al 0,3%. Segunda conclusi\u00f3n importante: la circulaci\u00f3n del virus alrededor de una misma persona, aunque ya est\u00e9 infectada, agrava su patolog\u00eda, y por tanto la mortalidad. Tambi\u00e9n permite explicar porque el personal sanitario ha sufrido la enfermedad m\u00e1s que otros colectivos, no solo por riesgo de contagio, sino por evoluci\u00f3n de la patolog\u00eda, y porque las residencias sin ning\u00fan tipo de actuaci\u00f3n por parte del gobierno se han convertido en la mayor\u00eda de casos en trampas mortales. En este sentido, la acci\u00f3n guiada por los test realizada de buen principio es fundamental. Lo que Espa\u00f1a precisamente no ha hecho. Porque ahora se ha sabido que hasta el 14 de marzo, empresas espa\u00f1olas estaban exportando con total libertad este bien necesario por inacci\u00f3n del gobierno. El gr\u00e1fico adjunto muestra la relaci\u00f3n entre letalidad y test, ofreciendo una correlaci\u00f3n ( R2) muy significativa de 0,7154 (como m\u00e1s pr\u00f3xima est\u00e9 de 1, mayor es la correlaci\u00f3n). Este ha sido el gran error del gobierno en Madrid y en Catalu\u00f1a: no realizar test con los asintom\u00e1ticos, una medida que con lentitud y mucho retraso, se plantea ahora. Fue el mismo error que cometi\u00f3 Lombard\u00eda. Tambi\u00e9n la experiencia de V\u00e9neto ofrece una explicaci\u00f3n para el grave error cometido con las residencias: no hicieron test al personal que trabaja all\u00ed, a quienes los cuidan, que son en muchos casos asintom\u00e1ticos y son los que han llevado el virus a los ancianos. Es gente que hac\u00eda una vida normal, entraba all\u00ed, infectaba a las personas mayores. Por eso en Espa\u00f1a las residencias inc\u00f3lumes han sido aquellas en las que los cuidadores por decisi\u00f3n propia se confinaron con los residentes. Otra experiencia clave del V\u00e9neto es que los hospitales y ambulatorios m\u00e9dicos pueden convertirse en focos de contagio porque el virus es muy peligroso en ambientes cerrados donde hay muchas personas. Por eso hay que actuar enseguida en hospitales y ambulatorios m\u00e9dicos. Ese por ejemplo ha sido el desastre del Hospital de Igualada, que reprodujo semanas despu\u00e9s lo que sucedi\u00f3 en urgencia de B\u00e9rgamo, donde hab\u00eda llegado un paciente con s\u00edntomas, que fue el que infect\u00f3 a los m\u00e9dicos, a las enfermeras, a todos los pacientes. Otra cosa que se hizo bien es evitar la hospitalizaci\u00f3n de todos los pacientes con s\u00edntomas. Si esto realmente es as\u00ed, habr\u00eda que avanzar para recobrar la normalidad en la disponibilidad de los circuitos de sanidad p\u00fablica. Otro error grave cometido en Espa\u00f1a en relaci\u00f3n con el V\u00e9neto fue aconsejar a la poblaci\u00f3n no llevar mascarillas. Las mascarillas no dan una protecci\u00f3n al 100%, pero si las lleva todo el mundo, baja much\u00edsimo el riesgo de contagio. \u201cCuando llegaron los m\u00e9dicos enviados por China, se quedaron estupefactos. Nos dec\u00edan que si est\u00e1bamos locos\u201d. Los ascensores son lugares singularmente peligrosos, pero nada se ha dicho de ellos. Los errores cometidos por Espa\u00f1a, y en los que Catalu\u00f1a ha abundado, es un p\u00e9simo an\u00e1lisis del coste: un test puede costar diez euros; tener una persona ingresada en urgencias puede llegar a 60.000 euros. Obviamente, no se puede hacer un test a toda la poblaci\u00f3n, pero s\u00ed practicar una buena elecci\u00f3n de las muestras y no parar. Y desarrollarlos por categor\u00edas de riesgo. Eso es lo que ahora va a empezar a hacerse en Espa\u00f1a pero que todav\u00eda no ha empezado, como con las mascarillas, que est\u00e1n \u201cestudiando\u201d su aplicaci\u00f3n. El...\" \/>\n<meta property=\"og:url\" content=\"https:\/\/conversesacatalunya.cat\/es\/lo-que-hacen-los-gobiernos-marca-la-diferencia-por-que-el-veneto-lo-ha-hecho-mejor\/\" \/>\n<meta property=\"og:site_name\" content=\"Converses a Catalunya\" \/>\n<meta property=\"article:published_time\" content=\"2020-04-08T11:13:15+00:00\" \/>\n<meta property=\"og:image\" content=\"https:\/\/conversesacatalunya.cat\/wp-content\/uploads\/2020\/04\/test-coronavirus.jpg\" \/>\n\t<meta property=\"og:image:width\" content=\"1600\" \/>\n\t<meta property=\"og:image:height\" content=\"900\" \/>\n\t<meta property=\"og:image:type\" content=\"image\/jpeg\" \/>\n<meta name=\"author\" content=\"conversesacatalunya\" \/>\n<meta name=\"twitter:card\" content=\"summary_large_image\" \/>\n<meta name=\"twitter:label1\" content=\"Escrito por\" \/>\n\t<meta name=\"twitter:data1\" content=\"conversesacatalunya\" \/>\n\t<meta name=\"twitter:label2\" content=\"Tiempo de lectura\" \/>\n\t<meta name=\"twitter:data2\" content=\"8 minutos\" \/>\n<script type=\"application\/ld+json\" class=\"yoast-schema-graph\">{\"@context\":\"https:\/\/schema.org\",\"@graph\":[{\"@type\":\"Article\",\"@id\":\"https:\/\/conversesacatalunya.cat\/es\/lo-que-hacen-los-gobiernos-marca-la-diferencia-por-que-el-veneto-lo-ha-hecho-mejor\/#article\",\"isPartOf\":{\"@id\":\"https:\/\/conversesacatalunya.cat\/es\/lo-que-hacen-los-gobiernos-marca-la-diferencia-por-que-el-veneto-lo-ha-hecho-mejor\/\"},\"author\":{\"name\":\"conversesacatalunya\",\"@id\":\"https:\/\/conversesacatalunya.cat\/#\/schema\/person\/7e24d1e54a2785373ddcb275eae5ed99\"},\"headline\":\"Lo que hacen los gobiernos marca la diferencia. \u00bfPor qu\u00e9 el V\u00e9neto lo ha hecho mejor?\",\"datePublished\":\"2020-04-08T11:13:15+00:00\",\"mainEntityOfPage\":{\"@id\":\"https:\/\/conversesacatalunya.cat\/es\/lo-que-hacen-los-gobiernos-marca-la-diferencia-por-que-el-veneto-lo-ha-hecho-mejor\/\"},\"wordCount\":1527,\"commentCount\":0,\"image\":{\"@id\":\"https:\/\/conversesacatalunya.cat\/es\/lo-que-hacen-los-gobiernos-marca-la-diferencia-por-que-el-veneto-lo-ha-hecho-mejor\/#primaryimage\"},\"thumbnailUrl\":\"https:\/\/conversesacatalunya.cat\/wp-content\/uploads\/2020\/04\/test-coronavirus.jpg\",\"keywords\":[\"coronavirus\"],\"articleSection\":[\"Especial Coronavirus (ES)\",\"Punts clau del dia (ES)\"],\"inLanguage\":\"es\",\"potentialAction\":[{\"@type\":\"CommentAction\",\"name\":\"Comment\",\"target\":[\"https:\/\/conversesacatalunya.cat\/es\/lo-que-hacen-los-gobiernos-marca-la-diferencia-por-que-el-veneto-lo-ha-hecho-mejor\/#respond\"]}]},{\"@type\":\"WebPage\",\"@id\":\"https:\/\/conversesacatalunya.cat\/es\/lo-que-hacen-los-gobiernos-marca-la-diferencia-por-que-el-veneto-lo-ha-hecho-mejor\/\",\"url\":\"https:\/\/conversesacatalunya.cat\/es\/lo-que-hacen-los-gobiernos-marca-la-diferencia-por-que-el-veneto-lo-ha-hecho-mejor\/\",\"name\":\"Lo que hacen los gobiernos marca la diferencia. \u00bfPor qu\u00e9 el V\u00e9neto lo ha hecho mejor? - Converses a Catalunya\",\"isPartOf\":{\"@id\":\"https:\/\/conversesacatalunya.cat\/#website\"},\"primaryImageOfPage\":{\"@id\":\"https:\/\/conversesacatalunya.cat\/es\/lo-que-hacen-los-gobiernos-marca-la-diferencia-por-que-el-veneto-lo-ha-hecho-mejor\/#primaryimage\"},\"image\":{\"@id\":\"https:\/\/conversesacatalunya.cat\/es\/lo-que-hacen-los-gobiernos-marca-la-diferencia-por-que-el-veneto-lo-ha-hecho-mejor\/#primaryimage\"},\"thumbnailUrl\":\"https:\/\/conversesacatalunya.cat\/wp-content\/uploads\/2020\/04\/test-coronavirus.jpg\",\"datePublished\":\"2020-04-08T11:13:15+00:00\",\"author\":{\"@id\":\"https:\/\/conversesacatalunya.cat\/#\/schema\/person\/7e24d1e54a2785373ddcb275eae5ed99\"},\"breadcrumb\":{\"@id\":\"https:\/\/conversesacatalunya.cat\/es\/lo-que-hacen-los-gobiernos-marca-la-diferencia-por-que-el-veneto-lo-ha-hecho-mejor\/#breadcrumb\"},\"inLanguage\":\"es\",\"potentialAction\":[{\"@type\":\"ReadAction\",\"target\":[\"https:\/\/conversesacatalunya.cat\/es\/lo-que-hacen-los-gobiernos-marca-la-diferencia-por-que-el-veneto-lo-ha-hecho-mejor\/\"]}]},{\"@type\":\"ImageObject\",\"inLanguage\":\"es\",\"@id\":\"https:\/\/conversesacatalunya.cat\/es\/lo-que-hacen-los-gobiernos-marca-la-diferencia-por-que-el-veneto-lo-ha-hecho-mejor\/#primaryimage\",\"url\":\"https:\/\/conversesacatalunya.cat\/wp-content\/uploads\/2020\/04\/test-coronavirus.jpg\",\"contentUrl\":\"https:\/\/conversesacatalunya.cat\/wp-content\/uploads\/2020\/04\/test-coronavirus.jpg\",\"width\":1600,\"height\":900},{\"@type\":\"BreadcrumbList\",\"@id\":\"https:\/\/conversesacatalunya.cat\/es\/lo-que-hacen-los-gobiernos-marca-la-diferencia-por-que-el-veneto-lo-ha-hecho-mejor\/#breadcrumb\",\"itemListElement\":[{\"@type\":\"ListItem\",\"position\":1,\"name\":\"Inici\",\"item\":\"https:\/\/conversesacatalunya.cat\/es\/\"},{\"@type\":\"ListItem\",\"position\":2,\"name\":\"Lo que hacen los gobiernos marca la diferencia. \u00bfPor qu\u00e9 el V\u00e9neto lo ha hecho mejor?\"}]},{\"@type\":\"WebSite\",\"@id\":\"https:\/\/conversesacatalunya.cat\/#website\",\"url\":\"https:\/\/conversesacatalunya.cat\/\",\"name\":\"Converses a Catalunya\",\"description\":\"\",\"potentialAction\":[{\"@type\":\"SearchAction\",\"target\":{\"@type\":\"EntryPoint\",\"urlTemplate\":\"https:\/\/conversesacatalunya.cat\/?s={search_term_string}\"},\"query-input\":{\"@type\":\"PropertyValueSpecification\",\"valueRequired\":true,\"valueName\":\"search_term_string\"}}],\"inLanguage\":\"es\"},{\"@type\":\"Person\",\"@id\":\"https:\/\/conversesacatalunya.cat\/#\/schema\/person\/7e24d1e54a2785373ddcb275eae5ed99\",\"name\":\"conversesacatalunya\",\"image\":{\"@type\":\"ImageObject\",\"inLanguage\":\"es\",\"@id\":\"https:\/\/conversesacatalunya.cat\/#\/schema\/person\/image\/\",\"url\":\"https:\/\/conversesacatalunya.cat\/wp-content\/litespeed\/avatar\/febdfeeec89d950f01c748045a981dd2.jpg?ver=1777314535\",\"contentUrl\":\"https:\/\/conversesacatalunya.cat\/wp-content\/litespeed\/avatar\/febdfeeec89d950f01c748045a981dd2.jpg?ver=1777314535\",\"caption\":\"conversesacatalunya\"},\"url\":\"https:\/\/conversesacatalunya.cat\/es\/author\/carme_catala\/\"}]}<\/script>\n<!-- \/ Yoast SEO plugin. -->","yoast_head_json":{"title":"Lo que hacen los gobiernos marca la diferencia. \u00bfPor qu\u00e9 el V\u00e9neto lo ha hecho mejor? - Converses a Catalunya","robots":{"index":"index","follow":"follow","max-snippet":"max-snippet:-1","max-image-preview":"max-image-preview:large","max-video-preview":"max-video-preview:-1"},"canonical":"https:\/\/conversesacatalunya.cat\/es\/lo-que-hacen-los-gobiernos-marca-la-diferencia-por-que-el-veneto-lo-ha-hecho-mejor\/","og_locale":"es_ES","og_type":"article","og_title":"Lo que hacen los gobiernos marca la diferencia. \u00bfPor qu\u00e9 el V\u00e9neto lo ha hecho mejor? - Converses a Catalunya","og_description":"Espa\u00f1a es el pa\u00eds del mundo con m\u00e1s impacto de muertes por coronavirus en relaci\u00f3n a la dimensi\u00f3n de su poblaci\u00f3n. En esta referencia clave, sin considerar que la contabilizaci\u00f3n es adem\u00e1s muy estricta, solo se consideran como v\u00edctimas a los que dieron positivo en la prueba, lo cual en un pa\u00eds donde precisamente lo que han escaseado son los test que se\u00f1alan el contagio, permite pensar, y esta va a ser una de las grandes pol\u00e9micas, que la cifra real de muertos es mucho mayor. Pero ahora ci\u00f1\u00e1monos a la cifra oficial. Pues bien, esta primera y luctuosa posici\u00f3n puede contemplarse desde dos perspectivas: la que m\u00e1s interesa al gobierno, la de la fatalidad, dando el 100% de la culpa del da\u00f1o al Covid-19, o aquella otra que dice que el n\u00famero de muertes depende de las medidas adoptadas. Esto es bastante evidente en el caso de los pa\u00edses asi\u00e1ticos de \u00e9xito, como Taiwan, Hong Kong y Corea, pero tambi\u00e9n en el caso alem\u00e1n. Ahora, un caso mucho m\u00e1s pr\u00f3ximo remacha la cuesti\u00f3n de la gran responsabilidad gubernamental. Se trata de la diferencia de resultados entre dos regiones del norte de Italia, la Lombard\u00eda y el V\u00e9neto, ambas afectadas inicialmente por la pandemia, ambas fueron las primeras confinadas, una es lim\u00edtrofe de la otra, pero las administraciones regionales no actuaron igual, y el V\u00e9neto sale mucho mejor parado de la prueba. All\u00ed, el virus brot\u00f3 con violencia, pero se bate en retirada tras una serie de medidas que otros territorios no supieron adoptar a tiempo. Los datos son concluyentes. Si Lombard\u00eda (Mil\u00e1n\/B\u00e9rgamo) es la cruz de la moneda, V\u00e9neto (Padova\/Venecia) es la cara. En el \u00faltimo recuento oficial, V\u00e9neto registraba 662 muertos y 11.000 casos confirmados. Mientras, Lombard\u00eda, superaba los 9.200 fallecidos y rozaba los 52.000 casos. \u00bfLa clave? Con cifras tan dispares, las dos han realizado casi el mismo n\u00famero de test. Una primera diferencia es que en la inicial \u201czona roja\u201c de confinamiento, en la poblaci\u00f3n de Vo\u2019 (el equivalente de Igualada en Catalu\u00f1a aunque est\u00e1 ultima ha sido la manifestaci\u00f3n de todo lo contrario, del desacierto, al confiarlo todo al confinamiento sin recursos) se practicaron test a todos los habitantes del pueblo. Esto permiti\u00f3 deducir que entre el 50% y el 70% de los infectados no estar\u00edan desarrollando s\u00edntomas. Estaba claro desde el primer momento donde radicaba el problema. Los no sintom\u00e1ticos son muchos y son una fuente formidable de contagio. Por eso hay que aislarlos inmediatamente. La mayor\u00eda eran personas j\u00f3venes y sanas. Pero lo m\u00e1s interesante de todo es que cuando los contagiados asintom\u00e1ticos fueron aislados en Vo\u2019, el porcentaje de enfermos disminuy\u00f3 de golpe del 3,2% al 0,3%. Segunda conclusi\u00f3n importante: la circulaci\u00f3n del virus alrededor de una misma persona, aunque ya est\u00e9 infectada, agrava su patolog\u00eda, y por tanto la mortalidad. Tambi\u00e9n permite explicar porque el personal sanitario ha sufrido la enfermedad m\u00e1s que otros colectivos, no solo por riesgo de contagio, sino por evoluci\u00f3n de la patolog\u00eda, y porque las residencias sin ning\u00fan tipo de actuaci\u00f3n por parte del gobierno se han convertido en la mayor\u00eda de casos en trampas mortales. En este sentido, la acci\u00f3n guiada por los test realizada de buen principio es fundamental. Lo que Espa\u00f1a precisamente no ha hecho. Porque ahora se ha sabido que hasta el 14 de marzo, empresas espa\u00f1olas estaban exportando con total libertad este bien necesario por inacci\u00f3n del gobierno. El gr\u00e1fico adjunto muestra la relaci\u00f3n entre letalidad y test, ofreciendo una correlaci\u00f3n ( R2) muy significativa de 0,7154 (como m\u00e1s pr\u00f3xima est\u00e9 de 1, mayor es la correlaci\u00f3n). Este ha sido el gran error del gobierno en Madrid y en Catalu\u00f1a: no realizar test con los asintom\u00e1ticos, una medida que con lentitud y mucho retraso, se plantea ahora. Fue el mismo error que cometi\u00f3 Lombard\u00eda. Tambi\u00e9n la experiencia de V\u00e9neto ofrece una explicaci\u00f3n para el grave error cometido con las residencias: no hicieron test al personal que trabaja all\u00ed, a quienes los cuidan, que son en muchos casos asintom\u00e1ticos y son los que han llevado el virus a los ancianos. Es gente que hac\u00eda una vida normal, entraba all\u00ed, infectaba a las personas mayores. Por eso en Espa\u00f1a las residencias inc\u00f3lumes han sido aquellas en las que los cuidadores por decisi\u00f3n propia se confinaron con los residentes. Otra experiencia clave del V\u00e9neto es que los hospitales y ambulatorios m\u00e9dicos pueden convertirse en focos de contagio porque el virus es muy peligroso en ambientes cerrados donde hay muchas personas. Por eso hay que actuar enseguida en hospitales y ambulatorios m\u00e9dicos. Ese por ejemplo ha sido el desastre del Hospital de Igualada, que reprodujo semanas despu\u00e9s lo que sucedi\u00f3 en urgencia de B\u00e9rgamo, donde hab\u00eda llegado un paciente con s\u00edntomas, que fue el que infect\u00f3 a los m\u00e9dicos, a las enfermeras, a todos los pacientes. Otra cosa que se hizo bien es evitar la hospitalizaci\u00f3n de todos los pacientes con s\u00edntomas. Si esto realmente es as\u00ed, habr\u00eda que avanzar para recobrar la normalidad en la disponibilidad de los circuitos de sanidad p\u00fablica. Otro error grave cometido en Espa\u00f1a en relaci\u00f3n con el V\u00e9neto fue aconsejar a la poblaci\u00f3n no llevar mascarillas. Las mascarillas no dan una protecci\u00f3n al 100%, pero si las lleva todo el mundo, baja much\u00edsimo el riesgo de contagio. \u201cCuando llegaron los m\u00e9dicos enviados por China, se quedaron estupefactos. Nos dec\u00edan que si est\u00e1bamos locos\u201d. Los ascensores son lugares singularmente peligrosos, pero nada se ha dicho de ellos. Los errores cometidos por Espa\u00f1a, y en los que Catalu\u00f1a ha abundado, es un p\u00e9simo an\u00e1lisis del coste: un test puede costar diez euros; tener una persona ingresada en urgencias puede llegar a 60.000 euros. Obviamente, no se puede hacer un test a toda la poblaci\u00f3n, pero s\u00ed practicar una buena elecci\u00f3n de las muestras y no parar. Y desarrollarlos por categor\u00edas de riesgo. Eso es lo que ahora va a empezar a hacerse en Espa\u00f1a pero que todav\u00eda no ha empezado, como con las mascarillas, que est\u00e1n \u201cestudiando\u201d su aplicaci\u00f3n. El...","og_url":"https:\/\/conversesacatalunya.cat\/es\/lo-que-hacen-los-gobiernos-marca-la-diferencia-por-que-el-veneto-lo-ha-hecho-mejor\/","og_site_name":"Converses a Catalunya","article_published_time":"2020-04-08T11:13:15+00:00","og_image":[{"width":1600,"height":900,"url":"https:\/\/conversesacatalunya.cat\/wp-content\/uploads\/2020\/04\/test-coronavirus.jpg","type":"image\/jpeg"}],"author":"conversesacatalunya","twitter_card":"summary_large_image","twitter_misc":{"Escrito por":"conversesacatalunya","Tiempo de lectura":"8 minutos"},"schema":{"@context":"https:\/\/schema.org","@graph":[{"@type":"Article","@id":"https:\/\/conversesacatalunya.cat\/es\/lo-que-hacen-los-gobiernos-marca-la-diferencia-por-que-el-veneto-lo-ha-hecho-mejor\/#article","isPartOf":{"@id":"https:\/\/conversesacatalunya.cat\/es\/lo-que-hacen-los-gobiernos-marca-la-diferencia-por-que-el-veneto-lo-ha-hecho-mejor\/"},"author":{"name":"conversesacatalunya","@id":"https:\/\/conversesacatalunya.cat\/#\/schema\/person\/7e24d1e54a2785373ddcb275eae5ed99"},"headline":"Lo que hacen los gobiernos marca la diferencia. \u00bfPor qu\u00e9 el V\u00e9neto lo ha hecho mejor?","datePublished":"2020-04-08T11:13:15+00:00","mainEntityOfPage":{"@id":"https:\/\/conversesacatalunya.cat\/es\/lo-que-hacen-los-gobiernos-marca-la-diferencia-por-que-el-veneto-lo-ha-hecho-mejor\/"},"wordCount":1527,"commentCount":0,"image":{"@id":"https:\/\/conversesacatalunya.cat\/es\/lo-que-hacen-los-gobiernos-marca-la-diferencia-por-que-el-veneto-lo-ha-hecho-mejor\/#primaryimage"},"thumbnailUrl":"https:\/\/conversesacatalunya.cat\/wp-content\/uploads\/2020\/04\/test-coronavirus.jpg","keywords":["coronavirus"],"articleSection":["Especial Coronavirus (ES)","Punts clau del dia (ES)"],"inLanguage":"es","potentialAction":[{"@type":"CommentAction","name":"Comment","target":["https:\/\/conversesacatalunya.cat\/es\/lo-que-hacen-los-gobiernos-marca-la-diferencia-por-que-el-veneto-lo-ha-hecho-mejor\/#respond"]}]},{"@type":"WebPage","@id":"https:\/\/conversesacatalunya.cat\/es\/lo-que-hacen-los-gobiernos-marca-la-diferencia-por-que-el-veneto-lo-ha-hecho-mejor\/","url":"https:\/\/conversesacatalunya.cat\/es\/lo-que-hacen-los-gobiernos-marca-la-diferencia-por-que-el-veneto-lo-ha-hecho-mejor\/","name":"Lo que hacen los gobiernos marca la diferencia. \u00bfPor qu\u00e9 el V\u00e9neto lo ha hecho mejor? - Converses a Catalunya","isPartOf":{"@id":"https:\/\/conversesacatalunya.cat\/#website"},"primaryImageOfPage":{"@id":"https:\/\/conversesacatalunya.cat\/es\/lo-que-hacen-los-gobiernos-marca-la-diferencia-por-que-el-veneto-lo-ha-hecho-mejor\/#primaryimage"},"image":{"@id":"https:\/\/conversesacatalunya.cat\/es\/lo-que-hacen-los-gobiernos-marca-la-diferencia-por-que-el-veneto-lo-ha-hecho-mejor\/#primaryimage"},"thumbnailUrl":"https:\/\/conversesacatalunya.cat\/wp-content\/uploads\/2020\/04\/test-coronavirus.jpg","datePublished":"2020-04-08T11:13:15+00:00","author":{"@id":"https:\/\/conversesacatalunya.cat\/#\/schema\/person\/7e24d1e54a2785373ddcb275eae5ed99"},"breadcrumb":{"@id":"https:\/\/conversesacatalunya.cat\/es\/lo-que-hacen-los-gobiernos-marca-la-diferencia-por-que-el-veneto-lo-ha-hecho-mejor\/#breadcrumb"},"inLanguage":"es","potentialAction":[{"@type":"ReadAction","target":["https:\/\/conversesacatalunya.cat\/es\/lo-que-hacen-los-gobiernos-marca-la-diferencia-por-que-el-veneto-lo-ha-hecho-mejor\/"]}]},{"@type":"ImageObject","inLanguage":"es","@id":"https:\/\/conversesacatalunya.cat\/es\/lo-que-hacen-los-gobiernos-marca-la-diferencia-por-que-el-veneto-lo-ha-hecho-mejor\/#primaryimage","url":"https:\/\/conversesacatalunya.cat\/wp-content\/uploads\/2020\/04\/test-coronavirus.jpg","contentUrl":"https:\/\/conversesacatalunya.cat\/wp-content\/uploads\/2020\/04\/test-coronavirus.jpg","width":1600,"height":900},{"@type":"BreadcrumbList","@id":"https:\/\/conversesacatalunya.cat\/es\/lo-que-hacen-los-gobiernos-marca-la-diferencia-por-que-el-veneto-lo-ha-hecho-mejor\/#breadcrumb","itemListElement":[{"@type":"ListItem","position":1,"name":"Inici","item":"https:\/\/conversesacatalunya.cat\/es\/"},{"@type":"ListItem","position":2,"name":"Lo que hacen los gobiernos marca la diferencia. \u00bfPor qu\u00e9 el V\u00e9neto lo ha hecho mejor?"}]},{"@type":"WebSite","@id":"https:\/\/conversesacatalunya.cat\/#website","url":"https:\/\/conversesacatalunya.cat\/","name":"Converses a Catalunya","description":"","potentialAction":[{"@type":"SearchAction","target":{"@type":"EntryPoint","urlTemplate":"https:\/\/conversesacatalunya.cat\/?s={search_term_string}"},"query-input":{"@type":"PropertyValueSpecification","valueRequired":true,"valueName":"search_term_string"}}],"inLanguage":"es"},{"@type":"Person","@id":"https:\/\/conversesacatalunya.cat\/#\/schema\/person\/7e24d1e54a2785373ddcb275eae5ed99","name":"conversesacatalunya","image":{"@type":"ImageObject","inLanguage":"es","@id":"https:\/\/conversesacatalunya.cat\/#\/schema\/person\/image\/","url":"https:\/\/conversesacatalunya.cat\/wp-content\/litespeed\/avatar\/febdfeeec89d950f01c748045a981dd2.jpg?ver=1777314535","contentUrl":"https:\/\/conversesacatalunya.cat\/wp-content\/litespeed\/avatar\/febdfeeec89d950f01c748045a981dd2.jpg?ver=1777314535","caption":"conversesacatalunya"},"url":"https:\/\/conversesacatalunya.cat\/es\/author\/carme_catala\/"}]}},"wps_subtitle":"","_links":{"self":[{"href":"https:\/\/conversesacatalunya.cat\/es\/wp-json\/wp\/v2\/posts\/34687","targetHints":{"allow":["GET"]}}],"collection":[{"href":"https:\/\/conversesacatalunya.cat\/es\/wp-json\/wp\/v2\/posts"}],"about":[{"href":"https:\/\/conversesacatalunya.cat\/es\/wp-json\/wp\/v2\/types\/post"}],"author":[{"embeddable":true,"href":"https:\/\/conversesacatalunya.cat\/es\/wp-json\/wp\/v2\/users\/2"}],"replies":[{"embeddable":true,"href":"https:\/\/conversesacatalunya.cat\/es\/wp-json\/wp\/v2\/comments?post=34687"}],"version-history":[{"count":1,"href":"https:\/\/conversesacatalunya.cat\/es\/wp-json\/wp\/v2\/posts\/34687\/revisions"}],"predecessor-version":[{"id":34692,"href":"https:\/\/conversesacatalunya.cat\/es\/wp-json\/wp\/v2\/posts\/34687\/revisions\/34692"}],"wp:featuredmedia":[{"embeddable":true,"href":"https:\/\/conversesacatalunya.cat\/es\/wp-json\/wp\/v2\/media\/34690"}],"wp:attachment":[{"href":"https:\/\/conversesacatalunya.cat\/es\/wp-json\/wp\/v2\/media?parent=34687"}],"wp:term":[{"taxonomy":"category","embeddable":true,"href":"https:\/\/conversesacatalunya.cat\/es\/wp-json\/wp\/v2\/categories?post=34687"},{"taxonomy":"post_tag","embeddable":true,"href":"https:\/\/conversesacatalunya.cat\/es\/wp-json\/wp\/v2\/tags?post=34687"}],"curies":[{"name":"wp","href":"https:\/\/api.w.org\/{rel}","templated":true}]}}