{"id":34683,"date":"2020-04-08T12:18:10","date_gmt":"2020-04-08T10:18:10","guid":{"rendered":"https:\/\/conversesacatalunya.cat\/?p=34683"},"modified":"2020-04-08T12:18:10","modified_gmt":"2020-04-08T10:18:10","slug":"como-hemos-cambiado-nuestras-costumbres-con-el-coronavirus-los-cambios-en-la-movilidad","status":"publish","type":"post","link":"https:\/\/conversesacatalunya.cat\/es\/como-hemos-cambiado-nuestras-costumbres-con-el-coronavirus-los-cambios-en-la-movilidad\/","title":{"rendered":"C\u00f3mo hemos cambiado nuestras costumbres con el coronavirus: Los cambios en la movilidad"},"content":{"rendered":"<p>Google prepar\u00f3 un <strong>informe<\/strong> donde se registran los cambios de movilidad a lo largo de la pandemia en t\u00e9rminos de porcentaje y en relaci\u00f3n con los datos promedios. Pero advierten que:<\/p>\n<blockquote><p>\u201cLa precisi\u00f3n de la ubicaci\u00f3n y la comprensi\u00f3n de los lugares categorizados var\u00eda de una regi\u00f3n a otra, por lo que no recomendamos utilizar estos datos para comparar los cambios entre pa\u00edses o entre regiones con diferentes caracter\u00edsticas (por ejemplo, \u00e1reas rurales versus \u00e1reas urbanas)\u201d.<\/p><\/blockquote>\n<p>Solo han tratado aquellas regiones que disponen de niveles de datos estad\u00edsticamente significativos. Para saber c\u00f3mo calcularon estas tendencias y preservar la privacidad, <strong>el informe<\/strong>, ofrece el acceso a la metodolog\u00eda.<\/p>\n<p>Los datos que figuran a continuaci\u00f3n se refieren al conjunto<strong> de Espa\u00f1a (y la cifra del mismo concepto ce\u00f1ida a Catalu\u00f1a). <\/strong><\/p>\n<p>El baj\u00f3n m\u00e1s grande se ha dado en la venta<strong> minorista y actividades de ocio,<\/strong> que han <strong>disminuido un 94%.<\/strong> Esta reducci\u00f3n, que de hecho significa el cese de toda actividad, se refiere a tendencias de movilidad para lugares como restaurantes, cafeter\u00edas, centros comerciales, parques tem\u00e1ticos, museos, bibliotecas y cines.<\/p>\n<p>Para <strong>Parques<\/strong> (parques nacionales, playas p\u00fablicas, parques urbanos, plazas y jardines p\u00fablicos) la reducci\u00f3n ha sido del <strong>89%.<\/strong><\/p>\n<p><strong>Las tendencias de movilidad para lugares como centros de transporte p\u00fablico, <\/strong>estaciones de metro, autob\u00fas y tren, y todo tipo de estaciones de tr\u00e1nsito, la disminuci\u00f3n ha resultado del <strong>88%.<\/strong><\/p>\n<p><strong>Un segundo grupo es el de supermercados y farmacias, y parafarmacias,<\/strong> perfumer\u00edas, almacenes de alimentos, mercados de agricultores, tiendas especializadas de alimentos. En este caso la reducci\u00f3n <strong>tambi\u00e9n es importante, el 76 %<\/strong>, aunque seguramente muy distinta entre las actividades esenciales, como la adquisici\u00f3n de comida y productos farmac\u00e9uticos. Debe considerarse que se trata de movilidad y no de gasto. Puede darse menor frecuencia de compra pero m\u00e1s gasto por unidad.<\/p>\n<p>M\u00e1s moderada ha resultado la movilidad relacionada con los lugares<strong> de trabajo<\/strong>, <strong>del 64%.<\/strong><\/p>\n<p>Finalmente, la que ha registrado una movilidad positiva, como es l\u00f3gico es la relacionada con la <strong>residencia, <\/strong>que ha registrado un incremento del 22%<strong>.<\/strong><\/p>\n<p>El paro ha sido total en la actividad comercial, y esto tambi\u00e9n debe leerse en el grado del problema econ\u00f3mico que genera la vuelta a la normalidad, la presencia al aire libre, el espacio p\u00fablico, confirmando la disciplina del confinamiento, la movilidad mediante el transporte p\u00fablico. Dado que la reducci\u00f3n en la movilidad al trabajo ha sido importante, pero menor, resulta evidente que el transporte privado ha ejercido la funci\u00f3n mayoritaria en los desplazamientos.<\/p>\n<p>La reducci\u00f3n en la actividad comercial relacionada con la alimentaci\u00f3n, pero tambi\u00e9n en farmacia y perfumer\u00edas, ha sido grande pero menor que las anteriores. Tambi\u00e9n es posible observar que en t\u00e9rminos de desplazamientos laborales, casi un tercio de las personas han manteniendo su actividad, o en t\u00e9rminos opuestos, dos tercios no han trabajado, y ello tambi\u00e9n da una idea del <strong>golpe econ\u00f3mico que tal paro significa<\/strong>. Por \u00faltimo, solo, como es l\u00f3gico, la vivienda ha registrado un balance positivo.<\/p>\n<p style=\"text-align: center;\">M\u00e1s informaci\u00f3n sobre el coronavirus en <a href=\"https:\/\/conversesacatalunya.cat\/es\/coronavirus\/\" target=\"_blank\" rel=\"noopener noreferrer\"><strong>ESPECIAL CORONAVIRUS<\/strong><\/a><\/p>\n<span class='bctt-click-to-tweet'><span class='bctt-ctt-text'><a href='https:\/\/twitter.com\/intent\/tweet?url=https%3A%2F%2Fconversesacatalunya.cat%2Fes%2Fcomo-hemos-cambiado-nuestras-costumbres-con-el-coronavirus-los-cambios-en-la-movilidad%2F&#038;text=Google%20prepar%C3%B3%20un%20informe%20donde%20se%20registran%20los%20cambios%20de%20movilidad%20a%20lo%20largo%20de%20la%20pandemia%20en%20t%C3%A9rminos%20de%20porcentaje%20y%20en%20relaci%C3%B3n%20con%20los%20datos%20promedios&#038;via=conversesacat&#038;related=conversesacat' target='_blank'rel=\"noopener noreferrer\">Google prepar\u00f3 un informe donde se registran los cambios de movilidad a lo largo de la pandemia en t\u00e9rminos de porcentaje y en relaci\u00f3n con los datos promedios <\/a><\/span><a href='https:\/\/twitter.com\/intent\/tweet?url=https%3A%2F%2Fconversesacatalunya.cat%2Fes%2Fcomo-hemos-cambiado-nuestras-costumbres-con-el-coronavirus-los-cambios-en-la-movilidad%2F&#038;text=Google%20prepar%C3%B3%20un%20informe%20donde%20se%20registran%20los%20cambios%20de%20movilidad%20a%20lo%20largo%20de%20la%20pandemia%20en%20t%C3%A9rminos%20de%20porcentaje%20y%20en%20relaci%C3%B3n%20con%20los%20datos%20promedios&#038;via=conversesacat&#038;related=conversesacat' target='_blank' class='bctt-ctt-btn'rel=\"noopener noreferrer\">Compartir en X<\/a><\/span>\n","protected":false},"excerpt":{"rendered":"<p>Google prepar\u00f3 un informe donde se registran los cambios de movilidad a lo largo de la pandemia en t\u00e9rminos de porcentaje y en relaci\u00f3n con los datos promedios. Pero advierten que: \u201cLa precisi\u00f3n de la ubicaci\u00f3n y la comprensi\u00f3n de los lugares categorizados var\u00eda de una regi\u00f3n a otra, por lo que no recomendamos utilizar estos datos para comparar los cambios entre pa\u00edses o entre regiones con diferentes caracter\u00edsticas (por ejemplo, \u00e1reas rurales versus \u00e1reas urbanas)\u201d. Solo han tratado aquellas regiones que disponen de niveles de datos estad\u00edsticamente significativos. Para saber c\u00f3mo calcularon estas tendencias y preservar la privacidad, el informe, ofrece el acceso a la metodolog\u00eda. Los datos que figuran a continuaci\u00f3n se refieren al conjunto de Espa\u00f1a (y la cifra del mismo concepto ce\u00f1ida a Catalu\u00f1a). El baj\u00f3n m\u00e1s grande se ha dado en la venta minorista y actividades de ocio, que han disminuido un 94%. Esta reducci\u00f3n, que de hecho significa el cese de toda actividad, se refiere a tendencias de movilidad para lugares como restaurantes, cafeter\u00edas, centros comerciales, parques tem\u00e1ticos, museos, bibliotecas y cines. Para Parques (parques nacionales, playas p\u00fablicas, parques urbanos, plazas y jardines p\u00fablicos) la reducci\u00f3n ha sido del 89%. Las tendencias de movilidad para lugares como centros de transporte p\u00fablico, estaciones de metro, autob\u00fas y tren, y todo tipo de estaciones de tr\u00e1nsito, la disminuci\u00f3n ha resultado del 88%. Un segundo grupo es el de supermercados y farmacias, y parafarmacias, perfumer\u00edas, almacenes de alimentos, mercados de agricultores, tiendas especializadas de alimentos. En este caso la reducci\u00f3n tambi\u00e9n es importante, el 76 %, aunque seguramente muy distinta entre las actividades esenciales, como la adquisici\u00f3n de comida y productos farmac\u00e9uticos. Debe considerarse que se trata de movilidad y no de gasto. Puede darse menor frecuencia de compra pero m\u00e1s gasto por unidad. M\u00e1s moderada ha resultado la movilidad relacionada con los lugares de trabajo, del 64%. Finalmente, la que ha registrado una movilidad positiva, como es l\u00f3gico es la relacionada con la residencia, que ha registrado un incremento del 22%. El paro ha sido total en la actividad comercial, y esto tambi\u00e9n debe leerse en el grado del problema econ\u00f3mico que genera la vuelta a la normalidad, la presencia al aire libre, el espacio p\u00fablico, confirmando la disciplina del confinamiento, la movilidad mediante el transporte p\u00fablico. Dado que la reducci\u00f3n en la movilidad al trabajo ha sido importante, pero menor, resulta evidente que el transporte privado ha ejercido la funci\u00f3n mayoritaria en los desplazamientos. La reducci\u00f3n en la actividad comercial relacionada con la alimentaci\u00f3n, pero tambi\u00e9n en farmacia y perfumer\u00edas, ha sido grande pero menor que las anteriores. Tambi\u00e9n es posible observar que en t\u00e9rminos de desplazamientos laborales, casi un tercio de las personas han manteniendo su actividad, o en t\u00e9rminos opuestos, dos tercios no han trabajado, y ello tambi\u00e9n da una idea del golpe econ\u00f3mico que tal paro significa. Por \u00faltimo, solo, como es l\u00f3gico, la vivienda ha registrado un balance positivo. M\u00e1s informaci\u00f3n sobre el coronavirus en ESPECIAL CORONAVIRUS<\/p>\n","protected":false},"author":2,"featured_media":34684,"comment_status":"open","ping_status":"open","sticky":false,"template":"","format":"standard","meta":{"_FSMCFIC_featured_image_caption":"","_FSMCFIC_featured_image_nocaption":"","_FSMCFIC_featured_image_hide":"","footnotes":""},"categories":[1772,806],"tags":[1504,1579],"class_list":["post-34683","post","type-post","status-publish","format-standard","has-post-thumbnail","hentry","category-especial-coronavirus-es","category-punts-claus-del-dia-es","tag-coronavirus-es","tag-paro"],"yoast_head":"<!-- This site is optimized with the Yoast SEO plugin v26.8 - https:\/\/yoast.com\/product\/yoast-seo-wordpress\/ -->\n<title>C\u00f3mo hemos cambiado nuestras costumbres con el coronavirus: Los cambios en la movilidad - Converses a Catalunya<\/title>\n<meta name=\"robots\" content=\"index, follow, max-snippet:-1, max-image-preview:large, max-video-preview:-1\" \/>\n<link rel=\"canonical\" href=\"https:\/\/conversesacatalunya.cat\/es\/como-hemos-cambiado-nuestras-costumbres-con-el-coronavirus-los-cambios-en-la-movilidad\/\" \/>\n<meta property=\"og:locale\" content=\"es_ES\" \/>\n<meta property=\"og:type\" content=\"article\" \/>\n<meta property=\"og:title\" content=\"C\u00f3mo hemos cambiado nuestras costumbres con el coronavirus: Los cambios en la movilidad - Converses a Catalunya\" \/>\n<meta property=\"og:description\" content=\"Google prepar\u00f3 un informe donde se registran los cambios de movilidad a lo largo de la pandemia en t\u00e9rminos de porcentaje y en relaci\u00f3n con los datos promedios. Pero advierten que: \u201cLa precisi\u00f3n de la ubicaci\u00f3n y la comprensi\u00f3n de los lugares categorizados var\u00eda de una regi\u00f3n a otra, por lo que no recomendamos utilizar estos datos para comparar los cambios entre pa\u00edses o entre regiones con diferentes caracter\u00edsticas (por ejemplo, \u00e1reas rurales versus \u00e1reas urbanas)\u201d. Solo han tratado aquellas regiones que disponen de niveles de datos estad\u00edsticamente significativos. Para saber c\u00f3mo calcularon estas tendencias y preservar la privacidad, el informe, ofrece el acceso a la metodolog\u00eda. Los datos que figuran a continuaci\u00f3n se refieren al conjunto de Espa\u00f1a (y la cifra del mismo concepto ce\u00f1ida a Catalu\u00f1a). El baj\u00f3n m\u00e1s grande se ha dado en la venta minorista y actividades de ocio, que han disminuido un 94%. Esta reducci\u00f3n, que de hecho significa el cese de toda actividad, se refiere a tendencias de movilidad para lugares como restaurantes, cafeter\u00edas, centros comerciales, parques tem\u00e1ticos, museos, bibliotecas y cines. Para Parques (parques nacionales, playas p\u00fablicas, parques urbanos, plazas y jardines p\u00fablicos) la reducci\u00f3n ha sido del 89%. Las tendencias de movilidad para lugares como centros de transporte p\u00fablico, estaciones de metro, autob\u00fas y tren, y todo tipo de estaciones de tr\u00e1nsito, la disminuci\u00f3n ha resultado del 88%. Un segundo grupo es el de supermercados y farmacias, y parafarmacias, perfumer\u00edas, almacenes de alimentos, mercados de agricultores, tiendas especializadas de alimentos. En este caso la reducci\u00f3n tambi\u00e9n es importante, el 76 %, aunque seguramente muy distinta entre las actividades esenciales, como la adquisici\u00f3n de comida y productos farmac\u00e9uticos. Debe considerarse que se trata de movilidad y no de gasto. Puede darse menor frecuencia de compra pero m\u00e1s gasto por unidad. M\u00e1s moderada ha resultado la movilidad relacionada con los lugares de trabajo, del 64%. Finalmente, la que ha registrado una movilidad positiva, como es l\u00f3gico es la relacionada con la residencia, que ha registrado un incremento del 22%. El paro ha sido total en la actividad comercial, y esto tambi\u00e9n debe leerse en el grado del problema econ\u00f3mico que genera la vuelta a la normalidad, la presencia al aire libre, el espacio p\u00fablico, confirmando la disciplina del confinamiento, la movilidad mediante el transporte p\u00fablico. Dado que la reducci\u00f3n en la movilidad al trabajo ha sido importante, pero menor, resulta evidente que el transporte privado ha ejercido la funci\u00f3n mayoritaria en los desplazamientos. La reducci\u00f3n en la actividad comercial relacionada con la alimentaci\u00f3n, pero tambi\u00e9n en farmacia y perfumer\u00edas, ha sido grande pero menor que las anteriores. Tambi\u00e9n es posible observar que en t\u00e9rminos de desplazamientos laborales, casi un tercio de las personas han manteniendo su actividad, o en t\u00e9rminos opuestos, dos tercios no han trabajado, y ello tambi\u00e9n da una idea del golpe econ\u00f3mico que tal paro significa. Por \u00faltimo, solo, como es l\u00f3gico, la vivienda ha registrado un balance positivo. M\u00e1s informaci\u00f3n sobre el coronavirus en ESPECIAL CORONAVIRUS\" \/>\n<meta property=\"og:url\" content=\"https:\/\/conversesacatalunya.cat\/es\/como-hemos-cambiado-nuestras-costumbres-con-el-coronavirus-los-cambios-en-la-movilidad\/\" \/>\n<meta property=\"og:site_name\" content=\"Converses a Catalunya\" \/>\n<meta property=\"article:published_time\" content=\"2020-04-08T10:18:10+00:00\" \/>\n<meta property=\"og:image\" content=\"https:\/\/conversesacatalunya.cat\/wp-content\/uploads\/2020\/04\/movilidad.jpg\" \/>\n\t<meta property=\"og:image:width\" content=\"720\" \/>\n\t<meta property=\"og:image:height\" content=\"405\" \/>\n\t<meta property=\"og:image:type\" content=\"image\/jpeg\" \/>\n<meta name=\"author\" content=\"conversesacatalunya\" \/>\n<meta name=\"twitter:card\" content=\"summary_large_image\" \/>\n<meta name=\"twitter:label1\" content=\"Escrito por\" \/>\n\t<meta name=\"twitter:data1\" content=\"conversesacatalunya\" \/>\n\t<meta name=\"twitter:label2\" content=\"Tiempo de lectura\" \/>\n\t<meta name=\"twitter:data2\" content=\"3 minutos\" \/>\n<script type=\"application\/ld+json\" class=\"yoast-schema-graph\">{\"@context\":\"https:\/\/schema.org\",\"@graph\":[{\"@type\":\"Article\",\"@id\":\"https:\/\/conversesacatalunya.cat\/es\/como-hemos-cambiado-nuestras-costumbres-con-el-coronavirus-los-cambios-en-la-movilidad\/#article\",\"isPartOf\":{\"@id\":\"https:\/\/conversesacatalunya.cat\/es\/como-hemos-cambiado-nuestras-costumbres-con-el-coronavirus-los-cambios-en-la-movilidad\/\"},\"author\":{\"name\":\"conversesacatalunya\",\"@id\":\"https:\/\/conversesacatalunya.cat\/#\/schema\/person\/7e24d1e54a2785373ddcb275eae5ed99\"},\"headline\":\"C\u00f3mo hemos cambiado nuestras costumbres con el coronavirus: Los cambios en la movilidad\",\"datePublished\":\"2020-04-08T10:18:10+00:00\",\"mainEntityOfPage\":{\"@id\":\"https:\/\/conversesacatalunya.cat\/es\/como-hemos-cambiado-nuestras-costumbres-con-el-coronavirus-los-cambios-en-la-movilidad\/\"},\"wordCount\":591,\"commentCount\":0,\"image\":{\"@id\":\"https:\/\/conversesacatalunya.cat\/es\/como-hemos-cambiado-nuestras-costumbres-con-el-coronavirus-los-cambios-en-la-movilidad\/#primaryimage\"},\"thumbnailUrl\":\"https:\/\/conversesacatalunya.cat\/wp-content\/uploads\/2020\/04\/movilidad.jpg\",\"keywords\":[\"coronavirus\",\"Paro\"],\"articleSection\":[\"Especial Coronavirus (ES)\",\"Punts clau del dia (ES)\"],\"inLanguage\":\"es\",\"potentialAction\":[{\"@type\":\"CommentAction\",\"name\":\"Comment\",\"target\":[\"https:\/\/conversesacatalunya.cat\/es\/como-hemos-cambiado-nuestras-costumbres-con-el-coronavirus-los-cambios-en-la-movilidad\/#respond\"]}]},{\"@type\":\"WebPage\",\"@id\":\"https:\/\/conversesacatalunya.cat\/es\/como-hemos-cambiado-nuestras-costumbres-con-el-coronavirus-los-cambios-en-la-movilidad\/\",\"url\":\"https:\/\/conversesacatalunya.cat\/es\/como-hemos-cambiado-nuestras-costumbres-con-el-coronavirus-los-cambios-en-la-movilidad\/\",\"name\":\"C\u00f3mo hemos cambiado nuestras costumbres con el coronavirus: Los cambios en la movilidad - Converses a Catalunya\",\"isPartOf\":{\"@id\":\"https:\/\/conversesacatalunya.cat\/#website\"},\"primaryImageOfPage\":{\"@id\":\"https:\/\/conversesacatalunya.cat\/es\/como-hemos-cambiado-nuestras-costumbres-con-el-coronavirus-los-cambios-en-la-movilidad\/#primaryimage\"},\"image\":{\"@id\":\"https:\/\/conversesacatalunya.cat\/es\/como-hemos-cambiado-nuestras-costumbres-con-el-coronavirus-los-cambios-en-la-movilidad\/#primaryimage\"},\"thumbnailUrl\":\"https:\/\/conversesacatalunya.cat\/wp-content\/uploads\/2020\/04\/movilidad.jpg\",\"datePublished\":\"2020-04-08T10:18:10+00:00\",\"author\":{\"@id\":\"https:\/\/conversesacatalunya.cat\/#\/schema\/person\/7e24d1e54a2785373ddcb275eae5ed99\"},\"breadcrumb\":{\"@id\":\"https:\/\/conversesacatalunya.cat\/es\/como-hemos-cambiado-nuestras-costumbres-con-el-coronavirus-los-cambios-en-la-movilidad\/#breadcrumb\"},\"inLanguage\":\"es\",\"potentialAction\":[{\"@type\":\"ReadAction\",\"target\":[\"https:\/\/conversesacatalunya.cat\/es\/como-hemos-cambiado-nuestras-costumbres-con-el-coronavirus-los-cambios-en-la-movilidad\/\"]}]},{\"@type\":\"ImageObject\",\"inLanguage\":\"es\",\"@id\":\"https:\/\/conversesacatalunya.cat\/es\/como-hemos-cambiado-nuestras-costumbres-con-el-coronavirus-los-cambios-en-la-movilidad\/#primaryimage\",\"url\":\"https:\/\/conversesacatalunya.cat\/wp-content\/uploads\/2020\/04\/movilidad.jpg\",\"contentUrl\":\"https:\/\/conversesacatalunya.cat\/wp-content\/uploads\/2020\/04\/movilidad.jpg\",\"width\":720,\"height\":405,\"caption\":\"movilidad\"},{\"@type\":\"BreadcrumbList\",\"@id\":\"https:\/\/conversesacatalunya.cat\/es\/como-hemos-cambiado-nuestras-costumbres-con-el-coronavirus-los-cambios-en-la-movilidad\/#breadcrumb\",\"itemListElement\":[{\"@type\":\"ListItem\",\"position\":1,\"name\":\"Inici\",\"item\":\"https:\/\/conversesacatalunya.cat\/es\/\"},{\"@type\":\"ListItem\",\"position\":2,\"name\":\"C\u00f3mo hemos cambiado nuestras costumbres con el coronavirus: Los cambios en la movilidad\"}]},{\"@type\":\"WebSite\",\"@id\":\"https:\/\/conversesacatalunya.cat\/#website\",\"url\":\"https:\/\/conversesacatalunya.cat\/\",\"name\":\"Converses a Catalunya\",\"description\":\"\",\"potentialAction\":[{\"@type\":\"SearchAction\",\"target\":{\"@type\":\"EntryPoint\",\"urlTemplate\":\"https:\/\/conversesacatalunya.cat\/?s={search_term_string}\"},\"query-input\":{\"@type\":\"PropertyValueSpecification\",\"valueRequired\":true,\"valueName\":\"search_term_string\"}}],\"inLanguage\":\"es\"},{\"@type\":\"Person\",\"@id\":\"https:\/\/conversesacatalunya.cat\/#\/schema\/person\/7e24d1e54a2785373ddcb275eae5ed99\",\"name\":\"conversesacatalunya\",\"image\":{\"@type\":\"ImageObject\",\"inLanguage\":\"es\",\"@id\":\"https:\/\/conversesacatalunya.cat\/#\/schema\/person\/image\/\",\"url\":\"https:\/\/conversesacatalunya.cat\/wp-content\/litespeed\/avatar\/febdfeeec89d950f01c748045a981dd2.jpg?ver=1777314535\",\"contentUrl\":\"https:\/\/conversesacatalunya.cat\/wp-content\/litespeed\/avatar\/febdfeeec89d950f01c748045a981dd2.jpg?ver=1777314535\",\"caption\":\"conversesacatalunya\"},\"url\":\"https:\/\/conversesacatalunya.cat\/es\/author\/carme_catala\/\"}]}<\/script>\n<!-- \/ Yoast SEO plugin. -->","yoast_head_json":{"title":"C\u00f3mo hemos cambiado nuestras costumbres con el coronavirus: Los cambios en la movilidad - Converses a Catalunya","robots":{"index":"index","follow":"follow","max-snippet":"max-snippet:-1","max-image-preview":"max-image-preview:large","max-video-preview":"max-video-preview:-1"},"canonical":"https:\/\/conversesacatalunya.cat\/es\/como-hemos-cambiado-nuestras-costumbres-con-el-coronavirus-los-cambios-en-la-movilidad\/","og_locale":"es_ES","og_type":"article","og_title":"C\u00f3mo hemos cambiado nuestras costumbres con el coronavirus: Los cambios en la movilidad - Converses a Catalunya","og_description":"Google prepar\u00f3 un informe donde se registran los cambios de movilidad a lo largo de la pandemia en t\u00e9rminos de porcentaje y en relaci\u00f3n con los datos promedios. Pero advierten que: \u201cLa precisi\u00f3n de la ubicaci\u00f3n y la comprensi\u00f3n de los lugares categorizados var\u00eda de una regi\u00f3n a otra, por lo que no recomendamos utilizar estos datos para comparar los cambios entre pa\u00edses o entre regiones con diferentes caracter\u00edsticas (por ejemplo, \u00e1reas rurales versus \u00e1reas urbanas)\u201d. Solo han tratado aquellas regiones que disponen de niveles de datos estad\u00edsticamente significativos. Para saber c\u00f3mo calcularon estas tendencias y preservar la privacidad, el informe, ofrece el acceso a la metodolog\u00eda. Los datos que figuran a continuaci\u00f3n se refieren al conjunto de Espa\u00f1a (y la cifra del mismo concepto ce\u00f1ida a Catalu\u00f1a). El baj\u00f3n m\u00e1s grande se ha dado en la venta minorista y actividades de ocio, que han disminuido un 94%. Esta reducci\u00f3n, que de hecho significa el cese de toda actividad, se refiere a tendencias de movilidad para lugares como restaurantes, cafeter\u00edas, centros comerciales, parques tem\u00e1ticos, museos, bibliotecas y cines. Para Parques (parques nacionales, playas p\u00fablicas, parques urbanos, plazas y jardines p\u00fablicos) la reducci\u00f3n ha sido del 89%. Las tendencias de movilidad para lugares como centros de transporte p\u00fablico, estaciones de metro, autob\u00fas y tren, y todo tipo de estaciones de tr\u00e1nsito, la disminuci\u00f3n ha resultado del 88%. Un segundo grupo es el de supermercados y farmacias, y parafarmacias, perfumer\u00edas, almacenes de alimentos, mercados de agricultores, tiendas especializadas de alimentos. En este caso la reducci\u00f3n tambi\u00e9n es importante, el 76 %, aunque seguramente muy distinta entre las actividades esenciales, como la adquisici\u00f3n de comida y productos farmac\u00e9uticos. Debe considerarse que se trata de movilidad y no de gasto. Puede darse menor frecuencia de compra pero m\u00e1s gasto por unidad. M\u00e1s moderada ha resultado la movilidad relacionada con los lugares de trabajo, del 64%. Finalmente, la que ha registrado una movilidad positiva, como es l\u00f3gico es la relacionada con la residencia, que ha registrado un incremento del 22%. El paro ha sido total en la actividad comercial, y esto tambi\u00e9n debe leerse en el grado del problema econ\u00f3mico que genera la vuelta a la normalidad, la presencia al aire libre, el espacio p\u00fablico, confirmando la disciplina del confinamiento, la movilidad mediante el transporte p\u00fablico. Dado que la reducci\u00f3n en la movilidad al trabajo ha sido importante, pero menor, resulta evidente que el transporte privado ha ejercido la funci\u00f3n mayoritaria en los desplazamientos. La reducci\u00f3n en la actividad comercial relacionada con la alimentaci\u00f3n, pero tambi\u00e9n en farmacia y perfumer\u00edas, ha sido grande pero menor que las anteriores. Tambi\u00e9n es posible observar que en t\u00e9rminos de desplazamientos laborales, casi un tercio de las personas han manteniendo su actividad, o en t\u00e9rminos opuestos, dos tercios no han trabajado, y ello tambi\u00e9n da una idea del golpe econ\u00f3mico que tal paro significa. Por \u00faltimo, solo, como es l\u00f3gico, la vivienda ha registrado un balance positivo. M\u00e1s informaci\u00f3n sobre el coronavirus en ESPECIAL CORONAVIRUS","og_url":"https:\/\/conversesacatalunya.cat\/es\/como-hemos-cambiado-nuestras-costumbres-con-el-coronavirus-los-cambios-en-la-movilidad\/","og_site_name":"Converses a Catalunya","article_published_time":"2020-04-08T10:18:10+00:00","og_image":[{"width":720,"height":405,"url":"https:\/\/conversesacatalunya.cat\/wp-content\/uploads\/2020\/04\/movilidad.jpg","type":"image\/jpeg"}],"author":"conversesacatalunya","twitter_card":"summary_large_image","twitter_misc":{"Escrito por":"conversesacatalunya","Tiempo de lectura":"3 minutos"},"schema":{"@context":"https:\/\/schema.org","@graph":[{"@type":"Article","@id":"https:\/\/conversesacatalunya.cat\/es\/como-hemos-cambiado-nuestras-costumbres-con-el-coronavirus-los-cambios-en-la-movilidad\/#article","isPartOf":{"@id":"https:\/\/conversesacatalunya.cat\/es\/como-hemos-cambiado-nuestras-costumbres-con-el-coronavirus-los-cambios-en-la-movilidad\/"},"author":{"name":"conversesacatalunya","@id":"https:\/\/conversesacatalunya.cat\/#\/schema\/person\/7e24d1e54a2785373ddcb275eae5ed99"},"headline":"C\u00f3mo hemos cambiado nuestras costumbres con el coronavirus: Los cambios en la movilidad","datePublished":"2020-04-08T10:18:10+00:00","mainEntityOfPage":{"@id":"https:\/\/conversesacatalunya.cat\/es\/como-hemos-cambiado-nuestras-costumbres-con-el-coronavirus-los-cambios-en-la-movilidad\/"},"wordCount":591,"commentCount":0,"image":{"@id":"https:\/\/conversesacatalunya.cat\/es\/como-hemos-cambiado-nuestras-costumbres-con-el-coronavirus-los-cambios-en-la-movilidad\/#primaryimage"},"thumbnailUrl":"https:\/\/conversesacatalunya.cat\/wp-content\/uploads\/2020\/04\/movilidad.jpg","keywords":["coronavirus","Paro"],"articleSection":["Especial Coronavirus (ES)","Punts clau del dia (ES)"],"inLanguage":"es","potentialAction":[{"@type":"CommentAction","name":"Comment","target":["https:\/\/conversesacatalunya.cat\/es\/como-hemos-cambiado-nuestras-costumbres-con-el-coronavirus-los-cambios-en-la-movilidad\/#respond"]}]},{"@type":"WebPage","@id":"https:\/\/conversesacatalunya.cat\/es\/como-hemos-cambiado-nuestras-costumbres-con-el-coronavirus-los-cambios-en-la-movilidad\/","url":"https:\/\/conversesacatalunya.cat\/es\/como-hemos-cambiado-nuestras-costumbres-con-el-coronavirus-los-cambios-en-la-movilidad\/","name":"C\u00f3mo hemos cambiado nuestras costumbres con el coronavirus: Los cambios en la movilidad - Converses a Catalunya","isPartOf":{"@id":"https:\/\/conversesacatalunya.cat\/#website"},"primaryImageOfPage":{"@id":"https:\/\/conversesacatalunya.cat\/es\/como-hemos-cambiado-nuestras-costumbres-con-el-coronavirus-los-cambios-en-la-movilidad\/#primaryimage"},"image":{"@id":"https:\/\/conversesacatalunya.cat\/es\/como-hemos-cambiado-nuestras-costumbres-con-el-coronavirus-los-cambios-en-la-movilidad\/#primaryimage"},"thumbnailUrl":"https:\/\/conversesacatalunya.cat\/wp-content\/uploads\/2020\/04\/movilidad.jpg","datePublished":"2020-04-08T10:18:10+00:00","author":{"@id":"https:\/\/conversesacatalunya.cat\/#\/schema\/person\/7e24d1e54a2785373ddcb275eae5ed99"},"breadcrumb":{"@id":"https:\/\/conversesacatalunya.cat\/es\/como-hemos-cambiado-nuestras-costumbres-con-el-coronavirus-los-cambios-en-la-movilidad\/#breadcrumb"},"inLanguage":"es","potentialAction":[{"@type":"ReadAction","target":["https:\/\/conversesacatalunya.cat\/es\/como-hemos-cambiado-nuestras-costumbres-con-el-coronavirus-los-cambios-en-la-movilidad\/"]}]},{"@type":"ImageObject","inLanguage":"es","@id":"https:\/\/conversesacatalunya.cat\/es\/como-hemos-cambiado-nuestras-costumbres-con-el-coronavirus-los-cambios-en-la-movilidad\/#primaryimage","url":"https:\/\/conversesacatalunya.cat\/wp-content\/uploads\/2020\/04\/movilidad.jpg","contentUrl":"https:\/\/conversesacatalunya.cat\/wp-content\/uploads\/2020\/04\/movilidad.jpg","width":720,"height":405,"caption":"movilidad"},{"@type":"BreadcrumbList","@id":"https:\/\/conversesacatalunya.cat\/es\/como-hemos-cambiado-nuestras-costumbres-con-el-coronavirus-los-cambios-en-la-movilidad\/#breadcrumb","itemListElement":[{"@type":"ListItem","position":1,"name":"Inici","item":"https:\/\/conversesacatalunya.cat\/es\/"},{"@type":"ListItem","position":2,"name":"C\u00f3mo hemos cambiado nuestras costumbres con el coronavirus: Los cambios en la movilidad"}]},{"@type":"WebSite","@id":"https:\/\/conversesacatalunya.cat\/#website","url":"https:\/\/conversesacatalunya.cat\/","name":"Converses a Catalunya","description":"","potentialAction":[{"@type":"SearchAction","target":{"@type":"EntryPoint","urlTemplate":"https:\/\/conversesacatalunya.cat\/?s={search_term_string}"},"query-input":{"@type":"PropertyValueSpecification","valueRequired":true,"valueName":"search_term_string"}}],"inLanguage":"es"},{"@type":"Person","@id":"https:\/\/conversesacatalunya.cat\/#\/schema\/person\/7e24d1e54a2785373ddcb275eae5ed99","name":"conversesacatalunya","image":{"@type":"ImageObject","inLanguage":"es","@id":"https:\/\/conversesacatalunya.cat\/#\/schema\/person\/image\/","url":"https:\/\/conversesacatalunya.cat\/wp-content\/litespeed\/avatar\/febdfeeec89d950f01c748045a981dd2.jpg?ver=1777314535","contentUrl":"https:\/\/conversesacatalunya.cat\/wp-content\/litespeed\/avatar\/febdfeeec89d950f01c748045a981dd2.jpg?ver=1777314535","caption":"conversesacatalunya"},"url":"https:\/\/conversesacatalunya.cat\/es\/author\/carme_catala\/"}]}},"wps_subtitle":"","_links":{"self":[{"href":"https:\/\/conversesacatalunya.cat\/es\/wp-json\/wp\/v2\/posts\/34683","targetHints":{"allow":["GET"]}}],"collection":[{"href":"https:\/\/conversesacatalunya.cat\/es\/wp-json\/wp\/v2\/posts"}],"about":[{"href":"https:\/\/conversesacatalunya.cat\/es\/wp-json\/wp\/v2\/types\/post"}],"author":[{"embeddable":true,"href":"https:\/\/conversesacatalunya.cat\/es\/wp-json\/wp\/v2\/users\/2"}],"replies":[{"embeddable":true,"href":"https:\/\/conversesacatalunya.cat\/es\/wp-json\/wp\/v2\/comments?post=34683"}],"version-history":[{"count":1,"href":"https:\/\/conversesacatalunya.cat\/es\/wp-json\/wp\/v2\/posts\/34683\/revisions"}],"predecessor-version":[{"id":34686,"href":"https:\/\/conversesacatalunya.cat\/es\/wp-json\/wp\/v2\/posts\/34683\/revisions\/34686"}],"wp:featuredmedia":[{"embeddable":true,"href":"https:\/\/conversesacatalunya.cat\/es\/wp-json\/wp\/v2\/media\/34684"}],"wp:attachment":[{"href":"https:\/\/conversesacatalunya.cat\/es\/wp-json\/wp\/v2\/media?parent=34683"}],"wp:term":[{"taxonomy":"category","embeddable":true,"href":"https:\/\/conversesacatalunya.cat\/es\/wp-json\/wp\/v2\/categories?post=34683"},{"taxonomy":"post_tag","embeddable":true,"href":"https:\/\/conversesacatalunya.cat\/es\/wp-json\/wp\/v2\/tags?post=34683"}],"curies":[{"name":"wp","href":"https:\/\/api.w.org\/{rel}","templated":true}]}}