{"id":34526,"date":"2020-04-03T09:26:42","date_gmt":"2020-04-03T07:26:42","guid":{"rendered":"https:\/\/conversesacatalunya.cat\/el-coronavirus-destrueix-tambe-amb-el-pla-democrata-per-fer-fora-a-trump\/"},"modified":"2020-04-03T13:40:40","modified_gmt":"2020-04-03T11:40:40","slug":"el-coronavirus-destruye-tambien-el-plan-democrata-para-echar-a-trump","status":"publish","type":"post","link":"https:\/\/conversesacatalunya.cat\/es\/el-coronavirus-destruye-tambien-el-plan-democrata-para-echar-a-trump\/","title":{"rendered":"El coronavirus destruye tambi\u00e9n el plan dem\u00f3crata para echar a Trump"},"content":{"rendered":"<p align=\"justify\">Para muchos dem\u00f3cratas, las elecciones del pr\u00f3ximo noviembre eran las m\u00e1s importantes de las \u00faltimas d\u00e9cadas. Pero posiblemente, y por su desesperaci\u00f3n, el factor realmente importante en las presidenciales de este a\u00f1o ser\u00e1 Donald Trump en persona.<\/p>\n<p align=\"justify\">El trance de los dem\u00f3cratas causado por el <em>outsider<\/em> Bernie Sanders, favorito durante unos d\u00edas para ganar la nominaci\u00f3n del partido y presentarse como rival de Donald Trump, ya es historia. La nueva preocupaci\u00f3n de la direcci\u00f3n del partido es si el actual gran favorito, Joe Biden, se puede conectar a Internet en el <a href=\"https:\/\/www.politico.eu\/article\/inside-joe-bidens-bizarre-coronavirus-bunker\/\" target=\"_blank\" rel=\"noopener noreferrer\">b\u00fanker<\/a> desde donde sigue la evoluci\u00f3n de la pandemia en su pa\u00eds.<\/p>\n<p align=\"justify\">El extra\u00f1o confinamiento de Biden subraya el estado de \u00e1nimo de los dem\u00f3cratas, que van tomando conciencia de que la elecci\u00f3n se les puede escapar de las manos por un factor inesperado. \u00abEs el ejemplo m\u00e1s dram\u00e1tico que se me ocurre de toda mi vida sobre c\u00f3mo no se puede controlar la agenda\u00bb, <a href=\"https:\/\/www.politico.eu\/article\/how-coronavirus-blew-up-the-plan-to-take-down-us-president-donald-trump\/\" target=\"_blank\" rel=\"noopener noreferrer\">afirma<\/a> el estratega dem\u00f3crata Les Francis.<\/p>\n<p align=\"justify\">A pesar de la gesti\u00f3n desconcertante que Trump ha hecho de la crisis sanitaria hasta ahora, la imagen de \u00e9l en medio de sus consejeros respondiendo a las preguntas de los periodistas parece convencer m\u00e1s a los americanos que los v\u00eddeos de Biden desde el s\u00f3tano de su casa.<\/p>\n<p align=\"justify\">La popularidad de Trump no ha retrocedido ni un pelo, sino que ha <a href=\"https:\/\/www.ft.com\/content\/c7f5a8bc-eb0e-45e5-a080-bbfd6d317def\" target=\"_blank\" rel=\"noopener noreferrer\">aumentado<\/a> recientemente. Es, como recoge el<em> Financial Times<\/em>, el \u00abbonus\u00bb que reciben casi autom\u00e1ticamente los dirigentes democr\u00e1ticos que adoptan una postura m\u00ednimamente firme en periodos de crisis.<\/p>\n<p align=\"justify\">Es cierto que el efecto del coronavirus en la campa\u00f1a presidencial no se puede evaluar todav\u00eda, y no se podr\u00e1 estudiar con detalle hasta dentro de unos meses.<\/p>\n<p align=\"justify\">Pero mientras tanto, est\u00e1 claro que el impacto que ha tenido en la precampa\u00f1a dem\u00f3crata es important\u00edsimo: con las primarias inacabadas, Bernie Sanders no tiene posibilidades de elecci\u00f3n pero s\u00ed de seguir batallando moribundo y as\u00ed desviar la atenci\u00f3n de Joe Biden.<\/p>\n<p align=\"justify\">Adem\u00e1s, como Biden no ocupa ning\u00fan cargo ejecutivo a diferencia de otros candidatos dem\u00f3cratas que ya no tienen posibilidades matem\u00e1ticas de ganar, tampoco puede liderar con el ejemplo de una respuesta decidida y coherente ante la propagaci\u00f3n de la epidemia.<\/p>\n<p align=\"justify\">En cambio, Donald Trump ocupa la posici\u00f3n central y suprema de comandante en jefe del pa\u00eds. Por poco bien que lo haga, saldr\u00e1 beneficiado. A medida que la gravedad de la situaci\u00f3n en los Estados Unidos se vaya haciendo m\u00e1s y m\u00e1s evidente, la respuesta de Trump ser\u00e1 indudablemente m\u00e1s y m\u00e1s decidida y coherente.<\/p>\n<p align=\"justify\">A\u00fan quedan siete meses antes de las elecciones. Para Donald Trump se traducen en una cantidad enorme de tiempo para mejorar su respuesta y aventajar a su rival dem\u00f3crata.<\/p>\n<p style=\"text-align: center;\" align=\"justify\"><a href=\"https:\/\/conversesacatalunya.cat\/es\/coronavirus\/\" target=\"_blank\" rel=\"noopener noreferrer\"><strong>M\u00e1s informaci\u00f3n ESPECIAL CORONAVIRUS<\/strong><\/a><\/p>\n<p align=\"justify\"><span class='bctt-click-to-tweet'><span class='bctt-ctt-text'><a href='https:\/\/twitter.com\/intent\/tweet?url=https%3A%2F%2Fconversesacatalunya.cat%2Fes%2Fel-coronavirus-destruye-tambien-el-plan-democrata-para-echar-a-trump%2F&#038;text=La%20popularidad%20de%20Trump%20no%20ha%20retrocedido%20en%20absoluto%2C%20sino%20que%20ha%20aumentado%20recientemente&#038;via=conversesacat&#038;related=conversesacat' target='_blank'rel=\"noopener noreferrer\">La popularidad de Trump no ha retrocedido en absoluto, sino que ha aumentado recientemente <\/a><\/span><a href='https:\/\/twitter.com\/intent\/tweet?url=https%3A%2F%2Fconversesacatalunya.cat%2Fes%2Fel-coronavirus-destruye-tambien-el-plan-democrata-para-echar-a-trump%2F&#038;text=La%20popularidad%20de%20Trump%20no%20ha%20retrocedido%20en%20absoluto%2C%20sino%20que%20ha%20aumentado%20recientemente&#038;via=conversesacat&#038;related=conversesacat' target='_blank' class='bctt-ctt-btn'rel=\"noopener noreferrer\">Compartir en X<\/a><\/span>\n","protected":false},"excerpt":{"rendered":"<p>Para muchos dem\u00f3cratas, las elecciones del pr\u00f3ximo noviembre eran las m\u00e1s importantes de las \u00faltimas d\u00e9cadas. Pero posiblemente, y por su desesperaci\u00f3n, el factor realmente importante en las presidenciales de este a\u00f1o ser\u00e1 Donald Trump en persona. El trance de los dem\u00f3cratas causado por el outsider Bernie Sanders, favorito durante unos d\u00edas para ganar la nominaci\u00f3n del partido y presentarse como rival de Donald Trump, ya es historia. La nueva preocupaci\u00f3n de la direcci\u00f3n del partido es si el actual gran favorito, Joe Biden, se puede conectar a Internet en el b\u00fanker desde donde sigue la evoluci\u00f3n de la pandemia en su pa\u00eds. El extra\u00f1o confinamiento de Biden subraya el estado de \u00e1nimo de los dem\u00f3cratas, que van tomando conciencia de que la elecci\u00f3n se les puede escapar de las manos por un factor inesperado. \u00abEs el ejemplo m\u00e1s dram\u00e1tico que se me ocurre de toda mi vida sobre c\u00f3mo no se puede controlar la agenda\u00bb, afirma el estratega dem\u00f3crata Les Francis. A pesar de la gesti\u00f3n desconcertante que Trump ha hecho de la crisis sanitaria hasta ahora, la imagen de \u00e9l en medio de sus consejeros respondiendo a las preguntas de los periodistas parece convencer m\u00e1s a los americanos que los v\u00eddeos de Biden desde el s\u00f3tano de su casa. La popularidad de Trump no ha retrocedido ni un pelo, sino que ha aumentado recientemente. Es, como recoge el Financial Times, el \u00abbonus\u00bb que reciben casi autom\u00e1ticamente los dirigentes democr\u00e1ticos que adoptan una postura m\u00ednimamente firme en periodos de crisis. Es cierto que el efecto del coronavirus en la campa\u00f1a presidencial no se puede evaluar todav\u00eda, y no se podr\u00e1 estudiar con detalle hasta dentro de unos meses. Pero mientras tanto, est\u00e1 claro que el impacto que ha tenido en la precampa\u00f1a dem\u00f3crata es important\u00edsimo: con las primarias inacabadas, Bernie Sanders no tiene posibilidades de elecci\u00f3n pero s\u00ed de seguir batallando moribundo y as\u00ed desviar la atenci\u00f3n de Joe Biden. Adem\u00e1s, como Biden no ocupa ning\u00fan cargo ejecutivo a diferencia de otros candidatos dem\u00f3cratas que ya no tienen posibilidades matem\u00e1ticas de ganar, tampoco puede liderar con el ejemplo de una respuesta decidida y coherente ante la propagaci\u00f3n de la epidemia. En cambio, Donald Trump ocupa la posici\u00f3n central y suprema de comandante en jefe del pa\u00eds. Por poco bien que lo haga, saldr\u00e1 beneficiado. A medida que la gravedad de la situaci\u00f3n en los Estados Unidos se vaya haciendo m\u00e1s y m\u00e1s evidente, la respuesta de Trump ser\u00e1 indudablemente m\u00e1s y m\u00e1s decidida y coherente. A\u00fan quedan siete meses antes de las elecciones. Para Donald Trump se traducen en una cantidad enorme de tiempo para mejorar su respuesta y aventajar a su rival dem\u00f3crata. M\u00e1s informaci\u00f3n ESPECIAL CORONAVIRUS<\/p>\n","protected":false},"author":67,"featured_media":34478,"comment_status":"open","ping_status":"open","sticky":false,"template":"","format":"standard","meta":{"_FSMCFIC_featured_image_caption":"","_FSMCFIC_featured_image_nocaption":"","_FSMCFIC_featured_image_hide":"","footnotes":""},"categories":[1772,806],"tags":[1504,1913,963,1549,1505,1371,2033,1865,2035,967],"class_list":["post-34526","post","type-post","status-publish","format-standard","has-post-thumbnail","hentry","category-especial-coronavirus-es","category-punts-claus-del-dia-es","tag-coronavirus-es","tag-covid-19-es","tag-donald-trump-es","tag-elecciones","tag-epidemia-es","tag-estados-unidos","tag-joe-biden-es","tag-pandemia-es","tag-primarias","tag-trump-es"],"yoast_head":"<!-- This site is optimized with the Yoast SEO plugin v26.8 - https:\/\/yoast.com\/product\/yoast-seo-wordpress\/ -->\n<title>El coronavirus destruye tambi\u00e9n el plan dem\u00f3crata para echar a Trump - Converses a Catalunya<\/title>\n<meta name=\"description\" content=\"las elecciones del pr\u00f3ximo noviembre eran las m\u00e1s importantes de las \u00faltimas d\u00e9cadas. Pero el factor realmente importante de este a\u00f1o ser\u00e1 Donald Trump\" \/>\n<meta name=\"robots\" content=\"index, follow, max-snippet:-1, max-image-preview:large, max-video-preview:-1\" \/>\n<link rel=\"canonical\" href=\"https:\/\/conversesacatalunya.cat\/es\/el-coronavirus-destruye-tambien-el-plan-democrata-para-echar-a-trump\/\" \/>\n<meta property=\"og:locale\" content=\"es_ES\" \/>\n<meta property=\"og:type\" content=\"article\" \/>\n<meta property=\"og:title\" content=\"El coronavirus destruye tambi\u00e9n el plan dem\u00f3crata para echar a Trump - Converses a Catalunya\" \/>\n<meta property=\"og:description\" content=\"las elecciones del pr\u00f3ximo noviembre eran las m\u00e1s importantes de las \u00faltimas d\u00e9cadas. Pero el factor realmente importante de este a\u00f1o ser\u00e1 Donald Trump\" \/>\n<meta property=\"og:url\" content=\"https:\/\/conversesacatalunya.cat\/es\/el-coronavirus-destruye-tambien-el-plan-democrata-para-echar-a-trump\/\" \/>\n<meta property=\"og:site_name\" content=\"Converses a Catalunya\" \/>\n<meta property=\"article:published_time\" content=\"2020-04-03T07:26:42+00:00\" \/>\n<meta property=\"article:modified_time\" content=\"2020-04-03T11:40:40+00:00\" \/>\n<meta property=\"og:image\" content=\"https:\/\/conversesacatalunya.cat\/wp-content\/uploads\/2020\/04\/Captura-de-Pantalla-2020-04-02-a-les-14.26.12.png\" \/>\n\t<meta property=\"og:image:width\" content=\"963\" \/>\n\t<meta property=\"og:image:height\" content=\"541\" \/>\n\t<meta property=\"og:image:type\" content=\"image\/png\" \/>\n<meta name=\"author\" content=\"conversesacatalunya\" \/>\n<meta name=\"twitter:card\" content=\"summary_large_image\" \/>\n<meta name=\"twitter:label1\" content=\"Escrito por\" \/>\n\t<meta name=\"twitter:data1\" content=\"conversesacatalunya\" \/>\n\t<meta name=\"twitter:label2\" content=\"Tiempo de lectura\" \/>\n\t<meta name=\"twitter:data2\" content=\"3 minutos\" \/>\n<script type=\"application\/ld+json\" class=\"yoast-schema-graph\">{\"@context\":\"https:\/\/schema.org\",\"@graph\":[{\"@type\":\"Article\",\"@id\":\"https:\/\/conversesacatalunya.cat\/es\/el-coronavirus-destruye-tambien-el-plan-democrata-para-echar-a-trump\/#article\",\"isPartOf\":{\"@id\":\"https:\/\/conversesacatalunya.cat\/es\/el-coronavirus-destruye-tambien-el-plan-democrata-para-echar-a-trump\/\"},\"author\":{\"name\":\"conversesacatalunya\",\"@id\":\"https:\/\/conversesacatalunya.cat\/#\/schema\/person\/c5a8ffe796b1512764aeb6d6d6fa0fc7\"},\"headline\":\"El coronavirus destruye tambi\u00e9n el plan dem\u00f3crata para echar a Trump\",\"datePublished\":\"2020-04-03T07:26:42+00:00\",\"dateModified\":\"2020-04-03T11:40:40+00:00\",\"mainEntityOfPage\":{\"@id\":\"https:\/\/conversesacatalunya.cat\/es\/el-coronavirus-destruye-tambien-el-plan-democrata-para-echar-a-trump\/\"},\"wordCount\":531,\"commentCount\":0,\"image\":{\"@id\":\"https:\/\/conversesacatalunya.cat\/es\/el-coronavirus-destruye-tambien-el-plan-democrata-para-echar-a-trump\/#primaryimage\"},\"thumbnailUrl\":\"https:\/\/conversesacatalunya.cat\/wp-content\/uploads\/2020\/04\/Captura-de-Pantalla-2020-04-02-a-les-14.26.12.png\",\"keywords\":[\"coronavirus\",\"Covid-19\",\"Donald Trump\",\"elecciones\",\"epid\u00e8mia\",\"Estados Unidos\",\"Joe Biden\",\"pand\u00e8mia\",\"primarias\",\"Trump\"],\"articleSection\":[\"Especial Coronavirus (ES)\",\"Punts clau del dia (ES)\"],\"inLanguage\":\"es\",\"potentialAction\":[{\"@type\":\"CommentAction\",\"name\":\"Comment\",\"target\":[\"https:\/\/conversesacatalunya.cat\/es\/el-coronavirus-destruye-tambien-el-plan-democrata-para-echar-a-trump\/#respond\"]}]},{\"@type\":\"WebPage\",\"@id\":\"https:\/\/conversesacatalunya.cat\/es\/el-coronavirus-destruye-tambien-el-plan-democrata-para-echar-a-trump\/\",\"url\":\"https:\/\/conversesacatalunya.cat\/es\/el-coronavirus-destruye-tambien-el-plan-democrata-para-echar-a-trump\/\",\"name\":\"El coronavirus destruye tambi\u00e9n el plan dem\u00f3crata para echar a Trump - Converses a Catalunya\",\"isPartOf\":{\"@id\":\"https:\/\/conversesacatalunya.cat\/#website\"},\"primaryImageOfPage\":{\"@id\":\"https:\/\/conversesacatalunya.cat\/es\/el-coronavirus-destruye-tambien-el-plan-democrata-para-echar-a-trump\/#primaryimage\"},\"image\":{\"@id\":\"https:\/\/conversesacatalunya.cat\/es\/el-coronavirus-destruye-tambien-el-plan-democrata-para-echar-a-trump\/#primaryimage\"},\"thumbnailUrl\":\"https:\/\/conversesacatalunya.cat\/wp-content\/uploads\/2020\/04\/Captura-de-Pantalla-2020-04-02-a-les-14.26.12.png\",\"datePublished\":\"2020-04-03T07:26:42+00:00\",\"dateModified\":\"2020-04-03T11:40:40+00:00\",\"author\":{\"@id\":\"https:\/\/conversesacatalunya.cat\/#\/schema\/person\/c5a8ffe796b1512764aeb6d6d6fa0fc7\"},\"description\":\"las elecciones del pr\u00f3ximo noviembre eran las m\u00e1s importantes de las \u00faltimas d\u00e9cadas. Pero el factor realmente importante de este a\u00f1o ser\u00e1 Donald Trump\",\"breadcrumb\":{\"@id\":\"https:\/\/conversesacatalunya.cat\/es\/el-coronavirus-destruye-tambien-el-plan-democrata-para-echar-a-trump\/#breadcrumb\"},\"inLanguage\":\"es\",\"potentialAction\":[{\"@type\":\"ReadAction\",\"target\":[\"https:\/\/conversesacatalunya.cat\/es\/el-coronavirus-destruye-tambien-el-plan-democrata-para-echar-a-trump\/\"]}]},{\"@type\":\"ImageObject\",\"inLanguage\":\"es\",\"@id\":\"https:\/\/conversesacatalunya.cat\/es\/el-coronavirus-destruye-tambien-el-plan-democrata-para-echar-a-trump\/#primaryimage\",\"url\":\"https:\/\/conversesacatalunya.cat\/wp-content\/uploads\/2020\/04\/Captura-de-Pantalla-2020-04-02-a-les-14.26.12.png\",\"contentUrl\":\"https:\/\/conversesacatalunya.cat\/wp-content\/uploads\/2020\/04\/Captura-de-Pantalla-2020-04-02-a-les-14.26.12.png\",\"width\":963,\"height\":541},{\"@type\":\"BreadcrumbList\",\"@id\":\"https:\/\/conversesacatalunya.cat\/es\/el-coronavirus-destruye-tambien-el-plan-democrata-para-echar-a-trump\/#breadcrumb\",\"itemListElement\":[{\"@type\":\"ListItem\",\"position\":1,\"name\":\"Inici\",\"item\":\"https:\/\/conversesacatalunya.cat\/es\/\"},{\"@type\":\"ListItem\",\"position\":2,\"name\":\"El coronavirus destruye tambi\u00e9n el plan dem\u00f3crata para echar a Trump\"}]},{\"@type\":\"WebSite\",\"@id\":\"https:\/\/conversesacatalunya.cat\/#website\",\"url\":\"https:\/\/conversesacatalunya.cat\/\",\"name\":\"Converses a Catalunya\",\"description\":\"\",\"potentialAction\":[{\"@type\":\"SearchAction\",\"target\":{\"@type\":\"EntryPoint\",\"urlTemplate\":\"https:\/\/conversesacatalunya.cat\/?s={search_term_string}\"},\"query-input\":{\"@type\":\"PropertyValueSpecification\",\"valueRequired\":true,\"valueName\":\"search_term_string\"}}],\"inLanguage\":\"es\"},{\"@type\":\"Person\",\"@id\":\"https:\/\/conversesacatalunya.cat\/#\/schema\/person\/c5a8ffe796b1512764aeb6d6d6fa0fc7\",\"name\":\"conversesacatalunya\",\"image\":{\"@type\":\"ImageObject\",\"inLanguage\":\"es\",\"@id\":\"https:\/\/conversesacatalunya.cat\/#\/schema\/person\/image\/\",\"url\":\"https:\/\/conversesacatalunya.cat\/wp-content\/litespeed\/avatar\/02659ee938034c59a151ae106ade943e.jpg?ver=1777051754\",\"contentUrl\":\"https:\/\/conversesacatalunya.cat\/wp-content\/litespeed\/avatar\/02659ee938034c59a151ae106ade943e.jpg?ver=1777051754\",\"caption\":\"conversesacatalunya\"},\"url\":\"https:\/\/conversesacatalunya.cat\/es\/author\/carles_lopez\/\"}]}<\/script>\n<!-- \/ Yoast SEO plugin. -->","yoast_head_json":{"title":"El coronavirus destruye tambi\u00e9n el plan dem\u00f3crata para echar a Trump - Converses a Catalunya","description":"las elecciones del pr\u00f3ximo noviembre eran las m\u00e1s importantes de las \u00faltimas d\u00e9cadas. Pero el factor realmente importante de este a\u00f1o ser\u00e1 Donald Trump","robots":{"index":"index","follow":"follow","max-snippet":"max-snippet:-1","max-image-preview":"max-image-preview:large","max-video-preview":"max-video-preview:-1"},"canonical":"https:\/\/conversesacatalunya.cat\/es\/el-coronavirus-destruye-tambien-el-plan-democrata-para-echar-a-trump\/","og_locale":"es_ES","og_type":"article","og_title":"El coronavirus destruye tambi\u00e9n el plan dem\u00f3crata para echar a Trump - Converses a Catalunya","og_description":"las elecciones del pr\u00f3ximo noviembre eran las m\u00e1s importantes de las \u00faltimas d\u00e9cadas. Pero el factor realmente importante de este a\u00f1o ser\u00e1 Donald Trump","og_url":"https:\/\/conversesacatalunya.cat\/es\/el-coronavirus-destruye-tambien-el-plan-democrata-para-echar-a-trump\/","og_site_name":"Converses a Catalunya","article_published_time":"2020-04-03T07:26:42+00:00","article_modified_time":"2020-04-03T11:40:40+00:00","og_image":[{"width":963,"height":541,"url":"https:\/\/conversesacatalunya.cat\/wp-content\/uploads\/2020\/04\/Captura-de-Pantalla-2020-04-02-a-les-14.26.12.png","type":"image\/png"}],"author":"conversesacatalunya","twitter_card":"summary_large_image","twitter_misc":{"Escrito por":"conversesacatalunya","Tiempo de lectura":"3 minutos"},"schema":{"@context":"https:\/\/schema.org","@graph":[{"@type":"Article","@id":"https:\/\/conversesacatalunya.cat\/es\/el-coronavirus-destruye-tambien-el-plan-democrata-para-echar-a-trump\/#article","isPartOf":{"@id":"https:\/\/conversesacatalunya.cat\/es\/el-coronavirus-destruye-tambien-el-plan-democrata-para-echar-a-trump\/"},"author":{"name":"conversesacatalunya","@id":"https:\/\/conversesacatalunya.cat\/#\/schema\/person\/c5a8ffe796b1512764aeb6d6d6fa0fc7"},"headline":"El coronavirus destruye tambi\u00e9n el plan dem\u00f3crata para echar a Trump","datePublished":"2020-04-03T07:26:42+00:00","dateModified":"2020-04-03T11:40:40+00:00","mainEntityOfPage":{"@id":"https:\/\/conversesacatalunya.cat\/es\/el-coronavirus-destruye-tambien-el-plan-democrata-para-echar-a-trump\/"},"wordCount":531,"commentCount":0,"image":{"@id":"https:\/\/conversesacatalunya.cat\/es\/el-coronavirus-destruye-tambien-el-plan-democrata-para-echar-a-trump\/#primaryimage"},"thumbnailUrl":"https:\/\/conversesacatalunya.cat\/wp-content\/uploads\/2020\/04\/Captura-de-Pantalla-2020-04-02-a-les-14.26.12.png","keywords":["coronavirus","Covid-19","Donald Trump","elecciones","epid\u00e8mia","Estados Unidos","Joe Biden","pand\u00e8mia","primarias","Trump"],"articleSection":["Especial Coronavirus (ES)","Punts clau del dia (ES)"],"inLanguage":"es","potentialAction":[{"@type":"CommentAction","name":"Comment","target":["https:\/\/conversesacatalunya.cat\/es\/el-coronavirus-destruye-tambien-el-plan-democrata-para-echar-a-trump\/#respond"]}]},{"@type":"WebPage","@id":"https:\/\/conversesacatalunya.cat\/es\/el-coronavirus-destruye-tambien-el-plan-democrata-para-echar-a-trump\/","url":"https:\/\/conversesacatalunya.cat\/es\/el-coronavirus-destruye-tambien-el-plan-democrata-para-echar-a-trump\/","name":"El coronavirus destruye tambi\u00e9n el plan dem\u00f3crata para echar a Trump - Converses a Catalunya","isPartOf":{"@id":"https:\/\/conversesacatalunya.cat\/#website"},"primaryImageOfPage":{"@id":"https:\/\/conversesacatalunya.cat\/es\/el-coronavirus-destruye-tambien-el-plan-democrata-para-echar-a-trump\/#primaryimage"},"image":{"@id":"https:\/\/conversesacatalunya.cat\/es\/el-coronavirus-destruye-tambien-el-plan-democrata-para-echar-a-trump\/#primaryimage"},"thumbnailUrl":"https:\/\/conversesacatalunya.cat\/wp-content\/uploads\/2020\/04\/Captura-de-Pantalla-2020-04-02-a-les-14.26.12.png","datePublished":"2020-04-03T07:26:42+00:00","dateModified":"2020-04-03T11:40:40+00:00","author":{"@id":"https:\/\/conversesacatalunya.cat\/#\/schema\/person\/c5a8ffe796b1512764aeb6d6d6fa0fc7"},"description":"las elecciones del pr\u00f3ximo noviembre eran las m\u00e1s importantes de las \u00faltimas d\u00e9cadas. Pero el factor realmente importante de este a\u00f1o ser\u00e1 Donald Trump","breadcrumb":{"@id":"https:\/\/conversesacatalunya.cat\/es\/el-coronavirus-destruye-tambien-el-plan-democrata-para-echar-a-trump\/#breadcrumb"},"inLanguage":"es","potentialAction":[{"@type":"ReadAction","target":["https:\/\/conversesacatalunya.cat\/es\/el-coronavirus-destruye-tambien-el-plan-democrata-para-echar-a-trump\/"]}]},{"@type":"ImageObject","inLanguage":"es","@id":"https:\/\/conversesacatalunya.cat\/es\/el-coronavirus-destruye-tambien-el-plan-democrata-para-echar-a-trump\/#primaryimage","url":"https:\/\/conversesacatalunya.cat\/wp-content\/uploads\/2020\/04\/Captura-de-Pantalla-2020-04-02-a-les-14.26.12.png","contentUrl":"https:\/\/conversesacatalunya.cat\/wp-content\/uploads\/2020\/04\/Captura-de-Pantalla-2020-04-02-a-les-14.26.12.png","width":963,"height":541},{"@type":"BreadcrumbList","@id":"https:\/\/conversesacatalunya.cat\/es\/el-coronavirus-destruye-tambien-el-plan-democrata-para-echar-a-trump\/#breadcrumb","itemListElement":[{"@type":"ListItem","position":1,"name":"Inici","item":"https:\/\/conversesacatalunya.cat\/es\/"},{"@type":"ListItem","position":2,"name":"El coronavirus destruye tambi\u00e9n el plan dem\u00f3crata para echar a Trump"}]},{"@type":"WebSite","@id":"https:\/\/conversesacatalunya.cat\/#website","url":"https:\/\/conversesacatalunya.cat\/","name":"Converses a Catalunya","description":"","potentialAction":[{"@type":"SearchAction","target":{"@type":"EntryPoint","urlTemplate":"https:\/\/conversesacatalunya.cat\/?s={search_term_string}"},"query-input":{"@type":"PropertyValueSpecification","valueRequired":true,"valueName":"search_term_string"}}],"inLanguage":"es"},{"@type":"Person","@id":"https:\/\/conversesacatalunya.cat\/#\/schema\/person\/c5a8ffe796b1512764aeb6d6d6fa0fc7","name":"conversesacatalunya","image":{"@type":"ImageObject","inLanguage":"es","@id":"https:\/\/conversesacatalunya.cat\/#\/schema\/person\/image\/","url":"https:\/\/conversesacatalunya.cat\/wp-content\/litespeed\/avatar\/02659ee938034c59a151ae106ade943e.jpg?ver=1777051754","contentUrl":"https:\/\/conversesacatalunya.cat\/wp-content\/litespeed\/avatar\/02659ee938034c59a151ae106ade943e.jpg?ver=1777051754","caption":"conversesacatalunya"},"url":"https:\/\/conversesacatalunya.cat\/es\/author\/carles_lopez\/"}]}},"wps_subtitle":"La reelecci\u00f3n del presidente de los Estados Unidos est\u00e1 m\u00e1s que nunca en sus propias manos. Todo depender\u00e1 de c\u00f3mo gestione la epidemia de Covid-19 en su pa\u00eds","_links":{"self":[{"href":"https:\/\/conversesacatalunya.cat\/es\/wp-json\/wp\/v2\/posts\/34526","targetHints":{"allow":["GET"]}}],"collection":[{"href":"https:\/\/conversesacatalunya.cat\/es\/wp-json\/wp\/v2\/posts"}],"about":[{"href":"https:\/\/conversesacatalunya.cat\/es\/wp-json\/wp\/v2\/types\/post"}],"author":[{"embeddable":true,"href":"https:\/\/conversesacatalunya.cat\/es\/wp-json\/wp\/v2\/users\/67"}],"replies":[{"embeddable":true,"href":"https:\/\/conversesacatalunya.cat\/es\/wp-json\/wp\/v2\/comments?post=34526"}],"version-history":[{"count":2,"href":"https:\/\/conversesacatalunya.cat\/es\/wp-json\/wp\/v2\/posts\/34526\/revisions"}],"predecessor-version":[{"id":34527,"href":"https:\/\/conversesacatalunya.cat\/es\/wp-json\/wp\/v2\/posts\/34526\/revisions\/34527"}],"wp:featuredmedia":[{"embeddable":true,"href":"https:\/\/conversesacatalunya.cat\/es\/wp-json\/wp\/v2\/media\/34478"}],"wp:attachment":[{"href":"https:\/\/conversesacatalunya.cat\/es\/wp-json\/wp\/v2\/media?parent=34526"}],"wp:term":[{"taxonomy":"category","embeddable":true,"href":"https:\/\/conversesacatalunya.cat\/es\/wp-json\/wp\/v2\/categories?post=34526"},{"taxonomy":"post_tag","embeddable":true,"href":"https:\/\/conversesacatalunya.cat\/es\/wp-json\/wp\/v2\/tags?post=34526"}],"curies":[{"name":"wp","href":"https:\/\/api.w.org\/{rel}","templated":true}]}}