{"id":34460,"date":"2020-04-02T12:49:59","date_gmt":"2020-04-02T10:49:59","guid":{"rendered":"https:\/\/conversesacatalunya.cat\/?p=34460"},"modified":"2020-04-02T13:29:19","modified_gmt":"2020-04-02T11:29:19","slug":"el-escandalo-de-las-muertes-no-contabilizadas-en-las-residencias-de-ancianos","status":"publish","type":"post","link":"https:\/\/conversesacatalunya.cat\/es\/el-escandalo-de-las-muertes-no-contabilizadas-en-las-residencias-de-ancianos\/","title":{"rendered":"El esc\u00e1ndalo de las muertes no contabilizadas en las residencias de ancianos"},"content":{"rendered":"<p>Era una sospecha generalizada que el <strong>Gobierno de la Generalitat<\/strong> tiende a <a href=\"https:\/\/conversesacatalunya.cat\/es\/cuanta-gente-ha-muerto-realmente-en-cataluna\/\" target=\"_blank\" rel=\"noopener noreferrer\">minimizar el c\u00f3mputo de muertos<\/a> por coronavirus. Ahora esta sospecha se ha visto confirmada por la propia <strong>consejera de Salud, <\/strong>al menos en un caso concreto: el de los muertos en las <a href=\"https:\/\/conversesacatalunya.cat\/es\/no-es-pais-para-viejos-el-escandalo-de-las-residencias-asistidas\/\" target=\"_blank\" rel=\"noopener noreferrer\">residencias de ancianos<\/a>.<\/p>\n<p>Alba Verg\u00e9s ha reconocido este pasado martes en declaraciones a Vilaweb, que \u201csolo ten\u00edamos las defunciones de los centros hospitalarios\u00bb. Este reconocimiento de que no se computaban una parte importante de las muertes se ha producido despu\u00e9s de que durante d\u00edas y en la rueda de prensa diaria que el Gobierno catal\u00e1n lleva a cabo, la propia consejera evitara entrar en detalles sobre la forma en la que la Generalitat estaba calculando los fallecimientos por coronavirus. Ya <a href=\"https:\/\/conversesacatalunya.cat\/es\/radiografia-de-un-desorden\/\" target=\"_blank\" rel=\"noopener noreferrer\">apunt\u00e1bamos en Converses<\/a> que hab\u00eda una reducci\u00f3n artificial de los realmente fallecidos, y utiliz\u00e1bamos el caso de Igualada para mostrarlo. Ahora se conoce un componente del que hasta ahora no se hab\u00eda contabilizado.<\/p>\n<span class='bctt-click-to-tweet'><span class='bctt-ctt-text'><a href='https:\/\/twitter.com\/intent\/tweet?url=https%3A%2F%2Fconversesacatalunya.cat%2Fes%2Fel-escandalo-de-las-muertes-no-contabilizadas-en-las-residencias-de-ancianos%2F&#038;text=Alba%20Verg%C3%A9s%3A%20solo%20ten%C3%ADamos%20las%20defunciones%20de%20los%20centros%20hospitalarios&#038;via=conversesacat&#038;related=conversesacat' target='_blank'rel=\"noopener noreferrer\">Alba Verg\u00e9s: solo ten\u00edamos las defunciones de los centros hospitalarios <\/a><\/span><a href='https:\/\/twitter.com\/intent\/tweet?url=https%3A%2F%2Fconversesacatalunya.cat%2Fes%2Fel-escandalo-de-las-muertes-no-contabilizadas-en-las-residencias-de-ancianos%2F&#038;text=Alba%20Verg%C3%A9s%3A%20solo%20ten%C3%ADamos%20las%20defunciones%20de%20los%20centros%20hospitalarios&#038;via=conversesacat&#038;related=conversesacat' target='_blank' class='bctt-ctt-btn'rel=\"noopener noreferrer\">Compartir en X<\/a><\/span>\n<p>En Catalu\u00f1a, y de acuerdo con los datos oficiales, <strong>hab\u00eda 1.672 fallecidos<\/strong>, que ahora crecer\u00e1n de golpe hasta un <strong>total de 2.034.<\/strong> Son 362 las muertes en residencias oficialmente reconocidas, lo que significa casi el 18% del total. <strong>Ser\u00e1 necesario observar en los d\u00edas sucesivos si la Generalitat parte de este nuevo dato<\/strong>, y adem\u00e1s incorpora las nuevas defunciones en residencias.<\/p>\n<p>Hay que a\u00f1adir que en ellas se encuentran en estos momentos 830 personas afectadas con la pandemia y 317 centros presentan alg\u00fan caso con s\u00edntomas. El dato que sigue sin conocerse y que puede ser importante es el de los ancianos afectados por coronavirus que mueren en su domicilio porque ya no son trasladados a los hospitales. Esta situaci\u00f3n afecta sobre todo, aunque no exclusivamente, a los mayores de 80 a\u00f1os, y ha sido reconocida por el <strong>propio Departamento de Salud<\/strong>, a pesar de que tambi\u00e9n en este caso inicialmente la consejera intentara maquillar la existencia de esta instrucci\u00f3n.<\/p>\n<p>Es necesario exigir al Gobierno de la Generalitat claridad y <a href=\"https:\/\/conversesacatalunya.cat\/es\/nos-engana-el-govern-de-la-generalitat\/\" target=\"_blank\" rel=\"noopener noreferrer\">veracidad en sus datos,<\/a> que muestren la evoluci\u00f3n del n\u00famero de personas afectadas, los ingresados en hospital, en la UCI, defunciones y altas, y que lo presente de acuerdo con la estructura de edad de dichas personas. Tambi\u00e9n una buena estad\u00edstica deber\u00eda mostrar los datos desagregados para hombres y mujeres, y la localizaci\u00f3n de las muertes en los centros hospitalarios, en las UCI, las residencias, y los hogares. Esto ser\u00eda ofrecer <strong>datos transparentes<\/strong> a la opini\u00f3n p\u00fablica.<\/p>\n<p>Mientras tal cuesti\u00f3n no sea resuelta, siempre pesar\u00e1 la sospecha de maquillaje y ocultaci\u00f3n sobre los datos que aporta la Generalitat. Ser\u00eda un grave error porque al final lo que observaremos ser\u00e1 la <strong>tasa de mortalidad <\/strong>total, y este es un dato mucho m\u00e1s dif\u00edcil de esquivar. Claro que para obtenerlo deber\u00e1 pasar alg\u00fan tiempo.<\/p>\n<p style=\"text-align: center;\"><strong>M\u00e1s informaci\u00f3n sobre el coronavirus en <a href=\"https:\/\/conversesacatalunya.cat\/es\/coronavirus\/\" target=\"_blank\" rel=\"noopener noreferrer\">ESPECIAL CORONAVIRUS<\/a><\/strong><\/p>\n","protected":false},"excerpt":{"rendered":"<p>Era una sospecha generalizada que el Gobierno de la Generalitat tiende a minimizar el c\u00f3mputo de muertos por coronavirus. Ahora esta sospecha se ha visto confirmada por la propia consejera de Salud, al menos en un caso concreto: el de los muertos en las residencias de ancianos. Alba Verg\u00e9s ha reconocido este pasado martes en declaraciones a Vilaweb, que \u201csolo ten\u00edamos las defunciones de los centros hospitalarios\u00bb. Este reconocimiento de que no se computaban una parte importante de las muertes se ha producido despu\u00e9s de que durante d\u00edas y en la rueda de prensa diaria que el Gobierno catal\u00e1n lleva a cabo, la propia consejera evitara entrar en detalles sobre la forma en la que la Generalitat estaba calculando los fallecimientos por coronavirus. Ya apunt\u00e1bamos en Converses que hab\u00eda una reducci\u00f3n artificial de los realmente fallecidos, y utiliz\u00e1bamos el caso de Igualada para mostrarlo. Ahora se conoce un componente del que hasta ahora no se hab\u00eda contabilizado. En Catalu\u00f1a, y de acuerdo con los datos oficiales, hab\u00eda 1.672 fallecidos, que ahora crecer\u00e1n de golpe hasta un total de 2.034. Son 362 las muertes en residencias oficialmente reconocidas, lo que significa casi el 18% del total. Ser\u00e1 necesario observar en los d\u00edas sucesivos si la Generalitat parte de este nuevo dato, y adem\u00e1s incorpora las nuevas defunciones en residencias. Hay que a\u00f1adir que en ellas se encuentran en estos momentos 830 personas afectadas con la pandemia y 317 centros presentan alg\u00fan caso con s\u00edntomas. El dato que sigue sin conocerse y que puede ser importante es el de los ancianos afectados por coronavirus que mueren en su domicilio porque ya no son trasladados a los hospitales. Esta situaci\u00f3n afecta sobre todo, aunque no exclusivamente, a los mayores de 80 a\u00f1os, y ha sido reconocida por el propio Departamento de Salud, a pesar de que tambi\u00e9n en este caso inicialmente la consejera intentara maquillar la existencia de esta instrucci\u00f3n. Es necesario exigir al Gobierno de la Generalitat claridad y veracidad en sus datos, que muestren la evoluci\u00f3n del n\u00famero de personas afectadas, los ingresados en hospital, en la UCI, defunciones y altas, y que lo presente de acuerdo con la estructura de edad de dichas personas. Tambi\u00e9n una buena estad\u00edstica deber\u00eda mostrar los datos desagregados para hombres y mujeres, y la localizaci\u00f3n de las muertes en los centros hospitalarios, en las UCI, las residencias, y los hogares. Esto ser\u00eda ofrecer datos transparentes a la opini\u00f3n p\u00fablica. Mientras tal cuesti\u00f3n no sea resuelta, siempre pesar\u00e1 la sospecha de maquillaje y ocultaci\u00f3n sobre los datos que aporta la Generalitat. Ser\u00eda un grave error porque al final lo que observaremos ser\u00e1 la tasa de mortalidad total, y este es un dato mucho m\u00e1s dif\u00edcil de esquivar. Claro que para obtenerlo deber\u00e1 pasar alg\u00fan tiempo. M\u00e1s informaci\u00f3n sobre el coronavirus en ESPECIAL CORONAVIRUS<\/p>\n","protected":false},"author":2,"featured_media":34463,"comment_status":"open","ping_status":"open","sticky":false,"template":"","format":"standard","meta":{"_FSMCFIC_featured_image_caption":"","_FSMCFIC_featured_image_nocaption":"","_FSMCFIC_featured_image_hide":"","footnotes":""},"categories":[1772,806],"tags":[1504],"class_list":["post-34460","post","type-post","status-publish","format-standard","has-post-thumbnail","hentry","category-especial-coronavirus-es","category-punts-claus-del-dia-es","tag-coronavirus-es"],"yoast_head":"<!-- This site is optimized with the Yoast SEO plugin v26.8 - https:\/\/yoast.com\/product\/yoast-seo-wordpress\/ -->\n<title>El esc\u00e1ndalo de las muertes no contabilizadas en las residencias de ancianos - Converses a Catalunya<\/title>\n<meta name=\"robots\" content=\"index, follow, max-snippet:-1, max-image-preview:large, max-video-preview:-1\" \/>\n<link rel=\"canonical\" href=\"https:\/\/conversesacatalunya.cat\/es\/el-escandalo-de-las-muertes-no-contabilizadas-en-las-residencias-de-ancianos\/\" \/>\n<meta property=\"og:locale\" content=\"es_ES\" \/>\n<meta property=\"og:type\" content=\"article\" \/>\n<meta property=\"og:title\" content=\"El esc\u00e1ndalo de las muertes no contabilizadas en las residencias de ancianos - Converses a Catalunya\" \/>\n<meta property=\"og:description\" content=\"Era una sospecha generalizada que el Gobierno de la Generalitat tiende a minimizar el c\u00f3mputo de muertos por coronavirus. Ahora esta sospecha se ha visto confirmada por la propia consejera de Salud, al menos en un caso concreto: el de los muertos en las residencias de ancianos. Alba Verg\u00e9s ha reconocido este pasado martes en declaraciones a Vilaweb, que \u201csolo ten\u00edamos las defunciones de los centros hospitalarios\u00bb. Este reconocimiento de que no se computaban una parte importante de las muertes se ha producido despu\u00e9s de que durante d\u00edas y en la rueda de prensa diaria que el Gobierno catal\u00e1n lleva a cabo, la propia consejera evitara entrar en detalles sobre la forma en la que la Generalitat estaba calculando los fallecimientos por coronavirus. Ya apunt\u00e1bamos en Converses que hab\u00eda una reducci\u00f3n artificial de los realmente fallecidos, y utiliz\u00e1bamos el caso de Igualada para mostrarlo. Ahora se conoce un componente del que hasta ahora no se hab\u00eda contabilizado. En Catalu\u00f1a, y de acuerdo con los datos oficiales, hab\u00eda 1.672 fallecidos, que ahora crecer\u00e1n de golpe hasta un total de 2.034. Son 362 las muertes en residencias oficialmente reconocidas, lo que significa casi el 18% del total. Ser\u00e1 necesario observar en los d\u00edas sucesivos si la Generalitat parte de este nuevo dato, y adem\u00e1s incorpora las nuevas defunciones en residencias. Hay que a\u00f1adir que en ellas se encuentran en estos momentos 830 personas afectadas con la pandemia y 317 centros presentan alg\u00fan caso con s\u00edntomas. El dato que sigue sin conocerse y que puede ser importante es el de los ancianos afectados por coronavirus que mueren en su domicilio porque ya no son trasladados a los hospitales. Esta situaci\u00f3n afecta sobre todo, aunque no exclusivamente, a los mayores de 80 a\u00f1os, y ha sido reconocida por el propio Departamento de Salud, a pesar de que tambi\u00e9n en este caso inicialmente la consejera intentara maquillar la existencia de esta instrucci\u00f3n. Es necesario exigir al Gobierno de la Generalitat claridad y veracidad en sus datos, que muestren la evoluci\u00f3n del n\u00famero de personas afectadas, los ingresados en hospital, en la UCI, defunciones y altas, y que lo presente de acuerdo con la estructura de edad de dichas personas. Tambi\u00e9n una buena estad\u00edstica deber\u00eda mostrar los datos desagregados para hombres y mujeres, y la localizaci\u00f3n de las muertes en los centros hospitalarios, en las UCI, las residencias, y los hogares. Esto ser\u00eda ofrecer datos transparentes a la opini\u00f3n p\u00fablica. Mientras tal cuesti\u00f3n no sea resuelta, siempre pesar\u00e1 la sospecha de maquillaje y ocultaci\u00f3n sobre los datos que aporta la Generalitat. Ser\u00eda un grave error porque al final lo que observaremos ser\u00e1 la tasa de mortalidad total, y este es un dato mucho m\u00e1s dif\u00edcil de esquivar. Claro que para obtenerlo deber\u00e1 pasar alg\u00fan tiempo. M\u00e1s informaci\u00f3n sobre el coronavirus en ESPECIAL CORONAVIRUS\" \/>\n<meta property=\"og:url\" content=\"https:\/\/conversesacatalunya.cat\/es\/el-escandalo-de-las-muertes-no-contabilizadas-en-las-residencias-de-ancianos\/\" \/>\n<meta property=\"og:site_name\" content=\"Converses a Catalunya\" \/>\n<meta property=\"article:published_time\" content=\"2020-04-02T10:49:59+00:00\" \/>\n<meta property=\"article:modified_time\" content=\"2020-04-02T11:29:19+00:00\" \/>\n<meta property=\"og:image\" content=\"https:\/\/conversesacatalunya.cat\/wp-content\/uploads\/2020\/04\/coronavirus-4.jpg\" \/>\n\t<meta property=\"og:image:width\" content=\"690\" \/>\n\t<meta property=\"og:image:height\" content=\"421\" \/>\n\t<meta property=\"og:image:type\" content=\"image\/jpeg\" \/>\n<meta name=\"author\" content=\"conversesacatalunya\" \/>\n<meta name=\"twitter:card\" content=\"summary_large_image\" \/>\n<meta name=\"twitter:label1\" content=\"Escrito por\" \/>\n\t<meta name=\"twitter:data1\" content=\"conversesacatalunya\" \/>\n\t<meta name=\"twitter:label2\" content=\"Tiempo de lectura\" \/>\n\t<meta name=\"twitter:data2\" content=\"3 minutos\" \/>\n<script type=\"application\/ld+json\" class=\"yoast-schema-graph\">{\"@context\":\"https:\/\/schema.org\",\"@graph\":[{\"@type\":\"Article\",\"@id\":\"https:\/\/conversesacatalunya.cat\/es\/el-escandalo-de-las-muertes-no-contabilizadas-en-las-residencias-de-ancianos\/#article\",\"isPartOf\":{\"@id\":\"https:\/\/conversesacatalunya.cat\/es\/el-escandalo-de-las-muertes-no-contabilizadas-en-las-residencias-de-ancianos\/\"},\"author\":{\"name\":\"conversesacatalunya\",\"@id\":\"https:\/\/conversesacatalunya.cat\/#\/schema\/person\/7e24d1e54a2785373ddcb275eae5ed99\"},\"headline\":\"El esc\u00e1ndalo de las muertes no contabilizadas en las residencias de ancianos\",\"datePublished\":\"2020-04-02T10:49:59+00:00\",\"dateModified\":\"2020-04-02T11:29:19+00:00\",\"mainEntityOfPage\":{\"@id\":\"https:\/\/conversesacatalunya.cat\/es\/el-escandalo-de-las-muertes-no-contabilizadas-en-las-residencias-de-ancianos\/\"},\"wordCount\":529,\"commentCount\":0,\"image\":{\"@id\":\"https:\/\/conversesacatalunya.cat\/es\/el-escandalo-de-las-muertes-no-contabilizadas-en-las-residencias-de-ancianos\/#primaryimage\"},\"thumbnailUrl\":\"https:\/\/conversesacatalunya.cat\/wp-content\/uploads\/2020\/04\/coronavirus-4.jpg\",\"keywords\":[\"coronavirus\"],\"articleSection\":[\"Especial Coronavirus (ES)\",\"Punts clau del dia (ES)\"],\"inLanguage\":\"es\",\"potentialAction\":[{\"@type\":\"CommentAction\",\"name\":\"Comment\",\"target\":[\"https:\/\/conversesacatalunya.cat\/es\/el-escandalo-de-las-muertes-no-contabilizadas-en-las-residencias-de-ancianos\/#respond\"]}]},{\"@type\":\"WebPage\",\"@id\":\"https:\/\/conversesacatalunya.cat\/es\/el-escandalo-de-las-muertes-no-contabilizadas-en-las-residencias-de-ancianos\/\",\"url\":\"https:\/\/conversesacatalunya.cat\/es\/el-escandalo-de-las-muertes-no-contabilizadas-en-las-residencias-de-ancianos\/\",\"name\":\"El esc\u00e1ndalo de las muertes no contabilizadas en las residencias de ancianos - Converses a Catalunya\",\"isPartOf\":{\"@id\":\"https:\/\/conversesacatalunya.cat\/#website\"},\"primaryImageOfPage\":{\"@id\":\"https:\/\/conversesacatalunya.cat\/es\/el-escandalo-de-las-muertes-no-contabilizadas-en-las-residencias-de-ancianos\/#primaryimage\"},\"image\":{\"@id\":\"https:\/\/conversesacatalunya.cat\/es\/el-escandalo-de-las-muertes-no-contabilizadas-en-las-residencias-de-ancianos\/#primaryimage\"},\"thumbnailUrl\":\"https:\/\/conversesacatalunya.cat\/wp-content\/uploads\/2020\/04\/coronavirus-4.jpg\",\"datePublished\":\"2020-04-02T10:49:59+00:00\",\"dateModified\":\"2020-04-02T11:29:19+00:00\",\"author\":{\"@id\":\"https:\/\/conversesacatalunya.cat\/#\/schema\/person\/7e24d1e54a2785373ddcb275eae5ed99\"},\"breadcrumb\":{\"@id\":\"https:\/\/conversesacatalunya.cat\/es\/el-escandalo-de-las-muertes-no-contabilizadas-en-las-residencias-de-ancianos\/#breadcrumb\"},\"inLanguage\":\"es\",\"potentialAction\":[{\"@type\":\"ReadAction\",\"target\":[\"https:\/\/conversesacatalunya.cat\/es\/el-escandalo-de-las-muertes-no-contabilizadas-en-las-residencias-de-ancianos\/\"]}]},{\"@type\":\"ImageObject\",\"inLanguage\":\"es\",\"@id\":\"https:\/\/conversesacatalunya.cat\/es\/el-escandalo-de-las-muertes-no-contabilizadas-en-las-residencias-de-ancianos\/#primaryimage\",\"url\":\"https:\/\/conversesacatalunya.cat\/wp-content\/uploads\/2020\/04\/coronavirus-4.jpg\",\"contentUrl\":\"https:\/\/conversesacatalunya.cat\/wp-content\/uploads\/2020\/04\/coronavirus-4.jpg\",\"width\":690,\"height\":421,\"caption\":\"residencias de ancianos\"},{\"@type\":\"BreadcrumbList\",\"@id\":\"https:\/\/conversesacatalunya.cat\/es\/el-escandalo-de-las-muertes-no-contabilizadas-en-las-residencias-de-ancianos\/#breadcrumb\",\"itemListElement\":[{\"@type\":\"ListItem\",\"position\":1,\"name\":\"Inici\",\"item\":\"https:\/\/conversesacatalunya.cat\/es\/\"},{\"@type\":\"ListItem\",\"position\":2,\"name\":\"El esc\u00e1ndalo de las muertes no contabilizadas en las residencias de ancianos\"}]},{\"@type\":\"WebSite\",\"@id\":\"https:\/\/conversesacatalunya.cat\/#website\",\"url\":\"https:\/\/conversesacatalunya.cat\/\",\"name\":\"Converses a Catalunya\",\"description\":\"\",\"potentialAction\":[{\"@type\":\"SearchAction\",\"target\":{\"@type\":\"EntryPoint\",\"urlTemplate\":\"https:\/\/conversesacatalunya.cat\/?s={search_term_string}\"},\"query-input\":{\"@type\":\"PropertyValueSpecification\",\"valueRequired\":true,\"valueName\":\"search_term_string\"}}],\"inLanguage\":\"es\"},{\"@type\":\"Person\",\"@id\":\"https:\/\/conversesacatalunya.cat\/#\/schema\/person\/7e24d1e54a2785373ddcb275eae5ed99\",\"name\":\"conversesacatalunya\",\"image\":{\"@type\":\"ImageObject\",\"inLanguage\":\"es\",\"@id\":\"https:\/\/conversesacatalunya.cat\/#\/schema\/person\/image\/\",\"url\":\"https:\/\/conversesacatalunya.cat\/wp-content\/litespeed\/avatar\/febdfeeec89d950f01c748045a981dd2.jpg?ver=1777314535\",\"contentUrl\":\"https:\/\/conversesacatalunya.cat\/wp-content\/litespeed\/avatar\/febdfeeec89d950f01c748045a981dd2.jpg?ver=1777314535\",\"caption\":\"conversesacatalunya\"},\"url\":\"https:\/\/conversesacatalunya.cat\/es\/author\/carme_catala\/\"}]}<\/script>\n<!-- \/ Yoast SEO plugin. -->","yoast_head_json":{"title":"El esc\u00e1ndalo de las muertes no contabilizadas en las residencias de ancianos - Converses a Catalunya","robots":{"index":"index","follow":"follow","max-snippet":"max-snippet:-1","max-image-preview":"max-image-preview:large","max-video-preview":"max-video-preview:-1"},"canonical":"https:\/\/conversesacatalunya.cat\/es\/el-escandalo-de-las-muertes-no-contabilizadas-en-las-residencias-de-ancianos\/","og_locale":"es_ES","og_type":"article","og_title":"El esc\u00e1ndalo de las muertes no contabilizadas en las residencias de ancianos - Converses a Catalunya","og_description":"Era una sospecha generalizada que el Gobierno de la Generalitat tiende a minimizar el c\u00f3mputo de muertos por coronavirus. Ahora esta sospecha se ha visto confirmada por la propia consejera de Salud, al menos en un caso concreto: el de los muertos en las residencias de ancianos. Alba Verg\u00e9s ha reconocido este pasado martes en declaraciones a Vilaweb, que \u201csolo ten\u00edamos las defunciones de los centros hospitalarios\u00bb. Este reconocimiento de que no se computaban una parte importante de las muertes se ha producido despu\u00e9s de que durante d\u00edas y en la rueda de prensa diaria que el Gobierno catal\u00e1n lleva a cabo, la propia consejera evitara entrar en detalles sobre la forma en la que la Generalitat estaba calculando los fallecimientos por coronavirus. Ya apunt\u00e1bamos en Converses que hab\u00eda una reducci\u00f3n artificial de los realmente fallecidos, y utiliz\u00e1bamos el caso de Igualada para mostrarlo. Ahora se conoce un componente del que hasta ahora no se hab\u00eda contabilizado. En Catalu\u00f1a, y de acuerdo con los datos oficiales, hab\u00eda 1.672 fallecidos, que ahora crecer\u00e1n de golpe hasta un total de 2.034. Son 362 las muertes en residencias oficialmente reconocidas, lo que significa casi el 18% del total. Ser\u00e1 necesario observar en los d\u00edas sucesivos si la Generalitat parte de este nuevo dato, y adem\u00e1s incorpora las nuevas defunciones en residencias. Hay que a\u00f1adir que en ellas se encuentran en estos momentos 830 personas afectadas con la pandemia y 317 centros presentan alg\u00fan caso con s\u00edntomas. El dato que sigue sin conocerse y que puede ser importante es el de los ancianos afectados por coronavirus que mueren en su domicilio porque ya no son trasladados a los hospitales. Esta situaci\u00f3n afecta sobre todo, aunque no exclusivamente, a los mayores de 80 a\u00f1os, y ha sido reconocida por el propio Departamento de Salud, a pesar de que tambi\u00e9n en este caso inicialmente la consejera intentara maquillar la existencia de esta instrucci\u00f3n. Es necesario exigir al Gobierno de la Generalitat claridad y veracidad en sus datos, que muestren la evoluci\u00f3n del n\u00famero de personas afectadas, los ingresados en hospital, en la UCI, defunciones y altas, y que lo presente de acuerdo con la estructura de edad de dichas personas. Tambi\u00e9n una buena estad\u00edstica deber\u00eda mostrar los datos desagregados para hombres y mujeres, y la localizaci\u00f3n de las muertes en los centros hospitalarios, en las UCI, las residencias, y los hogares. Esto ser\u00eda ofrecer datos transparentes a la opini\u00f3n p\u00fablica. Mientras tal cuesti\u00f3n no sea resuelta, siempre pesar\u00e1 la sospecha de maquillaje y ocultaci\u00f3n sobre los datos que aporta la Generalitat. Ser\u00eda un grave error porque al final lo que observaremos ser\u00e1 la tasa de mortalidad total, y este es un dato mucho m\u00e1s dif\u00edcil de esquivar. Claro que para obtenerlo deber\u00e1 pasar alg\u00fan tiempo. M\u00e1s informaci\u00f3n sobre el coronavirus en ESPECIAL CORONAVIRUS","og_url":"https:\/\/conversesacatalunya.cat\/es\/el-escandalo-de-las-muertes-no-contabilizadas-en-las-residencias-de-ancianos\/","og_site_name":"Converses a Catalunya","article_published_time":"2020-04-02T10:49:59+00:00","article_modified_time":"2020-04-02T11:29:19+00:00","og_image":[{"width":690,"height":421,"url":"https:\/\/conversesacatalunya.cat\/wp-content\/uploads\/2020\/04\/coronavirus-4.jpg","type":"image\/jpeg"}],"author":"conversesacatalunya","twitter_card":"summary_large_image","twitter_misc":{"Escrito por":"conversesacatalunya","Tiempo de lectura":"3 minutos"},"schema":{"@context":"https:\/\/schema.org","@graph":[{"@type":"Article","@id":"https:\/\/conversesacatalunya.cat\/es\/el-escandalo-de-las-muertes-no-contabilizadas-en-las-residencias-de-ancianos\/#article","isPartOf":{"@id":"https:\/\/conversesacatalunya.cat\/es\/el-escandalo-de-las-muertes-no-contabilizadas-en-las-residencias-de-ancianos\/"},"author":{"name":"conversesacatalunya","@id":"https:\/\/conversesacatalunya.cat\/#\/schema\/person\/7e24d1e54a2785373ddcb275eae5ed99"},"headline":"El esc\u00e1ndalo de las muertes no contabilizadas en las residencias de ancianos","datePublished":"2020-04-02T10:49:59+00:00","dateModified":"2020-04-02T11:29:19+00:00","mainEntityOfPage":{"@id":"https:\/\/conversesacatalunya.cat\/es\/el-escandalo-de-las-muertes-no-contabilizadas-en-las-residencias-de-ancianos\/"},"wordCount":529,"commentCount":0,"image":{"@id":"https:\/\/conversesacatalunya.cat\/es\/el-escandalo-de-las-muertes-no-contabilizadas-en-las-residencias-de-ancianos\/#primaryimage"},"thumbnailUrl":"https:\/\/conversesacatalunya.cat\/wp-content\/uploads\/2020\/04\/coronavirus-4.jpg","keywords":["coronavirus"],"articleSection":["Especial Coronavirus (ES)","Punts clau del dia (ES)"],"inLanguage":"es","potentialAction":[{"@type":"CommentAction","name":"Comment","target":["https:\/\/conversesacatalunya.cat\/es\/el-escandalo-de-las-muertes-no-contabilizadas-en-las-residencias-de-ancianos\/#respond"]}]},{"@type":"WebPage","@id":"https:\/\/conversesacatalunya.cat\/es\/el-escandalo-de-las-muertes-no-contabilizadas-en-las-residencias-de-ancianos\/","url":"https:\/\/conversesacatalunya.cat\/es\/el-escandalo-de-las-muertes-no-contabilizadas-en-las-residencias-de-ancianos\/","name":"El esc\u00e1ndalo de las muertes no contabilizadas en las residencias de ancianos - Converses a Catalunya","isPartOf":{"@id":"https:\/\/conversesacatalunya.cat\/#website"},"primaryImageOfPage":{"@id":"https:\/\/conversesacatalunya.cat\/es\/el-escandalo-de-las-muertes-no-contabilizadas-en-las-residencias-de-ancianos\/#primaryimage"},"image":{"@id":"https:\/\/conversesacatalunya.cat\/es\/el-escandalo-de-las-muertes-no-contabilizadas-en-las-residencias-de-ancianos\/#primaryimage"},"thumbnailUrl":"https:\/\/conversesacatalunya.cat\/wp-content\/uploads\/2020\/04\/coronavirus-4.jpg","datePublished":"2020-04-02T10:49:59+00:00","dateModified":"2020-04-02T11:29:19+00:00","author":{"@id":"https:\/\/conversesacatalunya.cat\/#\/schema\/person\/7e24d1e54a2785373ddcb275eae5ed99"},"breadcrumb":{"@id":"https:\/\/conversesacatalunya.cat\/es\/el-escandalo-de-las-muertes-no-contabilizadas-en-las-residencias-de-ancianos\/#breadcrumb"},"inLanguage":"es","potentialAction":[{"@type":"ReadAction","target":["https:\/\/conversesacatalunya.cat\/es\/el-escandalo-de-las-muertes-no-contabilizadas-en-las-residencias-de-ancianos\/"]}]},{"@type":"ImageObject","inLanguage":"es","@id":"https:\/\/conversesacatalunya.cat\/es\/el-escandalo-de-las-muertes-no-contabilizadas-en-las-residencias-de-ancianos\/#primaryimage","url":"https:\/\/conversesacatalunya.cat\/wp-content\/uploads\/2020\/04\/coronavirus-4.jpg","contentUrl":"https:\/\/conversesacatalunya.cat\/wp-content\/uploads\/2020\/04\/coronavirus-4.jpg","width":690,"height":421,"caption":"residencias de ancianos"},{"@type":"BreadcrumbList","@id":"https:\/\/conversesacatalunya.cat\/es\/el-escandalo-de-las-muertes-no-contabilizadas-en-las-residencias-de-ancianos\/#breadcrumb","itemListElement":[{"@type":"ListItem","position":1,"name":"Inici","item":"https:\/\/conversesacatalunya.cat\/es\/"},{"@type":"ListItem","position":2,"name":"El esc\u00e1ndalo de las muertes no contabilizadas en las residencias de ancianos"}]},{"@type":"WebSite","@id":"https:\/\/conversesacatalunya.cat\/#website","url":"https:\/\/conversesacatalunya.cat\/","name":"Converses a Catalunya","description":"","potentialAction":[{"@type":"SearchAction","target":{"@type":"EntryPoint","urlTemplate":"https:\/\/conversesacatalunya.cat\/?s={search_term_string}"},"query-input":{"@type":"PropertyValueSpecification","valueRequired":true,"valueName":"search_term_string"}}],"inLanguage":"es"},{"@type":"Person","@id":"https:\/\/conversesacatalunya.cat\/#\/schema\/person\/7e24d1e54a2785373ddcb275eae5ed99","name":"conversesacatalunya","image":{"@type":"ImageObject","inLanguage":"es","@id":"https:\/\/conversesacatalunya.cat\/#\/schema\/person\/image\/","url":"https:\/\/conversesacatalunya.cat\/wp-content\/litespeed\/avatar\/febdfeeec89d950f01c748045a981dd2.jpg?ver=1777314535","contentUrl":"https:\/\/conversesacatalunya.cat\/wp-content\/litespeed\/avatar\/febdfeeec89d950f01c748045a981dd2.jpg?ver=1777314535","caption":"conversesacatalunya"},"url":"https:\/\/conversesacatalunya.cat\/es\/author\/carme_catala\/"}]}},"wps_subtitle":"","_links":{"self":[{"href":"https:\/\/conversesacatalunya.cat\/es\/wp-json\/wp\/v2\/posts\/34460","targetHints":{"allow":["GET"]}}],"collection":[{"href":"https:\/\/conversesacatalunya.cat\/es\/wp-json\/wp\/v2\/posts"}],"about":[{"href":"https:\/\/conversesacatalunya.cat\/es\/wp-json\/wp\/v2\/types\/post"}],"author":[{"embeddable":true,"href":"https:\/\/conversesacatalunya.cat\/es\/wp-json\/wp\/v2\/users\/2"}],"replies":[{"embeddable":true,"href":"https:\/\/conversesacatalunya.cat\/es\/wp-json\/wp\/v2\/comments?post=34460"}],"version-history":[{"count":2,"href":"https:\/\/conversesacatalunya.cat\/es\/wp-json\/wp\/v2\/posts\/34460\/revisions"}],"predecessor-version":[{"id":34469,"href":"https:\/\/conversesacatalunya.cat\/es\/wp-json\/wp\/v2\/posts\/34460\/revisions\/34469"}],"wp:featuredmedia":[{"embeddable":true,"href":"https:\/\/conversesacatalunya.cat\/es\/wp-json\/wp\/v2\/media\/34463"}],"wp:attachment":[{"href":"https:\/\/conversesacatalunya.cat\/es\/wp-json\/wp\/v2\/media?parent=34460"}],"wp:term":[{"taxonomy":"category","embeddable":true,"href":"https:\/\/conversesacatalunya.cat\/es\/wp-json\/wp\/v2\/categories?post=34460"},{"taxonomy":"post_tag","embeddable":true,"href":"https:\/\/conversesacatalunya.cat\/es\/wp-json\/wp\/v2\/tags?post=34460"}],"curies":[{"name":"wp","href":"https:\/\/api.w.org\/{rel}","templated":true}]}}