{"id":34347,"date":"2020-04-01T11:17:59","date_gmt":"2020-04-01T09:17:59","guid":{"rendered":"https:\/\/conversesacatalunya.cat\/?p=34347"},"modified":"2020-04-01T11:17:59","modified_gmt":"2020-04-01T09:17:59","slug":"radiografia-de-un-desorden","status":"publish","type":"post","link":"https:\/\/conversesacatalunya.cat\/es\/radiografia-de-un-desorden\/","title":{"rendered":"Radiograf\u00eda de un desorden"},"content":{"rendered":"<p>Las versiones oficiales que surgen en boca de los gobiernos de Espa\u00f1a y de Catalu\u00f1a no recogen ni de lejos la realidad que dicen los ciudadanos de a pie. En realidad, como en toda guerra, lo que impera es un notable desorden, que los responsables har\u00edan bien en asumir y enmendar porque les va en ello su credibilidad.<\/p>\n<p>El denominador com\u00fan de la mayor parte de esta desorganizaci\u00f3n subyace en la <strong>incapacidad de los gobiernos de prever<\/strong> los sucesos, incluso las consecuencias de sus propios actos.<\/p>\n<p>Un caso tr\u00e1gico es el de <strong>los respiradores en las UCI<\/strong>. Por la naturaleza del ataque del coronavirus, la principal causa de letalidad radica en la afectaci\u00f3n pulmonar, que exige para salvar vidas disponer de suficientes aparatos de respiraci\u00f3n que suplan la incapacidad del propio organismo para realizar esta tarea vital. Se trata de los respiradores. Hace ya algunas semanas que se conoc\u00eda que este es el<strong> mayor riesgo para los pacientes<\/strong>, y que se necesitar\u00edan nuevas plazas en UCI, que han ido aumentando, pero que los respiradores no lo han hecho en la misma proporci\u00f3n. Se aduce que su falta es debida a las distorsiones del mercado internacional por la gran demanda que existe. Pero ahora se ve, gracias a la iniciativa ciudadana, que existen recursos propios que pod\u00edan haber paliado el golpe.<\/p>\n<span class='bctt-click-to-tweet'><span class='bctt-ctt-text'><a href='https:\/\/twitter.com\/intent\/tweet?url=https%3A%2F%2Fconversesacatalunya.cat%2Fes%2Fradiografia-de-un-desorden%2F&#038;text=Las%20versiones%20oficiales%20que%20surgen%20en%20boca%20de%20los%20gobiernos%20de%20Espa%C3%B1a%20y%20de%20Catalu%C3%B1a%20no%20recogen%20ni%20de%20lejos%20la%20realidad%20que%20dicen%20los%20ciudadanos%20de%20a%20pie&#038;via=conversesacat&#038;related=conversesacat' target='_blank'rel=\"noopener noreferrer\">Las versiones oficiales que surgen en boca de los gobiernos de Espa\u00f1a y de Catalu\u00f1a no recogen ni de lejos la realidad que dicen los ciudadanos de a pie <\/a><\/span><a href='https:\/\/twitter.com\/intent\/tweet?url=https%3A%2F%2Fconversesacatalunya.cat%2Fes%2Fradiografia-de-un-desorden%2F&#038;text=Las%20versiones%20oficiales%20que%20surgen%20en%20boca%20de%20los%20gobiernos%20de%20Espa%C3%B1a%20y%20de%20Catalu%C3%B1a%20no%20recogen%20ni%20de%20lejos%20la%20realidad%20que%20dicen%20los%20ciudadanos%20de%20a%20pie&#038;via=conversesacat&#038;related=conversesacat' target='_blank' class='bctt-ctt-btn'rel=\"noopener noreferrer\">Compartir en X<\/a><\/span>\n<p>El m\u00e1s evidente de todos ellos son los <strong>respiradores que se utilizan en veterinaria<\/strong> y que pueden ser aplicados a seres humanos. Hasta ahora no se ha movilizado al sector veterinario para disponer de estos vitales instrumentos.<\/p>\n<p>La segunda fuente de recursos tambi\u00e9n importante, es que muchos <strong>aparatos de anestesia<\/strong>, al menos los de la empresa Drager, que es un l\u00edder en el campo de la tecnolog\u00eda m\u00e9dica, pueden ser utilizados como respiradores de una manera excepcional. Esto lo ha afirmado la propia empresa en una comunicaci\u00f3n p\u00fablica, en la que afirma que estos aparatos de anestesia incorporan un software que, siguiendo las instrucciones espec\u00edficas, hace posible obtener aquel resultado. \u00a0Hay que decir que este tipo de aparatos se encuentra en el 60% de las instalaciones m\u00e9dicas.<\/p>\n<p>La tercera fuente de aprovisionamiento de respiradores es <strong>la fabricaci\u00f3n local.<\/strong> Han surgido m\u00faltiples iniciativas, todas de car\u00e1cter espont\u00e1neo. Si los gobiernos hubieran previsto esta posibilidad y coordinado la espontaneidad, el periodo para disponer de aparatos homologados y en cantidad suficiente se habr\u00eda reducido en una medida muy importante. Algo parecido puede decirse de las provisiones para equipos de protecci\u00f3n personal, como mascarillas, guantes, trajes de un solo uso. Todo esto puede ser producido a gran escala en Espa\u00f1a con mayores o menores transformaciones de las industrias correspondientes, pero tampoco ha habido ninguna planificaci\u00f3n.<\/p>\n<p>Pero con ser la decisiva no se trata solo de la dimensi\u00f3n sanitaria, sino que la falta de previsi\u00f3n, la descoordinaci\u00f3n, afecta a todos los \u00e1mbitos. Uno de los tambi\u00e9n <strong>importantes es el econ\u00f3mico<\/strong>. Ha sido tremendamente irresponsable declarar el cese de toda actividad no imprescindible verbalmente un s\u00e1bado para ser efectivo el lunes, con la publicaci\u00f3n del decreto que detalla las actividades afectadas a las 12 de la noche del domingo. La incertidumbre, una de las peores lacras para la actividad econ\u00f3mica, ha sido total y pod\u00eda haberse evitado, simplemente actuando con previsi\u00f3n, coordinaci\u00f3n e informaci\u00f3n.<\/p>\n<p><strong>Los peque\u00f1os empresarios<\/strong>, que constituyen la gran mayor\u00eda del tejido industrial del pa\u00eds, se quejan porque consideran que las peque\u00f1as empresas se quedan en buena medida fuera, incluso se refieren al 50% de exclusiones en relaci\u00f3n con lo que prev\u00e9 el Real Decreto sobre el estado de alarma. Ello significa que no tienen ninguna ayuda para afrontar la reducci\u00f3n de la actividad, ni tienen derecho a aplicar el ERTO, y en todo caso deben pactar con los trabajadores una reducci\u00f3n de jornada, lo que implica tambi\u00e9n que estos est\u00e9n de acuerdo con una renuncia a parte de su salario.<\/p>\n<p>La soluci\u00f3n de que vaya al banco para solicitar un cr\u00e9dito avalado en un 80% por el estado tampoco es una buena soluci\u00f3n para muchas de estas peque\u00f1as empresas, porque se preguntan por qu\u00e9 deben endeudarse asumiendo los costes financieros para pagar en un futuro, cosa que no sabe si podr\u00e1 cumplir, en una operaci\u00f3n donde el negocio realmente queda en manos de los bancos, que con un riesgo m\u00ednimo obtendr\u00e1n un beneficio.<\/p>\n<p>Todo esto es muy dif\u00edcil de resolver, ciertamente, pero tambi\u00e9n es cierto que se podr\u00eda hacer mejor. Por ejemplo Italia tambi\u00e9n ha prohibido los despidos, como despu\u00e9s ha hecho Espa\u00f1a, pero hay una diferencia sustancial a <strong>favor del Gobierno italiano:<\/strong> las empresas de aquel pa\u00eds podr\u00e1n pagar a sus trabajadores con las partidas de un fondo que el Estado destina a los trabajadores de empresas que han detenido su actividad, pero esto en Espa\u00f1a no existe.<\/p>\n<p>La administraci\u00f3n falla en sus propios compromisos directos. As\u00ed por ejemplo, en muchos lugares resulta imposible inscribir a un reci\u00e9n nacido, porque a pesar de todo la vida sigue, en el <strong>Registro Civil<\/strong>. Es el caso de Barcelona. El resultado es que los padres se ven de esta manera impedidos a tramitar la prestaci\u00f3n por maternidad y paternidad con los da\u00f1os que ello supone. El <strong>Consejo General del Poder Judicial<\/strong> estableci\u00f3 que los registros civiles deben de tramitar los nacimientos, pero ya se ve que una cosa es lo que se decreta y otra lo que la propia administraci\u00f3n cumple.<\/p>\n<p>En definitiva, las quejas de los ciudadanos se multiplican porque <strong>constatan la diferencia entre el discurso p\u00fablico y la realidad<\/strong>. En una dram\u00e1tica carta al director aparecida en La Vanguardia de Barcelona, una mujer que hab\u00eda perdido a su padre sin poder verlo, porque hab\u00eda muerto aislado en la m\u00e1s total soledad, ten\u00eda el rigor de pedir a quienes nos gobiernan: <em>dadnos instrucciones claras y \u00fatiles. Confesad que hasta que no tienes insuficiencia respiratoria no recibes un tratamiento, explicad que la tasa de afectados est\u00e1 infravalorada. Se ha puesto en marcha una app que ni tan siquiera pide si has estado en contacto con un positivo. Haced saber que aunque las patolog\u00edas parezcan leves, s\u00ed puede empeorar r\u00e1pidamente en horas. No escond\u00e1is la informaci\u00f3n. La verdad es dura, pero al menos reduce la incertidumbre. Humanizad los protocolos, ayudad a que aquel mal paso de la muerte sea m\u00e1s soportable<\/em>. Entereza y rigor por parte de quien habiendo perdido a un padre, lo \u00fanico que hace es pedir lo m\u00e1s elemental: verdades.<\/p>\n<p style=\"text-align: center;\"><strong>M\u00e1s informaci\u00f3n sobre el coronavirus en <a href=\"https:\/\/conversesacatalunya.cat\/es\/coronavirus\/\" target=\"_blank\" rel=\"noopener noreferrer\">ESPECIAL CORONAVIRUS<\/a><\/strong><\/p>\n","protected":false},"excerpt":{"rendered":"<p>Las versiones oficiales que surgen en boca de los gobiernos de Espa\u00f1a y de Catalu\u00f1a no recogen ni de lejos la realidad que dicen los ciudadanos de a pie. En realidad, como en toda guerra, lo que impera es un notable desorden, que los responsables har\u00edan bien en asumir y enmendar porque les va en ello su credibilidad. El denominador com\u00fan de la mayor parte de esta desorganizaci\u00f3n subyace en la incapacidad de los gobiernos de prever los sucesos, incluso las consecuencias de sus propios actos. Un caso tr\u00e1gico es el de los respiradores en las UCI. Por la naturaleza del ataque del coronavirus, la principal causa de letalidad radica en la afectaci\u00f3n pulmonar, que exige para salvar vidas disponer de suficientes aparatos de respiraci\u00f3n que suplan la incapacidad del propio organismo para realizar esta tarea vital. Se trata de los respiradores. Hace ya algunas semanas que se conoc\u00eda que este es el mayor riesgo para los pacientes, y que se necesitar\u00edan nuevas plazas en UCI, que han ido aumentando, pero que los respiradores no lo han hecho en la misma proporci\u00f3n. Se aduce que su falta es debida a las distorsiones del mercado internacional por la gran demanda que existe. Pero ahora se ve, gracias a la iniciativa ciudadana, que existen recursos propios que pod\u00edan haber paliado el golpe. El m\u00e1s evidente de todos ellos son los respiradores que se utilizan en veterinaria y que pueden ser aplicados a seres humanos. Hasta ahora no se ha movilizado al sector veterinario para disponer de estos vitales instrumentos. La segunda fuente de recursos tambi\u00e9n importante, es que muchos aparatos de anestesia, al menos los de la empresa Drager, que es un l\u00edder en el campo de la tecnolog\u00eda m\u00e9dica, pueden ser utilizados como respiradores de una manera excepcional. Esto lo ha afirmado la propia empresa en una comunicaci\u00f3n p\u00fablica, en la que afirma que estos aparatos de anestesia incorporan un software que, siguiendo las instrucciones espec\u00edficas, hace posible obtener aquel resultado. \u00a0Hay que decir que este tipo de aparatos se encuentra en el 60% de las instalaciones m\u00e9dicas. La tercera fuente de aprovisionamiento de respiradores es la fabricaci\u00f3n local. Han surgido m\u00faltiples iniciativas, todas de car\u00e1cter espont\u00e1neo. Si los gobiernos hubieran previsto esta posibilidad y coordinado la espontaneidad, el periodo para disponer de aparatos homologados y en cantidad suficiente se habr\u00eda reducido en una medida muy importante. Algo parecido puede decirse de las provisiones para equipos de protecci\u00f3n personal, como mascarillas, guantes, trajes de un solo uso. Todo esto puede ser producido a gran escala en Espa\u00f1a con mayores o menores transformaciones de las industrias correspondientes, pero tampoco ha habido ninguna planificaci\u00f3n. Pero con ser la decisiva no se trata solo de la dimensi\u00f3n sanitaria, sino que la falta de previsi\u00f3n, la descoordinaci\u00f3n, afecta a todos los \u00e1mbitos. Uno de los tambi\u00e9n importantes es el econ\u00f3mico. Ha sido tremendamente irresponsable declarar el cese de toda actividad no imprescindible verbalmente un s\u00e1bado para ser efectivo el lunes, con la publicaci\u00f3n del decreto que detalla las actividades afectadas a las 12 de la noche del domingo. La incertidumbre, una de las peores lacras para la actividad econ\u00f3mica, ha sido total y pod\u00eda haberse evitado, simplemente actuando con previsi\u00f3n, coordinaci\u00f3n e informaci\u00f3n. Los peque\u00f1os empresarios, que constituyen la gran mayor\u00eda del tejido industrial del pa\u00eds, se quejan porque consideran que las peque\u00f1as empresas se quedan en buena medida fuera, incluso se refieren al 50% de exclusiones en relaci\u00f3n con lo que prev\u00e9 el Real Decreto sobre el estado de alarma. Ello significa que no tienen ninguna ayuda para afrontar la reducci\u00f3n de la actividad, ni tienen derecho a aplicar el ERTO, y en todo caso deben pactar con los trabajadores una reducci\u00f3n de jornada, lo que implica tambi\u00e9n que estos est\u00e9n de acuerdo con una renuncia a parte de su salario. La soluci\u00f3n de que vaya al banco para solicitar un cr\u00e9dito avalado en un 80% por el estado tampoco es una buena soluci\u00f3n para muchas de estas peque\u00f1as empresas, porque se preguntan por qu\u00e9 deben endeudarse asumiendo los costes financieros para pagar en un futuro, cosa que no sabe si podr\u00e1 cumplir, en una operaci\u00f3n donde el negocio realmente queda en manos de los bancos, que con un riesgo m\u00ednimo obtendr\u00e1n un beneficio. Todo esto es muy dif\u00edcil de resolver, ciertamente, pero tambi\u00e9n es cierto que se podr\u00eda hacer mejor. Por ejemplo Italia tambi\u00e9n ha prohibido los despidos, como despu\u00e9s ha hecho Espa\u00f1a, pero hay una diferencia sustancial a favor del Gobierno italiano: las empresas de aquel pa\u00eds podr\u00e1n pagar a sus trabajadores con las partidas de un fondo que el Estado destina a los trabajadores de empresas que han detenido su actividad, pero esto en Espa\u00f1a no existe. La administraci\u00f3n falla en sus propios compromisos directos. As\u00ed por ejemplo, en muchos lugares resulta imposible inscribir a un reci\u00e9n nacido, porque a pesar de todo la vida sigue, en el Registro Civil. Es el caso de Barcelona. El resultado es que los padres se ven de esta manera impedidos a tramitar la prestaci\u00f3n por maternidad y paternidad con los da\u00f1os que ello supone. El Consejo General del Poder Judicial estableci\u00f3 que los registros civiles deben de tramitar los nacimientos, pero ya se ve que una cosa es lo que se decreta y otra lo que la propia administraci\u00f3n cumple. En definitiva, las quejas de los ciudadanos se multiplican porque constatan la diferencia entre el discurso p\u00fablico y la realidad. En una dram\u00e1tica carta al director aparecida en La Vanguardia de Barcelona, una mujer que hab\u00eda perdido a su padre sin poder verlo, porque hab\u00eda muerto aislado en la m\u00e1s total soledad, ten\u00eda el rigor de pedir a quienes nos gobiernan: dadnos instrucciones claras y \u00fatiles. Confesad que hasta que no tienes insuficiencia respiratoria no recibes un tratamiento, explicad que la tasa de afectados est\u00e1 infravalorada. Se ha puesto en marcha una app que ni tan siquiera pide si has estado en contacto con un positivo. Haced saber que aunque las patolog\u00edas parezcan&#8230;<\/p>\n","protected":false},"author":2,"featured_media":34349,"comment_status":"open","ping_status":"open","sticky":false,"template":"","format":"standard","meta":{"_FSMCFIC_featured_image_caption":"","_FSMCFIC_featured_image_nocaption":"","_FSMCFIC_featured_image_hide":"","footnotes":""},"categories":[1772,806],"tags":[1504],"class_list":["post-34347","post","type-post","status-publish","format-standard","has-post-thumbnail","hentry","category-especial-coronavirus-es","category-punts-claus-del-dia-es","tag-coronavirus-es"],"yoast_head":"<!-- This site is optimized with the Yoast SEO plugin v26.8 - https:\/\/yoast.com\/product\/yoast-seo-wordpress\/ -->\n<title>Radiograf\u00eda de un desorden - Converses a Catalunya<\/title>\n<meta name=\"robots\" content=\"index, follow, max-snippet:-1, max-image-preview:large, max-video-preview:-1\" \/>\n<link rel=\"canonical\" href=\"https:\/\/conversesacatalunya.cat\/es\/radiografia-de-un-desorden\/\" \/>\n<meta property=\"og:locale\" content=\"es_ES\" \/>\n<meta property=\"og:type\" content=\"article\" \/>\n<meta property=\"og:title\" content=\"Radiograf\u00eda de un desorden - Converses a Catalunya\" \/>\n<meta property=\"og:description\" content=\"Las versiones oficiales que surgen en boca de los gobiernos de Espa\u00f1a y de Catalu\u00f1a no recogen ni de lejos la realidad que dicen los ciudadanos de a pie. En realidad, como en toda guerra, lo que impera es un notable desorden, que los responsables har\u00edan bien en asumir y enmendar porque les va en ello su credibilidad. El denominador com\u00fan de la mayor parte de esta desorganizaci\u00f3n subyace en la incapacidad de los gobiernos de prever los sucesos, incluso las consecuencias de sus propios actos. Un caso tr\u00e1gico es el de los respiradores en las UCI. Por la naturaleza del ataque del coronavirus, la principal causa de letalidad radica en la afectaci\u00f3n pulmonar, que exige para salvar vidas disponer de suficientes aparatos de respiraci\u00f3n que suplan la incapacidad del propio organismo para realizar esta tarea vital. Se trata de los respiradores. Hace ya algunas semanas que se conoc\u00eda que este es el mayor riesgo para los pacientes, y que se necesitar\u00edan nuevas plazas en UCI, que han ido aumentando, pero que los respiradores no lo han hecho en la misma proporci\u00f3n. Se aduce que su falta es debida a las distorsiones del mercado internacional por la gran demanda que existe. Pero ahora se ve, gracias a la iniciativa ciudadana, que existen recursos propios que pod\u00edan haber paliado el golpe. El m\u00e1s evidente de todos ellos son los respiradores que se utilizan en veterinaria y que pueden ser aplicados a seres humanos. Hasta ahora no se ha movilizado al sector veterinario para disponer de estos vitales instrumentos. La segunda fuente de recursos tambi\u00e9n importante, es que muchos aparatos de anestesia, al menos los de la empresa Drager, que es un l\u00edder en el campo de la tecnolog\u00eda m\u00e9dica, pueden ser utilizados como respiradores de una manera excepcional. Esto lo ha afirmado la propia empresa en una comunicaci\u00f3n p\u00fablica, en la que afirma que estos aparatos de anestesia incorporan un software que, siguiendo las instrucciones espec\u00edficas, hace posible obtener aquel resultado. \u00a0Hay que decir que este tipo de aparatos se encuentra en el 60% de las instalaciones m\u00e9dicas. La tercera fuente de aprovisionamiento de respiradores es la fabricaci\u00f3n local. Han surgido m\u00faltiples iniciativas, todas de car\u00e1cter espont\u00e1neo. Si los gobiernos hubieran previsto esta posibilidad y coordinado la espontaneidad, el periodo para disponer de aparatos homologados y en cantidad suficiente se habr\u00eda reducido en una medida muy importante. Algo parecido puede decirse de las provisiones para equipos de protecci\u00f3n personal, como mascarillas, guantes, trajes de un solo uso. Todo esto puede ser producido a gran escala en Espa\u00f1a con mayores o menores transformaciones de las industrias correspondientes, pero tampoco ha habido ninguna planificaci\u00f3n. Pero con ser la decisiva no se trata solo de la dimensi\u00f3n sanitaria, sino que la falta de previsi\u00f3n, la descoordinaci\u00f3n, afecta a todos los \u00e1mbitos. Uno de los tambi\u00e9n importantes es el econ\u00f3mico. Ha sido tremendamente irresponsable declarar el cese de toda actividad no imprescindible verbalmente un s\u00e1bado para ser efectivo el lunes, con la publicaci\u00f3n del decreto que detalla las actividades afectadas a las 12 de la noche del domingo. La incertidumbre, una de las peores lacras para la actividad econ\u00f3mica, ha sido total y pod\u00eda haberse evitado, simplemente actuando con previsi\u00f3n, coordinaci\u00f3n e informaci\u00f3n. Los peque\u00f1os empresarios, que constituyen la gran mayor\u00eda del tejido industrial del pa\u00eds, se quejan porque consideran que las peque\u00f1as empresas se quedan en buena medida fuera, incluso se refieren al 50% de exclusiones en relaci\u00f3n con lo que prev\u00e9 el Real Decreto sobre el estado de alarma. Ello significa que no tienen ninguna ayuda para afrontar la reducci\u00f3n de la actividad, ni tienen derecho a aplicar el ERTO, y en todo caso deben pactar con los trabajadores una reducci\u00f3n de jornada, lo que implica tambi\u00e9n que estos est\u00e9n de acuerdo con una renuncia a parte de su salario. La soluci\u00f3n de que vaya al banco para solicitar un cr\u00e9dito avalado en un 80% por el estado tampoco es una buena soluci\u00f3n para muchas de estas peque\u00f1as empresas, porque se preguntan por qu\u00e9 deben endeudarse asumiendo los costes financieros para pagar en un futuro, cosa que no sabe si podr\u00e1 cumplir, en una operaci\u00f3n donde el negocio realmente queda en manos de los bancos, que con un riesgo m\u00ednimo obtendr\u00e1n un beneficio. Todo esto es muy dif\u00edcil de resolver, ciertamente, pero tambi\u00e9n es cierto que se podr\u00eda hacer mejor. Por ejemplo Italia tambi\u00e9n ha prohibido los despidos, como despu\u00e9s ha hecho Espa\u00f1a, pero hay una diferencia sustancial a favor del Gobierno italiano: las empresas de aquel pa\u00eds podr\u00e1n pagar a sus trabajadores con las partidas de un fondo que el Estado destina a los trabajadores de empresas que han detenido su actividad, pero esto en Espa\u00f1a no existe. La administraci\u00f3n falla en sus propios compromisos directos. As\u00ed por ejemplo, en muchos lugares resulta imposible inscribir a un reci\u00e9n nacido, porque a pesar de todo la vida sigue, en el Registro Civil. Es el caso de Barcelona. El resultado es que los padres se ven de esta manera impedidos a tramitar la prestaci\u00f3n por maternidad y paternidad con los da\u00f1os que ello supone. El Consejo General del Poder Judicial estableci\u00f3 que los registros civiles deben de tramitar los nacimientos, pero ya se ve que una cosa es lo que se decreta y otra lo que la propia administraci\u00f3n cumple. En definitiva, las quejas de los ciudadanos se multiplican porque constatan la diferencia entre el discurso p\u00fablico y la realidad. En una dram\u00e1tica carta al director aparecida en La Vanguardia de Barcelona, una mujer que hab\u00eda perdido a su padre sin poder verlo, porque hab\u00eda muerto aislado en la m\u00e1s total soledad, ten\u00eda el rigor de pedir a quienes nos gobiernan: dadnos instrucciones claras y \u00fatiles. Confesad que hasta que no tienes insuficiencia respiratoria no recibes un tratamiento, explicad que la tasa de afectados est\u00e1 infravalorada. Se ha puesto en marcha una app que ni tan siquiera pide si has estado en contacto con un positivo. Haced saber que aunque las patolog\u00edas parezcan...\" \/>\n<meta property=\"og:url\" content=\"https:\/\/conversesacatalunya.cat\/es\/radiografia-de-un-desorden\/\" \/>\n<meta property=\"og:site_name\" content=\"Converses a Catalunya\" \/>\n<meta property=\"article:published_time\" content=\"2020-04-01T09:17:59+00:00\" \/>\n<meta property=\"og:image\" content=\"https:\/\/conversesacatalunya.cat\/wp-content\/uploads\/2020\/04\/medidas-coronavirus.jpeg\" \/>\n\t<meta property=\"og:image:width\" content=\"656\" \/>\n\t<meta property=\"og:image:height\" content=\"370\" \/>\n\t<meta property=\"og:image:type\" content=\"image\/jpeg\" \/>\n<meta name=\"author\" content=\"conversesacatalunya\" \/>\n<meta name=\"twitter:card\" content=\"summary_large_image\" \/>\n<meta name=\"twitter:label1\" content=\"Escrito por\" \/>\n\t<meta name=\"twitter:data1\" content=\"conversesacatalunya\" \/>\n\t<meta name=\"twitter:label2\" content=\"Tiempo de lectura\" \/>\n\t<meta name=\"twitter:data2\" content=\"6 minutos\" \/>\n<script type=\"application\/ld+json\" class=\"yoast-schema-graph\">{\"@context\":\"https:\/\/schema.org\",\"@graph\":[{\"@type\":\"Article\",\"@id\":\"https:\/\/conversesacatalunya.cat\/es\/radiografia-de-un-desorden\/#article\",\"isPartOf\":{\"@id\":\"https:\/\/conversesacatalunya.cat\/es\/radiografia-de-un-desorden\/\"},\"author\":{\"name\":\"conversesacatalunya\",\"@id\":\"https:\/\/conversesacatalunya.cat\/#\/schema\/person\/7e24d1e54a2785373ddcb275eae5ed99\"},\"headline\":\"Radiograf\u00eda de un desorden\",\"datePublished\":\"2020-04-01T09:17:59+00:00\",\"mainEntityOfPage\":{\"@id\":\"https:\/\/conversesacatalunya.cat\/es\/radiografia-de-un-desorden\/\"},\"wordCount\":1186,\"commentCount\":0,\"image\":{\"@id\":\"https:\/\/conversesacatalunya.cat\/es\/radiografia-de-un-desorden\/#primaryimage\"},\"thumbnailUrl\":\"https:\/\/conversesacatalunya.cat\/wp-content\/uploads\/2020\/04\/medidas-coronavirus.jpeg\",\"keywords\":[\"coronavirus\"],\"articleSection\":[\"Especial Coronavirus (ES)\",\"Punts clau del dia (ES)\"],\"inLanguage\":\"es\",\"potentialAction\":[{\"@type\":\"CommentAction\",\"name\":\"Comment\",\"target\":[\"https:\/\/conversesacatalunya.cat\/es\/radiografia-de-un-desorden\/#respond\"]}]},{\"@type\":\"WebPage\",\"@id\":\"https:\/\/conversesacatalunya.cat\/es\/radiografia-de-un-desorden\/\",\"url\":\"https:\/\/conversesacatalunya.cat\/es\/radiografia-de-un-desorden\/\",\"name\":\"Radiograf\u00eda de un desorden - Converses a Catalunya\",\"isPartOf\":{\"@id\":\"https:\/\/conversesacatalunya.cat\/#website\"},\"primaryImageOfPage\":{\"@id\":\"https:\/\/conversesacatalunya.cat\/es\/radiografia-de-un-desorden\/#primaryimage\"},\"image\":{\"@id\":\"https:\/\/conversesacatalunya.cat\/es\/radiografia-de-un-desorden\/#primaryimage\"},\"thumbnailUrl\":\"https:\/\/conversesacatalunya.cat\/wp-content\/uploads\/2020\/04\/medidas-coronavirus.jpeg\",\"datePublished\":\"2020-04-01T09:17:59+00:00\",\"author\":{\"@id\":\"https:\/\/conversesacatalunya.cat\/#\/schema\/person\/7e24d1e54a2785373ddcb275eae5ed99\"},\"breadcrumb\":{\"@id\":\"https:\/\/conversesacatalunya.cat\/es\/radiografia-de-un-desorden\/#breadcrumb\"},\"inLanguage\":\"es\",\"potentialAction\":[{\"@type\":\"ReadAction\",\"target\":[\"https:\/\/conversesacatalunya.cat\/es\/radiografia-de-un-desorden\/\"]}]},{\"@type\":\"ImageObject\",\"inLanguage\":\"es\",\"@id\":\"https:\/\/conversesacatalunya.cat\/es\/radiografia-de-un-desorden\/#primaryimage\",\"url\":\"https:\/\/conversesacatalunya.cat\/wp-content\/uploads\/2020\/04\/medidas-coronavirus.jpeg\",\"contentUrl\":\"https:\/\/conversesacatalunya.cat\/wp-content\/uploads\/2020\/04\/medidas-coronavirus.jpeg\",\"width\":656,\"height\":370,\"caption\":\"medidas coronavirus\"},{\"@type\":\"BreadcrumbList\",\"@id\":\"https:\/\/conversesacatalunya.cat\/es\/radiografia-de-un-desorden\/#breadcrumb\",\"itemListElement\":[{\"@type\":\"ListItem\",\"position\":1,\"name\":\"Inici\",\"item\":\"https:\/\/conversesacatalunya.cat\/es\/\"},{\"@type\":\"ListItem\",\"position\":2,\"name\":\"Radiograf\u00eda de un desorden\"}]},{\"@type\":\"WebSite\",\"@id\":\"https:\/\/conversesacatalunya.cat\/#website\",\"url\":\"https:\/\/conversesacatalunya.cat\/\",\"name\":\"Converses a Catalunya\",\"description\":\"\",\"potentialAction\":[{\"@type\":\"SearchAction\",\"target\":{\"@type\":\"EntryPoint\",\"urlTemplate\":\"https:\/\/conversesacatalunya.cat\/?s={search_term_string}\"},\"query-input\":{\"@type\":\"PropertyValueSpecification\",\"valueRequired\":true,\"valueName\":\"search_term_string\"}}],\"inLanguage\":\"es\"},{\"@type\":\"Person\",\"@id\":\"https:\/\/conversesacatalunya.cat\/#\/schema\/person\/7e24d1e54a2785373ddcb275eae5ed99\",\"name\":\"conversesacatalunya\",\"image\":{\"@type\":\"ImageObject\",\"inLanguage\":\"es\",\"@id\":\"https:\/\/conversesacatalunya.cat\/#\/schema\/person\/image\/\",\"url\":\"https:\/\/conversesacatalunya.cat\/wp-content\/litespeed\/avatar\/febdfeeec89d950f01c748045a981dd2.jpg?ver=1777314535\",\"contentUrl\":\"https:\/\/conversesacatalunya.cat\/wp-content\/litespeed\/avatar\/febdfeeec89d950f01c748045a981dd2.jpg?ver=1777314535\",\"caption\":\"conversesacatalunya\"},\"url\":\"https:\/\/conversesacatalunya.cat\/es\/author\/carme_catala\/\"}]}<\/script>\n<!-- \/ Yoast SEO plugin. -->","yoast_head_json":{"title":"Radiograf\u00eda de un desorden - Converses a Catalunya","robots":{"index":"index","follow":"follow","max-snippet":"max-snippet:-1","max-image-preview":"max-image-preview:large","max-video-preview":"max-video-preview:-1"},"canonical":"https:\/\/conversesacatalunya.cat\/es\/radiografia-de-un-desorden\/","og_locale":"es_ES","og_type":"article","og_title":"Radiograf\u00eda de un desorden - Converses a Catalunya","og_description":"Las versiones oficiales que surgen en boca de los gobiernos de Espa\u00f1a y de Catalu\u00f1a no recogen ni de lejos la realidad que dicen los ciudadanos de a pie. En realidad, como en toda guerra, lo que impera es un notable desorden, que los responsables har\u00edan bien en asumir y enmendar porque les va en ello su credibilidad. El denominador com\u00fan de la mayor parte de esta desorganizaci\u00f3n subyace en la incapacidad de los gobiernos de prever los sucesos, incluso las consecuencias de sus propios actos. Un caso tr\u00e1gico es el de los respiradores en las UCI. Por la naturaleza del ataque del coronavirus, la principal causa de letalidad radica en la afectaci\u00f3n pulmonar, que exige para salvar vidas disponer de suficientes aparatos de respiraci\u00f3n que suplan la incapacidad del propio organismo para realizar esta tarea vital. Se trata de los respiradores. Hace ya algunas semanas que se conoc\u00eda que este es el mayor riesgo para los pacientes, y que se necesitar\u00edan nuevas plazas en UCI, que han ido aumentando, pero que los respiradores no lo han hecho en la misma proporci\u00f3n. Se aduce que su falta es debida a las distorsiones del mercado internacional por la gran demanda que existe. Pero ahora se ve, gracias a la iniciativa ciudadana, que existen recursos propios que pod\u00edan haber paliado el golpe. El m\u00e1s evidente de todos ellos son los respiradores que se utilizan en veterinaria y que pueden ser aplicados a seres humanos. Hasta ahora no se ha movilizado al sector veterinario para disponer de estos vitales instrumentos. La segunda fuente de recursos tambi\u00e9n importante, es que muchos aparatos de anestesia, al menos los de la empresa Drager, que es un l\u00edder en el campo de la tecnolog\u00eda m\u00e9dica, pueden ser utilizados como respiradores de una manera excepcional. Esto lo ha afirmado la propia empresa en una comunicaci\u00f3n p\u00fablica, en la que afirma que estos aparatos de anestesia incorporan un software que, siguiendo las instrucciones espec\u00edficas, hace posible obtener aquel resultado. \u00a0Hay que decir que este tipo de aparatos se encuentra en el 60% de las instalaciones m\u00e9dicas. La tercera fuente de aprovisionamiento de respiradores es la fabricaci\u00f3n local. Han surgido m\u00faltiples iniciativas, todas de car\u00e1cter espont\u00e1neo. Si los gobiernos hubieran previsto esta posibilidad y coordinado la espontaneidad, el periodo para disponer de aparatos homologados y en cantidad suficiente se habr\u00eda reducido en una medida muy importante. Algo parecido puede decirse de las provisiones para equipos de protecci\u00f3n personal, como mascarillas, guantes, trajes de un solo uso. Todo esto puede ser producido a gran escala en Espa\u00f1a con mayores o menores transformaciones de las industrias correspondientes, pero tampoco ha habido ninguna planificaci\u00f3n. Pero con ser la decisiva no se trata solo de la dimensi\u00f3n sanitaria, sino que la falta de previsi\u00f3n, la descoordinaci\u00f3n, afecta a todos los \u00e1mbitos. Uno de los tambi\u00e9n importantes es el econ\u00f3mico. Ha sido tremendamente irresponsable declarar el cese de toda actividad no imprescindible verbalmente un s\u00e1bado para ser efectivo el lunes, con la publicaci\u00f3n del decreto que detalla las actividades afectadas a las 12 de la noche del domingo. La incertidumbre, una de las peores lacras para la actividad econ\u00f3mica, ha sido total y pod\u00eda haberse evitado, simplemente actuando con previsi\u00f3n, coordinaci\u00f3n e informaci\u00f3n. Los peque\u00f1os empresarios, que constituyen la gran mayor\u00eda del tejido industrial del pa\u00eds, se quejan porque consideran que las peque\u00f1as empresas se quedan en buena medida fuera, incluso se refieren al 50% de exclusiones en relaci\u00f3n con lo que prev\u00e9 el Real Decreto sobre el estado de alarma. Ello significa que no tienen ninguna ayuda para afrontar la reducci\u00f3n de la actividad, ni tienen derecho a aplicar el ERTO, y en todo caso deben pactar con los trabajadores una reducci\u00f3n de jornada, lo que implica tambi\u00e9n que estos est\u00e9n de acuerdo con una renuncia a parte de su salario. La soluci\u00f3n de que vaya al banco para solicitar un cr\u00e9dito avalado en un 80% por el estado tampoco es una buena soluci\u00f3n para muchas de estas peque\u00f1as empresas, porque se preguntan por qu\u00e9 deben endeudarse asumiendo los costes financieros para pagar en un futuro, cosa que no sabe si podr\u00e1 cumplir, en una operaci\u00f3n donde el negocio realmente queda en manos de los bancos, que con un riesgo m\u00ednimo obtendr\u00e1n un beneficio. Todo esto es muy dif\u00edcil de resolver, ciertamente, pero tambi\u00e9n es cierto que se podr\u00eda hacer mejor. Por ejemplo Italia tambi\u00e9n ha prohibido los despidos, como despu\u00e9s ha hecho Espa\u00f1a, pero hay una diferencia sustancial a favor del Gobierno italiano: las empresas de aquel pa\u00eds podr\u00e1n pagar a sus trabajadores con las partidas de un fondo que el Estado destina a los trabajadores de empresas que han detenido su actividad, pero esto en Espa\u00f1a no existe. La administraci\u00f3n falla en sus propios compromisos directos. As\u00ed por ejemplo, en muchos lugares resulta imposible inscribir a un reci\u00e9n nacido, porque a pesar de todo la vida sigue, en el Registro Civil. Es el caso de Barcelona. El resultado es que los padres se ven de esta manera impedidos a tramitar la prestaci\u00f3n por maternidad y paternidad con los da\u00f1os que ello supone. El Consejo General del Poder Judicial estableci\u00f3 que los registros civiles deben de tramitar los nacimientos, pero ya se ve que una cosa es lo que se decreta y otra lo que la propia administraci\u00f3n cumple. En definitiva, las quejas de los ciudadanos se multiplican porque constatan la diferencia entre el discurso p\u00fablico y la realidad. En una dram\u00e1tica carta al director aparecida en La Vanguardia de Barcelona, una mujer que hab\u00eda perdido a su padre sin poder verlo, porque hab\u00eda muerto aislado en la m\u00e1s total soledad, ten\u00eda el rigor de pedir a quienes nos gobiernan: dadnos instrucciones claras y \u00fatiles. Confesad que hasta que no tienes insuficiencia respiratoria no recibes un tratamiento, explicad que la tasa de afectados est\u00e1 infravalorada. Se ha puesto en marcha una app que ni tan siquiera pide si has estado en contacto con un positivo. Haced saber que aunque las patolog\u00edas parezcan...","og_url":"https:\/\/conversesacatalunya.cat\/es\/radiografia-de-un-desorden\/","og_site_name":"Converses a Catalunya","article_published_time":"2020-04-01T09:17:59+00:00","og_image":[{"width":656,"height":370,"url":"https:\/\/conversesacatalunya.cat\/wp-content\/uploads\/2020\/04\/medidas-coronavirus.jpeg","type":"image\/jpeg"}],"author":"conversesacatalunya","twitter_card":"summary_large_image","twitter_misc":{"Escrito por":"conversesacatalunya","Tiempo de lectura":"6 minutos"},"schema":{"@context":"https:\/\/schema.org","@graph":[{"@type":"Article","@id":"https:\/\/conversesacatalunya.cat\/es\/radiografia-de-un-desorden\/#article","isPartOf":{"@id":"https:\/\/conversesacatalunya.cat\/es\/radiografia-de-un-desorden\/"},"author":{"name":"conversesacatalunya","@id":"https:\/\/conversesacatalunya.cat\/#\/schema\/person\/7e24d1e54a2785373ddcb275eae5ed99"},"headline":"Radiograf\u00eda de un desorden","datePublished":"2020-04-01T09:17:59+00:00","mainEntityOfPage":{"@id":"https:\/\/conversesacatalunya.cat\/es\/radiografia-de-un-desorden\/"},"wordCount":1186,"commentCount":0,"image":{"@id":"https:\/\/conversesacatalunya.cat\/es\/radiografia-de-un-desorden\/#primaryimage"},"thumbnailUrl":"https:\/\/conversesacatalunya.cat\/wp-content\/uploads\/2020\/04\/medidas-coronavirus.jpeg","keywords":["coronavirus"],"articleSection":["Especial Coronavirus (ES)","Punts clau del dia (ES)"],"inLanguage":"es","potentialAction":[{"@type":"CommentAction","name":"Comment","target":["https:\/\/conversesacatalunya.cat\/es\/radiografia-de-un-desorden\/#respond"]}]},{"@type":"WebPage","@id":"https:\/\/conversesacatalunya.cat\/es\/radiografia-de-un-desorden\/","url":"https:\/\/conversesacatalunya.cat\/es\/radiografia-de-un-desorden\/","name":"Radiograf\u00eda de un desorden - Converses a Catalunya","isPartOf":{"@id":"https:\/\/conversesacatalunya.cat\/#website"},"primaryImageOfPage":{"@id":"https:\/\/conversesacatalunya.cat\/es\/radiografia-de-un-desorden\/#primaryimage"},"image":{"@id":"https:\/\/conversesacatalunya.cat\/es\/radiografia-de-un-desorden\/#primaryimage"},"thumbnailUrl":"https:\/\/conversesacatalunya.cat\/wp-content\/uploads\/2020\/04\/medidas-coronavirus.jpeg","datePublished":"2020-04-01T09:17:59+00:00","author":{"@id":"https:\/\/conversesacatalunya.cat\/#\/schema\/person\/7e24d1e54a2785373ddcb275eae5ed99"},"breadcrumb":{"@id":"https:\/\/conversesacatalunya.cat\/es\/radiografia-de-un-desorden\/#breadcrumb"},"inLanguage":"es","potentialAction":[{"@type":"ReadAction","target":["https:\/\/conversesacatalunya.cat\/es\/radiografia-de-un-desorden\/"]}]},{"@type":"ImageObject","inLanguage":"es","@id":"https:\/\/conversesacatalunya.cat\/es\/radiografia-de-un-desorden\/#primaryimage","url":"https:\/\/conversesacatalunya.cat\/wp-content\/uploads\/2020\/04\/medidas-coronavirus.jpeg","contentUrl":"https:\/\/conversesacatalunya.cat\/wp-content\/uploads\/2020\/04\/medidas-coronavirus.jpeg","width":656,"height":370,"caption":"medidas coronavirus"},{"@type":"BreadcrumbList","@id":"https:\/\/conversesacatalunya.cat\/es\/radiografia-de-un-desorden\/#breadcrumb","itemListElement":[{"@type":"ListItem","position":1,"name":"Inici","item":"https:\/\/conversesacatalunya.cat\/es\/"},{"@type":"ListItem","position":2,"name":"Radiograf\u00eda de un desorden"}]},{"@type":"WebSite","@id":"https:\/\/conversesacatalunya.cat\/#website","url":"https:\/\/conversesacatalunya.cat\/","name":"Converses a Catalunya","description":"","potentialAction":[{"@type":"SearchAction","target":{"@type":"EntryPoint","urlTemplate":"https:\/\/conversesacatalunya.cat\/?s={search_term_string}"},"query-input":{"@type":"PropertyValueSpecification","valueRequired":true,"valueName":"search_term_string"}}],"inLanguage":"es"},{"@type":"Person","@id":"https:\/\/conversesacatalunya.cat\/#\/schema\/person\/7e24d1e54a2785373ddcb275eae5ed99","name":"conversesacatalunya","image":{"@type":"ImageObject","inLanguage":"es","@id":"https:\/\/conversesacatalunya.cat\/#\/schema\/person\/image\/","url":"https:\/\/conversesacatalunya.cat\/wp-content\/litespeed\/avatar\/febdfeeec89d950f01c748045a981dd2.jpg?ver=1777314535","contentUrl":"https:\/\/conversesacatalunya.cat\/wp-content\/litespeed\/avatar\/febdfeeec89d950f01c748045a981dd2.jpg?ver=1777314535","caption":"conversesacatalunya"},"url":"https:\/\/conversesacatalunya.cat\/es\/author\/carme_catala\/"}]}},"wps_subtitle":"","_links":{"self":[{"href":"https:\/\/conversesacatalunya.cat\/es\/wp-json\/wp\/v2\/posts\/34347","targetHints":{"allow":["GET"]}}],"collection":[{"href":"https:\/\/conversesacatalunya.cat\/es\/wp-json\/wp\/v2\/posts"}],"about":[{"href":"https:\/\/conversesacatalunya.cat\/es\/wp-json\/wp\/v2\/types\/post"}],"author":[{"embeddable":true,"href":"https:\/\/conversesacatalunya.cat\/es\/wp-json\/wp\/v2\/users\/2"}],"replies":[{"embeddable":true,"href":"https:\/\/conversesacatalunya.cat\/es\/wp-json\/wp\/v2\/comments?post=34347"}],"version-history":[{"count":1,"href":"https:\/\/conversesacatalunya.cat\/es\/wp-json\/wp\/v2\/posts\/34347\/revisions"}],"predecessor-version":[{"id":34351,"href":"https:\/\/conversesacatalunya.cat\/es\/wp-json\/wp\/v2\/posts\/34347\/revisions\/34351"}],"wp:featuredmedia":[{"embeddable":true,"href":"https:\/\/conversesacatalunya.cat\/es\/wp-json\/wp\/v2\/media\/34349"}],"wp:attachment":[{"href":"https:\/\/conversesacatalunya.cat\/es\/wp-json\/wp\/v2\/media?parent=34347"}],"wp:term":[{"taxonomy":"category","embeddable":true,"href":"https:\/\/conversesacatalunya.cat\/es\/wp-json\/wp\/v2\/categories?post=34347"},{"taxonomy":"post_tag","embeddable":true,"href":"https:\/\/conversesacatalunya.cat\/es\/wp-json\/wp\/v2\/tags?post=34347"}],"curies":[{"name":"wp","href":"https:\/\/api.w.org\/{rel}","templated":true}]}}