{"id":34304,"date":"2020-03-31T11:59:12","date_gmt":"2020-03-31T09:59:12","guid":{"rendered":"https:\/\/conversesacatalunya.cat\/?p=34304"},"modified":"2020-03-31T11:59:12","modified_gmt":"2020-03-31T09:59:12","slug":"el-numero-de-contagiados-en-espana-segun-el-imperial-college-de-londres-seria-el-mas-elevado-de-europa","status":"publish","type":"post","link":"https:\/\/conversesacatalunya.cat\/es\/el-numero-de-contagiados-en-espana-segun-el-imperial-college-de-londres-seria-el-mas-elevado-de-europa\/","title":{"rendered":"El n\u00famero de contagiados en Espa\u00f1a seg\u00fan el Imperial College de Londres ser\u00eda el m\u00e1s elevado de Europa"},"content":{"rendered":"<p>De acuerdo con el \u00faltimo informe publicado por el <em>Imperial College<\/em> de Londres, uno de los centros mundiales de referencia en el estudio de la actual pandemia, el n\u00famero de infectados en Espa\u00f1a, en la hip\u00f3tesis media de la distribuci\u00f3n, alcanzar\u00eda <strong>el 15% <\/strong>de la poblaci\u00f3n, mucho m\u00e1s que Italia que solo estar\u00eda <strong>en el 9,8%<\/strong>. Claro que el intervalo de esta hip\u00f3tesis es muy amplio, y una cosa es que aquella cifra sea la m\u00e1s probable, y otra muy distinta que sea realidad.<\/p>\n<p>Para Espa\u00f1a el intervalo de la poblaci\u00f3n actualmente infectada oscila <strong>entre el 3,7% y el 41%<\/strong> del total, mientras que la italiana se sit\u00faa entre el <strong>3% y el 26%<\/strong>. Como puede observarse, la diferencia se encuentra en las hip\u00f3tesis m\u00e1ximas del grado de afectaci\u00f3n de la poblaci\u00f3n. Alemania por el contrario tendr\u00eda <strong>menos del 1%<\/strong> de afectados sobre el total de la poblaci\u00f3n, con un intervalo que se situar\u00eda en el <strong>0,28% y el 1,8%<\/strong>.<\/p>\n<span class='bctt-click-to-tweet'><span class='bctt-ctt-text'><a href='https:\/\/twitter.com\/intent\/tweet?url=https%3A%2F%2Fconversesacatalunya.cat%2Fes%2Fel-numero-de-contagiados-en-espana-segun-el-imperial-college-de-londres-seria-el-mas-elevado-de-europa%2F&#038;text=Para%20Espa%C3%B1a%20el%20intervalo%20de%20la%20poblaci%C3%B3n%20actualmente%20infectada%20oscila%20entre%20el%203%2C7%25%20y%20el%2041%25%20del%20total%2C%20mientras%20que%20la%20italiana%20se%20sit%C3%BAa%20entre%20el%203%25%20y%20el%2026%25&#038;via=conversesacat&#038;related=conversesacat' target='_blank'rel=\"noopener noreferrer\">Para Espa\u00f1a el intervalo de la poblaci\u00f3n actualmente infectada oscila entre el 3,7% y el 41% del total, mientras que la italiana se sit\u00faa entre el 3% y el 26% <\/a><\/span><a href='https:\/\/twitter.com\/intent\/tweet?url=https%3A%2F%2Fconversesacatalunya.cat%2Fes%2Fel-numero-de-contagiados-en-espana-segun-el-imperial-college-de-londres-seria-el-mas-elevado-de-europa%2F&#038;text=Para%20Espa%C3%B1a%20el%20intervalo%20de%20la%20poblaci%C3%B3n%20actualmente%20infectada%20oscila%20entre%20el%203%2C7%25%20y%20el%2041%25%20del%20total%2C%20mientras%20que%20la%20italiana%20se%20sit%C3%BAa%20entre%20el%203%25%20y%20el%2026%25&#038;via=conversesacat&#038;related=conversesacat' target='_blank' class='bctt-ctt-btn'rel=\"noopener noreferrer\">Compartir en X<\/a><\/span>\n<p>De acuerdo con las cifras mencionadas, la mortalidad de estos pa\u00edses ser\u00eda muy distinta de la que dan a entender los balances actuales. La de Espa\u00f1a ser\u00eda muy baja porque el n\u00famero de infectados es muy alto, mientras que la alemana, que ahora es extraordinariamente reducida, y llama la atenci\u00f3n por ello, se multiplicar\u00eda, precisamente por la raz\u00f3n contraria.<\/p>\n<p>Como toda formulaci\u00f3n de este tipo, aunque est\u00e9 basada en un an\u00e1lisis tan s\u00f3lido como el que muestra el informe, ofrece algunas dudas, sobre todo en la comparaci\u00f3n entre Espa\u00f1a y Alemania. En este \u00faltimo pa\u00eds la mortalidad por 100.000 habitantes es muy peque\u00f1a, y esto se atribuye al hecho de que los afectados han sido sobre todo personas en edad menor de 60 a\u00f1os, y al uso masivo de test que han permitido un mejor control, mientras que en el caso espa\u00f1ol, con una elevada letalidad <strong>del 70%<\/strong>, las v\u00edctimas son mayores de 70 a\u00f1os. Si en lugar de utilizar esta relaci\u00f3n sobre el total de habitantes, aplic\u00e1semos los datos del Imperial College, obtendr\u00edamos la conclusi\u00f3n de que a pesar de que en Alemania los principales afectados son j\u00f3venes y en Espa\u00f1a son ancianos, la mortalidad sobre los que se infectan ser\u00eda mucho m\u00e1s alta en aquel pa\u00eds, lo cual es contraintuitivo en relaci\u00f3n con lo que sabemos que es la poblaci\u00f3n de riesgo.<\/p>\n<p><a href=\"https:\/\/www.imperial.ac.uk\/media\/imperial-college\/medicine\/sph\/ide\/gida-fellowships\/Imperial-College-COVID19-Europe-estimates-and-NPI-impact-30-03-2020.pdf\" target=\"_blank\" rel=\"noopener noreferrer\">El estudio<\/a> tambi\u00e9n ofrece diversas <strong>hip\u00f3tesis sobre la mortalidad a 31 de marzo<\/strong>. De acuerdo con sus datos Espa\u00f1a alcanzar\u00eda los <strong>7.700 fallecidos<\/strong> en aquella fecha con una hip\u00f3tesis m\u00e1xima <strong>de 11.000<\/strong>. La cifra italiana ser\u00eda sensiblemente superior, con <strong>14.000 muertos<\/strong> y un m\u00e1ximo de <strong>19.000.<\/strong> Para Alemania la magnitud continuar\u00eda siendo extraordinariamente peque\u00f1a puesto que prev\u00e9 como m\u00e1ximo <strong>810 muertos.<\/strong><\/p>\n<p>Una \u00faltima consideraci\u00f3n salta a la vista. Si los datos del estudio respondiesen a la realidad, la pregunta fundamental ser\u00eda \u00bfc\u00f3mo ha sido posible que <strong>Espa\u00f1a se haya convertido en el pa\u00eds de Europa con un mayor n\u00famero de contagios?<\/strong><\/p>\n<p style=\"text-align: center;\"><strong>M\u00e1s informaci\u00f3n sobre el coronavirus en <a href=\"https:\/\/conversesacatalunya.cat\/es\/coronavirus\/\" target=\"_blank\" rel=\"noopener noreferrer\">ESPECIAL CORONAVIRUS<\/a><\/strong><\/p>\n","protected":false},"excerpt":{"rendered":"<p>De acuerdo con el \u00faltimo informe publicado por el Imperial College de Londres, uno de los centros mundiales de referencia en el estudio de la actual pandemia, el n\u00famero de infectados en Espa\u00f1a, en la hip\u00f3tesis media de la distribuci\u00f3n, alcanzar\u00eda el 15% de la poblaci\u00f3n, mucho m\u00e1s que Italia que solo estar\u00eda en el 9,8%. Claro que el intervalo de esta hip\u00f3tesis es muy amplio, y una cosa es que aquella cifra sea la m\u00e1s probable, y otra muy distinta que sea realidad. Para Espa\u00f1a el intervalo de la poblaci\u00f3n actualmente infectada oscila entre el 3,7% y el 41% del total, mientras que la italiana se sit\u00faa entre el 3% y el 26%. Como puede observarse, la diferencia se encuentra en las hip\u00f3tesis m\u00e1ximas del grado de afectaci\u00f3n de la poblaci\u00f3n. Alemania por el contrario tendr\u00eda menos del 1% de afectados sobre el total de la poblaci\u00f3n, con un intervalo que se situar\u00eda en el 0,28% y el 1,8%. De acuerdo con las cifras mencionadas, la mortalidad de estos pa\u00edses ser\u00eda muy distinta de la que dan a entender los balances actuales. La de Espa\u00f1a ser\u00eda muy baja porque el n\u00famero de infectados es muy alto, mientras que la alemana, que ahora es extraordinariamente reducida, y llama la atenci\u00f3n por ello, se multiplicar\u00eda, precisamente por la raz\u00f3n contraria. Como toda formulaci\u00f3n de este tipo, aunque est\u00e9 basada en un an\u00e1lisis tan s\u00f3lido como el que muestra el informe, ofrece algunas dudas, sobre todo en la comparaci\u00f3n entre Espa\u00f1a y Alemania. En este \u00faltimo pa\u00eds la mortalidad por 100.000 habitantes es muy peque\u00f1a, y esto se atribuye al hecho de que los afectados han sido sobre todo personas en edad menor de 60 a\u00f1os, y al uso masivo de test que han permitido un mejor control, mientras que en el caso espa\u00f1ol, con una elevada letalidad del 70%, las v\u00edctimas son mayores de 70 a\u00f1os. Si en lugar de utilizar esta relaci\u00f3n sobre el total de habitantes, aplic\u00e1semos los datos del Imperial College, obtendr\u00edamos la conclusi\u00f3n de que a pesar de que en Alemania los principales afectados son j\u00f3venes y en Espa\u00f1a son ancianos, la mortalidad sobre los que se infectan ser\u00eda mucho m\u00e1s alta en aquel pa\u00eds, lo cual es contraintuitivo en relaci\u00f3n con lo que sabemos que es la poblaci\u00f3n de riesgo. El estudio tambi\u00e9n ofrece diversas hip\u00f3tesis sobre la mortalidad a 31 de marzo. De acuerdo con sus datos Espa\u00f1a alcanzar\u00eda los 7.700 fallecidos en aquella fecha con una hip\u00f3tesis m\u00e1xima de 11.000. La cifra italiana ser\u00eda sensiblemente superior, con 14.000 muertos y un m\u00e1ximo de 19.000. Para Alemania la magnitud continuar\u00eda siendo extraordinariamente peque\u00f1a puesto que prev\u00e9 como m\u00e1ximo 810 muertos. Una \u00faltima consideraci\u00f3n salta a la vista. Si los datos del estudio respondiesen a la realidad, la pregunta fundamental ser\u00eda \u00bfc\u00f3mo ha sido posible que Espa\u00f1a se haya convertido en el pa\u00eds de Europa con un mayor n\u00famero de contagios? M\u00e1s informaci\u00f3n sobre el coronavirus en ESPECIAL CORONAVIRUS<\/p>\n","protected":false},"author":2,"featured_media":34307,"comment_status":"open","ping_status":"open","sticky":false,"template":"","format":"standard","meta":{"_FSMCFIC_featured_image_caption":"","_FSMCFIC_featured_image_nocaption":"","_FSMCFIC_featured_image_hide":"","footnotes":""},"categories":[1772,806],"tags":[1504],"class_list":["post-34304","post","type-post","status-publish","format-standard","has-post-thumbnail","hentry","category-especial-coronavirus-es","category-punts-claus-del-dia-es","tag-coronavirus-es"],"yoast_head":"<!-- This site is optimized with the Yoast SEO plugin v26.8 - https:\/\/yoast.com\/product\/yoast-seo-wordpress\/ -->\n<title>El n\u00famero de contagiados en Espa\u00f1a seg\u00fan el Imperial College de Londres ser\u00eda el m\u00e1s elevado de Europa - Converses a Catalunya<\/title>\n<meta name=\"robots\" content=\"index, follow, max-snippet:-1, max-image-preview:large, max-video-preview:-1\" \/>\n<link rel=\"canonical\" href=\"https:\/\/conversesacatalunya.cat\/es\/el-numero-de-contagiados-en-espana-segun-el-imperial-college-de-londres-seria-el-mas-elevado-de-europa\/\" \/>\n<meta property=\"og:locale\" content=\"es_ES\" \/>\n<meta property=\"og:type\" content=\"article\" \/>\n<meta property=\"og:title\" content=\"El n\u00famero de contagiados en Espa\u00f1a seg\u00fan el Imperial College de Londres ser\u00eda el m\u00e1s elevado de Europa - Converses a Catalunya\" \/>\n<meta property=\"og:description\" content=\"De acuerdo con el \u00faltimo informe publicado por el Imperial College de Londres, uno de los centros mundiales de referencia en el estudio de la actual pandemia, el n\u00famero de infectados en Espa\u00f1a, en la hip\u00f3tesis media de la distribuci\u00f3n, alcanzar\u00eda el 15% de la poblaci\u00f3n, mucho m\u00e1s que Italia que solo estar\u00eda en el 9,8%. Claro que el intervalo de esta hip\u00f3tesis es muy amplio, y una cosa es que aquella cifra sea la m\u00e1s probable, y otra muy distinta que sea realidad. Para Espa\u00f1a el intervalo de la poblaci\u00f3n actualmente infectada oscila entre el 3,7% y el 41% del total, mientras que la italiana se sit\u00faa entre el 3% y el 26%. Como puede observarse, la diferencia se encuentra en las hip\u00f3tesis m\u00e1ximas del grado de afectaci\u00f3n de la poblaci\u00f3n. Alemania por el contrario tendr\u00eda menos del 1% de afectados sobre el total de la poblaci\u00f3n, con un intervalo que se situar\u00eda en el 0,28% y el 1,8%. De acuerdo con las cifras mencionadas, la mortalidad de estos pa\u00edses ser\u00eda muy distinta de la que dan a entender los balances actuales. La de Espa\u00f1a ser\u00eda muy baja porque el n\u00famero de infectados es muy alto, mientras que la alemana, que ahora es extraordinariamente reducida, y llama la atenci\u00f3n por ello, se multiplicar\u00eda, precisamente por la raz\u00f3n contraria. Como toda formulaci\u00f3n de este tipo, aunque est\u00e9 basada en un an\u00e1lisis tan s\u00f3lido como el que muestra el informe, ofrece algunas dudas, sobre todo en la comparaci\u00f3n entre Espa\u00f1a y Alemania. En este \u00faltimo pa\u00eds la mortalidad por 100.000 habitantes es muy peque\u00f1a, y esto se atribuye al hecho de que los afectados han sido sobre todo personas en edad menor de 60 a\u00f1os, y al uso masivo de test que han permitido un mejor control, mientras que en el caso espa\u00f1ol, con una elevada letalidad del 70%, las v\u00edctimas son mayores de 70 a\u00f1os. Si en lugar de utilizar esta relaci\u00f3n sobre el total de habitantes, aplic\u00e1semos los datos del Imperial College, obtendr\u00edamos la conclusi\u00f3n de que a pesar de que en Alemania los principales afectados son j\u00f3venes y en Espa\u00f1a son ancianos, la mortalidad sobre los que se infectan ser\u00eda mucho m\u00e1s alta en aquel pa\u00eds, lo cual es contraintuitivo en relaci\u00f3n con lo que sabemos que es la poblaci\u00f3n de riesgo. El estudio tambi\u00e9n ofrece diversas hip\u00f3tesis sobre la mortalidad a 31 de marzo. De acuerdo con sus datos Espa\u00f1a alcanzar\u00eda los 7.700 fallecidos en aquella fecha con una hip\u00f3tesis m\u00e1xima de 11.000. La cifra italiana ser\u00eda sensiblemente superior, con 14.000 muertos y un m\u00e1ximo de 19.000. Para Alemania la magnitud continuar\u00eda siendo extraordinariamente peque\u00f1a puesto que prev\u00e9 como m\u00e1ximo 810 muertos. Una \u00faltima consideraci\u00f3n salta a la vista. Si los datos del estudio respondiesen a la realidad, la pregunta fundamental ser\u00eda \u00bfc\u00f3mo ha sido posible que Espa\u00f1a se haya convertido en el pa\u00eds de Europa con un mayor n\u00famero de contagios? M\u00e1s informaci\u00f3n sobre el coronavirus en ESPECIAL CORONAVIRUS\" \/>\n<meta property=\"og:url\" content=\"https:\/\/conversesacatalunya.cat\/es\/el-numero-de-contagiados-en-espana-segun-el-imperial-college-de-londres-seria-el-mas-elevado-de-europa\/\" \/>\n<meta property=\"og:site_name\" content=\"Converses a Catalunya\" \/>\n<meta property=\"article:published_time\" content=\"2020-03-31T09:59:12+00:00\" \/>\n<meta property=\"og:image\" content=\"https:\/\/conversesacatalunya.cat\/wp-content\/uploads\/2020\/03\/coronavirus-23.jpg\" \/>\n\t<meta property=\"og:image:width\" content=\"990\" \/>\n\t<meta property=\"og:image:height\" content=\"742\" \/>\n\t<meta property=\"og:image:type\" content=\"image\/jpeg\" \/>\n<meta name=\"author\" content=\"conversesacatalunya\" \/>\n<meta name=\"twitter:card\" content=\"summary_large_image\" \/>\n<meta name=\"twitter:label1\" content=\"Escrito por\" \/>\n\t<meta name=\"twitter:data1\" content=\"conversesacatalunya\" \/>\n\t<meta name=\"twitter:label2\" content=\"Tiempo de lectura\" \/>\n\t<meta name=\"twitter:data2\" content=\"3 minutos\" \/>\n<script type=\"application\/ld+json\" class=\"yoast-schema-graph\">{\"@context\":\"https:\/\/schema.org\",\"@graph\":[{\"@type\":\"Article\",\"@id\":\"https:\/\/conversesacatalunya.cat\/es\/el-numero-de-contagiados-en-espana-segun-el-imperial-college-de-londres-seria-el-mas-elevado-de-europa\/#article\",\"isPartOf\":{\"@id\":\"https:\/\/conversesacatalunya.cat\/es\/el-numero-de-contagiados-en-espana-segun-el-imperial-college-de-londres-seria-el-mas-elevado-de-europa\/\"},\"author\":{\"name\":\"conversesacatalunya\",\"@id\":\"https:\/\/conversesacatalunya.cat\/#\/schema\/person\/7e24d1e54a2785373ddcb275eae5ed99\"},\"headline\":\"El n\u00famero de contagiados en Espa\u00f1a seg\u00fan el Imperial College de Londres ser\u00eda el m\u00e1s elevado de Europa\",\"datePublished\":\"2020-03-31T09:59:12+00:00\",\"mainEntityOfPage\":{\"@id\":\"https:\/\/conversesacatalunya.cat\/es\/el-numero-de-contagiados-en-espana-segun-el-imperial-college-de-londres-seria-el-mas-elevado-de-europa\/\"},\"wordCount\":599,\"commentCount\":0,\"image\":{\"@id\":\"https:\/\/conversesacatalunya.cat\/es\/el-numero-de-contagiados-en-espana-segun-el-imperial-college-de-londres-seria-el-mas-elevado-de-europa\/#primaryimage\"},\"thumbnailUrl\":\"https:\/\/conversesacatalunya.cat\/wp-content\/uploads\/2020\/03\/coronavirus-23.jpg\",\"keywords\":[\"coronavirus\"],\"articleSection\":[\"Especial Coronavirus (ES)\",\"Punts clau del dia (ES)\"],\"inLanguage\":\"es\",\"potentialAction\":[{\"@type\":\"CommentAction\",\"name\":\"Comment\",\"target\":[\"https:\/\/conversesacatalunya.cat\/es\/el-numero-de-contagiados-en-espana-segun-el-imperial-college-de-londres-seria-el-mas-elevado-de-europa\/#respond\"]}]},{\"@type\":\"WebPage\",\"@id\":\"https:\/\/conversesacatalunya.cat\/es\/el-numero-de-contagiados-en-espana-segun-el-imperial-college-de-londres-seria-el-mas-elevado-de-europa\/\",\"url\":\"https:\/\/conversesacatalunya.cat\/es\/el-numero-de-contagiados-en-espana-segun-el-imperial-college-de-londres-seria-el-mas-elevado-de-europa\/\",\"name\":\"El n\u00famero de contagiados en Espa\u00f1a seg\u00fan el Imperial College de Londres ser\u00eda el m\u00e1s elevado de Europa - Converses a Catalunya\",\"isPartOf\":{\"@id\":\"https:\/\/conversesacatalunya.cat\/#website\"},\"primaryImageOfPage\":{\"@id\":\"https:\/\/conversesacatalunya.cat\/es\/el-numero-de-contagiados-en-espana-segun-el-imperial-college-de-londres-seria-el-mas-elevado-de-europa\/#primaryimage\"},\"image\":{\"@id\":\"https:\/\/conversesacatalunya.cat\/es\/el-numero-de-contagiados-en-espana-segun-el-imperial-college-de-londres-seria-el-mas-elevado-de-europa\/#primaryimage\"},\"thumbnailUrl\":\"https:\/\/conversesacatalunya.cat\/wp-content\/uploads\/2020\/03\/coronavirus-23.jpg\",\"datePublished\":\"2020-03-31T09:59:12+00:00\",\"author\":{\"@id\":\"https:\/\/conversesacatalunya.cat\/#\/schema\/person\/7e24d1e54a2785373ddcb275eae5ed99\"},\"breadcrumb\":{\"@id\":\"https:\/\/conversesacatalunya.cat\/es\/el-numero-de-contagiados-en-espana-segun-el-imperial-college-de-londres-seria-el-mas-elevado-de-europa\/#breadcrumb\"},\"inLanguage\":\"es\",\"potentialAction\":[{\"@type\":\"ReadAction\",\"target\":[\"https:\/\/conversesacatalunya.cat\/es\/el-numero-de-contagiados-en-espana-segun-el-imperial-college-de-londres-seria-el-mas-elevado-de-europa\/\"]}]},{\"@type\":\"ImageObject\",\"inLanguage\":\"es\",\"@id\":\"https:\/\/conversesacatalunya.cat\/es\/el-numero-de-contagiados-en-espana-segun-el-imperial-college-de-londres-seria-el-mas-elevado-de-europa\/#primaryimage\",\"url\":\"https:\/\/conversesacatalunya.cat\/wp-content\/uploads\/2020\/03\/coronavirus-23.jpg\",\"contentUrl\":\"https:\/\/conversesacatalunya.cat\/wp-content\/uploads\/2020\/03\/coronavirus-23.jpg\",\"width\":990,\"height\":742},{\"@type\":\"BreadcrumbList\",\"@id\":\"https:\/\/conversesacatalunya.cat\/es\/el-numero-de-contagiados-en-espana-segun-el-imperial-college-de-londres-seria-el-mas-elevado-de-europa\/#breadcrumb\",\"itemListElement\":[{\"@type\":\"ListItem\",\"position\":1,\"name\":\"Inici\",\"item\":\"https:\/\/conversesacatalunya.cat\/es\/\"},{\"@type\":\"ListItem\",\"position\":2,\"name\":\"El n\u00famero de contagiados en Espa\u00f1a seg\u00fan el Imperial College de Londres ser\u00eda el m\u00e1s elevado de Europa\"}]},{\"@type\":\"WebSite\",\"@id\":\"https:\/\/conversesacatalunya.cat\/#website\",\"url\":\"https:\/\/conversesacatalunya.cat\/\",\"name\":\"Converses a Catalunya\",\"description\":\"\",\"potentialAction\":[{\"@type\":\"SearchAction\",\"target\":{\"@type\":\"EntryPoint\",\"urlTemplate\":\"https:\/\/conversesacatalunya.cat\/?s={search_term_string}\"},\"query-input\":{\"@type\":\"PropertyValueSpecification\",\"valueRequired\":true,\"valueName\":\"search_term_string\"}}],\"inLanguage\":\"es\"},{\"@type\":\"Person\",\"@id\":\"https:\/\/conversesacatalunya.cat\/#\/schema\/person\/7e24d1e54a2785373ddcb275eae5ed99\",\"name\":\"conversesacatalunya\",\"image\":{\"@type\":\"ImageObject\",\"inLanguage\":\"es\",\"@id\":\"https:\/\/conversesacatalunya.cat\/#\/schema\/person\/image\/\",\"url\":\"https:\/\/conversesacatalunya.cat\/wp-content\/litespeed\/avatar\/febdfeeec89d950f01c748045a981dd2.jpg?ver=1777314535\",\"contentUrl\":\"https:\/\/conversesacatalunya.cat\/wp-content\/litespeed\/avatar\/febdfeeec89d950f01c748045a981dd2.jpg?ver=1777314535\",\"caption\":\"conversesacatalunya\"},\"url\":\"https:\/\/conversesacatalunya.cat\/es\/author\/carme_catala\/\"}]}<\/script>\n<!-- \/ Yoast SEO plugin. -->","yoast_head_json":{"title":"El n\u00famero de contagiados en Espa\u00f1a seg\u00fan el Imperial College de Londres ser\u00eda el m\u00e1s elevado de Europa - Converses a Catalunya","robots":{"index":"index","follow":"follow","max-snippet":"max-snippet:-1","max-image-preview":"max-image-preview:large","max-video-preview":"max-video-preview:-1"},"canonical":"https:\/\/conversesacatalunya.cat\/es\/el-numero-de-contagiados-en-espana-segun-el-imperial-college-de-londres-seria-el-mas-elevado-de-europa\/","og_locale":"es_ES","og_type":"article","og_title":"El n\u00famero de contagiados en Espa\u00f1a seg\u00fan el Imperial College de Londres ser\u00eda el m\u00e1s elevado de Europa - Converses a Catalunya","og_description":"De acuerdo con el \u00faltimo informe publicado por el Imperial College de Londres, uno de los centros mundiales de referencia en el estudio de la actual pandemia, el n\u00famero de infectados en Espa\u00f1a, en la hip\u00f3tesis media de la distribuci\u00f3n, alcanzar\u00eda el 15% de la poblaci\u00f3n, mucho m\u00e1s que Italia que solo estar\u00eda en el 9,8%. Claro que el intervalo de esta hip\u00f3tesis es muy amplio, y una cosa es que aquella cifra sea la m\u00e1s probable, y otra muy distinta que sea realidad. Para Espa\u00f1a el intervalo de la poblaci\u00f3n actualmente infectada oscila entre el 3,7% y el 41% del total, mientras que la italiana se sit\u00faa entre el 3% y el 26%. Como puede observarse, la diferencia se encuentra en las hip\u00f3tesis m\u00e1ximas del grado de afectaci\u00f3n de la poblaci\u00f3n. Alemania por el contrario tendr\u00eda menos del 1% de afectados sobre el total de la poblaci\u00f3n, con un intervalo que se situar\u00eda en el 0,28% y el 1,8%. De acuerdo con las cifras mencionadas, la mortalidad de estos pa\u00edses ser\u00eda muy distinta de la que dan a entender los balances actuales. La de Espa\u00f1a ser\u00eda muy baja porque el n\u00famero de infectados es muy alto, mientras que la alemana, que ahora es extraordinariamente reducida, y llama la atenci\u00f3n por ello, se multiplicar\u00eda, precisamente por la raz\u00f3n contraria. Como toda formulaci\u00f3n de este tipo, aunque est\u00e9 basada en un an\u00e1lisis tan s\u00f3lido como el que muestra el informe, ofrece algunas dudas, sobre todo en la comparaci\u00f3n entre Espa\u00f1a y Alemania. En este \u00faltimo pa\u00eds la mortalidad por 100.000 habitantes es muy peque\u00f1a, y esto se atribuye al hecho de que los afectados han sido sobre todo personas en edad menor de 60 a\u00f1os, y al uso masivo de test que han permitido un mejor control, mientras que en el caso espa\u00f1ol, con una elevada letalidad del 70%, las v\u00edctimas son mayores de 70 a\u00f1os. Si en lugar de utilizar esta relaci\u00f3n sobre el total de habitantes, aplic\u00e1semos los datos del Imperial College, obtendr\u00edamos la conclusi\u00f3n de que a pesar de que en Alemania los principales afectados son j\u00f3venes y en Espa\u00f1a son ancianos, la mortalidad sobre los que se infectan ser\u00eda mucho m\u00e1s alta en aquel pa\u00eds, lo cual es contraintuitivo en relaci\u00f3n con lo que sabemos que es la poblaci\u00f3n de riesgo. El estudio tambi\u00e9n ofrece diversas hip\u00f3tesis sobre la mortalidad a 31 de marzo. De acuerdo con sus datos Espa\u00f1a alcanzar\u00eda los 7.700 fallecidos en aquella fecha con una hip\u00f3tesis m\u00e1xima de 11.000. La cifra italiana ser\u00eda sensiblemente superior, con 14.000 muertos y un m\u00e1ximo de 19.000. Para Alemania la magnitud continuar\u00eda siendo extraordinariamente peque\u00f1a puesto que prev\u00e9 como m\u00e1ximo 810 muertos. Una \u00faltima consideraci\u00f3n salta a la vista. Si los datos del estudio respondiesen a la realidad, la pregunta fundamental ser\u00eda \u00bfc\u00f3mo ha sido posible que Espa\u00f1a se haya convertido en el pa\u00eds de Europa con un mayor n\u00famero de contagios? M\u00e1s informaci\u00f3n sobre el coronavirus en ESPECIAL CORONAVIRUS","og_url":"https:\/\/conversesacatalunya.cat\/es\/el-numero-de-contagiados-en-espana-segun-el-imperial-college-de-londres-seria-el-mas-elevado-de-europa\/","og_site_name":"Converses a Catalunya","article_published_time":"2020-03-31T09:59:12+00:00","og_image":[{"width":990,"height":742,"url":"https:\/\/conversesacatalunya.cat\/wp-content\/uploads\/2020\/03\/coronavirus-23.jpg","type":"image\/jpeg"}],"author":"conversesacatalunya","twitter_card":"summary_large_image","twitter_misc":{"Escrito por":"conversesacatalunya","Tiempo de lectura":"3 minutos"},"schema":{"@context":"https:\/\/schema.org","@graph":[{"@type":"Article","@id":"https:\/\/conversesacatalunya.cat\/es\/el-numero-de-contagiados-en-espana-segun-el-imperial-college-de-londres-seria-el-mas-elevado-de-europa\/#article","isPartOf":{"@id":"https:\/\/conversesacatalunya.cat\/es\/el-numero-de-contagiados-en-espana-segun-el-imperial-college-de-londres-seria-el-mas-elevado-de-europa\/"},"author":{"name":"conversesacatalunya","@id":"https:\/\/conversesacatalunya.cat\/#\/schema\/person\/7e24d1e54a2785373ddcb275eae5ed99"},"headline":"El n\u00famero de contagiados en Espa\u00f1a seg\u00fan el Imperial College de Londres ser\u00eda el m\u00e1s elevado de Europa","datePublished":"2020-03-31T09:59:12+00:00","mainEntityOfPage":{"@id":"https:\/\/conversesacatalunya.cat\/es\/el-numero-de-contagiados-en-espana-segun-el-imperial-college-de-londres-seria-el-mas-elevado-de-europa\/"},"wordCount":599,"commentCount":0,"image":{"@id":"https:\/\/conversesacatalunya.cat\/es\/el-numero-de-contagiados-en-espana-segun-el-imperial-college-de-londres-seria-el-mas-elevado-de-europa\/#primaryimage"},"thumbnailUrl":"https:\/\/conversesacatalunya.cat\/wp-content\/uploads\/2020\/03\/coronavirus-23.jpg","keywords":["coronavirus"],"articleSection":["Especial Coronavirus (ES)","Punts clau del dia (ES)"],"inLanguage":"es","potentialAction":[{"@type":"CommentAction","name":"Comment","target":["https:\/\/conversesacatalunya.cat\/es\/el-numero-de-contagiados-en-espana-segun-el-imperial-college-de-londres-seria-el-mas-elevado-de-europa\/#respond"]}]},{"@type":"WebPage","@id":"https:\/\/conversesacatalunya.cat\/es\/el-numero-de-contagiados-en-espana-segun-el-imperial-college-de-londres-seria-el-mas-elevado-de-europa\/","url":"https:\/\/conversesacatalunya.cat\/es\/el-numero-de-contagiados-en-espana-segun-el-imperial-college-de-londres-seria-el-mas-elevado-de-europa\/","name":"El n\u00famero de contagiados en Espa\u00f1a seg\u00fan el Imperial College de Londres ser\u00eda el m\u00e1s elevado de Europa - Converses a Catalunya","isPartOf":{"@id":"https:\/\/conversesacatalunya.cat\/#website"},"primaryImageOfPage":{"@id":"https:\/\/conversesacatalunya.cat\/es\/el-numero-de-contagiados-en-espana-segun-el-imperial-college-de-londres-seria-el-mas-elevado-de-europa\/#primaryimage"},"image":{"@id":"https:\/\/conversesacatalunya.cat\/es\/el-numero-de-contagiados-en-espana-segun-el-imperial-college-de-londres-seria-el-mas-elevado-de-europa\/#primaryimage"},"thumbnailUrl":"https:\/\/conversesacatalunya.cat\/wp-content\/uploads\/2020\/03\/coronavirus-23.jpg","datePublished":"2020-03-31T09:59:12+00:00","author":{"@id":"https:\/\/conversesacatalunya.cat\/#\/schema\/person\/7e24d1e54a2785373ddcb275eae5ed99"},"breadcrumb":{"@id":"https:\/\/conversesacatalunya.cat\/es\/el-numero-de-contagiados-en-espana-segun-el-imperial-college-de-londres-seria-el-mas-elevado-de-europa\/#breadcrumb"},"inLanguage":"es","potentialAction":[{"@type":"ReadAction","target":["https:\/\/conversesacatalunya.cat\/es\/el-numero-de-contagiados-en-espana-segun-el-imperial-college-de-londres-seria-el-mas-elevado-de-europa\/"]}]},{"@type":"ImageObject","inLanguage":"es","@id":"https:\/\/conversesacatalunya.cat\/es\/el-numero-de-contagiados-en-espana-segun-el-imperial-college-de-londres-seria-el-mas-elevado-de-europa\/#primaryimage","url":"https:\/\/conversesacatalunya.cat\/wp-content\/uploads\/2020\/03\/coronavirus-23.jpg","contentUrl":"https:\/\/conversesacatalunya.cat\/wp-content\/uploads\/2020\/03\/coronavirus-23.jpg","width":990,"height":742},{"@type":"BreadcrumbList","@id":"https:\/\/conversesacatalunya.cat\/es\/el-numero-de-contagiados-en-espana-segun-el-imperial-college-de-londres-seria-el-mas-elevado-de-europa\/#breadcrumb","itemListElement":[{"@type":"ListItem","position":1,"name":"Inici","item":"https:\/\/conversesacatalunya.cat\/es\/"},{"@type":"ListItem","position":2,"name":"El n\u00famero de contagiados en Espa\u00f1a seg\u00fan el Imperial College de Londres ser\u00eda el m\u00e1s elevado de Europa"}]},{"@type":"WebSite","@id":"https:\/\/conversesacatalunya.cat\/#website","url":"https:\/\/conversesacatalunya.cat\/","name":"Converses a Catalunya","description":"","potentialAction":[{"@type":"SearchAction","target":{"@type":"EntryPoint","urlTemplate":"https:\/\/conversesacatalunya.cat\/?s={search_term_string}"},"query-input":{"@type":"PropertyValueSpecification","valueRequired":true,"valueName":"search_term_string"}}],"inLanguage":"es"},{"@type":"Person","@id":"https:\/\/conversesacatalunya.cat\/#\/schema\/person\/7e24d1e54a2785373ddcb275eae5ed99","name":"conversesacatalunya","image":{"@type":"ImageObject","inLanguage":"es","@id":"https:\/\/conversesacatalunya.cat\/#\/schema\/person\/image\/","url":"https:\/\/conversesacatalunya.cat\/wp-content\/litespeed\/avatar\/febdfeeec89d950f01c748045a981dd2.jpg?ver=1777314535","contentUrl":"https:\/\/conversesacatalunya.cat\/wp-content\/litespeed\/avatar\/febdfeeec89d950f01c748045a981dd2.jpg?ver=1777314535","caption":"conversesacatalunya"},"url":"https:\/\/conversesacatalunya.cat\/es\/author\/carme_catala\/"}]}},"wps_subtitle":"","_links":{"self":[{"href":"https:\/\/conversesacatalunya.cat\/es\/wp-json\/wp\/v2\/posts\/34304","targetHints":{"allow":["GET"]}}],"collection":[{"href":"https:\/\/conversesacatalunya.cat\/es\/wp-json\/wp\/v2\/posts"}],"about":[{"href":"https:\/\/conversesacatalunya.cat\/es\/wp-json\/wp\/v2\/types\/post"}],"author":[{"embeddable":true,"href":"https:\/\/conversesacatalunya.cat\/es\/wp-json\/wp\/v2\/users\/2"}],"replies":[{"embeddable":true,"href":"https:\/\/conversesacatalunya.cat\/es\/wp-json\/wp\/v2\/comments?post=34304"}],"version-history":[{"count":1,"href":"https:\/\/conversesacatalunya.cat\/es\/wp-json\/wp\/v2\/posts\/34304\/revisions"}],"predecessor-version":[{"id":34309,"href":"https:\/\/conversesacatalunya.cat\/es\/wp-json\/wp\/v2\/posts\/34304\/revisions\/34309"}],"wp:featuredmedia":[{"embeddable":true,"href":"https:\/\/conversesacatalunya.cat\/es\/wp-json\/wp\/v2\/media\/34307"}],"wp:attachment":[{"href":"https:\/\/conversesacatalunya.cat\/es\/wp-json\/wp\/v2\/media?parent=34304"}],"wp:term":[{"taxonomy":"category","embeddable":true,"href":"https:\/\/conversesacatalunya.cat\/es\/wp-json\/wp\/v2\/categories?post=34304"},{"taxonomy":"post_tag","embeddable":true,"href":"https:\/\/conversesacatalunya.cat\/es\/wp-json\/wp\/v2\/tags?post=34304"}],"curies":[{"name":"wp","href":"https:\/\/api.w.org\/{rel}","templated":true}]}}