{"id":34255,"date":"2020-03-28T14:33:50","date_gmt":"2020-03-28T13:33:50","guid":{"rendered":"https:\/\/conversesacatalunya.cat\/el-confinament-pot-contribuir-a-aturar-el-coronavirus-pero-tambe-a-accelerar-la-radicalitzacio-en-linia\/"},"modified":"2020-03-30T13:19:22","modified_gmt":"2020-03-30T11:19:22","slug":"el-confinamiento-puede-contribuir-a-detener-el-coronavirus-pero-tambien-a-acelerar-la-radicalizacion-en-linea","status":"publish","type":"post","link":"https:\/\/conversesacatalunya.cat\/es\/el-confinamiento-puede-contribuir-a-detener-el-coronavirus-pero-tambien-a-acelerar-la-radicalizacion-en-linea\/","title":{"rendered":"El confinamiento puede contribuir a detener el coronavirus, pero tambi\u00e9n a acelerar la radicalizaci\u00f3n en l\u00ednea"},"content":{"rendered":"<p align=\"justify\">Con m\u00e1s de una tercera parte de la humanidad confinada en su casa, cientos de millones de personas hacen aumentar de forma notable el consumo de Internet. Lo que no s\u00f3lo hace incrementar el tr\u00e1fico de lugares de ocio como Netflix, sino tambi\u00e9n de todo tipo de investigaciones e intercambios relacionados con noticias falsas, teor\u00edas de conspiraci\u00f3n e ideolog\u00edas extremistas.<\/p>\n<p align=\"justify\">Como Nikita Malik, director del centro sobre la radicalizaci\u00f3n y el terrorismo de la Henry Jackson Society de Londres <a href=\"https:\/\/foreignpolicy.com\/2020\/03\/26\/self-isolation-might-stop-coronavirus-but-spread-extremism\/\" target=\"_blank\" rel=\"noopener noreferrer\">explica<\/a> en <em>Foreign Policy<\/em>, la actual crisis sanitaria del Covid-19 supone una gran oportunidad para una multitud de grupos extremistas de todo el mundo.<\/p>\n<p align=\"justify\">Como sucede en todos los tiempos de crisis, los extremistas explotan los miedos, angustias y dudas que millones de personas sienten con el fin de llegar a una audiencia m\u00e1s vasta y ganar adeptos.<\/p>\n<p align=\"justify\">Varias organizaciones gubernamentales y no gubernamentales trabajan en colaboraci\u00f3n con las empresas de redes sociales para detectar y eliminar contenidos de apolog\u00eda del terrorismo. Seg\u00fan Malik, el 98% de este material se consigue retirar antes de que ning\u00fan ser humano lo haya podido ver.<\/p>\n<p align=\"justify\">Como el experto afirma, el problema principal se da sin embargo con contenidos que no son expl\u00edcitamente terroristas o extremistas: lo que \u00e9l llama \u00abel \u00e1rea gris\u00bb. Es en esta zona donde el terrorismo prospera y donde el debate sobre la libertad de expresi\u00f3n interviene.<\/p>\n<p align=\"justify\">Los que cargan este contenido \u00abgris\u00bb en Internet saben perfectamente que hay un elevado grado de probabilidades de que no sea eliminado. Por ejemplo, en vez de publicar un v\u00eddeo que explique que el Holocausto no existi\u00f3, puede debatir su magnitud para intentar minimizarlo. Y aprovechar para lanzar varias indirectas seg\u00fan las cuales fueron los jud\u00edos lo que exageraron la dimensi\u00f3n de la tragedia por sus propios intereses.<\/p>\n<p align=\"justify\">En plena epidemia del coronavirus, el an\u00e1lisis de las investigaciones realizadas en YouTube muestra un pico de v\u00eddeos relacionados con el d\u00eda del Juicio Final y la yihad. Para los yihadistas, los v\u00eddeos suelen orientarse en el mismo sentido: el virus Covid-19 es un castigo de Allah. Estado Isl\u00e1mico ha incluso advertido a sus seguidores de \u00abno entrar en la tierra de la epidemia\u00bb. Hay otros islamistas que afirman que el virus es un producto norteamericano y jud\u00edo para reducir la poblaci\u00f3n mundial.<\/p>\n<p align=\"justify\">Adem\u00e1s, muchos de los v\u00eddeos dan informaciones m\u00e9dicas abominables. Por ejemplo, varias publicaciones en las redes sociales en Ir\u00e1n muestran a gente lamiendo los muros de lugares santos del Islam chi\u00ed. Un activista egipcio residente en Nueva York llam\u00f3 a sus compatriotas a infectar a prop\u00f3sito a los miembros de las fuerzas de orden y empleados p\u00fablicos.<\/p>\n<p align=\"justify\">En el otro extremo, encontramos grup\u00fasculos de extrema derecha que acusan igualmente a los jud\u00edos o piden a sus seguidores que si contraen el virus, se paseen por mezquitas y sinagogas. El contenido racista contra los asi\u00e1ticos tambi\u00e9n abunda.<\/p>\n<p align=\"justify\">Nikita Malika pide a los gobiernos y empresas tecnol\u00f3gicas que hagan un esfuerzo especial en este tiempo de epidemia para combatir esta desinformaci\u00f3n en las redes sociales, que puede, como el virus ya est\u00e1 haciendo, causar dramas que se podr\u00edan haber evitado o reducido.<\/p>\n<p align=\"justify\"><span class='bctt-click-to-tweet'><span class='bctt-ctt-text'><a href='https:\/\/twitter.com\/intent\/tweet?url=https%3A%2F%2Fconversesacatalunya.cat%2Fes%2Fel-confinamiento-puede-contribuir-a-detener-el-coronavirus-pero-tambien-a-acelerar-la-radicalizacion-en-linea%2F&#038;text=En%20plena%20epidemia%20del%20coronavirus%2C%20el%20an%C3%A1lisis%20de%20las%20investigaciones%20realizadas%20en%20YouTube%20muestra%20un%20pico%20de%20v%C3%ADdeos%20relacionados%20con%20el%20d%C3%ADa%20del%20Juicio%20Final%20y%20la%20yihad&#038;via=conversesacat&#038;related=conversesacat' target='_blank'rel=\"noopener noreferrer\">En plena epidemia del coronavirus, el an\u00e1lisis de las investigaciones realizadas en YouTube muestra un pico de v\u00eddeos relacionados con el d\u00eda del Juicio Final y la yihad <\/a><\/span><a href='https:\/\/twitter.com\/intent\/tweet?url=https%3A%2F%2Fconversesacatalunya.cat%2Fes%2Fel-confinamiento-puede-contribuir-a-detener-el-coronavirus-pero-tambien-a-acelerar-la-radicalizacion-en-linea%2F&#038;text=En%20plena%20epidemia%20del%20coronavirus%2C%20el%20an%C3%A1lisis%20de%20las%20investigaciones%20realizadas%20en%20YouTube%20muestra%20un%20pico%20de%20v%C3%ADdeos%20relacionados%20con%20el%20d%C3%ADa%20del%20Juicio%20Final%20y%20la%20yihad&#038;via=conversesacat&#038;related=conversesacat' target='_blank' class='bctt-ctt-btn'rel=\"noopener noreferrer\">Compartir en X<\/a><\/span>\n","protected":false},"excerpt":{"rendered":"<p>Con m\u00e1s de una tercera parte de la humanidad confinada en su casa, cientos de millones de personas hacen aumentar de forma notable el consumo de Internet. Lo que no s\u00f3lo hace incrementar el tr\u00e1fico de lugares de ocio como Netflix, sino tambi\u00e9n de todo tipo de investigaciones e intercambios relacionados con noticias falsas, teor\u00edas de conspiraci\u00f3n e ideolog\u00edas extremistas. Como Nikita Malik, director del centro sobre la radicalizaci\u00f3n y el terrorismo de la Henry Jackson Society de Londres explica en Foreign Policy, la actual crisis sanitaria del Covid-19 supone una gran oportunidad para una multitud de grupos extremistas de todo el mundo. Como sucede en todos los tiempos de crisis, los extremistas explotan los miedos, angustias y dudas que millones de personas sienten con el fin de llegar a una audiencia m\u00e1s vasta y ganar adeptos. Varias organizaciones gubernamentales y no gubernamentales trabajan en colaboraci\u00f3n con las empresas de redes sociales para detectar y eliminar contenidos de apolog\u00eda del terrorismo. Seg\u00fan Malik, el 98% de este material se consigue retirar antes de que ning\u00fan ser humano lo haya podido ver. Como el experto afirma, el problema principal se da sin embargo con contenidos que no son expl\u00edcitamente terroristas o extremistas: lo que \u00e9l llama \u00abel \u00e1rea gris\u00bb. Es en esta zona donde el terrorismo prospera y donde el debate sobre la libertad de expresi\u00f3n interviene. Los que cargan este contenido \u00abgris\u00bb en Internet saben perfectamente que hay un elevado grado de probabilidades de que no sea eliminado. Por ejemplo, en vez de publicar un v\u00eddeo que explique que el Holocausto no existi\u00f3, puede debatir su magnitud para intentar minimizarlo. Y aprovechar para lanzar varias indirectas seg\u00fan las cuales fueron los jud\u00edos lo que exageraron la dimensi\u00f3n de la tragedia por sus propios intereses. En plena epidemia del coronavirus, el an\u00e1lisis de las investigaciones realizadas en YouTube muestra un pico de v\u00eddeos relacionados con el d\u00eda del Juicio Final y la yihad. Para los yihadistas, los v\u00eddeos suelen orientarse en el mismo sentido: el virus Covid-19 es un castigo de Allah. Estado Isl\u00e1mico ha incluso advertido a sus seguidores de \u00abno entrar en la tierra de la epidemia\u00bb. Hay otros islamistas que afirman que el virus es un producto norteamericano y jud\u00edo para reducir la poblaci\u00f3n mundial. Adem\u00e1s, muchos de los v\u00eddeos dan informaciones m\u00e9dicas abominables. Por ejemplo, varias publicaciones en las redes sociales en Ir\u00e1n muestran a gente lamiendo los muros de lugares santos del Islam chi\u00ed. Un activista egipcio residente en Nueva York llam\u00f3 a sus compatriotas a infectar a prop\u00f3sito a los miembros de las fuerzas de orden y empleados p\u00fablicos. En el otro extremo, encontramos grup\u00fasculos de extrema derecha que acusan igualmente a los jud\u00edos o piden a sus seguidores que si contraen el virus, se paseen por mezquitas y sinagogas. El contenido racista contra los asi\u00e1ticos tambi\u00e9n abunda. Nikita Malika pide a los gobiernos y empresas tecnol\u00f3gicas que hagan un esfuerzo especial en este tiempo de epidemia para combatir esta desinformaci\u00f3n en las redes sociales, que puede, como el virus ya est\u00e1 haciendo, causar dramas que se podr\u00edan haber evitado o reducido.<\/p>\n","protected":false},"author":67,"featured_media":34236,"comment_status":"open","ping_status":"open","sticky":false,"template":"","format":"standard","meta":{"_FSMCFIC_featured_image_caption":"","_FSMCFIC_featured_image_nocaption":"","_FSMCFIC_featured_image_hide":"","footnotes":""},"categories":[1772,806],"tags":[1968,1504,1913,1995,1996,1265],"class_list":["post-34255","post","type-post","status-publish","format-standard","has-post-thumbnail","hentry","category-especial-coronavirus-es","category-punts-claus-del-dia-es","tag-confinamiento","tag-coronavirus-es","tag-covid-19-es","tag-extremismo","tag-radicalizacion","tag-terrorismo"],"yoast_head":"<!-- This site is optimized with the Yoast SEO plugin v26.8 - https:\/\/yoast.com\/product\/yoast-seo-wordpress\/ -->\n<title>El confinamiento puede contribuir a detener el coronavirus, pero tambi\u00e9n a acelerar la radicalizaci\u00f3n en l\u00ednea - Converses a Catalunya<\/title>\n<meta name=\"robots\" content=\"index, follow, max-snippet:-1, max-image-preview:large, max-video-preview:-1\" \/>\n<link rel=\"canonical\" href=\"https:\/\/conversesacatalunya.cat\/es\/el-confinamiento-puede-contribuir-a-detener-el-coronavirus-pero-tambien-a-acelerar-la-radicalizacion-en-linea\/\" \/>\n<meta property=\"og:locale\" content=\"es_ES\" \/>\n<meta property=\"og:type\" content=\"article\" \/>\n<meta property=\"og:title\" content=\"El confinamiento puede contribuir a detener el coronavirus, pero tambi\u00e9n a acelerar la radicalizaci\u00f3n en l\u00ednea - Converses a Catalunya\" \/>\n<meta property=\"og:description\" content=\"Con m\u00e1s de una tercera parte de la humanidad confinada en su casa, cientos de millones de personas hacen aumentar de forma notable el consumo de Internet. Lo que no s\u00f3lo hace incrementar el tr\u00e1fico de lugares de ocio como Netflix, sino tambi\u00e9n de todo tipo de investigaciones e intercambios relacionados con noticias falsas, teor\u00edas de conspiraci\u00f3n e ideolog\u00edas extremistas. Como Nikita Malik, director del centro sobre la radicalizaci\u00f3n y el terrorismo de la Henry Jackson Society de Londres explica en Foreign Policy, la actual crisis sanitaria del Covid-19 supone una gran oportunidad para una multitud de grupos extremistas de todo el mundo. Como sucede en todos los tiempos de crisis, los extremistas explotan los miedos, angustias y dudas que millones de personas sienten con el fin de llegar a una audiencia m\u00e1s vasta y ganar adeptos. Varias organizaciones gubernamentales y no gubernamentales trabajan en colaboraci\u00f3n con las empresas de redes sociales para detectar y eliminar contenidos de apolog\u00eda del terrorismo. Seg\u00fan Malik, el 98% de este material se consigue retirar antes de que ning\u00fan ser humano lo haya podido ver. Como el experto afirma, el problema principal se da sin embargo con contenidos que no son expl\u00edcitamente terroristas o extremistas: lo que \u00e9l llama \u00abel \u00e1rea gris\u00bb. Es en esta zona donde el terrorismo prospera y donde el debate sobre la libertad de expresi\u00f3n interviene. Los que cargan este contenido \u00abgris\u00bb en Internet saben perfectamente que hay un elevado grado de probabilidades de que no sea eliminado. Por ejemplo, en vez de publicar un v\u00eddeo que explique que el Holocausto no existi\u00f3, puede debatir su magnitud para intentar minimizarlo. Y aprovechar para lanzar varias indirectas seg\u00fan las cuales fueron los jud\u00edos lo que exageraron la dimensi\u00f3n de la tragedia por sus propios intereses. En plena epidemia del coronavirus, el an\u00e1lisis de las investigaciones realizadas en YouTube muestra un pico de v\u00eddeos relacionados con el d\u00eda del Juicio Final y la yihad. Para los yihadistas, los v\u00eddeos suelen orientarse en el mismo sentido: el virus Covid-19 es un castigo de Allah. Estado Isl\u00e1mico ha incluso advertido a sus seguidores de \u00abno entrar en la tierra de la epidemia\u00bb. Hay otros islamistas que afirman que el virus es un producto norteamericano y jud\u00edo para reducir la poblaci\u00f3n mundial. Adem\u00e1s, muchos de los v\u00eddeos dan informaciones m\u00e9dicas abominables. Por ejemplo, varias publicaciones en las redes sociales en Ir\u00e1n muestran a gente lamiendo los muros de lugares santos del Islam chi\u00ed. Un activista egipcio residente en Nueva York llam\u00f3 a sus compatriotas a infectar a prop\u00f3sito a los miembros de las fuerzas de orden y empleados p\u00fablicos. En el otro extremo, encontramos grup\u00fasculos de extrema derecha que acusan igualmente a los jud\u00edos o piden a sus seguidores que si contraen el virus, se paseen por mezquitas y sinagogas. El contenido racista contra los asi\u00e1ticos tambi\u00e9n abunda. Nikita Malika pide a los gobiernos y empresas tecnol\u00f3gicas que hagan un esfuerzo especial en este tiempo de epidemia para combatir esta desinformaci\u00f3n en las redes sociales, que puede, como el virus ya est\u00e1 haciendo, causar dramas que se podr\u00edan haber evitado o reducido.\" \/>\n<meta property=\"og:url\" content=\"https:\/\/conversesacatalunya.cat\/es\/el-confinamiento-puede-contribuir-a-detener-el-coronavirus-pero-tambien-a-acelerar-la-radicalizacion-en-linea\/\" \/>\n<meta property=\"og:site_name\" content=\"Converses a Catalunya\" \/>\n<meta property=\"article:published_time\" content=\"2020-03-28T13:33:50+00:00\" \/>\n<meta property=\"article:modified_time\" content=\"2020-03-30T11:19:22+00:00\" \/>\n<meta property=\"og:image\" content=\"https:\/\/conversesacatalunya.cat\/wp-content\/uploads\/2020\/03\/internet.jpg\" \/>\n\t<meta property=\"og:image:width\" content=\"444\" \/>\n\t<meta property=\"og:image:height\" content=\"249\" \/>\n\t<meta property=\"og:image:type\" content=\"image\/jpeg\" \/>\n<meta name=\"author\" content=\"conversesacatalunya\" \/>\n<meta name=\"twitter:card\" content=\"summary_large_image\" \/>\n<meta name=\"twitter:label1\" content=\"Escrito por\" \/>\n\t<meta name=\"twitter:data1\" content=\"conversesacatalunya\" \/>\n\t<meta name=\"twitter:label2\" content=\"Tiempo de lectura\" \/>\n\t<meta name=\"twitter:data2\" content=\"3 minutos\" \/>\n<script type=\"application\/ld+json\" class=\"yoast-schema-graph\">{\"@context\":\"https:\/\/schema.org\",\"@graph\":[{\"@type\":\"Article\",\"@id\":\"https:\/\/conversesacatalunya.cat\/es\/el-confinamiento-puede-contribuir-a-detener-el-coronavirus-pero-tambien-a-acelerar-la-radicalizacion-en-linea\/#article\",\"isPartOf\":{\"@id\":\"https:\/\/conversesacatalunya.cat\/es\/el-confinamiento-puede-contribuir-a-detener-el-coronavirus-pero-tambien-a-acelerar-la-radicalizacion-en-linea\/\"},\"author\":{\"name\":\"conversesacatalunya\",\"@id\":\"https:\/\/conversesacatalunya.cat\/#\/schema\/person\/c5a8ffe796b1512764aeb6d6d6fa0fc7\"},\"headline\":\"El confinamiento puede contribuir a detener el coronavirus, pero tambi\u00e9n a acelerar la radicalizaci\u00f3n en l\u00ednea\",\"datePublished\":\"2020-03-28T13:33:50+00:00\",\"dateModified\":\"2020-03-30T11:19:22+00:00\",\"mainEntityOfPage\":{\"@id\":\"https:\/\/conversesacatalunya.cat\/es\/el-confinamiento-puede-contribuir-a-detener-el-coronavirus-pero-tambien-a-acelerar-la-radicalizacion-en-linea\/\"},\"wordCount\":609,\"commentCount\":0,\"image\":{\"@id\":\"https:\/\/conversesacatalunya.cat\/es\/el-confinamiento-puede-contribuir-a-detener-el-coronavirus-pero-tambien-a-acelerar-la-radicalizacion-en-linea\/#primaryimage\"},\"thumbnailUrl\":\"https:\/\/conversesacatalunya.cat\/wp-content\/uploads\/2020\/03\/internet.jpg\",\"keywords\":[\"confinamiento\",\"coronavirus\",\"Covid-19\",\"extremismo\",\"radicalizaci\u00f3n\",\"terrorismo\"],\"articleSection\":[\"Especial Coronavirus (ES)\",\"Punts clau del dia (ES)\"],\"inLanguage\":\"es\",\"potentialAction\":[{\"@type\":\"CommentAction\",\"name\":\"Comment\",\"target\":[\"https:\/\/conversesacatalunya.cat\/es\/el-confinamiento-puede-contribuir-a-detener-el-coronavirus-pero-tambien-a-acelerar-la-radicalizacion-en-linea\/#respond\"]}]},{\"@type\":\"WebPage\",\"@id\":\"https:\/\/conversesacatalunya.cat\/es\/el-confinamiento-puede-contribuir-a-detener-el-coronavirus-pero-tambien-a-acelerar-la-radicalizacion-en-linea\/\",\"url\":\"https:\/\/conversesacatalunya.cat\/es\/el-confinamiento-puede-contribuir-a-detener-el-coronavirus-pero-tambien-a-acelerar-la-radicalizacion-en-linea\/\",\"name\":\"El confinamiento puede contribuir a detener el coronavirus, pero tambi\u00e9n a acelerar la radicalizaci\u00f3n en l\u00ednea - Converses a Catalunya\",\"isPartOf\":{\"@id\":\"https:\/\/conversesacatalunya.cat\/#website\"},\"primaryImageOfPage\":{\"@id\":\"https:\/\/conversesacatalunya.cat\/es\/el-confinamiento-puede-contribuir-a-detener-el-coronavirus-pero-tambien-a-acelerar-la-radicalizacion-en-linea\/#primaryimage\"},\"image\":{\"@id\":\"https:\/\/conversesacatalunya.cat\/es\/el-confinamiento-puede-contribuir-a-detener-el-coronavirus-pero-tambien-a-acelerar-la-radicalizacion-en-linea\/#primaryimage\"},\"thumbnailUrl\":\"https:\/\/conversesacatalunya.cat\/wp-content\/uploads\/2020\/03\/internet.jpg\",\"datePublished\":\"2020-03-28T13:33:50+00:00\",\"dateModified\":\"2020-03-30T11:19:22+00:00\",\"author\":{\"@id\":\"https:\/\/conversesacatalunya.cat\/#\/schema\/person\/c5a8ffe796b1512764aeb6d6d6fa0fc7\"},\"breadcrumb\":{\"@id\":\"https:\/\/conversesacatalunya.cat\/es\/el-confinamiento-puede-contribuir-a-detener-el-coronavirus-pero-tambien-a-acelerar-la-radicalizacion-en-linea\/#breadcrumb\"},\"inLanguage\":\"es\",\"potentialAction\":[{\"@type\":\"ReadAction\",\"target\":[\"https:\/\/conversesacatalunya.cat\/es\/el-confinamiento-puede-contribuir-a-detener-el-coronavirus-pero-tambien-a-acelerar-la-radicalizacion-en-linea\/\"]}]},{\"@type\":\"ImageObject\",\"inLanguage\":\"es\",\"@id\":\"https:\/\/conversesacatalunya.cat\/es\/el-confinamiento-puede-contribuir-a-detener-el-coronavirus-pero-tambien-a-acelerar-la-radicalizacion-en-linea\/#primaryimage\",\"url\":\"https:\/\/conversesacatalunya.cat\/wp-content\/uploads\/2020\/03\/internet.jpg\",\"contentUrl\":\"https:\/\/conversesacatalunya.cat\/wp-content\/uploads\/2020\/03\/internet.jpg\",\"width\":444,\"height\":249},{\"@type\":\"BreadcrumbList\",\"@id\":\"https:\/\/conversesacatalunya.cat\/es\/el-confinamiento-puede-contribuir-a-detener-el-coronavirus-pero-tambien-a-acelerar-la-radicalizacion-en-linea\/#breadcrumb\",\"itemListElement\":[{\"@type\":\"ListItem\",\"position\":1,\"name\":\"Inici\",\"item\":\"https:\/\/conversesacatalunya.cat\/es\/\"},{\"@type\":\"ListItem\",\"position\":2,\"name\":\"El confinamiento puede contribuir a detener el coronavirus, pero tambi\u00e9n a acelerar la radicalizaci\u00f3n en l\u00ednea\"}]},{\"@type\":\"WebSite\",\"@id\":\"https:\/\/conversesacatalunya.cat\/#website\",\"url\":\"https:\/\/conversesacatalunya.cat\/\",\"name\":\"Converses a Catalunya\",\"description\":\"\",\"potentialAction\":[{\"@type\":\"SearchAction\",\"target\":{\"@type\":\"EntryPoint\",\"urlTemplate\":\"https:\/\/conversesacatalunya.cat\/?s={search_term_string}\"},\"query-input\":{\"@type\":\"PropertyValueSpecification\",\"valueRequired\":true,\"valueName\":\"search_term_string\"}}],\"inLanguage\":\"es\"},{\"@type\":\"Person\",\"@id\":\"https:\/\/conversesacatalunya.cat\/#\/schema\/person\/c5a8ffe796b1512764aeb6d6d6fa0fc7\",\"name\":\"conversesacatalunya\",\"image\":{\"@type\":\"ImageObject\",\"inLanguage\":\"es\",\"@id\":\"https:\/\/conversesacatalunya.cat\/#\/schema\/person\/image\/\",\"url\":\"https:\/\/conversesacatalunya.cat\/wp-content\/litespeed\/avatar\/02659ee938034c59a151ae106ade943e.jpg?ver=1777656597\",\"contentUrl\":\"https:\/\/conversesacatalunya.cat\/wp-content\/litespeed\/avatar\/02659ee938034c59a151ae106ade943e.jpg?ver=1777656597\",\"caption\":\"conversesacatalunya\"},\"url\":\"https:\/\/conversesacatalunya.cat\/es\/author\/carles_lopez\/\"}]}<\/script>\n<!-- \/ Yoast SEO plugin. -->","yoast_head_json":{"title":"El confinamiento puede contribuir a detener el coronavirus, pero tambi\u00e9n a acelerar la radicalizaci\u00f3n en l\u00ednea - Converses a Catalunya","robots":{"index":"index","follow":"follow","max-snippet":"max-snippet:-1","max-image-preview":"max-image-preview:large","max-video-preview":"max-video-preview:-1"},"canonical":"https:\/\/conversesacatalunya.cat\/es\/el-confinamiento-puede-contribuir-a-detener-el-coronavirus-pero-tambien-a-acelerar-la-radicalizacion-en-linea\/","og_locale":"es_ES","og_type":"article","og_title":"El confinamiento puede contribuir a detener el coronavirus, pero tambi\u00e9n a acelerar la radicalizaci\u00f3n en l\u00ednea - Converses a Catalunya","og_description":"Con m\u00e1s de una tercera parte de la humanidad confinada en su casa, cientos de millones de personas hacen aumentar de forma notable el consumo de Internet. Lo que no s\u00f3lo hace incrementar el tr\u00e1fico de lugares de ocio como Netflix, sino tambi\u00e9n de todo tipo de investigaciones e intercambios relacionados con noticias falsas, teor\u00edas de conspiraci\u00f3n e ideolog\u00edas extremistas. Como Nikita Malik, director del centro sobre la radicalizaci\u00f3n y el terrorismo de la Henry Jackson Society de Londres explica en Foreign Policy, la actual crisis sanitaria del Covid-19 supone una gran oportunidad para una multitud de grupos extremistas de todo el mundo. Como sucede en todos los tiempos de crisis, los extremistas explotan los miedos, angustias y dudas que millones de personas sienten con el fin de llegar a una audiencia m\u00e1s vasta y ganar adeptos. Varias organizaciones gubernamentales y no gubernamentales trabajan en colaboraci\u00f3n con las empresas de redes sociales para detectar y eliminar contenidos de apolog\u00eda del terrorismo. Seg\u00fan Malik, el 98% de este material se consigue retirar antes de que ning\u00fan ser humano lo haya podido ver. Como el experto afirma, el problema principal se da sin embargo con contenidos que no son expl\u00edcitamente terroristas o extremistas: lo que \u00e9l llama \u00abel \u00e1rea gris\u00bb. Es en esta zona donde el terrorismo prospera y donde el debate sobre la libertad de expresi\u00f3n interviene. Los que cargan este contenido \u00abgris\u00bb en Internet saben perfectamente que hay un elevado grado de probabilidades de que no sea eliminado. Por ejemplo, en vez de publicar un v\u00eddeo que explique que el Holocausto no existi\u00f3, puede debatir su magnitud para intentar minimizarlo. Y aprovechar para lanzar varias indirectas seg\u00fan las cuales fueron los jud\u00edos lo que exageraron la dimensi\u00f3n de la tragedia por sus propios intereses. En plena epidemia del coronavirus, el an\u00e1lisis de las investigaciones realizadas en YouTube muestra un pico de v\u00eddeos relacionados con el d\u00eda del Juicio Final y la yihad. Para los yihadistas, los v\u00eddeos suelen orientarse en el mismo sentido: el virus Covid-19 es un castigo de Allah. Estado Isl\u00e1mico ha incluso advertido a sus seguidores de \u00abno entrar en la tierra de la epidemia\u00bb. Hay otros islamistas que afirman que el virus es un producto norteamericano y jud\u00edo para reducir la poblaci\u00f3n mundial. Adem\u00e1s, muchos de los v\u00eddeos dan informaciones m\u00e9dicas abominables. Por ejemplo, varias publicaciones en las redes sociales en Ir\u00e1n muestran a gente lamiendo los muros de lugares santos del Islam chi\u00ed. Un activista egipcio residente en Nueva York llam\u00f3 a sus compatriotas a infectar a prop\u00f3sito a los miembros de las fuerzas de orden y empleados p\u00fablicos. En el otro extremo, encontramos grup\u00fasculos de extrema derecha que acusan igualmente a los jud\u00edos o piden a sus seguidores que si contraen el virus, se paseen por mezquitas y sinagogas. El contenido racista contra los asi\u00e1ticos tambi\u00e9n abunda. Nikita Malika pide a los gobiernos y empresas tecnol\u00f3gicas que hagan un esfuerzo especial en este tiempo de epidemia para combatir esta desinformaci\u00f3n en las redes sociales, que puede, como el virus ya est\u00e1 haciendo, causar dramas que se podr\u00edan haber evitado o reducido.","og_url":"https:\/\/conversesacatalunya.cat\/es\/el-confinamiento-puede-contribuir-a-detener-el-coronavirus-pero-tambien-a-acelerar-la-radicalizacion-en-linea\/","og_site_name":"Converses a Catalunya","article_published_time":"2020-03-28T13:33:50+00:00","article_modified_time":"2020-03-30T11:19:22+00:00","og_image":[{"width":444,"height":249,"url":"https:\/\/conversesacatalunya.cat\/wp-content\/uploads\/2020\/03\/internet.jpg","type":"image\/jpeg"}],"author":"conversesacatalunya","twitter_card":"summary_large_image","twitter_misc":{"Escrito por":"conversesacatalunya","Tiempo de lectura":"3 minutos"},"schema":{"@context":"https:\/\/schema.org","@graph":[{"@type":"Article","@id":"https:\/\/conversesacatalunya.cat\/es\/el-confinamiento-puede-contribuir-a-detener-el-coronavirus-pero-tambien-a-acelerar-la-radicalizacion-en-linea\/#article","isPartOf":{"@id":"https:\/\/conversesacatalunya.cat\/es\/el-confinamiento-puede-contribuir-a-detener-el-coronavirus-pero-tambien-a-acelerar-la-radicalizacion-en-linea\/"},"author":{"name":"conversesacatalunya","@id":"https:\/\/conversesacatalunya.cat\/#\/schema\/person\/c5a8ffe796b1512764aeb6d6d6fa0fc7"},"headline":"El confinamiento puede contribuir a detener el coronavirus, pero tambi\u00e9n a acelerar la radicalizaci\u00f3n en l\u00ednea","datePublished":"2020-03-28T13:33:50+00:00","dateModified":"2020-03-30T11:19:22+00:00","mainEntityOfPage":{"@id":"https:\/\/conversesacatalunya.cat\/es\/el-confinamiento-puede-contribuir-a-detener-el-coronavirus-pero-tambien-a-acelerar-la-radicalizacion-en-linea\/"},"wordCount":609,"commentCount":0,"image":{"@id":"https:\/\/conversesacatalunya.cat\/es\/el-confinamiento-puede-contribuir-a-detener-el-coronavirus-pero-tambien-a-acelerar-la-radicalizacion-en-linea\/#primaryimage"},"thumbnailUrl":"https:\/\/conversesacatalunya.cat\/wp-content\/uploads\/2020\/03\/internet.jpg","keywords":["confinamiento","coronavirus","Covid-19","extremismo","radicalizaci\u00f3n","terrorismo"],"articleSection":["Especial Coronavirus (ES)","Punts clau del dia (ES)"],"inLanguage":"es","potentialAction":[{"@type":"CommentAction","name":"Comment","target":["https:\/\/conversesacatalunya.cat\/es\/el-confinamiento-puede-contribuir-a-detener-el-coronavirus-pero-tambien-a-acelerar-la-radicalizacion-en-linea\/#respond"]}]},{"@type":"WebPage","@id":"https:\/\/conversesacatalunya.cat\/es\/el-confinamiento-puede-contribuir-a-detener-el-coronavirus-pero-tambien-a-acelerar-la-radicalizacion-en-linea\/","url":"https:\/\/conversesacatalunya.cat\/es\/el-confinamiento-puede-contribuir-a-detener-el-coronavirus-pero-tambien-a-acelerar-la-radicalizacion-en-linea\/","name":"El confinamiento puede contribuir a detener el coronavirus, pero tambi\u00e9n a acelerar la radicalizaci\u00f3n en l\u00ednea - Converses a Catalunya","isPartOf":{"@id":"https:\/\/conversesacatalunya.cat\/#website"},"primaryImageOfPage":{"@id":"https:\/\/conversesacatalunya.cat\/es\/el-confinamiento-puede-contribuir-a-detener-el-coronavirus-pero-tambien-a-acelerar-la-radicalizacion-en-linea\/#primaryimage"},"image":{"@id":"https:\/\/conversesacatalunya.cat\/es\/el-confinamiento-puede-contribuir-a-detener-el-coronavirus-pero-tambien-a-acelerar-la-radicalizacion-en-linea\/#primaryimage"},"thumbnailUrl":"https:\/\/conversesacatalunya.cat\/wp-content\/uploads\/2020\/03\/internet.jpg","datePublished":"2020-03-28T13:33:50+00:00","dateModified":"2020-03-30T11:19:22+00:00","author":{"@id":"https:\/\/conversesacatalunya.cat\/#\/schema\/person\/c5a8ffe796b1512764aeb6d6d6fa0fc7"},"breadcrumb":{"@id":"https:\/\/conversesacatalunya.cat\/es\/el-confinamiento-puede-contribuir-a-detener-el-coronavirus-pero-tambien-a-acelerar-la-radicalizacion-en-linea\/#breadcrumb"},"inLanguage":"es","potentialAction":[{"@type":"ReadAction","target":["https:\/\/conversesacatalunya.cat\/es\/el-confinamiento-puede-contribuir-a-detener-el-coronavirus-pero-tambien-a-acelerar-la-radicalizacion-en-linea\/"]}]},{"@type":"ImageObject","inLanguage":"es","@id":"https:\/\/conversesacatalunya.cat\/es\/el-confinamiento-puede-contribuir-a-detener-el-coronavirus-pero-tambien-a-acelerar-la-radicalizacion-en-linea\/#primaryimage","url":"https:\/\/conversesacatalunya.cat\/wp-content\/uploads\/2020\/03\/internet.jpg","contentUrl":"https:\/\/conversesacatalunya.cat\/wp-content\/uploads\/2020\/03\/internet.jpg","width":444,"height":249},{"@type":"BreadcrumbList","@id":"https:\/\/conversesacatalunya.cat\/es\/el-confinamiento-puede-contribuir-a-detener-el-coronavirus-pero-tambien-a-acelerar-la-radicalizacion-en-linea\/#breadcrumb","itemListElement":[{"@type":"ListItem","position":1,"name":"Inici","item":"https:\/\/conversesacatalunya.cat\/es\/"},{"@type":"ListItem","position":2,"name":"El confinamiento puede contribuir a detener el coronavirus, pero tambi\u00e9n a acelerar la radicalizaci\u00f3n en l\u00ednea"}]},{"@type":"WebSite","@id":"https:\/\/conversesacatalunya.cat\/#website","url":"https:\/\/conversesacatalunya.cat\/","name":"Converses a Catalunya","description":"","potentialAction":[{"@type":"SearchAction","target":{"@type":"EntryPoint","urlTemplate":"https:\/\/conversesacatalunya.cat\/?s={search_term_string}"},"query-input":{"@type":"PropertyValueSpecification","valueRequired":true,"valueName":"search_term_string"}}],"inLanguage":"es"},{"@type":"Person","@id":"https:\/\/conversesacatalunya.cat\/#\/schema\/person\/c5a8ffe796b1512764aeb6d6d6fa0fc7","name":"conversesacatalunya","image":{"@type":"ImageObject","inLanguage":"es","@id":"https:\/\/conversesacatalunya.cat\/#\/schema\/person\/image\/","url":"https:\/\/conversesacatalunya.cat\/wp-content\/litespeed\/avatar\/02659ee938034c59a151ae106ade943e.jpg?ver=1777656597","contentUrl":"https:\/\/conversesacatalunya.cat\/wp-content\/litespeed\/avatar\/02659ee938034c59a151ae106ade943e.jpg?ver=1777656597","caption":"conversesacatalunya"},"url":"https:\/\/conversesacatalunya.cat\/es\/author\/carles_lopez\/"}]}},"wps_subtitle":"","_links":{"self":[{"href":"https:\/\/conversesacatalunya.cat\/es\/wp-json\/wp\/v2\/posts\/34255","targetHints":{"allow":["GET"]}}],"collection":[{"href":"https:\/\/conversesacatalunya.cat\/es\/wp-json\/wp\/v2\/posts"}],"about":[{"href":"https:\/\/conversesacatalunya.cat\/es\/wp-json\/wp\/v2\/types\/post"}],"author":[{"embeddable":true,"href":"https:\/\/conversesacatalunya.cat\/es\/wp-json\/wp\/v2\/users\/67"}],"replies":[{"embeddable":true,"href":"https:\/\/conversesacatalunya.cat\/es\/wp-json\/wp\/v2\/comments?post=34255"}],"version-history":[{"count":3,"href":"https:\/\/conversesacatalunya.cat\/es\/wp-json\/wp\/v2\/posts\/34255\/revisions"}],"predecessor-version":[{"id":34256,"href":"https:\/\/conversesacatalunya.cat\/es\/wp-json\/wp\/v2\/posts\/34255\/revisions\/34256"}],"wp:featuredmedia":[{"embeddable":true,"href":"https:\/\/conversesacatalunya.cat\/es\/wp-json\/wp\/v2\/media\/34236"}],"wp:attachment":[{"href":"https:\/\/conversesacatalunya.cat\/es\/wp-json\/wp\/v2\/media?parent=34255"}],"wp:term":[{"taxonomy":"category","embeddable":true,"href":"https:\/\/conversesacatalunya.cat\/es\/wp-json\/wp\/v2\/categories?post=34255"},{"taxonomy":"post_tag","embeddable":true,"href":"https:\/\/conversesacatalunya.cat\/es\/wp-json\/wp\/v2\/tags?post=34255"}],"curies":[{"name":"wp","href":"https:\/\/api.w.org\/{rel}","templated":true}]}}