{"id":34202,"date":"2020-03-27T10:00:09","date_gmt":"2020-03-27T09:00:09","guid":{"rendered":"https:\/\/conversesacatalunya.cat\/el-coronavirus-sendinsa-en-una-europa-dividida\/"},"modified":"2020-03-27T12:49:59","modified_gmt":"2020-03-27T11:49:59","slug":"el-coronavirus-sendinsa-en-una-europa-dividida","status":"publish","type":"post","link":"https:\/\/conversesacatalunya.cat\/es\/el-coronavirus-sendinsa-en-una-europa-dividida\/","title":{"rendered":"El coronavirus se adentra en una Europa dividida"},"content":{"rendered":"<p>La pandemia del coronavirus\u00a0<strong>no ha hecho m\u00e1s que evidenciar la paulatina divisi\u00f3n en Europa<\/strong>. Las graves acusaciones del ministro de Finanzas de Holanda sobre Espa\u00f1a ha hecho saltar al presidente de Portugal, Antonio Costa, que he calificado el discurso del holand\u00e9s como \u201crepugnante\u201d y \u201ccontrario al esp\u00edritu de la Uni\u00f3n Europea\u201d.<\/p>\n<p>Estas declaraciones han provocado un fuerte malestar en Portugal. Para Costa, estas palabras \u201cson una irresponsabilidad absoluta\u201d y \u201cuna mezquindad recurrente que socava el esp\u00edritu europeo\u201d. \u201cSi la Uni\u00f3n Europea quiere sobrevivir, es inaceptable que cualquier pol\u00edtico, de cualquier pa\u00eds, pueda dar esa respuesta a una pandemia como la que estamos experimentando\u201d, puntualiz\u00f3 el primer ministro portugu\u00e9s.<\/p>\n<p>\u201cSi no nos respetamos y si no entendemos que, ante un desaf\u00edo com\u00fan, debemos ser capaces de responder en com\u00fan,\u00a0<strong>entonces nadie ha entendido nada sobre la Uni\u00f3n Europea<\/strong>\u201c, indic\u00f3 Costa, que a\u00f1adi\u00f3 que, es \u201cun buen momento para entender que no fue Espa\u00f1a quien cre\u00f3 el virus o import\u00f3 el virus\u201d.<\/p>\n<span class='bctt-click-to-tweet'><span class='bctt-ctt-text'><a href='https:\/\/twitter.com\/intent\/tweet?url=https%3A%2F%2Fconversesacatalunya.cat%2Fes%2Fel-coronavirus-sendinsa-en-una-europa-dividida%2F&#038;text=La%20pandemia%20del%20coronavirus%20no%20ha%20hecho%20m%C3%A1s%20que%20evidenciar%20la%20paulatina%20divisi%C3%B3n%20en%20Europa&#038;via=conversesacat&#038;related=conversesacat' target='_blank'rel=\"noopener noreferrer\">La pandemia del coronavirus no ha hecho m\u00e1s que evidenciar la paulatina divisi\u00f3n en Europa <\/a><\/span><a href='https:\/\/twitter.com\/intent\/tweet?url=https%3A%2F%2Fconversesacatalunya.cat%2Fes%2Fel-coronavirus-sendinsa-en-una-europa-dividida%2F&#038;text=La%20pandemia%20del%20coronavirus%20no%20ha%20hecho%20m%C3%A1s%20que%20evidenciar%20la%20paulatina%20divisi%C3%B3n%20en%20Europa&#038;via=conversesacat&#038;related=conversesacat' target='_blank' class='bctt-ctt-btn'rel=\"noopener noreferrer\">Compartir en X<\/a><\/span>\n<p>Por otro lado, Italia sigue reclamando a la Uni\u00f3n Europea una ayuda que no llega. La presidenta de la Comisi\u00f3n Europea, la alemana Ursula von der Leyen, en este sentido ha denunciado la falta de solidaridad de los estados miembro por dar \u201cuna respuesta individualista\u201d.<\/p>\n<p><iframe title=\"Italy: Russian anti-coronavirus team on the way to Bergamo\" width=\"640\" height=\"360\" data-src=\"https:\/\/www.youtube.com\/embed\/GvOUuhaM4bM?feature=oembed\" frameborder=\"0\" allow=\"accelerometer; autoplay; clipboard-write; encrypted-media; gyroscope; picture-in-picture\" allowfullscreen src=\"data:image\/svg+xml;base64,PHN2ZyB3aWR0aD0iMSIgaGVpZ2h0PSIxIiB4bWxucz0iaHR0cDovL3d3dy53My5vcmcvMjAwMC9zdmciPjwvc3ZnPg==\" class=\"lazyload\" data-load-mode=\"1\"><\/iframe><\/p>\n<p>&nbsp;<\/p>\n<p>Y es en esta par\u00e1lisis de la Uni\u00f3n Europea cuando entra en acci\u00f3n la otra Europa junto con otros antagonistas de la OTAN. Toneladas de suministros, respiradores y personal sanitario de China, Rusia y Cuba est\u00e1n llegando a Italia para socorrerles de esta inaudita pandemia. La llegada de veh\u00edculos militares con banderas rusas a la ciudad lombarda de B\u00e9rgamo, escenario que semanas atr\u00e1s hubiera sido imposible de imaginar, ponen en evidencia a un nuevo escenario geopol\u00edtico.<\/p>\n<p>Los aviones militares rusos con ayuda para Italia con el fin de combatir la propagaci\u00f3n del coronavirus han puesto de manifiesto la incapacidad de la Uni\u00f3n Europea para asistir con rapidez a un miembro en crisis y<strong>\u00a0han dado a Vladimir Putin un importante triunfo propagand\u00edstico<\/strong>\u00a0en el pa\u00eds y en el extranjero.<\/p>\n<p><img fetchpriority=\"high\" decoding=\"async\" class=\"aligncenter size-large wp-image-105768 lazyloaded\" src=\"https:\/\/www.forumlibertas.com\/wp-content\/uploads\/2020\/03\/COVID-1024x514.png\" sizes=\"(max-width: 1024px) 100vw, 1024px\" srcset=\"https:\/\/www.forumlibertas.com\/wp-content\/uploads\/2020\/03\/COVID-1024x514.png 1024w, https:\/\/www.forumlibertas.com\/wp-content\/uploads\/2020\/03\/COVID-300x151.png 300w, https:\/\/www.forumlibertas.com\/wp-content\/uploads\/2020\/03\/COVID.png 1286w\" alt=\"Europa\" width=\"1024\" height=\"514\" data-srcset=\"https:\/\/www.forumlibertas.com\/wp-content\/uploads\/2020\/03\/COVID-1024x514.png 1024w, https:\/\/www.forumlibertas.com\/wp-content\/uploads\/2020\/03\/COVID-300x151.png 300w, https:\/\/www.forumlibertas.com\/wp-content\/uploads\/2020\/03\/COVID.png 1286w\" data-src=\"https:\/\/www.forumlibertas.com\/wp-content\/uploads\/2020\/03\/COVID-1024x514.png\" \/><\/p>\n<p>Italia se ha mostrado agradecida con las unidades de descontaminaci\u00f3n y el personal m\u00e9dico del Ej\u00e9rcito ruso enviado en los \u00faltimos cuatro d\u00edas, lo que contrasta con la vacilante respuesta de los estados de la UE. Las importaciones de gas ruso ayudan a alimentar las plantas de energ\u00eda de Italia y Roma ha pedido desde hace tiempo una relajaci\u00f3n de las sanciones de la UE a Mosc\u00fa por la anexi\u00f3n de Crimea en 2014.\u201dNo hay que estar buscando nuevos escenarios geopol\u00edticos, hay un pa\u00eds que necesita ayuda y otros pa\u00edses que nos est\u00e1n ayudando\u201d, dijo el jueves el ministro de Asuntos Exteriores Luigi Di Maio en el peri\u00f3dico italiano Il Corriere della Sera.<\/p>\n<p>Rusia ha realizado al menos 15 vuelos a Italia utilizando aviones de transporte militar con unidades de desinfecci\u00f3n en camiones. Tambi\u00e9n ha enviado ocho brigadas m\u00e9dicas y otros 100 efectivos, incluidos algunos de sus especialistas en protecci\u00f3n nuclear, biol\u00f3gica y qu\u00edmica.\u00a0<strong>Con la etiqueta \u201cDesde Rusia con amor<\/strong>\u201c, los aviones y camiones llevaban pegatinas gigantes que mostraban banderas rusas e italianas en forma de coraz\u00f3n, una al lado de la otra.<\/p>\n<p>Mientras tanto, Espa\u00f1a ha solicitado ayuda a la OTAN para poder obtener las tan buscadas mascarillas sanitarias, respiradores y test r\u00e1pidos. Esta pandemia del coronavirus no es solo\u00a0<a href=\"https:\/\/www.forumlibertas.com\/las-inaceptables-propuestas-de-vox\/\" target=\"_blank\" rel=\"noopener noreferrer\">un reto econ\u00f3mico y sanitario<\/a>, el mundo posterior a esta crisis genera grandes inc\u00f3gnitas diplom\u00e1ticas.<\/p>\n<p style=\"text-align: center;\"><strong>M\u00e1s informaci\u00f3n sobre el coronavirus en <a href=\"https:\/\/conversesacatalunya.cat\/es\/coronavirus\/\" target=\"_blank\" rel=\"noopener noreferrer\">ESPECIAL CORONAVIRUS<\/a><\/strong><\/p>\n","protected":false},"excerpt":{"rendered":"<p>La pandemia del coronavirus\u00a0no ha hecho m\u00e1s que evidenciar la paulatina divisi\u00f3n en Europa. Las graves acusaciones del ministro de Finanzas de Holanda sobre Espa\u00f1a ha hecho saltar al presidente de Portugal, Antonio Costa, que he calificado el discurso del holand\u00e9s como \u201crepugnante\u201d y \u201ccontrario al esp\u00edritu de la Uni\u00f3n Europea\u201d. Estas declaraciones han provocado un fuerte malestar en Portugal. Para Costa, estas palabras \u201cson una irresponsabilidad absoluta\u201d y \u201cuna mezquindad recurrente que socava el esp\u00edritu europeo\u201d. \u201cSi la Uni\u00f3n Europea quiere sobrevivir, es inaceptable que cualquier pol\u00edtico, de cualquier pa\u00eds, pueda dar esa respuesta a una pandemia como la que estamos experimentando\u201d, puntualiz\u00f3 el primer ministro portugu\u00e9s. \u201cSi no nos respetamos y si no entendemos que, ante un desaf\u00edo com\u00fan, debemos ser capaces de responder en com\u00fan,\u00a0entonces nadie ha entendido nada sobre la Uni\u00f3n Europea\u201c, indic\u00f3 Costa, que a\u00f1adi\u00f3 que, es \u201cun buen momento para entender que no fue Espa\u00f1a quien cre\u00f3 el virus o import\u00f3 el virus\u201d. Por otro lado, Italia sigue reclamando a la Uni\u00f3n Europea una ayuda que no llega. La presidenta de la Comisi\u00f3n Europea, la alemana Ursula von der Leyen, en este sentido ha denunciado la falta de solidaridad de los estados miembro por dar \u201cuna respuesta individualista\u201d. &nbsp; Y es en esta par\u00e1lisis de la Uni\u00f3n Europea cuando entra en acci\u00f3n la otra Europa junto con otros antagonistas de la OTAN. Toneladas de suministros, respiradores y personal sanitario de China, Rusia y Cuba est\u00e1n llegando a Italia para socorrerles de esta inaudita pandemia. La llegada de veh\u00edculos militares con banderas rusas a la ciudad lombarda de B\u00e9rgamo, escenario que semanas atr\u00e1s hubiera sido imposible de imaginar, ponen en evidencia a un nuevo escenario geopol\u00edtico. Los aviones militares rusos con ayuda para Italia con el fin de combatir la propagaci\u00f3n del coronavirus han puesto de manifiesto la incapacidad de la Uni\u00f3n Europea para asistir con rapidez a un miembro en crisis y\u00a0han dado a Vladimir Putin un importante triunfo propagand\u00edstico\u00a0en el pa\u00eds y en el extranjero. Italia se ha mostrado agradecida con las unidades de descontaminaci\u00f3n y el personal m\u00e9dico del Ej\u00e9rcito ruso enviado en los \u00faltimos cuatro d\u00edas, lo que contrasta con la vacilante respuesta de los estados de la UE. Las importaciones de gas ruso ayudan a alimentar las plantas de energ\u00eda de Italia y Roma ha pedido desde hace tiempo una relajaci\u00f3n de las sanciones de la UE a Mosc\u00fa por la anexi\u00f3n de Crimea en 2014.\u201dNo hay que estar buscando nuevos escenarios geopol\u00edticos, hay un pa\u00eds que necesita ayuda y otros pa\u00edses que nos est\u00e1n ayudando\u201d, dijo el jueves el ministro de Asuntos Exteriores Luigi Di Maio en el peri\u00f3dico italiano Il Corriere della Sera. Rusia ha realizado al menos 15 vuelos a Italia utilizando aviones de transporte militar con unidades de desinfecci\u00f3n en camiones. Tambi\u00e9n ha enviado ocho brigadas m\u00e9dicas y otros 100 efectivos, incluidos algunos de sus especialistas en protecci\u00f3n nuclear, biol\u00f3gica y qu\u00edmica.\u00a0Con la etiqueta \u201cDesde Rusia con amor\u201c, los aviones y camiones llevaban pegatinas gigantes que mostraban banderas rusas e italianas en forma de coraz\u00f3n, una al lado de la otra. Mientras tanto, Espa\u00f1a ha solicitado ayuda a la OTAN para poder obtener las tan buscadas mascarillas sanitarias, respiradores y test r\u00e1pidos. Esta pandemia del coronavirus no es solo\u00a0un reto econ\u00f3mico y sanitario, el mundo posterior a esta crisis genera grandes inc\u00f3gnitas diplom\u00e1ticas. M\u00e1s informaci\u00f3n sobre el coronavirus en ESPECIAL CORONAVIRUS<\/p>\n","protected":false},"author":20,"featured_media":34187,"comment_status":"open","ping_status":"open","sticky":false,"template":"","format":"standard","meta":{"_FSMCFIC_featured_image_caption":"","_FSMCFIC_featured_image_nocaption":"","_FSMCFIC_featured_image_hide":"","footnotes":""},"categories":[1772,806],"tags":[1504,1959,1913,1296,1092,1060,1198],"class_list":["post-34202","post","type-post","status-publish","format-standard","has-post-thumbnail","hentry","category-especial-coronavirus-es","category-punts-claus-del-dia-es","tag-coronavirus-es","tag-covid-es","tag-covid-19-es","tag-italia-es","tag-russia-es","tag-unio-europea-es","tag-xina-es"],"yoast_head":"<!-- This site is optimized with the Yoast SEO plugin v26.8 - https:\/\/yoast.com\/product\/yoast-seo-wordpress\/ -->\n<title>El coronavirus se adentra en una Europa dividida - Converses a Catalunya<\/title>\n<meta name=\"description\" content=\"\u201cDesde Rusia con amor\u201d, as\u00ed lucen los veh\u00edculos militares y aviones rusos que socorren a Italia contra la pandemia del coronavirus. Mientras tanto, la Uni\u00f3n\" \/>\n<meta name=\"robots\" content=\"index, follow, max-snippet:-1, max-image-preview:large, max-video-preview:-1\" \/>\n<link rel=\"canonical\" href=\"https:\/\/conversesacatalunya.cat\/es\/el-coronavirus-sendinsa-en-una-europa-dividida\/\" \/>\n<meta property=\"og:locale\" content=\"es_ES\" \/>\n<meta property=\"og:type\" content=\"article\" \/>\n<meta property=\"og:title\" content=\"El coronavirus se adentra en una Europa dividida - Converses a Catalunya\" \/>\n<meta property=\"og:description\" content=\"\u201cDesde Rusia con amor\u201d, as\u00ed lucen los veh\u00edculos militares y aviones rusos que socorren a Italia contra la pandemia del coronavirus. Mientras tanto, la Uni\u00f3n\" \/>\n<meta property=\"og:url\" content=\"https:\/\/conversesacatalunya.cat\/es\/el-coronavirus-sendinsa-en-una-europa-dividida\/\" \/>\n<meta property=\"og:site_name\" content=\"Converses a Catalunya\" \/>\n<meta property=\"article:published_time\" content=\"2020-03-27T09:00:09+00:00\" \/>\n<meta property=\"article:modified_time\" content=\"2020-03-27T11:49:59+00:00\" \/>\n<meta property=\"og:image\" content=\"https:\/\/conversesacatalunya.cat\/wp-content\/uploads\/2020\/03\/Capture-4.jpg\" \/>\n\t<meta property=\"og:image:width\" content=\"1196\" \/>\n\t<meta property=\"og:image:height\" content=\"765\" \/>\n\t<meta property=\"og:image:type\" content=\"image\/jpeg\" \/>\n<meta name=\"author\" content=\"conversesacatalunya\" \/>\n<meta name=\"twitter:card\" content=\"summary_large_image\" \/>\n<meta name=\"twitter:label1\" content=\"Escrito por\" \/>\n\t<meta name=\"twitter:data1\" content=\"conversesacatalunya\" \/>\n\t<meta name=\"twitter:label2\" content=\"Tiempo de lectura\" \/>\n\t<meta name=\"twitter:data2\" content=\"3 minutos\" \/>\n<script type=\"application\/ld+json\" class=\"yoast-schema-graph\">{\"@context\":\"https:\/\/schema.org\",\"@graph\":[{\"@type\":\"Article\",\"@id\":\"https:\/\/conversesacatalunya.cat\/es\/el-coronavirus-sendinsa-en-una-europa-dividida\/#article\",\"isPartOf\":{\"@id\":\"https:\/\/conversesacatalunya.cat\/es\/el-coronavirus-sendinsa-en-una-europa-dividida\/\"},\"author\":{\"name\":\"conversesacatalunya\",\"@id\":\"https:\/\/conversesacatalunya.cat\/#\/schema\/person\/a7a9496a363cd9847daf7cd659d92e64\"},\"headline\":\"El coronavirus se adentra en una Europa dividida\",\"datePublished\":\"2020-03-27T09:00:09+00:00\",\"dateModified\":\"2020-03-27T11:49:59+00:00\",\"mainEntityOfPage\":{\"@id\":\"https:\/\/conversesacatalunya.cat\/es\/el-coronavirus-sendinsa-en-una-europa-dividida\/\"},\"wordCount\":660,\"commentCount\":0,\"image\":{\"@id\":\"https:\/\/conversesacatalunya.cat\/es\/el-coronavirus-sendinsa-en-una-europa-dividida\/#primaryimage\"},\"thumbnailUrl\":\"https:\/\/conversesacatalunya.cat\/wp-content\/uploads\/2020\/03\/Capture-4.jpg\",\"keywords\":[\"coronavirus\",\"COVID\",\"Covid-19\",\"It\u00e0lia\",\"R\u00fassia\",\"Uni\u00f3 Europea\",\"Xina\"],\"articleSection\":[\"Especial Coronavirus (ES)\",\"Punts clau del dia (ES)\"],\"inLanguage\":\"es\",\"potentialAction\":[{\"@type\":\"CommentAction\",\"name\":\"Comment\",\"target\":[\"https:\/\/conversesacatalunya.cat\/es\/el-coronavirus-sendinsa-en-una-europa-dividida\/#respond\"]}]},{\"@type\":\"WebPage\",\"@id\":\"https:\/\/conversesacatalunya.cat\/es\/el-coronavirus-sendinsa-en-una-europa-dividida\/\",\"url\":\"https:\/\/conversesacatalunya.cat\/es\/el-coronavirus-sendinsa-en-una-europa-dividida\/\",\"name\":\"El coronavirus se adentra en una Europa dividida - Converses a Catalunya\",\"isPartOf\":{\"@id\":\"https:\/\/conversesacatalunya.cat\/#website\"},\"primaryImageOfPage\":{\"@id\":\"https:\/\/conversesacatalunya.cat\/es\/el-coronavirus-sendinsa-en-una-europa-dividida\/#primaryimage\"},\"image\":{\"@id\":\"https:\/\/conversesacatalunya.cat\/es\/el-coronavirus-sendinsa-en-una-europa-dividida\/#primaryimage\"},\"thumbnailUrl\":\"https:\/\/conversesacatalunya.cat\/wp-content\/uploads\/2020\/03\/Capture-4.jpg\",\"datePublished\":\"2020-03-27T09:00:09+00:00\",\"dateModified\":\"2020-03-27T11:49:59+00:00\",\"author\":{\"@id\":\"https:\/\/conversesacatalunya.cat\/#\/schema\/person\/a7a9496a363cd9847daf7cd659d92e64\"},\"description\":\"\u201cDesde Rusia con amor\u201d, as\u00ed lucen los veh\u00edculos militares y aviones rusos que socorren a Italia contra la pandemia del coronavirus. Mientras tanto, la Uni\u00f3n\",\"breadcrumb\":{\"@id\":\"https:\/\/conversesacatalunya.cat\/es\/el-coronavirus-sendinsa-en-una-europa-dividida\/#breadcrumb\"},\"inLanguage\":\"es\",\"potentialAction\":[{\"@type\":\"ReadAction\",\"target\":[\"https:\/\/conversesacatalunya.cat\/es\/el-coronavirus-sendinsa-en-una-europa-dividida\/\"]}]},{\"@type\":\"ImageObject\",\"inLanguage\":\"es\",\"@id\":\"https:\/\/conversesacatalunya.cat\/es\/el-coronavirus-sendinsa-en-una-europa-dividida\/#primaryimage\",\"url\":\"https:\/\/conversesacatalunya.cat\/wp-content\/uploads\/2020\/03\/Capture-4.jpg\",\"contentUrl\":\"https:\/\/conversesacatalunya.cat\/wp-content\/uploads\/2020\/03\/Capture-4.jpg\",\"width\":1196,\"height\":765,\"caption\":\"Europa\"},{\"@type\":\"BreadcrumbList\",\"@id\":\"https:\/\/conversesacatalunya.cat\/es\/el-coronavirus-sendinsa-en-una-europa-dividida\/#breadcrumb\",\"itemListElement\":[{\"@type\":\"ListItem\",\"position\":1,\"name\":\"Inici\",\"item\":\"https:\/\/conversesacatalunya.cat\/es\/\"},{\"@type\":\"ListItem\",\"position\":2,\"name\":\"El coronavirus se adentra en una Europa dividida\"}]},{\"@type\":\"WebSite\",\"@id\":\"https:\/\/conversesacatalunya.cat\/#website\",\"url\":\"https:\/\/conversesacatalunya.cat\/\",\"name\":\"Converses a Catalunya\",\"description\":\"\",\"potentialAction\":[{\"@type\":\"SearchAction\",\"target\":{\"@type\":\"EntryPoint\",\"urlTemplate\":\"https:\/\/conversesacatalunya.cat\/?s={search_term_string}\"},\"query-input\":{\"@type\":\"PropertyValueSpecification\",\"valueRequired\":true,\"valueName\":\"search_term_string\"}}],\"inLanguage\":\"es\"},{\"@type\":\"Person\",\"@id\":\"https:\/\/conversesacatalunya.cat\/#\/schema\/person\/a7a9496a363cd9847daf7cd659d92e64\",\"name\":\"conversesacatalunya\",\"image\":{\"@type\":\"ImageObject\",\"inLanguage\":\"es\",\"@id\":\"https:\/\/conversesacatalunya.cat\/#\/schema\/person\/image\/\",\"url\":\"https:\/\/conversesacatalunya.cat\/wp-content\/litespeed\/avatar\/ff91582b44ff9c880dc9c5ac2f5c7e89.jpg?ver=1777372947\",\"contentUrl\":\"https:\/\/conversesacatalunya.cat\/wp-content\/litespeed\/avatar\/ff91582b44ff9c880dc9c5ac2f5c7e89.jpg?ver=1777372947\",\"caption\":\"conversesacatalunya\"},\"url\":\"https:\/\/conversesacatalunya.cat\/es\/author\/francisco_garcia\/\"}]}<\/script>\n<!-- \/ Yoast SEO plugin. -->","yoast_head_json":{"title":"El coronavirus se adentra en una Europa dividida - Converses a Catalunya","description":"\u201cDesde Rusia con amor\u201d, as\u00ed lucen los veh\u00edculos militares y aviones rusos que socorren a Italia contra la pandemia del coronavirus. Mientras tanto, la Uni\u00f3n","robots":{"index":"index","follow":"follow","max-snippet":"max-snippet:-1","max-image-preview":"max-image-preview:large","max-video-preview":"max-video-preview:-1"},"canonical":"https:\/\/conversesacatalunya.cat\/es\/el-coronavirus-sendinsa-en-una-europa-dividida\/","og_locale":"es_ES","og_type":"article","og_title":"El coronavirus se adentra en una Europa dividida - Converses a Catalunya","og_description":"\u201cDesde Rusia con amor\u201d, as\u00ed lucen los veh\u00edculos militares y aviones rusos que socorren a Italia contra la pandemia del coronavirus. Mientras tanto, la Uni\u00f3n","og_url":"https:\/\/conversesacatalunya.cat\/es\/el-coronavirus-sendinsa-en-una-europa-dividida\/","og_site_name":"Converses a Catalunya","article_published_time":"2020-03-27T09:00:09+00:00","article_modified_time":"2020-03-27T11:49:59+00:00","og_image":[{"width":1196,"height":765,"url":"https:\/\/conversesacatalunya.cat\/wp-content\/uploads\/2020\/03\/Capture-4.jpg","type":"image\/jpeg"}],"author":"conversesacatalunya","twitter_card":"summary_large_image","twitter_misc":{"Escrito por":"conversesacatalunya","Tiempo de lectura":"3 minutos"},"schema":{"@context":"https:\/\/schema.org","@graph":[{"@type":"Article","@id":"https:\/\/conversesacatalunya.cat\/es\/el-coronavirus-sendinsa-en-una-europa-dividida\/#article","isPartOf":{"@id":"https:\/\/conversesacatalunya.cat\/es\/el-coronavirus-sendinsa-en-una-europa-dividida\/"},"author":{"name":"conversesacatalunya","@id":"https:\/\/conversesacatalunya.cat\/#\/schema\/person\/a7a9496a363cd9847daf7cd659d92e64"},"headline":"El coronavirus se adentra en una Europa dividida","datePublished":"2020-03-27T09:00:09+00:00","dateModified":"2020-03-27T11:49:59+00:00","mainEntityOfPage":{"@id":"https:\/\/conversesacatalunya.cat\/es\/el-coronavirus-sendinsa-en-una-europa-dividida\/"},"wordCount":660,"commentCount":0,"image":{"@id":"https:\/\/conversesacatalunya.cat\/es\/el-coronavirus-sendinsa-en-una-europa-dividida\/#primaryimage"},"thumbnailUrl":"https:\/\/conversesacatalunya.cat\/wp-content\/uploads\/2020\/03\/Capture-4.jpg","keywords":["coronavirus","COVID","Covid-19","It\u00e0lia","R\u00fassia","Uni\u00f3 Europea","Xina"],"articleSection":["Especial Coronavirus (ES)","Punts clau del dia (ES)"],"inLanguage":"es","potentialAction":[{"@type":"CommentAction","name":"Comment","target":["https:\/\/conversesacatalunya.cat\/es\/el-coronavirus-sendinsa-en-una-europa-dividida\/#respond"]}]},{"@type":"WebPage","@id":"https:\/\/conversesacatalunya.cat\/es\/el-coronavirus-sendinsa-en-una-europa-dividida\/","url":"https:\/\/conversesacatalunya.cat\/es\/el-coronavirus-sendinsa-en-una-europa-dividida\/","name":"El coronavirus se adentra en una Europa dividida - Converses a Catalunya","isPartOf":{"@id":"https:\/\/conversesacatalunya.cat\/#website"},"primaryImageOfPage":{"@id":"https:\/\/conversesacatalunya.cat\/es\/el-coronavirus-sendinsa-en-una-europa-dividida\/#primaryimage"},"image":{"@id":"https:\/\/conversesacatalunya.cat\/es\/el-coronavirus-sendinsa-en-una-europa-dividida\/#primaryimage"},"thumbnailUrl":"https:\/\/conversesacatalunya.cat\/wp-content\/uploads\/2020\/03\/Capture-4.jpg","datePublished":"2020-03-27T09:00:09+00:00","dateModified":"2020-03-27T11:49:59+00:00","author":{"@id":"https:\/\/conversesacatalunya.cat\/#\/schema\/person\/a7a9496a363cd9847daf7cd659d92e64"},"description":"\u201cDesde Rusia con amor\u201d, as\u00ed lucen los veh\u00edculos militares y aviones rusos que socorren a Italia contra la pandemia del coronavirus. Mientras tanto, la Uni\u00f3n","breadcrumb":{"@id":"https:\/\/conversesacatalunya.cat\/es\/el-coronavirus-sendinsa-en-una-europa-dividida\/#breadcrumb"},"inLanguage":"es","potentialAction":[{"@type":"ReadAction","target":["https:\/\/conversesacatalunya.cat\/es\/el-coronavirus-sendinsa-en-una-europa-dividida\/"]}]},{"@type":"ImageObject","inLanguage":"es","@id":"https:\/\/conversesacatalunya.cat\/es\/el-coronavirus-sendinsa-en-una-europa-dividida\/#primaryimage","url":"https:\/\/conversesacatalunya.cat\/wp-content\/uploads\/2020\/03\/Capture-4.jpg","contentUrl":"https:\/\/conversesacatalunya.cat\/wp-content\/uploads\/2020\/03\/Capture-4.jpg","width":1196,"height":765,"caption":"Europa"},{"@type":"BreadcrumbList","@id":"https:\/\/conversesacatalunya.cat\/es\/el-coronavirus-sendinsa-en-una-europa-dividida\/#breadcrumb","itemListElement":[{"@type":"ListItem","position":1,"name":"Inici","item":"https:\/\/conversesacatalunya.cat\/es\/"},{"@type":"ListItem","position":2,"name":"El coronavirus se adentra en una Europa dividida"}]},{"@type":"WebSite","@id":"https:\/\/conversesacatalunya.cat\/#website","url":"https:\/\/conversesacatalunya.cat\/","name":"Converses a Catalunya","description":"","potentialAction":[{"@type":"SearchAction","target":{"@type":"EntryPoint","urlTemplate":"https:\/\/conversesacatalunya.cat\/?s={search_term_string}"},"query-input":{"@type":"PropertyValueSpecification","valueRequired":true,"valueName":"search_term_string"}}],"inLanguage":"es"},{"@type":"Person","@id":"https:\/\/conversesacatalunya.cat\/#\/schema\/person\/a7a9496a363cd9847daf7cd659d92e64","name":"conversesacatalunya","image":{"@type":"ImageObject","inLanguage":"es","@id":"https:\/\/conversesacatalunya.cat\/#\/schema\/person\/image\/","url":"https:\/\/conversesacatalunya.cat\/wp-content\/litespeed\/avatar\/ff91582b44ff9c880dc9c5ac2f5c7e89.jpg?ver=1777372947","contentUrl":"https:\/\/conversesacatalunya.cat\/wp-content\/litespeed\/avatar\/ff91582b44ff9c880dc9c5ac2f5c7e89.jpg?ver=1777372947","caption":"conversesacatalunya"},"url":"https:\/\/conversesacatalunya.cat\/es\/author\/francisco_garcia\/"}]}},"wps_subtitle":"\u201cDesde Rusia con amor\u201d, as\u00ed lucen los veh\u00edculos militares y aviones rusos que socorren a Italia contra la pandemia del coronavirus. Mientras tanto, la Uni\u00f3n Europea se encuentra en una espiral de divisi\u00f3n y poca solidaridad","_links":{"self":[{"href":"https:\/\/conversesacatalunya.cat\/es\/wp-json\/wp\/v2\/posts\/34202","targetHints":{"allow":["GET"]}}],"collection":[{"href":"https:\/\/conversesacatalunya.cat\/es\/wp-json\/wp\/v2\/posts"}],"about":[{"href":"https:\/\/conversesacatalunya.cat\/es\/wp-json\/wp\/v2\/types\/post"}],"author":[{"embeddable":true,"href":"https:\/\/conversesacatalunya.cat\/es\/wp-json\/wp\/v2\/users\/20"}],"replies":[{"embeddable":true,"href":"https:\/\/conversesacatalunya.cat\/es\/wp-json\/wp\/v2\/comments?post=34202"}],"version-history":[{"count":2,"href":"https:\/\/conversesacatalunya.cat\/es\/wp-json\/wp\/v2\/posts\/34202\/revisions"}],"predecessor-version":[{"id":34204,"href":"https:\/\/conversesacatalunya.cat\/es\/wp-json\/wp\/v2\/posts\/34202\/revisions\/34204"}],"wp:featuredmedia":[{"embeddable":true,"href":"https:\/\/conversesacatalunya.cat\/es\/wp-json\/wp\/v2\/media\/34187"}],"wp:attachment":[{"href":"https:\/\/conversesacatalunya.cat\/es\/wp-json\/wp\/v2\/media?parent=34202"}],"wp:term":[{"taxonomy":"category","embeddable":true,"href":"https:\/\/conversesacatalunya.cat\/es\/wp-json\/wp\/v2\/categories?post=34202"},{"taxonomy":"post_tag","embeddable":true,"href":"https:\/\/conversesacatalunya.cat\/es\/wp-json\/wp\/v2\/tags?post=34202"}],"curies":[{"name":"wp","href":"https:\/\/api.w.org\/{rel}","templated":true}]}}