{"id":34195,"date":"2020-03-30T09:37:26","date_gmt":"2020-03-30T07:37:26","guid":{"rendered":"https:\/\/conversesacatalunya.cat\/?p=34195"},"modified":"2020-03-30T12:39:56","modified_gmt":"2020-03-30T10:39:56","slug":"situacion-de-la-mortalidad-en-cataluna-por-regiones-sanitarias-unas-diferencias-llamativas","status":"publish","type":"post","link":"https:\/\/conversesacatalunya.cat\/es\/situacion-de-la-mortalidad-en-cataluna-por-regiones-sanitarias-unas-diferencias-llamativas\/","title":{"rendered":"Situaci\u00f3n de la mortalidad en Catalu\u00f1a por regiones sanitarias: unas diferencias llamativas"},"content":{"rendered":"<p>En la tabla adjunta se pueden observar los datos facilitados por la Conselleria de Salut de la Generalitat por regiones sanitarias. Es la primera vez que se ofrece este tipo de informaci\u00f3n desde el inicio de la crisis.<\/p>\n<h4><strong>Balance de muertos y graves<\/strong><\/h4>\n<p><em>A partir de los datos disponibles hasta el 25 de marzo<\/em><\/p>\n<table style=\"width: 618px;\" width=\"593\">\n<tbody>\n<tr style=\"height: 48px;\">\n<td style=\"width: 154px; border-style: solid; border-color: #1604b8; height: 48px;\" width=\"171\"><strong>\u00a0<\/strong><\/td>\n<td style=\"width: 114px; border-style: solid; border-color: #1604b8; height: 48px;\" width=\"117\"><strong>Habitantes<\/strong><\/td>\n<td style=\"width: 67px; border-style: solid; border-color: #1604b8; height: 48px;\" width=\"65\"><strong>Graves<\/strong><\/td>\n<td style=\"width: 117px; border-style: solid; border-color: #1604b8; height: 48px;\" width=\"75\"><strong>Graves x 100 mil hab.<\/strong><\/td>\n<td style=\"width: 39px; border-style: solid; border-color: #1604b8; height: 48px;\" width=\"79\"><strong>Muertos<\/strong><\/td>\n<td style=\"width: 127px; border-style: solid; border-color: #1604b8; height: 48px;\" width=\"86\"><strong>Muertos x 100 mil hab.<\/strong><\/td>\n<\/tr>\n<tr style=\"height: 24px;\">\n<td style=\"width: 154px; border-style: solid; border-color: #1604b8; height: 24px;\" width=\"171\">Catalu\u00f1a Central<\/td>\n<td style=\"width: 114px; text-align: center; border-style: solid; border-color: #1604b8; height: 24px;\" width=\"117\">522.887<\/td>\n<td style=\"width: 67px; text-align: center; border-style: solid; border-color: #1604b8; height: 24px;\" width=\"65\">56<\/td>\n<td style=\"width: 117px; text-align: center; border-style: solid; border-color: #1604b8; height: 24px;\" width=\"75\">10,7<\/td>\n<td style=\"width: 39px; text-align: center; border-style: solid; border-color: #1604b8; height: 24px;\" width=\"79\">71<\/td>\n<td style=\"width: 127px; text-align: center; border-style: solid; border-color: #1604b8; height: 24px;\" width=\"86\">13,6<\/td>\n<\/tr>\n<tr style=\"height: 24px;\">\n<td style=\"width: 154px; border-style: solid; border-color: #1604b8; height: 24px;\" width=\"171\">Girona<\/td>\n<td style=\"width: 114px; text-align: center; border-style: solid; border-color: #1604b8; height: 24px;\" width=\"117\">740.677<\/td>\n<td style=\"width: 67px; text-align: center; border-style: solid; border-color: #1604b8; height: 24px;\" width=\"65\">58<\/td>\n<td style=\"width: 117px; text-align: center; border-style: solid; border-color: #1604b8; height: 24px;\" width=\"75\">7,8<\/td>\n<td style=\"width: 39px; text-align: center; border-style: solid; border-color: #1604b8; height: 24px;\" width=\"79\">37<\/td>\n<td style=\"width: 127px; text-align: center; border-style: solid; border-color: #1604b8; height: 24px;\" width=\"86\">5,0<\/td>\n<\/tr>\n<tr style=\"height: 24px;\">\n<td style=\"width: 154px; border-style: solid; border-color: #1604b8; height: 24px;\" width=\"171\">LLeida<\/td>\n<td style=\"width: 114px; text-align: center; border-style: solid; border-color: #1604b8; height: 24px;\" width=\"117\">431.166<\/td>\n<td style=\"width: 67px; text-align: center; border-style: solid; border-color: #1604b8; height: 24px;\" width=\"65\">33<\/td>\n<td style=\"width: 117px; text-align: center; border-style: solid; border-color: #1604b8; height: 24px;\" width=\"75\">7,7<\/td>\n<td style=\"width: 39px; text-align: center; border-style: solid; border-color: #1604b8; height: 24px;\" width=\"79\">20<\/td>\n<td style=\"width: 127px; text-align: center; border-style: solid; border-color: #1604b8; height: 24px;\" width=\"86\">4,6<\/td>\n<\/tr>\n<tr style=\"height: 24px;\">\n<td style=\"width: 154px; border-style: solid; border-color: #1604b8; height: 24px;\" width=\"171\">Barcelona<\/td>\n<td style=\"width: 114px; text-align: center; border-style: solid; border-color: #1604b8; height: 24px;\" width=\"117\">5.118.678<\/td>\n<td style=\"width: 67px; text-align: center; border-style: solid; border-color: #1604b8; height: 24px;\" width=\"65\">828<\/td>\n<td style=\"width: 117px; text-align: center; border-style: solid; border-color: #1604b8; height: 24px;\" width=\"75\">16,2<\/td>\n<td style=\"width: 39px; text-align: center; border-style: solid; border-color: #1604b8; height: 24px;\" width=\"79\">535<\/td>\n<td style=\"width: 127px; text-align: center; border-style: solid; border-color: #1604b8; height: 24px;\" width=\"86\">10,5<\/td>\n<\/tr>\n<tr style=\"height: 24px;\">\n<td style=\"width: 154px; border-style: solid; border-color: #1604b8; height: 24px;\" width=\"171\">Tarragona<\/td>\n<td style=\"width: 114px; text-align: center; border-style: solid; border-color: #1604b8; height: 24px;\" width=\"117\">627.628<\/td>\n<td style=\"width: 67px; text-align: center; border-style: solid; border-color: #1604b8; height: 24px;\" width=\"65\">38<\/td>\n<td style=\"width: 117px; text-align: center; border-style: solid; border-color: #1604b8; height: 24px;\" width=\"75\">6,1<\/td>\n<td style=\"width: 39px; text-align: center; border-style: solid; border-color: #1604b8; height: 24px;\" width=\"79\">8<\/td>\n<td style=\"width: 127px; text-align: center; border-style: solid; border-color: #1604b8; height: 24px;\" width=\"86\">1,3<\/td>\n<\/tr>\n<tr style=\"height: 24px;\">\n<td style=\"width: 154px; border-style: solid; border-color: #1604b8; height: 24px;\" width=\"171\">Terres de l\u2019Ebre<\/td>\n<td style=\"width: 114px; text-align: center; border-style: solid; border-color: #1604b8; height: 24px;\" width=\"117\">178.458<\/td>\n<td style=\"width: 67px; text-align: center; border-style: solid; border-color: #1604b8; height: 24px;\" width=\"65\">8<\/td>\n<td style=\"width: 117px; text-align: center; border-style: solid; border-color: #1604b8; height: 24px;\" width=\"75\">4,5<\/td>\n<td style=\"width: 39px; text-align: center; border-style: solid; border-color: #1604b8; height: 24px;\" width=\"79\">1<\/td>\n<td style=\"width: 127px; text-align: center; border-style: solid; border-color: #1604b8; height: 24px;\" width=\"86\">0,6<\/td>\n<\/tr>\n<tr style=\"height: 24px;\">\n<td style=\"width: 154px; border-style: solid; border-color: #1604b8; height: 24px;\" width=\"171\">Conca d\u2019\u00d2dena<\/td>\n<td style=\"width: 114px; text-align: center; border-style: solid; border-color: #1604b8; height: 24px;\" width=\"117\">66.048<\/td>\n<td style=\"width: 67px; text-align: center; border-style: solid; border-color: #1604b8; height: 24px;\" width=\"65\"><\/td>\n<td style=\"width: 117px; text-align: center; border-style: solid; border-color: #1604b8; height: 24px;\" width=\"75\"><\/td>\n<td style=\"width: 39px; text-align: center; border-style: solid; border-color: #1604b8; height: 24px;\" width=\"79\">43<\/td>\n<td style=\"width: 127px; text-align: center; border-style: solid; border-color: #1604b8; height: 24px;\" width=\"86\">65,1<\/td>\n<\/tr>\n<tr style=\"height: 24px;\">\n<td style=\"width: 154px; border-style: solid; border-color: #1604b8; height: 24px;\" width=\"171\">Catalu\u00f1a<\/td>\n<td style=\"width: 114px; text-align: center; border-style: solid; border-color: #1604b8; height: 24px;\" width=\"117\">7.619.494<\/td>\n<td style=\"width: 67px; text-align: center; border-style: solid; border-color: #1604b8; height: 24px;\" width=\"65\">1.021<\/td>\n<td style=\"width: 117px; text-align: center; border-style: solid; border-color: #1604b8; height: 24px;\" width=\"75\">13,4<\/td>\n<td style=\"width: 39px; text-align: center; border-style: solid; border-color: #1604b8; height: 24px;\" width=\"79\">672<\/td>\n<td style=\"width: 127px; text-align: center; border-style: solid; border-color: #1604b8; height: 24px;\" width=\"86\">8,8<\/td>\n<\/tr>\n<\/tbody>\n<\/table>\n<pre>Fuente: Conselleria de Salut<\/pre>\n<p>Los enfermos graves en Catalu\u00f1a representan <strong>el 13,4 por 100.000<\/strong> habitantes y la <strong>mortalidad es de 8,8<\/strong>. Son cifras sin duda elevadas, pero lejos todav\u00eda de las que alcanza Madrid. Hay que considerar que estos datos est\u00e1n relacionados con los hospitales y su distribuci\u00f3n por el territorio, y esto explica las cifras elevadas de la regi\u00f3n de Barcelona. A\u00fan as\u00ed, la mortalidad del 13,6 de la Catalu\u00f1a Central, excluida \u00d2dena, es singularmente elevada y contrastada con la de Tarragona de solo 1,3, a pesar de que cuenta con grandes hospitales en la capital y en Reus.<\/p>\n<p>Todav\u00eda es menor la letalidad que manifiestan las Terres de l\u2019Ebre, pero este es un efecto puramente estad\u00edstico, porque no dispone de una gran capacidad hospitalaria, y menos en relaci\u00f3n a casos cr\u00edticos. En realidad los datos que aporta la Conselleria de Salut son m\u00e1s <strong>bien un indicador de d\u00f3nde se muere<\/strong> m\u00e1s que de d\u00f3nde son originarios los fallecidos. Esto es una <strong>deficiencia <\/strong>m\u00e1s del <a href=\"https:\/\/conversesacatalunya.cat\/es\/transparencia-en-los-datos-coronavirus\/\" target=\"_blank\" rel=\"noopener noreferrer\">d\u00e9bil sistema estad\u00edstico<\/a> que se est\u00e1 aplicando en Catalu\u00f1a, y que no permite conocer, al menos en t\u00e9rminos p\u00fablicos y con datos en series depuradas, <strong>d\u00f3nde y c\u00f3mo se distribuye la afectaci\u00f3n y la letalidad<\/strong>.<\/p>\n<span class='bctt-click-to-tweet'><span class='bctt-ctt-text'><a href='https:\/\/twitter.com\/intent\/tweet?url=https%3A%2F%2Fconversesacatalunya.cat%2Fes%2Fsituacion-de-la-mortalidad-en-cataluna-por-regiones-sanitarias-unas-diferencias-llamativas%2F&#038;text=Los%20enfermos%20graves%20en%20Catalu%C3%B1a%20representan%20el%2013%2C4%20por%20100.000%20habitantes%20y%20la%20mortalidad%20es%20de%208%2C8&#038;via=conversesacat&#038;related=conversesacat' target='_blank'rel=\"noopener noreferrer\">Los enfermos graves en Catalu\u00f1a representan el 13,4 por 100.000 habitantes y la mortalidad es de 8,8 <\/a><\/span><a href='https:\/\/twitter.com\/intent\/tweet?url=https%3A%2F%2Fconversesacatalunya.cat%2Fes%2Fsituacion-de-la-mortalidad-en-cataluna-por-regiones-sanitarias-unas-diferencias-llamativas%2F&#038;text=Los%20enfermos%20graves%20en%20Catalu%C3%B1a%20representan%20el%2013%2C4%20por%20100.000%20habitantes%20y%20la%20mortalidad%20es%20de%208%2C8&#038;via=conversesacat&#038;related=conversesacat' target='_blank' class='bctt-ctt-btn'rel=\"noopener noreferrer\">Compartir en X<\/a><\/span>\n<p>Los datos tampoco indican el grado de saturaci\u00f3n de las UCI, una referencia que s\u00ed existe a escala espa\u00f1ola, y que permitir\u00eda conocer hasta qu\u00e9 punto el sistema est\u00e1 sobrepasado en su dimensi\u00f3n crucial, que es el de la atenci\u00f3n a los cr\u00edticos. Pero dado las caracter\u00edsticas de la enfermedad, todav\u00eda hay un factor decisivo m\u00e1s importante: <strong>el n\u00famero de respiradores<\/strong> y el de la demanda de estos. Este es un dato que se desconoce no solo en el \u00e1mbito de Catalu\u00f1a, sino tambi\u00e9n en el espa\u00f1ol. Debemos suponer que las respectivas administraciones s\u00ed tienen conocimiento de ello, porque si no dif\u00edcilmente pueden actuar en consonancia, en el punto justo y m\u00e1s cr\u00edtico, en este duelo con la muerte.<\/p>\n<p style=\"text-align: center;\">\u00daNETE A LA CAMPA\u00d1A DE <strong><a href=\"https:\/\/conversesacatalunya.cat\/es\/campana-de-solidaridad-con-igualada-el-principal-foco-de-coronavirus-en-cataluna\/\" target=\"_blank\" rel=\"noopener noreferrer\">SOLIDARIDAD CON IGUALADA<\/a><\/strong><\/p>\n<p style=\"text-align: center;\"><strong><span style=\"color: #ff0000;\">M\u00e1s informaci\u00f3n sobre el coronavirus en <a style=\"color: #ff0000;\" href=\"https:\/\/conversesacatalunya.cat\/es\/coronavirus\/\" target=\"_blank\" rel=\"noopener noreferrer\">ESPECIAL CORONAVIRUS<\/a><\/span><\/strong><\/p>\n","protected":false},"excerpt":{"rendered":"<p>En la tabla adjunta se pueden observar los datos facilitados por la Conselleria de Salut de la Generalitat por regiones sanitarias. Es la primera vez que se ofrece este tipo de informaci\u00f3n desde el inicio de la crisis. Balance de muertos y graves A partir de los datos disponibles hasta el 25 de marzo \u00a0 Habitantes Graves Graves x 100 mil hab. Muertos Muertos x 100 mil hab. Catalu\u00f1a Central 522.887 56 10,7 71 13,6 Girona 740.677 58 7,8 37 5,0 LLeida 431.166 33 7,7 20 4,6 Barcelona 5.118.678 828 16,2 535 10,5 Tarragona 627.628 38 6,1 8 1,3 Terres de l\u2019Ebre 178.458 8 4,5 1 0,6 Conca d\u2019\u00d2dena 66.048 43 65,1 Catalu\u00f1a 7.619.494 1.021 13,4 672 8,8 Fuente: Conselleria de Salut Los enfermos graves en Catalu\u00f1a representan el 13,4 por 100.000 habitantes y la mortalidad es de 8,8. Son cifras sin duda elevadas, pero lejos todav\u00eda de las que alcanza Madrid. Hay que considerar que estos datos est\u00e1n relacionados con los hospitales y su distribuci\u00f3n por el territorio, y esto explica las cifras elevadas de la regi\u00f3n de Barcelona. A\u00fan as\u00ed, la mortalidad del 13,6 de la Catalu\u00f1a Central, excluida \u00d2dena, es singularmente elevada y contrastada con la de Tarragona de solo 1,3, a pesar de que cuenta con grandes hospitales en la capital y en Reus. Todav\u00eda es menor la letalidad que manifiestan las Terres de l\u2019Ebre, pero este es un efecto puramente estad\u00edstico, porque no dispone de una gran capacidad hospitalaria, y menos en relaci\u00f3n a casos cr\u00edticos. En realidad los datos que aporta la Conselleria de Salut son m\u00e1s bien un indicador de d\u00f3nde se muere m\u00e1s que de d\u00f3nde son originarios los fallecidos. Esto es una deficiencia m\u00e1s del d\u00e9bil sistema estad\u00edstico que se est\u00e1 aplicando en Catalu\u00f1a, y que no permite conocer, al menos en t\u00e9rminos p\u00fablicos y con datos en series depuradas, d\u00f3nde y c\u00f3mo se distribuye la afectaci\u00f3n y la letalidad. Los datos tampoco indican el grado de saturaci\u00f3n de las UCI, una referencia que s\u00ed existe a escala espa\u00f1ola, y que permitir\u00eda conocer hasta qu\u00e9 punto el sistema est\u00e1 sobrepasado en su dimensi\u00f3n crucial, que es el de la atenci\u00f3n a los cr\u00edticos. Pero dado las caracter\u00edsticas de la enfermedad, todav\u00eda hay un factor decisivo m\u00e1s importante: el n\u00famero de respiradores y el de la demanda de estos. Este es un dato que se desconoce no solo en el \u00e1mbito de Catalu\u00f1a, sino tambi\u00e9n en el espa\u00f1ol. Debemos suponer que las respectivas administraciones s\u00ed tienen conocimiento de ello, porque si no dif\u00edcilmente pueden actuar en consonancia, en el punto justo y m\u00e1s cr\u00edtico, en este duelo con la muerte. \u00daNETE A LA CAMPA\u00d1A DE SOLIDARIDAD CON IGUALADA M\u00e1s informaci\u00f3n sobre el coronavirus en ESPECIAL CORONAVIRUS<\/p>\n","protected":false},"author":2,"featured_media":34198,"comment_status":"open","ping_status":"open","sticky":false,"template":"","format":"standard","meta":{"_FSMCFIC_featured_image_caption":"","_FSMCFIC_featured_image_nocaption":"","_FSMCFIC_featured_image_hide":"","footnotes":""},"categories":[1772,806],"tags":[1504],"class_list":["post-34195","post","type-post","status-publish","format-standard","has-post-thumbnail","hentry","category-especial-coronavirus-es","category-punts-claus-del-dia-es","tag-coronavirus-es"],"yoast_head":"<!-- This site is optimized with the Yoast SEO plugin v26.8 - https:\/\/yoast.com\/product\/yoast-seo-wordpress\/ -->\n<title>Situaci\u00f3n de la mortalidad en Catalu\u00f1a por regiones sanitarias: unas diferencias llamativas - Converses a Catalunya<\/title>\n<meta name=\"robots\" content=\"index, follow, max-snippet:-1, max-image-preview:large, max-video-preview:-1\" \/>\n<link rel=\"canonical\" href=\"https:\/\/conversesacatalunya.cat\/es\/situacion-de-la-mortalidad-en-cataluna-por-regiones-sanitarias-unas-diferencias-llamativas\/\" \/>\n<meta property=\"og:locale\" content=\"es_ES\" \/>\n<meta property=\"og:type\" content=\"article\" \/>\n<meta property=\"og:title\" content=\"Situaci\u00f3n de la mortalidad en Catalu\u00f1a por regiones sanitarias: unas diferencias llamativas - Converses a Catalunya\" \/>\n<meta property=\"og:description\" content=\"En la tabla adjunta se pueden observar los datos facilitados por la Conselleria de Salut de la Generalitat por regiones sanitarias. Es la primera vez que se ofrece este tipo de informaci\u00f3n desde el inicio de la crisis. Balance de muertos y graves A partir de los datos disponibles hasta el 25 de marzo \u00a0 Habitantes Graves Graves x 100 mil hab. Muertos Muertos x 100 mil hab. Catalu\u00f1a Central 522.887 56 10,7 71 13,6 Girona 740.677 58 7,8 37 5,0 LLeida 431.166 33 7,7 20 4,6 Barcelona 5.118.678 828 16,2 535 10,5 Tarragona 627.628 38 6,1 8 1,3 Terres de l\u2019Ebre 178.458 8 4,5 1 0,6 Conca d\u2019\u00d2dena 66.048 43 65,1 Catalu\u00f1a 7.619.494 1.021 13,4 672 8,8 Fuente: Conselleria de Salut Los enfermos graves en Catalu\u00f1a representan el 13,4 por 100.000 habitantes y la mortalidad es de 8,8. Son cifras sin duda elevadas, pero lejos todav\u00eda de las que alcanza Madrid. Hay que considerar que estos datos est\u00e1n relacionados con los hospitales y su distribuci\u00f3n por el territorio, y esto explica las cifras elevadas de la regi\u00f3n de Barcelona. A\u00fan as\u00ed, la mortalidad del 13,6 de la Catalu\u00f1a Central, excluida \u00d2dena, es singularmente elevada y contrastada con la de Tarragona de solo 1,3, a pesar de que cuenta con grandes hospitales en la capital y en Reus. Todav\u00eda es menor la letalidad que manifiestan las Terres de l\u2019Ebre, pero este es un efecto puramente estad\u00edstico, porque no dispone de una gran capacidad hospitalaria, y menos en relaci\u00f3n a casos cr\u00edticos. En realidad los datos que aporta la Conselleria de Salut son m\u00e1s bien un indicador de d\u00f3nde se muere m\u00e1s que de d\u00f3nde son originarios los fallecidos. Esto es una deficiencia m\u00e1s del d\u00e9bil sistema estad\u00edstico que se est\u00e1 aplicando en Catalu\u00f1a, y que no permite conocer, al menos en t\u00e9rminos p\u00fablicos y con datos en series depuradas, d\u00f3nde y c\u00f3mo se distribuye la afectaci\u00f3n y la letalidad. Los datos tampoco indican el grado de saturaci\u00f3n de las UCI, una referencia que s\u00ed existe a escala espa\u00f1ola, y que permitir\u00eda conocer hasta qu\u00e9 punto el sistema est\u00e1 sobrepasado en su dimensi\u00f3n crucial, que es el de la atenci\u00f3n a los cr\u00edticos. Pero dado las caracter\u00edsticas de la enfermedad, todav\u00eda hay un factor decisivo m\u00e1s importante: el n\u00famero de respiradores y el de la demanda de estos. Este es un dato que se desconoce no solo en el \u00e1mbito de Catalu\u00f1a, sino tambi\u00e9n en el espa\u00f1ol. Debemos suponer que las respectivas administraciones s\u00ed tienen conocimiento de ello, porque si no dif\u00edcilmente pueden actuar en consonancia, en el punto justo y m\u00e1s cr\u00edtico, en este duelo con la muerte. \u00daNETE A LA CAMPA\u00d1A DE SOLIDARIDAD CON IGUALADA M\u00e1s informaci\u00f3n sobre el coronavirus en ESPECIAL CORONAVIRUS\" \/>\n<meta property=\"og:url\" content=\"https:\/\/conversesacatalunya.cat\/es\/situacion-de-la-mortalidad-en-cataluna-por-regiones-sanitarias-unas-diferencias-llamativas\/\" \/>\n<meta property=\"og:site_name\" content=\"Converses a Catalunya\" \/>\n<meta property=\"article:published_time\" content=\"2020-03-30T07:37:26+00:00\" \/>\n<meta property=\"article:modified_time\" content=\"2020-03-30T10:39:56+00:00\" \/>\n<meta property=\"og:image\" content=\"https:\/\/conversesacatalunya.cat\/wp-content\/uploads\/2020\/03\/coronavirus-20.jpg\" \/>\n\t<meta property=\"og:image:width\" content=\"992\" \/>\n\t<meta property=\"og:image:height\" content=\"558\" \/>\n\t<meta property=\"og:image:type\" content=\"image\/jpeg\" \/>\n<meta name=\"author\" content=\"conversesacatalunya\" \/>\n<meta name=\"twitter:card\" content=\"summary_large_image\" \/>\n<meta name=\"twitter:label1\" content=\"Escrito por\" \/>\n\t<meta name=\"twitter:data1\" content=\"conversesacatalunya\" \/>\n\t<meta name=\"twitter:label2\" content=\"Tiempo de lectura\" \/>\n\t<meta name=\"twitter:data2\" content=\"2 minutos\" \/>\n<script type=\"application\/ld+json\" class=\"yoast-schema-graph\">{\"@context\":\"https:\/\/schema.org\",\"@graph\":[{\"@type\":\"Article\",\"@id\":\"https:\/\/conversesacatalunya.cat\/es\/situacion-de-la-mortalidad-en-cataluna-por-regiones-sanitarias-unas-diferencias-llamativas\/#article\",\"isPartOf\":{\"@id\":\"https:\/\/conversesacatalunya.cat\/es\/situacion-de-la-mortalidad-en-cataluna-por-regiones-sanitarias-unas-diferencias-llamativas\/\"},\"author\":{\"name\":\"conversesacatalunya\",\"@id\":\"https:\/\/conversesacatalunya.cat\/#\/schema\/person\/7e24d1e54a2785373ddcb275eae5ed99\"},\"headline\":\"Situaci\u00f3n de la mortalidad en Catalu\u00f1a por regiones sanitarias: unas diferencias llamativas\",\"datePublished\":\"2020-03-30T07:37:26+00:00\",\"dateModified\":\"2020-03-30T10:39:56+00:00\",\"mainEntityOfPage\":{\"@id\":\"https:\/\/conversesacatalunya.cat\/es\/situacion-de-la-mortalidad-en-cataluna-por-regiones-sanitarias-unas-diferencias-llamativas\/\"},\"wordCount\":485,\"commentCount\":0,\"image\":{\"@id\":\"https:\/\/conversesacatalunya.cat\/es\/situacion-de-la-mortalidad-en-cataluna-por-regiones-sanitarias-unas-diferencias-llamativas\/#primaryimage\"},\"thumbnailUrl\":\"https:\/\/conversesacatalunya.cat\/wp-content\/uploads\/2020\/03\/coronavirus-20.jpg\",\"keywords\":[\"coronavirus\"],\"articleSection\":[\"Especial Coronavirus (ES)\",\"Punts clau del dia (ES)\"],\"inLanguage\":\"es\",\"potentialAction\":[{\"@type\":\"CommentAction\",\"name\":\"Comment\",\"target\":[\"https:\/\/conversesacatalunya.cat\/es\/situacion-de-la-mortalidad-en-cataluna-por-regiones-sanitarias-unas-diferencias-llamativas\/#respond\"]}]},{\"@type\":\"WebPage\",\"@id\":\"https:\/\/conversesacatalunya.cat\/es\/situacion-de-la-mortalidad-en-cataluna-por-regiones-sanitarias-unas-diferencias-llamativas\/\",\"url\":\"https:\/\/conversesacatalunya.cat\/es\/situacion-de-la-mortalidad-en-cataluna-por-regiones-sanitarias-unas-diferencias-llamativas\/\",\"name\":\"Situaci\u00f3n de la mortalidad en Catalu\u00f1a por regiones sanitarias: unas diferencias llamativas - Converses a Catalunya\",\"isPartOf\":{\"@id\":\"https:\/\/conversesacatalunya.cat\/#website\"},\"primaryImageOfPage\":{\"@id\":\"https:\/\/conversesacatalunya.cat\/es\/situacion-de-la-mortalidad-en-cataluna-por-regiones-sanitarias-unas-diferencias-llamativas\/#primaryimage\"},\"image\":{\"@id\":\"https:\/\/conversesacatalunya.cat\/es\/situacion-de-la-mortalidad-en-cataluna-por-regiones-sanitarias-unas-diferencias-llamativas\/#primaryimage\"},\"thumbnailUrl\":\"https:\/\/conversesacatalunya.cat\/wp-content\/uploads\/2020\/03\/coronavirus-20.jpg\",\"datePublished\":\"2020-03-30T07:37:26+00:00\",\"dateModified\":\"2020-03-30T10:39:56+00:00\",\"author\":{\"@id\":\"https:\/\/conversesacatalunya.cat\/#\/schema\/person\/7e24d1e54a2785373ddcb275eae5ed99\"},\"breadcrumb\":{\"@id\":\"https:\/\/conversesacatalunya.cat\/es\/situacion-de-la-mortalidad-en-cataluna-por-regiones-sanitarias-unas-diferencias-llamativas\/#breadcrumb\"},\"inLanguage\":\"es\",\"potentialAction\":[{\"@type\":\"ReadAction\",\"target\":[\"https:\/\/conversesacatalunya.cat\/es\/situacion-de-la-mortalidad-en-cataluna-por-regiones-sanitarias-unas-diferencias-llamativas\/\"]}]},{\"@type\":\"ImageObject\",\"inLanguage\":\"es\",\"@id\":\"https:\/\/conversesacatalunya.cat\/es\/situacion-de-la-mortalidad-en-cataluna-por-regiones-sanitarias-unas-diferencias-llamativas\/#primaryimage\",\"url\":\"https:\/\/conversesacatalunya.cat\/wp-content\/uploads\/2020\/03\/coronavirus-20.jpg\",\"contentUrl\":\"https:\/\/conversesacatalunya.cat\/wp-content\/uploads\/2020\/03\/coronavirus-20.jpg\",\"width\":992,\"height\":558,\"caption\":\"mortalidad en Catalu\u00f1a\"},{\"@type\":\"BreadcrumbList\",\"@id\":\"https:\/\/conversesacatalunya.cat\/es\/situacion-de-la-mortalidad-en-cataluna-por-regiones-sanitarias-unas-diferencias-llamativas\/#breadcrumb\",\"itemListElement\":[{\"@type\":\"ListItem\",\"position\":1,\"name\":\"Inici\",\"item\":\"https:\/\/conversesacatalunya.cat\/es\/\"},{\"@type\":\"ListItem\",\"position\":2,\"name\":\"Situaci\u00f3n de la mortalidad en Catalu\u00f1a por regiones sanitarias: unas diferencias llamativas\"}]},{\"@type\":\"WebSite\",\"@id\":\"https:\/\/conversesacatalunya.cat\/#website\",\"url\":\"https:\/\/conversesacatalunya.cat\/\",\"name\":\"Converses a Catalunya\",\"description\":\"\",\"potentialAction\":[{\"@type\":\"SearchAction\",\"target\":{\"@type\":\"EntryPoint\",\"urlTemplate\":\"https:\/\/conversesacatalunya.cat\/?s={search_term_string}\"},\"query-input\":{\"@type\":\"PropertyValueSpecification\",\"valueRequired\":true,\"valueName\":\"search_term_string\"}}],\"inLanguage\":\"es\"},{\"@type\":\"Person\",\"@id\":\"https:\/\/conversesacatalunya.cat\/#\/schema\/person\/7e24d1e54a2785373ddcb275eae5ed99\",\"name\":\"conversesacatalunya\",\"image\":{\"@type\":\"ImageObject\",\"inLanguage\":\"es\",\"@id\":\"https:\/\/conversesacatalunya.cat\/#\/schema\/person\/image\/\",\"url\":\"https:\/\/conversesacatalunya.cat\/wp-content\/litespeed\/avatar\/febdfeeec89d950f01c748045a981dd2.jpg?ver=1777314535\",\"contentUrl\":\"https:\/\/conversesacatalunya.cat\/wp-content\/litespeed\/avatar\/febdfeeec89d950f01c748045a981dd2.jpg?ver=1777314535\",\"caption\":\"conversesacatalunya\"},\"url\":\"https:\/\/conversesacatalunya.cat\/es\/author\/carme_catala\/\"}]}<\/script>\n<!-- \/ Yoast SEO plugin. -->","yoast_head_json":{"title":"Situaci\u00f3n de la mortalidad en Catalu\u00f1a por regiones sanitarias: unas diferencias llamativas - Converses a Catalunya","robots":{"index":"index","follow":"follow","max-snippet":"max-snippet:-1","max-image-preview":"max-image-preview:large","max-video-preview":"max-video-preview:-1"},"canonical":"https:\/\/conversesacatalunya.cat\/es\/situacion-de-la-mortalidad-en-cataluna-por-regiones-sanitarias-unas-diferencias-llamativas\/","og_locale":"es_ES","og_type":"article","og_title":"Situaci\u00f3n de la mortalidad en Catalu\u00f1a por regiones sanitarias: unas diferencias llamativas - Converses a Catalunya","og_description":"En la tabla adjunta se pueden observar los datos facilitados por la Conselleria de Salut de la Generalitat por regiones sanitarias. Es la primera vez que se ofrece este tipo de informaci\u00f3n desde el inicio de la crisis. Balance de muertos y graves A partir de los datos disponibles hasta el 25 de marzo \u00a0 Habitantes Graves Graves x 100 mil hab. Muertos Muertos x 100 mil hab. Catalu\u00f1a Central 522.887 56 10,7 71 13,6 Girona 740.677 58 7,8 37 5,0 LLeida 431.166 33 7,7 20 4,6 Barcelona 5.118.678 828 16,2 535 10,5 Tarragona 627.628 38 6,1 8 1,3 Terres de l\u2019Ebre 178.458 8 4,5 1 0,6 Conca d\u2019\u00d2dena 66.048 43 65,1 Catalu\u00f1a 7.619.494 1.021 13,4 672 8,8 Fuente: Conselleria de Salut Los enfermos graves en Catalu\u00f1a representan el 13,4 por 100.000 habitantes y la mortalidad es de 8,8. Son cifras sin duda elevadas, pero lejos todav\u00eda de las que alcanza Madrid. Hay que considerar que estos datos est\u00e1n relacionados con los hospitales y su distribuci\u00f3n por el territorio, y esto explica las cifras elevadas de la regi\u00f3n de Barcelona. A\u00fan as\u00ed, la mortalidad del 13,6 de la Catalu\u00f1a Central, excluida \u00d2dena, es singularmente elevada y contrastada con la de Tarragona de solo 1,3, a pesar de que cuenta con grandes hospitales en la capital y en Reus. Todav\u00eda es menor la letalidad que manifiestan las Terres de l\u2019Ebre, pero este es un efecto puramente estad\u00edstico, porque no dispone de una gran capacidad hospitalaria, y menos en relaci\u00f3n a casos cr\u00edticos. En realidad los datos que aporta la Conselleria de Salut son m\u00e1s bien un indicador de d\u00f3nde se muere m\u00e1s que de d\u00f3nde son originarios los fallecidos. Esto es una deficiencia m\u00e1s del d\u00e9bil sistema estad\u00edstico que se est\u00e1 aplicando en Catalu\u00f1a, y que no permite conocer, al menos en t\u00e9rminos p\u00fablicos y con datos en series depuradas, d\u00f3nde y c\u00f3mo se distribuye la afectaci\u00f3n y la letalidad. Los datos tampoco indican el grado de saturaci\u00f3n de las UCI, una referencia que s\u00ed existe a escala espa\u00f1ola, y que permitir\u00eda conocer hasta qu\u00e9 punto el sistema est\u00e1 sobrepasado en su dimensi\u00f3n crucial, que es el de la atenci\u00f3n a los cr\u00edticos. Pero dado las caracter\u00edsticas de la enfermedad, todav\u00eda hay un factor decisivo m\u00e1s importante: el n\u00famero de respiradores y el de la demanda de estos. Este es un dato que se desconoce no solo en el \u00e1mbito de Catalu\u00f1a, sino tambi\u00e9n en el espa\u00f1ol. Debemos suponer que las respectivas administraciones s\u00ed tienen conocimiento de ello, porque si no dif\u00edcilmente pueden actuar en consonancia, en el punto justo y m\u00e1s cr\u00edtico, en este duelo con la muerte. \u00daNETE A LA CAMPA\u00d1A DE SOLIDARIDAD CON IGUALADA M\u00e1s informaci\u00f3n sobre el coronavirus en ESPECIAL CORONAVIRUS","og_url":"https:\/\/conversesacatalunya.cat\/es\/situacion-de-la-mortalidad-en-cataluna-por-regiones-sanitarias-unas-diferencias-llamativas\/","og_site_name":"Converses a Catalunya","article_published_time":"2020-03-30T07:37:26+00:00","article_modified_time":"2020-03-30T10:39:56+00:00","og_image":[{"width":992,"height":558,"url":"https:\/\/conversesacatalunya.cat\/wp-content\/uploads\/2020\/03\/coronavirus-20.jpg","type":"image\/jpeg"}],"author":"conversesacatalunya","twitter_card":"summary_large_image","twitter_misc":{"Escrito por":"conversesacatalunya","Tiempo de lectura":"2 minutos"},"schema":{"@context":"https:\/\/schema.org","@graph":[{"@type":"Article","@id":"https:\/\/conversesacatalunya.cat\/es\/situacion-de-la-mortalidad-en-cataluna-por-regiones-sanitarias-unas-diferencias-llamativas\/#article","isPartOf":{"@id":"https:\/\/conversesacatalunya.cat\/es\/situacion-de-la-mortalidad-en-cataluna-por-regiones-sanitarias-unas-diferencias-llamativas\/"},"author":{"name":"conversesacatalunya","@id":"https:\/\/conversesacatalunya.cat\/#\/schema\/person\/7e24d1e54a2785373ddcb275eae5ed99"},"headline":"Situaci\u00f3n de la mortalidad en Catalu\u00f1a por regiones sanitarias: unas diferencias llamativas","datePublished":"2020-03-30T07:37:26+00:00","dateModified":"2020-03-30T10:39:56+00:00","mainEntityOfPage":{"@id":"https:\/\/conversesacatalunya.cat\/es\/situacion-de-la-mortalidad-en-cataluna-por-regiones-sanitarias-unas-diferencias-llamativas\/"},"wordCount":485,"commentCount":0,"image":{"@id":"https:\/\/conversesacatalunya.cat\/es\/situacion-de-la-mortalidad-en-cataluna-por-regiones-sanitarias-unas-diferencias-llamativas\/#primaryimage"},"thumbnailUrl":"https:\/\/conversesacatalunya.cat\/wp-content\/uploads\/2020\/03\/coronavirus-20.jpg","keywords":["coronavirus"],"articleSection":["Especial Coronavirus (ES)","Punts clau del dia (ES)"],"inLanguage":"es","potentialAction":[{"@type":"CommentAction","name":"Comment","target":["https:\/\/conversesacatalunya.cat\/es\/situacion-de-la-mortalidad-en-cataluna-por-regiones-sanitarias-unas-diferencias-llamativas\/#respond"]}]},{"@type":"WebPage","@id":"https:\/\/conversesacatalunya.cat\/es\/situacion-de-la-mortalidad-en-cataluna-por-regiones-sanitarias-unas-diferencias-llamativas\/","url":"https:\/\/conversesacatalunya.cat\/es\/situacion-de-la-mortalidad-en-cataluna-por-regiones-sanitarias-unas-diferencias-llamativas\/","name":"Situaci\u00f3n de la mortalidad en Catalu\u00f1a por regiones sanitarias: unas diferencias llamativas - Converses a Catalunya","isPartOf":{"@id":"https:\/\/conversesacatalunya.cat\/#website"},"primaryImageOfPage":{"@id":"https:\/\/conversesacatalunya.cat\/es\/situacion-de-la-mortalidad-en-cataluna-por-regiones-sanitarias-unas-diferencias-llamativas\/#primaryimage"},"image":{"@id":"https:\/\/conversesacatalunya.cat\/es\/situacion-de-la-mortalidad-en-cataluna-por-regiones-sanitarias-unas-diferencias-llamativas\/#primaryimage"},"thumbnailUrl":"https:\/\/conversesacatalunya.cat\/wp-content\/uploads\/2020\/03\/coronavirus-20.jpg","datePublished":"2020-03-30T07:37:26+00:00","dateModified":"2020-03-30T10:39:56+00:00","author":{"@id":"https:\/\/conversesacatalunya.cat\/#\/schema\/person\/7e24d1e54a2785373ddcb275eae5ed99"},"breadcrumb":{"@id":"https:\/\/conversesacatalunya.cat\/es\/situacion-de-la-mortalidad-en-cataluna-por-regiones-sanitarias-unas-diferencias-llamativas\/#breadcrumb"},"inLanguage":"es","potentialAction":[{"@type":"ReadAction","target":["https:\/\/conversesacatalunya.cat\/es\/situacion-de-la-mortalidad-en-cataluna-por-regiones-sanitarias-unas-diferencias-llamativas\/"]}]},{"@type":"ImageObject","inLanguage":"es","@id":"https:\/\/conversesacatalunya.cat\/es\/situacion-de-la-mortalidad-en-cataluna-por-regiones-sanitarias-unas-diferencias-llamativas\/#primaryimage","url":"https:\/\/conversesacatalunya.cat\/wp-content\/uploads\/2020\/03\/coronavirus-20.jpg","contentUrl":"https:\/\/conversesacatalunya.cat\/wp-content\/uploads\/2020\/03\/coronavirus-20.jpg","width":992,"height":558,"caption":"mortalidad en Catalu\u00f1a"},{"@type":"BreadcrumbList","@id":"https:\/\/conversesacatalunya.cat\/es\/situacion-de-la-mortalidad-en-cataluna-por-regiones-sanitarias-unas-diferencias-llamativas\/#breadcrumb","itemListElement":[{"@type":"ListItem","position":1,"name":"Inici","item":"https:\/\/conversesacatalunya.cat\/es\/"},{"@type":"ListItem","position":2,"name":"Situaci\u00f3n de la mortalidad en Catalu\u00f1a por regiones sanitarias: unas diferencias llamativas"}]},{"@type":"WebSite","@id":"https:\/\/conversesacatalunya.cat\/#website","url":"https:\/\/conversesacatalunya.cat\/","name":"Converses a Catalunya","description":"","potentialAction":[{"@type":"SearchAction","target":{"@type":"EntryPoint","urlTemplate":"https:\/\/conversesacatalunya.cat\/?s={search_term_string}"},"query-input":{"@type":"PropertyValueSpecification","valueRequired":true,"valueName":"search_term_string"}}],"inLanguage":"es"},{"@type":"Person","@id":"https:\/\/conversesacatalunya.cat\/#\/schema\/person\/7e24d1e54a2785373ddcb275eae5ed99","name":"conversesacatalunya","image":{"@type":"ImageObject","inLanguage":"es","@id":"https:\/\/conversesacatalunya.cat\/#\/schema\/person\/image\/","url":"https:\/\/conversesacatalunya.cat\/wp-content\/litespeed\/avatar\/febdfeeec89d950f01c748045a981dd2.jpg?ver=1777314535","contentUrl":"https:\/\/conversesacatalunya.cat\/wp-content\/litespeed\/avatar\/febdfeeec89d950f01c748045a981dd2.jpg?ver=1777314535","caption":"conversesacatalunya"},"url":"https:\/\/conversesacatalunya.cat\/es\/author\/carme_catala\/"}]}},"wps_subtitle":"","_links":{"self":[{"href":"https:\/\/conversesacatalunya.cat\/es\/wp-json\/wp\/v2\/posts\/34195","targetHints":{"allow":["GET"]}}],"collection":[{"href":"https:\/\/conversesacatalunya.cat\/es\/wp-json\/wp\/v2\/posts"}],"about":[{"href":"https:\/\/conversesacatalunya.cat\/es\/wp-json\/wp\/v2\/types\/post"}],"author":[{"embeddable":true,"href":"https:\/\/conversesacatalunya.cat\/es\/wp-json\/wp\/v2\/users\/2"}],"replies":[{"embeddable":true,"href":"https:\/\/conversesacatalunya.cat\/es\/wp-json\/wp\/v2\/comments?post=34195"}],"version-history":[{"count":1,"href":"https:\/\/conversesacatalunya.cat\/es\/wp-json\/wp\/v2\/posts\/34195\/revisions"}],"predecessor-version":[{"id":34200,"href":"https:\/\/conversesacatalunya.cat\/es\/wp-json\/wp\/v2\/posts\/34195\/revisions\/34200"}],"wp:featuredmedia":[{"embeddable":true,"href":"https:\/\/conversesacatalunya.cat\/es\/wp-json\/wp\/v2\/media\/34198"}],"wp:attachment":[{"href":"https:\/\/conversesacatalunya.cat\/es\/wp-json\/wp\/v2\/media?parent=34195"}],"wp:term":[{"taxonomy":"category","embeddable":true,"href":"https:\/\/conversesacatalunya.cat\/es\/wp-json\/wp\/v2\/categories?post=34195"},{"taxonomy":"post_tag","embeddable":true,"href":"https:\/\/conversesacatalunya.cat\/es\/wp-json\/wp\/v2\/tags?post=34195"}],"curies":[{"name":"wp","href":"https:\/\/api.w.org\/{rel}","templated":true}]}}