{"id":34103,"date":"2020-03-25T06:19:45","date_gmt":"2020-03-25T05:19:45","guid":{"rendered":"https:\/\/conversesacatalunya.cat\/igualada-dues-setmanes-de-confinament\/"},"modified":"2020-03-26T11:57:30","modified_gmt":"2020-03-26T10:57:30","slug":"igualada-dues-setmanes-de-confinament","status":"publish","type":"post","link":"https:\/\/conversesacatalunya.cat\/es\/igualada-dues-setmanes-de-confinament\/","title":{"rendered":"Igualada: dos semanas de confinamiento"},"content":{"rendered":"<div class=\"pf-content\">\n<p>Los habitantes de la ciudad de Igualada, y sus municipios colindantes (Vilanova del Cam\u00ed, Santa Margarida de Montbui y \u00d2dena), ma\u00f1ana\u00a0<strong>ya llevar\u00e1n dos semanas de confinamiento total.<\/strong>\u00a0Desde el jueves 12 de marzo estas poblaciones fueron confinadas por las fuerzas de seguridad para evitar que el alto \u00edndice de contagios se trasladara al resto de municipios catalanes.<\/p>\n<p><span class=\"bctt-click-to-tweet\"><span class=\"bctt-ctt-text\"><a href=\"https:\/\/twitter.com\/intent\/tweet?url=https%3A%2F%2Fwww.forumlibertas.com%2Figualada-dos-semanas-de-confinamiento%2F&amp;text=Ante%20la%20denuncia%20por%20parte%20del%20personal%20del%20hospital%20de%20una%20falta%20grave%20de%20mascarillas%2C%20finalmente%20tras%20una%20semana%20de%20retraso%20han%20llegado%20las%20esperadas%204.000%20mascarillas%20al%20hospital&amp;via=forumlibertas&amp;related=forumlibertas\" target=\"_blank\" rel=\"noopener noreferrer\"><span class='bctt-click-to-tweet'><span class='bctt-ctt-text'><a href='https:\/\/twitter.com\/intent\/tweet?url=https%3A%2F%2Fconversesacatalunya.cat%2Fes%2Figualada-dues-setmanes-de-confinament%2F&#038;text=Ante%20la%20denuncia%20por%20parte%20del%20personal%20del%20hospital%20de%20una%20falta%20grave%20de%20mascarillas%2C%20finalmente%20tras%20una%20semana%20de%20retraso%20han%20llegado%20las%20esperadas%204.000%20mascarillas%20al%20hospital&#038;via=conversesacat&#038;related=conversesacat' target='_blank'rel=\"noopener noreferrer\">Ante la denuncia por parte del personal del hospital de una falta grave de mascarillas, finalmente tras una semana de retraso han llegado las esperadas 4.000 mascarillas al hospital <\/a><\/span><a href='https:\/\/twitter.com\/intent\/tweet?url=https%3A%2F%2Fconversesacatalunya.cat%2Fes%2Figualada-dues-setmanes-de-confinament%2F&#038;text=Ante%20la%20denuncia%20por%20parte%20del%20personal%20del%20hospital%20de%20una%20falta%20grave%20de%20mascarillas%2C%20finalmente%20tras%20una%20semana%20de%20retraso%20han%20llegado%20las%20esperadas%204.000%20mascarillas%20al%20hospital&#038;via=conversesacat&#038;related=conversesacat' target='_blank' class='bctt-ctt-btn'rel=\"noopener noreferrer\">Compartir en X<\/a><\/span>\u00a0<\/a><\/span><\/span><\/p>\n<\/div>\n<div class=\"pf-content\">\n<p>&nbsp;<\/p>\n<p>Desde el primer positivo detectado en el Hospital de Igualada, el 9 de marzo, la cifra de contagios ha sido sensiblemente m\u00e1s alta que la del resto del Principado. Si el s\u00e1bado 14 de marzo las muertes por coronavirus en Catalu\u00f1a por cada 100.000 habitantes apenas alcanzaba el 0,1,<strong>\u00a0en la comarca de la Anoia este lunes cifraban las 54,51 muertes<\/strong>. La situaci\u00f3n es tal que ya son 41 los fallecidos hasta la fecha por la pandemia y 306 contagiados (de entre los cuales 140 pertenecen al personal sanitario del Hospital de Igualada).<\/p>\n<p><img fetchpriority=\"high\" decoding=\"async\" class=\"aligncenter size-large wp-image-105707 ls-is-cached lazyloaded\" src=\"https:\/\/www.forumlibertas.com\/wp-content\/uploads\/2020\/03\/IGD1-1024x510.jpg\" sizes=\"(max-width: 1024px) 100vw, 1024px\" srcset=\"https:\/\/www.forumlibertas.com\/wp-content\/uploads\/2020\/03\/IGD1-1024x510.jpg 1024w, https:\/\/www.forumlibertas.com\/wp-content\/uploads\/2020\/03\/IGD1-300x149.jpg 300w, https:\/\/www.forumlibertas.com\/wp-content\/uploads\/2020\/03\/IGD1.jpg 1062w\" alt=\"Igualada\" width=\"1024\" height=\"510\" data-srcset=\"https:\/\/www.forumlibertas.com\/wp-content\/uploads\/2020\/03\/IGD1-1024x510.jpg 1024w, https:\/\/www.forumlibertas.com\/wp-content\/uploads\/2020\/03\/IGD1-300x149.jpg 300w, https:\/\/www.forumlibertas.com\/wp-content\/uploads\/2020\/03\/IGD1.jpg 1062w\" data-src=\"https:\/\/www.forumlibertas.com\/wp-content\/uploads\/2020\/03\/IGD1-1024x510.jpg\" \/><\/p>\n<p>La situaci\u00f3n es tal que desde hace cuatro d\u00edas se est\u00e1n trasladando pacientes al Hospital General de Catalu\u00f1a (Sant Cugat del Vall\u00e8s). El centro privado ha habilitado 180 camas para poder aliviar la sobrecarga exponencial que est\u00e1 sufriendo Igualada de nuevos casos de coronavirus. Mientras tanto, a partir de hoy el Hospital de Igualada realizar\u00e1 pruebas a todos los profesionales sanitarios del centro para garantizar al m\u00e1ximo la reducci\u00f3n de nuevos contagios. Esta noticia coincide con la llegada estimada para este jueves de test r\u00e1pidos por parte del Ministerio de Sanidad a Catalu\u00f1a para dar apoyo a la lucha contra la pandemia.<\/p>\n<p>Ante la denuncia por parte del personal del hospital de una falta grave de mascarillas,\u00a0<strong>finalmente tras una semana de retraso han llegado las esperadas 4.000 mascarillas al hospital<\/strong>. Sin embargo, el alcalde Marc Castells ha recordado que este material sanitario ser\u00e1 consumido en menos de una semana, por lo que ha reclamado m\u00e1s agilidad a las autoridades por la situaci\u00f3n de emergencia. M\u00e1s rapidez para que no vuelva a ocurrir como este caso, en el que las mascarillas quedaron temporalmente retenidas en Madrid.<\/p>\n<div class=\"code-block code-block-2\">\n<div>\n<div class=\"a-single a-7\"><\/div>\n<\/div>\n<\/div>\n<p><img decoding=\"async\" class=\"aligncenter size-full wp-image-105708 ls-is-cached lazyloaded\" src=\"https:\/\/www.forumlibertas.com\/wp-content\/uploads\/2020\/03\/IGD2.jpg\" sizes=\"(max-width: 345px) 100vw, 345px\" srcset=\"https:\/\/www.forumlibertas.com\/wp-content\/uploads\/2020\/03\/IGD2.jpg 345w, https:\/\/www.forumlibertas.com\/wp-content\/uploads\/2020\/03\/IGD2-280x300.jpg 280w\" alt=\"Igualada\" width=\"345\" height=\"369\" data-srcset=\"https:\/\/www.forumlibertas.com\/wp-content\/uploads\/2020\/03\/IGD2.jpg 345w, https:\/\/www.forumlibertas.com\/wp-content\/uploads\/2020\/03\/IGD2-280x300.jpg 280w\" data-src=\"https:\/\/www.forumlibertas.com\/wp-content\/uploads\/2020\/03\/IGD2.jpg\" \/><\/p>\n<p>El consistorio, por otro lado, ha anunciado la ampliaci\u00f3n de los plazos de pagos de impuestos municipales, como tambi\u00e9n la suspensi\u00f3n de cuotas de servicios que no se est\u00e1n realizando con motivo del confinamiento total de la localidad. El alcalde, adem\u00e1s, ha recordado las estrictas medidas de seguridad del confinamiento de la ciudad, que son cada d\u00eda recordadas varias veces por un veh\u00edculo del Ayuntamiento a trav\u00e9s de la megafon\u00eda. A diferencia de gran parte de Espa\u00f1a, en la capital de la Anoia las calles permanecen des\u00e9rticas, estando pr\u00e1cticamente la totalidad de la poblaci\u00f3n en casa a la espera de que el temporal pand\u00e9mico remita.<\/p>\n<p style=\"text-align: center;\"><strong>M\u00e1s informaci\u00f3n\u00a0<a href=\"https:\/\/conversesacatalunya.cat\/es\/coronavirus\/\" target=\"_blank\" rel=\"noopener noreferrer\">ESPECIAL CORONAVIRUS<\/a><\/strong><\/p>\n<\/div>\n","protected":false},"excerpt":{"rendered":"<p>Los habitantes de la ciudad de Igualada, y sus municipios colindantes (Vilanova del Cam\u00ed, Santa Margarida de Montbui y \u00d2dena), ma\u00f1ana\u00a0ya llevar\u00e1n dos semanas de confinamiento total.\u00a0Desde el jueves 12 de marzo estas poblaciones fueron confinadas por las fuerzas de seguridad para evitar que el alto \u00edndice de contagios se trasladara al resto de municipios catalanes. \u00a0 &nbsp; Desde el primer positivo detectado en el Hospital de Igualada, el 9 de marzo, la cifra de contagios ha sido sensiblemente m\u00e1s alta que la del resto del Principado. Si el s\u00e1bado 14 de marzo las muertes por coronavirus en Catalu\u00f1a por cada 100.000 habitantes apenas alcanzaba el 0,1,\u00a0en la comarca de la Anoia este lunes cifraban las 54,51 muertes. La situaci\u00f3n es tal que ya son 41 los fallecidos hasta la fecha por la pandemia y 306 contagiados (de entre los cuales 140 pertenecen al personal sanitario del Hospital de Igualada). La situaci\u00f3n es tal que desde hace cuatro d\u00edas se est\u00e1n trasladando pacientes al Hospital General de Catalu\u00f1a (Sant Cugat del Vall\u00e8s). El centro privado ha habilitado 180 camas para poder aliviar la sobrecarga exponencial que est\u00e1 sufriendo Igualada de nuevos casos de coronavirus. Mientras tanto, a partir de hoy el Hospital de Igualada realizar\u00e1 pruebas a todos los profesionales sanitarios del centro para garantizar al m\u00e1ximo la reducci\u00f3n de nuevos contagios. Esta noticia coincide con la llegada estimada para este jueves de test r\u00e1pidos por parte del Ministerio de Sanidad a Catalu\u00f1a para dar apoyo a la lucha contra la pandemia. Ante la denuncia por parte del personal del hospital de una falta grave de mascarillas,\u00a0finalmente tras una semana de retraso han llegado las esperadas 4.000 mascarillas al hospital. Sin embargo, el alcalde Marc Castells ha recordado que este material sanitario ser\u00e1 consumido en menos de una semana, por lo que ha reclamado m\u00e1s agilidad a las autoridades por la situaci\u00f3n de emergencia. M\u00e1s rapidez para que no vuelva a ocurrir como este caso, en el que las mascarillas quedaron temporalmente retenidas en Madrid. El consistorio, por otro lado, ha anunciado la ampliaci\u00f3n de los plazos de pagos de impuestos municipales, como tambi\u00e9n la suspensi\u00f3n de cuotas de servicios que no se est\u00e1n realizando con motivo del confinamiento total de la localidad. El alcalde, adem\u00e1s, ha recordado las estrictas medidas de seguridad del confinamiento de la ciudad, que son cada d\u00eda recordadas varias veces por un veh\u00edculo del Ayuntamiento a trav\u00e9s de la megafon\u00eda. A diferencia de gran parte de Espa\u00f1a, en la capital de la Anoia las calles permanecen des\u00e9rticas, estando pr\u00e1cticamente la totalidad de la poblaci\u00f3n en casa a la espera de que el temporal pand\u00e9mico remita. M\u00e1s informaci\u00f3n\u00a0ESPECIAL CORONAVIRUS<\/p>\n","protected":false},"author":20,"featured_media":34057,"comment_status":"open","ping_status":"open","sticky":false,"template":"","format":"standard","meta":{"_FSMCFIC_featured_image_caption":"","_FSMCFIC_featured_image_nocaption":"","_FSMCFIC_featured_image_hide":"","footnotes":""},"categories":[1772,806],"tags":[1504,1913,1970],"class_list":["post-34103","post","type-post","status-publish","format-standard","has-post-thumbnail","hentry","category-especial-coronavirus-es","category-punts-claus-del-dia-es","tag-coronavirus-es","tag-covid-19-es","tag-igualada-es"],"yoast_head":"<!-- This site is optimized with the Yoast SEO plugin v26.8 - https:\/\/yoast.com\/product\/yoast-seo-wordpress\/ -->\n<title>Igualada: dos semanas de confinamiento - Converses a Catalunya<\/title>\n<meta name=\"description\" content=\"Ja fa dues setmanes que la ciutat d&#039;Igualada i rodalies romanen totalment confinades per la pand\u00e8mia del coronavirus. L&#039;alcalde reclama m\u00e9s suport\" \/>\n<meta name=\"robots\" content=\"index, follow, max-snippet:-1, max-image-preview:large, max-video-preview:-1\" \/>\n<link rel=\"canonical\" href=\"https:\/\/conversesacatalunya.cat\/es\/igualada-dues-setmanes-de-confinament\/\" \/>\n<meta property=\"og:locale\" content=\"es_ES\" \/>\n<meta property=\"og:type\" content=\"article\" \/>\n<meta property=\"og:title\" content=\"Igualada: dos semanas de confinamiento - Converses a Catalunya\" \/>\n<meta property=\"og:description\" content=\"Ja fa dues setmanes que la ciutat d&#039;Igualada i rodalies romanen totalment confinades per la pand\u00e8mia del coronavirus. L&#039;alcalde reclama m\u00e9s suport\" \/>\n<meta property=\"og:url\" content=\"https:\/\/conversesacatalunya.cat\/es\/igualada-dues-setmanes-de-confinament\/\" \/>\n<meta property=\"og:site_name\" content=\"Converses a Catalunya\" \/>\n<meta property=\"article:published_time\" content=\"2020-03-25T05:19:45+00:00\" \/>\n<meta property=\"article:modified_time\" content=\"2020-03-26T10:57:30+00:00\" \/>\n<meta property=\"og:image\" content=\"https:\/\/conversesacatalunya.cat\/wp-content\/uploads\/2020\/03\/Capture-3.jpg\" \/>\n\t<meta property=\"og:image:width\" content=\"902\" \/>\n\t<meta property=\"og:image:height\" content=\"590\" \/>\n\t<meta property=\"og:image:type\" content=\"image\/jpeg\" \/>\n<meta name=\"author\" content=\"conversesacatalunya\" \/>\n<meta name=\"twitter:card\" content=\"summary_large_image\" \/>\n<meta name=\"twitter:label1\" content=\"Escrito por\" \/>\n\t<meta name=\"twitter:data1\" content=\"conversesacatalunya\" \/>\n\t<meta name=\"twitter:label2\" content=\"Tiempo de lectura\" \/>\n\t<meta name=\"twitter:data2\" content=\"3 minutos\" \/>\n<script type=\"application\/ld+json\" class=\"yoast-schema-graph\">{\"@context\":\"https:\/\/schema.org\",\"@graph\":[{\"@type\":\"Article\",\"@id\":\"https:\/\/conversesacatalunya.cat\/es\/igualada-dues-setmanes-de-confinament\/#article\",\"isPartOf\":{\"@id\":\"https:\/\/conversesacatalunya.cat\/es\/igualada-dues-setmanes-de-confinament\/\"},\"author\":{\"name\":\"conversesacatalunya\",\"@id\":\"https:\/\/conversesacatalunya.cat\/#\/schema\/person\/a7a9496a363cd9847daf7cd659d92e64\"},\"headline\":\"Igualada: dos semanas de confinamiento\",\"datePublished\":\"2020-03-25T05:19:45+00:00\",\"dateModified\":\"2020-03-26T10:57:30+00:00\",\"mainEntityOfPage\":{\"@id\":\"https:\/\/conversesacatalunya.cat\/es\/igualada-dues-setmanes-de-confinament\/\"},\"wordCount\":507,\"commentCount\":0,\"image\":{\"@id\":\"https:\/\/conversesacatalunya.cat\/es\/igualada-dues-setmanes-de-confinament\/#primaryimage\"},\"thumbnailUrl\":\"https:\/\/conversesacatalunya.cat\/wp-content\/uploads\/2020\/03\/Capture-3.jpg\",\"keywords\":[\"coronavirus\",\"Covid-19\",\"Igualada\"],\"articleSection\":[\"Especial Coronavirus (ES)\",\"Punts clau del dia (ES)\"],\"inLanguage\":\"es\",\"potentialAction\":[{\"@type\":\"CommentAction\",\"name\":\"Comment\",\"target\":[\"https:\/\/conversesacatalunya.cat\/es\/igualada-dues-setmanes-de-confinament\/#respond\"]}]},{\"@type\":\"WebPage\",\"@id\":\"https:\/\/conversesacatalunya.cat\/es\/igualada-dues-setmanes-de-confinament\/\",\"url\":\"https:\/\/conversesacatalunya.cat\/es\/igualada-dues-setmanes-de-confinament\/\",\"name\":\"Igualada: dos semanas de confinamiento - Converses a Catalunya\",\"isPartOf\":{\"@id\":\"https:\/\/conversesacatalunya.cat\/#website\"},\"primaryImageOfPage\":{\"@id\":\"https:\/\/conversesacatalunya.cat\/es\/igualada-dues-setmanes-de-confinament\/#primaryimage\"},\"image\":{\"@id\":\"https:\/\/conversesacatalunya.cat\/es\/igualada-dues-setmanes-de-confinament\/#primaryimage\"},\"thumbnailUrl\":\"https:\/\/conversesacatalunya.cat\/wp-content\/uploads\/2020\/03\/Capture-3.jpg\",\"datePublished\":\"2020-03-25T05:19:45+00:00\",\"dateModified\":\"2020-03-26T10:57:30+00:00\",\"author\":{\"@id\":\"https:\/\/conversesacatalunya.cat\/#\/schema\/person\/a7a9496a363cd9847daf7cd659d92e64\"},\"description\":\"Ja fa dues setmanes que la ciutat d'Igualada i rodalies romanen totalment confinades per la pand\u00e8mia del coronavirus. L'alcalde reclama m\u00e9s suport\",\"breadcrumb\":{\"@id\":\"https:\/\/conversesacatalunya.cat\/es\/igualada-dues-setmanes-de-confinament\/#breadcrumb\"},\"inLanguage\":\"es\",\"potentialAction\":[{\"@type\":\"ReadAction\",\"target\":[\"https:\/\/conversesacatalunya.cat\/es\/igualada-dues-setmanes-de-confinament\/\"]}]},{\"@type\":\"ImageObject\",\"inLanguage\":\"es\",\"@id\":\"https:\/\/conversesacatalunya.cat\/es\/igualada-dues-setmanes-de-confinament\/#primaryimage\",\"url\":\"https:\/\/conversesacatalunya.cat\/wp-content\/uploads\/2020\/03\/Capture-3.jpg\",\"contentUrl\":\"https:\/\/conversesacatalunya.cat\/wp-content\/uploads\/2020\/03\/Capture-3.jpg\",\"width\":902,\"height\":590,\"caption\":\"Igualada\"},{\"@type\":\"BreadcrumbList\",\"@id\":\"https:\/\/conversesacatalunya.cat\/es\/igualada-dues-setmanes-de-confinament\/#breadcrumb\",\"itemListElement\":[{\"@type\":\"ListItem\",\"position\":1,\"name\":\"Inici\",\"item\":\"https:\/\/conversesacatalunya.cat\/es\/\"},{\"@type\":\"ListItem\",\"position\":2,\"name\":\"Igualada: dos semanas de confinamiento\"}]},{\"@type\":\"WebSite\",\"@id\":\"https:\/\/conversesacatalunya.cat\/#website\",\"url\":\"https:\/\/conversesacatalunya.cat\/\",\"name\":\"Converses a Catalunya\",\"description\":\"\",\"potentialAction\":[{\"@type\":\"SearchAction\",\"target\":{\"@type\":\"EntryPoint\",\"urlTemplate\":\"https:\/\/conversesacatalunya.cat\/?s={search_term_string}\"},\"query-input\":{\"@type\":\"PropertyValueSpecification\",\"valueRequired\":true,\"valueName\":\"search_term_string\"}}],\"inLanguage\":\"es\"},{\"@type\":\"Person\",\"@id\":\"https:\/\/conversesacatalunya.cat\/#\/schema\/person\/a7a9496a363cd9847daf7cd659d92e64\",\"name\":\"conversesacatalunya\",\"image\":{\"@type\":\"ImageObject\",\"inLanguage\":\"es\",\"@id\":\"https:\/\/conversesacatalunya.cat\/#\/schema\/person\/image\/\",\"url\":\"https:\/\/conversesacatalunya.cat\/wp-content\/litespeed\/avatar\/ff91582b44ff9c880dc9c5ac2f5c7e89.jpg?ver=1777372947\",\"contentUrl\":\"https:\/\/conversesacatalunya.cat\/wp-content\/litespeed\/avatar\/ff91582b44ff9c880dc9c5ac2f5c7e89.jpg?ver=1777372947\",\"caption\":\"conversesacatalunya\"},\"url\":\"https:\/\/conversesacatalunya.cat\/es\/author\/francisco_garcia\/\"}]}<\/script>\n<!-- \/ Yoast SEO plugin. -->","yoast_head_json":{"title":"Igualada: dos semanas de confinamiento - Converses a Catalunya","description":"Ja fa dues setmanes que la ciutat d'Igualada i rodalies romanen totalment confinades per la pand\u00e8mia del coronavirus. L'alcalde reclama m\u00e9s suport","robots":{"index":"index","follow":"follow","max-snippet":"max-snippet:-1","max-image-preview":"max-image-preview:large","max-video-preview":"max-video-preview:-1"},"canonical":"https:\/\/conversesacatalunya.cat\/es\/igualada-dues-setmanes-de-confinament\/","og_locale":"es_ES","og_type":"article","og_title":"Igualada: dos semanas de confinamiento - Converses a Catalunya","og_description":"Ja fa dues setmanes que la ciutat d'Igualada i rodalies romanen totalment confinades per la pand\u00e8mia del coronavirus. L'alcalde reclama m\u00e9s suport","og_url":"https:\/\/conversesacatalunya.cat\/es\/igualada-dues-setmanes-de-confinament\/","og_site_name":"Converses a Catalunya","article_published_time":"2020-03-25T05:19:45+00:00","article_modified_time":"2020-03-26T10:57:30+00:00","og_image":[{"width":902,"height":590,"url":"https:\/\/conversesacatalunya.cat\/wp-content\/uploads\/2020\/03\/Capture-3.jpg","type":"image\/jpeg"}],"author":"conversesacatalunya","twitter_card":"summary_large_image","twitter_misc":{"Escrito por":"conversesacatalunya","Tiempo de lectura":"3 minutos"},"schema":{"@context":"https:\/\/schema.org","@graph":[{"@type":"Article","@id":"https:\/\/conversesacatalunya.cat\/es\/igualada-dues-setmanes-de-confinament\/#article","isPartOf":{"@id":"https:\/\/conversesacatalunya.cat\/es\/igualada-dues-setmanes-de-confinament\/"},"author":{"name":"conversesacatalunya","@id":"https:\/\/conversesacatalunya.cat\/#\/schema\/person\/a7a9496a363cd9847daf7cd659d92e64"},"headline":"Igualada: dos semanas de confinamiento","datePublished":"2020-03-25T05:19:45+00:00","dateModified":"2020-03-26T10:57:30+00:00","mainEntityOfPage":{"@id":"https:\/\/conversesacatalunya.cat\/es\/igualada-dues-setmanes-de-confinament\/"},"wordCount":507,"commentCount":0,"image":{"@id":"https:\/\/conversesacatalunya.cat\/es\/igualada-dues-setmanes-de-confinament\/#primaryimage"},"thumbnailUrl":"https:\/\/conversesacatalunya.cat\/wp-content\/uploads\/2020\/03\/Capture-3.jpg","keywords":["coronavirus","Covid-19","Igualada"],"articleSection":["Especial Coronavirus (ES)","Punts clau del dia (ES)"],"inLanguage":"es","potentialAction":[{"@type":"CommentAction","name":"Comment","target":["https:\/\/conversesacatalunya.cat\/es\/igualada-dues-setmanes-de-confinament\/#respond"]}]},{"@type":"WebPage","@id":"https:\/\/conversesacatalunya.cat\/es\/igualada-dues-setmanes-de-confinament\/","url":"https:\/\/conversesacatalunya.cat\/es\/igualada-dues-setmanes-de-confinament\/","name":"Igualada: dos semanas de confinamiento - Converses a Catalunya","isPartOf":{"@id":"https:\/\/conversesacatalunya.cat\/#website"},"primaryImageOfPage":{"@id":"https:\/\/conversesacatalunya.cat\/es\/igualada-dues-setmanes-de-confinament\/#primaryimage"},"image":{"@id":"https:\/\/conversesacatalunya.cat\/es\/igualada-dues-setmanes-de-confinament\/#primaryimage"},"thumbnailUrl":"https:\/\/conversesacatalunya.cat\/wp-content\/uploads\/2020\/03\/Capture-3.jpg","datePublished":"2020-03-25T05:19:45+00:00","dateModified":"2020-03-26T10:57:30+00:00","author":{"@id":"https:\/\/conversesacatalunya.cat\/#\/schema\/person\/a7a9496a363cd9847daf7cd659d92e64"},"description":"Ja fa dues setmanes que la ciutat d'Igualada i rodalies romanen totalment confinades per la pand\u00e8mia del coronavirus. L'alcalde reclama m\u00e9s suport","breadcrumb":{"@id":"https:\/\/conversesacatalunya.cat\/es\/igualada-dues-setmanes-de-confinament\/#breadcrumb"},"inLanguage":"es","potentialAction":[{"@type":"ReadAction","target":["https:\/\/conversesacatalunya.cat\/es\/igualada-dues-setmanes-de-confinament\/"]}]},{"@type":"ImageObject","inLanguage":"es","@id":"https:\/\/conversesacatalunya.cat\/es\/igualada-dues-setmanes-de-confinament\/#primaryimage","url":"https:\/\/conversesacatalunya.cat\/wp-content\/uploads\/2020\/03\/Capture-3.jpg","contentUrl":"https:\/\/conversesacatalunya.cat\/wp-content\/uploads\/2020\/03\/Capture-3.jpg","width":902,"height":590,"caption":"Igualada"},{"@type":"BreadcrumbList","@id":"https:\/\/conversesacatalunya.cat\/es\/igualada-dues-setmanes-de-confinament\/#breadcrumb","itemListElement":[{"@type":"ListItem","position":1,"name":"Inici","item":"https:\/\/conversesacatalunya.cat\/es\/"},{"@type":"ListItem","position":2,"name":"Igualada: dos semanas de confinamiento"}]},{"@type":"WebSite","@id":"https:\/\/conversesacatalunya.cat\/#website","url":"https:\/\/conversesacatalunya.cat\/","name":"Converses a Catalunya","description":"","potentialAction":[{"@type":"SearchAction","target":{"@type":"EntryPoint","urlTemplate":"https:\/\/conversesacatalunya.cat\/?s={search_term_string}"},"query-input":{"@type":"PropertyValueSpecification","valueRequired":true,"valueName":"search_term_string"}}],"inLanguage":"es"},{"@type":"Person","@id":"https:\/\/conversesacatalunya.cat\/#\/schema\/person\/a7a9496a363cd9847daf7cd659d92e64","name":"conversesacatalunya","image":{"@type":"ImageObject","inLanguage":"es","@id":"https:\/\/conversesacatalunya.cat\/#\/schema\/person\/image\/","url":"https:\/\/conversesacatalunya.cat\/wp-content\/litespeed\/avatar\/ff91582b44ff9c880dc9c5ac2f5c7e89.jpg?ver=1777372947","contentUrl":"https:\/\/conversesacatalunya.cat\/wp-content\/litespeed\/avatar\/ff91582b44ff9c880dc9c5ac2f5c7e89.jpg?ver=1777372947","caption":"conversesacatalunya"},"url":"https:\/\/conversesacatalunya.cat\/es\/author\/francisco_garcia\/"}]}},"wps_subtitle":"Ya hace dos semanas que la ciudad de Igualada y alrededores permanecen totalmente confinadas por la pandemia del coronavirus. El alcalde Marc Castells reclama m\u00e1s apoyo por la grave situaci\u00f3n sanitaria de la localidad","_links":{"self":[{"href":"https:\/\/conversesacatalunya.cat\/es\/wp-json\/wp\/v2\/posts\/34103","targetHints":{"allow":["GET"]}}],"collection":[{"href":"https:\/\/conversesacatalunya.cat\/es\/wp-json\/wp\/v2\/posts"}],"about":[{"href":"https:\/\/conversesacatalunya.cat\/es\/wp-json\/wp\/v2\/types\/post"}],"author":[{"embeddable":true,"href":"https:\/\/conversesacatalunya.cat\/es\/wp-json\/wp\/v2\/users\/20"}],"replies":[{"embeddable":true,"href":"https:\/\/conversesacatalunya.cat\/es\/wp-json\/wp\/v2\/comments?post=34103"}],"version-history":[{"count":3,"href":"https:\/\/conversesacatalunya.cat\/es\/wp-json\/wp\/v2\/posts\/34103\/revisions"}],"predecessor-version":[{"id":34106,"href":"https:\/\/conversesacatalunya.cat\/es\/wp-json\/wp\/v2\/posts\/34103\/revisions\/34106"}],"wp:featuredmedia":[{"embeddable":true,"href":"https:\/\/conversesacatalunya.cat\/es\/wp-json\/wp\/v2\/media\/34057"}],"wp:attachment":[{"href":"https:\/\/conversesacatalunya.cat\/es\/wp-json\/wp\/v2\/media?parent=34103"}],"wp:term":[{"taxonomy":"category","embeddable":true,"href":"https:\/\/conversesacatalunya.cat\/es\/wp-json\/wp\/v2\/categories?post=34103"},{"taxonomy":"post_tag","embeddable":true,"href":"https:\/\/conversesacatalunya.cat\/es\/wp-json\/wp\/v2\/tags?post=34103"}],"curies":[{"name":"wp","href":"https:\/\/api.w.org\/{rel}","templated":true}]}}