{"id":34073,"date":"2020-03-24T22:20:27","date_gmt":"2020-03-24T21:20:27","guid":{"rendered":"https:\/\/conversesacatalunya.cat\/covid-19-mon-2-suecia-oasi-europa\/"},"modified":"2020-03-26T11:58:06","modified_gmt":"2020-03-26T10:58:06","slug":"la-crisis-del-covid-19-en-todo-el-mundo-2-suecia-un-oasis-en-europa","status":"publish","type":"post","link":"https:\/\/conversesacatalunya.cat\/es\/la-crisis-del-covid-19-en-todo-el-mundo-2-suecia-un-oasis-en-europa\/","title":{"rendered":"La crisis del Covid-19 en todo el mundo (2): Suecia, \u00bfun oasis en Europa?"},"content":{"rendered":"<p align=\"justify\">El pasado domingo, el primer ministro de Suecia, Stefan L\u00f6fven, se dirigi\u00f3 al pa\u00eds en un discurso en la televisi\u00f3n sobre la epidemia del Covid-19. La alocuci\u00f3n dur\u00f3 tan solo cinco minutos, durante los cuales record\u00f3 que la crisis sanitaria en su pa\u00eds se encontraba s\u00f3lo en su inicio.<\/p>\n<p align=\"justify\">L\u00f6fven avis\u00f3 a los ciudadanos de que el gobierno podr\u00eda tomar pr\u00f3ximamente decisiones que tendr\u00edan \u00abun impacto sobre la vida cotidiana\u00bb y llegar sin m\u00e1s preaviso. En medio del cierre generalizado en toda Europa, el primer ministro del pa\u00eds escandinavo no anunci\u00f3 ninguna medida concreta.<\/p>\n<p align=\"justify\">Suecia parece un oasis de paz (y actividad econ\u00f3mica) en medio de una Europa que alza barricadas por todas partes.<\/p>\n<p align=\"justify\">De momento, los suecos siguen acudiendo a los parques, yendo a los cines y haciendo las compras habituales. Los comercios permanecen en general abiertos, y s\u00f3lo los eventos de m\u00e1s de 500 personas han sido prohibidos.<\/p>\n<p align=\"justify\">Los ni\u00f1os van a la escuela, y la ense\u00f1anza s\u00f3lo se ha interrumpido en las universidades, que hacen cursos a distancia, pero mantienen abiertas sus instalaciones. El gobierno recomienda a los ciudadanos que presentan s\u00edntomas que no salgan de casa. Y da el mismo consejo a los mayores de 70 a\u00f1os en general.<\/p>\n<p align=\"justify\">La estrategia de Suecia ante el coronavirus, que ha sufrido hasta ahora 36 v\u00edctimas mortales, se resume en una palabra: progresividad. Como explica su ministro del interior, Mikael Damberg, \u00abno se trata de tomar la buena decisi\u00f3n, sino de tomarla en el momento oportuno\u00bb.<\/p>\n<p align=\"justify\">Pero esta manera de actuar cuesta entender incluso en el contexto de los disciplinados y organizados pa\u00edses n\u00f3rdicos: Noruega, Finlandia y Dinamarca han tomado medidas mucho m\u00e1s dr\u00e1sticas a pesar de presentar como su vecino sueco n\u00fameros de casos <a href=\"https:\/\/gisanddata.maps.arcgis.com\/apps\/opsdashboard\/index.html#\/bda7594740fd40299423467b48e9ecf6\" target=\"_blank\" rel=\"noopener noreferrer\">bajos<\/a> en comparaci\u00f3n a otros pa\u00edses europeos m\u00e1s al sur.<\/p>\n<p align=\"justify\">\u00bfPor qu\u00e9 Suecia no est\u00e1 actuando pues como otros pa\u00edses similares y que se encuentran ante una situaci\u00f3n pr\u00e1cticamente id\u00e9ntica?<\/p>\n<p align=\"justify\">Seg\u00fan la agencia sueca de salud, el confinamiento total que otros pa\u00edses han adoptado no es viable a largo plazo para que la poblaci\u00f3n no lo puede soportar. Otra <a href=\"https:\/\/www.lefigaro.fr\/international\/en-scandinavie-la-suede-resiste-au-confinement-20200323\" target=\"_blank\" rel=\"noopener noreferrer\">raz\u00f3n<\/a> que el epidemi\u00f3logo de estado Anders Tegnell da es que, adem\u00e1s, el confinamiento es contraproducente.<\/p>\n<div>\n<div tabindex=\"0\"><span lang=\"es\">Seg\u00fan afirma tomando el ejemplo de los colegios, los ni\u00f1os que no van a la escuela pueden de todas formas \u00abestar en contacto con muchas personas fuera de su c\u00edrculo habitual, como sus abuelos\u00bb. Adicionalmente, Tegnell prosigue, cerrar las escuelas tambi\u00e9n genera el problema de qu\u00e9 hacer con los ni\u00f1os del personal sanitario.<\/span><\/div>\n<div tabindex=\"0\"><\/div>\n<div tabindex=\"0\"><span lang=\"es\">La sociedad sueca tiene la reputaci\u00f3n de fiarse de sus expertos, que de momento no han sonado la alarma general. Pero tal vez lo hagan en breve para intentar evitar el colapso en los hospitales: el sistema de salud de Suecia atraviesa actualmente un momento de crisis.<\/span><\/div>\n<div tabindex=\"0\"><span lang=\"es\"><br \/>\nEl pa\u00eds s\u00f3lo cuenta con 5,1 camas de UCI por cada 100.000 habitantes, mientras que Alemania, con un PIB per c\u00e1pita de 10.000 d\u00f3lares inferior al de Suecia, cuenta con 9. Seg\u00fan la Sociedad Sueca de Anestesiolog\u00eda y Medicina de Cuidados Intensivos, en Suecia hay tan solo 574 respiraderos.<\/span><\/div>\n<div tabindex=\"0\"><span lang=\"es\"><br \/>\nSi se confirma un incremento sustancial en el n\u00famero de contagios, en los pr\u00f3ximos d\u00edas el gobierno de Stefan L\u00f6fven podr\u00eda cambiar dr\u00e1sticamente de direcci\u00f3n, tal y como el primer ministro avis\u00f3 en su discurso del domingo. Pero quiz\u00e1, como en el<a href=\"https:\/\/conversesacatalunya.cat\/es\/la-crisis-del-covid-19-en-todo-el-mundo-1-en-el-reino-unido-de-boris-johnson-la-realidad-se-va-imponiendo-poco-a-poco\/\" target=\"_blank\" rel=\"noopener noreferrer\"> Reino Unido<\/a>, la decisi\u00f3n habr\u00e1 llegado demasiado tarde.<\/span><\/div>\n<\/div>\n<div>\n<div><\/div>\n<\/div>\n<div>\n<div tabindex=\"0\" role=\"button\" aria-label=\"Comparteix la traducci\u00f3\" data-tooltip-align=\"t,c\" data-tooltip=\"Comparteix la traducci\u00f3\">\n<div><\/div>\n<\/div>\n<\/div>\n<p align=\"justify\"><span class='bctt-click-to-tweet'><span class='bctt-ctt-text'><a href='https:\/\/twitter.com\/intent\/tweet?url=https%3A%2F%2Fconversesacatalunya.cat%2Fes%2Fla-crisis-del-covid-19-en-todo-el-mundo-2-suecia-un-oasis-en-europa%2F&#038;text=El%20pa%C3%ADs%20s%C3%B3lo%20cuenta%20con%205%2C1%20camas%20en%20la%20UCI%20por%20cada%20100.000%20habitantes%2C%20mientras%20que%20Alemania%2C%20con%20un%20PIB%20per%20c%C3%A1pita%20de%2010.000%20d%C3%B3lares%20inferior%20al%20de%20Suecia%2C%20dispone%20de%209.&#038;via=conversesacat&#038;related=conversesacat' target='_blank'rel=\"noopener noreferrer\">El pa\u00eds s\u00f3lo cuenta con 5,1 camas en la UCI por cada 100.000 habitantes, mientras que Alemania, con un PIB per c\u00e1pita de 10.000 d\u00f3lares inferior al de Suecia, dispone de 9. <\/a><\/span><a href='https:\/\/twitter.com\/intent\/tweet?url=https%3A%2F%2Fconversesacatalunya.cat%2Fes%2Fla-crisis-del-covid-19-en-todo-el-mundo-2-suecia-un-oasis-en-europa%2F&#038;text=El%20pa%C3%ADs%20s%C3%B3lo%20cuenta%20con%205%2C1%20camas%20en%20la%20UCI%20por%20cada%20100.000%20habitantes%2C%20mientras%20que%20Alemania%2C%20con%20un%20PIB%20per%20c%C3%A1pita%20de%2010.000%20d%C3%B3lares%20inferior%20al%20de%20Suecia%2C%20dispone%20de%209.&#038;via=conversesacat&#038;related=conversesacat' target='_blank' class='bctt-ctt-btn'rel=\"noopener noreferrer\">Compartir en X<\/a><\/span>\n<p align=\"justify\">M\u00e1s informaci\u00f3n sobre el coronavirus en <a href=\"https:\/\/conversesacatalunya.cat\/es\/coronavirus\/\" target=\"_blank\" rel=\"noopener noreferrer\">ESPECIAL CORONAVIRUS<\/a><\/p>\n","protected":false},"excerpt":{"rendered":"<p>El pasado domingo, el primer ministro de Suecia, Stefan L\u00f6fven, se dirigi\u00f3 al pa\u00eds en un discurso en la televisi\u00f3n sobre la epidemia del Covid-19. La alocuci\u00f3n dur\u00f3 tan solo cinco minutos, durante los cuales record\u00f3 que la crisis sanitaria en su pa\u00eds se encontraba s\u00f3lo en su inicio. L\u00f6fven avis\u00f3 a los ciudadanos de que el gobierno podr\u00eda tomar pr\u00f3ximamente decisiones que tendr\u00edan \u00abun impacto sobre la vida cotidiana\u00bb y llegar sin m\u00e1s preaviso. En medio del cierre generalizado en toda Europa, el primer ministro del pa\u00eds escandinavo no anunci\u00f3 ninguna medida concreta. Suecia parece un oasis de paz (y actividad econ\u00f3mica) en medio de una Europa que alza barricadas por todas partes. De momento, los suecos siguen acudiendo a los parques, yendo a los cines y haciendo las compras habituales. Los comercios permanecen en general abiertos, y s\u00f3lo los eventos de m\u00e1s de 500 personas han sido prohibidos. Los ni\u00f1os van a la escuela, y la ense\u00f1anza s\u00f3lo se ha interrumpido en las universidades, que hacen cursos a distancia, pero mantienen abiertas sus instalaciones. El gobierno recomienda a los ciudadanos que presentan s\u00edntomas que no salgan de casa. Y da el mismo consejo a los mayores de 70 a\u00f1os en general. La estrategia de Suecia ante el coronavirus, que ha sufrido hasta ahora 36 v\u00edctimas mortales, se resume en una palabra: progresividad. Como explica su ministro del interior, Mikael Damberg, \u00abno se trata de tomar la buena decisi\u00f3n, sino de tomarla en el momento oportuno\u00bb. Pero esta manera de actuar cuesta entender incluso en el contexto de los disciplinados y organizados pa\u00edses n\u00f3rdicos: Noruega, Finlandia y Dinamarca han tomado medidas mucho m\u00e1s dr\u00e1sticas a pesar de presentar como su vecino sueco n\u00fameros de casos bajos en comparaci\u00f3n a otros pa\u00edses europeos m\u00e1s al sur. \u00bfPor qu\u00e9 Suecia no est\u00e1 actuando pues como otros pa\u00edses similares y que se encuentran ante una situaci\u00f3n pr\u00e1cticamente id\u00e9ntica? Seg\u00fan la agencia sueca de salud, el confinamiento total que otros pa\u00edses han adoptado no es viable a largo plazo para que la poblaci\u00f3n no lo puede soportar. Otra raz\u00f3n que el epidemi\u00f3logo de estado Anders Tegnell da es que, adem\u00e1s, el confinamiento es contraproducente. Seg\u00fan afirma tomando el ejemplo de los colegios, los ni\u00f1os que no van a la escuela pueden de todas formas \u00abestar en contacto con muchas personas fuera de su c\u00edrculo habitual, como sus abuelos\u00bb. Adicionalmente, Tegnell prosigue, cerrar las escuelas tambi\u00e9n genera el problema de qu\u00e9 hacer con los ni\u00f1os del personal sanitario. La sociedad sueca tiene la reputaci\u00f3n de fiarse de sus expertos, que de momento no han sonado la alarma general. Pero tal vez lo hagan en breve para intentar evitar el colapso en los hospitales: el sistema de salud de Suecia atraviesa actualmente un momento de crisis. El pa\u00eds s\u00f3lo cuenta con 5,1 camas de UCI por cada 100.000 habitantes, mientras que Alemania, con un PIB per c\u00e1pita de 10.000 d\u00f3lares inferior al de Suecia, cuenta con 9. Seg\u00fan la Sociedad Sueca de Anestesiolog\u00eda y Medicina de Cuidados Intensivos, en Suecia hay tan solo 574 respiraderos. Si se confirma un incremento sustancial en el n\u00famero de contagios, en los pr\u00f3ximos d\u00edas el gobierno de Stefan L\u00f6fven podr\u00eda cambiar dr\u00e1sticamente de direcci\u00f3n, tal y como el primer ministro avis\u00f3 en su discurso del domingo. Pero quiz\u00e1, como en el Reino Unido, la decisi\u00f3n habr\u00e1 llegado demasiado tarde. M\u00e1s informaci\u00f3n sobre el coronavirus en ESPECIAL CORONAVIRUS<\/p>\n","protected":false},"author":67,"featured_media":34020,"comment_status":"open","ping_status":"open","sticky":false,"template":"","format":"standard","meta":{"_FSMCFIC_featured_image_caption":"","_FSMCFIC_featured_image_nocaption":"","_FSMCFIC_featured_image_hide":"","footnotes":""},"categories":[1772,806],"tags":[1587,1968,1504,875,1818],"class_list":["post-34073","post","type-post","status-publish","format-standard","has-post-thumbnail","hentry","category-especial-coronavirus-es","category-punts-claus-del-dia-es","tag-alemania","tag-confinamiento","tag-coronavirus-es","tag-europa-es","tag-suecia-es"],"yoast_head":"<!-- This site is optimized with the Yoast SEO plugin v26.8 - https:\/\/yoast.com\/product\/yoast-seo-wordpress\/ -->\n<title>La crisis del Covid-19 en todo el mundo (2): Suecia, \u00bfun oasis en Europa? - Converses a Catalunya<\/title>\n<meta name=\"robots\" content=\"noindex, nofollow\" \/>\n<meta property=\"og:locale\" content=\"es_ES\" \/>\n<meta property=\"og:type\" content=\"article\" \/>\n<meta property=\"og:title\" content=\"La crisis del Covid-19 en todo el mundo (2): Suecia, \u00bfun oasis en Europa? - Converses a Catalunya\" \/>\n<meta property=\"og:description\" content=\"El pasado domingo, el primer ministro de Suecia, Stefan L\u00f6fven, se dirigi\u00f3 al pa\u00eds en un discurso en la televisi\u00f3n sobre la epidemia del Covid-19. La alocuci\u00f3n dur\u00f3 tan solo cinco minutos, durante los cuales record\u00f3 que la crisis sanitaria en su pa\u00eds se encontraba s\u00f3lo en su inicio. L\u00f6fven avis\u00f3 a los ciudadanos de que el gobierno podr\u00eda tomar pr\u00f3ximamente decisiones que tendr\u00edan \u00abun impacto sobre la vida cotidiana\u00bb y llegar sin m\u00e1s preaviso. En medio del cierre generalizado en toda Europa, el primer ministro del pa\u00eds escandinavo no anunci\u00f3 ninguna medida concreta. Suecia parece un oasis de paz (y actividad econ\u00f3mica) en medio de una Europa que alza barricadas por todas partes. De momento, los suecos siguen acudiendo a los parques, yendo a los cines y haciendo las compras habituales. Los comercios permanecen en general abiertos, y s\u00f3lo los eventos de m\u00e1s de 500 personas han sido prohibidos. Los ni\u00f1os van a la escuela, y la ense\u00f1anza s\u00f3lo se ha interrumpido en las universidades, que hacen cursos a distancia, pero mantienen abiertas sus instalaciones. El gobierno recomienda a los ciudadanos que presentan s\u00edntomas que no salgan de casa. Y da el mismo consejo a los mayores de 70 a\u00f1os en general. La estrategia de Suecia ante el coronavirus, que ha sufrido hasta ahora 36 v\u00edctimas mortales, se resume en una palabra: progresividad. Como explica su ministro del interior, Mikael Damberg, \u00abno se trata de tomar la buena decisi\u00f3n, sino de tomarla en el momento oportuno\u00bb. Pero esta manera de actuar cuesta entender incluso en el contexto de los disciplinados y organizados pa\u00edses n\u00f3rdicos: Noruega, Finlandia y Dinamarca han tomado medidas mucho m\u00e1s dr\u00e1sticas a pesar de presentar como su vecino sueco n\u00fameros de casos bajos en comparaci\u00f3n a otros pa\u00edses europeos m\u00e1s al sur. \u00bfPor qu\u00e9 Suecia no est\u00e1 actuando pues como otros pa\u00edses similares y que se encuentran ante una situaci\u00f3n pr\u00e1cticamente id\u00e9ntica? Seg\u00fan la agencia sueca de salud, el confinamiento total que otros pa\u00edses han adoptado no es viable a largo plazo para que la poblaci\u00f3n no lo puede soportar. Otra raz\u00f3n que el epidemi\u00f3logo de estado Anders Tegnell da es que, adem\u00e1s, el confinamiento es contraproducente. Seg\u00fan afirma tomando el ejemplo de los colegios, los ni\u00f1os que no van a la escuela pueden de todas formas \u00abestar en contacto con muchas personas fuera de su c\u00edrculo habitual, como sus abuelos\u00bb. Adicionalmente, Tegnell prosigue, cerrar las escuelas tambi\u00e9n genera el problema de qu\u00e9 hacer con los ni\u00f1os del personal sanitario. La sociedad sueca tiene la reputaci\u00f3n de fiarse de sus expertos, que de momento no han sonado la alarma general. Pero tal vez lo hagan en breve para intentar evitar el colapso en los hospitales: el sistema de salud de Suecia atraviesa actualmente un momento de crisis. El pa\u00eds s\u00f3lo cuenta con 5,1 camas de UCI por cada 100.000 habitantes, mientras que Alemania, con un PIB per c\u00e1pita de 10.000 d\u00f3lares inferior al de Suecia, cuenta con 9. Seg\u00fan la Sociedad Sueca de Anestesiolog\u00eda y Medicina de Cuidados Intensivos, en Suecia hay tan solo 574 respiraderos. Si se confirma un incremento sustancial en el n\u00famero de contagios, en los pr\u00f3ximos d\u00edas el gobierno de Stefan L\u00f6fven podr\u00eda cambiar dr\u00e1sticamente de direcci\u00f3n, tal y como el primer ministro avis\u00f3 en su discurso del domingo. Pero quiz\u00e1, como en el Reino Unido, la decisi\u00f3n habr\u00e1 llegado demasiado tarde. M\u00e1s informaci\u00f3n sobre el coronavirus en ESPECIAL CORONAVIRUS\" \/>\n<meta property=\"og:url\" content=\"https:\/\/conversesacatalunya.cat\/es\/la-crisis-del-covid-19-en-todo-el-mundo-2-suecia-un-oasis-en-europa\/\" \/>\n<meta property=\"og:site_name\" content=\"Converses a Catalunya\" \/>\n<meta property=\"article:published_time\" content=\"2020-03-24T21:20:27+00:00\" \/>\n<meta property=\"article:modified_time\" content=\"2020-03-26T10:58:06+00:00\" \/>\n<meta property=\"og:image\" content=\"https:\/\/conversesacatalunya.cat\/wp-content\/uploads\/2020\/03\/coronavirus-suecia.jpg\" \/>\n\t<meta property=\"og:image:width\" content=\"1024\" \/>\n\t<meta property=\"og:image:height\" content=\"683\" \/>\n\t<meta property=\"og:image:type\" content=\"image\/jpeg\" \/>\n<meta name=\"author\" content=\"conversesacatalunya\" \/>\n<meta name=\"twitter:card\" content=\"summary_large_image\" \/>\n<meta name=\"twitter:label1\" content=\"Escrito por\" \/>\n\t<meta name=\"twitter:data1\" content=\"conversesacatalunya\" \/>\n\t<meta name=\"twitter:label2\" content=\"Tiempo de lectura\" \/>\n\t<meta name=\"twitter:data2\" content=\"3 minutos\" \/>\n<script type=\"application\/ld+json\" class=\"yoast-schema-graph\">{\"@context\":\"https:\/\/schema.org\",\"@graph\":[{\"@type\":\"Article\",\"@id\":\"https:\/\/conversesacatalunya.cat\/es\/la-crisis-del-covid-19-en-todo-el-mundo-2-suecia-un-oasis-en-europa\/#article\",\"isPartOf\":{\"@id\":\"https:\/\/conversesacatalunya.cat\/es\/la-crisis-del-covid-19-en-todo-el-mundo-2-suecia-un-oasis-en-europa\/\"},\"author\":{\"name\":\"conversesacatalunya\",\"@id\":\"https:\/\/conversesacatalunya.cat\/#\/schema\/person\/c5a8ffe796b1512764aeb6d6d6fa0fc7\"},\"headline\":\"La crisis del Covid-19 en todo el mundo (2): Suecia, \u00bfun oasis en Europa?\",\"datePublished\":\"2020-03-24T21:20:27+00:00\",\"dateModified\":\"2020-03-26T10:58:06+00:00\",\"mainEntityOfPage\":{\"@id\":\"https:\/\/conversesacatalunya.cat\/es\/la-crisis-del-covid-19-en-todo-el-mundo-2-suecia-un-oasis-en-europa\/\"},\"wordCount\":671,\"commentCount\":0,\"image\":{\"@id\":\"https:\/\/conversesacatalunya.cat\/es\/la-crisis-del-covid-19-en-todo-el-mundo-2-suecia-un-oasis-en-europa\/#primaryimage\"},\"thumbnailUrl\":\"https:\/\/conversesacatalunya.cat\/wp-content\/uploads\/2020\/03\/coronavirus-suecia.jpg\",\"keywords\":[\"Alemania\",\"confinamiento\",\"coronavirus\",\"Europa\",\"Su\u00e8cia\"],\"articleSection\":[\"Especial Coronavirus (ES)\",\"Punts clau del dia (ES)\"],\"inLanguage\":\"es\",\"potentialAction\":[{\"@type\":\"CommentAction\",\"name\":\"Comment\",\"target\":[\"https:\/\/conversesacatalunya.cat\/es\/la-crisis-del-covid-19-en-todo-el-mundo-2-suecia-un-oasis-en-europa\/#respond\"]}]},{\"@type\":\"WebPage\",\"@id\":\"https:\/\/conversesacatalunya.cat\/es\/la-crisis-del-covid-19-en-todo-el-mundo-2-suecia-un-oasis-en-europa\/\",\"url\":\"https:\/\/conversesacatalunya.cat\/es\/la-crisis-del-covid-19-en-todo-el-mundo-2-suecia-un-oasis-en-europa\/\",\"name\":\"La crisis del Covid-19 en todo el mundo (2): Suecia, \u00bfun oasis en Europa? - Converses a Catalunya\",\"isPartOf\":{\"@id\":\"https:\/\/conversesacatalunya.cat\/#website\"},\"primaryImageOfPage\":{\"@id\":\"https:\/\/conversesacatalunya.cat\/es\/la-crisis-del-covid-19-en-todo-el-mundo-2-suecia-un-oasis-en-europa\/#primaryimage\"},\"image\":{\"@id\":\"https:\/\/conversesacatalunya.cat\/es\/la-crisis-del-covid-19-en-todo-el-mundo-2-suecia-un-oasis-en-europa\/#primaryimage\"},\"thumbnailUrl\":\"https:\/\/conversesacatalunya.cat\/wp-content\/uploads\/2020\/03\/coronavirus-suecia.jpg\",\"datePublished\":\"2020-03-24T21:20:27+00:00\",\"dateModified\":\"2020-03-26T10:58:06+00:00\",\"author\":{\"@id\":\"https:\/\/conversesacatalunya.cat\/#\/schema\/person\/c5a8ffe796b1512764aeb6d6d6fa0fc7\"},\"breadcrumb\":{\"@id\":\"https:\/\/conversesacatalunya.cat\/es\/la-crisis-del-covid-19-en-todo-el-mundo-2-suecia-un-oasis-en-europa\/#breadcrumb\"},\"inLanguage\":\"es\",\"potentialAction\":[{\"@type\":\"ReadAction\",\"target\":[\"https:\/\/conversesacatalunya.cat\/es\/la-crisis-del-covid-19-en-todo-el-mundo-2-suecia-un-oasis-en-europa\/\"]}]},{\"@type\":\"ImageObject\",\"inLanguage\":\"es\",\"@id\":\"https:\/\/conversesacatalunya.cat\/es\/la-crisis-del-covid-19-en-todo-el-mundo-2-suecia-un-oasis-en-europa\/#primaryimage\",\"url\":\"https:\/\/conversesacatalunya.cat\/wp-content\/uploads\/2020\/03\/coronavirus-suecia.jpg\",\"contentUrl\":\"https:\/\/conversesacatalunya.cat\/wp-content\/uploads\/2020\/03\/coronavirus-suecia.jpg\",\"width\":1024,\"height\":683,\"caption\":\"A passenger arriving in Stockholm's Arlanda airport is greeted by signs produced by the public health agency advising travelers what to do if they show symptoms of infection by the new coronavirus after arriving in Sweden on March 5, 2020. (Photo by Jonathan NACKSTRAND \/ AFP)\"},{\"@type\":\"BreadcrumbList\",\"@id\":\"https:\/\/conversesacatalunya.cat\/es\/la-crisis-del-covid-19-en-todo-el-mundo-2-suecia-un-oasis-en-europa\/#breadcrumb\",\"itemListElement\":[{\"@type\":\"ListItem\",\"position\":1,\"name\":\"Inici\",\"item\":\"https:\/\/conversesacatalunya.cat\/es\/\"},{\"@type\":\"ListItem\",\"position\":2,\"name\":\"La crisis del Covid-19 en todo el mundo (2): Suecia, \u00bfun oasis en Europa?\"}]},{\"@type\":\"WebSite\",\"@id\":\"https:\/\/conversesacatalunya.cat\/#website\",\"url\":\"https:\/\/conversesacatalunya.cat\/\",\"name\":\"Converses a Catalunya\",\"description\":\"\",\"potentialAction\":[{\"@type\":\"SearchAction\",\"target\":{\"@type\":\"EntryPoint\",\"urlTemplate\":\"https:\/\/conversesacatalunya.cat\/?s={search_term_string}\"},\"query-input\":{\"@type\":\"PropertyValueSpecification\",\"valueRequired\":true,\"valueName\":\"search_term_string\"}}],\"inLanguage\":\"es\"},{\"@type\":\"Person\",\"@id\":\"https:\/\/conversesacatalunya.cat\/#\/schema\/person\/c5a8ffe796b1512764aeb6d6d6fa0fc7\",\"name\":\"conversesacatalunya\",\"image\":{\"@type\":\"ImageObject\",\"inLanguage\":\"es\",\"@id\":\"https:\/\/conversesacatalunya.cat\/#\/schema\/person\/image\/\",\"url\":\"https:\/\/conversesacatalunya.cat\/wp-content\/litespeed\/avatar\/02659ee938034c59a151ae106ade943e.jpg?ver=1777051754\",\"contentUrl\":\"https:\/\/conversesacatalunya.cat\/wp-content\/litespeed\/avatar\/02659ee938034c59a151ae106ade943e.jpg?ver=1777051754\",\"caption\":\"conversesacatalunya\"},\"url\":\"https:\/\/conversesacatalunya.cat\/es\/author\/carles_lopez\/\"}]}<\/script>\n<!-- \/ Yoast SEO plugin. -->","yoast_head_json":{"title":"La crisis del Covid-19 en todo el mundo (2): Suecia, \u00bfun oasis en Europa? - Converses a Catalunya","robots":{"index":"noindex","follow":"nofollow"},"og_locale":"es_ES","og_type":"article","og_title":"La crisis del Covid-19 en todo el mundo (2): Suecia, \u00bfun oasis en Europa? - Converses a Catalunya","og_description":"El pasado domingo, el primer ministro de Suecia, Stefan L\u00f6fven, se dirigi\u00f3 al pa\u00eds en un discurso en la televisi\u00f3n sobre la epidemia del Covid-19. La alocuci\u00f3n dur\u00f3 tan solo cinco minutos, durante los cuales record\u00f3 que la crisis sanitaria en su pa\u00eds se encontraba s\u00f3lo en su inicio. L\u00f6fven avis\u00f3 a los ciudadanos de que el gobierno podr\u00eda tomar pr\u00f3ximamente decisiones que tendr\u00edan \u00abun impacto sobre la vida cotidiana\u00bb y llegar sin m\u00e1s preaviso. En medio del cierre generalizado en toda Europa, el primer ministro del pa\u00eds escandinavo no anunci\u00f3 ninguna medida concreta. Suecia parece un oasis de paz (y actividad econ\u00f3mica) en medio de una Europa que alza barricadas por todas partes. De momento, los suecos siguen acudiendo a los parques, yendo a los cines y haciendo las compras habituales. Los comercios permanecen en general abiertos, y s\u00f3lo los eventos de m\u00e1s de 500 personas han sido prohibidos. Los ni\u00f1os van a la escuela, y la ense\u00f1anza s\u00f3lo se ha interrumpido en las universidades, que hacen cursos a distancia, pero mantienen abiertas sus instalaciones. El gobierno recomienda a los ciudadanos que presentan s\u00edntomas que no salgan de casa. Y da el mismo consejo a los mayores de 70 a\u00f1os en general. La estrategia de Suecia ante el coronavirus, que ha sufrido hasta ahora 36 v\u00edctimas mortales, se resume en una palabra: progresividad. Como explica su ministro del interior, Mikael Damberg, \u00abno se trata de tomar la buena decisi\u00f3n, sino de tomarla en el momento oportuno\u00bb. Pero esta manera de actuar cuesta entender incluso en el contexto de los disciplinados y organizados pa\u00edses n\u00f3rdicos: Noruega, Finlandia y Dinamarca han tomado medidas mucho m\u00e1s dr\u00e1sticas a pesar de presentar como su vecino sueco n\u00fameros de casos bajos en comparaci\u00f3n a otros pa\u00edses europeos m\u00e1s al sur. \u00bfPor qu\u00e9 Suecia no est\u00e1 actuando pues como otros pa\u00edses similares y que se encuentran ante una situaci\u00f3n pr\u00e1cticamente id\u00e9ntica? Seg\u00fan la agencia sueca de salud, el confinamiento total que otros pa\u00edses han adoptado no es viable a largo plazo para que la poblaci\u00f3n no lo puede soportar. Otra raz\u00f3n que el epidemi\u00f3logo de estado Anders Tegnell da es que, adem\u00e1s, el confinamiento es contraproducente. Seg\u00fan afirma tomando el ejemplo de los colegios, los ni\u00f1os que no van a la escuela pueden de todas formas \u00abestar en contacto con muchas personas fuera de su c\u00edrculo habitual, como sus abuelos\u00bb. Adicionalmente, Tegnell prosigue, cerrar las escuelas tambi\u00e9n genera el problema de qu\u00e9 hacer con los ni\u00f1os del personal sanitario. La sociedad sueca tiene la reputaci\u00f3n de fiarse de sus expertos, que de momento no han sonado la alarma general. Pero tal vez lo hagan en breve para intentar evitar el colapso en los hospitales: el sistema de salud de Suecia atraviesa actualmente un momento de crisis. El pa\u00eds s\u00f3lo cuenta con 5,1 camas de UCI por cada 100.000 habitantes, mientras que Alemania, con un PIB per c\u00e1pita de 10.000 d\u00f3lares inferior al de Suecia, cuenta con 9. Seg\u00fan la Sociedad Sueca de Anestesiolog\u00eda y Medicina de Cuidados Intensivos, en Suecia hay tan solo 574 respiraderos. Si se confirma un incremento sustancial en el n\u00famero de contagios, en los pr\u00f3ximos d\u00edas el gobierno de Stefan L\u00f6fven podr\u00eda cambiar dr\u00e1sticamente de direcci\u00f3n, tal y como el primer ministro avis\u00f3 en su discurso del domingo. Pero quiz\u00e1, como en el Reino Unido, la decisi\u00f3n habr\u00e1 llegado demasiado tarde. M\u00e1s informaci\u00f3n sobre el coronavirus en ESPECIAL CORONAVIRUS","og_url":"https:\/\/conversesacatalunya.cat\/es\/la-crisis-del-covid-19-en-todo-el-mundo-2-suecia-un-oasis-en-europa\/","og_site_name":"Converses a Catalunya","article_published_time":"2020-03-24T21:20:27+00:00","article_modified_time":"2020-03-26T10:58:06+00:00","og_image":[{"width":1024,"height":683,"url":"https:\/\/conversesacatalunya.cat\/wp-content\/uploads\/2020\/03\/coronavirus-suecia.jpg","type":"image\/jpeg"}],"author":"conversesacatalunya","twitter_card":"summary_large_image","twitter_misc":{"Escrito por":"conversesacatalunya","Tiempo de lectura":"3 minutos"},"schema":{"@context":"https:\/\/schema.org","@graph":[{"@type":"Article","@id":"https:\/\/conversesacatalunya.cat\/es\/la-crisis-del-covid-19-en-todo-el-mundo-2-suecia-un-oasis-en-europa\/#article","isPartOf":{"@id":"https:\/\/conversesacatalunya.cat\/es\/la-crisis-del-covid-19-en-todo-el-mundo-2-suecia-un-oasis-en-europa\/"},"author":{"name":"conversesacatalunya","@id":"https:\/\/conversesacatalunya.cat\/#\/schema\/person\/c5a8ffe796b1512764aeb6d6d6fa0fc7"},"headline":"La crisis del Covid-19 en todo el mundo (2): Suecia, \u00bfun oasis en Europa?","datePublished":"2020-03-24T21:20:27+00:00","dateModified":"2020-03-26T10:58:06+00:00","mainEntityOfPage":{"@id":"https:\/\/conversesacatalunya.cat\/es\/la-crisis-del-covid-19-en-todo-el-mundo-2-suecia-un-oasis-en-europa\/"},"wordCount":671,"commentCount":0,"image":{"@id":"https:\/\/conversesacatalunya.cat\/es\/la-crisis-del-covid-19-en-todo-el-mundo-2-suecia-un-oasis-en-europa\/#primaryimage"},"thumbnailUrl":"https:\/\/conversesacatalunya.cat\/wp-content\/uploads\/2020\/03\/coronavirus-suecia.jpg","keywords":["Alemania","confinamiento","coronavirus","Europa","Su\u00e8cia"],"articleSection":["Especial Coronavirus (ES)","Punts clau del dia (ES)"],"inLanguage":"es","potentialAction":[{"@type":"CommentAction","name":"Comment","target":["https:\/\/conversesacatalunya.cat\/es\/la-crisis-del-covid-19-en-todo-el-mundo-2-suecia-un-oasis-en-europa\/#respond"]}]},{"@type":"WebPage","@id":"https:\/\/conversesacatalunya.cat\/es\/la-crisis-del-covid-19-en-todo-el-mundo-2-suecia-un-oasis-en-europa\/","url":"https:\/\/conversesacatalunya.cat\/es\/la-crisis-del-covid-19-en-todo-el-mundo-2-suecia-un-oasis-en-europa\/","name":"La crisis del Covid-19 en todo el mundo (2): Suecia, \u00bfun oasis en Europa? - Converses a Catalunya","isPartOf":{"@id":"https:\/\/conversesacatalunya.cat\/#website"},"primaryImageOfPage":{"@id":"https:\/\/conversesacatalunya.cat\/es\/la-crisis-del-covid-19-en-todo-el-mundo-2-suecia-un-oasis-en-europa\/#primaryimage"},"image":{"@id":"https:\/\/conversesacatalunya.cat\/es\/la-crisis-del-covid-19-en-todo-el-mundo-2-suecia-un-oasis-en-europa\/#primaryimage"},"thumbnailUrl":"https:\/\/conversesacatalunya.cat\/wp-content\/uploads\/2020\/03\/coronavirus-suecia.jpg","datePublished":"2020-03-24T21:20:27+00:00","dateModified":"2020-03-26T10:58:06+00:00","author":{"@id":"https:\/\/conversesacatalunya.cat\/#\/schema\/person\/c5a8ffe796b1512764aeb6d6d6fa0fc7"},"breadcrumb":{"@id":"https:\/\/conversesacatalunya.cat\/es\/la-crisis-del-covid-19-en-todo-el-mundo-2-suecia-un-oasis-en-europa\/#breadcrumb"},"inLanguage":"es","potentialAction":[{"@type":"ReadAction","target":["https:\/\/conversesacatalunya.cat\/es\/la-crisis-del-covid-19-en-todo-el-mundo-2-suecia-un-oasis-en-europa\/"]}]},{"@type":"ImageObject","inLanguage":"es","@id":"https:\/\/conversesacatalunya.cat\/es\/la-crisis-del-covid-19-en-todo-el-mundo-2-suecia-un-oasis-en-europa\/#primaryimage","url":"https:\/\/conversesacatalunya.cat\/wp-content\/uploads\/2020\/03\/coronavirus-suecia.jpg","contentUrl":"https:\/\/conversesacatalunya.cat\/wp-content\/uploads\/2020\/03\/coronavirus-suecia.jpg","width":1024,"height":683,"caption":"A passenger arriving in Stockholm's Arlanda airport is greeted by signs produced by the public health agency advising travelers what to do if they show symptoms of infection by the new coronavirus after arriving in Sweden on March 5, 2020. (Photo by Jonathan NACKSTRAND \/ AFP)"},{"@type":"BreadcrumbList","@id":"https:\/\/conversesacatalunya.cat\/es\/la-crisis-del-covid-19-en-todo-el-mundo-2-suecia-un-oasis-en-europa\/#breadcrumb","itemListElement":[{"@type":"ListItem","position":1,"name":"Inici","item":"https:\/\/conversesacatalunya.cat\/es\/"},{"@type":"ListItem","position":2,"name":"La crisis del Covid-19 en todo el mundo (2): Suecia, \u00bfun oasis en Europa?"}]},{"@type":"WebSite","@id":"https:\/\/conversesacatalunya.cat\/#website","url":"https:\/\/conversesacatalunya.cat\/","name":"Converses a Catalunya","description":"","potentialAction":[{"@type":"SearchAction","target":{"@type":"EntryPoint","urlTemplate":"https:\/\/conversesacatalunya.cat\/?s={search_term_string}"},"query-input":{"@type":"PropertyValueSpecification","valueRequired":true,"valueName":"search_term_string"}}],"inLanguage":"es"},{"@type":"Person","@id":"https:\/\/conversesacatalunya.cat\/#\/schema\/person\/c5a8ffe796b1512764aeb6d6d6fa0fc7","name":"conversesacatalunya","image":{"@type":"ImageObject","inLanguage":"es","@id":"https:\/\/conversesacatalunya.cat\/#\/schema\/person\/image\/","url":"https:\/\/conversesacatalunya.cat\/wp-content\/litespeed\/avatar\/02659ee938034c59a151ae106ade943e.jpg?ver=1777051754","contentUrl":"https:\/\/conversesacatalunya.cat\/wp-content\/litespeed\/avatar\/02659ee938034c59a151ae106ade943e.jpg?ver=1777051754","caption":"conversesacatalunya"},"url":"https:\/\/conversesacatalunya.cat\/es\/author\/carles_lopez\/"}]}},"wps_subtitle":"El pa\u00eds retrasa las medidas restrictivas en un momento de crisis de su sistema de salud. Pero seg\u00fan el ministro del interior de Suecia, Mikael Damberg, \"no se trata de tomar la buena decisi\u00f3n, sino de tomarla en el momento oportuno\".","_links":{"self":[{"href":"https:\/\/conversesacatalunya.cat\/es\/wp-json\/wp\/v2\/posts\/34073","targetHints":{"allow":["GET"]}}],"collection":[{"href":"https:\/\/conversesacatalunya.cat\/es\/wp-json\/wp\/v2\/posts"}],"about":[{"href":"https:\/\/conversesacatalunya.cat\/es\/wp-json\/wp\/v2\/types\/post"}],"author":[{"embeddable":true,"href":"https:\/\/conversesacatalunya.cat\/es\/wp-json\/wp\/v2\/users\/67"}],"replies":[{"embeddable":true,"href":"https:\/\/conversesacatalunya.cat\/es\/wp-json\/wp\/v2\/comments?post=34073"}],"version-history":[{"count":4,"href":"https:\/\/conversesacatalunya.cat\/es\/wp-json\/wp\/v2\/posts\/34073\/revisions"}],"predecessor-version":[{"id":34089,"href":"https:\/\/conversesacatalunya.cat\/es\/wp-json\/wp\/v2\/posts\/34073\/revisions\/34089"}],"wp:featuredmedia":[{"embeddable":true,"href":"https:\/\/conversesacatalunya.cat\/es\/wp-json\/wp\/v2\/media\/34020"}],"wp:attachment":[{"href":"https:\/\/conversesacatalunya.cat\/es\/wp-json\/wp\/v2\/media?parent=34073"}],"wp:term":[{"taxonomy":"category","embeddable":true,"href":"https:\/\/conversesacatalunya.cat\/es\/wp-json\/wp\/v2\/categories?post=34073"},{"taxonomy":"post_tag","embeddable":true,"href":"https:\/\/conversesacatalunya.cat\/es\/wp-json\/wp\/v2\/tags?post=34073"}],"curies":[{"name":"wp","href":"https:\/\/api.w.org\/{rel}","templated":true}]}}