{"id":34060,"date":"2020-03-25T16:05:40","date_gmt":"2020-03-25T15:05:40","guid":{"rendered":"https:\/\/conversesacatalunya.cat\/?p=34060"},"modified":"2020-03-25T13:08:56","modified_gmt":"2020-03-25T12:08:56","slug":"vox-intenta-excluir-a-los-sin-papeles-de-la-sanidad-publica","status":"publish","type":"post","link":"https:\/\/conversesacatalunya.cat\/es\/vox-intenta-excluir-a-los-sin-papeles-de-la-sanidad-publica\/","title":{"rendered":"VOX intenta excluir a los sin papeles de la sanidad p\u00fablica"},"content":{"rendered":"<p>Con motivo del <a href=\"https:\/\/www.lavanguardia.com\/politica\/20200325\/4886067036\/congreso-avala-prorroga-estado-alarma.html\" target=\"_blank\" rel=\"noopener noreferrer\">nuevo debate para aprobar la pr\u00f3rroga del periodo de alarma<\/a>, Vox pretende incorporar una medida, <strong>excluyendo de la sanidad universal a los sin papeles mientras dure la alerta<\/strong>. De esta manera, lo que se conseguir\u00eda es que los afectados no acudieran a los servicios m\u00e9dicos por no poder pagar las atenciones y las pruebas necesarias. Es una iniciativa que merece el m\u00e1s absoluto rechazo, la m\u00e1s total reprobaci\u00f3n.<\/p>\n<p>En nombre de reducir la saturaci\u00f3n lo que consigue es un acto de lesa inhumanidad y la creaci\u00f3n de un gran peligro, porque es contrario a la <strong>m\u00e1s m\u00ednima racionalidad p\u00fablica<\/strong>. Estamos ante una epidemia donde lo decisivo es cortar el contagio y reducir los focos. <strong>Dejar un gran reducto<\/strong> como es el de los inmigrantes sin papeles, fuera de toda percepci\u00f3n, significa el gran riego de aceptar un <strong>reservorio v\u00edrico de contagio<\/strong> y portadores asintom\u00e1ticos sin detectar, que contribuir\u00edan a la expansi\u00f3n del coronavirus, y ser\u00edan una bomba de relojer\u00eda al desaparecer el estado de alarma, y al empezar a transitar personas no inmunizadas a causa del confinamiento.<\/p>\n<p>Si resulta criticable la <strong>gran irresponsabilidad del gobierno<\/strong> y del feminismo oficial con la manifestaci\u00f3n del 8 de marzo, como muestra de los peligros del sectarismo ideol\u00f3gico, ahora hay que decir algo parecido ante el intento -no pasar\u00e1 de ah\u00ed- de VOX, de excluir a los sin papeles de la sanidad.<\/p>\n<p>Adem\u00e1s, es una contradicci\u00f3n flagrante con la cultura cristiana que dicen defender. \u00bfHay que recordarles lo que realmente dice el Evangelio? Porque Vox choca frontalmente con \u00e9l:<\/p>\n<blockquote><p><em>Porque tuve hambre, y me disteis de comer; porque tuve sed y me disteis de beber; peregrin\u00e9 y me acogisteis; estaba desnudo y me vestisteis; Enfermo y me visitasteis; preso y vinisteis a verme\u2026 \u00bfSe\u00f1or, cu\u00e1ndo te vimos hambriento y te alimentamos, sediento y te dimos de beber? \u00bfCu\u00e1ndo te vimos peregrino y te acogimos, desnudo y te vestimos? \u00bfCu\u00e1ndo te vimos enfermo o en la c\u00e1rcel y fuimos a verte?\u201d<\/em>. Y Jes\u00fas les contesta \u201c<em>En verdad os digo que cuantas veces hicisteis eso a uno de estos, <strong>mis hermanos menores <\/strong>a m\u00ed me lo hicisteis<\/em>\u201d.<\/p><\/blockquote>\n<p>Cuando Vox pide eliminar la sanidad gratuita a las personas sin papeles, est\u00e1 diciendo, que deje de atender a todo seguidor de Jes\u00fas, porque es a \u00c9l a quien se est\u00e1 expulsando de un servicio vital como es la atenci\u00f3n sanitaria. <strong>Cualquier cristiano, m\u00e1s si simpatiza con Vox, <\/strong>debe rechazar este mal, que es grande.<\/p>\n<span class='bctt-click-to-tweet'><span class='bctt-ctt-text'><a href='https:\/\/twitter.com\/intent\/tweet?url=https%3A%2F%2Fconversesacatalunya.cat%2Fes%2Fvox-intenta-excluir-a-los-sin-papeles-de-la-sanidad-publica%2F&#038;text=Vox%20pretende%20incorporar%20una%20medida%2C%20excluyendo%20de%20la%20sanidad%20universal%20a%20los%20sin%20papeles%20mientras%20dure%20la%20alerta&#038;via=conversesacat&#038;related=conversesacat' target='_blank'rel=\"noopener noreferrer\">Vox pretende incorporar una medida, excluyendo de la sanidad universal a los sin papeles mientras dure la alerta <\/a><\/span><a href='https:\/\/twitter.com\/intent\/tweet?url=https%3A%2F%2Fconversesacatalunya.cat%2Fes%2Fvox-intenta-excluir-a-los-sin-papeles-de-la-sanidad-publica%2F&#038;text=Vox%20pretende%20incorporar%20una%20medida%2C%20excluyendo%20de%20la%20sanidad%20universal%20a%20los%20sin%20papeles%20mientras%20dure%20la%20alerta&#038;via=conversesacat&#038;related=conversesacat' target='_blank' class='bctt-ctt-btn'rel=\"noopener noreferrer\">Compartir en X<\/a><\/span>\n<p>Para redondearlo, y sin m\u00e1s, Vox aprovecha aquello de que el Pisuerga pasa por Valladolid, para introducir como enmienda a la pr\u00f3rroga del Estado de Alarma la supresi\u00f3n de la autonom\u00eda de Catalu\u00f1a. Solo la de Catalu\u00f1a, y eso a pesar de que quien manda bajo ese estado en Catalu\u00f1a es directamente el gobierno espa\u00f1ol. Vox ha acabado mostrando que su esclavitud ideol\u00f3gica le hace sacrificar la tragedia del coronavirus en el altar de sus dogmas antimigrantes y anticatalanes.<\/p>\n<p style=\"text-align: center;\"><strong>M\u00e1s informaci\u00f3n sobre el coronavirus en <a href=\"https:\/\/conversesacatalunya.cat\/es\/coronavirus\/\" target=\"_blank\" rel=\"noopener noreferrer\"><span style=\"color: #ff0000;\">ESPECIAL CORONAVIRUS<\/span><\/a><\/strong><\/p>\n","protected":false},"excerpt":{"rendered":"<p>Con motivo del nuevo debate para aprobar la pr\u00f3rroga del periodo de alarma, Vox pretende incorporar una medida, excluyendo de la sanidad universal a los sin papeles mientras dure la alerta. De esta manera, lo que se conseguir\u00eda es que los afectados no acudieran a los servicios m\u00e9dicos por no poder pagar las atenciones y las pruebas necesarias. Es una iniciativa que merece el m\u00e1s absoluto rechazo, la m\u00e1s total reprobaci\u00f3n. En nombre de reducir la saturaci\u00f3n lo que consigue es un acto de lesa inhumanidad y la creaci\u00f3n de un gran peligro, porque es contrario a la m\u00e1s m\u00ednima racionalidad p\u00fablica. Estamos ante una epidemia donde lo decisivo es cortar el contagio y reducir los focos. Dejar un gran reducto como es el de los inmigrantes sin papeles, fuera de toda percepci\u00f3n, significa el gran riego de aceptar un reservorio v\u00edrico de contagio y portadores asintom\u00e1ticos sin detectar, que contribuir\u00edan a la expansi\u00f3n del coronavirus, y ser\u00edan una bomba de relojer\u00eda al desaparecer el estado de alarma, y al empezar a transitar personas no inmunizadas a causa del confinamiento. Si resulta criticable la gran irresponsabilidad del gobierno y del feminismo oficial con la manifestaci\u00f3n del 8 de marzo, como muestra de los peligros del sectarismo ideol\u00f3gico, ahora hay que decir algo parecido ante el intento -no pasar\u00e1 de ah\u00ed- de VOX, de excluir a los sin papeles de la sanidad. Adem\u00e1s, es una contradicci\u00f3n flagrante con la cultura cristiana que dicen defender. \u00bfHay que recordarles lo que realmente dice el Evangelio? Porque Vox choca frontalmente con \u00e9l: Porque tuve hambre, y me disteis de comer; porque tuve sed y me disteis de beber; peregrin\u00e9 y me acogisteis; estaba desnudo y me vestisteis; Enfermo y me visitasteis; preso y vinisteis a verme\u2026 \u00bfSe\u00f1or, cu\u00e1ndo te vimos hambriento y te alimentamos, sediento y te dimos de beber? \u00bfCu\u00e1ndo te vimos peregrino y te acogimos, desnudo y te vestimos? \u00bfCu\u00e1ndo te vimos enfermo o en la c\u00e1rcel y fuimos a verte?\u201d. Y Jes\u00fas les contesta \u201cEn verdad os digo que cuantas veces hicisteis eso a uno de estos, mis hermanos menores a m\u00ed me lo hicisteis\u201d. Cuando Vox pide eliminar la sanidad gratuita a las personas sin papeles, est\u00e1 diciendo, que deje de atender a todo seguidor de Jes\u00fas, porque es a \u00c9l a quien se est\u00e1 expulsando de un servicio vital como es la atenci\u00f3n sanitaria. Cualquier cristiano, m\u00e1s si simpatiza con Vox, debe rechazar este mal, que es grande. Para redondearlo, y sin m\u00e1s, Vox aprovecha aquello de que el Pisuerga pasa por Valladolid, para introducir como enmienda a la pr\u00f3rroga del Estado de Alarma la supresi\u00f3n de la autonom\u00eda de Catalu\u00f1a. Solo la de Catalu\u00f1a, y eso a pesar de que quien manda bajo ese estado en Catalu\u00f1a es directamente el gobierno espa\u00f1ol. Vox ha acabado mostrando que su esclavitud ideol\u00f3gica le hace sacrificar la tragedia del coronavirus en el altar de sus dogmas antimigrantes y anticatalanes. M\u00e1s informaci\u00f3n sobre el coronavirus en ESPECIAL CORONAVIRUS<\/p>\n","protected":false},"author":2,"featured_media":34062,"comment_status":"open","ping_status":"open","sticky":false,"template":"","format":"standard","meta":{"_FSMCFIC_featured_image_caption":"","_FSMCFIC_featured_image_nocaption":"","_FSMCFIC_featured_image_hide":"","footnotes":""},"categories":[1772,806],"tags":[1504,1966],"class_list":["post-34060","post","type-post","status-publish","format-standard","has-post-thumbnail","hentry","category-especial-coronavirus-es","category-punts-claus-del-dia-es","tag-coronavirus-es","tag-vox-es"],"yoast_head":"<!-- This site is optimized with the Yoast SEO plugin v26.8 - https:\/\/yoast.com\/product\/yoast-seo-wordpress\/ -->\n<title>VOX intenta excluir a los sin papeles de la sanidad p\u00fablica - Converses a Catalunya<\/title>\n<meta name=\"description\" content=\"Vox pretende incorporar una medida, excluyendo de la sanidad universal a los sin papeles mientras dure la alerta\" \/>\n<meta name=\"robots\" content=\"index, follow, max-snippet:-1, max-image-preview:large, max-video-preview:-1\" \/>\n<link rel=\"canonical\" href=\"https:\/\/conversesacatalunya.cat\/es\/vox-intenta-excluir-a-los-sin-papeles-de-la-sanidad-publica\/\" \/>\n<meta property=\"og:locale\" content=\"es_ES\" \/>\n<meta property=\"og:type\" content=\"article\" \/>\n<meta property=\"og:title\" content=\"VOX intenta excluir a los sin papeles de la sanidad p\u00fablica - Converses a Catalunya\" \/>\n<meta property=\"og:description\" content=\"Vox pretende incorporar una medida, excluyendo de la sanidad universal a los sin papeles mientras dure la alerta\" \/>\n<meta property=\"og:url\" content=\"https:\/\/conversesacatalunya.cat\/es\/vox-intenta-excluir-a-los-sin-papeles-de-la-sanidad-publica\/\" \/>\n<meta property=\"og:site_name\" content=\"Converses a Catalunya\" \/>\n<meta property=\"article:published_time\" content=\"2020-03-25T15:05:40+00:00\" \/>\n<meta property=\"og:image\" content=\"https:\/\/conversesacatalunya.cat\/wp-content\/uploads\/2020\/03\/coronavirus-15.jpg\" \/>\n\t<meta property=\"og:image:width\" content=\"620\" \/>\n\t<meta property=\"og:image:height\" content=\"368\" \/>\n\t<meta property=\"og:image:type\" content=\"image\/jpeg\" \/>\n<meta name=\"author\" content=\"conversesacatalunya\" \/>\n<meta name=\"twitter:card\" content=\"summary_large_image\" \/>\n<meta name=\"twitter:label1\" content=\"Escrito por\" \/>\n\t<meta name=\"twitter:data1\" content=\"conversesacatalunya\" \/>\n\t<meta name=\"twitter:label2\" content=\"Tiempo de lectura\" \/>\n\t<meta name=\"twitter:data2\" content=\"3 minutos\" \/>\n<script type=\"application\/ld+json\" class=\"yoast-schema-graph\">{\"@context\":\"https:\/\/schema.org\",\"@graph\":[{\"@type\":\"Article\",\"@id\":\"https:\/\/conversesacatalunya.cat\/es\/vox-intenta-excluir-a-los-sin-papeles-de-la-sanidad-publica\/#article\",\"isPartOf\":{\"@id\":\"https:\/\/conversesacatalunya.cat\/es\/vox-intenta-excluir-a-los-sin-papeles-de-la-sanidad-publica\/\"},\"author\":{\"name\":\"conversesacatalunya\",\"@id\":\"https:\/\/conversesacatalunya.cat\/#\/schema\/person\/7e24d1e54a2785373ddcb275eae5ed99\"},\"headline\":\"VOX intenta excluir a los sin papeles de la sanidad p\u00fablica\",\"datePublished\":\"2020-03-25T15:05:40+00:00\",\"mainEntityOfPage\":{\"@id\":\"https:\/\/conversesacatalunya.cat\/es\/vox-intenta-excluir-a-los-sin-papeles-de-la-sanidad-publica\/\"},\"wordCount\":572,\"commentCount\":0,\"image\":{\"@id\":\"https:\/\/conversesacatalunya.cat\/es\/vox-intenta-excluir-a-los-sin-papeles-de-la-sanidad-publica\/#primaryimage\"},\"thumbnailUrl\":\"https:\/\/conversesacatalunya.cat\/wp-content\/uploads\/2020\/03\/coronavirus-15.jpg\",\"keywords\":[\"coronavirus\",\"VOX\"],\"articleSection\":[\"Especial Coronavirus (ES)\",\"Punts clau del dia (ES)\"],\"inLanguage\":\"es\",\"potentialAction\":[{\"@type\":\"CommentAction\",\"name\":\"Comment\",\"target\":[\"https:\/\/conversesacatalunya.cat\/es\/vox-intenta-excluir-a-los-sin-papeles-de-la-sanidad-publica\/#respond\"]}]},{\"@type\":\"WebPage\",\"@id\":\"https:\/\/conversesacatalunya.cat\/es\/vox-intenta-excluir-a-los-sin-papeles-de-la-sanidad-publica\/\",\"url\":\"https:\/\/conversesacatalunya.cat\/es\/vox-intenta-excluir-a-los-sin-papeles-de-la-sanidad-publica\/\",\"name\":\"VOX intenta excluir a los sin papeles de la sanidad p\u00fablica - Converses a Catalunya\",\"isPartOf\":{\"@id\":\"https:\/\/conversesacatalunya.cat\/#website\"},\"primaryImageOfPage\":{\"@id\":\"https:\/\/conversesacatalunya.cat\/es\/vox-intenta-excluir-a-los-sin-papeles-de-la-sanidad-publica\/#primaryimage\"},\"image\":{\"@id\":\"https:\/\/conversesacatalunya.cat\/es\/vox-intenta-excluir-a-los-sin-papeles-de-la-sanidad-publica\/#primaryimage\"},\"thumbnailUrl\":\"https:\/\/conversesacatalunya.cat\/wp-content\/uploads\/2020\/03\/coronavirus-15.jpg\",\"datePublished\":\"2020-03-25T15:05:40+00:00\",\"author\":{\"@id\":\"https:\/\/conversesacatalunya.cat\/#\/schema\/person\/7e24d1e54a2785373ddcb275eae5ed99\"},\"description\":\"Vox pretende incorporar una medida, excluyendo de la sanidad universal a los sin papeles mientras dure la alerta\",\"breadcrumb\":{\"@id\":\"https:\/\/conversesacatalunya.cat\/es\/vox-intenta-excluir-a-los-sin-papeles-de-la-sanidad-publica\/#breadcrumb\"},\"inLanguage\":\"es\",\"potentialAction\":[{\"@type\":\"ReadAction\",\"target\":[\"https:\/\/conversesacatalunya.cat\/es\/vox-intenta-excluir-a-los-sin-papeles-de-la-sanidad-publica\/\"]}]},{\"@type\":\"ImageObject\",\"inLanguage\":\"es\",\"@id\":\"https:\/\/conversesacatalunya.cat\/es\/vox-intenta-excluir-a-los-sin-papeles-de-la-sanidad-publica\/#primaryimage\",\"url\":\"https:\/\/conversesacatalunya.cat\/wp-content\/uploads\/2020\/03\/coronavirus-15.jpg\",\"contentUrl\":\"https:\/\/conversesacatalunya.cat\/wp-content\/uploads\/2020\/03\/coronavirus-15.jpg\",\"width\":620,\"height\":368,\"caption\":\"VOX\"},{\"@type\":\"BreadcrumbList\",\"@id\":\"https:\/\/conversesacatalunya.cat\/es\/vox-intenta-excluir-a-los-sin-papeles-de-la-sanidad-publica\/#breadcrumb\",\"itemListElement\":[{\"@type\":\"ListItem\",\"position\":1,\"name\":\"Inici\",\"item\":\"https:\/\/conversesacatalunya.cat\/es\/\"},{\"@type\":\"ListItem\",\"position\":2,\"name\":\"VOX intenta excluir a los sin papeles de la sanidad p\u00fablica\"}]},{\"@type\":\"WebSite\",\"@id\":\"https:\/\/conversesacatalunya.cat\/#website\",\"url\":\"https:\/\/conversesacatalunya.cat\/\",\"name\":\"Converses a Catalunya\",\"description\":\"\",\"potentialAction\":[{\"@type\":\"SearchAction\",\"target\":{\"@type\":\"EntryPoint\",\"urlTemplate\":\"https:\/\/conversesacatalunya.cat\/?s={search_term_string}\"},\"query-input\":{\"@type\":\"PropertyValueSpecification\",\"valueRequired\":true,\"valueName\":\"search_term_string\"}}],\"inLanguage\":\"es\"},{\"@type\":\"Person\",\"@id\":\"https:\/\/conversesacatalunya.cat\/#\/schema\/person\/7e24d1e54a2785373ddcb275eae5ed99\",\"name\":\"conversesacatalunya\",\"image\":{\"@type\":\"ImageObject\",\"inLanguage\":\"es\",\"@id\":\"https:\/\/conversesacatalunya.cat\/#\/schema\/person\/image\/\",\"url\":\"https:\/\/conversesacatalunya.cat\/wp-content\/litespeed\/avatar\/febdfeeec89d950f01c748045a981dd2.jpg?ver=1777314535\",\"contentUrl\":\"https:\/\/conversesacatalunya.cat\/wp-content\/litespeed\/avatar\/febdfeeec89d950f01c748045a981dd2.jpg?ver=1777314535\",\"caption\":\"conversesacatalunya\"},\"url\":\"https:\/\/conversesacatalunya.cat\/es\/author\/carme_catala\/\"}]}<\/script>\n<!-- \/ Yoast SEO plugin. -->","yoast_head_json":{"title":"VOX intenta excluir a los sin papeles de la sanidad p\u00fablica - Converses a Catalunya","description":"Vox pretende incorporar una medida, excluyendo de la sanidad universal a los sin papeles mientras dure la alerta","robots":{"index":"index","follow":"follow","max-snippet":"max-snippet:-1","max-image-preview":"max-image-preview:large","max-video-preview":"max-video-preview:-1"},"canonical":"https:\/\/conversesacatalunya.cat\/es\/vox-intenta-excluir-a-los-sin-papeles-de-la-sanidad-publica\/","og_locale":"es_ES","og_type":"article","og_title":"VOX intenta excluir a los sin papeles de la sanidad p\u00fablica - Converses a Catalunya","og_description":"Vox pretende incorporar una medida, excluyendo de la sanidad universal a los sin papeles mientras dure la alerta","og_url":"https:\/\/conversesacatalunya.cat\/es\/vox-intenta-excluir-a-los-sin-papeles-de-la-sanidad-publica\/","og_site_name":"Converses a Catalunya","article_published_time":"2020-03-25T15:05:40+00:00","og_image":[{"width":620,"height":368,"url":"https:\/\/conversesacatalunya.cat\/wp-content\/uploads\/2020\/03\/coronavirus-15.jpg","type":"image\/jpeg"}],"author":"conversesacatalunya","twitter_card":"summary_large_image","twitter_misc":{"Escrito por":"conversesacatalunya","Tiempo de lectura":"3 minutos"},"schema":{"@context":"https:\/\/schema.org","@graph":[{"@type":"Article","@id":"https:\/\/conversesacatalunya.cat\/es\/vox-intenta-excluir-a-los-sin-papeles-de-la-sanidad-publica\/#article","isPartOf":{"@id":"https:\/\/conversesacatalunya.cat\/es\/vox-intenta-excluir-a-los-sin-papeles-de-la-sanidad-publica\/"},"author":{"name":"conversesacatalunya","@id":"https:\/\/conversesacatalunya.cat\/#\/schema\/person\/7e24d1e54a2785373ddcb275eae5ed99"},"headline":"VOX intenta excluir a los sin papeles de la sanidad p\u00fablica","datePublished":"2020-03-25T15:05:40+00:00","mainEntityOfPage":{"@id":"https:\/\/conversesacatalunya.cat\/es\/vox-intenta-excluir-a-los-sin-papeles-de-la-sanidad-publica\/"},"wordCount":572,"commentCount":0,"image":{"@id":"https:\/\/conversesacatalunya.cat\/es\/vox-intenta-excluir-a-los-sin-papeles-de-la-sanidad-publica\/#primaryimage"},"thumbnailUrl":"https:\/\/conversesacatalunya.cat\/wp-content\/uploads\/2020\/03\/coronavirus-15.jpg","keywords":["coronavirus","VOX"],"articleSection":["Especial Coronavirus (ES)","Punts clau del dia (ES)"],"inLanguage":"es","potentialAction":[{"@type":"CommentAction","name":"Comment","target":["https:\/\/conversesacatalunya.cat\/es\/vox-intenta-excluir-a-los-sin-papeles-de-la-sanidad-publica\/#respond"]}]},{"@type":"WebPage","@id":"https:\/\/conversesacatalunya.cat\/es\/vox-intenta-excluir-a-los-sin-papeles-de-la-sanidad-publica\/","url":"https:\/\/conversesacatalunya.cat\/es\/vox-intenta-excluir-a-los-sin-papeles-de-la-sanidad-publica\/","name":"VOX intenta excluir a los sin papeles de la sanidad p\u00fablica - Converses a Catalunya","isPartOf":{"@id":"https:\/\/conversesacatalunya.cat\/#website"},"primaryImageOfPage":{"@id":"https:\/\/conversesacatalunya.cat\/es\/vox-intenta-excluir-a-los-sin-papeles-de-la-sanidad-publica\/#primaryimage"},"image":{"@id":"https:\/\/conversesacatalunya.cat\/es\/vox-intenta-excluir-a-los-sin-papeles-de-la-sanidad-publica\/#primaryimage"},"thumbnailUrl":"https:\/\/conversesacatalunya.cat\/wp-content\/uploads\/2020\/03\/coronavirus-15.jpg","datePublished":"2020-03-25T15:05:40+00:00","author":{"@id":"https:\/\/conversesacatalunya.cat\/#\/schema\/person\/7e24d1e54a2785373ddcb275eae5ed99"},"description":"Vox pretende incorporar una medida, excluyendo de la sanidad universal a los sin papeles mientras dure la alerta","breadcrumb":{"@id":"https:\/\/conversesacatalunya.cat\/es\/vox-intenta-excluir-a-los-sin-papeles-de-la-sanidad-publica\/#breadcrumb"},"inLanguage":"es","potentialAction":[{"@type":"ReadAction","target":["https:\/\/conversesacatalunya.cat\/es\/vox-intenta-excluir-a-los-sin-papeles-de-la-sanidad-publica\/"]}]},{"@type":"ImageObject","inLanguage":"es","@id":"https:\/\/conversesacatalunya.cat\/es\/vox-intenta-excluir-a-los-sin-papeles-de-la-sanidad-publica\/#primaryimage","url":"https:\/\/conversesacatalunya.cat\/wp-content\/uploads\/2020\/03\/coronavirus-15.jpg","contentUrl":"https:\/\/conversesacatalunya.cat\/wp-content\/uploads\/2020\/03\/coronavirus-15.jpg","width":620,"height":368,"caption":"VOX"},{"@type":"BreadcrumbList","@id":"https:\/\/conversesacatalunya.cat\/es\/vox-intenta-excluir-a-los-sin-papeles-de-la-sanidad-publica\/#breadcrumb","itemListElement":[{"@type":"ListItem","position":1,"name":"Inici","item":"https:\/\/conversesacatalunya.cat\/es\/"},{"@type":"ListItem","position":2,"name":"VOX intenta excluir a los sin papeles de la sanidad p\u00fablica"}]},{"@type":"WebSite","@id":"https:\/\/conversesacatalunya.cat\/#website","url":"https:\/\/conversesacatalunya.cat\/","name":"Converses a Catalunya","description":"","potentialAction":[{"@type":"SearchAction","target":{"@type":"EntryPoint","urlTemplate":"https:\/\/conversesacatalunya.cat\/?s={search_term_string}"},"query-input":{"@type":"PropertyValueSpecification","valueRequired":true,"valueName":"search_term_string"}}],"inLanguage":"es"},{"@type":"Person","@id":"https:\/\/conversesacatalunya.cat\/#\/schema\/person\/7e24d1e54a2785373ddcb275eae5ed99","name":"conversesacatalunya","image":{"@type":"ImageObject","inLanguage":"es","@id":"https:\/\/conversesacatalunya.cat\/#\/schema\/person\/image\/","url":"https:\/\/conversesacatalunya.cat\/wp-content\/litespeed\/avatar\/febdfeeec89d950f01c748045a981dd2.jpg?ver=1777314535","contentUrl":"https:\/\/conversesacatalunya.cat\/wp-content\/litespeed\/avatar\/febdfeeec89d950f01c748045a981dd2.jpg?ver=1777314535","caption":"conversesacatalunya"},"url":"https:\/\/conversesacatalunya.cat\/es\/author\/carme_catala\/"}]}},"wps_subtitle":"","_links":{"self":[{"href":"https:\/\/conversesacatalunya.cat\/es\/wp-json\/wp\/v2\/posts\/34060","targetHints":{"allow":["GET"]}}],"collection":[{"href":"https:\/\/conversesacatalunya.cat\/es\/wp-json\/wp\/v2\/posts"}],"about":[{"href":"https:\/\/conversesacatalunya.cat\/es\/wp-json\/wp\/v2\/types\/post"}],"author":[{"embeddable":true,"href":"https:\/\/conversesacatalunya.cat\/es\/wp-json\/wp\/v2\/users\/2"}],"replies":[{"embeddable":true,"href":"https:\/\/conversesacatalunya.cat\/es\/wp-json\/wp\/v2\/comments?post=34060"}],"version-history":[{"count":1,"href":"https:\/\/conversesacatalunya.cat\/es\/wp-json\/wp\/v2\/posts\/34060\/revisions"}],"predecessor-version":[{"id":34061,"href":"https:\/\/conversesacatalunya.cat\/es\/wp-json\/wp\/v2\/posts\/34060\/revisions\/34061"}],"wp:featuredmedia":[{"embeddable":true,"href":"https:\/\/conversesacatalunya.cat\/es\/wp-json\/wp\/v2\/media\/34062"}],"wp:attachment":[{"href":"https:\/\/conversesacatalunya.cat\/es\/wp-json\/wp\/v2\/media?parent=34060"}],"wp:term":[{"taxonomy":"category","embeddable":true,"href":"https:\/\/conversesacatalunya.cat\/es\/wp-json\/wp\/v2\/categories?post=34060"},{"taxonomy":"post_tag","embeddable":true,"href":"https:\/\/conversesacatalunya.cat\/es\/wp-json\/wp\/v2\/tags?post=34060"}],"curies":[{"name":"wp","href":"https:\/\/api.w.org\/{rel}","templated":true}]}}