{"id":34048,"date":"2020-03-25T12:30:39","date_gmt":"2020-03-25T11:30:39","guid":{"rendered":"https:\/\/conversesacatalunya.cat\/?p=34048"},"modified":"2020-03-25T14:29:27","modified_gmt":"2020-03-25T13:29:27","slug":"un-ascenso-alarmante-de-casos-en-cataluna","status":"publish","type":"post","link":"https:\/\/conversesacatalunya.cat\/es\/un-ascenso-alarmante-de-casos-en-cataluna\/","title":{"rendered":"Un ascenso alarmante de casos en Catalu\u00f1a"},"content":{"rendered":"<p>Durante estos dos \u00faltimos d\u00edas, Catalu\u00f1a ha superado en n\u00famero de nuevos casos a la Comunidad de Madrid, que sigue siendo con diferencia y en t\u00e9rminos absolutos la comunidad que presenta una mayor afectaci\u00f3n.<\/p>\n<p>El primer d\u00eda de esta semana, Madrid registr\u00f3 873 nuevos casos, mientras que en Catalu\u00f1a fueron 1.221. El martes Madrid alcanz\u00f3 los 1.777, pero Catalu\u00f1a volvi\u00f3 a superarla con casi 2.000, 1.939 para ser exactos. Los expertos advierten que estas cifras de solo dos d\u00edas pueden no significar lo que a primera vista dicen los datos, porque puede tratarse de <strong>un sesgo estad\u00edstico<\/strong>\u00a0derivado de los procesos de la <a href=\"https:\/\/conversesacatalunya.cat\/es\/transparencia-en-los-datos-coronavirus\/\" target=\"_blank\" rel=\"noopener noreferrer\">actualizaci\u00f3n de datos<\/a> y tambi\u00e9n de detecci\u00f3n. Porque no hay que olvidar <strong>que el escaso n\u00famero de pruebas de contagio,<\/strong> hace que se produzca una subvaloraci\u00f3n importante y generalizada del n\u00famero real de personas afectadas.<\/p>\n<p>Por esta raz\u00f3n, consideran m\u00e1s fidedigno como exponente de la din\u00e1mica de la enfermedad el <strong>n\u00famero de personas hospitalizadas<\/strong>. Tambi\u00e9n en este caso las cifras muestran la misma preocupante evoluci\u00f3n. Seg\u00fan informa El Pa\u00eds, la relaci\u00f3n de hospitalizados entre Madrid y Catalu\u00f1a era el s\u00e1bado pasado de 4\u20194 a 1. Mientras que ayer la proporci\u00f3n se hab\u00eda reducido de 2\u20199 a uno. Si esta din\u00e1mica de ingresos hospitalarios se mantiene, Catalu\u00f1a se equiparar\u00eda a lo largo de esta semana con Madrid, con todo lo que comporta de saturaci\u00f3n.<\/p>\n<p>Tambi\u00e9n resulta preocupante la situaci\u00f3n en la UCI, porque la proporci\u00f3n ha pasado de ser de 2\u20196 a 1 en la relaci\u00f3n Madrid-Catalu\u00f1a, <strong>a la de 1\u20196 a 1 este martes<\/strong>.<\/p>\n<p>Esta evoluci\u00f3n se produce adem\u00e1s en el marco de unas previsiones de aumento de la capacidad hospitalaria distinta. Mientras que en Madrid est\u00e1 muy avanzada la disponibilidad de un gran hospital de campa\u00f1a en IFEMA, que significa adem\u00e1s una importante ampliaci\u00f3n de plazas en unidades de cuidados intensivos, que es el lugar crucial para afrontar el coronavirus en la \u00faltima l\u00ednea de defensa, <strong>en Catalu\u00f1a no se ha registrado todav\u00eda ninguna acci\u00f3n en este sentido<\/strong>, limit\u00e1ndose a habilitar plazas para enfermos menos graves en algunos hoteles. Si esta evoluci\u00f3n contin\u00faa, la capacidad del sistema sanitario catal\u00e1n entrar\u00e1 en crisis antes del fin de semana.<\/p>\n<p>Existe adem\u00e1s una segunda derivada de esta situaci\u00f3n que est\u00e1 pasando desapercibida a pesar de su importancia. Se trata de que<strong> solo el 15% de la capacidad sanitaria se dedica a la atenci\u00f3n de otras enfermedade<\/strong><strong>s<\/strong> y necesidades m\u00e9dicas que no sean el coronavirus. Se produce as\u00ed un estrangulamiento que perjudica a los enfermos de otras patolog\u00edas, que en algunos casos tambi\u00e9n pueden ser graves. Es posible que de esta circunstancia se derive un aumento de la mortalidad a corto y medio plazo.<\/p>\n<p>Las carencias siguen visibles en muchas comarcas de Catalu\u00f1a. As\u00ed, en la Costa Brava algunos Centros de Atenci\u00f3n Primaria (CAP) permanecen con las puertas cerradas, y solo son autorizados a pasar determinados casos. La asistencia sanitaria generalizada tiende a desaparecer en la pr\u00e1ctica, con todo lo que comporta. As\u00ed mismo, en las comarcas de Girona, como m\u00ednimo sigue habiendo residencias de ancianos que no han recibido ning\u00fan tipo de ayuda ni de refuerzo, ni disponen de suficiente material de protecci\u00f3n. Resulta preocupante la inacci\u00f3n de la Generalitat despu\u00e9s de tantos d\u00edas de alerta.<\/p>\n<p>En cualquier caso, lo que s\u00ed resulta apremiante es que la Generalitat <strong>aumente<\/strong> el n\u00famero de plazas hospitalarias, en especial por lo que hace referencia a <strong>unidades de UCI<\/strong>. Si para ello debes solicitar la ayuda del Gobierno central, debe hacerlo con premura y sin m\u00e1s dilaciones, porque lo que est\u00e1 en juego est\u00e1 por encima de todo inter\u00e9s pol\u00edtico, porque se trata de la vida de los catalanes. Lo que necesitamos es m\u00e1s acci\u00f3n y m\u00e1s resultados concretos, y menos quejas y justificaciones a base de \u201cla culpa es de Madrid\u201d. Esto \u00faltimo, en todo caso, d\u00e9jenlo a juicio de los ciudadanos. Como Gobierno de Catalu\u00f1a lo que realmente les compete es resolver nuestros problemas, sobre todo cuando son tan vitales como salvaguardar vidas.<\/p>\n<span class='bctt-click-to-tweet'><span class='bctt-ctt-text'><a href='https:\/\/twitter.com\/intent\/tweet?url=https%3A%2F%2Fconversesacatalunya.cat%2Fes%2Fun-ascenso-alarmante-de-casos-en-cataluna%2F&#038;text=Lo%20que%20necesitamos%20es%20m%C3%A1s%20acci%C3%B3n%20y%20m%C3%A1s%20resultados%20concretos%2C%20y%20menos%20quejas%20y%20justificaciones%20a%20base%20de%20%E2%80%9Cla%20culpa%20es%20de%20Madrid%E2%80%9D&#038;via=conversesacat&#038;related=conversesacat' target='_blank'rel=\"noopener noreferrer\">Lo que necesitamos es m\u00e1s acci\u00f3n y m\u00e1s resultados concretos, y menos quejas y justificaciones a base de \u201cla culpa es de Madrid\u201d <\/a><\/span><a href='https:\/\/twitter.com\/intent\/tweet?url=https%3A%2F%2Fconversesacatalunya.cat%2Fes%2Fun-ascenso-alarmante-de-casos-en-cataluna%2F&#038;text=Lo%20que%20necesitamos%20es%20m%C3%A1s%20acci%C3%B3n%20y%20m%C3%A1s%20resultados%20concretos%2C%20y%20menos%20quejas%20y%20justificaciones%20a%20base%20de%20%E2%80%9Cla%20culpa%20es%20de%20Madrid%E2%80%9D&#038;via=conversesacat&#038;related=conversesacat' target='_blank' class='bctt-ctt-btn'rel=\"noopener noreferrer\">Compartir en X<\/a><\/span>\n<p style=\"text-align: center;\"><strong>M\u00e1s informaci\u00f3n sobre el coronavirus en <span style=\"color: #ff0000;\"><a style=\"color: #ff0000;\" href=\"https:\/\/conversesacatalunya.cat\/es\/coronavirus\/\" target=\"_blank\" rel=\"noopener noreferrer\">ESPECIAL CORONAVIRUS<\/a><\/span><\/strong><\/p>\n","protected":false},"excerpt":{"rendered":"<p>Durante estos dos \u00faltimos d\u00edas, Catalu\u00f1a ha superado en n\u00famero de nuevos casos a la Comunidad de Madrid, que sigue siendo con diferencia y en t\u00e9rminos absolutos la comunidad que presenta una mayor afectaci\u00f3n. El primer d\u00eda de esta semana, Madrid registr\u00f3 873 nuevos casos, mientras que en Catalu\u00f1a fueron 1.221. El martes Madrid alcanz\u00f3 los 1.777, pero Catalu\u00f1a volvi\u00f3 a superarla con casi 2.000, 1.939 para ser exactos. Los expertos advierten que estas cifras de solo dos d\u00edas pueden no significar lo que a primera vista dicen los datos, porque puede tratarse de un sesgo estad\u00edstico\u00a0derivado de los procesos de la actualizaci\u00f3n de datos y tambi\u00e9n de detecci\u00f3n. Porque no hay que olvidar que el escaso n\u00famero de pruebas de contagio, hace que se produzca una subvaloraci\u00f3n importante y generalizada del n\u00famero real de personas afectadas. Por esta raz\u00f3n, consideran m\u00e1s fidedigno como exponente de la din\u00e1mica de la enfermedad el n\u00famero de personas hospitalizadas. Tambi\u00e9n en este caso las cifras muestran la misma preocupante evoluci\u00f3n. Seg\u00fan informa El Pa\u00eds, la relaci\u00f3n de hospitalizados entre Madrid y Catalu\u00f1a era el s\u00e1bado pasado de 4\u20194 a 1. Mientras que ayer la proporci\u00f3n se hab\u00eda reducido de 2\u20199 a uno. Si esta din\u00e1mica de ingresos hospitalarios se mantiene, Catalu\u00f1a se equiparar\u00eda a lo largo de esta semana con Madrid, con todo lo que comporta de saturaci\u00f3n. Tambi\u00e9n resulta preocupante la situaci\u00f3n en la UCI, porque la proporci\u00f3n ha pasado de ser de 2\u20196 a 1 en la relaci\u00f3n Madrid-Catalu\u00f1a, a la de 1\u20196 a 1 este martes. Esta evoluci\u00f3n se produce adem\u00e1s en el marco de unas previsiones de aumento de la capacidad hospitalaria distinta. Mientras que en Madrid est\u00e1 muy avanzada la disponibilidad de un gran hospital de campa\u00f1a en IFEMA, que significa adem\u00e1s una importante ampliaci\u00f3n de plazas en unidades de cuidados intensivos, que es el lugar crucial para afrontar el coronavirus en la \u00faltima l\u00ednea de defensa, en Catalu\u00f1a no se ha registrado todav\u00eda ninguna acci\u00f3n en este sentido, limit\u00e1ndose a habilitar plazas para enfermos menos graves en algunos hoteles. Si esta evoluci\u00f3n contin\u00faa, la capacidad del sistema sanitario catal\u00e1n entrar\u00e1 en crisis antes del fin de semana. Existe adem\u00e1s una segunda derivada de esta situaci\u00f3n que est\u00e1 pasando desapercibida a pesar de su importancia. Se trata de que solo el 15% de la capacidad sanitaria se dedica a la atenci\u00f3n de otras enfermedades y necesidades m\u00e9dicas que no sean el coronavirus. Se produce as\u00ed un estrangulamiento que perjudica a los enfermos de otras patolog\u00edas, que en algunos casos tambi\u00e9n pueden ser graves. Es posible que de esta circunstancia se derive un aumento de la mortalidad a corto y medio plazo. Las carencias siguen visibles en muchas comarcas de Catalu\u00f1a. As\u00ed, en la Costa Brava algunos Centros de Atenci\u00f3n Primaria (CAP) permanecen con las puertas cerradas, y solo son autorizados a pasar determinados casos. La asistencia sanitaria generalizada tiende a desaparecer en la pr\u00e1ctica, con todo lo que comporta. As\u00ed mismo, en las comarcas de Girona, como m\u00ednimo sigue habiendo residencias de ancianos que no han recibido ning\u00fan tipo de ayuda ni de refuerzo, ni disponen de suficiente material de protecci\u00f3n. Resulta preocupante la inacci\u00f3n de la Generalitat despu\u00e9s de tantos d\u00edas de alerta. En cualquier caso, lo que s\u00ed resulta apremiante es que la Generalitat aumente el n\u00famero de plazas hospitalarias, en especial por lo que hace referencia a unidades de UCI. Si para ello debes solicitar la ayuda del Gobierno central, debe hacerlo con premura y sin m\u00e1s dilaciones, porque lo que est\u00e1 en juego est\u00e1 por encima de todo inter\u00e9s pol\u00edtico, porque se trata de la vida de los catalanes. Lo que necesitamos es m\u00e1s acci\u00f3n y m\u00e1s resultados concretos, y menos quejas y justificaciones a base de \u201cla culpa es de Madrid\u201d. Esto \u00faltimo, en todo caso, d\u00e9jenlo a juicio de los ciudadanos. Como Gobierno de Catalu\u00f1a lo que realmente les compete es resolver nuestros problemas, sobre todo cuando son tan vitales como salvaguardar vidas. M\u00e1s informaci\u00f3n sobre el coronavirus en ESPECIAL CORONAVIRUS<\/p>\n","protected":false},"author":2,"featured_media":34069,"comment_status":"open","ping_status":"open","sticky":false,"template":"","format":"standard","meta":{"_FSMCFIC_featured_image_caption":"","_FSMCFIC_featured_image_nocaption":"","_FSMCFIC_featured_image_hide":"","footnotes":""},"categories":[1772,806],"tags":[1504],"class_list":["post-34048","post","type-post","status-publish","format-standard","has-post-thumbnail","hentry","category-especial-coronavirus-es","category-punts-claus-del-dia-es","tag-coronavirus-es"],"yoast_head":"<!-- This site is optimized with the Yoast SEO plugin v26.8 - https:\/\/yoast.com\/product\/yoast-seo-wordpress\/ -->\n<title>Un ascenso alarmante de casos en Catalu\u00f1a - Converses a Catalunya<\/title>\n<meta name=\"description\" content=\"Lo que necesitamos es m\u00e1s acci\u00f3n y m\u00e1s resultados concretos, y menos quejas y justificaciones a base de \u201cla culpa es de Madrid\u201d\" \/>\n<meta name=\"robots\" content=\"index, follow, max-snippet:-1, max-image-preview:large, max-video-preview:-1\" \/>\n<link rel=\"canonical\" href=\"https:\/\/conversesacatalunya.cat\/es\/un-ascenso-alarmante-de-casos-en-cataluna\/\" \/>\n<meta property=\"og:locale\" content=\"es_ES\" \/>\n<meta property=\"og:type\" content=\"article\" \/>\n<meta property=\"og:title\" content=\"Un ascenso alarmante de casos en Catalu\u00f1a - Converses a Catalunya\" \/>\n<meta property=\"og:description\" content=\"Lo que necesitamos es m\u00e1s acci\u00f3n y m\u00e1s resultados concretos, y menos quejas y justificaciones a base de \u201cla culpa es de Madrid\u201d\" \/>\n<meta property=\"og:url\" content=\"https:\/\/conversesacatalunya.cat\/es\/un-ascenso-alarmante-de-casos-en-cataluna\/\" \/>\n<meta property=\"og:site_name\" content=\"Converses a Catalunya\" \/>\n<meta property=\"article:published_time\" content=\"2020-03-25T11:30:39+00:00\" \/>\n<meta property=\"article:modified_time\" content=\"2020-03-25T13:29:27+00:00\" \/>\n<meta property=\"og:image\" content=\"https:\/\/conversesacatalunya.cat\/wp-content\/uploads\/2020\/03\/coronavirus-16.jpg\" \/>\n\t<meta property=\"og:image:width\" content=\"800\" \/>\n\t<meta property=\"og:image:height\" content=\"350\" \/>\n\t<meta property=\"og:image:type\" content=\"image\/jpeg\" \/>\n<meta name=\"author\" content=\"conversesacatalunya\" \/>\n<meta name=\"twitter:card\" content=\"summary_large_image\" \/>\n<meta name=\"twitter:label1\" content=\"Escrito por\" \/>\n\t<meta name=\"twitter:data1\" content=\"conversesacatalunya\" \/>\n\t<meta name=\"twitter:label2\" content=\"Tiempo de lectura\" \/>\n\t<meta name=\"twitter:data2\" content=\"4 minutos\" \/>\n<script type=\"application\/ld+json\" class=\"yoast-schema-graph\">{\"@context\":\"https:\/\/schema.org\",\"@graph\":[{\"@type\":\"Article\",\"@id\":\"https:\/\/conversesacatalunya.cat\/es\/un-ascenso-alarmante-de-casos-en-cataluna\/#article\",\"isPartOf\":{\"@id\":\"https:\/\/conversesacatalunya.cat\/es\/un-ascenso-alarmante-de-casos-en-cataluna\/\"},\"author\":{\"name\":\"conversesacatalunya\",\"@id\":\"https:\/\/conversesacatalunya.cat\/#\/schema\/person\/7e24d1e54a2785373ddcb275eae5ed99\"},\"headline\":\"Un ascenso alarmante de casos en Catalu\u00f1a\",\"datePublished\":\"2020-03-25T11:30:39+00:00\",\"dateModified\":\"2020-03-25T13:29:27+00:00\",\"mainEntityOfPage\":{\"@id\":\"https:\/\/conversesacatalunya.cat\/es\/un-ascenso-alarmante-de-casos-en-cataluna\/\"},\"wordCount\":773,\"commentCount\":0,\"image\":{\"@id\":\"https:\/\/conversesacatalunya.cat\/es\/un-ascenso-alarmante-de-casos-en-cataluna\/#primaryimage\"},\"thumbnailUrl\":\"https:\/\/conversesacatalunya.cat\/wp-content\/uploads\/2020\/03\/coronavirus-16.jpg\",\"keywords\":[\"coronavirus\"],\"articleSection\":[\"Especial Coronavirus (ES)\",\"Punts clau del dia (ES)\"],\"inLanguage\":\"es\",\"potentialAction\":[{\"@type\":\"CommentAction\",\"name\":\"Comment\",\"target\":[\"https:\/\/conversesacatalunya.cat\/es\/un-ascenso-alarmante-de-casos-en-cataluna\/#respond\"]}]},{\"@type\":\"WebPage\",\"@id\":\"https:\/\/conversesacatalunya.cat\/es\/un-ascenso-alarmante-de-casos-en-cataluna\/\",\"url\":\"https:\/\/conversesacatalunya.cat\/es\/un-ascenso-alarmante-de-casos-en-cataluna\/\",\"name\":\"Un ascenso alarmante de casos en Catalu\u00f1a - Converses a Catalunya\",\"isPartOf\":{\"@id\":\"https:\/\/conversesacatalunya.cat\/#website\"},\"primaryImageOfPage\":{\"@id\":\"https:\/\/conversesacatalunya.cat\/es\/un-ascenso-alarmante-de-casos-en-cataluna\/#primaryimage\"},\"image\":{\"@id\":\"https:\/\/conversesacatalunya.cat\/es\/un-ascenso-alarmante-de-casos-en-cataluna\/#primaryimage\"},\"thumbnailUrl\":\"https:\/\/conversesacatalunya.cat\/wp-content\/uploads\/2020\/03\/coronavirus-16.jpg\",\"datePublished\":\"2020-03-25T11:30:39+00:00\",\"dateModified\":\"2020-03-25T13:29:27+00:00\",\"author\":{\"@id\":\"https:\/\/conversesacatalunya.cat\/#\/schema\/person\/7e24d1e54a2785373ddcb275eae5ed99\"},\"description\":\"Lo que necesitamos es m\u00e1s acci\u00f3n y m\u00e1s resultados concretos, y menos quejas y justificaciones a base de \u201cla culpa es de Madrid\u201d\",\"breadcrumb\":{\"@id\":\"https:\/\/conversesacatalunya.cat\/es\/un-ascenso-alarmante-de-casos-en-cataluna\/#breadcrumb\"},\"inLanguage\":\"es\",\"potentialAction\":[{\"@type\":\"ReadAction\",\"target\":[\"https:\/\/conversesacatalunya.cat\/es\/un-ascenso-alarmante-de-casos-en-cataluna\/\"]}]},{\"@type\":\"ImageObject\",\"inLanguage\":\"es\",\"@id\":\"https:\/\/conversesacatalunya.cat\/es\/un-ascenso-alarmante-de-casos-en-cataluna\/#primaryimage\",\"url\":\"https:\/\/conversesacatalunya.cat\/wp-content\/uploads\/2020\/03\/coronavirus-16.jpg\",\"contentUrl\":\"https:\/\/conversesacatalunya.cat\/wp-content\/uploads\/2020\/03\/coronavirus-16.jpg\",\"width\":800,\"height\":350},{\"@type\":\"BreadcrumbList\",\"@id\":\"https:\/\/conversesacatalunya.cat\/es\/un-ascenso-alarmante-de-casos-en-cataluna\/#breadcrumb\",\"itemListElement\":[{\"@type\":\"ListItem\",\"position\":1,\"name\":\"Inici\",\"item\":\"https:\/\/conversesacatalunya.cat\/es\/\"},{\"@type\":\"ListItem\",\"position\":2,\"name\":\"Un ascenso alarmante de casos en Catalu\u00f1a\"}]},{\"@type\":\"WebSite\",\"@id\":\"https:\/\/conversesacatalunya.cat\/#website\",\"url\":\"https:\/\/conversesacatalunya.cat\/\",\"name\":\"Converses a Catalunya\",\"description\":\"\",\"potentialAction\":[{\"@type\":\"SearchAction\",\"target\":{\"@type\":\"EntryPoint\",\"urlTemplate\":\"https:\/\/conversesacatalunya.cat\/?s={search_term_string}\"},\"query-input\":{\"@type\":\"PropertyValueSpecification\",\"valueRequired\":true,\"valueName\":\"search_term_string\"}}],\"inLanguage\":\"es\"},{\"@type\":\"Person\",\"@id\":\"https:\/\/conversesacatalunya.cat\/#\/schema\/person\/7e24d1e54a2785373ddcb275eae5ed99\",\"name\":\"conversesacatalunya\",\"image\":{\"@type\":\"ImageObject\",\"inLanguage\":\"es\",\"@id\":\"https:\/\/conversesacatalunya.cat\/#\/schema\/person\/image\/\",\"url\":\"https:\/\/conversesacatalunya.cat\/wp-content\/litespeed\/avatar\/febdfeeec89d950f01c748045a981dd2.jpg?ver=1777314535\",\"contentUrl\":\"https:\/\/conversesacatalunya.cat\/wp-content\/litespeed\/avatar\/febdfeeec89d950f01c748045a981dd2.jpg?ver=1777314535\",\"caption\":\"conversesacatalunya\"},\"url\":\"https:\/\/conversesacatalunya.cat\/es\/author\/carme_catala\/\"}]}<\/script>\n<!-- \/ Yoast SEO plugin. -->","yoast_head_json":{"title":"Un ascenso alarmante de casos en Catalu\u00f1a - Converses a Catalunya","description":"Lo que necesitamos es m\u00e1s acci\u00f3n y m\u00e1s resultados concretos, y menos quejas y justificaciones a base de \u201cla culpa es de Madrid\u201d","robots":{"index":"index","follow":"follow","max-snippet":"max-snippet:-1","max-image-preview":"max-image-preview:large","max-video-preview":"max-video-preview:-1"},"canonical":"https:\/\/conversesacatalunya.cat\/es\/un-ascenso-alarmante-de-casos-en-cataluna\/","og_locale":"es_ES","og_type":"article","og_title":"Un ascenso alarmante de casos en Catalu\u00f1a - Converses a Catalunya","og_description":"Lo que necesitamos es m\u00e1s acci\u00f3n y m\u00e1s resultados concretos, y menos quejas y justificaciones a base de \u201cla culpa es de Madrid\u201d","og_url":"https:\/\/conversesacatalunya.cat\/es\/un-ascenso-alarmante-de-casos-en-cataluna\/","og_site_name":"Converses a Catalunya","article_published_time":"2020-03-25T11:30:39+00:00","article_modified_time":"2020-03-25T13:29:27+00:00","og_image":[{"width":800,"height":350,"url":"https:\/\/conversesacatalunya.cat\/wp-content\/uploads\/2020\/03\/coronavirus-16.jpg","type":"image\/jpeg"}],"author":"conversesacatalunya","twitter_card":"summary_large_image","twitter_misc":{"Escrito por":"conversesacatalunya","Tiempo de lectura":"4 minutos"},"schema":{"@context":"https:\/\/schema.org","@graph":[{"@type":"Article","@id":"https:\/\/conversesacatalunya.cat\/es\/un-ascenso-alarmante-de-casos-en-cataluna\/#article","isPartOf":{"@id":"https:\/\/conversesacatalunya.cat\/es\/un-ascenso-alarmante-de-casos-en-cataluna\/"},"author":{"name":"conversesacatalunya","@id":"https:\/\/conversesacatalunya.cat\/#\/schema\/person\/7e24d1e54a2785373ddcb275eae5ed99"},"headline":"Un ascenso alarmante de casos en Catalu\u00f1a","datePublished":"2020-03-25T11:30:39+00:00","dateModified":"2020-03-25T13:29:27+00:00","mainEntityOfPage":{"@id":"https:\/\/conversesacatalunya.cat\/es\/un-ascenso-alarmante-de-casos-en-cataluna\/"},"wordCount":773,"commentCount":0,"image":{"@id":"https:\/\/conversesacatalunya.cat\/es\/un-ascenso-alarmante-de-casos-en-cataluna\/#primaryimage"},"thumbnailUrl":"https:\/\/conversesacatalunya.cat\/wp-content\/uploads\/2020\/03\/coronavirus-16.jpg","keywords":["coronavirus"],"articleSection":["Especial Coronavirus (ES)","Punts clau del dia (ES)"],"inLanguage":"es","potentialAction":[{"@type":"CommentAction","name":"Comment","target":["https:\/\/conversesacatalunya.cat\/es\/un-ascenso-alarmante-de-casos-en-cataluna\/#respond"]}]},{"@type":"WebPage","@id":"https:\/\/conversesacatalunya.cat\/es\/un-ascenso-alarmante-de-casos-en-cataluna\/","url":"https:\/\/conversesacatalunya.cat\/es\/un-ascenso-alarmante-de-casos-en-cataluna\/","name":"Un ascenso alarmante de casos en Catalu\u00f1a - Converses a Catalunya","isPartOf":{"@id":"https:\/\/conversesacatalunya.cat\/#website"},"primaryImageOfPage":{"@id":"https:\/\/conversesacatalunya.cat\/es\/un-ascenso-alarmante-de-casos-en-cataluna\/#primaryimage"},"image":{"@id":"https:\/\/conversesacatalunya.cat\/es\/un-ascenso-alarmante-de-casos-en-cataluna\/#primaryimage"},"thumbnailUrl":"https:\/\/conversesacatalunya.cat\/wp-content\/uploads\/2020\/03\/coronavirus-16.jpg","datePublished":"2020-03-25T11:30:39+00:00","dateModified":"2020-03-25T13:29:27+00:00","author":{"@id":"https:\/\/conversesacatalunya.cat\/#\/schema\/person\/7e24d1e54a2785373ddcb275eae5ed99"},"description":"Lo que necesitamos es m\u00e1s acci\u00f3n y m\u00e1s resultados concretos, y menos quejas y justificaciones a base de \u201cla culpa es de Madrid\u201d","breadcrumb":{"@id":"https:\/\/conversesacatalunya.cat\/es\/un-ascenso-alarmante-de-casos-en-cataluna\/#breadcrumb"},"inLanguage":"es","potentialAction":[{"@type":"ReadAction","target":["https:\/\/conversesacatalunya.cat\/es\/un-ascenso-alarmante-de-casos-en-cataluna\/"]}]},{"@type":"ImageObject","inLanguage":"es","@id":"https:\/\/conversesacatalunya.cat\/es\/un-ascenso-alarmante-de-casos-en-cataluna\/#primaryimage","url":"https:\/\/conversesacatalunya.cat\/wp-content\/uploads\/2020\/03\/coronavirus-16.jpg","contentUrl":"https:\/\/conversesacatalunya.cat\/wp-content\/uploads\/2020\/03\/coronavirus-16.jpg","width":800,"height":350},{"@type":"BreadcrumbList","@id":"https:\/\/conversesacatalunya.cat\/es\/un-ascenso-alarmante-de-casos-en-cataluna\/#breadcrumb","itemListElement":[{"@type":"ListItem","position":1,"name":"Inici","item":"https:\/\/conversesacatalunya.cat\/es\/"},{"@type":"ListItem","position":2,"name":"Un ascenso alarmante de casos en Catalu\u00f1a"}]},{"@type":"WebSite","@id":"https:\/\/conversesacatalunya.cat\/#website","url":"https:\/\/conversesacatalunya.cat\/","name":"Converses a Catalunya","description":"","potentialAction":[{"@type":"SearchAction","target":{"@type":"EntryPoint","urlTemplate":"https:\/\/conversesacatalunya.cat\/?s={search_term_string}"},"query-input":{"@type":"PropertyValueSpecification","valueRequired":true,"valueName":"search_term_string"}}],"inLanguage":"es"},{"@type":"Person","@id":"https:\/\/conversesacatalunya.cat\/#\/schema\/person\/7e24d1e54a2785373ddcb275eae5ed99","name":"conversesacatalunya","image":{"@type":"ImageObject","inLanguage":"es","@id":"https:\/\/conversesacatalunya.cat\/#\/schema\/person\/image\/","url":"https:\/\/conversesacatalunya.cat\/wp-content\/litespeed\/avatar\/febdfeeec89d950f01c748045a981dd2.jpg?ver=1777314535","contentUrl":"https:\/\/conversesacatalunya.cat\/wp-content\/litespeed\/avatar\/febdfeeec89d950f01c748045a981dd2.jpg?ver=1777314535","caption":"conversesacatalunya"},"url":"https:\/\/conversesacatalunya.cat\/es\/author\/carme_catala\/"}]}},"wps_subtitle":"Durante estos dos \u00faltimos d\u00edas, Catalu\u00f1a ha superado en n\u00famero de nuevos casos a la Comunidad de Madrid, que sigue siendo con diferencia y en t\u00e9rminos absolutos la comunidad que presenta una mayor afectaci\u00f3n","_links":{"self":[{"href":"https:\/\/conversesacatalunya.cat\/es\/wp-json\/wp\/v2\/posts\/34048","targetHints":{"allow":["GET"]}}],"collection":[{"href":"https:\/\/conversesacatalunya.cat\/es\/wp-json\/wp\/v2\/posts"}],"about":[{"href":"https:\/\/conversesacatalunya.cat\/es\/wp-json\/wp\/v2\/types\/post"}],"author":[{"embeddable":true,"href":"https:\/\/conversesacatalunya.cat\/es\/wp-json\/wp\/v2\/users\/2"}],"replies":[{"embeddable":true,"href":"https:\/\/conversesacatalunya.cat\/es\/wp-json\/wp\/v2\/comments?post=34048"}],"version-history":[{"count":1,"href":"https:\/\/conversesacatalunya.cat\/es\/wp-json\/wp\/v2\/posts\/34048\/revisions"}],"predecessor-version":[{"id":34055,"href":"https:\/\/conversesacatalunya.cat\/es\/wp-json\/wp\/v2\/posts\/34048\/revisions\/34055"}],"wp:featuredmedia":[{"embeddable":true,"href":"https:\/\/conversesacatalunya.cat\/es\/wp-json\/wp\/v2\/media\/34069"}],"wp:attachment":[{"href":"https:\/\/conversesacatalunya.cat\/es\/wp-json\/wp\/v2\/media?parent=34048"}],"wp:term":[{"taxonomy":"category","embeddable":true,"href":"https:\/\/conversesacatalunya.cat\/es\/wp-json\/wp\/v2\/categories?post=34048"},{"taxonomy":"post_tag","embeddable":true,"href":"https:\/\/conversesacatalunya.cat\/es\/wp-json\/wp\/v2\/tags?post=34048"}],"curies":[{"name":"wp","href":"https:\/\/api.w.org\/{rel}","templated":true}]}}