{"id":34037,"date":"2020-03-25T11:57:50","date_gmt":"2020-03-25T10:57:50","guid":{"rendered":"https:\/\/conversesacatalunya.cat\/?p=34037"},"modified":"2020-03-25T12:12:29","modified_gmt":"2020-03-25T11:12:29","slug":"cataluna-necesita-reaccionar-y-espana-tambien","status":"publish","type":"post","link":"https:\/\/conversesacatalunya.cat\/es\/cataluna-necesita-reaccionar-y-espana-tambien\/","title":{"rendered":"Catalu\u00f1a necesita reaccionar (y Espa\u00f1a tambi\u00e9n)"},"content":{"rendered":"<p>Espa\u00f1a est\u00e1 sufriendo destrozos en tres \u00e1mbitos. Uno es el de la <strong>letalidad del coronavirus<\/strong>, como consecuencia del abandono a que han tenido sometida a la poblaci\u00f3n de mayor riesgo, <a href=\"https:\/\/conversesacatalunya.cat\/es\/no-es-pais-para-viejos-el-escandalo-de-las-residencias-asistidas\/\" target=\"_blank\" rel=\"noopener noreferrer\">los mayores de 70 a\u00f1os concentrados en residencias<\/a>, muchas de ellas con escasa capacidad de aislamiento entre personas enfermas y sanas.<\/p>\n<p>El segundo, es obviamente <strong>el \u00e1mbito econ\u00f3mico<\/strong>. La medida estrella, el aval a la financiaci\u00f3n de las empresas, todav\u00eda est\u00e1 por desarrollar plenamente, al tiempo que no se orienta desde el Gobierno a <a href=\"https:\/\/conversesacatalunya.cat\/es\/la-falta-de-prevision-del-gobierno-de-la-generalitat-deja-sin-medios-la-guerra-contra-el-coronavirus\/\" target=\"_blank\" rel=\"noopener noreferrer\">la industria espa\u00f1ola<\/a> para que <strong>se transforme en parte<\/strong>, y en la medida de lo posible, para producir los bienes sanitarios que tanto necesitamos.<\/p>\n<p>Pero existe todav\u00eda un tercer frente de desgaste y deterioro, el de <strong>su imagen internacional<\/strong>, que est\u00e1 ligado a la falta del m\u00e1s elemental material sanitario, en algunos casos, adem\u00e1s, negado con empecinamiento, como sucede con el uso masivo de <strong>las mascarillas de protecci\u00f3n<\/strong>, una de las claves del \u00e9xito asi\u00e1tico de China, Corea, Taiwan y Hong Kong, y el uso masivo de pruebas de infecci\u00f3n, que hasta ahora mismo no ha sido rectificado.<\/p>\n<p>El resultado es que la imagen internacional espa\u00f1ola, como muestra el \u00faltimo reportaje de la CNN, es la de un pa\u00eds donde faltan mascarillas para el personal sanitario, y se sacan los aparato respiratorios de los m\u00e1s ancianos para poder d\u00e1rselos a los m\u00e1s j\u00f3venes, por falta de este tipo de instrumento en las UCI.<\/p>\n<p>Pero <strong>todo esto no justifica el <a href=\"https:\/\/conversesacatalunya.cat\/es\/coronavirus-las-desidias-de-torra-y-el-gobierno-de-la-generalitat\/\" target=\"_blank\" rel=\"noopener noreferrer\">desastre catal\u00e1n<\/a><\/strong>, su imprevisi\u00f3n a estas alturas. Tenemos un Gobierno que se comporta como una plataforma de ciudadanos. Produce APPs, webs, papeles burocr\u00e1ticos que no sirven absolutamente de nada, todo para enga\u00f1arse a s\u00ed mismos, que no a los ciudadanos, <strong>aparentando una actividad in\u00fatil.<\/strong> La forma como se llev\u00f3 a cabo el confinamiento de Igualada y su entorno, muestra la calidad de quienes nos gobiernan: Primero les impedimos salir, y despu\u00e9s ya veremos qu\u00e9 hacemos. Ahora mismo contin\u00faan las tragedias en las residencias catalanas. En un solo d\u00eda murieron 12 personas en una de Capellades, y otras 9 en Olesa. <strong>En total 23.<\/strong> \u00bfPor qu\u00e9 todav\u00eda no hay un plan de contingencia para afrontar el foco de letalidad que son estos centros?<\/p>\n<span class='bctt-click-to-tweet'><span class='bctt-ctt-text'><a href='https:\/\/twitter.com\/intent\/tweet?url=https%3A%2F%2Fconversesacatalunya.cat%2Fes%2Fcataluna-necesita-reaccionar-y-espana-tambien%2F&#038;text=La%20imagen%20internacional%20espa%C3%B1ola%20es%20la%20de%20un%20pa%C3%ADs%20donde%20faltan%20mascarillas%20para%20el%20personal%20sanitario%2C%20y%20se%20sacan%20los%20aparato%20respiratorios%20de%20los%20m%C3%A1s%20ancianos%20para%20poder%20d%C3%A1rselos%20a%20los%20m%C3%A1s%20j%C3%B3venes&#038;via=conversesacat&#038;related=conversesacat' target='_blank'rel=\"noopener noreferrer\">La imagen internacional espa\u00f1ola es la de un pa\u00eds donde faltan mascarillas para el personal sanitario, y se sacan los aparato respiratorios de los m\u00e1s ancianos para poder d\u00e1rselos a los m\u00e1s j\u00f3venes <\/a><\/span><a href='https:\/\/twitter.com\/intent\/tweet?url=https%3A%2F%2Fconversesacatalunya.cat%2Fes%2Fcataluna-necesita-reaccionar-y-espana-tambien%2F&#038;text=La%20imagen%20internacional%20espa%C3%B1ola%20es%20la%20de%20un%20pa%C3%ADs%20donde%20faltan%20mascarillas%20para%20el%20personal%20sanitario%2C%20y%20se%20sacan%20los%20aparato%20respiratorios%20de%20los%20m%C3%A1s%20ancianos%20para%20poder%20d%C3%A1rselos%20a%20los%20m%C3%A1s%20j%C3%B3venes&#038;via=conversesacat&#038;related=conversesacat' target='_blank' class='bctt-ctt-btn'rel=\"noopener noreferrer\">Compartir en X<\/a><\/span>\n<p>Mientras nuestra curva de casos, que se acercaba a los 6.000 el d\u00eda 23, con 200 muertos, segu\u00eda disparada, la otra comunidad aut\u00f3noma grande, <strong>Andaluc\u00eda,<\/strong> presentaba una curva lenta y con muchos menos casos, 1.700. Mientras que en Catalu\u00f1a los test de contagio siguen siendo un producto ex\u00f3tico, en Andaluc\u00eda existen <strong>11 puntos m\u00f3viles<\/strong> donde es posible realizarse el test sin descender del coche. Las comparaciones son odiosas, ciertamente, pero sobre todo para aquel que resulta mal parado, nosotros, los catalanes, en este caso.<\/p>\n<p>Mientras, en previsi\u00f3n de lo que viene, en Madrid se est\u00e1n habilitando nuevas plazas de UCI a gran escala, y en la Comunidad Valenciana se construyen 3 nuevos hospitales de urgencia en las respectivas capitales de provincia. En Catalu\u00f1a todav\u00eda est\u00e1n empezando a utilizar plazas de hotel para enfermos que no est\u00e1n en estado cr\u00edtico, cuando la <strong>prioridad fundamental es el colapso de las UCI <\/strong>y del material necesario para atender a los que est\u00e1n en riesgo de muerte. Por si fuera poco, el <a href=\"https:\/\/www.lavanguardia.com\/vida\/20200322\/4817212067\/sos-del-collegi-de-metges-y-eximios-doctores-por-la-falta-de-medios.html\" target=\"_blank\" rel=\"noopener noreferrer\">Colegio de M\u00e9dicos de Barcelona, ha lanzado un SOS por la falta de medios<\/a>.<\/p>\n<p>S\u00ed, Catalu\u00f1a debe reaccionar, y al tiempo hay que guardar memoria de todo este desastre, que demasiados de nuestros conciudadanos pasan por alto en nombre de la ideolog\u00eda. Ahora mismo se ha celebrado a trav\u00e9s de la red la <strong>VIII Asamblea General de la ANC.<\/strong> En sus extensas conclusiones no hay una sola l\u00ednea dedicada a la epidemia que mata compatriotas y destruye la econom\u00eda de Catalu\u00f1a.<\/p>\n<p style=\"text-align: center;\"><strong>M\u00e1s informaci\u00f3n sobre el coronavirus en <a href=\"https:\/\/conversesacatalunya.cat\/es\/coronavirus\/\" target=\"_blank\" rel=\"noopener noreferrer\"><span style=\"color: #ff0000;\">ESPECIAL CORONAVIRUS<\/span><\/a><\/strong><\/p>\n","protected":false},"excerpt":{"rendered":"<p>Espa\u00f1a est\u00e1 sufriendo destrozos en tres \u00e1mbitos. Uno es el de la letalidad del coronavirus, como consecuencia del abandono a que han tenido sometida a la poblaci\u00f3n de mayor riesgo, los mayores de 70 a\u00f1os concentrados en residencias, muchas de ellas con escasa capacidad de aislamiento entre personas enfermas y sanas. El segundo, es obviamente el \u00e1mbito econ\u00f3mico. La medida estrella, el aval a la financiaci\u00f3n de las empresas, todav\u00eda est\u00e1 por desarrollar plenamente, al tiempo que no se orienta desde el Gobierno a la industria espa\u00f1ola para que se transforme en parte, y en la medida de lo posible, para producir los bienes sanitarios que tanto necesitamos. Pero existe todav\u00eda un tercer frente de desgaste y deterioro, el de su imagen internacional, que est\u00e1 ligado a la falta del m\u00e1s elemental material sanitario, en algunos casos, adem\u00e1s, negado con empecinamiento, como sucede con el uso masivo de las mascarillas de protecci\u00f3n, una de las claves del \u00e9xito asi\u00e1tico de China, Corea, Taiwan y Hong Kong, y el uso masivo de pruebas de infecci\u00f3n, que hasta ahora mismo no ha sido rectificado. El resultado es que la imagen internacional espa\u00f1ola, como muestra el \u00faltimo reportaje de la CNN, es la de un pa\u00eds donde faltan mascarillas para el personal sanitario, y se sacan los aparato respiratorios de los m\u00e1s ancianos para poder d\u00e1rselos a los m\u00e1s j\u00f3venes, por falta de este tipo de instrumento en las UCI. Pero todo esto no justifica el desastre catal\u00e1n, su imprevisi\u00f3n a estas alturas. Tenemos un Gobierno que se comporta como una plataforma de ciudadanos. Produce APPs, webs, papeles burocr\u00e1ticos que no sirven absolutamente de nada, todo para enga\u00f1arse a s\u00ed mismos, que no a los ciudadanos, aparentando una actividad in\u00fatil. La forma como se llev\u00f3 a cabo el confinamiento de Igualada y su entorno, muestra la calidad de quienes nos gobiernan: Primero les impedimos salir, y despu\u00e9s ya veremos qu\u00e9 hacemos. Ahora mismo contin\u00faan las tragedias en las residencias catalanas. En un solo d\u00eda murieron 12 personas en una de Capellades, y otras 9 en Olesa. En total 23. \u00bfPor qu\u00e9 todav\u00eda no hay un plan de contingencia para afrontar el foco de letalidad que son estos centros? Mientras nuestra curva de casos, que se acercaba a los 6.000 el d\u00eda 23, con 200 muertos, segu\u00eda disparada, la otra comunidad aut\u00f3noma grande, Andaluc\u00eda, presentaba una curva lenta y con muchos menos casos, 1.700. Mientras que en Catalu\u00f1a los test de contagio siguen siendo un producto ex\u00f3tico, en Andaluc\u00eda existen 11 puntos m\u00f3viles donde es posible realizarse el test sin descender del coche. Las comparaciones son odiosas, ciertamente, pero sobre todo para aquel que resulta mal parado, nosotros, los catalanes, en este caso. Mientras, en previsi\u00f3n de lo que viene, en Madrid se est\u00e1n habilitando nuevas plazas de UCI a gran escala, y en la Comunidad Valenciana se construyen 3 nuevos hospitales de urgencia en las respectivas capitales de provincia. En Catalu\u00f1a todav\u00eda est\u00e1n empezando a utilizar plazas de hotel para enfermos que no est\u00e1n en estado cr\u00edtico, cuando la prioridad fundamental es el colapso de las UCI y del material necesario para atender a los que est\u00e1n en riesgo de muerte. Por si fuera poco, el Colegio de M\u00e9dicos de Barcelona, ha lanzado un SOS por la falta de medios. S\u00ed, Catalu\u00f1a debe reaccionar, y al tiempo hay que guardar memoria de todo este desastre, que demasiados de nuestros conciudadanos pasan por alto en nombre de la ideolog\u00eda. Ahora mismo se ha celebrado a trav\u00e9s de la red la VIII Asamblea General de la ANC. En sus extensas conclusiones no hay una sola l\u00ednea dedicada a la epidemia que mata compatriotas y destruye la econom\u00eda de Catalu\u00f1a. M\u00e1s informaci\u00f3n sobre el coronavirus en ESPECIAL CORONAVIRUS<\/p>\n","protected":false},"author":2,"featured_media":34040,"comment_status":"open","ping_status":"open","sticky":false,"template":"","format":"standard","meta":{"_FSMCFIC_featured_image_caption":"","_FSMCFIC_featured_image_nocaption":"","_FSMCFIC_featured_image_hide":"","footnotes":""},"categories":[1772,806],"tags":[1504],"class_list":["post-34037","post","type-post","status-publish","format-standard","has-post-thumbnail","hentry","category-especial-coronavirus-es","category-punts-claus-del-dia-es","tag-coronavirus-es"],"yoast_head":"<!-- This site is optimized with the Yoast SEO plugin v26.8 - https:\/\/yoast.com\/product\/yoast-seo-wordpress\/ -->\n<title>Catalu\u00f1a necesita reaccionar (y Espa\u00f1a tambi\u00e9n) - Converses a Catalunya<\/title>\n<meta name=\"robots\" content=\"index, follow, max-snippet:-1, max-image-preview:large, max-video-preview:-1\" \/>\n<link rel=\"canonical\" href=\"https:\/\/conversesacatalunya.cat\/es\/cataluna-necesita-reaccionar-y-espana-tambien\/\" \/>\n<meta property=\"og:locale\" content=\"es_ES\" \/>\n<meta property=\"og:type\" content=\"article\" \/>\n<meta property=\"og:title\" content=\"Catalu\u00f1a necesita reaccionar (y Espa\u00f1a tambi\u00e9n) - Converses a Catalunya\" \/>\n<meta property=\"og:description\" content=\"Espa\u00f1a est\u00e1 sufriendo destrozos en tres \u00e1mbitos. Uno es el de la letalidad del coronavirus, como consecuencia del abandono a que han tenido sometida a la poblaci\u00f3n de mayor riesgo, los mayores de 70 a\u00f1os concentrados en residencias, muchas de ellas con escasa capacidad de aislamiento entre personas enfermas y sanas. El segundo, es obviamente el \u00e1mbito econ\u00f3mico. La medida estrella, el aval a la financiaci\u00f3n de las empresas, todav\u00eda est\u00e1 por desarrollar plenamente, al tiempo que no se orienta desde el Gobierno a la industria espa\u00f1ola para que se transforme en parte, y en la medida de lo posible, para producir los bienes sanitarios que tanto necesitamos. Pero existe todav\u00eda un tercer frente de desgaste y deterioro, el de su imagen internacional, que est\u00e1 ligado a la falta del m\u00e1s elemental material sanitario, en algunos casos, adem\u00e1s, negado con empecinamiento, como sucede con el uso masivo de las mascarillas de protecci\u00f3n, una de las claves del \u00e9xito asi\u00e1tico de China, Corea, Taiwan y Hong Kong, y el uso masivo de pruebas de infecci\u00f3n, que hasta ahora mismo no ha sido rectificado. El resultado es que la imagen internacional espa\u00f1ola, como muestra el \u00faltimo reportaje de la CNN, es la de un pa\u00eds donde faltan mascarillas para el personal sanitario, y se sacan los aparato respiratorios de los m\u00e1s ancianos para poder d\u00e1rselos a los m\u00e1s j\u00f3venes, por falta de este tipo de instrumento en las UCI. Pero todo esto no justifica el desastre catal\u00e1n, su imprevisi\u00f3n a estas alturas. Tenemos un Gobierno que se comporta como una plataforma de ciudadanos. Produce APPs, webs, papeles burocr\u00e1ticos que no sirven absolutamente de nada, todo para enga\u00f1arse a s\u00ed mismos, que no a los ciudadanos, aparentando una actividad in\u00fatil. La forma como se llev\u00f3 a cabo el confinamiento de Igualada y su entorno, muestra la calidad de quienes nos gobiernan: Primero les impedimos salir, y despu\u00e9s ya veremos qu\u00e9 hacemos. Ahora mismo contin\u00faan las tragedias en las residencias catalanas. En un solo d\u00eda murieron 12 personas en una de Capellades, y otras 9 en Olesa. En total 23. \u00bfPor qu\u00e9 todav\u00eda no hay un plan de contingencia para afrontar el foco de letalidad que son estos centros? Mientras nuestra curva de casos, que se acercaba a los 6.000 el d\u00eda 23, con 200 muertos, segu\u00eda disparada, la otra comunidad aut\u00f3noma grande, Andaluc\u00eda, presentaba una curva lenta y con muchos menos casos, 1.700. Mientras que en Catalu\u00f1a los test de contagio siguen siendo un producto ex\u00f3tico, en Andaluc\u00eda existen 11 puntos m\u00f3viles donde es posible realizarse el test sin descender del coche. Las comparaciones son odiosas, ciertamente, pero sobre todo para aquel que resulta mal parado, nosotros, los catalanes, en este caso. Mientras, en previsi\u00f3n de lo que viene, en Madrid se est\u00e1n habilitando nuevas plazas de UCI a gran escala, y en la Comunidad Valenciana se construyen 3 nuevos hospitales de urgencia en las respectivas capitales de provincia. En Catalu\u00f1a todav\u00eda est\u00e1n empezando a utilizar plazas de hotel para enfermos que no est\u00e1n en estado cr\u00edtico, cuando la prioridad fundamental es el colapso de las UCI y del material necesario para atender a los que est\u00e1n en riesgo de muerte. Por si fuera poco, el Colegio de M\u00e9dicos de Barcelona, ha lanzado un SOS por la falta de medios. S\u00ed, Catalu\u00f1a debe reaccionar, y al tiempo hay que guardar memoria de todo este desastre, que demasiados de nuestros conciudadanos pasan por alto en nombre de la ideolog\u00eda. Ahora mismo se ha celebrado a trav\u00e9s de la red la VIII Asamblea General de la ANC. En sus extensas conclusiones no hay una sola l\u00ednea dedicada a la epidemia que mata compatriotas y destruye la econom\u00eda de Catalu\u00f1a. M\u00e1s informaci\u00f3n sobre el coronavirus en ESPECIAL CORONAVIRUS\" \/>\n<meta property=\"og:url\" content=\"https:\/\/conversesacatalunya.cat\/es\/cataluna-necesita-reaccionar-y-espana-tambien\/\" \/>\n<meta property=\"og:site_name\" content=\"Converses a Catalunya\" \/>\n<meta property=\"article:published_time\" content=\"2020-03-25T10:57:50+00:00\" \/>\n<meta property=\"article:modified_time\" content=\"2020-03-25T11:12:29+00:00\" \/>\n<meta property=\"og:image\" content=\"https:\/\/conversesacatalunya.cat\/wp-content\/uploads\/2020\/03\/coronavirus-13.jpg\" \/>\n\t<meta property=\"og:image:width\" content=\"550\" \/>\n\t<meta property=\"og:image:height\" content=\"309\" \/>\n\t<meta property=\"og:image:type\" content=\"image\/jpeg\" \/>\n<meta name=\"author\" content=\"conversesacatalunya\" \/>\n<meta name=\"twitter:card\" content=\"summary_large_image\" \/>\n<meta name=\"twitter:label1\" content=\"Escrito por\" \/>\n\t<meta name=\"twitter:data1\" content=\"conversesacatalunya\" \/>\n\t<meta name=\"twitter:label2\" content=\"Tiempo de lectura\" \/>\n\t<meta name=\"twitter:data2\" content=\"4 minutos\" \/>\n<script type=\"application\/ld+json\" class=\"yoast-schema-graph\">{\"@context\":\"https:\/\/schema.org\",\"@graph\":[{\"@type\":\"Article\",\"@id\":\"https:\/\/conversesacatalunya.cat\/es\/cataluna-necesita-reaccionar-y-espana-tambien\/#article\",\"isPartOf\":{\"@id\":\"https:\/\/conversesacatalunya.cat\/es\/cataluna-necesita-reaccionar-y-espana-tambien\/\"},\"author\":{\"name\":\"conversesacatalunya\",\"@id\":\"https:\/\/conversesacatalunya.cat\/#\/schema\/person\/7e24d1e54a2785373ddcb275eae5ed99\"},\"headline\":\"Catalu\u00f1a necesita reaccionar (y Espa\u00f1a tambi\u00e9n)\",\"datePublished\":\"2020-03-25T10:57:50+00:00\",\"dateModified\":\"2020-03-25T11:12:29+00:00\",\"mainEntityOfPage\":{\"@id\":\"https:\/\/conversesacatalunya.cat\/es\/cataluna-necesita-reaccionar-y-espana-tambien\/\"},\"wordCount\":717,\"commentCount\":0,\"image\":{\"@id\":\"https:\/\/conversesacatalunya.cat\/es\/cataluna-necesita-reaccionar-y-espana-tambien\/#primaryimage\"},\"thumbnailUrl\":\"https:\/\/conversesacatalunya.cat\/wp-content\/uploads\/2020\/03\/coronavirus-13.jpg\",\"keywords\":[\"coronavirus\"],\"articleSection\":[\"Especial Coronavirus (ES)\",\"Punts clau del dia (ES)\"],\"inLanguage\":\"es\",\"potentialAction\":[{\"@type\":\"CommentAction\",\"name\":\"Comment\",\"target\":[\"https:\/\/conversesacatalunya.cat\/es\/cataluna-necesita-reaccionar-y-espana-tambien\/#respond\"]}]},{\"@type\":\"WebPage\",\"@id\":\"https:\/\/conversesacatalunya.cat\/es\/cataluna-necesita-reaccionar-y-espana-tambien\/\",\"url\":\"https:\/\/conversesacatalunya.cat\/es\/cataluna-necesita-reaccionar-y-espana-tambien\/\",\"name\":\"Catalu\u00f1a necesita reaccionar (y Espa\u00f1a tambi\u00e9n) - Converses a Catalunya\",\"isPartOf\":{\"@id\":\"https:\/\/conversesacatalunya.cat\/#website\"},\"primaryImageOfPage\":{\"@id\":\"https:\/\/conversesacatalunya.cat\/es\/cataluna-necesita-reaccionar-y-espana-tambien\/#primaryimage\"},\"image\":{\"@id\":\"https:\/\/conversesacatalunya.cat\/es\/cataluna-necesita-reaccionar-y-espana-tambien\/#primaryimage\"},\"thumbnailUrl\":\"https:\/\/conversesacatalunya.cat\/wp-content\/uploads\/2020\/03\/coronavirus-13.jpg\",\"datePublished\":\"2020-03-25T10:57:50+00:00\",\"dateModified\":\"2020-03-25T11:12:29+00:00\",\"author\":{\"@id\":\"https:\/\/conversesacatalunya.cat\/#\/schema\/person\/7e24d1e54a2785373ddcb275eae5ed99\"},\"breadcrumb\":{\"@id\":\"https:\/\/conversesacatalunya.cat\/es\/cataluna-necesita-reaccionar-y-espana-tambien\/#breadcrumb\"},\"inLanguage\":\"es\",\"potentialAction\":[{\"@type\":\"ReadAction\",\"target\":[\"https:\/\/conversesacatalunya.cat\/es\/cataluna-necesita-reaccionar-y-espana-tambien\/\"]}]},{\"@type\":\"ImageObject\",\"inLanguage\":\"es\",\"@id\":\"https:\/\/conversesacatalunya.cat\/es\/cataluna-necesita-reaccionar-y-espana-tambien\/#primaryimage\",\"url\":\"https:\/\/conversesacatalunya.cat\/wp-content\/uploads\/2020\/03\/coronavirus-13.jpg\",\"contentUrl\":\"https:\/\/conversesacatalunya.cat\/wp-content\/uploads\/2020\/03\/coronavirus-13.jpg\",\"width\":550,\"height\":309},{\"@type\":\"BreadcrumbList\",\"@id\":\"https:\/\/conversesacatalunya.cat\/es\/cataluna-necesita-reaccionar-y-espana-tambien\/#breadcrumb\",\"itemListElement\":[{\"@type\":\"ListItem\",\"position\":1,\"name\":\"Inici\",\"item\":\"https:\/\/conversesacatalunya.cat\/es\/\"},{\"@type\":\"ListItem\",\"position\":2,\"name\":\"Catalu\u00f1a necesita reaccionar (y Espa\u00f1a tambi\u00e9n)\"}]},{\"@type\":\"WebSite\",\"@id\":\"https:\/\/conversesacatalunya.cat\/#website\",\"url\":\"https:\/\/conversesacatalunya.cat\/\",\"name\":\"Converses a Catalunya\",\"description\":\"\",\"potentialAction\":[{\"@type\":\"SearchAction\",\"target\":{\"@type\":\"EntryPoint\",\"urlTemplate\":\"https:\/\/conversesacatalunya.cat\/?s={search_term_string}\"},\"query-input\":{\"@type\":\"PropertyValueSpecification\",\"valueRequired\":true,\"valueName\":\"search_term_string\"}}],\"inLanguage\":\"es\"},{\"@type\":\"Person\",\"@id\":\"https:\/\/conversesacatalunya.cat\/#\/schema\/person\/7e24d1e54a2785373ddcb275eae5ed99\",\"name\":\"conversesacatalunya\",\"image\":{\"@type\":\"ImageObject\",\"inLanguage\":\"es\",\"@id\":\"https:\/\/conversesacatalunya.cat\/#\/schema\/person\/image\/\",\"url\":\"https:\/\/conversesacatalunya.cat\/wp-content\/litespeed\/avatar\/febdfeeec89d950f01c748045a981dd2.jpg?ver=1777314535\",\"contentUrl\":\"https:\/\/conversesacatalunya.cat\/wp-content\/litespeed\/avatar\/febdfeeec89d950f01c748045a981dd2.jpg?ver=1777314535\",\"caption\":\"conversesacatalunya\"},\"url\":\"https:\/\/conversesacatalunya.cat\/es\/author\/carme_catala\/\"}]}<\/script>\n<!-- \/ Yoast SEO plugin. -->","yoast_head_json":{"title":"Catalu\u00f1a necesita reaccionar (y Espa\u00f1a tambi\u00e9n) - Converses a Catalunya","robots":{"index":"index","follow":"follow","max-snippet":"max-snippet:-1","max-image-preview":"max-image-preview:large","max-video-preview":"max-video-preview:-1"},"canonical":"https:\/\/conversesacatalunya.cat\/es\/cataluna-necesita-reaccionar-y-espana-tambien\/","og_locale":"es_ES","og_type":"article","og_title":"Catalu\u00f1a necesita reaccionar (y Espa\u00f1a tambi\u00e9n) - Converses a Catalunya","og_description":"Espa\u00f1a est\u00e1 sufriendo destrozos en tres \u00e1mbitos. Uno es el de la letalidad del coronavirus, como consecuencia del abandono a que han tenido sometida a la poblaci\u00f3n de mayor riesgo, los mayores de 70 a\u00f1os concentrados en residencias, muchas de ellas con escasa capacidad de aislamiento entre personas enfermas y sanas. El segundo, es obviamente el \u00e1mbito econ\u00f3mico. La medida estrella, el aval a la financiaci\u00f3n de las empresas, todav\u00eda est\u00e1 por desarrollar plenamente, al tiempo que no se orienta desde el Gobierno a la industria espa\u00f1ola para que se transforme en parte, y en la medida de lo posible, para producir los bienes sanitarios que tanto necesitamos. Pero existe todav\u00eda un tercer frente de desgaste y deterioro, el de su imagen internacional, que est\u00e1 ligado a la falta del m\u00e1s elemental material sanitario, en algunos casos, adem\u00e1s, negado con empecinamiento, como sucede con el uso masivo de las mascarillas de protecci\u00f3n, una de las claves del \u00e9xito asi\u00e1tico de China, Corea, Taiwan y Hong Kong, y el uso masivo de pruebas de infecci\u00f3n, que hasta ahora mismo no ha sido rectificado. El resultado es que la imagen internacional espa\u00f1ola, como muestra el \u00faltimo reportaje de la CNN, es la de un pa\u00eds donde faltan mascarillas para el personal sanitario, y se sacan los aparato respiratorios de los m\u00e1s ancianos para poder d\u00e1rselos a los m\u00e1s j\u00f3venes, por falta de este tipo de instrumento en las UCI. Pero todo esto no justifica el desastre catal\u00e1n, su imprevisi\u00f3n a estas alturas. Tenemos un Gobierno que se comporta como una plataforma de ciudadanos. Produce APPs, webs, papeles burocr\u00e1ticos que no sirven absolutamente de nada, todo para enga\u00f1arse a s\u00ed mismos, que no a los ciudadanos, aparentando una actividad in\u00fatil. La forma como se llev\u00f3 a cabo el confinamiento de Igualada y su entorno, muestra la calidad de quienes nos gobiernan: Primero les impedimos salir, y despu\u00e9s ya veremos qu\u00e9 hacemos. Ahora mismo contin\u00faan las tragedias en las residencias catalanas. En un solo d\u00eda murieron 12 personas en una de Capellades, y otras 9 en Olesa. En total 23. \u00bfPor qu\u00e9 todav\u00eda no hay un plan de contingencia para afrontar el foco de letalidad que son estos centros? Mientras nuestra curva de casos, que se acercaba a los 6.000 el d\u00eda 23, con 200 muertos, segu\u00eda disparada, la otra comunidad aut\u00f3noma grande, Andaluc\u00eda, presentaba una curva lenta y con muchos menos casos, 1.700. Mientras que en Catalu\u00f1a los test de contagio siguen siendo un producto ex\u00f3tico, en Andaluc\u00eda existen 11 puntos m\u00f3viles donde es posible realizarse el test sin descender del coche. Las comparaciones son odiosas, ciertamente, pero sobre todo para aquel que resulta mal parado, nosotros, los catalanes, en este caso. Mientras, en previsi\u00f3n de lo que viene, en Madrid se est\u00e1n habilitando nuevas plazas de UCI a gran escala, y en la Comunidad Valenciana se construyen 3 nuevos hospitales de urgencia en las respectivas capitales de provincia. En Catalu\u00f1a todav\u00eda est\u00e1n empezando a utilizar plazas de hotel para enfermos que no est\u00e1n en estado cr\u00edtico, cuando la prioridad fundamental es el colapso de las UCI y del material necesario para atender a los que est\u00e1n en riesgo de muerte. Por si fuera poco, el Colegio de M\u00e9dicos de Barcelona, ha lanzado un SOS por la falta de medios. S\u00ed, Catalu\u00f1a debe reaccionar, y al tiempo hay que guardar memoria de todo este desastre, que demasiados de nuestros conciudadanos pasan por alto en nombre de la ideolog\u00eda. Ahora mismo se ha celebrado a trav\u00e9s de la red la VIII Asamblea General de la ANC. En sus extensas conclusiones no hay una sola l\u00ednea dedicada a la epidemia que mata compatriotas y destruye la econom\u00eda de Catalu\u00f1a. M\u00e1s informaci\u00f3n sobre el coronavirus en ESPECIAL CORONAVIRUS","og_url":"https:\/\/conversesacatalunya.cat\/es\/cataluna-necesita-reaccionar-y-espana-tambien\/","og_site_name":"Converses a Catalunya","article_published_time":"2020-03-25T10:57:50+00:00","article_modified_time":"2020-03-25T11:12:29+00:00","og_image":[{"width":550,"height":309,"url":"https:\/\/conversesacatalunya.cat\/wp-content\/uploads\/2020\/03\/coronavirus-13.jpg","type":"image\/jpeg"}],"author":"conversesacatalunya","twitter_card":"summary_large_image","twitter_misc":{"Escrito por":"conversesacatalunya","Tiempo de lectura":"4 minutos"},"schema":{"@context":"https:\/\/schema.org","@graph":[{"@type":"Article","@id":"https:\/\/conversesacatalunya.cat\/es\/cataluna-necesita-reaccionar-y-espana-tambien\/#article","isPartOf":{"@id":"https:\/\/conversesacatalunya.cat\/es\/cataluna-necesita-reaccionar-y-espana-tambien\/"},"author":{"name":"conversesacatalunya","@id":"https:\/\/conversesacatalunya.cat\/#\/schema\/person\/7e24d1e54a2785373ddcb275eae5ed99"},"headline":"Catalu\u00f1a necesita reaccionar (y Espa\u00f1a tambi\u00e9n)","datePublished":"2020-03-25T10:57:50+00:00","dateModified":"2020-03-25T11:12:29+00:00","mainEntityOfPage":{"@id":"https:\/\/conversesacatalunya.cat\/es\/cataluna-necesita-reaccionar-y-espana-tambien\/"},"wordCount":717,"commentCount":0,"image":{"@id":"https:\/\/conversesacatalunya.cat\/es\/cataluna-necesita-reaccionar-y-espana-tambien\/#primaryimage"},"thumbnailUrl":"https:\/\/conversesacatalunya.cat\/wp-content\/uploads\/2020\/03\/coronavirus-13.jpg","keywords":["coronavirus"],"articleSection":["Especial Coronavirus (ES)","Punts clau del dia (ES)"],"inLanguage":"es","potentialAction":[{"@type":"CommentAction","name":"Comment","target":["https:\/\/conversesacatalunya.cat\/es\/cataluna-necesita-reaccionar-y-espana-tambien\/#respond"]}]},{"@type":"WebPage","@id":"https:\/\/conversesacatalunya.cat\/es\/cataluna-necesita-reaccionar-y-espana-tambien\/","url":"https:\/\/conversesacatalunya.cat\/es\/cataluna-necesita-reaccionar-y-espana-tambien\/","name":"Catalu\u00f1a necesita reaccionar (y Espa\u00f1a tambi\u00e9n) - Converses a Catalunya","isPartOf":{"@id":"https:\/\/conversesacatalunya.cat\/#website"},"primaryImageOfPage":{"@id":"https:\/\/conversesacatalunya.cat\/es\/cataluna-necesita-reaccionar-y-espana-tambien\/#primaryimage"},"image":{"@id":"https:\/\/conversesacatalunya.cat\/es\/cataluna-necesita-reaccionar-y-espana-tambien\/#primaryimage"},"thumbnailUrl":"https:\/\/conversesacatalunya.cat\/wp-content\/uploads\/2020\/03\/coronavirus-13.jpg","datePublished":"2020-03-25T10:57:50+00:00","dateModified":"2020-03-25T11:12:29+00:00","author":{"@id":"https:\/\/conversesacatalunya.cat\/#\/schema\/person\/7e24d1e54a2785373ddcb275eae5ed99"},"breadcrumb":{"@id":"https:\/\/conversesacatalunya.cat\/es\/cataluna-necesita-reaccionar-y-espana-tambien\/#breadcrumb"},"inLanguage":"es","potentialAction":[{"@type":"ReadAction","target":["https:\/\/conversesacatalunya.cat\/es\/cataluna-necesita-reaccionar-y-espana-tambien\/"]}]},{"@type":"ImageObject","inLanguage":"es","@id":"https:\/\/conversesacatalunya.cat\/es\/cataluna-necesita-reaccionar-y-espana-tambien\/#primaryimage","url":"https:\/\/conversesacatalunya.cat\/wp-content\/uploads\/2020\/03\/coronavirus-13.jpg","contentUrl":"https:\/\/conversesacatalunya.cat\/wp-content\/uploads\/2020\/03\/coronavirus-13.jpg","width":550,"height":309},{"@type":"BreadcrumbList","@id":"https:\/\/conversesacatalunya.cat\/es\/cataluna-necesita-reaccionar-y-espana-tambien\/#breadcrumb","itemListElement":[{"@type":"ListItem","position":1,"name":"Inici","item":"https:\/\/conversesacatalunya.cat\/es\/"},{"@type":"ListItem","position":2,"name":"Catalu\u00f1a necesita reaccionar (y Espa\u00f1a tambi\u00e9n)"}]},{"@type":"WebSite","@id":"https:\/\/conversesacatalunya.cat\/#website","url":"https:\/\/conversesacatalunya.cat\/","name":"Converses a Catalunya","description":"","potentialAction":[{"@type":"SearchAction","target":{"@type":"EntryPoint","urlTemplate":"https:\/\/conversesacatalunya.cat\/?s={search_term_string}"},"query-input":{"@type":"PropertyValueSpecification","valueRequired":true,"valueName":"search_term_string"}}],"inLanguage":"es"},{"@type":"Person","@id":"https:\/\/conversesacatalunya.cat\/#\/schema\/person\/7e24d1e54a2785373ddcb275eae5ed99","name":"conversesacatalunya","image":{"@type":"ImageObject","inLanguage":"es","@id":"https:\/\/conversesacatalunya.cat\/#\/schema\/person\/image\/","url":"https:\/\/conversesacatalunya.cat\/wp-content\/litespeed\/avatar\/febdfeeec89d950f01c748045a981dd2.jpg?ver=1777314535","contentUrl":"https:\/\/conversesacatalunya.cat\/wp-content\/litespeed\/avatar\/febdfeeec89d950f01c748045a981dd2.jpg?ver=1777314535","caption":"conversesacatalunya"},"url":"https:\/\/conversesacatalunya.cat\/es\/author\/carme_catala\/"}]}},"wps_subtitle":"","_links":{"self":[{"href":"https:\/\/conversesacatalunya.cat\/es\/wp-json\/wp\/v2\/posts\/34037","targetHints":{"allow":["GET"]}}],"collection":[{"href":"https:\/\/conversesacatalunya.cat\/es\/wp-json\/wp\/v2\/posts"}],"about":[{"href":"https:\/\/conversesacatalunya.cat\/es\/wp-json\/wp\/v2\/types\/post"}],"author":[{"embeddable":true,"href":"https:\/\/conversesacatalunya.cat\/es\/wp-json\/wp\/v2\/users\/2"}],"replies":[{"embeddable":true,"href":"https:\/\/conversesacatalunya.cat\/es\/wp-json\/wp\/v2\/comments?post=34037"}],"version-history":[{"count":3,"href":"https:\/\/conversesacatalunya.cat\/es\/wp-json\/wp\/v2\/posts\/34037\/revisions"}],"predecessor-version":[{"id":34044,"href":"https:\/\/conversesacatalunya.cat\/es\/wp-json\/wp\/v2\/posts\/34037\/revisions\/34044"}],"wp:featuredmedia":[{"embeddable":true,"href":"https:\/\/conversesacatalunya.cat\/es\/wp-json\/wp\/v2\/media\/34040"}],"wp:attachment":[{"href":"https:\/\/conversesacatalunya.cat\/es\/wp-json\/wp\/v2\/media?parent=34037"}],"wp:term":[{"taxonomy":"category","embeddable":true,"href":"https:\/\/conversesacatalunya.cat\/es\/wp-json\/wp\/v2\/categories?post=34037"},{"taxonomy":"post_tag","embeddable":true,"href":"https:\/\/conversesacatalunya.cat\/es\/wp-json\/wp\/v2\/tags?post=34037"}],"curies":[{"name":"wp","href":"https:\/\/api.w.org\/{rel}","templated":true}]}}