{"id":33897,"date":"2020-03-23T12:12:23","date_gmt":"2020-03-23T11:12:23","guid":{"rendered":"https:\/\/conversesacatalunya.cat\/?p=33897"},"modified":"2020-03-23T12:13:20","modified_gmt":"2020-03-23T11:13:20","slug":"impresoras-3d-una-muy-buena-noticia","status":"publish","type":"post","link":"https:\/\/conversesacatalunya.cat\/es\/impresoras-3d-una-muy-buena-noticia\/","title":{"rendered":"Impresoras 3D: Una muy buena noticia"},"content":{"rendered":"<p>Un conjunto de empresas catalanas, lideradas por Seat, han iniciado un <strong>proceso de producci\u00f3n de respiradores, mediante impresoras 3D<\/strong> que puede llegar a las 100 unidades diarias terminadas, y que a principios de la pr\u00f3xima semana puede alcanzar las <strong>300<\/strong>. Esto significar\u00eda poner t\u00e9rmino a uno de los m\u00e1s tr\u00e1gicos estrangulamientos que sufren las UCI, como es el de la escasez de este tipo de aparato absolutamente necesario para impedir que el paciente sufra por asfixia o incluso muera a causa de ella, que constituye uno de los mayores estragos de esta enfermedad.<\/p>\n<p>El proceso industrial se realiza a partir de <strong>impresoras 3D<\/strong> y cuenta con una homologaci\u00f3n provisional, que avala su condici\u00f3n de equipamiento sanitario.<\/p>\n<p>Hasta ahora, y es una muestra de la imprevisi\u00f3n extrema con la que ha actuado el gobierno, la carencia de este tipo de aparato ha sido una de las cruces de las unidades de cuidados intensivos. Con la capacidad de producci\u00f3n anunciada, no solo se pondr\u00e1 fin a este d\u00e9ficit crucial en los hospitales de Catalu\u00f1a, sino que tambi\u00e9n, muy pronto, se podr\u00e1 contribuir a la resoluci\u00f3n del problema en el conjunto de Espa\u00f1a.<\/p>\n<p>Esta respuesta, que ha <strong>sido fruto de la iniciativa empresarial y m\u00e9dica,<\/strong> se\u00f1ala bien a las claras lo importante que hubiera sido -y sigue siendo- que el Gobierno hubiera encarado en coherencia con su discurso una verdadera <strong>econom\u00eda de guerra<\/strong>; es decir, la transformaci\u00f3n de una parte de la capacidad industrial para producir los bienes necesarios para la sanidad.<\/p>\n<p>Resulta incomprensible que un pa\u00eds desarrollado como Espa\u00f1a tenga, por ejemplo, un d\u00e9ficit de mascarillas extraordinario, y al mismo tiempo empresas que tienen la capacidad de producirlas, con peque\u00f1as adaptaciones en sus procesos industriales, hayan suspendido sus tareas por falta de trabajo.<\/p>\n<p><strong>En este sentido <\/strong><a href=\"https:\/\/e-cristians.cat\/peticio-a-change-per-demanar-al-president-del-govern-la-constitucio-urgent-de-la-comissio-interministerial-per-afrontar-les-mancances-en-material-sanitari\/\" target=\"_blank\" rel=\"noopener noreferrer\"><strong>e-cristians<\/strong><\/a><strong>, <\/strong>una organizaci\u00f3n cat\u00f3lica centrada en las aplicaciones de la doctrina social cristiana, ha formulado <a href=\"http:\/\/e-cristians.cat\/66939-2\/\" target=\"_blank\" rel=\"noopener noreferrer\"><strong>una petici\u00f3n<\/strong><\/a> al Gobierno directamente y apoyada por una recogida de firmas a trav\u00e9s de la <strong>plataforma Change<\/strong>.<\/p>\n<p style=\"text-align: center;\"><strong>M\u00e1s informaci\u00f3n sobre el coronavirus en <span style=\"color: #ff0000;\">ESPECIAL CORONAVIRUS<\/span><\/strong><\/p>\n<p>Env\u00eda a tus contactos de Twitter para que puedan firmar la petici\u00f3n:<\/p>\n<span class='bctt-click-to-tweet'><span class='bctt-ctt-text'><a href='https:\/\/twitter.com\/intent\/tweet?url=https%3A%2F%2Fconversesacatalunya.cat%2Fes%2Fimpresoras-3d-una-muy-buena-noticia%2F&#038;text=Firma%20la%20petici%C3%B3n%20en%20Change.%20Lo%20importante%20ahora%20es%20salvar%20vidas&#038;via=conversesacat&#038;related=conversesacat' target='_blank'rel=\"noopener noreferrer\">Firma la petici\u00f3n en Change. Lo importante ahora es salvar vidas <\/a><\/span><a href='https:\/\/twitter.com\/intent\/tweet?url=https%3A%2F%2Fconversesacatalunya.cat%2Fes%2Fimpresoras-3d-una-muy-buena-noticia%2F&#038;text=Firma%20la%20petici%C3%B3n%20en%20Change.%20Lo%20importante%20ahora%20es%20salvar%20vidas&#038;via=conversesacat&#038;related=conversesacat' target='_blank' class='bctt-ctt-btn'rel=\"noopener noreferrer\">Compartir en X<\/a><\/span>\n","protected":false},"excerpt":{"rendered":"<p>Un conjunto de empresas catalanas, lideradas por Seat, han iniciado un proceso de producci\u00f3n de respiradores, mediante impresoras 3D que puede llegar a las 100 unidades diarias terminadas, y que a principios de la pr\u00f3xima semana puede alcanzar las 300. Esto significar\u00eda poner t\u00e9rmino a uno de los m\u00e1s tr\u00e1gicos estrangulamientos que sufren las UCI, como es el de la escasez de este tipo de aparato absolutamente necesario para impedir que el paciente sufra por asfixia o incluso muera a causa de ella, que constituye uno de los mayores estragos de esta enfermedad. El proceso industrial se realiza a partir de impresoras 3D y cuenta con una homologaci\u00f3n provisional, que avala su condici\u00f3n de equipamiento sanitario. Hasta ahora, y es una muestra de la imprevisi\u00f3n extrema con la que ha actuado el gobierno, la carencia de este tipo de aparato ha sido una de las cruces de las unidades de cuidados intensivos. Con la capacidad de producci\u00f3n anunciada, no solo se pondr\u00e1 fin a este d\u00e9ficit crucial en los hospitales de Catalu\u00f1a, sino que tambi\u00e9n, muy pronto, se podr\u00e1 contribuir a la resoluci\u00f3n del problema en el conjunto de Espa\u00f1a. Esta respuesta, que ha sido fruto de la iniciativa empresarial y m\u00e9dica, se\u00f1ala bien a las claras lo importante que hubiera sido -y sigue siendo- que el Gobierno hubiera encarado en coherencia con su discurso una verdadera econom\u00eda de guerra; es decir, la transformaci\u00f3n de una parte de la capacidad industrial para producir los bienes necesarios para la sanidad. Resulta incomprensible que un pa\u00eds desarrollado como Espa\u00f1a tenga, por ejemplo, un d\u00e9ficit de mascarillas extraordinario, y al mismo tiempo empresas que tienen la capacidad de producirlas, con peque\u00f1as adaptaciones en sus procesos industriales, hayan suspendido sus tareas por falta de trabajo. En este sentido e-cristians, una organizaci\u00f3n cat\u00f3lica centrada en las aplicaciones de la doctrina social cristiana, ha formulado una petici\u00f3n al Gobierno directamente y apoyada por una recogida de firmas a trav\u00e9s de la plataforma Change. M\u00e1s informaci\u00f3n sobre el coronavirus en ESPECIAL CORONAVIRUS Env\u00eda a tus contactos de Twitter para que puedan firmar la petici\u00f3n:<\/p>\n","protected":false},"author":2,"featured_media":33903,"comment_status":"open","ping_status":"open","sticky":false,"template":"","format":"standard","meta":{"_FSMCFIC_featured_image_caption":"","_FSMCFIC_featured_image_nocaption":"","_FSMCFIC_featured_image_hide":"","footnotes":""},"categories":[1772,806],"tags":[1949,1504,1950,1157],"class_list":["post-33897","post","type-post","status-publish","format-standard","has-post-thumbnail","hentry","category-especial-coronavirus-es","category-punts-claus-del-dia-es","tag-change","tag-coronavirus-es","tag-e-cristians","tag-pedro-sanchez-es"],"yoast_head":"<!-- This site is optimized with the Yoast SEO plugin v26.8 - https:\/\/yoast.com\/product\/yoast-seo-wordpress\/ -->\n<title>Impresoras 3D: Una muy buena noticia - Converses a Catalunya<\/title>\n<meta name=\"description\" content=\"Un conjunto de empresas catalanas han iniciado un proceso de producci\u00f3n de respiradores mediante impresoras 3D que puede producir 100 unidades diarias\" \/>\n<meta name=\"robots\" content=\"index, follow, max-snippet:-1, max-image-preview:large, max-video-preview:-1\" \/>\n<link rel=\"canonical\" href=\"https:\/\/conversesacatalunya.cat\/es\/impresoras-3d-una-muy-buena-noticia\/\" \/>\n<meta property=\"og:locale\" content=\"es_ES\" \/>\n<meta property=\"og:type\" content=\"article\" \/>\n<meta property=\"og:title\" content=\"Impresoras 3D: Una muy buena noticia - Converses a Catalunya\" \/>\n<meta property=\"og:description\" content=\"Un conjunto de empresas catalanas han iniciado un proceso de producci\u00f3n de respiradores mediante impresoras 3D que puede producir 100 unidades diarias\" \/>\n<meta property=\"og:url\" content=\"https:\/\/conversesacatalunya.cat\/es\/impresoras-3d-una-muy-buena-noticia\/\" \/>\n<meta property=\"og:site_name\" content=\"Converses a Catalunya\" \/>\n<meta property=\"article:published_time\" content=\"2020-03-23T11:12:23+00:00\" \/>\n<meta property=\"article:modified_time\" content=\"2020-03-23T11:13:20+00:00\" \/>\n<meta property=\"og:image\" content=\"https:\/\/conversesacatalunya.cat\/wp-content\/uploads\/2020\/03\/impresoras-3d-contra-el-coronavirus.jpeg\" \/>\n\t<meta property=\"og:image:width\" content=\"1200\" \/>\n\t<meta property=\"og:image:height\" content=\"675\" \/>\n\t<meta property=\"og:image:type\" content=\"image\/jpeg\" \/>\n<meta name=\"author\" content=\"conversesacatalunya\" \/>\n<meta name=\"twitter:card\" content=\"summary_large_image\" \/>\n<meta name=\"twitter:label1\" content=\"Escrito por\" \/>\n\t<meta name=\"twitter:data1\" content=\"conversesacatalunya\" \/>\n\t<meta name=\"twitter:label2\" content=\"Tiempo de lectura\" \/>\n\t<meta name=\"twitter:data2\" content=\"2 minutos\" \/>\n<script type=\"application\/ld+json\" class=\"yoast-schema-graph\">{\"@context\":\"https:\/\/schema.org\",\"@graph\":[{\"@type\":\"Article\",\"@id\":\"https:\/\/conversesacatalunya.cat\/es\/impresoras-3d-una-muy-buena-noticia\/#article\",\"isPartOf\":{\"@id\":\"https:\/\/conversesacatalunya.cat\/es\/impresoras-3d-una-muy-buena-noticia\/\"},\"author\":{\"name\":\"conversesacatalunya\",\"@id\":\"https:\/\/conversesacatalunya.cat\/#\/schema\/person\/7e24d1e54a2785373ddcb275eae5ed99\"},\"headline\":\"Impresoras 3D: Una muy buena noticia\",\"datePublished\":\"2020-03-23T11:12:23+00:00\",\"dateModified\":\"2020-03-23T11:13:20+00:00\",\"mainEntityOfPage\":{\"@id\":\"https:\/\/conversesacatalunya.cat\/es\/impresoras-3d-una-muy-buena-noticia\/\"},\"wordCount\":398,\"commentCount\":0,\"image\":{\"@id\":\"https:\/\/conversesacatalunya.cat\/es\/impresoras-3d-una-muy-buena-noticia\/#primaryimage\"},\"thumbnailUrl\":\"https:\/\/conversesacatalunya.cat\/wp-content\/uploads\/2020\/03\/impresoras-3d-contra-el-coronavirus.jpeg\",\"keywords\":[\"Change\",\"coronavirus\",\"e-cristians\",\"Pedro S\u00e1nchez\"],\"articleSection\":[\"Especial Coronavirus (ES)\",\"Punts clau del dia (ES)\"],\"inLanguage\":\"es\",\"potentialAction\":[{\"@type\":\"CommentAction\",\"name\":\"Comment\",\"target\":[\"https:\/\/conversesacatalunya.cat\/es\/impresoras-3d-una-muy-buena-noticia\/#respond\"]}]},{\"@type\":\"WebPage\",\"@id\":\"https:\/\/conversesacatalunya.cat\/es\/impresoras-3d-una-muy-buena-noticia\/\",\"url\":\"https:\/\/conversesacatalunya.cat\/es\/impresoras-3d-una-muy-buena-noticia\/\",\"name\":\"Impresoras 3D: Una muy buena noticia - Converses a Catalunya\",\"isPartOf\":{\"@id\":\"https:\/\/conversesacatalunya.cat\/#website\"},\"primaryImageOfPage\":{\"@id\":\"https:\/\/conversesacatalunya.cat\/es\/impresoras-3d-una-muy-buena-noticia\/#primaryimage\"},\"image\":{\"@id\":\"https:\/\/conversesacatalunya.cat\/es\/impresoras-3d-una-muy-buena-noticia\/#primaryimage\"},\"thumbnailUrl\":\"https:\/\/conversesacatalunya.cat\/wp-content\/uploads\/2020\/03\/impresoras-3d-contra-el-coronavirus.jpeg\",\"datePublished\":\"2020-03-23T11:12:23+00:00\",\"dateModified\":\"2020-03-23T11:13:20+00:00\",\"author\":{\"@id\":\"https:\/\/conversesacatalunya.cat\/#\/schema\/person\/7e24d1e54a2785373ddcb275eae5ed99\"},\"description\":\"Un conjunto de empresas catalanas han iniciado un proceso de producci\u00f3n de respiradores mediante impresoras 3D que puede producir 100 unidades diarias\",\"breadcrumb\":{\"@id\":\"https:\/\/conversesacatalunya.cat\/es\/impresoras-3d-una-muy-buena-noticia\/#breadcrumb\"},\"inLanguage\":\"es\",\"potentialAction\":[{\"@type\":\"ReadAction\",\"target\":[\"https:\/\/conversesacatalunya.cat\/es\/impresoras-3d-una-muy-buena-noticia\/\"]}]},{\"@type\":\"ImageObject\",\"inLanguage\":\"es\",\"@id\":\"https:\/\/conversesacatalunya.cat\/es\/impresoras-3d-una-muy-buena-noticia\/#primaryimage\",\"url\":\"https:\/\/conversesacatalunya.cat\/wp-content\/uploads\/2020\/03\/impresoras-3d-contra-el-coronavirus.jpeg\",\"contentUrl\":\"https:\/\/conversesacatalunya.cat\/wp-content\/uploads\/2020\/03\/impresoras-3d-contra-el-coronavirus.jpeg\",\"width\":1200,\"height\":675,\"caption\":\"impresoras 3D coronavirus\"},{\"@type\":\"BreadcrumbList\",\"@id\":\"https:\/\/conversesacatalunya.cat\/es\/impresoras-3d-una-muy-buena-noticia\/#breadcrumb\",\"itemListElement\":[{\"@type\":\"ListItem\",\"position\":1,\"name\":\"Inici\",\"item\":\"https:\/\/conversesacatalunya.cat\/es\/\"},{\"@type\":\"ListItem\",\"position\":2,\"name\":\"Impresoras 3D: Una muy buena noticia\"}]},{\"@type\":\"WebSite\",\"@id\":\"https:\/\/conversesacatalunya.cat\/#website\",\"url\":\"https:\/\/conversesacatalunya.cat\/\",\"name\":\"Converses a Catalunya\",\"description\":\"\",\"potentialAction\":[{\"@type\":\"SearchAction\",\"target\":{\"@type\":\"EntryPoint\",\"urlTemplate\":\"https:\/\/conversesacatalunya.cat\/?s={search_term_string}\"},\"query-input\":{\"@type\":\"PropertyValueSpecification\",\"valueRequired\":true,\"valueName\":\"search_term_string\"}}],\"inLanguage\":\"es\"},{\"@type\":\"Person\",\"@id\":\"https:\/\/conversesacatalunya.cat\/#\/schema\/person\/7e24d1e54a2785373ddcb275eae5ed99\",\"name\":\"conversesacatalunya\",\"image\":{\"@type\":\"ImageObject\",\"inLanguage\":\"es\",\"@id\":\"https:\/\/conversesacatalunya.cat\/#\/schema\/person\/image\/\",\"url\":\"https:\/\/conversesacatalunya.cat\/wp-content\/litespeed\/avatar\/febdfeeec89d950f01c748045a981dd2.jpg?ver=1777314535\",\"contentUrl\":\"https:\/\/conversesacatalunya.cat\/wp-content\/litespeed\/avatar\/febdfeeec89d950f01c748045a981dd2.jpg?ver=1777314535\",\"caption\":\"conversesacatalunya\"},\"url\":\"https:\/\/conversesacatalunya.cat\/es\/author\/carme_catala\/\"}]}<\/script>\n<!-- \/ Yoast SEO plugin. -->","yoast_head_json":{"title":"Impresoras 3D: Una muy buena noticia - Converses a Catalunya","description":"Un conjunto de empresas catalanas han iniciado un proceso de producci\u00f3n de respiradores mediante impresoras 3D que puede producir 100 unidades diarias","robots":{"index":"index","follow":"follow","max-snippet":"max-snippet:-1","max-image-preview":"max-image-preview:large","max-video-preview":"max-video-preview:-1"},"canonical":"https:\/\/conversesacatalunya.cat\/es\/impresoras-3d-una-muy-buena-noticia\/","og_locale":"es_ES","og_type":"article","og_title":"Impresoras 3D: Una muy buena noticia - Converses a Catalunya","og_description":"Un conjunto de empresas catalanas han iniciado un proceso de producci\u00f3n de respiradores mediante impresoras 3D que puede producir 100 unidades diarias","og_url":"https:\/\/conversesacatalunya.cat\/es\/impresoras-3d-una-muy-buena-noticia\/","og_site_name":"Converses a Catalunya","article_published_time":"2020-03-23T11:12:23+00:00","article_modified_time":"2020-03-23T11:13:20+00:00","og_image":[{"width":1200,"height":675,"url":"https:\/\/conversesacatalunya.cat\/wp-content\/uploads\/2020\/03\/impresoras-3d-contra-el-coronavirus.jpeg","type":"image\/jpeg"}],"author":"conversesacatalunya","twitter_card":"summary_large_image","twitter_misc":{"Escrito por":"conversesacatalunya","Tiempo de lectura":"2 minutos"},"schema":{"@context":"https:\/\/schema.org","@graph":[{"@type":"Article","@id":"https:\/\/conversesacatalunya.cat\/es\/impresoras-3d-una-muy-buena-noticia\/#article","isPartOf":{"@id":"https:\/\/conversesacatalunya.cat\/es\/impresoras-3d-una-muy-buena-noticia\/"},"author":{"name":"conversesacatalunya","@id":"https:\/\/conversesacatalunya.cat\/#\/schema\/person\/7e24d1e54a2785373ddcb275eae5ed99"},"headline":"Impresoras 3D: Una muy buena noticia","datePublished":"2020-03-23T11:12:23+00:00","dateModified":"2020-03-23T11:13:20+00:00","mainEntityOfPage":{"@id":"https:\/\/conversesacatalunya.cat\/es\/impresoras-3d-una-muy-buena-noticia\/"},"wordCount":398,"commentCount":0,"image":{"@id":"https:\/\/conversesacatalunya.cat\/es\/impresoras-3d-una-muy-buena-noticia\/#primaryimage"},"thumbnailUrl":"https:\/\/conversesacatalunya.cat\/wp-content\/uploads\/2020\/03\/impresoras-3d-contra-el-coronavirus.jpeg","keywords":["Change","coronavirus","e-cristians","Pedro S\u00e1nchez"],"articleSection":["Especial Coronavirus (ES)","Punts clau del dia (ES)"],"inLanguage":"es","potentialAction":[{"@type":"CommentAction","name":"Comment","target":["https:\/\/conversesacatalunya.cat\/es\/impresoras-3d-una-muy-buena-noticia\/#respond"]}]},{"@type":"WebPage","@id":"https:\/\/conversesacatalunya.cat\/es\/impresoras-3d-una-muy-buena-noticia\/","url":"https:\/\/conversesacatalunya.cat\/es\/impresoras-3d-una-muy-buena-noticia\/","name":"Impresoras 3D: Una muy buena noticia - Converses a Catalunya","isPartOf":{"@id":"https:\/\/conversesacatalunya.cat\/#website"},"primaryImageOfPage":{"@id":"https:\/\/conversesacatalunya.cat\/es\/impresoras-3d-una-muy-buena-noticia\/#primaryimage"},"image":{"@id":"https:\/\/conversesacatalunya.cat\/es\/impresoras-3d-una-muy-buena-noticia\/#primaryimage"},"thumbnailUrl":"https:\/\/conversesacatalunya.cat\/wp-content\/uploads\/2020\/03\/impresoras-3d-contra-el-coronavirus.jpeg","datePublished":"2020-03-23T11:12:23+00:00","dateModified":"2020-03-23T11:13:20+00:00","author":{"@id":"https:\/\/conversesacatalunya.cat\/#\/schema\/person\/7e24d1e54a2785373ddcb275eae5ed99"},"description":"Un conjunto de empresas catalanas han iniciado un proceso de producci\u00f3n de respiradores mediante impresoras 3D que puede producir 100 unidades diarias","breadcrumb":{"@id":"https:\/\/conversesacatalunya.cat\/es\/impresoras-3d-una-muy-buena-noticia\/#breadcrumb"},"inLanguage":"es","potentialAction":[{"@type":"ReadAction","target":["https:\/\/conversesacatalunya.cat\/es\/impresoras-3d-una-muy-buena-noticia\/"]}]},{"@type":"ImageObject","inLanguage":"es","@id":"https:\/\/conversesacatalunya.cat\/es\/impresoras-3d-una-muy-buena-noticia\/#primaryimage","url":"https:\/\/conversesacatalunya.cat\/wp-content\/uploads\/2020\/03\/impresoras-3d-contra-el-coronavirus.jpeg","contentUrl":"https:\/\/conversesacatalunya.cat\/wp-content\/uploads\/2020\/03\/impresoras-3d-contra-el-coronavirus.jpeg","width":1200,"height":675,"caption":"impresoras 3D coronavirus"},{"@type":"BreadcrumbList","@id":"https:\/\/conversesacatalunya.cat\/es\/impresoras-3d-una-muy-buena-noticia\/#breadcrumb","itemListElement":[{"@type":"ListItem","position":1,"name":"Inici","item":"https:\/\/conversesacatalunya.cat\/es\/"},{"@type":"ListItem","position":2,"name":"Impresoras 3D: Una muy buena noticia"}]},{"@type":"WebSite","@id":"https:\/\/conversesacatalunya.cat\/#website","url":"https:\/\/conversesacatalunya.cat\/","name":"Converses a Catalunya","description":"","potentialAction":[{"@type":"SearchAction","target":{"@type":"EntryPoint","urlTemplate":"https:\/\/conversesacatalunya.cat\/?s={search_term_string}"},"query-input":{"@type":"PropertyValueSpecification","valueRequired":true,"valueName":"search_term_string"}}],"inLanguage":"es"},{"@type":"Person","@id":"https:\/\/conversesacatalunya.cat\/#\/schema\/person\/7e24d1e54a2785373ddcb275eae5ed99","name":"conversesacatalunya","image":{"@type":"ImageObject","inLanguage":"es","@id":"https:\/\/conversesacatalunya.cat\/#\/schema\/person\/image\/","url":"https:\/\/conversesacatalunya.cat\/wp-content\/litespeed\/avatar\/febdfeeec89d950f01c748045a981dd2.jpg?ver=1777314535","contentUrl":"https:\/\/conversesacatalunya.cat\/wp-content\/litespeed\/avatar\/febdfeeec89d950f01c748045a981dd2.jpg?ver=1777314535","caption":"conversesacatalunya"},"url":"https:\/\/conversesacatalunya.cat\/es\/author\/carme_catala\/"}]}},"wps_subtitle":"","_links":{"self":[{"href":"https:\/\/conversesacatalunya.cat\/es\/wp-json\/wp\/v2\/posts\/33897","targetHints":{"allow":["GET"]}}],"collection":[{"href":"https:\/\/conversesacatalunya.cat\/es\/wp-json\/wp\/v2\/posts"}],"about":[{"href":"https:\/\/conversesacatalunya.cat\/es\/wp-json\/wp\/v2\/types\/post"}],"author":[{"embeddable":true,"href":"https:\/\/conversesacatalunya.cat\/es\/wp-json\/wp\/v2\/users\/2"}],"replies":[{"embeddable":true,"href":"https:\/\/conversesacatalunya.cat\/es\/wp-json\/wp\/v2\/comments?post=33897"}],"version-history":[{"count":1,"href":"https:\/\/conversesacatalunya.cat\/es\/wp-json\/wp\/v2\/posts\/33897\/revisions"}],"predecessor-version":[{"id":33902,"href":"https:\/\/conversesacatalunya.cat\/es\/wp-json\/wp\/v2\/posts\/33897\/revisions\/33902"}],"wp:featuredmedia":[{"embeddable":true,"href":"https:\/\/conversesacatalunya.cat\/es\/wp-json\/wp\/v2\/media\/33903"}],"wp:attachment":[{"href":"https:\/\/conversesacatalunya.cat\/es\/wp-json\/wp\/v2\/media?parent=33897"}],"wp:term":[{"taxonomy":"category","embeddable":true,"href":"https:\/\/conversesacatalunya.cat\/es\/wp-json\/wp\/v2\/categories?post=33897"},{"taxonomy":"post_tag","embeddable":true,"href":"https:\/\/conversesacatalunya.cat\/es\/wp-json\/wp\/v2\/tags?post=33897"}],"curies":[{"name":"wp","href":"https:\/\/api.w.org\/{rel}","templated":true}]}}