{"id":33799,"date":"2020-03-18T21:27:25","date_gmt":"2020-03-18T20:27:25","guid":{"rendered":"https:\/\/conversesacatalunya.cat\/tres-models-coronavirus\/"},"modified":"2020-03-20T16:42:05","modified_gmt":"2020-03-20T15:42:05","slug":"comunismo-europeismo-liberalismo-tres-modelos-ante-el-coronavirus","status":"publish","type":"post","link":"https:\/\/conversesacatalunya.cat\/es\/comunismo-europeismo-liberalismo-tres-modelos-ante-el-coronavirus\/","title":{"rendered":"Comunismo, europe\u00edsmo, liberalismo: tres modelos ante el coronavirus"},"content":{"rendered":"<p align=\"justify\"><span style=\"display: inline !important; float: none; background-color: #f5f5f5; color: rgba(0, 0, 0, 0.87); font-family: 'Roboto',arial,sans-serif; font-size: 18px; font-style: normal; font-variant: normal; font-weight: 400; letter-spacing: normal; line-height: 28px; orphans: 2; text-align: left; text-decoration: none; text-indent: 0px; text-transform: none; -webkit-text-stroke-width: 0px; white-space: pre-wrap; word-spacing: 0px;\">Geopol\u00edticamente hablando, la epidemia de Covid-19 ha puesto a prueba los tres modelos mayores de nuestro mundo actual: el comunismo chino, el europe\u00edsmo y el liberalismo transnacional. Ninguno de ellos ha demostrado ser muy eficaz para contener r\u00e1pidamente la pandemia.<\/span><\/p>\n<p align=\"justify\"><span style=\"display: inline !important; float: none; background-color: #f5f5f5; color: rgba(0, 0, 0, 0.87); font-family: 'Roboto',arial,sans-serif; font-size: 18px; font-style: normal; font-variant: normal; font-weight: 400; letter-spacing: normal; line-height: 28px; orphans: 2; text-align: left; text-decoration: none; text-indent: 0px; text-transform: none; -webkit-text-stroke-width: 0px; white-space: pre-wrap; word-spacing: 0px;\">En primer lugar, el Partido Comunista Chino tiene una responsabilidad mayor y muy pesada en la g\u00e9nesis y primera expansi\u00f3n del virus. La China de Xi Jinping, que pretende ser el motor econ\u00f3mico y tecnol\u00f3gico del siglo XXI, no ha estado a la altura de algo tan elemental como la regulaci\u00f3n del comercio de animales. Pek\u00edn no ha aprendido la lecci\u00f3n a pesar de que la epidemia del SARS en 2002 tambi\u00e9n tuvo como origen un mercado chino de animales vivos.<\/span><\/p>\n<p align=\"justify\"><span style=\"display: inline !important; float: none; background-color: #f5f5f5; color: rgba(0, 0, 0, 0.87); font-family: 'Roboto',arial,sans-serif; font-size: 18px; font-style: normal; font-variant: normal; font-weight: 400; letter-spacing: normal; line-height: 28px; orphans: 2; text-align: left; text-decoration: none; text-indent: 0px; text-transform: none; -webkit-text-stroke-width: 0px; white-space: pre-wrap; word-spacing: 0px;\">La China comunista tampoco fue capaz de reconocer en un primer momento la verdadera gravedad del problema, escondi\u00e9ndose durante semanas e incluso reprimiendo a los m\u00e9dicos del hospital de Wuhan que fueron los primeros en hacer sonar la alarma.<\/span><\/p>\n<p align=\"justify\"><span style=\"display: inline !important; float: none; background-color: #f5f5f5; color: rgba(0, 0, 0, 0.87); font-family: 'Roboto',arial,sans-serif; font-size: 18px; font-style: normal; font-variant: normal; font-weight: 400; letter-spacing: normal; line-height: 28px; orphans: 2; text-align: left; text-decoration: none; text-indent: 0px; text-transform: none; -webkit-text-stroke-width: 0px; white-space: pre-wrap; word-spacing: 0px;\">Por si fuera poco, China no ha dudado en recurrir a las noticias falsas para acusar a loa Estados Unidos de estar detr\u00e1s del virus. El 13 de marzo, Zhao Lijian, portavoz del ministerio de asuntos exteriores, afirm\u00f3 por Twitter que \u00abel ej\u00e9rcito estadounidense podr\u00eda haber llevado la epidemia a Wuhan\u00bb.<\/span><\/p>\n<p align=\"justify\"><span style=\"display: inline !important; float: none; background-color: #f5f5f5; color: rgba(0, 0, 0, 0.87); font-family: 'Roboto',arial,sans-serif; font-size: 18px; font-style: normal; font-variant: normal; font-weight: 400; letter-spacing: normal; line-height: 28px; orphans: 2; text-align: left; text-decoration: none; text-indent: 0px; text-transform: none; -webkit-text-stroke-width: 0px; white-space: pre-wrap; word-spacing: 0px;\">La incapacidad pol\u00edtica, la mentira y el disimulo no compensan en ning\u00fan caso la gesti\u00f3n ciertamente eficaz de la epidemia por parte de China, una vez reconocido el problema.<\/span><\/p>\n<p align=\"justify\"><span style=\"display: inline !important; float: none; background-color: #f5f5f5; color: rgba(0, 0, 0, 0.87); font-family: 'Roboto',arial,sans-serif; font-size: 18px; font-style: normal; font-variant: normal; font-weight: 400; letter-spacing: normal; line-height: 28px; orphans: 2; text-align: left; text-decoration: none; text-indent: 0px; text-transform: none; -webkit-text-stroke-width: 0px; white-space: pre-wrap; word-spacing: 0px;\">El segundo modelo que est\u00e1 saliendo mal parado del Covid-19 es el europe\u00edsmo. Europa ha demostrado que su m\u00e1xima de abrir fronteras puede no responder a las necesidades de un momento dado. El espacio Schengen convertido en dogma de fe y no en soluci\u00f3n pragm\u00e1tica al servicio de los europeos ha permitido la rapid\u00edsima propagaci\u00f3n del virus por el Viejo Continente.<\/span><\/p>\n<p align=\"justify\"><span style=\"display: inline !important; float: none; background-color: #f5f5f5; color: rgba(0, 0, 0, 0.87); font-family: 'Roboto',arial,sans-serif; font-size: 18px; font-style: normal; font-variant: normal; font-weight: 400; letter-spacing: normal; line-height: 28px; orphans: 2; text-align: left; text-decoration: none; text-indent: 0px; text-transform: none; -webkit-text-stroke-width: 0px; white-space: pre-wrap; word-spacing: 0px;\">El 13 de marzo, cuando ya estaba claro que la epidemia se estaba propagando por toda Europa, la presidenta de la Comisi\u00f3n Ursula von der Leyen todav\u00eda criticaba la decisi\u00f3n de varios estados miembros de cerrar fronteras. Un d\u00eda m\u00e1s tarde era su propio pa\u00eds, Alemania, quien decid\u00eda cerrar las suyas.<\/span><\/p>\n<p align=\"justify\"><span style=\"display: inline !important; float: none; background-color: #f5f5f5; color: rgba(0, 0, 0, 0.87); font-family: 'Roboto',arial,sans-serif; font-size: 18px; font-style: normal; font-variant: normal; font-weight: 400; letter-spacing: normal; line-height: 28px; orphans: 2; text-align: left; text-decoration: none; text-indent: 0px; text-transform: none; -webkit-text-stroke-width: 0px; white-space: pre-wrap; word-spacing: 0px;\">Bruselas, pues, tiene que entender que cerrar fronteras puede ser \u00fatil a pesar de ser contrario al funcionamiento del mercado \u00fanico. Por ejemplo, la epidemia ha llegado con mucho retraso a Estados Unidos (y lo ha hecho sobre todo a trav\u00e9s de Europa) precisamente porque el presidente Donald Trump decidi\u00f3 a finales de enero no dejar entrar a los Estados Unidos a los viajeros procedentes de China.<\/span><\/p>\n<p align=\"justify\"><span style=\"display: inline !important; float: none; background-color: #f5f5f5; color: rgba(0, 0, 0, 0.87); font-family: 'Roboto',arial,sans-serif; font-size: 18px; font-style: normal; font-variant: normal; font-weight: 400; letter-spacing: normal; line-height: 28px; orphans: 2; text-align: left; text-decoration: none; text-indent: 0px; text-transform: none; -webkit-text-stroke-width: 0px; white-space: pre-wrap; word-spacing: 0px;\">El europe\u00edsmo tambi\u00e9n ha fracasado en actuar como un factor de cambio para contener la pandemia en Italia, pa\u00eds que lleva semanas en una situaci\u00f3n muy complicada. <\/span><\/p>\n<p align=\"justify\"><span style=\"display: inline !important; float: none; background-color: #f5f5f5; color: rgba(0, 0, 0, 0.87); font-family: 'Roboto',arial,sans-serif; font-size: 18px; font-style: normal; font-variant: normal; font-weight: 400; letter-spacing: normal; line-height: 28px; orphans: 2; text-align: left; text-decoration: none; text-indent: 0px; text-transform: none; -webkit-text-stroke-width: 0px; white-space: pre-wrap; word-spacing: 0px;\">Incluso antes de que la situaci\u00f3n se convirtiera en cr\u00edtica, los otros socios europeos prefirieron acumular stocks para ellos mismos o, simplemente, mirar hacia otro lado.<\/span><\/p>\n<p align=\"justify\"><span style=\"display: inline !important; float: none; background-color: #f5f5f5; color: rgba(0, 0, 0, 0.87); font-family: 'Roboto',arial,sans-serif; font-size: 18px; font-style: normal; font-variant: normal; font-weight: 400; letter-spacing: normal; line-height: 28px; orphans: 2; text-align: left; text-decoration: none; text-indent: 0px; text-transform: none; -webkit-text-stroke-width: 0px; white-space: pre-wrap; word-spacing: 0px;\">Finalmente, se ha demostrado que el liberalismo transnacional, basado en el principio de la econom\u00eda cl\u00e1sica de la divisi\u00f3n del trabajo, puede terminar siendo contraproducente si no se tienen en cuenta otros factores de tipo no econ\u00f3mico. La actual dependencia europea y estadounidense de materias primas y medicamentos fabricados en los pa\u00edses asi\u00e1ticos demuestra que la deslocalizaci\u00f3n industrial puede tener consecuencias muy graves para nuestras econom\u00edas, y tambi\u00e9n para la seguridad nacional.<\/span><\/p>\n<p align=\"justify\"><span style=\"display: inline !important; float: none; background-color: #f5f5f5; color: rgba(0, 0, 0, 0.87); font-family: 'Roboto',arial,sans-serif; font-size: 18px; font-style: normal; font-variant: normal; font-weight: 400; letter-spacing: normal; line-height: 28px; orphans: 2; text-align: left; text-decoration: none; text-indent: 0px; text-transform: none; -webkit-text-stroke-width: 0px; white-space: pre-wrap; word-spacing: 0px;\">En definitiva, aplicados al pie de la letra, ninguno de los tres modelos ha demostrado proteger a sus ciudadanos de forma eficaz ante el nuevo coronavirus. Est\u00e1 claro que el que sale peor parado es el comunismo chino, pero no podemos dejar de observar que, a pesar de sus virtudes, ni el europe\u00edsmo ni el liberalismo se pueden elevar como dogmas de fe. Estos modelos deben ser pragm\u00e1ticos y saber adaptarse a las necesidades de las poblaciones.<\/span><\/p>\n<p style=\"text-align: center;\" align=\"justify\"><strong>M\u00e1s informaci\u00f3n sobre el coronavirus en <a href=\"https:\/\/conversesacatalunya.cat\/es\/coronavirus\/\" target=\"_blank\" rel=\"noopener noreferrer\">ESPECIAL CORONAVIRUS<\/a><\/strong><\/p>\n<p align=\"justify\"><span class='bctt-click-to-tweet'><span class='bctt-ctt-text'><a href='https:\/\/twitter.com\/intent\/tweet?url=https%3A%2F%2Fconversesacatalunya.cat%2Fes%2Fcomunismo-europeismo-liberalismo-tres-modelos-ante-el-coronavirus%2F&#038;text=El%20que%20sale%20peor%20parado%20es%20el%20comunismo%20chino%2C%20pero%20no%20podemos%20dejar%20de%20observar%20que%2C%20a%20pesar%20de%20sus%20virtudes%2C%20ni%20el%20europe%C3%ADsmo%20ni%20el%20liberalismo%20se%20pueden%20elevar%20como%20dogmas%20de%20fe&#038;via=conversesacat&#038;related=conversesacat' target='_blank'rel=\"noopener noreferrer\">El que sale peor parado es el comunismo chino, pero no podemos dejar de observar que, a pesar de sus virtudes, ni el europe\u00edsmo ni el liberalismo se pueden elevar como dogmas de fe <\/a><\/span><a href='https:\/\/twitter.com\/intent\/tweet?url=https%3A%2F%2Fconversesacatalunya.cat%2Fes%2Fcomunismo-europeismo-liberalismo-tres-modelos-ante-el-coronavirus%2F&#038;text=El%20que%20sale%20peor%20parado%20es%20el%20comunismo%20chino%2C%20pero%20no%20podemos%20dejar%20de%20observar%20que%2C%20a%20pesar%20de%20sus%20virtudes%2C%20ni%20el%20europe%C3%ADsmo%20ni%20el%20liberalismo%20se%20pueden%20elevar%20como%20dogmas%20de%20fe&#038;via=conversesacat&#038;related=conversesacat' target='_blank' class='bctt-ctt-btn'rel=\"noopener noreferrer\">Compartir en X<\/a><\/span>\n","protected":false},"excerpt":{"rendered":"<p>Geopol\u00edticamente hablando, la epidemia de Covid-19 ha puesto a prueba los tres modelos mayores de nuestro mundo actual: el comunismo chino, el europe\u00edsmo y el liberalismo transnacional. Ninguno de ellos ha demostrado ser muy eficaz para contener r\u00e1pidamente la pandemia. En primer lugar, el Partido Comunista Chino tiene una responsabilidad mayor y muy pesada en la g\u00e9nesis y primera expansi\u00f3n del virus. La China de Xi Jinping, que pretende ser el motor econ\u00f3mico y tecnol\u00f3gico del siglo XXI, no ha estado a la altura de algo tan elemental como la regulaci\u00f3n del comercio de animales. Pek\u00edn no ha aprendido la lecci\u00f3n a pesar de que la epidemia del SARS en 2002 tambi\u00e9n tuvo como origen un mercado chino de animales vivos. La China comunista tampoco fue capaz de reconocer en un primer momento la verdadera gravedad del problema, escondi\u00e9ndose durante semanas e incluso reprimiendo a los m\u00e9dicos del hospital de Wuhan que fueron los primeros en hacer sonar la alarma. Por si fuera poco, China no ha dudado en recurrir a las noticias falsas para acusar a loa Estados Unidos de estar detr\u00e1s del virus. El 13 de marzo, Zhao Lijian, portavoz del ministerio de asuntos exteriores, afirm\u00f3 por Twitter que \u00abel ej\u00e9rcito estadounidense podr\u00eda haber llevado la epidemia a Wuhan\u00bb. La incapacidad pol\u00edtica, la mentira y el disimulo no compensan en ning\u00fan caso la gesti\u00f3n ciertamente eficaz de la epidemia por parte de China, una vez reconocido el problema. El segundo modelo que est\u00e1 saliendo mal parado del Covid-19 es el europe\u00edsmo. Europa ha demostrado que su m\u00e1xima de abrir fronteras puede no responder a las necesidades de un momento dado. El espacio Schengen convertido en dogma de fe y no en soluci\u00f3n pragm\u00e1tica al servicio de los europeos ha permitido la rapid\u00edsima propagaci\u00f3n del virus por el Viejo Continente. El 13 de marzo, cuando ya estaba claro que la epidemia se estaba propagando por toda Europa, la presidenta de la Comisi\u00f3n Ursula von der Leyen todav\u00eda criticaba la decisi\u00f3n de varios estados miembros de cerrar fronteras. Un d\u00eda m\u00e1s tarde era su propio pa\u00eds, Alemania, quien decid\u00eda cerrar las suyas. Bruselas, pues, tiene que entender que cerrar fronteras puede ser \u00fatil a pesar de ser contrario al funcionamiento del mercado \u00fanico. Por ejemplo, la epidemia ha llegado con mucho retraso a Estados Unidos (y lo ha hecho sobre todo a trav\u00e9s de Europa) precisamente porque el presidente Donald Trump decidi\u00f3 a finales de enero no dejar entrar a los Estados Unidos a los viajeros procedentes de China. El europe\u00edsmo tambi\u00e9n ha fracasado en actuar como un factor de cambio para contener la pandemia en Italia, pa\u00eds que lleva semanas en una situaci\u00f3n muy complicada. Incluso antes de que la situaci\u00f3n se convirtiera en cr\u00edtica, los otros socios europeos prefirieron acumular stocks para ellos mismos o, simplemente, mirar hacia otro lado. Finalmente, se ha demostrado que el liberalismo transnacional, basado en el principio de la econom\u00eda cl\u00e1sica de la divisi\u00f3n del trabajo, puede terminar siendo contraproducente si no se tienen en cuenta otros factores de tipo no econ\u00f3mico. La actual dependencia europea y estadounidense de materias primas y medicamentos fabricados en los pa\u00edses asi\u00e1ticos demuestra que la deslocalizaci\u00f3n industrial puede tener consecuencias muy graves para nuestras econom\u00edas, y tambi\u00e9n para la seguridad nacional. En definitiva, aplicados al pie de la letra, ninguno de los tres modelos ha demostrado proteger a sus ciudadanos de forma eficaz ante el nuevo coronavirus. Est\u00e1 claro que el que sale peor parado es el comunismo chino, pero no podemos dejar de observar que, a pesar de sus virtudes, ni el europe\u00edsmo ni el liberalismo se pueden elevar como dogmas de fe. Estos modelos deben ser pragm\u00e1ticos y saber adaptarse a las necesidades de las poblaciones. M\u00e1s informaci\u00f3n sobre el coronavirus en ESPECIAL CORONAVIRUS<\/p>\n","protected":false},"author":67,"featured_media":33761,"comment_status":"open","ping_status":"open","sticky":false,"template":"","format":"standard","meta":{"_FSMCFIC_featured_image_caption":"","_FSMCFIC_featured_image_nocaption":"","_FSMCFIC_featured_image_hide":"","footnotes":""},"categories":[1772,806],"tags":[1346,1931,1504,1913,1505,875,1933,1929,1932],"class_list":["post-33799","post","type-post","status-publish","format-standard","has-post-thumbnail","hentry","category-especial-coronavirus-es","category-punts-claus-del-dia-es","tag-china","tag-comunismo","tag-coronavirus-es","tag-covid-19-es","tag-epidemia-es","tag-europa-es","tag-europeismo","tag-ideologia-es","tag-liberalismo"],"yoast_head":"<!-- This site is optimized with the Yoast SEO plugin v26.8 - https:\/\/yoast.com\/product\/yoast-seo-wordpress\/ -->\n<title>Comunismo, europe\u00edsmo, liberalismo: tres modelos ante el coronavirus - Converses a Catalunya<\/title>\n<meta name=\"robots\" content=\"index, follow, max-snippet:-1, max-image-preview:large, max-video-preview:-1\" \/>\n<link rel=\"canonical\" href=\"https:\/\/conversesacatalunya.cat\/es\/comunismo-europeismo-liberalismo-tres-modelos-ante-el-coronavirus\/\" \/>\n<meta property=\"og:locale\" content=\"es_ES\" \/>\n<meta property=\"og:type\" content=\"article\" \/>\n<meta property=\"og:title\" content=\"Comunismo, europe\u00edsmo, liberalismo: tres modelos ante el coronavirus - Converses a Catalunya\" \/>\n<meta property=\"og:description\" content=\"Geopol\u00edticamente hablando, la epidemia de Covid-19 ha puesto a prueba los tres modelos mayores de nuestro mundo actual: el comunismo chino, el europe\u00edsmo y el liberalismo transnacional. Ninguno de ellos ha demostrado ser muy eficaz para contener r\u00e1pidamente la pandemia. En primer lugar, el Partido Comunista Chino tiene una responsabilidad mayor y muy pesada en la g\u00e9nesis y primera expansi\u00f3n del virus. La China de Xi Jinping, que pretende ser el motor econ\u00f3mico y tecnol\u00f3gico del siglo XXI, no ha estado a la altura de algo tan elemental como la regulaci\u00f3n del comercio de animales. Pek\u00edn no ha aprendido la lecci\u00f3n a pesar de que la epidemia del SARS en 2002 tambi\u00e9n tuvo como origen un mercado chino de animales vivos. La China comunista tampoco fue capaz de reconocer en un primer momento la verdadera gravedad del problema, escondi\u00e9ndose durante semanas e incluso reprimiendo a los m\u00e9dicos del hospital de Wuhan que fueron los primeros en hacer sonar la alarma. Por si fuera poco, China no ha dudado en recurrir a las noticias falsas para acusar a loa Estados Unidos de estar detr\u00e1s del virus. El 13 de marzo, Zhao Lijian, portavoz del ministerio de asuntos exteriores, afirm\u00f3 por Twitter que \u00abel ej\u00e9rcito estadounidense podr\u00eda haber llevado la epidemia a Wuhan\u00bb. La incapacidad pol\u00edtica, la mentira y el disimulo no compensan en ning\u00fan caso la gesti\u00f3n ciertamente eficaz de la epidemia por parte de China, una vez reconocido el problema. El segundo modelo que est\u00e1 saliendo mal parado del Covid-19 es el europe\u00edsmo. Europa ha demostrado que su m\u00e1xima de abrir fronteras puede no responder a las necesidades de un momento dado. El espacio Schengen convertido en dogma de fe y no en soluci\u00f3n pragm\u00e1tica al servicio de los europeos ha permitido la rapid\u00edsima propagaci\u00f3n del virus por el Viejo Continente. El 13 de marzo, cuando ya estaba claro que la epidemia se estaba propagando por toda Europa, la presidenta de la Comisi\u00f3n Ursula von der Leyen todav\u00eda criticaba la decisi\u00f3n de varios estados miembros de cerrar fronteras. Un d\u00eda m\u00e1s tarde era su propio pa\u00eds, Alemania, quien decid\u00eda cerrar las suyas. Bruselas, pues, tiene que entender que cerrar fronteras puede ser \u00fatil a pesar de ser contrario al funcionamiento del mercado \u00fanico. Por ejemplo, la epidemia ha llegado con mucho retraso a Estados Unidos (y lo ha hecho sobre todo a trav\u00e9s de Europa) precisamente porque el presidente Donald Trump decidi\u00f3 a finales de enero no dejar entrar a los Estados Unidos a los viajeros procedentes de China. El europe\u00edsmo tambi\u00e9n ha fracasado en actuar como un factor de cambio para contener la pandemia en Italia, pa\u00eds que lleva semanas en una situaci\u00f3n muy complicada. Incluso antes de que la situaci\u00f3n se convirtiera en cr\u00edtica, los otros socios europeos prefirieron acumular stocks para ellos mismos o, simplemente, mirar hacia otro lado. Finalmente, se ha demostrado que el liberalismo transnacional, basado en el principio de la econom\u00eda cl\u00e1sica de la divisi\u00f3n del trabajo, puede terminar siendo contraproducente si no se tienen en cuenta otros factores de tipo no econ\u00f3mico. La actual dependencia europea y estadounidense de materias primas y medicamentos fabricados en los pa\u00edses asi\u00e1ticos demuestra que la deslocalizaci\u00f3n industrial puede tener consecuencias muy graves para nuestras econom\u00edas, y tambi\u00e9n para la seguridad nacional. En definitiva, aplicados al pie de la letra, ninguno de los tres modelos ha demostrado proteger a sus ciudadanos de forma eficaz ante el nuevo coronavirus. Est\u00e1 claro que el que sale peor parado es el comunismo chino, pero no podemos dejar de observar que, a pesar de sus virtudes, ni el europe\u00edsmo ni el liberalismo se pueden elevar como dogmas de fe. Estos modelos deben ser pragm\u00e1ticos y saber adaptarse a las necesidades de las poblaciones. M\u00e1s informaci\u00f3n sobre el coronavirus en ESPECIAL CORONAVIRUS\" \/>\n<meta property=\"og:url\" content=\"https:\/\/conversesacatalunya.cat\/es\/comunismo-europeismo-liberalismo-tres-modelos-ante-el-coronavirus\/\" \/>\n<meta property=\"og:site_name\" content=\"Converses a Catalunya\" \/>\n<meta property=\"article:published_time\" content=\"2020-03-18T20:27:25+00:00\" \/>\n<meta property=\"article:modified_time\" content=\"2020-03-20T15:42:05+00:00\" \/>\n<meta property=\"og:image\" content=\"https:\/\/conversesacatalunya.cat\/wp-content\/uploads\/2020\/03\/coronavirus-6.jpg\" \/>\n\t<meta property=\"og:image:width\" content=\"690\" \/>\n\t<meta property=\"og:image:height\" content=\"310\" \/>\n\t<meta property=\"og:image:type\" content=\"image\/jpeg\" \/>\n<meta name=\"author\" content=\"conversesacatalunya\" \/>\n<meta name=\"twitter:card\" content=\"summary_large_image\" \/>\n<meta name=\"twitter:label1\" content=\"Escrito por\" \/>\n\t<meta name=\"twitter:data1\" content=\"conversesacatalunya\" \/>\n\t<meta name=\"twitter:label2\" content=\"Tiempo de lectura\" \/>\n\t<meta name=\"twitter:data2\" content=\"4 minutos\" \/>\n<script type=\"application\/ld+json\" class=\"yoast-schema-graph\">{\"@context\":\"https:\/\/schema.org\",\"@graph\":[{\"@type\":\"Article\",\"@id\":\"https:\/\/conversesacatalunya.cat\/es\/comunismo-europeismo-liberalismo-tres-modelos-ante-el-coronavirus\/#article\",\"isPartOf\":{\"@id\":\"https:\/\/conversesacatalunya.cat\/es\/comunismo-europeismo-liberalismo-tres-modelos-ante-el-coronavirus\/\"},\"author\":{\"name\":\"conversesacatalunya\",\"@id\":\"https:\/\/conversesacatalunya.cat\/#\/schema\/person\/c5a8ffe796b1512764aeb6d6d6fa0fc7\"},\"headline\":\"Comunismo, europe\u00edsmo, liberalismo: tres modelos ante el coronavirus\",\"datePublished\":\"2020-03-18T20:27:25+00:00\",\"dateModified\":\"2020-03-20T15:42:05+00:00\",\"mainEntityOfPage\":{\"@id\":\"https:\/\/conversesacatalunya.cat\/es\/comunismo-europeismo-liberalismo-tres-modelos-ante-el-coronavirus\/\"},\"wordCount\":726,\"commentCount\":0,\"image\":{\"@id\":\"https:\/\/conversesacatalunya.cat\/es\/comunismo-europeismo-liberalismo-tres-modelos-ante-el-coronavirus\/#primaryimage\"},\"thumbnailUrl\":\"https:\/\/conversesacatalunya.cat\/wp-content\/uploads\/2020\/03\/coronavirus-6.jpg\",\"keywords\":[\"China\",\"comunismo\",\"coronavirus\",\"Covid-19\",\"epid\u00e8mia\",\"Europa\",\"europe\u00edsmo\",\"ideologia\",\"liberalismo\"],\"articleSection\":[\"Especial Coronavirus (ES)\",\"Punts clau del dia (ES)\"],\"inLanguage\":\"es\",\"potentialAction\":[{\"@type\":\"CommentAction\",\"name\":\"Comment\",\"target\":[\"https:\/\/conversesacatalunya.cat\/es\/comunismo-europeismo-liberalismo-tres-modelos-ante-el-coronavirus\/#respond\"]}]},{\"@type\":\"WebPage\",\"@id\":\"https:\/\/conversesacatalunya.cat\/es\/comunismo-europeismo-liberalismo-tres-modelos-ante-el-coronavirus\/\",\"url\":\"https:\/\/conversesacatalunya.cat\/es\/comunismo-europeismo-liberalismo-tres-modelos-ante-el-coronavirus\/\",\"name\":\"Comunismo, europe\u00edsmo, liberalismo: tres modelos ante el coronavirus - Converses a Catalunya\",\"isPartOf\":{\"@id\":\"https:\/\/conversesacatalunya.cat\/#website\"},\"primaryImageOfPage\":{\"@id\":\"https:\/\/conversesacatalunya.cat\/es\/comunismo-europeismo-liberalismo-tres-modelos-ante-el-coronavirus\/#primaryimage\"},\"image\":{\"@id\":\"https:\/\/conversesacatalunya.cat\/es\/comunismo-europeismo-liberalismo-tres-modelos-ante-el-coronavirus\/#primaryimage\"},\"thumbnailUrl\":\"https:\/\/conversesacatalunya.cat\/wp-content\/uploads\/2020\/03\/coronavirus-6.jpg\",\"datePublished\":\"2020-03-18T20:27:25+00:00\",\"dateModified\":\"2020-03-20T15:42:05+00:00\",\"author\":{\"@id\":\"https:\/\/conversesacatalunya.cat\/#\/schema\/person\/c5a8ffe796b1512764aeb6d6d6fa0fc7\"},\"breadcrumb\":{\"@id\":\"https:\/\/conversesacatalunya.cat\/es\/comunismo-europeismo-liberalismo-tres-modelos-ante-el-coronavirus\/#breadcrumb\"},\"inLanguage\":\"es\",\"potentialAction\":[{\"@type\":\"ReadAction\",\"target\":[\"https:\/\/conversesacatalunya.cat\/es\/comunismo-europeismo-liberalismo-tres-modelos-ante-el-coronavirus\/\"]}]},{\"@type\":\"ImageObject\",\"inLanguage\":\"es\",\"@id\":\"https:\/\/conversesacatalunya.cat\/es\/comunismo-europeismo-liberalismo-tres-modelos-ante-el-coronavirus\/#primaryimage\",\"url\":\"https:\/\/conversesacatalunya.cat\/wp-content\/uploads\/2020\/03\/coronavirus-6.jpg\",\"contentUrl\":\"https:\/\/conversesacatalunya.cat\/wp-content\/uploads\/2020\/03\/coronavirus-6.jpg\",\"width\":690,\"height\":310},{\"@type\":\"BreadcrumbList\",\"@id\":\"https:\/\/conversesacatalunya.cat\/es\/comunismo-europeismo-liberalismo-tres-modelos-ante-el-coronavirus\/#breadcrumb\",\"itemListElement\":[{\"@type\":\"ListItem\",\"position\":1,\"name\":\"Inici\",\"item\":\"https:\/\/conversesacatalunya.cat\/es\/\"},{\"@type\":\"ListItem\",\"position\":2,\"name\":\"Comunismo, europe\u00edsmo, liberalismo: tres modelos ante el coronavirus\"}]},{\"@type\":\"WebSite\",\"@id\":\"https:\/\/conversesacatalunya.cat\/#website\",\"url\":\"https:\/\/conversesacatalunya.cat\/\",\"name\":\"Converses a Catalunya\",\"description\":\"\",\"potentialAction\":[{\"@type\":\"SearchAction\",\"target\":{\"@type\":\"EntryPoint\",\"urlTemplate\":\"https:\/\/conversesacatalunya.cat\/?s={search_term_string}\"},\"query-input\":{\"@type\":\"PropertyValueSpecification\",\"valueRequired\":true,\"valueName\":\"search_term_string\"}}],\"inLanguage\":\"es\"},{\"@type\":\"Person\",\"@id\":\"https:\/\/conversesacatalunya.cat\/#\/schema\/person\/c5a8ffe796b1512764aeb6d6d6fa0fc7\",\"name\":\"conversesacatalunya\",\"image\":{\"@type\":\"ImageObject\",\"inLanguage\":\"es\",\"@id\":\"https:\/\/conversesacatalunya.cat\/#\/schema\/person\/image\/\",\"url\":\"https:\/\/conversesacatalunya.cat\/wp-content\/litespeed\/avatar\/02659ee938034c59a151ae106ade943e.jpg?ver=1777051754\",\"contentUrl\":\"https:\/\/conversesacatalunya.cat\/wp-content\/litespeed\/avatar\/02659ee938034c59a151ae106ade943e.jpg?ver=1777051754\",\"caption\":\"conversesacatalunya\"},\"url\":\"https:\/\/conversesacatalunya.cat\/es\/author\/carles_lopez\/\"}]}<\/script>\n<!-- \/ Yoast SEO plugin. -->","yoast_head_json":{"title":"Comunismo, europe\u00edsmo, liberalismo: tres modelos ante el coronavirus - Converses a Catalunya","robots":{"index":"index","follow":"follow","max-snippet":"max-snippet:-1","max-image-preview":"max-image-preview:large","max-video-preview":"max-video-preview:-1"},"canonical":"https:\/\/conversesacatalunya.cat\/es\/comunismo-europeismo-liberalismo-tres-modelos-ante-el-coronavirus\/","og_locale":"es_ES","og_type":"article","og_title":"Comunismo, europe\u00edsmo, liberalismo: tres modelos ante el coronavirus - Converses a Catalunya","og_description":"Geopol\u00edticamente hablando, la epidemia de Covid-19 ha puesto a prueba los tres modelos mayores de nuestro mundo actual: el comunismo chino, el europe\u00edsmo y el liberalismo transnacional. Ninguno de ellos ha demostrado ser muy eficaz para contener r\u00e1pidamente la pandemia. En primer lugar, el Partido Comunista Chino tiene una responsabilidad mayor y muy pesada en la g\u00e9nesis y primera expansi\u00f3n del virus. La China de Xi Jinping, que pretende ser el motor econ\u00f3mico y tecnol\u00f3gico del siglo XXI, no ha estado a la altura de algo tan elemental como la regulaci\u00f3n del comercio de animales. Pek\u00edn no ha aprendido la lecci\u00f3n a pesar de que la epidemia del SARS en 2002 tambi\u00e9n tuvo como origen un mercado chino de animales vivos. La China comunista tampoco fue capaz de reconocer en un primer momento la verdadera gravedad del problema, escondi\u00e9ndose durante semanas e incluso reprimiendo a los m\u00e9dicos del hospital de Wuhan que fueron los primeros en hacer sonar la alarma. Por si fuera poco, China no ha dudado en recurrir a las noticias falsas para acusar a loa Estados Unidos de estar detr\u00e1s del virus. El 13 de marzo, Zhao Lijian, portavoz del ministerio de asuntos exteriores, afirm\u00f3 por Twitter que \u00abel ej\u00e9rcito estadounidense podr\u00eda haber llevado la epidemia a Wuhan\u00bb. La incapacidad pol\u00edtica, la mentira y el disimulo no compensan en ning\u00fan caso la gesti\u00f3n ciertamente eficaz de la epidemia por parte de China, una vez reconocido el problema. El segundo modelo que est\u00e1 saliendo mal parado del Covid-19 es el europe\u00edsmo. Europa ha demostrado que su m\u00e1xima de abrir fronteras puede no responder a las necesidades de un momento dado. El espacio Schengen convertido en dogma de fe y no en soluci\u00f3n pragm\u00e1tica al servicio de los europeos ha permitido la rapid\u00edsima propagaci\u00f3n del virus por el Viejo Continente. El 13 de marzo, cuando ya estaba claro que la epidemia se estaba propagando por toda Europa, la presidenta de la Comisi\u00f3n Ursula von der Leyen todav\u00eda criticaba la decisi\u00f3n de varios estados miembros de cerrar fronteras. Un d\u00eda m\u00e1s tarde era su propio pa\u00eds, Alemania, quien decid\u00eda cerrar las suyas. Bruselas, pues, tiene que entender que cerrar fronteras puede ser \u00fatil a pesar de ser contrario al funcionamiento del mercado \u00fanico. Por ejemplo, la epidemia ha llegado con mucho retraso a Estados Unidos (y lo ha hecho sobre todo a trav\u00e9s de Europa) precisamente porque el presidente Donald Trump decidi\u00f3 a finales de enero no dejar entrar a los Estados Unidos a los viajeros procedentes de China. El europe\u00edsmo tambi\u00e9n ha fracasado en actuar como un factor de cambio para contener la pandemia en Italia, pa\u00eds que lleva semanas en una situaci\u00f3n muy complicada. Incluso antes de que la situaci\u00f3n se convirtiera en cr\u00edtica, los otros socios europeos prefirieron acumular stocks para ellos mismos o, simplemente, mirar hacia otro lado. Finalmente, se ha demostrado que el liberalismo transnacional, basado en el principio de la econom\u00eda cl\u00e1sica de la divisi\u00f3n del trabajo, puede terminar siendo contraproducente si no se tienen en cuenta otros factores de tipo no econ\u00f3mico. La actual dependencia europea y estadounidense de materias primas y medicamentos fabricados en los pa\u00edses asi\u00e1ticos demuestra que la deslocalizaci\u00f3n industrial puede tener consecuencias muy graves para nuestras econom\u00edas, y tambi\u00e9n para la seguridad nacional. En definitiva, aplicados al pie de la letra, ninguno de los tres modelos ha demostrado proteger a sus ciudadanos de forma eficaz ante el nuevo coronavirus. Est\u00e1 claro que el que sale peor parado es el comunismo chino, pero no podemos dejar de observar que, a pesar de sus virtudes, ni el europe\u00edsmo ni el liberalismo se pueden elevar como dogmas de fe. Estos modelos deben ser pragm\u00e1ticos y saber adaptarse a las necesidades de las poblaciones. M\u00e1s informaci\u00f3n sobre el coronavirus en ESPECIAL CORONAVIRUS","og_url":"https:\/\/conversesacatalunya.cat\/es\/comunismo-europeismo-liberalismo-tres-modelos-ante-el-coronavirus\/","og_site_name":"Converses a Catalunya","article_published_time":"2020-03-18T20:27:25+00:00","article_modified_time":"2020-03-20T15:42:05+00:00","og_image":[{"width":690,"height":310,"url":"https:\/\/conversesacatalunya.cat\/wp-content\/uploads\/2020\/03\/coronavirus-6.jpg","type":"image\/jpeg"}],"author":"conversesacatalunya","twitter_card":"summary_large_image","twitter_misc":{"Escrito por":"conversesacatalunya","Tiempo de lectura":"4 minutos"},"schema":{"@context":"https:\/\/schema.org","@graph":[{"@type":"Article","@id":"https:\/\/conversesacatalunya.cat\/es\/comunismo-europeismo-liberalismo-tres-modelos-ante-el-coronavirus\/#article","isPartOf":{"@id":"https:\/\/conversesacatalunya.cat\/es\/comunismo-europeismo-liberalismo-tres-modelos-ante-el-coronavirus\/"},"author":{"name":"conversesacatalunya","@id":"https:\/\/conversesacatalunya.cat\/#\/schema\/person\/c5a8ffe796b1512764aeb6d6d6fa0fc7"},"headline":"Comunismo, europe\u00edsmo, liberalismo: tres modelos ante el coronavirus","datePublished":"2020-03-18T20:27:25+00:00","dateModified":"2020-03-20T15:42:05+00:00","mainEntityOfPage":{"@id":"https:\/\/conversesacatalunya.cat\/es\/comunismo-europeismo-liberalismo-tres-modelos-ante-el-coronavirus\/"},"wordCount":726,"commentCount":0,"image":{"@id":"https:\/\/conversesacatalunya.cat\/es\/comunismo-europeismo-liberalismo-tres-modelos-ante-el-coronavirus\/#primaryimage"},"thumbnailUrl":"https:\/\/conversesacatalunya.cat\/wp-content\/uploads\/2020\/03\/coronavirus-6.jpg","keywords":["China","comunismo","coronavirus","Covid-19","epid\u00e8mia","Europa","europe\u00edsmo","ideologia","liberalismo"],"articleSection":["Especial Coronavirus (ES)","Punts clau del dia (ES)"],"inLanguage":"es","potentialAction":[{"@type":"CommentAction","name":"Comment","target":["https:\/\/conversesacatalunya.cat\/es\/comunismo-europeismo-liberalismo-tres-modelos-ante-el-coronavirus\/#respond"]}]},{"@type":"WebPage","@id":"https:\/\/conversesacatalunya.cat\/es\/comunismo-europeismo-liberalismo-tres-modelos-ante-el-coronavirus\/","url":"https:\/\/conversesacatalunya.cat\/es\/comunismo-europeismo-liberalismo-tres-modelos-ante-el-coronavirus\/","name":"Comunismo, europe\u00edsmo, liberalismo: tres modelos ante el coronavirus - Converses a Catalunya","isPartOf":{"@id":"https:\/\/conversesacatalunya.cat\/#website"},"primaryImageOfPage":{"@id":"https:\/\/conversesacatalunya.cat\/es\/comunismo-europeismo-liberalismo-tres-modelos-ante-el-coronavirus\/#primaryimage"},"image":{"@id":"https:\/\/conversesacatalunya.cat\/es\/comunismo-europeismo-liberalismo-tres-modelos-ante-el-coronavirus\/#primaryimage"},"thumbnailUrl":"https:\/\/conversesacatalunya.cat\/wp-content\/uploads\/2020\/03\/coronavirus-6.jpg","datePublished":"2020-03-18T20:27:25+00:00","dateModified":"2020-03-20T15:42:05+00:00","author":{"@id":"https:\/\/conversesacatalunya.cat\/#\/schema\/person\/c5a8ffe796b1512764aeb6d6d6fa0fc7"},"breadcrumb":{"@id":"https:\/\/conversesacatalunya.cat\/es\/comunismo-europeismo-liberalismo-tres-modelos-ante-el-coronavirus\/#breadcrumb"},"inLanguage":"es","potentialAction":[{"@type":"ReadAction","target":["https:\/\/conversesacatalunya.cat\/es\/comunismo-europeismo-liberalismo-tres-modelos-ante-el-coronavirus\/"]}]},{"@type":"ImageObject","inLanguage":"es","@id":"https:\/\/conversesacatalunya.cat\/es\/comunismo-europeismo-liberalismo-tres-modelos-ante-el-coronavirus\/#primaryimage","url":"https:\/\/conversesacatalunya.cat\/wp-content\/uploads\/2020\/03\/coronavirus-6.jpg","contentUrl":"https:\/\/conversesacatalunya.cat\/wp-content\/uploads\/2020\/03\/coronavirus-6.jpg","width":690,"height":310},{"@type":"BreadcrumbList","@id":"https:\/\/conversesacatalunya.cat\/es\/comunismo-europeismo-liberalismo-tres-modelos-ante-el-coronavirus\/#breadcrumb","itemListElement":[{"@type":"ListItem","position":1,"name":"Inici","item":"https:\/\/conversesacatalunya.cat\/es\/"},{"@type":"ListItem","position":2,"name":"Comunismo, europe\u00edsmo, liberalismo: tres modelos ante el coronavirus"}]},{"@type":"WebSite","@id":"https:\/\/conversesacatalunya.cat\/#website","url":"https:\/\/conversesacatalunya.cat\/","name":"Converses a Catalunya","description":"","potentialAction":[{"@type":"SearchAction","target":{"@type":"EntryPoint","urlTemplate":"https:\/\/conversesacatalunya.cat\/?s={search_term_string}"},"query-input":{"@type":"PropertyValueSpecification","valueRequired":true,"valueName":"search_term_string"}}],"inLanguage":"es"},{"@type":"Person","@id":"https:\/\/conversesacatalunya.cat\/#\/schema\/person\/c5a8ffe796b1512764aeb6d6d6fa0fc7","name":"conversesacatalunya","image":{"@type":"ImageObject","inLanguage":"es","@id":"https:\/\/conversesacatalunya.cat\/#\/schema\/person\/image\/","url":"https:\/\/conversesacatalunya.cat\/wp-content\/litespeed\/avatar\/02659ee938034c59a151ae106ade943e.jpg?ver=1777051754","contentUrl":"https:\/\/conversesacatalunya.cat\/wp-content\/litespeed\/avatar\/02659ee938034c59a151ae106ade943e.jpg?ver=1777051754","caption":"conversesacatalunya"},"url":"https:\/\/conversesacatalunya.cat\/es\/author\/carles_lopez\/"}]}},"wps_subtitle":"Ninguno de ellos ha demostrado ser muy eficaz para contener r\u00e1pidamente la pandemia","_links":{"self":[{"href":"https:\/\/conversesacatalunya.cat\/es\/wp-json\/wp\/v2\/posts\/33799","targetHints":{"allow":["GET"]}}],"collection":[{"href":"https:\/\/conversesacatalunya.cat\/es\/wp-json\/wp\/v2\/posts"}],"about":[{"href":"https:\/\/conversesacatalunya.cat\/es\/wp-json\/wp\/v2\/types\/post"}],"author":[{"embeddable":true,"href":"https:\/\/conversesacatalunya.cat\/es\/wp-json\/wp\/v2\/users\/67"}],"replies":[{"embeddable":true,"href":"https:\/\/conversesacatalunya.cat\/es\/wp-json\/wp\/v2\/comments?post=33799"}],"version-history":[{"count":3,"href":"https:\/\/conversesacatalunya.cat\/es\/wp-json\/wp\/v2\/posts\/33799\/revisions"}],"predecessor-version":[{"id":33853,"href":"https:\/\/conversesacatalunya.cat\/es\/wp-json\/wp\/v2\/posts\/33799\/revisions\/33853"}],"wp:featuredmedia":[{"embeddable":true,"href":"https:\/\/conversesacatalunya.cat\/es\/wp-json\/wp\/v2\/media\/33761"}],"wp:attachment":[{"href":"https:\/\/conversesacatalunya.cat\/es\/wp-json\/wp\/v2\/media?parent=33799"}],"wp:term":[{"taxonomy":"category","embeddable":true,"href":"https:\/\/conversesacatalunya.cat\/es\/wp-json\/wp\/v2\/categories?post=33799"},{"taxonomy":"post_tag","embeddable":true,"href":"https:\/\/conversesacatalunya.cat\/es\/wp-json\/wp\/v2\/tags?post=33799"}],"curies":[{"name":"wp","href":"https:\/\/api.w.org\/{rel}","templated":true}]}}