{"id":33648,"date":"2020-03-17T12:28:10","date_gmt":"2020-03-17T11:28:10","guid":{"rendered":"https:\/\/conversesacatalunya.cat\/?p=33648"},"modified":"2020-03-17T12:28:10","modified_gmt":"2020-03-17T11:28:10","slug":"covid-19-la-primera-responsabilidad-es-de-quienes-nos-gobiernan","status":"publish","type":"post","link":"https:\/\/conversesacatalunya.cat\/es\/covid-19-la-primera-responsabilidad-es-de-quienes-nos-gobiernan\/","title":{"rendered":"Covid-19. La primera responsabilidad es de quienes nos gobiernan"},"content":{"rendered":"<p>El ejemplo de Corea y China, especialmente el primer pa\u00eds mucho m\u00e1s semejante al nuestro en dimensi\u00f3n y renta, ejemplifican el valor de la respuesta c\u00edvica y la disciplina colectiva en el control del Covid-19. Esto est\u00e1 fuera de discusi\u00f3n. Pero esto no debe hacerles olvidar a quienes nos gobiernan que no es l\u00edcito por su parte <strong>depositar todo el peso del problema solo en nosotros<\/strong> y en los profesionales de la sanidad, porque ellos son los principales responsables de la situaci\u00f3n a la que se ha llegado, por su impericia e irresponsabilidad en la gesti\u00f3n del bien com\u00fan.<\/p>\n<p>Hay demasiados errores, tanto en el gobierno de espa\u00f1ol como en la Generalitat. Y esta \u00faltima pretende ocultarlos cargando todo el muerto al gobierno S\u00e1nchez, en una pr\u00e1ctica que ninguna otra autonom\u00eda ha seguido, ni tan siquiera los vascos.<\/p>\n<p>Es necesario hacer un claro<strong> diagn\u00f3stico de todo aquello que ha sido err\u00f3neo<\/strong>. Pero, adem\u00e1s <strong>y desde ahora mismo,<\/strong> es necesario apuntar con claridad <strong>aquello que se sigue haciendo mal<\/strong> porque la salud de todos est\u00e1 en juego.<\/p>\n<p><strong>El ministro \u00c1balos<\/strong>, que no es el principal responsable de la pol\u00edtica gubernamental, ha <a href=\"https:\/\/www.msn.com\/es-es\/noticias\/espana\/\u00e1balos-da-por-hecho-que-el-estado-de-alarma-se-prorogarr\u00e1-m\u00e1s-de-15-d\u00edas\/ar-BB11f1wm?ocid=spartanntp\" target=\"_blank\" rel=\"noopener noreferrer\">declarado<\/a> que con toda seguridad el periodo de alarma, y por tanto de confinamiento y de estr\u00e9s econ\u00f3mico, <strong>previsiblemente continuar\u00e1<\/strong>. \u00bfPero qui\u00e9n es a \u00c1balos para prejuzgar tal decisi\u00f3n? \u00bfNo era el ministro de Sanidad el responsable m\u00e1ximo, de acuerdo con el Real Decreto, de todas las medidas relacionadas con el Covid-19, y en \u00faltimo caso el propio presidente del Gobierno? Para justificar sus palabras a\u00f1ade que \u201csi realmente todos somos responsables y actuamos de acuerdo con los requerimientos y no frivolizamos, evidentemente, tendr\u00e1n m\u00e1s efecto\u201d<em>. <\/em>Pero los <strong>primeros que han de actuar con responsabilidad<\/strong> y de acuerdo con los requerimientos <strong>son los miembros del Gobierno<\/strong>, y principalmente quien lo dirige, S\u00e1nchez.<\/p>\n<p>Que se va a prorrogar es una evidencia desde el mismo momento que se dict\u00f3 el decreto ley, porque pasados los 15 d\u00edas y por la naturaleza del coronavirus, la cifra de contagiados ser\u00e1 muy alta y <strong>superar\u00e1 los 10.000 casos<\/strong>. Seguramente se habr\u00e1 reducido la cifra de contagios, pero esto es algo que dif\u00edcilmente sabremos porque el Gobierno otorga poca informaci\u00f3n sobre ello. Es m\u00e1s, con las medidas establecidas en Madrid, y de manera m\u00e1s incomprensible porque su situaci\u00f3n no es tan grave, en Catalu\u00f1a, de limitar los test de contagio a los enfermos graves, los hospitalizados, y al personal sanitario, el n\u00famero de personas realmente contagiadas ser\u00e1 un enigma mayor que la cifra actual, en la que se <strong>desconoce la dimensi\u00f3n de los portadores asintom\u00e1ticos<\/strong>.<\/p>\n<p>Pero es que, adem\u00e1s, <strong>Michael Ryan, directo<\/strong>r Ejecutivo del Programa de Emergencias Sanitarias de la Organizaci\u00f3n Mundial de la Salud (OMS), afirm\u00f3 el pasado d\u00eda 13 que<strong> \u201cel confinamiento es necesario para que el sistema sanitario no colapse, pero no detendr\u00e1 esta epidemia por s\u00ed sola\u201d.<\/strong><\/p>\n<span class='bctt-click-to-tweet'><span class='bctt-ctt-text'><a href='https:\/\/twitter.com\/intent\/tweet?url=https%3A%2F%2Fconversesacatalunya.cat%2Fes%2Fcovid-19-la-primera-responsabilidad-es-de-quienes-nos-gobiernan%2F&#038;text=No%20es%20l%C3%ADcito%20por%20parte%20del%20gobierno%20depositar%20todo%20el%20peso%20del%20problema%20solo%20en%20los%20ciudadanos%20y%20en%20los%20profesionales%20de%20la%20sanidad&#038;via=conversesacat&#038;related=conversesacat' target='_blank'rel=\"noopener noreferrer\">No es l\u00edcito por parte del gobierno depositar todo el peso del problema solo en los ciudadanos y en los profesionales de la sanidad <\/a><\/span><a href='https:\/\/twitter.com\/intent\/tweet?url=https%3A%2F%2Fconversesacatalunya.cat%2Fes%2Fcovid-19-la-primera-responsabilidad-es-de-quienes-nos-gobiernan%2F&#038;text=No%20es%20l%C3%ADcito%20por%20parte%20del%20gobierno%20depositar%20todo%20el%20peso%20del%20problema%20solo%20en%20los%20ciudadanos%20y%20en%20los%20profesionales%20de%20la%20sanidad&#038;via=conversesacat&#038;related=conversesacat' target='_blank' class='bctt-ctt-btn'rel=\"noopener noreferrer\">Compartir en X<\/a><\/span>\n<p>Entonces \u00bfqu\u00e9 m\u00e1s se requiere? Pues <strong>todo aquello que no ha hecho el Gobierno en el pasado<\/strong> y que contin\u00faa sin hacer. Se trata de practicar lo que ya se sab\u00eda: hay que ir lo m\u00e1s deprisa posible para detectar a los portadores del virus, para poder adoptar las medidas pertinentes, <strong>rompiendo de buen inicio las cadenas de contagio<\/strong>, y as\u00ed mismo tratando a los enfermos lo m\u00e1s pronto posible y no solo cuando su caso es ya grave. Eso es lo que han hecho Corea entre otras medidas, Taiw\u00e1n y Jap\u00f3n, unido a una desinfecci\u00f3n masiva del espacio p\u00fablico, aprovechando los confinamientos. <strong>Esto y acrecentar r\u00e1pidamente la capacidad hospitalaria<\/strong>, cosa que solo se ha empezado a hacer con el actual decreto estableciendo el estado de alarma, m\u00e1s de 50 d\u00edas despu\u00e9s del inicio de la afectaci\u00f3n en Espa\u00f1a, y a\u00fan de una manera limitada, porque el gasto p\u00fablico en este \u00e1mbito sigue manifest\u00e1ndose contenido.<\/p>\n<p>Hay tres grandes recursos de lucha que Espa\u00f1a no ha utilizado pr\u00e1cticamente y sigue sin hacerlo. Uno es <strong>la distribuci\u00f3n masiva de mascarillas<\/strong>, no para dar una falsa sensaci\u00f3n de seguridad, que no la tiene, pero s\u00ed para evitar la extensi\u00f3n en una medida no decisiva, pero s\u00ed dotada de significaci\u00f3n, porque la mascarilla no te protege de otro, pero s\u00ed evita o reduce el contagio a otro. Pero esto solo es \u00fatil si la gran mayor\u00eda de la poblaci\u00f3n que sale a la calle dispone de ella.<\/p>\n<p><strong>Una segunda medida fundamental<\/strong> es el uso masivo de tomas de temperatura mediante term\u00f3metros l\u00e1ser en los lugares donde se producen aglomeraciones de personas, para identificar a personas y enviarlas a sus casas, evitando que acudan al trabajo, sea el que sea. Tambi\u00e9n esto va a reducir el contagio y va a permitir una identificaci\u00f3n de sujetos con riesgos potenciales.<\/p>\n<p><strong>La insuficiente provisi\u00f3n de term\u00f3metros dom\u00e9sticos<\/strong> en las farmacias es un aspecto colateral de la imprevisi\u00f3n gubernamental, porque impide el control responsable de las personas, al que apelan desde el Gobierno. Las personas confinadas por s\u00edntomas, al menos ellas, deber\u00edan disponer de uno, y nadie se ha preocupado de proporcion\u00e1rselo.<\/p>\n<p>Por \u00faltimo y decisivo, <strong>el empleo masivo de las pruebas sobre el coronavirus<\/strong>. Esta es una gran arma porque permite identificar, no a los que ya est\u00e1n enfermos y que conocemos, sino a los m\u00e1s peligrosos de todos, los portadores que no presentan s\u00edntomas. <strong>Corea ha realizado m\u00e1s de 200.000 de estas pruebas<\/strong>. En Espa\u00f1a se trata de un secreto bien guardado, porque el n\u00famero de realizados es escandalosamente bajo, unos pocos miles. Es realmente un esc\u00e1ndalo, que a\u00fan resulta m\u00e1s acusado en Madrid y en Catalu\u00f1a, porque all\u00ed los gobiernos respectivos han limitado todav\u00eda m\u00e1s su uso.<\/p>\n<p>Pero los han limitados solo en relaci\u00f3n con todos nosotros, la gente com\u00fan y corriente, mientras que <strong>los dirigentes pol\u00edticos, los altos cargos y sus familiares han sido convenientemente testados<\/strong> para ver si eran portadores. Esto explica un hecho que resulta a primera vista sorprendente. La elevada proporci\u00f3n de casos que se da entre los pol\u00edticos. Es as\u00ed porque a ellos s\u00ed se les practica <strong>la prueba para poder adoptar medidas y tratamientos antes de que el virus<\/strong> se haga fuerte en el organismo. Si alguna vez se ha podido hablar de una \u00e9lite extractora, que se beneficia de su posici\u00f3n de manera extraordinaria, esta ocasi\u00f3n es ahora, porque <a href=\"https:\/\/www.msn.com\/es-es\/noticias\/espana\/pedro-s\u00e1nchez-da-negativo-en-la-prueba-del-coronavirus\/ar-BB11fALh?ocid=spartanntp\" target=\"_blank\" rel=\"noopener noreferrer\"><strong>hay un foso<\/strong><\/a> entre las atenciones y prevenci\u00f3n que registran todos estos pol\u00edticos y <em>ad lateres,<\/em> y lo que se hace con el resto de la poblaci\u00f3n. No se trata de discutir que quienes tienen m\u00e1s responsabilidad dispongan de algunas ventajas. No se trata de hacer demagogia. Se trata de denunciar la injusticia del olvido radical y deliberado que se practica hacia la inmensa mayor\u00eda de la poblaci\u00f3n y el <strong>cuidado extremo que se pone en los que disponen del poder<\/strong>. La diferencia es inmensa y afecta a la salud y en algunos casos a la vida.<\/p>\n<p>Esta es una lecci\u00f3n con la que <strong>debemos ser consecuentes cuando todo esto amaine<\/strong>. Mientras, <strong>hemos de reclamar<\/strong> con fuerza que el Gobierno aplique los recursos de que dispone para frenar el virus en lugar de ir cargando sobre nuestras espaldas el confinamiento, los tel\u00e9fonos de urgencia que no contestan y la incapacidad de muchos centros hospitalarios para dar una respuesta adecuada, por falta de medios. Es perentorio habilitar m\u00e1s atenci\u00f3n m\u00e9dica, camas de agudos, instrumentos para la respiraci\u00f3n asistida, plazas en las UCI, personal m\u00e9dico de enfermer\u00eda y auxiliar. Espa\u00f1a necesita implantar una econom\u00eda de guerra, o quedaremos gravemente malparados en nuestra salud, vida y econom\u00eda.<\/p>\n<p>M\u00e1s informaci\u00f3n sobre el coronavirus: <a href=\"https:\/\/conversesacatalunya.cat\/es\/coronavirus\/\" target=\"_blank\" rel=\"noopener noreferrer\">ESPECIAL CORONAVIRUS<\/a><\/p>\n","protected":false},"excerpt":{"rendered":"<p>El ejemplo de Corea y China, especialmente el primer pa\u00eds mucho m\u00e1s semejante al nuestro en dimensi\u00f3n y renta, ejemplifican el valor de la respuesta c\u00edvica y la disciplina colectiva en el control del Covid-19. Esto est\u00e1 fuera de discusi\u00f3n. Pero esto no debe hacerles olvidar a quienes nos gobiernan que no es l\u00edcito por su parte depositar todo el peso del problema solo en nosotros y en los profesionales de la sanidad, porque ellos son los principales responsables de la situaci\u00f3n a la que se ha llegado, por su impericia e irresponsabilidad en la gesti\u00f3n del bien com\u00fan. Hay demasiados errores, tanto en el gobierno de espa\u00f1ol como en la Generalitat. Y esta \u00faltima pretende ocultarlos cargando todo el muerto al gobierno S\u00e1nchez, en una pr\u00e1ctica que ninguna otra autonom\u00eda ha seguido, ni tan siquiera los vascos. Es necesario hacer un claro diagn\u00f3stico de todo aquello que ha sido err\u00f3neo. Pero, adem\u00e1s y desde ahora mismo, es necesario apuntar con claridad aquello que se sigue haciendo mal porque la salud de todos est\u00e1 en juego. El ministro \u00c1balos, que no es el principal responsable de la pol\u00edtica gubernamental, ha declarado que con toda seguridad el periodo de alarma, y por tanto de confinamiento y de estr\u00e9s econ\u00f3mico, previsiblemente continuar\u00e1. \u00bfPero qui\u00e9n es a \u00c1balos para prejuzgar tal decisi\u00f3n? \u00bfNo era el ministro de Sanidad el responsable m\u00e1ximo, de acuerdo con el Real Decreto, de todas las medidas relacionadas con el Covid-19, y en \u00faltimo caso el propio presidente del Gobierno? Para justificar sus palabras a\u00f1ade que \u201csi realmente todos somos responsables y actuamos de acuerdo con los requerimientos y no frivolizamos, evidentemente, tendr\u00e1n m\u00e1s efecto\u201d. Pero los primeros que han de actuar con responsabilidad y de acuerdo con los requerimientos son los miembros del Gobierno, y principalmente quien lo dirige, S\u00e1nchez. Que se va a prorrogar es una evidencia desde el mismo momento que se dict\u00f3 el decreto ley, porque pasados los 15 d\u00edas y por la naturaleza del coronavirus, la cifra de contagiados ser\u00e1 muy alta y superar\u00e1 los 10.000 casos. Seguramente se habr\u00e1 reducido la cifra de contagios, pero esto es algo que dif\u00edcilmente sabremos porque el Gobierno otorga poca informaci\u00f3n sobre ello. Es m\u00e1s, con las medidas establecidas en Madrid, y de manera m\u00e1s incomprensible porque su situaci\u00f3n no es tan grave, en Catalu\u00f1a, de limitar los test de contagio a los enfermos graves, los hospitalizados, y al personal sanitario, el n\u00famero de personas realmente contagiadas ser\u00e1 un enigma mayor que la cifra actual, en la que se desconoce la dimensi\u00f3n de los portadores asintom\u00e1ticos. Pero es que, adem\u00e1s, Michael Ryan, director Ejecutivo del Programa de Emergencias Sanitarias de la Organizaci\u00f3n Mundial de la Salud (OMS), afirm\u00f3 el pasado d\u00eda 13 que \u201cel confinamiento es necesario para que el sistema sanitario no colapse, pero no detendr\u00e1 esta epidemia por s\u00ed sola\u201d. Entonces \u00bfqu\u00e9 m\u00e1s se requiere? Pues todo aquello que no ha hecho el Gobierno en el pasado y que contin\u00faa sin hacer. Se trata de practicar lo que ya se sab\u00eda: hay que ir lo m\u00e1s deprisa posible para detectar a los portadores del virus, para poder adoptar las medidas pertinentes, rompiendo de buen inicio las cadenas de contagio, y as\u00ed mismo tratando a los enfermos lo m\u00e1s pronto posible y no solo cuando su caso es ya grave. Eso es lo que han hecho Corea entre otras medidas, Taiw\u00e1n y Jap\u00f3n, unido a una desinfecci\u00f3n masiva del espacio p\u00fablico, aprovechando los confinamientos. Esto y acrecentar r\u00e1pidamente la capacidad hospitalaria, cosa que solo se ha empezado a hacer con el actual decreto estableciendo el estado de alarma, m\u00e1s de 50 d\u00edas despu\u00e9s del inicio de la afectaci\u00f3n en Espa\u00f1a, y a\u00fan de una manera limitada, porque el gasto p\u00fablico en este \u00e1mbito sigue manifest\u00e1ndose contenido. Hay tres grandes recursos de lucha que Espa\u00f1a no ha utilizado pr\u00e1cticamente y sigue sin hacerlo. Uno es la distribuci\u00f3n masiva de mascarillas, no para dar una falsa sensaci\u00f3n de seguridad, que no la tiene, pero s\u00ed para evitar la extensi\u00f3n en una medida no decisiva, pero s\u00ed dotada de significaci\u00f3n, porque la mascarilla no te protege de otro, pero s\u00ed evita o reduce el contagio a otro. Pero esto solo es \u00fatil si la gran mayor\u00eda de la poblaci\u00f3n que sale a la calle dispone de ella. Una segunda medida fundamental es el uso masivo de tomas de temperatura mediante term\u00f3metros l\u00e1ser en los lugares donde se producen aglomeraciones de personas, para identificar a personas y enviarlas a sus casas, evitando que acudan al trabajo, sea el que sea. Tambi\u00e9n esto va a reducir el contagio y va a permitir una identificaci\u00f3n de sujetos con riesgos potenciales. La insuficiente provisi\u00f3n de term\u00f3metros dom\u00e9sticos en las farmacias es un aspecto colateral de la imprevisi\u00f3n gubernamental, porque impide el control responsable de las personas, al que apelan desde el Gobierno. Las personas confinadas por s\u00edntomas, al menos ellas, deber\u00edan disponer de uno, y nadie se ha preocupado de proporcion\u00e1rselo. Por \u00faltimo y decisivo, el empleo masivo de las pruebas sobre el coronavirus. Esta es una gran arma porque permite identificar, no a los que ya est\u00e1n enfermos y que conocemos, sino a los m\u00e1s peligrosos de todos, los portadores que no presentan s\u00edntomas. Corea ha realizado m\u00e1s de 200.000 de estas pruebas. En Espa\u00f1a se trata de un secreto bien guardado, porque el n\u00famero de realizados es escandalosamente bajo, unos pocos miles. Es realmente un esc\u00e1ndalo, que a\u00fan resulta m\u00e1s acusado en Madrid y en Catalu\u00f1a, porque all\u00ed los gobiernos respectivos han limitado todav\u00eda m\u00e1s su uso. Pero los han limitados solo en relaci\u00f3n con todos nosotros, la gente com\u00fan y corriente, mientras que los dirigentes pol\u00edticos, los altos cargos y sus familiares han sido convenientemente testados para ver si eran portadores. Esto explica un hecho que resulta a primera vista sorprendente. La elevada proporci\u00f3n de casos que se da entre los pol\u00edticos. Es as\u00ed porque a ellos s\u00ed se les practica la prueba para poder adoptar medidas y tratamientos&#8230;<\/p>\n","protected":false},"author":19,"featured_media":33649,"comment_status":"open","ping_status":"open","sticky":false,"template":"","format":"standard","meta":{"_FSMCFIC_featured_image_caption":"","_FSMCFIC_featured_image_nocaption":"","_FSMCFIC_featured_image_hide":"","footnotes":""},"categories":[796,1772],"tags":[1504,1901],"class_list":["post-33648","post","type-post","status-publish","format-standard","has-post-thumbnail","hentry","category-el-blog-de-josep-miro-i-ardevol-es","category-especial-coronavirus-es","tag-coronavirus-es","tag-estado-de-alarma"],"yoast_head":"<!-- This site is optimized with the Yoast SEO plugin v26.8 - https:\/\/yoast.com\/product\/yoast-seo-wordpress\/ -->\n<title>Covid-19. La primera responsabilidad es de quienes nos gobiernan<\/title>\n<meta name=\"description\" content=\"No es l\u00edcito por parte del gobierno depositar todo el peso del Covid-19 solo en los ciudadanos y en los profesionales de la sanidad\" \/>\n<meta name=\"robots\" content=\"index, follow, max-snippet:-1, max-image-preview:large, max-video-preview:-1\" \/>\n<link rel=\"canonical\" href=\"https:\/\/conversesacatalunya.cat\/es\/covid-19-la-primera-responsabilidad-es-de-quienes-nos-gobiernan\/\" \/>\n<meta property=\"og:locale\" content=\"es_ES\" \/>\n<meta property=\"og:type\" content=\"article\" \/>\n<meta property=\"og:title\" content=\"Covid-19. La primera responsabilidad es de quienes nos gobiernan\" \/>\n<meta property=\"og:description\" content=\"No es l\u00edcito por parte del gobierno depositar todo el peso del Covid-19 solo en los ciudadanos y en los profesionales de la sanidad\" \/>\n<meta property=\"og:url\" content=\"https:\/\/conversesacatalunya.cat\/es\/covid-19-la-primera-responsabilidad-es-de-quienes-nos-gobiernan\/\" \/>\n<meta property=\"og:site_name\" content=\"Converses a Catalunya\" \/>\n<meta property=\"article:published_time\" content=\"2020-03-17T11:28:10+00:00\" \/>\n<meta property=\"og:image\" content=\"https:\/\/conversesacatalunya.cat\/wp-content\/uploads\/2020\/03\/coronavirus-3.jpg\" \/>\n\t<meta property=\"og:image:width\" content=\"670\" \/>\n\t<meta property=\"og:image:height\" content=\"378\" \/>\n\t<meta property=\"og:image:type\" content=\"image\/jpeg\" \/>\n<meta name=\"author\" content=\"Josep Mir\u00f3 i Ard\u00e8vol\" \/>\n<meta name=\"twitter:card\" content=\"summary_large_image\" \/>\n<meta name=\"twitter:label1\" content=\"Escrito por\" \/>\n\t<meta name=\"twitter:data1\" content=\"Josep Mir\u00f3 i Ard\u00e8vol\" \/>\n\t<meta name=\"twitter:label2\" content=\"Tiempo de lectura\" \/>\n\t<meta name=\"twitter:data2\" content=\"7 minutos\" \/>\n<script type=\"application\/ld+json\" class=\"yoast-schema-graph\">{\"@context\":\"https:\/\/schema.org\",\"@graph\":[{\"@type\":\"Article\",\"@id\":\"https:\/\/conversesacatalunya.cat\/es\/covid-19-la-primera-responsabilidad-es-de-quienes-nos-gobiernan\/#article\",\"isPartOf\":{\"@id\":\"https:\/\/conversesacatalunya.cat\/es\/covid-19-la-primera-responsabilidad-es-de-quienes-nos-gobiernan\/\"},\"author\":{\"name\":\"Josep Mir\u00f3 i Ard\u00e8vol\",\"@id\":\"https:\/\/conversesacatalunya.cat\/#\/schema\/person\/a9598a6786ba7d3d1c5e0de477b79370\"},\"headline\":\"Covid-19. La primera responsabilidad es de quienes nos gobiernan\",\"datePublished\":\"2020-03-17T11:28:10+00:00\",\"mainEntityOfPage\":{\"@id\":\"https:\/\/conversesacatalunya.cat\/es\/covid-19-la-primera-responsabilidad-es-de-quienes-nos-gobiernan\/\"},\"wordCount\":1393,\"commentCount\":0,\"image\":{\"@id\":\"https:\/\/conversesacatalunya.cat\/es\/covid-19-la-primera-responsabilidad-es-de-quienes-nos-gobiernan\/#primaryimage\"},\"thumbnailUrl\":\"https:\/\/conversesacatalunya.cat\/wp-content\/uploads\/2020\/03\/coronavirus-3.jpg\",\"keywords\":[\"coronavirus\",\"Estado de Alarma\"],\"articleSection\":[\"El Blog de Josep Mir\u00f3 i Ard\u00e8vol (ES)\",\"Especial Coronavirus (ES)\"],\"inLanguage\":\"es\",\"potentialAction\":[{\"@type\":\"CommentAction\",\"name\":\"Comment\",\"target\":[\"https:\/\/conversesacatalunya.cat\/es\/covid-19-la-primera-responsabilidad-es-de-quienes-nos-gobiernan\/#respond\"]}]},{\"@type\":\"WebPage\",\"@id\":\"https:\/\/conversesacatalunya.cat\/es\/covid-19-la-primera-responsabilidad-es-de-quienes-nos-gobiernan\/\",\"url\":\"https:\/\/conversesacatalunya.cat\/es\/covid-19-la-primera-responsabilidad-es-de-quienes-nos-gobiernan\/\",\"name\":\"Covid-19. La primera responsabilidad es de quienes nos gobiernan\",\"isPartOf\":{\"@id\":\"https:\/\/conversesacatalunya.cat\/#website\"},\"primaryImageOfPage\":{\"@id\":\"https:\/\/conversesacatalunya.cat\/es\/covid-19-la-primera-responsabilidad-es-de-quienes-nos-gobiernan\/#primaryimage\"},\"image\":{\"@id\":\"https:\/\/conversesacatalunya.cat\/es\/covid-19-la-primera-responsabilidad-es-de-quienes-nos-gobiernan\/#primaryimage\"},\"thumbnailUrl\":\"https:\/\/conversesacatalunya.cat\/wp-content\/uploads\/2020\/03\/coronavirus-3.jpg\",\"datePublished\":\"2020-03-17T11:28:10+00:00\",\"author\":{\"@id\":\"https:\/\/conversesacatalunya.cat\/#\/schema\/person\/a9598a6786ba7d3d1c5e0de477b79370\"},\"description\":\"No es l\u00edcito por parte del gobierno depositar todo el peso del Covid-19 solo en los ciudadanos y en los profesionales de la sanidad\",\"breadcrumb\":{\"@id\":\"https:\/\/conversesacatalunya.cat\/es\/covid-19-la-primera-responsabilidad-es-de-quienes-nos-gobiernan\/#breadcrumb\"},\"inLanguage\":\"es\",\"potentialAction\":[{\"@type\":\"ReadAction\",\"target\":[\"https:\/\/conversesacatalunya.cat\/es\/covid-19-la-primera-responsabilidad-es-de-quienes-nos-gobiernan\/\"]}]},{\"@type\":\"ImageObject\",\"inLanguage\":\"es\",\"@id\":\"https:\/\/conversesacatalunya.cat\/es\/covid-19-la-primera-responsabilidad-es-de-quienes-nos-gobiernan\/#primaryimage\",\"url\":\"https:\/\/conversesacatalunya.cat\/wp-content\/uploads\/2020\/03\/coronavirus-3.jpg\",\"contentUrl\":\"https:\/\/conversesacatalunya.cat\/wp-content\/uploads\/2020\/03\/coronavirus-3.jpg\",\"width\":670,\"height\":378,\"caption\":\"covid-19\"},{\"@type\":\"BreadcrumbList\",\"@id\":\"https:\/\/conversesacatalunya.cat\/es\/covid-19-la-primera-responsabilidad-es-de-quienes-nos-gobiernan\/#breadcrumb\",\"itemListElement\":[{\"@type\":\"ListItem\",\"position\":1,\"name\":\"Inici\",\"item\":\"https:\/\/conversesacatalunya.cat\/es\/\"},{\"@type\":\"ListItem\",\"position\":2,\"name\":\"Covid-19. La primera responsabilidad es de quienes nos gobiernan\"}]},{\"@type\":\"WebSite\",\"@id\":\"https:\/\/conversesacatalunya.cat\/#website\",\"url\":\"https:\/\/conversesacatalunya.cat\/\",\"name\":\"Converses a Catalunya\",\"description\":\"\",\"potentialAction\":[{\"@type\":\"SearchAction\",\"target\":{\"@type\":\"EntryPoint\",\"urlTemplate\":\"https:\/\/conversesacatalunya.cat\/?s={search_term_string}\"},\"query-input\":{\"@type\":\"PropertyValueSpecification\",\"valueRequired\":true,\"valueName\":\"search_term_string\"}}],\"inLanguage\":\"es\"},{\"@type\":\"Person\",\"@id\":\"https:\/\/conversesacatalunya.cat\/#\/schema\/person\/a9598a6786ba7d3d1c5e0de477b79370\",\"name\":\"Josep Mir\u00f3 i Ard\u00e8vol\",\"image\":{\"@type\":\"ImageObject\",\"inLanguage\":\"es\",\"@id\":\"https:\/\/conversesacatalunya.cat\/#\/schema\/person\/image\/\",\"url\":\"https:\/\/conversesacatalunya.cat\/wp-content\/litespeed\/avatar\/c37e3dc881857483d6694cdf98fdedea.jpg?ver=1777270381\",\"contentUrl\":\"https:\/\/conversesacatalunya.cat\/wp-content\/litespeed\/avatar\/c37e3dc881857483d6694cdf98fdedea.jpg?ver=1777270381\",\"caption\":\"Josep Mir\u00f3 i Ard\u00e8vol\"},\"url\":\"https:\/\/conversesacatalunya.cat\/es\/author\/josep-miro-i-ardevol\/\"}]}<\/script>\n<!-- \/ Yoast SEO plugin. -->","yoast_head_json":{"title":"Covid-19. La primera responsabilidad es de quienes nos gobiernan","description":"No es l\u00edcito por parte del gobierno depositar todo el peso del Covid-19 solo en los ciudadanos y en los profesionales de la sanidad","robots":{"index":"index","follow":"follow","max-snippet":"max-snippet:-1","max-image-preview":"max-image-preview:large","max-video-preview":"max-video-preview:-1"},"canonical":"https:\/\/conversesacatalunya.cat\/es\/covid-19-la-primera-responsabilidad-es-de-quienes-nos-gobiernan\/","og_locale":"es_ES","og_type":"article","og_title":"Covid-19. La primera responsabilidad es de quienes nos gobiernan","og_description":"No es l\u00edcito por parte del gobierno depositar todo el peso del Covid-19 solo en los ciudadanos y en los profesionales de la sanidad","og_url":"https:\/\/conversesacatalunya.cat\/es\/covid-19-la-primera-responsabilidad-es-de-quienes-nos-gobiernan\/","og_site_name":"Converses a Catalunya","article_published_time":"2020-03-17T11:28:10+00:00","og_image":[{"width":670,"height":378,"url":"https:\/\/conversesacatalunya.cat\/wp-content\/uploads\/2020\/03\/coronavirus-3.jpg","type":"image\/jpeg"}],"author":"Josep Mir\u00f3 i Ard\u00e8vol","twitter_card":"summary_large_image","twitter_misc":{"Escrito por":"Josep Mir\u00f3 i Ard\u00e8vol","Tiempo de lectura":"7 minutos"},"schema":{"@context":"https:\/\/schema.org","@graph":[{"@type":"Article","@id":"https:\/\/conversesacatalunya.cat\/es\/covid-19-la-primera-responsabilidad-es-de-quienes-nos-gobiernan\/#article","isPartOf":{"@id":"https:\/\/conversesacatalunya.cat\/es\/covid-19-la-primera-responsabilidad-es-de-quienes-nos-gobiernan\/"},"author":{"name":"Josep Mir\u00f3 i Ard\u00e8vol","@id":"https:\/\/conversesacatalunya.cat\/#\/schema\/person\/a9598a6786ba7d3d1c5e0de477b79370"},"headline":"Covid-19. La primera responsabilidad es de quienes nos gobiernan","datePublished":"2020-03-17T11:28:10+00:00","mainEntityOfPage":{"@id":"https:\/\/conversesacatalunya.cat\/es\/covid-19-la-primera-responsabilidad-es-de-quienes-nos-gobiernan\/"},"wordCount":1393,"commentCount":0,"image":{"@id":"https:\/\/conversesacatalunya.cat\/es\/covid-19-la-primera-responsabilidad-es-de-quienes-nos-gobiernan\/#primaryimage"},"thumbnailUrl":"https:\/\/conversesacatalunya.cat\/wp-content\/uploads\/2020\/03\/coronavirus-3.jpg","keywords":["coronavirus","Estado de Alarma"],"articleSection":["El Blog de Josep Mir\u00f3 i Ard\u00e8vol (ES)","Especial Coronavirus (ES)"],"inLanguage":"es","potentialAction":[{"@type":"CommentAction","name":"Comment","target":["https:\/\/conversesacatalunya.cat\/es\/covid-19-la-primera-responsabilidad-es-de-quienes-nos-gobiernan\/#respond"]}]},{"@type":"WebPage","@id":"https:\/\/conversesacatalunya.cat\/es\/covid-19-la-primera-responsabilidad-es-de-quienes-nos-gobiernan\/","url":"https:\/\/conversesacatalunya.cat\/es\/covid-19-la-primera-responsabilidad-es-de-quienes-nos-gobiernan\/","name":"Covid-19. La primera responsabilidad es de quienes nos gobiernan","isPartOf":{"@id":"https:\/\/conversesacatalunya.cat\/#website"},"primaryImageOfPage":{"@id":"https:\/\/conversesacatalunya.cat\/es\/covid-19-la-primera-responsabilidad-es-de-quienes-nos-gobiernan\/#primaryimage"},"image":{"@id":"https:\/\/conversesacatalunya.cat\/es\/covid-19-la-primera-responsabilidad-es-de-quienes-nos-gobiernan\/#primaryimage"},"thumbnailUrl":"https:\/\/conversesacatalunya.cat\/wp-content\/uploads\/2020\/03\/coronavirus-3.jpg","datePublished":"2020-03-17T11:28:10+00:00","author":{"@id":"https:\/\/conversesacatalunya.cat\/#\/schema\/person\/a9598a6786ba7d3d1c5e0de477b79370"},"description":"No es l\u00edcito por parte del gobierno depositar todo el peso del Covid-19 solo en los ciudadanos y en los profesionales de la sanidad","breadcrumb":{"@id":"https:\/\/conversesacatalunya.cat\/es\/covid-19-la-primera-responsabilidad-es-de-quienes-nos-gobiernan\/#breadcrumb"},"inLanguage":"es","potentialAction":[{"@type":"ReadAction","target":["https:\/\/conversesacatalunya.cat\/es\/covid-19-la-primera-responsabilidad-es-de-quienes-nos-gobiernan\/"]}]},{"@type":"ImageObject","inLanguage":"es","@id":"https:\/\/conversesacatalunya.cat\/es\/covid-19-la-primera-responsabilidad-es-de-quienes-nos-gobiernan\/#primaryimage","url":"https:\/\/conversesacatalunya.cat\/wp-content\/uploads\/2020\/03\/coronavirus-3.jpg","contentUrl":"https:\/\/conversesacatalunya.cat\/wp-content\/uploads\/2020\/03\/coronavirus-3.jpg","width":670,"height":378,"caption":"covid-19"},{"@type":"BreadcrumbList","@id":"https:\/\/conversesacatalunya.cat\/es\/covid-19-la-primera-responsabilidad-es-de-quienes-nos-gobiernan\/#breadcrumb","itemListElement":[{"@type":"ListItem","position":1,"name":"Inici","item":"https:\/\/conversesacatalunya.cat\/es\/"},{"@type":"ListItem","position":2,"name":"Covid-19. La primera responsabilidad es de quienes nos gobiernan"}]},{"@type":"WebSite","@id":"https:\/\/conversesacatalunya.cat\/#website","url":"https:\/\/conversesacatalunya.cat\/","name":"Converses a Catalunya","description":"","potentialAction":[{"@type":"SearchAction","target":{"@type":"EntryPoint","urlTemplate":"https:\/\/conversesacatalunya.cat\/?s={search_term_string}"},"query-input":{"@type":"PropertyValueSpecification","valueRequired":true,"valueName":"search_term_string"}}],"inLanguage":"es"},{"@type":"Person","@id":"https:\/\/conversesacatalunya.cat\/#\/schema\/person\/a9598a6786ba7d3d1c5e0de477b79370","name":"Josep Mir\u00f3 i Ard\u00e8vol","image":{"@type":"ImageObject","inLanguage":"es","@id":"https:\/\/conversesacatalunya.cat\/#\/schema\/person\/image\/","url":"https:\/\/conversesacatalunya.cat\/wp-content\/litespeed\/avatar\/c37e3dc881857483d6694cdf98fdedea.jpg?ver=1777270381","contentUrl":"https:\/\/conversesacatalunya.cat\/wp-content\/litespeed\/avatar\/c37e3dc881857483d6694cdf98fdedea.jpg?ver=1777270381","caption":"Josep Mir\u00f3 i Ard\u00e8vol"},"url":"https:\/\/conversesacatalunya.cat\/es\/author\/josep-miro-i-ardevol\/"}]}},"wps_subtitle":"","_links":{"self":[{"href":"https:\/\/conversesacatalunya.cat\/es\/wp-json\/wp\/v2\/posts\/33648","targetHints":{"allow":["GET"]}}],"collection":[{"href":"https:\/\/conversesacatalunya.cat\/es\/wp-json\/wp\/v2\/posts"}],"about":[{"href":"https:\/\/conversesacatalunya.cat\/es\/wp-json\/wp\/v2\/types\/post"}],"author":[{"embeddable":true,"href":"https:\/\/conversesacatalunya.cat\/es\/wp-json\/wp\/v2\/users\/19"}],"replies":[{"embeddable":true,"href":"https:\/\/conversesacatalunya.cat\/es\/wp-json\/wp\/v2\/comments?post=33648"}],"version-history":[{"count":1,"href":"https:\/\/conversesacatalunya.cat\/es\/wp-json\/wp\/v2\/posts\/33648\/revisions"}],"predecessor-version":[{"id":33651,"href":"https:\/\/conversesacatalunya.cat\/es\/wp-json\/wp\/v2\/posts\/33648\/revisions\/33651"}],"wp:featuredmedia":[{"embeddable":true,"href":"https:\/\/conversesacatalunya.cat\/es\/wp-json\/wp\/v2\/media\/33649"}],"wp:attachment":[{"href":"https:\/\/conversesacatalunya.cat\/es\/wp-json\/wp\/v2\/media?parent=33648"}],"wp:term":[{"taxonomy":"category","embeddable":true,"href":"https:\/\/conversesacatalunya.cat\/es\/wp-json\/wp\/v2\/categories?post=33648"},{"taxonomy":"post_tag","embeddable":true,"href":"https:\/\/conversesacatalunya.cat\/es\/wp-json\/wp\/v2\/tags?post=33648"}],"curies":[{"name":"wp","href":"https:\/\/api.w.org\/{rel}","templated":true}]}}