{"id":33624,"date":"2020-03-17T09:54:51","date_gmt":"2020-03-17T08:54:51","guid":{"rendered":"https:\/\/conversesacatalunya.cat\/aristotelisme-i-maquiavel-lisme-en-politica\/"},"modified":"2020-03-17T10:07:26","modified_gmt":"2020-03-17T09:07:26","slug":"aristotelismo-y-maquiavelismo-en-politica","status":"publish","type":"post","link":"https:\/\/conversesacatalunya.cat\/es\/aristotelismo-y-maquiavelismo-en-politica\/","title":{"rendered":"Aristotelismo y Maquiavelismo en pol\u00edtica"},"content":{"rendered":"<p><span class=\"notranslate\">El divorcio entre la \u00e9tica y la pol\u00edtica nos ha llevado a una crisis profunda de los partidos pol\u00edticos y las instituciones democr\u00e1ticas.<\/span><\/p>\n<p><span class=\"notranslate\">Aquel\u00a0<strong>pensamiento de Arist\u00f3teles,<\/strong>\u00a0que dice\u00a0<em>que el buen gobernante es aquel que act\u00faa siempre con justicia, templanza, prudencia, aquel que practica siempre la b\u00fasqueda del bien com\u00fan,<\/em>\u00a0contrasta con\u00a0<strong>el pensamiento de Maquiavelo,<\/strong>\u00a0cuando dice en su obra\u00a0<strong>\u00bb\u00a0<a href=\"https:\/\/translate.googleusercontent.com\/translate_c?depth=1&amp;hl=es&amp;rurl=translate.google.com&amp;sl=ca&amp;sp=nmt4&amp;tl=es&amp;u=https:\/\/ca.wikipedia.org\/wiki\/El_pr%25C3%25ADncep&amp;usg=ALkJrhgjqinRL7xr5Tz8MyHMsFUpmE9buQ\" target=\"_blank\" rel=\"noopener noreferrer\">El pr\u00edncipe<\/a>\u00a0\u00ab,<\/strong>\u00a0<em>que la finalidad principal del gobernante es mantenerse en el poder.<\/em><\/span>\u00a0<span class=\"notranslate\">Todo vale para conseguirlo.<\/span>\u00a0<span class=\"notranslate\">Tanto si los medios son \u00e9ticos, como si no lo son.<\/span>\u00a0<span class=\"notranslate\"><strong>Debe parecer buena persona,<\/strong> para ganar la credibilidad del pueblo, pero lo \u00fanico que en realidad busca, es el beneficio propio, si es necesario, recurriendo a la apariencia o la mentira.<\/span><\/p>\n<p><span class=\"notranslate\">Existe la percepci\u00f3n, que en la pr\u00e1ctica pol\u00edtica, <strong>el gobernante est\u00e1 m\u00e1s cerca del maquiavelismo que del aristotelismo<\/strong>\u00a0y que los ciudadanos piensan que los gobernantes act\u00faan por pura ambici\u00f3n.<\/span><\/p>\n<p><span class=\"notranslate\">Esta idea es injusta para\u00a0<strong>gran parte de los pol\u00edticos<\/strong> que act\u00faan de forma limpia y justa, pero no para aquellos que se ven involucrados en casos de corrupci\u00f3n, o malversaci\u00f3n de fondos p\u00fablicos, o bien aquellos que hacen de la pol\u00edtica pura acci\u00f3n de enfrentamiento y descalificaci\u00f3n, en lugar de buscar con el di\u00e1logo, el consenso y el pacto.<\/span><\/p>\n<p><span class=\"notranslate\">El buen gobernante deber\u00e1 mostrar\u00a0<strong>coherencia entre lo que dice y lo que hace.<\/strong><\/span>\u00a0<span class=\"notranslate\">Cuando esta coherencia no existe, el ciudadano se siente enga\u00f1ado y tiene todo el derecho a expresar la indignaci\u00f3n, porque siente su dignidad maltratada.<\/span><\/p>\n<p><span class=\"notranslate\">El ciudadano espera del gobernante y de la clase pol\u00edtica unas\u00a0<strong>virtudes como la transparencia, la honradez, la honestidad, el servicio, y la profesionalidad.<\/strong><\/span><\/p>\n<p><span class=\"notranslate\">Nos podemos preguntar: vemos estas\u00a0<a href=\"https:\/\/translate.googleusercontent.com\/translate_c?depth=1&amp;hl=es&amp;rurl=translate.google.com&amp;sl=ca&amp;sp=nmt4&amp;tl=es&amp;u=https:\/\/conversesacatalunya.cat\/la-politica-un-lloc-de-trobada\/&amp;usg=ALkJrhgOyeTtBkm2c_kU06El-hEyh3IMiw\" target=\"_blank\" rel=\"noopener noreferrer\">virtudes<\/a>\u00a0en el mundo de la pol\u00edtica?<\/span>\u00a0<span class=\"notranslate\">Desgraciadamente, no siempre.<\/span>\u00a0<span class=\"notranslate\">Especialmente en la dial\u00e9ctica y la negociaci\u00f3n, vemos que abunda el enfrentamiento y la descalificaci\u00f3n, en lugar del di\u00e1logo y el pacto.<\/span><\/p>\n<p><span class=\"notranslate\">Es\u00a0<strong>necesario y urgente una transformaci\u00f3n a fondo de la actividad pol\u00edtica,<\/strong>\u00a0donde las formaciones ideol\u00f3gicamente diferentes, se relacionen con amabilidad y respeto, y no caer en el juego sucio del \u00abtodo vale\u00bb, en busca del r\u00e9dito electoral.<\/span><\/p>\n<p><span class=\"notranslate\">Hay que pasar de la democracia compulsiva a la democracia dialogante y deliberativa, que busque el bien para el m\u00e1ximo n\u00famero de ciudadanos.<\/span><\/p>\n<span class='bctt-click-to-tweet'><span class='bctt-ctt-text'><a href='https:\/\/twitter.com\/intent\/tweet?url=https%3A%2F%2Fconversesacatalunya.cat%2Fes%2Faristotelismo-y-maquiavelismo-en-politica%2F&#038;text=Existe%20la%20percepci%C3%B3n%2C%20que%20en%20la%20pr%C3%A1ctica%20pol%C3%ADtica%2C%20el%20gobernante%20est%C3%A1%20m%C3%A1s%20cerca%20del%20maquiavelismo%20que%20del%20aristotelismo&#038;via=conversesacat&#038;related=conversesacat' target='_blank'rel=\"noopener noreferrer\">Existe la percepci\u00f3n, que en la pr\u00e1ctica pol\u00edtica, el gobernante est\u00e1 m\u00e1s cerca del maquiavelismo que del aristotelismo <\/a><\/span><a href='https:\/\/twitter.com\/intent\/tweet?url=https%3A%2F%2Fconversesacatalunya.cat%2Fes%2Faristotelismo-y-maquiavelismo-en-politica%2F&#038;text=Existe%20la%20percepci%C3%B3n%2C%20que%20en%20la%20pr%C3%A1ctica%20pol%C3%ADtica%2C%20el%20gobernante%20est%C3%A1%20m%C3%A1s%20cerca%20del%20maquiavelismo%20que%20del%20aristotelismo&#038;via=conversesacat&#038;related=conversesacat' target='_blank' class='bctt-ctt-btn'rel=\"noopener noreferrer\">Compartir en X<\/a><\/span>\n","protected":false},"excerpt":{"rendered":"<p>El divorcio entre la \u00e9tica y la pol\u00edtica nos ha llevado a una crisis profunda de los partidos pol\u00edticos y las instituciones democr\u00e1ticas. Aquel\u00a0pensamiento de Arist\u00f3teles,\u00a0que dice\u00a0que el buen gobernante es aquel que act\u00faa siempre con justicia, templanza, prudencia, aquel que practica siempre la b\u00fasqueda del bien com\u00fan,\u00a0contrasta con\u00a0el pensamiento de Maquiavelo,\u00a0cuando dice en su obra\u00a0\u00bb\u00a0El pr\u00edncipe\u00a0\u00ab,\u00a0que la finalidad principal del gobernante es mantenerse en el poder.\u00a0Todo vale para conseguirlo.\u00a0Tanto si los medios son \u00e9ticos, como si no lo son.\u00a0Debe parecer buena persona, para ganar la credibilidad del pueblo, pero lo \u00fanico que en realidad busca, es el beneficio propio, si es necesario, recurriendo a la apariencia o la mentira. Existe la percepci\u00f3n, que en la pr\u00e1ctica pol\u00edtica, el gobernante est\u00e1 m\u00e1s cerca del maquiavelismo que del aristotelismo\u00a0y que los ciudadanos piensan que los gobernantes act\u00faan por pura ambici\u00f3n. Esta idea es injusta para\u00a0gran parte de los pol\u00edticos que act\u00faan de forma limpia y justa, pero no para aquellos que se ven involucrados en casos de corrupci\u00f3n, o malversaci\u00f3n de fondos p\u00fablicos, o bien aquellos que hacen de la pol\u00edtica pura acci\u00f3n de enfrentamiento y descalificaci\u00f3n, en lugar de buscar con el di\u00e1logo, el consenso y el pacto. El buen gobernante deber\u00e1 mostrar\u00a0coherencia entre lo que dice y lo que hace.\u00a0Cuando esta coherencia no existe, el ciudadano se siente enga\u00f1ado y tiene todo el derecho a expresar la indignaci\u00f3n, porque siente su dignidad maltratada. El ciudadano espera del gobernante y de la clase pol\u00edtica unas\u00a0virtudes como la transparencia, la honradez, la honestidad, el servicio, y la profesionalidad. Nos podemos preguntar: vemos estas\u00a0virtudes\u00a0en el mundo de la pol\u00edtica?\u00a0Desgraciadamente, no siempre.\u00a0Especialmente en la dial\u00e9ctica y la negociaci\u00f3n, vemos que abunda el enfrentamiento y la descalificaci\u00f3n, en lugar del di\u00e1logo y el pacto. Es\u00a0necesario y urgente una transformaci\u00f3n a fondo de la actividad pol\u00edtica,\u00a0donde las formaciones ideol\u00f3gicamente diferentes, se relacionen con amabilidad y respeto, y no caer en el juego sucio del \u00abtodo vale\u00bb, en busca del r\u00e9dito electoral. Hay que pasar de la democracia compulsiva a la democracia dialogante y deliberativa, que busque el bien para el m\u00e1ximo n\u00famero de ciudadanos.<\/p>\n","protected":false},"author":16,"featured_media":33621,"comment_status":"open","ping_status":"open","sticky":false,"template":"","format":"standard","meta":{"_FSMCFIC_featured_image_caption":"","_FSMCFIC_featured_image_nocaption":"","_FSMCFIC_featured_image_hide":"","footnotes":""},"categories":[804],"tags":[1909,1910],"class_list":["post-33624","post","type-post","status-publish","format-standard","has-post-thumbnail","hentry","category-opinem-es","tag-aristoteles","tag-maquiavelo"],"yoast_head":"<!-- This site is optimized with the Yoast SEO plugin v26.8 - https:\/\/yoast.com\/product\/yoast-seo-wordpress\/ -->\n<title>Aristotelismo y Maquiavelismo en pol\u00edtica - Converses a Catalunya<\/title>\n<meta name=\"description\" content=\"Existe la percepci\u00f3n, que en la pr\u00e1ctica pol\u00edtica,\u00a0el gobernante est\u00e1 m\u00e1s cerca del maquiavelismo que del aristotelismo\u00a0y que los ciudadanos piensan\" \/>\n<meta name=\"robots\" content=\"index, follow, max-snippet:-1, max-image-preview:large, max-video-preview:-1\" \/>\n<link rel=\"canonical\" href=\"https:\/\/conversesacatalunya.cat\/es\/aristotelismo-y-maquiavelismo-en-politica\/\" \/>\n<meta property=\"og:locale\" content=\"es_ES\" \/>\n<meta property=\"og:type\" content=\"article\" \/>\n<meta property=\"og:title\" content=\"Aristotelismo y Maquiavelismo en pol\u00edtica - Converses a Catalunya\" \/>\n<meta property=\"og:description\" content=\"Existe la percepci\u00f3n, que en la pr\u00e1ctica pol\u00edtica,\u00a0el gobernante est\u00e1 m\u00e1s cerca del maquiavelismo que del aristotelismo\u00a0y que los ciudadanos piensan\" \/>\n<meta property=\"og:url\" content=\"https:\/\/conversesacatalunya.cat\/es\/aristotelismo-y-maquiavelismo-en-politica\/\" \/>\n<meta property=\"og:site_name\" content=\"Converses a Catalunya\" \/>\n<meta property=\"article:published_time\" content=\"2020-03-17T08:54:51+00:00\" \/>\n<meta property=\"article:modified_time\" content=\"2020-03-17T09:07:26+00:00\" \/>\n<meta property=\"og:image\" content=\"https:\/\/conversesacatalunya.cat\/wp-content\/uploads\/2020\/03\/maquiavel.jpg\" \/>\n\t<meta property=\"og:image:width\" content=\"600\" \/>\n\t<meta property=\"og:image:height\" content=\"450\" \/>\n\t<meta property=\"og:image:type\" content=\"image\/jpeg\" \/>\n<meta name=\"author\" content=\"Antoni Pedragosa\" \/>\n<meta name=\"twitter:card\" content=\"summary_large_image\" \/>\n<meta name=\"twitter:label1\" content=\"Escrito por\" \/>\n\t<meta name=\"twitter:data1\" content=\"Antoni Pedragosa\" \/>\n\t<meta name=\"twitter:label2\" content=\"Tiempo de lectura\" \/>\n\t<meta name=\"twitter:data2\" content=\"2 minutos\" \/>\n<script type=\"application\/ld+json\" class=\"yoast-schema-graph\">{\"@context\":\"https:\/\/schema.org\",\"@graph\":[{\"@type\":\"Article\",\"@id\":\"https:\/\/conversesacatalunya.cat\/es\/aristotelismo-y-maquiavelismo-en-politica\/#article\",\"isPartOf\":{\"@id\":\"https:\/\/conversesacatalunya.cat\/es\/aristotelismo-y-maquiavelismo-en-politica\/\"},\"author\":{\"name\":\"Antoni Pedragosa\",\"@id\":\"https:\/\/conversesacatalunya.cat\/#\/schema\/person\/c7d367ce5cf939081390b9cff82b9efa\"},\"headline\":\"Aristotelismo y Maquiavelismo en pol\u00edtica\",\"datePublished\":\"2020-03-17T08:54:51+00:00\",\"dateModified\":\"2020-03-17T09:07:26+00:00\",\"mainEntityOfPage\":{\"@id\":\"https:\/\/conversesacatalunya.cat\/es\/aristotelismo-y-maquiavelismo-en-politica\/\"},\"wordCount\":440,\"commentCount\":0,\"image\":{\"@id\":\"https:\/\/conversesacatalunya.cat\/es\/aristotelismo-y-maquiavelismo-en-politica\/#primaryimage\"},\"thumbnailUrl\":\"https:\/\/conversesacatalunya.cat\/wp-content\/uploads\/2020\/03\/maquiavel.jpg\",\"keywords\":[\"Arist\u00f3teles\",\"Maquiavelo\"],\"articleSection\":[\"Opinem (ES)\"],\"inLanguage\":\"es\",\"potentialAction\":[{\"@type\":\"CommentAction\",\"name\":\"Comment\",\"target\":[\"https:\/\/conversesacatalunya.cat\/es\/aristotelismo-y-maquiavelismo-en-politica\/#respond\"]}]},{\"@type\":\"WebPage\",\"@id\":\"https:\/\/conversesacatalunya.cat\/es\/aristotelismo-y-maquiavelismo-en-politica\/\",\"url\":\"https:\/\/conversesacatalunya.cat\/es\/aristotelismo-y-maquiavelismo-en-politica\/\",\"name\":\"Aristotelismo y Maquiavelismo en pol\u00edtica - Converses a Catalunya\",\"isPartOf\":{\"@id\":\"https:\/\/conversesacatalunya.cat\/#website\"},\"primaryImageOfPage\":{\"@id\":\"https:\/\/conversesacatalunya.cat\/es\/aristotelismo-y-maquiavelismo-en-politica\/#primaryimage\"},\"image\":{\"@id\":\"https:\/\/conversesacatalunya.cat\/es\/aristotelismo-y-maquiavelismo-en-politica\/#primaryimage\"},\"thumbnailUrl\":\"https:\/\/conversesacatalunya.cat\/wp-content\/uploads\/2020\/03\/maquiavel.jpg\",\"datePublished\":\"2020-03-17T08:54:51+00:00\",\"dateModified\":\"2020-03-17T09:07:26+00:00\",\"author\":{\"@id\":\"https:\/\/conversesacatalunya.cat\/#\/schema\/person\/c7d367ce5cf939081390b9cff82b9efa\"},\"description\":\"Existe la percepci\u00f3n, que en la pr\u00e1ctica pol\u00edtica,\u00a0el gobernante est\u00e1 m\u00e1s cerca del maquiavelismo que del aristotelismo\u00a0y que los ciudadanos piensan\",\"breadcrumb\":{\"@id\":\"https:\/\/conversesacatalunya.cat\/es\/aristotelismo-y-maquiavelismo-en-politica\/#breadcrumb\"},\"inLanguage\":\"es\",\"potentialAction\":[{\"@type\":\"ReadAction\",\"target\":[\"https:\/\/conversesacatalunya.cat\/es\/aristotelismo-y-maquiavelismo-en-politica\/\"]}]},{\"@type\":\"ImageObject\",\"inLanguage\":\"es\",\"@id\":\"https:\/\/conversesacatalunya.cat\/es\/aristotelismo-y-maquiavelismo-en-politica\/#primaryimage\",\"url\":\"https:\/\/conversesacatalunya.cat\/wp-content\/uploads\/2020\/03\/maquiavel.jpg\",\"contentUrl\":\"https:\/\/conversesacatalunya.cat\/wp-content\/uploads\/2020\/03\/maquiavel.jpg\",\"width\":600,\"height\":450},{\"@type\":\"BreadcrumbList\",\"@id\":\"https:\/\/conversesacatalunya.cat\/es\/aristotelismo-y-maquiavelismo-en-politica\/#breadcrumb\",\"itemListElement\":[{\"@type\":\"ListItem\",\"position\":1,\"name\":\"Inici\",\"item\":\"https:\/\/conversesacatalunya.cat\/es\/\"},{\"@type\":\"ListItem\",\"position\":2,\"name\":\"Aristotelismo y Maquiavelismo en pol\u00edtica\"}]},{\"@type\":\"WebSite\",\"@id\":\"https:\/\/conversesacatalunya.cat\/#website\",\"url\":\"https:\/\/conversesacatalunya.cat\/\",\"name\":\"Converses a Catalunya\",\"description\":\"\",\"potentialAction\":[{\"@type\":\"SearchAction\",\"target\":{\"@type\":\"EntryPoint\",\"urlTemplate\":\"https:\/\/conversesacatalunya.cat\/?s={search_term_string}\"},\"query-input\":{\"@type\":\"PropertyValueSpecification\",\"valueRequired\":true,\"valueName\":\"search_term_string\"}}],\"inLanguage\":\"es\"},{\"@type\":\"Person\",\"@id\":\"https:\/\/conversesacatalunya.cat\/#\/schema\/person\/c7d367ce5cf939081390b9cff82b9efa\",\"name\":\"Antoni Pedragosa\",\"image\":{\"@type\":\"ImageObject\",\"inLanguage\":\"es\",\"@id\":\"https:\/\/conversesacatalunya.cat\/#\/schema\/person\/image\/\",\"url\":\"https:\/\/conversesacatalunya.cat\/wp-content\/litespeed\/avatar\/a65bdd7b7b57e4f85109aaf65843a0eb.jpg?ver=1777376633\",\"contentUrl\":\"https:\/\/conversesacatalunya.cat\/wp-content\/litespeed\/avatar\/a65bdd7b7b57e4f85109aaf65843a0eb.jpg?ver=1777376633\",\"caption\":\"Antoni Pedragosa\"},\"url\":\"https:\/\/conversesacatalunya.cat\/es\/author\/antoni-pedragosa\/\"}]}<\/script>\n<!-- \/ Yoast SEO plugin. -->","yoast_head_json":{"title":"Aristotelismo y Maquiavelismo en pol\u00edtica - Converses a Catalunya","description":"Existe la percepci\u00f3n, que en la pr\u00e1ctica pol\u00edtica,\u00a0el gobernante est\u00e1 m\u00e1s cerca del maquiavelismo que del aristotelismo\u00a0y que los ciudadanos piensan","robots":{"index":"index","follow":"follow","max-snippet":"max-snippet:-1","max-image-preview":"max-image-preview:large","max-video-preview":"max-video-preview:-1"},"canonical":"https:\/\/conversesacatalunya.cat\/es\/aristotelismo-y-maquiavelismo-en-politica\/","og_locale":"es_ES","og_type":"article","og_title":"Aristotelismo y Maquiavelismo en pol\u00edtica - Converses a Catalunya","og_description":"Existe la percepci\u00f3n, que en la pr\u00e1ctica pol\u00edtica,\u00a0el gobernante est\u00e1 m\u00e1s cerca del maquiavelismo que del aristotelismo\u00a0y que los ciudadanos piensan","og_url":"https:\/\/conversesacatalunya.cat\/es\/aristotelismo-y-maquiavelismo-en-politica\/","og_site_name":"Converses a Catalunya","article_published_time":"2020-03-17T08:54:51+00:00","article_modified_time":"2020-03-17T09:07:26+00:00","og_image":[{"width":600,"height":450,"url":"https:\/\/conversesacatalunya.cat\/wp-content\/uploads\/2020\/03\/maquiavel.jpg","type":"image\/jpeg"}],"author":"Antoni Pedragosa","twitter_card":"summary_large_image","twitter_misc":{"Escrito por":"Antoni Pedragosa","Tiempo de lectura":"2 minutos"},"schema":{"@context":"https:\/\/schema.org","@graph":[{"@type":"Article","@id":"https:\/\/conversesacatalunya.cat\/es\/aristotelismo-y-maquiavelismo-en-politica\/#article","isPartOf":{"@id":"https:\/\/conversesacatalunya.cat\/es\/aristotelismo-y-maquiavelismo-en-politica\/"},"author":{"name":"Antoni Pedragosa","@id":"https:\/\/conversesacatalunya.cat\/#\/schema\/person\/c7d367ce5cf939081390b9cff82b9efa"},"headline":"Aristotelismo y Maquiavelismo en pol\u00edtica","datePublished":"2020-03-17T08:54:51+00:00","dateModified":"2020-03-17T09:07:26+00:00","mainEntityOfPage":{"@id":"https:\/\/conversesacatalunya.cat\/es\/aristotelismo-y-maquiavelismo-en-politica\/"},"wordCount":440,"commentCount":0,"image":{"@id":"https:\/\/conversesacatalunya.cat\/es\/aristotelismo-y-maquiavelismo-en-politica\/#primaryimage"},"thumbnailUrl":"https:\/\/conversesacatalunya.cat\/wp-content\/uploads\/2020\/03\/maquiavel.jpg","keywords":["Arist\u00f3teles","Maquiavelo"],"articleSection":["Opinem (ES)"],"inLanguage":"es","potentialAction":[{"@type":"CommentAction","name":"Comment","target":["https:\/\/conversesacatalunya.cat\/es\/aristotelismo-y-maquiavelismo-en-politica\/#respond"]}]},{"@type":"WebPage","@id":"https:\/\/conversesacatalunya.cat\/es\/aristotelismo-y-maquiavelismo-en-politica\/","url":"https:\/\/conversesacatalunya.cat\/es\/aristotelismo-y-maquiavelismo-en-politica\/","name":"Aristotelismo y Maquiavelismo en pol\u00edtica - Converses a Catalunya","isPartOf":{"@id":"https:\/\/conversesacatalunya.cat\/#website"},"primaryImageOfPage":{"@id":"https:\/\/conversesacatalunya.cat\/es\/aristotelismo-y-maquiavelismo-en-politica\/#primaryimage"},"image":{"@id":"https:\/\/conversesacatalunya.cat\/es\/aristotelismo-y-maquiavelismo-en-politica\/#primaryimage"},"thumbnailUrl":"https:\/\/conversesacatalunya.cat\/wp-content\/uploads\/2020\/03\/maquiavel.jpg","datePublished":"2020-03-17T08:54:51+00:00","dateModified":"2020-03-17T09:07:26+00:00","author":{"@id":"https:\/\/conversesacatalunya.cat\/#\/schema\/person\/c7d367ce5cf939081390b9cff82b9efa"},"description":"Existe la percepci\u00f3n, que en la pr\u00e1ctica pol\u00edtica,\u00a0el gobernante est\u00e1 m\u00e1s cerca del maquiavelismo que del aristotelismo\u00a0y que los ciudadanos piensan","breadcrumb":{"@id":"https:\/\/conversesacatalunya.cat\/es\/aristotelismo-y-maquiavelismo-en-politica\/#breadcrumb"},"inLanguage":"es","potentialAction":[{"@type":"ReadAction","target":["https:\/\/conversesacatalunya.cat\/es\/aristotelismo-y-maquiavelismo-en-politica\/"]}]},{"@type":"ImageObject","inLanguage":"es","@id":"https:\/\/conversesacatalunya.cat\/es\/aristotelismo-y-maquiavelismo-en-politica\/#primaryimage","url":"https:\/\/conversesacatalunya.cat\/wp-content\/uploads\/2020\/03\/maquiavel.jpg","contentUrl":"https:\/\/conversesacatalunya.cat\/wp-content\/uploads\/2020\/03\/maquiavel.jpg","width":600,"height":450},{"@type":"BreadcrumbList","@id":"https:\/\/conversesacatalunya.cat\/es\/aristotelismo-y-maquiavelismo-en-politica\/#breadcrumb","itemListElement":[{"@type":"ListItem","position":1,"name":"Inici","item":"https:\/\/conversesacatalunya.cat\/es\/"},{"@type":"ListItem","position":2,"name":"Aristotelismo y Maquiavelismo en pol\u00edtica"}]},{"@type":"WebSite","@id":"https:\/\/conversesacatalunya.cat\/#website","url":"https:\/\/conversesacatalunya.cat\/","name":"Converses a Catalunya","description":"","potentialAction":[{"@type":"SearchAction","target":{"@type":"EntryPoint","urlTemplate":"https:\/\/conversesacatalunya.cat\/?s={search_term_string}"},"query-input":{"@type":"PropertyValueSpecification","valueRequired":true,"valueName":"search_term_string"}}],"inLanguage":"es"},{"@type":"Person","@id":"https:\/\/conversesacatalunya.cat\/#\/schema\/person\/c7d367ce5cf939081390b9cff82b9efa","name":"Antoni Pedragosa","image":{"@type":"ImageObject","inLanguage":"es","@id":"https:\/\/conversesacatalunya.cat\/#\/schema\/person\/image\/","url":"https:\/\/conversesacatalunya.cat\/wp-content\/litespeed\/avatar\/a65bdd7b7b57e4f85109aaf65843a0eb.jpg?ver=1777376633","contentUrl":"https:\/\/conversesacatalunya.cat\/wp-content\/litespeed\/avatar\/a65bdd7b7b57e4f85109aaf65843a0eb.jpg?ver=1777376633","caption":"Antoni Pedragosa"},"url":"https:\/\/conversesacatalunya.cat\/es\/author\/antoni-pedragosa\/"}]}},"wps_subtitle":"","_links":{"self":[{"href":"https:\/\/conversesacatalunya.cat\/es\/wp-json\/wp\/v2\/posts\/33624","targetHints":{"allow":["GET"]}}],"collection":[{"href":"https:\/\/conversesacatalunya.cat\/es\/wp-json\/wp\/v2\/posts"}],"about":[{"href":"https:\/\/conversesacatalunya.cat\/es\/wp-json\/wp\/v2\/types\/post"}],"author":[{"embeddable":true,"href":"https:\/\/conversesacatalunya.cat\/es\/wp-json\/wp\/v2\/users\/16"}],"replies":[{"embeddable":true,"href":"https:\/\/conversesacatalunya.cat\/es\/wp-json\/wp\/v2\/comments?post=33624"}],"version-history":[{"count":2,"href":"https:\/\/conversesacatalunya.cat\/es\/wp-json\/wp\/v2\/posts\/33624\/revisions"}],"predecessor-version":[{"id":33627,"href":"https:\/\/conversesacatalunya.cat\/es\/wp-json\/wp\/v2\/posts\/33624\/revisions\/33627"}],"wp:featuredmedia":[{"embeddable":true,"href":"https:\/\/conversesacatalunya.cat\/es\/wp-json\/wp\/v2\/media\/33621"}],"wp:attachment":[{"href":"https:\/\/conversesacatalunya.cat\/es\/wp-json\/wp\/v2\/media?parent=33624"}],"wp:term":[{"taxonomy":"category","embeddable":true,"href":"https:\/\/conversesacatalunya.cat\/es\/wp-json\/wp\/v2\/categories?post=33624"},{"taxonomy":"post_tag","embeddable":true,"href":"https:\/\/conversesacatalunya.cat\/es\/wp-json\/wp\/v2\/tags?post=33624"}],"curies":[{"name":"wp","href":"https:\/\/api.w.org\/{rel}","templated":true}]}}