{"id":33584,"date":"2020-03-16T12:03:45","date_gmt":"2020-03-16T11:03:45","guid":{"rendered":"https:\/\/conversesacatalunya.cat\/resultats-de-lenquesta-anterior-arribarem-a-una-situacio-com-la-ditalia-aillant-parts-importants-del-territori-a-consequencia-del-coronavirus\/"},"modified":"2020-03-16T12:47:15","modified_gmt":"2020-03-16T11:47:15","slug":"resultados-de-la-encuesta-anterior-llegaremos-a-una-situacion-como-la-de-italia-aislando-partes-importantes-del-territorio-como-consecuencia-del-coronavirus","status":"publish","type":"post","link":"https:\/\/conversesacatalunya.cat\/es\/resultados-de-la-encuesta-anterior-llegaremos-a-una-situacion-como-la-de-italia-aislando-partes-importantes-del-territorio-como-consecuencia-del-coronavirus\/","title":{"rendered":"Resultados de la encuesta anterior: \u00bfLlegaremos a una situaci\u00f3n como la de Italia, aislando partes importantes del territorio, como consecuencia del Coronavirus?"},"content":{"rendered":"<p><span class=\"notranslate\">En la encuesta anterior: \u00bfLlegaremos a una situaci\u00f3n como la de Italia, aislando partes importantes del territorio, como consecuencia del Coronavirus?.<\/span>\u00a0<span class=\"notranslate\">Nuestros lectores\u00a0<strong>han votado un 77% que Si y un 23% que No.<\/strong><\/span><\/p>\n<p><span class=\"notranslate\">Todav\u00eda hay mucha diferencia entre la situaci\u00f3n de Italia y la de Espa\u00f1a, pero\u00a0<strong>desgraciadamente nos vamos acercando.<\/strong><\/span><\/p>\n<p><span class=\"notranslate\">Habr\u00e1 que ver si con la declaraci\u00f3n\u00a0<strong>del estado de alarma<\/strong>\u00a0decretado por el Gobierno Espa\u00f1ol, se consigue contener la expansi\u00f3n del virus y no llegar a la situaci\u00f3n de Italia.<\/span><\/p>\n<p><span class=\"notranslate\">Los pr\u00f3ximos d\u00edas lo iremos viendo.<\/span>\u00a0<span class=\"notranslate\">Depender\u00e1 mucho de\u00a0<strong>c\u00f3mo responde la ciudadan\u00eda<\/strong>\u00a0siguiendo las instrucciones de actuaci\u00f3n que van recibiendo.<\/span><\/p>\n<p><span class=\"notranslate\">Continuamos con nuestras encuestas con\u00a0<a href=\"https:\/\/translate.googleusercontent.com\/translate_c?depth=1&amp;hl=es&amp;rurl=translate.google.com&amp;sl=ca&amp;sp=nmt4&amp;tl=es&amp;u=https:\/\/conversesacatalunya.cat\/enquestes\/&amp;usg=ALkJrhikC8TQ4ATsbHQD-IUOZRnCP5kAVw\" target=\"_blank\" rel=\"noopener noreferrer\">preguntas de actualidad.<\/a><\/span><\/p>\n","protected":false},"excerpt":{"rendered":"<p>En la encuesta anterior: \u00bfLlegaremos a una situaci\u00f3n como la de Italia, aislando partes importantes del territorio, como consecuencia del Coronavirus?.\u00a0Nuestros lectores\u00a0han votado un 77% que Si y un 23% que No. Todav\u00eda hay mucha diferencia entre la situaci\u00f3n de Italia y la de Espa\u00f1a, pero\u00a0desgraciadamente nos vamos acercando. Habr\u00e1 que ver si con la declaraci\u00f3n\u00a0del estado de alarma\u00a0decretado por el Gobierno Espa\u00f1ol, se consigue contener la expansi\u00f3n del virus y no llegar a la situaci\u00f3n de Italia. Los pr\u00f3ximos d\u00edas lo iremos viendo.\u00a0Depender\u00e1 mucho de\u00a0c\u00f3mo responde la ciudadan\u00eda\u00a0siguiendo las instrucciones de actuaci\u00f3n que van recibiendo. Continuamos con nuestras encuestas con\u00a0preguntas de actualidad.<\/p>\n","protected":false},"author":3,"featured_media":33581,"comment_status":"open","ping_status":"open","sticky":false,"template":"","format":"standard","meta":{"_FSMCFIC_featured_image_caption":"","_FSMCFIC_featured_image_nocaption":"","_FSMCFIC_featured_image_hide":"","footnotes":""},"categories":[789],"tags":[],"class_list":["post-33584","post","type-post","status-publish","format-standard","has-post-thumbnail","hentry","category-objectius-especifics-es"],"yoast_head":"<!-- This site is optimized with the Yoast SEO plugin v26.8 - https:\/\/yoast.com\/product\/yoast-seo-wordpress\/ -->\n<title>Resultados de la encuesta anterior: \u00bfLlegaremos a una situaci\u00f3n como la de Italia, aislando partes importantes del territorio, como consecuencia del Coronavirus? - Converses a Catalunya<\/title>\n<meta name=\"robots\" content=\"noindex, nofollow\" \/>\n<meta property=\"og:locale\" content=\"es_ES\" \/>\n<meta property=\"og:type\" content=\"article\" \/>\n<meta property=\"og:title\" content=\"Resultados de la encuesta anterior: \u00bfLlegaremos a una situaci\u00f3n como la de Italia, aislando partes importantes del territorio, como consecuencia del Coronavirus? - Converses a Catalunya\" \/>\n<meta property=\"og:description\" content=\"En la encuesta anterior: \u00bfLlegaremos a una situaci\u00f3n como la de Italia, aislando partes importantes del territorio, como consecuencia del Coronavirus?.\u00a0Nuestros lectores\u00a0han votado un 77% que Si y un 23% que No. Todav\u00eda hay mucha diferencia entre la situaci\u00f3n de Italia y la de Espa\u00f1a, pero\u00a0desgraciadamente nos vamos acercando. Habr\u00e1 que ver si con la declaraci\u00f3n\u00a0del estado de alarma\u00a0decretado por el Gobierno Espa\u00f1ol, se consigue contener la expansi\u00f3n del virus y no llegar a la situaci\u00f3n de Italia. Los pr\u00f3ximos d\u00edas lo iremos viendo.\u00a0Depender\u00e1 mucho de\u00a0c\u00f3mo responde la ciudadan\u00eda\u00a0siguiendo las instrucciones de actuaci\u00f3n que van recibiendo. Continuamos con nuestras encuestas con\u00a0preguntas de actualidad.\" \/>\n<meta property=\"og:url\" content=\"https:\/\/conversesacatalunya.cat\/es\/resultados-de-la-encuesta-anterior-llegaremos-a-una-situacion-como-la-de-italia-aislando-partes-importantes-del-territorio-como-consecuencia-del-coronavirus\/\" \/>\n<meta property=\"og:site_name\" content=\"Converses a Catalunya\" \/>\n<meta property=\"article:published_time\" content=\"2020-03-16T11:03:45+00:00\" \/>\n<meta property=\"article:modified_time\" content=\"2020-03-16T11:47:15+00:00\" \/>\n<meta property=\"og:image\" content=\"https:\/\/conversesacatalunya.cat\/wp-content\/uploads\/2020\/03\/calle-vac\u00eda.jpg\" \/>\n\t<meta property=\"og:image:width\" content=\"400\" \/>\n\t<meta property=\"og:image:height\" content=\"225\" \/>\n\t<meta property=\"og:image:type\" content=\"image\/jpeg\" \/>\n<meta name=\"author\" content=\"conversesacatalunya\" \/>\n<meta name=\"twitter:card\" content=\"summary_large_image\" \/>\n<meta name=\"twitter:label1\" content=\"Escrito por\" \/>\n\t<meta name=\"twitter:data1\" content=\"conversesacatalunya\" \/>\n\t<meta name=\"twitter:label2\" content=\"Tiempo de lectura\" \/>\n\t<meta name=\"twitter:data2\" content=\"1 minuto\" \/>\n<script type=\"application\/ld+json\" class=\"yoast-schema-graph\">{\"@context\":\"https:\/\/schema.org\",\"@graph\":[{\"@type\":\"Article\",\"@id\":\"https:\/\/conversesacatalunya.cat\/es\/resultados-de-la-encuesta-anterior-llegaremos-a-una-situacion-como-la-de-italia-aislando-partes-importantes-del-territorio-como-consecuencia-del-coronavirus\/#article\",\"isPartOf\":{\"@id\":\"https:\/\/conversesacatalunya.cat\/es\/resultados-de-la-encuesta-anterior-llegaremos-a-una-situacion-como-la-de-italia-aislando-partes-importantes-del-territorio-como-consecuencia-del-coronavirus\/\"},\"author\":{\"name\":\"conversesacatalunya\",\"@id\":\"https:\/\/conversesacatalunya.cat\/#\/schema\/person\/982274792508d804a0821b413c9ac076\"},\"headline\":\"Resultados de la encuesta anterior: \u00bfLlegaremos a una situaci\u00f3n como la de Italia, aislando partes importantes del territorio, como consecuencia del Coronavirus?\",\"datePublished\":\"2020-03-16T11:03:45+00:00\",\"dateModified\":\"2020-03-16T11:47:15+00:00\",\"mainEntityOfPage\":{\"@id\":\"https:\/\/conversesacatalunya.cat\/es\/resultados-de-la-encuesta-anterior-llegaremos-a-una-situacion-como-la-de-italia-aislando-partes-importantes-del-territorio-como-consecuencia-del-coronavirus\/\"},\"wordCount\":146,\"commentCount\":0,\"image\":{\"@id\":\"https:\/\/conversesacatalunya.cat\/es\/resultados-de-la-encuesta-anterior-llegaremos-a-una-situacion-como-la-de-italia-aislando-partes-importantes-del-territorio-como-consecuencia-del-coronavirus\/#primaryimage\"},\"thumbnailUrl\":\"https:\/\/conversesacatalunya.cat\/wp-content\/uploads\/2020\/03\/calle-vac\u00eda.jpg\",\"articleSection\":[\"Objectius espec\u00edfics (ES)\"],\"inLanguage\":\"es\",\"potentialAction\":[{\"@type\":\"CommentAction\",\"name\":\"Comment\",\"target\":[\"https:\/\/conversesacatalunya.cat\/es\/resultados-de-la-encuesta-anterior-llegaremos-a-una-situacion-como-la-de-italia-aislando-partes-importantes-del-territorio-como-consecuencia-del-coronavirus\/#respond\"]}]},{\"@type\":\"WebPage\",\"@id\":\"https:\/\/conversesacatalunya.cat\/es\/resultados-de-la-encuesta-anterior-llegaremos-a-una-situacion-como-la-de-italia-aislando-partes-importantes-del-territorio-como-consecuencia-del-coronavirus\/\",\"url\":\"https:\/\/conversesacatalunya.cat\/es\/resultados-de-la-encuesta-anterior-llegaremos-a-una-situacion-como-la-de-italia-aislando-partes-importantes-del-territorio-como-consecuencia-del-coronavirus\/\",\"name\":\"Resultados de la encuesta anterior: \u00bfLlegaremos a una situaci\u00f3n como la de Italia, aislando partes importantes del territorio, como consecuencia del Coronavirus? - Converses a Catalunya\",\"isPartOf\":{\"@id\":\"https:\/\/conversesacatalunya.cat\/#website\"},\"primaryImageOfPage\":{\"@id\":\"https:\/\/conversesacatalunya.cat\/es\/resultados-de-la-encuesta-anterior-llegaremos-a-una-situacion-como-la-de-italia-aislando-partes-importantes-del-territorio-como-consecuencia-del-coronavirus\/#primaryimage\"},\"image\":{\"@id\":\"https:\/\/conversesacatalunya.cat\/es\/resultados-de-la-encuesta-anterior-llegaremos-a-una-situacion-como-la-de-italia-aislando-partes-importantes-del-territorio-como-consecuencia-del-coronavirus\/#primaryimage\"},\"thumbnailUrl\":\"https:\/\/conversesacatalunya.cat\/wp-content\/uploads\/2020\/03\/calle-vac\u00eda.jpg\",\"datePublished\":\"2020-03-16T11:03:45+00:00\",\"dateModified\":\"2020-03-16T11:47:15+00:00\",\"author\":{\"@id\":\"https:\/\/conversesacatalunya.cat\/#\/schema\/person\/982274792508d804a0821b413c9ac076\"},\"breadcrumb\":{\"@id\":\"https:\/\/conversesacatalunya.cat\/es\/resultados-de-la-encuesta-anterior-llegaremos-a-una-situacion-como-la-de-italia-aislando-partes-importantes-del-territorio-como-consecuencia-del-coronavirus\/#breadcrumb\"},\"inLanguage\":\"es\",\"potentialAction\":[{\"@type\":\"ReadAction\",\"target\":[\"https:\/\/conversesacatalunya.cat\/es\/resultados-de-la-encuesta-anterior-llegaremos-a-una-situacion-como-la-de-italia-aislando-partes-importantes-del-territorio-como-consecuencia-del-coronavirus\/\"]}]},{\"@type\":\"ImageObject\",\"inLanguage\":\"es\",\"@id\":\"https:\/\/conversesacatalunya.cat\/es\/resultados-de-la-encuesta-anterior-llegaremos-a-una-situacion-como-la-de-italia-aislando-partes-importantes-del-territorio-como-consecuencia-del-coronavirus\/#primaryimage\",\"url\":\"https:\/\/conversesacatalunya.cat\/wp-content\/uploads\/2020\/03\/calle-vac\u00eda.jpg\",\"contentUrl\":\"https:\/\/conversesacatalunya.cat\/wp-content\/uploads\/2020\/03\/calle-vac\u00eda.jpg\",\"width\":400,\"height\":225,\"caption\":\"El Paseo de la Castellana, en Madrid, casi desierto en la ma\u00f1ana de este s\u00e1bado. EFE\/ J.j. Guill\u00e9n\"},{\"@type\":\"BreadcrumbList\",\"@id\":\"https:\/\/conversesacatalunya.cat\/es\/resultados-de-la-encuesta-anterior-llegaremos-a-una-situacion-como-la-de-italia-aislando-partes-importantes-del-territorio-como-consecuencia-del-coronavirus\/#breadcrumb\",\"itemListElement\":[{\"@type\":\"ListItem\",\"position\":1,\"name\":\"Inici\",\"item\":\"https:\/\/conversesacatalunya.cat\/es\/\"},{\"@type\":\"ListItem\",\"position\":2,\"name\":\"Resultados de la encuesta anterior: \u00bfLlegaremos a una situaci\u00f3n como la de Italia, aislando partes importantes del territorio, como consecuencia del Coronavirus?\"}]},{\"@type\":\"WebSite\",\"@id\":\"https:\/\/conversesacatalunya.cat\/#website\",\"url\":\"https:\/\/conversesacatalunya.cat\/\",\"name\":\"Converses a Catalunya\",\"description\":\"\",\"potentialAction\":[{\"@type\":\"SearchAction\",\"target\":{\"@type\":\"EntryPoint\",\"urlTemplate\":\"https:\/\/conversesacatalunya.cat\/?s={search_term_string}\"},\"query-input\":{\"@type\":\"PropertyValueSpecification\",\"valueRequired\":true,\"valueName\":\"search_term_string\"}}],\"inLanguage\":\"es\"},{\"@type\":\"Person\",\"@id\":\"https:\/\/conversesacatalunya.cat\/#\/schema\/person\/982274792508d804a0821b413c9ac076\",\"name\":\"conversesacatalunya\",\"image\":{\"@type\":\"ImageObject\",\"inLanguage\":\"es\",\"@id\":\"https:\/\/conversesacatalunya.cat\/#\/schema\/person\/image\/\",\"url\":\"https:\/\/conversesacatalunya.cat\/wp-content\/litespeed\/avatar\/f04b47eeffd9637c7cf7869e217fb9ec.jpg?ver=1777370077\",\"contentUrl\":\"https:\/\/conversesacatalunya.cat\/wp-content\/litespeed\/avatar\/f04b47eeffd9637c7cf7869e217fb9ec.jpg?ver=1777370077\",\"caption\":\"conversesacatalunya\"},\"url\":\"https:\/\/conversesacatalunya.cat\/es\/author\/muntsa_escola\/\"}]}<\/script>\n<!-- \/ Yoast SEO plugin. -->","yoast_head_json":{"title":"Resultados de la encuesta anterior: \u00bfLlegaremos a una situaci\u00f3n como la de Italia, aislando partes importantes del territorio, como consecuencia del Coronavirus? - Converses a Catalunya","robots":{"index":"noindex","follow":"nofollow"},"og_locale":"es_ES","og_type":"article","og_title":"Resultados de la encuesta anterior: \u00bfLlegaremos a una situaci\u00f3n como la de Italia, aislando partes importantes del territorio, como consecuencia del Coronavirus? - Converses a Catalunya","og_description":"En la encuesta anterior: \u00bfLlegaremos a una situaci\u00f3n como la de Italia, aislando partes importantes del territorio, como consecuencia del Coronavirus?.\u00a0Nuestros lectores\u00a0han votado un 77% que Si y un 23% que No. Todav\u00eda hay mucha diferencia entre la situaci\u00f3n de Italia y la de Espa\u00f1a, pero\u00a0desgraciadamente nos vamos acercando. Habr\u00e1 que ver si con la declaraci\u00f3n\u00a0del estado de alarma\u00a0decretado por el Gobierno Espa\u00f1ol, se consigue contener la expansi\u00f3n del virus y no llegar a la situaci\u00f3n de Italia. Los pr\u00f3ximos d\u00edas lo iremos viendo.\u00a0Depender\u00e1 mucho de\u00a0c\u00f3mo responde la ciudadan\u00eda\u00a0siguiendo las instrucciones de actuaci\u00f3n que van recibiendo. Continuamos con nuestras encuestas con\u00a0preguntas de actualidad.","og_url":"https:\/\/conversesacatalunya.cat\/es\/resultados-de-la-encuesta-anterior-llegaremos-a-una-situacion-como-la-de-italia-aislando-partes-importantes-del-territorio-como-consecuencia-del-coronavirus\/","og_site_name":"Converses a Catalunya","article_published_time":"2020-03-16T11:03:45+00:00","article_modified_time":"2020-03-16T11:47:15+00:00","og_image":[{"width":400,"height":225,"url":"https:\/\/conversesacatalunya.cat\/wp-content\/uploads\/2020\/03\/calle-vac\u00eda.jpg","type":"image\/jpeg"}],"author":"conversesacatalunya","twitter_card":"summary_large_image","twitter_misc":{"Escrito por":"conversesacatalunya","Tiempo de lectura":"1 minuto"},"schema":{"@context":"https:\/\/schema.org","@graph":[{"@type":"Article","@id":"https:\/\/conversesacatalunya.cat\/es\/resultados-de-la-encuesta-anterior-llegaremos-a-una-situacion-como-la-de-italia-aislando-partes-importantes-del-territorio-como-consecuencia-del-coronavirus\/#article","isPartOf":{"@id":"https:\/\/conversesacatalunya.cat\/es\/resultados-de-la-encuesta-anterior-llegaremos-a-una-situacion-como-la-de-italia-aislando-partes-importantes-del-territorio-como-consecuencia-del-coronavirus\/"},"author":{"name":"conversesacatalunya","@id":"https:\/\/conversesacatalunya.cat\/#\/schema\/person\/982274792508d804a0821b413c9ac076"},"headline":"Resultados de la encuesta anterior: \u00bfLlegaremos a una situaci\u00f3n como la de Italia, aislando partes importantes del territorio, como consecuencia del Coronavirus?","datePublished":"2020-03-16T11:03:45+00:00","dateModified":"2020-03-16T11:47:15+00:00","mainEntityOfPage":{"@id":"https:\/\/conversesacatalunya.cat\/es\/resultados-de-la-encuesta-anterior-llegaremos-a-una-situacion-como-la-de-italia-aislando-partes-importantes-del-territorio-como-consecuencia-del-coronavirus\/"},"wordCount":146,"commentCount":0,"image":{"@id":"https:\/\/conversesacatalunya.cat\/es\/resultados-de-la-encuesta-anterior-llegaremos-a-una-situacion-como-la-de-italia-aislando-partes-importantes-del-territorio-como-consecuencia-del-coronavirus\/#primaryimage"},"thumbnailUrl":"https:\/\/conversesacatalunya.cat\/wp-content\/uploads\/2020\/03\/calle-vac\u00eda.jpg","articleSection":["Objectius espec\u00edfics (ES)"],"inLanguage":"es","potentialAction":[{"@type":"CommentAction","name":"Comment","target":["https:\/\/conversesacatalunya.cat\/es\/resultados-de-la-encuesta-anterior-llegaremos-a-una-situacion-como-la-de-italia-aislando-partes-importantes-del-territorio-como-consecuencia-del-coronavirus\/#respond"]}]},{"@type":"WebPage","@id":"https:\/\/conversesacatalunya.cat\/es\/resultados-de-la-encuesta-anterior-llegaremos-a-una-situacion-como-la-de-italia-aislando-partes-importantes-del-territorio-como-consecuencia-del-coronavirus\/","url":"https:\/\/conversesacatalunya.cat\/es\/resultados-de-la-encuesta-anterior-llegaremos-a-una-situacion-como-la-de-italia-aislando-partes-importantes-del-territorio-como-consecuencia-del-coronavirus\/","name":"Resultados de la encuesta anterior: \u00bfLlegaremos a una situaci\u00f3n como la de Italia, aislando partes importantes del territorio, como consecuencia del Coronavirus? - Converses a Catalunya","isPartOf":{"@id":"https:\/\/conversesacatalunya.cat\/#website"},"primaryImageOfPage":{"@id":"https:\/\/conversesacatalunya.cat\/es\/resultados-de-la-encuesta-anterior-llegaremos-a-una-situacion-como-la-de-italia-aislando-partes-importantes-del-territorio-como-consecuencia-del-coronavirus\/#primaryimage"},"image":{"@id":"https:\/\/conversesacatalunya.cat\/es\/resultados-de-la-encuesta-anterior-llegaremos-a-una-situacion-como-la-de-italia-aislando-partes-importantes-del-territorio-como-consecuencia-del-coronavirus\/#primaryimage"},"thumbnailUrl":"https:\/\/conversesacatalunya.cat\/wp-content\/uploads\/2020\/03\/calle-vac\u00eda.jpg","datePublished":"2020-03-16T11:03:45+00:00","dateModified":"2020-03-16T11:47:15+00:00","author":{"@id":"https:\/\/conversesacatalunya.cat\/#\/schema\/person\/982274792508d804a0821b413c9ac076"},"breadcrumb":{"@id":"https:\/\/conversesacatalunya.cat\/es\/resultados-de-la-encuesta-anterior-llegaremos-a-una-situacion-como-la-de-italia-aislando-partes-importantes-del-territorio-como-consecuencia-del-coronavirus\/#breadcrumb"},"inLanguage":"es","potentialAction":[{"@type":"ReadAction","target":["https:\/\/conversesacatalunya.cat\/es\/resultados-de-la-encuesta-anterior-llegaremos-a-una-situacion-como-la-de-italia-aislando-partes-importantes-del-territorio-como-consecuencia-del-coronavirus\/"]}]},{"@type":"ImageObject","inLanguage":"es","@id":"https:\/\/conversesacatalunya.cat\/es\/resultados-de-la-encuesta-anterior-llegaremos-a-una-situacion-como-la-de-italia-aislando-partes-importantes-del-territorio-como-consecuencia-del-coronavirus\/#primaryimage","url":"https:\/\/conversesacatalunya.cat\/wp-content\/uploads\/2020\/03\/calle-vac\u00eda.jpg","contentUrl":"https:\/\/conversesacatalunya.cat\/wp-content\/uploads\/2020\/03\/calle-vac\u00eda.jpg","width":400,"height":225,"caption":"El Paseo de la Castellana, en Madrid, casi desierto en la ma\u00f1ana de este s\u00e1bado. EFE\/ J.j. Guill\u00e9n"},{"@type":"BreadcrumbList","@id":"https:\/\/conversesacatalunya.cat\/es\/resultados-de-la-encuesta-anterior-llegaremos-a-una-situacion-como-la-de-italia-aislando-partes-importantes-del-territorio-como-consecuencia-del-coronavirus\/#breadcrumb","itemListElement":[{"@type":"ListItem","position":1,"name":"Inici","item":"https:\/\/conversesacatalunya.cat\/es\/"},{"@type":"ListItem","position":2,"name":"Resultados de la encuesta anterior: \u00bfLlegaremos a una situaci\u00f3n como la de Italia, aislando partes importantes del territorio, como consecuencia del Coronavirus?"}]},{"@type":"WebSite","@id":"https:\/\/conversesacatalunya.cat\/#website","url":"https:\/\/conversesacatalunya.cat\/","name":"Converses a Catalunya","description":"","potentialAction":[{"@type":"SearchAction","target":{"@type":"EntryPoint","urlTemplate":"https:\/\/conversesacatalunya.cat\/?s={search_term_string}"},"query-input":{"@type":"PropertyValueSpecification","valueRequired":true,"valueName":"search_term_string"}}],"inLanguage":"es"},{"@type":"Person","@id":"https:\/\/conversesacatalunya.cat\/#\/schema\/person\/982274792508d804a0821b413c9ac076","name":"conversesacatalunya","image":{"@type":"ImageObject","inLanguage":"es","@id":"https:\/\/conversesacatalunya.cat\/#\/schema\/person\/image\/","url":"https:\/\/conversesacatalunya.cat\/wp-content\/litespeed\/avatar\/f04b47eeffd9637c7cf7869e217fb9ec.jpg?ver=1777370077","contentUrl":"https:\/\/conversesacatalunya.cat\/wp-content\/litespeed\/avatar\/f04b47eeffd9637c7cf7869e217fb9ec.jpg?ver=1777370077","caption":"conversesacatalunya"},"url":"https:\/\/conversesacatalunya.cat\/es\/author\/muntsa_escola\/"}]}},"wps_subtitle":"","_links":{"self":[{"href":"https:\/\/conversesacatalunya.cat\/es\/wp-json\/wp\/v2\/posts\/33584","targetHints":{"allow":["GET"]}}],"collection":[{"href":"https:\/\/conversesacatalunya.cat\/es\/wp-json\/wp\/v2\/posts"}],"about":[{"href":"https:\/\/conversesacatalunya.cat\/es\/wp-json\/wp\/v2\/types\/post"}],"author":[{"embeddable":true,"href":"https:\/\/conversesacatalunya.cat\/es\/wp-json\/wp\/v2\/users\/3"}],"replies":[{"embeddable":true,"href":"https:\/\/conversesacatalunya.cat\/es\/wp-json\/wp\/v2\/comments?post=33584"}],"version-history":[{"count":2,"href":"https:\/\/conversesacatalunya.cat\/es\/wp-json\/wp\/v2\/posts\/33584\/revisions"}],"predecessor-version":[{"id":33586,"href":"https:\/\/conversesacatalunya.cat\/es\/wp-json\/wp\/v2\/posts\/33584\/revisions\/33586"}],"wp:featuredmedia":[{"embeddable":true,"href":"https:\/\/conversesacatalunya.cat\/es\/wp-json\/wp\/v2\/media\/33581"}],"wp:attachment":[{"href":"https:\/\/conversesacatalunya.cat\/es\/wp-json\/wp\/v2\/media?parent=33584"}],"wp:term":[{"taxonomy":"category","embeddable":true,"href":"https:\/\/conversesacatalunya.cat\/es\/wp-json\/wp\/v2\/categories?post=33584"},{"taxonomy":"post_tag","embeddable":true,"href":"https:\/\/conversesacatalunya.cat\/es\/wp-json\/wp\/v2\/tags?post=33584"}],"curies":[{"name":"wp","href":"https:\/\/api.w.org\/{rel}","templated":true}]}}