{"id":33350,"date":"2020-03-09T12:12:58","date_gmt":"2020-03-09T11:12:58","guid":{"rendered":"https:\/\/conversesacatalunya.cat\/resultats-de-lenquesta-anterior-la-concentracio-de-perpinya-afecta-negativament-la-taula-de-dialeg\/"},"modified":"2020-03-09T12:19:53","modified_gmt":"2020-03-09T11:19:53","slug":"resultados-de-la-encuesta-anterior-la-concentracion-de-perpina-afecta-negativamente-la-mesa-de-dialogo","status":"publish","type":"post","link":"https:\/\/conversesacatalunya.cat\/es\/resultados-de-la-encuesta-anterior-la-concentracion-de-perpina-afecta-negativamente-la-mesa-de-dialogo\/","title":{"rendered":"Resultados de la encuesta anterior: \u00bfLa concentraci\u00f3n de Perpi\u00f1\u00e1n, afecta negativamente la Mesa de Di\u00e1logo?"},"content":{"rendered":"<p><span class=\"notranslate\">En la encuesta anterior: \u00bfLa concentraci\u00f3n en Perpi\u00f1\u00e1n, afecta negativamente a la Mesa de Di\u00e1logo?, nuestros lectores <strong>han votado un 69% que No y un 31% que Si.<\/strong><\/span><\/p>\n<p><span class=\"notranslate\">Sorprendentemente, el acto que los independentistas celebraron en Perpi\u00f1\u00e1n,\u00a0<strong>con declaraciones muy duras por parte de los tres Eurodiputados con relaci\u00f3n a la Mesa de Di\u00e1logo,<\/strong>\u00a0seg\u00fan nuestros votantes no afecta su desarrollo.<\/span><\/p>\n<p><span class=\"notranslate\">Pero la realidad es que a partir de ese d\u00eda,\u00a0<strong>las declaraciones cruzadas entre ERC y JxCat han subido de tono.<\/strong><\/span>\u00a0<span class=\"notranslate\">ERC reivindica el di\u00e1logo despu\u00e9s de Perpi\u00f1\u00e1n, pero JxCat ha extremado sus reivindicaciones.<\/span><\/p>\n<p><span class=\"notranslate\">Habr\u00e1 que ver c\u00f3mo se desarrolla la\u00a0<strong>pr\u00f3xima reuni\u00f3n de esta Mesa de negociaci\u00f3n.<\/strong><\/span><\/p>\n<p><span class=\"notranslate\">Continuamos con nuestras encuestas con\u00a0<a href=\"https:\/\/translate.googleusercontent.com\/translate_c?depth=1&amp;hl=es&amp;rurl=translate.google.com&amp;sl=ca&amp;sp=nmt4&amp;tl=es&amp;u=https:\/\/conversesacatalunya.cat\/enquestes\/&amp;usg=ALkJrhjRltzzK66RtHEc6cQv1C9QALf1xQ\" target=\"_blank\" rel=\"noopener noreferrer\">preguntas de actualidad.<\/a><\/span><\/p>\n","protected":false},"excerpt":{"rendered":"<p>En la encuesta anterior: \u00bfLa concentraci\u00f3n en Perpi\u00f1\u00e1n, afecta negativamente a la Mesa de Di\u00e1logo?, nuestros lectores han votado un 69% que No y un 31% que Si. Sorprendentemente, el acto que los independentistas celebraron en Perpi\u00f1\u00e1n,\u00a0con declaraciones muy duras por parte de los tres Eurodiputados con relaci\u00f3n a la Mesa de Di\u00e1logo,\u00a0seg\u00fan nuestros votantes no afecta su desarrollo. Pero la realidad es que a partir de ese d\u00eda,\u00a0las declaraciones cruzadas entre ERC y JxCat han subido de tono.\u00a0ERC reivindica el di\u00e1logo despu\u00e9s de Perpi\u00f1\u00e1n, pero JxCat ha extremado sus reivindicaciones. Habr\u00e1 que ver c\u00f3mo se desarrolla la\u00a0pr\u00f3xima reuni\u00f3n de esta Mesa de negociaci\u00f3n. Continuamos con nuestras encuestas con\u00a0preguntas de actualidad.<\/p>\n","protected":false},"author":3,"featured_media":33347,"comment_status":"open","ping_status":"open","sticky":false,"template":"","format":"standard","meta":{"_FSMCFIC_featured_image_caption":"","_FSMCFIC_featured_image_nocaption":"","_FSMCFIC_featured_image_hide":"","footnotes":""},"categories":[789],"tags":[],"class_list":["post-33350","post","type-post","status-publish","format-standard","has-post-thumbnail","hentry","category-objectius-especifics-es"],"yoast_head":"<!-- This site is optimized with the Yoast SEO plugin v26.8 - https:\/\/yoast.com\/product\/yoast-seo-wordpress\/ -->\n<title>Resultados de la encuesta anterior: \u00bfLa concentraci\u00f3n de Perpi\u00f1\u00e1n, afecta negativamente la Mesa de Di\u00e1logo? - Converses a Catalunya<\/title>\n<meta name=\"robots\" content=\"noindex, nofollow\" \/>\n<meta property=\"og:locale\" content=\"es_ES\" \/>\n<meta property=\"og:type\" content=\"article\" \/>\n<meta property=\"og:title\" content=\"Resultados de la encuesta anterior: \u00bfLa concentraci\u00f3n de Perpi\u00f1\u00e1n, afecta negativamente la Mesa de Di\u00e1logo? - Converses a Catalunya\" \/>\n<meta property=\"og:description\" content=\"En la encuesta anterior: \u00bfLa concentraci\u00f3n en Perpi\u00f1\u00e1n, afecta negativamente a la Mesa de Di\u00e1logo?, nuestros lectores han votado un 69% que No y un 31% que Si. Sorprendentemente, el acto que los independentistas celebraron en Perpi\u00f1\u00e1n,\u00a0con declaraciones muy duras por parte de los tres Eurodiputados con relaci\u00f3n a la Mesa de Di\u00e1logo,\u00a0seg\u00fan nuestros votantes no afecta su desarrollo. Pero la realidad es que a partir de ese d\u00eda,\u00a0las declaraciones cruzadas entre ERC y JxCat han subido de tono.\u00a0ERC reivindica el di\u00e1logo despu\u00e9s de Perpi\u00f1\u00e1n, pero JxCat ha extremado sus reivindicaciones. Habr\u00e1 que ver c\u00f3mo se desarrolla la\u00a0pr\u00f3xima reuni\u00f3n de esta Mesa de negociaci\u00f3n. Continuamos con nuestras encuestas con\u00a0preguntas de actualidad.\" \/>\n<meta property=\"og:url\" content=\"https:\/\/conversesacatalunya.cat\/es\/resultados-de-la-encuesta-anterior-la-concentracion-de-perpina-afecta-negativamente-la-mesa-de-dialogo\/\" \/>\n<meta property=\"og:site_name\" content=\"Converses a Catalunya\" \/>\n<meta property=\"article:published_time\" content=\"2020-03-09T11:12:58+00:00\" \/>\n<meta property=\"article:modified_time\" content=\"2020-03-09T11:19:53+00:00\" \/>\n<meta property=\"og:image\" content=\"https:\/\/conversesacatalunya.cat\/wp-content\/uploads\/2020\/03\/Perpinya.jpeg\" \/>\n\t<meta property=\"og:image:width\" content=\"953\" \/>\n\t<meta property=\"og:image:height\" content=\"545\" \/>\n\t<meta property=\"og:image:type\" content=\"image\/jpeg\" \/>\n<meta name=\"author\" content=\"conversesacatalunya\" \/>\n<meta name=\"twitter:card\" content=\"summary_large_image\" \/>\n<meta name=\"twitter:label1\" content=\"Escrito por\" \/>\n\t<meta name=\"twitter:data1\" content=\"conversesacatalunya\" \/>\n\t<meta name=\"twitter:label2\" content=\"Tiempo de lectura\" \/>\n\t<meta name=\"twitter:data2\" content=\"1 minuto\" \/>\n<script type=\"application\/ld+json\" class=\"yoast-schema-graph\">{\"@context\":\"https:\/\/schema.org\",\"@graph\":[{\"@type\":\"Article\",\"@id\":\"https:\/\/conversesacatalunya.cat\/es\/resultados-de-la-encuesta-anterior-la-concentracion-de-perpina-afecta-negativamente-la-mesa-de-dialogo\/#article\",\"isPartOf\":{\"@id\":\"https:\/\/conversesacatalunya.cat\/es\/resultados-de-la-encuesta-anterior-la-concentracion-de-perpina-afecta-negativamente-la-mesa-de-dialogo\/\"},\"author\":{\"name\":\"conversesacatalunya\",\"@id\":\"https:\/\/conversesacatalunya.cat\/#\/schema\/person\/982274792508d804a0821b413c9ac076\"},\"headline\":\"Resultados de la encuesta anterior: \u00bfLa concentraci\u00f3n de Perpi\u00f1\u00e1n, afecta negativamente la Mesa de Di\u00e1logo?\",\"datePublished\":\"2020-03-09T11:12:58+00:00\",\"dateModified\":\"2020-03-09T11:19:53+00:00\",\"mainEntityOfPage\":{\"@id\":\"https:\/\/conversesacatalunya.cat\/es\/resultados-de-la-encuesta-anterior-la-concentracion-de-perpina-afecta-negativamente-la-mesa-de-dialogo\/\"},\"wordCount\":148,\"commentCount\":0,\"image\":{\"@id\":\"https:\/\/conversesacatalunya.cat\/es\/resultados-de-la-encuesta-anterior-la-concentracion-de-perpina-afecta-negativamente-la-mesa-de-dialogo\/#primaryimage\"},\"thumbnailUrl\":\"https:\/\/conversesacatalunya.cat\/wp-content\/uploads\/2020\/03\/Perpinya.jpeg\",\"articleSection\":[\"Objectius espec\u00edfics (ES)\"],\"inLanguage\":\"es\",\"potentialAction\":[{\"@type\":\"CommentAction\",\"name\":\"Comment\",\"target\":[\"https:\/\/conversesacatalunya.cat\/es\/resultados-de-la-encuesta-anterior-la-concentracion-de-perpina-afecta-negativamente-la-mesa-de-dialogo\/#respond\"]}]},{\"@type\":\"WebPage\",\"@id\":\"https:\/\/conversesacatalunya.cat\/es\/resultados-de-la-encuesta-anterior-la-concentracion-de-perpina-afecta-negativamente-la-mesa-de-dialogo\/\",\"url\":\"https:\/\/conversesacatalunya.cat\/es\/resultados-de-la-encuesta-anterior-la-concentracion-de-perpina-afecta-negativamente-la-mesa-de-dialogo\/\",\"name\":\"Resultados de la encuesta anterior: \u00bfLa concentraci\u00f3n de Perpi\u00f1\u00e1n, afecta negativamente la Mesa de Di\u00e1logo? - Converses a Catalunya\",\"isPartOf\":{\"@id\":\"https:\/\/conversesacatalunya.cat\/#website\"},\"primaryImageOfPage\":{\"@id\":\"https:\/\/conversesacatalunya.cat\/es\/resultados-de-la-encuesta-anterior-la-concentracion-de-perpina-afecta-negativamente-la-mesa-de-dialogo\/#primaryimage\"},\"image\":{\"@id\":\"https:\/\/conversesacatalunya.cat\/es\/resultados-de-la-encuesta-anterior-la-concentracion-de-perpina-afecta-negativamente-la-mesa-de-dialogo\/#primaryimage\"},\"thumbnailUrl\":\"https:\/\/conversesacatalunya.cat\/wp-content\/uploads\/2020\/03\/Perpinya.jpeg\",\"datePublished\":\"2020-03-09T11:12:58+00:00\",\"dateModified\":\"2020-03-09T11:19:53+00:00\",\"author\":{\"@id\":\"https:\/\/conversesacatalunya.cat\/#\/schema\/person\/982274792508d804a0821b413c9ac076\"},\"breadcrumb\":{\"@id\":\"https:\/\/conversesacatalunya.cat\/es\/resultados-de-la-encuesta-anterior-la-concentracion-de-perpina-afecta-negativamente-la-mesa-de-dialogo\/#breadcrumb\"},\"inLanguage\":\"es\",\"potentialAction\":[{\"@type\":\"ReadAction\",\"target\":[\"https:\/\/conversesacatalunya.cat\/es\/resultados-de-la-encuesta-anterior-la-concentracion-de-perpina-afecta-negativamente-la-mesa-de-dialogo\/\"]}]},{\"@type\":\"ImageObject\",\"inLanguage\":\"es\",\"@id\":\"https:\/\/conversesacatalunya.cat\/es\/resultados-de-la-encuesta-anterior-la-concentracion-de-perpina-afecta-negativamente-la-mesa-de-dialogo\/#primaryimage\",\"url\":\"https:\/\/conversesacatalunya.cat\/wp-content\/uploads\/2020\/03\/Perpinya.jpeg\",\"contentUrl\":\"https:\/\/conversesacatalunya.cat\/wp-content\/uploads\/2020\/03\/Perpinya.jpeg\",\"width\":953,\"height\":545},{\"@type\":\"BreadcrumbList\",\"@id\":\"https:\/\/conversesacatalunya.cat\/es\/resultados-de-la-encuesta-anterior-la-concentracion-de-perpina-afecta-negativamente-la-mesa-de-dialogo\/#breadcrumb\",\"itemListElement\":[{\"@type\":\"ListItem\",\"position\":1,\"name\":\"Inici\",\"item\":\"https:\/\/conversesacatalunya.cat\/es\/\"},{\"@type\":\"ListItem\",\"position\":2,\"name\":\"Resultados de la encuesta anterior: \u00bfLa concentraci\u00f3n de Perpi\u00f1\u00e1n, afecta negativamente la Mesa de Di\u00e1logo?\"}]},{\"@type\":\"WebSite\",\"@id\":\"https:\/\/conversesacatalunya.cat\/#website\",\"url\":\"https:\/\/conversesacatalunya.cat\/\",\"name\":\"Converses a Catalunya\",\"description\":\"\",\"potentialAction\":[{\"@type\":\"SearchAction\",\"target\":{\"@type\":\"EntryPoint\",\"urlTemplate\":\"https:\/\/conversesacatalunya.cat\/?s={search_term_string}\"},\"query-input\":{\"@type\":\"PropertyValueSpecification\",\"valueRequired\":true,\"valueName\":\"search_term_string\"}}],\"inLanguage\":\"es\"},{\"@type\":\"Person\",\"@id\":\"https:\/\/conversesacatalunya.cat\/#\/schema\/person\/982274792508d804a0821b413c9ac076\",\"name\":\"conversesacatalunya\",\"image\":{\"@type\":\"ImageObject\",\"inLanguage\":\"es\",\"@id\":\"https:\/\/conversesacatalunya.cat\/#\/schema\/person\/image\/\",\"url\":\"https:\/\/conversesacatalunya.cat\/wp-content\/litespeed\/avatar\/f04b47eeffd9637c7cf7869e217fb9ec.jpg?ver=1777370077\",\"contentUrl\":\"https:\/\/conversesacatalunya.cat\/wp-content\/litespeed\/avatar\/f04b47eeffd9637c7cf7869e217fb9ec.jpg?ver=1777370077\",\"caption\":\"conversesacatalunya\"},\"url\":\"https:\/\/conversesacatalunya.cat\/es\/author\/muntsa_escola\/\"}]}<\/script>\n<!-- \/ Yoast SEO plugin. -->","yoast_head_json":{"title":"Resultados de la encuesta anterior: \u00bfLa concentraci\u00f3n de Perpi\u00f1\u00e1n, afecta negativamente la Mesa de Di\u00e1logo? - Converses a Catalunya","robots":{"index":"noindex","follow":"nofollow"},"og_locale":"es_ES","og_type":"article","og_title":"Resultados de la encuesta anterior: \u00bfLa concentraci\u00f3n de Perpi\u00f1\u00e1n, afecta negativamente la Mesa de Di\u00e1logo? - Converses a Catalunya","og_description":"En la encuesta anterior: \u00bfLa concentraci\u00f3n en Perpi\u00f1\u00e1n, afecta negativamente a la Mesa de Di\u00e1logo?, nuestros lectores han votado un 69% que No y un 31% que Si. Sorprendentemente, el acto que los independentistas celebraron en Perpi\u00f1\u00e1n,\u00a0con declaraciones muy duras por parte de los tres Eurodiputados con relaci\u00f3n a la Mesa de Di\u00e1logo,\u00a0seg\u00fan nuestros votantes no afecta su desarrollo. Pero la realidad es que a partir de ese d\u00eda,\u00a0las declaraciones cruzadas entre ERC y JxCat han subido de tono.\u00a0ERC reivindica el di\u00e1logo despu\u00e9s de Perpi\u00f1\u00e1n, pero JxCat ha extremado sus reivindicaciones. Habr\u00e1 que ver c\u00f3mo se desarrolla la\u00a0pr\u00f3xima reuni\u00f3n de esta Mesa de negociaci\u00f3n. Continuamos con nuestras encuestas con\u00a0preguntas de actualidad.","og_url":"https:\/\/conversesacatalunya.cat\/es\/resultados-de-la-encuesta-anterior-la-concentracion-de-perpina-afecta-negativamente-la-mesa-de-dialogo\/","og_site_name":"Converses a Catalunya","article_published_time":"2020-03-09T11:12:58+00:00","article_modified_time":"2020-03-09T11:19:53+00:00","og_image":[{"width":953,"height":545,"url":"https:\/\/conversesacatalunya.cat\/wp-content\/uploads\/2020\/03\/Perpinya.jpeg","type":"image\/jpeg"}],"author":"conversesacatalunya","twitter_card":"summary_large_image","twitter_misc":{"Escrito por":"conversesacatalunya","Tiempo de lectura":"1 minuto"},"schema":{"@context":"https:\/\/schema.org","@graph":[{"@type":"Article","@id":"https:\/\/conversesacatalunya.cat\/es\/resultados-de-la-encuesta-anterior-la-concentracion-de-perpina-afecta-negativamente-la-mesa-de-dialogo\/#article","isPartOf":{"@id":"https:\/\/conversesacatalunya.cat\/es\/resultados-de-la-encuesta-anterior-la-concentracion-de-perpina-afecta-negativamente-la-mesa-de-dialogo\/"},"author":{"name":"conversesacatalunya","@id":"https:\/\/conversesacatalunya.cat\/#\/schema\/person\/982274792508d804a0821b413c9ac076"},"headline":"Resultados de la encuesta anterior: \u00bfLa concentraci\u00f3n de Perpi\u00f1\u00e1n, afecta negativamente la Mesa de Di\u00e1logo?","datePublished":"2020-03-09T11:12:58+00:00","dateModified":"2020-03-09T11:19:53+00:00","mainEntityOfPage":{"@id":"https:\/\/conversesacatalunya.cat\/es\/resultados-de-la-encuesta-anterior-la-concentracion-de-perpina-afecta-negativamente-la-mesa-de-dialogo\/"},"wordCount":148,"commentCount":0,"image":{"@id":"https:\/\/conversesacatalunya.cat\/es\/resultados-de-la-encuesta-anterior-la-concentracion-de-perpina-afecta-negativamente-la-mesa-de-dialogo\/#primaryimage"},"thumbnailUrl":"https:\/\/conversesacatalunya.cat\/wp-content\/uploads\/2020\/03\/Perpinya.jpeg","articleSection":["Objectius espec\u00edfics (ES)"],"inLanguage":"es","potentialAction":[{"@type":"CommentAction","name":"Comment","target":["https:\/\/conversesacatalunya.cat\/es\/resultados-de-la-encuesta-anterior-la-concentracion-de-perpina-afecta-negativamente-la-mesa-de-dialogo\/#respond"]}]},{"@type":"WebPage","@id":"https:\/\/conversesacatalunya.cat\/es\/resultados-de-la-encuesta-anterior-la-concentracion-de-perpina-afecta-negativamente-la-mesa-de-dialogo\/","url":"https:\/\/conversesacatalunya.cat\/es\/resultados-de-la-encuesta-anterior-la-concentracion-de-perpina-afecta-negativamente-la-mesa-de-dialogo\/","name":"Resultados de la encuesta anterior: \u00bfLa concentraci\u00f3n de Perpi\u00f1\u00e1n, afecta negativamente la Mesa de Di\u00e1logo? - Converses a Catalunya","isPartOf":{"@id":"https:\/\/conversesacatalunya.cat\/#website"},"primaryImageOfPage":{"@id":"https:\/\/conversesacatalunya.cat\/es\/resultados-de-la-encuesta-anterior-la-concentracion-de-perpina-afecta-negativamente-la-mesa-de-dialogo\/#primaryimage"},"image":{"@id":"https:\/\/conversesacatalunya.cat\/es\/resultados-de-la-encuesta-anterior-la-concentracion-de-perpina-afecta-negativamente-la-mesa-de-dialogo\/#primaryimage"},"thumbnailUrl":"https:\/\/conversesacatalunya.cat\/wp-content\/uploads\/2020\/03\/Perpinya.jpeg","datePublished":"2020-03-09T11:12:58+00:00","dateModified":"2020-03-09T11:19:53+00:00","author":{"@id":"https:\/\/conversesacatalunya.cat\/#\/schema\/person\/982274792508d804a0821b413c9ac076"},"breadcrumb":{"@id":"https:\/\/conversesacatalunya.cat\/es\/resultados-de-la-encuesta-anterior-la-concentracion-de-perpina-afecta-negativamente-la-mesa-de-dialogo\/#breadcrumb"},"inLanguage":"es","potentialAction":[{"@type":"ReadAction","target":["https:\/\/conversesacatalunya.cat\/es\/resultados-de-la-encuesta-anterior-la-concentracion-de-perpina-afecta-negativamente-la-mesa-de-dialogo\/"]}]},{"@type":"ImageObject","inLanguage":"es","@id":"https:\/\/conversesacatalunya.cat\/es\/resultados-de-la-encuesta-anterior-la-concentracion-de-perpina-afecta-negativamente-la-mesa-de-dialogo\/#primaryimage","url":"https:\/\/conversesacatalunya.cat\/wp-content\/uploads\/2020\/03\/Perpinya.jpeg","contentUrl":"https:\/\/conversesacatalunya.cat\/wp-content\/uploads\/2020\/03\/Perpinya.jpeg","width":953,"height":545},{"@type":"BreadcrumbList","@id":"https:\/\/conversesacatalunya.cat\/es\/resultados-de-la-encuesta-anterior-la-concentracion-de-perpina-afecta-negativamente-la-mesa-de-dialogo\/#breadcrumb","itemListElement":[{"@type":"ListItem","position":1,"name":"Inici","item":"https:\/\/conversesacatalunya.cat\/es\/"},{"@type":"ListItem","position":2,"name":"Resultados de la encuesta anterior: \u00bfLa concentraci\u00f3n de Perpi\u00f1\u00e1n, afecta negativamente la Mesa de Di\u00e1logo?"}]},{"@type":"WebSite","@id":"https:\/\/conversesacatalunya.cat\/#website","url":"https:\/\/conversesacatalunya.cat\/","name":"Converses a Catalunya","description":"","potentialAction":[{"@type":"SearchAction","target":{"@type":"EntryPoint","urlTemplate":"https:\/\/conversesacatalunya.cat\/?s={search_term_string}"},"query-input":{"@type":"PropertyValueSpecification","valueRequired":true,"valueName":"search_term_string"}}],"inLanguage":"es"},{"@type":"Person","@id":"https:\/\/conversesacatalunya.cat\/#\/schema\/person\/982274792508d804a0821b413c9ac076","name":"conversesacatalunya","image":{"@type":"ImageObject","inLanguage":"es","@id":"https:\/\/conversesacatalunya.cat\/#\/schema\/person\/image\/","url":"https:\/\/conversesacatalunya.cat\/wp-content\/litespeed\/avatar\/f04b47eeffd9637c7cf7869e217fb9ec.jpg?ver=1777370077","contentUrl":"https:\/\/conversesacatalunya.cat\/wp-content\/litespeed\/avatar\/f04b47eeffd9637c7cf7869e217fb9ec.jpg?ver=1777370077","caption":"conversesacatalunya"},"url":"https:\/\/conversesacatalunya.cat\/es\/author\/muntsa_escola\/"}]}},"wps_subtitle":"","_links":{"self":[{"href":"https:\/\/conversesacatalunya.cat\/es\/wp-json\/wp\/v2\/posts\/33350","targetHints":{"allow":["GET"]}}],"collection":[{"href":"https:\/\/conversesacatalunya.cat\/es\/wp-json\/wp\/v2\/posts"}],"about":[{"href":"https:\/\/conversesacatalunya.cat\/es\/wp-json\/wp\/v2\/types\/post"}],"author":[{"embeddable":true,"href":"https:\/\/conversesacatalunya.cat\/es\/wp-json\/wp\/v2\/users\/3"}],"replies":[{"embeddable":true,"href":"https:\/\/conversesacatalunya.cat\/es\/wp-json\/wp\/v2\/comments?post=33350"}],"version-history":[{"count":3,"href":"https:\/\/conversesacatalunya.cat\/es\/wp-json\/wp\/v2\/posts\/33350\/revisions"}],"predecessor-version":[{"id":33353,"href":"https:\/\/conversesacatalunya.cat\/es\/wp-json\/wp\/v2\/posts\/33350\/revisions\/33353"}],"wp:featuredmedia":[{"embeddable":true,"href":"https:\/\/conversesacatalunya.cat\/es\/wp-json\/wp\/v2\/media\/33347"}],"wp:attachment":[{"href":"https:\/\/conversesacatalunya.cat\/es\/wp-json\/wp\/v2\/media?parent=33350"}],"wp:term":[{"taxonomy":"category","embeddable":true,"href":"https:\/\/conversesacatalunya.cat\/es\/wp-json\/wp\/v2\/categories?post=33350"},{"taxonomy":"post_tag","embeddable":true,"href":"https:\/\/conversesacatalunya.cat\/es\/wp-json\/wp\/v2\/tags?post=33350"}],"curies":[{"name":"wp","href":"https:\/\/api.w.org\/{rel}","templated":true}]}}