{"id":33071,"date":"2020-03-02T10:33:27","date_gmt":"2020-03-02T09:33:27","guid":{"rendered":"https:\/\/conversesacatalunya.cat\/resultats-de-lenquesta-anterior-arribara-el-coronavirus-al-nostre-pais-i-sera-necessari-establir-mesures-daillament-per-la-poblacio\/"},"modified":"2020-03-02T10:47:44","modified_gmt":"2020-03-02T09:47:44","slug":"resultados-de-la-encuesta-anterior-llegara-el-coronavirus-a-nuestro-pais-y-sera-necesario-establecer-medidas-de-aislamiento-para-la-poblacion","status":"publish","type":"post","link":"https:\/\/conversesacatalunya.cat\/es\/resultados-de-la-encuesta-anterior-llegara-el-coronavirus-a-nuestro-pais-y-sera-necesario-establecer-medidas-de-aislamiento-para-la-poblacion\/","title":{"rendered":"Resultados de la encuesta anterior: \u00bfLlegar\u00e1 el Coronavirus a nuestro pa\u00eds y ser\u00e1 necesario establecer medidas de aislamiento para la poblaci\u00f3n?"},"content":{"rendered":"<p><span class=\"notranslate\">En la encuesta anterior: \u00bfLlegar\u00e1 el Coronavirus a nuestro pa\u00eds y ser\u00e1 necesario establecer medidas de aislamiento para la poblaci\u00f3n? , nuestros lectores <strong>han votado un 58% que S\u00ed y un 42% que No.<\/strong><\/span><\/p>\n<p><span class=\"notranslate\">A pesar de que esta \u00faltima semana, los casos de\u00a0<strong>Coronavirus se ha ido extendiendo por nuestro pa\u00eds,<\/strong>\u00a0nuestros votantes han optado por el S\u00ed, pero de forma ajustada en relaci\u00f3n con los del No.<\/span><\/p>\n<p><span class=\"notranslate\">Podr\u00edamos pensar que hay una alarma relativa y que todo depender\u00e1 de\u00a0<strong>c\u00f3mo dan la informaci\u00f3n los medios de comunicaci\u00f3n,<\/strong>\u00a0ya que la gente se preocupa por lo que le dicen.<\/span><\/p>\n<p><span class=\"notranslate\">Tambi\u00e9n habr\u00e1 que ver\u00a0<strong>que decide la OMS<\/strong>\u00a0a la hora de tomar otras medidas m\u00e1s restrictivas.<\/span><\/p>\n<p><span class=\"notranslate\">Continuamos con nuestras encuestas con\u00a0<a href=\"https:\/\/translate.googleusercontent.com\/translate_c?depth=1&amp;hl=es&amp;pto=nl&amp;rurl=translate.google.com&amp;sl=ca&amp;sp=nmt4&amp;tl=es&amp;u=https:\/\/conversesacatalunya.cat\/enquestes\/&amp;usg=ALkJrhhs-vyrQEP4AjgeII3QNIsena1aug\" target=\"_blank\" rel=\"noopener noreferrer\">preguntas de actualidad.<\/a><\/span><\/p>\n<p>&nbsp;<\/p>\n","protected":false},"excerpt":{"rendered":"<p>En la encuesta anterior: \u00bfLlegar\u00e1 el Coronavirus a nuestro pa\u00eds y ser\u00e1 necesario establecer medidas de aislamiento para la poblaci\u00f3n? , nuestros lectores han votado un 58% que S\u00ed y un 42% que No. A pesar de que esta \u00faltima semana, los casos de\u00a0Coronavirus se ha ido extendiendo por nuestro pa\u00eds,\u00a0nuestros votantes han optado por el S\u00ed, pero de forma ajustada en relaci\u00f3n con los del No. Podr\u00edamos pensar que hay una alarma relativa y que todo depender\u00e1 de\u00a0c\u00f3mo dan la informaci\u00f3n los medios de comunicaci\u00f3n,\u00a0ya que la gente se preocupa por lo que le dicen. Tambi\u00e9n habr\u00e1 que ver\u00a0que decide la OMS\u00a0a la hora de tomar otras medidas m\u00e1s restrictivas. Continuamos con nuestras encuestas con\u00a0preguntas de actualidad. &nbsp;<\/p>\n","protected":false},"author":3,"featured_media":33068,"comment_status":"open","ping_status":"open","sticky":false,"template":"","format":"standard","meta":{"_FSMCFIC_featured_image_caption":"","_FSMCFIC_featured_image_nocaption":"","_FSMCFIC_featured_image_hide":"","footnotes":""},"categories":[789],"tags":[1504],"class_list":["post-33071","post","type-post","status-publish","format-standard","has-post-thumbnail","hentry","category-objectius-especifics-es","tag-coronavirus-es"],"yoast_head":"<!-- This site is optimized with the Yoast SEO plugin v26.8 - https:\/\/yoast.com\/product\/yoast-seo-wordpress\/ -->\n<title>Resultados de la encuesta anterior: \u00bfLlegar\u00e1 el Coronavirus a nuestro pa\u00eds y ser\u00e1 necesario establecer medidas de aislamiento para la poblaci\u00f3n? - Converses a Catalunya<\/title>\n<meta name=\"robots\" content=\"noindex, nofollow\" \/>\n<meta property=\"og:locale\" content=\"es_ES\" \/>\n<meta property=\"og:type\" content=\"article\" \/>\n<meta property=\"og:title\" content=\"Resultados de la encuesta anterior: \u00bfLlegar\u00e1 el Coronavirus a nuestro pa\u00eds y ser\u00e1 necesario establecer medidas de aislamiento para la poblaci\u00f3n? - Converses a Catalunya\" \/>\n<meta property=\"og:description\" content=\"En la encuesta anterior: \u00bfLlegar\u00e1 el Coronavirus a nuestro pa\u00eds y ser\u00e1 necesario establecer medidas de aislamiento para la poblaci\u00f3n? , nuestros lectores han votado un 58% que S\u00ed y un 42% que No. A pesar de que esta \u00faltima semana, los casos de\u00a0Coronavirus se ha ido extendiendo por nuestro pa\u00eds,\u00a0nuestros votantes han optado por el S\u00ed, pero de forma ajustada en relaci\u00f3n con los del No. Podr\u00edamos pensar que hay una alarma relativa y que todo depender\u00e1 de\u00a0c\u00f3mo dan la informaci\u00f3n los medios de comunicaci\u00f3n,\u00a0ya que la gente se preocupa por lo que le dicen. Tambi\u00e9n habr\u00e1 que ver\u00a0que decide la OMS\u00a0a la hora de tomar otras medidas m\u00e1s restrictivas. Continuamos con nuestras encuestas con\u00a0preguntas de actualidad. &nbsp;\" \/>\n<meta property=\"og:url\" content=\"https:\/\/conversesacatalunya.cat\/es\/resultados-de-la-encuesta-anterior-llegara-el-coronavirus-a-nuestro-pais-y-sera-necesario-establecer-medidas-de-aislamiento-para-la-poblacion\/\" \/>\n<meta property=\"og:site_name\" content=\"Converses a Catalunya\" \/>\n<meta property=\"article:published_time\" content=\"2020-03-02T09:33:27+00:00\" \/>\n<meta property=\"article:modified_time\" content=\"2020-03-02T09:47:44+00:00\" \/>\n<meta property=\"og:image\" content=\"https:\/\/conversesacatalunya.cat\/wp-content\/uploads\/2020\/03\/coronavirus.jpg\" \/>\n\t<meta property=\"og:image:width\" content=\"643\" \/>\n\t<meta property=\"og:image:height\" content=\"362\" \/>\n\t<meta property=\"og:image:type\" content=\"image\/jpeg\" \/>\n<meta name=\"author\" content=\"conversesacatalunya\" \/>\n<meta name=\"twitter:card\" content=\"summary_large_image\" \/>\n<meta name=\"twitter:label1\" content=\"Escrito por\" \/>\n\t<meta name=\"twitter:data1\" content=\"conversesacatalunya\" \/>\n\t<meta name=\"twitter:label2\" content=\"Tiempo de lectura\" \/>\n\t<meta name=\"twitter:data2\" content=\"1 minuto\" \/>\n<script type=\"application\/ld+json\" class=\"yoast-schema-graph\">{\"@context\":\"https:\/\/schema.org\",\"@graph\":[{\"@type\":\"Article\",\"@id\":\"https:\/\/conversesacatalunya.cat\/es\/resultados-de-la-encuesta-anterior-llegara-el-coronavirus-a-nuestro-pais-y-sera-necesario-establecer-medidas-de-aislamiento-para-la-poblacion\/#article\",\"isPartOf\":{\"@id\":\"https:\/\/conversesacatalunya.cat\/es\/resultados-de-la-encuesta-anterior-llegara-el-coronavirus-a-nuestro-pais-y-sera-necesario-establecer-medidas-de-aislamiento-para-la-poblacion\/\"},\"author\":{\"name\":\"conversesacatalunya\",\"@id\":\"https:\/\/conversesacatalunya.cat\/#\/schema\/person\/982274792508d804a0821b413c9ac076\"},\"headline\":\"Resultados de la encuesta anterior: \u00bfLlegar\u00e1 el Coronavirus a nuestro pa\u00eds y ser\u00e1 necesario establecer medidas de aislamiento para la poblaci\u00f3n?\",\"datePublished\":\"2020-03-02T09:33:27+00:00\",\"dateModified\":\"2020-03-02T09:47:44+00:00\",\"mainEntityOfPage\":{\"@id\":\"https:\/\/conversesacatalunya.cat\/es\/resultados-de-la-encuesta-anterior-llegara-el-coronavirus-a-nuestro-pais-y-sera-necesario-establecer-medidas-de-aislamiento-para-la-poblacion\/\"},\"wordCount\":156,\"commentCount\":0,\"image\":{\"@id\":\"https:\/\/conversesacatalunya.cat\/es\/resultados-de-la-encuesta-anterior-llegara-el-coronavirus-a-nuestro-pais-y-sera-necesario-establecer-medidas-de-aislamiento-para-la-poblacion\/#primaryimage\"},\"thumbnailUrl\":\"https:\/\/conversesacatalunya.cat\/wp-content\/uploads\/2020\/03\/coronavirus.jpg\",\"keywords\":[\"coronavirus\"],\"articleSection\":[\"Objectius espec\u00edfics (ES)\"],\"inLanguage\":\"es\",\"potentialAction\":[{\"@type\":\"CommentAction\",\"name\":\"Comment\",\"target\":[\"https:\/\/conversesacatalunya.cat\/es\/resultados-de-la-encuesta-anterior-llegara-el-coronavirus-a-nuestro-pais-y-sera-necesario-establecer-medidas-de-aislamiento-para-la-poblacion\/#respond\"]}]},{\"@type\":\"WebPage\",\"@id\":\"https:\/\/conversesacatalunya.cat\/es\/resultados-de-la-encuesta-anterior-llegara-el-coronavirus-a-nuestro-pais-y-sera-necesario-establecer-medidas-de-aislamiento-para-la-poblacion\/\",\"url\":\"https:\/\/conversesacatalunya.cat\/es\/resultados-de-la-encuesta-anterior-llegara-el-coronavirus-a-nuestro-pais-y-sera-necesario-establecer-medidas-de-aislamiento-para-la-poblacion\/\",\"name\":\"Resultados de la encuesta anterior: \u00bfLlegar\u00e1 el Coronavirus a nuestro pa\u00eds y ser\u00e1 necesario establecer medidas de aislamiento para la poblaci\u00f3n? - Converses a Catalunya\",\"isPartOf\":{\"@id\":\"https:\/\/conversesacatalunya.cat\/#website\"},\"primaryImageOfPage\":{\"@id\":\"https:\/\/conversesacatalunya.cat\/es\/resultados-de-la-encuesta-anterior-llegara-el-coronavirus-a-nuestro-pais-y-sera-necesario-establecer-medidas-de-aislamiento-para-la-poblacion\/#primaryimage\"},\"image\":{\"@id\":\"https:\/\/conversesacatalunya.cat\/es\/resultados-de-la-encuesta-anterior-llegara-el-coronavirus-a-nuestro-pais-y-sera-necesario-establecer-medidas-de-aislamiento-para-la-poblacion\/#primaryimage\"},\"thumbnailUrl\":\"https:\/\/conversesacatalunya.cat\/wp-content\/uploads\/2020\/03\/coronavirus.jpg\",\"datePublished\":\"2020-03-02T09:33:27+00:00\",\"dateModified\":\"2020-03-02T09:47:44+00:00\",\"author\":{\"@id\":\"https:\/\/conversesacatalunya.cat\/#\/schema\/person\/982274792508d804a0821b413c9ac076\"},\"breadcrumb\":{\"@id\":\"https:\/\/conversesacatalunya.cat\/es\/resultados-de-la-encuesta-anterior-llegara-el-coronavirus-a-nuestro-pais-y-sera-necesario-establecer-medidas-de-aislamiento-para-la-poblacion\/#breadcrumb\"},\"inLanguage\":\"es\",\"potentialAction\":[{\"@type\":\"ReadAction\",\"target\":[\"https:\/\/conversesacatalunya.cat\/es\/resultados-de-la-encuesta-anterior-llegara-el-coronavirus-a-nuestro-pais-y-sera-necesario-establecer-medidas-de-aislamiento-para-la-poblacion\/\"]}]},{\"@type\":\"ImageObject\",\"inLanguage\":\"es\",\"@id\":\"https:\/\/conversesacatalunya.cat\/es\/resultados-de-la-encuesta-anterior-llegara-el-coronavirus-a-nuestro-pais-y-sera-necesario-establecer-medidas-de-aislamiento-para-la-poblacion\/#primaryimage\",\"url\":\"https:\/\/conversesacatalunya.cat\/wp-content\/uploads\/2020\/03\/coronavirus.jpg\",\"contentUrl\":\"https:\/\/conversesacatalunya.cat\/wp-content\/uploads\/2020\/03\/coronavirus.jpg\",\"width\":643,\"height\":362},{\"@type\":\"BreadcrumbList\",\"@id\":\"https:\/\/conversesacatalunya.cat\/es\/resultados-de-la-encuesta-anterior-llegara-el-coronavirus-a-nuestro-pais-y-sera-necesario-establecer-medidas-de-aislamiento-para-la-poblacion\/#breadcrumb\",\"itemListElement\":[{\"@type\":\"ListItem\",\"position\":1,\"name\":\"Inici\",\"item\":\"https:\/\/conversesacatalunya.cat\/es\/\"},{\"@type\":\"ListItem\",\"position\":2,\"name\":\"Resultados de la encuesta anterior: \u00bfLlegar\u00e1 el Coronavirus a nuestro pa\u00eds y ser\u00e1 necesario establecer medidas de aislamiento para la poblaci\u00f3n?\"}]},{\"@type\":\"WebSite\",\"@id\":\"https:\/\/conversesacatalunya.cat\/#website\",\"url\":\"https:\/\/conversesacatalunya.cat\/\",\"name\":\"Converses a Catalunya\",\"description\":\"\",\"potentialAction\":[{\"@type\":\"SearchAction\",\"target\":{\"@type\":\"EntryPoint\",\"urlTemplate\":\"https:\/\/conversesacatalunya.cat\/?s={search_term_string}\"},\"query-input\":{\"@type\":\"PropertyValueSpecification\",\"valueRequired\":true,\"valueName\":\"search_term_string\"}}],\"inLanguage\":\"es\"},{\"@type\":\"Person\",\"@id\":\"https:\/\/conversesacatalunya.cat\/#\/schema\/person\/982274792508d804a0821b413c9ac076\",\"name\":\"conversesacatalunya\",\"image\":{\"@type\":\"ImageObject\",\"inLanguage\":\"es\",\"@id\":\"https:\/\/conversesacatalunya.cat\/#\/schema\/person\/image\/\",\"url\":\"https:\/\/conversesacatalunya.cat\/wp-content\/litespeed\/avatar\/f04b47eeffd9637c7cf7869e217fb9ec.jpg?ver=1777370077\",\"contentUrl\":\"https:\/\/conversesacatalunya.cat\/wp-content\/litespeed\/avatar\/f04b47eeffd9637c7cf7869e217fb9ec.jpg?ver=1777370077\",\"caption\":\"conversesacatalunya\"},\"url\":\"https:\/\/conversesacatalunya.cat\/es\/author\/muntsa_escola\/\"}]}<\/script>\n<!-- \/ Yoast SEO plugin. -->","yoast_head_json":{"title":"Resultados de la encuesta anterior: \u00bfLlegar\u00e1 el Coronavirus a nuestro pa\u00eds y ser\u00e1 necesario establecer medidas de aislamiento para la poblaci\u00f3n? - Converses a Catalunya","robots":{"index":"noindex","follow":"nofollow"},"og_locale":"es_ES","og_type":"article","og_title":"Resultados de la encuesta anterior: \u00bfLlegar\u00e1 el Coronavirus a nuestro pa\u00eds y ser\u00e1 necesario establecer medidas de aislamiento para la poblaci\u00f3n? - Converses a Catalunya","og_description":"En la encuesta anterior: \u00bfLlegar\u00e1 el Coronavirus a nuestro pa\u00eds y ser\u00e1 necesario establecer medidas de aislamiento para la poblaci\u00f3n? , nuestros lectores han votado un 58% que S\u00ed y un 42% que No. A pesar de que esta \u00faltima semana, los casos de\u00a0Coronavirus se ha ido extendiendo por nuestro pa\u00eds,\u00a0nuestros votantes han optado por el S\u00ed, pero de forma ajustada en relaci\u00f3n con los del No. Podr\u00edamos pensar que hay una alarma relativa y que todo depender\u00e1 de\u00a0c\u00f3mo dan la informaci\u00f3n los medios de comunicaci\u00f3n,\u00a0ya que la gente se preocupa por lo que le dicen. Tambi\u00e9n habr\u00e1 que ver\u00a0que decide la OMS\u00a0a la hora de tomar otras medidas m\u00e1s restrictivas. Continuamos con nuestras encuestas con\u00a0preguntas de actualidad. &nbsp;","og_url":"https:\/\/conversesacatalunya.cat\/es\/resultados-de-la-encuesta-anterior-llegara-el-coronavirus-a-nuestro-pais-y-sera-necesario-establecer-medidas-de-aislamiento-para-la-poblacion\/","og_site_name":"Converses a Catalunya","article_published_time":"2020-03-02T09:33:27+00:00","article_modified_time":"2020-03-02T09:47:44+00:00","og_image":[{"width":643,"height":362,"url":"https:\/\/conversesacatalunya.cat\/wp-content\/uploads\/2020\/03\/coronavirus.jpg","type":"image\/jpeg"}],"author":"conversesacatalunya","twitter_card":"summary_large_image","twitter_misc":{"Escrito por":"conversesacatalunya","Tiempo de lectura":"1 minuto"},"schema":{"@context":"https:\/\/schema.org","@graph":[{"@type":"Article","@id":"https:\/\/conversesacatalunya.cat\/es\/resultados-de-la-encuesta-anterior-llegara-el-coronavirus-a-nuestro-pais-y-sera-necesario-establecer-medidas-de-aislamiento-para-la-poblacion\/#article","isPartOf":{"@id":"https:\/\/conversesacatalunya.cat\/es\/resultados-de-la-encuesta-anterior-llegara-el-coronavirus-a-nuestro-pais-y-sera-necesario-establecer-medidas-de-aislamiento-para-la-poblacion\/"},"author":{"name":"conversesacatalunya","@id":"https:\/\/conversesacatalunya.cat\/#\/schema\/person\/982274792508d804a0821b413c9ac076"},"headline":"Resultados de la encuesta anterior: \u00bfLlegar\u00e1 el Coronavirus a nuestro pa\u00eds y ser\u00e1 necesario establecer medidas de aislamiento para la poblaci\u00f3n?","datePublished":"2020-03-02T09:33:27+00:00","dateModified":"2020-03-02T09:47:44+00:00","mainEntityOfPage":{"@id":"https:\/\/conversesacatalunya.cat\/es\/resultados-de-la-encuesta-anterior-llegara-el-coronavirus-a-nuestro-pais-y-sera-necesario-establecer-medidas-de-aislamiento-para-la-poblacion\/"},"wordCount":156,"commentCount":0,"image":{"@id":"https:\/\/conversesacatalunya.cat\/es\/resultados-de-la-encuesta-anterior-llegara-el-coronavirus-a-nuestro-pais-y-sera-necesario-establecer-medidas-de-aislamiento-para-la-poblacion\/#primaryimage"},"thumbnailUrl":"https:\/\/conversesacatalunya.cat\/wp-content\/uploads\/2020\/03\/coronavirus.jpg","keywords":["coronavirus"],"articleSection":["Objectius espec\u00edfics (ES)"],"inLanguage":"es","potentialAction":[{"@type":"CommentAction","name":"Comment","target":["https:\/\/conversesacatalunya.cat\/es\/resultados-de-la-encuesta-anterior-llegara-el-coronavirus-a-nuestro-pais-y-sera-necesario-establecer-medidas-de-aislamiento-para-la-poblacion\/#respond"]}]},{"@type":"WebPage","@id":"https:\/\/conversesacatalunya.cat\/es\/resultados-de-la-encuesta-anterior-llegara-el-coronavirus-a-nuestro-pais-y-sera-necesario-establecer-medidas-de-aislamiento-para-la-poblacion\/","url":"https:\/\/conversesacatalunya.cat\/es\/resultados-de-la-encuesta-anterior-llegara-el-coronavirus-a-nuestro-pais-y-sera-necesario-establecer-medidas-de-aislamiento-para-la-poblacion\/","name":"Resultados de la encuesta anterior: \u00bfLlegar\u00e1 el Coronavirus a nuestro pa\u00eds y ser\u00e1 necesario establecer medidas de aislamiento para la poblaci\u00f3n? - Converses a Catalunya","isPartOf":{"@id":"https:\/\/conversesacatalunya.cat\/#website"},"primaryImageOfPage":{"@id":"https:\/\/conversesacatalunya.cat\/es\/resultados-de-la-encuesta-anterior-llegara-el-coronavirus-a-nuestro-pais-y-sera-necesario-establecer-medidas-de-aislamiento-para-la-poblacion\/#primaryimage"},"image":{"@id":"https:\/\/conversesacatalunya.cat\/es\/resultados-de-la-encuesta-anterior-llegara-el-coronavirus-a-nuestro-pais-y-sera-necesario-establecer-medidas-de-aislamiento-para-la-poblacion\/#primaryimage"},"thumbnailUrl":"https:\/\/conversesacatalunya.cat\/wp-content\/uploads\/2020\/03\/coronavirus.jpg","datePublished":"2020-03-02T09:33:27+00:00","dateModified":"2020-03-02T09:47:44+00:00","author":{"@id":"https:\/\/conversesacatalunya.cat\/#\/schema\/person\/982274792508d804a0821b413c9ac076"},"breadcrumb":{"@id":"https:\/\/conversesacatalunya.cat\/es\/resultados-de-la-encuesta-anterior-llegara-el-coronavirus-a-nuestro-pais-y-sera-necesario-establecer-medidas-de-aislamiento-para-la-poblacion\/#breadcrumb"},"inLanguage":"es","potentialAction":[{"@type":"ReadAction","target":["https:\/\/conversesacatalunya.cat\/es\/resultados-de-la-encuesta-anterior-llegara-el-coronavirus-a-nuestro-pais-y-sera-necesario-establecer-medidas-de-aislamiento-para-la-poblacion\/"]}]},{"@type":"ImageObject","inLanguage":"es","@id":"https:\/\/conversesacatalunya.cat\/es\/resultados-de-la-encuesta-anterior-llegara-el-coronavirus-a-nuestro-pais-y-sera-necesario-establecer-medidas-de-aislamiento-para-la-poblacion\/#primaryimage","url":"https:\/\/conversesacatalunya.cat\/wp-content\/uploads\/2020\/03\/coronavirus.jpg","contentUrl":"https:\/\/conversesacatalunya.cat\/wp-content\/uploads\/2020\/03\/coronavirus.jpg","width":643,"height":362},{"@type":"BreadcrumbList","@id":"https:\/\/conversesacatalunya.cat\/es\/resultados-de-la-encuesta-anterior-llegara-el-coronavirus-a-nuestro-pais-y-sera-necesario-establecer-medidas-de-aislamiento-para-la-poblacion\/#breadcrumb","itemListElement":[{"@type":"ListItem","position":1,"name":"Inici","item":"https:\/\/conversesacatalunya.cat\/es\/"},{"@type":"ListItem","position":2,"name":"Resultados de la encuesta anterior: \u00bfLlegar\u00e1 el Coronavirus a nuestro pa\u00eds y ser\u00e1 necesario establecer medidas de aislamiento para la poblaci\u00f3n?"}]},{"@type":"WebSite","@id":"https:\/\/conversesacatalunya.cat\/#website","url":"https:\/\/conversesacatalunya.cat\/","name":"Converses a Catalunya","description":"","potentialAction":[{"@type":"SearchAction","target":{"@type":"EntryPoint","urlTemplate":"https:\/\/conversesacatalunya.cat\/?s={search_term_string}"},"query-input":{"@type":"PropertyValueSpecification","valueRequired":true,"valueName":"search_term_string"}}],"inLanguage":"es"},{"@type":"Person","@id":"https:\/\/conversesacatalunya.cat\/#\/schema\/person\/982274792508d804a0821b413c9ac076","name":"conversesacatalunya","image":{"@type":"ImageObject","inLanguage":"es","@id":"https:\/\/conversesacatalunya.cat\/#\/schema\/person\/image\/","url":"https:\/\/conversesacatalunya.cat\/wp-content\/litespeed\/avatar\/f04b47eeffd9637c7cf7869e217fb9ec.jpg?ver=1777370077","contentUrl":"https:\/\/conversesacatalunya.cat\/wp-content\/litespeed\/avatar\/f04b47eeffd9637c7cf7869e217fb9ec.jpg?ver=1777370077","caption":"conversesacatalunya"},"url":"https:\/\/conversesacatalunya.cat\/es\/author\/muntsa_escola\/"}]}},"wps_subtitle":"","_links":{"self":[{"href":"https:\/\/conversesacatalunya.cat\/es\/wp-json\/wp\/v2\/posts\/33071","targetHints":{"allow":["GET"]}}],"collection":[{"href":"https:\/\/conversesacatalunya.cat\/es\/wp-json\/wp\/v2\/posts"}],"about":[{"href":"https:\/\/conversesacatalunya.cat\/es\/wp-json\/wp\/v2\/types\/post"}],"author":[{"embeddable":true,"href":"https:\/\/conversesacatalunya.cat\/es\/wp-json\/wp\/v2\/users\/3"}],"replies":[{"embeddable":true,"href":"https:\/\/conversesacatalunya.cat\/es\/wp-json\/wp\/v2\/comments?post=33071"}],"version-history":[{"count":2,"href":"https:\/\/conversesacatalunya.cat\/es\/wp-json\/wp\/v2\/posts\/33071\/revisions"}],"predecessor-version":[{"id":33073,"href":"https:\/\/conversesacatalunya.cat\/es\/wp-json\/wp\/v2\/posts\/33071\/revisions\/33073"}],"wp:featuredmedia":[{"embeddable":true,"href":"https:\/\/conversesacatalunya.cat\/es\/wp-json\/wp\/v2\/media\/33068"}],"wp:attachment":[{"href":"https:\/\/conversesacatalunya.cat\/es\/wp-json\/wp\/v2\/media?parent=33071"}],"wp:term":[{"taxonomy":"category","embeddable":true,"href":"https:\/\/conversesacatalunya.cat\/es\/wp-json\/wp\/v2\/categories?post=33071"},{"taxonomy":"post_tag","embeddable":true,"href":"https:\/\/conversesacatalunya.cat\/es\/wp-json\/wp\/v2\/tags?post=33071"}],"curies":[{"name":"wp","href":"https:\/\/api.w.org\/{rel}","templated":true}]}}