{"id":33029,"date":"2020-02-28T12:06:32","date_gmt":"2020-02-28T11:06:32","guid":{"rendered":"https:\/\/conversesacatalunya.cat\/?p=33029"},"modified":"2020-02-28T12:33:07","modified_gmt":"2020-02-28T11:33:07","slug":"aquello-que-es-vital-saber-para-protegerse-del-coronavirus","status":"publish","type":"post","link":"https:\/\/conversesacatalunya.cat\/es\/aquello-que-es-vital-saber-para-protegerse-del-coronavirus\/","title":{"rendered":"Lo que es vital saber para protegerse del coronavirus"},"content":{"rendered":"<p>El <a href=\"https:\/\/conversesacatalunya.cat\/es\/el-panic-sescampa-al-mercat-borsari\/\" target=\"_blank\" rel=\"noopener noreferrer\">alarmismo<\/a>, que no es s\u00f3lo in\u00fatil, sino tambi\u00e9n contraproducente porque aumenta los peligros, debe corregirse con buena informaci\u00f3n y raciocinio. Aqu\u00ed tiene los principales datos que debe conocer para afrontar racionalmente el problema del <a href=\"https:\/\/conversesacatalunya.cat\/es\/coronavirus\/\" target=\"_blank\" rel=\"noopener noreferrer\">coronavirus<\/a>:<\/p>\n<ol>\n<li><strong>Los s\u00edntomas<\/strong>. No todas las situaciones que aporten unas d\u00e9cimas de fiebre o el moqueo de la nariz deben alarmar. Los dos s\u00edntomas reales y concretos m\u00e1s comunes del <a href=\"https:\/\/conversesacatalunya.cat\/es\/infografia-els-10-fets-que-has-de-saber-del-coronavirus\/\" target=\"_blank\" rel=\"noopener noreferrer\">coronavirus<\/a> son, en primer lugar la <strong>fiebre,<\/strong> que afecta a un 90 por ciento de los enfermos, <strong>y la tos seca,<\/strong>, que es una caracter\u00edstica del 70 por ciento de los afectados. En contrapartida los mocos y la congesti\u00f3n nasal no acostumbran a indicar el contagio por el virus.<\/li>\n<li><strong>La mortalidad<\/strong>. Ha de saber que su incidencia es muy baja en los menores de edad. La tasa de mortalidad est\u00e1 situada en un dos por ciento en relaci\u00f3n con el n\u00famero de enfermos, pero var\u00eda mucho de acuerdo con la edad de la poblaci\u00f3n afectada. En la gente m\u00e1s joven no supera las dos d\u00e9cimas, y por tanto, se acerca mucho a la de la gripe com\u00fan situada en el 0,1 por ciento. En contrapartida, en las personas de m\u00e1s de 60 a\u00f1os puede <strong>ser del 15 por ciento.<\/strong> Son ellas, especialmente si adem\u00e1s parecen alg\u00fan tipo de afectaci\u00f3n que pueda disminuir sus defensas, las que deben adoptar mayores precauciones. Por encima de los 80 a\u00f1os la afectaci\u00f3n todav\u00eda es mayor. La previsi\u00f3n es que la tasa de mortalidad fuera de China, y en los pa\u00edses como el nuestro dotados de un buen sistema sanitario, tienda a decrecer en la medida que aumenten el n\u00famero de casos, hasta situarse <strong>en el uno por ciento<\/strong>.<\/li>\n<li><strong> El contagio<\/strong>. El virus penetra en el cuerpo humano b\u00e1sicamente a trav\u00e9s de la boca, la nariz y los ojos. Se puede contagiar a partir de las peque\u00f1as gotas de humedad que desprendemos al exhalar el aire y al conversar. Pero esta v\u00eda tiene un recorrido limitado porque su densidad hace que dif\u00edcilmente puedan atravesar m\u00e1s de un metro de distancia, cayendo sobre la superficie m\u00e1s pr\u00f3xima. Tambi\u00e9n puede transmitirse a trav\u00e9s de las manos. Todo ello hace que una forma frecuente el contagio sea a trav\u00e9s de nuestras manos, que hayan tocado alguna superficie en la que a\u00fan permanec\u00eda el coronavirus, que puede vivir alg\u00fan tiempo en estas condiciones. De ah\u00ed la importancia de lavarse con frecuencia las manos. No es necesario un gel protector, aunque sea m\u00e1s eficaz, basta con un buen enjabonado de 20 segundos, como m\u00ednimo, para someter a continuaci\u00f3n las manos a un fuerte chorro de agua del grifo. En ocasiones concretas, si se considera necesario, s\u00ed que puede practicarse una desinfecci\u00f3n adicional con alg\u00fan elemento casero, por ejemplo agua oxigenada diluida en agua normal para friccionar las manos. Pero lo importante es lo otro, el lavarse con frecuencia las manos, porque son ellas y a trav\u00e9s de los gestos instintivos que repetimos a lo largo del d\u00eda, de tocarnos la nariz, la boca, los ojos, el mecanismo habitual de infecci\u00f3n. Todo aquello que est\u00e9 en contacto con las manos de muchas personas distintas es un foco te\u00f3ricamente potencial.<\/li>\n<li><strong> El tratamiento<\/strong>. En principio, como sucede con la mayor\u00eda de virus, son las defensas del propio organismo quienes lo combaten y vencen. Para casos realmente graves ya se ha determinado que existe un antiviral que resulta eficaz, que viene us\u00e1ndose contra otros ataques v\u00edricos, el <strong>Remdesivir<\/strong>. Tambi\u00e9n se est\u00e1 empezando a practicar la recogida de antisueros de pacientes que han vencido la infecci\u00f3n y la generaci\u00f3n de anticuerpos en el laboratorio que neutralizan al virus. Al mismo tiempo se est\u00e1n probando nuevos antivirales. Hay vacunas en fase previa de pruebas a humanos, si bien el tiempo habitual para disponer de las mismas es de un a\u00f1o. En este caso es posible que el tiempo sea menor.<\/li>\n<li><strong>Cu\u00e1nto durar\u00e1 el problema<\/strong>. Es la pregunta del mill\u00f3n. Nadie lo sabe a ciencia cierta. Lo mejor que se puede decir es que en el foco inicial de China los casos ya son decrecientes, as\u00ed como la mortalidad. Pero su extensi\u00f3n global est\u00e1 lejos de haberse consumado. Es posible que la proximidad del verano impacte negativamente sobre la virulencia del virus, pero esto no significa que no pudiera recuperarse durante el pr\u00f3ximo invierno. Otros ataques virus en el pasado, como el SAR, tambi\u00e9n con origen en China, han terminado desapareciendo, pero tambi\u00e9n su mortalidad del orden del 10 por ciento era superior, y este hecho siempre dificulta m\u00e1s su propagaci\u00f3n. Es posible que desaparezca pero tambi\u00e9n puede quedar como un una epidemia recurrente al igual que la gripe. Para cuando esto suceda la panoplia de respuestas sanitarias ser\u00e1 muy superior, porque dispondremos de vacuna y de anti virales muy verificados. Dos problemas s\u00ed que plantea este tipo de virus. Por una parte en determinadas personas puede ser contagioso antes de que se manifiesten los s\u00edntomas. Por otra se ha demostrado que pacientes dados de alta porque ya no manifestaban ning\u00fan s\u00edntoma pueden seguir siendo portadores.<\/li>\n<\/ol>\n<p>En definitiva, no es un hecho balad\u00ed pero tampoco es una cat\u00e1strofe de proporciones tr\u00e1gicas. Poco tiene que ver con los problemas que en \u00e9pocas tan cercanas como el siglo XIX, ten\u00edan que afrontar nuestras ciudades con enfermedades altamente contagiosas y mort\u00edferas. Lo peor del coronavirus es <strong>la histeria,<\/strong> que debe evitarse como sea.<\/p>\n<h5><strong><span style=\"color: #ff0000;\">Si le ha resultado \u00fatil comparta esta entrada en su twitter<\/span><\/strong> :<\/h5>\n<span class='bctt-click-to-tweet'><span class='bctt-ctt-text'><a href='https:\/\/twitter.com\/intent\/tweet?url=https%3A%2F%2Fconversesacatalunya.cat%2Fes%2Faquello-que-es-vital-saber-para-protegerse-del-coronavirus%2F&#038;text=Principales%20datos%20para%20afrontar%20racionalmente%20el%20problema%20del%20coronavirus&#038;via=conversesacat&#038;related=conversesacat' target='_blank'rel=\"noopener noreferrer\">Principales datos para afrontar racionalmente el problema del coronavirus <\/a><\/span><a href='https:\/\/twitter.com\/intent\/tweet?url=https%3A%2F%2Fconversesacatalunya.cat%2Fes%2Faquello-que-es-vital-saber-para-protegerse-del-coronavirus%2F&#038;text=Principales%20datos%20para%20afrontar%20racionalmente%20el%20problema%20del%20coronavirus&#038;via=conversesacat&#038;related=conversesacat' target='_blank' class='bctt-ctt-btn'rel=\"noopener noreferrer\">Compartir en X<\/a><\/span>\n","protected":false},"excerpt":{"rendered":"<p>El alarmismo, que no es s\u00f3lo in\u00fatil, sino tambi\u00e9n contraproducente porque aumenta los peligros, debe corregirse con buena informaci\u00f3n y raciocinio. Aqu\u00ed tiene los principales datos que debe conocer para afrontar racionalmente el problema del coronavirus: Los s\u00edntomas. No todas las situaciones que aporten unas d\u00e9cimas de fiebre o el moqueo de la nariz deben alarmar. Los dos s\u00edntomas reales y concretos m\u00e1s comunes del coronavirus son, en primer lugar la fiebre, que afecta a un 90 por ciento de los enfermos, y la tos seca,, que es una caracter\u00edstica del 70 por ciento de los afectados. En contrapartida los mocos y la congesti\u00f3n nasal no acostumbran a indicar el contagio por el virus. La mortalidad. Ha de saber que su incidencia es muy baja en los menores de edad. La tasa de mortalidad est\u00e1 situada en un dos por ciento en relaci\u00f3n con el n\u00famero de enfermos, pero var\u00eda mucho de acuerdo con la edad de la poblaci\u00f3n afectada. En la gente m\u00e1s joven no supera las dos d\u00e9cimas, y por tanto, se acerca mucho a la de la gripe com\u00fan situada en el 0,1 por ciento. En contrapartida, en las personas de m\u00e1s de 60 a\u00f1os puede ser del 15 por ciento. Son ellas, especialmente si adem\u00e1s parecen alg\u00fan tipo de afectaci\u00f3n que pueda disminuir sus defensas, las que deben adoptar mayores precauciones. Por encima de los 80 a\u00f1os la afectaci\u00f3n todav\u00eda es mayor. La previsi\u00f3n es que la tasa de mortalidad fuera de China, y en los pa\u00edses como el nuestro dotados de un buen sistema sanitario, tienda a decrecer en la medida que aumenten el n\u00famero de casos, hasta situarse en el uno por ciento. El contagio. El virus penetra en el cuerpo humano b\u00e1sicamente a trav\u00e9s de la boca, la nariz y los ojos. Se puede contagiar a partir de las peque\u00f1as gotas de humedad que desprendemos al exhalar el aire y al conversar. Pero esta v\u00eda tiene un recorrido limitado porque su densidad hace que dif\u00edcilmente puedan atravesar m\u00e1s de un metro de distancia, cayendo sobre la superficie m\u00e1s pr\u00f3xima. Tambi\u00e9n puede transmitirse a trav\u00e9s de las manos. Todo ello hace que una forma frecuente el contagio sea a trav\u00e9s de nuestras manos, que hayan tocado alguna superficie en la que a\u00fan permanec\u00eda el coronavirus, que puede vivir alg\u00fan tiempo en estas condiciones. De ah\u00ed la importancia de lavarse con frecuencia las manos. No es necesario un gel protector, aunque sea m\u00e1s eficaz, basta con un buen enjabonado de 20 segundos, como m\u00ednimo, para someter a continuaci\u00f3n las manos a un fuerte chorro de agua del grifo. En ocasiones concretas, si se considera necesario, s\u00ed que puede practicarse una desinfecci\u00f3n adicional con alg\u00fan elemento casero, por ejemplo agua oxigenada diluida en agua normal para friccionar las manos. Pero lo importante es lo otro, el lavarse con frecuencia las manos, porque son ellas y a trav\u00e9s de los gestos instintivos que repetimos a lo largo del d\u00eda, de tocarnos la nariz, la boca, los ojos, el mecanismo habitual de infecci\u00f3n. Todo aquello que est\u00e9 en contacto con las manos de muchas personas distintas es un foco te\u00f3ricamente potencial. El tratamiento. En principio, como sucede con la mayor\u00eda de virus, son las defensas del propio organismo quienes lo combaten y vencen. Para casos realmente graves ya se ha determinado que existe un antiviral que resulta eficaz, que viene us\u00e1ndose contra otros ataques v\u00edricos, el Remdesivir. Tambi\u00e9n se est\u00e1 empezando a practicar la recogida de antisueros de pacientes que han vencido la infecci\u00f3n y la generaci\u00f3n de anticuerpos en el laboratorio que neutralizan al virus. Al mismo tiempo se est\u00e1n probando nuevos antivirales. Hay vacunas en fase previa de pruebas a humanos, si bien el tiempo habitual para disponer de las mismas es de un a\u00f1o. En este caso es posible que el tiempo sea menor. Cu\u00e1nto durar\u00e1 el problema. Es la pregunta del mill\u00f3n. Nadie lo sabe a ciencia cierta. Lo mejor que se puede decir es que en el foco inicial de China los casos ya son decrecientes, as\u00ed como la mortalidad. Pero su extensi\u00f3n global est\u00e1 lejos de haberse consumado. Es posible que la proximidad del verano impacte negativamente sobre la virulencia del virus, pero esto no significa que no pudiera recuperarse durante el pr\u00f3ximo invierno. Otros ataques virus en el pasado, como el SAR, tambi\u00e9n con origen en China, han terminado desapareciendo, pero tambi\u00e9n su mortalidad del orden del 10 por ciento era superior, y este hecho siempre dificulta m\u00e1s su propagaci\u00f3n. Es posible que desaparezca pero tambi\u00e9n puede quedar como un una epidemia recurrente al igual que la gripe. Para cuando esto suceda la panoplia de respuestas sanitarias ser\u00e1 muy superior, porque dispondremos de vacuna y de anti virales muy verificados. Dos problemas s\u00ed que plantea este tipo de virus. Por una parte en determinadas personas puede ser contagioso antes de que se manifiesten los s\u00edntomas. Por otra se ha demostrado que pacientes dados de alta porque ya no manifestaban ning\u00fan s\u00edntoma pueden seguir siendo portadores. En definitiva, no es un hecho balad\u00ed pero tampoco es una cat\u00e1strofe de proporciones tr\u00e1gicas. Poco tiene que ver con los problemas que en \u00e9pocas tan cercanas como el siglo XIX, ten\u00edan que afrontar nuestras ciudades con enfermedades altamente contagiosas y mort\u00edferas. Lo peor del coronavirus es la histeria, que debe evitarse como sea. Si le ha resultado \u00fatil comparta esta entrada en su twitter :<\/p>\n","protected":false},"author":2,"featured_media":33030,"comment_status":"open","ping_status":"open","sticky":false,"template":"","format":"standard","meta":{"_FSMCFIC_featured_image_caption":"","_FSMCFIC_featured_image_nocaption":"","_FSMCFIC_featured_image_hide":"","footnotes":""},"categories":[1772,806],"tags":[1504,1004],"class_list":["post-33029","post","type-post","status-publish","format-standard","has-post-thumbnail","hentry","category-especial-coronavirus-es","category-punts-claus-del-dia-es","tag-coronavirus-es","tag-salut-publica-es"],"yoast_head":"<!-- This site is optimized with the Yoast SEO plugin v26.8 - https:\/\/yoast.com\/product\/yoast-seo-wordpress\/ -->\n<title>Lo que es vital saber para protegerse del coronavirus - Converses a Catalunya<\/title>\n<meta name=\"robots\" content=\"index, follow, max-snippet:-1, max-image-preview:large, max-video-preview:-1\" \/>\n<link rel=\"canonical\" href=\"https:\/\/conversesacatalunya.cat\/es\/aquello-que-es-vital-saber-para-protegerse-del-coronavirus\/\" \/>\n<meta property=\"og:locale\" content=\"es_ES\" \/>\n<meta property=\"og:type\" content=\"article\" \/>\n<meta property=\"og:title\" content=\"Lo que es vital saber para protegerse del coronavirus - Converses a Catalunya\" \/>\n<meta property=\"og:description\" content=\"El alarmismo, que no es s\u00f3lo in\u00fatil, sino tambi\u00e9n contraproducente porque aumenta los peligros, debe corregirse con buena informaci\u00f3n y raciocinio. Aqu\u00ed tiene los principales datos que debe conocer para afrontar racionalmente el problema del coronavirus: Los s\u00edntomas. No todas las situaciones que aporten unas d\u00e9cimas de fiebre o el moqueo de la nariz deben alarmar. Los dos s\u00edntomas reales y concretos m\u00e1s comunes del coronavirus son, en primer lugar la fiebre, que afecta a un 90 por ciento de los enfermos, y la tos seca,, que es una caracter\u00edstica del 70 por ciento de los afectados. En contrapartida los mocos y la congesti\u00f3n nasal no acostumbran a indicar el contagio por el virus. La mortalidad. Ha de saber que su incidencia es muy baja en los menores de edad. La tasa de mortalidad est\u00e1 situada en un dos por ciento en relaci\u00f3n con el n\u00famero de enfermos, pero var\u00eda mucho de acuerdo con la edad de la poblaci\u00f3n afectada. En la gente m\u00e1s joven no supera las dos d\u00e9cimas, y por tanto, se acerca mucho a la de la gripe com\u00fan situada en el 0,1 por ciento. En contrapartida, en las personas de m\u00e1s de 60 a\u00f1os puede ser del 15 por ciento. Son ellas, especialmente si adem\u00e1s parecen alg\u00fan tipo de afectaci\u00f3n que pueda disminuir sus defensas, las que deben adoptar mayores precauciones. Por encima de los 80 a\u00f1os la afectaci\u00f3n todav\u00eda es mayor. La previsi\u00f3n es que la tasa de mortalidad fuera de China, y en los pa\u00edses como el nuestro dotados de un buen sistema sanitario, tienda a decrecer en la medida que aumenten el n\u00famero de casos, hasta situarse en el uno por ciento. El contagio. El virus penetra en el cuerpo humano b\u00e1sicamente a trav\u00e9s de la boca, la nariz y los ojos. Se puede contagiar a partir de las peque\u00f1as gotas de humedad que desprendemos al exhalar el aire y al conversar. Pero esta v\u00eda tiene un recorrido limitado porque su densidad hace que dif\u00edcilmente puedan atravesar m\u00e1s de un metro de distancia, cayendo sobre la superficie m\u00e1s pr\u00f3xima. Tambi\u00e9n puede transmitirse a trav\u00e9s de las manos. Todo ello hace que una forma frecuente el contagio sea a trav\u00e9s de nuestras manos, que hayan tocado alguna superficie en la que a\u00fan permanec\u00eda el coronavirus, que puede vivir alg\u00fan tiempo en estas condiciones. De ah\u00ed la importancia de lavarse con frecuencia las manos. No es necesario un gel protector, aunque sea m\u00e1s eficaz, basta con un buen enjabonado de 20 segundos, como m\u00ednimo, para someter a continuaci\u00f3n las manos a un fuerte chorro de agua del grifo. En ocasiones concretas, si se considera necesario, s\u00ed que puede practicarse una desinfecci\u00f3n adicional con alg\u00fan elemento casero, por ejemplo agua oxigenada diluida en agua normal para friccionar las manos. Pero lo importante es lo otro, el lavarse con frecuencia las manos, porque son ellas y a trav\u00e9s de los gestos instintivos que repetimos a lo largo del d\u00eda, de tocarnos la nariz, la boca, los ojos, el mecanismo habitual de infecci\u00f3n. Todo aquello que est\u00e9 en contacto con las manos de muchas personas distintas es un foco te\u00f3ricamente potencial. El tratamiento. En principio, como sucede con la mayor\u00eda de virus, son las defensas del propio organismo quienes lo combaten y vencen. Para casos realmente graves ya se ha determinado que existe un antiviral que resulta eficaz, que viene us\u00e1ndose contra otros ataques v\u00edricos, el Remdesivir. Tambi\u00e9n se est\u00e1 empezando a practicar la recogida de antisueros de pacientes que han vencido la infecci\u00f3n y la generaci\u00f3n de anticuerpos en el laboratorio que neutralizan al virus. Al mismo tiempo se est\u00e1n probando nuevos antivirales. Hay vacunas en fase previa de pruebas a humanos, si bien el tiempo habitual para disponer de las mismas es de un a\u00f1o. En este caso es posible que el tiempo sea menor. Cu\u00e1nto durar\u00e1 el problema. Es la pregunta del mill\u00f3n. Nadie lo sabe a ciencia cierta. Lo mejor que se puede decir es que en el foco inicial de China los casos ya son decrecientes, as\u00ed como la mortalidad. Pero su extensi\u00f3n global est\u00e1 lejos de haberse consumado. Es posible que la proximidad del verano impacte negativamente sobre la virulencia del virus, pero esto no significa que no pudiera recuperarse durante el pr\u00f3ximo invierno. Otros ataques virus en el pasado, como el SAR, tambi\u00e9n con origen en China, han terminado desapareciendo, pero tambi\u00e9n su mortalidad del orden del 10 por ciento era superior, y este hecho siempre dificulta m\u00e1s su propagaci\u00f3n. Es posible que desaparezca pero tambi\u00e9n puede quedar como un una epidemia recurrente al igual que la gripe. Para cuando esto suceda la panoplia de respuestas sanitarias ser\u00e1 muy superior, porque dispondremos de vacuna y de anti virales muy verificados. Dos problemas s\u00ed que plantea este tipo de virus. Por una parte en determinadas personas puede ser contagioso antes de que se manifiesten los s\u00edntomas. Por otra se ha demostrado que pacientes dados de alta porque ya no manifestaban ning\u00fan s\u00edntoma pueden seguir siendo portadores. En definitiva, no es un hecho balad\u00ed pero tampoco es una cat\u00e1strofe de proporciones tr\u00e1gicas. Poco tiene que ver con los problemas que en \u00e9pocas tan cercanas como el siglo XIX, ten\u00edan que afrontar nuestras ciudades con enfermedades altamente contagiosas y mort\u00edferas. Lo peor del coronavirus es la histeria, que debe evitarse como sea. Si le ha resultado \u00fatil comparta esta entrada en su twitter :\" \/>\n<meta property=\"og:url\" content=\"https:\/\/conversesacatalunya.cat\/es\/aquello-que-es-vital-saber-para-protegerse-del-coronavirus\/\" \/>\n<meta property=\"og:site_name\" content=\"Converses a Catalunya\" \/>\n<meta property=\"article:published_time\" content=\"2020-02-28T11:06:32+00:00\" \/>\n<meta property=\"article:modified_time\" content=\"2020-02-28T11:33:07+00:00\" \/>\n<meta property=\"og:image\" content=\"https:\/\/conversesacatalunya.cat\/wp-content\/uploads\/2020\/02\/coronavirus-covid19-virus-1.jpg\" \/>\n\t<meta property=\"og:image:width\" content=\"480\" \/>\n\t<meta property=\"og:image:height\" content=\"320\" \/>\n\t<meta property=\"og:image:type\" content=\"image\/jpeg\" \/>\n<meta name=\"author\" content=\"conversesacatalunya\" \/>\n<meta name=\"twitter:card\" content=\"summary_large_image\" \/>\n<meta name=\"twitter:label1\" content=\"Escrito por\" \/>\n\t<meta name=\"twitter:data1\" content=\"conversesacatalunya\" \/>\n\t<meta name=\"twitter:label2\" content=\"Tiempo de lectura\" \/>\n\t<meta name=\"twitter:data2\" content=\"5 minutos\" \/>\n<script type=\"application\/ld+json\" class=\"yoast-schema-graph\">{\"@context\":\"https:\/\/schema.org\",\"@graph\":[{\"@type\":\"Article\",\"@id\":\"https:\/\/conversesacatalunya.cat\/es\/aquello-que-es-vital-saber-para-protegerse-del-coronavirus\/#article\",\"isPartOf\":{\"@id\":\"https:\/\/conversesacatalunya.cat\/es\/aquello-que-es-vital-saber-para-protegerse-del-coronavirus\/\"},\"author\":{\"name\":\"conversesacatalunya\",\"@id\":\"https:\/\/conversesacatalunya.cat\/#\/schema\/person\/7e24d1e54a2785373ddcb275eae5ed99\"},\"headline\":\"Lo que es vital saber para protegerse del coronavirus\",\"datePublished\":\"2020-02-28T11:06:32+00:00\",\"dateModified\":\"2020-02-28T11:33:07+00:00\",\"mainEntityOfPage\":{\"@id\":\"https:\/\/conversesacatalunya.cat\/es\/aquello-que-es-vital-saber-para-protegerse-del-coronavirus\/\"},\"wordCount\":988,\"commentCount\":0,\"image\":{\"@id\":\"https:\/\/conversesacatalunya.cat\/es\/aquello-que-es-vital-saber-para-protegerse-del-coronavirus\/#primaryimage\"},\"thumbnailUrl\":\"https:\/\/conversesacatalunya.cat\/wp-content\/uploads\/2020\/02\/coronavirus-covid19-virus-1.jpg\",\"keywords\":[\"coronavirus\",\"Salut p\u00fablica\"],\"articleSection\":[\"Especial Coronavirus (ES)\",\"Punts clau del dia (ES)\"],\"inLanguage\":\"es\",\"potentialAction\":[{\"@type\":\"CommentAction\",\"name\":\"Comment\",\"target\":[\"https:\/\/conversesacatalunya.cat\/es\/aquello-que-es-vital-saber-para-protegerse-del-coronavirus\/#respond\"]}]},{\"@type\":\"WebPage\",\"@id\":\"https:\/\/conversesacatalunya.cat\/es\/aquello-que-es-vital-saber-para-protegerse-del-coronavirus\/\",\"url\":\"https:\/\/conversesacatalunya.cat\/es\/aquello-que-es-vital-saber-para-protegerse-del-coronavirus\/\",\"name\":\"Lo que es vital saber para protegerse del coronavirus - Converses a Catalunya\",\"isPartOf\":{\"@id\":\"https:\/\/conversesacatalunya.cat\/#website\"},\"primaryImageOfPage\":{\"@id\":\"https:\/\/conversesacatalunya.cat\/es\/aquello-que-es-vital-saber-para-protegerse-del-coronavirus\/#primaryimage\"},\"image\":{\"@id\":\"https:\/\/conversesacatalunya.cat\/es\/aquello-que-es-vital-saber-para-protegerse-del-coronavirus\/#primaryimage\"},\"thumbnailUrl\":\"https:\/\/conversesacatalunya.cat\/wp-content\/uploads\/2020\/02\/coronavirus-covid19-virus-1.jpg\",\"datePublished\":\"2020-02-28T11:06:32+00:00\",\"dateModified\":\"2020-02-28T11:33:07+00:00\",\"author\":{\"@id\":\"https:\/\/conversesacatalunya.cat\/#\/schema\/person\/7e24d1e54a2785373ddcb275eae5ed99\"},\"breadcrumb\":{\"@id\":\"https:\/\/conversesacatalunya.cat\/es\/aquello-que-es-vital-saber-para-protegerse-del-coronavirus\/#breadcrumb\"},\"inLanguage\":\"es\",\"potentialAction\":[{\"@type\":\"ReadAction\",\"target\":[\"https:\/\/conversesacatalunya.cat\/es\/aquello-que-es-vital-saber-para-protegerse-del-coronavirus\/\"]}]},{\"@type\":\"ImageObject\",\"inLanguage\":\"es\",\"@id\":\"https:\/\/conversesacatalunya.cat\/es\/aquello-que-es-vital-saber-para-protegerse-del-coronavirus\/#primaryimage\",\"url\":\"https:\/\/conversesacatalunya.cat\/wp-content\/uploads\/2020\/02\/coronavirus-covid19-virus-1.jpg\",\"contentUrl\":\"https:\/\/conversesacatalunya.cat\/wp-content\/uploads\/2020\/02\/coronavirus-covid19-virus-1.jpg\",\"width\":480,\"height\":320,\"caption\":\"coronavirus\"},{\"@type\":\"BreadcrumbList\",\"@id\":\"https:\/\/conversesacatalunya.cat\/es\/aquello-que-es-vital-saber-para-protegerse-del-coronavirus\/#breadcrumb\",\"itemListElement\":[{\"@type\":\"ListItem\",\"position\":1,\"name\":\"Inici\",\"item\":\"https:\/\/conversesacatalunya.cat\/es\/\"},{\"@type\":\"ListItem\",\"position\":2,\"name\":\"Lo que es vital saber para protegerse del coronavirus\"}]},{\"@type\":\"WebSite\",\"@id\":\"https:\/\/conversesacatalunya.cat\/#website\",\"url\":\"https:\/\/conversesacatalunya.cat\/\",\"name\":\"Converses a Catalunya\",\"description\":\"\",\"potentialAction\":[{\"@type\":\"SearchAction\",\"target\":{\"@type\":\"EntryPoint\",\"urlTemplate\":\"https:\/\/conversesacatalunya.cat\/?s={search_term_string}\"},\"query-input\":{\"@type\":\"PropertyValueSpecification\",\"valueRequired\":true,\"valueName\":\"search_term_string\"}}],\"inLanguage\":\"es\"},{\"@type\":\"Person\",\"@id\":\"https:\/\/conversesacatalunya.cat\/#\/schema\/person\/7e24d1e54a2785373ddcb275eae5ed99\",\"name\":\"conversesacatalunya\",\"image\":{\"@type\":\"ImageObject\",\"inLanguage\":\"es\",\"@id\":\"https:\/\/conversesacatalunya.cat\/#\/schema\/person\/image\/\",\"url\":\"https:\/\/conversesacatalunya.cat\/wp-content\/litespeed\/avatar\/febdfeeec89d950f01c748045a981dd2.jpg?ver=1777314535\",\"contentUrl\":\"https:\/\/conversesacatalunya.cat\/wp-content\/litespeed\/avatar\/febdfeeec89d950f01c748045a981dd2.jpg?ver=1777314535\",\"caption\":\"conversesacatalunya\"},\"url\":\"https:\/\/conversesacatalunya.cat\/es\/author\/carme_catala\/\"}]}<\/script>\n<!-- \/ Yoast SEO plugin. -->","yoast_head_json":{"title":"Lo que es vital saber para protegerse del coronavirus - Converses a Catalunya","robots":{"index":"index","follow":"follow","max-snippet":"max-snippet:-1","max-image-preview":"max-image-preview:large","max-video-preview":"max-video-preview:-1"},"canonical":"https:\/\/conversesacatalunya.cat\/es\/aquello-que-es-vital-saber-para-protegerse-del-coronavirus\/","og_locale":"es_ES","og_type":"article","og_title":"Lo que es vital saber para protegerse del coronavirus - Converses a Catalunya","og_description":"El alarmismo, que no es s\u00f3lo in\u00fatil, sino tambi\u00e9n contraproducente porque aumenta los peligros, debe corregirse con buena informaci\u00f3n y raciocinio. Aqu\u00ed tiene los principales datos que debe conocer para afrontar racionalmente el problema del coronavirus: Los s\u00edntomas. No todas las situaciones que aporten unas d\u00e9cimas de fiebre o el moqueo de la nariz deben alarmar. Los dos s\u00edntomas reales y concretos m\u00e1s comunes del coronavirus son, en primer lugar la fiebre, que afecta a un 90 por ciento de los enfermos, y la tos seca,, que es una caracter\u00edstica del 70 por ciento de los afectados. En contrapartida los mocos y la congesti\u00f3n nasal no acostumbran a indicar el contagio por el virus. La mortalidad. Ha de saber que su incidencia es muy baja en los menores de edad. La tasa de mortalidad est\u00e1 situada en un dos por ciento en relaci\u00f3n con el n\u00famero de enfermos, pero var\u00eda mucho de acuerdo con la edad de la poblaci\u00f3n afectada. En la gente m\u00e1s joven no supera las dos d\u00e9cimas, y por tanto, se acerca mucho a la de la gripe com\u00fan situada en el 0,1 por ciento. En contrapartida, en las personas de m\u00e1s de 60 a\u00f1os puede ser del 15 por ciento. Son ellas, especialmente si adem\u00e1s parecen alg\u00fan tipo de afectaci\u00f3n que pueda disminuir sus defensas, las que deben adoptar mayores precauciones. Por encima de los 80 a\u00f1os la afectaci\u00f3n todav\u00eda es mayor. La previsi\u00f3n es que la tasa de mortalidad fuera de China, y en los pa\u00edses como el nuestro dotados de un buen sistema sanitario, tienda a decrecer en la medida que aumenten el n\u00famero de casos, hasta situarse en el uno por ciento. El contagio. El virus penetra en el cuerpo humano b\u00e1sicamente a trav\u00e9s de la boca, la nariz y los ojos. Se puede contagiar a partir de las peque\u00f1as gotas de humedad que desprendemos al exhalar el aire y al conversar. Pero esta v\u00eda tiene un recorrido limitado porque su densidad hace que dif\u00edcilmente puedan atravesar m\u00e1s de un metro de distancia, cayendo sobre la superficie m\u00e1s pr\u00f3xima. Tambi\u00e9n puede transmitirse a trav\u00e9s de las manos. Todo ello hace que una forma frecuente el contagio sea a trav\u00e9s de nuestras manos, que hayan tocado alguna superficie en la que a\u00fan permanec\u00eda el coronavirus, que puede vivir alg\u00fan tiempo en estas condiciones. De ah\u00ed la importancia de lavarse con frecuencia las manos. No es necesario un gel protector, aunque sea m\u00e1s eficaz, basta con un buen enjabonado de 20 segundos, como m\u00ednimo, para someter a continuaci\u00f3n las manos a un fuerte chorro de agua del grifo. En ocasiones concretas, si se considera necesario, s\u00ed que puede practicarse una desinfecci\u00f3n adicional con alg\u00fan elemento casero, por ejemplo agua oxigenada diluida en agua normal para friccionar las manos. Pero lo importante es lo otro, el lavarse con frecuencia las manos, porque son ellas y a trav\u00e9s de los gestos instintivos que repetimos a lo largo del d\u00eda, de tocarnos la nariz, la boca, los ojos, el mecanismo habitual de infecci\u00f3n. Todo aquello que est\u00e9 en contacto con las manos de muchas personas distintas es un foco te\u00f3ricamente potencial. El tratamiento. En principio, como sucede con la mayor\u00eda de virus, son las defensas del propio organismo quienes lo combaten y vencen. Para casos realmente graves ya se ha determinado que existe un antiviral que resulta eficaz, que viene us\u00e1ndose contra otros ataques v\u00edricos, el Remdesivir. Tambi\u00e9n se est\u00e1 empezando a practicar la recogida de antisueros de pacientes que han vencido la infecci\u00f3n y la generaci\u00f3n de anticuerpos en el laboratorio que neutralizan al virus. Al mismo tiempo se est\u00e1n probando nuevos antivirales. Hay vacunas en fase previa de pruebas a humanos, si bien el tiempo habitual para disponer de las mismas es de un a\u00f1o. En este caso es posible que el tiempo sea menor. Cu\u00e1nto durar\u00e1 el problema. Es la pregunta del mill\u00f3n. Nadie lo sabe a ciencia cierta. Lo mejor que se puede decir es que en el foco inicial de China los casos ya son decrecientes, as\u00ed como la mortalidad. Pero su extensi\u00f3n global est\u00e1 lejos de haberse consumado. Es posible que la proximidad del verano impacte negativamente sobre la virulencia del virus, pero esto no significa que no pudiera recuperarse durante el pr\u00f3ximo invierno. Otros ataques virus en el pasado, como el SAR, tambi\u00e9n con origen en China, han terminado desapareciendo, pero tambi\u00e9n su mortalidad del orden del 10 por ciento era superior, y este hecho siempre dificulta m\u00e1s su propagaci\u00f3n. Es posible que desaparezca pero tambi\u00e9n puede quedar como un una epidemia recurrente al igual que la gripe. Para cuando esto suceda la panoplia de respuestas sanitarias ser\u00e1 muy superior, porque dispondremos de vacuna y de anti virales muy verificados. Dos problemas s\u00ed que plantea este tipo de virus. Por una parte en determinadas personas puede ser contagioso antes de que se manifiesten los s\u00edntomas. Por otra se ha demostrado que pacientes dados de alta porque ya no manifestaban ning\u00fan s\u00edntoma pueden seguir siendo portadores. En definitiva, no es un hecho balad\u00ed pero tampoco es una cat\u00e1strofe de proporciones tr\u00e1gicas. Poco tiene que ver con los problemas que en \u00e9pocas tan cercanas como el siglo XIX, ten\u00edan que afrontar nuestras ciudades con enfermedades altamente contagiosas y mort\u00edferas. Lo peor del coronavirus es la histeria, que debe evitarse como sea. Si le ha resultado \u00fatil comparta esta entrada en su twitter :","og_url":"https:\/\/conversesacatalunya.cat\/es\/aquello-que-es-vital-saber-para-protegerse-del-coronavirus\/","og_site_name":"Converses a Catalunya","article_published_time":"2020-02-28T11:06:32+00:00","article_modified_time":"2020-02-28T11:33:07+00:00","og_image":[{"width":480,"height":320,"url":"https:\/\/conversesacatalunya.cat\/wp-content\/uploads\/2020\/02\/coronavirus-covid19-virus-1.jpg","type":"image\/jpeg"}],"author":"conversesacatalunya","twitter_card":"summary_large_image","twitter_misc":{"Escrito por":"conversesacatalunya","Tiempo de lectura":"5 minutos"},"schema":{"@context":"https:\/\/schema.org","@graph":[{"@type":"Article","@id":"https:\/\/conversesacatalunya.cat\/es\/aquello-que-es-vital-saber-para-protegerse-del-coronavirus\/#article","isPartOf":{"@id":"https:\/\/conversesacatalunya.cat\/es\/aquello-que-es-vital-saber-para-protegerse-del-coronavirus\/"},"author":{"name":"conversesacatalunya","@id":"https:\/\/conversesacatalunya.cat\/#\/schema\/person\/7e24d1e54a2785373ddcb275eae5ed99"},"headline":"Lo que es vital saber para protegerse del coronavirus","datePublished":"2020-02-28T11:06:32+00:00","dateModified":"2020-02-28T11:33:07+00:00","mainEntityOfPage":{"@id":"https:\/\/conversesacatalunya.cat\/es\/aquello-que-es-vital-saber-para-protegerse-del-coronavirus\/"},"wordCount":988,"commentCount":0,"image":{"@id":"https:\/\/conversesacatalunya.cat\/es\/aquello-que-es-vital-saber-para-protegerse-del-coronavirus\/#primaryimage"},"thumbnailUrl":"https:\/\/conversesacatalunya.cat\/wp-content\/uploads\/2020\/02\/coronavirus-covid19-virus-1.jpg","keywords":["coronavirus","Salut p\u00fablica"],"articleSection":["Especial Coronavirus (ES)","Punts clau del dia (ES)"],"inLanguage":"es","potentialAction":[{"@type":"CommentAction","name":"Comment","target":["https:\/\/conversesacatalunya.cat\/es\/aquello-que-es-vital-saber-para-protegerse-del-coronavirus\/#respond"]}]},{"@type":"WebPage","@id":"https:\/\/conversesacatalunya.cat\/es\/aquello-que-es-vital-saber-para-protegerse-del-coronavirus\/","url":"https:\/\/conversesacatalunya.cat\/es\/aquello-que-es-vital-saber-para-protegerse-del-coronavirus\/","name":"Lo que es vital saber para protegerse del coronavirus - Converses a Catalunya","isPartOf":{"@id":"https:\/\/conversesacatalunya.cat\/#website"},"primaryImageOfPage":{"@id":"https:\/\/conversesacatalunya.cat\/es\/aquello-que-es-vital-saber-para-protegerse-del-coronavirus\/#primaryimage"},"image":{"@id":"https:\/\/conversesacatalunya.cat\/es\/aquello-que-es-vital-saber-para-protegerse-del-coronavirus\/#primaryimage"},"thumbnailUrl":"https:\/\/conversesacatalunya.cat\/wp-content\/uploads\/2020\/02\/coronavirus-covid19-virus-1.jpg","datePublished":"2020-02-28T11:06:32+00:00","dateModified":"2020-02-28T11:33:07+00:00","author":{"@id":"https:\/\/conversesacatalunya.cat\/#\/schema\/person\/7e24d1e54a2785373ddcb275eae5ed99"},"breadcrumb":{"@id":"https:\/\/conversesacatalunya.cat\/es\/aquello-que-es-vital-saber-para-protegerse-del-coronavirus\/#breadcrumb"},"inLanguage":"es","potentialAction":[{"@type":"ReadAction","target":["https:\/\/conversesacatalunya.cat\/es\/aquello-que-es-vital-saber-para-protegerse-del-coronavirus\/"]}]},{"@type":"ImageObject","inLanguage":"es","@id":"https:\/\/conversesacatalunya.cat\/es\/aquello-que-es-vital-saber-para-protegerse-del-coronavirus\/#primaryimage","url":"https:\/\/conversesacatalunya.cat\/wp-content\/uploads\/2020\/02\/coronavirus-covid19-virus-1.jpg","contentUrl":"https:\/\/conversesacatalunya.cat\/wp-content\/uploads\/2020\/02\/coronavirus-covid19-virus-1.jpg","width":480,"height":320,"caption":"coronavirus"},{"@type":"BreadcrumbList","@id":"https:\/\/conversesacatalunya.cat\/es\/aquello-que-es-vital-saber-para-protegerse-del-coronavirus\/#breadcrumb","itemListElement":[{"@type":"ListItem","position":1,"name":"Inici","item":"https:\/\/conversesacatalunya.cat\/es\/"},{"@type":"ListItem","position":2,"name":"Lo que es vital saber para protegerse del coronavirus"}]},{"@type":"WebSite","@id":"https:\/\/conversesacatalunya.cat\/#website","url":"https:\/\/conversesacatalunya.cat\/","name":"Converses a Catalunya","description":"","potentialAction":[{"@type":"SearchAction","target":{"@type":"EntryPoint","urlTemplate":"https:\/\/conversesacatalunya.cat\/?s={search_term_string}"},"query-input":{"@type":"PropertyValueSpecification","valueRequired":true,"valueName":"search_term_string"}}],"inLanguage":"es"},{"@type":"Person","@id":"https:\/\/conversesacatalunya.cat\/#\/schema\/person\/7e24d1e54a2785373ddcb275eae5ed99","name":"conversesacatalunya","image":{"@type":"ImageObject","inLanguage":"es","@id":"https:\/\/conversesacatalunya.cat\/#\/schema\/person\/image\/","url":"https:\/\/conversesacatalunya.cat\/wp-content\/litespeed\/avatar\/febdfeeec89d950f01c748045a981dd2.jpg?ver=1777314535","contentUrl":"https:\/\/conversesacatalunya.cat\/wp-content\/litespeed\/avatar\/febdfeeec89d950f01c748045a981dd2.jpg?ver=1777314535","caption":"conversesacatalunya"},"url":"https:\/\/conversesacatalunya.cat\/es\/author\/carme_catala\/"}]}},"wps_subtitle":"","_links":{"self":[{"href":"https:\/\/conversesacatalunya.cat\/es\/wp-json\/wp\/v2\/posts\/33029","targetHints":{"allow":["GET"]}}],"collection":[{"href":"https:\/\/conversesacatalunya.cat\/es\/wp-json\/wp\/v2\/posts"}],"about":[{"href":"https:\/\/conversesacatalunya.cat\/es\/wp-json\/wp\/v2\/types\/post"}],"author":[{"embeddable":true,"href":"https:\/\/conversesacatalunya.cat\/es\/wp-json\/wp\/v2\/users\/2"}],"replies":[{"embeddable":true,"href":"https:\/\/conversesacatalunya.cat\/es\/wp-json\/wp\/v2\/comments?post=33029"}],"version-history":[{"count":4,"href":"https:\/\/conversesacatalunya.cat\/es\/wp-json\/wp\/v2\/posts\/33029\/revisions"}],"predecessor-version":[{"id":33039,"href":"https:\/\/conversesacatalunya.cat\/es\/wp-json\/wp\/v2\/posts\/33029\/revisions\/33039"}],"wp:featuredmedia":[{"embeddable":true,"href":"https:\/\/conversesacatalunya.cat\/es\/wp-json\/wp\/v2\/media\/33030"}],"wp:attachment":[{"href":"https:\/\/conversesacatalunya.cat\/es\/wp-json\/wp\/v2\/media?parent=33029"}],"wp:term":[{"taxonomy":"category","embeddable":true,"href":"https:\/\/conversesacatalunya.cat\/es\/wp-json\/wp\/v2\/categories?post=33029"},{"taxonomy":"post_tag","embeddable":true,"href":"https:\/\/conversesacatalunya.cat\/es\/wp-json\/wp\/v2\/tags?post=33029"}],"curies":[{"name":"wp","href":"https:\/\/api.w.org\/{rel}","templated":true}]}}