{"id":32926,"date":"2020-02-26T11:56:35","date_gmt":"2020-02-26T10:56:35","guid":{"rendered":"https:\/\/conversesacatalunya.cat\/els-pressupostos-de-lestat-han-de-contemplar-limpacte-del-coronavirus\/"},"modified":"2020-02-26T15:09:49","modified_gmt":"2020-02-26T14:09:49","slug":"los-presupuestos-del-estado-deben-contemplar-el-impacto-del-coronavirus","status":"publish","type":"post","link":"https:\/\/conversesacatalunya.cat\/es\/los-presupuestos-del-estado-deben-contemplar-el-impacto-del-coronavirus\/","title":{"rendered":"Los presupuestos del estado deben contemplar el impacto del coronavirus"},"content":{"rendered":"<p>El Gobierno y todos los partidos pol\u00edticos no pueden abordar el anteproyecto de presupuesto, incluido el techo de gasto y su debate en la c\u00e1mara, sin prever el <strong>impacto del coronavirus<\/strong>. De lo contrario, se incurrir\u00e1 en una ficci\u00f3n que castigar\u00e1 el d\u00e9ficit y la deuda espa\u00f1ola, que ya es peligrosamente alto.<\/p>\n<p>A estas alturas ya queda claro que como m\u00ednimo China sufrir\u00e1 una p\u00e9rdida importante en su actividad econ\u00f3mica. De hecho, el impacto que est\u00e1 teniendo en aquella sociedad es el mayor registrado por un problema sanitario en la China contempor\u00e1nea. Y este pa\u00eds representa el <strong>20% del PIB mundial<\/strong>. La consecuencia es evidente y ya se hace patente en la actividad econ\u00f3mica europea y de nuestro pa\u00eds. Por ejemplo: el sector porcino, uno de los m\u00e1s importantes del \u00e1mbito agrario y uno de los pocos que iba bien gracias a las exportaciones a China, ve congelada en el sentido m\u00e1s literal del t\u00e9rmino su actividad comercial porque<strong> la carne dedicada a la exportaci\u00f3n se acumula en las c\u00e1maras frigor\u00edficas<\/strong> a la espera de poder ser consumida en ese pa\u00eds. Evidentemente, otro sector que quedar\u00e1 afectado ser\u00e1 el del turismo.<\/p>\n<p>Pero no se trata s\u00f3lo del efecto chino. <strong>La r\u00e1pida propagaci\u00f3n de la epidemia en el norte de Italia<\/strong>, de una manera que a\u00fan se desconoce c\u00f3mo ha podido ser, impacta sobre un territorio que representa m\u00e1s del 30% de la producci\u00f3n italiana y tiene muchas posibilidades de extenderse a la mayor parte del pa\u00eds. Ya hay reacciones que tienden a restringir el libre paso de personas, como es el caso de Austria en relaci\u00f3n con Italia. Si los casos observados en otros lugares, como Francia y Alemania, se multiplican y se extienden a pa\u00edses como Espa\u00f1a, donde el impacto es todav\u00eda anecd\u00f3tico, es evidente que las dificultades econ\u00f3micas se multiplicar\u00e1n.<\/p>\n<p>No es un dato menor que <strong>la bolsa<\/strong>, que hasta ahora se hab\u00eda mantenido impasible ante este hecho, registr\u00f3 el d\u00eda 24 una <a href=\"https:\/\/conversesacatalunya.cat\/es\/el-panic-sescampa-al-mercat-borsari\/\" target=\"_blank\" rel=\"noopener noreferrer\">ca\u00edda espectacular<\/a>. En el caso del Ibex han sido 4 puntos de una sola tacada y no est\u00e1 claro que no contin\u00fae el descenso. Es un hecho que las bolsas siempre sobreact\u00faan, pero tambi\u00e9n lo es que constituyen un indicador de las percepciones y perspectivas econ\u00f3micas, y esto es mucho en una econom\u00eda de mercado porque condiciona el comportamiento de los agentes econ\u00f3micos.<\/p>\n<p>En resumen, <span class='bctt-click-to-tweet'><span class='bctt-ctt-text'><a href='https:\/\/twitter.com\/intent\/tweet?url=https%3A%2F%2Fconversesacatalunya.cat%2Fes%2Flos-presupuestos-del-estado-deben-contemplar-el-impacto-del-coronavirus%2F&#038;text=El%20coronavirus%20afectar%C3%A1%20al%20PIB.%20Espa%C3%B1a%20no%20crecer%C3%A1%20al%20ritmo%20previsto%20para%202020&#038;via=conversesacat&#038;related=conversesacat' target='_blank'rel=\"noopener noreferrer\">El coronavirus afectar\u00e1 al PIB. Espa\u00f1a no crecer\u00e1 al ritmo previsto para 2020 <\/a><\/span><a href='https:\/\/twitter.com\/intent\/tweet?url=https%3A%2F%2Fconversesacatalunya.cat%2Fes%2Flos-presupuestos-del-estado-deben-contemplar-el-impacto-del-coronavirus%2F&#038;text=El%20coronavirus%20afectar%C3%A1%20al%20PIB.%20Espa%C3%B1a%20no%20crecer%C3%A1%20al%20ritmo%20previsto%20para%202020&#038;via=conversesacat&#038;related=conversesacat' target='_blank' class='bctt-ctt-btn'rel=\"noopener noreferrer\">Compartir en X<\/a><\/span>\n<p>Y la cuesti\u00f3n que deber\u00eda oficializar el gobierno es cu\u00e1ntas d\u00e9cimas reduce esta valoraci\u00f3n y como reajusta en consecuencia las perspectivas de ingresos y gastos.<\/p>\n","protected":false},"excerpt":{"rendered":"<p>El Gobierno y todos los partidos pol\u00edticos no pueden abordar el anteproyecto de presupuesto, incluido el techo de gasto y su debate en la c\u00e1mara, sin prever el impacto del coronavirus. De lo contrario, se incurrir\u00e1 en una ficci\u00f3n que castigar\u00e1 el d\u00e9ficit y la deuda espa\u00f1ola, que ya es peligrosamente alto. A estas alturas ya queda claro que como m\u00ednimo China sufrir\u00e1 una p\u00e9rdida importante en su actividad econ\u00f3mica. De hecho, el impacto que est\u00e1 teniendo en aquella sociedad es el mayor registrado por un problema sanitario en la China contempor\u00e1nea. Y este pa\u00eds representa el 20% del PIB mundial. La consecuencia es evidente y ya se hace patente en la actividad econ\u00f3mica europea y de nuestro pa\u00eds. Por ejemplo: el sector porcino, uno de los m\u00e1s importantes del \u00e1mbito agrario y uno de los pocos que iba bien gracias a las exportaciones a China, ve congelada en el sentido m\u00e1s literal del t\u00e9rmino su actividad comercial porque la carne dedicada a la exportaci\u00f3n se acumula en las c\u00e1maras frigor\u00edficas a la espera de poder ser consumida en ese pa\u00eds. Evidentemente, otro sector que quedar\u00e1 afectado ser\u00e1 el del turismo. Pero no se trata s\u00f3lo del efecto chino. La r\u00e1pida propagaci\u00f3n de la epidemia en el norte de Italia, de una manera que a\u00fan se desconoce c\u00f3mo ha podido ser, impacta sobre un territorio que representa m\u00e1s del 30% de la producci\u00f3n italiana y tiene muchas posibilidades de extenderse a la mayor parte del pa\u00eds. Ya hay reacciones que tienden a restringir el libre paso de personas, como es el caso de Austria en relaci\u00f3n con Italia. Si los casos observados en otros lugares, como Francia y Alemania, se multiplican y se extienden a pa\u00edses como Espa\u00f1a, donde el impacto es todav\u00eda anecd\u00f3tico, es evidente que las dificultades econ\u00f3micas se multiplicar\u00e1n. No es un dato menor que la bolsa, que hasta ahora se hab\u00eda mantenido impasible ante este hecho, registr\u00f3 el d\u00eda 24 una ca\u00edda espectacular. En el caso del Ibex han sido 4 puntos de una sola tacada y no est\u00e1 claro que no contin\u00fae el descenso. Es un hecho que las bolsas siempre sobreact\u00faan, pero tambi\u00e9n lo es que constituyen un indicador de las percepciones y perspectivas econ\u00f3micas, y esto es mucho en una econom\u00eda de mercado porque condiciona el comportamiento de los agentes econ\u00f3micos. En resumen, Y la cuesti\u00f3n que deber\u00eda oficializar el gobierno es cu\u00e1ntas d\u00e9cimas reduce esta valoraci\u00f3n y como reajusta en consecuencia las perspectivas de ingresos y gastos.<\/p>\n","protected":false},"author":2,"featured_media":32881,"comment_status":"open","ping_status":"open","sticky":false,"template":"","format":"standard","meta":{"_FSMCFIC_featured_image_caption":"","_FSMCFIC_featured_image_nocaption":"","_FSMCFIC_featured_image_hide":"","footnotes":""},"categories":[1772,806],"tags":[1547,1546,1748,1766],"class_list":["post-32926","post","type-post","status-publish","format-standard","has-post-thumbnail","hentry","category-especial-coronavirus-es","category-punts-claus-del-dia-es","tag-bolsa","tag-borsa-es","tag-pressupostos-es","tag-presupuestos"],"yoast_head":"<!-- This site is optimized with the Yoast SEO plugin v26.8 - https:\/\/yoast.com\/product\/yoast-seo-wordpress\/ -->\n<title>Los presupuestos del estado deben contemplar el impacto del coronavirus - Converses a Catalunya<\/title>\n<meta name=\"robots\" content=\"index, follow, max-snippet:-1, max-image-preview:large, max-video-preview:-1\" \/>\n<link rel=\"canonical\" href=\"https:\/\/conversesacatalunya.cat\/es\/los-presupuestos-del-estado-deben-contemplar-el-impacto-del-coronavirus\/\" \/>\n<meta property=\"og:locale\" content=\"es_ES\" \/>\n<meta property=\"og:type\" content=\"article\" \/>\n<meta property=\"og:title\" content=\"Los presupuestos del estado deben contemplar el impacto del coronavirus - Converses a Catalunya\" \/>\n<meta property=\"og:description\" content=\"El Gobierno y todos los partidos pol\u00edticos no pueden abordar el anteproyecto de presupuesto, incluido el techo de gasto y su debate en la c\u00e1mara, sin prever el impacto del coronavirus. De lo contrario, se incurrir\u00e1 en una ficci\u00f3n que castigar\u00e1 el d\u00e9ficit y la deuda espa\u00f1ola, que ya es peligrosamente alto. A estas alturas ya queda claro que como m\u00ednimo China sufrir\u00e1 una p\u00e9rdida importante en su actividad econ\u00f3mica. De hecho, el impacto que est\u00e1 teniendo en aquella sociedad es el mayor registrado por un problema sanitario en la China contempor\u00e1nea. Y este pa\u00eds representa el 20% del PIB mundial. La consecuencia es evidente y ya se hace patente en la actividad econ\u00f3mica europea y de nuestro pa\u00eds. Por ejemplo: el sector porcino, uno de los m\u00e1s importantes del \u00e1mbito agrario y uno de los pocos que iba bien gracias a las exportaciones a China, ve congelada en el sentido m\u00e1s literal del t\u00e9rmino su actividad comercial porque la carne dedicada a la exportaci\u00f3n se acumula en las c\u00e1maras frigor\u00edficas a la espera de poder ser consumida en ese pa\u00eds. Evidentemente, otro sector que quedar\u00e1 afectado ser\u00e1 el del turismo. Pero no se trata s\u00f3lo del efecto chino. La r\u00e1pida propagaci\u00f3n de la epidemia en el norte de Italia, de una manera que a\u00fan se desconoce c\u00f3mo ha podido ser, impacta sobre un territorio que representa m\u00e1s del 30% de la producci\u00f3n italiana y tiene muchas posibilidades de extenderse a la mayor parte del pa\u00eds. Ya hay reacciones que tienden a restringir el libre paso de personas, como es el caso de Austria en relaci\u00f3n con Italia. Si los casos observados en otros lugares, como Francia y Alemania, se multiplican y se extienden a pa\u00edses como Espa\u00f1a, donde el impacto es todav\u00eda anecd\u00f3tico, es evidente que las dificultades econ\u00f3micas se multiplicar\u00e1n. No es un dato menor que la bolsa, que hasta ahora se hab\u00eda mantenido impasible ante este hecho, registr\u00f3 el d\u00eda 24 una ca\u00edda espectacular. En el caso del Ibex han sido 4 puntos de una sola tacada y no est\u00e1 claro que no contin\u00fae el descenso. Es un hecho que las bolsas siempre sobreact\u00faan, pero tambi\u00e9n lo es que constituyen un indicador de las percepciones y perspectivas econ\u00f3micas, y esto es mucho en una econom\u00eda de mercado porque condiciona el comportamiento de los agentes econ\u00f3micos. En resumen, Y la cuesti\u00f3n que deber\u00eda oficializar el gobierno es cu\u00e1ntas d\u00e9cimas reduce esta valoraci\u00f3n y como reajusta en consecuencia las perspectivas de ingresos y gastos.\" \/>\n<meta property=\"og:url\" content=\"https:\/\/conversesacatalunya.cat\/es\/los-presupuestos-del-estado-deben-contemplar-el-impacto-del-coronavirus\/\" \/>\n<meta property=\"og:site_name\" content=\"Converses a Catalunya\" \/>\n<meta property=\"article:published_time\" content=\"2020-02-26T10:56:35+00:00\" \/>\n<meta property=\"article:modified_time\" content=\"2020-02-26T14:09:49+00:00\" \/>\n<meta property=\"og:image\" content=\"https:\/\/conversesacatalunya.cat\/wp-content\/uploads\/2020\/02\/coronavirusesp.jpg\" \/>\n\t<meta property=\"og:image:width\" content=\"991\" \/>\n\t<meta property=\"og:image:height\" content=\"558\" \/>\n\t<meta property=\"og:image:type\" content=\"image\/jpeg\" \/>\n<meta name=\"author\" content=\"conversesacatalunya\" \/>\n<meta name=\"twitter:card\" content=\"summary_large_image\" \/>\n<meta name=\"twitter:label1\" content=\"Escrito por\" \/>\n\t<meta name=\"twitter:data1\" content=\"conversesacatalunya\" \/>\n\t<meta name=\"twitter:label2\" content=\"Tiempo de lectura\" \/>\n\t<meta name=\"twitter:data2\" content=\"2 minutos\" \/>\n<script type=\"application\/ld+json\" class=\"yoast-schema-graph\">{\"@context\":\"https:\/\/schema.org\",\"@graph\":[{\"@type\":\"Article\",\"@id\":\"https:\/\/conversesacatalunya.cat\/es\/los-presupuestos-del-estado-deben-contemplar-el-impacto-del-coronavirus\/#article\",\"isPartOf\":{\"@id\":\"https:\/\/conversesacatalunya.cat\/es\/los-presupuestos-del-estado-deben-contemplar-el-impacto-del-coronavirus\/\"},\"author\":{\"name\":\"conversesacatalunya\",\"@id\":\"https:\/\/conversesacatalunya.cat\/#\/schema\/person\/7e24d1e54a2785373ddcb275eae5ed99\"},\"headline\":\"Los presupuestos del estado deben contemplar el impacto del coronavirus\",\"datePublished\":\"2020-02-26T10:56:35+00:00\",\"dateModified\":\"2020-02-26T14:09:49+00:00\",\"mainEntityOfPage\":{\"@id\":\"https:\/\/conversesacatalunya.cat\/es\/los-presupuestos-del-estado-deben-contemplar-el-impacto-del-coronavirus\/\"},\"wordCount\":486,\"commentCount\":0,\"image\":{\"@id\":\"https:\/\/conversesacatalunya.cat\/es\/los-presupuestos-del-estado-deben-contemplar-el-impacto-del-coronavirus\/#primaryimage\"},\"thumbnailUrl\":\"https:\/\/conversesacatalunya.cat\/wp-content\/uploads\/2020\/02\/coronavirusesp.jpg\",\"keywords\":[\"Bolsa\",\"Borsa\",\"pressupostos\",\"presupuestos\"],\"articleSection\":[\"Especial Coronavirus (ES)\",\"Punts clau del dia (ES)\"],\"inLanguage\":\"es\",\"potentialAction\":[{\"@type\":\"CommentAction\",\"name\":\"Comment\",\"target\":[\"https:\/\/conversesacatalunya.cat\/es\/los-presupuestos-del-estado-deben-contemplar-el-impacto-del-coronavirus\/#respond\"]}]},{\"@type\":\"WebPage\",\"@id\":\"https:\/\/conversesacatalunya.cat\/es\/los-presupuestos-del-estado-deben-contemplar-el-impacto-del-coronavirus\/\",\"url\":\"https:\/\/conversesacatalunya.cat\/es\/los-presupuestos-del-estado-deben-contemplar-el-impacto-del-coronavirus\/\",\"name\":\"Los presupuestos del estado deben contemplar el impacto del coronavirus - Converses a Catalunya\",\"isPartOf\":{\"@id\":\"https:\/\/conversesacatalunya.cat\/#website\"},\"primaryImageOfPage\":{\"@id\":\"https:\/\/conversesacatalunya.cat\/es\/los-presupuestos-del-estado-deben-contemplar-el-impacto-del-coronavirus\/#primaryimage\"},\"image\":{\"@id\":\"https:\/\/conversesacatalunya.cat\/es\/los-presupuestos-del-estado-deben-contemplar-el-impacto-del-coronavirus\/#primaryimage\"},\"thumbnailUrl\":\"https:\/\/conversesacatalunya.cat\/wp-content\/uploads\/2020\/02\/coronavirusesp.jpg\",\"datePublished\":\"2020-02-26T10:56:35+00:00\",\"dateModified\":\"2020-02-26T14:09:49+00:00\",\"author\":{\"@id\":\"https:\/\/conversesacatalunya.cat\/#\/schema\/person\/7e24d1e54a2785373ddcb275eae5ed99\"},\"breadcrumb\":{\"@id\":\"https:\/\/conversesacatalunya.cat\/es\/los-presupuestos-del-estado-deben-contemplar-el-impacto-del-coronavirus\/#breadcrumb\"},\"inLanguage\":\"es\",\"potentialAction\":[{\"@type\":\"ReadAction\",\"target\":[\"https:\/\/conversesacatalunya.cat\/es\/los-presupuestos-del-estado-deben-contemplar-el-impacto-del-coronavirus\/\"]}]},{\"@type\":\"ImageObject\",\"inLanguage\":\"es\",\"@id\":\"https:\/\/conversesacatalunya.cat\/es\/los-presupuestos-del-estado-deben-contemplar-el-impacto-del-coronavirus\/#primaryimage\",\"url\":\"https:\/\/conversesacatalunya.cat\/wp-content\/uploads\/2020\/02\/coronavirusesp.jpg\",\"contentUrl\":\"https:\/\/conversesacatalunya.cat\/wp-content\/uploads\/2020\/02\/coronavirusesp.jpg\",\"width\":991,\"height\":558,\"caption\":\"impacte del coronavirus\"},{\"@type\":\"BreadcrumbList\",\"@id\":\"https:\/\/conversesacatalunya.cat\/es\/los-presupuestos-del-estado-deben-contemplar-el-impacto-del-coronavirus\/#breadcrumb\",\"itemListElement\":[{\"@type\":\"ListItem\",\"position\":1,\"name\":\"Inici\",\"item\":\"https:\/\/conversesacatalunya.cat\/es\/\"},{\"@type\":\"ListItem\",\"position\":2,\"name\":\"Los presupuestos del estado deben contemplar el impacto del coronavirus\"}]},{\"@type\":\"WebSite\",\"@id\":\"https:\/\/conversesacatalunya.cat\/#website\",\"url\":\"https:\/\/conversesacatalunya.cat\/\",\"name\":\"Converses a Catalunya\",\"description\":\"\",\"potentialAction\":[{\"@type\":\"SearchAction\",\"target\":{\"@type\":\"EntryPoint\",\"urlTemplate\":\"https:\/\/conversesacatalunya.cat\/?s={search_term_string}\"},\"query-input\":{\"@type\":\"PropertyValueSpecification\",\"valueRequired\":true,\"valueName\":\"search_term_string\"}}],\"inLanguage\":\"es\"},{\"@type\":\"Person\",\"@id\":\"https:\/\/conversesacatalunya.cat\/#\/schema\/person\/7e24d1e54a2785373ddcb275eae5ed99\",\"name\":\"conversesacatalunya\",\"image\":{\"@type\":\"ImageObject\",\"inLanguage\":\"es\",\"@id\":\"https:\/\/conversesacatalunya.cat\/#\/schema\/person\/image\/\",\"url\":\"https:\/\/conversesacatalunya.cat\/wp-content\/litespeed\/avatar\/febdfeeec89d950f01c748045a981dd2.jpg?ver=1777314535\",\"contentUrl\":\"https:\/\/conversesacatalunya.cat\/wp-content\/litespeed\/avatar\/febdfeeec89d950f01c748045a981dd2.jpg?ver=1777314535\",\"caption\":\"conversesacatalunya\"},\"url\":\"https:\/\/conversesacatalunya.cat\/es\/author\/carme_catala\/\"}]}<\/script>\n<!-- \/ Yoast SEO plugin. -->","yoast_head_json":{"title":"Los presupuestos del estado deben contemplar el impacto del coronavirus - Converses a Catalunya","robots":{"index":"index","follow":"follow","max-snippet":"max-snippet:-1","max-image-preview":"max-image-preview:large","max-video-preview":"max-video-preview:-1"},"canonical":"https:\/\/conversesacatalunya.cat\/es\/los-presupuestos-del-estado-deben-contemplar-el-impacto-del-coronavirus\/","og_locale":"es_ES","og_type":"article","og_title":"Los presupuestos del estado deben contemplar el impacto del coronavirus - Converses a Catalunya","og_description":"El Gobierno y todos los partidos pol\u00edticos no pueden abordar el anteproyecto de presupuesto, incluido el techo de gasto y su debate en la c\u00e1mara, sin prever el impacto del coronavirus. De lo contrario, se incurrir\u00e1 en una ficci\u00f3n que castigar\u00e1 el d\u00e9ficit y la deuda espa\u00f1ola, que ya es peligrosamente alto. A estas alturas ya queda claro que como m\u00ednimo China sufrir\u00e1 una p\u00e9rdida importante en su actividad econ\u00f3mica. De hecho, el impacto que est\u00e1 teniendo en aquella sociedad es el mayor registrado por un problema sanitario en la China contempor\u00e1nea. Y este pa\u00eds representa el 20% del PIB mundial. La consecuencia es evidente y ya se hace patente en la actividad econ\u00f3mica europea y de nuestro pa\u00eds. Por ejemplo: el sector porcino, uno de los m\u00e1s importantes del \u00e1mbito agrario y uno de los pocos que iba bien gracias a las exportaciones a China, ve congelada en el sentido m\u00e1s literal del t\u00e9rmino su actividad comercial porque la carne dedicada a la exportaci\u00f3n se acumula en las c\u00e1maras frigor\u00edficas a la espera de poder ser consumida en ese pa\u00eds. Evidentemente, otro sector que quedar\u00e1 afectado ser\u00e1 el del turismo. Pero no se trata s\u00f3lo del efecto chino. La r\u00e1pida propagaci\u00f3n de la epidemia en el norte de Italia, de una manera que a\u00fan se desconoce c\u00f3mo ha podido ser, impacta sobre un territorio que representa m\u00e1s del 30% de la producci\u00f3n italiana y tiene muchas posibilidades de extenderse a la mayor parte del pa\u00eds. Ya hay reacciones que tienden a restringir el libre paso de personas, como es el caso de Austria en relaci\u00f3n con Italia. Si los casos observados en otros lugares, como Francia y Alemania, se multiplican y se extienden a pa\u00edses como Espa\u00f1a, donde el impacto es todav\u00eda anecd\u00f3tico, es evidente que las dificultades econ\u00f3micas se multiplicar\u00e1n. No es un dato menor que la bolsa, que hasta ahora se hab\u00eda mantenido impasible ante este hecho, registr\u00f3 el d\u00eda 24 una ca\u00edda espectacular. En el caso del Ibex han sido 4 puntos de una sola tacada y no est\u00e1 claro que no contin\u00fae el descenso. Es un hecho que las bolsas siempre sobreact\u00faan, pero tambi\u00e9n lo es que constituyen un indicador de las percepciones y perspectivas econ\u00f3micas, y esto es mucho en una econom\u00eda de mercado porque condiciona el comportamiento de los agentes econ\u00f3micos. En resumen, Y la cuesti\u00f3n que deber\u00eda oficializar el gobierno es cu\u00e1ntas d\u00e9cimas reduce esta valoraci\u00f3n y como reajusta en consecuencia las perspectivas de ingresos y gastos.","og_url":"https:\/\/conversesacatalunya.cat\/es\/los-presupuestos-del-estado-deben-contemplar-el-impacto-del-coronavirus\/","og_site_name":"Converses a Catalunya","article_published_time":"2020-02-26T10:56:35+00:00","article_modified_time":"2020-02-26T14:09:49+00:00","og_image":[{"width":991,"height":558,"url":"https:\/\/conversesacatalunya.cat\/wp-content\/uploads\/2020\/02\/coronavirusesp.jpg","type":"image\/jpeg"}],"author":"conversesacatalunya","twitter_card":"summary_large_image","twitter_misc":{"Escrito por":"conversesacatalunya","Tiempo de lectura":"2 minutos"},"schema":{"@context":"https:\/\/schema.org","@graph":[{"@type":"Article","@id":"https:\/\/conversesacatalunya.cat\/es\/los-presupuestos-del-estado-deben-contemplar-el-impacto-del-coronavirus\/#article","isPartOf":{"@id":"https:\/\/conversesacatalunya.cat\/es\/los-presupuestos-del-estado-deben-contemplar-el-impacto-del-coronavirus\/"},"author":{"name":"conversesacatalunya","@id":"https:\/\/conversesacatalunya.cat\/#\/schema\/person\/7e24d1e54a2785373ddcb275eae5ed99"},"headline":"Los presupuestos del estado deben contemplar el impacto del coronavirus","datePublished":"2020-02-26T10:56:35+00:00","dateModified":"2020-02-26T14:09:49+00:00","mainEntityOfPage":{"@id":"https:\/\/conversesacatalunya.cat\/es\/los-presupuestos-del-estado-deben-contemplar-el-impacto-del-coronavirus\/"},"wordCount":486,"commentCount":0,"image":{"@id":"https:\/\/conversesacatalunya.cat\/es\/los-presupuestos-del-estado-deben-contemplar-el-impacto-del-coronavirus\/#primaryimage"},"thumbnailUrl":"https:\/\/conversesacatalunya.cat\/wp-content\/uploads\/2020\/02\/coronavirusesp.jpg","keywords":["Bolsa","Borsa","pressupostos","presupuestos"],"articleSection":["Especial Coronavirus (ES)","Punts clau del dia (ES)"],"inLanguage":"es","potentialAction":[{"@type":"CommentAction","name":"Comment","target":["https:\/\/conversesacatalunya.cat\/es\/los-presupuestos-del-estado-deben-contemplar-el-impacto-del-coronavirus\/#respond"]}]},{"@type":"WebPage","@id":"https:\/\/conversesacatalunya.cat\/es\/los-presupuestos-del-estado-deben-contemplar-el-impacto-del-coronavirus\/","url":"https:\/\/conversesacatalunya.cat\/es\/los-presupuestos-del-estado-deben-contemplar-el-impacto-del-coronavirus\/","name":"Los presupuestos del estado deben contemplar el impacto del coronavirus - Converses a Catalunya","isPartOf":{"@id":"https:\/\/conversesacatalunya.cat\/#website"},"primaryImageOfPage":{"@id":"https:\/\/conversesacatalunya.cat\/es\/los-presupuestos-del-estado-deben-contemplar-el-impacto-del-coronavirus\/#primaryimage"},"image":{"@id":"https:\/\/conversesacatalunya.cat\/es\/los-presupuestos-del-estado-deben-contemplar-el-impacto-del-coronavirus\/#primaryimage"},"thumbnailUrl":"https:\/\/conversesacatalunya.cat\/wp-content\/uploads\/2020\/02\/coronavirusesp.jpg","datePublished":"2020-02-26T10:56:35+00:00","dateModified":"2020-02-26T14:09:49+00:00","author":{"@id":"https:\/\/conversesacatalunya.cat\/#\/schema\/person\/7e24d1e54a2785373ddcb275eae5ed99"},"breadcrumb":{"@id":"https:\/\/conversesacatalunya.cat\/es\/los-presupuestos-del-estado-deben-contemplar-el-impacto-del-coronavirus\/#breadcrumb"},"inLanguage":"es","potentialAction":[{"@type":"ReadAction","target":["https:\/\/conversesacatalunya.cat\/es\/los-presupuestos-del-estado-deben-contemplar-el-impacto-del-coronavirus\/"]}]},{"@type":"ImageObject","inLanguage":"es","@id":"https:\/\/conversesacatalunya.cat\/es\/los-presupuestos-del-estado-deben-contemplar-el-impacto-del-coronavirus\/#primaryimage","url":"https:\/\/conversesacatalunya.cat\/wp-content\/uploads\/2020\/02\/coronavirusesp.jpg","contentUrl":"https:\/\/conversesacatalunya.cat\/wp-content\/uploads\/2020\/02\/coronavirusesp.jpg","width":991,"height":558,"caption":"impacte del coronavirus"},{"@type":"BreadcrumbList","@id":"https:\/\/conversesacatalunya.cat\/es\/los-presupuestos-del-estado-deben-contemplar-el-impacto-del-coronavirus\/#breadcrumb","itemListElement":[{"@type":"ListItem","position":1,"name":"Inici","item":"https:\/\/conversesacatalunya.cat\/es\/"},{"@type":"ListItem","position":2,"name":"Los presupuestos del estado deben contemplar el impacto del coronavirus"}]},{"@type":"WebSite","@id":"https:\/\/conversesacatalunya.cat\/#website","url":"https:\/\/conversesacatalunya.cat\/","name":"Converses a Catalunya","description":"","potentialAction":[{"@type":"SearchAction","target":{"@type":"EntryPoint","urlTemplate":"https:\/\/conversesacatalunya.cat\/?s={search_term_string}"},"query-input":{"@type":"PropertyValueSpecification","valueRequired":true,"valueName":"search_term_string"}}],"inLanguage":"es"},{"@type":"Person","@id":"https:\/\/conversesacatalunya.cat\/#\/schema\/person\/7e24d1e54a2785373ddcb275eae5ed99","name":"conversesacatalunya","image":{"@type":"ImageObject","inLanguage":"es","@id":"https:\/\/conversesacatalunya.cat\/#\/schema\/person\/image\/","url":"https:\/\/conversesacatalunya.cat\/wp-content\/litespeed\/avatar\/febdfeeec89d950f01c748045a981dd2.jpg?ver=1777314535","contentUrl":"https:\/\/conversesacatalunya.cat\/wp-content\/litespeed\/avatar\/febdfeeec89d950f01c748045a981dd2.jpg?ver=1777314535","caption":"conversesacatalunya"},"url":"https:\/\/conversesacatalunya.cat\/es\/author\/carme_catala\/"}]}},"wps_subtitle":"","_links":{"self":[{"href":"https:\/\/conversesacatalunya.cat\/es\/wp-json\/wp\/v2\/posts\/32926","targetHints":{"allow":["GET"]}}],"collection":[{"href":"https:\/\/conversesacatalunya.cat\/es\/wp-json\/wp\/v2\/posts"}],"about":[{"href":"https:\/\/conversesacatalunya.cat\/es\/wp-json\/wp\/v2\/types\/post"}],"author":[{"embeddable":true,"href":"https:\/\/conversesacatalunya.cat\/es\/wp-json\/wp\/v2\/users\/2"}],"replies":[{"embeddable":true,"href":"https:\/\/conversesacatalunya.cat\/es\/wp-json\/wp\/v2\/comments?post=32926"}],"version-history":[{"count":2,"href":"https:\/\/conversesacatalunya.cat\/es\/wp-json\/wp\/v2\/posts\/32926\/revisions"}],"predecessor-version":[{"id":32927,"href":"https:\/\/conversesacatalunya.cat\/es\/wp-json\/wp\/v2\/posts\/32926\/revisions\/32927"}],"wp:featuredmedia":[{"embeddable":true,"href":"https:\/\/conversesacatalunya.cat\/es\/wp-json\/wp\/v2\/media\/32881"}],"wp:attachment":[{"href":"https:\/\/conversesacatalunya.cat\/es\/wp-json\/wp\/v2\/media?parent=32926"}],"wp:term":[{"taxonomy":"category","embeddable":true,"href":"https:\/\/conversesacatalunya.cat\/es\/wp-json\/wp\/v2\/categories?post=32926"},{"taxonomy":"post_tag","embeddable":true,"href":"https:\/\/conversesacatalunya.cat\/es\/wp-json\/wp\/v2\/tags?post=32926"}],"curies":[{"name":"wp","href":"https:\/\/api.w.org\/{rel}","templated":true}]}}