{"id":32907,"date":"2020-02-26T12:41:38","date_gmt":"2020-02-26T11:41:38","guid":{"rendered":"https:\/\/conversesacatalunya.cat\/infografia-els-10-fets-que-has-de-saber-del-coronavirus\/"},"modified":"2020-02-26T12:46:32","modified_gmt":"2020-02-26T11:46:32","slug":"infografia-els-10-fets-que-has-de-saber-del-coronavirus","status":"publish","type":"post","link":"https:\/\/conversesacatalunya.cat\/es\/infografia-els-10-fets-que-has-de-saber-del-coronavirus\/","title":{"rendered":"Infograf\u00eda.- Los 10 hechos que debes saber del coronavirus"},"content":{"rendered":"<p>Catalu\u00f1a tiene su primer caso de coronavirus. El\u00a0<b>Departament de Salut\u00a0<\/b>de la Generalitat ha confirmado que una persona que ingres\u00f3 en el Hospital Cl\u00ednico de Barcelona constituye el cuarto caso de\u00a0<b>Covid-19<\/b>\u00a0confirmado en Espa\u00f1a. Se trata del primero que se da en la pen\u00ednsula tras los dos pacientes detectados en Canarias y uno en Mallorca.<\/p>\n<p>El secretario de Salut P\u00fablica, Joan Guix, acompa\u00f1ado de la gerente de procesos integrales de Salut del Servei Catal\u00e0 de la Salut, Assumpta Ricard, ha confirmado en una rueda de prensa que la persona infectada es\u00a0<b>una mujer de 36 a\u00f1os de nacionalidad italiana residente en Barcelona<\/b>.<\/p>\n<p>Esta mujer, residente en la ciudad condal, viaj\u00f3 del 12 al 22 de febrero a la zona de Mil\u00e1n y B\u00e9rgamo y, tras sentir ligeros s\u00edntomas de enfermedad, \u201ccontact\u00f3 con el Hospital Cl\u00ednico la pasada noche\u201d del lunes y se le hizo el test.<\/p>\n<h2>El noveno coronavirus humano<\/h2>\n<p>Son muchas las informaciones que corren sobre este\u00a0<a href=\"https:\/\/www.who.int\/emergencies\/diseases\/novel-coronavirus-2019\" target=\"_blank\" rel=\"noopener noreferrer\">virus<\/a>, el noveno coronavirus que se detecta que afecte al ser humano. Algunas de esas informaciones son alarmistas, otras catastrofistas y las m\u00e1s tratan\u00a0<a href=\"https:\/\/www.forumlibertas.com\/el-coronavirus-podria-llevar-a-europa-a-la-recesion\/\" target=\"_blank\" rel=\"noopener noreferrer\">el tema<\/a>\u00a0con ponderaci\u00f3n.<\/p>\n<p>Sin embargo,\u00a0<strong>se hace necesario desarrollar una aproximaci\u00f3n cient\u00edfica basada en la raz\u00f3n de los hechos que componen el episodio que protagoniza el coronavirus Covid-19<\/strong>. A continuaci\u00f3n, los 10 hechos cient\u00edficos del coronavirus:<\/p>\n<p><img fetchpriority=\"high\" decoding=\"async\" class=\"aligncenter wp-image-32901 size-full\" src=\"https:\/\/conversesacatalunya.cat\/wp-content\/uploads\/2020\/02\/Los-10-hechos-del-coronavirus.png\" alt=\"coronavirus \" width=\"800\" height=\"2000\" srcset=\"https:\/\/conversesacatalunya.cat\/wp-content\/uploads\/2020\/02\/Los-10-hechos-del-coronavirus.png 800w, https:\/\/conversesacatalunya.cat\/wp-content\/uploads\/2020\/02\/Los-10-hechos-del-coronavirus-120x300.png 120w, https:\/\/conversesacatalunya.cat\/wp-content\/uploads\/2020\/02\/Los-10-hechos-del-coronavirus-410x1024.png 410w, https:\/\/conversesacatalunya.cat\/wp-content\/uploads\/2020\/02\/Los-10-hechos-del-coronavirus-614x1536.png 614w\" sizes=\"(max-width: 800px) 100vw, 800px\" \/><\/p>\n","protected":false},"excerpt":{"rendered":"<p>Catalu\u00f1a tiene su primer caso de coronavirus. El\u00a0Departament de Salut\u00a0de la Generalitat ha confirmado que una persona que ingres\u00f3 en el Hospital Cl\u00ednico de Barcelona constituye el cuarto caso de\u00a0Covid-19\u00a0confirmado en Espa\u00f1a. Se trata del primero que se da en la pen\u00ednsula tras los dos pacientes detectados en Canarias y uno en Mallorca. El secretario de Salut P\u00fablica, Joan Guix, acompa\u00f1ado de la gerente de procesos integrales de Salut del Servei Catal\u00e0 de la Salut, Assumpta Ricard, ha confirmado en una rueda de prensa que la persona infectada es\u00a0una mujer de 36 a\u00f1os de nacionalidad italiana residente en Barcelona. Esta mujer, residente en la ciudad condal, viaj\u00f3 del 12 al 22 de febrero a la zona de Mil\u00e1n y B\u00e9rgamo y, tras sentir ligeros s\u00edntomas de enfermedad, \u201ccontact\u00f3 con el Hospital Cl\u00ednico la pasada noche\u201d del lunes y se le hizo el test. El noveno coronavirus humano Son muchas las informaciones que corren sobre este\u00a0virus, el noveno coronavirus que se detecta que afecte al ser humano. Algunas de esas informaciones son alarmistas, otras catastrofistas y las m\u00e1s tratan\u00a0el tema\u00a0con ponderaci\u00f3n. Sin embargo,\u00a0se hace necesario desarrollar una aproximaci\u00f3n cient\u00edfica basada en la raz\u00f3n de los hechos que componen el episodio que protagoniza el coronavirus Covid-19. A continuaci\u00f3n, los 10 hechos cient\u00edficos del coronavirus:<\/p>\n","protected":false},"author":2,"featured_media":32904,"comment_status":"open","ping_status":"open","sticky":false,"template":"","format":"standard","meta":{"_FSMCFIC_featured_image_caption":"","_FSMCFIC_featured_image_nocaption":"","_FSMCFIC_featured_image_hide":"","footnotes":""},"categories":[1772,806],"tags":[1504],"class_list":["post-32907","post","type-post","status-publish","format-standard","has-post-thumbnail","hentry","category-especial-coronavirus-es","category-punts-claus-del-dia-es","tag-coronavirus-es"],"yoast_head":"<!-- This site is optimized with the Yoast SEO plugin v26.8 - https:\/\/yoast.com\/product\/yoast-seo-wordpress\/ -->\n<title>Infograf\u00eda.- Los 10 hechos que debes saber del coronavirus - Converses a Catalunya<\/title>\n<meta name=\"robots\" content=\"index, follow, max-snippet:-1, max-image-preview:large, max-video-preview:-1\" \/>\n<link rel=\"canonical\" href=\"https:\/\/conversesacatalunya.cat\/es\/infografia-els-10-fets-que-has-de-saber-del-coronavirus\/\" \/>\n<meta property=\"og:locale\" content=\"es_ES\" \/>\n<meta property=\"og:type\" content=\"article\" \/>\n<meta property=\"og:title\" content=\"Infograf\u00eda.- Los 10 hechos que debes saber del coronavirus - Converses a Catalunya\" \/>\n<meta property=\"og:description\" content=\"Catalu\u00f1a tiene su primer caso de coronavirus. El\u00a0Departament de Salut\u00a0de la Generalitat ha confirmado que una persona que ingres\u00f3 en el Hospital Cl\u00ednico de Barcelona constituye el cuarto caso de\u00a0Covid-19\u00a0confirmado en Espa\u00f1a. Se trata del primero que se da en la pen\u00ednsula tras los dos pacientes detectados en Canarias y uno en Mallorca. El secretario de Salut P\u00fablica, Joan Guix, acompa\u00f1ado de la gerente de procesos integrales de Salut del Servei Catal\u00e0 de la Salut, Assumpta Ricard, ha confirmado en una rueda de prensa que la persona infectada es\u00a0una mujer de 36 a\u00f1os de nacionalidad italiana residente en Barcelona. Esta mujer, residente en la ciudad condal, viaj\u00f3 del 12 al 22 de febrero a la zona de Mil\u00e1n y B\u00e9rgamo y, tras sentir ligeros s\u00edntomas de enfermedad, \u201ccontact\u00f3 con el Hospital Cl\u00ednico la pasada noche\u201d del lunes y se le hizo el test. El noveno coronavirus humano Son muchas las informaciones que corren sobre este\u00a0virus, el noveno coronavirus que se detecta que afecte al ser humano. Algunas de esas informaciones son alarmistas, otras catastrofistas y las m\u00e1s tratan\u00a0el tema\u00a0con ponderaci\u00f3n. Sin embargo,\u00a0se hace necesario desarrollar una aproximaci\u00f3n cient\u00edfica basada en la raz\u00f3n de los hechos que componen el episodio que protagoniza el coronavirus Covid-19. A continuaci\u00f3n, los 10 hechos cient\u00edficos del coronavirus:\" \/>\n<meta property=\"og:url\" content=\"https:\/\/conversesacatalunya.cat\/es\/infografia-els-10-fets-que-has-de-saber-del-coronavirus\/\" \/>\n<meta property=\"og:site_name\" content=\"Converses a Catalunya\" \/>\n<meta property=\"article:published_time\" content=\"2020-02-26T11:41:38+00:00\" \/>\n<meta property=\"article:modified_time\" content=\"2020-02-26T11:46:32+00:00\" \/>\n<meta property=\"og:image\" content=\"https:\/\/conversesacatalunya.cat\/wp-content\/uploads\/2020\/02\/coronavirus-covid19-virus.jpg\" \/>\n\t<meta property=\"og:image:width\" content=\"624\" \/>\n\t<meta property=\"og:image:height\" content=\"385\" \/>\n\t<meta property=\"og:image:type\" content=\"image\/jpeg\" \/>\n<meta name=\"author\" content=\"conversesacatalunya\" \/>\n<meta name=\"twitter:card\" content=\"summary_large_image\" \/>\n<meta name=\"twitter:label1\" content=\"Escrito por\" \/>\n\t<meta name=\"twitter:data1\" content=\"conversesacatalunya\" \/>\n\t<meta name=\"twitter:label2\" content=\"Tiempo de lectura\" \/>\n\t<meta name=\"twitter:data2\" content=\"1 minuto\" \/>\n<script type=\"application\/ld+json\" class=\"yoast-schema-graph\">{\"@context\":\"https:\/\/schema.org\",\"@graph\":[{\"@type\":\"Article\",\"@id\":\"https:\/\/conversesacatalunya.cat\/es\/infografia-els-10-fets-que-has-de-saber-del-coronavirus\/#article\",\"isPartOf\":{\"@id\":\"https:\/\/conversesacatalunya.cat\/es\/infografia-els-10-fets-que-has-de-saber-del-coronavirus\/\"},\"author\":{\"name\":\"conversesacatalunya\",\"@id\":\"https:\/\/conversesacatalunya.cat\/#\/schema\/person\/7e24d1e54a2785373ddcb275eae5ed99\"},\"headline\":\"Infograf\u00eda.- Los 10 hechos que debes saber del coronavirus\",\"datePublished\":\"2020-02-26T11:41:38+00:00\",\"dateModified\":\"2020-02-26T11:46:32+00:00\",\"mainEntityOfPage\":{\"@id\":\"https:\/\/conversesacatalunya.cat\/es\/infografia-els-10-fets-que-has-de-saber-del-coronavirus\/\"},\"wordCount\":245,\"commentCount\":0,\"image\":{\"@id\":\"https:\/\/conversesacatalunya.cat\/es\/infografia-els-10-fets-que-has-de-saber-del-coronavirus\/#primaryimage\"},\"thumbnailUrl\":\"https:\/\/conversesacatalunya.cat\/wp-content\/uploads\/2020\/02\/coronavirus-covid19-virus.jpg\",\"keywords\":[\"coronavirus\"],\"articleSection\":[\"Especial Coronavirus (ES)\",\"Punts clau del dia (ES)\"],\"inLanguage\":\"es\",\"potentialAction\":[{\"@type\":\"CommentAction\",\"name\":\"Comment\",\"target\":[\"https:\/\/conversesacatalunya.cat\/es\/infografia-els-10-fets-que-has-de-saber-del-coronavirus\/#respond\"]}]},{\"@type\":\"WebPage\",\"@id\":\"https:\/\/conversesacatalunya.cat\/es\/infografia-els-10-fets-que-has-de-saber-del-coronavirus\/\",\"url\":\"https:\/\/conversesacatalunya.cat\/es\/infografia-els-10-fets-que-has-de-saber-del-coronavirus\/\",\"name\":\"Infograf\u00eda.- Los 10 hechos que debes saber del coronavirus - Converses a Catalunya\",\"isPartOf\":{\"@id\":\"https:\/\/conversesacatalunya.cat\/#website\"},\"primaryImageOfPage\":{\"@id\":\"https:\/\/conversesacatalunya.cat\/es\/infografia-els-10-fets-que-has-de-saber-del-coronavirus\/#primaryimage\"},\"image\":{\"@id\":\"https:\/\/conversesacatalunya.cat\/es\/infografia-els-10-fets-que-has-de-saber-del-coronavirus\/#primaryimage\"},\"thumbnailUrl\":\"https:\/\/conversesacatalunya.cat\/wp-content\/uploads\/2020\/02\/coronavirus-covid19-virus.jpg\",\"datePublished\":\"2020-02-26T11:41:38+00:00\",\"dateModified\":\"2020-02-26T11:46:32+00:00\",\"author\":{\"@id\":\"https:\/\/conversesacatalunya.cat\/#\/schema\/person\/7e24d1e54a2785373ddcb275eae5ed99\"},\"breadcrumb\":{\"@id\":\"https:\/\/conversesacatalunya.cat\/es\/infografia-els-10-fets-que-has-de-saber-del-coronavirus\/#breadcrumb\"},\"inLanguage\":\"es\",\"potentialAction\":[{\"@type\":\"ReadAction\",\"target\":[\"https:\/\/conversesacatalunya.cat\/es\/infografia-els-10-fets-que-has-de-saber-del-coronavirus\/\"]}]},{\"@type\":\"ImageObject\",\"inLanguage\":\"es\",\"@id\":\"https:\/\/conversesacatalunya.cat\/es\/infografia-els-10-fets-que-has-de-saber-del-coronavirus\/#primaryimage\",\"url\":\"https:\/\/conversesacatalunya.cat\/wp-content\/uploads\/2020\/02\/coronavirus-covid19-virus.jpg\",\"contentUrl\":\"https:\/\/conversesacatalunya.cat\/wp-content\/uploads\/2020\/02\/coronavirus-covid19-virus.jpg\",\"width\":624,\"height\":385,\"caption\":\"fets cient\u00edfics coronavirus\"},{\"@type\":\"BreadcrumbList\",\"@id\":\"https:\/\/conversesacatalunya.cat\/es\/infografia-els-10-fets-que-has-de-saber-del-coronavirus\/#breadcrumb\",\"itemListElement\":[{\"@type\":\"ListItem\",\"position\":1,\"name\":\"Inici\",\"item\":\"https:\/\/conversesacatalunya.cat\/es\/\"},{\"@type\":\"ListItem\",\"position\":2,\"name\":\"Infograf\u00eda.- Los 10 hechos que debes saber del coronavirus\"}]},{\"@type\":\"WebSite\",\"@id\":\"https:\/\/conversesacatalunya.cat\/#website\",\"url\":\"https:\/\/conversesacatalunya.cat\/\",\"name\":\"Converses a Catalunya\",\"description\":\"\",\"potentialAction\":[{\"@type\":\"SearchAction\",\"target\":{\"@type\":\"EntryPoint\",\"urlTemplate\":\"https:\/\/conversesacatalunya.cat\/?s={search_term_string}\"},\"query-input\":{\"@type\":\"PropertyValueSpecification\",\"valueRequired\":true,\"valueName\":\"search_term_string\"}}],\"inLanguage\":\"es\"},{\"@type\":\"Person\",\"@id\":\"https:\/\/conversesacatalunya.cat\/#\/schema\/person\/7e24d1e54a2785373ddcb275eae5ed99\",\"name\":\"conversesacatalunya\",\"image\":{\"@type\":\"ImageObject\",\"inLanguage\":\"es\",\"@id\":\"https:\/\/conversesacatalunya.cat\/#\/schema\/person\/image\/\",\"url\":\"https:\/\/conversesacatalunya.cat\/wp-content\/litespeed\/avatar\/febdfeeec89d950f01c748045a981dd2.jpg?ver=1777314535\",\"contentUrl\":\"https:\/\/conversesacatalunya.cat\/wp-content\/litespeed\/avatar\/febdfeeec89d950f01c748045a981dd2.jpg?ver=1777314535\",\"caption\":\"conversesacatalunya\"},\"url\":\"https:\/\/conversesacatalunya.cat\/es\/author\/carme_catala\/\"}]}<\/script>\n<!-- \/ Yoast SEO plugin. -->","yoast_head_json":{"title":"Infograf\u00eda.- Los 10 hechos que debes saber del coronavirus - Converses a Catalunya","robots":{"index":"index","follow":"follow","max-snippet":"max-snippet:-1","max-image-preview":"max-image-preview:large","max-video-preview":"max-video-preview:-1"},"canonical":"https:\/\/conversesacatalunya.cat\/es\/infografia-els-10-fets-que-has-de-saber-del-coronavirus\/","og_locale":"es_ES","og_type":"article","og_title":"Infograf\u00eda.- Los 10 hechos que debes saber del coronavirus - Converses a Catalunya","og_description":"Catalu\u00f1a tiene su primer caso de coronavirus. El\u00a0Departament de Salut\u00a0de la Generalitat ha confirmado que una persona que ingres\u00f3 en el Hospital Cl\u00ednico de Barcelona constituye el cuarto caso de\u00a0Covid-19\u00a0confirmado en Espa\u00f1a. Se trata del primero que se da en la pen\u00ednsula tras los dos pacientes detectados en Canarias y uno en Mallorca. El secretario de Salut P\u00fablica, Joan Guix, acompa\u00f1ado de la gerente de procesos integrales de Salut del Servei Catal\u00e0 de la Salut, Assumpta Ricard, ha confirmado en una rueda de prensa que la persona infectada es\u00a0una mujer de 36 a\u00f1os de nacionalidad italiana residente en Barcelona. Esta mujer, residente en la ciudad condal, viaj\u00f3 del 12 al 22 de febrero a la zona de Mil\u00e1n y B\u00e9rgamo y, tras sentir ligeros s\u00edntomas de enfermedad, \u201ccontact\u00f3 con el Hospital Cl\u00ednico la pasada noche\u201d del lunes y se le hizo el test. El noveno coronavirus humano Son muchas las informaciones que corren sobre este\u00a0virus, el noveno coronavirus que se detecta que afecte al ser humano. Algunas de esas informaciones son alarmistas, otras catastrofistas y las m\u00e1s tratan\u00a0el tema\u00a0con ponderaci\u00f3n. Sin embargo,\u00a0se hace necesario desarrollar una aproximaci\u00f3n cient\u00edfica basada en la raz\u00f3n de los hechos que componen el episodio que protagoniza el coronavirus Covid-19. A continuaci\u00f3n, los 10 hechos cient\u00edficos del coronavirus:","og_url":"https:\/\/conversesacatalunya.cat\/es\/infografia-els-10-fets-que-has-de-saber-del-coronavirus\/","og_site_name":"Converses a Catalunya","article_published_time":"2020-02-26T11:41:38+00:00","article_modified_time":"2020-02-26T11:46:32+00:00","og_image":[{"width":624,"height":385,"url":"https:\/\/conversesacatalunya.cat\/wp-content\/uploads\/2020\/02\/coronavirus-covid19-virus.jpg","type":"image\/jpeg"}],"author":"conversesacatalunya","twitter_card":"summary_large_image","twitter_misc":{"Escrito por":"conversesacatalunya","Tiempo de lectura":"1 minuto"},"schema":{"@context":"https:\/\/schema.org","@graph":[{"@type":"Article","@id":"https:\/\/conversesacatalunya.cat\/es\/infografia-els-10-fets-que-has-de-saber-del-coronavirus\/#article","isPartOf":{"@id":"https:\/\/conversesacatalunya.cat\/es\/infografia-els-10-fets-que-has-de-saber-del-coronavirus\/"},"author":{"name":"conversesacatalunya","@id":"https:\/\/conversesacatalunya.cat\/#\/schema\/person\/7e24d1e54a2785373ddcb275eae5ed99"},"headline":"Infograf\u00eda.- Los 10 hechos que debes saber del coronavirus","datePublished":"2020-02-26T11:41:38+00:00","dateModified":"2020-02-26T11:46:32+00:00","mainEntityOfPage":{"@id":"https:\/\/conversesacatalunya.cat\/es\/infografia-els-10-fets-que-has-de-saber-del-coronavirus\/"},"wordCount":245,"commentCount":0,"image":{"@id":"https:\/\/conversesacatalunya.cat\/es\/infografia-els-10-fets-que-has-de-saber-del-coronavirus\/#primaryimage"},"thumbnailUrl":"https:\/\/conversesacatalunya.cat\/wp-content\/uploads\/2020\/02\/coronavirus-covid19-virus.jpg","keywords":["coronavirus"],"articleSection":["Especial Coronavirus (ES)","Punts clau del dia (ES)"],"inLanguage":"es","potentialAction":[{"@type":"CommentAction","name":"Comment","target":["https:\/\/conversesacatalunya.cat\/es\/infografia-els-10-fets-que-has-de-saber-del-coronavirus\/#respond"]}]},{"@type":"WebPage","@id":"https:\/\/conversesacatalunya.cat\/es\/infografia-els-10-fets-que-has-de-saber-del-coronavirus\/","url":"https:\/\/conversesacatalunya.cat\/es\/infografia-els-10-fets-que-has-de-saber-del-coronavirus\/","name":"Infograf\u00eda.- Los 10 hechos que debes saber del coronavirus - Converses a Catalunya","isPartOf":{"@id":"https:\/\/conversesacatalunya.cat\/#website"},"primaryImageOfPage":{"@id":"https:\/\/conversesacatalunya.cat\/es\/infografia-els-10-fets-que-has-de-saber-del-coronavirus\/#primaryimage"},"image":{"@id":"https:\/\/conversesacatalunya.cat\/es\/infografia-els-10-fets-que-has-de-saber-del-coronavirus\/#primaryimage"},"thumbnailUrl":"https:\/\/conversesacatalunya.cat\/wp-content\/uploads\/2020\/02\/coronavirus-covid19-virus.jpg","datePublished":"2020-02-26T11:41:38+00:00","dateModified":"2020-02-26T11:46:32+00:00","author":{"@id":"https:\/\/conversesacatalunya.cat\/#\/schema\/person\/7e24d1e54a2785373ddcb275eae5ed99"},"breadcrumb":{"@id":"https:\/\/conversesacatalunya.cat\/es\/infografia-els-10-fets-que-has-de-saber-del-coronavirus\/#breadcrumb"},"inLanguage":"es","potentialAction":[{"@type":"ReadAction","target":["https:\/\/conversesacatalunya.cat\/es\/infografia-els-10-fets-que-has-de-saber-del-coronavirus\/"]}]},{"@type":"ImageObject","inLanguage":"es","@id":"https:\/\/conversesacatalunya.cat\/es\/infografia-els-10-fets-que-has-de-saber-del-coronavirus\/#primaryimage","url":"https:\/\/conversesacatalunya.cat\/wp-content\/uploads\/2020\/02\/coronavirus-covid19-virus.jpg","contentUrl":"https:\/\/conversesacatalunya.cat\/wp-content\/uploads\/2020\/02\/coronavirus-covid19-virus.jpg","width":624,"height":385,"caption":"fets cient\u00edfics coronavirus"},{"@type":"BreadcrumbList","@id":"https:\/\/conversesacatalunya.cat\/es\/infografia-els-10-fets-que-has-de-saber-del-coronavirus\/#breadcrumb","itemListElement":[{"@type":"ListItem","position":1,"name":"Inici","item":"https:\/\/conversesacatalunya.cat\/es\/"},{"@type":"ListItem","position":2,"name":"Infograf\u00eda.- Los 10 hechos que debes saber del coronavirus"}]},{"@type":"WebSite","@id":"https:\/\/conversesacatalunya.cat\/#website","url":"https:\/\/conversesacatalunya.cat\/","name":"Converses a Catalunya","description":"","potentialAction":[{"@type":"SearchAction","target":{"@type":"EntryPoint","urlTemplate":"https:\/\/conversesacatalunya.cat\/?s={search_term_string}"},"query-input":{"@type":"PropertyValueSpecification","valueRequired":true,"valueName":"search_term_string"}}],"inLanguage":"es"},{"@type":"Person","@id":"https:\/\/conversesacatalunya.cat\/#\/schema\/person\/7e24d1e54a2785373ddcb275eae5ed99","name":"conversesacatalunya","image":{"@type":"ImageObject","inLanguage":"es","@id":"https:\/\/conversesacatalunya.cat\/#\/schema\/person\/image\/","url":"https:\/\/conversesacatalunya.cat\/wp-content\/litespeed\/avatar\/febdfeeec89d950f01c748045a981dd2.jpg?ver=1777314535","contentUrl":"https:\/\/conversesacatalunya.cat\/wp-content\/litespeed\/avatar\/febdfeeec89d950f01c748045a981dd2.jpg?ver=1777314535","caption":"conversesacatalunya"},"url":"https:\/\/conversesacatalunya.cat\/es\/author\/carme_catala\/"}]}},"wps_subtitle":"Catalu\u00f1a tiene su primer caso de coronavirus, y ya son ocho en Espa\u00f1a. A continuaci\u00f3n una infograf\u00eda nos revela los 10 hechos cient\u00edficos de esta epidemia mundial originada en China","_links":{"self":[{"href":"https:\/\/conversesacatalunya.cat\/es\/wp-json\/wp\/v2\/posts\/32907","targetHints":{"allow":["GET"]}}],"collection":[{"href":"https:\/\/conversesacatalunya.cat\/es\/wp-json\/wp\/v2\/posts"}],"about":[{"href":"https:\/\/conversesacatalunya.cat\/es\/wp-json\/wp\/v2\/types\/post"}],"author":[{"embeddable":true,"href":"https:\/\/conversesacatalunya.cat\/es\/wp-json\/wp\/v2\/users\/2"}],"replies":[{"embeddable":true,"href":"https:\/\/conversesacatalunya.cat\/es\/wp-json\/wp\/v2\/comments?post=32907"}],"version-history":[{"count":3,"href":"https:\/\/conversesacatalunya.cat\/es\/wp-json\/wp\/v2\/posts\/32907\/revisions"}],"predecessor-version":[{"id":32910,"href":"https:\/\/conversesacatalunya.cat\/es\/wp-json\/wp\/v2\/posts\/32907\/revisions\/32910"}],"wp:featuredmedia":[{"embeddable":true,"href":"https:\/\/conversesacatalunya.cat\/es\/wp-json\/wp\/v2\/media\/32904"}],"wp:attachment":[{"href":"https:\/\/conversesacatalunya.cat\/es\/wp-json\/wp\/v2\/media?parent=32907"}],"wp:term":[{"taxonomy":"category","embeddable":true,"href":"https:\/\/conversesacatalunya.cat\/es\/wp-json\/wp\/v2\/categories?post=32907"},{"taxonomy":"post_tag","embeddable":true,"href":"https:\/\/conversesacatalunya.cat\/es\/wp-json\/wp\/v2\/tags?post=32907"}],"curies":[{"name":"wp","href":"https:\/\/api.w.org\/{rel}","templated":true}]}}