{"id":32743,"date":"2020-02-21T13:30:03","date_gmt":"2020-02-21T12:30:03","guid":{"rendered":"https:\/\/conversesacatalunya.cat\/lespai-del-catalanisme-politic-podria-assolir-15-o-mes-diputats-en-unes-futures-eleccions\/"},"modified":"2020-02-21T14:03:07","modified_gmt":"2020-02-21T13:03:07","slug":"el-espacio-del-catalanismo-politico-podria-alcanzar-15-o-mas-diputados-en-unas-futuras-elecciones","status":"publish","type":"post","link":"https:\/\/conversesacatalunya.cat\/es\/el-espacio-del-catalanismo-politico-podria-alcanzar-15-o-mas-diputados-en-unas-futuras-elecciones\/","title":{"rendered":"El espacio del catalanismo pol\u00edtico podr\u00eda alcanzar 15 o m\u00e1s diputados en unas futuras elecciones"},"content":{"rendered":"<p>S\u00ed, <strong>15 o m\u00e1s diputados potenciales<\/strong>, evidentemente no seguros. 15 o 20 diputados que responden a personas que est\u00e1n dispuestas a votar determinadas opciones catalanistas.<\/p>\n<p>No es un conjunto totalmente homog\u00e9neo, porque en su seno existen dos polaridades, y en todo caso la inteligencia pol\u00edtica radica en hacerlas converger en una \u00fanica opci\u00f3n electoral.<\/p>\n<p>Por una parte, est\u00e1 <strong>el voto procedente de los partidos independentistas que abandonar\u00edan esta opci\u00f3n<\/strong> para una opci\u00f3n catalanista fuerte. Son cerca de 250.000 personas y significar\u00edan 4 esca\u00f1os en Barcelona y 1 en Tarragona. En general, son personas de mediana edad, m\u00e1s de la mitad trabajan y pertenecen a la clase media y su ideolog\u00eda es de centro.<\/p>\n<p>El otro sector tiene una procedencia diferente. Se sit\u00faa dentro <strong>del 40% del voto en Cs de las pasadas elecciones que ahora se pasar\u00eda a la abstenci\u00f3n<\/strong>. Una parte importante de estos votantes hab\u00edan sido electores de CiU en anteriores contiendas electorales, y ahora lo que muestran es fatiga y desesperanza. Son abstencionistas desmotivados. Su caracter\u00edstica es tambi\u00e9n la del catalanismo, pero que nunca acept\u00f3 la idea del proceso y por ello utiliz\u00f3 Cs como partido refugio, porque no quer\u00eda dar su voto al PSC o los populares. En este caso la dificultad radica en <strong>superar su desmovilizaci\u00f3n<\/strong>, impulsando una opci\u00f3n que dote de confianza a su voto para que sea contemplada como viable y a ser posible fuerte. Una parte de ese 40%, que se puede cifrar en un orden de magnitud de 10 diputados, podr\u00edan ser recuperados por una opci\u00f3n catalanista.<\/p>\n<p>Este es el panorama demosc\u00f3pico. Ahora hay que ver si los pol\u00edticos saben transformar la energ\u00eda potencial en cin\u00e9tica.<\/p>\n<span class='bctt-click-to-tweet'><span class='bctt-ctt-text'><a href='https:\/\/twitter.com\/intent\/tweet?url=https%3A%2F%2Fconversesacatalunya.cat%2Fes%2Fel-espacio-del-catalanismo-politico-podria-alcanzar-15-o-mas-diputados-en-unas-futuras-elecciones%2F&#038;text=El%20espacio%20del%20catalanismo%20pol%C3%ADtico%20podr%C3%ADa%20alcanzar%2015%20o%20m%C3%A1s%20diputados%20en%20unas%20futuras%20elecciones&#038;via=conversesacat&#038;related=conversesacat' target='_blank'rel=\"noopener noreferrer\">El espacio del catalanismo pol\u00edtico podr\u00eda alcanzar 15 o m\u00e1s diputados en unas futuras elecciones <\/a><\/span><a href='https:\/\/twitter.com\/intent\/tweet?url=https%3A%2F%2Fconversesacatalunya.cat%2Fes%2Fel-espacio-del-catalanismo-politico-podria-alcanzar-15-o-mas-diputados-en-unas-futuras-elecciones%2F&#038;text=El%20espacio%20del%20catalanismo%20pol%C3%ADtico%20podr%C3%ADa%20alcanzar%2015%20o%20m%C3%A1s%20diputados%20en%20unas%20futuras%20elecciones&#038;via=conversesacat&#038;related=conversesacat' target='_blank' class='bctt-ctt-btn'rel=\"noopener noreferrer\">Compartir en X<\/a><\/span>\n","protected":false},"excerpt":{"rendered":"<p>S\u00ed, 15 o m\u00e1s diputados potenciales, evidentemente no seguros. 15 o 20 diputados que responden a personas que est\u00e1n dispuestas a votar determinadas opciones catalanistas. No es un conjunto totalmente homog\u00e9neo, porque en su seno existen dos polaridades, y en todo caso la inteligencia pol\u00edtica radica en hacerlas converger en una \u00fanica opci\u00f3n electoral. Por una parte, est\u00e1 el voto procedente de los partidos independentistas que abandonar\u00edan esta opci\u00f3n para una opci\u00f3n catalanista fuerte. Son cerca de 250.000 personas y significar\u00edan 4 esca\u00f1os en Barcelona y 1 en Tarragona. En general, son personas de mediana edad, m\u00e1s de la mitad trabajan y pertenecen a la clase media y su ideolog\u00eda es de centro. El otro sector tiene una procedencia diferente. Se sit\u00faa dentro del 40% del voto en Cs de las pasadas elecciones que ahora se pasar\u00eda a la abstenci\u00f3n. Una parte importante de estos votantes hab\u00edan sido electores de CiU en anteriores contiendas electorales, y ahora lo que muestran es fatiga y desesperanza. Son abstencionistas desmotivados. Su caracter\u00edstica es tambi\u00e9n la del catalanismo, pero que nunca acept\u00f3 la idea del proceso y por ello utiliz\u00f3 Cs como partido refugio, porque no quer\u00eda dar su voto al PSC o los populares. En este caso la dificultad radica en superar su desmovilizaci\u00f3n, impulsando una opci\u00f3n que dote de confianza a su voto para que sea contemplada como viable y a ser posible fuerte. Una parte de ese 40%, que se puede cifrar en un orden de magnitud de 10 diputados, podr\u00edan ser recuperados por una opci\u00f3n catalanista. Este es el panorama demosc\u00f3pico. Ahora hay que ver si los pol\u00edticos saben transformar la energ\u00eda potencial en cin\u00e9tica.<\/p>\n","protected":false},"author":2,"featured_media":32729,"comment_status":"open","ping_status":"open","sticky":false,"template":"","format":"standard","meta":{"_FSMCFIC_featured_image_caption":"","_FSMCFIC_featured_image_nocaption":"","_FSMCFIC_featured_image_hide":"","footnotes":""},"categories":[806],"tags":[1172],"class_list":["post-32743","post","type-post","status-publish","format-standard","has-post-thumbnail","hentry","category-punts-claus-del-dia-es","tag-catalanismo"],"yoast_head":"<!-- This site is optimized with the Yoast SEO plugin v26.8 - https:\/\/yoast.com\/product\/yoast-seo-wordpress\/ -->\n<title>El espacio del catalanismo pol\u00edtico podr\u00eda alcanzar 15 o m\u00e1s diputados en unas futuras elecciones - Converses a Catalunya<\/title>\n<meta name=\"robots\" content=\"index, follow, max-snippet:-1, max-image-preview:large, max-video-preview:-1\" \/>\n<link rel=\"canonical\" href=\"https:\/\/conversesacatalunya.cat\/es\/el-espacio-del-catalanismo-politico-podria-alcanzar-15-o-mas-diputados-en-unas-futuras-elecciones\/\" \/>\n<meta property=\"og:locale\" content=\"es_ES\" \/>\n<meta property=\"og:type\" content=\"article\" \/>\n<meta property=\"og:title\" content=\"El espacio del catalanismo pol\u00edtico podr\u00eda alcanzar 15 o m\u00e1s diputados en unas futuras elecciones - Converses a Catalunya\" \/>\n<meta property=\"og:description\" content=\"S\u00ed, 15 o m\u00e1s diputados potenciales, evidentemente no seguros. 15 o 20 diputados que responden a personas que est\u00e1n dispuestas a votar determinadas opciones catalanistas. No es un conjunto totalmente homog\u00e9neo, porque en su seno existen dos polaridades, y en todo caso la inteligencia pol\u00edtica radica en hacerlas converger en una \u00fanica opci\u00f3n electoral. Por una parte, est\u00e1 el voto procedente de los partidos independentistas que abandonar\u00edan esta opci\u00f3n para una opci\u00f3n catalanista fuerte. Son cerca de 250.000 personas y significar\u00edan 4 esca\u00f1os en Barcelona y 1 en Tarragona. En general, son personas de mediana edad, m\u00e1s de la mitad trabajan y pertenecen a la clase media y su ideolog\u00eda es de centro. El otro sector tiene una procedencia diferente. Se sit\u00faa dentro del 40% del voto en Cs de las pasadas elecciones que ahora se pasar\u00eda a la abstenci\u00f3n. Una parte importante de estos votantes hab\u00edan sido electores de CiU en anteriores contiendas electorales, y ahora lo que muestran es fatiga y desesperanza. Son abstencionistas desmotivados. Su caracter\u00edstica es tambi\u00e9n la del catalanismo, pero que nunca acept\u00f3 la idea del proceso y por ello utiliz\u00f3 Cs como partido refugio, porque no quer\u00eda dar su voto al PSC o los populares. En este caso la dificultad radica en superar su desmovilizaci\u00f3n, impulsando una opci\u00f3n que dote de confianza a su voto para que sea contemplada como viable y a ser posible fuerte. Una parte de ese 40%, que se puede cifrar en un orden de magnitud de 10 diputados, podr\u00edan ser recuperados por una opci\u00f3n catalanista. Este es el panorama demosc\u00f3pico. Ahora hay que ver si los pol\u00edticos saben transformar la energ\u00eda potencial en cin\u00e9tica.\" \/>\n<meta property=\"og:url\" content=\"https:\/\/conversesacatalunya.cat\/es\/el-espacio-del-catalanismo-politico-podria-alcanzar-15-o-mas-diputados-en-unas-futuras-elecciones\/\" \/>\n<meta property=\"og:site_name\" content=\"Converses a Catalunya\" \/>\n<meta property=\"article:published_time\" content=\"2020-02-21T12:30:03+00:00\" \/>\n<meta property=\"article:modified_time\" content=\"2020-02-21T13:03:07+00:00\" \/>\n<meta property=\"og:image\" content=\"https:\/\/conversesacatalunya.cat\/wp-content\/uploads\/2020\/02\/catalanisme-1.jpg\" \/>\n\t<meta property=\"og:image:width\" content=\"426\" \/>\n\t<meta property=\"og:image:height\" content=\"240\" \/>\n\t<meta property=\"og:image:type\" content=\"image\/jpeg\" \/>\n<meta name=\"author\" content=\"conversesacatalunya\" \/>\n<meta name=\"twitter:card\" content=\"summary_large_image\" \/>\n<meta name=\"twitter:label1\" content=\"Escrito por\" \/>\n\t<meta name=\"twitter:data1\" content=\"conversesacatalunya\" \/>\n\t<meta name=\"twitter:label2\" content=\"Tiempo de lectura\" \/>\n\t<meta name=\"twitter:data2\" content=\"2 minutos\" \/>\n<script type=\"application\/ld+json\" class=\"yoast-schema-graph\">{\"@context\":\"https:\/\/schema.org\",\"@graph\":[{\"@type\":\"Article\",\"@id\":\"https:\/\/conversesacatalunya.cat\/es\/el-espacio-del-catalanismo-politico-podria-alcanzar-15-o-mas-diputados-en-unas-futuras-elecciones\/#article\",\"isPartOf\":{\"@id\":\"https:\/\/conversesacatalunya.cat\/es\/el-espacio-del-catalanismo-politico-podria-alcanzar-15-o-mas-diputados-en-unas-futuras-elecciones\/\"},\"author\":{\"name\":\"conversesacatalunya\",\"@id\":\"https:\/\/conversesacatalunya.cat\/#\/schema\/person\/7e24d1e54a2785373ddcb275eae5ed99\"},\"headline\":\"El espacio del catalanismo pol\u00edtico podr\u00eda alcanzar 15 o m\u00e1s diputados en unas futuras elecciones\",\"datePublished\":\"2020-02-21T12:30:03+00:00\",\"dateModified\":\"2020-02-21T13:03:07+00:00\",\"mainEntityOfPage\":{\"@id\":\"https:\/\/conversesacatalunya.cat\/es\/el-espacio-del-catalanismo-politico-podria-alcanzar-15-o-mas-diputados-en-unas-futuras-elecciones\/\"},\"wordCount\":331,\"commentCount\":0,\"image\":{\"@id\":\"https:\/\/conversesacatalunya.cat\/es\/el-espacio-del-catalanismo-politico-podria-alcanzar-15-o-mas-diputados-en-unas-futuras-elecciones\/#primaryimage\"},\"thumbnailUrl\":\"https:\/\/conversesacatalunya.cat\/wp-content\/uploads\/2020\/02\/catalanisme-1.jpg\",\"keywords\":[\"catalanismo\"],\"articleSection\":[\"Punts clau del dia (ES)\"],\"inLanguage\":\"es\",\"potentialAction\":[{\"@type\":\"CommentAction\",\"name\":\"Comment\",\"target\":[\"https:\/\/conversesacatalunya.cat\/es\/el-espacio-del-catalanismo-politico-podria-alcanzar-15-o-mas-diputados-en-unas-futuras-elecciones\/#respond\"]}]},{\"@type\":\"WebPage\",\"@id\":\"https:\/\/conversesacatalunya.cat\/es\/el-espacio-del-catalanismo-politico-podria-alcanzar-15-o-mas-diputados-en-unas-futuras-elecciones\/\",\"url\":\"https:\/\/conversesacatalunya.cat\/es\/el-espacio-del-catalanismo-politico-podria-alcanzar-15-o-mas-diputados-en-unas-futuras-elecciones\/\",\"name\":\"El espacio del catalanismo pol\u00edtico podr\u00eda alcanzar 15 o m\u00e1s diputados en unas futuras elecciones - Converses a Catalunya\",\"isPartOf\":{\"@id\":\"https:\/\/conversesacatalunya.cat\/#website\"},\"primaryImageOfPage\":{\"@id\":\"https:\/\/conversesacatalunya.cat\/es\/el-espacio-del-catalanismo-politico-podria-alcanzar-15-o-mas-diputados-en-unas-futuras-elecciones\/#primaryimage\"},\"image\":{\"@id\":\"https:\/\/conversesacatalunya.cat\/es\/el-espacio-del-catalanismo-politico-podria-alcanzar-15-o-mas-diputados-en-unas-futuras-elecciones\/#primaryimage\"},\"thumbnailUrl\":\"https:\/\/conversesacatalunya.cat\/wp-content\/uploads\/2020\/02\/catalanisme-1.jpg\",\"datePublished\":\"2020-02-21T12:30:03+00:00\",\"dateModified\":\"2020-02-21T13:03:07+00:00\",\"author\":{\"@id\":\"https:\/\/conversesacatalunya.cat\/#\/schema\/person\/7e24d1e54a2785373ddcb275eae5ed99\"},\"breadcrumb\":{\"@id\":\"https:\/\/conversesacatalunya.cat\/es\/el-espacio-del-catalanismo-politico-podria-alcanzar-15-o-mas-diputados-en-unas-futuras-elecciones\/#breadcrumb\"},\"inLanguage\":\"es\",\"potentialAction\":[{\"@type\":\"ReadAction\",\"target\":[\"https:\/\/conversesacatalunya.cat\/es\/el-espacio-del-catalanismo-politico-podria-alcanzar-15-o-mas-diputados-en-unas-futuras-elecciones\/\"]}]},{\"@type\":\"ImageObject\",\"inLanguage\":\"es\",\"@id\":\"https:\/\/conversesacatalunya.cat\/es\/el-espacio-del-catalanismo-politico-podria-alcanzar-15-o-mas-diputados-en-unas-futuras-elecciones\/#primaryimage\",\"url\":\"https:\/\/conversesacatalunya.cat\/wp-content\/uploads\/2020\/02\/catalanisme-1.jpg\",\"contentUrl\":\"https:\/\/conversesacatalunya.cat\/wp-content\/uploads\/2020\/02\/catalanisme-1.jpg\",\"width\":426,\"height\":240,\"caption\":\"catalanisme pol\u00edtic\"},{\"@type\":\"BreadcrumbList\",\"@id\":\"https:\/\/conversesacatalunya.cat\/es\/el-espacio-del-catalanismo-politico-podria-alcanzar-15-o-mas-diputados-en-unas-futuras-elecciones\/#breadcrumb\",\"itemListElement\":[{\"@type\":\"ListItem\",\"position\":1,\"name\":\"Inici\",\"item\":\"https:\/\/conversesacatalunya.cat\/es\/\"},{\"@type\":\"ListItem\",\"position\":2,\"name\":\"El espacio del catalanismo pol\u00edtico podr\u00eda alcanzar 15 o m\u00e1s diputados en unas futuras elecciones\"}]},{\"@type\":\"WebSite\",\"@id\":\"https:\/\/conversesacatalunya.cat\/#website\",\"url\":\"https:\/\/conversesacatalunya.cat\/\",\"name\":\"Converses a Catalunya\",\"description\":\"\",\"potentialAction\":[{\"@type\":\"SearchAction\",\"target\":{\"@type\":\"EntryPoint\",\"urlTemplate\":\"https:\/\/conversesacatalunya.cat\/?s={search_term_string}\"},\"query-input\":{\"@type\":\"PropertyValueSpecification\",\"valueRequired\":true,\"valueName\":\"search_term_string\"}}],\"inLanguage\":\"es\"},{\"@type\":\"Person\",\"@id\":\"https:\/\/conversesacatalunya.cat\/#\/schema\/person\/7e24d1e54a2785373ddcb275eae5ed99\",\"name\":\"conversesacatalunya\",\"image\":{\"@type\":\"ImageObject\",\"inLanguage\":\"es\",\"@id\":\"https:\/\/conversesacatalunya.cat\/#\/schema\/person\/image\/\",\"url\":\"https:\/\/conversesacatalunya.cat\/wp-content\/litespeed\/avatar\/febdfeeec89d950f01c748045a981dd2.jpg?ver=1777314535\",\"contentUrl\":\"https:\/\/conversesacatalunya.cat\/wp-content\/litespeed\/avatar\/febdfeeec89d950f01c748045a981dd2.jpg?ver=1777314535\",\"caption\":\"conversesacatalunya\"},\"url\":\"https:\/\/conversesacatalunya.cat\/es\/author\/carme_catala\/\"}]}<\/script>\n<!-- \/ Yoast SEO plugin. -->","yoast_head_json":{"title":"El espacio del catalanismo pol\u00edtico podr\u00eda alcanzar 15 o m\u00e1s diputados en unas futuras elecciones - Converses a Catalunya","robots":{"index":"index","follow":"follow","max-snippet":"max-snippet:-1","max-image-preview":"max-image-preview:large","max-video-preview":"max-video-preview:-1"},"canonical":"https:\/\/conversesacatalunya.cat\/es\/el-espacio-del-catalanismo-politico-podria-alcanzar-15-o-mas-diputados-en-unas-futuras-elecciones\/","og_locale":"es_ES","og_type":"article","og_title":"El espacio del catalanismo pol\u00edtico podr\u00eda alcanzar 15 o m\u00e1s diputados en unas futuras elecciones - Converses a Catalunya","og_description":"S\u00ed, 15 o m\u00e1s diputados potenciales, evidentemente no seguros. 15 o 20 diputados que responden a personas que est\u00e1n dispuestas a votar determinadas opciones catalanistas. No es un conjunto totalmente homog\u00e9neo, porque en su seno existen dos polaridades, y en todo caso la inteligencia pol\u00edtica radica en hacerlas converger en una \u00fanica opci\u00f3n electoral. Por una parte, est\u00e1 el voto procedente de los partidos independentistas que abandonar\u00edan esta opci\u00f3n para una opci\u00f3n catalanista fuerte. Son cerca de 250.000 personas y significar\u00edan 4 esca\u00f1os en Barcelona y 1 en Tarragona. En general, son personas de mediana edad, m\u00e1s de la mitad trabajan y pertenecen a la clase media y su ideolog\u00eda es de centro. El otro sector tiene una procedencia diferente. Se sit\u00faa dentro del 40% del voto en Cs de las pasadas elecciones que ahora se pasar\u00eda a la abstenci\u00f3n. Una parte importante de estos votantes hab\u00edan sido electores de CiU en anteriores contiendas electorales, y ahora lo que muestran es fatiga y desesperanza. Son abstencionistas desmotivados. Su caracter\u00edstica es tambi\u00e9n la del catalanismo, pero que nunca acept\u00f3 la idea del proceso y por ello utiliz\u00f3 Cs como partido refugio, porque no quer\u00eda dar su voto al PSC o los populares. En este caso la dificultad radica en superar su desmovilizaci\u00f3n, impulsando una opci\u00f3n que dote de confianza a su voto para que sea contemplada como viable y a ser posible fuerte. Una parte de ese 40%, que se puede cifrar en un orden de magnitud de 10 diputados, podr\u00edan ser recuperados por una opci\u00f3n catalanista. Este es el panorama demosc\u00f3pico. Ahora hay que ver si los pol\u00edticos saben transformar la energ\u00eda potencial en cin\u00e9tica.","og_url":"https:\/\/conversesacatalunya.cat\/es\/el-espacio-del-catalanismo-politico-podria-alcanzar-15-o-mas-diputados-en-unas-futuras-elecciones\/","og_site_name":"Converses a Catalunya","article_published_time":"2020-02-21T12:30:03+00:00","article_modified_time":"2020-02-21T13:03:07+00:00","og_image":[{"width":426,"height":240,"url":"https:\/\/conversesacatalunya.cat\/wp-content\/uploads\/2020\/02\/catalanisme-1.jpg","type":"image\/jpeg"}],"author":"conversesacatalunya","twitter_card":"summary_large_image","twitter_misc":{"Escrito por":"conversesacatalunya","Tiempo de lectura":"2 minutos"},"schema":{"@context":"https:\/\/schema.org","@graph":[{"@type":"Article","@id":"https:\/\/conversesacatalunya.cat\/es\/el-espacio-del-catalanismo-politico-podria-alcanzar-15-o-mas-diputados-en-unas-futuras-elecciones\/#article","isPartOf":{"@id":"https:\/\/conversesacatalunya.cat\/es\/el-espacio-del-catalanismo-politico-podria-alcanzar-15-o-mas-diputados-en-unas-futuras-elecciones\/"},"author":{"name":"conversesacatalunya","@id":"https:\/\/conversesacatalunya.cat\/#\/schema\/person\/7e24d1e54a2785373ddcb275eae5ed99"},"headline":"El espacio del catalanismo pol\u00edtico podr\u00eda alcanzar 15 o m\u00e1s diputados en unas futuras elecciones","datePublished":"2020-02-21T12:30:03+00:00","dateModified":"2020-02-21T13:03:07+00:00","mainEntityOfPage":{"@id":"https:\/\/conversesacatalunya.cat\/es\/el-espacio-del-catalanismo-politico-podria-alcanzar-15-o-mas-diputados-en-unas-futuras-elecciones\/"},"wordCount":331,"commentCount":0,"image":{"@id":"https:\/\/conversesacatalunya.cat\/es\/el-espacio-del-catalanismo-politico-podria-alcanzar-15-o-mas-diputados-en-unas-futuras-elecciones\/#primaryimage"},"thumbnailUrl":"https:\/\/conversesacatalunya.cat\/wp-content\/uploads\/2020\/02\/catalanisme-1.jpg","keywords":["catalanismo"],"articleSection":["Punts clau del dia (ES)"],"inLanguage":"es","potentialAction":[{"@type":"CommentAction","name":"Comment","target":["https:\/\/conversesacatalunya.cat\/es\/el-espacio-del-catalanismo-politico-podria-alcanzar-15-o-mas-diputados-en-unas-futuras-elecciones\/#respond"]}]},{"@type":"WebPage","@id":"https:\/\/conversesacatalunya.cat\/es\/el-espacio-del-catalanismo-politico-podria-alcanzar-15-o-mas-diputados-en-unas-futuras-elecciones\/","url":"https:\/\/conversesacatalunya.cat\/es\/el-espacio-del-catalanismo-politico-podria-alcanzar-15-o-mas-diputados-en-unas-futuras-elecciones\/","name":"El espacio del catalanismo pol\u00edtico podr\u00eda alcanzar 15 o m\u00e1s diputados en unas futuras elecciones - Converses a Catalunya","isPartOf":{"@id":"https:\/\/conversesacatalunya.cat\/#website"},"primaryImageOfPage":{"@id":"https:\/\/conversesacatalunya.cat\/es\/el-espacio-del-catalanismo-politico-podria-alcanzar-15-o-mas-diputados-en-unas-futuras-elecciones\/#primaryimage"},"image":{"@id":"https:\/\/conversesacatalunya.cat\/es\/el-espacio-del-catalanismo-politico-podria-alcanzar-15-o-mas-diputados-en-unas-futuras-elecciones\/#primaryimage"},"thumbnailUrl":"https:\/\/conversesacatalunya.cat\/wp-content\/uploads\/2020\/02\/catalanisme-1.jpg","datePublished":"2020-02-21T12:30:03+00:00","dateModified":"2020-02-21T13:03:07+00:00","author":{"@id":"https:\/\/conversesacatalunya.cat\/#\/schema\/person\/7e24d1e54a2785373ddcb275eae5ed99"},"breadcrumb":{"@id":"https:\/\/conversesacatalunya.cat\/es\/el-espacio-del-catalanismo-politico-podria-alcanzar-15-o-mas-diputados-en-unas-futuras-elecciones\/#breadcrumb"},"inLanguage":"es","potentialAction":[{"@type":"ReadAction","target":["https:\/\/conversesacatalunya.cat\/es\/el-espacio-del-catalanismo-politico-podria-alcanzar-15-o-mas-diputados-en-unas-futuras-elecciones\/"]}]},{"@type":"ImageObject","inLanguage":"es","@id":"https:\/\/conversesacatalunya.cat\/es\/el-espacio-del-catalanismo-politico-podria-alcanzar-15-o-mas-diputados-en-unas-futuras-elecciones\/#primaryimage","url":"https:\/\/conversesacatalunya.cat\/wp-content\/uploads\/2020\/02\/catalanisme-1.jpg","contentUrl":"https:\/\/conversesacatalunya.cat\/wp-content\/uploads\/2020\/02\/catalanisme-1.jpg","width":426,"height":240,"caption":"catalanisme pol\u00edtic"},{"@type":"BreadcrumbList","@id":"https:\/\/conversesacatalunya.cat\/es\/el-espacio-del-catalanismo-politico-podria-alcanzar-15-o-mas-diputados-en-unas-futuras-elecciones\/#breadcrumb","itemListElement":[{"@type":"ListItem","position":1,"name":"Inici","item":"https:\/\/conversesacatalunya.cat\/es\/"},{"@type":"ListItem","position":2,"name":"El espacio del catalanismo pol\u00edtico podr\u00eda alcanzar 15 o m\u00e1s diputados en unas futuras elecciones"}]},{"@type":"WebSite","@id":"https:\/\/conversesacatalunya.cat\/#website","url":"https:\/\/conversesacatalunya.cat\/","name":"Converses a Catalunya","description":"","potentialAction":[{"@type":"SearchAction","target":{"@type":"EntryPoint","urlTemplate":"https:\/\/conversesacatalunya.cat\/?s={search_term_string}"},"query-input":{"@type":"PropertyValueSpecification","valueRequired":true,"valueName":"search_term_string"}}],"inLanguage":"es"},{"@type":"Person","@id":"https:\/\/conversesacatalunya.cat\/#\/schema\/person\/7e24d1e54a2785373ddcb275eae5ed99","name":"conversesacatalunya","image":{"@type":"ImageObject","inLanguage":"es","@id":"https:\/\/conversesacatalunya.cat\/#\/schema\/person\/image\/","url":"https:\/\/conversesacatalunya.cat\/wp-content\/litespeed\/avatar\/febdfeeec89d950f01c748045a981dd2.jpg?ver=1777314535","contentUrl":"https:\/\/conversesacatalunya.cat\/wp-content\/litespeed\/avatar\/febdfeeec89d950f01c748045a981dd2.jpg?ver=1777314535","caption":"conversesacatalunya"},"url":"https:\/\/conversesacatalunya.cat\/es\/author\/carme_catala\/"}]}},"wps_subtitle":"","_links":{"self":[{"href":"https:\/\/conversesacatalunya.cat\/es\/wp-json\/wp\/v2\/posts\/32743","targetHints":{"allow":["GET"]}}],"collection":[{"href":"https:\/\/conversesacatalunya.cat\/es\/wp-json\/wp\/v2\/posts"}],"about":[{"href":"https:\/\/conversesacatalunya.cat\/es\/wp-json\/wp\/v2\/types\/post"}],"author":[{"embeddable":true,"href":"https:\/\/conversesacatalunya.cat\/es\/wp-json\/wp\/v2\/users\/2"}],"replies":[{"embeddable":true,"href":"https:\/\/conversesacatalunya.cat\/es\/wp-json\/wp\/v2\/comments?post=32743"}],"version-history":[{"count":2,"href":"https:\/\/conversesacatalunya.cat\/es\/wp-json\/wp\/v2\/posts\/32743\/revisions"}],"predecessor-version":[{"id":32744,"href":"https:\/\/conversesacatalunya.cat\/es\/wp-json\/wp\/v2\/posts\/32743\/revisions\/32744"}],"wp:featuredmedia":[{"embeddable":true,"href":"https:\/\/conversesacatalunya.cat\/es\/wp-json\/wp\/v2\/media\/32729"}],"wp:attachment":[{"href":"https:\/\/conversesacatalunya.cat\/es\/wp-json\/wp\/v2\/media?parent=32743"}],"wp:term":[{"taxonomy":"category","embeddable":true,"href":"https:\/\/conversesacatalunya.cat\/es\/wp-json\/wp\/v2\/categories?post=32743"},{"taxonomy":"post_tag","embeddable":true,"href":"https:\/\/conversesacatalunya.cat\/es\/wp-json\/wp\/v2\/tags?post=32743"}],"curies":[{"name":"wp","href":"https:\/\/api.w.org\/{rel}","templated":true}]}}