{"id":32705,"date":"2020-02-21T11:19:39","date_gmt":"2020-02-21T10:19:39","guid":{"rendered":"https:\/\/conversesacatalunya.cat\/?p=32705"},"modified":"2020-02-21T11:19:39","modified_gmt":"2020-02-21T10:19:39","slug":"el-catalanismo-debe-saber-construir-una-unica-opcion-electoral","status":"publish","type":"post","link":"https:\/\/conversesacatalunya.cat\/es\/el-catalanismo-debe-saber-construir-una-unica-opcion-electoral\/","title":{"rendered":"El catalanismo debe saber construir una \u00fanica opci\u00f3n electoral"},"content":{"rendered":"<p>Este fin de semana uno de los partidos m\u00e1s asentados en el espacio central del catalanismo, <strong>Units per Avan\u00e7ar<\/strong>, celebrar\u00e1 su Consejo Pol\u00edtico, donde es posible que se decidan <strong>pr\u00f3ximos acuerdos<\/strong> con otras organizaciones pol\u00edticas.<\/p>\n<p>Es una gran r<strong>esponsabilidad<\/strong> de los herederos directos de Uni\u00f3 Democr\u00e1tica, porque su decisi\u00f3n puede facilitar, o no, la construcci\u00f3n de un gran <a href=\"https:\/\/conversesacatalunya.cat\/es\/la-situacion-de-los-partidos-catalanistas\/\" target=\"_blank\" rel=\"noopener noreferrer\"><strong>espacio central del catalanismo<\/strong><\/a> en las pr\u00f3ximas elecciones. No es una tarea f\u00e1cil, esto es una obviedad, porque seguramente si lo fuera ya se habr\u00eda realizado. Pero precisamente por esto, es tan necesario unir una visi\u00f3n completa y la diligencia, que no precipitaci\u00f3n, para realizarla. Las personas de <strong>Units<\/strong> poseen suficiente experiencia pol\u00edtica como para dinamizar la construcci\u00f3n de aquel espacio, y esta es una gran tarea, quiz\u00e1s hist\u00f3rica, que merece altura de miras.<\/p>\n<p>Cierto es que hay dos sensibilidades y experiencias pol\u00edticas distintas que vendr\u00edan a estar representadas, por una parte, por <strong>El Pa\u00eds de Dem\u00e0<\/strong>, la organizaci\u00f3n surgida del encuentro de Poblet y que tiene sus liderazgos mas visibles en Antoni Garrell y Lluis Recoder. Su caracterizaci\u00f3n es la de disponer de un denso proyecto program\u00e1tico para Catalu\u00f1a, que se aparta deliberadamente del coyunturalismo, y el pan para hoy, y ma\u00f1ana ya veremos, que caracteriza a los actuales partidos parlamentarios. Y eso es muy bueno, porque necesitamos este tipo de regeneraci\u00f3n pol\u00edtica. Su otra caracter\u00edstica, es la que recoge una visi\u00f3n que no renuncia a la <strong>soberan\u00eda catalana<\/strong>, pero no la sit\u00faa en primer plano, rechaza lo que ha hecho el Proc\u00e9s, y considera que la independencia en todo caso solo puede lograrse en el marco de juego pol\u00edtico que establece la Constituci\u00f3n. Su preocupaci\u00f3n, que es lo que sobre todo define su programa son las <strong>grandes pol\u00edticas p\u00fablicas que Catalu\u00f1a necesita<\/strong>. Su objetivo ganar 4 o 5 diputados al voto independentista.<\/p>\n<p>El tercer grupo est\u00e1 formado por <strong>Lliures y la LLiga Democr\u00e1tica<\/strong>, que han anunciado un congreso de unificaci\u00f3n para finales de marzo. Sus principales dirigentes Fern\u00e1ndez Teixid\u00f2, Roger Munta\u00f1ola, Astrid Barrio y Mon Boch, son quiz\u00e1s los que en mayor medida han apelado a la necesaria unidad, y su posicionamiento se sit\u00faa en el <strong>catalanismo del autogobierno constitucional<\/strong>. El hecho que incorpore personas que en el pasado han tenido relieve en \u00e1mbitos del Partido Popular o de Sociedad Civil Catalana, no puede ser vista como un dem\u00e9rito, sino como todo lo contrario, porque ejemplifica la capacidad de futuro del catalanismo, de la misma manera que otras han evolucionado del seguimiento del Proc\u00e9s, a su rechazo y adscripci\u00f3n al catalanismo. Pero es que de hecho siempre ha sido as\u00ed. Por ejemplo, Uni\u00f3 Democr\u00e1tica, con criterios de selectividad pol\u00edtica, que imparte carnets de pureza, nunca habr\u00eda podido surgir porque\u00a0 \u00a0agrup\u00f3 a personas procedentes del carlismo, con algunas que ten\u00edan su origen en Acci\u00f2 Catalana, de la LLiga y de grupos de la Federaci\u00f3 de Joves Cristians de Catalunya.<\/p>\n<p>Porque, la realidad es que el potencial electoral alimenta <strong>dos espacios distintos del catalanismo<\/strong>. Por una parte, hay m\u00e1s de un 10% de votantes independentistas que ahora votar\u00edan a algo que todav\u00eda no existe, una opci\u00f3n catalanista fuerte. Esto representa como m\u00ednimo 5 diputados, 4 de Barcelona y 1 de Tarragona. Una cifra que dar\u00eda al traste con la mayor\u00eda de estos partidos, que en el escenario actual se repetir\u00e1. \u00a0Pero por otra parte, un 40% de votantes de Ciudadanos marchar\u00e1n a la abstenci\u00f3n (el resto repetir\u00e1, o se distribuir\u00e1 entre VOX, PP, y en menor medida PSC). La mayor\u00eda de estas personas se inclinaron en las ultimas elecciones por aquella opci\u00f3n, como partido refugio ante el independentismo, pero eran anteriores votantes de CiU. Ahora lo que preside su comportamiento es la fatiga y el des\u00e1nimo.\u00a0 Movilizar a una buena parte de este electorado desde un partido catalanista son muchos votos y un potencial de 10 o m\u00e1s diputados.<\/p>\n<p>Cierto es que la dificultad resulta de hacer convergir a este doble perfil de votante, y que al menos sin un mayor y mejor trabajo pol\u00edtico tal cosa no es posible. \u00a0Pero s\u00ed lo es forjar una sola <strong>opci\u00f3n electoral<\/strong>, <strong><a href=\"https:\/\/conversesacatalunya.cat\/es\/el-primer-encuentro-de-independientes-pide-a-los-partidos-catalanistas-que-presenten-una-unica-opcion-electoral\/\" target=\"_blank\" rel=\"noopener noreferrer\">una lista \u00fanica con un buen liderazgo<\/a>, en torno a un Programa Com\u00fan<\/strong> de Gobierno, que facilite que una organizaci\u00f3n trabaje sobre procedente del independentismo mientras otra lo hace en campo del antiguo votante de CIU, hoy abstencionista, unido por un <strong>proyecto de gobierno forjado en torno a objetivos y motivaciones<\/strong> que han estado abandonadas por el gobierno de la Generalitat, a pesar de que son fundamentales para la gente. Repasar cuales pueden ser estos objetivos motivadores ser\u00e1 objeto de mi pr\u00f3ximo blog.<\/p>\n<span class='bctt-click-to-tweet'><span class='bctt-ctt-text'><a href='https:\/\/twitter.com\/intent\/tweet?url=https%3A%2F%2Fconversesacatalunya.cat%2Fes%2Fel-catalanismo-debe-saber-construir-una-unica-opcion-electoral%2F&#038;text=Este%20fin%20de%20semana%2C%20Units%20per%20Avan%C3%A7ar%20celebrar%C3%A1%20su%20Consejo%20Pol%C3%ADtico%2C%20donde%20es%20posible%20que%20se%20decidan%20pr%C3%B3ximos%20acuerdos%20con%20otras%20organizaciones%20pol%C3%ADticas.&#038;via=conversesacat&#038;related=conversesacat' target='_blank'rel=\"noopener noreferrer\">Este fin de semana, Units per Avan\u00e7ar celebrar\u00e1 su Consejo Pol\u00edtico, donde es posible que se decidan pr\u00f3ximos acuerdos con otras organizaciones pol\u00edticas. <\/a><\/span><a href='https:\/\/twitter.com\/intent\/tweet?url=https%3A%2F%2Fconversesacatalunya.cat%2Fes%2Fel-catalanismo-debe-saber-construir-una-unica-opcion-electoral%2F&#038;text=Este%20fin%20de%20semana%2C%20Units%20per%20Avan%C3%A7ar%20celebrar%C3%A1%20su%20Consejo%20Pol%C3%ADtico%2C%20donde%20es%20posible%20que%20se%20decidan%20pr%C3%B3ximos%20acuerdos%20con%20otras%20organizaciones%20pol%C3%ADticas.&#038;via=conversesacat&#038;related=conversesacat' target='_blank' class='bctt-ctt-btn'rel=\"noopener noreferrer\">Compartir en X<\/a><\/span>\n","protected":false},"excerpt":{"rendered":"<p>Este fin de semana uno de los partidos m\u00e1s asentados en el espacio central del catalanismo, Units per Avan\u00e7ar, celebrar\u00e1 su Consejo Pol\u00edtico, donde es posible que se decidan pr\u00f3ximos acuerdos con otras organizaciones pol\u00edticas. Es una gran responsabilidad de los herederos directos de Uni\u00f3 Democr\u00e1tica, porque su decisi\u00f3n puede facilitar, o no, la construcci\u00f3n de un gran espacio central del catalanismo en las pr\u00f3ximas elecciones. No es una tarea f\u00e1cil, esto es una obviedad, porque seguramente si lo fuera ya se habr\u00eda realizado. Pero precisamente por esto, es tan necesario unir una visi\u00f3n completa y la diligencia, que no precipitaci\u00f3n, para realizarla. Las personas de Units poseen suficiente experiencia pol\u00edtica como para dinamizar la construcci\u00f3n de aquel espacio, y esta es una gran tarea, quiz\u00e1s hist\u00f3rica, que merece altura de miras. Cierto es que hay dos sensibilidades y experiencias pol\u00edticas distintas que vendr\u00edan a estar representadas, por una parte, por El Pa\u00eds de Dem\u00e0, la organizaci\u00f3n surgida del encuentro de Poblet y que tiene sus liderazgos mas visibles en Antoni Garrell y Lluis Recoder. Su caracterizaci\u00f3n es la de disponer de un denso proyecto program\u00e1tico para Catalu\u00f1a, que se aparta deliberadamente del coyunturalismo, y el pan para hoy, y ma\u00f1ana ya veremos, que caracteriza a los actuales partidos parlamentarios. Y eso es muy bueno, porque necesitamos este tipo de regeneraci\u00f3n pol\u00edtica. Su otra caracter\u00edstica, es la que recoge una visi\u00f3n que no renuncia a la soberan\u00eda catalana, pero no la sit\u00faa en primer plano, rechaza lo que ha hecho el Proc\u00e9s, y considera que la independencia en todo caso solo puede lograrse en el marco de juego pol\u00edtico que establece la Constituci\u00f3n. Su preocupaci\u00f3n, que es lo que sobre todo define su programa son las grandes pol\u00edticas p\u00fablicas que Catalu\u00f1a necesita. Su objetivo ganar 4 o 5 diputados al voto independentista. El tercer grupo est\u00e1 formado por Lliures y la LLiga Democr\u00e1tica, que han anunciado un congreso de unificaci\u00f3n para finales de marzo. Sus principales dirigentes Fern\u00e1ndez Teixid\u00f2, Roger Munta\u00f1ola, Astrid Barrio y Mon Boch, son quiz\u00e1s los que en mayor medida han apelado a la necesaria unidad, y su posicionamiento se sit\u00faa en el catalanismo del autogobierno constitucional. El hecho que incorpore personas que en el pasado han tenido relieve en \u00e1mbitos del Partido Popular o de Sociedad Civil Catalana, no puede ser vista como un dem\u00e9rito, sino como todo lo contrario, porque ejemplifica la capacidad de futuro del catalanismo, de la misma manera que otras han evolucionado del seguimiento del Proc\u00e9s, a su rechazo y adscripci\u00f3n al catalanismo. Pero es que de hecho siempre ha sido as\u00ed. Por ejemplo, Uni\u00f3 Democr\u00e1tica, con criterios de selectividad pol\u00edtica, que imparte carnets de pureza, nunca habr\u00eda podido surgir porque\u00a0 \u00a0agrup\u00f3 a personas procedentes del carlismo, con algunas que ten\u00edan su origen en Acci\u00f2 Catalana, de la LLiga y de grupos de la Federaci\u00f3 de Joves Cristians de Catalunya. Porque, la realidad es que el potencial electoral alimenta dos espacios distintos del catalanismo. Por una parte, hay m\u00e1s de un 10% de votantes independentistas que ahora votar\u00edan a algo que todav\u00eda no existe, una opci\u00f3n catalanista fuerte. Esto representa como m\u00ednimo 5 diputados, 4 de Barcelona y 1 de Tarragona. Una cifra que dar\u00eda al traste con la mayor\u00eda de estos partidos, que en el escenario actual se repetir\u00e1. \u00a0Pero por otra parte, un 40% de votantes de Ciudadanos marchar\u00e1n a la abstenci\u00f3n (el resto repetir\u00e1, o se distribuir\u00e1 entre VOX, PP, y en menor medida PSC). La mayor\u00eda de estas personas se inclinaron en las ultimas elecciones por aquella opci\u00f3n, como partido refugio ante el independentismo, pero eran anteriores votantes de CiU. Ahora lo que preside su comportamiento es la fatiga y el des\u00e1nimo.\u00a0 Movilizar a una buena parte de este electorado desde un partido catalanista son muchos votos y un potencial de 10 o m\u00e1s diputados. Cierto es que la dificultad resulta de hacer convergir a este doble perfil de votante, y que al menos sin un mayor y mejor trabajo pol\u00edtico tal cosa no es posible. \u00a0Pero s\u00ed lo es forjar una sola opci\u00f3n electoral, una lista \u00fanica con un buen liderazgo, en torno a un Programa Com\u00fan de Gobierno, que facilite que una organizaci\u00f3n trabaje sobre procedente del independentismo mientras otra lo hace en campo del antiguo votante de CIU, hoy abstencionista, unido por un proyecto de gobierno forjado en torno a objetivos y motivaciones que han estado abandonadas por el gobierno de la Generalitat, a pesar de que son fundamentales para la gente. Repasar cuales pueden ser estos objetivos motivadores ser\u00e1 objeto de mi pr\u00f3ximo blog.<\/p>\n","protected":false},"author":19,"featured_media":32706,"comment_status":"open","ping_status":"open","sticky":false,"template":"","format":"standard","meta":{"_FSMCFIC_featured_image_caption":"","_FSMCFIC_featured_image_nocaption":"","_FSMCFIC_featured_image_hide":"","footnotes":""},"categories":[796],"tags":[1172,1459],"class_list":["post-32705","post","type-post","status-publish","format-standard","has-post-thumbnail","hentry","category-el-blog-de-josep-miro-i-ardevol-es","tag-catalanismo","tag-independientes"],"yoast_head":"<!-- This site is optimized with the Yoast SEO plugin v26.8 - https:\/\/yoast.com\/product\/yoast-seo-wordpress\/ -->\n<title>El catalanismo debe saber construir una \u00fanica opci\u00f3n electoral - Converses a Catalunya<\/title>\n<meta name=\"robots\" content=\"index, follow, max-snippet:-1, max-image-preview:large, max-video-preview:-1\" \/>\n<link rel=\"canonical\" href=\"https:\/\/conversesacatalunya.cat\/es\/el-catalanismo-debe-saber-construir-una-unica-opcion-electoral\/\" \/>\n<meta property=\"og:locale\" content=\"es_ES\" \/>\n<meta property=\"og:type\" content=\"article\" \/>\n<meta property=\"og:title\" content=\"El catalanismo debe saber construir una \u00fanica opci\u00f3n electoral - Converses a Catalunya\" \/>\n<meta property=\"og:description\" content=\"Este fin de semana uno de los partidos m\u00e1s asentados en el espacio central del catalanismo, Units per Avan\u00e7ar, celebrar\u00e1 su Consejo Pol\u00edtico, donde es posible que se decidan pr\u00f3ximos acuerdos con otras organizaciones pol\u00edticas. Es una gran responsabilidad de los herederos directos de Uni\u00f3 Democr\u00e1tica, porque su decisi\u00f3n puede facilitar, o no, la construcci\u00f3n de un gran espacio central del catalanismo en las pr\u00f3ximas elecciones. No es una tarea f\u00e1cil, esto es una obviedad, porque seguramente si lo fuera ya se habr\u00eda realizado. Pero precisamente por esto, es tan necesario unir una visi\u00f3n completa y la diligencia, que no precipitaci\u00f3n, para realizarla. Las personas de Units poseen suficiente experiencia pol\u00edtica como para dinamizar la construcci\u00f3n de aquel espacio, y esta es una gran tarea, quiz\u00e1s hist\u00f3rica, que merece altura de miras. Cierto es que hay dos sensibilidades y experiencias pol\u00edticas distintas que vendr\u00edan a estar representadas, por una parte, por El Pa\u00eds de Dem\u00e0, la organizaci\u00f3n surgida del encuentro de Poblet y que tiene sus liderazgos mas visibles en Antoni Garrell y Lluis Recoder. Su caracterizaci\u00f3n es la de disponer de un denso proyecto program\u00e1tico para Catalu\u00f1a, que se aparta deliberadamente del coyunturalismo, y el pan para hoy, y ma\u00f1ana ya veremos, que caracteriza a los actuales partidos parlamentarios. Y eso es muy bueno, porque necesitamos este tipo de regeneraci\u00f3n pol\u00edtica. Su otra caracter\u00edstica, es la que recoge una visi\u00f3n que no renuncia a la soberan\u00eda catalana, pero no la sit\u00faa en primer plano, rechaza lo que ha hecho el Proc\u00e9s, y considera que la independencia en todo caso solo puede lograrse en el marco de juego pol\u00edtico que establece la Constituci\u00f3n. Su preocupaci\u00f3n, que es lo que sobre todo define su programa son las grandes pol\u00edticas p\u00fablicas que Catalu\u00f1a necesita. Su objetivo ganar 4 o 5 diputados al voto independentista. El tercer grupo est\u00e1 formado por Lliures y la LLiga Democr\u00e1tica, que han anunciado un congreso de unificaci\u00f3n para finales de marzo. Sus principales dirigentes Fern\u00e1ndez Teixid\u00f2, Roger Munta\u00f1ola, Astrid Barrio y Mon Boch, son quiz\u00e1s los que en mayor medida han apelado a la necesaria unidad, y su posicionamiento se sit\u00faa en el catalanismo del autogobierno constitucional. El hecho que incorpore personas que en el pasado han tenido relieve en \u00e1mbitos del Partido Popular o de Sociedad Civil Catalana, no puede ser vista como un dem\u00e9rito, sino como todo lo contrario, porque ejemplifica la capacidad de futuro del catalanismo, de la misma manera que otras han evolucionado del seguimiento del Proc\u00e9s, a su rechazo y adscripci\u00f3n al catalanismo. Pero es que de hecho siempre ha sido as\u00ed. Por ejemplo, Uni\u00f3 Democr\u00e1tica, con criterios de selectividad pol\u00edtica, que imparte carnets de pureza, nunca habr\u00eda podido surgir porque\u00a0 \u00a0agrup\u00f3 a personas procedentes del carlismo, con algunas que ten\u00edan su origen en Acci\u00f2 Catalana, de la LLiga y de grupos de la Federaci\u00f3 de Joves Cristians de Catalunya. Porque, la realidad es que el potencial electoral alimenta dos espacios distintos del catalanismo. Por una parte, hay m\u00e1s de un 10% de votantes independentistas que ahora votar\u00edan a algo que todav\u00eda no existe, una opci\u00f3n catalanista fuerte. Esto representa como m\u00ednimo 5 diputados, 4 de Barcelona y 1 de Tarragona. Una cifra que dar\u00eda al traste con la mayor\u00eda de estos partidos, que en el escenario actual se repetir\u00e1. \u00a0Pero por otra parte, un 40% de votantes de Ciudadanos marchar\u00e1n a la abstenci\u00f3n (el resto repetir\u00e1, o se distribuir\u00e1 entre VOX, PP, y en menor medida PSC). La mayor\u00eda de estas personas se inclinaron en las ultimas elecciones por aquella opci\u00f3n, como partido refugio ante el independentismo, pero eran anteriores votantes de CiU. Ahora lo que preside su comportamiento es la fatiga y el des\u00e1nimo.\u00a0 Movilizar a una buena parte de este electorado desde un partido catalanista son muchos votos y un potencial de 10 o m\u00e1s diputados. Cierto es que la dificultad resulta de hacer convergir a este doble perfil de votante, y que al menos sin un mayor y mejor trabajo pol\u00edtico tal cosa no es posible. \u00a0Pero s\u00ed lo es forjar una sola opci\u00f3n electoral, una lista \u00fanica con un buen liderazgo, en torno a un Programa Com\u00fan de Gobierno, que facilite que una organizaci\u00f3n trabaje sobre procedente del independentismo mientras otra lo hace en campo del antiguo votante de CIU, hoy abstencionista, unido por un proyecto de gobierno forjado en torno a objetivos y motivaciones que han estado abandonadas por el gobierno de la Generalitat, a pesar de que son fundamentales para la gente. Repasar cuales pueden ser estos objetivos motivadores ser\u00e1 objeto de mi pr\u00f3ximo blog.\" \/>\n<meta property=\"og:url\" content=\"https:\/\/conversesacatalunya.cat\/es\/el-catalanismo-debe-saber-construir-una-unica-opcion-electoral\/\" \/>\n<meta property=\"og:site_name\" content=\"Converses a Catalunya\" \/>\n<meta property=\"article:published_time\" content=\"2020-02-21T10:19:39+00:00\" \/>\n<meta property=\"og:image\" content=\"https:\/\/conversesacatalunya.cat\/wp-content\/uploads\/2020\/02\/partidos-no-independentistas.png\" \/>\n\t<meta property=\"og:image:width\" content=\"670\" \/>\n\t<meta property=\"og:image:height\" content=\"355\" \/>\n\t<meta property=\"og:image:type\" content=\"image\/png\" \/>\n<meta name=\"author\" content=\"Josep Mir\u00f3 i Ard\u00e8vol\" \/>\n<meta name=\"twitter:card\" content=\"summary_large_image\" \/>\n<meta name=\"twitter:label1\" content=\"Escrito por\" \/>\n\t<meta name=\"twitter:data1\" content=\"Josep Mir\u00f3 i Ard\u00e8vol\" \/>\n\t<meta name=\"twitter:label2\" content=\"Tiempo de lectura\" \/>\n\t<meta name=\"twitter:data2\" content=\"4 minutos\" \/>\n<script type=\"application\/ld+json\" class=\"yoast-schema-graph\">{\"@context\":\"https:\/\/schema.org\",\"@graph\":[{\"@type\":\"Article\",\"@id\":\"https:\/\/conversesacatalunya.cat\/es\/el-catalanismo-debe-saber-construir-una-unica-opcion-electoral\/#article\",\"isPartOf\":{\"@id\":\"https:\/\/conversesacatalunya.cat\/es\/el-catalanismo-debe-saber-construir-una-unica-opcion-electoral\/\"},\"author\":{\"name\":\"Josep Mir\u00f3 i Ard\u00e8vol\",\"@id\":\"https:\/\/conversesacatalunya.cat\/#\/schema\/person\/a9598a6786ba7d3d1c5e0de477b79370\"},\"headline\":\"El catalanismo debe saber construir una \u00fanica opci\u00f3n electoral\",\"datePublished\":\"2020-02-21T10:19:39+00:00\",\"mainEntityOfPage\":{\"@id\":\"https:\/\/conversesacatalunya.cat\/es\/el-catalanismo-debe-saber-construir-una-unica-opcion-electoral\/\"},\"wordCount\":862,\"commentCount\":0,\"image\":{\"@id\":\"https:\/\/conversesacatalunya.cat\/es\/el-catalanismo-debe-saber-construir-una-unica-opcion-electoral\/#primaryimage\"},\"thumbnailUrl\":\"https:\/\/conversesacatalunya.cat\/wp-content\/uploads\/2020\/02\/partidos-no-independentistas.png\",\"keywords\":[\"catalanismo\",\"Independientes\"],\"articleSection\":[\"El Blog de Josep Mir\u00f3 i Ard\u00e8vol (ES)\"],\"inLanguage\":\"es\",\"potentialAction\":[{\"@type\":\"CommentAction\",\"name\":\"Comment\",\"target\":[\"https:\/\/conversesacatalunya.cat\/es\/el-catalanismo-debe-saber-construir-una-unica-opcion-electoral\/#respond\"]}]},{\"@type\":\"WebPage\",\"@id\":\"https:\/\/conversesacatalunya.cat\/es\/el-catalanismo-debe-saber-construir-una-unica-opcion-electoral\/\",\"url\":\"https:\/\/conversesacatalunya.cat\/es\/el-catalanismo-debe-saber-construir-una-unica-opcion-electoral\/\",\"name\":\"El catalanismo debe saber construir una \u00fanica opci\u00f3n electoral - Converses a Catalunya\",\"isPartOf\":{\"@id\":\"https:\/\/conversesacatalunya.cat\/#website\"},\"primaryImageOfPage\":{\"@id\":\"https:\/\/conversesacatalunya.cat\/es\/el-catalanismo-debe-saber-construir-una-unica-opcion-electoral\/#primaryimage\"},\"image\":{\"@id\":\"https:\/\/conversesacatalunya.cat\/es\/el-catalanismo-debe-saber-construir-una-unica-opcion-electoral\/#primaryimage\"},\"thumbnailUrl\":\"https:\/\/conversesacatalunya.cat\/wp-content\/uploads\/2020\/02\/partidos-no-independentistas.png\",\"datePublished\":\"2020-02-21T10:19:39+00:00\",\"author\":{\"@id\":\"https:\/\/conversesacatalunya.cat\/#\/schema\/person\/a9598a6786ba7d3d1c5e0de477b79370\"},\"breadcrumb\":{\"@id\":\"https:\/\/conversesacatalunya.cat\/es\/el-catalanismo-debe-saber-construir-una-unica-opcion-electoral\/#breadcrumb\"},\"inLanguage\":\"es\",\"potentialAction\":[{\"@type\":\"ReadAction\",\"target\":[\"https:\/\/conversesacatalunya.cat\/es\/el-catalanismo-debe-saber-construir-una-unica-opcion-electoral\/\"]}]},{\"@type\":\"ImageObject\",\"inLanguage\":\"es\",\"@id\":\"https:\/\/conversesacatalunya.cat\/es\/el-catalanismo-debe-saber-construir-una-unica-opcion-electoral\/#primaryimage\",\"url\":\"https:\/\/conversesacatalunya.cat\/wp-content\/uploads\/2020\/02\/partidos-no-independentistas.png\",\"contentUrl\":\"https:\/\/conversesacatalunya.cat\/wp-content\/uploads\/2020\/02\/partidos-no-independentistas.png\",\"width\":670,\"height\":355,\"caption\":\"catalanismo\"},{\"@type\":\"BreadcrumbList\",\"@id\":\"https:\/\/conversesacatalunya.cat\/es\/el-catalanismo-debe-saber-construir-una-unica-opcion-electoral\/#breadcrumb\",\"itemListElement\":[{\"@type\":\"ListItem\",\"position\":1,\"name\":\"Inici\",\"item\":\"https:\/\/conversesacatalunya.cat\/es\/\"},{\"@type\":\"ListItem\",\"position\":2,\"name\":\"El catalanismo debe saber construir una \u00fanica opci\u00f3n electoral\"}]},{\"@type\":\"WebSite\",\"@id\":\"https:\/\/conversesacatalunya.cat\/#website\",\"url\":\"https:\/\/conversesacatalunya.cat\/\",\"name\":\"Converses a Catalunya\",\"description\":\"\",\"potentialAction\":[{\"@type\":\"SearchAction\",\"target\":{\"@type\":\"EntryPoint\",\"urlTemplate\":\"https:\/\/conversesacatalunya.cat\/?s={search_term_string}\"},\"query-input\":{\"@type\":\"PropertyValueSpecification\",\"valueRequired\":true,\"valueName\":\"search_term_string\"}}],\"inLanguage\":\"es\"},{\"@type\":\"Person\",\"@id\":\"https:\/\/conversesacatalunya.cat\/#\/schema\/person\/a9598a6786ba7d3d1c5e0de477b79370\",\"name\":\"Josep Mir\u00f3 i Ard\u00e8vol\",\"image\":{\"@type\":\"ImageObject\",\"inLanguage\":\"es\",\"@id\":\"https:\/\/conversesacatalunya.cat\/#\/schema\/person\/image\/\",\"url\":\"https:\/\/conversesacatalunya.cat\/wp-content\/litespeed\/avatar\/c37e3dc881857483d6694cdf98fdedea.jpg?ver=1777270381\",\"contentUrl\":\"https:\/\/conversesacatalunya.cat\/wp-content\/litespeed\/avatar\/c37e3dc881857483d6694cdf98fdedea.jpg?ver=1777270381\",\"caption\":\"Josep Mir\u00f3 i Ard\u00e8vol\"},\"url\":\"https:\/\/conversesacatalunya.cat\/es\/author\/josep-miro-i-ardevol\/\"}]}<\/script>\n<!-- \/ Yoast SEO plugin. -->","yoast_head_json":{"title":"El catalanismo debe saber construir una \u00fanica opci\u00f3n electoral - Converses a Catalunya","robots":{"index":"index","follow":"follow","max-snippet":"max-snippet:-1","max-image-preview":"max-image-preview:large","max-video-preview":"max-video-preview:-1"},"canonical":"https:\/\/conversesacatalunya.cat\/es\/el-catalanismo-debe-saber-construir-una-unica-opcion-electoral\/","og_locale":"es_ES","og_type":"article","og_title":"El catalanismo debe saber construir una \u00fanica opci\u00f3n electoral - Converses a Catalunya","og_description":"Este fin de semana uno de los partidos m\u00e1s asentados en el espacio central del catalanismo, Units per Avan\u00e7ar, celebrar\u00e1 su Consejo Pol\u00edtico, donde es posible que se decidan pr\u00f3ximos acuerdos con otras organizaciones pol\u00edticas. Es una gran responsabilidad de los herederos directos de Uni\u00f3 Democr\u00e1tica, porque su decisi\u00f3n puede facilitar, o no, la construcci\u00f3n de un gran espacio central del catalanismo en las pr\u00f3ximas elecciones. No es una tarea f\u00e1cil, esto es una obviedad, porque seguramente si lo fuera ya se habr\u00eda realizado. Pero precisamente por esto, es tan necesario unir una visi\u00f3n completa y la diligencia, que no precipitaci\u00f3n, para realizarla. Las personas de Units poseen suficiente experiencia pol\u00edtica como para dinamizar la construcci\u00f3n de aquel espacio, y esta es una gran tarea, quiz\u00e1s hist\u00f3rica, que merece altura de miras. Cierto es que hay dos sensibilidades y experiencias pol\u00edticas distintas que vendr\u00edan a estar representadas, por una parte, por El Pa\u00eds de Dem\u00e0, la organizaci\u00f3n surgida del encuentro de Poblet y que tiene sus liderazgos mas visibles en Antoni Garrell y Lluis Recoder. Su caracterizaci\u00f3n es la de disponer de un denso proyecto program\u00e1tico para Catalu\u00f1a, que se aparta deliberadamente del coyunturalismo, y el pan para hoy, y ma\u00f1ana ya veremos, que caracteriza a los actuales partidos parlamentarios. Y eso es muy bueno, porque necesitamos este tipo de regeneraci\u00f3n pol\u00edtica. Su otra caracter\u00edstica, es la que recoge una visi\u00f3n que no renuncia a la soberan\u00eda catalana, pero no la sit\u00faa en primer plano, rechaza lo que ha hecho el Proc\u00e9s, y considera que la independencia en todo caso solo puede lograrse en el marco de juego pol\u00edtico que establece la Constituci\u00f3n. Su preocupaci\u00f3n, que es lo que sobre todo define su programa son las grandes pol\u00edticas p\u00fablicas que Catalu\u00f1a necesita. Su objetivo ganar 4 o 5 diputados al voto independentista. El tercer grupo est\u00e1 formado por Lliures y la LLiga Democr\u00e1tica, que han anunciado un congreso de unificaci\u00f3n para finales de marzo. Sus principales dirigentes Fern\u00e1ndez Teixid\u00f2, Roger Munta\u00f1ola, Astrid Barrio y Mon Boch, son quiz\u00e1s los que en mayor medida han apelado a la necesaria unidad, y su posicionamiento se sit\u00faa en el catalanismo del autogobierno constitucional. El hecho que incorpore personas que en el pasado han tenido relieve en \u00e1mbitos del Partido Popular o de Sociedad Civil Catalana, no puede ser vista como un dem\u00e9rito, sino como todo lo contrario, porque ejemplifica la capacidad de futuro del catalanismo, de la misma manera que otras han evolucionado del seguimiento del Proc\u00e9s, a su rechazo y adscripci\u00f3n al catalanismo. Pero es que de hecho siempre ha sido as\u00ed. Por ejemplo, Uni\u00f3 Democr\u00e1tica, con criterios de selectividad pol\u00edtica, que imparte carnets de pureza, nunca habr\u00eda podido surgir porque\u00a0 \u00a0agrup\u00f3 a personas procedentes del carlismo, con algunas que ten\u00edan su origen en Acci\u00f2 Catalana, de la LLiga y de grupos de la Federaci\u00f3 de Joves Cristians de Catalunya. Porque, la realidad es que el potencial electoral alimenta dos espacios distintos del catalanismo. Por una parte, hay m\u00e1s de un 10% de votantes independentistas que ahora votar\u00edan a algo que todav\u00eda no existe, una opci\u00f3n catalanista fuerte. Esto representa como m\u00ednimo 5 diputados, 4 de Barcelona y 1 de Tarragona. Una cifra que dar\u00eda al traste con la mayor\u00eda de estos partidos, que en el escenario actual se repetir\u00e1. \u00a0Pero por otra parte, un 40% de votantes de Ciudadanos marchar\u00e1n a la abstenci\u00f3n (el resto repetir\u00e1, o se distribuir\u00e1 entre VOX, PP, y en menor medida PSC). La mayor\u00eda de estas personas se inclinaron en las ultimas elecciones por aquella opci\u00f3n, como partido refugio ante el independentismo, pero eran anteriores votantes de CiU. Ahora lo que preside su comportamiento es la fatiga y el des\u00e1nimo.\u00a0 Movilizar a una buena parte de este electorado desde un partido catalanista son muchos votos y un potencial de 10 o m\u00e1s diputados. Cierto es que la dificultad resulta de hacer convergir a este doble perfil de votante, y que al menos sin un mayor y mejor trabajo pol\u00edtico tal cosa no es posible. \u00a0Pero s\u00ed lo es forjar una sola opci\u00f3n electoral, una lista \u00fanica con un buen liderazgo, en torno a un Programa Com\u00fan de Gobierno, que facilite que una organizaci\u00f3n trabaje sobre procedente del independentismo mientras otra lo hace en campo del antiguo votante de CIU, hoy abstencionista, unido por un proyecto de gobierno forjado en torno a objetivos y motivaciones que han estado abandonadas por el gobierno de la Generalitat, a pesar de que son fundamentales para la gente. Repasar cuales pueden ser estos objetivos motivadores ser\u00e1 objeto de mi pr\u00f3ximo blog.","og_url":"https:\/\/conversesacatalunya.cat\/es\/el-catalanismo-debe-saber-construir-una-unica-opcion-electoral\/","og_site_name":"Converses a Catalunya","article_published_time":"2020-02-21T10:19:39+00:00","og_image":[{"width":670,"height":355,"url":"https:\/\/conversesacatalunya.cat\/wp-content\/uploads\/2020\/02\/partidos-no-independentistas.png","type":"image\/png"}],"author":"Josep Mir\u00f3 i Ard\u00e8vol","twitter_card":"summary_large_image","twitter_misc":{"Escrito por":"Josep Mir\u00f3 i Ard\u00e8vol","Tiempo de lectura":"4 minutos"},"schema":{"@context":"https:\/\/schema.org","@graph":[{"@type":"Article","@id":"https:\/\/conversesacatalunya.cat\/es\/el-catalanismo-debe-saber-construir-una-unica-opcion-electoral\/#article","isPartOf":{"@id":"https:\/\/conversesacatalunya.cat\/es\/el-catalanismo-debe-saber-construir-una-unica-opcion-electoral\/"},"author":{"name":"Josep Mir\u00f3 i Ard\u00e8vol","@id":"https:\/\/conversesacatalunya.cat\/#\/schema\/person\/a9598a6786ba7d3d1c5e0de477b79370"},"headline":"El catalanismo debe saber construir una \u00fanica opci\u00f3n electoral","datePublished":"2020-02-21T10:19:39+00:00","mainEntityOfPage":{"@id":"https:\/\/conversesacatalunya.cat\/es\/el-catalanismo-debe-saber-construir-una-unica-opcion-electoral\/"},"wordCount":862,"commentCount":0,"image":{"@id":"https:\/\/conversesacatalunya.cat\/es\/el-catalanismo-debe-saber-construir-una-unica-opcion-electoral\/#primaryimage"},"thumbnailUrl":"https:\/\/conversesacatalunya.cat\/wp-content\/uploads\/2020\/02\/partidos-no-independentistas.png","keywords":["catalanismo","Independientes"],"articleSection":["El Blog de Josep Mir\u00f3 i Ard\u00e8vol (ES)"],"inLanguage":"es","potentialAction":[{"@type":"CommentAction","name":"Comment","target":["https:\/\/conversesacatalunya.cat\/es\/el-catalanismo-debe-saber-construir-una-unica-opcion-electoral\/#respond"]}]},{"@type":"WebPage","@id":"https:\/\/conversesacatalunya.cat\/es\/el-catalanismo-debe-saber-construir-una-unica-opcion-electoral\/","url":"https:\/\/conversesacatalunya.cat\/es\/el-catalanismo-debe-saber-construir-una-unica-opcion-electoral\/","name":"El catalanismo debe saber construir una \u00fanica opci\u00f3n electoral - Converses a Catalunya","isPartOf":{"@id":"https:\/\/conversesacatalunya.cat\/#website"},"primaryImageOfPage":{"@id":"https:\/\/conversesacatalunya.cat\/es\/el-catalanismo-debe-saber-construir-una-unica-opcion-electoral\/#primaryimage"},"image":{"@id":"https:\/\/conversesacatalunya.cat\/es\/el-catalanismo-debe-saber-construir-una-unica-opcion-electoral\/#primaryimage"},"thumbnailUrl":"https:\/\/conversesacatalunya.cat\/wp-content\/uploads\/2020\/02\/partidos-no-independentistas.png","datePublished":"2020-02-21T10:19:39+00:00","author":{"@id":"https:\/\/conversesacatalunya.cat\/#\/schema\/person\/a9598a6786ba7d3d1c5e0de477b79370"},"breadcrumb":{"@id":"https:\/\/conversesacatalunya.cat\/es\/el-catalanismo-debe-saber-construir-una-unica-opcion-electoral\/#breadcrumb"},"inLanguage":"es","potentialAction":[{"@type":"ReadAction","target":["https:\/\/conversesacatalunya.cat\/es\/el-catalanismo-debe-saber-construir-una-unica-opcion-electoral\/"]}]},{"@type":"ImageObject","inLanguage":"es","@id":"https:\/\/conversesacatalunya.cat\/es\/el-catalanismo-debe-saber-construir-una-unica-opcion-electoral\/#primaryimage","url":"https:\/\/conversesacatalunya.cat\/wp-content\/uploads\/2020\/02\/partidos-no-independentistas.png","contentUrl":"https:\/\/conversesacatalunya.cat\/wp-content\/uploads\/2020\/02\/partidos-no-independentistas.png","width":670,"height":355,"caption":"catalanismo"},{"@type":"BreadcrumbList","@id":"https:\/\/conversesacatalunya.cat\/es\/el-catalanismo-debe-saber-construir-una-unica-opcion-electoral\/#breadcrumb","itemListElement":[{"@type":"ListItem","position":1,"name":"Inici","item":"https:\/\/conversesacatalunya.cat\/es\/"},{"@type":"ListItem","position":2,"name":"El catalanismo debe saber construir una \u00fanica opci\u00f3n electoral"}]},{"@type":"WebSite","@id":"https:\/\/conversesacatalunya.cat\/#website","url":"https:\/\/conversesacatalunya.cat\/","name":"Converses a Catalunya","description":"","potentialAction":[{"@type":"SearchAction","target":{"@type":"EntryPoint","urlTemplate":"https:\/\/conversesacatalunya.cat\/?s={search_term_string}"},"query-input":{"@type":"PropertyValueSpecification","valueRequired":true,"valueName":"search_term_string"}}],"inLanguage":"es"},{"@type":"Person","@id":"https:\/\/conversesacatalunya.cat\/#\/schema\/person\/a9598a6786ba7d3d1c5e0de477b79370","name":"Josep Mir\u00f3 i Ard\u00e8vol","image":{"@type":"ImageObject","inLanguage":"es","@id":"https:\/\/conversesacatalunya.cat\/#\/schema\/person\/image\/","url":"https:\/\/conversesacatalunya.cat\/wp-content\/litespeed\/avatar\/c37e3dc881857483d6694cdf98fdedea.jpg?ver=1777270381","contentUrl":"https:\/\/conversesacatalunya.cat\/wp-content\/litespeed\/avatar\/c37e3dc881857483d6694cdf98fdedea.jpg?ver=1777270381","caption":"Josep Mir\u00f3 i Ard\u00e8vol"},"url":"https:\/\/conversesacatalunya.cat\/es\/author\/josep-miro-i-ardevol\/"}]}},"wps_subtitle":"","_links":{"self":[{"href":"https:\/\/conversesacatalunya.cat\/es\/wp-json\/wp\/v2\/posts\/32705","targetHints":{"allow":["GET"]}}],"collection":[{"href":"https:\/\/conversesacatalunya.cat\/es\/wp-json\/wp\/v2\/posts"}],"about":[{"href":"https:\/\/conversesacatalunya.cat\/es\/wp-json\/wp\/v2\/types\/post"}],"author":[{"embeddable":true,"href":"https:\/\/conversesacatalunya.cat\/es\/wp-json\/wp\/v2\/users\/19"}],"replies":[{"embeddable":true,"href":"https:\/\/conversesacatalunya.cat\/es\/wp-json\/wp\/v2\/comments?post=32705"}],"version-history":[{"count":1,"href":"https:\/\/conversesacatalunya.cat\/es\/wp-json\/wp\/v2\/posts\/32705\/revisions"}],"predecessor-version":[{"id":32708,"href":"https:\/\/conversesacatalunya.cat\/es\/wp-json\/wp\/v2\/posts\/32705\/revisions\/32708"}],"wp:featuredmedia":[{"embeddable":true,"href":"https:\/\/conversesacatalunya.cat\/es\/wp-json\/wp\/v2\/media\/32706"}],"wp:attachment":[{"href":"https:\/\/conversesacatalunya.cat\/es\/wp-json\/wp\/v2\/media?parent=32705"}],"wp:term":[{"taxonomy":"category","embeddable":true,"href":"https:\/\/conversesacatalunya.cat\/es\/wp-json\/wp\/v2\/categories?post=32705"},{"taxonomy":"post_tag","embeddable":true,"href":"https:\/\/conversesacatalunya.cat\/es\/wp-json\/wp\/v2\/tags?post=32705"}],"curies":[{"name":"wp","href":"https:\/\/api.w.org\/{rel}","templated":true}]}}