{"id":32609,"date":"2020-02-19T10:41:29","date_gmt":"2020-02-19T09:41:29","guid":{"rendered":"https:\/\/conversesacatalunya.cat\/?p=32609"},"modified":"2020-02-19T10:41:29","modified_gmt":"2020-02-19T09:41:29","slug":"que-es-la-plataforma-de-debate-openkat","status":"publish","type":"post","link":"https:\/\/conversesacatalunya.cat\/es\/que-es-la-plataforma-de-debate-openkat\/","title":{"rendered":"\u00bfQu\u00e9 es la plataforma de debate Openkat?"},"content":{"rendered":"<p>OpenKat es una<strong>\u00a0<a href=\"https:\/\/openkat.eu\/about-open-kat\/\" target=\"_blank\" rel=\"noopener noreferrer\">plataforma de debate que<\/a><\/strong>\u00a0trabaja con colaboradores de Catalu\u00f1a, el resto de Espa\u00f1a y toda Europa que comparten valores similares.\u00a0El objetivo es incluir opiniones que abarquen todo el espectro pol\u00edtico siempre que sean respetuosas de las leyes vigentes de Espa\u00f1a y la Uni\u00f3n Europea, incluidas aquellas opiniones que expresan la necesidad de cambiar las leyes existentes a trav\u00e9s de los mecanismos establecidos.<\/p>\n<p>La plataforma de debate OpenKat busca encontrar soluciones a los desaf\u00edos planteados por la presi\u00f3n continua de los<strong>\u00a0<a href=\"https:\/\/openkat.eu\/category\/separatism\/\" target=\"_blank\" rel=\"noopener noreferrer\">separatistas catalanes<\/a><\/strong>\u00a0, que afectan profundamente a la sociedad catalana y a la de Espa\u00f1a en general.<\/p>\n<p>OpenKat tambi\u00e9n busca facilitar la b\u00fasqueda de respuestas a las amenazas planteadas por el comportamiento unilateralista de los separatistas, frente a las instituciones democr\u00e1ticas en\u00a0<a href=\"https:\/\/openkat.eu\/category\/catalonia\/\" target=\"_blank\" rel=\"noopener noreferrer\"><strong>Catalu\u00f1a<\/strong>,<\/a>\u00a0en Espa\u00f1a en general y en Europa en general.<\/p>\n","protected":false},"excerpt":{"rendered":"<p>OpenKat es una\u00a0plataforma de debate que\u00a0trabaja con colaboradores de Catalu\u00f1a, el resto de Espa\u00f1a y toda Europa que comparten valores similares.\u00a0El objetivo es incluir opiniones que abarquen todo el espectro pol\u00edtico siempre que sean respetuosas de las leyes vigentes de Espa\u00f1a y la Uni\u00f3n Europea, incluidas aquellas opiniones que expresan la necesidad de cambiar las leyes existentes a trav\u00e9s de los mecanismos establecidos. La plataforma de debate OpenKat busca encontrar soluciones a los desaf\u00edos planteados por la presi\u00f3n continua de los\u00a0separatistas catalanes\u00a0, que afectan profundamente a la sociedad catalana y a la de Espa\u00f1a en general. OpenKat tambi\u00e9n busca facilitar la b\u00fasqueda de respuestas a las amenazas planteadas por el comportamiento unilateralista de los separatistas, frente a las instituciones democr\u00e1ticas en\u00a0Catalu\u00f1a,\u00a0en Espa\u00f1a en general y en Europa en general.<\/p>\n","protected":false},"author":3,"featured_media":32610,"comment_status":"open","ping_status":"open","sticky":false,"template":"","format":"standard","meta":{"_FSMCFIC_featured_image_caption":"","_FSMCFIC_featured_image_nocaption":"","_FSMCFIC_featured_image_hide":"","footnotes":""},"categories":[789],"tags":[],"class_list":["post-32609","post","type-post","status-publish","format-standard","has-post-thumbnail","hentry","category-objectius-especifics-es"],"yoast_head":"<!-- This site is optimized with the Yoast SEO plugin v26.8 - https:\/\/yoast.com\/product\/yoast-seo-wordpress\/ -->\n<title>\u00bfQu\u00e9 es la plataforma de debate Openkat? - Converses a Catalunya<\/title>\n<meta name=\"robots\" content=\"noindex, nofollow\" \/>\n<meta property=\"og:locale\" content=\"es_ES\" \/>\n<meta property=\"og:type\" content=\"article\" \/>\n<meta property=\"og:title\" content=\"\u00bfQu\u00e9 es la plataforma de debate Openkat? - Converses a Catalunya\" \/>\n<meta property=\"og:description\" content=\"OpenKat es una\u00a0plataforma de debate que\u00a0trabaja con colaboradores de Catalu\u00f1a, el resto de Espa\u00f1a y toda Europa que comparten valores similares.\u00a0El objetivo es incluir opiniones que abarquen todo el espectro pol\u00edtico siempre que sean respetuosas de las leyes vigentes de Espa\u00f1a y la Uni\u00f3n Europea, incluidas aquellas opiniones que expresan la necesidad de cambiar las leyes existentes a trav\u00e9s de los mecanismos establecidos. La plataforma de debate OpenKat busca encontrar soluciones a los desaf\u00edos planteados por la presi\u00f3n continua de los\u00a0separatistas catalanes\u00a0, que afectan profundamente a la sociedad catalana y a la de Espa\u00f1a en general. OpenKat tambi\u00e9n busca facilitar la b\u00fasqueda de respuestas a las amenazas planteadas por el comportamiento unilateralista de los separatistas, frente a las instituciones democr\u00e1ticas en\u00a0Catalu\u00f1a,\u00a0en Espa\u00f1a en general y en Europa en general.\" \/>\n<meta property=\"og:url\" content=\"https:\/\/conversesacatalunya.cat\/es\/que-es-la-plataforma-de-debate-openkat\/\" \/>\n<meta property=\"og:site_name\" content=\"Converses a Catalunya\" \/>\n<meta property=\"article:published_time\" content=\"2020-02-19T09:41:29+00:00\" \/>\n<meta property=\"og:image\" content=\"https:\/\/conversesacatalunya.cat\/wp-content\/uploads\/2020\/02\/Logos-OpenKat-300x139-1.png\" \/>\n\t<meta property=\"og:image:width\" content=\"300\" \/>\n\t<meta property=\"og:image:height\" content=\"139\" \/>\n\t<meta property=\"og:image:type\" content=\"image\/png\" \/>\n<meta name=\"author\" content=\"conversesacatalunya\" \/>\n<meta name=\"twitter:card\" content=\"summary_large_image\" \/>\n<meta name=\"twitter:label1\" content=\"Escrito por\" \/>\n\t<meta name=\"twitter:data1\" content=\"conversesacatalunya\" \/>\n\t<meta name=\"twitter:label2\" content=\"Tiempo de lectura\" \/>\n\t<meta name=\"twitter:data2\" content=\"1 minuto\" \/>\n<script type=\"application\/ld+json\" class=\"yoast-schema-graph\">{\"@context\":\"https:\/\/schema.org\",\"@graph\":[{\"@type\":\"Article\",\"@id\":\"https:\/\/conversesacatalunya.cat\/es\/que-es-la-plataforma-de-debate-openkat\/#article\",\"isPartOf\":{\"@id\":\"https:\/\/conversesacatalunya.cat\/es\/que-es-la-plataforma-de-debate-openkat\/\"},\"author\":{\"name\":\"conversesacatalunya\",\"@id\":\"https:\/\/conversesacatalunya.cat\/#\/schema\/person\/982274792508d804a0821b413c9ac076\"},\"headline\":\"\u00bfQu\u00e9 es la plataforma de debate Openkat?\",\"datePublished\":\"2020-02-19T09:41:29+00:00\",\"mainEntityOfPage\":{\"@id\":\"https:\/\/conversesacatalunya.cat\/es\/que-es-la-plataforma-de-debate-openkat\/\"},\"wordCount\":156,\"commentCount\":0,\"image\":{\"@id\":\"https:\/\/conversesacatalunya.cat\/es\/que-es-la-plataforma-de-debate-openkat\/#primaryimage\"},\"thumbnailUrl\":\"https:\/\/conversesacatalunya.cat\/wp-content\/uploads\/2020\/02\/Logos-OpenKat-300x139-1.png\",\"articleSection\":[\"Objectius espec\u00edfics (ES)\"],\"inLanguage\":\"es\",\"potentialAction\":[{\"@type\":\"CommentAction\",\"name\":\"Comment\",\"target\":[\"https:\/\/conversesacatalunya.cat\/es\/que-es-la-plataforma-de-debate-openkat\/#respond\"]}]},{\"@type\":\"WebPage\",\"@id\":\"https:\/\/conversesacatalunya.cat\/es\/que-es-la-plataforma-de-debate-openkat\/\",\"url\":\"https:\/\/conversesacatalunya.cat\/es\/que-es-la-plataforma-de-debate-openkat\/\",\"name\":\"\u00bfQu\u00e9 es la plataforma de debate Openkat? - Converses a Catalunya\",\"isPartOf\":{\"@id\":\"https:\/\/conversesacatalunya.cat\/#website\"},\"primaryImageOfPage\":{\"@id\":\"https:\/\/conversesacatalunya.cat\/es\/que-es-la-plataforma-de-debate-openkat\/#primaryimage\"},\"image\":{\"@id\":\"https:\/\/conversesacatalunya.cat\/es\/que-es-la-plataforma-de-debate-openkat\/#primaryimage\"},\"thumbnailUrl\":\"https:\/\/conversesacatalunya.cat\/wp-content\/uploads\/2020\/02\/Logos-OpenKat-300x139-1.png\",\"datePublished\":\"2020-02-19T09:41:29+00:00\",\"author\":{\"@id\":\"https:\/\/conversesacatalunya.cat\/#\/schema\/person\/982274792508d804a0821b413c9ac076\"},\"breadcrumb\":{\"@id\":\"https:\/\/conversesacatalunya.cat\/es\/que-es-la-plataforma-de-debate-openkat\/#breadcrumb\"},\"inLanguage\":\"es\",\"potentialAction\":[{\"@type\":\"ReadAction\",\"target\":[\"https:\/\/conversesacatalunya.cat\/es\/que-es-la-plataforma-de-debate-openkat\/\"]}]},{\"@type\":\"ImageObject\",\"inLanguage\":\"es\",\"@id\":\"https:\/\/conversesacatalunya.cat\/es\/que-es-la-plataforma-de-debate-openkat\/#primaryimage\",\"url\":\"https:\/\/conversesacatalunya.cat\/wp-content\/uploads\/2020\/02\/Logos-OpenKat-300x139-1.png\",\"contentUrl\":\"https:\/\/conversesacatalunya.cat\/wp-content\/uploads\/2020\/02\/Logos-OpenKat-300x139-1.png\",\"width\":300,\"height\":139},{\"@type\":\"BreadcrumbList\",\"@id\":\"https:\/\/conversesacatalunya.cat\/es\/que-es-la-plataforma-de-debate-openkat\/#breadcrumb\",\"itemListElement\":[{\"@type\":\"ListItem\",\"position\":1,\"name\":\"Inici\",\"item\":\"https:\/\/conversesacatalunya.cat\/es\/\"},{\"@type\":\"ListItem\",\"position\":2,\"name\":\"\u00bfQu\u00e9 es la plataforma de debate Openkat?\"}]},{\"@type\":\"WebSite\",\"@id\":\"https:\/\/conversesacatalunya.cat\/#website\",\"url\":\"https:\/\/conversesacatalunya.cat\/\",\"name\":\"Converses a Catalunya\",\"description\":\"\",\"potentialAction\":[{\"@type\":\"SearchAction\",\"target\":{\"@type\":\"EntryPoint\",\"urlTemplate\":\"https:\/\/conversesacatalunya.cat\/?s={search_term_string}\"},\"query-input\":{\"@type\":\"PropertyValueSpecification\",\"valueRequired\":true,\"valueName\":\"search_term_string\"}}],\"inLanguage\":\"es\"},{\"@type\":\"Person\",\"@id\":\"https:\/\/conversesacatalunya.cat\/#\/schema\/person\/982274792508d804a0821b413c9ac076\",\"name\":\"conversesacatalunya\",\"image\":{\"@type\":\"ImageObject\",\"inLanguage\":\"es\",\"@id\":\"https:\/\/conversesacatalunya.cat\/#\/schema\/person\/image\/\",\"url\":\"https:\/\/conversesacatalunya.cat\/wp-content\/litespeed\/avatar\/f04b47eeffd9637c7cf7869e217fb9ec.jpg?ver=1777370077\",\"contentUrl\":\"https:\/\/conversesacatalunya.cat\/wp-content\/litespeed\/avatar\/f04b47eeffd9637c7cf7869e217fb9ec.jpg?ver=1777370077\",\"caption\":\"conversesacatalunya\"},\"url\":\"https:\/\/conversesacatalunya.cat\/es\/author\/muntsa_escola\/\"}]}<\/script>\n<!-- \/ Yoast SEO plugin. -->","yoast_head_json":{"title":"\u00bfQu\u00e9 es la plataforma de debate Openkat? - Converses a Catalunya","robots":{"index":"noindex","follow":"nofollow"},"og_locale":"es_ES","og_type":"article","og_title":"\u00bfQu\u00e9 es la plataforma de debate Openkat? - Converses a Catalunya","og_description":"OpenKat es una\u00a0plataforma de debate que\u00a0trabaja con colaboradores de Catalu\u00f1a, el resto de Espa\u00f1a y toda Europa que comparten valores similares.\u00a0El objetivo es incluir opiniones que abarquen todo el espectro pol\u00edtico siempre que sean respetuosas de las leyes vigentes de Espa\u00f1a y la Uni\u00f3n Europea, incluidas aquellas opiniones que expresan la necesidad de cambiar las leyes existentes a trav\u00e9s de los mecanismos establecidos. La plataforma de debate OpenKat busca encontrar soluciones a los desaf\u00edos planteados por la presi\u00f3n continua de los\u00a0separatistas catalanes\u00a0, que afectan profundamente a la sociedad catalana y a la de Espa\u00f1a en general. OpenKat tambi\u00e9n busca facilitar la b\u00fasqueda de respuestas a las amenazas planteadas por el comportamiento unilateralista de los separatistas, frente a las instituciones democr\u00e1ticas en\u00a0Catalu\u00f1a,\u00a0en Espa\u00f1a en general y en Europa en general.","og_url":"https:\/\/conversesacatalunya.cat\/es\/que-es-la-plataforma-de-debate-openkat\/","og_site_name":"Converses a Catalunya","article_published_time":"2020-02-19T09:41:29+00:00","og_image":[{"width":300,"height":139,"url":"https:\/\/conversesacatalunya.cat\/wp-content\/uploads\/2020\/02\/Logos-OpenKat-300x139-1.png","type":"image\/png"}],"author":"conversesacatalunya","twitter_card":"summary_large_image","twitter_misc":{"Escrito por":"conversesacatalunya","Tiempo de lectura":"1 minuto"},"schema":{"@context":"https:\/\/schema.org","@graph":[{"@type":"Article","@id":"https:\/\/conversesacatalunya.cat\/es\/que-es-la-plataforma-de-debate-openkat\/#article","isPartOf":{"@id":"https:\/\/conversesacatalunya.cat\/es\/que-es-la-plataforma-de-debate-openkat\/"},"author":{"name":"conversesacatalunya","@id":"https:\/\/conversesacatalunya.cat\/#\/schema\/person\/982274792508d804a0821b413c9ac076"},"headline":"\u00bfQu\u00e9 es la plataforma de debate Openkat?","datePublished":"2020-02-19T09:41:29+00:00","mainEntityOfPage":{"@id":"https:\/\/conversesacatalunya.cat\/es\/que-es-la-plataforma-de-debate-openkat\/"},"wordCount":156,"commentCount":0,"image":{"@id":"https:\/\/conversesacatalunya.cat\/es\/que-es-la-plataforma-de-debate-openkat\/#primaryimage"},"thumbnailUrl":"https:\/\/conversesacatalunya.cat\/wp-content\/uploads\/2020\/02\/Logos-OpenKat-300x139-1.png","articleSection":["Objectius espec\u00edfics (ES)"],"inLanguage":"es","potentialAction":[{"@type":"CommentAction","name":"Comment","target":["https:\/\/conversesacatalunya.cat\/es\/que-es-la-plataforma-de-debate-openkat\/#respond"]}]},{"@type":"WebPage","@id":"https:\/\/conversesacatalunya.cat\/es\/que-es-la-plataforma-de-debate-openkat\/","url":"https:\/\/conversesacatalunya.cat\/es\/que-es-la-plataforma-de-debate-openkat\/","name":"\u00bfQu\u00e9 es la plataforma de debate Openkat? - Converses a Catalunya","isPartOf":{"@id":"https:\/\/conversesacatalunya.cat\/#website"},"primaryImageOfPage":{"@id":"https:\/\/conversesacatalunya.cat\/es\/que-es-la-plataforma-de-debate-openkat\/#primaryimage"},"image":{"@id":"https:\/\/conversesacatalunya.cat\/es\/que-es-la-plataforma-de-debate-openkat\/#primaryimage"},"thumbnailUrl":"https:\/\/conversesacatalunya.cat\/wp-content\/uploads\/2020\/02\/Logos-OpenKat-300x139-1.png","datePublished":"2020-02-19T09:41:29+00:00","author":{"@id":"https:\/\/conversesacatalunya.cat\/#\/schema\/person\/982274792508d804a0821b413c9ac076"},"breadcrumb":{"@id":"https:\/\/conversesacatalunya.cat\/es\/que-es-la-plataforma-de-debate-openkat\/#breadcrumb"},"inLanguage":"es","potentialAction":[{"@type":"ReadAction","target":["https:\/\/conversesacatalunya.cat\/es\/que-es-la-plataforma-de-debate-openkat\/"]}]},{"@type":"ImageObject","inLanguage":"es","@id":"https:\/\/conversesacatalunya.cat\/es\/que-es-la-plataforma-de-debate-openkat\/#primaryimage","url":"https:\/\/conversesacatalunya.cat\/wp-content\/uploads\/2020\/02\/Logos-OpenKat-300x139-1.png","contentUrl":"https:\/\/conversesacatalunya.cat\/wp-content\/uploads\/2020\/02\/Logos-OpenKat-300x139-1.png","width":300,"height":139},{"@type":"BreadcrumbList","@id":"https:\/\/conversesacatalunya.cat\/es\/que-es-la-plataforma-de-debate-openkat\/#breadcrumb","itemListElement":[{"@type":"ListItem","position":1,"name":"Inici","item":"https:\/\/conversesacatalunya.cat\/es\/"},{"@type":"ListItem","position":2,"name":"\u00bfQu\u00e9 es la plataforma de debate Openkat?"}]},{"@type":"WebSite","@id":"https:\/\/conversesacatalunya.cat\/#website","url":"https:\/\/conversesacatalunya.cat\/","name":"Converses a Catalunya","description":"","potentialAction":[{"@type":"SearchAction","target":{"@type":"EntryPoint","urlTemplate":"https:\/\/conversesacatalunya.cat\/?s={search_term_string}"},"query-input":{"@type":"PropertyValueSpecification","valueRequired":true,"valueName":"search_term_string"}}],"inLanguage":"es"},{"@type":"Person","@id":"https:\/\/conversesacatalunya.cat\/#\/schema\/person\/982274792508d804a0821b413c9ac076","name":"conversesacatalunya","image":{"@type":"ImageObject","inLanguage":"es","@id":"https:\/\/conversesacatalunya.cat\/#\/schema\/person\/image\/","url":"https:\/\/conversesacatalunya.cat\/wp-content\/litespeed\/avatar\/f04b47eeffd9637c7cf7869e217fb9ec.jpg?ver=1777370077","contentUrl":"https:\/\/conversesacatalunya.cat\/wp-content\/litespeed\/avatar\/f04b47eeffd9637c7cf7869e217fb9ec.jpg?ver=1777370077","caption":"conversesacatalunya"},"url":"https:\/\/conversesacatalunya.cat\/es\/author\/muntsa_escola\/"}]}},"wps_subtitle":"","_links":{"self":[{"href":"https:\/\/conversesacatalunya.cat\/es\/wp-json\/wp\/v2\/posts\/32609","targetHints":{"allow":["GET"]}}],"collection":[{"href":"https:\/\/conversesacatalunya.cat\/es\/wp-json\/wp\/v2\/posts"}],"about":[{"href":"https:\/\/conversesacatalunya.cat\/es\/wp-json\/wp\/v2\/types\/post"}],"author":[{"embeddable":true,"href":"https:\/\/conversesacatalunya.cat\/es\/wp-json\/wp\/v2\/users\/3"}],"replies":[{"embeddable":true,"href":"https:\/\/conversesacatalunya.cat\/es\/wp-json\/wp\/v2\/comments?post=32609"}],"version-history":[{"count":2,"href":"https:\/\/conversesacatalunya.cat\/es\/wp-json\/wp\/v2\/posts\/32609\/revisions"}],"predecessor-version":[{"id":32613,"href":"https:\/\/conversesacatalunya.cat\/es\/wp-json\/wp\/v2\/posts\/32609\/revisions\/32613"}],"wp:featuredmedia":[{"embeddable":true,"href":"https:\/\/conversesacatalunya.cat\/es\/wp-json\/wp\/v2\/media\/32610"}],"wp:attachment":[{"href":"https:\/\/conversesacatalunya.cat\/es\/wp-json\/wp\/v2\/media?parent=32609"}],"wp:term":[{"taxonomy":"category","embeddable":true,"href":"https:\/\/conversesacatalunya.cat\/es\/wp-json\/wp\/v2\/categories?post=32609"},{"taxonomy":"post_tag","embeddable":true,"href":"https:\/\/conversesacatalunya.cat\/es\/wp-json\/wp\/v2\/tags?post=32609"}],"curies":[{"name":"wp","href":"https:\/\/api.w.org\/{rel}","templated":true}]}}