{"id":32578,"date":"2020-02-18T13:40:00","date_gmt":"2020-02-18T12:40:00","guid":{"rendered":"https:\/\/conversesacatalunya.cat\/lestranya-evolucio-de-la-borsa\/"},"modified":"2020-02-18T15:39:01","modified_gmt":"2020-02-18T14:39:01","slug":"la-extrana-evolucion-de-la-bolsa","status":"publish","type":"post","link":"https:\/\/conversesacatalunya.cat\/es\/la-extrana-evolucion-de-la-bolsa\/","title":{"rendered":"La extra\u00f1a evoluci\u00f3n de la bolsa"},"content":{"rendered":"<p><span style=\"display: inline !important; float: none; background-color: #f5f5f5; color: rgba(0, 0, 0, 0.87); font-family: 'Roboto',arial,sans-serif; font-size: 18px; font-style: normal; font-variant: normal; font-weight: 400; letter-spacing: normal; line-height: 28px; orphans: 2; text-align: left; text-decoration: none; text-indent: 0px; text-transform: none; -webkit-text-stroke-width: 0px; white-space: pre-wrap; word-spacing: 0px;\">Por primera vez en los dos \u00faltimos a\u00f1os, <strong>el IBEX 35 ha alcanzado los 10.000 puntos<\/strong>. Este hecho en s\u00ed mismo ya es una noticia, pero su singularidad se multiplica si situamos este aumento en el contexto econ\u00f3mico actual.<\/span><\/p>\n<p><span style=\"display: inline !important; float: none; background-color: #f5f5f5; color: rgba(0, 0, 0, 0.87); font-family: 'Roboto',arial,sans-serif; font-size: 18px; font-style: normal; font-variant: normal; font-weight: 400; letter-spacing: normal; line-height: 28px; orphans: 2; text-align: left; text-decoration: none; text-indent: 0px; text-transform: none; -webkit-text-stroke-width: 0px; white-space: pre-wrap; word-spacing: 0px;\">Por un lado, tenemos un proceso de desaceleraci\u00f3n que ni de lejos puede representar una crisis, pero s\u00ed claramente una ralentizaci\u00f3n de la econom\u00eda para este a\u00f1o y el pr\u00f3ximo. Esta realidad adem\u00e1s se hace patente en el caso del motor econ\u00f3mico de Europa, Alemania, que sufre un bajo crecimiento.<\/span><\/p>\n<p><span style=\"display: inline !important; float: none; background-color: #f5f5f5; color: rgba(0, 0, 0, 0.87); font-family: 'Roboto',arial,sans-serif; font-size: 18px; font-style: normal; font-variant: normal; font-weight: 400; letter-spacing: normal; line-height: 28px; orphans: 2; text-align: left; text-decoration: none; text-indent: 0px; text-transform: none; -webkit-text-stroke-width: 0px; white-space: pre-wrap; word-spacing: 0px;\">Pero tanto o m\u00e1s importante que esto es <a href=\"https:\/\/conversesacatalunya.cat\/es\/el-coronavirus-podria-llevar-a-europa-a-la-recesion\/\" target=\"_blank\" rel=\"noopener noreferrer\">la incertidumbre que ha provocado el coronavirus<\/a>, que est\u00e1 teniendo un impacto creciente sobre la econom\u00eda china, que representa el 20% del PIB mundial. A estas alturas se considera que tendr\u00e1 un efecto sobre el crecimiento global, y l\u00f3gicamente el espa\u00f1ol, <strong>disminuyendo unas d\u00e9cimas de PIB<\/strong> que a\u00fan no han sido contabilizadas. Pero, sobre todo, lo m\u00e1s determinante es la incertidumbre de c\u00f3mo evolucionar\u00e1, y ya se sabe que la bolsa lo que teme m\u00e1s son estos escenarios de navegaci\u00f3n a oscuras y sin GPS.<\/span><\/p>\n<p><span style=\"display: inline !important; float: none; background-color: #f5f5f5; color: rgba(0, 0, 0, 0.87); font-family: 'Roboto',arial,sans-serif; font-size: 18px; font-style: normal; font-variant: normal; font-weight: 400; letter-spacing: normal; line-height: 28px; orphans: 2; text-align: left; text-decoration: none; text-indent: 0px; text-transform: none; -webkit-text-stroke-width: 0px; white-space: pre-wrap; word-spacing: 0px;\">Y adem\u00e1s hay aspectos locales que tienen un efecto limitado sobre el IBEX, pero que tienen incidencia. Uno es el impacto de la<a href=\"https:\/\/conversesacatalunya.cat\/suspensio-del-mobile-world-congress-entre-les-deficiencies-de-gestio-i-la-ma-fosca\/\" target=\"_blank\" rel=\"noopener noreferrer\"> suspensi\u00f3n del Mobile World Congress<\/a> en Barcelona, \u200b\u200bque no es \u00fanicamente econ\u00f3mico, sino que aporta una inyecci\u00f3n adicional de incertidumbre en el \u00e1mbito local. El otro son los presupuestos del estado, que cada vez generan m\u00e1s desconfianza en el sentido de que pueden producir un d\u00e9ficit importante, a pesar de los ajustes que pueda imponer Bruselas.<\/span><\/p>\n<p><span style=\"display: inline !important; float: none; background-color: #f5f5f5; color: rgba(0, 0, 0, 0.87); font-family: 'Roboto',arial,sans-serif; font-size: 18px; font-style: normal; font-variant: normal; font-weight: 400; letter-spacing: normal; line-height: 28px; orphans: 2; text-align: left; text-decoration: none; text-indent: 0px; text-transform: none; -webkit-text-stroke-width: 0px; white-space: pre-wrap; word-spacing: 0px;\">Todo ello son indicadores de futuro negativos. Ninguna catastr\u00f3fico, pero evidentemente no animan a imaginar escenarios futuros a corto plazo de mejor crecimiento econ\u00f3mico y de mayores ganancias para las empresas.<\/span><\/p>\n<p><span style=\"display: inline !important; float: none; background-color: #f5f5f5; color: rgba(0, 0, 0, 0.87); font-family: 'Roboto',arial,sans-serif; font-size: 18px; font-style: normal; font-variant: normal; font-weight: 400; letter-spacing: normal; line-height: 28px; orphans: 2; text-align: left; text-decoration: none; text-indent: 0px; text-transform: none; -webkit-text-stroke-width: 0px; white-space: pre-wrap; word-spacing: 0px;\">En este contexto, <strong>\u00bfc\u00f3mo es posible que el IBEX siga creciendo?<\/strong> La \u00fanica referencia positiva ser\u00eda la continua expansi\u00f3n de EE.UU., pero esta no ha servido en el pasado inmediato para corregir tendencias a la baja. He aqu\u00ed, por tanto, uno de los primeros misterios de este a\u00f1o 2020: \u00bfpor qu\u00e9 ha subido tanto el IBEX?<\/span><\/p>\n<span class='bctt-click-to-tweet'><span class='bctt-ctt-text'><a href='https:\/\/twitter.com\/intent\/tweet?url=https%3A%2F%2Fconversesacatalunya.cat%2Fes%2Fla-extrana-evolucion-de-la-bolsa%2F&#038;text=%C2%BFC%C3%B3mo%20es%20posible%20que%20el%20IBEX%20siga%20creciendo%3F&#038;via=conversesacat&#038;related=conversesacat' target='_blank'rel=\"noopener noreferrer\">\u00bfC\u00f3mo es posible que el IBEX siga creciendo? <\/a><\/span><a href='https:\/\/twitter.com\/intent\/tweet?url=https%3A%2F%2Fconversesacatalunya.cat%2Fes%2Fla-extrana-evolucion-de-la-bolsa%2F&#038;text=%C2%BFC%C3%B3mo%20es%20posible%20que%20el%20IBEX%20siga%20creciendo%3F&#038;via=conversesacat&#038;related=conversesacat' target='_blank' class='bctt-ctt-btn'rel=\"noopener noreferrer\">Compartir en X<\/a><\/span>\n","protected":false},"excerpt":{"rendered":"<p>Por primera vez en los dos \u00faltimos a\u00f1os, el IBEX 35 ha alcanzado los 10.000 puntos. Este hecho en s\u00ed mismo ya es una noticia, pero su singularidad se multiplica si situamos este aumento en el contexto econ\u00f3mico actual. Por un lado, tenemos un proceso de desaceleraci\u00f3n que ni de lejos puede representar una crisis, pero s\u00ed claramente una ralentizaci\u00f3n de la econom\u00eda para este a\u00f1o y el pr\u00f3ximo. Esta realidad adem\u00e1s se hace patente en el caso del motor econ\u00f3mico de Europa, Alemania, que sufre un bajo crecimiento. Pero tanto o m\u00e1s importante que esto es la incertidumbre que ha provocado el coronavirus, que est\u00e1 teniendo un impacto creciente sobre la econom\u00eda china, que representa el 20% del PIB mundial. A estas alturas se considera que tendr\u00e1 un efecto sobre el crecimiento global, y l\u00f3gicamente el espa\u00f1ol, disminuyendo unas d\u00e9cimas de PIB que a\u00fan no han sido contabilizadas. Pero, sobre todo, lo m\u00e1s determinante es la incertidumbre de c\u00f3mo evolucionar\u00e1, y ya se sabe que la bolsa lo que teme m\u00e1s son estos escenarios de navegaci\u00f3n a oscuras y sin GPS. Y adem\u00e1s hay aspectos locales que tienen un efecto limitado sobre el IBEX, pero que tienen incidencia. Uno es el impacto de la suspensi\u00f3n del Mobile World Congress en Barcelona, \u200b\u200bque no es \u00fanicamente econ\u00f3mico, sino que aporta una inyecci\u00f3n adicional de incertidumbre en el \u00e1mbito local. El otro son los presupuestos del estado, que cada vez generan m\u00e1s desconfianza en el sentido de que pueden producir un d\u00e9ficit importante, a pesar de los ajustes que pueda imponer Bruselas. Todo ello son indicadores de futuro negativos. Ninguna catastr\u00f3fico, pero evidentemente no animan a imaginar escenarios futuros a corto plazo de mejor crecimiento econ\u00f3mico y de mayores ganancias para las empresas. En este contexto, \u00bfc\u00f3mo es posible que el IBEX siga creciendo? La \u00fanica referencia positiva ser\u00eda la continua expansi\u00f3n de EE.UU., pero esta no ha servido en el pasado inmediato para corregir tendencias a la baja. He aqu\u00ed, por tanto, uno de los primeros misterios de este a\u00f1o 2020: \u00bfpor qu\u00e9 ha subido tanto el IBEX?<\/p>\n","protected":false},"author":2,"featured_media":32566,"comment_status":"open","ping_status":"open","sticky":false,"template":"","format":"standard","meta":{"_FSMCFIC_featured_image_caption":"","_FSMCFIC_featured_image_nocaption":"","_FSMCFIC_featured_image_hide":"","footnotes":""},"categories":[1772,806],"tags":[1547,1546],"class_list":["post-32578","post","type-post","status-publish","format-standard","has-post-thumbnail","hentry","category-especial-coronavirus-es","category-punts-claus-del-dia-es","tag-bolsa","tag-borsa-es"],"yoast_head":"<!-- This site is optimized with the Yoast SEO plugin v26.8 - https:\/\/yoast.com\/product\/yoast-seo-wordpress\/ -->\n<title>La extra\u00f1a evoluci\u00f3n de la bolsa - Converses a Catalunya<\/title>\n<meta name=\"robots\" content=\"index, follow, max-snippet:-1, max-image-preview:large, max-video-preview:-1\" \/>\n<link rel=\"canonical\" href=\"https:\/\/conversesacatalunya.cat\/es\/la-extrana-evolucion-de-la-bolsa\/\" \/>\n<meta property=\"og:locale\" content=\"es_ES\" \/>\n<meta property=\"og:type\" content=\"article\" \/>\n<meta property=\"og:title\" content=\"La extra\u00f1a evoluci\u00f3n de la bolsa - Converses a Catalunya\" \/>\n<meta property=\"og:description\" content=\"Por primera vez en los dos \u00faltimos a\u00f1os, el IBEX 35 ha alcanzado los 10.000 puntos. Este hecho en s\u00ed mismo ya es una noticia, pero su singularidad se multiplica si situamos este aumento en el contexto econ\u00f3mico actual. Por un lado, tenemos un proceso de desaceleraci\u00f3n que ni de lejos puede representar una crisis, pero s\u00ed claramente una ralentizaci\u00f3n de la econom\u00eda para este a\u00f1o y el pr\u00f3ximo. Esta realidad adem\u00e1s se hace patente en el caso del motor econ\u00f3mico de Europa, Alemania, que sufre un bajo crecimiento. Pero tanto o m\u00e1s importante que esto es la incertidumbre que ha provocado el coronavirus, que est\u00e1 teniendo un impacto creciente sobre la econom\u00eda china, que representa el 20% del PIB mundial. A estas alturas se considera que tendr\u00e1 un efecto sobre el crecimiento global, y l\u00f3gicamente el espa\u00f1ol, disminuyendo unas d\u00e9cimas de PIB que a\u00fan no han sido contabilizadas. Pero, sobre todo, lo m\u00e1s determinante es la incertidumbre de c\u00f3mo evolucionar\u00e1, y ya se sabe que la bolsa lo que teme m\u00e1s son estos escenarios de navegaci\u00f3n a oscuras y sin GPS. Y adem\u00e1s hay aspectos locales que tienen un efecto limitado sobre el IBEX, pero que tienen incidencia. Uno es el impacto de la suspensi\u00f3n del Mobile World Congress en Barcelona, \u200b\u200bque no es \u00fanicamente econ\u00f3mico, sino que aporta una inyecci\u00f3n adicional de incertidumbre en el \u00e1mbito local. El otro son los presupuestos del estado, que cada vez generan m\u00e1s desconfianza en el sentido de que pueden producir un d\u00e9ficit importante, a pesar de los ajustes que pueda imponer Bruselas. Todo ello son indicadores de futuro negativos. Ninguna catastr\u00f3fico, pero evidentemente no animan a imaginar escenarios futuros a corto plazo de mejor crecimiento econ\u00f3mico y de mayores ganancias para las empresas. En este contexto, \u00bfc\u00f3mo es posible que el IBEX siga creciendo? La \u00fanica referencia positiva ser\u00eda la continua expansi\u00f3n de EE.UU., pero esta no ha servido en el pasado inmediato para corregir tendencias a la baja. He aqu\u00ed, por tanto, uno de los primeros misterios de este a\u00f1o 2020: \u00bfpor qu\u00e9 ha subido tanto el IBEX?\" \/>\n<meta property=\"og:url\" content=\"https:\/\/conversesacatalunya.cat\/es\/la-extrana-evolucion-de-la-bolsa\/\" \/>\n<meta property=\"og:site_name\" content=\"Converses a Catalunya\" \/>\n<meta property=\"article:published_time\" content=\"2020-02-18T12:40:00+00:00\" \/>\n<meta property=\"article:modified_time\" content=\"2020-02-18T14:39:01+00:00\" \/>\n<meta property=\"og:image\" content=\"https:\/\/conversesacatalunya.cat\/wp-content\/uploads\/2020\/02\/ibez.jpg\" \/>\n\t<meta property=\"og:image:width\" content=\"980\" \/>\n\t<meta property=\"og:image:height\" content=\"455\" \/>\n\t<meta property=\"og:image:type\" content=\"image\/jpeg\" \/>\n<meta name=\"author\" content=\"conversesacatalunya\" \/>\n<meta name=\"twitter:card\" content=\"summary_large_image\" \/>\n<meta name=\"twitter:label1\" content=\"Escrito por\" \/>\n\t<meta name=\"twitter:data1\" content=\"conversesacatalunya\" \/>\n\t<meta name=\"twitter:label2\" content=\"Tiempo de lectura\" \/>\n\t<meta name=\"twitter:data2\" content=\"2 minutos\" \/>\n<script type=\"application\/ld+json\" class=\"yoast-schema-graph\">{\"@context\":\"https:\/\/schema.org\",\"@graph\":[{\"@type\":\"Article\",\"@id\":\"https:\/\/conversesacatalunya.cat\/es\/la-extrana-evolucion-de-la-bolsa\/#article\",\"isPartOf\":{\"@id\":\"https:\/\/conversesacatalunya.cat\/es\/la-extrana-evolucion-de-la-bolsa\/\"},\"author\":{\"name\":\"conversesacatalunya\",\"@id\":\"https:\/\/conversesacatalunya.cat\/#\/schema\/person\/7e24d1e54a2785373ddcb275eae5ed99\"},\"headline\":\"La extra\u00f1a evoluci\u00f3n de la bolsa\",\"datePublished\":\"2020-02-18T12:40:00+00:00\",\"dateModified\":\"2020-02-18T14:39:01+00:00\",\"mainEntityOfPage\":{\"@id\":\"https:\/\/conversesacatalunya.cat\/es\/la-extrana-evolucion-de-la-bolsa\/\"},\"wordCount\":397,\"commentCount\":0,\"image\":{\"@id\":\"https:\/\/conversesacatalunya.cat\/es\/la-extrana-evolucion-de-la-bolsa\/#primaryimage\"},\"thumbnailUrl\":\"https:\/\/conversesacatalunya.cat\/wp-content\/uploads\/2020\/02\/ibez.jpg\",\"keywords\":[\"Bolsa\",\"Borsa\"],\"articleSection\":[\"Especial Coronavirus (ES)\",\"Punts clau del dia (ES)\"],\"inLanguage\":\"es\",\"potentialAction\":[{\"@type\":\"CommentAction\",\"name\":\"Comment\",\"target\":[\"https:\/\/conversesacatalunya.cat\/es\/la-extrana-evolucion-de-la-bolsa\/#respond\"]}]},{\"@type\":\"WebPage\",\"@id\":\"https:\/\/conversesacatalunya.cat\/es\/la-extrana-evolucion-de-la-bolsa\/\",\"url\":\"https:\/\/conversesacatalunya.cat\/es\/la-extrana-evolucion-de-la-bolsa\/\",\"name\":\"La extra\u00f1a evoluci\u00f3n de la bolsa - Converses a Catalunya\",\"isPartOf\":{\"@id\":\"https:\/\/conversesacatalunya.cat\/#website\"},\"primaryImageOfPage\":{\"@id\":\"https:\/\/conversesacatalunya.cat\/es\/la-extrana-evolucion-de-la-bolsa\/#primaryimage\"},\"image\":{\"@id\":\"https:\/\/conversesacatalunya.cat\/es\/la-extrana-evolucion-de-la-bolsa\/#primaryimage\"},\"thumbnailUrl\":\"https:\/\/conversesacatalunya.cat\/wp-content\/uploads\/2020\/02\/ibez.jpg\",\"datePublished\":\"2020-02-18T12:40:00+00:00\",\"dateModified\":\"2020-02-18T14:39:01+00:00\",\"author\":{\"@id\":\"https:\/\/conversesacatalunya.cat\/#\/schema\/person\/7e24d1e54a2785373ddcb275eae5ed99\"},\"breadcrumb\":{\"@id\":\"https:\/\/conversesacatalunya.cat\/es\/la-extrana-evolucion-de-la-bolsa\/#breadcrumb\"},\"inLanguage\":\"es\",\"potentialAction\":[{\"@type\":\"ReadAction\",\"target\":[\"https:\/\/conversesacatalunya.cat\/es\/la-extrana-evolucion-de-la-bolsa\/\"]}]},{\"@type\":\"ImageObject\",\"inLanguage\":\"es\",\"@id\":\"https:\/\/conversesacatalunya.cat\/es\/la-extrana-evolucion-de-la-bolsa\/#primaryimage\",\"url\":\"https:\/\/conversesacatalunya.cat\/wp-content\/uploads\/2020\/02\/ibez.jpg\",\"contentUrl\":\"https:\/\/conversesacatalunya.cat\/wp-content\/uploads\/2020\/02\/ibez.jpg\",\"width\":980,\"height\":455,\"caption\":\"IBEX\"},{\"@type\":\"BreadcrumbList\",\"@id\":\"https:\/\/conversesacatalunya.cat\/es\/la-extrana-evolucion-de-la-bolsa\/#breadcrumb\",\"itemListElement\":[{\"@type\":\"ListItem\",\"position\":1,\"name\":\"Inici\",\"item\":\"https:\/\/conversesacatalunya.cat\/es\/\"},{\"@type\":\"ListItem\",\"position\":2,\"name\":\"La extra\u00f1a evoluci\u00f3n de la bolsa\"}]},{\"@type\":\"WebSite\",\"@id\":\"https:\/\/conversesacatalunya.cat\/#website\",\"url\":\"https:\/\/conversesacatalunya.cat\/\",\"name\":\"Converses a Catalunya\",\"description\":\"\",\"potentialAction\":[{\"@type\":\"SearchAction\",\"target\":{\"@type\":\"EntryPoint\",\"urlTemplate\":\"https:\/\/conversesacatalunya.cat\/?s={search_term_string}\"},\"query-input\":{\"@type\":\"PropertyValueSpecification\",\"valueRequired\":true,\"valueName\":\"search_term_string\"}}],\"inLanguage\":\"es\"},{\"@type\":\"Person\",\"@id\":\"https:\/\/conversesacatalunya.cat\/#\/schema\/person\/7e24d1e54a2785373ddcb275eae5ed99\",\"name\":\"conversesacatalunya\",\"image\":{\"@type\":\"ImageObject\",\"inLanguage\":\"es\",\"@id\":\"https:\/\/conversesacatalunya.cat\/#\/schema\/person\/image\/\",\"url\":\"https:\/\/conversesacatalunya.cat\/wp-content\/litespeed\/avatar\/febdfeeec89d950f01c748045a981dd2.jpg?ver=1777314535\",\"contentUrl\":\"https:\/\/conversesacatalunya.cat\/wp-content\/litespeed\/avatar\/febdfeeec89d950f01c748045a981dd2.jpg?ver=1777314535\",\"caption\":\"conversesacatalunya\"},\"url\":\"https:\/\/conversesacatalunya.cat\/es\/author\/carme_catala\/\"}]}<\/script>\n<!-- \/ Yoast SEO plugin. -->","yoast_head_json":{"title":"La extra\u00f1a evoluci\u00f3n de la bolsa - Converses a Catalunya","robots":{"index":"index","follow":"follow","max-snippet":"max-snippet:-1","max-image-preview":"max-image-preview:large","max-video-preview":"max-video-preview:-1"},"canonical":"https:\/\/conversesacatalunya.cat\/es\/la-extrana-evolucion-de-la-bolsa\/","og_locale":"es_ES","og_type":"article","og_title":"La extra\u00f1a evoluci\u00f3n de la bolsa - Converses a Catalunya","og_description":"Por primera vez en los dos \u00faltimos a\u00f1os, el IBEX 35 ha alcanzado los 10.000 puntos. Este hecho en s\u00ed mismo ya es una noticia, pero su singularidad se multiplica si situamos este aumento en el contexto econ\u00f3mico actual. Por un lado, tenemos un proceso de desaceleraci\u00f3n que ni de lejos puede representar una crisis, pero s\u00ed claramente una ralentizaci\u00f3n de la econom\u00eda para este a\u00f1o y el pr\u00f3ximo. Esta realidad adem\u00e1s se hace patente en el caso del motor econ\u00f3mico de Europa, Alemania, que sufre un bajo crecimiento. Pero tanto o m\u00e1s importante que esto es la incertidumbre que ha provocado el coronavirus, que est\u00e1 teniendo un impacto creciente sobre la econom\u00eda china, que representa el 20% del PIB mundial. A estas alturas se considera que tendr\u00e1 un efecto sobre el crecimiento global, y l\u00f3gicamente el espa\u00f1ol, disminuyendo unas d\u00e9cimas de PIB que a\u00fan no han sido contabilizadas. Pero, sobre todo, lo m\u00e1s determinante es la incertidumbre de c\u00f3mo evolucionar\u00e1, y ya se sabe que la bolsa lo que teme m\u00e1s son estos escenarios de navegaci\u00f3n a oscuras y sin GPS. Y adem\u00e1s hay aspectos locales que tienen un efecto limitado sobre el IBEX, pero que tienen incidencia. Uno es el impacto de la suspensi\u00f3n del Mobile World Congress en Barcelona, \u200b\u200bque no es \u00fanicamente econ\u00f3mico, sino que aporta una inyecci\u00f3n adicional de incertidumbre en el \u00e1mbito local. El otro son los presupuestos del estado, que cada vez generan m\u00e1s desconfianza en el sentido de que pueden producir un d\u00e9ficit importante, a pesar de los ajustes que pueda imponer Bruselas. Todo ello son indicadores de futuro negativos. Ninguna catastr\u00f3fico, pero evidentemente no animan a imaginar escenarios futuros a corto plazo de mejor crecimiento econ\u00f3mico y de mayores ganancias para las empresas. En este contexto, \u00bfc\u00f3mo es posible que el IBEX siga creciendo? La \u00fanica referencia positiva ser\u00eda la continua expansi\u00f3n de EE.UU., pero esta no ha servido en el pasado inmediato para corregir tendencias a la baja. He aqu\u00ed, por tanto, uno de los primeros misterios de este a\u00f1o 2020: \u00bfpor qu\u00e9 ha subido tanto el IBEX?","og_url":"https:\/\/conversesacatalunya.cat\/es\/la-extrana-evolucion-de-la-bolsa\/","og_site_name":"Converses a Catalunya","article_published_time":"2020-02-18T12:40:00+00:00","article_modified_time":"2020-02-18T14:39:01+00:00","og_image":[{"width":980,"height":455,"url":"https:\/\/conversesacatalunya.cat\/wp-content\/uploads\/2020\/02\/ibez.jpg","type":"image\/jpeg"}],"author":"conversesacatalunya","twitter_card":"summary_large_image","twitter_misc":{"Escrito por":"conversesacatalunya","Tiempo de lectura":"2 minutos"},"schema":{"@context":"https:\/\/schema.org","@graph":[{"@type":"Article","@id":"https:\/\/conversesacatalunya.cat\/es\/la-extrana-evolucion-de-la-bolsa\/#article","isPartOf":{"@id":"https:\/\/conversesacatalunya.cat\/es\/la-extrana-evolucion-de-la-bolsa\/"},"author":{"name":"conversesacatalunya","@id":"https:\/\/conversesacatalunya.cat\/#\/schema\/person\/7e24d1e54a2785373ddcb275eae5ed99"},"headline":"La extra\u00f1a evoluci\u00f3n de la bolsa","datePublished":"2020-02-18T12:40:00+00:00","dateModified":"2020-02-18T14:39:01+00:00","mainEntityOfPage":{"@id":"https:\/\/conversesacatalunya.cat\/es\/la-extrana-evolucion-de-la-bolsa\/"},"wordCount":397,"commentCount":0,"image":{"@id":"https:\/\/conversesacatalunya.cat\/es\/la-extrana-evolucion-de-la-bolsa\/#primaryimage"},"thumbnailUrl":"https:\/\/conversesacatalunya.cat\/wp-content\/uploads\/2020\/02\/ibez.jpg","keywords":["Bolsa","Borsa"],"articleSection":["Especial Coronavirus (ES)","Punts clau del dia (ES)"],"inLanguage":"es","potentialAction":[{"@type":"CommentAction","name":"Comment","target":["https:\/\/conversesacatalunya.cat\/es\/la-extrana-evolucion-de-la-bolsa\/#respond"]}]},{"@type":"WebPage","@id":"https:\/\/conversesacatalunya.cat\/es\/la-extrana-evolucion-de-la-bolsa\/","url":"https:\/\/conversesacatalunya.cat\/es\/la-extrana-evolucion-de-la-bolsa\/","name":"La extra\u00f1a evoluci\u00f3n de la bolsa - Converses a Catalunya","isPartOf":{"@id":"https:\/\/conversesacatalunya.cat\/#website"},"primaryImageOfPage":{"@id":"https:\/\/conversesacatalunya.cat\/es\/la-extrana-evolucion-de-la-bolsa\/#primaryimage"},"image":{"@id":"https:\/\/conversesacatalunya.cat\/es\/la-extrana-evolucion-de-la-bolsa\/#primaryimage"},"thumbnailUrl":"https:\/\/conversesacatalunya.cat\/wp-content\/uploads\/2020\/02\/ibez.jpg","datePublished":"2020-02-18T12:40:00+00:00","dateModified":"2020-02-18T14:39:01+00:00","author":{"@id":"https:\/\/conversesacatalunya.cat\/#\/schema\/person\/7e24d1e54a2785373ddcb275eae5ed99"},"breadcrumb":{"@id":"https:\/\/conversesacatalunya.cat\/es\/la-extrana-evolucion-de-la-bolsa\/#breadcrumb"},"inLanguage":"es","potentialAction":[{"@type":"ReadAction","target":["https:\/\/conversesacatalunya.cat\/es\/la-extrana-evolucion-de-la-bolsa\/"]}]},{"@type":"ImageObject","inLanguage":"es","@id":"https:\/\/conversesacatalunya.cat\/es\/la-extrana-evolucion-de-la-bolsa\/#primaryimage","url":"https:\/\/conversesacatalunya.cat\/wp-content\/uploads\/2020\/02\/ibez.jpg","contentUrl":"https:\/\/conversesacatalunya.cat\/wp-content\/uploads\/2020\/02\/ibez.jpg","width":980,"height":455,"caption":"IBEX"},{"@type":"BreadcrumbList","@id":"https:\/\/conversesacatalunya.cat\/es\/la-extrana-evolucion-de-la-bolsa\/#breadcrumb","itemListElement":[{"@type":"ListItem","position":1,"name":"Inici","item":"https:\/\/conversesacatalunya.cat\/es\/"},{"@type":"ListItem","position":2,"name":"La extra\u00f1a evoluci\u00f3n de la bolsa"}]},{"@type":"WebSite","@id":"https:\/\/conversesacatalunya.cat\/#website","url":"https:\/\/conversesacatalunya.cat\/","name":"Converses a Catalunya","description":"","potentialAction":[{"@type":"SearchAction","target":{"@type":"EntryPoint","urlTemplate":"https:\/\/conversesacatalunya.cat\/?s={search_term_string}"},"query-input":{"@type":"PropertyValueSpecification","valueRequired":true,"valueName":"search_term_string"}}],"inLanguage":"es"},{"@type":"Person","@id":"https:\/\/conversesacatalunya.cat\/#\/schema\/person\/7e24d1e54a2785373ddcb275eae5ed99","name":"conversesacatalunya","image":{"@type":"ImageObject","inLanguage":"es","@id":"https:\/\/conversesacatalunya.cat\/#\/schema\/person\/image\/","url":"https:\/\/conversesacatalunya.cat\/wp-content\/litespeed\/avatar\/febdfeeec89d950f01c748045a981dd2.jpg?ver=1777314535","contentUrl":"https:\/\/conversesacatalunya.cat\/wp-content\/litespeed\/avatar\/febdfeeec89d950f01c748045a981dd2.jpg?ver=1777314535","caption":"conversesacatalunya"},"url":"https:\/\/conversesacatalunya.cat\/es\/author\/carme_catala\/"}]}},"wps_subtitle":"","_links":{"self":[{"href":"https:\/\/conversesacatalunya.cat\/es\/wp-json\/wp\/v2\/posts\/32578","targetHints":{"allow":["GET"]}}],"collection":[{"href":"https:\/\/conversesacatalunya.cat\/es\/wp-json\/wp\/v2\/posts"}],"about":[{"href":"https:\/\/conversesacatalunya.cat\/es\/wp-json\/wp\/v2\/types\/post"}],"author":[{"embeddable":true,"href":"https:\/\/conversesacatalunya.cat\/es\/wp-json\/wp\/v2\/users\/2"}],"replies":[{"embeddable":true,"href":"https:\/\/conversesacatalunya.cat\/es\/wp-json\/wp\/v2\/comments?post=32578"}],"version-history":[{"count":2,"href":"https:\/\/conversesacatalunya.cat\/es\/wp-json\/wp\/v2\/posts\/32578\/revisions"}],"predecessor-version":[{"id":32579,"href":"https:\/\/conversesacatalunya.cat\/es\/wp-json\/wp\/v2\/posts\/32578\/revisions\/32579"}],"wp:featuredmedia":[{"embeddable":true,"href":"https:\/\/conversesacatalunya.cat\/es\/wp-json\/wp\/v2\/media\/32566"}],"wp:attachment":[{"href":"https:\/\/conversesacatalunya.cat\/es\/wp-json\/wp\/v2\/media?parent=32578"}],"wp:term":[{"taxonomy":"category","embeddable":true,"href":"https:\/\/conversesacatalunya.cat\/es\/wp-json\/wp\/v2\/categories?post=32578"},{"taxonomy":"post_tag","embeddable":true,"href":"https:\/\/conversesacatalunya.cat\/es\/wp-json\/wp\/v2\/tags?post=32578"}],"curies":[{"name":"wp","href":"https:\/\/api.w.org\/{rel}","templated":true}]}}