{"id":32453,"date":"2020-02-14T12:26:51","date_gmt":"2020-02-14T11:26:51","guid":{"rendered":"https:\/\/conversesacatalunya.cat\/com-pagarem-les-pensions-segur-que-no-amb-la-immigracio-actual\/"},"modified":"2020-02-14T17:29:47","modified_gmt":"2020-02-14T16:29:47","slug":"como-vamos-a-pagar-las-pensiones-seguro-que-no-con-la-inmigracion-actual","status":"publish","type":"post","link":"https:\/\/conversesacatalunya.cat\/es\/como-vamos-a-pagar-las-pensiones-seguro-que-no-con-la-inmigracion-actual\/","title":{"rendered":"\u00bfC\u00f3mo vamos a pagar las pensiones? Seguro que no con la inmigraci\u00f3n actual"},"content":{"rendered":"<p><span style=\"display: inline !important; float: none; background-color: #f5f5f5; color: rgba(0, 0, 0, 0.87); font-family: 'Roboto',arial,sans-serif; font-size: 18px; font-style: normal; font-variant: normal; font-weight: 400; letter-spacing: normal; line-height: 28px; orphans: 2; text-align: left; text-decoration: none; text-indent: 0px; text-transform: none; -webkit-text-stroke-width: 0px; white-space: pre-wrap; word-spacing: 0px;\">El nuevo ministro para la Seguridad Social y anterior presidente de la AIReF (Autoridad Independiente de Responsabilidad Fiscal), <strong>Jos\u00e9 Luis Escriv\u00e1<\/strong>, ha presentado siempre como una de las v\u00edas de soluci\u00f3n del d\u00e9ficit estructural el de <strong>la inmigraci\u00f3n<\/strong>.<\/span><\/p>\n<p><span style=\"display: inline !important; float: none; background-color: #f5f5f5; color: rgba(0, 0, 0, 0.87); font-family: 'Roboto',arial,sans-serif; font-size: 18px; font-style: normal; font-variant: normal; font-weight: 400; letter-spacing: normal; line-height: 28px; orphans: 2; text-align: left; text-decoration: none; text-indent: 0px; text-transform: none; -webkit-text-stroke-width: 0px; white-space: pre-wrap; word-spacing: 0px;\">Lamentablemente, esta salida por ahora no es tal. Sencillamente porque las personas que vienen aportan niveles salariales muy bajos por su reducido capital humano y, por tanto, cuotas a la Seguridad Social tambi\u00e9n de menor cuant\u00eda.<\/span><\/p>\n<p><span style=\"display: inline !important; float: none; background-color: #f5f5f5; color: rgba(0, 0, 0, 0.87); font-family: 'Roboto',arial,sans-serif; font-size: 18px; font-style: normal; font-variant: normal; font-weight: 400; letter-spacing: normal; line-height: 28px; orphans: 2; text-align: left; text-decoration: none; text-indent: 0px; text-transform: none; -webkit-text-stroke-width: 0px; white-space: pre-wrap; word-spacing: 0px;\">Hay un desequilibrio grande entre la cuota media de estos inmigrantes y la pensi\u00f3n media actual. Esta din\u00e1mica lo que hace es aumentar el deficit, porque la brecha entre unos y otros tiende a crecer. El <strong>incremento del salario m\u00ednimo interprofesional<\/strong> puede atenuar esta diferencia, pero no la resuelve ni mucho menos.<\/span><\/p>\n<p><span style=\"display: inline !important; float: none; background-color: #f5f5f5; color: rgba(0, 0, 0, 0.87); font-family: 'Roboto',arial,sans-serif; font-size: 18px; font-style: normal; font-variant: normal; font-weight: 400; letter-spacing: normal; line-height: 28px; orphans: 2; text-align: left; text-decoration: none; text-indent: 0px; text-transform: none; -webkit-text-stroke-width: 0px; white-space: pre-wrap; word-spacing: 0px;\">Por otra parte, este flujo de poblaci\u00f3n inmigrante compite en puestos de trabajo con el grueso de los parados actuales del 14,2%, que en su mayor\u00eda tienen una baja titulaci\u00f3n.<\/span><\/p>\n<p><span style=\"display: inline !important; float: none; background-color: #f5f5f5; color: rgba(0, 0, 0, 0.87); font-family: 'Roboto',arial,sans-serif; font-size: 18px; font-style: normal; font-variant: normal; font-weight: 400; letter-spacing: normal; line-height: 28px; orphans: 2; text-align: left; text-decoration: none; text-indent: 0px; text-transform: none; -webkit-text-stroke-width: 0px; white-space: pre-wrap; word-spacing: 0px;\">Que la soluci\u00f3n no funciona es claramente perceptible con los datos de Eurostat, que muestran el movimiento migratorio entre pa\u00edses europeos de acuerdo con el nivel de estudios. Entre 2007 y 2017 salieron de Espa\u00f1a 87.000 personas con niveles de estudios altos, mientras que pr\u00e1cticamente no se ha incorporado ninguna. Es el pa\u00eds del oeste que pierde m\u00e1s titulados, que podr\u00edan representar niveles salariales altos. Pero es que tampoco registra un balance positivo en cuanto a personas con estudios medios. Todo lo contrario de lo que sucede en Alemania, que ha visto incrementado el n\u00famero de personas inmigrantes con niveles de estudios altos en 201.000, y 448.000 personas con estudios de segundo grado.<\/span><\/p>\n<p><span style=\"display: inline !important; float: none; background-color: #f5f5f5; color: rgba(0, 0, 0, 0.87); font-family: 'Roboto',arial,sans-serif; font-size: 18px; font-style: normal; font-variant: normal; font-weight: 400; letter-spacing: normal; line-height: 28px; orphans: 2; text-align: left; text-decoration: none; text-indent: 0px; text-transform: none; -webkit-text-stroke-width: 0px; white-space: pre-wrap; word-spacing: 0px;\">M\u00e1s acentuado a\u00fan es el balance del Reino Unido, donde han llegado 838.000 inmigrantes con estudios superiores procedentes de otros pa\u00edses de la Uni\u00f3n Europea. \u00bfQu\u00e9 significa todo esto? Pues que la estructura econ\u00f3mica espa\u00f1ola no s\u00f3lo no tiene capacidad para atraer a personas con conocimientos universitarios o de tipo medio, sino que incluso expulsa a los suyos. En estas condiciones, es inviable pensar que la inmigraci\u00f3n contribuir\u00e1 a nivelar las cuentas de la Seguridad Social.<\/span><\/p>\n","protected":false},"excerpt":{"rendered":"<p>El nuevo ministro para la Seguridad Social y anterior presidente de la AIReF (Autoridad Independiente de Responsabilidad Fiscal), Jos\u00e9 Luis Escriv\u00e1, ha presentado siempre como una de las v\u00edas de soluci\u00f3n del d\u00e9ficit estructural el de la inmigraci\u00f3n. Lamentablemente, esta salida por ahora no es tal. Sencillamente porque las personas que vienen aportan niveles salariales muy bajos por su reducido capital humano y, por tanto, cuotas a la Seguridad Social tambi\u00e9n de menor cuant\u00eda. Hay un desequilibrio grande entre la cuota media de estos inmigrantes y la pensi\u00f3n media actual. Esta din\u00e1mica lo que hace es aumentar el deficit, porque la brecha entre unos y otros tiende a crecer. El incremento del salario m\u00ednimo interprofesional puede atenuar esta diferencia, pero no la resuelve ni mucho menos. Por otra parte, este flujo de poblaci\u00f3n inmigrante compite en puestos de trabajo con el grueso de los parados actuales del 14,2%, que en su mayor\u00eda tienen una baja titulaci\u00f3n. Que la soluci\u00f3n no funciona es claramente perceptible con los datos de Eurostat, que muestran el movimiento migratorio entre pa\u00edses europeos de acuerdo con el nivel de estudios. Entre 2007 y 2017 salieron de Espa\u00f1a 87.000 personas con niveles de estudios altos, mientras que pr\u00e1cticamente no se ha incorporado ninguna. Es el pa\u00eds del oeste que pierde m\u00e1s titulados, que podr\u00edan representar niveles salariales altos. Pero es que tampoco registra un balance positivo en cuanto a personas con estudios medios. Todo lo contrario de lo que sucede en Alemania, que ha visto incrementado el n\u00famero de personas inmigrantes con niveles de estudios altos en 201.000, y 448.000 personas con estudios de segundo grado. M\u00e1s acentuado a\u00fan es el balance del Reino Unido, donde han llegado 838.000 inmigrantes con estudios superiores procedentes de otros pa\u00edses de la Uni\u00f3n Europea. \u00bfQu\u00e9 significa todo esto? Pues que la estructura econ\u00f3mica espa\u00f1ola no s\u00f3lo no tiene capacidad para atraer a personas con conocimientos universitarios o de tipo medio, sino que incluso expulsa a los suyos. En estas condiciones, es inviable pensar que la inmigraci\u00f3n contribuir\u00e1 a nivelar las cuentas de la Seguridad Social.<\/p>\n","protected":false},"author":2,"featured_media":32443,"comment_status":"open","ping_status":"open","sticky":false,"template":"","format":"standard","meta":{"_FSMCFIC_featured_image_caption":"","_FSMCFIC_featured_image_nocaption":"","_FSMCFIC_featured_image_hide":"","footnotes":""},"categories":[806],"tags":[1678,946],"class_list":["post-32453","post","type-post","status-publish","format-standard","has-post-thumbnail","hentry","category-punts-claus-del-dia-es","tag-inmigracion","tag-pensiones"],"yoast_head":"<!-- This site is optimized with the Yoast SEO plugin v26.8 - https:\/\/yoast.com\/product\/yoast-seo-wordpress\/ -->\n<title>\u00bfC\u00f3mo vamos a pagar las pensiones? Seguro que no con la inmigraci\u00f3n actual - Converses a Catalunya<\/title>\n<meta name=\"robots\" content=\"index, follow, max-snippet:-1, max-image-preview:large, max-video-preview:-1\" \/>\n<link rel=\"canonical\" href=\"https:\/\/conversesacatalunya.cat\/es\/como-vamos-a-pagar-las-pensiones-seguro-que-no-con-la-inmigracion-actual\/\" \/>\n<meta property=\"og:locale\" content=\"es_ES\" \/>\n<meta property=\"og:type\" content=\"article\" \/>\n<meta property=\"og:title\" content=\"\u00bfC\u00f3mo vamos a pagar las pensiones? Seguro que no con la inmigraci\u00f3n actual - Converses a Catalunya\" \/>\n<meta property=\"og:description\" content=\"El nuevo ministro para la Seguridad Social y anterior presidente de la AIReF (Autoridad Independiente de Responsabilidad Fiscal), Jos\u00e9 Luis Escriv\u00e1, ha presentado siempre como una de las v\u00edas de soluci\u00f3n del d\u00e9ficit estructural el de la inmigraci\u00f3n. Lamentablemente, esta salida por ahora no es tal. Sencillamente porque las personas que vienen aportan niveles salariales muy bajos por su reducido capital humano y, por tanto, cuotas a la Seguridad Social tambi\u00e9n de menor cuant\u00eda. Hay un desequilibrio grande entre la cuota media de estos inmigrantes y la pensi\u00f3n media actual. Esta din\u00e1mica lo que hace es aumentar el deficit, porque la brecha entre unos y otros tiende a crecer. El incremento del salario m\u00ednimo interprofesional puede atenuar esta diferencia, pero no la resuelve ni mucho menos. Por otra parte, este flujo de poblaci\u00f3n inmigrante compite en puestos de trabajo con el grueso de los parados actuales del 14,2%, que en su mayor\u00eda tienen una baja titulaci\u00f3n. Que la soluci\u00f3n no funciona es claramente perceptible con los datos de Eurostat, que muestran el movimiento migratorio entre pa\u00edses europeos de acuerdo con el nivel de estudios. Entre 2007 y 2017 salieron de Espa\u00f1a 87.000 personas con niveles de estudios altos, mientras que pr\u00e1cticamente no se ha incorporado ninguna. Es el pa\u00eds del oeste que pierde m\u00e1s titulados, que podr\u00edan representar niveles salariales altos. Pero es que tampoco registra un balance positivo en cuanto a personas con estudios medios. Todo lo contrario de lo que sucede en Alemania, que ha visto incrementado el n\u00famero de personas inmigrantes con niveles de estudios altos en 201.000, y 448.000 personas con estudios de segundo grado. M\u00e1s acentuado a\u00fan es el balance del Reino Unido, donde han llegado 838.000 inmigrantes con estudios superiores procedentes de otros pa\u00edses de la Uni\u00f3n Europea. \u00bfQu\u00e9 significa todo esto? Pues que la estructura econ\u00f3mica espa\u00f1ola no s\u00f3lo no tiene capacidad para atraer a personas con conocimientos universitarios o de tipo medio, sino que incluso expulsa a los suyos. En estas condiciones, es inviable pensar que la inmigraci\u00f3n contribuir\u00e1 a nivelar las cuentas de la Seguridad Social.\" \/>\n<meta property=\"og:url\" content=\"https:\/\/conversesacatalunya.cat\/es\/como-vamos-a-pagar-las-pensiones-seguro-que-no-con-la-inmigracion-actual\/\" \/>\n<meta property=\"og:site_name\" content=\"Converses a Catalunya\" \/>\n<meta property=\"article:published_time\" content=\"2020-02-14T11:26:51+00:00\" \/>\n<meta property=\"article:modified_time\" content=\"2020-02-14T16:29:47+00:00\" \/>\n<meta property=\"og:image\" content=\"https:\/\/conversesacatalunya.cat\/wp-content\/uploads\/2020\/02\/pensions.jpg\" \/>\n\t<meta property=\"og:image:width\" content=\"580\" \/>\n\t<meta property=\"og:image:height\" content=\"326\" \/>\n\t<meta property=\"og:image:type\" content=\"image\/jpeg\" \/>\n<meta name=\"author\" content=\"conversesacatalunya\" \/>\n<meta name=\"twitter:card\" content=\"summary_large_image\" \/>\n<meta name=\"twitter:label1\" content=\"Escrito por\" \/>\n\t<meta name=\"twitter:data1\" content=\"conversesacatalunya\" \/>\n\t<meta name=\"twitter:label2\" content=\"Tiempo de lectura\" \/>\n\t<meta name=\"twitter:data2\" content=\"2 minutos\" \/>\n<script type=\"application\/ld+json\" class=\"yoast-schema-graph\">{\"@context\":\"https:\/\/schema.org\",\"@graph\":[{\"@type\":\"Article\",\"@id\":\"https:\/\/conversesacatalunya.cat\/es\/como-vamos-a-pagar-las-pensiones-seguro-que-no-con-la-inmigracion-actual\/#article\",\"isPartOf\":{\"@id\":\"https:\/\/conversesacatalunya.cat\/es\/como-vamos-a-pagar-las-pensiones-seguro-que-no-con-la-inmigracion-actual\/\"},\"author\":{\"name\":\"conversesacatalunya\",\"@id\":\"https:\/\/conversesacatalunya.cat\/#\/schema\/person\/7e24d1e54a2785373ddcb275eae5ed99\"},\"headline\":\"\u00bfC\u00f3mo vamos a pagar las pensiones? Seguro que no con la inmigraci\u00f3n actual\",\"datePublished\":\"2020-02-14T11:26:51+00:00\",\"dateModified\":\"2020-02-14T16:29:47+00:00\",\"mainEntityOfPage\":{\"@id\":\"https:\/\/conversesacatalunya.cat\/es\/como-vamos-a-pagar-las-pensiones-seguro-que-no-con-la-inmigracion-actual\/\"},\"wordCount\":381,\"commentCount\":0,\"image\":{\"@id\":\"https:\/\/conversesacatalunya.cat\/es\/como-vamos-a-pagar-las-pensiones-seguro-que-no-con-la-inmigracion-actual\/#primaryimage\"},\"thumbnailUrl\":\"https:\/\/conversesacatalunya.cat\/wp-content\/uploads\/2020\/02\/pensions.jpg\",\"keywords\":[\"inmigraci\u00f3n\",\"Pensiones\"],\"articleSection\":[\"Punts clau del dia (ES)\"],\"inLanguage\":\"es\",\"potentialAction\":[{\"@type\":\"CommentAction\",\"name\":\"Comment\",\"target\":[\"https:\/\/conversesacatalunya.cat\/es\/como-vamos-a-pagar-las-pensiones-seguro-que-no-con-la-inmigracion-actual\/#respond\"]}]},{\"@type\":\"WebPage\",\"@id\":\"https:\/\/conversesacatalunya.cat\/es\/como-vamos-a-pagar-las-pensiones-seguro-que-no-con-la-inmigracion-actual\/\",\"url\":\"https:\/\/conversesacatalunya.cat\/es\/como-vamos-a-pagar-las-pensiones-seguro-que-no-con-la-inmigracion-actual\/\",\"name\":\"\u00bfC\u00f3mo vamos a pagar las pensiones? Seguro que no con la inmigraci\u00f3n actual - Converses a Catalunya\",\"isPartOf\":{\"@id\":\"https:\/\/conversesacatalunya.cat\/#website\"},\"primaryImageOfPage\":{\"@id\":\"https:\/\/conversesacatalunya.cat\/es\/como-vamos-a-pagar-las-pensiones-seguro-que-no-con-la-inmigracion-actual\/#primaryimage\"},\"image\":{\"@id\":\"https:\/\/conversesacatalunya.cat\/es\/como-vamos-a-pagar-las-pensiones-seguro-que-no-con-la-inmigracion-actual\/#primaryimage\"},\"thumbnailUrl\":\"https:\/\/conversesacatalunya.cat\/wp-content\/uploads\/2020\/02\/pensions.jpg\",\"datePublished\":\"2020-02-14T11:26:51+00:00\",\"dateModified\":\"2020-02-14T16:29:47+00:00\",\"author\":{\"@id\":\"https:\/\/conversesacatalunya.cat\/#\/schema\/person\/7e24d1e54a2785373ddcb275eae5ed99\"},\"breadcrumb\":{\"@id\":\"https:\/\/conversesacatalunya.cat\/es\/como-vamos-a-pagar-las-pensiones-seguro-que-no-con-la-inmigracion-actual\/#breadcrumb\"},\"inLanguage\":\"es\",\"potentialAction\":[{\"@type\":\"ReadAction\",\"target\":[\"https:\/\/conversesacatalunya.cat\/es\/como-vamos-a-pagar-las-pensiones-seguro-que-no-con-la-inmigracion-actual\/\"]}]},{\"@type\":\"ImageObject\",\"inLanguage\":\"es\",\"@id\":\"https:\/\/conversesacatalunya.cat\/es\/como-vamos-a-pagar-las-pensiones-seguro-que-no-con-la-inmigracion-actual\/#primaryimage\",\"url\":\"https:\/\/conversesacatalunya.cat\/wp-content\/uploads\/2020\/02\/pensions.jpg\",\"contentUrl\":\"https:\/\/conversesacatalunya.cat\/wp-content\/uploads\/2020\/02\/pensions.jpg\",\"width\":580,\"height\":326,\"caption\":\"pensions\"},{\"@type\":\"BreadcrumbList\",\"@id\":\"https:\/\/conversesacatalunya.cat\/es\/como-vamos-a-pagar-las-pensiones-seguro-que-no-con-la-inmigracion-actual\/#breadcrumb\",\"itemListElement\":[{\"@type\":\"ListItem\",\"position\":1,\"name\":\"Inici\",\"item\":\"https:\/\/conversesacatalunya.cat\/es\/\"},{\"@type\":\"ListItem\",\"position\":2,\"name\":\"\u00bfC\u00f3mo vamos a pagar las pensiones? Seguro que no con la inmigraci\u00f3n actual\"}]},{\"@type\":\"WebSite\",\"@id\":\"https:\/\/conversesacatalunya.cat\/#website\",\"url\":\"https:\/\/conversesacatalunya.cat\/\",\"name\":\"Converses a Catalunya\",\"description\":\"\",\"potentialAction\":[{\"@type\":\"SearchAction\",\"target\":{\"@type\":\"EntryPoint\",\"urlTemplate\":\"https:\/\/conversesacatalunya.cat\/?s={search_term_string}\"},\"query-input\":{\"@type\":\"PropertyValueSpecification\",\"valueRequired\":true,\"valueName\":\"search_term_string\"}}],\"inLanguage\":\"es\"},{\"@type\":\"Person\",\"@id\":\"https:\/\/conversesacatalunya.cat\/#\/schema\/person\/7e24d1e54a2785373ddcb275eae5ed99\",\"name\":\"conversesacatalunya\",\"image\":{\"@type\":\"ImageObject\",\"inLanguage\":\"es\",\"@id\":\"https:\/\/conversesacatalunya.cat\/#\/schema\/person\/image\/\",\"url\":\"https:\/\/conversesacatalunya.cat\/wp-content\/litespeed\/avatar\/febdfeeec89d950f01c748045a981dd2.jpg?ver=1777314535\",\"contentUrl\":\"https:\/\/conversesacatalunya.cat\/wp-content\/litespeed\/avatar\/febdfeeec89d950f01c748045a981dd2.jpg?ver=1777314535\",\"caption\":\"conversesacatalunya\"},\"url\":\"https:\/\/conversesacatalunya.cat\/es\/author\/carme_catala\/\"}]}<\/script>\n<!-- \/ Yoast SEO plugin. -->","yoast_head_json":{"title":"\u00bfC\u00f3mo vamos a pagar las pensiones? Seguro que no con la inmigraci\u00f3n actual - Converses a Catalunya","robots":{"index":"index","follow":"follow","max-snippet":"max-snippet:-1","max-image-preview":"max-image-preview:large","max-video-preview":"max-video-preview:-1"},"canonical":"https:\/\/conversesacatalunya.cat\/es\/como-vamos-a-pagar-las-pensiones-seguro-que-no-con-la-inmigracion-actual\/","og_locale":"es_ES","og_type":"article","og_title":"\u00bfC\u00f3mo vamos a pagar las pensiones? Seguro que no con la inmigraci\u00f3n actual - Converses a Catalunya","og_description":"El nuevo ministro para la Seguridad Social y anterior presidente de la AIReF (Autoridad Independiente de Responsabilidad Fiscal), Jos\u00e9 Luis Escriv\u00e1, ha presentado siempre como una de las v\u00edas de soluci\u00f3n del d\u00e9ficit estructural el de la inmigraci\u00f3n. Lamentablemente, esta salida por ahora no es tal. Sencillamente porque las personas que vienen aportan niveles salariales muy bajos por su reducido capital humano y, por tanto, cuotas a la Seguridad Social tambi\u00e9n de menor cuant\u00eda. Hay un desequilibrio grande entre la cuota media de estos inmigrantes y la pensi\u00f3n media actual. Esta din\u00e1mica lo que hace es aumentar el deficit, porque la brecha entre unos y otros tiende a crecer. El incremento del salario m\u00ednimo interprofesional puede atenuar esta diferencia, pero no la resuelve ni mucho menos. Por otra parte, este flujo de poblaci\u00f3n inmigrante compite en puestos de trabajo con el grueso de los parados actuales del 14,2%, que en su mayor\u00eda tienen una baja titulaci\u00f3n. Que la soluci\u00f3n no funciona es claramente perceptible con los datos de Eurostat, que muestran el movimiento migratorio entre pa\u00edses europeos de acuerdo con el nivel de estudios. Entre 2007 y 2017 salieron de Espa\u00f1a 87.000 personas con niveles de estudios altos, mientras que pr\u00e1cticamente no se ha incorporado ninguna. Es el pa\u00eds del oeste que pierde m\u00e1s titulados, que podr\u00edan representar niveles salariales altos. Pero es que tampoco registra un balance positivo en cuanto a personas con estudios medios. Todo lo contrario de lo que sucede en Alemania, que ha visto incrementado el n\u00famero de personas inmigrantes con niveles de estudios altos en 201.000, y 448.000 personas con estudios de segundo grado. M\u00e1s acentuado a\u00fan es el balance del Reino Unido, donde han llegado 838.000 inmigrantes con estudios superiores procedentes de otros pa\u00edses de la Uni\u00f3n Europea. \u00bfQu\u00e9 significa todo esto? Pues que la estructura econ\u00f3mica espa\u00f1ola no s\u00f3lo no tiene capacidad para atraer a personas con conocimientos universitarios o de tipo medio, sino que incluso expulsa a los suyos. En estas condiciones, es inviable pensar que la inmigraci\u00f3n contribuir\u00e1 a nivelar las cuentas de la Seguridad Social.","og_url":"https:\/\/conversesacatalunya.cat\/es\/como-vamos-a-pagar-las-pensiones-seguro-que-no-con-la-inmigracion-actual\/","og_site_name":"Converses a Catalunya","article_published_time":"2020-02-14T11:26:51+00:00","article_modified_time":"2020-02-14T16:29:47+00:00","og_image":[{"width":580,"height":326,"url":"https:\/\/conversesacatalunya.cat\/wp-content\/uploads\/2020\/02\/pensions.jpg","type":"image\/jpeg"}],"author":"conversesacatalunya","twitter_card":"summary_large_image","twitter_misc":{"Escrito por":"conversesacatalunya","Tiempo de lectura":"2 minutos"},"schema":{"@context":"https:\/\/schema.org","@graph":[{"@type":"Article","@id":"https:\/\/conversesacatalunya.cat\/es\/como-vamos-a-pagar-las-pensiones-seguro-que-no-con-la-inmigracion-actual\/#article","isPartOf":{"@id":"https:\/\/conversesacatalunya.cat\/es\/como-vamos-a-pagar-las-pensiones-seguro-que-no-con-la-inmigracion-actual\/"},"author":{"name":"conversesacatalunya","@id":"https:\/\/conversesacatalunya.cat\/#\/schema\/person\/7e24d1e54a2785373ddcb275eae5ed99"},"headline":"\u00bfC\u00f3mo vamos a pagar las pensiones? Seguro que no con la inmigraci\u00f3n actual","datePublished":"2020-02-14T11:26:51+00:00","dateModified":"2020-02-14T16:29:47+00:00","mainEntityOfPage":{"@id":"https:\/\/conversesacatalunya.cat\/es\/como-vamos-a-pagar-las-pensiones-seguro-que-no-con-la-inmigracion-actual\/"},"wordCount":381,"commentCount":0,"image":{"@id":"https:\/\/conversesacatalunya.cat\/es\/como-vamos-a-pagar-las-pensiones-seguro-que-no-con-la-inmigracion-actual\/#primaryimage"},"thumbnailUrl":"https:\/\/conversesacatalunya.cat\/wp-content\/uploads\/2020\/02\/pensions.jpg","keywords":["inmigraci\u00f3n","Pensiones"],"articleSection":["Punts clau del dia (ES)"],"inLanguage":"es","potentialAction":[{"@type":"CommentAction","name":"Comment","target":["https:\/\/conversesacatalunya.cat\/es\/como-vamos-a-pagar-las-pensiones-seguro-que-no-con-la-inmigracion-actual\/#respond"]}]},{"@type":"WebPage","@id":"https:\/\/conversesacatalunya.cat\/es\/como-vamos-a-pagar-las-pensiones-seguro-que-no-con-la-inmigracion-actual\/","url":"https:\/\/conversesacatalunya.cat\/es\/como-vamos-a-pagar-las-pensiones-seguro-que-no-con-la-inmigracion-actual\/","name":"\u00bfC\u00f3mo vamos a pagar las pensiones? Seguro que no con la inmigraci\u00f3n actual - Converses a Catalunya","isPartOf":{"@id":"https:\/\/conversesacatalunya.cat\/#website"},"primaryImageOfPage":{"@id":"https:\/\/conversesacatalunya.cat\/es\/como-vamos-a-pagar-las-pensiones-seguro-que-no-con-la-inmigracion-actual\/#primaryimage"},"image":{"@id":"https:\/\/conversesacatalunya.cat\/es\/como-vamos-a-pagar-las-pensiones-seguro-que-no-con-la-inmigracion-actual\/#primaryimage"},"thumbnailUrl":"https:\/\/conversesacatalunya.cat\/wp-content\/uploads\/2020\/02\/pensions.jpg","datePublished":"2020-02-14T11:26:51+00:00","dateModified":"2020-02-14T16:29:47+00:00","author":{"@id":"https:\/\/conversesacatalunya.cat\/#\/schema\/person\/7e24d1e54a2785373ddcb275eae5ed99"},"breadcrumb":{"@id":"https:\/\/conversesacatalunya.cat\/es\/como-vamos-a-pagar-las-pensiones-seguro-que-no-con-la-inmigracion-actual\/#breadcrumb"},"inLanguage":"es","potentialAction":[{"@type":"ReadAction","target":["https:\/\/conversesacatalunya.cat\/es\/como-vamos-a-pagar-las-pensiones-seguro-que-no-con-la-inmigracion-actual\/"]}]},{"@type":"ImageObject","inLanguage":"es","@id":"https:\/\/conversesacatalunya.cat\/es\/como-vamos-a-pagar-las-pensiones-seguro-que-no-con-la-inmigracion-actual\/#primaryimage","url":"https:\/\/conversesacatalunya.cat\/wp-content\/uploads\/2020\/02\/pensions.jpg","contentUrl":"https:\/\/conversesacatalunya.cat\/wp-content\/uploads\/2020\/02\/pensions.jpg","width":580,"height":326,"caption":"pensions"},{"@type":"BreadcrumbList","@id":"https:\/\/conversesacatalunya.cat\/es\/como-vamos-a-pagar-las-pensiones-seguro-que-no-con-la-inmigracion-actual\/#breadcrumb","itemListElement":[{"@type":"ListItem","position":1,"name":"Inici","item":"https:\/\/conversesacatalunya.cat\/es\/"},{"@type":"ListItem","position":2,"name":"\u00bfC\u00f3mo vamos a pagar las pensiones? Seguro que no con la inmigraci\u00f3n actual"}]},{"@type":"WebSite","@id":"https:\/\/conversesacatalunya.cat\/#website","url":"https:\/\/conversesacatalunya.cat\/","name":"Converses a Catalunya","description":"","potentialAction":[{"@type":"SearchAction","target":{"@type":"EntryPoint","urlTemplate":"https:\/\/conversesacatalunya.cat\/?s={search_term_string}"},"query-input":{"@type":"PropertyValueSpecification","valueRequired":true,"valueName":"search_term_string"}}],"inLanguage":"es"},{"@type":"Person","@id":"https:\/\/conversesacatalunya.cat\/#\/schema\/person\/7e24d1e54a2785373ddcb275eae5ed99","name":"conversesacatalunya","image":{"@type":"ImageObject","inLanguage":"es","@id":"https:\/\/conversesacatalunya.cat\/#\/schema\/person\/image\/","url":"https:\/\/conversesacatalunya.cat\/wp-content\/litespeed\/avatar\/febdfeeec89d950f01c748045a981dd2.jpg?ver=1777314535","contentUrl":"https:\/\/conversesacatalunya.cat\/wp-content\/litespeed\/avatar\/febdfeeec89d950f01c748045a981dd2.jpg?ver=1777314535","caption":"conversesacatalunya"},"url":"https:\/\/conversesacatalunya.cat\/es\/author\/carme_catala\/"}]}},"wps_subtitle":"","_links":{"self":[{"href":"https:\/\/conversesacatalunya.cat\/es\/wp-json\/wp\/v2\/posts\/32453","targetHints":{"allow":["GET"]}}],"collection":[{"href":"https:\/\/conversesacatalunya.cat\/es\/wp-json\/wp\/v2\/posts"}],"about":[{"href":"https:\/\/conversesacatalunya.cat\/es\/wp-json\/wp\/v2\/types\/post"}],"author":[{"embeddable":true,"href":"https:\/\/conversesacatalunya.cat\/es\/wp-json\/wp\/v2\/users\/2"}],"replies":[{"embeddable":true,"href":"https:\/\/conversesacatalunya.cat\/es\/wp-json\/wp\/v2\/comments?post=32453"}],"version-history":[{"count":3,"href":"https:\/\/conversesacatalunya.cat\/es\/wp-json\/wp\/v2\/posts\/32453\/revisions"}],"predecessor-version":[{"id":32454,"href":"https:\/\/conversesacatalunya.cat\/es\/wp-json\/wp\/v2\/posts\/32453\/revisions\/32454"}],"wp:featuredmedia":[{"embeddable":true,"href":"https:\/\/conversesacatalunya.cat\/es\/wp-json\/wp\/v2\/media\/32443"}],"wp:attachment":[{"href":"https:\/\/conversesacatalunya.cat\/es\/wp-json\/wp\/v2\/media?parent=32453"}],"wp:term":[{"taxonomy":"category","embeddable":true,"href":"https:\/\/conversesacatalunya.cat\/es\/wp-json\/wp\/v2\/categories?post=32453"},{"taxonomy":"post_tag","embeddable":true,"href":"https:\/\/conversesacatalunya.cat\/es\/wp-json\/wp\/v2\/tags?post=32453"}],"curies":[{"name":"wp","href":"https:\/\/api.w.org\/{rel}","templated":true}]}}