{"id":32437,"date":"2020-02-14T06:00:06","date_gmt":"2020-02-14T05:00:06","guid":{"rendered":"https:\/\/conversesacatalunya.cat\/el-coronavirus-podria-portar-a-europa-a-la-recessio\/"},"modified":"2020-02-14T12:17:32","modified_gmt":"2020-02-14T11:17:32","slug":"el-coronavirus-podria-llevar-a-europa-a-la-recesion","status":"publish","type":"post","link":"https:\/\/conversesacatalunya.cat\/es\/el-coronavirus-podria-llevar-a-europa-a-la-recesion\/","title":{"rendered":"El coronavirus podr\u00eda llevar a Europa a la recesi\u00f3n"},"content":{"rendered":"<p>El coronavirus est\u00e1 teniendo un impacto real en la econom\u00eda que dependiendo de cu\u00e1ndo se sofoque ir\u00e1 a m\u00e1s. La agencia de medici\u00f3n de riesgos S&amp;P calcula en su \u00faltimo informe que Espa\u00f1a podr\u00eda perder este a\u00f1o algo m\u00e1s de 0,14 puntos porcentuales de crecimiento econ\u00f3mico por la crisis de esta enfermedad.<\/p>\n<p>Las razones principales son el impacto en las exportaciones a China y la ca\u00edda de la inversi\u00f3n empresarial. Algo que afectar\u00e1 no solo a Espa\u00f1a, sino a toda Europa. De hecho, la agencia considera que esta crisis restar\u00e1 hasta dos d\u00e9cimas al crecimiento de la eurozona y Reino Unido en 2020, aunque el \u00abpeque\u00f1o impacto previsto\u00bb se concentrar\u00e1 en el primer trimestre del a\u00f1o y se superar\u00e1 \u00abpronto\u00bb, aunque el sector tur\u00edstico, clave para la econom\u00eda espa\u00f1ola, podr\u00eda llevar algo m\u00e1s de tiempo.<\/p>\n<p>El m\u00e1s vulnerable en la actualidad es Alemania, que actualmente se encuentra al borde de la recesi\u00f3n. En un estudio publicado ayer por el Deutsche Bank advierte\u00a0<strong>la vulnerabilidad de la econom\u00eda alemana<\/strong>\u00a0en un caso de contagio masivo de coronavirus. El estudio dice que \u201cla coyuntura alemana es cada vez m\u00e1s achacosa\u201d y que los datos de producci\u00f3n industrial, entrada de pedidos y ventas minoristas de diciembre han sido muy d\u00e9biles y apuntan a una ligera ca\u00edda del producto interior bruto (PIB) en el cuarto trimestre.<\/p>\n<p>Stefan Schneider, economista jefe del banco, alerta que los efectos econ\u00f3micos a nivel global pondr\u00e1n en peligro la senda de recuperaci\u00f3n econ\u00f3mica de las diferentes regiones econ\u00f3micas. En este sentido, la\u00a0<a href=\"https:\/\/es.wikipedia.org\/wiki\/Organizaci%C3%B3n_de_Pa%C3%ADses_Exportadores_de_Petr%C3%B3leo\">OPEP\u00a0<\/a>(organizaci\u00f3n de pa\u00edses Exportadores de Petr\u00f3leo) public\u00f3 este mi\u00e9rcoles un estudio en el que asegura que la epidemia va a provocar que el crecimiento del consumo de petr\u00f3leo sea un 19% menor del previsto hasta ahora para 2020, adem\u00e1s de a\u00f1adir incertidumbres sobre la marcha de la econom\u00eda global. Esto conllevar\u00e1 un descenso de la demanda de crudo sobre todo en China por la menor actividad econ\u00f3mica.<\/p>\n<p>Este factor podr\u00eda costar tambi\u00e9n al PIB alem\u00e1n 0,2 puntos porcentuales en el primer trimestre, por lo que parece posible una recesi\u00f3n t\u00e9cnica en el semestre de invierno, el cuarto trimestre del a\u00f1o pasado y el primero de \u00e9ste. El brote del coronavirus puede incrementar la cautela de las empresas chinas y de este modo<strong>\u00a0frenar la recuperaci\u00f3n de la demanda del gigante asi\u00e1tico de bienes alemanes<\/strong>, lo que perjudicar\u00eda m\u00e1s las exportaciones de las compa\u00f1\u00edas alemanas, que ya est\u00e1n debilitadas.<\/p>\n<div class=\"code-block code-block-2\">\n<div>\n<div class=\"a-single a-7\"><span class='bctt-click-to-tweet'><span class='bctt-ctt-text'><a href='https:\/\/twitter.com\/intent\/tweet?url=https%3A%2F%2Fconversesacatalunya.cat%2Fes%2Fel-coronavirus-podria-llevar-a-europa-a-la-recesion%2F&#038;text=Diferentes%20estudios%20alertan%20sobre%20los%20efectos%20negativos%20de%20la%20llegada%20del%20coronavirus%20a%20Europa&#038;via=conversesacat&#038;related=conversesacat' target='_blank'rel=\"noopener noreferrer\">Diferentes estudios alertan sobre los efectos negativos de la llegada del coronavirus a Europa <\/a><\/span><a href='https:\/\/twitter.com\/intent\/tweet?url=https%3A%2F%2Fconversesacatalunya.cat%2Fes%2Fel-coronavirus-podria-llevar-a-europa-a-la-recesion%2F&#038;text=Diferentes%20estudios%20alertan%20sobre%20los%20efectos%20negativos%20de%20la%20llegada%20del%20coronavirus%20a%20Europa&#038;via=conversesacat&#038;related=conversesacat' target='_blank' class='bctt-ctt-btn'rel=\"noopener noreferrer\">Compartir en X<\/a><\/span><\/div>\n<\/div>\n<\/div>\n<p>Por otro lado, el presidente del Centro para la Investigaci\u00f3n Econ\u00f3mica Europea (ZEW), Achim Wambach, dijo la pasada noche en un encuentro con periodistas en Fr\u00e1ncfort que si la infecci\u00f3n por coronavirus es similar a la que se produjo por el SARS (S\u00edndrome Respiratorio Agudo y Grave) \u201cs\u00f3lo se producir\u00e1n efectos a corto plazo\u201d.<\/p>\n<p>\u201cDe momento, es muy pronto para decir qu\u00e9 efectos tendr\u00e1\u201d el COVID-19 (nombre de la enfermedad del coronavirus) en la econom\u00eda alemana y que el problema es que no se sabe la dimensi\u00f3n que tendr\u00e1, seg\u00fan Wambach.<\/p>\n","protected":false},"excerpt":{"rendered":"<p>El coronavirus est\u00e1 teniendo un impacto real en la econom\u00eda que dependiendo de cu\u00e1ndo se sofoque ir\u00e1 a m\u00e1s. La agencia de medici\u00f3n de riesgos S&amp;P calcula en su \u00faltimo informe que Espa\u00f1a podr\u00eda perder este a\u00f1o algo m\u00e1s de 0,14 puntos porcentuales de crecimiento econ\u00f3mico por la crisis de esta enfermedad. Las razones principales son el impacto en las exportaciones a China y la ca\u00edda de la inversi\u00f3n empresarial. Algo que afectar\u00e1 no solo a Espa\u00f1a, sino a toda Europa. De hecho, la agencia considera que esta crisis restar\u00e1 hasta dos d\u00e9cimas al crecimiento de la eurozona y Reino Unido en 2020, aunque el \u00abpeque\u00f1o impacto previsto\u00bb se concentrar\u00e1 en el primer trimestre del a\u00f1o y se superar\u00e1 \u00abpronto\u00bb, aunque el sector tur\u00edstico, clave para la econom\u00eda espa\u00f1ola, podr\u00eda llevar algo m\u00e1s de tiempo. El m\u00e1s vulnerable en la actualidad es Alemania, que actualmente se encuentra al borde de la recesi\u00f3n. En un estudio publicado ayer por el Deutsche Bank advierte\u00a0la vulnerabilidad de la econom\u00eda alemana\u00a0en un caso de contagio masivo de coronavirus. El estudio dice que \u201cla coyuntura alemana es cada vez m\u00e1s achacosa\u201d y que los datos de producci\u00f3n industrial, entrada de pedidos y ventas minoristas de diciembre han sido muy d\u00e9biles y apuntan a una ligera ca\u00edda del producto interior bruto (PIB) en el cuarto trimestre. Stefan Schneider, economista jefe del banco, alerta que los efectos econ\u00f3micos a nivel global pondr\u00e1n en peligro la senda de recuperaci\u00f3n econ\u00f3mica de las diferentes regiones econ\u00f3micas. En este sentido, la\u00a0OPEP\u00a0(organizaci\u00f3n de pa\u00edses Exportadores de Petr\u00f3leo) public\u00f3 este mi\u00e9rcoles un estudio en el que asegura que la epidemia va a provocar que el crecimiento del consumo de petr\u00f3leo sea un 19% menor del previsto hasta ahora para 2020, adem\u00e1s de a\u00f1adir incertidumbres sobre la marcha de la econom\u00eda global. Esto conllevar\u00e1 un descenso de la demanda de crudo sobre todo en China por la menor actividad econ\u00f3mica. Este factor podr\u00eda costar tambi\u00e9n al PIB alem\u00e1n 0,2 puntos porcentuales en el primer trimestre, por lo que parece posible una recesi\u00f3n t\u00e9cnica en el semestre de invierno, el cuarto trimestre del a\u00f1o pasado y el primero de \u00e9ste. El brote del coronavirus puede incrementar la cautela de las empresas chinas y de este modo\u00a0frenar la recuperaci\u00f3n de la demanda del gigante asi\u00e1tico de bienes alemanes, lo que perjudicar\u00eda m\u00e1s las exportaciones de las compa\u00f1\u00edas alemanas, que ya est\u00e1n debilitadas. Por otro lado, el presidente del Centro para la Investigaci\u00f3n Econ\u00f3mica Europea (ZEW), Achim Wambach, dijo la pasada noche en un encuentro con periodistas en Fr\u00e1ncfort que si la infecci\u00f3n por coronavirus es similar a la que se produjo por el SARS (S\u00edndrome Respiratorio Agudo y Grave) \u201cs\u00f3lo se producir\u00e1n efectos a corto plazo\u201d. \u201cDe momento, es muy pronto para decir qu\u00e9 efectos tendr\u00e1\u201d el COVID-19 (nombre de la enfermedad del coronavirus) en la econom\u00eda alemana y que el problema es que no se sabe la dimensi\u00f3n que tendr\u00e1, seg\u00fan Wambach.<\/p>\n","protected":false},"author":20,"featured_media":32318,"comment_status":"open","ping_status":"open","sticky":false,"template":"","format":"standard","meta":{"_FSMCFIC_featured_image_caption":"","_FSMCFIC_featured_image_nocaption":"","_FSMCFIC_featured_image_hide":"","footnotes":""},"categories":[1772,806],"tags":[1587,1586,1504,1060,1334],"class_list":["post-32437","post","type-post","status-publish","format-standard","has-post-thumbnail","hentry","category-especial-coronavirus-es","category-punts-claus-del-dia-es","tag-alemania","tag-alemanya-es","tag-coronavirus-es","tag-unio-europea-es","tag-union-europea"],"yoast_head":"<!-- This site is optimized with the Yoast SEO plugin v26.8 - https:\/\/yoast.com\/product\/yoast-seo-wordpress\/ -->\n<title>El coronavirus podr\u00eda llevar a Europa a la recesi\u00f3n -<\/title>\n<meta name=\"description\" content=\"Diferents estudis alerten sobre els efectes negatius de l&#039;arribada del coronavirus a Europa. Entre els m\u00e9s afectats, Alemanya, per trobar-se en risc\" \/>\n<meta name=\"robots\" content=\"index, follow, max-snippet:-1, max-image-preview:large, max-video-preview:-1\" \/>\n<link rel=\"canonical\" href=\"https:\/\/conversesacatalunya.cat\/es\/el-coronavirus-podria-llevar-a-europa-a-la-recesion\/\" \/>\n<meta property=\"og:locale\" content=\"es_ES\" \/>\n<meta property=\"og:type\" content=\"article\" \/>\n<meta property=\"og:title\" content=\"El coronavirus podr\u00eda llevar a Europa a la recesi\u00f3n -\" \/>\n<meta property=\"og:description\" content=\"Diferents estudis alerten sobre els efectes negatius de l&#039;arribada del coronavirus a Europa. Entre els m\u00e9s afectats, Alemanya, per trobar-se en risc\" \/>\n<meta property=\"og:url\" content=\"https:\/\/conversesacatalunya.cat\/es\/el-coronavirus-podria-llevar-a-europa-a-la-recesion\/\" \/>\n<meta property=\"og:site_name\" content=\"Converses a Catalunya\" \/>\n<meta property=\"article:published_time\" content=\"2020-02-14T05:00:06+00:00\" \/>\n<meta property=\"article:modified_time\" content=\"2020-02-14T11:17:32+00:00\" \/>\n<meta property=\"og:image\" content=\"https:\/\/conversesacatalunya.cat\/wp-content\/uploads\/2020\/02\/Capture-5.png\" \/>\n\t<meta property=\"og:image:width\" content=\"636\" \/>\n\t<meta property=\"og:image:height\" content=\"479\" \/>\n\t<meta property=\"og:image:type\" content=\"image\/png\" \/>\n<meta name=\"author\" content=\"conversesacatalunya\" \/>\n<meta name=\"twitter:card\" content=\"summary_large_image\" \/>\n<meta name=\"twitter:label1\" content=\"Escrito por\" \/>\n\t<meta name=\"twitter:data1\" content=\"conversesacatalunya\" \/>\n\t<meta name=\"twitter:label2\" content=\"Tiempo de lectura\" \/>\n\t<meta name=\"twitter:data2\" content=\"3 minutos\" \/>\n<script type=\"application\/ld+json\" class=\"yoast-schema-graph\">{\"@context\":\"https:\/\/schema.org\",\"@graph\":[{\"@type\":\"Article\",\"@id\":\"https:\/\/conversesacatalunya.cat\/es\/el-coronavirus-podria-llevar-a-europa-a-la-recesion\/#article\",\"isPartOf\":{\"@id\":\"https:\/\/conversesacatalunya.cat\/es\/el-coronavirus-podria-llevar-a-europa-a-la-recesion\/\"},\"author\":{\"name\":\"conversesacatalunya\",\"@id\":\"https:\/\/conversesacatalunya.cat\/#\/schema\/person\/a7a9496a363cd9847daf7cd659d92e64\"},\"headline\":\"El coronavirus podr\u00eda llevar a Europa a la recesi\u00f3n\",\"datePublished\":\"2020-02-14T05:00:06+00:00\",\"dateModified\":\"2020-02-14T11:17:32+00:00\",\"mainEntityOfPage\":{\"@id\":\"https:\/\/conversesacatalunya.cat\/es\/el-coronavirus-podria-llevar-a-europa-a-la-recesion\/\"},\"wordCount\":582,\"commentCount\":0,\"image\":{\"@id\":\"https:\/\/conversesacatalunya.cat\/es\/el-coronavirus-podria-llevar-a-europa-a-la-recesion\/#primaryimage\"},\"thumbnailUrl\":\"https:\/\/conversesacatalunya.cat\/wp-content\/uploads\/2020\/02\/Capture-5.png\",\"keywords\":[\"Alemania\",\"Alemanya\",\"coronavirus\",\"Uni\u00f3 Europea\",\"Uni\u00f3n Europea\"],\"articleSection\":[\"Especial Coronavirus (ES)\",\"Punts clau del dia (ES)\"],\"inLanguage\":\"es\",\"potentialAction\":[{\"@type\":\"CommentAction\",\"name\":\"Comment\",\"target\":[\"https:\/\/conversesacatalunya.cat\/es\/el-coronavirus-podria-llevar-a-europa-a-la-recesion\/#respond\"]}]},{\"@type\":\"WebPage\",\"@id\":\"https:\/\/conversesacatalunya.cat\/es\/el-coronavirus-podria-llevar-a-europa-a-la-recesion\/\",\"url\":\"https:\/\/conversesacatalunya.cat\/es\/el-coronavirus-podria-llevar-a-europa-a-la-recesion\/\",\"name\":\"El coronavirus podr\u00eda llevar a Europa a la recesi\u00f3n -\",\"isPartOf\":{\"@id\":\"https:\/\/conversesacatalunya.cat\/#website\"},\"primaryImageOfPage\":{\"@id\":\"https:\/\/conversesacatalunya.cat\/es\/el-coronavirus-podria-llevar-a-europa-a-la-recesion\/#primaryimage\"},\"image\":{\"@id\":\"https:\/\/conversesacatalunya.cat\/es\/el-coronavirus-podria-llevar-a-europa-a-la-recesion\/#primaryimage\"},\"thumbnailUrl\":\"https:\/\/conversesacatalunya.cat\/wp-content\/uploads\/2020\/02\/Capture-5.png\",\"datePublished\":\"2020-02-14T05:00:06+00:00\",\"dateModified\":\"2020-02-14T11:17:32+00:00\",\"author\":{\"@id\":\"https:\/\/conversesacatalunya.cat\/#\/schema\/person\/a7a9496a363cd9847daf7cd659d92e64\"},\"description\":\"Diferents estudis alerten sobre els efectes negatius de l'arribada del coronavirus a Europa. Entre els m\u00e9s afectats, Alemanya, per trobar-se en risc\",\"breadcrumb\":{\"@id\":\"https:\/\/conversesacatalunya.cat\/es\/el-coronavirus-podria-llevar-a-europa-a-la-recesion\/#breadcrumb\"},\"inLanguage\":\"es\",\"potentialAction\":[{\"@type\":\"ReadAction\",\"target\":[\"https:\/\/conversesacatalunya.cat\/es\/el-coronavirus-podria-llevar-a-europa-a-la-recesion\/\"]}]},{\"@type\":\"ImageObject\",\"inLanguage\":\"es\",\"@id\":\"https:\/\/conversesacatalunya.cat\/es\/el-coronavirus-podria-llevar-a-europa-a-la-recesion\/#primaryimage\",\"url\":\"https:\/\/conversesacatalunya.cat\/wp-content\/uploads\/2020\/02\/Capture-5.png\",\"contentUrl\":\"https:\/\/conversesacatalunya.cat\/wp-content\/uploads\/2020\/02\/Capture-5.png\",\"width\":636,\"height\":479,\"caption\":\"Coronavirus\"},{\"@type\":\"BreadcrumbList\",\"@id\":\"https:\/\/conversesacatalunya.cat\/es\/el-coronavirus-podria-llevar-a-europa-a-la-recesion\/#breadcrumb\",\"itemListElement\":[{\"@type\":\"ListItem\",\"position\":1,\"name\":\"Inici\",\"item\":\"https:\/\/conversesacatalunya.cat\/es\/\"},{\"@type\":\"ListItem\",\"position\":2,\"name\":\"El coronavirus podr\u00eda llevar a Europa a la recesi\u00f3n\"}]},{\"@type\":\"WebSite\",\"@id\":\"https:\/\/conversesacatalunya.cat\/#website\",\"url\":\"https:\/\/conversesacatalunya.cat\/\",\"name\":\"Converses a Catalunya\",\"description\":\"\",\"potentialAction\":[{\"@type\":\"SearchAction\",\"target\":{\"@type\":\"EntryPoint\",\"urlTemplate\":\"https:\/\/conversesacatalunya.cat\/?s={search_term_string}\"},\"query-input\":{\"@type\":\"PropertyValueSpecification\",\"valueRequired\":true,\"valueName\":\"search_term_string\"}}],\"inLanguage\":\"es\"},{\"@type\":\"Person\",\"@id\":\"https:\/\/conversesacatalunya.cat\/#\/schema\/person\/a7a9496a363cd9847daf7cd659d92e64\",\"name\":\"conversesacatalunya\",\"image\":{\"@type\":\"ImageObject\",\"inLanguage\":\"es\",\"@id\":\"https:\/\/conversesacatalunya.cat\/#\/schema\/person\/image\/\",\"url\":\"https:\/\/conversesacatalunya.cat\/wp-content\/litespeed\/avatar\/ff91582b44ff9c880dc9c5ac2f5c7e89.jpg?ver=1777372947\",\"contentUrl\":\"https:\/\/conversesacatalunya.cat\/wp-content\/litespeed\/avatar\/ff91582b44ff9c880dc9c5ac2f5c7e89.jpg?ver=1777372947\",\"caption\":\"conversesacatalunya\"},\"url\":\"https:\/\/conversesacatalunya.cat\/es\/author\/francisco_garcia\/\"}]}<\/script>\n<!-- \/ Yoast SEO plugin. -->","yoast_head_json":{"title":"El coronavirus podr\u00eda llevar a Europa a la recesi\u00f3n -","description":"Diferents estudis alerten sobre els efectes negatius de l'arribada del coronavirus a Europa. Entre els m\u00e9s afectats, Alemanya, per trobar-se en risc","robots":{"index":"index","follow":"follow","max-snippet":"max-snippet:-1","max-image-preview":"max-image-preview:large","max-video-preview":"max-video-preview:-1"},"canonical":"https:\/\/conversesacatalunya.cat\/es\/el-coronavirus-podria-llevar-a-europa-a-la-recesion\/","og_locale":"es_ES","og_type":"article","og_title":"El coronavirus podr\u00eda llevar a Europa a la recesi\u00f3n -","og_description":"Diferents estudis alerten sobre els efectes negatius de l'arribada del coronavirus a Europa. Entre els m\u00e9s afectats, Alemanya, per trobar-se en risc","og_url":"https:\/\/conversesacatalunya.cat\/es\/el-coronavirus-podria-llevar-a-europa-a-la-recesion\/","og_site_name":"Converses a Catalunya","article_published_time":"2020-02-14T05:00:06+00:00","article_modified_time":"2020-02-14T11:17:32+00:00","og_image":[{"width":636,"height":479,"url":"https:\/\/conversesacatalunya.cat\/wp-content\/uploads\/2020\/02\/Capture-5.png","type":"image\/png"}],"author":"conversesacatalunya","twitter_card":"summary_large_image","twitter_misc":{"Escrito por":"conversesacatalunya","Tiempo de lectura":"3 minutos"},"schema":{"@context":"https:\/\/schema.org","@graph":[{"@type":"Article","@id":"https:\/\/conversesacatalunya.cat\/es\/el-coronavirus-podria-llevar-a-europa-a-la-recesion\/#article","isPartOf":{"@id":"https:\/\/conversesacatalunya.cat\/es\/el-coronavirus-podria-llevar-a-europa-a-la-recesion\/"},"author":{"name":"conversesacatalunya","@id":"https:\/\/conversesacatalunya.cat\/#\/schema\/person\/a7a9496a363cd9847daf7cd659d92e64"},"headline":"El coronavirus podr\u00eda llevar a Europa a la recesi\u00f3n","datePublished":"2020-02-14T05:00:06+00:00","dateModified":"2020-02-14T11:17:32+00:00","mainEntityOfPage":{"@id":"https:\/\/conversesacatalunya.cat\/es\/el-coronavirus-podria-llevar-a-europa-a-la-recesion\/"},"wordCount":582,"commentCount":0,"image":{"@id":"https:\/\/conversesacatalunya.cat\/es\/el-coronavirus-podria-llevar-a-europa-a-la-recesion\/#primaryimage"},"thumbnailUrl":"https:\/\/conversesacatalunya.cat\/wp-content\/uploads\/2020\/02\/Capture-5.png","keywords":["Alemania","Alemanya","coronavirus","Uni\u00f3 Europea","Uni\u00f3n Europea"],"articleSection":["Especial Coronavirus (ES)","Punts clau del dia (ES)"],"inLanguage":"es","potentialAction":[{"@type":"CommentAction","name":"Comment","target":["https:\/\/conversesacatalunya.cat\/es\/el-coronavirus-podria-llevar-a-europa-a-la-recesion\/#respond"]}]},{"@type":"WebPage","@id":"https:\/\/conversesacatalunya.cat\/es\/el-coronavirus-podria-llevar-a-europa-a-la-recesion\/","url":"https:\/\/conversesacatalunya.cat\/es\/el-coronavirus-podria-llevar-a-europa-a-la-recesion\/","name":"El coronavirus podr\u00eda llevar a Europa a la recesi\u00f3n -","isPartOf":{"@id":"https:\/\/conversesacatalunya.cat\/#website"},"primaryImageOfPage":{"@id":"https:\/\/conversesacatalunya.cat\/es\/el-coronavirus-podria-llevar-a-europa-a-la-recesion\/#primaryimage"},"image":{"@id":"https:\/\/conversesacatalunya.cat\/es\/el-coronavirus-podria-llevar-a-europa-a-la-recesion\/#primaryimage"},"thumbnailUrl":"https:\/\/conversesacatalunya.cat\/wp-content\/uploads\/2020\/02\/Capture-5.png","datePublished":"2020-02-14T05:00:06+00:00","dateModified":"2020-02-14T11:17:32+00:00","author":{"@id":"https:\/\/conversesacatalunya.cat\/#\/schema\/person\/a7a9496a363cd9847daf7cd659d92e64"},"description":"Diferents estudis alerten sobre els efectes negatius de l'arribada del coronavirus a Europa. Entre els m\u00e9s afectats, Alemanya, per trobar-se en risc","breadcrumb":{"@id":"https:\/\/conversesacatalunya.cat\/es\/el-coronavirus-podria-llevar-a-europa-a-la-recesion\/#breadcrumb"},"inLanguage":"es","potentialAction":[{"@type":"ReadAction","target":["https:\/\/conversesacatalunya.cat\/es\/el-coronavirus-podria-llevar-a-europa-a-la-recesion\/"]}]},{"@type":"ImageObject","inLanguage":"es","@id":"https:\/\/conversesacatalunya.cat\/es\/el-coronavirus-podria-llevar-a-europa-a-la-recesion\/#primaryimage","url":"https:\/\/conversesacatalunya.cat\/wp-content\/uploads\/2020\/02\/Capture-5.png","contentUrl":"https:\/\/conversesacatalunya.cat\/wp-content\/uploads\/2020\/02\/Capture-5.png","width":636,"height":479,"caption":"Coronavirus"},{"@type":"BreadcrumbList","@id":"https:\/\/conversesacatalunya.cat\/es\/el-coronavirus-podria-llevar-a-europa-a-la-recesion\/#breadcrumb","itemListElement":[{"@type":"ListItem","position":1,"name":"Inici","item":"https:\/\/conversesacatalunya.cat\/es\/"},{"@type":"ListItem","position":2,"name":"El coronavirus podr\u00eda llevar a Europa a la recesi\u00f3n"}]},{"@type":"WebSite","@id":"https:\/\/conversesacatalunya.cat\/#website","url":"https:\/\/conversesacatalunya.cat\/","name":"Converses a Catalunya","description":"","potentialAction":[{"@type":"SearchAction","target":{"@type":"EntryPoint","urlTemplate":"https:\/\/conversesacatalunya.cat\/?s={search_term_string}"},"query-input":{"@type":"PropertyValueSpecification","valueRequired":true,"valueName":"search_term_string"}}],"inLanguage":"es"},{"@type":"Person","@id":"https:\/\/conversesacatalunya.cat\/#\/schema\/person\/a7a9496a363cd9847daf7cd659d92e64","name":"conversesacatalunya","image":{"@type":"ImageObject","inLanguage":"es","@id":"https:\/\/conversesacatalunya.cat\/#\/schema\/person\/image\/","url":"https:\/\/conversesacatalunya.cat\/wp-content\/litespeed\/avatar\/ff91582b44ff9c880dc9c5ac2f5c7e89.jpg?ver=1777372947","contentUrl":"https:\/\/conversesacatalunya.cat\/wp-content\/litespeed\/avatar\/ff91582b44ff9c880dc9c5ac2f5c7e89.jpg?ver=1777372947","caption":"conversesacatalunya"},"url":"https:\/\/conversesacatalunya.cat\/es\/author\/francisco_garcia\/"}]}},"wps_subtitle":"Diferentes estudios alertan sobre los efectos negativos de la llegada del coronavirus a Europa. Entre los m\u00e1s afectados, Alemania, por encontrarse en riesgo de recesi\u00f3n t\u00e9cnica","_links":{"self":[{"href":"https:\/\/conversesacatalunya.cat\/es\/wp-json\/wp\/v2\/posts\/32437","targetHints":{"allow":["GET"]}}],"collection":[{"href":"https:\/\/conversesacatalunya.cat\/es\/wp-json\/wp\/v2\/posts"}],"about":[{"href":"https:\/\/conversesacatalunya.cat\/es\/wp-json\/wp\/v2\/types\/post"}],"author":[{"embeddable":true,"href":"https:\/\/conversesacatalunya.cat\/es\/wp-json\/wp\/v2\/users\/20"}],"replies":[{"embeddable":true,"href":"https:\/\/conversesacatalunya.cat\/es\/wp-json\/wp\/v2\/comments?post=32437"}],"version-history":[{"count":2,"href":"https:\/\/conversesacatalunya.cat\/es\/wp-json\/wp\/v2\/posts\/32437\/revisions"}],"predecessor-version":[{"id":32439,"href":"https:\/\/conversesacatalunya.cat\/es\/wp-json\/wp\/v2\/posts\/32437\/revisions\/32439"}],"wp:featuredmedia":[{"embeddable":true,"href":"https:\/\/conversesacatalunya.cat\/es\/wp-json\/wp\/v2\/media\/32318"}],"wp:attachment":[{"href":"https:\/\/conversesacatalunya.cat\/es\/wp-json\/wp\/v2\/media?parent=32437"}],"wp:term":[{"taxonomy":"category","embeddable":true,"href":"https:\/\/conversesacatalunya.cat\/es\/wp-json\/wp\/v2\/categories?post=32437"},{"taxonomy":"post_tag","embeddable":true,"href":"https:\/\/conversesacatalunya.cat\/es\/wp-json\/wp\/v2\/tags?post=32437"}],"curies":[{"name":"wp","href":"https:\/\/api.w.org\/{rel}","templated":true}]}}