{"id":32432,"date":"2020-02-14T12:05:25","date_gmt":"2020-02-14T11:05:25","guid":{"rendered":"https:\/\/conversesacatalunya.cat\/?p=32432"},"modified":"2020-02-14T16:59:42","modified_gmt":"2020-02-14T15:59:42","slug":"suspension-del-mobile-world-congress-entre-las-deficiencias-de-gestion-y-la-mano-oscura","status":"publish","type":"post","link":"https:\/\/conversesacatalunya.cat\/es\/suspension-del-mobile-world-congress-entre-las-deficiencias-de-gestion-y-la-mano-oscura\/","title":{"rendered":"Suspensi\u00f3n del Mobile World Congress: entre las deficiencias de gesti\u00f3n y la mano oscura"},"content":{"rendered":"<p>La<a href=\"https:\/\/conversesacatalunya.cat\/es\/el-golpe-de-la-suspension-del-mobile-world-congress-el-fracaso-de-la-credibilidad-de-las-instituciones\/\" target=\"_blank\" rel=\"noopener noreferrer\"> suspensi\u00f3n del Mobile World Congress<\/a> sigue despertando m\u00e1s preguntas que respuestas. No es para menos.<\/p>\n<p>Las autoridades, gobierno del Estado, Generalitat y Ayuntamiento de Barcelona, hab\u00edan mostrado una inusual unanimidad para asegurar, incluso 24 horas antes, que no exist\u00eda ning\u00fan motivo para la suspensi\u00f3n, y que la inmensa mayor\u00eda de empresas inscritas, del orden de 2000, no hab\u00edan manifestado ninguna intenci\u00f3n de suprimir su asistencia.<\/p>\n<p>A pesar de ello, la organizaci\u00f3n responsable del Congreso lo <strong>desconvoc\u00f3 de forma precipitada<\/strong> el jueves, un d\u00eda antes de la reuni\u00f3n anunciada para tomar una decisi\u00f3n. La propia <strong>Organizaci\u00f3n Mundial de la Salud<\/strong> que ha decretado una alerta mundial, inform\u00f3 que no hab\u00eda causa justificada para suspensi\u00f3n.<\/p>\n<p>Por si esto fuera poco, se da el fuerte contraste con <strong>otros grandes congresos<\/strong> y salones que est\u00e1n anunciados o realiz\u00e1ndose en Europa, sin ning\u00fan tipo de alarma y mucho menos riesgo de suspensi\u00f3n. A lo m\u00e1ximo que se ha llegado en alguno de ellos, es a situar dispensadores de soluci\u00f3n desinfectante para las manos, lo cual lo es todo menos espectacular.<\/p>\n<p>En <strong>\u00c1msterdam<\/strong> se celebra la feria Integrated Systems Europa (ISE) que re\u00fane a la industria de los sistemas integrados de imagen y sonido. Tambi\u00e9n es muy grande: 1300 expositores y una asistencia que el a\u00f1o pasado fue de 80.000 visitantes. Tiene adem\u00e1s en com\u00fan con \u00e9l Mobile un buen n\u00famero de empresas, Sony, Cisco e Intel, que se retiraron de Barcelona, pero est\u00e1n en \u00c1msterdam. Tambi\u00e9n podemos encontrar el sal\u00f3n del motor en <strong>Ginebra<\/strong>, la Semana de la Moda en <strong>Par\u00eds,<\/strong> Incluso en Espa\u00f1a la feria de arte contempor\u00e1neo ARCO en <strong>Madrid<\/strong>. Todas ellas mantienen el evento sin especiales alharacas ni medidas extraordinarias de prevenci\u00f3n.<\/p>\n<p>\u00bfQu\u00e9 ha sucedido pues, en Barcelona?<\/p>\n<p>Tres interpretaciones, a falta de m\u00e1s informaci\u00f3n, intentan explicar este formidable golpe al prestigio y la econom\u00eda de una ciudad, y por extensi\u00f3n de toda Catalu\u00f1a. Tambi\u00e9n golpea a un sector que ha crecido a rebufo de este gran acontecimiento anual y que ahora puede ver su futuro comprometido si el Congreso del Mobile <strong>se tambalea en el futuro<\/strong>.<\/p>\n<p>Y es que una de las teor\u00edas sobre la suspensi\u00f3n se refiere a una \u201cmano negra\u201d que persigue <strong>desplazar <\/strong>este gran acontecimiento a Oriente. \u00a0Habr\u00eda, en este sentido, una pugna subterr\u00e1nea entre poderes para evitar que el Mobile continuara en Barcelona y se localizara en un espacio tecnol\u00f3gico m\u00e1s cercano a China, a su \u00e1rea de influencia. Ser\u00eda una forma de jugar el coronavirus como una ventaja. Claro que no tiene porqu\u00e9 ser aquel entorno el beneficiado. Hay muchos intereses en desplazar el Mobile de Barcelona. El propio subdirector de La Vanguardia y delegado de este peri\u00f3dico en Madrid, <strong>Enric juliana, <\/strong>apuntaba en este sentido en la cr\u00f3nica del pasado jueves.<\/p>\n<p>Una segunda versi\u00f3n apunta a la <strong>\u201cguerra comercial\u201d entre China y Estados Unidos<\/strong>, por la presentaci\u00f3n por parte de Huawei de la nueva tecnolog\u00eda 5G en sus m\u00f3viles.<\/p>\n<p><strong>La tercera versi\u00f3n<\/strong> es menos maquiav\u00e9lica. Simplemente considera que hubo una <strong>sobreactuaci\u00f3n<\/strong> por parte de los organizadores que, queriendo aportar mayores garant\u00edas, despertaron la alarma entre parte de los asistentes. Juega a favor de esta tesis el hecho de que ninguno de los otros grandes eventos haya anunciado medidas tan extraordinarias como omitir visitantes procedentes de China que no hiciera m\u00e1s de 14 d\u00edas que estuvieran fuera de su pa\u00eds, o la absurda medida de vetar la entrada a los asistentes de la provincia que es el foco fundamental en China, cuando \u00e9stos, por decisi\u00f3n de sus propias autoridades, se encuentran impedidos de viajar por la cuarentena.<\/p>\n<p>Las dudas continuar\u00e1n porque no existe una explicaci\u00f3n razonable de por qu\u00e9 tantas y tan grandes empresas decidieron r\u00e1pidamente anular su presencia en Barcelona, m\u00e1s cuando <strong>algunas de ellas forman parte de la organizaci\u00f3n que controla el Congreso<\/strong>. En cualquier caso, es una mala noticia que se a\u00f1ade a otras m\u00e1s, de car\u00e1cter reciente, los da\u00f1os de la tormenta \u201cGloria\u201d, la crisis profunda de la 2\u00aa industria automovil\u00edstica de Catalu\u00f1a, Nissan. Todos ellos son golpes en un espacio de poco tiempo, que est\u00e1n incidiendo sobre la base econ\u00f3mica de Catalu\u00f1a. Todo esto en un escenario pol\u00edtico, que si bien calmado, resulta todav\u00eda incierto, no es en ning\u00fan caso una buena noticia.<\/p>\n<span class='bctt-click-to-tweet'><span class='bctt-ctt-text'><a href='https:\/\/twitter.com\/intent\/tweet?url=https%3A%2F%2Fconversesacatalunya.cat%2Fes%2Fsuspension-del-mobile-world-congress-entre-las-deficiencias-de-gestion-y-la-mano-oscura%2F&#038;text=MWC%3A%20entre%20las%20deficiencias%20de%20gesti%C3%B3n%20y%20la%20mano%20oscura&#038;via=conversesacat&#038;related=conversesacat' target='_blank'rel=\"noopener noreferrer\">MWC: entre las deficiencias de gesti\u00f3n y la mano oscura <\/a><\/span><a href='https:\/\/twitter.com\/intent\/tweet?url=https%3A%2F%2Fconversesacatalunya.cat%2Fes%2Fsuspension-del-mobile-world-congress-entre-las-deficiencias-de-gestion-y-la-mano-oscura%2F&#038;text=MWC%3A%20entre%20las%20deficiencias%20de%20gesti%C3%B3n%20y%20la%20mano%20oscura&#038;via=conversesacat&#038;related=conversesacat' target='_blank' class='bctt-ctt-btn'rel=\"noopener noreferrer\">Compartir en X<\/a><\/span>\n","protected":false},"excerpt":{"rendered":"<p>La suspensi\u00f3n del Mobile World Congress sigue despertando m\u00e1s preguntas que respuestas. No es para menos. Las autoridades, gobierno del Estado, Generalitat y Ayuntamiento de Barcelona, hab\u00edan mostrado una inusual unanimidad para asegurar, incluso 24 horas antes, que no exist\u00eda ning\u00fan motivo para la suspensi\u00f3n, y que la inmensa mayor\u00eda de empresas inscritas, del orden de 2000, no hab\u00edan manifestado ninguna intenci\u00f3n de suprimir su asistencia. A pesar de ello, la organizaci\u00f3n responsable del Congreso lo desconvoc\u00f3 de forma precipitada el jueves, un d\u00eda antes de la reuni\u00f3n anunciada para tomar una decisi\u00f3n. La propia Organizaci\u00f3n Mundial de la Salud que ha decretado una alerta mundial, inform\u00f3 que no hab\u00eda causa justificada para suspensi\u00f3n. Por si esto fuera poco, se da el fuerte contraste con otros grandes congresos y salones que est\u00e1n anunciados o realiz\u00e1ndose en Europa, sin ning\u00fan tipo de alarma y mucho menos riesgo de suspensi\u00f3n. A lo m\u00e1ximo que se ha llegado en alguno de ellos, es a situar dispensadores de soluci\u00f3n desinfectante para las manos, lo cual lo es todo menos espectacular. En \u00c1msterdam se celebra la feria Integrated Systems Europa (ISE) que re\u00fane a la industria de los sistemas integrados de imagen y sonido. Tambi\u00e9n es muy grande: 1300 expositores y una asistencia que el a\u00f1o pasado fue de 80.000 visitantes. Tiene adem\u00e1s en com\u00fan con \u00e9l Mobile un buen n\u00famero de empresas, Sony, Cisco e Intel, que se retiraron de Barcelona, pero est\u00e1n en \u00c1msterdam. Tambi\u00e9n podemos encontrar el sal\u00f3n del motor en Ginebra, la Semana de la Moda en Par\u00eds, Incluso en Espa\u00f1a la feria de arte contempor\u00e1neo ARCO en Madrid. Todas ellas mantienen el evento sin especiales alharacas ni medidas extraordinarias de prevenci\u00f3n. \u00bfQu\u00e9 ha sucedido pues, en Barcelona? Tres interpretaciones, a falta de m\u00e1s informaci\u00f3n, intentan explicar este formidable golpe al prestigio y la econom\u00eda de una ciudad, y por extensi\u00f3n de toda Catalu\u00f1a. Tambi\u00e9n golpea a un sector que ha crecido a rebufo de este gran acontecimiento anual y que ahora puede ver su futuro comprometido si el Congreso del Mobile se tambalea en el futuro. Y es que una de las teor\u00edas sobre la suspensi\u00f3n se refiere a una \u201cmano negra\u201d que persigue desplazar este gran acontecimiento a Oriente. \u00a0Habr\u00eda, en este sentido, una pugna subterr\u00e1nea entre poderes para evitar que el Mobile continuara en Barcelona y se localizara en un espacio tecnol\u00f3gico m\u00e1s cercano a China, a su \u00e1rea de influencia. Ser\u00eda una forma de jugar el coronavirus como una ventaja. Claro que no tiene porqu\u00e9 ser aquel entorno el beneficiado. Hay muchos intereses en desplazar el Mobile de Barcelona. El propio subdirector de La Vanguardia y delegado de este peri\u00f3dico en Madrid, Enric juliana, apuntaba en este sentido en la cr\u00f3nica del pasado jueves. Una segunda versi\u00f3n apunta a la \u201cguerra comercial\u201d entre China y Estados Unidos, por la presentaci\u00f3n por parte de Huawei de la nueva tecnolog\u00eda 5G en sus m\u00f3viles. La tercera versi\u00f3n es menos maquiav\u00e9lica. Simplemente considera que hubo una sobreactuaci\u00f3n por parte de los organizadores que, queriendo aportar mayores garant\u00edas, despertaron la alarma entre parte de los asistentes. Juega a favor de esta tesis el hecho de que ninguno de los otros grandes eventos haya anunciado medidas tan extraordinarias como omitir visitantes procedentes de China que no hiciera m\u00e1s de 14 d\u00edas que estuvieran fuera de su pa\u00eds, o la absurda medida de vetar la entrada a los asistentes de la provincia que es el foco fundamental en China, cuando \u00e9stos, por decisi\u00f3n de sus propias autoridades, se encuentran impedidos de viajar por la cuarentena. Las dudas continuar\u00e1n porque no existe una explicaci\u00f3n razonable de por qu\u00e9 tantas y tan grandes empresas decidieron r\u00e1pidamente anular su presencia en Barcelona, m\u00e1s cuando algunas de ellas forman parte de la organizaci\u00f3n que controla el Congreso. En cualquier caso, es una mala noticia que se a\u00f1ade a otras m\u00e1s, de car\u00e1cter reciente, los da\u00f1os de la tormenta \u201cGloria\u201d, la crisis profunda de la 2\u00aa industria automovil\u00edstica de Catalu\u00f1a, Nissan. Todos ellos son golpes en un espacio de poco tiempo, que est\u00e1n incidiendo sobre la base econ\u00f3mica de Catalu\u00f1a. Todo esto en un escenario pol\u00edtico, que si bien calmado, resulta todav\u00eda incierto, no es en ning\u00fan caso una buena noticia.<\/p>\n","protected":false},"author":2,"featured_media":32433,"comment_status":"open","ping_status":"open","sticky":false,"template":"","format":"standard","meta":{"_FSMCFIC_featured_image_caption":"","_FSMCFIC_featured_image_nocaption":"","_FSMCFIC_featured_image_hide":"","footnotes":""},"categories":[806],"tags":[1504,1058,1610],"class_list":["post-32432","post","type-post","status-publish","format-standard","has-post-thumbnail","hentry","category-punts-claus-del-dia-es","tag-coronavirus-es","tag-huawei-es","tag-mwc-es"],"yoast_head":"<!-- This site is optimized with the Yoast SEO plugin v26.8 - https:\/\/yoast.com\/product\/yoast-seo-wordpress\/ -->\n<title>Suspensi\u00f3n del Mobile World Congress: entre las deficiencias de gesti\u00f3n y la mano oscura - Converses a Catalunya<\/title>\n<meta name=\"robots\" content=\"index, follow, max-snippet:-1, max-image-preview:large, max-video-preview:-1\" \/>\n<link rel=\"canonical\" href=\"https:\/\/conversesacatalunya.cat\/es\/suspension-del-mobile-world-congress-entre-las-deficiencias-de-gestion-y-la-mano-oscura\/\" \/>\n<meta property=\"og:locale\" content=\"es_ES\" \/>\n<meta property=\"og:type\" content=\"article\" \/>\n<meta property=\"og:title\" content=\"Suspensi\u00f3n del Mobile World Congress: entre las deficiencias de gesti\u00f3n y la mano oscura - Converses a Catalunya\" \/>\n<meta property=\"og:description\" content=\"La suspensi\u00f3n del Mobile World Congress sigue despertando m\u00e1s preguntas que respuestas. No es para menos. Las autoridades, gobierno del Estado, Generalitat y Ayuntamiento de Barcelona, hab\u00edan mostrado una inusual unanimidad para asegurar, incluso 24 horas antes, que no exist\u00eda ning\u00fan motivo para la suspensi\u00f3n, y que la inmensa mayor\u00eda de empresas inscritas, del orden de 2000, no hab\u00edan manifestado ninguna intenci\u00f3n de suprimir su asistencia. A pesar de ello, la organizaci\u00f3n responsable del Congreso lo desconvoc\u00f3 de forma precipitada el jueves, un d\u00eda antes de la reuni\u00f3n anunciada para tomar una decisi\u00f3n. La propia Organizaci\u00f3n Mundial de la Salud que ha decretado una alerta mundial, inform\u00f3 que no hab\u00eda causa justificada para suspensi\u00f3n. Por si esto fuera poco, se da el fuerte contraste con otros grandes congresos y salones que est\u00e1n anunciados o realiz\u00e1ndose en Europa, sin ning\u00fan tipo de alarma y mucho menos riesgo de suspensi\u00f3n. A lo m\u00e1ximo que se ha llegado en alguno de ellos, es a situar dispensadores de soluci\u00f3n desinfectante para las manos, lo cual lo es todo menos espectacular. En \u00c1msterdam se celebra la feria Integrated Systems Europa (ISE) que re\u00fane a la industria de los sistemas integrados de imagen y sonido. Tambi\u00e9n es muy grande: 1300 expositores y una asistencia que el a\u00f1o pasado fue de 80.000 visitantes. Tiene adem\u00e1s en com\u00fan con \u00e9l Mobile un buen n\u00famero de empresas, Sony, Cisco e Intel, que se retiraron de Barcelona, pero est\u00e1n en \u00c1msterdam. Tambi\u00e9n podemos encontrar el sal\u00f3n del motor en Ginebra, la Semana de la Moda en Par\u00eds, Incluso en Espa\u00f1a la feria de arte contempor\u00e1neo ARCO en Madrid. Todas ellas mantienen el evento sin especiales alharacas ni medidas extraordinarias de prevenci\u00f3n. \u00bfQu\u00e9 ha sucedido pues, en Barcelona? Tres interpretaciones, a falta de m\u00e1s informaci\u00f3n, intentan explicar este formidable golpe al prestigio y la econom\u00eda de una ciudad, y por extensi\u00f3n de toda Catalu\u00f1a. Tambi\u00e9n golpea a un sector que ha crecido a rebufo de este gran acontecimiento anual y que ahora puede ver su futuro comprometido si el Congreso del Mobile se tambalea en el futuro. Y es que una de las teor\u00edas sobre la suspensi\u00f3n se refiere a una \u201cmano negra\u201d que persigue desplazar este gran acontecimiento a Oriente. \u00a0Habr\u00eda, en este sentido, una pugna subterr\u00e1nea entre poderes para evitar que el Mobile continuara en Barcelona y se localizara en un espacio tecnol\u00f3gico m\u00e1s cercano a China, a su \u00e1rea de influencia. Ser\u00eda una forma de jugar el coronavirus como una ventaja. Claro que no tiene porqu\u00e9 ser aquel entorno el beneficiado. Hay muchos intereses en desplazar el Mobile de Barcelona. El propio subdirector de La Vanguardia y delegado de este peri\u00f3dico en Madrid, Enric juliana, apuntaba en este sentido en la cr\u00f3nica del pasado jueves. Una segunda versi\u00f3n apunta a la \u201cguerra comercial\u201d entre China y Estados Unidos, por la presentaci\u00f3n por parte de Huawei de la nueva tecnolog\u00eda 5G en sus m\u00f3viles. La tercera versi\u00f3n es menos maquiav\u00e9lica. Simplemente considera que hubo una sobreactuaci\u00f3n por parte de los organizadores que, queriendo aportar mayores garant\u00edas, despertaron la alarma entre parte de los asistentes. Juega a favor de esta tesis el hecho de que ninguno de los otros grandes eventos haya anunciado medidas tan extraordinarias como omitir visitantes procedentes de China que no hiciera m\u00e1s de 14 d\u00edas que estuvieran fuera de su pa\u00eds, o la absurda medida de vetar la entrada a los asistentes de la provincia que es el foco fundamental en China, cuando \u00e9stos, por decisi\u00f3n de sus propias autoridades, se encuentran impedidos de viajar por la cuarentena. Las dudas continuar\u00e1n porque no existe una explicaci\u00f3n razonable de por qu\u00e9 tantas y tan grandes empresas decidieron r\u00e1pidamente anular su presencia en Barcelona, m\u00e1s cuando algunas de ellas forman parte de la organizaci\u00f3n que controla el Congreso. En cualquier caso, es una mala noticia que se a\u00f1ade a otras m\u00e1s, de car\u00e1cter reciente, los da\u00f1os de la tormenta \u201cGloria\u201d, la crisis profunda de la 2\u00aa industria automovil\u00edstica de Catalu\u00f1a, Nissan. Todos ellos son golpes en un espacio de poco tiempo, que est\u00e1n incidiendo sobre la base econ\u00f3mica de Catalu\u00f1a. Todo esto en un escenario pol\u00edtico, que si bien calmado, resulta todav\u00eda incierto, no es en ning\u00fan caso una buena noticia.\" \/>\n<meta property=\"og:url\" content=\"https:\/\/conversesacatalunya.cat\/es\/suspension-del-mobile-world-congress-entre-las-deficiencias-de-gestion-y-la-mano-oscura\/\" \/>\n<meta property=\"og:site_name\" content=\"Converses a Catalunya\" \/>\n<meta property=\"article:published_time\" content=\"2020-02-14T11:05:25+00:00\" \/>\n<meta property=\"article:modified_time\" content=\"2020-02-14T15:59:42+00:00\" \/>\n<meta property=\"og:image\" content=\"https:\/\/conversesacatalunya.cat\/wp-content\/uploads\/2020\/02\/mobile-world-congress.jpg\" \/>\n\t<meta property=\"og:image:width\" content=\"1200\" \/>\n\t<meta property=\"og:image:height\" content=\"675\" \/>\n\t<meta property=\"og:image:type\" content=\"image\/jpeg\" \/>\n<meta name=\"author\" content=\"conversesacatalunya\" \/>\n<meta name=\"twitter:card\" content=\"summary_large_image\" \/>\n<meta name=\"twitter:label1\" content=\"Escrito por\" \/>\n\t<meta name=\"twitter:data1\" content=\"conversesacatalunya\" \/>\n\t<meta name=\"twitter:label2\" content=\"Tiempo de lectura\" \/>\n\t<meta name=\"twitter:data2\" content=\"4 minutos\" \/>\n<script type=\"application\/ld+json\" class=\"yoast-schema-graph\">{\"@context\":\"https:\/\/schema.org\",\"@graph\":[{\"@type\":\"Article\",\"@id\":\"https:\/\/conversesacatalunya.cat\/es\/suspension-del-mobile-world-congress-entre-las-deficiencias-de-gestion-y-la-mano-oscura\/#article\",\"isPartOf\":{\"@id\":\"https:\/\/conversesacatalunya.cat\/es\/suspension-del-mobile-world-congress-entre-las-deficiencias-de-gestion-y-la-mano-oscura\/\"},\"author\":{\"name\":\"conversesacatalunya\",\"@id\":\"https:\/\/conversesacatalunya.cat\/#\/schema\/person\/7e24d1e54a2785373ddcb275eae5ed99\"},\"headline\":\"Suspensi\u00f3n del Mobile World Congress: entre las deficiencias de gesti\u00f3n y la mano oscura\",\"datePublished\":\"2020-02-14T11:05:25+00:00\",\"dateModified\":\"2020-02-14T15:59:42+00:00\",\"mainEntityOfPage\":{\"@id\":\"https:\/\/conversesacatalunya.cat\/es\/suspension-del-mobile-world-congress-entre-las-deficiencias-de-gestion-y-la-mano-oscura\/\"},\"wordCount\":807,\"commentCount\":0,\"image\":{\"@id\":\"https:\/\/conversesacatalunya.cat\/es\/suspension-del-mobile-world-congress-entre-las-deficiencias-de-gestion-y-la-mano-oscura\/#primaryimage\"},\"thumbnailUrl\":\"https:\/\/conversesacatalunya.cat\/wp-content\/uploads\/2020\/02\/mobile-world-congress.jpg\",\"keywords\":[\"coronavirus\",\"Huawei\",\"MWC\"],\"articleSection\":[\"Punts clau del dia (ES)\"],\"inLanguage\":\"es\",\"potentialAction\":[{\"@type\":\"CommentAction\",\"name\":\"Comment\",\"target\":[\"https:\/\/conversesacatalunya.cat\/es\/suspension-del-mobile-world-congress-entre-las-deficiencias-de-gestion-y-la-mano-oscura\/#respond\"]}]},{\"@type\":\"WebPage\",\"@id\":\"https:\/\/conversesacatalunya.cat\/es\/suspension-del-mobile-world-congress-entre-las-deficiencias-de-gestion-y-la-mano-oscura\/\",\"url\":\"https:\/\/conversesacatalunya.cat\/es\/suspension-del-mobile-world-congress-entre-las-deficiencias-de-gestion-y-la-mano-oscura\/\",\"name\":\"Suspensi\u00f3n del Mobile World Congress: entre las deficiencias de gesti\u00f3n y la mano oscura - Converses a Catalunya\",\"isPartOf\":{\"@id\":\"https:\/\/conversesacatalunya.cat\/#website\"},\"primaryImageOfPage\":{\"@id\":\"https:\/\/conversesacatalunya.cat\/es\/suspension-del-mobile-world-congress-entre-las-deficiencias-de-gestion-y-la-mano-oscura\/#primaryimage\"},\"image\":{\"@id\":\"https:\/\/conversesacatalunya.cat\/es\/suspension-del-mobile-world-congress-entre-las-deficiencias-de-gestion-y-la-mano-oscura\/#primaryimage\"},\"thumbnailUrl\":\"https:\/\/conversesacatalunya.cat\/wp-content\/uploads\/2020\/02\/mobile-world-congress.jpg\",\"datePublished\":\"2020-02-14T11:05:25+00:00\",\"dateModified\":\"2020-02-14T15:59:42+00:00\",\"author\":{\"@id\":\"https:\/\/conversesacatalunya.cat\/#\/schema\/person\/7e24d1e54a2785373ddcb275eae5ed99\"},\"breadcrumb\":{\"@id\":\"https:\/\/conversesacatalunya.cat\/es\/suspension-del-mobile-world-congress-entre-las-deficiencias-de-gestion-y-la-mano-oscura\/#breadcrumb\"},\"inLanguage\":\"es\",\"potentialAction\":[{\"@type\":\"ReadAction\",\"target\":[\"https:\/\/conversesacatalunya.cat\/es\/suspension-del-mobile-world-congress-entre-las-deficiencias-de-gestion-y-la-mano-oscura\/\"]}]},{\"@type\":\"ImageObject\",\"inLanguage\":\"es\",\"@id\":\"https:\/\/conversesacatalunya.cat\/es\/suspension-del-mobile-world-congress-entre-las-deficiencias-de-gestion-y-la-mano-oscura\/#primaryimage\",\"url\":\"https:\/\/conversesacatalunya.cat\/wp-content\/uploads\/2020\/02\/mobile-world-congress.jpg\",\"contentUrl\":\"https:\/\/conversesacatalunya.cat\/wp-content\/uploads\/2020\/02\/mobile-world-congress.jpg\",\"width\":1200,\"height\":675,\"caption\":\"mobile world congress\"},{\"@type\":\"BreadcrumbList\",\"@id\":\"https:\/\/conversesacatalunya.cat\/es\/suspension-del-mobile-world-congress-entre-las-deficiencias-de-gestion-y-la-mano-oscura\/#breadcrumb\",\"itemListElement\":[{\"@type\":\"ListItem\",\"position\":1,\"name\":\"Inici\",\"item\":\"https:\/\/conversesacatalunya.cat\/es\/\"},{\"@type\":\"ListItem\",\"position\":2,\"name\":\"Suspensi\u00f3n del Mobile World Congress: entre las deficiencias de gesti\u00f3n y la mano oscura\"}]},{\"@type\":\"WebSite\",\"@id\":\"https:\/\/conversesacatalunya.cat\/#website\",\"url\":\"https:\/\/conversesacatalunya.cat\/\",\"name\":\"Converses a Catalunya\",\"description\":\"\",\"potentialAction\":[{\"@type\":\"SearchAction\",\"target\":{\"@type\":\"EntryPoint\",\"urlTemplate\":\"https:\/\/conversesacatalunya.cat\/?s={search_term_string}\"},\"query-input\":{\"@type\":\"PropertyValueSpecification\",\"valueRequired\":true,\"valueName\":\"search_term_string\"}}],\"inLanguage\":\"es\"},{\"@type\":\"Person\",\"@id\":\"https:\/\/conversesacatalunya.cat\/#\/schema\/person\/7e24d1e54a2785373ddcb275eae5ed99\",\"name\":\"conversesacatalunya\",\"image\":{\"@type\":\"ImageObject\",\"inLanguage\":\"es\",\"@id\":\"https:\/\/conversesacatalunya.cat\/#\/schema\/person\/image\/\",\"url\":\"https:\/\/conversesacatalunya.cat\/wp-content\/litespeed\/avatar\/febdfeeec89d950f01c748045a981dd2.jpg?ver=1777314535\",\"contentUrl\":\"https:\/\/conversesacatalunya.cat\/wp-content\/litespeed\/avatar\/febdfeeec89d950f01c748045a981dd2.jpg?ver=1777314535\",\"caption\":\"conversesacatalunya\"},\"url\":\"https:\/\/conversesacatalunya.cat\/es\/author\/carme_catala\/\"}]}<\/script>\n<!-- \/ Yoast SEO plugin. -->","yoast_head_json":{"title":"Suspensi\u00f3n del Mobile World Congress: entre las deficiencias de gesti\u00f3n y la mano oscura - Converses a Catalunya","robots":{"index":"index","follow":"follow","max-snippet":"max-snippet:-1","max-image-preview":"max-image-preview:large","max-video-preview":"max-video-preview:-1"},"canonical":"https:\/\/conversesacatalunya.cat\/es\/suspension-del-mobile-world-congress-entre-las-deficiencias-de-gestion-y-la-mano-oscura\/","og_locale":"es_ES","og_type":"article","og_title":"Suspensi\u00f3n del Mobile World Congress: entre las deficiencias de gesti\u00f3n y la mano oscura - Converses a Catalunya","og_description":"La suspensi\u00f3n del Mobile World Congress sigue despertando m\u00e1s preguntas que respuestas. No es para menos. Las autoridades, gobierno del Estado, Generalitat y Ayuntamiento de Barcelona, hab\u00edan mostrado una inusual unanimidad para asegurar, incluso 24 horas antes, que no exist\u00eda ning\u00fan motivo para la suspensi\u00f3n, y que la inmensa mayor\u00eda de empresas inscritas, del orden de 2000, no hab\u00edan manifestado ninguna intenci\u00f3n de suprimir su asistencia. A pesar de ello, la organizaci\u00f3n responsable del Congreso lo desconvoc\u00f3 de forma precipitada el jueves, un d\u00eda antes de la reuni\u00f3n anunciada para tomar una decisi\u00f3n. La propia Organizaci\u00f3n Mundial de la Salud que ha decretado una alerta mundial, inform\u00f3 que no hab\u00eda causa justificada para suspensi\u00f3n. Por si esto fuera poco, se da el fuerte contraste con otros grandes congresos y salones que est\u00e1n anunciados o realiz\u00e1ndose en Europa, sin ning\u00fan tipo de alarma y mucho menos riesgo de suspensi\u00f3n. A lo m\u00e1ximo que se ha llegado en alguno de ellos, es a situar dispensadores de soluci\u00f3n desinfectante para las manos, lo cual lo es todo menos espectacular. En \u00c1msterdam se celebra la feria Integrated Systems Europa (ISE) que re\u00fane a la industria de los sistemas integrados de imagen y sonido. Tambi\u00e9n es muy grande: 1300 expositores y una asistencia que el a\u00f1o pasado fue de 80.000 visitantes. Tiene adem\u00e1s en com\u00fan con \u00e9l Mobile un buen n\u00famero de empresas, Sony, Cisco e Intel, que se retiraron de Barcelona, pero est\u00e1n en \u00c1msterdam. Tambi\u00e9n podemos encontrar el sal\u00f3n del motor en Ginebra, la Semana de la Moda en Par\u00eds, Incluso en Espa\u00f1a la feria de arte contempor\u00e1neo ARCO en Madrid. Todas ellas mantienen el evento sin especiales alharacas ni medidas extraordinarias de prevenci\u00f3n. \u00bfQu\u00e9 ha sucedido pues, en Barcelona? Tres interpretaciones, a falta de m\u00e1s informaci\u00f3n, intentan explicar este formidable golpe al prestigio y la econom\u00eda de una ciudad, y por extensi\u00f3n de toda Catalu\u00f1a. Tambi\u00e9n golpea a un sector que ha crecido a rebufo de este gran acontecimiento anual y que ahora puede ver su futuro comprometido si el Congreso del Mobile se tambalea en el futuro. Y es que una de las teor\u00edas sobre la suspensi\u00f3n se refiere a una \u201cmano negra\u201d que persigue desplazar este gran acontecimiento a Oriente. \u00a0Habr\u00eda, en este sentido, una pugna subterr\u00e1nea entre poderes para evitar que el Mobile continuara en Barcelona y se localizara en un espacio tecnol\u00f3gico m\u00e1s cercano a China, a su \u00e1rea de influencia. Ser\u00eda una forma de jugar el coronavirus como una ventaja. Claro que no tiene porqu\u00e9 ser aquel entorno el beneficiado. Hay muchos intereses en desplazar el Mobile de Barcelona. El propio subdirector de La Vanguardia y delegado de este peri\u00f3dico en Madrid, Enric juliana, apuntaba en este sentido en la cr\u00f3nica del pasado jueves. Una segunda versi\u00f3n apunta a la \u201cguerra comercial\u201d entre China y Estados Unidos, por la presentaci\u00f3n por parte de Huawei de la nueva tecnolog\u00eda 5G en sus m\u00f3viles. La tercera versi\u00f3n es menos maquiav\u00e9lica. Simplemente considera que hubo una sobreactuaci\u00f3n por parte de los organizadores que, queriendo aportar mayores garant\u00edas, despertaron la alarma entre parte de los asistentes. Juega a favor de esta tesis el hecho de que ninguno de los otros grandes eventos haya anunciado medidas tan extraordinarias como omitir visitantes procedentes de China que no hiciera m\u00e1s de 14 d\u00edas que estuvieran fuera de su pa\u00eds, o la absurda medida de vetar la entrada a los asistentes de la provincia que es el foco fundamental en China, cuando \u00e9stos, por decisi\u00f3n de sus propias autoridades, se encuentran impedidos de viajar por la cuarentena. Las dudas continuar\u00e1n porque no existe una explicaci\u00f3n razonable de por qu\u00e9 tantas y tan grandes empresas decidieron r\u00e1pidamente anular su presencia en Barcelona, m\u00e1s cuando algunas de ellas forman parte de la organizaci\u00f3n que controla el Congreso. En cualquier caso, es una mala noticia que se a\u00f1ade a otras m\u00e1s, de car\u00e1cter reciente, los da\u00f1os de la tormenta \u201cGloria\u201d, la crisis profunda de la 2\u00aa industria automovil\u00edstica de Catalu\u00f1a, Nissan. Todos ellos son golpes en un espacio de poco tiempo, que est\u00e1n incidiendo sobre la base econ\u00f3mica de Catalu\u00f1a. Todo esto en un escenario pol\u00edtico, que si bien calmado, resulta todav\u00eda incierto, no es en ning\u00fan caso una buena noticia.","og_url":"https:\/\/conversesacatalunya.cat\/es\/suspension-del-mobile-world-congress-entre-las-deficiencias-de-gestion-y-la-mano-oscura\/","og_site_name":"Converses a Catalunya","article_published_time":"2020-02-14T11:05:25+00:00","article_modified_time":"2020-02-14T15:59:42+00:00","og_image":[{"width":1200,"height":675,"url":"https:\/\/conversesacatalunya.cat\/wp-content\/uploads\/2020\/02\/mobile-world-congress.jpg","type":"image\/jpeg"}],"author":"conversesacatalunya","twitter_card":"summary_large_image","twitter_misc":{"Escrito por":"conversesacatalunya","Tiempo de lectura":"4 minutos"},"schema":{"@context":"https:\/\/schema.org","@graph":[{"@type":"Article","@id":"https:\/\/conversesacatalunya.cat\/es\/suspension-del-mobile-world-congress-entre-las-deficiencias-de-gestion-y-la-mano-oscura\/#article","isPartOf":{"@id":"https:\/\/conversesacatalunya.cat\/es\/suspension-del-mobile-world-congress-entre-las-deficiencias-de-gestion-y-la-mano-oscura\/"},"author":{"name":"conversesacatalunya","@id":"https:\/\/conversesacatalunya.cat\/#\/schema\/person\/7e24d1e54a2785373ddcb275eae5ed99"},"headline":"Suspensi\u00f3n del Mobile World Congress: entre las deficiencias de gesti\u00f3n y la mano oscura","datePublished":"2020-02-14T11:05:25+00:00","dateModified":"2020-02-14T15:59:42+00:00","mainEntityOfPage":{"@id":"https:\/\/conversesacatalunya.cat\/es\/suspension-del-mobile-world-congress-entre-las-deficiencias-de-gestion-y-la-mano-oscura\/"},"wordCount":807,"commentCount":0,"image":{"@id":"https:\/\/conversesacatalunya.cat\/es\/suspension-del-mobile-world-congress-entre-las-deficiencias-de-gestion-y-la-mano-oscura\/#primaryimage"},"thumbnailUrl":"https:\/\/conversesacatalunya.cat\/wp-content\/uploads\/2020\/02\/mobile-world-congress.jpg","keywords":["coronavirus","Huawei","MWC"],"articleSection":["Punts clau del dia (ES)"],"inLanguage":"es","potentialAction":[{"@type":"CommentAction","name":"Comment","target":["https:\/\/conversesacatalunya.cat\/es\/suspension-del-mobile-world-congress-entre-las-deficiencias-de-gestion-y-la-mano-oscura\/#respond"]}]},{"@type":"WebPage","@id":"https:\/\/conversesacatalunya.cat\/es\/suspension-del-mobile-world-congress-entre-las-deficiencias-de-gestion-y-la-mano-oscura\/","url":"https:\/\/conversesacatalunya.cat\/es\/suspension-del-mobile-world-congress-entre-las-deficiencias-de-gestion-y-la-mano-oscura\/","name":"Suspensi\u00f3n del Mobile World Congress: entre las deficiencias de gesti\u00f3n y la mano oscura - Converses a Catalunya","isPartOf":{"@id":"https:\/\/conversesacatalunya.cat\/#website"},"primaryImageOfPage":{"@id":"https:\/\/conversesacatalunya.cat\/es\/suspension-del-mobile-world-congress-entre-las-deficiencias-de-gestion-y-la-mano-oscura\/#primaryimage"},"image":{"@id":"https:\/\/conversesacatalunya.cat\/es\/suspension-del-mobile-world-congress-entre-las-deficiencias-de-gestion-y-la-mano-oscura\/#primaryimage"},"thumbnailUrl":"https:\/\/conversesacatalunya.cat\/wp-content\/uploads\/2020\/02\/mobile-world-congress.jpg","datePublished":"2020-02-14T11:05:25+00:00","dateModified":"2020-02-14T15:59:42+00:00","author":{"@id":"https:\/\/conversesacatalunya.cat\/#\/schema\/person\/7e24d1e54a2785373ddcb275eae5ed99"},"breadcrumb":{"@id":"https:\/\/conversesacatalunya.cat\/es\/suspension-del-mobile-world-congress-entre-las-deficiencias-de-gestion-y-la-mano-oscura\/#breadcrumb"},"inLanguage":"es","potentialAction":[{"@type":"ReadAction","target":["https:\/\/conversesacatalunya.cat\/es\/suspension-del-mobile-world-congress-entre-las-deficiencias-de-gestion-y-la-mano-oscura\/"]}]},{"@type":"ImageObject","inLanguage":"es","@id":"https:\/\/conversesacatalunya.cat\/es\/suspension-del-mobile-world-congress-entre-las-deficiencias-de-gestion-y-la-mano-oscura\/#primaryimage","url":"https:\/\/conversesacatalunya.cat\/wp-content\/uploads\/2020\/02\/mobile-world-congress.jpg","contentUrl":"https:\/\/conversesacatalunya.cat\/wp-content\/uploads\/2020\/02\/mobile-world-congress.jpg","width":1200,"height":675,"caption":"mobile world congress"},{"@type":"BreadcrumbList","@id":"https:\/\/conversesacatalunya.cat\/es\/suspension-del-mobile-world-congress-entre-las-deficiencias-de-gestion-y-la-mano-oscura\/#breadcrumb","itemListElement":[{"@type":"ListItem","position":1,"name":"Inici","item":"https:\/\/conversesacatalunya.cat\/es\/"},{"@type":"ListItem","position":2,"name":"Suspensi\u00f3n del Mobile World Congress: entre las deficiencias de gesti\u00f3n y la mano oscura"}]},{"@type":"WebSite","@id":"https:\/\/conversesacatalunya.cat\/#website","url":"https:\/\/conversesacatalunya.cat\/","name":"Converses a Catalunya","description":"","potentialAction":[{"@type":"SearchAction","target":{"@type":"EntryPoint","urlTemplate":"https:\/\/conversesacatalunya.cat\/?s={search_term_string}"},"query-input":{"@type":"PropertyValueSpecification","valueRequired":true,"valueName":"search_term_string"}}],"inLanguage":"es"},{"@type":"Person","@id":"https:\/\/conversesacatalunya.cat\/#\/schema\/person\/7e24d1e54a2785373ddcb275eae5ed99","name":"conversesacatalunya","image":{"@type":"ImageObject","inLanguage":"es","@id":"https:\/\/conversesacatalunya.cat\/#\/schema\/person\/image\/","url":"https:\/\/conversesacatalunya.cat\/wp-content\/litespeed\/avatar\/febdfeeec89d950f01c748045a981dd2.jpg?ver=1777314535","contentUrl":"https:\/\/conversesacatalunya.cat\/wp-content\/litespeed\/avatar\/febdfeeec89d950f01c748045a981dd2.jpg?ver=1777314535","caption":"conversesacatalunya"},"url":"https:\/\/conversesacatalunya.cat\/es\/author\/carme_catala\/"}]}},"wps_subtitle":"","_links":{"self":[{"href":"https:\/\/conversesacatalunya.cat\/es\/wp-json\/wp\/v2\/posts\/32432","targetHints":{"allow":["GET"]}}],"collection":[{"href":"https:\/\/conversesacatalunya.cat\/es\/wp-json\/wp\/v2\/posts"}],"about":[{"href":"https:\/\/conversesacatalunya.cat\/es\/wp-json\/wp\/v2\/types\/post"}],"author":[{"embeddable":true,"href":"https:\/\/conversesacatalunya.cat\/es\/wp-json\/wp\/v2\/users\/2"}],"replies":[{"embeddable":true,"href":"https:\/\/conversesacatalunya.cat\/es\/wp-json\/wp\/v2\/comments?post=32432"}],"version-history":[{"count":2,"href":"https:\/\/conversesacatalunya.cat\/es\/wp-json\/wp\/v2\/posts\/32432\/revisions"}],"predecessor-version":[{"id":32445,"href":"https:\/\/conversesacatalunya.cat\/es\/wp-json\/wp\/v2\/posts\/32432\/revisions\/32445"}],"wp:featuredmedia":[{"embeddable":true,"href":"https:\/\/conversesacatalunya.cat\/es\/wp-json\/wp\/v2\/media\/32433"}],"wp:attachment":[{"href":"https:\/\/conversesacatalunya.cat\/es\/wp-json\/wp\/v2\/media?parent=32432"}],"wp:term":[{"taxonomy":"category","embeddable":true,"href":"https:\/\/conversesacatalunya.cat\/es\/wp-json\/wp\/v2\/categories?post=32432"},{"taxonomy":"post_tag","embeddable":true,"href":"https:\/\/conversesacatalunya.cat\/es\/wp-json\/wp\/v2\/tags?post=32432"}],"curies":[{"name":"wp","href":"https:\/\/api.w.org\/{rel}","templated":true}]}}