{"id":32165,"date":"2020-02-10T14:03:56","date_gmt":"2020-02-10T13:03:56","guid":{"rendered":"https:\/\/conversesacatalunya.cat\/?p=32165"},"modified":"2020-02-10T14:03:56","modified_gmt":"2020-02-10T13:03:56","slug":"esquerra-republicana-de-la-mano-de-bargallo-va-a-por-la-concertada","status":"publish","type":"post","link":"https:\/\/conversesacatalunya.cat\/es\/esquerra-republicana-de-la-mano-de-bargallo-va-a-por-la-concertada\/","title":{"rendered":"Esquerra Republicana, de la mano de Bargall\u00f3, va a por la concertada"},"content":{"rendered":"<p>Nadie puede llamarse a enga\u00f1o, y menos la escuela concertada, porque el consejero de educaci\u00f3n Josep Bargall\u00f3 ha manifestado, desde el inicio, su predisposici\u00f3n a utilizar todos los mecanismos que est\u00e1n en sus manos para asfixiar a la escuela concertada, y de manera particular a la escuela cristiana, que es la m\u00e1s numerosa.<\/p>\n<p>Esta es la posici\u00f3n de Esquerra, por muy cat\u00f3lico que se declare su l\u00edder Junqueras, y a pesar de que se trata de un gobierno de coalici\u00f3n con JxCat, que, como heredero de Converg\u00e8ncia, defiende la escuela concertada. Adem\u00e1s, el presidente de la Generalitat, que es en definitiva quien tiene la \u00faltima palabra, pertenece a esta \u00faltima formaci\u00f3n.<\/p>\n<p>De acuerdo con esta l\u00f3gica, el conflicto no deber\u00eda haberse producido. Pero la realidad es que la tarea de acoso y derribo seguida por el Departamento de Educaci\u00f3n de la Generalitat ha continuado, culminando ahora en el <strong>proyecto de Decreto que regula las condiciones de admisi\u00f3n de los centros<\/strong>, y que ha dado lugar a una verdadera insurrecci\u00f3n de todos los sectores de este modelo de ense\u00f1anza.<\/p>\n<p>La Fundaci\u00f3 Escola Cristiana de Catalunya y las restantes organizaciones de la escuela concertada, as\u00ed como Units, el partido sucesor de Uni\u00f3 Democr\u00e1tica, y e-Cristians, han promovido la recogida de impugnaciones a este proyecto, hasta un total cercano a las 50.000.<\/p>\n<p>\u00bfA qu\u00e9 se debe esta total oposici\u00f3n? Pues a que, si prosperara esta normativa, dejar\u00eda definitivamente <strong>tocados de muerte <\/strong>a los centros concertados. Ser\u00eda as\u00ed porque, en primer lugar, el proyecto recoge que los centros han de asumir una parte del alumnado que procede de medios econ\u00f3micamente desfavorecidos. De hecho, este es uno de los acuerdos que toda la comunidad educativa, incluida la ense\u00f1anza concertada, estableci\u00f3 como consecuencia de la iniciativa del S\u00edndic de Greuges, a fin de conseguir <strong>un sistema educativo m\u00e1s inclusivo<\/strong>. Pero lo que establec\u00eda a la par el acuerdo era que se <strong>habilitar\u00edan los recursos econ\u00f3micos necesarios<\/strong> a fin de compensar los costes de estos alumnos. Esto es as\u00ed porque la ense\u00f1anza concertada se basa en un funcionamiento que, de forma deliberada, no recoge el coste real por plaza, el equivalente a un centro p\u00fablico, sino s\u00f3lo una parte de \u00e9ste, que se sit\u00faa entre el <strong>65 por ciento y el 75 por ciento<\/strong>. El resto lo abonan los padres en forma de aportaciones, que naturalmente no pueden realizar las familias que viven con dificultades econ\u00f3micas.<\/p>\n<p>Si los centros concertados deben integrar a estos nuevos alumnos a coste cero, muchas escuelas ser\u00edan dif\u00edcilmente viables, y otras deber\u00edan multiplicar el coste actual que soportan los padres. En otras palabras, en el sistema educativo, la gratuidad de la ense\u00f1anza hasta la secundaria s\u00f3lo es real en los centros p\u00fablicos. Si los padres quieren ejercer el derecho a la educaci\u00f3n moral y religiosa de sus hijos en escuelas con idearios acordes a los mismos <strong>han de pagar un peaje<\/strong>.<\/p>\n<p>Ahora Bargall\u00f3 persigue que a una desigualdad se le a\u00f1ada otra, vulnerando los acuerdos firmados. De ah\u00ed la poderosa reacci\u00f3n de los padres y profesores de estas escuelas.<\/p>\n<p>Pero el proyecto de decreto a\u00fan abusaba m\u00e1s, porque pretend\u00eda que el n\u00famero de plazas concertadas se determine antes de saber cu\u00e1ntas familias quieren matricular a los hijos en este tipo de centro, lo cual <strong>obviamente recorta la libertad de los padres a escoger escuela<\/strong>. El por qu\u00e9 el n\u00famero de plazas concertadas no se determina seg\u00fan la demanda sino a priori, es una manifestaci\u00f3n m\u00e1s del intento, a\u00f1o tras a\u00f1o, de provocar la asfixia econ\u00f3mica y de alumnos de estos centros.<\/p>\n<p>Finalmente, el proyecto de decreto persigue <strong>liquidar la escuela diferenciada<\/strong>, a pesar de que la jurisprudencia espa\u00f1ola establece la constitucionalidad de este tipo de centros, donde chicos y chicas son escolarizados en escuelas diferentes.<\/p>\n<p>La iniciativa del consejero de educaci\u00f3n tambi\u00e9n vulnera la <strong>Ley de<\/strong> <strong>Educaci\u00f3n de Catalu\u00f1a<\/strong>, que establece que la Administraci\u00f3n ha de financiar el coste de la plaza de los alumnos.<\/p>\n<p>Para generar m\u00e1s confusi\u00f3n, Junts per Catalunya, ante la gran pol\u00e9mica generada, formul\u00f3 una declaraci\u00f3n que, con el largo t\u00edtulo <em>Frente la pol\u00e9mica generada en torno a la tramitaci\u00f3n por parte del Departamento de Educaci\u00f3n del Decreto de admisi\u00f3n y el Decreto de Conciertos Educativos, desde Junts per Catalunya queremos hacer las siguientes consideraciones<\/em>, afirmaba entre otras cuestiones que:<\/p>\n<p><em><span title=\"\">La escuela<\/span> <span title=\"\">concertada<\/span> <span title=\"\">representa<\/span> <span title=\"\">por su<\/span> <span title=\"\">dimensi\u00f3n<\/span><span title=\"\">,<\/span> <span title=\"\">trayectoria y<\/span> <span title=\"\">compromiso social<\/span> <span title=\"\">un valor a\u00f1adido<\/span> <span title=\"\">que genera<\/span> <span title=\"\">grandes<\/span> <span title=\"\">oportunidades<\/span> <span title=\"\">para el sistema<\/span> <span title=\"\">educativo<\/span> <span title=\"\">en su conjunto<\/span><span title=\"\">.<\/span> <span title=\"\">Ser\u00eda<\/span> <span title=\"\">bueno empezar<\/span> <span title=\"\">a<\/span> <span title=\"\">superar la<\/span> <span title=\"\">dicotom\u00eda<\/span> <span title=\"\">p\u00fablico<\/span><span title=\"\">&#8211;<\/span><span title=\"\">concertado<\/span> <span title=\"\">por una<\/span> <span title=\"\">visi\u00f3n m\u00e1s<\/span> <span title=\"\">global y<\/span> <span title=\"\">compartida.<\/span><\/em><\/p>\n<p>Asimismo, reconoce que el acuerdo sobre un sistema escolar inclusivo comportaba la financiaci\u00f3n por parte de la Generalitat: <em> <span title=\"\">El<\/span> <span title=\"\">pacto<\/span> <span title=\"\">contra la<\/span> <span title=\"\">segregaci\u00f3n<\/span> <span title=\"\">escolar que<\/span> <span title=\"\">impulsa el<\/span> <span title=\"\">S\u00edndic de<\/span> <span title=\"\">Greuges<\/span> va <span title=\"\">precisamente<\/span> <span title=\"\">en esta l\u00ednea.<\/span> <span title=\"\">Aplica<\/span> <span title=\"\">rigor<\/span> <span title=\"\">en el diagn\u00f3stico<\/span> <span title=\"\">afirmando que<\/span> <span title=\"\">la segregaci\u00f3n<\/span><span title=\"\">,<\/span> <span title=\"\">especialmente<\/span> <span title=\"\">por motivos<\/span> <span title=\"\">econ\u00f3micos,<\/span> <span title=\"\">se produce<\/span> <span title=\"\">tanto<\/span> <span title=\"\">en la concertada<\/span> <span title=\"\">como la<\/span> <span title=\"\">p\u00fablica<\/span> <span title=\"\">y que,<\/span> <span title=\"\">para conseguir la<\/span> <span title=\"\">corresponsabilizaci\u00f3n de todos los<\/span> <span title=\"\">centros,<\/span> <span title=\"\">p\u00fablicos y<\/span> <span title=\"\">concertados<\/span><span title=\"\">,<\/span><strong> <span title=\"\">es imprescindible<\/span> <span title=\"\">abordar<\/span> <span title=\"\">el problema<\/span> <span title=\"\">de<\/span> <span title=\"\">infrafinanciaci\u00f3n<\/span> <span title=\"\">del sistema.<\/span><\/strong><\/em><\/p>\n<p>Y reiteraba la necesidad de aportar los recursos necesarios:<\/p>\n<p><em><span title=\"\">Las<\/span> <span title=\"\">medidas<\/span> <span title=\"\">que propone el<\/span> <span title=\"\">Pacto<\/span> <span title=\"\">y los cambios<\/span> <span title=\"\">normativos<\/span> <span title=\"\">que implica<\/span> <span title=\"\">el nuevo<\/span> <span title=\"\">Decreto<\/span> <span title=\"\">de admisiones<\/span> <span title=\"\">que propone el<\/span> <span title=\"\">Departamento de Educaci\u00f3n<\/span><span title=\"\"> obvia<\/span> <span title=\"\">dos necesidades<\/span> <span title=\"\">b\u00e1sicas que<\/span> <span title=\"\">hay que garantizar<\/span> <span title=\"\">para su<\/span> <span title=\"\">correcta<\/span> <span title=\"\">implementaci\u00f3n<\/span><span title=\"\">:<\/span><\/em><\/p>\n<ol>\n<li><em><span title=\"\">Dotar a todos los<\/span> <span title=\"\">centros<\/span> <span title=\"\">educativos<\/span><span title=\"\">,<\/span> <span title=\"\">p\u00fablicos y<\/span> <span title=\"\">concertados<\/span><span title=\"\">,<\/span> <span title=\"\">de las herramientas y<\/span> <span title=\"\">recursos necesarios<\/span> <span title=\"\">para que<\/span> <span title=\"\">puedan hacer<\/span> <span title=\"\">efectivas las<\/span> <span title=\"\">medidas propuestas<\/span><span title=\"\">.<\/span><\/em><\/li>\n<li><em><span title=\"\">Garantizar<\/span> <span title=\"\">la participaci\u00f3n de todos<\/span> <span title=\"\">los actores<\/span> <span title=\"\">que forman parte del<\/span> <span title=\"\">Servicio de Educaci\u00f3n<\/span> <span title=\"\">implicados<\/span> <span title=\"\">en la programaci\u00f3n<\/span> <span title=\"\">de la oferta<\/span> <span title=\"\">educativa.<\/span><\/em><\/li>\n<\/ol>\n<p>En definitiva, dando la raz\u00f3n en todo a la escuela concertada frente al intento del conseller Josep Bargall\u00f3.<\/p>\n<p>\u00bfC\u00f3mo es posible que un partido de gobierno, ERC, lance una iniciativa de este calibre <strong>sin previamente acordarla con el otro socio<\/strong>? La conclusi\u00f3n no puede ser m\u00e1s evidente. Se trata de dos gobiernos en uno, en el que cada cual se mueve a su aire. La confusi\u00f3n no puede ser m\u00e1s grande. En realidad, si el proyecto prospera, Torra quedar\u00eda totalmente desautorizado como Presidente porque \u00e9l es, en definitiva, quien tiene la \u00faltima palabra para que se apruebe tal y como est\u00e1, o, por el contrario, escuche el alud de impugnaciones, y adopte los compromisos necesarios con la escuela concertada: aportar recursos econ\u00f3micos necesarios, eliminar los l\u00edmites a la preinscripci\u00f3n y dejar en paz, como sucede en toda Europa, a la escuela diferenciada.<\/p>\n<p>De esta manera, el derecho de los padres <strong>a la libre elecci\u00f3n de centro<\/strong> de acuerdo con su ideario, y el futuro de la escuela concertada, se juegan en torno a un decreto entre dos te\u00f3ricos aliados que compiten duramente ante las pr\u00f3ximas elecciones que se llevar\u00e1n a cabo antes del verano.<\/p>\n","protected":false},"excerpt":{"rendered":"<p>Nadie puede llamarse a enga\u00f1o, y menos la escuela concertada, porque el consejero de educaci\u00f3n Josep Bargall\u00f3 ha manifestado, desde el inicio, su predisposici\u00f3n a utilizar todos los mecanismos que est\u00e1n en sus manos para asfixiar a la escuela concertada, y de manera particular a la escuela cristiana, que es la m\u00e1s numerosa. Esta es la posici\u00f3n de Esquerra, por muy cat\u00f3lico que se declare su l\u00edder Junqueras, y a pesar de que se trata de un gobierno de coalici\u00f3n con JxCat, que, como heredero de Converg\u00e8ncia, defiende la escuela concertada. Adem\u00e1s, el presidente de la Generalitat, que es en definitiva quien tiene la \u00faltima palabra, pertenece a esta \u00faltima formaci\u00f3n. De acuerdo con esta l\u00f3gica, el conflicto no deber\u00eda haberse producido. Pero la realidad es que la tarea de acoso y derribo seguida por el Departamento de Educaci\u00f3n de la Generalitat ha continuado, culminando ahora en el proyecto de Decreto que regula las condiciones de admisi\u00f3n de los centros, y que ha dado lugar a una verdadera insurrecci\u00f3n de todos los sectores de este modelo de ense\u00f1anza. La Fundaci\u00f3 Escola Cristiana de Catalunya y las restantes organizaciones de la escuela concertada, as\u00ed como Units, el partido sucesor de Uni\u00f3 Democr\u00e1tica, y e-Cristians, han promovido la recogida de impugnaciones a este proyecto, hasta un total cercano a las 50.000. \u00bfA qu\u00e9 se debe esta total oposici\u00f3n? Pues a que, si prosperara esta normativa, dejar\u00eda definitivamente tocados de muerte a los centros concertados. Ser\u00eda as\u00ed porque, en primer lugar, el proyecto recoge que los centros han de asumir una parte del alumnado que procede de medios econ\u00f3micamente desfavorecidos. De hecho, este es uno de los acuerdos que toda la comunidad educativa, incluida la ense\u00f1anza concertada, estableci\u00f3 como consecuencia de la iniciativa del S\u00edndic de Greuges, a fin de conseguir un sistema educativo m\u00e1s inclusivo. Pero lo que establec\u00eda a la par el acuerdo era que se habilitar\u00edan los recursos econ\u00f3micos necesarios a fin de compensar los costes de estos alumnos. Esto es as\u00ed porque la ense\u00f1anza concertada se basa en un funcionamiento que, de forma deliberada, no recoge el coste real por plaza, el equivalente a un centro p\u00fablico, sino s\u00f3lo una parte de \u00e9ste, que se sit\u00faa entre el 65 por ciento y el 75 por ciento. El resto lo abonan los padres en forma de aportaciones, que naturalmente no pueden realizar las familias que viven con dificultades econ\u00f3micas. Si los centros concertados deben integrar a estos nuevos alumnos a coste cero, muchas escuelas ser\u00edan dif\u00edcilmente viables, y otras deber\u00edan multiplicar el coste actual que soportan los padres. En otras palabras, en el sistema educativo, la gratuidad de la ense\u00f1anza hasta la secundaria s\u00f3lo es real en los centros p\u00fablicos. Si los padres quieren ejercer el derecho a la educaci\u00f3n moral y religiosa de sus hijos en escuelas con idearios acordes a los mismos han de pagar un peaje. Ahora Bargall\u00f3 persigue que a una desigualdad se le a\u00f1ada otra, vulnerando los acuerdos firmados. De ah\u00ed la poderosa reacci\u00f3n de los padres y profesores de estas escuelas. Pero el proyecto de decreto a\u00fan abusaba m\u00e1s, porque pretend\u00eda que el n\u00famero de plazas concertadas se determine antes de saber cu\u00e1ntas familias quieren matricular a los hijos en este tipo de centro, lo cual obviamente recorta la libertad de los padres a escoger escuela. El por qu\u00e9 el n\u00famero de plazas concertadas no se determina seg\u00fan la demanda sino a priori, es una manifestaci\u00f3n m\u00e1s del intento, a\u00f1o tras a\u00f1o, de provocar la asfixia econ\u00f3mica y de alumnos de estos centros. Finalmente, el proyecto de decreto persigue liquidar la escuela diferenciada, a pesar de que la jurisprudencia espa\u00f1ola establece la constitucionalidad de este tipo de centros, donde chicos y chicas son escolarizados en escuelas diferentes. La iniciativa del consejero de educaci\u00f3n tambi\u00e9n vulnera la Ley de Educaci\u00f3n de Catalu\u00f1a, que establece que la Administraci\u00f3n ha de financiar el coste de la plaza de los alumnos. Para generar m\u00e1s confusi\u00f3n, Junts per Catalunya, ante la gran pol\u00e9mica generada, formul\u00f3 una declaraci\u00f3n que, con el largo t\u00edtulo Frente la pol\u00e9mica generada en torno a la tramitaci\u00f3n por parte del Departamento de Educaci\u00f3n del Decreto de admisi\u00f3n y el Decreto de Conciertos Educativos, desde Junts per Catalunya queremos hacer las siguientes consideraciones, afirmaba entre otras cuestiones que: La escuela concertada representa por su dimensi\u00f3n, trayectoria y compromiso social un valor a\u00f1adido que genera grandes oportunidades para el sistema educativo en su conjunto. Ser\u00eda bueno empezar a superar la dicotom\u00eda p\u00fablico&#8211;concertado por una visi\u00f3n m\u00e1s global y compartida. Asimismo, reconoce que el acuerdo sobre un sistema escolar inclusivo comportaba la financiaci\u00f3n por parte de la Generalitat: El pacto contra la segregaci\u00f3n escolar que impulsa el S\u00edndic de Greuges va precisamente en esta l\u00ednea. Aplica rigor en el diagn\u00f3stico afirmando que la segregaci\u00f3n, especialmente por motivos econ\u00f3micos, se produce tanto en la concertada como la p\u00fablica y que, para conseguir la corresponsabilizaci\u00f3n de todos los centros, p\u00fablicos y concertados, es imprescindible abordar el problema de infrafinanciaci\u00f3n del sistema. Y reiteraba la necesidad de aportar los recursos necesarios: Las medidas que propone el Pacto y los cambios normativos que implica el nuevo Decreto de admisiones que propone el Departamento de Educaci\u00f3n obvia dos necesidades b\u00e1sicas que hay que garantizar para su correcta implementaci\u00f3n: Dotar a todos los centros educativos, p\u00fablicos y concertados, de las herramientas y recursos necesarios para que puedan hacer efectivas las medidas propuestas. Garantizar la participaci\u00f3n de todos los actores que forman parte del Servicio de Educaci\u00f3n implicados en la programaci\u00f3n de la oferta educativa. En definitiva, dando la raz\u00f3n en todo a la escuela concertada frente al intento del conseller Josep Bargall\u00f3. \u00bfC\u00f3mo es posible que un partido de gobierno, ERC, lance una iniciativa de este calibre sin previamente acordarla con el otro socio? La conclusi\u00f3n no puede ser m\u00e1s evidente. Se trata de dos gobiernos en uno, en el que cada cual se mueve a su aire. La confusi\u00f3n no puede ser m\u00e1s grande. En realidad, si el proyecto prospera, Torra quedar\u00eda&#8230;<\/p>\n","protected":false},"author":2,"featured_media":32166,"comment_status":"open","ping_status":"open","sticky":false,"template":"","format":"standard","meta":{"_FSMCFIC_featured_image_caption":"","_FSMCFIC_featured_image_nocaption":"","_FSMCFIC_featured_image_hide":"","footnotes":""},"categories":[806],"tags":[928,927],"class_list":["post-32165","post","type-post","status-publish","format-standard","has-post-thumbnail","hentry","category-punts-claus-del-dia-es","tag-educacion","tag-escuela-concertada"],"yoast_head":"<!-- This site is optimized with the Yoast SEO plugin v26.8 - https:\/\/yoast.com\/product\/yoast-seo-wordpress\/ -->\n<title>Esquerra Republicana, de la mano de Bargall\u00f3, va a por la concertada - Converses a Catalunya<\/title>\n<meta name=\"robots\" content=\"index, follow, max-snippet:-1, max-image-preview:large, max-video-preview:-1\" \/>\n<link rel=\"canonical\" href=\"https:\/\/conversesacatalunya.cat\/es\/esquerra-republicana-de-la-mano-de-bargallo-va-a-por-la-concertada\/\" \/>\n<meta property=\"og:locale\" content=\"es_ES\" \/>\n<meta property=\"og:type\" content=\"article\" \/>\n<meta property=\"og:title\" content=\"Esquerra Republicana, de la mano de Bargall\u00f3, va a por la concertada - Converses a Catalunya\" \/>\n<meta property=\"og:description\" content=\"Nadie puede llamarse a enga\u00f1o, y menos la escuela concertada, porque el consejero de educaci\u00f3n Josep Bargall\u00f3 ha manifestado, desde el inicio, su predisposici\u00f3n a utilizar todos los mecanismos que est\u00e1n en sus manos para asfixiar a la escuela concertada, y de manera particular a la escuela cristiana, que es la m\u00e1s numerosa. Esta es la posici\u00f3n de Esquerra, por muy cat\u00f3lico que se declare su l\u00edder Junqueras, y a pesar de que se trata de un gobierno de coalici\u00f3n con JxCat, que, como heredero de Converg\u00e8ncia, defiende la escuela concertada. Adem\u00e1s, el presidente de la Generalitat, que es en definitiva quien tiene la \u00faltima palabra, pertenece a esta \u00faltima formaci\u00f3n. De acuerdo con esta l\u00f3gica, el conflicto no deber\u00eda haberse producido. Pero la realidad es que la tarea de acoso y derribo seguida por el Departamento de Educaci\u00f3n de la Generalitat ha continuado, culminando ahora en el proyecto de Decreto que regula las condiciones de admisi\u00f3n de los centros, y que ha dado lugar a una verdadera insurrecci\u00f3n de todos los sectores de este modelo de ense\u00f1anza. La Fundaci\u00f3 Escola Cristiana de Catalunya y las restantes organizaciones de la escuela concertada, as\u00ed como Units, el partido sucesor de Uni\u00f3 Democr\u00e1tica, y e-Cristians, han promovido la recogida de impugnaciones a este proyecto, hasta un total cercano a las 50.000. \u00bfA qu\u00e9 se debe esta total oposici\u00f3n? Pues a que, si prosperara esta normativa, dejar\u00eda definitivamente tocados de muerte a los centros concertados. Ser\u00eda as\u00ed porque, en primer lugar, el proyecto recoge que los centros han de asumir una parte del alumnado que procede de medios econ\u00f3micamente desfavorecidos. De hecho, este es uno de los acuerdos que toda la comunidad educativa, incluida la ense\u00f1anza concertada, estableci\u00f3 como consecuencia de la iniciativa del S\u00edndic de Greuges, a fin de conseguir un sistema educativo m\u00e1s inclusivo. Pero lo que establec\u00eda a la par el acuerdo era que se habilitar\u00edan los recursos econ\u00f3micos necesarios a fin de compensar los costes de estos alumnos. Esto es as\u00ed porque la ense\u00f1anza concertada se basa en un funcionamiento que, de forma deliberada, no recoge el coste real por plaza, el equivalente a un centro p\u00fablico, sino s\u00f3lo una parte de \u00e9ste, que se sit\u00faa entre el 65 por ciento y el 75 por ciento. El resto lo abonan los padres en forma de aportaciones, que naturalmente no pueden realizar las familias que viven con dificultades econ\u00f3micas. Si los centros concertados deben integrar a estos nuevos alumnos a coste cero, muchas escuelas ser\u00edan dif\u00edcilmente viables, y otras deber\u00edan multiplicar el coste actual que soportan los padres. En otras palabras, en el sistema educativo, la gratuidad de la ense\u00f1anza hasta la secundaria s\u00f3lo es real en los centros p\u00fablicos. Si los padres quieren ejercer el derecho a la educaci\u00f3n moral y religiosa de sus hijos en escuelas con idearios acordes a los mismos han de pagar un peaje. Ahora Bargall\u00f3 persigue que a una desigualdad se le a\u00f1ada otra, vulnerando los acuerdos firmados. De ah\u00ed la poderosa reacci\u00f3n de los padres y profesores de estas escuelas. Pero el proyecto de decreto a\u00fan abusaba m\u00e1s, porque pretend\u00eda que el n\u00famero de plazas concertadas se determine antes de saber cu\u00e1ntas familias quieren matricular a los hijos en este tipo de centro, lo cual obviamente recorta la libertad de los padres a escoger escuela. El por qu\u00e9 el n\u00famero de plazas concertadas no se determina seg\u00fan la demanda sino a priori, es una manifestaci\u00f3n m\u00e1s del intento, a\u00f1o tras a\u00f1o, de provocar la asfixia econ\u00f3mica y de alumnos de estos centros. Finalmente, el proyecto de decreto persigue liquidar la escuela diferenciada, a pesar de que la jurisprudencia espa\u00f1ola establece la constitucionalidad de este tipo de centros, donde chicos y chicas son escolarizados en escuelas diferentes. La iniciativa del consejero de educaci\u00f3n tambi\u00e9n vulnera la Ley de Educaci\u00f3n de Catalu\u00f1a, que establece que la Administraci\u00f3n ha de financiar el coste de la plaza de los alumnos. Para generar m\u00e1s confusi\u00f3n, Junts per Catalunya, ante la gran pol\u00e9mica generada, formul\u00f3 una declaraci\u00f3n que, con el largo t\u00edtulo Frente la pol\u00e9mica generada en torno a la tramitaci\u00f3n por parte del Departamento de Educaci\u00f3n del Decreto de admisi\u00f3n y el Decreto de Conciertos Educativos, desde Junts per Catalunya queremos hacer las siguientes consideraciones, afirmaba entre otras cuestiones que: La escuela concertada representa por su dimensi\u00f3n, trayectoria y compromiso social un valor a\u00f1adido que genera grandes oportunidades para el sistema educativo en su conjunto. Ser\u00eda bueno empezar a superar la dicotom\u00eda p\u00fablico&#8211;concertado por una visi\u00f3n m\u00e1s global y compartida. Asimismo, reconoce que el acuerdo sobre un sistema escolar inclusivo comportaba la financiaci\u00f3n por parte de la Generalitat: El pacto contra la segregaci\u00f3n escolar que impulsa el S\u00edndic de Greuges va precisamente en esta l\u00ednea. Aplica rigor en el diagn\u00f3stico afirmando que la segregaci\u00f3n, especialmente por motivos econ\u00f3micos, se produce tanto en la concertada como la p\u00fablica y que, para conseguir la corresponsabilizaci\u00f3n de todos los centros, p\u00fablicos y concertados, es imprescindible abordar el problema de infrafinanciaci\u00f3n del sistema. Y reiteraba la necesidad de aportar los recursos necesarios: Las medidas que propone el Pacto y los cambios normativos que implica el nuevo Decreto de admisiones que propone el Departamento de Educaci\u00f3n obvia dos necesidades b\u00e1sicas que hay que garantizar para su correcta implementaci\u00f3n: Dotar a todos los centros educativos, p\u00fablicos y concertados, de las herramientas y recursos necesarios para que puedan hacer efectivas las medidas propuestas. Garantizar la participaci\u00f3n de todos los actores que forman parte del Servicio de Educaci\u00f3n implicados en la programaci\u00f3n de la oferta educativa. En definitiva, dando la raz\u00f3n en todo a la escuela concertada frente al intento del conseller Josep Bargall\u00f3. \u00bfC\u00f3mo es posible que un partido de gobierno, ERC, lance una iniciativa de este calibre sin previamente acordarla con el otro socio? La conclusi\u00f3n no puede ser m\u00e1s evidente. Se trata de dos gobiernos en uno, en el que cada cual se mueve a su aire. La confusi\u00f3n no puede ser m\u00e1s grande. En realidad, si el proyecto prospera, Torra quedar\u00eda...\" \/>\n<meta property=\"og:url\" content=\"https:\/\/conversesacatalunya.cat\/es\/esquerra-republicana-de-la-mano-de-bargallo-va-a-por-la-concertada\/\" \/>\n<meta property=\"og:site_name\" content=\"Converses a Catalunya\" \/>\n<meta property=\"article:published_time\" content=\"2020-02-10T13:03:56+00:00\" \/>\n<meta property=\"og:image\" content=\"https:\/\/conversesacatalunya.cat\/wp-content\/uploads\/2020\/02\/foto.jpg\" \/>\n\t<meta property=\"og:image:width\" content=\"696\" \/>\n\t<meta property=\"og:image:height\" content=\"659\" \/>\n\t<meta property=\"og:image:type\" content=\"image\/jpeg\" \/>\n<meta name=\"author\" content=\"conversesacatalunya\" \/>\n<meta name=\"twitter:card\" content=\"summary_large_image\" \/>\n<meta name=\"twitter:label1\" content=\"Escrito por\" \/>\n\t<meta name=\"twitter:data1\" content=\"conversesacatalunya\" \/>\n\t<meta name=\"twitter:label2\" content=\"Tiempo de lectura\" \/>\n\t<meta name=\"twitter:data2\" content=\"6 minutos\" \/>\n<script type=\"application\/ld+json\" class=\"yoast-schema-graph\">{\"@context\":\"https:\/\/schema.org\",\"@graph\":[{\"@type\":\"Article\",\"@id\":\"https:\/\/conversesacatalunya.cat\/es\/esquerra-republicana-de-la-mano-de-bargallo-va-a-por-la-concertada\/#article\",\"isPartOf\":{\"@id\":\"https:\/\/conversesacatalunya.cat\/es\/esquerra-republicana-de-la-mano-de-bargallo-va-a-por-la-concertada\/\"},\"author\":{\"name\":\"conversesacatalunya\",\"@id\":\"https:\/\/conversesacatalunya.cat\/#\/schema\/person\/7e24d1e54a2785373ddcb275eae5ed99\"},\"headline\":\"Esquerra Republicana, de la mano de Bargall\u00f3, va a por la concertada\",\"datePublished\":\"2020-02-10T13:03:56+00:00\",\"mainEntityOfPage\":{\"@id\":\"https:\/\/conversesacatalunya.cat\/es\/esquerra-republicana-de-la-mano-de-bargallo-va-a-por-la-concertada\/\"},\"wordCount\":1234,\"commentCount\":0,\"image\":{\"@id\":\"https:\/\/conversesacatalunya.cat\/es\/esquerra-republicana-de-la-mano-de-bargallo-va-a-por-la-concertada\/#primaryimage\"},\"thumbnailUrl\":\"https:\/\/conversesacatalunya.cat\/wp-content\/uploads\/2020\/02\/foto.jpg\",\"keywords\":[\"Educaci\u00f3n\",\"Escuela concertada\"],\"articleSection\":[\"Punts clau del dia (ES)\"],\"inLanguage\":\"es\",\"potentialAction\":[{\"@type\":\"CommentAction\",\"name\":\"Comment\",\"target\":[\"https:\/\/conversesacatalunya.cat\/es\/esquerra-republicana-de-la-mano-de-bargallo-va-a-por-la-concertada\/#respond\"]}]},{\"@type\":\"WebPage\",\"@id\":\"https:\/\/conversesacatalunya.cat\/es\/esquerra-republicana-de-la-mano-de-bargallo-va-a-por-la-concertada\/\",\"url\":\"https:\/\/conversesacatalunya.cat\/es\/esquerra-republicana-de-la-mano-de-bargallo-va-a-por-la-concertada\/\",\"name\":\"Esquerra Republicana, de la mano de Bargall\u00f3, va a por la concertada - Converses a Catalunya\",\"isPartOf\":{\"@id\":\"https:\/\/conversesacatalunya.cat\/#website\"},\"primaryImageOfPage\":{\"@id\":\"https:\/\/conversesacatalunya.cat\/es\/esquerra-republicana-de-la-mano-de-bargallo-va-a-por-la-concertada\/#primaryimage\"},\"image\":{\"@id\":\"https:\/\/conversesacatalunya.cat\/es\/esquerra-republicana-de-la-mano-de-bargallo-va-a-por-la-concertada\/#primaryimage\"},\"thumbnailUrl\":\"https:\/\/conversesacatalunya.cat\/wp-content\/uploads\/2020\/02\/foto.jpg\",\"datePublished\":\"2020-02-10T13:03:56+00:00\",\"author\":{\"@id\":\"https:\/\/conversesacatalunya.cat\/#\/schema\/person\/7e24d1e54a2785373ddcb275eae5ed99\"},\"breadcrumb\":{\"@id\":\"https:\/\/conversesacatalunya.cat\/es\/esquerra-republicana-de-la-mano-de-bargallo-va-a-por-la-concertada\/#breadcrumb\"},\"inLanguage\":\"es\",\"potentialAction\":[{\"@type\":\"ReadAction\",\"target\":[\"https:\/\/conversesacatalunya.cat\/es\/esquerra-republicana-de-la-mano-de-bargallo-va-a-por-la-concertada\/\"]}]},{\"@type\":\"ImageObject\",\"inLanguage\":\"es\",\"@id\":\"https:\/\/conversesacatalunya.cat\/es\/esquerra-republicana-de-la-mano-de-bargallo-va-a-por-la-concertada\/#primaryimage\",\"url\":\"https:\/\/conversesacatalunya.cat\/wp-content\/uploads\/2020\/02\/foto.jpg\",\"contentUrl\":\"https:\/\/conversesacatalunya.cat\/wp-content\/uploads\/2020\/02\/foto.jpg\",\"width\":696,\"height\":659,\"caption\":\"concertada\"},{\"@type\":\"BreadcrumbList\",\"@id\":\"https:\/\/conversesacatalunya.cat\/es\/esquerra-republicana-de-la-mano-de-bargallo-va-a-por-la-concertada\/#breadcrumb\",\"itemListElement\":[{\"@type\":\"ListItem\",\"position\":1,\"name\":\"Inici\",\"item\":\"https:\/\/conversesacatalunya.cat\/es\/\"},{\"@type\":\"ListItem\",\"position\":2,\"name\":\"Esquerra Republicana, de la mano de Bargall\u00f3, va a por la concertada\"}]},{\"@type\":\"WebSite\",\"@id\":\"https:\/\/conversesacatalunya.cat\/#website\",\"url\":\"https:\/\/conversesacatalunya.cat\/\",\"name\":\"Converses a Catalunya\",\"description\":\"\",\"potentialAction\":[{\"@type\":\"SearchAction\",\"target\":{\"@type\":\"EntryPoint\",\"urlTemplate\":\"https:\/\/conversesacatalunya.cat\/?s={search_term_string}\"},\"query-input\":{\"@type\":\"PropertyValueSpecification\",\"valueRequired\":true,\"valueName\":\"search_term_string\"}}],\"inLanguage\":\"es\"},{\"@type\":\"Person\",\"@id\":\"https:\/\/conversesacatalunya.cat\/#\/schema\/person\/7e24d1e54a2785373ddcb275eae5ed99\",\"name\":\"conversesacatalunya\",\"image\":{\"@type\":\"ImageObject\",\"inLanguage\":\"es\",\"@id\":\"https:\/\/conversesacatalunya.cat\/#\/schema\/person\/image\/\",\"url\":\"https:\/\/conversesacatalunya.cat\/wp-content\/litespeed\/avatar\/febdfeeec89d950f01c748045a981dd2.jpg?ver=1777314535\",\"contentUrl\":\"https:\/\/conversesacatalunya.cat\/wp-content\/litespeed\/avatar\/febdfeeec89d950f01c748045a981dd2.jpg?ver=1777314535\",\"caption\":\"conversesacatalunya\"},\"url\":\"https:\/\/conversesacatalunya.cat\/es\/author\/carme_catala\/\"}]}<\/script>\n<!-- \/ Yoast SEO plugin. -->","yoast_head_json":{"title":"Esquerra Republicana, de la mano de Bargall\u00f3, va a por la concertada - Converses a Catalunya","robots":{"index":"index","follow":"follow","max-snippet":"max-snippet:-1","max-image-preview":"max-image-preview:large","max-video-preview":"max-video-preview:-1"},"canonical":"https:\/\/conversesacatalunya.cat\/es\/esquerra-republicana-de-la-mano-de-bargallo-va-a-por-la-concertada\/","og_locale":"es_ES","og_type":"article","og_title":"Esquerra Republicana, de la mano de Bargall\u00f3, va a por la concertada - Converses a Catalunya","og_description":"Nadie puede llamarse a enga\u00f1o, y menos la escuela concertada, porque el consejero de educaci\u00f3n Josep Bargall\u00f3 ha manifestado, desde el inicio, su predisposici\u00f3n a utilizar todos los mecanismos que est\u00e1n en sus manos para asfixiar a la escuela concertada, y de manera particular a la escuela cristiana, que es la m\u00e1s numerosa. Esta es la posici\u00f3n de Esquerra, por muy cat\u00f3lico que se declare su l\u00edder Junqueras, y a pesar de que se trata de un gobierno de coalici\u00f3n con JxCat, que, como heredero de Converg\u00e8ncia, defiende la escuela concertada. Adem\u00e1s, el presidente de la Generalitat, que es en definitiva quien tiene la \u00faltima palabra, pertenece a esta \u00faltima formaci\u00f3n. De acuerdo con esta l\u00f3gica, el conflicto no deber\u00eda haberse producido. Pero la realidad es que la tarea de acoso y derribo seguida por el Departamento de Educaci\u00f3n de la Generalitat ha continuado, culminando ahora en el proyecto de Decreto que regula las condiciones de admisi\u00f3n de los centros, y que ha dado lugar a una verdadera insurrecci\u00f3n de todos los sectores de este modelo de ense\u00f1anza. La Fundaci\u00f3 Escola Cristiana de Catalunya y las restantes organizaciones de la escuela concertada, as\u00ed como Units, el partido sucesor de Uni\u00f3 Democr\u00e1tica, y e-Cristians, han promovido la recogida de impugnaciones a este proyecto, hasta un total cercano a las 50.000. \u00bfA qu\u00e9 se debe esta total oposici\u00f3n? Pues a que, si prosperara esta normativa, dejar\u00eda definitivamente tocados de muerte a los centros concertados. Ser\u00eda as\u00ed porque, en primer lugar, el proyecto recoge que los centros han de asumir una parte del alumnado que procede de medios econ\u00f3micamente desfavorecidos. De hecho, este es uno de los acuerdos que toda la comunidad educativa, incluida la ense\u00f1anza concertada, estableci\u00f3 como consecuencia de la iniciativa del S\u00edndic de Greuges, a fin de conseguir un sistema educativo m\u00e1s inclusivo. Pero lo que establec\u00eda a la par el acuerdo era que se habilitar\u00edan los recursos econ\u00f3micos necesarios a fin de compensar los costes de estos alumnos. Esto es as\u00ed porque la ense\u00f1anza concertada se basa en un funcionamiento que, de forma deliberada, no recoge el coste real por plaza, el equivalente a un centro p\u00fablico, sino s\u00f3lo una parte de \u00e9ste, que se sit\u00faa entre el 65 por ciento y el 75 por ciento. El resto lo abonan los padres en forma de aportaciones, que naturalmente no pueden realizar las familias que viven con dificultades econ\u00f3micas. Si los centros concertados deben integrar a estos nuevos alumnos a coste cero, muchas escuelas ser\u00edan dif\u00edcilmente viables, y otras deber\u00edan multiplicar el coste actual que soportan los padres. En otras palabras, en el sistema educativo, la gratuidad de la ense\u00f1anza hasta la secundaria s\u00f3lo es real en los centros p\u00fablicos. Si los padres quieren ejercer el derecho a la educaci\u00f3n moral y religiosa de sus hijos en escuelas con idearios acordes a los mismos han de pagar un peaje. Ahora Bargall\u00f3 persigue que a una desigualdad se le a\u00f1ada otra, vulnerando los acuerdos firmados. De ah\u00ed la poderosa reacci\u00f3n de los padres y profesores de estas escuelas. Pero el proyecto de decreto a\u00fan abusaba m\u00e1s, porque pretend\u00eda que el n\u00famero de plazas concertadas se determine antes de saber cu\u00e1ntas familias quieren matricular a los hijos en este tipo de centro, lo cual obviamente recorta la libertad de los padres a escoger escuela. El por qu\u00e9 el n\u00famero de plazas concertadas no se determina seg\u00fan la demanda sino a priori, es una manifestaci\u00f3n m\u00e1s del intento, a\u00f1o tras a\u00f1o, de provocar la asfixia econ\u00f3mica y de alumnos de estos centros. Finalmente, el proyecto de decreto persigue liquidar la escuela diferenciada, a pesar de que la jurisprudencia espa\u00f1ola establece la constitucionalidad de este tipo de centros, donde chicos y chicas son escolarizados en escuelas diferentes. La iniciativa del consejero de educaci\u00f3n tambi\u00e9n vulnera la Ley de Educaci\u00f3n de Catalu\u00f1a, que establece que la Administraci\u00f3n ha de financiar el coste de la plaza de los alumnos. Para generar m\u00e1s confusi\u00f3n, Junts per Catalunya, ante la gran pol\u00e9mica generada, formul\u00f3 una declaraci\u00f3n que, con el largo t\u00edtulo Frente la pol\u00e9mica generada en torno a la tramitaci\u00f3n por parte del Departamento de Educaci\u00f3n del Decreto de admisi\u00f3n y el Decreto de Conciertos Educativos, desde Junts per Catalunya queremos hacer las siguientes consideraciones, afirmaba entre otras cuestiones que: La escuela concertada representa por su dimensi\u00f3n, trayectoria y compromiso social un valor a\u00f1adido que genera grandes oportunidades para el sistema educativo en su conjunto. Ser\u00eda bueno empezar a superar la dicotom\u00eda p\u00fablico&#8211;concertado por una visi\u00f3n m\u00e1s global y compartida. Asimismo, reconoce que el acuerdo sobre un sistema escolar inclusivo comportaba la financiaci\u00f3n por parte de la Generalitat: El pacto contra la segregaci\u00f3n escolar que impulsa el S\u00edndic de Greuges va precisamente en esta l\u00ednea. Aplica rigor en el diagn\u00f3stico afirmando que la segregaci\u00f3n, especialmente por motivos econ\u00f3micos, se produce tanto en la concertada como la p\u00fablica y que, para conseguir la corresponsabilizaci\u00f3n de todos los centros, p\u00fablicos y concertados, es imprescindible abordar el problema de infrafinanciaci\u00f3n del sistema. Y reiteraba la necesidad de aportar los recursos necesarios: Las medidas que propone el Pacto y los cambios normativos que implica el nuevo Decreto de admisiones que propone el Departamento de Educaci\u00f3n obvia dos necesidades b\u00e1sicas que hay que garantizar para su correcta implementaci\u00f3n: Dotar a todos los centros educativos, p\u00fablicos y concertados, de las herramientas y recursos necesarios para que puedan hacer efectivas las medidas propuestas. Garantizar la participaci\u00f3n de todos los actores que forman parte del Servicio de Educaci\u00f3n implicados en la programaci\u00f3n de la oferta educativa. En definitiva, dando la raz\u00f3n en todo a la escuela concertada frente al intento del conseller Josep Bargall\u00f3. \u00bfC\u00f3mo es posible que un partido de gobierno, ERC, lance una iniciativa de este calibre sin previamente acordarla con el otro socio? La conclusi\u00f3n no puede ser m\u00e1s evidente. Se trata de dos gobiernos en uno, en el que cada cual se mueve a su aire. La confusi\u00f3n no puede ser m\u00e1s grande. En realidad, si el proyecto prospera, Torra quedar\u00eda...","og_url":"https:\/\/conversesacatalunya.cat\/es\/esquerra-republicana-de-la-mano-de-bargallo-va-a-por-la-concertada\/","og_site_name":"Converses a Catalunya","article_published_time":"2020-02-10T13:03:56+00:00","og_image":[{"width":696,"height":659,"url":"https:\/\/conversesacatalunya.cat\/wp-content\/uploads\/2020\/02\/foto.jpg","type":"image\/jpeg"}],"author":"conversesacatalunya","twitter_card":"summary_large_image","twitter_misc":{"Escrito por":"conversesacatalunya","Tiempo de lectura":"6 minutos"},"schema":{"@context":"https:\/\/schema.org","@graph":[{"@type":"Article","@id":"https:\/\/conversesacatalunya.cat\/es\/esquerra-republicana-de-la-mano-de-bargallo-va-a-por-la-concertada\/#article","isPartOf":{"@id":"https:\/\/conversesacatalunya.cat\/es\/esquerra-republicana-de-la-mano-de-bargallo-va-a-por-la-concertada\/"},"author":{"name":"conversesacatalunya","@id":"https:\/\/conversesacatalunya.cat\/#\/schema\/person\/7e24d1e54a2785373ddcb275eae5ed99"},"headline":"Esquerra Republicana, de la mano de Bargall\u00f3, va a por la concertada","datePublished":"2020-02-10T13:03:56+00:00","mainEntityOfPage":{"@id":"https:\/\/conversesacatalunya.cat\/es\/esquerra-republicana-de-la-mano-de-bargallo-va-a-por-la-concertada\/"},"wordCount":1234,"commentCount":0,"image":{"@id":"https:\/\/conversesacatalunya.cat\/es\/esquerra-republicana-de-la-mano-de-bargallo-va-a-por-la-concertada\/#primaryimage"},"thumbnailUrl":"https:\/\/conversesacatalunya.cat\/wp-content\/uploads\/2020\/02\/foto.jpg","keywords":["Educaci\u00f3n","Escuela concertada"],"articleSection":["Punts clau del dia (ES)"],"inLanguage":"es","potentialAction":[{"@type":"CommentAction","name":"Comment","target":["https:\/\/conversesacatalunya.cat\/es\/esquerra-republicana-de-la-mano-de-bargallo-va-a-por-la-concertada\/#respond"]}]},{"@type":"WebPage","@id":"https:\/\/conversesacatalunya.cat\/es\/esquerra-republicana-de-la-mano-de-bargallo-va-a-por-la-concertada\/","url":"https:\/\/conversesacatalunya.cat\/es\/esquerra-republicana-de-la-mano-de-bargallo-va-a-por-la-concertada\/","name":"Esquerra Republicana, de la mano de Bargall\u00f3, va a por la concertada - Converses a Catalunya","isPartOf":{"@id":"https:\/\/conversesacatalunya.cat\/#website"},"primaryImageOfPage":{"@id":"https:\/\/conversesacatalunya.cat\/es\/esquerra-republicana-de-la-mano-de-bargallo-va-a-por-la-concertada\/#primaryimage"},"image":{"@id":"https:\/\/conversesacatalunya.cat\/es\/esquerra-republicana-de-la-mano-de-bargallo-va-a-por-la-concertada\/#primaryimage"},"thumbnailUrl":"https:\/\/conversesacatalunya.cat\/wp-content\/uploads\/2020\/02\/foto.jpg","datePublished":"2020-02-10T13:03:56+00:00","author":{"@id":"https:\/\/conversesacatalunya.cat\/#\/schema\/person\/7e24d1e54a2785373ddcb275eae5ed99"},"breadcrumb":{"@id":"https:\/\/conversesacatalunya.cat\/es\/esquerra-republicana-de-la-mano-de-bargallo-va-a-por-la-concertada\/#breadcrumb"},"inLanguage":"es","potentialAction":[{"@type":"ReadAction","target":["https:\/\/conversesacatalunya.cat\/es\/esquerra-republicana-de-la-mano-de-bargallo-va-a-por-la-concertada\/"]}]},{"@type":"ImageObject","inLanguage":"es","@id":"https:\/\/conversesacatalunya.cat\/es\/esquerra-republicana-de-la-mano-de-bargallo-va-a-por-la-concertada\/#primaryimage","url":"https:\/\/conversesacatalunya.cat\/wp-content\/uploads\/2020\/02\/foto.jpg","contentUrl":"https:\/\/conversesacatalunya.cat\/wp-content\/uploads\/2020\/02\/foto.jpg","width":696,"height":659,"caption":"concertada"},{"@type":"BreadcrumbList","@id":"https:\/\/conversesacatalunya.cat\/es\/esquerra-republicana-de-la-mano-de-bargallo-va-a-por-la-concertada\/#breadcrumb","itemListElement":[{"@type":"ListItem","position":1,"name":"Inici","item":"https:\/\/conversesacatalunya.cat\/es\/"},{"@type":"ListItem","position":2,"name":"Esquerra Republicana, de la mano de Bargall\u00f3, va a por la concertada"}]},{"@type":"WebSite","@id":"https:\/\/conversesacatalunya.cat\/#website","url":"https:\/\/conversesacatalunya.cat\/","name":"Converses a Catalunya","description":"","potentialAction":[{"@type":"SearchAction","target":{"@type":"EntryPoint","urlTemplate":"https:\/\/conversesacatalunya.cat\/?s={search_term_string}"},"query-input":{"@type":"PropertyValueSpecification","valueRequired":true,"valueName":"search_term_string"}}],"inLanguage":"es"},{"@type":"Person","@id":"https:\/\/conversesacatalunya.cat\/#\/schema\/person\/7e24d1e54a2785373ddcb275eae5ed99","name":"conversesacatalunya","image":{"@type":"ImageObject","inLanguage":"es","@id":"https:\/\/conversesacatalunya.cat\/#\/schema\/person\/image\/","url":"https:\/\/conversesacatalunya.cat\/wp-content\/litespeed\/avatar\/febdfeeec89d950f01c748045a981dd2.jpg?ver=1777314535","contentUrl":"https:\/\/conversesacatalunya.cat\/wp-content\/litespeed\/avatar\/febdfeeec89d950f01c748045a981dd2.jpg?ver=1777314535","caption":"conversesacatalunya"},"url":"https:\/\/conversesacatalunya.cat\/es\/author\/carme_catala\/"}]}},"wps_subtitle":"","_links":{"self":[{"href":"https:\/\/conversesacatalunya.cat\/es\/wp-json\/wp\/v2\/posts\/32165","targetHints":{"allow":["GET"]}}],"collection":[{"href":"https:\/\/conversesacatalunya.cat\/es\/wp-json\/wp\/v2\/posts"}],"about":[{"href":"https:\/\/conversesacatalunya.cat\/es\/wp-json\/wp\/v2\/types\/post"}],"author":[{"embeddable":true,"href":"https:\/\/conversesacatalunya.cat\/es\/wp-json\/wp\/v2\/users\/2"}],"replies":[{"embeddable":true,"href":"https:\/\/conversesacatalunya.cat\/es\/wp-json\/wp\/v2\/comments?post=32165"}],"version-history":[{"count":3,"href":"https:\/\/conversesacatalunya.cat\/es\/wp-json\/wp\/v2\/posts\/32165\/revisions"}],"predecessor-version":[{"id":32185,"href":"https:\/\/conversesacatalunya.cat\/es\/wp-json\/wp\/v2\/posts\/32165\/revisions\/32185"}],"wp:featuredmedia":[{"embeddable":true,"href":"https:\/\/conversesacatalunya.cat\/es\/wp-json\/wp\/v2\/media\/32166"}],"wp:attachment":[{"href":"https:\/\/conversesacatalunya.cat\/es\/wp-json\/wp\/v2\/media?parent=32165"}],"wp:term":[{"taxonomy":"category","embeddable":true,"href":"https:\/\/conversesacatalunya.cat\/es\/wp-json\/wp\/v2\/categories?post=32165"},{"taxonomy":"post_tag","embeddable":true,"href":"https:\/\/conversesacatalunya.cat\/es\/wp-json\/wp\/v2\/tags?post=32165"}],"curies":[{"name":"wp","href":"https:\/\/api.w.org\/{rel}","templated":true}]}}