{"id":31955,"date":"2020-02-04T11:46:21","date_gmt":"2020-02-04T10:46:21","guid":{"rendered":"https:\/\/conversesacatalunya.cat\/primera-trobada-dindependents\/"},"modified":"2020-02-05T12:02:35","modified_gmt":"2020-02-05T11:02:35","slug":"el-primer-encuentro-de-independientes-pide-a-los-partidos-catalanistas-que-presenten-una-unica-opcion-electoral","status":"publish","type":"post","link":"https:\/\/conversesacatalunya.cat\/es\/el-primer-encuentro-de-independientes-pide-a-los-partidos-catalanistas-que-presenten-una-unica-opcion-electoral\/","title":{"rendered":"El primer encuentro de independientes pide a los partidos catalanistas que presenten una \u00fanica opci\u00f3n electoral"},"content":{"rendered":"<p><span title=\"\">En<\/span> <span title=\"\">un abarrotado<\/span> <span title=\"\">C\u00edrculo de Econom\u00eda,<\/span> <span title=\"\">con la presencia<\/span> <span title=\"\">de cerca<\/span> <span title=\"\">de 200<\/span> <span title=\"\">personas<\/span><span title=\"\">,<\/span> <span title=\"\">se llev\u00f3 a<\/span> <span title=\"\">cabo<\/span> <span title=\"\">el primer encuentro<\/span> <span title=\"\">de independientes<\/span> <span title=\"\">que hab\u00eda sido<\/span> <span title=\"\">precedido por el<\/span> <span title=\"\">manifiesto<\/span> <a href=\"https:\/\/conversesacatalunya.cat\/es\/llamamiento-a-la-sociedad-civil-a-sus-mujeres-y-hombres\/\" target=\"_blank\" rel=\"noopener noreferrer\"><em><strong>Crida <span title=\"\">a la<\/span> <span title=\"\">societat civil<\/span><\/strong><\/em><\/a><span title=\"\">,<\/span> <span title=\"\">firmado<\/span> <span title=\"\">por una<\/span> <span title=\"\">docena<\/span> <span title=\"\">de personas<\/span> <span title=\"\">representativas de los<\/span> <span title=\"\">grupos que<\/span> <span title=\"\">impulsan<\/span> <span title=\"\">esta iniciativa<\/span><span title=\"\">,<\/span> <span title=\"\">y entre<\/span> <span title=\"\">las que se encuentran<\/span> <span title=\"\">Alfred<\/span> <span title=\"\">Pastor<\/span><span title=\"\">, Jordi<\/span> <span title=\"\">Alberich<\/span><span title=\"\">,<\/span> <span title=\"\">F\u00e8lix<\/span> <span title=\"\">Riera,<\/span> <span title=\"\">Margarita<\/span> <span title=\"\">Mauri<\/span> <span title=\"\">y<\/span> <span title=\"\">Baldiri<\/span> <span title=\"\">Ros<\/span><span title=\"\">.<\/span><\/p>\n<figure id=\"attachment_31942\" aria-describedby=\"caption-attachment-31942\" style=\"width: 1024px\" class=\"wp-caption aligncenter\"><img fetchpriority=\"high\" decoding=\"async\" class=\"size-large wp-image-31942\" src=\"https:\/\/conversesacatalunya.cat\/wp-content\/uploads\/2020\/02\/trobada-dindependents-1024x768.jpeg\" alt=\"trobada d'independents\" width=\"1024\" height=\"768\" srcset=\"https:\/\/conversesacatalunya.cat\/wp-content\/uploads\/2020\/02\/trobada-dindependents-1024x768.jpeg 1024w, https:\/\/conversesacatalunya.cat\/wp-content\/uploads\/2020\/02\/trobada-dindependents-300x225.jpeg 300w, https:\/\/conversesacatalunya.cat\/wp-content\/uploads\/2020\/02\/trobada-dindependents-1536x1152.jpeg 1536w, https:\/\/conversesacatalunya.cat\/wp-content\/uploads\/2020\/02\/trobada-dindependents-2048x1536.jpeg 2048w\" sizes=\"(max-width: 1024px) 100vw, 1024px\" \/><figcaption id=\"caption-attachment-31942\" class=\"wp-caption-text\">(Laia G. Catal\u00e0)<\/figcaption><\/figure>\n<p><span title=\"\">En el encuentro<\/span> <span title=\"\">de ayer<\/span> <span title=\"\">presidi\u00f3<\/span> <span title=\"\">el acto<\/span> <span title=\"\">y<\/span> <span title=\"\">desarroll\u00f3<\/span> <span title=\"\">la intervenci\u00f3n<\/span> <span title=\"\">central<\/span> <strong><span title=\"\">Eugeni<\/span> <span title=\"\">Gay<\/span><\/strong><span title=\"\">, que ha<\/span> <span title=\"\">sido vicepresidente<\/span> <span title=\"\">del Tribunal<\/span> <span title=\"\">Constitucional<\/span> <span title=\"\">y presidente de<\/span> <span title=\"\">la Abogac\u00eda Espa\u00f1ola y<\/span> <span title=\"\">del Colegio<\/span> <span title=\"\">de Abogados de Barcelona<\/span><span title=\"\">.<\/span> <span title=\"\">Gay<\/span> <span title=\"\">es<\/span> <span title=\"\">un destacado<\/span> <span title=\"\">jurista<\/span> <span title=\"\">que siempre ha<\/span> <span title=\"\">mantenido<\/span> <span title=\"\">encarnizadamente<\/span> <span title=\"\">su<\/span> <span title=\"\">independencia<\/span> <span title=\"\">pol\u00edtica<\/span> <span title=\"\">y que ahora<\/span><span title=\"\">,<\/span> <span title=\"\">reafirmando<\/span> <span title=\"\">esta condici\u00f3n,<\/span> <span title=\"\">considera que<\/span> <span title=\"\">la salida<\/span> <span title=\"\">del l\u00edo<\/span> <span title=\"\">catal\u00e1n<\/span><span title=\"\">, que<\/span> <span title=\"\">tiene consecuencias<\/span> <span title=\"\">negativas<\/span> <span title=\"\">en la situaci\u00f3n<\/span> <span title=\"\">espa\u00f1ola<\/span><span title=\"\">,<\/span> <span title=\"\">necesita<\/span> <span title=\"\">una respuesta<\/span> <span title=\"\">constructiva<\/span> <span title=\"\">desde Catalu\u00f1a.<\/span><\/p>\n<p><img decoding=\"async\" class=\"aligncenter size-large wp-image-32020 lazyload\" data-src=\"https:\/\/conversesacatalunya.cat\/wp-content\/uploads\/2020\/02\/05-1024x575.jpg\" alt=\"\" width=\"1024\" height=\"575\" data-srcset=\"https:\/\/conversesacatalunya.cat\/wp-content\/uploads\/2020\/02\/05-1024x575.jpg 1024w, https:\/\/conversesacatalunya.cat\/wp-content\/uploads\/2020\/02\/05-300x169.jpg 300w, https:\/\/conversesacatalunya.cat\/wp-content\/uploads\/2020\/02\/05-1536x863.jpg 1536w, https:\/\/conversesacatalunya.cat\/wp-content\/uploads\/2020\/02\/05-2048x1151.jpg 2048w\" data-sizes=\"(max-width: 1024px) 100vw, 1024px\" src=\"data:image\/svg+xml;base64,PHN2ZyB3aWR0aD0iMSIgaGVpZ2h0PSIxIiB4bWxucz0iaHR0cDovL3d3dy53My5vcmcvMjAwMC9zdmciPjwvc3ZnPg==\" style=\"--smush-placeholder-width: 1024px; --smush-placeholder-aspect-ratio: 1024\/575;\" \/><\/p>\n<p>La intervenci\u00f3n de Eugeni Gay fue una lecci\u00f3n magistral de derecho constitucional, remont\u00e1ndose a las Cortes de C\u00e1diz como precedente y deteni\u00e9ndose como es l\u00f3gico en la actual Constituci\u00f3n, que considera una de las m\u00e1s garantistas del mundo con respecto a estas materias y que contiene unos valores que hay que preservar. Plante\u00f3 sin embargo que no puede existir una antinomia entre legitimidad y legalidad porque el estado de derecho articula en un solo componente ambos aspectos.<\/p>\n<p>La segunda intervenci\u00f3n correspondi\u00f3 a <strong>Miquel Vilanova<\/strong>, conocido abogado de las comarcas de Girona y que hab\u00eda sido teniente alcalde por Converg\u00e8ncia en su poblaci\u00f3n, Banyoles. Su intervenci\u00f3n reclam\u00f3 la capacidad de hacer pol\u00edtica sin enfrentamientos, basada en la escucha del otro y el respeto. Fue una intervenci\u00f3n muy emotiva, entre otras razones, porque de manera tangencial pero tambi\u00e9n muy clara, refiri\u00f3 las dificultades personales que tiene una persona encarnizadamente catalanista, pero no independentista, al vivir en una poblaci\u00f3n donde la mayor\u00eda se inclina por esta opci\u00f3n.<\/p>\n<figure id=\"attachment_32023\" aria-describedby=\"caption-attachment-32023\" style=\"width: 1024px\" class=\"wp-caption aligncenter\"><img decoding=\"async\" class=\"size-large wp-image-32023 lazyload\" data-src=\"https:\/\/conversesacatalunya.cat\/wp-content\/uploads\/2020\/02\/07-1024x575.jpg\" alt=\"\" width=\"1024\" height=\"575\" data-srcset=\"https:\/\/conversesacatalunya.cat\/wp-content\/uploads\/2020\/02\/07-1024x575.jpg 1024w, https:\/\/conversesacatalunya.cat\/wp-content\/uploads\/2020\/02\/07-300x169.jpg 300w, https:\/\/conversesacatalunya.cat\/wp-content\/uploads\/2020\/02\/07-1536x863.jpg 1536w, https:\/\/conversesacatalunya.cat\/wp-content\/uploads\/2020\/02\/07-2048x1151.jpg 2048w\" data-sizes=\"(max-width: 1024px) 100vw, 1024px\" src=\"data:image\/svg+xml;base64,PHN2ZyB3aWR0aD0iMSIgaGVpZ2h0PSIxIiB4bWxucz0iaHR0cDovL3d3dy53My5vcmcvMjAwMC9zdmciPjwvc3ZnPg==\" style=\"--smush-placeholder-width: 1024px; --smush-placeholder-aspect-ratio: 1024\/575;\" \/><figcaption id=\"caption-attachment-32023\" class=\"wp-caption-text\">Miquel Vilanova i Eugeni Gay<\/figcaption><\/figure>\n<p>En tercer lugar intervino<strong> Josep Mir\u00f3 i Ard\u00e8vol <\/strong>para situar concretamente qu\u00e9 deb\u00edan hacer los independientes a partir de este primer encuentro; es decir, aquellas personas que, sin estar alineadas con ning\u00fan partido, ven con preocupaci\u00f3n la situaci\u00f3n y quieren contribuir a mejorarla. Plante\u00f3 la necesidad de volver a reunir las dos almas del catalanismo en una \u00fanica opci\u00f3n electoral en torno a un programa com\u00fan. El alma que nunca ha visto incompatibilidad entre la expresi\u00f3n pol\u00edtica surgida de Catalu\u00f1a y la dimensi\u00f3n espa\u00f1ola, y aquella otra que en un momento determinado consider\u00f3 que era necesario iniciar el proceso hacia la independencia, y que ahora ha constatado que el resultado, como remedio, es mucho peor que la enfermedad que quer\u00eda curar. Ambas almas tienen un punto de encuentro com\u00fan en la profundizaci\u00f3n del autogobierno en el marco de la Constituci\u00f3n, el ejercicio a fondo de las competencias importantes que otorga el Estatuto y que est\u00e1n descuidadas, la intervenci\u00f3n en la pol\u00edtica del estado y la recuperaci\u00f3n del papel y reconocimiento que Catalu\u00f1a ten\u00eda en el marco de la Uni\u00f3n Europea. Tambi\u00e9n la necesidad de rescatar nuestras hist\u00f3ricas instituciones de gobierno del partidismo y del descr\u00e9dito, volvi\u00e9ndolas a poner al servicio de todo el pueblo, con independencia de las diferencias pol\u00edticas.<\/p>\n<figure id=\"attachment_32025\" aria-describedby=\"caption-attachment-32025\" style=\"width: 1024px\" class=\"wp-caption aligncenter\"><img decoding=\"async\" class=\"wp-image-32025 size-large lazyload\" data-src=\"https:\/\/conversesacatalunya.cat\/wp-content\/uploads\/2020\/02\/06-1024x575.jpg\" alt=\"\" width=\"1024\" height=\"575\" data-srcset=\"https:\/\/conversesacatalunya.cat\/wp-content\/uploads\/2020\/02\/06-1024x575.jpg 1024w, https:\/\/conversesacatalunya.cat\/wp-content\/uploads\/2020\/02\/06-300x169.jpg 300w, https:\/\/conversesacatalunya.cat\/wp-content\/uploads\/2020\/02\/06-1536x863.jpg 1536w, https:\/\/conversesacatalunya.cat\/wp-content\/uploads\/2020\/02\/06-2048x1151.jpg 2048w\" data-sizes=\"(max-width: 1024px) 100vw, 1024px\" src=\"data:image\/svg+xml;base64,PHN2ZyB3aWR0aD0iMSIgaGVpZ2h0PSIxIiB4bWxucz0iaHR0cDovL3d3dy53My5vcmcvMjAwMC9zdmciPjwvc3ZnPg==\" style=\"--smush-placeholder-width: 1024px; --smush-placeholder-aspect-ratio: 1024\/575;\" \/><figcaption id=\"caption-attachment-32025\" class=\"wp-caption-text\">Josep Mir\u00f3 i Ard\u00e8vol i Josep Maria Prat<\/figcaption><\/figure>\n<p>Finalmente, hizo una breve intervenci\u00f3n para situar la primera pregunta Josep Maria Prat, el exdecano del Colegio de Abogados de Girona, abriendo as\u00ed el paso al coloquio, que dio lugar a numerosas intervenciones que pusieron de relieve el pluralismo de los asistentes, y al mismo tiempo la necesidad de que realmente los partidos catalanistas lleguen a un acuerdo.<\/p>\n<p>Una reflexi\u00f3n final afor\u00f3 sobre la sala: si los partidos catalanistas presentan como una de sus principales virtudes la capacidad de volver a unir al pueblo catal\u00e1n, \u00bfqu\u00e9 credibilidad tendr\u00e1n si no son capaces de unirse entre ellos?<\/p>\n<p>El encuentro de independientes dej\u00f3 claro que no tiene ninguna intenci\u00f3n de configurarse como una opci\u00f3n electoral, sino apoyar el proceso de acuerdo entre los diversos partidos de la centralidad catalana, sin prejuzgar las f\u00f3rmulas que puedan adoptar. En todo caso, s\u00ed que formularon una metodolog\u00eda de acuerdo basada en la f\u00f3rmula de un programa com\u00fan para una legislatura que facilitara ir conjuntamente a las dos almas del catalanismo.<\/p>\n","protected":false},"excerpt":{"rendered":"<p>En un abarrotado C\u00edrculo de Econom\u00eda, con la presencia de cerca de 200 personas, se llev\u00f3 a cabo el primer encuentro de independientes que hab\u00eda sido precedido por el manifiesto Crida a la societat civil, firmado por una docena de personas representativas de los grupos que impulsan esta iniciativa, y entre las que se encuentran Alfred Pastor, Jordi Alberich, F\u00e8lix Riera, Margarita Mauri y Baldiri Ros. En el encuentro de ayer presidi\u00f3 el acto y desarroll\u00f3 la intervenci\u00f3n central Eugeni Gay, que ha sido vicepresidente del Tribunal Constitucional y presidente de la Abogac\u00eda Espa\u00f1ola y del Colegio de Abogados de Barcelona. Gay es un destacado jurista que siempre ha mantenido encarnizadamente su independencia pol\u00edtica y que ahora, reafirmando esta condici\u00f3n, considera que la salida del l\u00edo catal\u00e1n, que tiene consecuencias negativas en la situaci\u00f3n espa\u00f1ola, necesita una respuesta constructiva desde Catalu\u00f1a. La intervenci\u00f3n de Eugeni Gay fue una lecci\u00f3n magistral de derecho constitucional, remont\u00e1ndose a las Cortes de C\u00e1diz como precedente y deteni\u00e9ndose como es l\u00f3gico en la actual Constituci\u00f3n, que considera una de las m\u00e1s garantistas del mundo con respecto a estas materias y que contiene unos valores que hay que preservar. Plante\u00f3 sin embargo que no puede existir una antinomia entre legitimidad y legalidad porque el estado de derecho articula en un solo componente ambos aspectos. La segunda intervenci\u00f3n correspondi\u00f3 a Miquel Vilanova, conocido abogado de las comarcas de Girona y que hab\u00eda sido teniente alcalde por Converg\u00e8ncia en su poblaci\u00f3n, Banyoles. Su intervenci\u00f3n reclam\u00f3 la capacidad de hacer pol\u00edtica sin enfrentamientos, basada en la escucha del otro y el respeto. Fue una intervenci\u00f3n muy emotiva, entre otras razones, porque de manera tangencial pero tambi\u00e9n muy clara, refiri\u00f3 las dificultades personales que tiene una persona encarnizadamente catalanista, pero no independentista, al vivir en una poblaci\u00f3n donde la mayor\u00eda se inclina por esta opci\u00f3n. En tercer lugar intervino Josep Mir\u00f3 i Ard\u00e8vol para situar concretamente qu\u00e9 deb\u00edan hacer los independientes a partir de este primer encuentro; es decir, aquellas personas que, sin estar alineadas con ning\u00fan partido, ven con preocupaci\u00f3n la situaci\u00f3n y quieren contribuir a mejorarla. Plante\u00f3 la necesidad de volver a reunir las dos almas del catalanismo en una \u00fanica opci\u00f3n electoral en torno a un programa com\u00fan. El alma que nunca ha visto incompatibilidad entre la expresi\u00f3n pol\u00edtica surgida de Catalu\u00f1a y la dimensi\u00f3n espa\u00f1ola, y aquella otra que en un momento determinado consider\u00f3 que era necesario iniciar el proceso hacia la independencia, y que ahora ha constatado que el resultado, como remedio, es mucho peor que la enfermedad que quer\u00eda curar. Ambas almas tienen un punto de encuentro com\u00fan en la profundizaci\u00f3n del autogobierno en el marco de la Constituci\u00f3n, el ejercicio a fondo de las competencias importantes que otorga el Estatuto y que est\u00e1n descuidadas, la intervenci\u00f3n en la pol\u00edtica del estado y la recuperaci\u00f3n del papel y reconocimiento que Catalu\u00f1a ten\u00eda en el marco de la Uni\u00f3n Europea. Tambi\u00e9n la necesidad de rescatar nuestras hist\u00f3ricas instituciones de gobierno del partidismo y del descr\u00e9dito, volvi\u00e9ndolas a poner al servicio de todo el pueblo, con independencia de las diferencias pol\u00edticas. Finalmente, hizo una breve intervenci\u00f3n para situar la primera pregunta Josep Maria Prat, el exdecano del Colegio de Abogados de Girona, abriendo as\u00ed el paso al coloquio, que dio lugar a numerosas intervenciones que pusieron de relieve el pluralismo de los asistentes, y al mismo tiempo la necesidad de que realmente los partidos catalanistas lleguen a un acuerdo. Una reflexi\u00f3n final afor\u00f3 sobre la sala: si los partidos catalanistas presentan como una de sus principales virtudes la capacidad de volver a unir al pueblo catal\u00e1n, \u00bfqu\u00e9 credibilidad tendr\u00e1n si no son capaces de unirse entre ellos? El encuentro de independientes dej\u00f3 claro que no tiene ninguna intenci\u00f3n de configurarse como una opci\u00f3n electoral, sino apoyar el proceso de acuerdo entre los diversos partidos de la centralidad catalana, sin prejuzgar las f\u00f3rmulas que puedan adoptar. En todo caso, s\u00ed que formularon una metodolog\u00eda de acuerdo basada en la f\u00f3rmula de un programa com\u00fan para una legislatura que facilitara ir conjuntamente a las dos almas del catalanismo.<\/p>\n","protected":false},"author":2,"featured_media":32016,"comment_status":"open","ping_status":"open","sticky":false,"template":"","format":"standard","meta":{"_FSMCFIC_featured_image_caption":"","_FSMCFIC_featured_image_nocaption":"","_FSMCFIC_featured_image_hide":"","footnotes":""},"categories":[788,806,1514],"tags":[1553,1462,1459,1552],"class_list":["post-31955","post","type-post","status-publish","format-standard","has-post-thumbnail","hentry","category-objectius-comuns-es","category-punts-claus-del-dia-es","category-trobada-dindependents-es","tag-encuentro-independientes","tag-independents-es","tag-independientes","tag-trobada-independents-es"],"yoast_head":"<!-- This site is optimized with the Yoast SEO plugin v26.8 - https:\/\/yoast.com\/product\/yoast-seo-wordpress\/ -->\n<title>El primer encuentro de independientes pide a los partidos catalanistas que presenten una \u00fanica opci\u00f3n electoral - Converses a Catalunya<\/title>\n<meta name=\"description\" content=\"En un abarrotat Cercle d\u2019Economia es va dur a terme la primera trobada d\u2019independents que havia estat precedida pel manifest Crida a la societat civil\" \/>\n<meta name=\"robots\" content=\"index, follow, max-snippet:-1, max-image-preview:large, max-video-preview:-1\" \/>\n<link rel=\"canonical\" href=\"https:\/\/conversesacatalunya.cat\/es\/el-primer-encuentro-de-independientes-pide-a-los-partidos-catalanistas-que-presenten-una-unica-opcion-electoral\/\" \/>\n<meta property=\"og:locale\" content=\"es_ES\" \/>\n<meta property=\"og:type\" content=\"article\" \/>\n<meta property=\"og:title\" content=\"El primer encuentro de independientes pide a los partidos catalanistas que presenten una \u00fanica opci\u00f3n electoral - Converses a Catalunya\" \/>\n<meta property=\"og:description\" content=\"En un abarrotat Cercle d\u2019Economia es va dur a terme la primera trobada d\u2019independents que havia estat precedida pel manifest Crida a la societat civil\" \/>\n<meta property=\"og:url\" content=\"https:\/\/conversesacatalunya.cat\/es\/el-primer-encuentro-de-independientes-pide-a-los-partidos-catalanistas-que-presenten-una-unica-opcion-electoral\/\" \/>\n<meta property=\"og:site_name\" content=\"Converses a Catalunya\" \/>\n<meta property=\"article:published_time\" content=\"2020-02-04T10:46:21+00:00\" \/>\n<meta property=\"article:modified_time\" content=\"2020-02-05T11:02:35+00:00\" \/>\n<meta property=\"og:image\" content=\"https:\/\/conversesacatalunya.cat\/wp-content\/uploads\/2020\/02\/03.jpg\" \/>\n\t<meta property=\"og:image:width\" content=\"2560\" \/>\n\t<meta property=\"og:image:height\" content=\"1439\" \/>\n\t<meta property=\"og:image:type\" content=\"image\/jpeg\" \/>\n<meta name=\"author\" content=\"conversesacatalunya\" \/>\n<meta name=\"twitter:card\" content=\"summary_large_image\" \/>\n<meta name=\"twitter:label1\" content=\"Escrito por\" \/>\n\t<meta name=\"twitter:data1\" content=\"conversesacatalunya\" \/>\n\t<meta name=\"twitter:label2\" content=\"Tiempo de lectura\" \/>\n\t<meta name=\"twitter:data2\" content=\"4 minutos\" \/>\n<script type=\"application\/ld+json\" class=\"yoast-schema-graph\">{\"@context\":\"https:\/\/schema.org\",\"@graph\":[{\"@type\":\"Article\",\"@id\":\"https:\/\/conversesacatalunya.cat\/es\/el-primer-encuentro-de-independientes-pide-a-los-partidos-catalanistas-que-presenten-una-unica-opcion-electoral\/#article\",\"isPartOf\":{\"@id\":\"https:\/\/conversesacatalunya.cat\/es\/el-primer-encuentro-de-independientes-pide-a-los-partidos-catalanistas-que-presenten-una-unica-opcion-electoral\/\"},\"author\":{\"name\":\"conversesacatalunya\",\"@id\":\"https:\/\/conversesacatalunya.cat\/#\/schema\/person\/7e24d1e54a2785373ddcb275eae5ed99\"},\"headline\":\"El primer encuentro de independientes pide a los partidos catalanistas que presenten una \u00fanica opci\u00f3n electoral\",\"datePublished\":\"2020-02-04T10:46:21+00:00\",\"dateModified\":\"2020-02-05T11:02:35+00:00\",\"mainEntityOfPage\":{\"@id\":\"https:\/\/conversesacatalunya.cat\/es\/el-primer-encuentro-de-independientes-pide-a-los-partidos-catalanistas-que-presenten-una-unica-opcion-electoral\/\"},\"wordCount\":805,\"commentCount\":0,\"image\":{\"@id\":\"https:\/\/conversesacatalunya.cat\/es\/el-primer-encuentro-de-independientes-pide-a-los-partidos-catalanistas-que-presenten-una-unica-opcion-electoral\/#primaryimage\"},\"thumbnailUrl\":\"https:\/\/conversesacatalunya.cat\/wp-content\/uploads\/2020\/02\/03.jpg\",\"keywords\":[\"encuentro independientes\",\"Independents\",\"Independientes\",\"trobada independents\"],\"articleSection\":[\"Objectius comuns (ES)\",\"Punts clau del dia (ES)\",\"Trobada d'independents (ES)\"],\"inLanguage\":\"es\",\"potentialAction\":[{\"@type\":\"CommentAction\",\"name\":\"Comment\",\"target\":[\"https:\/\/conversesacatalunya.cat\/es\/el-primer-encuentro-de-independientes-pide-a-los-partidos-catalanistas-que-presenten-una-unica-opcion-electoral\/#respond\"]}]},{\"@type\":\"WebPage\",\"@id\":\"https:\/\/conversesacatalunya.cat\/es\/el-primer-encuentro-de-independientes-pide-a-los-partidos-catalanistas-que-presenten-una-unica-opcion-electoral\/\",\"url\":\"https:\/\/conversesacatalunya.cat\/es\/el-primer-encuentro-de-independientes-pide-a-los-partidos-catalanistas-que-presenten-una-unica-opcion-electoral\/\",\"name\":\"El primer encuentro de independientes pide a los partidos catalanistas que presenten una \u00fanica opci\u00f3n electoral - Converses a Catalunya\",\"isPartOf\":{\"@id\":\"https:\/\/conversesacatalunya.cat\/#website\"},\"primaryImageOfPage\":{\"@id\":\"https:\/\/conversesacatalunya.cat\/es\/el-primer-encuentro-de-independientes-pide-a-los-partidos-catalanistas-que-presenten-una-unica-opcion-electoral\/#primaryimage\"},\"image\":{\"@id\":\"https:\/\/conversesacatalunya.cat\/es\/el-primer-encuentro-de-independientes-pide-a-los-partidos-catalanistas-que-presenten-una-unica-opcion-electoral\/#primaryimage\"},\"thumbnailUrl\":\"https:\/\/conversesacatalunya.cat\/wp-content\/uploads\/2020\/02\/03.jpg\",\"datePublished\":\"2020-02-04T10:46:21+00:00\",\"dateModified\":\"2020-02-05T11:02:35+00:00\",\"author\":{\"@id\":\"https:\/\/conversesacatalunya.cat\/#\/schema\/person\/7e24d1e54a2785373ddcb275eae5ed99\"},\"description\":\"En un abarrotat Cercle d\u2019Economia es va dur a terme la primera trobada d\u2019independents que havia estat precedida pel manifest Crida a la societat civil\",\"breadcrumb\":{\"@id\":\"https:\/\/conversesacatalunya.cat\/es\/el-primer-encuentro-de-independientes-pide-a-los-partidos-catalanistas-que-presenten-una-unica-opcion-electoral\/#breadcrumb\"},\"inLanguage\":\"es\",\"potentialAction\":[{\"@type\":\"ReadAction\",\"target\":[\"https:\/\/conversesacatalunya.cat\/es\/el-primer-encuentro-de-independientes-pide-a-los-partidos-catalanistas-que-presenten-una-unica-opcion-electoral\/\"]}]},{\"@type\":\"ImageObject\",\"inLanguage\":\"es\",\"@id\":\"https:\/\/conversesacatalunya.cat\/es\/el-primer-encuentro-de-independientes-pide-a-los-partidos-catalanistas-que-presenten-una-unica-opcion-electoral\/#primaryimage\",\"url\":\"https:\/\/conversesacatalunya.cat\/wp-content\/uploads\/2020\/02\/03.jpg\",\"contentUrl\":\"https:\/\/conversesacatalunya.cat\/wp-content\/uploads\/2020\/02\/03.jpg\",\"width\":2560,\"height\":1439,\"caption\":\"independents\"},{\"@type\":\"BreadcrumbList\",\"@id\":\"https:\/\/conversesacatalunya.cat\/es\/el-primer-encuentro-de-independientes-pide-a-los-partidos-catalanistas-que-presenten-una-unica-opcion-electoral\/#breadcrumb\",\"itemListElement\":[{\"@type\":\"ListItem\",\"position\":1,\"name\":\"Inici\",\"item\":\"https:\/\/conversesacatalunya.cat\/es\/\"},{\"@type\":\"ListItem\",\"position\":2,\"name\":\"El primer encuentro de independientes pide a los partidos catalanistas que presenten una \u00fanica opci\u00f3n electoral\"}]},{\"@type\":\"WebSite\",\"@id\":\"https:\/\/conversesacatalunya.cat\/#website\",\"url\":\"https:\/\/conversesacatalunya.cat\/\",\"name\":\"Converses a Catalunya\",\"description\":\"\",\"potentialAction\":[{\"@type\":\"SearchAction\",\"target\":{\"@type\":\"EntryPoint\",\"urlTemplate\":\"https:\/\/conversesacatalunya.cat\/?s={search_term_string}\"},\"query-input\":{\"@type\":\"PropertyValueSpecification\",\"valueRequired\":true,\"valueName\":\"search_term_string\"}}],\"inLanguage\":\"es\"},{\"@type\":\"Person\",\"@id\":\"https:\/\/conversesacatalunya.cat\/#\/schema\/person\/7e24d1e54a2785373ddcb275eae5ed99\",\"name\":\"conversesacatalunya\",\"image\":{\"@type\":\"ImageObject\",\"inLanguage\":\"es\",\"@id\":\"https:\/\/conversesacatalunya.cat\/#\/schema\/person\/image\/\",\"url\":\"https:\/\/conversesacatalunya.cat\/wp-content\/litespeed\/avatar\/febdfeeec89d950f01c748045a981dd2.jpg?ver=1777314535\",\"contentUrl\":\"https:\/\/conversesacatalunya.cat\/wp-content\/litespeed\/avatar\/febdfeeec89d950f01c748045a981dd2.jpg?ver=1777314535\",\"caption\":\"conversesacatalunya\"},\"url\":\"https:\/\/conversesacatalunya.cat\/es\/author\/carme_catala\/\"}]}<\/script>\n<!-- \/ Yoast SEO plugin. -->","yoast_head_json":{"title":"El primer encuentro de independientes pide a los partidos catalanistas que presenten una \u00fanica opci\u00f3n electoral - Converses a Catalunya","description":"En un abarrotat Cercle d\u2019Economia es va dur a terme la primera trobada d\u2019independents que havia estat precedida pel manifest Crida a la societat civil","robots":{"index":"index","follow":"follow","max-snippet":"max-snippet:-1","max-image-preview":"max-image-preview:large","max-video-preview":"max-video-preview:-1"},"canonical":"https:\/\/conversesacatalunya.cat\/es\/el-primer-encuentro-de-independientes-pide-a-los-partidos-catalanistas-que-presenten-una-unica-opcion-electoral\/","og_locale":"es_ES","og_type":"article","og_title":"El primer encuentro de independientes pide a los partidos catalanistas que presenten una \u00fanica opci\u00f3n electoral - Converses a Catalunya","og_description":"En un abarrotat Cercle d\u2019Economia es va dur a terme la primera trobada d\u2019independents que havia estat precedida pel manifest Crida a la societat civil","og_url":"https:\/\/conversesacatalunya.cat\/es\/el-primer-encuentro-de-independientes-pide-a-los-partidos-catalanistas-que-presenten-una-unica-opcion-electoral\/","og_site_name":"Converses a Catalunya","article_published_time":"2020-02-04T10:46:21+00:00","article_modified_time":"2020-02-05T11:02:35+00:00","og_image":[{"width":2560,"height":1439,"url":"https:\/\/conversesacatalunya.cat\/wp-content\/uploads\/2020\/02\/03.jpg","type":"image\/jpeg"}],"author":"conversesacatalunya","twitter_card":"summary_large_image","twitter_misc":{"Escrito por":"conversesacatalunya","Tiempo de lectura":"4 minutos"},"schema":{"@context":"https:\/\/schema.org","@graph":[{"@type":"Article","@id":"https:\/\/conversesacatalunya.cat\/es\/el-primer-encuentro-de-independientes-pide-a-los-partidos-catalanistas-que-presenten-una-unica-opcion-electoral\/#article","isPartOf":{"@id":"https:\/\/conversesacatalunya.cat\/es\/el-primer-encuentro-de-independientes-pide-a-los-partidos-catalanistas-que-presenten-una-unica-opcion-electoral\/"},"author":{"name":"conversesacatalunya","@id":"https:\/\/conversesacatalunya.cat\/#\/schema\/person\/7e24d1e54a2785373ddcb275eae5ed99"},"headline":"El primer encuentro de independientes pide a los partidos catalanistas que presenten una \u00fanica opci\u00f3n electoral","datePublished":"2020-02-04T10:46:21+00:00","dateModified":"2020-02-05T11:02:35+00:00","mainEntityOfPage":{"@id":"https:\/\/conversesacatalunya.cat\/es\/el-primer-encuentro-de-independientes-pide-a-los-partidos-catalanistas-que-presenten-una-unica-opcion-electoral\/"},"wordCount":805,"commentCount":0,"image":{"@id":"https:\/\/conversesacatalunya.cat\/es\/el-primer-encuentro-de-independientes-pide-a-los-partidos-catalanistas-que-presenten-una-unica-opcion-electoral\/#primaryimage"},"thumbnailUrl":"https:\/\/conversesacatalunya.cat\/wp-content\/uploads\/2020\/02\/03.jpg","keywords":["encuentro independientes","Independents","Independientes","trobada independents"],"articleSection":["Objectius comuns (ES)","Punts clau del dia (ES)","Trobada d'independents (ES)"],"inLanguage":"es","potentialAction":[{"@type":"CommentAction","name":"Comment","target":["https:\/\/conversesacatalunya.cat\/es\/el-primer-encuentro-de-independientes-pide-a-los-partidos-catalanistas-que-presenten-una-unica-opcion-electoral\/#respond"]}]},{"@type":"WebPage","@id":"https:\/\/conversesacatalunya.cat\/es\/el-primer-encuentro-de-independientes-pide-a-los-partidos-catalanistas-que-presenten-una-unica-opcion-electoral\/","url":"https:\/\/conversesacatalunya.cat\/es\/el-primer-encuentro-de-independientes-pide-a-los-partidos-catalanistas-que-presenten-una-unica-opcion-electoral\/","name":"El primer encuentro de independientes pide a los partidos catalanistas que presenten una \u00fanica opci\u00f3n electoral - Converses a Catalunya","isPartOf":{"@id":"https:\/\/conversesacatalunya.cat\/#website"},"primaryImageOfPage":{"@id":"https:\/\/conversesacatalunya.cat\/es\/el-primer-encuentro-de-independientes-pide-a-los-partidos-catalanistas-que-presenten-una-unica-opcion-electoral\/#primaryimage"},"image":{"@id":"https:\/\/conversesacatalunya.cat\/es\/el-primer-encuentro-de-independientes-pide-a-los-partidos-catalanistas-que-presenten-una-unica-opcion-electoral\/#primaryimage"},"thumbnailUrl":"https:\/\/conversesacatalunya.cat\/wp-content\/uploads\/2020\/02\/03.jpg","datePublished":"2020-02-04T10:46:21+00:00","dateModified":"2020-02-05T11:02:35+00:00","author":{"@id":"https:\/\/conversesacatalunya.cat\/#\/schema\/person\/7e24d1e54a2785373ddcb275eae5ed99"},"description":"En un abarrotat Cercle d\u2019Economia es va dur a terme la primera trobada d\u2019independents que havia estat precedida pel manifest Crida a la societat civil","breadcrumb":{"@id":"https:\/\/conversesacatalunya.cat\/es\/el-primer-encuentro-de-independientes-pide-a-los-partidos-catalanistas-que-presenten-una-unica-opcion-electoral\/#breadcrumb"},"inLanguage":"es","potentialAction":[{"@type":"ReadAction","target":["https:\/\/conversesacatalunya.cat\/es\/el-primer-encuentro-de-independientes-pide-a-los-partidos-catalanistas-que-presenten-una-unica-opcion-electoral\/"]}]},{"@type":"ImageObject","inLanguage":"es","@id":"https:\/\/conversesacatalunya.cat\/es\/el-primer-encuentro-de-independientes-pide-a-los-partidos-catalanistas-que-presenten-una-unica-opcion-electoral\/#primaryimage","url":"https:\/\/conversesacatalunya.cat\/wp-content\/uploads\/2020\/02\/03.jpg","contentUrl":"https:\/\/conversesacatalunya.cat\/wp-content\/uploads\/2020\/02\/03.jpg","width":2560,"height":1439,"caption":"independents"},{"@type":"BreadcrumbList","@id":"https:\/\/conversesacatalunya.cat\/es\/el-primer-encuentro-de-independientes-pide-a-los-partidos-catalanistas-que-presenten-una-unica-opcion-electoral\/#breadcrumb","itemListElement":[{"@type":"ListItem","position":1,"name":"Inici","item":"https:\/\/conversesacatalunya.cat\/es\/"},{"@type":"ListItem","position":2,"name":"El primer encuentro de independientes pide a los partidos catalanistas que presenten una \u00fanica opci\u00f3n electoral"}]},{"@type":"WebSite","@id":"https:\/\/conversesacatalunya.cat\/#website","url":"https:\/\/conversesacatalunya.cat\/","name":"Converses a Catalunya","description":"","potentialAction":[{"@type":"SearchAction","target":{"@type":"EntryPoint","urlTemplate":"https:\/\/conversesacatalunya.cat\/?s={search_term_string}"},"query-input":{"@type":"PropertyValueSpecification","valueRequired":true,"valueName":"search_term_string"}}],"inLanguage":"es"},{"@type":"Person","@id":"https:\/\/conversesacatalunya.cat\/#\/schema\/person\/7e24d1e54a2785373ddcb275eae5ed99","name":"conversesacatalunya","image":{"@type":"ImageObject","inLanguage":"es","@id":"https:\/\/conversesacatalunya.cat\/#\/schema\/person\/image\/","url":"https:\/\/conversesacatalunya.cat\/wp-content\/litespeed\/avatar\/febdfeeec89d950f01c748045a981dd2.jpg?ver=1777314535","contentUrl":"https:\/\/conversesacatalunya.cat\/wp-content\/litespeed\/avatar\/febdfeeec89d950f01c748045a981dd2.jpg?ver=1777314535","caption":"conversesacatalunya"},"url":"https:\/\/conversesacatalunya.cat\/es\/author\/carme_catala\/"}]}},"wps_subtitle":"","_links":{"self":[{"href":"https:\/\/conversesacatalunya.cat\/es\/wp-json\/wp\/v2\/posts\/31955","targetHints":{"allow":["GET"]}}],"collection":[{"href":"https:\/\/conversesacatalunya.cat\/es\/wp-json\/wp\/v2\/posts"}],"about":[{"href":"https:\/\/conversesacatalunya.cat\/es\/wp-json\/wp\/v2\/types\/post"}],"author":[{"embeddable":true,"href":"https:\/\/conversesacatalunya.cat\/es\/wp-json\/wp\/v2\/users\/2"}],"replies":[{"embeddable":true,"href":"https:\/\/conversesacatalunya.cat\/es\/wp-json\/wp\/v2\/comments?post=31955"}],"version-history":[{"count":4,"href":"https:\/\/conversesacatalunya.cat\/es\/wp-json\/wp\/v2\/posts\/31955\/revisions"}],"predecessor-version":[{"id":32028,"href":"https:\/\/conversesacatalunya.cat\/es\/wp-json\/wp\/v2\/posts\/31955\/revisions\/32028"}],"wp:featuredmedia":[{"embeddable":true,"href":"https:\/\/conversesacatalunya.cat\/es\/wp-json\/wp\/v2\/media\/32016"}],"wp:attachment":[{"href":"https:\/\/conversesacatalunya.cat\/es\/wp-json\/wp\/v2\/media?parent=31955"}],"wp:term":[{"taxonomy":"category","embeddable":true,"href":"https:\/\/conversesacatalunya.cat\/es\/wp-json\/wp\/v2\/categories?post=31955"},{"taxonomy":"post_tag","embeddable":true,"href":"https:\/\/conversesacatalunya.cat\/es\/wp-json\/wp\/v2\/tags?post=31955"}],"curies":[{"name":"wp","href":"https:\/\/api.w.org\/{rel}","templated":true}]}}