{"id":31893,"date":"2020-01-24T13:25:20","date_gmt":"2020-01-24T12:25:20","guid":{"rendered":"https:\/\/conversesacatalunya.cat\/?p=31893"},"modified":"2020-02-27T09:56:33","modified_gmt":"2020-02-27T08:56:33","slug":"la-construccion-de-la-alternativa-de-gobierno-al-independentismo","status":"publish","type":"post","link":"https:\/\/conversesacatalunya.cat\/es\/la-construccion-de-la-alternativa-de-gobierno-al-independentismo\/","title":{"rendered":"La construcci\u00f3n de la alternativa de gobierno al independentismo"},"content":{"rendered":"<p><span lang=\"ES\">Entre las muchas rupturas que el independentismo ha provocado hay la del catalanismo, que ha desvertebrado a la sociedad catalana. Hoy est\u00e1 dividida electoralmente entre aquellos catalanistas que no consideran que su afirmaci\u00f3n sobre Catalu\u00f1a debe comportar el trauma de la ruptura con Espa\u00f1a, y los partidarios de la independencia. Una buena parte de este \u00faltimo grupo observa con frustraci\u00f3n, fatiga y desencanto que el camino elegido es todav\u00eda peor despu\u00e9s de una d\u00e9cada perdida y la incapacidad de gobernar que muestra la Generalitat. No renuncian al horizonte de sentido de la independencia, pero consideran que la prioridad es ejercer el autogobierno en el marco de la Constituci\u00f3n.<\/span><\/p>\n<p><span lang=\"ES\">Es necesario recomponer la unidad pol\u00edtica y electoral entre ambos<\/span><span lang=\"ES\"> catalanismos, porque existe una coincidencia de fondo por encima de cualquier otra divisi\u00f3n: ahora toca gobernar bien, recuperar el prestigio y la influencia perdida en Espa\u00f1a y Europa.<\/span><\/p>\n<p><span lang=\"ES\">Hay muchos ciudadanos convencidos de que la vida es la profundizaci\u00f3n del autogobierno en el marco de la Constituci\u00f3n espa\u00f1ola y la Uni\u00f3n Europea, y que la continua brega sobre una rep\u00fablica inexistente es un absurdo, una ficci\u00f3n que en nada ayuda a afrontar las necesidades y las crisis que vivimos. Solo ha generado unos profesionales de la independencia, que viven de prorrogar una situaci\u00f3n que carece de toda racionalidad y futuro, porque vive al margen de la realidad. Tan al margen que, a pesar de controlar el gobierno desde hace a\u00f1os, han conducido la acci\u00f3n de la Generalitat y del Parlamento a unos niveles de incapacidad y destrucci\u00f3n que para los catalanes nunca hab\u00eda sucedido.<\/span><\/p>\n<p><span lang=\"ES\">Basta consultar la \u00faltima encuesta del CEO para constatar que no solo m\u00e1s del 60 por ciento de la poblaci\u00f3n considera que la Generalitat no sabe c\u00f3mo resolver los problemas (en realidad ni siquiera lo intenta, porque est\u00e1 ocupada en luchas fratricidas), sino que menos del dos por ciento considera que s\u00ed sabe c\u00f3mo hacerlo. A pesar de ello, hay un n\u00facleo irreductible: entre un 15 y un 20 por ciento valora sistem\u00e1ticamente ante cada tema que la respuesta de la Generalitat merece un calificativo de 10. Sobre este conjunto con una visi\u00f3n tan sesgada de los hechos hay poco que hacer, pero, hacia el resto, la mayor\u00eda del independentismo, que lo abraza porque considera que es lo mejor para Catalu\u00f1a, hay que contar, y trabajar sobre c\u00f3mo debe construirse hoy Catalu\u00f1a, a partir de ahora mismo sin m\u00e1s dilaciones, afrontando las necesidades y retos, y dando respuesta a los proyectos y las iniciativas de los catalanes. <\/span><\/p>\n<p><span lang=\"ES\">Y esta respuesta solo la puede dar el catalanismo unido<\/span><span lang=\"ES\"> en una sola opci\u00f3n electoral, que agrupe tanto aquellos que proceden de la idea de la plenitud nacional como aquellos que reafirman su catalanidad viviendo, trabajando y participando de la realidad espa\u00f1ola. <\/span><\/p>\n<p><span lang=\"ES\">Esto es posible sin renunciar a nada mediante una sola opci\u00f3n electoral basada en un programa com\u00fan a 4 u 8 a\u00f1os, basada en la respuesta a todo lo que necesitamos a partir de las importantes capacidades de autogobierno, y el peso negociador de Catalu\u00f1a en el actual contexto espa\u00f1ol. Con el a\u00f1adido decisivo de que esto tambi\u00e9n significa recuperar el ser un solo pueblo, y recuperar el reconocimiento y dignidad de nuestras instituciones hist\u00f3ricas de gobierno. Solo el catalanismo significa la capacidad de vivir bien el d\u00eda a d\u00eda entre nosotros a pesar de que pol\u00edticamente pensemos distinto, porque todos coincidimos en el mismo objetivo de construir un pa\u00eds mejor, pero no para no se sabe cu\u00e1ndo, sino empezando a avanzar, paso a paso, piedra a piedra, desde ahora mismo.<\/span><\/p>\n<p><span lang=\"ES\">Todo esto es posible si Units per Avan\u00e7ar, las personas procedentes del grupo de Poblet y su asociaci\u00f3n Catalunya 2030, la Lliga y Lliures configuran una alternativa de gobierno en forma de opci\u00f3n electoral \u00fanica. Y son apoyados por la sociedad catalana organizada en torno a la agrupaci\u00f3n de independientes; aquellos que no desean formar parte de una militancia pol\u00edtica, pero consideran necesario y urgente cambiar la actual situaci\u00f3n. <\/span><\/p>\n<p><span lang=\"ES\">Todo esto define las tres condiciones necesarias para el \u00e9xito. <\/span><\/p>\n<p><span lang=\"ES\">La primera, <\/span><span lang=\"ES\">la uni\u00f3n como una sola opci\u00f3n electoral en torno a un programa com\u00fan de todas las fuerzas catalanistas.<\/span><\/p>\n<p><span lang=\"ES\">Segunda, la presencia clara y n\u00edtida del catalanismo que ha pasado por la experiencia del campo independentista.<\/span><\/p>\n<p><span lang=\"ES\">Tercera, que constituye la condici\u00f3n de suficiencia, la movilizaci\u00f3n y organizaci\u00f3n del electorado independiente. Aquel que, no deseando militar en un partido pol\u00edtico, est\u00e1 dispuesto a contribuir a una nueva situaci\u00f3n, basada en el escenario que promueve el catalanismo, y que hace eficaz su postura, a la vez de independencia personal y de apoyo, mediante el encuentro de los independientes.<\/span><\/p>\n<p><span lang=\"ES\">El acto que se celebra el <a href=\"https:\/\/conversesacatalunya.cat\/es\/llamamiento-al-primer-encuentro-de-independientes-en-barcelona\/\" target=\"_blank\" rel=\"noopener noreferrer\">d\u00eda 3 en el C\u00edrculo de Econom\u00eda<\/a> es el primer y decisivo paso en este sentido.<\/span><\/p>\n","protected":false},"excerpt":{"rendered":"<p>Entre las muchas rupturas que el independentismo ha provocado hay la del catalanismo, que ha desvertebrado a la sociedad catalana. Hoy est\u00e1 dividida electoralmente entre aquellos catalanistas que no consideran que su afirmaci\u00f3n sobre Catalu\u00f1a debe comportar el trauma de la ruptura con Espa\u00f1a, y los partidarios de la independencia. Una buena parte de este \u00faltimo grupo observa con frustraci\u00f3n, fatiga y desencanto que el camino elegido es todav\u00eda peor despu\u00e9s de una d\u00e9cada perdida y la incapacidad de gobernar que muestra la Generalitat. No renuncian al horizonte de sentido de la independencia, pero consideran que la prioridad es ejercer el autogobierno en el marco de la Constituci\u00f3n. Es necesario recomponer la unidad pol\u00edtica y electoral entre ambos catalanismos, porque existe una coincidencia de fondo por encima de cualquier otra divisi\u00f3n: ahora toca gobernar bien, recuperar el prestigio y la influencia perdida en Espa\u00f1a y Europa. Hay muchos ciudadanos convencidos de que la vida es la profundizaci\u00f3n del autogobierno en el marco de la Constituci\u00f3n espa\u00f1ola y la Uni\u00f3n Europea, y que la continua brega sobre una rep\u00fablica inexistente es un absurdo, una ficci\u00f3n que en nada ayuda a afrontar las necesidades y las crisis que vivimos. Solo ha generado unos profesionales de la independencia, que viven de prorrogar una situaci\u00f3n que carece de toda racionalidad y futuro, porque vive al margen de la realidad. Tan al margen que, a pesar de controlar el gobierno desde hace a\u00f1os, han conducido la acci\u00f3n de la Generalitat y del Parlamento a unos niveles de incapacidad y destrucci\u00f3n que para los catalanes nunca hab\u00eda sucedido. Basta consultar la \u00faltima encuesta del CEO para constatar que no solo m\u00e1s del 60 por ciento de la poblaci\u00f3n considera que la Generalitat no sabe c\u00f3mo resolver los problemas (en realidad ni siquiera lo intenta, porque est\u00e1 ocupada en luchas fratricidas), sino que menos del dos por ciento considera que s\u00ed sabe c\u00f3mo hacerlo. A pesar de ello, hay un n\u00facleo irreductible: entre un 15 y un 20 por ciento valora sistem\u00e1ticamente ante cada tema que la respuesta de la Generalitat merece un calificativo de 10. Sobre este conjunto con una visi\u00f3n tan sesgada de los hechos hay poco que hacer, pero, hacia el resto, la mayor\u00eda del independentismo, que lo abraza porque considera que es lo mejor para Catalu\u00f1a, hay que contar, y trabajar sobre c\u00f3mo debe construirse hoy Catalu\u00f1a, a partir de ahora mismo sin m\u00e1s dilaciones, afrontando las necesidades y retos, y dando respuesta a los proyectos y las iniciativas de los catalanes. Y esta respuesta solo la puede dar el catalanismo unido en una sola opci\u00f3n electoral, que agrupe tanto aquellos que proceden de la idea de la plenitud nacional como aquellos que reafirman su catalanidad viviendo, trabajando y participando de la realidad espa\u00f1ola. Esto es posible sin renunciar a nada mediante una sola opci\u00f3n electoral basada en un programa com\u00fan a 4 u 8 a\u00f1os, basada en la respuesta a todo lo que necesitamos a partir de las importantes capacidades de autogobierno, y el peso negociador de Catalu\u00f1a en el actual contexto espa\u00f1ol. Con el a\u00f1adido decisivo de que esto tambi\u00e9n significa recuperar el ser un solo pueblo, y recuperar el reconocimiento y dignidad de nuestras instituciones hist\u00f3ricas de gobierno. Solo el catalanismo significa la capacidad de vivir bien el d\u00eda a d\u00eda entre nosotros a pesar de que pol\u00edticamente pensemos distinto, porque todos coincidimos en el mismo objetivo de construir un pa\u00eds mejor, pero no para no se sabe cu\u00e1ndo, sino empezando a avanzar, paso a paso, piedra a piedra, desde ahora mismo. Todo esto es posible si Units per Avan\u00e7ar, las personas procedentes del grupo de Poblet y su asociaci\u00f3n Catalunya 2030, la Lliga y Lliures configuran una alternativa de gobierno en forma de opci\u00f3n electoral \u00fanica. Y son apoyados por la sociedad catalana organizada en torno a la agrupaci\u00f3n de independientes; aquellos que no desean formar parte de una militancia pol\u00edtica, pero consideran necesario y urgente cambiar la actual situaci\u00f3n. Todo esto define las tres condiciones necesarias para el \u00e9xito. La primera, la uni\u00f3n como una sola opci\u00f3n electoral en torno a un programa com\u00fan de todas las fuerzas catalanistas. Segunda, la presencia clara y n\u00edtida del catalanismo que ha pasado por la experiencia del campo independentista. Tercera, que constituye la condici\u00f3n de suficiencia, la movilizaci\u00f3n y organizaci\u00f3n del electorado independiente. Aquel que, no deseando militar en un partido pol\u00edtico, est\u00e1 dispuesto a contribuir a una nueva situaci\u00f3n, basada en el escenario que promueve el catalanismo, y que hace eficaz su postura, a la vez de independencia personal y de apoyo, mediante el encuentro de los independientes. El acto que se celebra el d\u00eda 3 en el C\u00edrculo de Econom\u00eda es el primer y decisivo paso en este sentido.<\/p>\n","protected":false},"author":19,"featured_media":31902,"comment_status":"open","ping_status":"open","sticky":false,"template":"","format":"standard","meta":{"_FSMCFIC_featured_image_caption":"","_FSMCFIC_featured_image_nocaption":"","_FSMCFIC_featured_image_hide":"","footnotes":""},"categories":[796,1514],"tags":[1172,1459],"class_list":["post-31893","post","type-post","status-publish","format-standard","has-post-thumbnail","hentry","category-el-blog-de-josep-miro-i-ardevol-es","category-trobada-dindependents-es","tag-catalanismo","tag-independientes"],"yoast_head":"<!-- This site is optimized with the Yoast SEO plugin v26.8 - https:\/\/yoast.com\/product\/yoast-seo-wordpress\/ -->\n<title>La construcci\u00f3n de la alternativa de gobierno al independentismo - Converses a Catalunya<\/title>\n<meta name=\"robots\" content=\"index, follow, max-snippet:-1, max-image-preview:large, max-video-preview:-1\" \/>\n<link rel=\"canonical\" href=\"https:\/\/conversesacatalunya.cat\/es\/la-construccion-de-la-alternativa-de-gobierno-al-independentismo\/\" \/>\n<meta property=\"og:locale\" content=\"es_ES\" \/>\n<meta property=\"og:type\" content=\"article\" \/>\n<meta property=\"og:title\" content=\"La construcci\u00f3n de la alternativa de gobierno al independentismo - Converses a Catalunya\" \/>\n<meta property=\"og:description\" content=\"Entre las muchas rupturas que el independentismo ha provocado hay la del catalanismo, que ha desvertebrado a la sociedad catalana. Hoy est\u00e1 dividida electoralmente entre aquellos catalanistas que no consideran que su afirmaci\u00f3n sobre Catalu\u00f1a debe comportar el trauma de la ruptura con Espa\u00f1a, y los partidarios de la independencia. Una buena parte de este \u00faltimo grupo observa con frustraci\u00f3n, fatiga y desencanto que el camino elegido es todav\u00eda peor despu\u00e9s de una d\u00e9cada perdida y la incapacidad de gobernar que muestra la Generalitat. No renuncian al horizonte de sentido de la independencia, pero consideran que la prioridad es ejercer el autogobierno en el marco de la Constituci\u00f3n. Es necesario recomponer la unidad pol\u00edtica y electoral entre ambos catalanismos, porque existe una coincidencia de fondo por encima de cualquier otra divisi\u00f3n: ahora toca gobernar bien, recuperar el prestigio y la influencia perdida en Espa\u00f1a y Europa. Hay muchos ciudadanos convencidos de que la vida es la profundizaci\u00f3n del autogobierno en el marco de la Constituci\u00f3n espa\u00f1ola y la Uni\u00f3n Europea, y que la continua brega sobre una rep\u00fablica inexistente es un absurdo, una ficci\u00f3n que en nada ayuda a afrontar las necesidades y las crisis que vivimos. Solo ha generado unos profesionales de la independencia, que viven de prorrogar una situaci\u00f3n que carece de toda racionalidad y futuro, porque vive al margen de la realidad. Tan al margen que, a pesar de controlar el gobierno desde hace a\u00f1os, han conducido la acci\u00f3n de la Generalitat y del Parlamento a unos niveles de incapacidad y destrucci\u00f3n que para los catalanes nunca hab\u00eda sucedido. Basta consultar la \u00faltima encuesta del CEO para constatar que no solo m\u00e1s del 60 por ciento de la poblaci\u00f3n considera que la Generalitat no sabe c\u00f3mo resolver los problemas (en realidad ni siquiera lo intenta, porque est\u00e1 ocupada en luchas fratricidas), sino que menos del dos por ciento considera que s\u00ed sabe c\u00f3mo hacerlo. A pesar de ello, hay un n\u00facleo irreductible: entre un 15 y un 20 por ciento valora sistem\u00e1ticamente ante cada tema que la respuesta de la Generalitat merece un calificativo de 10. Sobre este conjunto con una visi\u00f3n tan sesgada de los hechos hay poco que hacer, pero, hacia el resto, la mayor\u00eda del independentismo, que lo abraza porque considera que es lo mejor para Catalu\u00f1a, hay que contar, y trabajar sobre c\u00f3mo debe construirse hoy Catalu\u00f1a, a partir de ahora mismo sin m\u00e1s dilaciones, afrontando las necesidades y retos, y dando respuesta a los proyectos y las iniciativas de los catalanes. Y esta respuesta solo la puede dar el catalanismo unido en una sola opci\u00f3n electoral, que agrupe tanto aquellos que proceden de la idea de la plenitud nacional como aquellos que reafirman su catalanidad viviendo, trabajando y participando de la realidad espa\u00f1ola. Esto es posible sin renunciar a nada mediante una sola opci\u00f3n electoral basada en un programa com\u00fan a 4 u 8 a\u00f1os, basada en la respuesta a todo lo que necesitamos a partir de las importantes capacidades de autogobierno, y el peso negociador de Catalu\u00f1a en el actual contexto espa\u00f1ol. Con el a\u00f1adido decisivo de que esto tambi\u00e9n significa recuperar el ser un solo pueblo, y recuperar el reconocimiento y dignidad de nuestras instituciones hist\u00f3ricas de gobierno. Solo el catalanismo significa la capacidad de vivir bien el d\u00eda a d\u00eda entre nosotros a pesar de que pol\u00edticamente pensemos distinto, porque todos coincidimos en el mismo objetivo de construir un pa\u00eds mejor, pero no para no se sabe cu\u00e1ndo, sino empezando a avanzar, paso a paso, piedra a piedra, desde ahora mismo. Todo esto es posible si Units per Avan\u00e7ar, las personas procedentes del grupo de Poblet y su asociaci\u00f3n Catalunya 2030, la Lliga y Lliures configuran una alternativa de gobierno en forma de opci\u00f3n electoral \u00fanica. Y son apoyados por la sociedad catalana organizada en torno a la agrupaci\u00f3n de independientes; aquellos que no desean formar parte de una militancia pol\u00edtica, pero consideran necesario y urgente cambiar la actual situaci\u00f3n. Todo esto define las tres condiciones necesarias para el \u00e9xito. La primera, la uni\u00f3n como una sola opci\u00f3n electoral en torno a un programa com\u00fan de todas las fuerzas catalanistas. Segunda, la presencia clara y n\u00edtida del catalanismo que ha pasado por la experiencia del campo independentista. Tercera, que constituye la condici\u00f3n de suficiencia, la movilizaci\u00f3n y organizaci\u00f3n del electorado independiente. Aquel que, no deseando militar en un partido pol\u00edtico, est\u00e1 dispuesto a contribuir a una nueva situaci\u00f3n, basada en el escenario que promueve el catalanismo, y que hace eficaz su postura, a la vez de independencia personal y de apoyo, mediante el encuentro de los independientes. El acto que se celebra el d\u00eda 3 en el C\u00edrculo de Econom\u00eda es el primer y decisivo paso en este sentido.\" \/>\n<meta property=\"og:url\" content=\"https:\/\/conversesacatalunya.cat\/es\/la-construccion-de-la-alternativa-de-gobierno-al-independentismo\/\" \/>\n<meta property=\"og:site_name\" content=\"Converses a Catalunya\" \/>\n<meta property=\"article:published_time\" content=\"2020-01-24T12:25:20+00:00\" \/>\n<meta property=\"article:modified_time\" content=\"2020-02-27T08:56:33+00:00\" \/>\n<meta property=\"og:image\" content=\"https:\/\/conversesacatalunya.cat\/wp-content\/uploads\/2020\/02\/catalanisme.jpg\" \/>\n\t<meta property=\"og:image:width\" content=\"626\" \/>\n\t<meta property=\"og:image:height\" content=\"364\" \/>\n\t<meta property=\"og:image:type\" content=\"image\/jpeg\" \/>\n<meta name=\"author\" content=\"Josep Mir\u00f3 i Ard\u00e8vol\" \/>\n<meta name=\"twitter:card\" content=\"summary_large_image\" \/>\n<meta name=\"twitter:label1\" content=\"Escrito por\" \/>\n\t<meta name=\"twitter:data1\" content=\"Josep Mir\u00f3 i Ard\u00e8vol\" \/>\n\t<meta name=\"twitter:label2\" content=\"Tiempo de lectura\" \/>\n\t<meta name=\"twitter:data2\" content=\"4 minutos\" \/>\n<script type=\"application\/ld+json\" class=\"yoast-schema-graph\">{\"@context\":\"https:\/\/schema.org\",\"@graph\":[{\"@type\":\"Article\",\"@id\":\"https:\/\/conversesacatalunya.cat\/es\/la-construccion-de-la-alternativa-de-gobierno-al-independentismo\/#article\",\"isPartOf\":{\"@id\":\"https:\/\/conversesacatalunya.cat\/es\/la-construccion-de-la-alternativa-de-gobierno-al-independentismo\/\"},\"author\":{\"name\":\"Josep Mir\u00f3 i Ard\u00e8vol\",\"@id\":\"https:\/\/conversesacatalunya.cat\/#\/schema\/person\/a9598a6786ba7d3d1c5e0de477b79370\"},\"headline\":\"La construcci\u00f3n de la alternativa de gobierno al independentismo\",\"datePublished\":\"2020-01-24T12:25:20+00:00\",\"dateModified\":\"2020-02-27T08:56:33+00:00\",\"mainEntityOfPage\":{\"@id\":\"https:\/\/conversesacatalunya.cat\/es\/la-construccion-de-la-alternativa-de-gobierno-al-independentismo\/\"},\"wordCount\":859,\"commentCount\":0,\"image\":{\"@id\":\"https:\/\/conversesacatalunya.cat\/es\/la-construccion-de-la-alternativa-de-gobierno-al-independentismo\/#primaryimage\"},\"thumbnailUrl\":\"https:\/\/conversesacatalunya.cat\/wp-content\/uploads\/2020\/02\/catalanisme.jpg\",\"keywords\":[\"catalanismo\",\"Independientes\"],\"articleSection\":[\"El Blog de Josep Mir\u00f3 i Ard\u00e8vol (ES)\",\"Trobada d'independents (ES)\"],\"inLanguage\":\"es\",\"potentialAction\":[{\"@type\":\"CommentAction\",\"name\":\"Comment\",\"target\":[\"https:\/\/conversesacatalunya.cat\/es\/la-construccion-de-la-alternativa-de-gobierno-al-independentismo\/#respond\"]}]},{\"@type\":\"WebPage\",\"@id\":\"https:\/\/conversesacatalunya.cat\/es\/la-construccion-de-la-alternativa-de-gobierno-al-independentismo\/\",\"url\":\"https:\/\/conversesacatalunya.cat\/es\/la-construccion-de-la-alternativa-de-gobierno-al-independentismo\/\",\"name\":\"La construcci\u00f3n de la alternativa de gobierno al independentismo - Converses a Catalunya\",\"isPartOf\":{\"@id\":\"https:\/\/conversesacatalunya.cat\/#website\"},\"primaryImageOfPage\":{\"@id\":\"https:\/\/conversesacatalunya.cat\/es\/la-construccion-de-la-alternativa-de-gobierno-al-independentismo\/#primaryimage\"},\"image\":{\"@id\":\"https:\/\/conversesacatalunya.cat\/es\/la-construccion-de-la-alternativa-de-gobierno-al-independentismo\/#primaryimage\"},\"thumbnailUrl\":\"https:\/\/conversesacatalunya.cat\/wp-content\/uploads\/2020\/02\/catalanisme.jpg\",\"datePublished\":\"2020-01-24T12:25:20+00:00\",\"dateModified\":\"2020-02-27T08:56:33+00:00\",\"author\":{\"@id\":\"https:\/\/conversesacatalunya.cat\/#\/schema\/person\/a9598a6786ba7d3d1c5e0de477b79370\"},\"breadcrumb\":{\"@id\":\"https:\/\/conversesacatalunya.cat\/es\/la-construccion-de-la-alternativa-de-gobierno-al-independentismo\/#breadcrumb\"},\"inLanguage\":\"es\",\"potentialAction\":[{\"@type\":\"ReadAction\",\"target\":[\"https:\/\/conversesacatalunya.cat\/es\/la-construccion-de-la-alternativa-de-gobierno-al-independentismo\/\"]}]},{\"@type\":\"ImageObject\",\"inLanguage\":\"es\",\"@id\":\"https:\/\/conversesacatalunya.cat\/es\/la-construccion-de-la-alternativa-de-gobierno-al-independentismo\/#primaryimage\",\"url\":\"https:\/\/conversesacatalunya.cat\/wp-content\/uploads\/2020\/02\/catalanisme.jpg\",\"contentUrl\":\"https:\/\/conversesacatalunya.cat\/wp-content\/uploads\/2020\/02\/catalanisme.jpg\",\"width\":626,\"height\":364,\"caption\":\"catalanisme\"},{\"@type\":\"BreadcrumbList\",\"@id\":\"https:\/\/conversesacatalunya.cat\/es\/la-construccion-de-la-alternativa-de-gobierno-al-independentismo\/#breadcrumb\",\"itemListElement\":[{\"@type\":\"ListItem\",\"position\":1,\"name\":\"Inici\",\"item\":\"https:\/\/conversesacatalunya.cat\/es\/\"},{\"@type\":\"ListItem\",\"position\":2,\"name\":\"La construcci\u00f3n de la alternativa de gobierno al independentismo\"}]},{\"@type\":\"WebSite\",\"@id\":\"https:\/\/conversesacatalunya.cat\/#website\",\"url\":\"https:\/\/conversesacatalunya.cat\/\",\"name\":\"Converses a Catalunya\",\"description\":\"\",\"potentialAction\":[{\"@type\":\"SearchAction\",\"target\":{\"@type\":\"EntryPoint\",\"urlTemplate\":\"https:\/\/conversesacatalunya.cat\/?s={search_term_string}\"},\"query-input\":{\"@type\":\"PropertyValueSpecification\",\"valueRequired\":true,\"valueName\":\"search_term_string\"}}],\"inLanguage\":\"es\"},{\"@type\":\"Person\",\"@id\":\"https:\/\/conversesacatalunya.cat\/#\/schema\/person\/a9598a6786ba7d3d1c5e0de477b79370\",\"name\":\"Josep Mir\u00f3 i Ard\u00e8vol\",\"image\":{\"@type\":\"ImageObject\",\"inLanguage\":\"es\",\"@id\":\"https:\/\/conversesacatalunya.cat\/#\/schema\/person\/image\/\",\"url\":\"https:\/\/conversesacatalunya.cat\/wp-content\/litespeed\/avatar\/c37e3dc881857483d6694cdf98fdedea.jpg?ver=1777270381\",\"contentUrl\":\"https:\/\/conversesacatalunya.cat\/wp-content\/litespeed\/avatar\/c37e3dc881857483d6694cdf98fdedea.jpg?ver=1777270381\",\"caption\":\"Josep Mir\u00f3 i Ard\u00e8vol\"},\"url\":\"https:\/\/conversesacatalunya.cat\/es\/author\/josep-miro-i-ardevol\/\"}]}<\/script>\n<!-- \/ Yoast SEO plugin. -->","yoast_head_json":{"title":"La construcci\u00f3n de la alternativa de gobierno al independentismo - Converses a Catalunya","robots":{"index":"index","follow":"follow","max-snippet":"max-snippet:-1","max-image-preview":"max-image-preview:large","max-video-preview":"max-video-preview:-1"},"canonical":"https:\/\/conversesacatalunya.cat\/es\/la-construccion-de-la-alternativa-de-gobierno-al-independentismo\/","og_locale":"es_ES","og_type":"article","og_title":"La construcci\u00f3n de la alternativa de gobierno al independentismo - Converses a Catalunya","og_description":"Entre las muchas rupturas que el independentismo ha provocado hay la del catalanismo, que ha desvertebrado a la sociedad catalana. Hoy est\u00e1 dividida electoralmente entre aquellos catalanistas que no consideran que su afirmaci\u00f3n sobre Catalu\u00f1a debe comportar el trauma de la ruptura con Espa\u00f1a, y los partidarios de la independencia. Una buena parte de este \u00faltimo grupo observa con frustraci\u00f3n, fatiga y desencanto que el camino elegido es todav\u00eda peor despu\u00e9s de una d\u00e9cada perdida y la incapacidad de gobernar que muestra la Generalitat. No renuncian al horizonte de sentido de la independencia, pero consideran que la prioridad es ejercer el autogobierno en el marco de la Constituci\u00f3n. Es necesario recomponer la unidad pol\u00edtica y electoral entre ambos catalanismos, porque existe una coincidencia de fondo por encima de cualquier otra divisi\u00f3n: ahora toca gobernar bien, recuperar el prestigio y la influencia perdida en Espa\u00f1a y Europa. Hay muchos ciudadanos convencidos de que la vida es la profundizaci\u00f3n del autogobierno en el marco de la Constituci\u00f3n espa\u00f1ola y la Uni\u00f3n Europea, y que la continua brega sobre una rep\u00fablica inexistente es un absurdo, una ficci\u00f3n que en nada ayuda a afrontar las necesidades y las crisis que vivimos. Solo ha generado unos profesionales de la independencia, que viven de prorrogar una situaci\u00f3n que carece de toda racionalidad y futuro, porque vive al margen de la realidad. Tan al margen que, a pesar de controlar el gobierno desde hace a\u00f1os, han conducido la acci\u00f3n de la Generalitat y del Parlamento a unos niveles de incapacidad y destrucci\u00f3n que para los catalanes nunca hab\u00eda sucedido. Basta consultar la \u00faltima encuesta del CEO para constatar que no solo m\u00e1s del 60 por ciento de la poblaci\u00f3n considera que la Generalitat no sabe c\u00f3mo resolver los problemas (en realidad ni siquiera lo intenta, porque est\u00e1 ocupada en luchas fratricidas), sino que menos del dos por ciento considera que s\u00ed sabe c\u00f3mo hacerlo. A pesar de ello, hay un n\u00facleo irreductible: entre un 15 y un 20 por ciento valora sistem\u00e1ticamente ante cada tema que la respuesta de la Generalitat merece un calificativo de 10. Sobre este conjunto con una visi\u00f3n tan sesgada de los hechos hay poco que hacer, pero, hacia el resto, la mayor\u00eda del independentismo, que lo abraza porque considera que es lo mejor para Catalu\u00f1a, hay que contar, y trabajar sobre c\u00f3mo debe construirse hoy Catalu\u00f1a, a partir de ahora mismo sin m\u00e1s dilaciones, afrontando las necesidades y retos, y dando respuesta a los proyectos y las iniciativas de los catalanes. Y esta respuesta solo la puede dar el catalanismo unido en una sola opci\u00f3n electoral, que agrupe tanto aquellos que proceden de la idea de la plenitud nacional como aquellos que reafirman su catalanidad viviendo, trabajando y participando de la realidad espa\u00f1ola. Esto es posible sin renunciar a nada mediante una sola opci\u00f3n electoral basada en un programa com\u00fan a 4 u 8 a\u00f1os, basada en la respuesta a todo lo que necesitamos a partir de las importantes capacidades de autogobierno, y el peso negociador de Catalu\u00f1a en el actual contexto espa\u00f1ol. Con el a\u00f1adido decisivo de que esto tambi\u00e9n significa recuperar el ser un solo pueblo, y recuperar el reconocimiento y dignidad de nuestras instituciones hist\u00f3ricas de gobierno. Solo el catalanismo significa la capacidad de vivir bien el d\u00eda a d\u00eda entre nosotros a pesar de que pol\u00edticamente pensemos distinto, porque todos coincidimos en el mismo objetivo de construir un pa\u00eds mejor, pero no para no se sabe cu\u00e1ndo, sino empezando a avanzar, paso a paso, piedra a piedra, desde ahora mismo. Todo esto es posible si Units per Avan\u00e7ar, las personas procedentes del grupo de Poblet y su asociaci\u00f3n Catalunya 2030, la Lliga y Lliures configuran una alternativa de gobierno en forma de opci\u00f3n electoral \u00fanica. Y son apoyados por la sociedad catalana organizada en torno a la agrupaci\u00f3n de independientes; aquellos que no desean formar parte de una militancia pol\u00edtica, pero consideran necesario y urgente cambiar la actual situaci\u00f3n. Todo esto define las tres condiciones necesarias para el \u00e9xito. La primera, la uni\u00f3n como una sola opci\u00f3n electoral en torno a un programa com\u00fan de todas las fuerzas catalanistas. Segunda, la presencia clara y n\u00edtida del catalanismo que ha pasado por la experiencia del campo independentista. Tercera, que constituye la condici\u00f3n de suficiencia, la movilizaci\u00f3n y organizaci\u00f3n del electorado independiente. Aquel que, no deseando militar en un partido pol\u00edtico, est\u00e1 dispuesto a contribuir a una nueva situaci\u00f3n, basada en el escenario que promueve el catalanismo, y que hace eficaz su postura, a la vez de independencia personal y de apoyo, mediante el encuentro de los independientes. El acto que se celebra el d\u00eda 3 en el C\u00edrculo de Econom\u00eda es el primer y decisivo paso en este sentido.","og_url":"https:\/\/conversesacatalunya.cat\/es\/la-construccion-de-la-alternativa-de-gobierno-al-independentismo\/","og_site_name":"Converses a Catalunya","article_published_time":"2020-01-24T12:25:20+00:00","article_modified_time":"2020-02-27T08:56:33+00:00","og_image":[{"width":626,"height":364,"url":"https:\/\/conversesacatalunya.cat\/wp-content\/uploads\/2020\/02\/catalanisme.jpg","type":"image\/jpeg"}],"author":"Josep Mir\u00f3 i Ard\u00e8vol","twitter_card":"summary_large_image","twitter_misc":{"Escrito por":"Josep Mir\u00f3 i Ard\u00e8vol","Tiempo de lectura":"4 minutos"},"schema":{"@context":"https:\/\/schema.org","@graph":[{"@type":"Article","@id":"https:\/\/conversesacatalunya.cat\/es\/la-construccion-de-la-alternativa-de-gobierno-al-independentismo\/#article","isPartOf":{"@id":"https:\/\/conversesacatalunya.cat\/es\/la-construccion-de-la-alternativa-de-gobierno-al-independentismo\/"},"author":{"name":"Josep Mir\u00f3 i Ard\u00e8vol","@id":"https:\/\/conversesacatalunya.cat\/#\/schema\/person\/a9598a6786ba7d3d1c5e0de477b79370"},"headline":"La construcci\u00f3n de la alternativa de gobierno al independentismo","datePublished":"2020-01-24T12:25:20+00:00","dateModified":"2020-02-27T08:56:33+00:00","mainEntityOfPage":{"@id":"https:\/\/conversesacatalunya.cat\/es\/la-construccion-de-la-alternativa-de-gobierno-al-independentismo\/"},"wordCount":859,"commentCount":0,"image":{"@id":"https:\/\/conversesacatalunya.cat\/es\/la-construccion-de-la-alternativa-de-gobierno-al-independentismo\/#primaryimage"},"thumbnailUrl":"https:\/\/conversesacatalunya.cat\/wp-content\/uploads\/2020\/02\/catalanisme.jpg","keywords":["catalanismo","Independientes"],"articleSection":["El Blog de Josep Mir\u00f3 i Ard\u00e8vol (ES)","Trobada d'independents (ES)"],"inLanguage":"es","potentialAction":[{"@type":"CommentAction","name":"Comment","target":["https:\/\/conversesacatalunya.cat\/es\/la-construccion-de-la-alternativa-de-gobierno-al-independentismo\/#respond"]}]},{"@type":"WebPage","@id":"https:\/\/conversesacatalunya.cat\/es\/la-construccion-de-la-alternativa-de-gobierno-al-independentismo\/","url":"https:\/\/conversesacatalunya.cat\/es\/la-construccion-de-la-alternativa-de-gobierno-al-independentismo\/","name":"La construcci\u00f3n de la alternativa de gobierno al independentismo - Converses a Catalunya","isPartOf":{"@id":"https:\/\/conversesacatalunya.cat\/#website"},"primaryImageOfPage":{"@id":"https:\/\/conversesacatalunya.cat\/es\/la-construccion-de-la-alternativa-de-gobierno-al-independentismo\/#primaryimage"},"image":{"@id":"https:\/\/conversesacatalunya.cat\/es\/la-construccion-de-la-alternativa-de-gobierno-al-independentismo\/#primaryimage"},"thumbnailUrl":"https:\/\/conversesacatalunya.cat\/wp-content\/uploads\/2020\/02\/catalanisme.jpg","datePublished":"2020-01-24T12:25:20+00:00","dateModified":"2020-02-27T08:56:33+00:00","author":{"@id":"https:\/\/conversesacatalunya.cat\/#\/schema\/person\/a9598a6786ba7d3d1c5e0de477b79370"},"breadcrumb":{"@id":"https:\/\/conversesacatalunya.cat\/es\/la-construccion-de-la-alternativa-de-gobierno-al-independentismo\/#breadcrumb"},"inLanguage":"es","potentialAction":[{"@type":"ReadAction","target":["https:\/\/conversesacatalunya.cat\/es\/la-construccion-de-la-alternativa-de-gobierno-al-independentismo\/"]}]},{"@type":"ImageObject","inLanguage":"es","@id":"https:\/\/conversesacatalunya.cat\/es\/la-construccion-de-la-alternativa-de-gobierno-al-independentismo\/#primaryimage","url":"https:\/\/conversesacatalunya.cat\/wp-content\/uploads\/2020\/02\/catalanisme.jpg","contentUrl":"https:\/\/conversesacatalunya.cat\/wp-content\/uploads\/2020\/02\/catalanisme.jpg","width":626,"height":364,"caption":"catalanisme"},{"@type":"BreadcrumbList","@id":"https:\/\/conversesacatalunya.cat\/es\/la-construccion-de-la-alternativa-de-gobierno-al-independentismo\/#breadcrumb","itemListElement":[{"@type":"ListItem","position":1,"name":"Inici","item":"https:\/\/conversesacatalunya.cat\/es\/"},{"@type":"ListItem","position":2,"name":"La construcci\u00f3n de la alternativa de gobierno al independentismo"}]},{"@type":"WebSite","@id":"https:\/\/conversesacatalunya.cat\/#website","url":"https:\/\/conversesacatalunya.cat\/","name":"Converses a Catalunya","description":"","potentialAction":[{"@type":"SearchAction","target":{"@type":"EntryPoint","urlTemplate":"https:\/\/conversesacatalunya.cat\/?s={search_term_string}"},"query-input":{"@type":"PropertyValueSpecification","valueRequired":true,"valueName":"search_term_string"}}],"inLanguage":"es"},{"@type":"Person","@id":"https:\/\/conversesacatalunya.cat\/#\/schema\/person\/a9598a6786ba7d3d1c5e0de477b79370","name":"Josep Mir\u00f3 i Ard\u00e8vol","image":{"@type":"ImageObject","inLanguage":"es","@id":"https:\/\/conversesacatalunya.cat\/#\/schema\/person\/image\/","url":"https:\/\/conversesacatalunya.cat\/wp-content\/litespeed\/avatar\/c37e3dc881857483d6694cdf98fdedea.jpg?ver=1777270381","contentUrl":"https:\/\/conversesacatalunya.cat\/wp-content\/litespeed\/avatar\/c37e3dc881857483d6694cdf98fdedea.jpg?ver=1777270381","caption":"Josep Mir\u00f3 i Ard\u00e8vol"},"url":"https:\/\/conversesacatalunya.cat\/es\/author\/josep-miro-i-ardevol\/"}]}},"wps_subtitle":"","_links":{"self":[{"href":"https:\/\/conversesacatalunya.cat\/es\/wp-json\/wp\/v2\/posts\/31893","targetHints":{"allow":["GET"]}}],"collection":[{"href":"https:\/\/conversesacatalunya.cat\/es\/wp-json\/wp\/v2\/posts"}],"about":[{"href":"https:\/\/conversesacatalunya.cat\/es\/wp-json\/wp\/v2\/types\/post"}],"author":[{"embeddable":true,"href":"https:\/\/conversesacatalunya.cat\/es\/wp-json\/wp\/v2\/users\/19"}],"replies":[{"embeddable":true,"href":"https:\/\/conversesacatalunya.cat\/es\/wp-json\/wp\/v2\/comments?post=31893"}],"version-history":[{"count":4,"href":"https:\/\/conversesacatalunya.cat\/es\/wp-json\/wp\/v2\/posts\/31893\/revisions"}],"predecessor-version":[{"id":31905,"href":"https:\/\/conversesacatalunya.cat\/es\/wp-json\/wp\/v2\/posts\/31893\/revisions\/31905"}],"wp:featuredmedia":[{"embeddable":true,"href":"https:\/\/conversesacatalunya.cat\/es\/wp-json\/wp\/v2\/media\/31902"}],"wp:attachment":[{"href":"https:\/\/conversesacatalunya.cat\/es\/wp-json\/wp\/v2\/media?parent=31893"}],"wp:term":[{"taxonomy":"category","embeddable":true,"href":"https:\/\/conversesacatalunya.cat\/es\/wp-json\/wp\/v2\/categories?post=31893"},{"taxonomy":"post_tag","embeddable":true,"href":"https:\/\/conversesacatalunya.cat\/es\/wp-json\/wp\/v2\/tags?post=31893"}],"curies":[{"name":"wp","href":"https:\/\/api.w.org\/{rel}","templated":true}]}}