{"id":31862,"date":"2020-01-31T13:37:32","date_gmt":"2020-01-31T12:37:32","guid":{"rendered":"https:\/\/conversesacatalunya.cat\/enquestes-continua-la-majoria-independentista\/"},"modified":"2020-01-31T14:21:23","modified_gmt":"2020-01-31T13:21:23","slug":"encuestas-continua-la-mayoria-independentista","status":"publish","type":"post","link":"https:\/\/conversesacatalunya.cat\/es\/encuestas-continua-la-mayoria-independentista\/","title":{"rendered":"Encuestas: contin\u00faa la mayor\u00eda independentista"},"content":{"rendered":"<p><span style=\"display: inline !important; float: none; background-color: #f5f5f5; color: rgba(0, 0, 0, 0.87); font-family: 'Roboto',arial,sans-serif; font-size: 18px; font-style: normal; font-variant: normal; font-weight: 400; letter-spacing: normal; line-height: 28px; orphans: 2; text-align: left; text-decoration: none; text-indent: 0px; text-transform: none; -webkit-text-stroke-width: 0px; white-space: pre-wrap; word-spacing: 0px;\">Las encuestas actuales no reflejan de ninguna manera el cambiante panorama de la pol\u00edtica catalana, porque el trabajo de campo ha sido hecho con mucha anterioridad. Expresan, por tanto, una <strong>fotograf\u00eda pasada<\/strong> y su utilidad para anunciar el futuro es m\u00e1s limitada que nunca, porque hay muchas variables en juego.<\/span><\/p>\n<p><span style=\"display: inline !important; float: none; background-color: #f5f5f5; color: rgba(0, 0, 0, 0.87); font-family: 'Roboto',arial,sans-serif; font-size: 18px; font-style: normal; font-variant: normal; font-weight: 400; letter-spacing: normal; line-height: 28px; orphans: 2; text-align: left; text-decoration: none; text-indent: 0px; text-transform: none; -webkit-text-stroke-width: 0px; white-space: pre-wrap; word-spacing: 0px;\">El posible acuerdo para ir conjuntamente a las elecciones entre PP y Cs, la hipot\u00e9tica presencia de Valls, la cuesti\u00f3n decisiva de si acabar\u00e1 habiendo o no una opci\u00f3n electoral n\u00edtidamente catalanista y defensora del m\u00e1ximo autogobierno en el marco constitucional, los avatares del PDCAT, qui\u00e9n liderar\u00eda JxCat en las elecciones (ya que al menos siete candidatos son posibles). Consideradas todas estas limitaciones, las encuestas siguen teniendo inter\u00e9s, sobre todo como orientaci\u00f3n m\u00e1s que como realidad futura.<\/span><\/p>\n<p><span style=\"display: inline !important; float: none; background-color: #f5f5f5; color: rgba(0, 0, 0, 0.87); font-family: 'Roboto',arial,sans-serif; font-size: 18px; font-style: normal; font-variant: normal; font-weight: 400; letter-spacing: normal; line-height: 28px; orphans: 2; text-align: left; text-decoration: none; text-indent: 0px; text-transform: none; -webkit-text-stroke-width: 0px; white-space: pre-wrap; word-spacing: 0px;\">Ofrecemos ahora como orientaci\u00f3n los resultados de las tres \u00faltimas. Una es la del <strong>CEO de la Generalitat<\/strong>. Esta es, no pod\u00eda ser de otra manera, la m\u00e1s favorable al independentismo oficial. Sit\u00faa a <strong>ERC en primer lugar, y JxCat en segundo<\/strong>. En este caso, estas dos formaciones alcanzar\u00edan por s\u00ed solas la mayor\u00eda absoluta necesaria. Es una singularidad que no se da en las otras dos encuestas. El tercer lugar corresponder\u00eda al PSC, pero a distancia del partido de Torra y Puigdemont.<\/span><\/p>\n<p><span style=\"display: inline !important; float: none; background-color: #f5f5f5; color: rgba(0, 0, 0, 0.87); font-family: 'Roboto',arial,sans-serif; font-size: 18px; font-style: normal; font-variant: normal; font-weight: 400; letter-spacing: normal; line-height: 28px; orphans: 2; text-align: left; text-decoration: none; text-indent: 0px; text-transform: none; -webkit-text-stroke-width: 0px; white-space: pre-wrap; word-spacing: 0px;\">La segunda encuesta es de <strong>Electoman\u00eda<\/strong> y ofrece un cambio importante, porque otorga un <strong>empate en el primer lugar entre ERC y JxCat<\/strong>. Ambas sumadas lograr\u00edan <strong>62 esca\u00f1os<\/strong> y, por tanto, necesitar\u00edan la CUP para formar mayor\u00eda. Si la previsi\u00f3n fuera cierta, esta formaci\u00f3n antisistema lograr\u00eda 10 esca\u00f1os y podr\u00eda otorgar la mayor\u00eda al independentismo.<\/span><\/p>\n<p><span style=\"display: inline !important; float: none; background-color: #f5f5f5; color: rgba(0, 0, 0, 0.87); font-family: 'Roboto',arial,sans-serif; font-size: 18px; font-style: normal; font-variant: normal; font-weight: 400; letter-spacing: normal; line-height: 28px; orphans: 2; text-align: left; text-decoration: none; text-indent: 0px; text-transform: none; -webkit-text-stroke-width: 0px; white-space: pre-wrap; word-spacing: 0px;\">Hay que apuntar que la CUP obtiene en esta encuesta los mismos diputados que En Com\u00fa Podem, lo que sit\u00faa <strong>el partido de Colau en una posici\u00f3n secundaria<\/strong>, al menos en cuanto a los resultados.<\/span><\/p>\n<p><span style=\"display: inline !important; float: none; background-color: #f5f5f5; color: rgba(0, 0, 0, 0.87); font-family: 'Roboto',arial,sans-serif; font-size: 18px; font-style: normal; font-variant: normal; font-weight: 400; letter-spacing: normal; line-height: 28px; orphans: 2; text-align: left; text-decoration: none; text-indent: 0px; text-transform: none; -webkit-text-stroke-width: 0px; white-space: pre-wrap; word-spacing: 0px;\">La tercera encuesta es de <strong>car\u00e1cter interno de En Com\u00fa Podem<\/strong>, pero ha sido muy aireada. Tambi\u00e9n es diferente a las otras dos. Coincide en que <strong>el primer lugar corresponde a ERC<\/strong>, que mejora su resultado, pero <strong>el segundo queda en manos del PSC<\/strong>, que registra una importante subida. <strong>El tercer lugar ser\u00eda para JxCat<\/strong>, que sufrir\u00eda un descenso de 5 puntos, el cuarto es donde ir\u00eda a caer Cs, mientras que la formaci\u00f3n propietaria de la encuesta quedar\u00eda en quinto lugar, pero doblando en n\u00famero de votos a la CUP.<\/span><\/p>\n<p><span style=\"display: inline !important; float: none; background-color: #f5f5f5; color: rgba(0, 0, 0, 0.87); font-family: 'Roboto',arial,sans-serif; font-size: 18px; font-style: normal; font-variant: normal; font-weight: 400; letter-spacing: normal; line-height: 28px; orphans: 2; text-align: left; text-decoration: none; text-indent: 0px; text-transform: none; -webkit-text-stroke-width: 0px; white-space: pre-wrap; word-spacing: 0px;\">De las tres encuestas, Electoman\u00eda es la que da un mejor resultado al PP con 11 esca\u00f1os, y tambi\u00e9n es la \u00fanica que contempla la presencia de Vox, con 6 esca\u00f1os.<\/span><\/p>\n","protected":false},"excerpt":{"rendered":"<p>Las encuestas actuales no reflejan de ninguna manera el cambiante panorama de la pol\u00edtica catalana, porque el trabajo de campo ha sido hecho con mucha anterioridad. Expresan, por tanto, una fotograf\u00eda pasada y su utilidad para anunciar el futuro es m\u00e1s limitada que nunca, porque hay muchas variables en juego. El posible acuerdo para ir conjuntamente a las elecciones entre PP y Cs, la hipot\u00e9tica presencia de Valls, la cuesti\u00f3n decisiva de si acabar\u00e1 habiendo o no una opci\u00f3n electoral n\u00edtidamente catalanista y defensora del m\u00e1ximo autogobierno en el marco constitucional, los avatares del PDCAT, qui\u00e9n liderar\u00eda JxCat en las elecciones (ya que al menos siete candidatos son posibles). Consideradas todas estas limitaciones, las encuestas siguen teniendo inter\u00e9s, sobre todo como orientaci\u00f3n m\u00e1s que como realidad futura. Ofrecemos ahora como orientaci\u00f3n los resultados de las tres \u00faltimas. Una es la del CEO de la Generalitat. Esta es, no pod\u00eda ser de otra manera, la m\u00e1s favorable al independentismo oficial. Sit\u00faa a ERC en primer lugar, y JxCat en segundo. En este caso, estas dos formaciones alcanzar\u00edan por s\u00ed solas la mayor\u00eda absoluta necesaria. Es una singularidad que no se da en las otras dos encuestas. El tercer lugar corresponder\u00eda al PSC, pero a distancia del partido de Torra y Puigdemont. La segunda encuesta es de Electoman\u00eda y ofrece un cambio importante, porque otorga un empate en el primer lugar entre ERC y JxCat. Ambas sumadas lograr\u00edan 62 esca\u00f1os y, por tanto, necesitar\u00edan la CUP para formar mayor\u00eda. Si la previsi\u00f3n fuera cierta, esta formaci\u00f3n antisistema lograr\u00eda 10 esca\u00f1os y podr\u00eda otorgar la mayor\u00eda al independentismo. Hay que apuntar que la CUP obtiene en esta encuesta los mismos diputados que En Com\u00fa Podem, lo que sit\u00faa el partido de Colau en una posici\u00f3n secundaria, al menos en cuanto a los resultados. La tercera encuesta es de car\u00e1cter interno de En Com\u00fa Podem, pero ha sido muy aireada. Tambi\u00e9n es diferente a las otras dos. Coincide en que el primer lugar corresponde a ERC, que mejora su resultado, pero el segundo queda en manos del PSC, que registra una importante subida. El tercer lugar ser\u00eda para JxCat, que sufrir\u00eda un descenso de 5 puntos, el cuarto es donde ir\u00eda a caer Cs, mientras que la formaci\u00f3n propietaria de la encuesta quedar\u00eda en quinto lugar, pero doblando en n\u00famero de votos a la CUP. De las tres encuestas, Electoman\u00eda es la que da un mejor resultado al PP con 11 esca\u00f1os, y tambi\u00e9n es la \u00fanica que contempla la presencia de Vox, con 6 esca\u00f1os.<\/p>\n","protected":false},"author":2,"featured_media":31854,"comment_status":"open","ping_status":"open","sticky":false,"template":"","format":"standard","meta":{"_FSMCFIC_featured_image_caption":"","_FSMCFIC_featured_image_nocaption":"","_FSMCFIC_featured_image_hide":"","footnotes":""},"categories":[806],"tags":[1525,1065,986],"class_list":["post-31862","post","type-post","status-publish","format-standard","has-post-thumbnail","hentry","category-punts-claus-del-dia-es","tag-elecciones-anticipadas","tag-encuestas","tag-independentismo-es"],"yoast_head":"<!-- This site is optimized with the Yoast SEO plugin v26.8 - https:\/\/yoast.com\/product\/yoast-seo-wordpress\/ -->\n<title>Encuestas: contin\u00faa la mayor\u00eda independentista - Converses a Catalunya<\/title>\n<meta name=\"robots\" content=\"index, follow, max-snippet:-1, max-image-preview:large, max-video-preview:-1\" \/>\n<link rel=\"canonical\" href=\"https:\/\/conversesacatalunya.cat\/es\/encuestas-continua-la-mayoria-independentista\/\" \/>\n<meta property=\"og:locale\" content=\"es_ES\" \/>\n<meta property=\"og:type\" content=\"article\" \/>\n<meta property=\"og:title\" content=\"Encuestas: contin\u00faa la mayor\u00eda independentista - Converses a Catalunya\" \/>\n<meta property=\"og:description\" content=\"Las encuestas actuales no reflejan de ninguna manera el cambiante panorama de la pol\u00edtica catalana, porque el trabajo de campo ha sido hecho con mucha anterioridad. Expresan, por tanto, una fotograf\u00eda pasada y su utilidad para anunciar el futuro es m\u00e1s limitada que nunca, porque hay muchas variables en juego. El posible acuerdo para ir conjuntamente a las elecciones entre PP y Cs, la hipot\u00e9tica presencia de Valls, la cuesti\u00f3n decisiva de si acabar\u00e1 habiendo o no una opci\u00f3n electoral n\u00edtidamente catalanista y defensora del m\u00e1ximo autogobierno en el marco constitucional, los avatares del PDCAT, qui\u00e9n liderar\u00eda JxCat en las elecciones (ya que al menos siete candidatos son posibles). Consideradas todas estas limitaciones, las encuestas siguen teniendo inter\u00e9s, sobre todo como orientaci\u00f3n m\u00e1s que como realidad futura. Ofrecemos ahora como orientaci\u00f3n los resultados de las tres \u00faltimas. Una es la del CEO de la Generalitat. Esta es, no pod\u00eda ser de otra manera, la m\u00e1s favorable al independentismo oficial. Sit\u00faa a ERC en primer lugar, y JxCat en segundo. En este caso, estas dos formaciones alcanzar\u00edan por s\u00ed solas la mayor\u00eda absoluta necesaria. Es una singularidad que no se da en las otras dos encuestas. El tercer lugar corresponder\u00eda al PSC, pero a distancia del partido de Torra y Puigdemont. La segunda encuesta es de Electoman\u00eda y ofrece un cambio importante, porque otorga un empate en el primer lugar entre ERC y JxCat. Ambas sumadas lograr\u00edan 62 esca\u00f1os y, por tanto, necesitar\u00edan la CUP para formar mayor\u00eda. Si la previsi\u00f3n fuera cierta, esta formaci\u00f3n antisistema lograr\u00eda 10 esca\u00f1os y podr\u00eda otorgar la mayor\u00eda al independentismo. Hay que apuntar que la CUP obtiene en esta encuesta los mismos diputados que En Com\u00fa Podem, lo que sit\u00faa el partido de Colau en una posici\u00f3n secundaria, al menos en cuanto a los resultados. La tercera encuesta es de car\u00e1cter interno de En Com\u00fa Podem, pero ha sido muy aireada. Tambi\u00e9n es diferente a las otras dos. Coincide en que el primer lugar corresponde a ERC, que mejora su resultado, pero el segundo queda en manos del PSC, que registra una importante subida. El tercer lugar ser\u00eda para JxCat, que sufrir\u00eda un descenso de 5 puntos, el cuarto es donde ir\u00eda a caer Cs, mientras que la formaci\u00f3n propietaria de la encuesta quedar\u00eda en quinto lugar, pero doblando en n\u00famero de votos a la CUP. De las tres encuestas, Electoman\u00eda es la que da un mejor resultado al PP con 11 esca\u00f1os, y tambi\u00e9n es la \u00fanica que contempla la presencia de Vox, con 6 esca\u00f1os.\" \/>\n<meta property=\"og:url\" content=\"https:\/\/conversesacatalunya.cat\/es\/encuestas-continua-la-mayoria-independentista\/\" \/>\n<meta property=\"og:site_name\" content=\"Converses a Catalunya\" \/>\n<meta property=\"article:published_time\" content=\"2020-01-31T12:37:32+00:00\" \/>\n<meta property=\"article:modified_time\" content=\"2020-01-31T13:21:23+00:00\" \/>\n<meta property=\"og:image\" content=\"https:\/\/conversesacatalunya.cat\/wp-content\/uploads\/2020\/01\/eleccions.jpg\" \/>\n\t<meta property=\"og:image:width\" content=\"690\" \/>\n\t<meta property=\"og:image:height\" content=\"309\" \/>\n\t<meta property=\"og:image:type\" content=\"image\/jpeg\" \/>\n<meta name=\"author\" content=\"conversesacatalunya\" \/>\n<meta name=\"twitter:card\" content=\"summary_large_image\" \/>\n<meta name=\"twitter:label1\" content=\"Escrito por\" \/>\n\t<meta name=\"twitter:data1\" content=\"conversesacatalunya\" \/>\n\t<meta name=\"twitter:label2\" content=\"Tiempo de lectura\" \/>\n\t<meta name=\"twitter:data2\" content=\"2 minutos\" \/>\n<script type=\"application\/ld+json\" class=\"yoast-schema-graph\">{\"@context\":\"https:\/\/schema.org\",\"@graph\":[{\"@type\":\"Article\",\"@id\":\"https:\/\/conversesacatalunya.cat\/es\/encuestas-continua-la-mayoria-independentista\/#article\",\"isPartOf\":{\"@id\":\"https:\/\/conversesacatalunya.cat\/es\/encuestas-continua-la-mayoria-independentista\/\"},\"author\":{\"name\":\"conversesacatalunya\",\"@id\":\"https:\/\/conversesacatalunya.cat\/#\/schema\/person\/7e24d1e54a2785373ddcb275eae5ed99\"},\"headline\":\"Encuestas: contin\u00faa la mayor\u00eda independentista\",\"datePublished\":\"2020-01-31T12:37:32+00:00\",\"dateModified\":\"2020-01-31T13:21:23+00:00\",\"mainEntityOfPage\":{\"@id\":\"https:\/\/conversesacatalunya.cat\/es\/encuestas-continua-la-mayoria-independentista\/\"},\"wordCount\":469,\"commentCount\":0,\"image\":{\"@id\":\"https:\/\/conversesacatalunya.cat\/es\/encuestas-continua-la-mayoria-independentista\/#primaryimage\"},\"thumbnailUrl\":\"https:\/\/conversesacatalunya.cat\/wp-content\/uploads\/2020\/01\/eleccions.jpg\",\"keywords\":[\"elecciones anticipadas\",\"Encuestas\",\"Independentismo\"],\"articleSection\":[\"Punts clau del dia (ES)\"],\"inLanguage\":\"es\",\"potentialAction\":[{\"@type\":\"CommentAction\",\"name\":\"Comment\",\"target\":[\"https:\/\/conversesacatalunya.cat\/es\/encuestas-continua-la-mayoria-independentista\/#respond\"]}]},{\"@type\":\"WebPage\",\"@id\":\"https:\/\/conversesacatalunya.cat\/es\/encuestas-continua-la-mayoria-independentista\/\",\"url\":\"https:\/\/conversesacatalunya.cat\/es\/encuestas-continua-la-mayoria-independentista\/\",\"name\":\"Encuestas: contin\u00faa la mayor\u00eda independentista - Converses a Catalunya\",\"isPartOf\":{\"@id\":\"https:\/\/conversesacatalunya.cat\/#website\"},\"primaryImageOfPage\":{\"@id\":\"https:\/\/conversesacatalunya.cat\/es\/encuestas-continua-la-mayoria-independentista\/#primaryimage\"},\"image\":{\"@id\":\"https:\/\/conversesacatalunya.cat\/es\/encuestas-continua-la-mayoria-independentista\/#primaryimage\"},\"thumbnailUrl\":\"https:\/\/conversesacatalunya.cat\/wp-content\/uploads\/2020\/01\/eleccions.jpg\",\"datePublished\":\"2020-01-31T12:37:32+00:00\",\"dateModified\":\"2020-01-31T13:21:23+00:00\",\"author\":{\"@id\":\"https:\/\/conversesacatalunya.cat\/#\/schema\/person\/7e24d1e54a2785373ddcb275eae5ed99\"},\"breadcrumb\":{\"@id\":\"https:\/\/conversesacatalunya.cat\/es\/encuestas-continua-la-mayoria-independentista\/#breadcrumb\"},\"inLanguage\":\"es\",\"potentialAction\":[{\"@type\":\"ReadAction\",\"target\":[\"https:\/\/conversesacatalunya.cat\/es\/encuestas-continua-la-mayoria-independentista\/\"]}]},{\"@type\":\"ImageObject\",\"inLanguage\":\"es\",\"@id\":\"https:\/\/conversesacatalunya.cat\/es\/encuestas-continua-la-mayoria-independentista\/#primaryimage\",\"url\":\"https:\/\/conversesacatalunya.cat\/wp-content\/uploads\/2020\/01\/eleccions.jpg\",\"contentUrl\":\"https:\/\/conversesacatalunya.cat\/wp-content\/uploads\/2020\/01\/eleccions.jpg\",\"width\":690,\"height\":309,\"caption\":\"enquestes\"},{\"@type\":\"BreadcrumbList\",\"@id\":\"https:\/\/conversesacatalunya.cat\/es\/encuestas-continua-la-mayoria-independentista\/#breadcrumb\",\"itemListElement\":[{\"@type\":\"ListItem\",\"position\":1,\"name\":\"Inici\",\"item\":\"https:\/\/conversesacatalunya.cat\/es\/\"},{\"@type\":\"ListItem\",\"position\":2,\"name\":\"Encuestas: contin\u00faa la mayor\u00eda independentista\"}]},{\"@type\":\"WebSite\",\"@id\":\"https:\/\/conversesacatalunya.cat\/#website\",\"url\":\"https:\/\/conversesacatalunya.cat\/\",\"name\":\"Converses a Catalunya\",\"description\":\"\",\"potentialAction\":[{\"@type\":\"SearchAction\",\"target\":{\"@type\":\"EntryPoint\",\"urlTemplate\":\"https:\/\/conversesacatalunya.cat\/?s={search_term_string}\"},\"query-input\":{\"@type\":\"PropertyValueSpecification\",\"valueRequired\":true,\"valueName\":\"search_term_string\"}}],\"inLanguage\":\"es\"},{\"@type\":\"Person\",\"@id\":\"https:\/\/conversesacatalunya.cat\/#\/schema\/person\/7e24d1e54a2785373ddcb275eae5ed99\",\"name\":\"conversesacatalunya\",\"image\":{\"@type\":\"ImageObject\",\"inLanguage\":\"es\",\"@id\":\"https:\/\/conversesacatalunya.cat\/#\/schema\/person\/image\/\",\"url\":\"https:\/\/conversesacatalunya.cat\/wp-content\/litespeed\/avatar\/febdfeeec89d950f01c748045a981dd2.jpg?ver=1777314535\",\"contentUrl\":\"https:\/\/conversesacatalunya.cat\/wp-content\/litespeed\/avatar\/febdfeeec89d950f01c748045a981dd2.jpg?ver=1777314535\",\"caption\":\"conversesacatalunya\"},\"url\":\"https:\/\/conversesacatalunya.cat\/es\/author\/carme_catala\/\"}]}<\/script>\n<!-- \/ Yoast SEO plugin. -->","yoast_head_json":{"title":"Encuestas: contin\u00faa la mayor\u00eda independentista - Converses a Catalunya","robots":{"index":"index","follow":"follow","max-snippet":"max-snippet:-1","max-image-preview":"max-image-preview:large","max-video-preview":"max-video-preview:-1"},"canonical":"https:\/\/conversesacatalunya.cat\/es\/encuestas-continua-la-mayoria-independentista\/","og_locale":"es_ES","og_type":"article","og_title":"Encuestas: contin\u00faa la mayor\u00eda independentista - Converses a Catalunya","og_description":"Las encuestas actuales no reflejan de ninguna manera el cambiante panorama de la pol\u00edtica catalana, porque el trabajo de campo ha sido hecho con mucha anterioridad. Expresan, por tanto, una fotograf\u00eda pasada y su utilidad para anunciar el futuro es m\u00e1s limitada que nunca, porque hay muchas variables en juego. El posible acuerdo para ir conjuntamente a las elecciones entre PP y Cs, la hipot\u00e9tica presencia de Valls, la cuesti\u00f3n decisiva de si acabar\u00e1 habiendo o no una opci\u00f3n electoral n\u00edtidamente catalanista y defensora del m\u00e1ximo autogobierno en el marco constitucional, los avatares del PDCAT, qui\u00e9n liderar\u00eda JxCat en las elecciones (ya que al menos siete candidatos son posibles). Consideradas todas estas limitaciones, las encuestas siguen teniendo inter\u00e9s, sobre todo como orientaci\u00f3n m\u00e1s que como realidad futura. Ofrecemos ahora como orientaci\u00f3n los resultados de las tres \u00faltimas. Una es la del CEO de la Generalitat. Esta es, no pod\u00eda ser de otra manera, la m\u00e1s favorable al independentismo oficial. Sit\u00faa a ERC en primer lugar, y JxCat en segundo. En este caso, estas dos formaciones alcanzar\u00edan por s\u00ed solas la mayor\u00eda absoluta necesaria. Es una singularidad que no se da en las otras dos encuestas. El tercer lugar corresponder\u00eda al PSC, pero a distancia del partido de Torra y Puigdemont. La segunda encuesta es de Electoman\u00eda y ofrece un cambio importante, porque otorga un empate en el primer lugar entre ERC y JxCat. Ambas sumadas lograr\u00edan 62 esca\u00f1os y, por tanto, necesitar\u00edan la CUP para formar mayor\u00eda. Si la previsi\u00f3n fuera cierta, esta formaci\u00f3n antisistema lograr\u00eda 10 esca\u00f1os y podr\u00eda otorgar la mayor\u00eda al independentismo. Hay que apuntar que la CUP obtiene en esta encuesta los mismos diputados que En Com\u00fa Podem, lo que sit\u00faa el partido de Colau en una posici\u00f3n secundaria, al menos en cuanto a los resultados. La tercera encuesta es de car\u00e1cter interno de En Com\u00fa Podem, pero ha sido muy aireada. Tambi\u00e9n es diferente a las otras dos. Coincide en que el primer lugar corresponde a ERC, que mejora su resultado, pero el segundo queda en manos del PSC, que registra una importante subida. El tercer lugar ser\u00eda para JxCat, que sufrir\u00eda un descenso de 5 puntos, el cuarto es donde ir\u00eda a caer Cs, mientras que la formaci\u00f3n propietaria de la encuesta quedar\u00eda en quinto lugar, pero doblando en n\u00famero de votos a la CUP. De las tres encuestas, Electoman\u00eda es la que da un mejor resultado al PP con 11 esca\u00f1os, y tambi\u00e9n es la \u00fanica que contempla la presencia de Vox, con 6 esca\u00f1os.","og_url":"https:\/\/conversesacatalunya.cat\/es\/encuestas-continua-la-mayoria-independentista\/","og_site_name":"Converses a Catalunya","article_published_time":"2020-01-31T12:37:32+00:00","article_modified_time":"2020-01-31T13:21:23+00:00","og_image":[{"width":690,"height":309,"url":"https:\/\/conversesacatalunya.cat\/wp-content\/uploads\/2020\/01\/eleccions.jpg","type":"image\/jpeg"}],"author":"conversesacatalunya","twitter_card":"summary_large_image","twitter_misc":{"Escrito por":"conversesacatalunya","Tiempo de lectura":"2 minutos"},"schema":{"@context":"https:\/\/schema.org","@graph":[{"@type":"Article","@id":"https:\/\/conversesacatalunya.cat\/es\/encuestas-continua-la-mayoria-independentista\/#article","isPartOf":{"@id":"https:\/\/conversesacatalunya.cat\/es\/encuestas-continua-la-mayoria-independentista\/"},"author":{"name":"conversesacatalunya","@id":"https:\/\/conversesacatalunya.cat\/#\/schema\/person\/7e24d1e54a2785373ddcb275eae5ed99"},"headline":"Encuestas: contin\u00faa la mayor\u00eda independentista","datePublished":"2020-01-31T12:37:32+00:00","dateModified":"2020-01-31T13:21:23+00:00","mainEntityOfPage":{"@id":"https:\/\/conversesacatalunya.cat\/es\/encuestas-continua-la-mayoria-independentista\/"},"wordCount":469,"commentCount":0,"image":{"@id":"https:\/\/conversesacatalunya.cat\/es\/encuestas-continua-la-mayoria-independentista\/#primaryimage"},"thumbnailUrl":"https:\/\/conversesacatalunya.cat\/wp-content\/uploads\/2020\/01\/eleccions.jpg","keywords":["elecciones anticipadas","Encuestas","Independentismo"],"articleSection":["Punts clau del dia (ES)"],"inLanguage":"es","potentialAction":[{"@type":"CommentAction","name":"Comment","target":["https:\/\/conversesacatalunya.cat\/es\/encuestas-continua-la-mayoria-independentista\/#respond"]}]},{"@type":"WebPage","@id":"https:\/\/conversesacatalunya.cat\/es\/encuestas-continua-la-mayoria-independentista\/","url":"https:\/\/conversesacatalunya.cat\/es\/encuestas-continua-la-mayoria-independentista\/","name":"Encuestas: contin\u00faa la mayor\u00eda independentista - Converses a Catalunya","isPartOf":{"@id":"https:\/\/conversesacatalunya.cat\/#website"},"primaryImageOfPage":{"@id":"https:\/\/conversesacatalunya.cat\/es\/encuestas-continua-la-mayoria-independentista\/#primaryimage"},"image":{"@id":"https:\/\/conversesacatalunya.cat\/es\/encuestas-continua-la-mayoria-independentista\/#primaryimage"},"thumbnailUrl":"https:\/\/conversesacatalunya.cat\/wp-content\/uploads\/2020\/01\/eleccions.jpg","datePublished":"2020-01-31T12:37:32+00:00","dateModified":"2020-01-31T13:21:23+00:00","author":{"@id":"https:\/\/conversesacatalunya.cat\/#\/schema\/person\/7e24d1e54a2785373ddcb275eae5ed99"},"breadcrumb":{"@id":"https:\/\/conversesacatalunya.cat\/es\/encuestas-continua-la-mayoria-independentista\/#breadcrumb"},"inLanguage":"es","potentialAction":[{"@type":"ReadAction","target":["https:\/\/conversesacatalunya.cat\/es\/encuestas-continua-la-mayoria-independentista\/"]}]},{"@type":"ImageObject","inLanguage":"es","@id":"https:\/\/conversesacatalunya.cat\/es\/encuestas-continua-la-mayoria-independentista\/#primaryimage","url":"https:\/\/conversesacatalunya.cat\/wp-content\/uploads\/2020\/01\/eleccions.jpg","contentUrl":"https:\/\/conversesacatalunya.cat\/wp-content\/uploads\/2020\/01\/eleccions.jpg","width":690,"height":309,"caption":"enquestes"},{"@type":"BreadcrumbList","@id":"https:\/\/conversesacatalunya.cat\/es\/encuestas-continua-la-mayoria-independentista\/#breadcrumb","itemListElement":[{"@type":"ListItem","position":1,"name":"Inici","item":"https:\/\/conversesacatalunya.cat\/es\/"},{"@type":"ListItem","position":2,"name":"Encuestas: contin\u00faa la mayor\u00eda independentista"}]},{"@type":"WebSite","@id":"https:\/\/conversesacatalunya.cat\/#website","url":"https:\/\/conversesacatalunya.cat\/","name":"Converses a Catalunya","description":"","potentialAction":[{"@type":"SearchAction","target":{"@type":"EntryPoint","urlTemplate":"https:\/\/conversesacatalunya.cat\/?s={search_term_string}"},"query-input":{"@type":"PropertyValueSpecification","valueRequired":true,"valueName":"search_term_string"}}],"inLanguage":"es"},{"@type":"Person","@id":"https:\/\/conversesacatalunya.cat\/#\/schema\/person\/7e24d1e54a2785373ddcb275eae5ed99","name":"conversesacatalunya","image":{"@type":"ImageObject","inLanguage":"es","@id":"https:\/\/conversesacatalunya.cat\/#\/schema\/person\/image\/","url":"https:\/\/conversesacatalunya.cat\/wp-content\/litespeed\/avatar\/febdfeeec89d950f01c748045a981dd2.jpg?ver=1777314535","contentUrl":"https:\/\/conversesacatalunya.cat\/wp-content\/litespeed\/avatar\/febdfeeec89d950f01c748045a981dd2.jpg?ver=1777314535","caption":"conversesacatalunya"},"url":"https:\/\/conversesacatalunya.cat\/es\/author\/carme_catala\/"}]}},"wps_subtitle":"","_links":{"self":[{"href":"https:\/\/conversesacatalunya.cat\/es\/wp-json\/wp\/v2\/posts\/31862","targetHints":{"allow":["GET"]}}],"collection":[{"href":"https:\/\/conversesacatalunya.cat\/es\/wp-json\/wp\/v2\/posts"}],"about":[{"href":"https:\/\/conversesacatalunya.cat\/es\/wp-json\/wp\/v2\/types\/post"}],"author":[{"embeddable":true,"href":"https:\/\/conversesacatalunya.cat\/es\/wp-json\/wp\/v2\/users\/2"}],"replies":[{"embeddable":true,"href":"https:\/\/conversesacatalunya.cat\/es\/wp-json\/wp\/v2\/comments?post=31862"}],"version-history":[{"count":2,"href":"https:\/\/conversesacatalunya.cat\/es\/wp-json\/wp\/v2\/posts\/31862\/revisions"}],"predecessor-version":[{"id":31863,"href":"https:\/\/conversesacatalunya.cat\/es\/wp-json\/wp\/v2\/posts\/31862\/revisions\/31863"}],"wp:featuredmedia":[{"embeddable":true,"href":"https:\/\/conversesacatalunya.cat\/es\/wp-json\/wp\/v2\/media\/31854"}],"wp:attachment":[{"href":"https:\/\/conversesacatalunya.cat\/es\/wp-json\/wp\/v2\/media?parent=31862"}],"wp:term":[{"taxonomy":"category","embeddable":true,"href":"https:\/\/conversesacatalunya.cat\/es\/wp-json\/wp\/v2\/categories?post=31862"},{"taxonomy":"post_tag","embeddable":true,"href":"https:\/\/conversesacatalunya.cat\/es\/wp-json\/wp\/v2\/tags?post=31862"}],"curies":[{"name":"wp","href":"https:\/\/api.w.org\/{rel}","templated":true}]}}