{"id":31857,"date":"2020-01-31T13:07:23","date_gmt":"2020-01-31T12:07:23","guid":{"rendered":"https:\/\/conversesacatalunya.cat\/la-doble-mini-crisi-acaba-afavorint-erc\/"},"modified":"2020-01-31T14:23:23","modified_gmt":"2020-01-31T13:23:23","slug":"la-doble-minicrisis-termina-favoreciendo-a-erc","status":"publish","type":"post","link":"https:\/\/conversesacatalunya.cat\/es\/la-doble-minicrisis-termina-favoreciendo-a-erc\/","title":{"rendered":"La doble minicrisis termina favoreciendo a ERC"},"content":{"rendered":"<p><span style=\"display: inline !important; float: none; background-color: #f5f5f5; color: rgba(0, 0, 0, 0.87); font-family: 'Roboto',arial,sans-serif; font-size: 18px; font-style: normal; font-variant: normal; font-weight: 400; letter-spacing: normal; line-height: 28px; orphans: 2; text-align: left; text-decoration: none; text-indent: 0px; text-transform: none; -webkit-text-stroke-width: 0px; white-space: pre-wrap; word-spacing: 0px;\">A una velocidad de v\u00e9rtigo, <a href=\"https:\/\/conversesacatalunya.cat\/es\/esquerra-entre-la-espada-torra-y-la-pared-sanchez\/\" target=\"_blank\" rel=\"noopener noreferrer\">las crisis en relaci\u00f3n con la situaci\u00f3n pol\u00edtica de Catalu\u00f1a<\/a> se hacen y se deshacen. Primero la ruptura en el Parlamento al no autorizar el presidente Torrent de ERC el voto del otro presidente, el de la Generalitat, Torra, contestada autom\u00e1ticamente al d\u00eda siguiente por el anuncio de un <strong>adelanto de las elecciones<\/strong> aplazadas hasta despu\u00e9s de la aprobaci\u00f3n del presupuesto, dada la crisis de gobierno existente.<\/span><\/p>\n<p><span style=\"display: inline !important; float: none; background-color: #f5f5f5; color: rgba(0, 0, 0, 0.87); font-family: 'Roboto',arial,sans-serif; font-size: 18px; font-style: normal; font-variant: normal; font-weight: 400; letter-spacing: normal; line-height: 28px; orphans: 2; text-align: left; text-decoration: none; text-indent: 0px; text-transform: none; -webkit-text-stroke-width: 0px; white-space: pre-wrap; word-spacing: 0px;\">En este escenario, la agenda Puigdemont Torra pod\u00eda llevarse la bandera de la rebeld\u00eda ante las acciones jur\u00eddicas de los poderes estatales.<\/span><\/p>\n<p><span style=\"display: inline !important; float: none; background-color: #f5f5f5; color: rgba(0, 0, 0, 0.87); font-family: 'Roboto',arial,sans-serif; font-size: 18px; font-style: normal; font-variant: normal; font-weight: 400; letter-spacing: normal; line-height: 28px; orphans: 2; text-align: left; text-decoration: none; text-indent: 0px; text-transform: none; -webkit-text-stroke-width: 0px; white-space: pre-wrap; word-spacing: 0px;\">Al d\u00eda siguiente el problema para ERC se incrementaba cuando la vicepresidenta del gobierno, Carmen Calvo, <strong>dejaba en suspenso la reuni\u00f3n de S\u00e1nchez con el presidente de la Generalitat<\/strong>, posibilidad a continuaci\u00f3n desmentida desde la Moncloa al asegurar la reuni\u00f3n del pr\u00f3ximo jueves, pero que al mismo tiempo <strong>suspend\u00eda la mesa de negociaci\u00f3n<\/strong> hasta despu\u00e9s de las elecciones.<\/span><\/p>\n<p><span style=\"display: inline !important; float: none; background-color: #f5f5f5; color: rgba(0, 0, 0, 0.87); font-family: 'Roboto',arial,sans-serif; font-size: 18px; font-style: normal; font-variant: normal; font-weight: 400; letter-spacing: normal; line-height: 28px; orphans: 2; text-align: left; text-decoration: none; text-indent: 0px; text-transform: none; -webkit-text-stroke-width: 0px; white-space: pre-wrap; word-spacing: 0px;\">Si la pel\u00edcula se hubiera acabado aqu\u00ed, el golpe a ERC habr\u00eda sido monumental, porque la dejaba sin relato en cuanto a su negociaci\u00f3n con Madrid y cuestionado su papel de firme independentista que va a por todas en Catalu\u00f1a.<\/span><\/p>\n<p><span style=\"display: inline !important; float: none; background-color: #f5f5f5; color: rgba(0, 0, 0, 0.87); font-family: 'Roboto',arial,sans-serif; font-size: 18px; font-style: normal; font-variant: normal; font-weight: 400; letter-spacing: normal; line-height: 28px; orphans: 2; text-align: left; text-decoration: none; text-indent: 0px; text-transform: none; -webkit-text-stroke-width: 0px; white-space: pre-wrap; word-spacing: 0px;\">Pero he aqu\u00ed que se produce un pronunciamiento de Esquerra denunciando el incumplimiento por parte del gobierno de S\u00e1nchez, algo del todo evidente, y esta actitud se ve magnificada por el hecho, que no deja de ser ins\u00f3lito, de que Rufi\u00e1n por la tarde se entrevista con S\u00e1nchez en la Moncloa y el resultado es una <strong>rectificaci\u00f3n del gobierno espa\u00f1ol<\/strong> en toda regla ante la presi\u00f3n republicana. Punto y set para el negociador republicano y una recuperaci\u00f3n del rol de este partido en Catalu\u00f1a. Porque ahora puede presentarse como la fuerza que de una manera clara y evidente le ha tumbado el pulso a S\u00e1nchez.<\/span><\/p>\n<p><span style=\"display: inline !important; float: none; background-color: #f5f5f5; color: rgba(0, 0, 0, 0.87); font-family: 'Roboto',arial,sans-serif; font-size: 18px; font-style: normal; font-variant: normal; font-weight: 400; letter-spacing: normal; line-height: 28px; orphans: 2; text-align: left; text-decoration: none; text-indent: 0px; text-transform: none; -webkit-text-stroke-width: 0px; white-space: pre-wrap; word-spacing: 0px;\">Sean as\u00ed las cosas o bien de otro modo, lo que se ve es exactamente lo que hemos descrito. La pregunta del mill\u00f3n es <strong>por qu\u00e9 en un lapso tan corto de tiempo hubo tantos desmentidos y contradicciones en la Moncloa<\/strong>. S\u00e1nchez desmintiendo a su vicepresidenta para acabar desminti\u00e9ndose a s\u00ed mismo.<\/span><\/p>\n<p><span style=\"display: inline !important; float: none; background-color: #f5f5f5; color: rgba(0, 0, 0, 0.87); font-family: 'Roboto',arial,sans-serif; font-size: 18px; font-style: normal; font-variant: normal; font-weight: 400; letter-spacing: normal; line-height: 28px; orphans: 2; text-align: left; text-decoration: none; text-indent: 0px; text-transform: none; -webkit-text-stroke-width: 0px; white-space: pre-wrap; word-spacing: 0px;\">La historia no ha terminado y ahora hay que ver el papel que le da Torra a su entrevista, porque ha de intentar contrapesar a toda costa el \u00e9xito que han tenido Rufi\u00e1n y ERC.<\/span><\/p>\n","protected":false},"excerpt":{"rendered":"<p>A una velocidad de v\u00e9rtigo, las crisis en relaci\u00f3n con la situaci\u00f3n pol\u00edtica de Catalu\u00f1a se hacen y se deshacen. Primero la ruptura en el Parlamento al no autorizar el presidente Torrent de ERC el voto del otro presidente, el de la Generalitat, Torra, contestada autom\u00e1ticamente al d\u00eda siguiente por el anuncio de un adelanto de las elecciones aplazadas hasta despu\u00e9s de la aprobaci\u00f3n del presupuesto, dada la crisis de gobierno existente. En este escenario, la agenda Puigdemont Torra pod\u00eda llevarse la bandera de la rebeld\u00eda ante las acciones jur\u00eddicas de los poderes estatales. Al d\u00eda siguiente el problema para ERC se incrementaba cuando la vicepresidenta del gobierno, Carmen Calvo, dejaba en suspenso la reuni\u00f3n de S\u00e1nchez con el presidente de la Generalitat, posibilidad a continuaci\u00f3n desmentida desde la Moncloa al asegurar la reuni\u00f3n del pr\u00f3ximo jueves, pero que al mismo tiempo suspend\u00eda la mesa de negociaci\u00f3n hasta despu\u00e9s de las elecciones. Si la pel\u00edcula se hubiera acabado aqu\u00ed, el golpe a ERC habr\u00eda sido monumental, porque la dejaba sin relato en cuanto a su negociaci\u00f3n con Madrid y cuestionado su papel de firme independentista que va a por todas en Catalu\u00f1a. Pero he aqu\u00ed que se produce un pronunciamiento de Esquerra denunciando el incumplimiento por parte del gobierno de S\u00e1nchez, algo del todo evidente, y esta actitud se ve magnificada por el hecho, que no deja de ser ins\u00f3lito, de que Rufi\u00e1n por la tarde se entrevista con S\u00e1nchez en la Moncloa y el resultado es una rectificaci\u00f3n del gobierno espa\u00f1ol en toda regla ante la presi\u00f3n republicana. Punto y set para el negociador republicano y una recuperaci\u00f3n del rol de este partido en Catalu\u00f1a. Porque ahora puede presentarse como la fuerza que de una manera clara y evidente le ha tumbado el pulso a S\u00e1nchez. Sean as\u00ed las cosas o bien de otro modo, lo que se ve es exactamente lo que hemos descrito. La pregunta del mill\u00f3n es por qu\u00e9 en un lapso tan corto de tiempo hubo tantos desmentidos y contradicciones en la Moncloa. S\u00e1nchez desmintiendo a su vicepresidenta para acabar desminti\u00e9ndose a s\u00ed mismo. La historia no ha terminado y ahora hay que ver el papel que le da Torra a su entrevista, porque ha de intentar contrapesar a toda costa el \u00e9xito que han tenido Rufi\u00e1n y ERC.<\/p>\n","protected":false},"author":2,"featured_media":31850,"comment_status":"open","ping_status":"open","sticky":false,"template":"","format":"standard","meta":{"_FSMCFIC_featured_image_caption":"","_FSMCFIC_featured_image_nocaption":"","_FSMCFIC_featured_image_hide":"","footnotes":""},"categories":[806],"tags":[1108,1535,1157,910],"class_list":["post-31857","post","type-post","status-publish","format-standard","has-post-thumbnail","hentry","category-punts-claus-del-dia-es","tag-erc-es","tag-mesa-de-negociaciones","tag-pedro-sanchez-es","tag-quim-torra-es"],"yoast_head":"<!-- This site is optimized with the Yoast SEO plugin v26.8 - https:\/\/yoast.com\/product\/yoast-seo-wordpress\/ -->\n<title>La doble minicrisis termina favoreciendo a ERC - Converses a Catalunya<\/title>\n<meta name=\"robots\" content=\"index, follow, max-snippet:-1, max-image-preview:large, max-video-preview:-1\" \/>\n<link rel=\"canonical\" href=\"https:\/\/conversesacatalunya.cat\/es\/la-doble-minicrisis-termina-favoreciendo-a-erc\/\" \/>\n<meta property=\"og:locale\" content=\"es_ES\" \/>\n<meta property=\"og:type\" content=\"article\" \/>\n<meta property=\"og:title\" content=\"La doble minicrisis termina favoreciendo a ERC - Converses a Catalunya\" \/>\n<meta property=\"og:description\" content=\"A una velocidad de v\u00e9rtigo, las crisis en relaci\u00f3n con la situaci\u00f3n pol\u00edtica de Catalu\u00f1a se hacen y se deshacen. Primero la ruptura en el Parlamento al no autorizar el presidente Torrent de ERC el voto del otro presidente, el de la Generalitat, Torra, contestada autom\u00e1ticamente al d\u00eda siguiente por el anuncio de un adelanto de las elecciones aplazadas hasta despu\u00e9s de la aprobaci\u00f3n del presupuesto, dada la crisis de gobierno existente. En este escenario, la agenda Puigdemont Torra pod\u00eda llevarse la bandera de la rebeld\u00eda ante las acciones jur\u00eddicas de los poderes estatales. Al d\u00eda siguiente el problema para ERC se incrementaba cuando la vicepresidenta del gobierno, Carmen Calvo, dejaba en suspenso la reuni\u00f3n de S\u00e1nchez con el presidente de la Generalitat, posibilidad a continuaci\u00f3n desmentida desde la Moncloa al asegurar la reuni\u00f3n del pr\u00f3ximo jueves, pero que al mismo tiempo suspend\u00eda la mesa de negociaci\u00f3n hasta despu\u00e9s de las elecciones. Si la pel\u00edcula se hubiera acabado aqu\u00ed, el golpe a ERC habr\u00eda sido monumental, porque la dejaba sin relato en cuanto a su negociaci\u00f3n con Madrid y cuestionado su papel de firme independentista que va a por todas en Catalu\u00f1a. Pero he aqu\u00ed que se produce un pronunciamiento de Esquerra denunciando el incumplimiento por parte del gobierno de S\u00e1nchez, algo del todo evidente, y esta actitud se ve magnificada por el hecho, que no deja de ser ins\u00f3lito, de que Rufi\u00e1n por la tarde se entrevista con S\u00e1nchez en la Moncloa y el resultado es una rectificaci\u00f3n del gobierno espa\u00f1ol en toda regla ante la presi\u00f3n republicana. Punto y set para el negociador republicano y una recuperaci\u00f3n del rol de este partido en Catalu\u00f1a. Porque ahora puede presentarse como la fuerza que de una manera clara y evidente le ha tumbado el pulso a S\u00e1nchez. Sean as\u00ed las cosas o bien de otro modo, lo que se ve es exactamente lo que hemos descrito. La pregunta del mill\u00f3n es por qu\u00e9 en un lapso tan corto de tiempo hubo tantos desmentidos y contradicciones en la Moncloa. S\u00e1nchez desmintiendo a su vicepresidenta para acabar desminti\u00e9ndose a s\u00ed mismo. La historia no ha terminado y ahora hay que ver el papel que le da Torra a su entrevista, porque ha de intentar contrapesar a toda costa el \u00e9xito que han tenido Rufi\u00e1n y ERC.\" \/>\n<meta property=\"og:url\" content=\"https:\/\/conversesacatalunya.cat\/es\/la-doble-minicrisis-termina-favoreciendo-a-erc\/\" \/>\n<meta property=\"og:site_name\" content=\"Converses a Catalunya\" \/>\n<meta property=\"article:published_time\" content=\"2020-01-31T12:07:23+00:00\" \/>\n<meta property=\"article:modified_time\" content=\"2020-01-31T13:23:23+00:00\" \/>\n<meta property=\"og:image\" content=\"https:\/\/conversesacatalunya.cat\/wp-content\/uploads\/2020\/01\/Gabriel_Rufian-Pedro_Sanchez-ERC_Esquerra_Republicana_de_Cataluna-Presupuestos_Generales_del_Estado-Quim_Torra-Politica_463964306_143933849_1024x576.jpg\" \/>\n\t<meta property=\"og:image:width\" content=\"1024\" \/>\n\t<meta property=\"og:image:height\" content=\"576\" \/>\n\t<meta property=\"og:image:type\" content=\"image\/jpeg\" \/>\n<meta name=\"author\" content=\"conversesacatalunya\" \/>\n<meta name=\"twitter:card\" content=\"summary_large_image\" \/>\n<meta name=\"twitter:label1\" content=\"Escrito por\" \/>\n\t<meta name=\"twitter:data1\" content=\"conversesacatalunya\" \/>\n\t<meta name=\"twitter:label2\" content=\"Tiempo de lectura\" \/>\n\t<meta name=\"twitter:data2\" content=\"2 minutos\" \/>\n<script type=\"application\/ld+json\" class=\"yoast-schema-graph\">{\"@context\":\"https:\/\/schema.org\",\"@graph\":[{\"@type\":\"Article\",\"@id\":\"https:\/\/conversesacatalunya.cat\/es\/la-doble-minicrisis-termina-favoreciendo-a-erc\/#article\",\"isPartOf\":{\"@id\":\"https:\/\/conversesacatalunya.cat\/es\/la-doble-minicrisis-termina-favoreciendo-a-erc\/\"},\"author\":{\"name\":\"conversesacatalunya\",\"@id\":\"https:\/\/conversesacatalunya.cat\/#\/schema\/person\/7e24d1e54a2785373ddcb275eae5ed99\"},\"headline\":\"La doble minicrisis termina favoreciendo a ERC\",\"datePublished\":\"2020-01-31T12:07:23+00:00\",\"dateModified\":\"2020-01-31T13:23:23+00:00\",\"mainEntityOfPage\":{\"@id\":\"https:\/\/conversesacatalunya.cat\/es\/la-doble-minicrisis-termina-favoreciendo-a-erc\/\"},\"wordCount\":430,\"commentCount\":0,\"image\":{\"@id\":\"https:\/\/conversesacatalunya.cat\/es\/la-doble-minicrisis-termina-favoreciendo-a-erc\/#primaryimage\"},\"thumbnailUrl\":\"https:\/\/conversesacatalunya.cat\/wp-content\/uploads\/2020\/01\/Gabriel_Rufian-Pedro_Sanchez-ERC_Esquerra_Republicana_de_Cataluna-Presupuestos_Generales_del_Estado-Quim_Torra-Politica_463964306_143933849_1024x576.jpg\",\"keywords\":[\"ERC\",\"Mesa de negociaciones\",\"Pedro S\u00e1nchez\",\"Quim Torra\"],\"articleSection\":[\"Punts clau del dia (ES)\"],\"inLanguage\":\"es\",\"potentialAction\":[{\"@type\":\"CommentAction\",\"name\":\"Comment\",\"target\":[\"https:\/\/conversesacatalunya.cat\/es\/la-doble-minicrisis-termina-favoreciendo-a-erc\/#respond\"]}]},{\"@type\":\"WebPage\",\"@id\":\"https:\/\/conversesacatalunya.cat\/es\/la-doble-minicrisis-termina-favoreciendo-a-erc\/\",\"url\":\"https:\/\/conversesacatalunya.cat\/es\/la-doble-minicrisis-termina-favoreciendo-a-erc\/\",\"name\":\"La doble minicrisis termina favoreciendo a ERC - Converses a Catalunya\",\"isPartOf\":{\"@id\":\"https:\/\/conversesacatalunya.cat\/#website\"},\"primaryImageOfPage\":{\"@id\":\"https:\/\/conversesacatalunya.cat\/es\/la-doble-minicrisis-termina-favoreciendo-a-erc\/#primaryimage\"},\"image\":{\"@id\":\"https:\/\/conversesacatalunya.cat\/es\/la-doble-minicrisis-termina-favoreciendo-a-erc\/#primaryimage\"},\"thumbnailUrl\":\"https:\/\/conversesacatalunya.cat\/wp-content\/uploads\/2020\/01\/Gabriel_Rufian-Pedro_Sanchez-ERC_Esquerra_Republicana_de_Cataluna-Presupuestos_Generales_del_Estado-Quim_Torra-Politica_463964306_143933849_1024x576.jpg\",\"datePublished\":\"2020-01-31T12:07:23+00:00\",\"dateModified\":\"2020-01-31T13:23:23+00:00\",\"author\":{\"@id\":\"https:\/\/conversesacatalunya.cat\/#\/schema\/person\/7e24d1e54a2785373ddcb275eae5ed99\"},\"breadcrumb\":{\"@id\":\"https:\/\/conversesacatalunya.cat\/es\/la-doble-minicrisis-termina-favoreciendo-a-erc\/#breadcrumb\"},\"inLanguage\":\"es\",\"potentialAction\":[{\"@type\":\"ReadAction\",\"target\":[\"https:\/\/conversesacatalunya.cat\/es\/la-doble-minicrisis-termina-favoreciendo-a-erc\/\"]}]},{\"@type\":\"ImageObject\",\"inLanguage\":\"es\",\"@id\":\"https:\/\/conversesacatalunya.cat\/es\/la-doble-minicrisis-termina-favoreciendo-a-erc\/#primaryimage\",\"url\":\"https:\/\/conversesacatalunya.cat\/wp-content\/uploads\/2020\/01\/Gabriel_Rufian-Pedro_Sanchez-ERC_Esquerra_Republicana_de_Cataluna-Presupuestos_Generales_del_Estado-Quim_Torra-Politica_463964306_143933849_1024x576.jpg\",\"contentUrl\":\"https:\/\/conversesacatalunya.cat\/wp-content\/uploads\/2020\/01\/Gabriel_Rufian-Pedro_Sanchez-ERC_Esquerra_Republicana_de_Cataluna-Presupuestos_Generales_del_Estado-Quim_Torra-Politica_463964306_143933849_1024x576.jpg\",\"width\":1024,\"height\":576,\"caption\":\"crisi de govern\"},{\"@type\":\"BreadcrumbList\",\"@id\":\"https:\/\/conversesacatalunya.cat\/es\/la-doble-minicrisis-termina-favoreciendo-a-erc\/#breadcrumb\",\"itemListElement\":[{\"@type\":\"ListItem\",\"position\":1,\"name\":\"Inici\",\"item\":\"https:\/\/conversesacatalunya.cat\/es\/\"},{\"@type\":\"ListItem\",\"position\":2,\"name\":\"La doble minicrisis termina favoreciendo a ERC\"}]},{\"@type\":\"WebSite\",\"@id\":\"https:\/\/conversesacatalunya.cat\/#website\",\"url\":\"https:\/\/conversesacatalunya.cat\/\",\"name\":\"Converses a Catalunya\",\"description\":\"\",\"potentialAction\":[{\"@type\":\"SearchAction\",\"target\":{\"@type\":\"EntryPoint\",\"urlTemplate\":\"https:\/\/conversesacatalunya.cat\/?s={search_term_string}\"},\"query-input\":{\"@type\":\"PropertyValueSpecification\",\"valueRequired\":true,\"valueName\":\"search_term_string\"}}],\"inLanguage\":\"es\"},{\"@type\":\"Person\",\"@id\":\"https:\/\/conversesacatalunya.cat\/#\/schema\/person\/7e24d1e54a2785373ddcb275eae5ed99\",\"name\":\"conversesacatalunya\",\"image\":{\"@type\":\"ImageObject\",\"inLanguage\":\"es\",\"@id\":\"https:\/\/conversesacatalunya.cat\/#\/schema\/person\/image\/\",\"url\":\"https:\/\/conversesacatalunya.cat\/wp-content\/litespeed\/avatar\/febdfeeec89d950f01c748045a981dd2.jpg?ver=1777314535\",\"contentUrl\":\"https:\/\/conversesacatalunya.cat\/wp-content\/litespeed\/avatar\/febdfeeec89d950f01c748045a981dd2.jpg?ver=1777314535\",\"caption\":\"conversesacatalunya\"},\"url\":\"https:\/\/conversesacatalunya.cat\/es\/author\/carme_catala\/\"}]}<\/script>\n<!-- \/ Yoast SEO plugin. -->","yoast_head_json":{"title":"La doble minicrisis termina favoreciendo a ERC - Converses a Catalunya","robots":{"index":"index","follow":"follow","max-snippet":"max-snippet:-1","max-image-preview":"max-image-preview:large","max-video-preview":"max-video-preview:-1"},"canonical":"https:\/\/conversesacatalunya.cat\/es\/la-doble-minicrisis-termina-favoreciendo-a-erc\/","og_locale":"es_ES","og_type":"article","og_title":"La doble minicrisis termina favoreciendo a ERC - Converses a Catalunya","og_description":"A una velocidad de v\u00e9rtigo, las crisis en relaci\u00f3n con la situaci\u00f3n pol\u00edtica de Catalu\u00f1a se hacen y se deshacen. Primero la ruptura en el Parlamento al no autorizar el presidente Torrent de ERC el voto del otro presidente, el de la Generalitat, Torra, contestada autom\u00e1ticamente al d\u00eda siguiente por el anuncio de un adelanto de las elecciones aplazadas hasta despu\u00e9s de la aprobaci\u00f3n del presupuesto, dada la crisis de gobierno existente. En este escenario, la agenda Puigdemont Torra pod\u00eda llevarse la bandera de la rebeld\u00eda ante las acciones jur\u00eddicas de los poderes estatales. Al d\u00eda siguiente el problema para ERC se incrementaba cuando la vicepresidenta del gobierno, Carmen Calvo, dejaba en suspenso la reuni\u00f3n de S\u00e1nchez con el presidente de la Generalitat, posibilidad a continuaci\u00f3n desmentida desde la Moncloa al asegurar la reuni\u00f3n del pr\u00f3ximo jueves, pero que al mismo tiempo suspend\u00eda la mesa de negociaci\u00f3n hasta despu\u00e9s de las elecciones. Si la pel\u00edcula se hubiera acabado aqu\u00ed, el golpe a ERC habr\u00eda sido monumental, porque la dejaba sin relato en cuanto a su negociaci\u00f3n con Madrid y cuestionado su papel de firme independentista que va a por todas en Catalu\u00f1a. Pero he aqu\u00ed que se produce un pronunciamiento de Esquerra denunciando el incumplimiento por parte del gobierno de S\u00e1nchez, algo del todo evidente, y esta actitud se ve magnificada por el hecho, que no deja de ser ins\u00f3lito, de que Rufi\u00e1n por la tarde se entrevista con S\u00e1nchez en la Moncloa y el resultado es una rectificaci\u00f3n del gobierno espa\u00f1ol en toda regla ante la presi\u00f3n republicana. Punto y set para el negociador republicano y una recuperaci\u00f3n del rol de este partido en Catalu\u00f1a. Porque ahora puede presentarse como la fuerza que de una manera clara y evidente le ha tumbado el pulso a S\u00e1nchez. Sean as\u00ed las cosas o bien de otro modo, lo que se ve es exactamente lo que hemos descrito. La pregunta del mill\u00f3n es por qu\u00e9 en un lapso tan corto de tiempo hubo tantos desmentidos y contradicciones en la Moncloa. S\u00e1nchez desmintiendo a su vicepresidenta para acabar desminti\u00e9ndose a s\u00ed mismo. La historia no ha terminado y ahora hay que ver el papel que le da Torra a su entrevista, porque ha de intentar contrapesar a toda costa el \u00e9xito que han tenido Rufi\u00e1n y ERC.","og_url":"https:\/\/conversesacatalunya.cat\/es\/la-doble-minicrisis-termina-favoreciendo-a-erc\/","og_site_name":"Converses a Catalunya","article_published_time":"2020-01-31T12:07:23+00:00","article_modified_time":"2020-01-31T13:23:23+00:00","og_image":[{"width":1024,"height":576,"url":"https:\/\/conversesacatalunya.cat\/wp-content\/uploads\/2020\/01\/Gabriel_Rufian-Pedro_Sanchez-ERC_Esquerra_Republicana_de_Cataluna-Presupuestos_Generales_del_Estado-Quim_Torra-Politica_463964306_143933849_1024x576.jpg","type":"image\/jpeg"}],"author":"conversesacatalunya","twitter_card":"summary_large_image","twitter_misc":{"Escrito por":"conversesacatalunya","Tiempo de lectura":"2 minutos"},"schema":{"@context":"https:\/\/schema.org","@graph":[{"@type":"Article","@id":"https:\/\/conversesacatalunya.cat\/es\/la-doble-minicrisis-termina-favoreciendo-a-erc\/#article","isPartOf":{"@id":"https:\/\/conversesacatalunya.cat\/es\/la-doble-minicrisis-termina-favoreciendo-a-erc\/"},"author":{"name":"conversesacatalunya","@id":"https:\/\/conversesacatalunya.cat\/#\/schema\/person\/7e24d1e54a2785373ddcb275eae5ed99"},"headline":"La doble minicrisis termina favoreciendo a ERC","datePublished":"2020-01-31T12:07:23+00:00","dateModified":"2020-01-31T13:23:23+00:00","mainEntityOfPage":{"@id":"https:\/\/conversesacatalunya.cat\/es\/la-doble-minicrisis-termina-favoreciendo-a-erc\/"},"wordCount":430,"commentCount":0,"image":{"@id":"https:\/\/conversesacatalunya.cat\/es\/la-doble-minicrisis-termina-favoreciendo-a-erc\/#primaryimage"},"thumbnailUrl":"https:\/\/conversesacatalunya.cat\/wp-content\/uploads\/2020\/01\/Gabriel_Rufian-Pedro_Sanchez-ERC_Esquerra_Republicana_de_Cataluna-Presupuestos_Generales_del_Estado-Quim_Torra-Politica_463964306_143933849_1024x576.jpg","keywords":["ERC","Mesa de negociaciones","Pedro S\u00e1nchez","Quim Torra"],"articleSection":["Punts clau del dia (ES)"],"inLanguage":"es","potentialAction":[{"@type":"CommentAction","name":"Comment","target":["https:\/\/conversesacatalunya.cat\/es\/la-doble-minicrisis-termina-favoreciendo-a-erc\/#respond"]}]},{"@type":"WebPage","@id":"https:\/\/conversesacatalunya.cat\/es\/la-doble-minicrisis-termina-favoreciendo-a-erc\/","url":"https:\/\/conversesacatalunya.cat\/es\/la-doble-minicrisis-termina-favoreciendo-a-erc\/","name":"La doble minicrisis termina favoreciendo a ERC - Converses a Catalunya","isPartOf":{"@id":"https:\/\/conversesacatalunya.cat\/#website"},"primaryImageOfPage":{"@id":"https:\/\/conversesacatalunya.cat\/es\/la-doble-minicrisis-termina-favoreciendo-a-erc\/#primaryimage"},"image":{"@id":"https:\/\/conversesacatalunya.cat\/es\/la-doble-minicrisis-termina-favoreciendo-a-erc\/#primaryimage"},"thumbnailUrl":"https:\/\/conversesacatalunya.cat\/wp-content\/uploads\/2020\/01\/Gabriel_Rufian-Pedro_Sanchez-ERC_Esquerra_Republicana_de_Cataluna-Presupuestos_Generales_del_Estado-Quim_Torra-Politica_463964306_143933849_1024x576.jpg","datePublished":"2020-01-31T12:07:23+00:00","dateModified":"2020-01-31T13:23:23+00:00","author":{"@id":"https:\/\/conversesacatalunya.cat\/#\/schema\/person\/7e24d1e54a2785373ddcb275eae5ed99"},"breadcrumb":{"@id":"https:\/\/conversesacatalunya.cat\/es\/la-doble-minicrisis-termina-favoreciendo-a-erc\/#breadcrumb"},"inLanguage":"es","potentialAction":[{"@type":"ReadAction","target":["https:\/\/conversesacatalunya.cat\/es\/la-doble-minicrisis-termina-favoreciendo-a-erc\/"]}]},{"@type":"ImageObject","inLanguage":"es","@id":"https:\/\/conversesacatalunya.cat\/es\/la-doble-minicrisis-termina-favoreciendo-a-erc\/#primaryimage","url":"https:\/\/conversesacatalunya.cat\/wp-content\/uploads\/2020\/01\/Gabriel_Rufian-Pedro_Sanchez-ERC_Esquerra_Republicana_de_Cataluna-Presupuestos_Generales_del_Estado-Quim_Torra-Politica_463964306_143933849_1024x576.jpg","contentUrl":"https:\/\/conversesacatalunya.cat\/wp-content\/uploads\/2020\/01\/Gabriel_Rufian-Pedro_Sanchez-ERC_Esquerra_Republicana_de_Cataluna-Presupuestos_Generales_del_Estado-Quim_Torra-Politica_463964306_143933849_1024x576.jpg","width":1024,"height":576,"caption":"crisi de govern"},{"@type":"BreadcrumbList","@id":"https:\/\/conversesacatalunya.cat\/es\/la-doble-minicrisis-termina-favoreciendo-a-erc\/#breadcrumb","itemListElement":[{"@type":"ListItem","position":1,"name":"Inici","item":"https:\/\/conversesacatalunya.cat\/es\/"},{"@type":"ListItem","position":2,"name":"La doble minicrisis termina favoreciendo a ERC"}]},{"@type":"WebSite","@id":"https:\/\/conversesacatalunya.cat\/#website","url":"https:\/\/conversesacatalunya.cat\/","name":"Converses a Catalunya","description":"","potentialAction":[{"@type":"SearchAction","target":{"@type":"EntryPoint","urlTemplate":"https:\/\/conversesacatalunya.cat\/?s={search_term_string}"},"query-input":{"@type":"PropertyValueSpecification","valueRequired":true,"valueName":"search_term_string"}}],"inLanguage":"es"},{"@type":"Person","@id":"https:\/\/conversesacatalunya.cat\/#\/schema\/person\/7e24d1e54a2785373ddcb275eae5ed99","name":"conversesacatalunya","image":{"@type":"ImageObject","inLanguage":"es","@id":"https:\/\/conversesacatalunya.cat\/#\/schema\/person\/image\/","url":"https:\/\/conversesacatalunya.cat\/wp-content\/litespeed\/avatar\/febdfeeec89d950f01c748045a981dd2.jpg?ver=1777314535","contentUrl":"https:\/\/conversesacatalunya.cat\/wp-content\/litespeed\/avatar\/febdfeeec89d950f01c748045a981dd2.jpg?ver=1777314535","caption":"conversesacatalunya"},"url":"https:\/\/conversesacatalunya.cat\/es\/author\/carme_catala\/"}]}},"wps_subtitle":"","_links":{"self":[{"href":"https:\/\/conversesacatalunya.cat\/es\/wp-json\/wp\/v2\/posts\/31857","targetHints":{"allow":["GET"]}}],"collection":[{"href":"https:\/\/conversesacatalunya.cat\/es\/wp-json\/wp\/v2\/posts"}],"about":[{"href":"https:\/\/conversesacatalunya.cat\/es\/wp-json\/wp\/v2\/types\/post"}],"author":[{"embeddable":true,"href":"https:\/\/conversesacatalunya.cat\/es\/wp-json\/wp\/v2\/users\/2"}],"replies":[{"embeddable":true,"href":"https:\/\/conversesacatalunya.cat\/es\/wp-json\/wp\/v2\/comments?post=31857"}],"version-history":[{"count":4,"href":"https:\/\/conversesacatalunya.cat\/es\/wp-json\/wp\/v2\/posts\/31857\/revisions"}],"predecessor-version":[{"id":31865,"href":"https:\/\/conversesacatalunya.cat\/es\/wp-json\/wp\/v2\/posts\/31857\/revisions\/31865"}],"wp:featuredmedia":[{"embeddable":true,"href":"https:\/\/conversesacatalunya.cat\/es\/wp-json\/wp\/v2\/media\/31850"}],"wp:attachment":[{"href":"https:\/\/conversesacatalunya.cat\/es\/wp-json\/wp\/v2\/media?parent=31857"}],"wp:term":[{"taxonomy":"category","embeddable":true,"href":"https:\/\/conversesacatalunya.cat\/es\/wp-json\/wp\/v2\/categories?post=31857"},{"taxonomy":"post_tag","embeddable":true,"href":"https:\/\/conversesacatalunya.cat\/es\/wp-json\/wp\/v2\/tags?post=31857"}],"curies":[{"name":"wp","href":"https:\/\/api.w.org\/{rel}","templated":true}]}}