{"id":31695,"date":"2020-01-28T10:58:28","date_gmt":"2020-01-28T09:58:28","guid":{"rendered":"https:\/\/conversesacatalunya.cat\/els-incondicionals-entre-el-20-i-el-25-dels-catalans-son-fans-del-govern-de-torra\/"},"modified":"2020-01-28T15:45:44","modified_gmt":"2020-01-28T14:45:44","slug":"los-incondicionales-entre-el-20-y-el-25-de-los-catalanes-son-fans-del-gobierno-de-torra","status":"publish","type":"post","link":"https:\/\/conversesacatalunya.cat\/es\/los-incondicionales-entre-el-20-y-el-25-de-los-catalanes-son-fans-del-gobierno-de-torra\/","title":{"rendered":"Los incondicionales. Entre el 20 y el 25% de los catalanes son fans del gobierno de Torra"},"content":{"rendered":"<p><span style=\"display: inline !important; float: none; background-color: #f5f5f5; color: rgba(0, 0, 0, 0.87); font-family: 'Roboto',arial,sans-serif; font-size: 18px; font-style: normal; font-variant: normal; font-weight: 400; letter-spacing: normal; line-height: 28px; orphans: 2; text-align: left; text-decoration: none; text-indent: 0px; text-transform: none; -webkit-text-stroke-width: 0px; white-space: pre-wrap; word-spacing: 0px;\">La encuesta del CEO que se ha hecho p\u00fablica este mes de enero, con un trabajo de campo llevado a cabo entre finales de noviembre y la primera quincena de diciembre, ha recibido como es l\u00f3gico la atenci\u00f3n de los medios de comunicaci\u00f3n, que han subrayado, entre otras cuestiones, la baja confianza en el gobierno de la Generalitat, su incapacidad para resolver los problemas del pa\u00eds.<\/span><\/p>\n<p><span style=\"display: inline !important; float: none; background-color: #f5f5f5; color: rgba(0, 0, 0, 0.87); font-family: 'Roboto',arial,sans-serif; font-size: 18px; font-style: normal; font-variant: normal; font-weight: 400; letter-spacing: normal; line-height: 28px; orphans: 2; text-align: left; text-decoration: none; text-indent: 0px; text-transform: none; -webkit-text-stroke-width: 0px; white-space: pre-wrap; word-spacing: 0px;\">Nada menos que un 61,6% ten\u00eda esta opini\u00f3n, mientras que s\u00f3lo un \u00ednfimo 1,6% consideraba que s\u00ed los est\u00e1 resolviendo. Pero, adem\u00e1s de todas estas cuestiones, afloran otras, algunas tan relevantes como el hecho de que la valoraci\u00f3n en t\u00e9rminos de <strong>confianza es m\u00e1s alta para la Polic\u00eda Nacional y la Guardia Civil<\/strong> que para el Parlamento y el gobierno de Catalu\u00f1a.<\/span><\/p>\n<p><span style=\"display: inline !important; float: none; background-color: #f5f5f5; color: rgba(0, 0, 0, 0.87); font-family: 'Roboto',arial,sans-serif; font-size: 18px; font-style: normal; font-variant: normal; font-weight: 400; letter-spacing: normal; line-height: 28px; orphans: 2; text-align: left; text-decoration: none; text-indent: 0px; text-transform: none; -webkit-text-stroke-width: 0px; white-space: pre-wrap; word-spacing: 0px;\">M\u00e1s all\u00e1 de estos datos, que son de lectura directa, un an\u00e1lisis m\u00e1s profundo de las tablas de resultados permite alcanzar informaciones interesantes, como, por ejemplo, que <strong>entre un 20 y un 25% de los encuestados valoran pr\u00e1cticamente siempre<\/strong> y en t\u00e9rminos m\u00e1ximos al gobierno catal\u00e1n, lo que no deja de ser una paradoja si recordamos la incapacidad para resolver los problemas que la opini\u00f3n p\u00fablica catalana manifiesta en la encuesta.<\/span><\/p>\n<p><span style=\"display: inline !important; float: none; background-color: #f5f5f5; color: rgba(0, 0, 0, 0.87); font-family: 'Roboto',arial,sans-serif; font-size: 18px; font-style: normal; font-variant: normal; font-weight: 400; letter-spacing: normal; line-height: 28px; orphans: 2; text-align: left; text-decoration: none; text-indent: 0px; text-transform: none; -webkit-text-stroke-width: 0px; white-space: pre-wrap; word-spacing: 0px;\">De un largu\u00edsimo listado de tem\u00e1ticas sobre las que pregunta el CEO (y que el entrevistado debe valorar de 0 a 10), entre un 20 y un 25% sit\u00faan <strong>sistem\u00e1ticamente la respuesta en la posici\u00f3n 10<\/strong>, la de la excelencia. En algunos casos esta calificaci\u00f3n tan elevada tiene connotaciones alucinantes, como el 26% que otorga esa valoraci\u00f3n con respecto a la pol\u00edtica de la Generalitat sobre la temporalidad de los contratos, cuando es un territorio in\u00e9dito para el gobierno catal\u00e1n. O el 20% que tambi\u00e9n califica con aquella nota la lucha que hace <strong>contra las desigualdades.<\/strong><\/span><\/p>\n<p><span style=\"display: inline !important; float: none; background-color: #f5f5f5; color: rgba(0, 0, 0, 0.87); font-family: 'Roboto',arial,sans-serif; font-size: 18px; font-style: normal; font-variant: normal; font-weight: 400; letter-spacing: normal; line-height: 28px; orphans: 2; text-align: left; text-decoration: none; text-indent: 0px; text-transform: none; -webkit-text-stroke-width: 0px; white-space: pre-wrap; word-spacing: 0px;\">Hay algunas contadas excepciones a esta adhesi\u00f3n inquebrantable a la acci\u00f3n de gobierno, y no dejan de ser curiosas. El peor registro lo obtiene en el tr\u00e1fico, s\u00f3lo el 10% lo califica con un 10. En este punto los incondicionales desertan, como tambi\u00e9n lo hacen con las ayudas a las empresas, 13%, y en la pol\u00edtica ling\u00fc\u00edstica, 14%. Este hecho contrasta con los porcentajes tan elevados que obtienen la ense\u00f1anza y la sanidad.<\/span><\/p>\n<p><span style=\"display: inline !important; float: none; background-color: #f5f5f5; color: rgba(0, 0, 0, 0.87); font-family: 'Roboto',arial,sans-serif; font-size: 18px; font-style: normal; font-variant: normal; font-weight: 400; letter-spacing: normal; line-height: 28px; orphans: 2; text-align: left; text-decoration: none; text-indent: 0px; text-transform: none; -webkit-text-stroke-width: 0px; white-space: pre-wrap; word-spacing: 0px;\">Ciertamente, este grueso de la poblaci\u00f3n que eval\u00faa con un 10, a toda costa, eleva la valoraci\u00f3n media de la Generalitat. Si no fuera por ellos, el 4,65% que obtiene, una de las calificaciones m\u00e1s bajas que ha logrado el gobierno desde que existe el CEO, a\u00fan ser\u00eda menor.<\/span><\/p>\n","protected":false},"excerpt":{"rendered":"<p>La encuesta del CEO que se ha hecho p\u00fablica este mes de enero, con un trabajo de campo llevado a cabo entre finales de noviembre y la primera quincena de diciembre, ha recibido como es l\u00f3gico la atenci\u00f3n de los medios de comunicaci\u00f3n, que han subrayado, entre otras cuestiones, la baja confianza en el gobierno de la Generalitat, su incapacidad para resolver los problemas del pa\u00eds. Nada menos que un 61,6% ten\u00eda esta opini\u00f3n, mientras que s\u00f3lo un \u00ednfimo 1,6% consideraba que s\u00ed los est\u00e1 resolviendo. Pero, adem\u00e1s de todas estas cuestiones, afloran otras, algunas tan relevantes como el hecho de que la valoraci\u00f3n en t\u00e9rminos de confianza es m\u00e1s alta para la Polic\u00eda Nacional y la Guardia Civil que para el Parlamento y el gobierno de Catalu\u00f1a. M\u00e1s all\u00e1 de estos datos, que son de lectura directa, un an\u00e1lisis m\u00e1s profundo de las tablas de resultados permite alcanzar informaciones interesantes, como, por ejemplo, que entre un 20 y un 25% de los encuestados valoran pr\u00e1cticamente siempre y en t\u00e9rminos m\u00e1ximos al gobierno catal\u00e1n, lo que no deja de ser una paradoja si recordamos la incapacidad para resolver los problemas que la opini\u00f3n p\u00fablica catalana manifiesta en la encuesta. De un largu\u00edsimo listado de tem\u00e1ticas sobre las que pregunta el CEO (y que el entrevistado debe valorar de 0 a 10), entre un 20 y un 25% sit\u00faan sistem\u00e1ticamente la respuesta en la posici\u00f3n 10, la de la excelencia. En algunos casos esta calificaci\u00f3n tan elevada tiene connotaciones alucinantes, como el 26% que otorga esa valoraci\u00f3n con respecto a la pol\u00edtica de la Generalitat sobre la temporalidad de los contratos, cuando es un territorio in\u00e9dito para el gobierno catal\u00e1n. O el 20% que tambi\u00e9n califica con aquella nota la lucha que hace contra las desigualdades. Hay algunas contadas excepciones a esta adhesi\u00f3n inquebrantable a la acci\u00f3n de gobierno, y no dejan de ser curiosas. El peor registro lo obtiene en el tr\u00e1fico, s\u00f3lo el 10% lo califica con un 10. En este punto los incondicionales desertan, como tambi\u00e9n lo hacen con las ayudas a las empresas, 13%, y en la pol\u00edtica ling\u00fc\u00edstica, 14%. Este hecho contrasta con los porcentajes tan elevados que obtienen la ense\u00f1anza y la sanidad. Ciertamente, este grueso de la poblaci\u00f3n que eval\u00faa con un 10, a toda costa, eleva la valoraci\u00f3n media de la Generalitat. Si no fuera por ellos, el 4,65% que obtiene, una de las calificaciones m\u00e1s bajas que ha logrado el gobierno desde que existe el CEO, a\u00fan ser\u00eda menor.<\/p>\n","protected":false},"author":2,"featured_media":31676,"comment_status":"open","ping_status":"open","sticky":false,"template":"","format":"standard","meta":{"_FSMCFIC_featured_image_caption":"","_FSMCFIC_featured_image_nocaption":"","_FSMCFIC_featured_image_hide":"","footnotes":""},"categories":[806],"tags":[950,910],"class_list":["post-31695","post","type-post","status-publish","format-standard","has-post-thumbnail","hentry","category-punts-claus-del-dia-es","tag-ceo-es","tag-quim-torra-es"],"yoast_head":"<!-- This site is optimized with the Yoast SEO plugin v26.8 - https:\/\/yoast.com\/product\/yoast-seo-wordpress\/ -->\n<title>Los incondicionales. Entre el 20 y el 25% de los catalanes son fans del gobierno de Torra - Converses a Catalunya<\/title>\n<meta name=\"robots\" content=\"index, follow, max-snippet:-1, max-image-preview:large, max-video-preview:-1\" \/>\n<link rel=\"canonical\" href=\"https:\/\/conversesacatalunya.cat\/es\/los-incondicionales-entre-el-20-y-el-25-de-los-catalanes-son-fans-del-gobierno-de-torra\/\" \/>\n<meta property=\"og:locale\" content=\"es_ES\" \/>\n<meta property=\"og:type\" content=\"article\" \/>\n<meta property=\"og:title\" content=\"Los incondicionales. Entre el 20 y el 25% de los catalanes son fans del gobierno de Torra - Converses a Catalunya\" \/>\n<meta property=\"og:description\" content=\"La encuesta del CEO que se ha hecho p\u00fablica este mes de enero, con un trabajo de campo llevado a cabo entre finales de noviembre y la primera quincena de diciembre, ha recibido como es l\u00f3gico la atenci\u00f3n de los medios de comunicaci\u00f3n, que han subrayado, entre otras cuestiones, la baja confianza en el gobierno de la Generalitat, su incapacidad para resolver los problemas del pa\u00eds. Nada menos que un 61,6% ten\u00eda esta opini\u00f3n, mientras que s\u00f3lo un \u00ednfimo 1,6% consideraba que s\u00ed los est\u00e1 resolviendo. Pero, adem\u00e1s de todas estas cuestiones, afloran otras, algunas tan relevantes como el hecho de que la valoraci\u00f3n en t\u00e9rminos de confianza es m\u00e1s alta para la Polic\u00eda Nacional y la Guardia Civil que para el Parlamento y el gobierno de Catalu\u00f1a. M\u00e1s all\u00e1 de estos datos, que son de lectura directa, un an\u00e1lisis m\u00e1s profundo de las tablas de resultados permite alcanzar informaciones interesantes, como, por ejemplo, que entre un 20 y un 25% de los encuestados valoran pr\u00e1cticamente siempre y en t\u00e9rminos m\u00e1ximos al gobierno catal\u00e1n, lo que no deja de ser una paradoja si recordamos la incapacidad para resolver los problemas que la opini\u00f3n p\u00fablica catalana manifiesta en la encuesta. De un largu\u00edsimo listado de tem\u00e1ticas sobre las que pregunta el CEO (y que el entrevistado debe valorar de 0 a 10), entre un 20 y un 25% sit\u00faan sistem\u00e1ticamente la respuesta en la posici\u00f3n 10, la de la excelencia. En algunos casos esta calificaci\u00f3n tan elevada tiene connotaciones alucinantes, como el 26% que otorga esa valoraci\u00f3n con respecto a la pol\u00edtica de la Generalitat sobre la temporalidad de los contratos, cuando es un territorio in\u00e9dito para el gobierno catal\u00e1n. O el 20% que tambi\u00e9n califica con aquella nota la lucha que hace contra las desigualdades. Hay algunas contadas excepciones a esta adhesi\u00f3n inquebrantable a la acci\u00f3n de gobierno, y no dejan de ser curiosas. El peor registro lo obtiene en el tr\u00e1fico, s\u00f3lo el 10% lo califica con un 10. En este punto los incondicionales desertan, como tambi\u00e9n lo hacen con las ayudas a las empresas, 13%, y en la pol\u00edtica ling\u00fc\u00edstica, 14%. Este hecho contrasta con los porcentajes tan elevados que obtienen la ense\u00f1anza y la sanidad. Ciertamente, este grueso de la poblaci\u00f3n que eval\u00faa con un 10, a toda costa, eleva la valoraci\u00f3n media de la Generalitat. Si no fuera por ellos, el 4,65% que obtiene, una de las calificaciones m\u00e1s bajas que ha logrado el gobierno desde que existe el CEO, a\u00fan ser\u00eda menor.\" \/>\n<meta property=\"og:url\" content=\"https:\/\/conversesacatalunya.cat\/es\/los-incondicionales-entre-el-20-y-el-25-de-los-catalanes-son-fans-del-gobierno-de-torra\/\" \/>\n<meta property=\"og:site_name\" content=\"Converses a Catalunya\" \/>\n<meta property=\"article:published_time\" content=\"2020-01-28T09:58:28+00:00\" \/>\n<meta property=\"article:modified_time\" content=\"2020-01-28T14:45:44+00:00\" \/>\n<meta property=\"og:image\" content=\"https:\/\/conversesacatalunya.cat\/wp-content\/uploads\/2020\/01\/govern-de-torra.jpg\" \/>\n\t<meta property=\"og:image:width\" content=\"489\" \/>\n\t<meta property=\"og:image:height\" content=\"267\" \/>\n\t<meta property=\"og:image:type\" content=\"image\/jpeg\" \/>\n<meta name=\"author\" content=\"conversesacatalunya\" \/>\n<meta name=\"twitter:card\" content=\"summary_large_image\" \/>\n<meta name=\"twitter:label1\" content=\"Escrito por\" \/>\n\t<meta name=\"twitter:data1\" content=\"conversesacatalunya\" \/>\n\t<meta name=\"twitter:label2\" content=\"Tiempo de lectura\" \/>\n\t<meta name=\"twitter:data2\" content=\"2 minutos\" \/>\n<script type=\"application\/ld+json\" class=\"yoast-schema-graph\">{\"@context\":\"https:\/\/schema.org\",\"@graph\":[{\"@type\":\"Article\",\"@id\":\"https:\/\/conversesacatalunya.cat\/es\/los-incondicionales-entre-el-20-y-el-25-de-los-catalanes-son-fans-del-gobierno-de-torra\/#article\",\"isPartOf\":{\"@id\":\"https:\/\/conversesacatalunya.cat\/es\/los-incondicionales-entre-el-20-y-el-25-de-los-catalanes-son-fans-del-gobierno-de-torra\/\"},\"author\":{\"name\":\"conversesacatalunya\",\"@id\":\"https:\/\/conversesacatalunya.cat\/#\/schema\/person\/7e24d1e54a2785373ddcb275eae5ed99\"},\"headline\":\"Los incondicionales. Entre el 20 y el 25% de los catalanes son fans del gobierno de Torra\",\"datePublished\":\"2020-01-28T09:58:28+00:00\",\"dateModified\":\"2020-01-28T14:45:44+00:00\",\"mainEntityOfPage\":{\"@id\":\"https:\/\/conversesacatalunya.cat\/es\/los-incondicionales-entre-el-20-y-el-25-de-los-catalanes-son-fans-del-gobierno-de-torra\/\"},\"wordCount\":463,\"commentCount\":0,\"image\":{\"@id\":\"https:\/\/conversesacatalunya.cat\/es\/los-incondicionales-entre-el-20-y-el-25-de-los-catalanes-son-fans-del-gobierno-de-torra\/#primaryimage\"},\"thumbnailUrl\":\"https:\/\/conversesacatalunya.cat\/wp-content\/uploads\/2020\/01\/govern-de-torra.jpg\",\"keywords\":[\"CEO\",\"Quim Torra\"],\"articleSection\":[\"Punts clau del dia (ES)\"],\"inLanguage\":\"es\",\"potentialAction\":[{\"@type\":\"CommentAction\",\"name\":\"Comment\",\"target\":[\"https:\/\/conversesacatalunya.cat\/es\/los-incondicionales-entre-el-20-y-el-25-de-los-catalanes-son-fans-del-gobierno-de-torra\/#respond\"]}]},{\"@type\":\"WebPage\",\"@id\":\"https:\/\/conversesacatalunya.cat\/es\/los-incondicionales-entre-el-20-y-el-25-de-los-catalanes-son-fans-del-gobierno-de-torra\/\",\"url\":\"https:\/\/conversesacatalunya.cat\/es\/los-incondicionales-entre-el-20-y-el-25-de-los-catalanes-son-fans-del-gobierno-de-torra\/\",\"name\":\"Los incondicionales. Entre el 20 y el 25% de los catalanes son fans del gobierno de Torra - Converses a Catalunya\",\"isPartOf\":{\"@id\":\"https:\/\/conversesacatalunya.cat\/#website\"},\"primaryImageOfPage\":{\"@id\":\"https:\/\/conversesacatalunya.cat\/es\/los-incondicionales-entre-el-20-y-el-25-de-los-catalanes-son-fans-del-gobierno-de-torra\/#primaryimage\"},\"image\":{\"@id\":\"https:\/\/conversesacatalunya.cat\/es\/los-incondicionales-entre-el-20-y-el-25-de-los-catalanes-son-fans-del-gobierno-de-torra\/#primaryimage\"},\"thumbnailUrl\":\"https:\/\/conversesacatalunya.cat\/wp-content\/uploads\/2020\/01\/govern-de-torra.jpg\",\"datePublished\":\"2020-01-28T09:58:28+00:00\",\"dateModified\":\"2020-01-28T14:45:44+00:00\",\"author\":{\"@id\":\"https:\/\/conversesacatalunya.cat\/#\/schema\/person\/7e24d1e54a2785373ddcb275eae5ed99\"},\"breadcrumb\":{\"@id\":\"https:\/\/conversesacatalunya.cat\/es\/los-incondicionales-entre-el-20-y-el-25-de-los-catalanes-son-fans-del-gobierno-de-torra\/#breadcrumb\"},\"inLanguage\":\"es\",\"potentialAction\":[{\"@type\":\"ReadAction\",\"target\":[\"https:\/\/conversesacatalunya.cat\/es\/los-incondicionales-entre-el-20-y-el-25-de-los-catalanes-son-fans-del-gobierno-de-torra\/\"]}]},{\"@type\":\"ImageObject\",\"inLanguage\":\"es\",\"@id\":\"https:\/\/conversesacatalunya.cat\/es\/los-incondicionales-entre-el-20-y-el-25-de-los-catalanes-son-fans-del-gobierno-de-torra\/#primaryimage\",\"url\":\"https:\/\/conversesacatalunya.cat\/wp-content\/uploads\/2020\/01\/govern-de-torra.jpg\",\"contentUrl\":\"https:\/\/conversesacatalunya.cat\/wp-content\/uploads\/2020\/01\/govern-de-torra.jpg\",\"width\":489,\"height\":267,\"caption\":\"Govern de Torra\"},{\"@type\":\"BreadcrumbList\",\"@id\":\"https:\/\/conversesacatalunya.cat\/es\/los-incondicionales-entre-el-20-y-el-25-de-los-catalanes-son-fans-del-gobierno-de-torra\/#breadcrumb\",\"itemListElement\":[{\"@type\":\"ListItem\",\"position\":1,\"name\":\"Inici\",\"item\":\"https:\/\/conversesacatalunya.cat\/es\/\"},{\"@type\":\"ListItem\",\"position\":2,\"name\":\"Los incondicionales. Entre el 20 y el 25% de los catalanes son fans del gobierno de Torra\"}]},{\"@type\":\"WebSite\",\"@id\":\"https:\/\/conversesacatalunya.cat\/#website\",\"url\":\"https:\/\/conversesacatalunya.cat\/\",\"name\":\"Converses a Catalunya\",\"description\":\"\",\"potentialAction\":[{\"@type\":\"SearchAction\",\"target\":{\"@type\":\"EntryPoint\",\"urlTemplate\":\"https:\/\/conversesacatalunya.cat\/?s={search_term_string}\"},\"query-input\":{\"@type\":\"PropertyValueSpecification\",\"valueRequired\":true,\"valueName\":\"search_term_string\"}}],\"inLanguage\":\"es\"},{\"@type\":\"Person\",\"@id\":\"https:\/\/conversesacatalunya.cat\/#\/schema\/person\/7e24d1e54a2785373ddcb275eae5ed99\",\"name\":\"conversesacatalunya\",\"image\":{\"@type\":\"ImageObject\",\"inLanguage\":\"es\",\"@id\":\"https:\/\/conversesacatalunya.cat\/#\/schema\/person\/image\/\",\"url\":\"https:\/\/conversesacatalunya.cat\/wp-content\/litespeed\/avatar\/febdfeeec89d950f01c748045a981dd2.jpg?ver=1777314535\",\"contentUrl\":\"https:\/\/conversesacatalunya.cat\/wp-content\/litespeed\/avatar\/febdfeeec89d950f01c748045a981dd2.jpg?ver=1777314535\",\"caption\":\"conversesacatalunya\"},\"url\":\"https:\/\/conversesacatalunya.cat\/es\/author\/carme_catala\/\"}]}<\/script>\n<!-- \/ Yoast SEO plugin. -->","yoast_head_json":{"title":"Los incondicionales. Entre el 20 y el 25% de los catalanes son fans del gobierno de Torra - Converses a Catalunya","robots":{"index":"index","follow":"follow","max-snippet":"max-snippet:-1","max-image-preview":"max-image-preview:large","max-video-preview":"max-video-preview:-1"},"canonical":"https:\/\/conversesacatalunya.cat\/es\/los-incondicionales-entre-el-20-y-el-25-de-los-catalanes-son-fans-del-gobierno-de-torra\/","og_locale":"es_ES","og_type":"article","og_title":"Los incondicionales. Entre el 20 y el 25% de los catalanes son fans del gobierno de Torra - Converses a Catalunya","og_description":"La encuesta del CEO que se ha hecho p\u00fablica este mes de enero, con un trabajo de campo llevado a cabo entre finales de noviembre y la primera quincena de diciembre, ha recibido como es l\u00f3gico la atenci\u00f3n de los medios de comunicaci\u00f3n, que han subrayado, entre otras cuestiones, la baja confianza en el gobierno de la Generalitat, su incapacidad para resolver los problemas del pa\u00eds. Nada menos que un 61,6% ten\u00eda esta opini\u00f3n, mientras que s\u00f3lo un \u00ednfimo 1,6% consideraba que s\u00ed los est\u00e1 resolviendo. Pero, adem\u00e1s de todas estas cuestiones, afloran otras, algunas tan relevantes como el hecho de que la valoraci\u00f3n en t\u00e9rminos de confianza es m\u00e1s alta para la Polic\u00eda Nacional y la Guardia Civil que para el Parlamento y el gobierno de Catalu\u00f1a. M\u00e1s all\u00e1 de estos datos, que son de lectura directa, un an\u00e1lisis m\u00e1s profundo de las tablas de resultados permite alcanzar informaciones interesantes, como, por ejemplo, que entre un 20 y un 25% de los encuestados valoran pr\u00e1cticamente siempre y en t\u00e9rminos m\u00e1ximos al gobierno catal\u00e1n, lo que no deja de ser una paradoja si recordamos la incapacidad para resolver los problemas que la opini\u00f3n p\u00fablica catalana manifiesta en la encuesta. De un largu\u00edsimo listado de tem\u00e1ticas sobre las que pregunta el CEO (y que el entrevistado debe valorar de 0 a 10), entre un 20 y un 25% sit\u00faan sistem\u00e1ticamente la respuesta en la posici\u00f3n 10, la de la excelencia. En algunos casos esta calificaci\u00f3n tan elevada tiene connotaciones alucinantes, como el 26% que otorga esa valoraci\u00f3n con respecto a la pol\u00edtica de la Generalitat sobre la temporalidad de los contratos, cuando es un territorio in\u00e9dito para el gobierno catal\u00e1n. O el 20% que tambi\u00e9n califica con aquella nota la lucha que hace contra las desigualdades. Hay algunas contadas excepciones a esta adhesi\u00f3n inquebrantable a la acci\u00f3n de gobierno, y no dejan de ser curiosas. El peor registro lo obtiene en el tr\u00e1fico, s\u00f3lo el 10% lo califica con un 10. En este punto los incondicionales desertan, como tambi\u00e9n lo hacen con las ayudas a las empresas, 13%, y en la pol\u00edtica ling\u00fc\u00edstica, 14%. Este hecho contrasta con los porcentajes tan elevados que obtienen la ense\u00f1anza y la sanidad. Ciertamente, este grueso de la poblaci\u00f3n que eval\u00faa con un 10, a toda costa, eleva la valoraci\u00f3n media de la Generalitat. Si no fuera por ellos, el 4,65% que obtiene, una de las calificaciones m\u00e1s bajas que ha logrado el gobierno desde que existe el CEO, a\u00fan ser\u00eda menor.","og_url":"https:\/\/conversesacatalunya.cat\/es\/los-incondicionales-entre-el-20-y-el-25-de-los-catalanes-son-fans-del-gobierno-de-torra\/","og_site_name":"Converses a Catalunya","article_published_time":"2020-01-28T09:58:28+00:00","article_modified_time":"2020-01-28T14:45:44+00:00","og_image":[{"width":489,"height":267,"url":"https:\/\/conversesacatalunya.cat\/wp-content\/uploads\/2020\/01\/govern-de-torra.jpg","type":"image\/jpeg"}],"author":"conversesacatalunya","twitter_card":"summary_large_image","twitter_misc":{"Escrito por":"conversesacatalunya","Tiempo de lectura":"2 minutos"},"schema":{"@context":"https:\/\/schema.org","@graph":[{"@type":"Article","@id":"https:\/\/conversesacatalunya.cat\/es\/los-incondicionales-entre-el-20-y-el-25-de-los-catalanes-son-fans-del-gobierno-de-torra\/#article","isPartOf":{"@id":"https:\/\/conversesacatalunya.cat\/es\/los-incondicionales-entre-el-20-y-el-25-de-los-catalanes-son-fans-del-gobierno-de-torra\/"},"author":{"name":"conversesacatalunya","@id":"https:\/\/conversesacatalunya.cat\/#\/schema\/person\/7e24d1e54a2785373ddcb275eae5ed99"},"headline":"Los incondicionales. Entre el 20 y el 25% de los catalanes son fans del gobierno de Torra","datePublished":"2020-01-28T09:58:28+00:00","dateModified":"2020-01-28T14:45:44+00:00","mainEntityOfPage":{"@id":"https:\/\/conversesacatalunya.cat\/es\/los-incondicionales-entre-el-20-y-el-25-de-los-catalanes-son-fans-del-gobierno-de-torra\/"},"wordCount":463,"commentCount":0,"image":{"@id":"https:\/\/conversesacatalunya.cat\/es\/los-incondicionales-entre-el-20-y-el-25-de-los-catalanes-son-fans-del-gobierno-de-torra\/#primaryimage"},"thumbnailUrl":"https:\/\/conversesacatalunya.cat\/wp-content\/uploads\/2020\/01\/govern-de-torra.jpg","keywords":["CEO","Quim Torra"],"articleSection":["Punts clau del dia (ES)"],"inLanguage":"es","potentialAction":[{"@type":"CommentAction","name":"Comment","target":["https:\/\/conversesacatalunya.cat\/es\/los-incondicionales-entre-el-20-y-el-25-de-los-catalanes-son-fans-del-gobierno-de-torra\/#respond"]}]},{"@type":"WebPage","@id":"https:\/\/conversesacatalunya.cat\/es\/los-incondicionales-entre-el-20-y-el-25-de-los-catalanes-son-fans-del-gobierno-de-torra\/","url":"https:\/\/conversesacatalunya.cat\/es\/los-incondicionales-entre-el-20-y-el-25-de-los-catalanes-son-fans-del-gobierno-de-torra\/","name":"Los incondicionales. Entre el 20 y el 25% de los catalanes son fans del gobierno de Torra - Converses a Catalunya","isPartOf":{"@id":"https:\/\/conversesacatalunya.cat\/#website"},"primaryImageOfPage":{"@id":"https:\/\/conversesacatalunya.cat\/es\/los-incondicionales-entre-el-20-y-el-25-de-los-catalanes-son-fans-del-gobierno-de-torra\/#primaryimage"},"image":{"@id":"https:\/\/conversesacatalunya.cat\/es\/los-incondicionales-entre-el-20-y-el-25-de-los-catalanes-son-fans-del-gobierno-de-torra\/#primaryimage"},"thumbnailUrl":"https:\/\/conversesacatalunya.cat\/wp-content\/uploads\/2020\/01\/govern-de-torra.jpg","datePublished":"2020-01-28T09:58:28+00:00","dateModified":"2020-01-28T14:45:44+00:00","author":{"@id":"https:\/\/conversesacatalunya.cat\/#\/schema\/person\/7e24d1e54a2785373ddcb275eae5ed99"},"breadcrumb":{"@id":"https:\/\/conversesacatalunya.cat\/es\/los-incondicionales-entre-el-20-y-el-25-de-los-catalanes-son-fans-del-gobierno-de-torra\/#breadcrumb"},"inLanguage":"es","potentialAction":[{"@type":"ReadAction","target":["https:\/\/conversesacatalunya.cat\/es\/los-incondicionales-entre-el-20-y-el-25-de-los-catalanes-son-fans-del-gobierno-de-torra\/"]}]},{"@type":"ImageObject","inLanguage":"es","@id":"https:\/\/conversesacatalunya.cat\/es\/los-incondicionales-entre-el-20-y-el-25-de-los-catalanes-son-fans-del-gobierno-de-torra\/#primaryimage","url":"https:\/\/conversesacatalunya.cat\/wp-content\/uploads\/2020\/01\/govern-de-torra.jpg","contentUrl":"https:\/\/conversesacatalunya.cat\/wp-content\/uploads\/2020\/01\/govern-de-torra.jpg","width":489,"height":267,"caption":"Govern de Torra"},{"@type":"BreadcrumbList","@id":"https:\/\/conversesacatalunya.cat\/es\/los-incondicionales-entre-el-20-y-el-25-de-los-catalanes-son-fans-del-gobierno-de-torra\/#breadcrumb","itemListElement":[{"@type":"ListItem","position":1,"name":"Inici","item":"https:\/\/conversesacatalunya.cat\/es\/"},{"@type":"ListItem","position":2,"name":"Los incondicionales. Entre el 20 y el 25% de los catalanes son fans del gobierno de Torra"}]},{"@type":"WebSite","@id":"https:\/\/conversesacatalunya.cat\/#website","url":"https:\/\/conversesacatalunya.cat\/","name":"Converses a Catalunya","description":"","potentialAction":[{"@type":"SearchAction","target":{"@type":"EntryPoint","urlTemplate":"https:\/\/conversesacatalunya.cat\/?s={search_term_string}"},"query-input":{"@type":"PropertyValueSpecification","valueRequired":true,"valueName":"search_term_string"}}],"inLanguage":"es"},{"@type":"Person","@id":"https:\/\/conversesacatalunya.cat\/#\/schema\/person\/7e24d1e54a2785373ddcb275eae5ed99","name":"conversesacatalunya","image":{"@type":"ImageObject","inLanguage":"es","@id":"https:\/\/conversesacatalunya.cat\/#\/schema\/person\/image\/","url":"https:\/\/conversesacatalunya.cat\/wp-content\/litespeed\/avatar\/febdfeeec89d950f01c748045a981dd2.jpg?ver=1777314535","contentUrl":"https:\/\/conversesacatalunya.cat\/wp-content\/litespeed\/avatar\/febdfeeec89d950f01c748045a981dd2.jpg?ver=1777314535","caption":"conversesacatalunya"},"url":"https:\/\/conversesacatalunya.cat\/es\/author\/carme_catala\/"}]}},"wps_subtitle":"","_links":{"self":[{"href":"https:\/\/conversesacatalunya.cat\/es\/wp-json\/wp\/v2\/posts\/31695","targetHints":{"allow":["GET"]}}],"collection":[{"href":"https:\/\/conversesacatalunya.cat\/es\/wp-json\/wp\/v2\/posts"}],"about":[{"href":"https:\/\/conversesacatalunya.cat\/es\/wp-json\/wp\/v2\/types\/post"}],"author":[{"embeddable":true,"href":"https:\/\/conversesacatalunya.cat\/es\/wp-json\/wp\/v2\/users\/2"}],"replies":[{"embeddable":true,"href":"https:\/\/conversesacatalunya.cat\/es\/wp-json\/wp\/v2\/comments?post=31695"}],"version-history":[{"count":2,"href":"https:\/\/conversesacatalunya.cat\/es\/wp-json\/wp\/v2\/posts\/31695\/revisions"}],"predecessor-version":[{"id":31696,"href":"https:\/\/conversesacatalunya.cat\/es\/wp-json\/wp\/v2\/posts\/31695\/revisions\/31696"}],"wp:featuredmedia":[{"embeddable":true,"href":"https:\/\/conversesacatalunya.cat\/es\/wp-json\/wp\/v2\/media\/31676"}],"wp:attachment":[{"href":"https:\/\/conversesacatalunya.cat\/es\/wp-json\/wp\/v2\/media?parent=31695"}],"wp:term":[{"taxonomy":"category","embeddable":true,"href":"https:\/\/conversesacatalunya.cat\/es\/wp-json\/wp\/v2\/categories?post=31695"},{"taxonomy":"post_tag","embeddable":true,"href":"https:\/\/conversesacatalunya.cat\/es\/wp-json\/wp\/v2\/tags?post=31695"}],"curies":[{"name":"wp","href":"https:\/\/api.w.org\/{rel}","templated":true}]}}