{"id":31541,"date":"2020-01-24T12:03:54","date_gmt":"2020-01-24T11:03:54","guid":{"rendered":"https:\/\/conversesacatalunya.cat\/?p=31541"},"modified":"2020-01-24T12:03:54","modified_gmt":"2020-01-24T11:03:54","slug":"como-manda-iglesias-en-la-politica-exterior-del-gobierno","status":"publish","type":"post","link":"https:\/\/conversesacatalunya.cat\/es\/como-manda-iglesias-en-la-politica-exterior-del-gobierno\/","title":{"rendered":"C\u00f3mo manda Iglesias en la pol\u00edtica exterior del Gobierno"},"content":{"rendered":"<p>Durante su gira europea, el presidente encargado de Venezuela Juan Guaid\u00f3, ser\u00e1 recibido por las m\u00e1ximas autoridades de los pa\u00edses que visita. Pero en el caso de Espa\u00f1a S\u00e1nchez no lo recibir\u00e1 y deber\u00e1 conformarse con la entrevista en el Ministerio de Asuntos Exteriores y su nueva titular Arancha Gonz\u00e1lez Laya.<\/p>\n<p>Esta fr\u00eda acogida contrasta con la prisa que hace un a\u00f1o Espa\u00f1a se dio para reconocer a Guaid\u00f3 como presidente de Venezuela, anticip\u00e1ndose a otros gobiernos europeos. \u00a0La visita del opositor venezolano a Ch\u00e1vez se producir\u00e1 el pr\u00f3ximo s\u00e1bado y seg\u00fan la agenda oficial del presidente S\u00e1nchez este no ten\u00eda ning\u00fan compromiso que impidiera el encuentro. Pero es que adem\u00e1s esta llegada coincidir\u00e1 con la del representante del r\u00e9gimen de Nicol\u00e1s Maduro el ministro de Turismo, F\u00e9lix Plasencia, que fue recibido por el ministro de transportes Jos\u00e9 Luis \u00c1balos, en lugar del ministro espa\u00f1ol de Comercio y Turismo.<\/p>\n<p>Como es sabido, \u00c1balos es mucho m\u00e1s que un ministro, puesto que es el n\u00famero dos del Partido Socialista. El encuentro con el ministro venezolano no tuvo ninguna publicidad. Ni apareci\u00f3 en las previsiones de la agenda de aquel d\u00eda del Gobierno, ni hubo comunicado del mismo. Tampoco la embajada venezolana en Espa\u00f1a, dirigida por Mario Isea, inform\u00f3 de la reuni\u00f3n bilateral. Esta discreci\u00f3n es absolutamente inusual, y es evidente que el encuentro entre ambos pol\u00edticos no fue para tratar precisamente de turismo.<\/p>\n<p>\u00bf<strong>Qu\u00e9 ha cambiado en el Gobierno del PSOE<\/strong> de un a\u00f1o a esta parte para que se haya enfriado tanto la relaci\u00f3n con el l\u00edder de la oposici\u00f3n venezolana y por qu\u00e9 esta nueva facilidad de interlocuci\u00f3n entre el r\u00e9gimen chavista y el Gobierno espa\u00f1ol?<\/p>\n<p>La respuesta se llama Iglesias, Podemos, qu\u00e9 ahora en este cap\u00edtulo exterior confirma su capacidad de influir sobre el posicionamiento pol\u00edtico. Hay que recordar que no hace tanto se produjo un extra\u00f1o incidente en Bolivia a cuenta de la representaci\u00f3n diplom\u00e1tica espa\u00f1ola y su acceso a la embajada de M\u00e9xico, que se encontraba vigilada porque en su interior est\u00e1n refugiados altos dirigentes del Gobierno de Evo Morales acusados por la Fiscal\u00eda de aquel pa\u00eds. Bolivia acus\u00f3 formalmente a Espa\u00f1a de intentar facilitar la evasi\u00f3n de como m\u00ednimo uno de los refugiados relacionados con los movimientos de dinero en ayudas Exteriores. Se acus\u00f3 entonces a Podemos de intervenir cerca de S\u00e1nchez para lograr la salida de los implicados, que conoc\u00edan las ayudas facilitadas por Morales a Unidas Podemos.<\/p>\n<p>Nada de esto est\u00e1 demostrado, pero tambi\u00e9n hay que decir que en ning\u00fan caso se ha producido una aclaraci\u00f3n de aquel confuso incidente.<\/p>\n<p>La l\u00ednea actual de Iglesias parece centrada en mantener una unidad exterioriza monol\u00edtica, halagar en todo momento a S\u00e1nchez y al mismo tiempo utilizar su presencia en el Gobierno para influir de manera no p\u00fablica en sus decisiones para que sea la parte socialista, que es la m\u00e1s importante, la que acabe asumiendo lo que en realidad son posiciones de Podemos.<\/p>\n<p>&nbsp;<\/p>\n","protected":false},"excerpt":{"rendered":"<p>Durante su gira europea, el presidente encargado de Venezuela Juan Guaid\u00f3, ser\u00e1 recibido por las m\u00e1ximas autoridades de los pa\u00edses que visita. Pero en el caso de Espa\u00f1a S\u00e1nchez no lo recibir\u00e1 y deber\u00e1 conformarse con la entrevista en el Ministerio de Asuntos Exteriores y su nueva titular Arancha Gonz\u00e1lez Laya. Esta fr\u00eda acogida contrasta con la prisa que hace un a\u00f1o Espa\u00f1a se dio para reconocer a Guaid\u00f3 como presidente de Venezuela, anticip\u00e1ndose a otros gobiernos europeos. \u00a0La visita del opositor venezolano a Ch\u00e1vez se producir\u00e1 el pr\u00f3ximo s\u00e1bado y seg\u00fan la agenda oficial del presidente S\u00e1nchez este no ten\u00eda ning\u00fan compromiso que impidiera el encuentro. Pero es que adem\u00e1s esta llegada coincidir\u00e1 con la del representante del r\u00e9gimen de Nicol\u00e1s Maduro el ministro de Turismo, F\u00e9lix Plasencia, que fue recibido por el ministro de transportes Jos\u00e9 Luis \u00c1balos, en lugar del ministro espa\u00f1ol de Comercio y Turismo. Como es sabido, \u00c1balos es mucho m\u00e1s que un ministro, puesto que es el n\u00famero dos del Partido Socialista. El encuentro con el ministro venezolano no tuvo ninguna publicidad. Ni apareci\u00f3 en las previsiones de la agenda de aquel d\u00eda del Gobierno, ni hubo comunicado del mismo. Tampoco la embajada venezolana en Espa\u00f1a, dirigida por Mario Isea, inform\u00f3 de la reuni\u00f3n bilateral. Esta discreci\u00f3n es absolutamente inusual, y es evidente que el encuentro entre ambos pol\u00edticos no fue para tratar precisamente de turismo. \u00bfQu\u00e9 ha cambiado en el Gobierno del PSOE de un a\u00f1o a esta parte para que se haya enfriado tanto la relaci\u00f3n con el l\u00edder de la oposici\u00f3n venezolana y por qu\u00e9 esta nueva facilidad de interlocuci\u00f3n entre el r\u00e9gimen chavista y el Gobierno espa\u00f1ol? La respuesta se llama Iglesias, Podemos, qu\u00e9 ahora en este cap\u00edtulo exterior confirma su capacidad de influir sobre el posicionamiento pol\u00edtico. Hay que recordar que no hace tanto se produjo un extra\u00f1o incidente en Bolivia a cuenta de la representaci\u00f3n diplom\u00e1tica espa\u00f1ola y su acceso a la embajada de M\u00e9xico, que se encontraba vigilada porque en su interior est\u00e1n refugiados altos dirigentes del Gobierno de Evo Morales acusados por la Fiscal\u00eda de aquel pa\u00eds. Bolivia acus\u00f3 formalmente a Espa\u00f1a de intentar facilitar la evasi\u00f3n de como m\u00ednimo uno de los refugiados relacionados con los movimientos de dinero en ayudas Exteriores. Se acus\u00f3 entonces a Podemos de intervenir cerca de S\u00e1nchez para lograr la salida de los implicados, que conoc\u00edan las ayudas facilitadas por Morales a Unidas Podemos. Nada de esto est\u00e1 demostrado, pero tambi\u00e9n hay que decir que en ning\u00fan caso se ha producido una aclaraci\u00f3n de aquel confuso incidente. La l\u00ednea actual de Iglesias parece centrada en mantener una unidad exterioriza monol\u00edtica, halagar en todo momento a S\u00e1nchez y al mismo tiempo utilizar su presencia en el Gobierno para influir de manera no p\u00fablica en sus decisiones para que sea la parte socialista, que es la m\u00e1s importante, la que acabe asumiendo lo que en realidad son posiciones de Podemos. &nbsp;<\/p>\n","protected":false},"author":2,"featured_media":31542,"comment_status":"open","ping_status":"open","sticky":false,"template":"","format":"standard","meta":{"_FSMCFIC_featured_image_caption":"","_FSMCFIC_featured_image_nocaption":"","_FSMCFIC_featured_image_hide":"","footnotes":""},"categories":[806],"tags":[1479,1374,1311],"class_list":["post-31541","post","type-post","status-publish","format-standard","has-post-thumbnail","hentry","category-punts-claus-del-dia-es","tag-juan-guaido-es","tag-pablo-iglesias-es","tag-venezuela"],"yoast_head":"<!-- This site is optimized with the Yoast SEO plugin v26.8 - https:\/\/yoast.com\/product\/yoast-seo-wordpress\/ -->\n<title>C\u00f3mo manda Iglesias en la pol\u00edtica exterior del Gobierno - Converses a Catalunya<\/title>\n<meta name=\"robots\" content=\"index, follow, max-snippet:-1, max-image-preview:large, max-video-preview:-1\" \/>\n<link rel=\"canonical\" href=\"https:\/\/conversesacatalunya.cat\/es\/como-manda-iglesias-en-la-politica-exterior-del-gobierno\/\" \/>\n<meta property=\"og:locale\" content=\"es_ES\" \/>\n<meta property=\"og:type\" content=\"article\" \/>\n<meta property=\"og:title\" content=\"C\u00f3mo manda Iglesias en la pol\u00edtica exterior del Gobierno - Converses a Catalunya\" \/>\n<meta property=\"og:description\" content=\"Durante su gira europea, el presidente encargado de Venezuela Juan Guaid\u00f3, ser\u00e1 recibido por las m\u00e1ximas autoridades de los pa\u00edses que visita. Pero en el caso de Espa\u00f1a S\u00e1nchez no lo recibir\u00e1 y deber\u00e1 conformarse con la entrevista en el Ministerio de Asuntos Exteriores y su nueva titular Arancha Gonz\u00e1lez Laya. Esta fr\u00eda acogida contrasta con la prisa que hace un a\u00f1o Espa\u00f1a se dio para reconocer a Guaid\u00f3 como presidente de Venezuela, anticip\u00e1ndose a otros gobiernos europeos. \u00a0La visita del opositor venezolano a Ch\u00e1vez se producir\u00e1 el pr\u00f3ximo s\u00e1bado y seg\u00fan la agenda oficial del presidente S\u00e1nchez este no ten\u00eda ning\u00fan compromiso que impidiera el encuentro. Pero es que adem\u00e1s esta llegada coincidir\u00e1 con la del representante del r\u00e9gimen de Nicol\u00e1s Maduro el ministro de Turismo, F\u00e9lix Plasencia, que fue recibido por el ministro de transportes Jos\u00e9 Luis \u00c1balos, en lugar del ministro espa\u00f1ol de Comercio y Turismo. Como es sabido, \u00c1balos es mucho m\u00e1s que un ministro, puesto que es el n\u00famero dos del Partido Socialista. El encuentro con el ministro venezolano no tuvo ninguna publicidad. Ni apareci\u00f3 en las previsiones de la agenda de aquel d\u00eda del Gobierno, ni hubo comunicado del mismo. Tampoco la embajada venezolana en Espa\u00f1a, dirigida por Mario Isea, inform\u00f3 de la reuni\u00f3n bilateral. Esta discreci\u00f3n es absolutamente inusual, y es evidente que el encuentro entre ambos pol\u00edticos no fue para tratar precisamente de turismo. \u00bfQu\u00e9 ha cambiado en el Gobierno del PSOE de un a\u00f1o a esta parte para que se haya enfriado tanto la relaci\u00f3n con el l\u00edder de la oposici\u00f3n venezolana y por qu\u00e9 esta nueva facilidad de interlocuci\u00f3n entre el r\u00e9gimen chavista y el Gobierno espa\u00f1ol? La respuesta se llama Iglesias, Podemos, qu\u00e9 ahora en este cap\u00edtulo exterior confirma su capacidad de influir sobre el posicionamiento pol\u00edtico. Hay que recordar que no hace tanto se produjo un extra\u00f1o incidente en Bolivia a cuenta de la representaci\u00f3n diplom\u00e1tica espa\u00f1ola y su acceso a la embajada de M\u00e9xico, que se encontraba vigilada porque en su interior est\u00e1n refugiados altos dirigentes del Gobierno de Evo Morales acusados por la Fiscal\u00eda de aquel pa\u00eds. Bolivia acus\u00f3 formalmente a Espa\u00f1a de intentar facilitar la evasi\u00f3n de como m\u00ednimo uno de los refugiados relacionados con los movimientos de dinero en ayudas Exteriores. Se acus\u00f3 entonces a Podemos de intervenir cerca de S\u00e1nchez para lograr la salida de los implicados, que conoc\u00edan las ayudas facilitadas por Morales a Unidas Podemos. Nada de esto est\u00e1 demostrado, pero tambi\u00e9n hay que decir que en ning\u00fan caso se ha producido una aclaraci\u00f3n de aquel confuso incidente. La l\u00ednea actual de Iglesias parece centrada en mantener una unidad exterioriza monol\u00edtica, halagar en todo momento a S\u00e1nchez y al mismo tiempo utilizar su presencia en el Gobierno para influir de manera no p\u00fablica en sus decisiones para que sea la parte socialista, que es la m\u00e1s importante, la que acabe asumiendo lo que en realidad son posiciones de Podemos. &nbsp;\" \/>\n<meta property=\"og:url\" content=\"https:\/\/conversesacatalunya.cat\/es\/como-manda-iglesias-en-la-politica-exterior-del-gobierno\/\" \/>\n<meta property=\"og:site_name\" content=\"Converses a Catalunya\" \/>\n<meta property=\"article:published_time\" content=\"2020-01-24T11:03:54+00:00\" \/>\n<meta property=\"og:image\" content=\"https:\/\/conversesacatalunya.cat\/wp-content\/uploads\/2020\/01\/Interview-with-Juan-Guaido-amp-39-All-Venezuelans-want.jpg\" \/>\n\t<meta property=\"og:image:width\" content=\"998\" \/>\n\t<meta property=\"og:image:height\" content=\"562\" \/>\n\t<meta property=\"og:image:type\" content=\"image\/jpeg\" \/>\n<meta name=\"author\" content=\"conversesacatalunya\" \/>\n<meta name=\"twitter:card\" content=\"summary_large_image\" \/>\n<meta name=\"twitter:label1\" content=\"Escrito por\" \/>\n\t<meta name=\"twitter:data1\" content=\"conversesacatalunya\" \/>\n\t<meta name=\"twitter:label2\" content=\"Tiempo de lectura\" \/>\n\t<meta name=\"twitter:data2\" content=\"3 minutos\" \/>\n<script type=\"application\/ld+json\" class=\"yoast-schema-graph\">{\"@context\":\"https:\/\/schema.org\",\"@graph\":[{\"@type\":\"Article\",\"@id\":\"https:\/\/conversesacatalunya.cat\/es\/como-manda-iglesias-en-la-politica-exterior-del-gobierno\/#article\",\"isPartOf\":{\"@id\":\"https:\/\/conversesacatalunya.cat\/es\/como-manda-iglesias-en-la-politica-exterior-del-gobierno\/\"},\"author\":{\"name\":\"conversesacatalunya\",\"@id\":\"https:\/\/conversesacatalunya.cat\/#\/schema\/person\/7e24d1e54a2785373ddcb275eae5ed99\"},\"headline\":\"C\u00f3mo manda Iglesias en la pol\u00edtica exterior del Gobierno\",\"datePublished\":\"2020-01-24T11:03:54+00:00\",\"mainEntityOfPage\":{\"@id\":\"https:\/\/conversesacatalunya.cat\/es\/como-manda-iglesias-en-la-politica-exterior-del-gobierno\/\"},\"wordCount\":558,\"commentCount\":0,\"image\":{\"@id\":\"https:\/\/conversesacatalunya.cat\/es\/como-manda-iglesias-en-la-politica-exterior-del-gobierno\/#primaryimage\"},\"thumbnailUrl\":\"https:\/\/conversesacatalunya.cat\/wp-content\/uploads\/2020\/01\/Interview-with-Juan-Guaido-amp-39-All-Venezuelans-want.jpg\",\"keywords\":[\"Juan Guaid\u00f3\",\"Pablo Iglesias\",\"Venezuela\"],\"articleSection\":[\"Punts clau del dia (ES)\"],\"inLanguage\":\"es\",\"potentialAction\":[{\"@type\":\"CommentAction\",\"name\":\"Comment\",\"target\":[\"https:\/\/conversesacatalunya.cat\/es\/como-manda-iglesias-en-la-politica-exterior-del-gobierno\/#respond\"]}]},{\"@type\":\"WebPage\",\"@id\":\"https:\/\/conversesacatalunya.cat\/es\/como-manda-iglesias-en-la-politica-exterior-del-gobierno\/\",\"url\":\"https:\/\/conversesacatalunya.cat\/es\/como-manda-iglesias-en-la-politica-exterior-del-gobierno\/\",\"name\":\"C\u00f3mo manda Iglesias en la pol\u00edtica exterior del Gobierno - Converses a Catalunya\",\"isPartOf\":{\"@id\":\"https:\/\/conversesacatalunya.cat\/#website\"},\"primaryImageOfPage\":{\"@id\":\"https:\/\/conversesacatalunya.cat\/es\/como-manda-iglesias-en-la-politica-exterior-del-gobierno\/#primaryimage\"},\"image\":{\"@id\":\"https:\/\/conversesacatalunya.cat\/es\/como-manda-iglesias-en-la-politica-exterior-del-gobierno\/#primaryimage\"},\"thumbnailUrl\":\"https:\/\/conversesacatalunya.cat\/wp-content\/uploads\/2020\/01\/Interview-with-Juan-Guaido-amp-39-All-Venezuelans-want.jpg\",\"datePublished\":\"2020-01-24T11:03:54+00:00\",\"author\":{\"@id\":\"https:\/\/conversesacatalunya.cat\/#\/schema\/person\/7e24d1e54a2785373ddcb275eae5ed99\"},\"breadcrumb\":{\"@id\":\"https:\/\/conversesacatalunya.cat\/es\/como-manda-iglesias-en-la-politica-exterior-del-gobierno\/#breadcrumb\"},\"inLanguage\":\"es\",\"potentialAction\":[{\"@type\":\"ReadAction\",\"target\":[\"https:\/\/conversesacatalunya.cat\/es\/como-manda-iglesias-en-la-politica-exterior-del-gobierno\/\"]}]},{\"@type\":\"ImageObject\",\"inLanguage\":\"es\",\"@id\":\"https:\/\/conversesacatalunya.cat\/es\/como-manda-iglesias-en-la-politica-exterior-del-gobierno\/#primaryimage\",\"url\":\"https:\/\/conversesacatalunya.cat\/wp-content\/uploads\/2020\/01\/Interview-with-Juan-Guaido-amp-39-All-Venezuelans-want.jpg\",\"contentUrl\":\"https:\/\/conversesacatalunya.cat\/wp-content\/uploads\/2020\/01\/Interview-with-Juan-Guaido-amp-39-All-Venezuelans-want.jpg\",\"width\":998,\"height\":562,\"caption\":\"pol\u00edtica exterior\"},{\"@type\":\"BreadcrumbList\",\"@id\":\"https:\/\/conversesacatalunya.cat\/es\/como-manda-iglesias-en-la-politica-exterior-del-gobierno\/#breadcrumb\",\"itemListElement\":[{\"@type\":\"ListItem\",\"position\":1,\"name\":\"Inici\",\"item\":\"https:\/\/conversesacatalunya.cat\/es\/\"},{\"@type\":\"ListItem\",\"position\":2,\"name\":\"C\u00f3mo manda Iglesias en la pol\u00edtica exterior del Gobierno\"}]},{\"@type\":\"WebSite\",\"@id\":\"https:\/\/conversesacatalunya.cat\/#website\",\"url\":\"https:\/\/conversesacatalunya.cat\/\",\"name\":\"Converses a Catalunya\",\"description\":\"\",\"potentialAction\":[{\"@type\":\"SearchAction\",\"target\":{\"@type\":\"EntryPoint\",\"urlTemplate\":\"https:\/\/conversesacatalunya.cat\/?s={search_term_string}\"},\"query-input\":{\"@type\":\"PropertyValueSpecification\",\"valueRequired\":true,\"valueName\":\"search_term_string\"}}],\"inLanguage\":\"es\"},{\"@type\":\"Person\",\"@id\":\"https:\/\/conversesacatalunya.cat\/#\/schema\/person\/7e24d1e54a2785373ddcb275eae5ed99\",\"name\":\"conversesacatalunya\",\"image\":{\"@type\":\"ImageObject\",\"inLanguage\":\"es\",\"@id\":\"https:\/\/conversesacatalunya.cat\/#\/schema\/person\/image\/\",\"url\":\"https:\/\/conversesacatalunya.cat\/wp-content\/litespeed\/avatar\/febdfeeec89d950f01c748045a981dd2.jpg?ver=1777314535\",\"contentUrl\":\"https:\/\/conversesacatalunya.cat\/wp-content\/litespeed\/avatar\/febdfeeec89d950f01c748045a981dd2.jpg?ver=1777314535\",\"caption\":\"conversesacatalunya\"},\"url\":\"https:\/\/conversesacatalunya.cat\/es\/author\/carme_catala\/\"}]}<\/script>\n<!-- \/ Yoast SEO plugin. -->","yoast_head_json":{"title":"C\u00f3mo manda Iglesias en la pol\u00edtica exterior del Gobierno - Converses a Catalunya","robots":{"index":"index","follow":"follow","max-snippet":"max-snippet:-1","max-image-preview":"max-image-preview:large","max-video-preview":"max-video-preview:-1"},"canonical":"https:\/\/conversesacatalunya.cat\/es\/como-manda-iglesias-en-la-politica-exterior-del-gobierno\/","og_locale":"es_ES","og_type":"article","og_title":"C\u00f3mo manda Iglesias en la pol\u00edtica exterior del Gobierno - Converses a Catalunya","og_description":"Durante su gira europea, el presidente encargado de Venezuela Juan Guaid\u00f3, ser\u00e1 recibido por las m\u00e1ximas autoridades de los pa\u00edses que visita. Pero en el caso de Espa\u00f1a S\u00e1nchez no lo recibir\u00e1 y deber\u00e1 conformarse con la entrevista en el Ministerio de Asuntos Exteriores y su nueva titular Arancha Gonz\u00e1lez Laya. Esta fr\u00eda acogida contrasta con la prisa que hace un a\u00f1o Espa\u00f1a se dio para reconocer a Guaid\u00f3 como presidente de Venezuela, anticip\u00e1ndose a otros gobiernos europeos. \u00a0La visita del opositor venezolano a Ch\u00e1vez se producir\u00e1 el pr\u00f3ximo s\u00e1bado y seg\u00fan la agenda oficial del presidente S\u00e1nchez este no ten\u00eda ning\u00fan compromiso que impidiera el encuentro. Pero es que adem\u00e1s esta llegada coincidir\u00e1 con la del representante del r\u00e9gimen de Nicol\u00e1s Maduro el ministro de Turismo, F\u00e9lix Plasencia, que fue recibido por el ministro de transportes Jos\u00e9 Luis \u00c1balos, en lugar del ministro espa\u00f1ol de Comercio y Turismo. Como es sabido, \u00c1balos es mucho m\u00e1s que un ministro, puesto que es el n\u00famero dos del Partido Socialista. El encuentro con el ministro venezolano no tuvo ninguna publicidad. Ni apareci\u00f3 en las previsiones de la agenda de aquel d\u00eda del Gobierno, ni hubo comunicado del mismo. Tampoco la embajada venezolana en Espa\u00f1a, dirigida por Mario Isea, inform\u00f3 de la reuni\u00f3n bilateral. Esta discreci\u00f3n es absolutamente inusual, y es evidente que el encuentro entre ambos pol\u00edticos no fue para tratar precisamente de turismo. \u00bfQu\u00e9 ha cambiado en el Gobierno del PSOE de un a\u00f1o a esta parte para que se haya enfriado tanto la relaci\u00f3n con el l\u00edder de la oposici\u00f3n venezolana y por qu\u00e9 esta nueva facilidad de interlocuci\u00f3n entre el r\u00e9gimen chavista y el Gobierno espa\u00f1ol? La respuesta se llama Iglesias, Podemos, qu\u00e9 ahora en este cap\u00edtulo exterior confirma su capacidad de influir sobre el posicionamiento pol\u00edtico. Hay que recordar que no hace tanto se produjo un extra\u00f1o incidente en Bolivia a cuenta de la representaci\u00f3n diplom\u00e1tica espa\u00f1ola y su acceso a la embajada de M\u00e9xico, que se encontraba vigilada porque en su interior est\u00e1n refugiados altos dirigentes del Gobierno de Evo Morales acusados por la Fiscal\u00eda de aquel pa\u00eds. Bolivia acus\u00f3 formalmente a Espa\u00f1a de intentar facilitar la evasi\u00f3n de como m\u00ednimo uno de los refugiados relacionados con los movimientos de dinero en ayudas Exteriores. Se acus\u00f3 entonces a Podemos de intervenir cerca de S\u00e1nchez para lograr la salida de los implicados, que conoc\u00edan las ayudas facilitadas por Morales a Unidas Podemos. Nada de esto est\u00e1 demostrado, pero tambi\u00e9n hay que decir que en ning\u00fan caso se ha producido una aclaraci\u00f3n de aquel confuso incidente. La l\u00ednea actual de Iglesias parece centrada en mantener una unidad exterioriza monol\u00edtica, halagar en todo momento a S\u00e1nchez y al mismo tiempo utilizar su presencia en el Gobierno para influir de manera no p\u00fablica en sus decisiones para que sea la parte socialista, que es la m\u00e1s importante, la que acabe asumiendo lo que en realidad son posiciones de Podemos. &nbsp;","og_url":"https:\/\/conversesacatalunya.cat\/es\/como-manda-iglesias-en-la-politica-exterior-del-gobierno\/","og_site_name":"Converses a Catalunya","article_published_time":"2020-01-24T11:03:54+00:00","og_image":[{"width":998,"height":562,"url":"https:\/\/conversesacatalunya.cat\/wp-content\/uploads\/2020\/01\/Interview-with-Juan-Guaido-amp-39-All-Venezuelans-want.jpg","type":"image\/jpeg"}],"author":"conversesacatalunya","twitter_card":"summary_large_image","twitter_misc":{"Escrito por":"conversesacatalunya","Tiempo de lectura":"3 minutos"},"schema":{"@context":"https:\/\/schema.org","@graph":[{"@type":"Article","@id":"https:\/\/conversesacatalunya.cat\/es\/como-manda-iglesias-en-la-politica-exterior-del-gobierno\/#article","isPartOf":{"@id":"https:\/\/conversesacatalunya.cat\/es\/como-manda-iglesias-en-la-politica-exterior-del-gobierno\/"},"author":{"name":"conversesacatalunya","@id":"https:\/\/conversesacatalunya.cat\/#\/schema\/person\/7e24d1e54a2785373ddcb275eae5ed99"},"headline":"C\u00f3mo manda Iglesias en la pol\u00edtica exterior del Gobierno","datePublished":"2020-01-24T11:03:54+00:00","mainEntityOfPage":{"@id":"https:\/\/conversesacatalunya.cat\/es\/como-manda-iglesias-en-la-politica-exterior-del-gobierno\/"},"wordCount":558,"commentCount":0,"image":{"@id":"https:\/\/conversesacatalunya.cat\/es\/como-manda-iglesias-en-la-politica-exterior-del-gobierno\/#primaryimage"},"thumbnailUrl":"https:\/\/conversesacatalunya.cat\/wp-content\/uploads\/2020\/01\/Interview-with-Juan-Guaido-amp-39-All-Venezuelans-want.jpg","keywords":["Juan Guaid\u00f3","Pablo Iglesias","Venezuela"],"articleSection":["Punts clau del dia (ES)"],"inLanguage":"es","potentialAction":[{"@type":"CommentAction","name":"Comment","target":["https:\/\/conversesacatalunya.cat\/es\/como-manda-iglesias-en-la-politica-exterior-del-gobierno\/#respond"]}]},{"@type":"WebPage","@id":"https:\/\/conversesacatalunya.cat\/es\/como-manda-iglesias-en-la-politica-exterior-del-gobierno\/","url":"https:\/\/conversesacatalunya.cat\/es\/como-manda-iglesias-en-la-politica-exterior-del-gobierno\/","name":"C\u00f3mo manda Iglesias en la pol\u00edtica exterior del Gobierno - Converses a Catalunya","isPartOf":{"@id":"https:\/\/conversesacatalunya.cat\/#website"},"primaryImageOfPage":{"@id":"https:\/\/conversesacatalunya.cat\/es\/como-manda-iglesias-en-la-politica-exterior-del-gobierno\/#primaryimage"},"image":{"@id":"https:\/\/conversesacatalunya.cat\/es\/como-manda-iglesias-en-la-politica-exterior-del-gobierno\/#primaryimage"},"thumbnailUrl":"https:\/\/conversesacatalunya.cat\/wp-content\/uploads\/2020\/01\/Interview-with-Juan-Guaido-amp-39-All-Venezuelans-want.jpg","datePublished":"2020-01-24T11:03:54+00:00","author":{"@id":"https:\/\/conversesacatalunya.cat\/#\/schema\/person\/7e24d1e54a2785373ddcb275eae5ed99"},"breadcrumb":{"@id":"https:\/\/conversesacatalunya.cat\/es\/como-manda-iglesias-en-la-politica-exterior-del-gobierno\/#breadcrumb"},"inLanguage":"es","potentialAction":[{"@type":"ReadAction","target":["https:\/\/conversesacatalunya.cat\/es\/como-manda-iglesias-en-la-politica-exterior-del-gobierno\/"]}]},{"@type":"ImageObject","inLanguage":"es","@id":"https:\/\/conversesacatalunya.cat\/es\/como-manda-iglesias-en-la-politica-exterior-del-gobierno\/#primaryimage","url":"https:\/\/conversesacatalunya.cat\/wp-content\/uploads\/2020\/01\/Interview-with-Juan-Guaido-amp-39-All-Venezuelans-want.jpg","contentUrl":"https:\/\/conversesacatalunya.cat\/wp-content\/uploads\/2020\/01\/Interview-with-Juan-Guaido-amp-39-All-Venezuelans-want.jpg","width":998,"height":562,"caption":"pol\u00edtica exterior"},{"@type":"BreadcrumbList","@id":"https:\/\/conversesacatalunya.cat\/es\/como-manda-iglesias-en-la-politica-exterior-del-gobierno\/#breadcrumb","itemListElement":[{"@type":"ListItem","position":1,"name":"Inici","item":"https:\/\/conversesacatalunya.cat\/es\/"},{"@type":"ListItem","position":2,"name":"C\u00f3mo manda Iglesias en la pol\u00edtica exterior del Gobierno"}]},{"@type":"WebSite","@id":"https:\/\/conversesacatalunya.cat\/#website","url":"https:\/\/conversesacatalunya.cat\/","name":"Converses a Catalunya","description":"","potentialAction":[{"@type":"SearchAction","target":{"@type":"EntryPoint","urlTemplate":"https:\/\/conversesacatalunya.cat\/?s={search_term_string}"},"query-input":{"@type":"PropertyValueSpecification","valueRequired":true,"valueName":"search_term_string"}}],"inLanguage":"es"},{"@type":"Person","@id":"https:\/\/conversesacatalunya.cat\/#\/schema\/person\/7e24d1e54a2785373ddcb275eae5ed99","name":"conversesacatalunya","image":{"@type":"ImageObject","inLanguage":"es","@id":"https:\/\/conversesacatalunya.cat\/#\/schema\/person\/image\/","url":"https:\/\/conversesacatalunya.cat\/wp-content\/litespeed\/avatar\/febdfeeec89d950f01c748045a981dd2.jpg?ver=1777314535","contentUrl":"https:\/\/conversesacatalunya.cat\/wp-content\/litespeed\/avatar\/febdfeeec89d950f01c748045a981dd2.jpg?ver=1777314535","caption":"conversesacatalunya"},"url":"https:\/\/conversesacatalunya.cat\/es\/author\/carme_catala\/"}]}},"wps_subtitle":"","_links":{"self":[{"href":"https:\/\/conversesacatalunya.cat\/es\/wp-json\/wp\/v2\/posts\/31541","targetHints":{"allow":["GET"]}}],"collection":[{"href":"https:\/\/conversesacatalunya.cat\/es\/wp-json\/wp\/v2\/posts"}],"about":[{"href":"https:\/\/conversesacatalunya.cat\/es\/wp-json\/wp\/v2\/types\/post"}],"author":[{"embeddable":true,"href":"https:\/\/conversesacatalunya.cat\/es\/wp-json\/wp\/v2\/users\/2"}],"replies":[{"embeddable":true,"href":"https:\/\/conversesacatalunya.cat\/es\/wp-json\/wp\/v2\/comments?post=31541"}],"version-history":[{"count":1,"href":"https:\/\/conversesacatalunya.cat\/es\/wp-json\/wp\/v2\/posts\/31541\/revisions"}],"predecessor-version":[{"id":31544,"href":"https:\/\/conversesacatalunya.cat\/es\/wp-json\/wp\/v2\/posts\/31541\/revisions\/31544"}],"wp:featuredmedia":[{"embeddable":true,"href":"https:\/\/conversesacatalunya.cat\/es\/wp-json\/wp\/v2\/media\/31542"}],"wp:attachment":[{"href":"https:\/\/conversesacatalunya.cat\/es\/wp-json\/wp\/v2\/media?parent=31541"}],"wp:term":[{"taxonomy":"category","embeddable":true,"href":"https:\/\/conversesacatalunya.cat\/es\/wp-json\/wp\/v2\/categories?post=31541"},{"taxonomy":"post_tag","embeddable":true,"href":"https:\/\/conversesacatalunya.cat\/es\/wp-json\/wp\/v2\/tags?post=31541"}],"curies":[{"name":"wp","href":"https:\/\/api.w.org\/{rel}","templated":true}]}}