{"id":31444,"date":"2020-01-22T11:57:01","date_gmt":"2020-01-22T10:57:01","guid":{"rendered":"https:\/\/conversesacatalunya.cat\/la-solucio-politica-i\/"},"modified":"2020-01-31T12:13:09","modified_gmt":"2020-01-31T11:13:09","slug":"la-solucion-politica-i","status":"publish","type":"post","link":"https:\/\/conversesacatalunya.cat\/es\/la-solucion-politica-i\/","title":{"rendered":"La soluci\u00f3n (I)"},"content":{"rendered":"<p class=\"p@3\">No podemos esperar m\u00e1s. \u00adNecesitamos para ahora mismo la soluci\u00f3n pol\u00edtica a nuestras crisis y problemas colectivos. Respuesta para la crisis po\u00adl\u00edtica espa\u00f1ola, que va tomando forma de crisis de Estado. Soluci\u00f3n tambi\u00e9n para el conflicto catal\u00e1n, que est\u00e1 destruyendo nuestros cimientos: la unidad de un solo pueblo y progresar juntos, sustituidos por la formaci\u00f3n de dos polos confrontados y retroceder separados. Necesitamos la respuesta para proporcionar un buen gobierno a Catalunya y a Espa\u00f1a. La clave de b\u00f3veda, el com\u00fan denominador de todo, est\u00e1 en \u00adCatalunya.<\/p>\n<p class=\"p\">Hace falta una nueva opci\u00f3n electoral que cumpla simult\u00e1neamente con todas las exigencias de la buena soluci\u00f3n: 1) Capacidad para gobernar Catalunya desde la catalanidad y, por lo tanto, como alternativa al independentismo. 2) Procurar una nueva estabilidad pol\u00edtica, basada en la regeneraci\u00f3n y una mayor cohesi\u00f3n social.<\/p>\n<h3 style=\"text-align: center;\">Hay que levantar una verdadera alternativa de gobierno al independentismo<\/h3>\n<p class=\"p\">Una alternativa pol\u00edtica que salvaguarda las instituciones del autogobierno catal\u00e1n al servicio de todo el mundo, en el marco de la Constituci\u00f3n, y defiende los derechos de todos sus ciudadanos, y que con su estilo y su proyecto de pa\u00eds, basado en la concordia y el respeto mutuo, construye puentes, deshace la polarizaci\u00f3n y es capaz de superar el conflicto del<i>\u00a0proc\u00e9s\u00a0<\/i>y la desuni\u00f3n de los catalanes. Construye un proyecto riguroso y de largo alcance para el pa\u00eds y lo explica con claridad. Y como proyecto real que es, no olvida necesidades vitales menospreciadas, tales como la familia y la descendencia, o el papel de los padres en la educaci\u00f3n de los hijos, o la importancia de las fuentes de nuestra cultura, para citar s\u00f3lo tres relevantes.<\/p>\n<p class=\"p\">Configura una alternativa que busca in\u00adtegrar votantes situados hasta ahora en el campo independentista, junto con los catalanistas que han votado opciones contrarias a la independencia. Esta es la clave del \u00e9xito: situar ante todo la prioridad de rehacer y fortalecer Catalunya y el bienestar de los catalanes, con una visi\u00f3n compartida y solidaria hacia Espa\u00f1a, Europa y el mundo.<\/p>\n<p class=\"p\">Una alternativa dispuesta a involucrarse decisivamente en la gobernaci\u00f3n espa\u00f1ola, superar las situaciones de bloqueo y des\u00adarmar la rentabilidad pol\u00edtica del antica\u00adtalanismo.<\/p>\n<p class=\"p\">Una fuerza electoral que dispone de presencia territorial, capilaridad social, est\u00e1 acompa\u00f1ada por un grupo de personas de reconocido prestigio y ha alcanzado una posici\u00f3n s\u00f3lida en las redes sociales, donde es abrumador el dominio del independentismo m\u00e1s agresivo. Todo eso hace posible escoger el liderazgo electoral m\u00e1s oportuno y procurar la financiaci\u00f3n necesaria.<\/p>\n<p class=\"p\">\u00bfY de d\u00f3nde tiene que surgir la fuerza renovadora capaz de hacer todo eso? Es obvio: de la realidad primero; para mejorarla acto seguido. Tiene que surgir de las fuerzas pol\u00edticas fraccionadas, dispersas, que desde la afirmaci\u00f3n catalanista se afanan por ejercer a fondo el autogobierno. Son partidos, asociaciones, grupos. Cada uno de ellos demasiado peque\u00f1o para ser alternativa de nada, pero que reagrupados con solidez constituyen la base. Son la condici\u00f3n necesaria, aunque no suficiente. Porque no se trata de construir una peque\u00f1a minor\u00eda, sino de levantar una verdadera alternativa de gobierno al independentismo del<i>\u00a0proc\u00e9s\u00a0<\/i>.<\/p>\n<p class=\"p\">\u00bfY c\u00f3mo conseguiremos este reagrupamiento del nuevo catalanismo social y su condici\u00f3n de suficiencia? Creando las condiciones que estimulan su constituci\u00f3n. Apoy\u00e1ndolos en la tarea, facilit\u00e1ndoles el acuerdo racional desde sus diferencias. Porque, si no son capaces de alcanzarlo, \u00bfqu\u00e9 credibilidad tendr\u00e1n para presentarse como competentes para superar las diferencias entre catalanes, que son mayores?<\/p>\n<p class=\"p\">Tres instrumentos hacen posible el reagrupamiento pol\u00edtico y lo dotan de fuerza: 1) La alianza electoral que, para ser eficaz, necesita reducir, como mucho en dos, a los sujetos pol\u00edticos que pacten; tienen que producirse fusiones. 2) Un programa com\u00fan a cuatro a\u00f1os, claro, concreto, centrado en salir del callej\u00f3n sin salida, mejorar el pa\u00eds y regenerar la pol\u00edtica. 3) Un catalizador que dinamice el reagrupamiento y lo refuerce, dot\u00e1ndolo de la condici\u00f3n de suficiencia. Un catalizador que act\u00faa como servicio y sin vocaci\u00f3n partidista. No constituye un sujeto pol\u00edtico en el mismo plano de los partidos, sino que es la expresi\u00f3n organizada de la sociedad civil que da un paso adelante para contribuir a la soluci\u00f3n, formando una corriente social de car\u00e1cter c\u00edvico, con el fin de fortalecer la alternativa electoral desde fuera de ella, y contribuyendo a recabar soluciones para sus necesidades.<\/p>\n<p class=\"p\">\u00bfY c\u00f3mo se concreta esta corriente social regeneradora con vocaci\u00f3n de servicio? Pues como un<i>\u00a0rassemblement,\u00a0<\/i>un agrupamiento de independientes. Una entrada en juego de personas que no militan en partidos, impulsadas por la vocaci\u00f3n de ayudar de manera concreta a salir de este callej\u00f3n sin salida. Este<i>\u00a0rassemblement\u00a0<\/i>transformar\u00e1 el marco pol\u00edtico actual, aportar\u00e1 m\u00e1s credibilidad en la soluci\u00f3n vigoriz\u00e1ndola y generar\u00e1 perspectivas hoy inexistentes.<\/p>\n<p class=\"topo fin\">A formar este <a href=\"https:\/\/conversesacatalunya.cat\/es\/llamamiento-a-la-sociedad-civil-a-sus-mujeres-y-hombres\/\" target=\"_blank\" rel=\"noopener noreferrer\">encuentro de indepen\u00addientes<\/a> hay que dirigir los pasos sin m\u00e1s \u00addilaci\u00f3n.<\/p>\n<p><em>Art\u00edculo publicado en La Vanguardia<\/em><\/p>\n","protected":false},"excerpt":{"rendered":"<p>No podemos esperar m\u00e1s. \u00adNecesitamos para ahora mismo la soluci\u00f3n pol\u00edtica a nuestras crisis y problemas colectivos. Respuesta para la crisis po\u00adl\u00edtica espa\u00f1ola, que va tomando forma de crisis de Estado. Soluci\u00f3n tambi\u00e9n para el conflicto catal\u00e1n, que est\u00e1 destruyendo nuestros cimientos: la unidad de un solo pueblo y progresar juntos, sustituidos por la formaci\u00f3n de dos polos confrontados y retroceder separados. Necesitamos la respuesta para proporcionar un buen gobierno a Catalunya y a Espa\u00f1a. La clave de b\u00f3veda, el com\u00fan denominador de todo, est\u00e1 en \u00adCatalunya. Hace falta una nueva opci\u00f3n electoral que cumpla simult\u00e1neamente con todas las exigencias de la buena soluci\u00f3n: 1) Capacidad para gobernar Catalunya desde la catalanidad y, por lo tanto, como alternativa al independentismo. 2) Procurar una nueva estabilidad pol\u00edtica, basada en la regeneraci\u00f3n y una mayor cohesi\u00f3n social. Hay que levantar una verdadera alternativa de gobierno al independentismo Una alternativa pol\u00edtica que salvaguarda las instituciones del autogobierno catal\u00e1n al servicio de todo el mundo, en el marco de la Constituci\u00f3n, y defiende los derechos de todos sus ciudadanos, y que con su estilo y su proyecto de pa\u00eds, basado en la concordia y el respeto mutuo, construye puentes, deshace la polarizaci\u00f3n y es capaz de superar el conflicto del\u00a0proc\u00e9s\u00a0y la desuni\u00f3n de los catalanes. Construye un proyecto riguroso y de largo alcance para el pa\u00eds y lo explica con claridad. Y como proyecto real que es, no olvida necesidades vitales menospreciadas, tales como la familia y la descendencia, o el papel de los padres en la educaci\u00f3n de los hijos, o la importancia de las fuentes de nuestra cultura, para citar s\u00f3lo tres relevantes. Configura una alternativa que busca in\u00adtegrar votantes situados hasta ahora en el campo independentista, junto con los catalanistas que han votado opciones contrarias a la independencia. Esta es la clave del \u00e9xito: situar ante todo la prioridad de rehacer y fortalecer Catalunya y el bienestar de los catalanes, con una visi\u00f3n compartida y solidaria hacia Espa\u00f1a, Europa y el mundo. Una alternativa dispuesta a involucrarse decisivamente en la gobernaci\u00f3n espa\u00f1ola, superar las situaciones de bloqueo y des\u00adarmar la rentabilidad pol\u00edtica del antica\u00adtalanismo. Una fuerza electoral que dispone de presencia territorial, capilaridad social, est\u00e1 acompa\u00f1ada por un grupo de personas de reconocido prestigio y ha alcanzado una posici\u00f3n s\u00f3lida en las redes sociales, donde es abrumador el dominio del independentismo m\u00e1s agresivo. Todo eso hace posible escoger el liderazgo electoral m\u00e1s oportuno y procurar la financiaci\u00f3n necesaria. \u00bfY de d\u00f3nde tiene que surgir la fuerza renovadora capaz de hacer todo eso? Es obvio: de la realidad primero; para mejorarla acto seguido. Tiene que surgir de las fuerzas pol\u00edticas fraccionadas, dispersas, que desde la afirmaci\u00f3n catalanista se afanan por ejercer a fondo el autogobierno. Son partidos, asociaciones, grupos. Cada uno de ellos demasiado peque\u00f1o para ser alternativa de nada, pero que reagrupados con solidez constituyen la base. Son la condici\u00f3n necesaria, aunque no suficiente. Porque no se trata de construir una peque\u00f1a minor\u00eda, sino de levantar una verdadera alternativa de gobierno al independentismo del\u00a0proc\u00e9s\u00a0. \u00bfY c\u00f3mo conseguiremos este reagrupamiento del nuevo catalanismo social y su condici\u00f3n de suficiencia? Creando las condiciones que estimulan su constituci\u00f3n. Apoy\u00e1ndolos en la tarea, facilit\u00e1ndoles el acuerdo racional desde sus diferencias. Porque, si no son capaces de alcanzarlo, \u00bfqu\u00e9 credibilidad tendr\u00e1n para presentarse como competentes para superar las diferencias entre catalanes, que son mayores? Tres instrumentos hacen posible el reagrupamiento pol\u00edtico y lo dotan de fuerza: 1) La alianza electoral que, para ser eficaz, necesita reducir, como mucho en dos, a los sujetos pol\u00edticos que pacten; tienen que producirse fusiones. 2) Un programa com\u00fan a cuatro a\u00f1os, claro, concreto, centrado en salir del callej\u00f3n sin salida, mejorar el pa\u00eds y regenerar la pol\u00edtica. 3) Un catalizador que dinamice el reagrupamiento y lo refuerce, dot\u00e1ndolo de la condici\u00f3n de suficiencia. Un catalizador que act\u00faa como servicio y sin vocaci\u00f3n partidista. No constituye un sujeto pol\u00edtico en el mismo plano de los partidos, sino que es la expresi\u00f3n organizada de la sociedad civil que da un paso adelante para contribuir a la soluci\u00f3n, formando una corriente social de car\u00e1cter c\u00edvico, con el fin de fortalecer la alternativa electoral desde fuera de ella, y contribuyendo a recabar soluciones para sus necesidades. \u00bfY c\u00f3mo se concreta esta corriente social regeneradora con vocaci\u00f3n de servicio? Pues como un\u00a0rassemblement,\u00a0un agrupamiento de independientes. Una entrada en juego de personas que no militan en partidos, impulsadas por la vocaci\u00f3n de ayudar de manera concreta a salir de este callej\u00f3n sin salida. Este\u00a0rassemblement\u00a0transformar\u00e1 el marco pol\u00edtico actual, aportar\u00e1 m\u00e1s credibilidad en la soluci\u00f3n vigoriz\u00e1ndola y generar\u00e1 perspectivas hoy inexistentes. A formar este encuentro de indepen\u00addientes hay que dirigir los pasos sin m\u00e1s \u00addilaci\u00f3n. Art\u00edculo publicado en La Vanguardia<\/p>\n","protected":false},"author":19,"featured_media":31440,"comment_status":"open","ping_status":"open","sticky":false,"template":"","format":"standard","meta":{"_FSMCFIC_featured_image_caption":"","_FSMCFIC_featured_image_nocaption":"","_FSMCFIC_featured_image_hide":"","footnotes":""},"categories":[796,1514],"tags":[1462,1459],"class_list":["post-31444","post","type-post","status-publish","format-standard","has-post-thumbnail","hentry","category-el-blog-de-josep-miro-i-ardevol-es","category-trobada-dindependents-es","tag-independents-es","tag-independientes"],"yoast_head":"<!-- This site is optimized with the Yoast SEO plugin v26.8 - https:\/\/yoast.com\/product\/yoast-seo-wordpress\/ -->\n<title>La soluci\u00f3n (I) - Converses a Catalunya<\/title>\n<meta name=\"robots\" content=\"noindex, nofollow\" \/>\n<meta property=\"og:locale\" content=\"es_ES\" \/>\n<meta property=\"og:type\" content=\"article\" \/>\n<meta property=\"og:title\" content=\"La soluci\u00f3n (I) - Converses a Catalunya\" \/>\n<meta property=\"og:description\" content=\"No podemos esperar m\u00e1s. \u00adNecesitamos para ahora mismo la soluci\u00f3n pol\u00edtica a nuestras crisis y problemas colectivos. Respuesta para la crisis po\u00adl\u00edtica espa\u00f1ola, que va tomando forma de crisis de Estado. Soluci\u00f3n tambi\u00e9n para el conflicto catal\u00e1n, que est\u00e1 destruyendo nuestros cimientos: la unidad de un solo pueblo y progresar juntos, sustituidos por la formaci\u00f3n de dos polos confrontados y retroceder separados. Necesitamos la respuesta para proporcionar un buen gobierno a Catalunya y a Espa\u00f1a. La clave de b\u00f3veda, el com\u00fan denominador de todo, est\u00e1 en \u00adCatalunya. Hace falta una nueva opci\u00f3n electoral que cumpla simult\u00e1neamente con todas las exigencias de la buena soluci\u00f3n: 1) Capacidad para gobernar Catalunya desde la catalanidad y, por lo tanto, como alternativa al independentismo. 2) Procurar una nueva estabilidad pol\u00edtica, basada en la regeneraci\u00f3n y una mayor cohesi\u00f3n social. Hay que levantar una verdadera alternativa de gobierno al independentismo Una alternativa pol\u00edtica que salvaguarda las instituciones del autogobierno catal\u00e1n al servicio de todo el mundo, en el marco de la Constituci\u00f3n, y defiende los derechos de todos sus ciudadanos, y que con su estilo y su proyecto de pa\u00eds, basado en la concordia y el respeto mutuo, construye puentes, deshace la polarizaci\u00f3n y es capaz de superar el conflicto del\u00a0proc\u00e9s\u00a0y la desuni\u00f3n de los catalanes. Construye un proyecto riguroso y de largo alcance para el pa\u00eds y lo explica con claridad. Y como proyecto real que es, no olvida necesidades vitales menospreciadas, tales como la familia y la descendencia, o el papel de los padres en la educaci\u00f3n de los hijos, o la importancia de las fuentes de nuestra cultura, para citar s\u00f3lo tres relevantes. Configura una alternativa que busca in\u00adtegrar votantes situados hasta ahora en el campo independentista, junto con los catalanistas que han votado opciones contrarias a la independencia. Esta es la clave del \u00e9xito: situar ante todo la prioridad de rehacer y fortalecer Catalunya y el bienestar de los catalanes, con una visi\u00f3n compartida y solidaria hacia Espa\u00f1a, Europa y el mundo. Una alternativa dispuesta a involucrarse decisivamente en la gobernaci\u00f3n espa\u00f1ola, superar las situaciones de bloqueo y des\u00adarmar la rentabilidad pol\u00edtica del antica\u00adtalanismo. Una fuerza electoral que dispone de presencia territorial, capilaridad social, est\u00e1 acompa\u00f1ada por un grupo de personas de reconocido prestigio y ha alcanzado una posici\u00f3n s\u00f3lida en las redes sociales, donde es abrumador el dominio del independentismo m\u00e1s agresivo. Todo eso hace posible escoger el liderazgo electoral m\u00e1s oportuno y procurar la financiaci\u00f3n necesaria. \u00bfY de d\u00f3nde tiene que surgir la fuerza renovadora capaz de hacer todo eso? Es obvio: de la realidad primero; para mejorarla acto seguido. Tiene que surgir de las fuerzas pol\u00edticas fraccionadas, dispersas, que desde la afirmaci\u00f3n catalanista se afanan por ejercer a fondo el autogobierno. Son partidos, asociaciones, grupos. Cada uno de ellos demasiado peque\u00f1o para ser alternativa de nada, pero que reagrupados con solidez constituyen la base. Son la condici\u00f3n necesaria, aunque no suficiente. Porque no se trata de construir una peque\u00f1a minor\u00eda, sino de levantar una verdadera alternativa de gobierno al independentismo del\u00a0proc\u00e9s\u00a0. \u00bfY c\u00f3mo conseguiremos este reagrupamiento del nuevo catalanismo social y su condici\u00f3n de suficiencia? Creando las condiciones que estimulan su constituci\u00f3n. Apoy\u00e1ndolos en la tarea, facilit\u00e1ndoles el acuerdo racional desde sus diferencias. Porque, si no son capaces de alcanzarlo, \u00bfqu\u00e9 credibilidad tendr\u00e1n para presentarse como competentes para superar las diferencias entre catalanes, que son mayores? Tres instrumentos hacen posible el reagrupamiento pol\u00edtico y lo dotan de fuerza: 1) La alianza electoral que, para ser eficaz, necesita reducir, como mucho en dos, a los sujetos pol\u00edticos que pacten; tienen que producirse fusiones. 2) Un programa com\u00fan a cuatro a\u00f1os, claro, concreto, centrado en salir del callej\u00f3n sin salida, mejorar el pa\u00eds y regenerar la pol\u00edtica. 3) Un catalizador que dinamice el reagrupamiento y lo refuerce, dot\u00e1ndolo de la condici\u00f3n de suficiencia. Un catalizador que act\u00faa como servicio y sin vocaci\u00f3n partidista. No constituye un sujeto pol\u00edtico en el mismo plano de los partidos, sino que es la expresi\u00f3n organizada de la sociedad civil que da un paso adelante para contribuir a la soluci\u00f3n, formando una corriente social de car\u00e1cter c\u00edvico, con el fin de fortalecer la alternativa electoral desde fuera de ella, y contribuyendo a recabar soluciones para sus necesidades. \u00bfY c\u00f3mo se concreta esta corriente social regeneradora con vocaci\u00f3n de servicio? Pues como un\u00a0rassemblement,\u00a0un agrupamiento de independientes. Una entrada en juego de personas que no militan en partidos, impulsadas por la vocaci\u00f3n de ayudar de manera concreta a salir de este callej\u00f3n sin salida. Este\u00a0rassemblement\u00a0transformar\u00e1 el marco pol\u00edtico actual, aportar\u00e1 m\u00e1s credibilidad en la soluci\u00f3n vigoriz\u00e1ndola y generar\u00e1 perspectivas hoy inexistentes. A formar este encuentro de indepen\u00addientes hay que dirigir los pasos sin m\u00e1s \u00addilaci\u00f3n. Art\u00edculo publicado en La Vanguardia\" \/>\n<meta property=\"og:url\" content=\"https:\/\/conversesacatalunya.cat\/es\/la-solucion-politica-i\/\" \/>\n<meta property=\"og:site_name\" content=\"Converses a Catalunya\" \/>\n<meta property=\"article:published_time\" content=\"2020-01-22T10:57:01+00:00\" \/>\n<meta property=\"article:modified_time\" content=\"2020-01-31T11:13:09+00:00\" \/>\n<meta property=\"og:image\" content=\"https:\/\/conversesacatalunya.cat\/wp-content\/uploads\/2020\/01\/independents.jpg\" \/>\n\t<meta property=\"og:image:width\" content=\"1200\" \/>\n\t<meta property=\"og:image:height\" content=\"714\" \/>\n\t<meta property=\"og:image:type\" content=\"image\/jpeg\" \/>\n<meta name=\"author\" content=\"Josep Mir\u00f3 i Ard\u00e8vol\" \/>\n<meta name=\"twitter:card\" content=\"summary_large_image\" \/>\n<meta name=\"twitter:label1\" content=\"Escrito por\" \/>\n\t<meta name=\"twitter:data1\" content=\"Josep Mir\u00f3 i Ard\u00e8vol\" \/>\n\t<meta name=\"twitter:label2\" content=\"Tiempo de lectura\" \/>\n\t<meta name=\"twitter:data2\" content=\"4 minutos\" \/>\n<script type=\"application\/ld+json\" class=\"yoast-schema-graph\">{\"@context\":\"https:\/\/schema.org\",\"@graph\":[{\"@type\":\"Article\",\"@id\":\"https:\/\/conversesacatalunya.cat\/es\/la-solucion-politica-i\/#article\",\"isPartOf\":{\"@id\":\"https:\/\/conversesacatalunya.cat\/es\/la-solucion-politica-i\/\"},\"author\":{\"name\":\"Josep Mir\u00f3 i Ard\u00e8vol\",\"@id\":\"https:\/\/conversesacatalunya.cat\/#\/schema\/person\/a9598a6786ba7d3d1c5e0de477b79370\"},\"headline\":\"La soluci\u00f3n (I)\",\"datePublished\":\"2020-01-22T10:57:01+00:00\",\"dateModified\":\"2020-01-31T11:13:09+00:00\",\"mainEntityOfPage\":{\"@id\":\"https:\/\/conversesacatalunya.cat\/es\/la-solucion-politica-i\/\"},\"wordCount\":874,\"commentCount\":0,\"image\":{\"@id\":\"https:\/\/conversesacatalunya.cat\/es\/la-solucion-politica-i\/#primaryimage\"},\"thumbnailUrl\":\"https:\/\/conversesacatalunya.cat\/wp-content\/uploads\/2020\/01\/independents.jpg\",\"keywords\":[\"Independents\",\"Independientes\"],\"articleSection\":[\"El Blog de Josep Mir\u00f3 i Ard\u00e8vol (ES)\",\"Trobada d'independents (ES)\"],\"inLanguage\":\"es\",\"potentialAction\":[{\"@type\":\"CommentAction\",\"name\":\"Comment\",\"target\":[\"https:\/\/conversesacatalunya.cat\/es\/la-solucion-politica-i\/#respond\"]}]},{\"@type\":\"WebPage\",\"@id\":\"https:\/\/conversesacatalunya.cat\/es\/la-solucion-politica-i\/\",\"url\":\"https:\/\/conversesacatalunya.cat\/es\/la-solucion-politica-i\/\",\"name\":\"La soluci\u00f3n (I) - Converses a Catalunya\",\"isPartOf\":{\"@id\":\"https:\/\/conversesacatalunya.cat\/#website\"},\"primaryImageOfPage\":{\"@id\":\"https:\/\/conversesacatalunya.cat\/es\/la-solucion-politica-i\/#primaryimage\"},\"image\":{\"@id\":\"https:\/\/conversesacatalunya.cat\/es\/la-solucion-politica-i\/#primaryimage\"},\"thumbnailUrl\":\"https:\/\/conversesacatalunya.cat\/wp-content\/uploads\/2020\/01\/independents.jpg\",\"datePublished\":\"2020-01-22T10:57:01+00:00\",\"dateModified\":\"2020-01-31T11:13:09+00:00\",\"author\":{\"@id\":\"https:\/\/conversesacatalunya.cat\/#\/schema\/person\/a9598a6786ba7d3d1c5e0de477b79370\"},\"breadcrumb\":{\"@id\":\"https:\/\/conversesacatalunya.cat\/es\/la-solucion-politica-i\/#breadcrumb\"},\"inLanguage\":\"es\",\"potentialAction\":[{\"@type\":\"ReadAction\",\"target\":[\"https:\/\/conversesacatalunya.cat\/es\/la-solucion-politica-i\/\"]}]},{\"@type\":\"ImageObject\",\"inLanguage\":\"es\",\"@id\":\"https:\/\/conversesacatalunya.cat\/es\/la-solucion-politica-i\/#primaryimage\",\"url\":\"https:\/\/conversesacatalunya.cat\/wp-content\/uploads\/2020\/01\/independents.jpg\",\"contentUrl\":\"https:\/\/conversesacatalunya.cat\/wp-content\/uploads\/2020\/01\/independents.jpg\",\"width\":1200,\"height\":714},{\"@type\":\"BreadcrumbList\",\"@id\":\"https:\/\/conversesacatalunya.cat\/es\/la-solucion-politica-i\/#breadcrumb\",\"itemListElement\":[{\"@type\":\"ListItem\",\"position\":1,\"name\":\"Inici\",\"item\":\"https:\/\/conversesacatalunya.cat\/es\/\"},{\"@type\":\"ListItem\",\"position\":2,\"name\":\"La soluci\u00f3n (I)\"}]},{\"@type\":\"WebSite\",\"@id\":\"https:\/\/conversesacatalunya.cat\/#website\",\"url\":\"https:\/\/conversesacatalunya.cat\/\",\"name\":\"Converses a Catalunya\",\"description\":\"\",\"potentialAction\":[{\"@type\":\"SearchAction\",\"target\":{\"@type\":\"EntryPoint\",\"urlTemplate\":\"https:\/\/conversesacatalunya.cat\/?s={search_term_string}\"},\"query-input\":{\"@type\":\"PropertyValueSpecification\",\"valueRequired\":true,\"valueName\":\"search_term_string\"}}],\"inLanguage\":\"es\"},{\"@type\":\"Person\",\"@id\":\"https:\/\/conversesacatalunya.cat\/#\/schema\/person\/a9598a6786ba7d3d1c5e0de477b79370\",\"name\":\"Josep Mir\u00f3 i Ard\u00e8vol\",\"image\":{\"@type\":\"ImageObject\",\"inLanguage\":\"es\",\"@id\":\"https:\/\/conversesacatalunya.cat\/#\/schema\/person\/image\/\",\"url\":\"https:\/\/conversesacatalunya.cat\/wp-content\/litespeed\/avatar\/c37e3dc881857483d6694cdf98fdedea.jpg?ver=1777270381\",\"contentUrl\":\"https:\/\/conversesacatalunya.cat\/wp-content\/litespeed\/avatar\/c37e3dc881857483d6694cdf98fdedea.jpg?ver=1777270381\",\"caption\":\"Josep Mir\u00f3 i Ard\u00e8vol\"},\"url\":\"https:\/\/conversesacatalunya.cat\/es\/author\/josep-miro-i-ardevol\/\"}]}<\/script>\n<!-- \/ Yoast SEO plugin. -->","yoast_head_json":{"title":"La soluci\u00f3n (I) - Converses a Catalunya","robots":{"index":"noindex","follow":"nofollow"},"og_locale":"es_ES","og_type":"article","og_title":"La soluci\u00f3n (I) - Converses a Catalunya","og_description":"No podemos esperar m\u00e1s. \u00adNecesitamos para ahora mismo la soluci\u00f3n pol\u00edtica a nuestras crisis y problemas colectivos. Respuesta para la crisis po\u00adl\u00edtica espa\u00f1ola, que va tomando forma de crisis de Estado. Soluci\u00f3n tambi\u00e9n para el conflicto catal\u00e1n, que est\u00e1 destruyendo nuestros cimientos: la unidad de un solo pueblo y progresar juntos, sustituidos por la formaci\u00f3n de dos polos confrontados y retroceder separados. Necesitamos la respuesta para proporcionar un buen gobierno a Catalunya y a Espa\u00f1a. La clave de b\u00f3veda, el com\u00fan denominador de todo, est\u00e1 en \u00adCatalunya. Hace falta una nueva opci\u00f3n electoral que cumpla simult\u00e1neamente con todas las exigencias de la buena soluci\u00f3n: 1) Capacidad para gobernar Catalunya desde la catalanidad y, por lo tanto, como alternativa al independentismo. 2) Procurar una nueva estabilidad pol\u00edtica, basada en la regeneraci\u00f3n y una mayor cohesi\u00f3n social. Hay que levantar una verdadera alternativa de gobierno al independentismo Una alternativa pol\u00edtica que salvaguarda las instituciones del autogobierno catal\u00e1n al servicio de todo el mundo, en el marco de la Constituci\u00f3n, y defiende los derechos de todos sus ciudadanos, y que con su estilo y su proyecto de pa\u00eds, basado en la concordia y el respeto mutuo, construye puentes, deshace la polarizaci\u00f3n y es capaz de superar el conflicto del\u00a0proc\u00e9s\u00a0y la desuni\u00f3n de los catalanes. Construye un proyecto riguroso y de largo alcance para el pa\u00eds y lo explica con claridad. Y como proyecto real que es, no olvida necesidades vitales menospreciadas, tales como la familia y la descendencia, o el papel de los padres en la educaci\u00f3n de los hijos, o la importancia de las fuentes de nuestra cultura, para citar s\u00f3lo tres relevantes. Configura una alternativa que busca in\u00adtegrar votantes situados hasta ahora en el campo independentista, junto con los catalanistas que han votado opciones contrarias a la independencia. Esta es la clave del \u00e9xito: situar ante todo la prioridad de rehacer y fortalecer Catalunya y el bienestar de los catalanes, con una visi\u00f3n compartida y solidaria hacia Espa\u00f1a, Europa y el mundo. Una alternativa dispuesta a involucrarse decisivamente en la gobernaci\u00f3n espa\u00f1ola, superar las situaciones de bloqueo y des\u00adarmar la rentabilidad pol\u00edtica del antica\u00adtalanismo. Una fuerza electoral que dispone de presencia territorial, capilaridad social, est\u00e1 acompa\u00f1ada por un grupo de personas de reconocido prestigio y ha alcanzado una posici\u00f3n s\u00f3lida en las redes sociales, donde es abrumador el dominio del independentismo m\u00e1s agresivo. Todo eso hace posible escoger el liderazgo electoral m\u00e1s oportuno y procurar la financiaci\u00f3n necesaria. \u00bfY de d\u00f3nde tiene que surgir la fuerza renovadora capaz de hacer todo eso? Es obvio: de la realidad primero; para mejorarla acto seguido. Tiene que surgir de las fuerzas pol\u00edticas fraccionadas, dispersas, que desde la afirmaci\u00f3n catalanista se afanan por ejercer a fondo el autogobierno. Son partidos, asociaciones, grupos. Cada uno de ellos demasiado peque\u00f1o para ser alternativa de nada, pero que reagrupados con solidez constituyen la base. Son la condici\u00f3n necesaria, aunque no suficiente. Porque no se trata de construir una peque\u00f1a minor\u00eda, sino de levantar una verdadera alternativa de gobierno al independentismo del\u00a0proc\u00e9s\u00a0. \u00bfY c\u00f3mo conseguiremos este reagrupamiento del nuevo catalanismo social y su condici\u00f3n de suficiencia? Creando las condiciones que estimulan su constituci\u00f3n. Apoy\u00e1ndolos en la tarea, facilit\u00e1ndoles el acuerdo racional desde sus diferencias. Porque, si no son capaces de alcanzarlo, \u00bfqu\u00e9 credibilidad tendr\u00e1n para presentarse como competentes para superar las diferencias entre catalanes, que son mayores? Tres instrumentos hacen posible el reagrupamiento pol\u00edtico y lo dotan de fuerza: 1) La alianza electoral que, para ser eficaz, necesita reducir, como mucho en dos, a los sujetos pol\u00edticos que pacten; tienen que producirse fusiones. 2) Un programa com\u00fan a cuatro a\u00f1os, claro, concreto, centrado en salir del callej\u00f3n sin salida, mejorar el pa\u00eds y regenerar la pol\u00edtica. 3) Un catalizador que dinamice el reagrupamiento y lo refuerce, dot\u00e1ndolo de la condici\u00f3n de suficiencia. Un catalizador que act\u00faa como servicio y sin vocaci\u00f3n partidista. No constituye un sujeto pol\u00edtico en el mismo plano de los partidos, sino que es la expresi\u00f3n organizada de la sociedad civil que da un paso adelante para contribuir a la soluci\u00f3n, formando una corriente social de car\u00e1cter c\u00edvico, con el fin de fortalecer la alternativa electoral desde fuera de ella, y contribuyendo a recabar soluciones para sus necesidades. \u00bfY c\u00f3mo se concreta esta corriente social regeneradora con vocaci\u00f3n de servicio? Pues como un\u00a0rassemblement,\u00a0un agrupamiento de independientes. Una entrada en juego de personas que no militan en partidos, impulsadas por la vocaci\u00f3n de ayudar de manera concreta a salir de este callej\u00f3n sin salida. Este\u00a0rassemblement\u00a0transformar\u00e1 el marco pol\u00edtico actual, aportar\u00e1 m\u00e1s credibilidad en la soluci\u00f3n vigoriz\u00e1ndola y generar\u00e1 perspectivas hoy inexistentes. A formar este encuentro de indepen\u00addientes hay que dirigir los pasos sin m\u00e1s \u00addilaci\u00f3n. Art\u00edculo publicado en La Vanguardia","og_url":"https:\/\/conversesacatalunya.cat\/es\/la-solucion-politica-i\/","og_site_name":"Converses a Catalunya","article_published_time":"2020-01-22T10:57:01+00:00","article_modified_time":"2020-01-31T11:13:09+00:00","og_image":[{"width":1200,"height":714,"url":"https:\/\/conversesacatalunya.cat\/wp-content\/uploads\/2020\/01\/independents.jpg","type":"image\/jpeg"}],"author":"Josep Mir\u00f3 i Ard\u00e8vol","twitter_card":"summary_large_image","twitter_misc":{"Escrito por":"Josep Mir\u00f3 i Ard\u00e8vol","Tiempo de lectura":"4 minutos"},"schema":{"@context":"https:\/\/schema.org","@graph":[{"@type":"Article","@id":"https:\/\/conversesacatalunya.cat\/es\/la-solucion-politica-i\/#article","isPartOf":{"@id":"https:\/\/conversesacatalunya.cat\/es\/la-solucion-politica-i\/"},"author":{"name":"Josep Mir\u00f3 i Ard\u00e8vol","@id":"https:\/\/conversesacatalunya.cat\/#\/schema\/person\/a9598a6786ba7d3d1c5e0de477b79370"},"headline":"La soluci\u00f3n (I)","datePublished":"2020-01-22T10:57:01+00:00","dateModified":"2020-01-31T11:13:09+00:00","mainEntityOfPage":{"@id":"https:\/\/conversesacatalunya.cat\/es\/la-solucion-politica-i\/"},"wordCount":874,"commentCount":0,"image":{"@id":"https:\/\/conversesacatalunya.cat\/es\/la-solucion-politica-i\/#primaryimage"},"thumbnailUrl":"https:\/\/conversesacatalunya.cat\/wp-content\/uploads\/2020\/01\/independents.jpg","keywords":["Independents","Independientes"],"articleSection":["El Blog de Josep Mir\u00f3 i Ard\u00e8vol (ES)","Trobada d'independents (ES)"],"inLanguage":"es","potentialAction":[{"@type":"CommentAction","name":"Comment","target":["https:\/\/conversesacatalunya.cat\/es\/la-solucion-politica-i\/#respond"]}]},{"@type":"WebPage","@id":"https:\/\/conversesacatalunya.cat\/es\/la-solucion-politica-i\/","url":"https:\/\/conversesacatalunya.cat\/es\/la-solucion-politica-i\/","name":"La soluci\u00f3n (I) - Converses a Catalunya","isPartOf":{"@id":"https:\/\/conversesacatalunya.cat\/#website"},"primaryImageOfPage":{"@id":"https:\/\/conversesacatalunya.cat\/es\/la-solucion-politica-i\/#primaryimage"},"image":{"@id":"https:\/\/conversesacatalunya.cat\/es\/la-solucion-politica-i\/#primaryimage"},"thumbnailUrl":"https:\/\/conversesacatalunya.cat\/wp-content\/uploads\/2020\/01\/independents.jpg","datePublished":"2020-01-22T10:57:01+00:00","dateModified":"2020-01-31T11:13:09+00:00","author":{"@id":"https:\/\/conversesacatalunya.cat\/#\/schema\/person\/a9598a6786ba7d3d1c5e0de477b79370"},"breadcrumb":{"@id":"https:\/\/conversesacatalunya.cat\/es\/la-solucion-politica-i\/#breadcrumb"},"inLanguage":"es","potentialAction":[{"@type":"ReadAction","target":["https:\/\/conversesacatalunya.cat\/es\/la-solucion-politica-i\/"]}]},{"@type":"ImageObject","inLanguage":"es","@id":"https:\/\/conversesacatalunya.cat\/es\/la-solucion-politica-i\/#primaryimage","url":"https:\/\/conversesacatalunya.cat\/wp-content\/uploads\/2020\/01\/independents.jpg","contentUrl":"https:\/\/conversesacatalunya.cat\/wp-content\/uploads\/2020\/01\/independents.jpg","width":1200,"height":714},{"@type":"BreadcrumbList","@id":"https:\/\/conversesacatalunya.cat\/es\/la-solucion-politica-i\/#breadcrumb","itemListElement":[{"@type":"ListItem","position":1,"name":"Inici","item":"https:\/\/conversesacatalunya.cat\/es\/"},{"@type":"ListItem","position":2,"name":"La soluci\u00f3n (I)"}]},{"@type":"WebSite","@id":"https:\/\/conversesacatalunya.cat\/#website","url":"https:\/\/conversesacatalunya.cat\/","name":"Converses a Catalunya","description":"","potentialAction":[{"@type":"SearchAction","target":{"@type":"EntryPoint","urlTemplate":"https:\/\/conversesacatalunya.cat\/?s={search_term_string}"},"query-input":{"@type":"PropertyValueSpecification","valueRequired":true,"valueName":"search_term_string"}}],"inLanguage":"es"},{"@type":"Person","@id":"https:\/\/conversesacatalunya.cat\/#\/schema\/person\/a9598a6786ba7d3d1c5e0de477b79370","name":"Josep Mir\u00f3 i Ard\u00e8vol","image":{"@type":"ImageObject","inLanguage":"es","@id":"https:\/\/conversesacatalunya.cat\/#\/schema\/person\/image\/","url":"https:\/\/conversesacatalunya.cat\/wp-content\/litespeed\/avatar\/c37e3dc881857483d6694cdf98fdedea.jpg?ver=1777270381","contentUrl":"https:\/\/conversesacatalunya.cat\/wp-content\/litespeed\/avatar\/c37e3dc881857483d6694cdf98fdedea.jpg?ver=1777270381","caption":"Josep Mir\u00f3 i Ard\u00e8vol"},"url":"https:\/\/conversesacatalunya.cat\/es\/author\/josep-miro-i-ardevol\/"}]}},"wps_subtitle":"Hay que levantar una verdadera alternativa de gobierno al independentismo","_links":{"self":[{"href":"https:\/\/conversesacatalunya.cat\/es\/wp-json\/wp\/v2\/posts\/31444","targetHints":{"allow":["GET"]}}],"collection":[{"href":"https:\/\/conversesacatalunya.cat\/es\/wp-json\/wp\/v2\/posts"}],"about":[{"href":"https:\/\/conversesacatalunya.cat\/es\/wp-json\/wp\/v2\/types\/post"}],"author":[{"embeddable":true,"href":"https:\/\/conversesacatalunya.cat\/es\/wp-json\/wp\/v2\/users\/19"}],"replies":[{"embeddable":true,"href":"https:\/\/conversesacatalunya.cat\/es\/wp-json\/wp\/v2\/comments?post=31444"}],"version-history":[{"count":2,"href":"https:\/\/conversesacatalunya.cat\/es\/wp-json\/wp\/v2\/posts\/31444\/revisions"}],"predecessor-version":[{"id":31446,"href":"https:\/\/conversesacatalunya.cat\/es\/wp-json\/wp\/v2\/posts\/31444\/revisions\/31446"}],"wp:featuredmedia":[{"embeddable":true,"href":"https:\/\/conversesacatalunya.cat\/es\/wp-json\/wp\/v2\/media\/31440"}],"wp:attachment":[{"href":"https:\/\/conversesacatalunya.cat\/es\/wp-json\/wp\/v2\/media?parent=31444"}],"wp:term":[{"taxonomy":"category","embeddable":true,"href":"https:\/\/conversesacatalunya.cat\/es\/wp-json\/wp\/v2\/categories?post=31444"},{"taxonomy":"post_tag","embeddable":true,"href":"https:\/\/conversesacatalunya.cat\/es\/wp-json\/wp\/v2\/tags?post=31444"}],"curies":[{"name":"wp","href":"https:\/\/api.w.org\/{rel}","templated":true}]}}