{"id":31373,"date":"2020-01-21T06:00:53","date_gmt":"2020-01-21T05:00:53","guid":{"rendered":"https:\/\/conversesacatalunya.cat\/fiscalitat-el-diesel-pot-tenir-mes-carrega-impositiva\/"},"modified":"2020-01-21T12:12:49","modified_gmt":"2020-01-21T11:12:49","slug":"fiscalitat-el-diesel-pot-tenir-mes-carrega-impositiva","status":"publish","type":"post","link":"https:\/\/conversesacatalunya.cat\/es\/fiscalitat-el-diesel-pot-tenir-mes-carrega-impositiva\/","title":{"rendered":"Fiscalidad: el di\u00e9sel puede tener m\u00e1s carga impositiva"},"content":{"rendered":"<p>Tras a\u00f1os de amenazas sobre\u00a0<strong>un aumento impositivo en el di\u00e9sel<\/strong>, la portavoz del Gobierno y ministra de Hacienda, Mar\u00eda Jes\u00fas Montero, podr\u00eda estar estudiando su definitiva aplicaci\u00f3n para esta legislatura. Seg\u00fan Montero, debe de haber un desarrollo de la pol\u00edtica fiscal verde que permita acompa\u00f1ar al sector productivo para lograr una econom\u00eda neutra en carbono.<\/p>\n<p>Ya Pedro S\u00e1nchez hace un a\u00f1o anunci\u00f3 su intenci\u00f3n de elevar en 3,8 c\u00e9ntimos la carga impositiva del di\u00e9sel para recaudar en torno a 670 millones de euros. Por otro lado, la ministra para la Transici\u00f3n Ecol\u00f3gica,\u00a0<a href=\"https:\/\/es.wikipedia.org\/wiki\/Teresa_Ribera\" target=\"_blank\" rel=\"noopener noreferrer\">Teresa Ribera<\/a>, tambi\u00e9n se refiri\u00f3 al di\u00e9sel declarando que\u00a0<strong>\u201ctiene los d\u00edas contados\u201d<\/strong>. A\u00f1o y medio despu\u00e9s, con la nueva legislatura en marcha y pese a que una fiscalidad m\u00e1s severa sobre el di\u00e9sel no est\u00e9 presente en el pacto sellado entre PSOE y Unidas Podemos, puede ser una de las piezas de la nueva Ley de Cambio Clim\u00e1tico, que el Ejecutivo de Pedro S\u00e1nchez aspira a tener lista en los pr\u00f3ximos meses.<\/p>\n<p>El Anteproyecto de Ley de Cambio Clim\u00e1tico elaborado por el Gobierno de S\u00e1nchez en febrero de 2019 aseguraba que se iba \u00aba trabajar para alcanzar un parque de turismos y veh\u00edculos comerciales ligeros sin emisiones directas de CO2 en 2050\u00bb. En la Proposici\u00f3n de Ley sobre Cambio Clim\u00e1tico y Transici\u00f3n Energ\u00e9tica que presentaron en la anterior legislatura Unidas Podemos, En Com\u00fa Podem y Galicia en Com\u00fan, instaba a \u00abuna reforma del Impuesto Especial sobre Determinados Medios de Transporte, de forma que la cuota tributaria dependa exclusivamente de las emisiones por kil\u00f3metro de cada veh\u00edculo, considerando las emisiones respecto de los coches disponibles en venta\u00bb.<\/p>\n<p>Las continuas amenazas por parte de las autoridades est\u00e1n infundiendo\u00a0<strong>un alto grado de incertidumbre<\/strong>\u00a0no s\u00f3lo ya al mercado de turismos, sino tambi\u00e9n a todo el transporte. Entre otros efectos, el comprador est\u00e1 optando cada vez m\u00e1s por el\u00a0renting, con la intenci\u00f3n de esperar a que se vislumbre un escenario m\u00e1s delimitado. Siguiendo esta l\u00ednea, hace unos d\u00edas la alcaldesa de Barcelona Ada Colau propuso\u00a0al Aeropuerto de Barcelona-El Prat eliminar todos aquellos vuelos en los que tengan una alternativa ferroviaria<\/p>\n","protected":false},"excerpt":{"rendered":"<p>Tras a\u00f1os de amenazas sobre\u00a0un aumento impositivo en el di\u00e9sel, la portavoz del Gobierno y ministra de Hacienda, Mar\u00eda Jes\u00fas Montero, podr\u00eda estar estudiando su definitiva aplicaci\u00f3n para esta legislatura. Seg\u00fan Montero, debe de haber un desarrollo de la pol\u00edtica fiscal verde que permita acompa\u00f1ar al sector productivo para lograr una econom\u00eda neutra en carbono. Ya Pedro S\u00e1nchez hace un a\u00f1o anunci\u00f3 su intenci\u00f3n de elevar en 3,8 c\u00e9ntimos la carga impositiva del di\u00e9sel para recaudar en torno a 670 millones de euros. Por otro lado, la ministra para la Transici\u00f3n Ecol\u00f3gica,\u00a0Teresa Ribera, tambi\u00e9n se refiri\u00f3 al di\u00e9sel declarando que\u00a0\u201ctiene los d\u00edas contados\u201d. A\u00f1o y medio despu\u00e9s, con la nueva legislatura en marcha y pese a que una fiscalidad m\u00e1s severa sobre el di\u00e9sel no est\u00e9 presente en el pacto sellado entre PSOE y Unidas Podemos, puede ser una de las piezas de la nueva Ley de Cambio Clim\u00e1tico, que el Ejecutivo de Pedro S\u00e1nchez aspira a tener lista en los pr\u00f3ximos meses. El Anteproyecto de Ley de Cambio Clim\u00e1tico elaborado por el Gobierno de S\u00e1nchez en febrero de 2019 aseguraba que se iba \u00aba trabajar para alcanzar un parque de turismos y veh\u00edculos comerciales ligeros sin emisiones directas de CO2 en 2050\u00bb. En la Proposici\u00f3n de Ley sobre Cambio Clim\u00e1tico y Transici\u00f3n Energ\u00e9tica que presentaron en la anterior legislatura Unidas Podemos, En Com\u00fa Podem y Galicia en Com\u00fan, instaba a \u00abuna reforma del Impuesto Especial sobre Determinados Medios de Transporte, de forma que la cuota tributaria dependa exclusivamente de las emisiones por kil\u00f3metro de cada veh\u00edculo, considerando las emisiones respecto de los coches disponibles en venta\u00bb. Las continuas amenazas por parte de las autoridades est\u00e1n infundiendo\u00a0un alto grado de incertidumbre\u00a0no s\u00f3lo ya al mercado de turismos, sino tambi\u00e9n a todo el transporte. Entre otros efectos, el comprador est\u00e1 optando cada vez m\u00e1s por el\u00a0renting, con la intenci\u00f3n de esperar a que se vislumbre un escenario m\u00e1s delimitado. Siguiendo esta l\u00ednea, hace unos d\u00edas la alcaldesa de Barcelona Ada Colau propuso\u00a0al Aeropuerto de Barcelona-El Prat eliminar todos aquellos vuelos en los que tengan una alternativa ferroviaria<\/p>\n","protected":false},"author":20,"featured_media":31308,"comment_status":"open","ping_status":"open","sticky":false,"template":"","format":"standard","meta":{"_FSMCFIC_featured_image_caption":"","_FSMCFIC_featured_image_nocaption":"","_FSMCFIC_featured_image_hide":"","footnotes":""},"categories":[806],"tags":[831,1450],"class_list":["post-31373","post","type-post","status-publish","format-standard","has-post-thumbnail","hentry","category-punts-claus-del-dia-es","tag-economia-es","tag-turismos"],"yoast_head":"<!-- This site is optimized with the Yoast SEO plugin v26.8 - https:\/\/yoast.com\/product\/yoast-seo-wordpress\/ -->\n<title>Fiscalidad: el di\u00e9sel puede tener m\u00e1s carga impositiva - Converses a Catalunya<\/title>\n<meta name=\"description\" content=\"El combustible di\u00e8sel podria veure&#039;s alterat el seu preu per als consumidors per un augment impositiu per part de l&#039;actual Govern d&#039;Espanya.\" \/>\n<meta name=\"robots\" content=\"noindex, nofollow\" \/>\n<meta property=\"og:locale\" content=\"es_ES\" \/>\n<meta property=\"og:type\" content=\"article\" \/>\n<meta property=\"og:title\" content=\"Fiscalidad: el di\u00e9sel puede tener m\u00e1s carga impositiva - Converses a Catalunya\" \/>\n<meta property=\"og:description\" content=\"El combustible di\u00e8sel podria veure&#039;s alterat el seu preu per als consumidors per un augment impositiu per part de l&#039;actual Govern d&#039;Espanya.\" \/>\n<meta property=\"og:url\" content=\"https:\/\/conversesacatalunya.cat\/es\/fiscalitat-el-diesel-pot-tenir-mes-carrega-impositiva\/\" \/>\n<meta property=\"og:site_name\" content=\"Converses a Catalunya\" \/>\n<meta property=\"article:published_time\" content=\"2020-01-21T05:00:53+00:00\" \/>\n<meta property=\"article:modified_time\" content=\"2020-01-21T11:12:49+00:00\" \/>\n<meta property=\"og:image\" content=\"https:\/\/conversesacatalunya.cat\/wp-content\/uploads\/2020\/01\/Capture-7.png\" \/>\n\t<meta property=\"og:image:width\" content=\"716\" \/>\n\t<meta property=\"og:image:height\" content=\"462\" \/>\n\t<meta property=\"og:image:type\" content=\"image\/png\" \/>\n<meta name=\"author\" content=\"conversesacatalunya\" \/>\n<meta name=\"twitter:card\" content=\"summary_large_image\" \/>\n<meta name=\"twitter:label1\" content=\"Escrito por\" \/>\n\t<meta name=\"twitter:data1\" content=\"conversesacatalunya\" \/>\n\t<meta name=\"twitter:label2\" content=\"Tiempo de lectura\" \/>\n\t<meta name=\"twitter:data2\" content=\"2 minutos\" \/>\n<script type=\"application\/ld+json\" class=\"yoast-schema-graph\">{\"@context\":\"https:\/\/schema.org\",\"@graph\":[{\"@type\":\"Article\",\"@id\":\"https:\/\/conversesacatalunya.cat\/es\/fiscalitat-el-diesel-pot-tenir-mes-carrega-impositiva\/#article\",\"isPartOf\":{\"@id\":\"https:\/\/conversesacatalunya.cat\/es\/fiscalitat-el-diesel-pot-tenir-mes-carrega-impositiva\/\"},\"author\":{\"name\":\"conversesacatalunya\",\"@id\":\"https:\/\/conversesacatalunya.cat\/#\/schema\/person\/a7a9496a363cd9847daf7cd659d92e64\"},\"headline\":\"Fiscalidad: el di\u00e9sel puede tener m\u00e1s carga impositiva\",\"datePublished\":\"2020-01-21T05:00:53+00:00\",\"dateModified\":\"2020-01-21T11:12:49+00:00\",\"mainEntityOfPage\":{\"@id\":\"https:\/\/conversesacatalunya.cat\/es\/fiscalitat-el-diesel-pot-tenir-mes-carrega-impositiva\/\"},\"wordCount\":404,\"commentCount\":0,\"image\":{\"@id\":\"https:\/\/conversesacatalunya.cat\/es\/fiscalitat-el-diesel-pot-tenir-mes-carrega-impositiva\/#primaryimage\"},\"thumbnailUrl\":\"https:\/\/conversesacatalunya.cat\/wp-content\/uploads\/2020\/01\/Capture-7.png\",\"keywords\":[\"Economia\",\"Turismos\"],\"articleSection\":[\"Punts clau del dia (ES)\"],\"inLanguage\":\"es\",\"potentialAction\":[{\"@type\":\"CommentAction\",\"name\":\"Comment\",\"target\":[\"https:\/\/conversesacatalunya.cat\/es\/fiscalitat-el-diesel-pot-tenir-mes-carrega-impositiva\/#respond\"]}]},{\"@type\":\"WebPage\",\"@id\":\"https:\/\/conversesacatalunya.cat\/es\/fiscalitat-el-diesel-pot-tenir-mes-carrega-impositiva\/\",\"url\":\"https:\/\/conversesacatalunya.cat\/es\/fiscalitat-el-diesel-pot-tenir-mes-carrega-impositiva\/\",\"name\":\"Fiscalidad: el di\u00e9sel puede tener m\u00e1s carga impositiva - Converses a Catalunya\",\"isPartOf\":{\"@id\":\"https:\/\/conversesacatalunya.cat\/#website\"},\"primaryImageOfPage\":{\"@id\":\"https:\/\/conversesacatalunya.cat\/es\/fiscalitat-el-diesel-pot-tenir-mes-carrega-impositiva\/#primaryimage\"},\"image\":{\"@id\":\"https:\/\/conversesacatalunya.cat\/es\/fiscalitat-el-diesel-pot-tenir-mes-carrega-impositiva\/#primaryimage\"},\"thumbnailUrl\":\"https:\/\/conversesacatalunya.cat\/wp-content\/uploads\/2020\/01\/Capture-7.png\",\"datePublished\":\"2020-01-21T05:00:53+00:00\",\"dateModified\":\"2020-01-21T11:12:49+00:00\",\"author\":{\"@id\":\"https:\/\/conversesacatalunya.cat\/#\/schema\/person\/a7a9496a363cd9847daf7cd659d92e64\"},\"description\":\"El combustible di\u00e8sel podria veure's alterat el seu preu per als consumidors per un augment impositiu per part de l'actual Govern d'Espanya.\",\"breadcrumb\":{\"@id\":\"https:\/\/conversesacatalunya.cat\/es\/fiscalitat-el-diesel-pot-tenir-mes-carrega-impositiva\/#breadcrumb\"},\"inLanguage\":\"es\",\"potentialAction\":[{\"@type\":\"ReadAction\",\"target\":[\"https:\/\/conversesacatalunya.cat\/es\/fiscalitat-el-diesel-pot-tenir-mes-carrega-impositiva\/\"]}]},{\"@type\":\"ImageObject\",\"inLanguage\":\"es\",\"@id\":\"https:\/\/conversesacatalunya.cat\/es\/fiscalitat-el-diesel-pot-tenir-mes-carrega-impositiva\/#primaryimage\",\"url\":\"https:\/\/conversesacatalunya.cat\/wp-content\/uploads\/2020\/01\/Capture-7.png\",\"contentUrl\":\"https:\/\/conversesacatalunya.cat\/wp-content\/uploads\/2020\/01\/Capture-7.png\",\"width\":716,\"height\":462,\"caption\":\"Di\u00e8sel\"},{\"@type\":\"BreadcrumbList\",\"@id\":\"https:\/\/conversesacatalunya.cat\/es\/fiscalitat-el-diesel-pot-tenir-mes-carrega-impositiva\/#breadcrumb\",\"itemListElement\":[{\"@type\":\"ListItem\",\"position\":1,\"name\":\"Inici\",\"item\":\"https:\/\/conversesacatalunya.cat\/es\/\"},{\"@type\":\"ListItem\",\"position\":2,\"name\":\"Fiscalidad: el di\u00e9sel puede tener m\u00e1s carga impositiva\"}]},{\"@type\":\"WebSite\",\"@id\":\"https:\/\/conversesacatalunya.cat\/#website\",\"url\":\"https:\/\/conversesacatalunya.cat\/\",\"name\":\"Converses a Catalunya\",\"description\":\"\",\"potentialAction\":[{\"@type\":\"SearchAction\",\"target\":{\"@type\":\"EntryPoint\",\"urlTemplate\":\"https:\/\/conversesacatalunya.cat\/?s={search_term_string}\"},\"query-input\":{\"@type\":\"PropertyValueSpecification\",\"valueRequired\":true,\"valueName\":\"search_term_string\"}}],\"inLanguage\":\"es\"},{\"@type\":\"Person\",\"@id\":\"https:\/\/conversesacatalunya.cat\/#\/schema\/person\/a7a9496a363cd9847daf7cd659d92e64\",\"name\":\"conversesacatalunya\",\"image\":{\"@type\":\"ImageObject\",\"inLanguage\":\"es\",\"@id\":\"https:\/\/conversesacatalunya.cat\/#\/schema\/person\/image\/\",\"url\":\"https:\/\/conversesacatalunya.cat\/wp-content\/litespeed\/avatar\/ff91582b44ff9c880dc9c5ac2f5c7e89.jpg?ver=1777372947\",\"contentUrl\":\"https:\/\/conversesacatalunya.cat\/wp-content\/litespeed\/avatar\/ff91582b44ff9c880dc9c5ac2f5c7e89.jpg?ver=1777372947\",\"caption\":\"conversesacatalunya\"},\"url\":\"https:\/\/conversesacatalunya.cat\/es\/author\/francisco_garcia\/\"}]}<\/script>\n<!-- \/ Yoast SEO plugin. -->","yoast_head_json":{"title":"Fiscalidad: el di\u00e9sel puede tener m\u00e1s carga impositiva - Converses a Catalunya","description":"El combustible di\u00e8sel podria veure's alterat el seu preu per als consumidors per un augment impositiu per part de l'actual Govern d'Espanya.","robots":{"index":"noindex","follow":"nofollow"},"og_locale":"es_ES","og_type":"article","og_title":"Fiscalidad: el di\u00e9sel puede tener m\u00e1s carga impositiva - Converses a Catalunya","og_description":"El combustible di\u00e8sel podria veure's alterat el seu preu per als consumidors per un augment impositiu per part de l'actual Govern d'Espanya.","og_url":"https:\/\/conversesacatalunya.cat\/es\/fiscalitat-el-diesel-pot-tenir-mes-carrega-impositiva\/","og_site_name":"Converses a Catalunya","article_published_time":"2020-01-21T05:00:53+00:00","article_modified_time":"2020-01-21T11:12:49+00:00","og_image":[{"width":716,"height":462,"url":"https:\/\/conversesacatalunya.cat\/wp-content\/uploads\/2020\/01\/Capture-7.png","type":"image\/png"}],"author":"conversesacatalunya","twitter_card":"summary_large_image","twitter_misc":{"Escrito por":"conversesacatalunya","Tiempo de lectura":"2 minutos"},"schema":{"@context":"https:\/\/schema.org","@graph":[{"@type":"Article","@id":"https:\/\/conversesacatalunya.cat\/es\/fiscalitat-el-diesel-pot-tenir-mes-carrega-impositiva\/#article","isPartOf":{"@id":"https:\/\/conversesacatalunya.cat\/es\/fiscalitat-el-diesel-pot-tenir-mes-carrega-impositiva\/"},"author":{"name":"conversesacatalunya","@id":"https:\/\/conversesacatalunya.cat\/#\/schema\/person\/a7a9496a363cd9847daf7cd659d92e64"},"headline":"Fiscalidad: el di\u00e9sel puede tener m\u00e1s carga impositiva","datePublished":"2020-01-21T05:00:53+00:00","dateModified":"2020-01-21T11:12:49+00:00","mainEntityOfPage":{"@id":"https:\/\/conversesacatalunya.cat\/es\/fiscalitat-el-diesel-pot-tenir-mes-carrega-impositiva\/"},"wordCount":404,"commentCount":0,"image":{"@id":"https:\/\/conversesacatalunya.cat\/es\/fiscalitat-el-diesel-pot-tenir-mes-carrega-impositiva\/#primaryimage"},"thumbnailUrl":"https:\/\/conversesacatalunya.cat\/wp-content\/uploads\/2020\/01\/Capture-7.png","keywords":["Economia","Turismos"],"articleSection":["Punts clau del dia (ES)"],"inLanguage":"es","potentialAction":[{"@type":"CommentAction","name":"Comment","target":["https:\/\/conversesacatalunya.cat\/es\/fiscalitat-el-diesel-pot-tenir-mes-carrega-impositiva\/#respond"]}]},{"@type":"WebPage","@id":"https:\/\/conversesacatalunya.cat\/es\/fiscalitat-el-diesel-pot-tenir-mes-carrega-impositiva\/","url":"https:\/\/conversesacatalunya.cat\/es\/fiscalitat-el-diesel-pot-tenir-mes-carrega-impositiva\/","name":"Fiscalidad: el di\u00e9sel puede tener m\u00e1s carga impositiva - Converses a Catalunya","isPartOf":{"@id":"https:\/\/conversesacatalunya.cat\/#website"},"primaryImageOfPage":{"@id":"https:\/\/conversesacatalunya.cat\/es\/fiscalitat-el-diesel-pot-tenir-mes-carrega-impositiva\/#primaryimage"},"image":{"@id":"https:\/\/conversesacatalunya.cat\/es\/fiscalitat-el-diesel-pot-tenir-mes-carrega-impositiva\/#primaryimage"},"thumbnailUrl":"https:\/\/conversesacatalunya.cat\/wp-content\/uploads\/2020\/01\/Capture-7.png","datePublished":"2020-01-21T05:00:53+00:00","dateModified":"2020-01-21T11:12:49+00:00","author":{"@id":"https:\/\/conversesacatalunya.cat\/#\/schema\/person\/a7a9496a363cd9847daf7cd659d92e64"},"description":"El combustible di\u00e8sel podria veure's alterat el seu preu per als consumidors per un augment impositiu per part de l'actual Govern d'Espanya.","breadcrumb":{"@id":"https:\/\/conversesacatalunya.cat\/es\/fiscalitat-el-diesel-pot-tenir-mes-carrega-impositiva\/#breadcrumb"},"inLanguage":"es","potentialAction":[{"@type":"ReadAction","target":["https:\/\/conversesacatalunya.cat\/es\/fiscalitat-el-diesel-pot-tenir-mes-carrega-impositiva\/"]}]},{"@type":"ImageObject","inLanguage":"es","@id":"https:\/\/conversesacatalunya.cat\/es\/fiscalitat-el-diesel-pot-tenir-mes-carrega-impositiva\/#primaryimage","url":"https:\/\/conversesacatalunya.cat\/wp-content\/uploads\/2020\/01\/Capture-7.png","contentUrl":"https:\/\/conversesacatalunya.cat\/wp-content\/uploads\/2020\/01\/Capture-7.png","width":716,"height":462,"caption":"Di\u00e8sel"},{"@type":"BreadcrumbList","@id":"https:\/\/conversesacatalunya.cat\/es\/fiscalitat-el-diesel-pot-tenir-mes-carrega-impositiva\/#breadcrumb","itemListElement":[{"@type":"ListItem","position":1,"name":"Inici","item":"https:\/\/conversesacatalunya.cat\/es\/"},{"@type":"ListItem","position":2,"name":"Fiscalidad: el di\u00e9sel puede tener m\u00e1s carga impositiva"}]},{"@type":"WebSite","@id":"https:\/\/conversesacatalunya.cat\/#website","url":"https:\/\/conversesacatalunya.cat\/","name":"Converses a Catalunya","description":"","potentialAction":[{"@type":"SearchAction","target":{"@type":"EntryPoint","urlTemplate":"https:\/\/conversesacatalunya.cat\/?s={search_term_string}"},"query-input":{"@type":"PropertyValueSpecification","valueRequired":true,"valueName":"search_term_string"}}],"inLanguage":"es"},{"@type":"Person","@id":"https:\/\/conversesacatalunya.cat\/#\/schema\/person\/a7a9496a363cd9847daf7cd659d92e64","name":"conversesacatalunya","image":{"@type":"ImageObject","inLanguage":"es","@id":"https:\/\/conversesacatalunya.cat\/#\/schema\/person\/image\/","url":"https:\/\/conversesacatalunya.cat\/wp-content\/litespeed\/avatar\/ff91582b44ff9c880dc9c5ac2f5c7e89.jpg?ver=1777372947","contentUrl":"https:\/\/conversesacatalunya.cat\/wp-content\/litespeed\/avatar\/ff91582b44ff9c880dc9c5ac2f5c7e89.jpg?ver=1777372947","caption":"conversesacatalunya"},"url":"https:\/\/conversesacatalunya.cat\/es\/author\/francisco_garcia\/"}]}},"wps_subtitle":"El combustible di\u00e9sel podr\u00eda verse alterado su precio para los consumidores por un aumento impositivo por parte del actual Gobierno de Espa\u00f1a. La ministra Montero ve como factor fundamental en la lucha del cambio clim\u00e1tico una subida de los impuestos","_links":{"self":[{"href":"https:\/\/conversesacatalunya.cat\/es\/wp-json\/wp\/v2\/posts\/31373","targetHints":{"allow":["GET"]}}],"collection":[{"href":"https:\/\/conversesacatalunya.cat\/es\/wp-json\/wp\/v2\/posts"}],"about":[{"href":"https:\/\/conversesacatalunya.cat\/es\/wp-json\/wp\/v2\/types\/post"}],"author":[{"embeddable":true,"href":"https:\/\/conversesacatalunya.cat\/es\/wp-json\/wp\/v2\/users\/20"}],"replies":[{"embeddable":true,"href":"https:\/\/conversesacatalunya.cat\/es\/wp-json\/wp\/v2\/comments?post=31373"}],"version-history":[{"count":2,"href":"https:\/\/conversesacatalunya.cat\/es\/wp-json\/wp\/v2\/posts\/31373\/revisions"}],"predecessor-version":[{"id":31375,"href":"https:\/\/conversesacatalunya.cat\/es\/wp-json\/wp\/v2\/posts\/31373\/revisions\/31375"}],"wp:featuredmedia":[{"embeddable":true,"href":"https:\/\/conversesacatalunya.cat\/es\/wp-json\/wp\/v2\/media\/31308"}],"wp:attachment":[{"href":"https:\/\/conversesacatalunya.cat\/es\/wp-json\/wp\/v2\/media?parent=31373"}],"wp:term":[{"taxonomy":"category","embeddable":true,"href":"https:\/\/conversesacatalunya.cat\/es\/wp-json\/wp\/v2\/categories?post=31373"},{"taxonomy":"post_tag","embeddable":true,"href":"https:\/\/conversesacatalunya.cat\/es\/wp-json\/wp\/v2\/tags?post=31373"}],"curies":[{"name":"wp","href":"https:\/\/api.w.org\/{rel}","templated":true}]}}