{"id":31235,"date":"2020-01-14T23:17:06","date_gmt":"2020-01-14T22:17:06","guid":{"rendered":"https:\/\/conversesacatalunya.cat\/lauge-ultranacionalisme-ucraines-aquell-efecte-secundari-revolucio\/"},"modified":"2020-01-15T15:16:31","modified_gmt":"2020-01-15T14:16:31","slug":"el-auge-del-ultranacionalismo-ucraniano-aquel-extrano-efecto-secundario-de-la-revolucion-proeuropea","status":"publish","type":"post","link":"https:\/\/conversesacatalunya.cat\/es\/el-auge-del-ultranacionalismo-ucraniano-aquel-extrano-efecto-secundario-de-la-revolucion-proeuropea\/","title":{"rendered":"El auge del ultranacionalismo ucraniano, aquel extra\u00f1o efecto secundario de la revoluci\u00f3n proeuropea"},"content":{"rendered":"<p align=\"justify\"><span style=\"display: inline !important; float: none; background-color: #f5f5f5; color: rgba(0, 0, 0, 0.87); font-family: 'Roboto',arial,sans-serif; font-size: 18px; font-style: normal; font-variant: normal; font-weight: 400; letter-spacing: normal; line-height: 28px; orphans: 2; text-align: left; text-decoration: none; text-indent: 0px; text-transform: none; -webkit-text-stroke-width: 0px; white-space: pre-wrap; word-spacing: 0px;\">\u00abEl h\u00e9roe de algunos es para otros un terrorista\u00bb, dice una c\u00e9lebre frase de ciencia pol\u00edtica. Este es el caso de Stepan Bandera, un l\u00edder ultranacionalista que dirigi\u00f3 la organizaci\u00f3n Ej\u00e9rcito Insurgente Ucraniano para combatir tanto la Alemania nazi como la Uni\u00f3n Sovi\u00e9tica de Stalin durante la Segunda Guerra Mundial.<\/span><\/p>\n<p align=\"justify\"><span style=\"display: inline !important; float: none; background-color: #f5f5f5; color: rgba(0, 0, 0, 0.87); font-family: 'Roboto',arial,sans-serif; font-size: 18px; font-style: normal; font-variant: normal; font-weight: 400; letter-spacing: normal; line-height: 28px; orphans: 2; text-align: left; text-decoration: none; text-indent: 0px; text-transform: none; -webkit-text-stroke-width: 0px; white-space: pre-wrap; word-spacing: 0px;\">Inmersos en un conflicto cargado de recuerdos hist\u00f3ricos, los nacionalistas ucranianos han llevado a cabo desde 2014 una intensa campa\u00f1a de retirada de s\u00edmbolos sovi\u00e9ticos en todo el pa\u00eds. Ahora, algunos quieren pasar a la ofensiva contra los herederos de la URSS <a href=\"http:\/\/epaper.lavanguardia.com\/la-vanguardia\/la-vanguardia-catala\/2020-01-09\" target=\"_blank\" rel=\"noopener noreferrer\">construyendo<\/a> una estatua de Bandera lo m\u00e1s cerca posible de la frontera con Rusia.<\/span><\/p>\n<p align=\"justify\"><span style=\"display: inline !important; float: none; background-color: #f5f5f5; color: rgba(0, 0, 0, 0.87); font-family: 'Roboto',arial,sans-serif; font-size: 18px; font-style: normal; font-variant: normal; font-weight: 400; letter-spacing: normal; line-height: 28px; orphans: 2; text-align: left; text-decoration: none; text-indent: 0px; text-transform: none; -webkit-text-stroke-width: 0px; white-space: pre-wrap; word-spacing: 0px;\">Sus partidarios recuerdan a Bandera como un \u00abh\u00e9roe de Ucrania\u00bb y de la causa de un estado ucraniano independiente en un per\u00edodo oscuro en que alemanes y sovi\u00e9ticos luchaban sin piedad por el control del rico territorio que ocupa Ucrania, a menudo masacrando la poblaci\u00f3n local.<\/span><\/p>\n<p align=\"justify\"><span style=\"display: inline !important; float: none; background-color: #f5f5f5; color: rgba(0, 0, 0, 0.87); font-family: 'Roboto',arial,sans-serif; font-size: 18px; font-style: normal; font-variant: normal; font-weight: 400; letter-spacing: normal; line-height: 28px; orphans: 2; text-align: left; text-decoration: none; text-indent: 0px; text-transform: none; -webkit-text-stroke-width: 0px; white-space: pre-wrap; word-spacing: 0px;\">Sus detractores lo consideran un colaboracionista nazi inspirador de una campa\u00f1a de limpieza \u00e9tnica contra polacos y jud\u00edos en el oeste del pa\u00eds. En efecto, su visi\u00f3n fue la de una Ucrania \u00e9tnicamente homog\u00e9nea.<\/span><\/p>\n<h3 align=\"justify\"><b>La <span title=\"\">revoluci\u00f3n<\/span> <span title=\"\">pro<\/span><span title=\"\">europea<\/span> <span title=\"\">y<\/span> <span title=\"\">el parad\u00f3jico<\/span> <span title=\"\">auge del<\/span> <span title=\"\">ultranacionalismo<\/span><\/b><\/h3>\n<p align=\"justify\"><span style=\"display: inline !important; float: none; background-color: #f5f5f5; color: rgba(0, 0, 0, 0.87); font-family: 'Roboto',arial,sans-serif; font-size: 18px; font-style: normal; font-variant: normal; font-weight: 400; letter-spacing: normal; line-height: 28px; orphans: 2; text-align: left; text-decoration: none; text-indent: 0px; text-transform: none; -webkit-text-stroke-width: 0px; white-space: pre-wrap; word-spacing: 0px;\">Los nacionalistas ucranianos se han convertido en extremadamente activos en el pa\u00eds desde la disoluci\u00f3n del gobierno prorruso de Viktor Yanukovich en 2014. Su presi\u00f3n y elevada visibilidad p\u00fablica han conducido a una serie de situaciones extremas. Por ejemplo, la fundaci\u00f3n de grupos paramilitares armados que <a href=\"https:\/\/elpais.com\/internacional\/2018\/11\/27\/actualidad\/1543344184_659828.html\" target=\"_blank\" rel=\"noopener noreferrer\">han recibido el visto bueno del gobierno ucraniano<\/a>.<\/span><\/p>\n<p align=\"justify\"><span style=\"display: inline !important; float: none; background-color: #f5f5f5; color: rgba(0, 0, 0, 0.87); font-family: 'Roboto',arial,sans-serif; font-size: 18px; font-style: normal; font-variant: normal; font-weight: 400; letter-spacing: normal; line-height: 28px; orphans: 2; text-align: left; text-decoration: none; text-indent: 0px; text-transform: none; -webkit-text-stroke-width: 0px; white-space: pre-wrap; word-spacing: 0px;\">Sin duda, uno de los efectos secundarios que tuvo la exitosa revoluci\u00f3n antirrusa y proeuropea en Ucrania fue despertar el ultranacionalismo ucraniano. Un movimiento que guarda una gran proximidad con el universo neofascista (el aut\u00e9ntico, no el que se ha convertido en un insulto pol\u00edtico en Catalu\u00f1a y en general en Espa\u00f1a).<\/span><\/p>\n<p align=\"justify\"><span style=\"display: inline !important; float: none; background-color: #f5f5f5; color: rgba(0, 0, 0, 0.87); font-family: 'Roboto',arial,sans-serif; font-size: 18px; font-style: normal; font-variant: normal; font-weight: 400; letter-spacing: normal; line-height: 28px; orphans: 2; text-align: left; text-decoration: none; text-indent: 0px; text-transform: none; -webkit-text-stroke-width: 0px; white-space: pre-wrap; word-spacing: 0px;\">Parad\u00f3jicamente, esta admiraci\u00f3n se da a pesar de que la Alemania de Hitler persigui\u00f3 y combati\u00f3 a los nacionalistas ucranianos durante la Segunda Guerra Mundial, consider\u00e1ndolos, por ser eslavos, igual de despreciables que los rusos o los polacos.<\/span><\/p>\n<p align=\"justify\"><span style=\"display: inline !important; float: none; background-color: #f5f5f5; color: rgba(0, 0, 0, 0.87); font-family: 'Roboto',arial,sans-serif; font-size: 18px; font-style: normal; font-variant: normal; font-weight: 400; letter-spacing: normal; line-height: 28px; orphans: 2; text-align: left; text-decoration: none; text-indent: 0px; text-transform: none; -webkit-text-stroke-width: 0px; white-space: pre-wrap; word-spacing: 0px;\">De hecho, no es \u00fanicamente Rusia quien ha protestado en reiteradas ocasiones por la permisividad con que operan los grupos ultranacionalistas ucranianos. Pa\u00edses como Israel o Polonia tambi\u00e9n han expresado su rechazo a homenajes a Bandera y otros personajes hist\u00f3ricos que hab\u00edan defendido la limpieza \u00e9tnica de Ucrania en los a\u00f1os 40.<\/span><\/p>\n<p align=\"justify\"><span style=\"display: inline !important; float: none; background-color: #f5f5f5; color: rgba(0, 0, 0, 0.87); font-family: 'Roboto',arial,sans-serif; font-size: 18px; font-style: normal; font-variant: normal; font-weight: 400; letter-spacing: normal; line-height: 28px; orphans: 2; text-align: left; text-decoration: none; text-indent: 0px; text-transform: none; -webkit-text-stroke-width: 0px; white-space: pre-wrap; word-spacing: 0px;\">Por su parte, la diputada rusa Natalia Poklonskaia afirm\u00f3 que iniciativas como la de construir un monumento a Bandera \u00abno tienen nada que ver con los ucranianos corrientes\u00bb, y ha propuesto en cambio \u00abconstruir una capilla ortodoxa de la Natividad de Cristo como s\u00edmbolo de una nueva vida y buenas relaciones de vecindad\u00bb entre los dos pa\u00edses.<\/span><\/p>\n<p align=\"justify\"><span style=\"display: inline !important; float: none; background-color: #f5f5f5; color: rgba(0, 0, 0, 0.87); font-family: 'Roboto',arial,sans-serif; font-size: 18px; font-style: normal; font-variant: normal; font-weight: 400; letter-spacing: normal; line-height: 28px; orphans: 2; text-align: left; text-decoration: none; text-indent: 0px; text-transform: none; -webkit-text-stroke-width: 0px; white-space: pre-wrap; word-spacing: 0px;\">En cualquier caso, parece que los ultras ucranianos est\u00e1n perdiendo apoyos entre la poblaci\u00f3n. Siempre una minor\u00eda pol\u00edtica, partidos de su entorno como Svoboda han perdieron mucha fuerza en las elecciones legislativas de 2019.<\/span><\/p>\n<p align=\"justify\"><span style=\"display: inline !important; float: none; background-color: #f5f5f5; color: rgba(0, 0, 0, 0.87); font-family: 'Roboto',arial,sans-serif; font-size: 18px; font-style: normal; font-variant: normal; font-weight: 400; letter-spacing: normal; line-height: 28px; orphans: 2; text-align: left; text-decoration: none; text-indent: 0px; text-transform: none; -webkit-text-stroke-width: 0px; white-space: pre-wrap; word-spacing: 0px;\">Opciones moderadas como la del <a href=\"https:\/\/conversesacatalunya.cat\/resultat-eleccions-presidencials-ucrain\/\" target=\"_blank\" rel=\"noopener noreferrer\">actual presidente<\/a> Vlodomir Zelensky, que apuestan por la paz y la reconciliaci\u00f3n nacional, parecen de momento imponerse en un pa\u00eds que sigue inmerso en la corrupci\u00f3n generalizada, una profunda crisis econ\u00f3mica y con un grave conflicto territorial no resuelto al este.<\/span><\/p>\n","protected":false},"excerpt":{"rendered":"<p>\u00abEl h\u00e9roe de algunos es para otros un terrorista\u00bb, dice una c\u00e9lebre frase de ciencia pol\u00edtica. Este es el caso de Stepan Bandera, un l\u00edder ultranacionalista que dirigi\u00f3 la organizaci\u00f3n Ej\u00e9rcito Insurgente Ucraniano para combatir tanto la Alemania nazi como la Uni\u00f3n Sovi\u00e9tica de Stalin durante la Segunda Guerra Mundial. Inmersos en un conflicto cargado de recuerdos hist\u00f3ricos, los nacionalistas ucranianos han llevado a cabo desde 2014 una intensa campa\u00f1a de retirada de s\u00edmbolos sovi\u00e9ticos en todo el pa\u00eds. Ahora, algunos quieren pasar a la ofensiva contra los herederos de la URSS construyendo una estatua de Bandera lo m\u00e1s cerca posible de la frontera con Rusia. Sus partidarios recuerdan a Bandera como un \u00abh\u00e9roe de Ucrania\u00bb y de la causa de un estado ucraniano independiente en un per\u00edodo oscuro en que alemanes y sovi\u00e9ticos luchaban sin piedad por el control del rico territorio que ocupa Ucrania, a menudo masacrando la poblaci\u00f3n local. Sus detractores lo consideran un colaboracionista nazi inspirador de una campa\u00f1a de limpieza \u00e9tnica contra polacos y jud\u00edos en el oeste del pa\u00eds. En efecto, su visi\u00f3n fue la de una Ucrania \u00e9tnicamente homog\u00e9nea. La revoluci\u00f3n proeuropea y el parad\u00f3jico auge del ultranacionalismo Los nacionalistas ucranianos se han convertido en extremadamente activos en el pa\u00eds desde la disoluci\u00f3n del gobierno prorruso de Viktor Yanukovich en 2014. Su presi\u00f3n y elevada visibilidad p\u00fablica han conducido a una serie de situaciones extremas. Por ejemplo, la fundaci\u00f3n de grupos paramilitares armados que han recibido el visto bueno del gobierno ucraniano. Sin duda, uno de los efectos secundarios que tuvo la exitosa revoluci\u00f3n antirrusa y proeuropea en Ucrania fue despertar el ultranacionalismo ucraniano. Un movimiento que guarda una gran proximidad con el universo neofascista (el aut\u00e9ntico, no el que se ha convertido en un insulto pol\u00edtico en Catalu\u00f1a y en general en Espa\u00f1a). Parad\u00f3jicamente, esta admiraci\u00f3n se da a pesar de que la Alemania de Hitler persigui\u00f3 y combati\u00f3 a los nacionalistas ucranianos durante la Segunda Guerra Mundial, consider\u00e1ndolos, por ser eslavos, igual de despreciables que los rusos o los polacos. De hecho, no es \u00fanicamente Rusia quien ha protestado en reiteradas ocasiones por la permisividad con que operan los grupos ultranacionalistas ucranianos. Pa\u00edses como Israel o Polonia tambi\u00e9n han expresado su rechazo a homenajes a Bandera y otros personajes hist\u00f3ricos que hab\u00edan defendido la limpieza \u00e9tnica de Ucrania en los a\u00f1os 40. Por su parte, la diputada rusa Natalia Poklonskaia afirm\u00f3 que iniciativas como la de construir un monumento a Bandera \u00abno tienen nada que ver con los ucranianos corrientes\u00bb, y ha propuesto en cambio \u00abconstruir una capilla ortodoxa de la Natividad de Cristo como s\u00edmbolo de una nueva vida y buenas relaciones de vecindad\u00bb entre los dos pa\u00edses. En cualquier caso, parece que los ultras ucranianos est\u00e1n perdiendo apoyos entre la poblaci\u00f3n. Siempre una minor\u00eda pol\u00edtica, partidos de su entorno como Svoboda han perdieron mucha fuerza en las elecciones legislativas de 2019. Opciones moderadas como la del actual presidente Vlodomir Zelensky, que apuestan por la paz y la reconciliaci\u00f3n nacional, parecen de momento imponerse en un pa\u00eds que sigue inmerso en la corrupci\u00f3n generalizada, una profunda crisis econ\u00f3mica y con un grave conflicto territorial no resuelto al este.<\/p>\n","protected":false},"author":67,"featured_media":31198,"comment_status":"open","ping_status":"open","sticky":false,"template":"","format":"standard","meta":{"_FSMCFIC_featured_image_caption":"","_FSMCFIC_featured_image_nocaption":"","_FSMCFIC_featured_image_hide":"","footnotes":""},"categories":[806],"tags":[1407,1413,1204,1414,1310,1415],"class_list":["post-31235","post","type-post","status-publish","format-standard","has-post-thumbnail","hentry","category-punts-claus-del-dia-es","tag-israel-es","tag-neofascismo","tag-rusia","tag-segunda-guerra-mundial","tag-ucrania","tag-ultranacionalismo"],"yoast_head":"<!-- This site is optimized with the Yoast SEO plugin v26.8 - https:\/\/yoast.com\/product\/yoast-seo-wordpress\/ -->\n<title>El auge del ultranacionalismo ucraniano, aquel extra\u00f1o efecto secundario de la revoluci\u00f3n proeuropea - Converses a Catalunya<\/title>\n<meta name=\"robots\" content=\"index, follow, max-snippet:-1, max-image-preview:large, max-video-preview:-1\" \/>\n<link rel=\"canonical\" href=\"https:\/\/conversesacatalunya.cat\/es\/el-auge-del-ultranacionalismo-ucraniano-aquel-extrano-efecto-secundario-de-la-revolucion-proeuropea\/\" \/>\n<meta property=\"og:locale\" content=\"es_ES\" \/>\n<meta property=\"og:type\" content=\"article\" \/>\n<meta property=\"og:title\" content=\"El auge del ultranacionalismo ucraniano, aquel extra\u00f1o efecto secundario de la revoluci\u00f3n proeuropea - Converses a Catalunya\" \/>\n<meta property=\"og:description\" content=\"\u00abEl h\u00e9roe de algunos es para otros un terrorista\u00bb, dice una c\u00e9lebre frase de ciencia pol\u00edtica. Este es el caso de Stepan Bandera, un l\u00edder ultranacionalista que dirigi\u00f3 la organizaci\u00f3n Ej\u00e9rcito Insurgente Ucraniano para combatir tanto la Alemania nazi como la Uni\u00f3n Sovi\u00e9tica de Stalin durante la Segunda Guerra Mundial. Inmersos en un conflicto cargado de recuerdos hist\u00f3ricos, los nacionalistas ucranianos han llevado a cabo desde 2014 una intensa campa\u00f1a de retirada de s\u00edmbolos sovi\u00e9ticos en todo el pa\u00eds. Ahora, algunos quieren pasar a la ofensiva contra los herederos de la URSS construyendo una estatua de Bandera lo m\u00e1s cerca posible de la frontera con Rusia. Sus partidarios recuerdan a Bandera como un \u00abh\u00e9roe de Ucrania\u00bb y de la causa de un estado ucraniano independiente en un per\u00edodo oscuro en que alemanes y sovi\u00e9ticos luchaban sin piedad por el control del rico territorio que ocupa Ucrania, a menudo masacrando la poblaci\u00f3n local. Sus detractores lo consideran un colaboracionista nazi inspirador de una campa\u00f1a de limpieza \u00e9tnica contra polacos y jud\u00edos en el oeste del pa\u00eds. En efecto, su visi\u00f3n fue la de una Ucrania \u00e9tnicamente homog\u00e9nea. La revoluci\u00f3n proeuropea y el parad\u00f3jico auge del ultranacionalismo Los nacionalistas ucranianos se han convertido en extremadamente activos en el pa\u00eds desde la disoluci\u00f3n del gobierno prorruso de Viktor Yanukovich en 2014. Su presi\u00f3n y elevada visibilidad p\u00fablica han conducido a una serie de situaciones extremas. Por ejemplo, la fundaci\u00f3n de grupos paramilitares armados que han recibido el visto bueno del gobierno ucraniano. Sin duda, uno de los efectos secundarios que tuvo la exitosa revoluci\u00f3n antirrusa y proeuropea en Ucrania fue despertar el ultranacionalismo ucraniano. Un movimiento que guarda una gran proximidad con el universo neofascista (el aut\u00e9ntico, no el que se ha convertido en un insulto pol\u00edtico en Catalu\u00f1a y en general en Espa\u00f1a). Parad\u00f3jicamente, esta admiraci\u00f3n se da a pesar de que la Alemania de Hitler persigui\u00f3 y combati\u00f3 a los nacionalistas ucranianos durante la Segunda Guerra Mundial, consider\u00e1ndolos, por ser eslavos, igual de despreciables que los rusos o los polacos. De hecho, no es \u00fanicamente Rusia quien ha protestado en reiteradas ocasiones por la permisividad con que operan los grupos ultranacionalistas ucranianos. Pa\u00edses como Israel o Polonia tambi\u00e9n han expresado su rechazo a homenajes a Bandera y otros personajes hist\u00f3ricos que hab\u00edan defendido la limpieza \u00e9tnica de Ucrania en los a\u00f1os 40. Por su parte, la diputada rusa Natalia Poklonskaia afirm\u00f3 que iniciativas como la de construir un monumento a Bandera \u00abno tienen nada que ver con los ucranianos corrientes\u00bb, y ha propuesto en cambio \u00abconstruir una capilla ortodoxa de la Natividad de Cristo como s\u00edmbolo de una nueva vida y buenas relaciones de vecindad\u00bb entre los dos pa\u00edses. En cualquier caso, parece que los ultras ucranianos est\u00e1n perdiendo apoyos entre la poblaci\u00f3n. Siempre una minor\u00eda pol\u00edtica, partidos de su entorno como Svoboda han perdieron mucha fuerza en las elecciones legislativas de 2019. Opciones moderadas como la del actual presidente Vlodomir Zelensky, que apuestan por la paz y la reconciliaci\u00f3n nacional, parecen de momento imponerse en un pa\u00eds que sigue inmerso en la corrupci\u00f3n generalizada, una profunda crisis econ\u00f3mica y con un grave conflicto territorial no resuelto al este.\" \/>\n<meta property=\"og:url\" content=\"https:\/\/conversesacatalunya.cat\/es\/el-auge-del-ultranacionalismo-ucraniano-aquel-extrano-efecto-secundario-de-la-revolucion-proeuropea\/\" \/>\n<meta property=\"og:site_name\" content=\"Converses a Catalunya\" \/>\n<meta property=\"article:published_time\" content=\"2020-01-14T22:17:06+00:00\" \/>\n<meta property=\"article:modified_time\" content=\"2020-01-15T14:16:31+00:00\" \/>\n<meta property=\"og:image\" content=\"https:\/\/conversesacatalunya.cat\/wp-content\/uploads\/2020\/01\/ultranacionalisme-ucrai\u0308na.jpg\" \/>\n\t<meta property=\"og:image:width\" content=\"600\" \/>\n\t<meta property=\"og:image:height\" content=\"358\" \/>\n\t<meta property=\"og:image:type\" content=\"image\/jpeg\" \/>\n<meta name=\"author\" content=\"conversesacatalunya\" \/>\n<meta name=\"twitter:card\" content=\"summary_large_image\" \/>\n<meta name=\"twitter:label1\" content=\"Escrito por\" \/>\n\t<meta name=\"twitter:data1\" content=\"conversesacatalunya\" \/>\n\t<meta name=\"twitter:label2\" content=\"Tiempo de lectura\" \/>\n\t<meta name=\"twitter:data2\" content=\"3 minutos\" \/>\n<script type=\"application\/ld+json\" class=\"yoast-schema-graph\">{\"@context\":\"https:\/\/schema.org\",\"@graph\":[{\"@type\":\"Article\",\"@id\":\"https:\/\/conversesacatalunya.cat\/es\/el-auge-del-ultranacionalismo-ucraniano-aquel-extrano-efecto-secundario-de-la-revolucion-proeuropea\/#article\",\"isPartOf\":{\"@id\":\"https:\/\/conversesacatalunya.cat\/es\/el-auge-del-ultranacionalismo-ucraniano-aquel-extrano-efecto-secundario-de-la-revolucion-proeuropea\/\"},\"author\":{\"name\":\"conversesacatalunya\",\"@id\":\"https:\/\/conversesacatalunya.cat\/#\/schema\/person\/c5a8ffe796b1512764aeb6d6d6fa0fc7\"},\"headline\":\"El auge del ultranacionalismo ucraniano, aquel extra\u00f1o efecto secundario de la revoluci\u00f3n proeuropea\",\"datePublished\":\"2020-01-14T22:17:06+00:00\",\"dateModified\":\"2020-01-15T14:16:31+00:00\",\"mainEntityOfPage\":{\"@id\":\"https:\/\/conversesacatalunya.cat\/es\/el-auge-del-ultranacionalismo-ucraniano-aquel-extrano-efecto-secundario-de-la-revolucion-proeuropea\/\"},\"wordCount\":593,\"commentCount\":0,\"image\":{\"@id\":\"https:\/\/conversesacatalunya.cat\/es\/el-auge-del-ultranacionalismo-ucraniano-aquel-extrano-efecto-secundario-de-la-revolucion-proeuropea\/#primaryimage\"},\"thumbnailUrl\":\"https:\/\/conversesacatalunya.cat\/wp-content\/uploads\/2020\/01\/ultranacionalisme-ucrai\u0308na.jpg\",\"keywords\":[\"Israel\",\"neofascismo\",\"Rusia\",\"Segunda Guerra Mundial\",\"Ucrania\",\"ultranacionalismo\"],\"articleSection\":[\"Punts clau del dia (ES)\"],\"inLanguage\":\"es\",\"potentialAction\":[{\"@type\":\"CommentAction\",\"name\":\"Comment\",\"target\":[\"https:\/\/conversesacatalunya.cat\/es\/el-auge-del-ultranacionalismo-ucraniano-aquel-extrano-efecto-secundario-de-la-revolucion-proeuropea\/#respond\"]}]},{\"@type\":\"WebPage\",\"@id\":\"https:\/\/conversesacatalunya.cat\/es\/el-auge-del-ultranacionalismo-ucraniano-aquel-extrano-efecto-secundario-de-la-revolucion-proeuropea\/\",\"url\":\"https:\/\/conversesacatalunya.cat\/es\/el-auge-del-ultranacionalismo-ucraniano-aquel-extrano-efecto-secundario-de-la-revolucion-proeuropea\/\",\"name\":\"El auge del ultranacionalismo ucraniano, aquel extra\u00f1o efecto secundario de la revoluci\u00f3n proeuropea - Converses a Catalunya\",\"isPartOf\":{\"@id\":\"https:\/\/conversesacatalunya.cat\/#website\"},\"primaryImageOfPage\":{\"@id\":\"https:\/\/conversesacatalunya.cat\/es\/el-auge-del-ultranacionalismo-ucraniano-aquel-extrano-efecto-secundario-de-la-revolucion-proeuropea\/#primaryimage\"},\"image\":{\"@id\":\"https:\/\/conversesacatalunya.cat\/es\/el-auge-del-ultranacionalismo-ucraniano-aquel-extrano-efecto-secundario-de-la-revolucion-proeuropea\/#primaryimage\"},\"thumbnailUrl\":\"https:\/\/conversesacatalunya.cat\/wp-content\/uploads\/2020\/01\/ultranacionalisme-ucrai\u0308na.jpg\",\"datePublished\":\"2020-01-14T22:17:06+00:00\",\"dateModified\":\"2020-01-15T14:16:31+00:00\",\"author\":{\"@id\":\"https:\/\/conversesacatalunya.cat\/#\/schema\/person\/c5a8ffe796b1512764aeb6d6d6fa0fc7\"},\"breadcrumb\":{\"@id\":\"https:\/\/conversesacatalunya.cat\/es\/el-auge-del-ultranacionalismo-ucraniano-aquel-extrano-efecto-secundario-de-la-revolucion-proeuropea\/#breadcrumb\"},\"inLanguage\":\"es\",\"potentialAction\":[{\"@type\":\"ReadAction\",\"target\":[\"https:\/\/conversesacatalunya.cat\/es\/el-auge-del-ultranacionalismo-ucraniano-aquel-extrano-efecto-secundario-de-la-revolucion-proeuropea\/\"]}]},{\"@type\":\"ImageObject\",\"inLanguage\":\"es\",\"@id\":\"https:\/\/conversesacatalunya.cat\/es\/el-auge-del-ultranacionalismo-ucraniano-aquel-extrano-efecto-secundario-de-la-revolucion-proeuropea\/#primaryimage\",\"url\":\"https:\/\/conversesacatalunya.cat\/wp-content\/uploads\/2020\/01\/ultranacionalisme-ucrai\u0308na.jpg\",\"contentUrl\":\"https:\/\/conversesacatalunya.cat\/wp-content\/uploads\/2020\/01\/ultranacionalisme-ucrai\u0308na.jpg\",\"width\":600,\"height\":358},{\"@type\":\"BreadcrumbList\",\"@id\":\"https:\/\/conversesacatalunya.cat\/es\/el-auge-del-ultranacionalismo-ucraniano-aquel-extrano-efecto-secundario-de-la-revolucion-proeuropea\/#breadcrumb\",\"itemListElement\":[{\"@type\":\"ListItem\",\"position\":1,\"name\":\"Inici\",\"item\":\"https:\/\/conversesacatalunya.cat\/es\/\"},{\"@type\":\"ListItem\",\"position\":2,\"name\":\"El auge del ultranacionalismo ucraniano, aquel extra\u00f1o efecto secundario de la revoluci\u00f3n proeuropea\"}]},{\"@type\":\"WebSite\",\"@id\":\"https:\/\/conversesacatalunya.cat\/#website\",\"url\":\"https:\/\/conversesacatalunya.cat\/\",\"name\":\"Converses a Catalunya\",\"description\":\"\",\"potentialAction\":[{\"@type\":\"SearchAction\",\"target\":{\"@type\":\"EntryPoint\",\"urlTemplate\":\"https:\/\/conversesacatalunya.cat\/?s={search_term_string}\"},\"query-input\":{\"@type\":\"PropertyValueSpecification\",\"valueRequired\":true,\"valueName\":\"search_term_string\"}}],\"inLanguage\":\"es\"},{\"@type\":\"Person\",\"@id\":\"https:\/\/conversesacatalunya.cat\/#\/schema\/person\/c5a8ffe796b1512764aeb6d6d6fa0fc7\",\"name\":\"conversesacatalunya\",\"image\":{\"@type\":\"ImageObject\",\"inLanguage\":\"es\",\"@id\":\"https:\/\/conversesacatalunya.cat\/#\/schema\/person\/image\/\",\"url\":\"https:\/\/conversesacatalunya.cat\/wp-content\/litespeed\/avatar\/02659ee938034c59a151ae106ade943e.jpg?ver=1777051754\",\"contentUrl\":\"https:\/\/conversesacatalunya.cat\/wp-content\/litespeed\/avatar\/02659ee938034c59a151ae106ade943e.jpg?ver=1777051754\",\"caption\":\"conversesacatalunya\"},\"url\":\"https:\/\/conversesacatalunya.cat\/es\/author\/carles_lopez\/\"}]}<\/script>\n<!-- \/ Yoast SEO plugin. -->","yoast_head_json":{"title":"El auge del ultranacionalismo ucraniano, aquel extra\u00f1o efecto secundario de la revoluci\u00f3n proeuropea - Converses a Catalunya","robots":{"index":"index","follow":"follow","max-snippet":"max-snippet:-1","max-image-preview":"max-image-preview:large","max-video-preview":"max-video-preview:-1"},"canonical":"https:\/\/conversesacatalunya.cat\/es\/el-auge-del-ultranacionalismo-ucraniano-aquel-extrano-efecto-secundario-de-la-revolucion-proeuropea\/","og_locale":"es_ES","og_type":"article","og_title":"El auge del ultranacionalismo ucraniano, aquel extra\u00f1o efecto secundario de la revoluci\u00f3n proeuropea - Converses a Catalunya","og_description":"\u00abEl h\u00e9roe de algunos es para otros un terrorista\u00bb, dice una c\u00e9lebre frase de ciencia pol\u00edtica. Este es el caso de Stepan Bandera, un l\u00edder ultranacionalista que dirigi\u00f3 la organizaci\u00f3n Ej\u00e9rcito Insurgente Ucraniano para combatir tanto la Alemania nazi como la Uni\u00f3n Sovi\u00e9tica de Stalin durante la Segunda Guerra Mundial. Inmersos en un conflicto cargado de recuerdos hist\u00f3ricos, los nacionalistas ucranianos han llevado a cabo desde 2014 una intensa campa\u00f1a de retirada de s\u00edmbolos sovi\u00e9ticos en todo el pa\u00eds. Ahora, algunos quieren pasar a la ofensiva contra los herederos de la URSS construyendo una estatua de Bandera lo m\u00e1s cerca posible de la frontera con Rusia. Sus partidarios recuerdan a Bandera como un \u00abh\u00e9roe de Ucrania\u00bb y de la causa de un estado ucraniano independiente en un per\u00edodo oscuro en que alemanes y sovi\u00e9ticos luchaban sin piedad por el control del rico territorio que ocupa Ucrania, a menudo masacrando la poblaci\u00f3n local. Sus detractores lo consideran un colaboracionista nazi inspirador de una campa\u00f1a de limpieza \u00e9tnica contra polacos y jud\u00edos en el oeste del pa\u00eds. En efecto, su visi\u00f3n fue la de una Ucrania \u00e9tnicamente homog\u00e9nea. La revoluci\u00f3n proeuropea y el parad\u00f3jico auge del ultranacionalismo Los nacionalistas ucranianos se han convertido en extremadamente activos en el pa\u00eds desde la disoluci\u00f3n del gobierno prorruso de Viktor Yanukovich en 2014. Su presi\u00f3n y elevada visibilidad p\u00fablica han conducido a una serie de situaciones extremas. Por ejemplo, la fundaci\u00f3n de grupos paramilitares armados que han recibido el visto bueno del gobierno ucraniano. Sin duda, uno de los efectos secundarios que tuvo la exitosa revoluci\u00f3n antirrusa y proeuropea en Ucrania fue despertar el ultranacionalismo ucraniano. Un movimiento que guarda una gran proximidad con el universo neofascista (el aut\u00e9ntico, no el que se ha convertido en un insulto pol\u00edtico en Catalu\u00f1a y en general en Espa\u00f1a). Parad\u00f3jicamente, esta admiraci\u00f3n se da a pesar de que la Alemania de Hitler persigui\u00f3 y combati\u00f3 a los nacionalistas ucranianos durante la Segunda Guerra Mundial, consider\u00e1ndolos, por ser eslavos, igual de despreciables que los rusos o los polacos. De hecho, no es \u00fanicamente Rusia quien ha protestado en reiteradas ocasiones por la permisividad con que operan los grupos ultranacionalistas ucranianos. Pa\u00edses como Israel o Polonia tambi\u00e9n han expresado su rechazo a homenajes a Bandera y otros personajes hist\u00f3ricos que hab\u00edan defendido la limpieza \u00e9tnica de Ucrania en los a\u00f1os 40. Por su parte, la diputada rusa Natalia Poklonskaia afirm\u00f3 que iniciativas como la de construir un monumento a Bandera \u00abno tienen nada que ver con los ucranianos corrientes\u00bb, y ha propuesto en cambio \u00abconstruir una capilla ortodoxa de la Natividad de Cristo como s\u00edmbolo de una nueva vida y buenas relaciones de vecindad\u00bb entre los dos pa\u00edses. En cualquier caso, parece que los ultras ucranianos est\u00e1n perdiendo apoyos entre la poblaci\u00f3n. Siempre una minor\u00eda pol\u00edtica, partidos de su entorno como Svoboda han perdieron mucha fuerza en las elecciones legislativas de 2019. Opciones moderadas como la del actual presidente Vlodomir Zelensky, que apuestan por la paz y la reconciliaci\u00f3n nacional, parecen de momento imponerse en un pa\u00eds que sigue inmerso en la corrupci\u00f3n generalizada, una profunda crisis econ\u00f3mica y con un grave conflicto territorial no resuelto al este.","og_url":"https:\/\/conversesacatalunya.cat\/es\/el-auge-del-ultranacionalismo-ucraniano-aquel-extrano-efecto-secundario-de-la-revolucion-proeuropea\/","og_site_name":"Converses a Catalunya","article_published_time":"2020-01-14T22:17:06+00:00","article_modified_time":"2020-01-15T14:16:31+00:00","og_image":[{"width":600,"height":358,"url":"https:\/\/conversesacatalunya.cat\/wp-content\/uploads\/2020\/01\/ultranacionalisme-ucrai\u0308na.jpg","type":"image\/jpeg"}],"author":"conversesacatalunya","twitter_card":"summary_large_image","twitter_misc":{"Escrito por":"conversesacatalunya","Tiempo de lectura":"3 minutos"},"schema":{"@context":"https:\/\/schema.org","@graph":[{"@type":"Article","@id":"https:\/\/conversesacatalunya.cat\/es\/el-auge-del-ultranacionalismo-ucraniano-aquel-extrano-efecto-secundario-de-la-revolucion-proeuropea\/#article","isPartOf":{"@id":"https:\/\/conversesacatalunya.cat\/es\/el-auge-del-ultranacionalismo-ucraniano-aquel-extrano-efecto-secundario-de-la-revolucion-proeuropea\/"},"author":{"name":"conversesacatalunya","@id":"https:\/\/conversesacatalunya.cat\/#\/schema\/person\/c5a8ffe796b1512764aeb6d6d6fa0fc7"},"headline":"El auge del ultranacionalismo ucraniano, aquel extra\u00f1o efecto secundario de la revoluci\u00f3n proeuropea","datePublished":"2020-01-14T22:17:06+00:00","dateModified":"2020-01-15T14:16:31+00:00","mainEntityOfPage":{"@id":"https:\/\/conversesacatalunya.cat\/es\/el-auge-del-ultranacionalismo-ucraniano-aquel-extrano-efecto-secundario-de-la-revolucion-proeuropea\/"},"wordCount":593,"commentCount":0,"image":{"@id":"https:\/\/conversesacatalunya.cat\/es\/el-auge-del-ultranacionalismo-ucraniano-aquel-extrano-efecto-secundario-de-la-revolucion-proeuropea\/#primaryimage"},"thumbnailUrl":"https:\/\/conversesacatalunya.cat\/wp-content\/uploads\/2020\/01\/ultranacionalisme-ucrai\u0308na.jpg","keywords":["Israel","neofascismo","Rusia","Segunda Guerra Mundial","Ucrania","ultranacionalismo"],"articleSection":["Punts clau del dia (ES)"],"inLanguage":"es","potentialAction":[{"@type":"CommentAction","name":"Comment","target":["https:\/\/conversesacatalunya.cat\/es\/el-auge-del-ultranacionalismo-ucraniano-aquel-extrano-efecto-secundario-de-la-revolucion-proeuropea\/#respond"]}]},{"@type":"WebPage","@id":"https:\/\/conversesacatalunya.cat\/es\/el-auge-del-ultranacionalismo-ucraniano-aquel-extrano-efecto-secundario-de-la-revolucion-proeuropea\/","url":"https:\/\/conversesacatalunya.cat\/es\/el-auge-del-ultranacionalismo-ucraniano-aquel-extrano-efecto-secundario-de-la-revolucion-proeuropea\/","name":"El auge del ultranacionalismo ucraniano, aquel extra\u00f1o efecto secundario de la revoluci\u00f3n proeuropea - Converses a Catalunya","isPartOf":{"@id":"https:\/\/conversesacatalunya.cat\/#website"},"primaryImageOfPage":{"@id":"https:\/\/conversesacatalunya.cat\/es\/el-auge-del-ultranacionalismo-ucraniano-aquel-extrano-efecto-secundario-de-la-revolucion-proeuropea\/#primaryimage"},"image":{"@id":"https:\/\/conversesacatalunya.cat\/es\/el-auge-del-ultranacionalismo-ucraniano-aquel-extrano-efecto-secundario-de-la-revolucion-proeuropea\/#primaryimage"},"thumbnailUrl":"https:\/\/conversesacatalunya.cat\/wp-content\/uploads\/2020\/01\/ultranacionalisme-ucrai\u0308na.jpg","datePublished":"2020-01-14T22:17:06+00:00","dateModified":"2020-01-15T14:16:31+00:00","author":{"@id":"https:\/\/conversesacatalunya.cat\/#\/schema\/person\/c5a8ffe796b1512764aeb6d6d6fa0fc7"},"breadcrumb":{"@id":"https:\/\/conversesacatalunya.cat\/es\/el-auge-del-ultranacionalismo-ucraniano-aquel-extrano-efecto-secundario-de-la-revolucion-proeuropea\/#breadcrumb"},"inLanguage":"es","potentialAction":[{"@type":"ReadAction","target":["https:\/\/conversesacatalunya.cat\/es\/el-auge-del-ultranacionalismo-ucraniano-aquel-extrano-efecto-secundario-de-la-revolucion-proeuropea\/"]}]},{"@type":"ImageObject","inLanguage":"es","@id":"https:\/\/conversesacatalunya.cat\/es\/el-auge-del-ultranacionalismo-ucraniano-aquel-extrano-efecto-secundario-de-la-revolucion-proeuropea\/#primaryimage","url":"https:\/\/conversesacatalunya.cat\/wp-content\/uploads\/2020\/01\/ultranacionalisme-ucrai\u0308na.jpg","contentUrl":"https:\/\/conversesacatalunya.cat\/wp-content\/uploads\/2020\/01\/ultranacionalisme-ucrai\u0308na.jpg","width":600,"height":358},{"@type":"BreadcrumbList","@id":"https:\/\/conversesacatalunya.cat\/es\/el-auge-del-ultranacionalismo-ucraniano-aquel-extrano-efecto-secundario-de-la-revolucion-proeuropea\/#breadcrumb","itemListElement":[{"@type":"ListItem","position":1,"name":"Inici","item":"https:\/\/conversesacatalunya.cat\/es\/"},{"@type":"ListItem","position":2,"name":"El auge del ultranacionalismo ucraniano, aquel extra\u00f1o efecto secundario de la revoluci\u00f3n proeuropea"}]},{"@type":"WebSite","@id":"https:\/\/conversesacatalunya.cat\/#website","url":"https:\/\/conversesacatalunya.cat\/","name":"Converses a Catalunya","description":"","potentialAction":[{"@type":"SearchAction","target":{"@type":"EntryPoint","urlTemplate":"https:\/\/conversesacatalunya.cat\/?s={search_term_string}"},"query-input":{"@type":"PropertyValueSpecification","valueRequired":true,"valueName":"search_term_string"}}],"inLanguage":"es"},{"@type":"Person","@id":"https:\/\/conversesacatalunya.cat\/#\/schema\/person\/c5a8ffe796b1512764aeb6d6d6fa0fc7","name":"conversesacatalunya","image":{"@type":"ImageObject","inLanguage":"es","@id":"https:\/\/conversesacatalunya.cat\/#\/schema\/person\/image\/","url":"https:\/\/conversesacatalunya.cat\/wp-content\/litespeed\/avatar\/02659ee938034c59a151ae106ade943e.jpg?ver=1777051754","contentUrl":"https:\/\/conversesacatalunya.cat\/wp-content\/litespeed\/avatar\/02659ee938034c59a151ae106ade943e.jpg?ver=1777051754","caption":"conversesacatalunya"},"url":"https:\/\/conversesacatalunya.cat\/es\/author\/carles_lopez\/"}]}},"wps_subtitle":"Grupos ultras quieren construir junto a la frontera rusa una estatua de un l\u00edder que promovi\u00f3 la limpieza \u00e9tnica de polacos y jud\u00edos durante la Segunda Guerra Mundial","_links":{"self":[{"href":"https:\/\/conversesacatalunya.cat\/es\/wp-json\/wp\/v2\/posts\/31235","targetHints":{"allow":["GET"]}}],"collection":[{"href":"https:\/\/conversesacatalunya.cat\/es\/wp-json\/wp\/v2\/posts"}],"about":[{"href":"https:\/\/conversesacatalunya.cat\/es\/wp-json\/wp\/v2\/types\/post"}],"author":[{"embeddable":true,"href":"https:\/\/conversesacatalunya.cat\/es\/wp-json\/wp\/v2\/users\/67"}],"replies":[{"embeddable":true,"href":"https:\/\/conversesacatalunya.cat\/es\/wp-json\/wp\/v2\/comments?post=31235"}],"version-history":[{"count":2,"href":"https:\/\/conversesacatalunya.cat\/es\/wp-json\/wp\/v2\/posts\/31235\/revisions"}],"predecessor-version":[{"id":31236,"href":"https:\/\/conversesacatalunya.cat\/es\/wp-json\/wp\/v2\/posts\/31235\/revisions\/31236"}],"wp:featuredmedia":[{"embeddable":true,"href":"https:\/\/conversesacatalunya.cat\/es\/wp-json\/wp\/v2\/media\/31198"}],"wp:attachment":[{"href":"https:\/\/conversesacatalunya.cat\/es\/wp-json\/wp\/v2\/media?parent=31235"}],"wp:term":[{"taxonomy":"category","embeddable":true,"href":"https:\/\/conversesacatalunya.cat\/es\/wp-json\/wp\/v2\/categories?post=31235"},{"taxonomy":"post_tag","embeddable":true,"href":"https:\/\/conversesacatalunya.cat\/es\/wp-json\/wp\/v2\/tags?post=31235"}],"curies":[{"name":"wp","href":"https:\/\/api.w.org\/{rel}","templated":true}]}}