{"id":31149,"date":"2020-01-09T14:40:12","date_gmt":"2020-01-09T13:40:12","guid":{"rendered":"https:\/\/conversesacatalunya.cat\/crida-a-la-societat-civil-a-les-seves-dones-i-homes\/"},"modified":"2020-01-13T23:00:09","modified_gmt":"2020-01-13T22:00:09","slug":"llamamiento-a-la-sociedad-civil-a-sus-mujeres-y-hombres","status":"publish","type":"post","link":"https:\/\/conversesacatalunya.cat\/es\/llamamiento-a-la-sociedad-civil-a-sus-mujeres-y-hombres\/","title":{"rendered":"Llamamiento a la sociedad civil, a sus mujeres y hombres"},"content":{"rendered":"<p><span style=\"display: inline !important; float: none; background-color: #f5f5f5; color: rgba(0, 0, 0, 0.87); font-family: 'Roboto',arial,sans-serif; font-size: 18px; font-style: normal; font-variant: normal; font-weight: 400; letter-spacing: normal; line-height: 28px; orphans: 2; text-align: left; text-decoration: none; text-indent: 0px; text-transform: none; -webkit-text-stroke-width: 0px; white-space: pre-wrap; word-spacing: 0px;\">El sistema pol\u00edtico espa\u00f1ol de democracia representativa, fundamentado en la Constituci\u00f3n de 1978, que ha hecho posible un largo periodo de paz y desarrollo, tiene planteado hoy un problema decisivo: el reparto del poder en la organizaci\u00f3n territorial del Estado, junto con otros de gran entidad: deuda p\u00fablica, pensiones, desempleo, sistema educativo y r\u00e9gimen laboral, etc. La resoluci\u00f3n de todos ellos exige un gobierno estable con suficientes apoyos parlamentarios, y una pol\u00edtica m\u00e1s centrada en la conciliaci\u00f3n que en el enfrentamiento.<\/span><\/p>\n<p><span style=\"display: inline !important; float: none; background-color: #f5f5f5; color: rgba(0, 0, 0, 0.87); font-family: 'Roboto',arial,sans-serif; font-size: 18px; font-style: normal; font-variant: normal; font-weight: 400; letter-spacing: normal; line-height: 28px; orphans: 2; text-align: left; text-decoration: none; text-indent: 0px; text-transform: none; -webkit-text-stroke-width: 0px; white-space: pre-wrap; word-spacing: 0px;\">Lejos de ello, la situaci\u00f3n actual est\u00e1 marcada por enfrentamientos interminables, y tambi\u00e9n por la incertidumbre y <strong>la inestabilidad<\/strong> en una dimensi\u00f3n tal que puede <strong>desembocar en una crisis de estado<\/strong>.<\/span><\/p>\n<p><span style=\"display: inline !important; float: none; background-color: #f5f5f5; color: rgba(0, 0, 0, 0.87); font-family: 'Roboto',arial,sans-serif; font-size: 18px; font-style: normal; font-variant: normal; font-weight: 400; letter-spacing: normal; line-height: 28px; orphans: 2; text-align: left; text-decoration: none; text-indent: 0px; text-transform: none; -webkit-text-stroke-width: 0px; white-space: pre-wrap; word-spacing: 0px;\">\u00bfEstamos a tiempo de evitarlo? S\u00ed, pero es urgente trabajar desde ahora para alcanzar dos objetivos: <strong>recuperar la centralidad en pol\u00edtica y construir una nueva opci\u00f3n electoral desde la catalanidad<\/strong> que asuma esta centralidad e integre la pol\u00edtica catalana dentro de la pol\u00edtica general espa\u00f1ola en el marco de la Constituci\u00f3n. Porque <strong>es desde Catalu\u00f1a<\/strong> desde donde debe surgir la superaci\u00f3n de la actual situaci\u00f3n.<\/span><\/p>\n<p><span style=\"display: inline !important; float: none; background-color: #f5f5f5; color: rgba(0, 0, 0, 0.87); font-family: 'Roboto',arial,sans-serif; font-size: 18px; font-style: normal; font-variant: normal; font-weight: 400; letter-spacing: normal; line-height: 28px; orphans: 2; text-align: left; text-decoration: none; text-indent: 0px; text-transform: none; -webkit-text-stroke-width: 0px; white-space: pre-wrap; word-spacing: 0px;\">Se hace necesario superar la <strong>polarizaci\u00f3n<\/strong> y el <strong>enrocamiento de las posiciones<\/strong>. En las <strong>defensas dogm\u00e1ticas y excluyentes<\/strong> del \u00abprincipio de legalidad\u00bb o de un \u00abprincipio democr\u00e1tico\u00bb, entendido de manera tal que la formaci\u00f3n de la voluntad popular <strong>se configura al margen de las normas legales que la legitiman<\/strong> y de las propias instituciones catalanas. La <strong>verdadera democracia<\/strong> s\u00f3lo cristaliza cuando los principios de democracia y de legalidad se conjugan gracias a la pol\u00edtica. Hay, pues, que afrontarla pol\u00edticamente, exigiendo a todos el <strong>cumplimiento de la ley<\/strong>, pero sabiendo que la soluci\u00f3n no se encuentra en la letra de la ley interpretada r\u00edgidamente. Ni sin la ley, ni siquiera con la ley. La pauta de acci\u00f3n deber\u00eda ser <strong>la ley como marco, la pol\u00edtica como tarea y la palabra como instrumento<\/strong>.<\/span><\/p>\n<p><span title=\"\">Pero, para<\/span> <span title=\"\">superar la<\/span> <span title=\"\">crisis,<\/span> <span title=\"\">es necesario,<\/span> <span title=\"\">adem\u00e1s, que<\/span> <strong><span title=\"\">Catalu\u00f1a<\/span> <span title=\"\">est\u00e9<\/span> <span title=\"\">presente<\/span> <span title=\"\">en la construcci\u00f3n<\/span> <span title=\"\">de la pol\u00edtica<\/span> <\/strong><span title=\"\"><strong>espa\u00f1ola<\/strong> y<\/span> <span title=\"\">tenga un<\/span> <span title=\"\">peso espec\u00edfico<\/span> <span title=\"\">mayor,<\/span> <span title=\"\">a<\/span> <span title=\"\">veces<\/span> <span title=\"\">determinante,<\/span> <span title=\"\">en<\/span> <span title=\"\">proporci\u00f3n<\/span> <span title=\"\">a su realidad<\/span> <span title=\"\">hist\u00f3rica,<\/span> <span title=\"\">su potencia<\/span> <span title=\"\">econ\u00f3mica<\/span><span title=\"\">, su<\/span> <span title=\"\">tejido<\/span> <span title=\"\">cultural<\/span> <span title=\"\">y su<\/span> <span title=\"\">voluntad de ser,<\/span> <span title=\"\">que<\/span> <span title=\"\">ha subsistido<\/span> <span title=\"\">inc\u00f3lume<\/span> <span title=\"\">a lo largo<\/span> <span title=\"\">de los siglos<\/span><span title=\"\">,<\/span> <span title=\"\">constituyendo<\/span> <span title=\"\">un ejemplo<\/span> <span title=\"\">de continuidad<\/span> <span title=\"\">hist\u00f3rica.<\/span><\/p>\n<p><span title=\"\">Por este<\/span> <span title=\"\">motivo:<\/span><\/p>\n<p><strong><em><span title=\"\">Llamamos a<\/span> <span title=\"\">intervenir en<\/span> <span title=\"\">la vida<\/span> <span title=\"\">pol\u00edtica<\/span> <span title=\"\">de nuestro pa\u00eds<\/span><\/em><\/strong><\/p>\n<p><span style=\"display: inline !important; float: none; background-color: #f5f5f5; color: rgba(0, 0, 0, 0.87); font-family: 'Roboto',arial,sans-serif; font-size: 18px; font-style: normal; font-variant: normal; font-weight: 400; letter-spacing: normal; line-height: 28px; orphans: 2; text-align: left; text-decoration: none; text-indent: 0px; text-transform: none; -webkit-text-stroke-width: 0px; white-space: pre-wrap; word-spacing: 0px;\">La recuperaci\u00f3n de la estabilidad y el buen gobierno en Catalu\u00f1a y Espa\u00f1a exige <strong>la creaci\u00f3n de una opci\u00f3n electoral amplia y fuerte<\/strong>, afirmada en el catalanismo, que act\u00fae en el marco de la Constituci\u00f3n dentro de la pol\u00edtica general espa\u00f1ola, y que considere que la prioridad es abordar desde el autogobierno los problemas y desaf\u00edos que nos afectan.<\/span><\/p>\n<p><span style=\"display: inline !important; float: none; background-color: #f5f5f5; color: rgba(0, 0, 0, 0.87); font-family: 'Roboto',arial,sans-serif; font-size: 18px; font-style: normal; font-variant: normal; font-weight: 400; letter-spacing: normal; line-height: 28px; orphans: 2; text-align: left; text-decoration: none; text-indent: 0px; text-transform: none; -webkit-text-stroke-width: 0px; white-space: pre-wrap; word-spacing: 0px;\">El conflicto social, econ\u00f3mico y pol\u00edtico generado por el proceso, as\u00ed como las reacciones que ha provocado, tienen origen tanto en una opci\u00f3n independentista radical, que fractura la sociedad catalana, erosiona su econom\u00eda y provoca una fuerte p\u00e9rdida de oportunidades, como en la err\u00f3nea respuesta dada a ella. Tambi\u00e9n resulta decisiva la <strong>p\u00e9rdida de centralidad de las opciones pol\u00edticas.<\/strong><\/span><\/p>\n<p><span style=\"display: inline !important; float: none; background-color: #f5f5f5; color: rgba(0, 0, 0, 0.87); font-family: 'Roboto',arial,sans-serif; font-size: 18px; font-style: normal; font-variant: normal; font-weight: 400; letter-spacing: normal; line-height: 28px; orphans: 2; text-align: left; text-decoration: none; text-indent: 0px; text-transform: none; -webkit-text-stroke-width: 0px; white-space: pre-wrap; word-spacing: 0px;\"><strong>El sistema catal\u00e1n de partidos est\u00e1 gravemente afectado<\/strong>, porque el catalanismo de <strong>la centralidad carece de representaci\u00f3n pol\u00edtica<\/strong>. Las instituciones catalanas han dejado de representar a todos para convertirse en un instrumento degradado en manos de algunos partidos.<\/span><\/p>\n<p><span style=\"display: inline !important; float: none; background-color: #f5f5f5; color: rgba(0, 0, 0, 0.87); font-family: 'Roboto',arial,sans-serif; font-size: 18px; font-style: normal; font-variant: normal; font-weight: 400; letter-spacing: normal; line-height: 28px; orphans: 2; text-align: left; text-decoration: none; text-indent: 0px; text-transform: none; -webkit-text-stroke-width: 0px; white-space: pre-wrap; word-spacing: 0px;\">Es urgente una opci\u00f3n electoral fuerte que tenga como espina dorsal de su ideario y de su programa el abordaje eficiente y eficaz de problemas espec\u00edficos de Catalu\u00f1a en el marco de la pol\u00edtica general espa\u00f1ola y de la Uni\u00f3n Europea. Para lograrlo, es necesario <strong>el reagrupamiento del catalanismo<\/strong> hoy fragmentado en varios grupos e iniciativas.<\/span><\/p>\n<p><span style=\"display: inline !important; float: none; background-color: #f5f5f5; color: rgba(0, 0, 0, 0.87); font-family: 'Roboto',arial,sans-serif; font-size: 18px; font-style: normal; font-variant: normal; font-weight: 400; letter-spacing: normal; line-height: 28px; orphans: 2; text-align: left; text-decoration: none; text-indent: 0px; text-transform: none; -webkit-text-stroke-width: 0px; white-space: pre-wrap; word-spacing: 0px;\">Para estimular este reagrupamiento catalanista es necesario un catalizador. <strong>Una fuerza no partidista, surgida de la sociedad civil, formada por gente independiente<\/strong>. Numerosa, con voluntad de hacer, dotada de capilaridad social y un amplio tejido de complicidad y capital social, guiada por fines altruistas, que impulse la creaci\u00f3n de la nueva y gran opci\u00f3n electoral catalanista como alterativa al proceso.<\/span><\/p>\n<p><span style=\"display: inline !important; float: none; background-color: #f5f5f5; color: rgba(0, 0, 0, 0.87); font-family: 'Roboto',arial,sans-serif; font-size: 18px; font-style: normal; font-variant: normal; font-weight: 400; letter-spacing: normal; line-height: 28px; orphans: 2; text-align: left; text-decoration: none; text-indent: 0px; text-transform: none; -webkit-text-stroke-width: 0px; white-space: pre-wrap; word-spacing: 0px;\"><strong>Este catalizador, formado por un agrupamiento de independientes<\/strong>, debe contribuir a facilitar el entendimiento en el marco de la Constituci\u00f3n entre las dos almas del catalanismo: la que rechaza el independentismo y la que lo asume como un ideal, siempre en el marco de la ley. Crear fosos entre las diversas sensibilidades que comparten estas posiciones es un error pol\u00edtico grave. La opci\u00f3n catalanista s\u00f3lo ser\u00e1 una <strong>alternativa real para el gobierno<\/strong> si consigue atraer una parte del electorado que ha votado hasta ahora partidos independentistas.<\/span><\/p>\n<p><span style=\"display: inline !important; float: none; background-color: #f5f5f5; color: rgba(0, 0, 0, 0.87); font-family: 'Roboto',arial,sans-serif; font-size: 18px; font-style: normal; font-variant: normal; font-weight: 400; letter-spacing: normal; line-height: 28px; orphans: 2; text-align: left; text-decoration: none; text-indent: 0px; text-transform: none; -webkit-text-stroke-width: 0px; white-space: pre-wrap; word-spacing: 0px;\">El independentismo s\u00f3lo ver\u00e1 reducido significativamente su apoyo electoral si se presenta una opci\u00f3n pol\u00edtica que no exija al elector \u00abexcusarse por su voto anterior\u00bb. Este es un punto clave.<\/span><\/p>\n<p><span style=\"display: inline !important; float: none; background-color: #f5f5f5; color: rgba(0, 0, 0, 0.87); font-family: 'Roboto',arial,sans-serif; font-size: 18px; font-style: normal; font-variant: normal; font-weight: 400; letter-spacing: normal; line-height: 28px; orphans: 2; text-align: left; text-decoration: none; text-indent: 0px; text-transform: none; -webkit-text-stroke-width: 0px; white-space: pre-wrap; word-spacing: 0px;\">Como independientes, no prejuzgamos la estructura org\u00e1nica concreta que escojan los partidos pol\u00edticos para conformar una sola opci\u00f3n electoral. <strong>S\u00f3lo animamos a que lo hagan<\/strong>, y nos mostramos totalmente dispuestos a contribuir con nuestro apoyo. Para eso trabajaremos: para facilitar el di\u00e1logo y los acuerdos, allanando las dificultades de todo orden, tambi\u00e9n las de naturaleza material, las de capilaridad social y territorial, y las de comunicaci\u00f3n.<\/span><\/p>\n<p><span style=\"display: inline !important; float: none; background-color: #f5f5f5; color: rgba(0, 0, 0, 0.87); font-family: 'Roboto',arial,sans-serif; font-size: 18px; font-style: normal; font-variant: normal; font-weight: 400; letter-spacing: normal; line-height: 28px; orphans: 2; text-align: left; text-decoration: none; text-indent: 0px; text-transform: none; -webkit-text-stroke-width: 0px; white-space: pre-wrap; word-spacing: 0px;\"><strong>Llamamos a las mujeres y hombres<\/strong> de nuestra sociedad que hasta ahora s\u00f3lo han observado la pol\u00edtica, a participar en la respuesta a la dif\u00edcil situaci\u00f3n en la que vivimos, <strong>sin necesidad de abandonar su independencia.<\/strong><\/span><\/p>\n<p><span style=\"display: inline !important; float: none; background-color: #f5f5f5; color: rgba(0, 0, 0, 0.87); font-family: 'Roboto',arial,sans-serif; font-size: 18px; font-style: normal; font-variant: normal; font-weight: 400; letter-spacing: normal; line-height: 28px; orphans: 2; text-align: left; text-decoration: none; text-indent: 0px; text-transform: none; -webkit-text-stroke-width: 0px; white-space: pre-wrap; word-spacing: 0px;\"><strong>Llamamos a agruparnos como independientes<\/strong> a fin de propiciar una nueva <strong>opci\u00f3n electoral de gobierno alternativa al independentismo<\/strong>, y capaz de superar el conflicto entre catalanes y con el resto de Espa\u00f1a. Con este motivo y finalidad, <strong>anunciamos la pr\u00f3xima convocatoria<\/strong> de un primer encuentro de independientes y <strong>os invitamos<\/strong> a participar en ella.<\/span><\/p>\n<p>Jordi Alberich, Carlos Cuatrecasas, \u00c0ngels Garcia Roca, Eugeni Gay, Margarita Mauri, Josep Mir\u00f3 i Ard\u00e8vol, Jos\u00e9 Luis Oller Ari\u00f1o, J.M. Prat Sabat, Manel Silva, Baldiri Ros, Alfredo Pastor, Victor Pou, Miquel Vilanova.<\/p>\n<p>&nbsp;<\/p>\n<p>Barcelona, enero de 2020.<\/p>\n","protected":false},"excerpt":{"rendered":"<p>El sistema pol\u00edtico espa\u00f1ol de democracia representativa, fundamentado en la Constituci\u00f3n de 1978, que ha hecho posible un largo periodo de paz y desarrollo, tiene planteado hoy un problema decisivo: el reparto del poder en la organizaci\u00f3n territorial del Estado, junto con otros de gran entidad: deuda p\u00fablica, pensiones, desempleo, sistema educativo y r\u00e9gimen laboral, etc. La resoluci\u00f3n de todos ellos exige un gobierno estable con suficientes apoyos parlamentarios, y una pol\u00edtica m\u00e1s centrada en la conciliaci\u00f3n que en el enfrentamiento. Lejos de ello, la situaci\u00f3n actual est\u00e1 marcada por enfrentamientos interminables, y tambi\u00e9n por la incertidumbre y la inestabilidad en una dimensi\u00f3n tal que puede desembocar en una crisis de estado. \u00bfEstamos a tiempo de evitarlo? S\u00ed, pero es urgente trabajar desde ahora para alcanzar dos objetivos: recuperar la centralidad en pol\u00edtica y construir una nueva opci\u00f3n electoral desde la catalanidad que asuma esta centralidad e integre la pol\u00edtica catalana dentro de la pol\u00edtica general espa\u00f1ola en el marco de la Constituci\u00f3n. Porque es desde Catalu\u00f1a desde donde debe surgir la superaci\u00f3n de la actual situaci\u00f3n. Se hace necesario superar la polarizaci\u00f3n y el enrocamiento de las posiciones. En las defensas dogm\u00e1ticas y excluyentes del \u00abprincipio de legalidad\u00bb o de un \u00abprincipio democr\u00e1tico\u00bb, entendido de manera tal que la formaci\u00f3n de la voluntad popular se configura al margen de las normas legales que la legitiman y de las propias instituciones catalanas. La verdadera democracia s\u00f3lo cristaliza cuando los principios de democracia y de legalidad se conjugan gracias a la pol\u00edtica. Hay, pues, que afrontarla pol\u00edticamente, exigiendo a todos el cumplimiento de la ley, pero sabiendo que la soluci\u00f3n no se encuentra en la letra de la ley interpretada r\u00edgidamente. Ni sin la ley, ni siquiera con la ley. La pauta de acci\u00f3n deber\u00eda ser la ley como marco, la pol\u00edtica como tarea y la palabra como instrumento. Pero, para superar la crisis, es necesario, adem\u00e1s, que Catalu\u00f1a est\u00e9 presente en la construcci\u00f3n de la pol\u00edtica espa\u00f1ola y tenga un peso espec\u00edfico mayor, a veces determinante, en proporci\u00f3n a su realidad hist\u00f3rica, su potencia econ\u00f3mica, su tejido cultural y su voluntad de ser, que ha subsistido inc\u00f3lume a lo largo de los siglos, constituyendo un ejemplo de continuidad hist\u00f3rica. Por este motivo: Llamamos a intervenir en la vida pol\u00edtica de nuestro pa\u00eds La recuperaci\u00f3n de la estabilidad y el buen gobierno en Catalu\u00f1a y Espa\u00f1a exige la creaci\u00f3n de una opci\u00f3n electoral amplia y fuerte, afirmada en el catalanismo, que act\u00fae en el marco de la Constituci\u00f3n dentro de la pol\u00edtica general espa\u00f1ola, y que considere que la prioridad es abordar desde el autogobierno los problemas y desaf\u00edos que nos afectan. El conflicto social, econ\u00f3mico y pol\u00edtico generado por el proceso, as\u00ed como las reacciones que ha provocado, tienen origen tanto en una opci\u00f3n independentista radical, que fractura la sociedad catalana, erosiona su econom\u00eda y provoca una fuerte p\u00e9rdida de oportunidades, como en la err\u00f3nea respuesta dada a ella. Tambi\u00e9n resulta decisiva la p\u00e9rdida de centralidad de las opciones pol\u00edticas. El sistema catal\u00e1n de partidos est\u00e1 gravemente afectado, porque el catalanismo de la centralidad carece de representaci\u00f3n pol\u00edtica. Las instituciones catalanas han dejado de representar a todos para convertirse en un instrumento degradado en manos de algunos partidos. Es urgente una opci\u00f3n electoral fuerte que tenga como espina dorsal de su ideario y de su programa el abordaje eficiente y eficaz de problemas espec\u00edficos de Catalu\u00f1a en el marco de la pol\u00edtica general espa\u00f1ola y de la Uni\u00f3n Europea. Para lograrlo, es necesario el reagrupamiento del catalanismo hoy fragmentado en varios grupos e iniciativas. Para estimular este reagrupamiento catalanista es necesario un catalizador. Una fuerza no partidista, surgida de la sociedad civil, formada por gente independiente. Numerosa, con voluntad de hacer, dotada de capilaridad social y un amplio tejido de complicidad y capital social, guiada por fines altruistas, que impulse la creaci\u00f3n de la nueva y gran opci\u00f3n electoral catalanista como alterativa al proceso. Este catalizador, formado por un agrupamiento de independientes, debe contribuir a facilitar el entendimiento en el marco de la Constituci\u00f3n entre las dos almas del catalanismo: la que rechaza el independentismo y la que lo asume como un ideal, siempre en el marco de la ley. Crear fosos entre las diversas sensibilidades que comparten estas posiciones es un error pol\u00edtico grave. La opci\u00f3n catalanista s\u00f3lo ser\u00e1 una alternativa real para el gobierno si consigue atraer una parte del electorado que ha votado hasta ahora partidos independentistas. El independentismo s\u00f3lo ver\u00e1 reducido significativamente su apoyo electoral si se presenta una opci\u00f3n pol\u00edtica que no exija al elector \u00abexcusarse por su voto anterior\u00bb. Este es un punto clave. Como independientes, no prejuzgamos la estructura org\u00e1nica concreta que escojan los partidos pol\u00edticos para conformar una sola opci\u00f3n electoral. S\u00f3lo animamos a que lo hagan, y nos mostramos totalmente dispuestos a contribuir con nuestro apoyo. Para eso trabajaremos: para facilitar el di\u00e1logo y los acuerdos, allanando las dificultades de todo orden, tambi\u00e9n las de naturaleza material, las de capilaridad social y territorial, y las de comunicaci\u00f3n. Llamamos a las mujeres y hombres de nuestra sociedad que hasta ahora s\u00f3lo han observado la pol\u00edtica, a participar en la respuesta a la dif\u00edcil situaci\u00f3n en la que vivimos, sin necesidad de abandonar su independencia. Llamamos a agruparnos como independientes a fin de propiciar una nueva opci\u00f3n electoral de gobierno alternativa al independentismo, y capaz de superar el conflicto entre catalanes y con el resto de Espa\u00f1a. Con este motivo y finalidad, anunciamos la pr\u00f3xima convocatoria de un primer encuentro de independientes y os invitamos a participar en ella. Jordi Alberich, Carlos Cuatrecasas, \u00c0ngels Garcia Roca, Eugeni Gay, Margarita Mauri, Josep Mir\u00f3 i Ard\u00e8vol, Jos\u00e9 Luis Oller Ari\u00f1o, J.M. Prat Sabat, Manel Silva, Baldiri Ros, Alfredo Pastor, Victor Pou, Miquel Vilanova. &nbsp; Barcelona, enero de 2020.<\/p>\n","protected":false},"author":2,"featured_media":31009,"comment_status":"open","ping_status":"open","sticky":false,"template":"","format":"standard","meta":{"_FSMCFIC_featured_image_caption":"","_FSMCFIC_featured_image_nocaption":"","_FSMCFIC_featured_image_hide":"","footnotes":""},"categories":[788,1514],"tags":[1393,1172],"class_list":["post-31149","post","type-post","status-publish","format-standard","has-post-thumbnail","hentry","category-objectius-comuns-es","category-trobada-dindependents-es","tag-catalanisme-es","tag-catalanismo"],"yoast_head":"<!-- This site is optimized with the Yoast SEO plugin v26.8 - https:\/\/yoast.com\/product\/yoast-seo-wordpress\/ -->\n<title>Llamamiento a la sociedad civil, a sus mujeres y hombres - Converses a Catalunya<\/title>\n<meta name=\"robots\" content=\"index, follow, max-snippet:-1, max-image-preview:large, max-video-preview:-1\" \/>\n<link rel=\"canonical\" href=\"https:\/\/conversesacatalunya.cat\/es\/llamamiento-a-la-sociedad-civil-a-sus-mujeres-y-hombres\/\" \/>\n<meta property=\"og:locale\" content=\"es_ES\" \/>\n<meta property=\"og:type\" content=\"article\" \/>\n<meta property=\"og:title\" content=\"Llamamiento a la sociedad civil, a sus mujeres y hombres - Converses a Catalunya\" \/>\n<meta property=\"og:description\" content=\"El sistema pol\u00edtico espa\u00f1ol de democracia representativa, fundamentado en la Constituci\u00f3n de 1978, que ha hecho posible un largo periodo de paz y desarrollo, tiene planteado hoy un problema decisivo: el reparto del poder en la organizaci\u00f3n territorial del Estado, junto con otros de gran entidad: deuda p\u00fablica, pensiones, desempleo, sistema educativo y r\u00e9gimen laboral, etc. La resoluci\u00f3n de todos ellos exige un gobierno estable con suficientes apoyos parlamentarios, y una pol\u00edtica m\u00e1s centrada en la conciliaci\u00f3n que en el enfrentamiento. Lejos de ello, la situaci\u00f3n actual est\u00e1 marcada por enfrentamientos interminables, y tambi\u00e9n por la incertidumbre y la inestabilidad en una dimensi\u00f3n tal que puede desembocar en una crisis de estado. \u00bfEstamos a tiempo de evitarlo? S\u00ed, pero es urgente trabajar desde ahora para alcanzar dos objetivos: recuperar la centralidad en pol\u00edtica y construir una nueva opci\u00f3n electoral desde la catalanidad que asuma esta centralidad e integre la pol\u00edtica catalana dentro de la pol\u00edtica general espa\u00f1ola en el marco de la Constituci\u00f3n. Porque es desde Catalu\u00f1a desde donde debe surgir la superaci\u00f3n de la actual situaci\u00f3n. Se hace necesario superar la polarizaci\u00f3n y el enrocamiento de las posiciones. En las defensas dogm\u00e1ticas y excluyentes del \u00abprincipio de legalidad\u00bb o de un \u00abprincipio democr\u00e1tico\u00bb, entendido de manera tal que la formaci\u00f3n de la voluntad popular se configura al margen de las normas legales que la legitiman y de las propias instituciones catalanas. La verdadera democracia s\u00f3lo cristaliza cuando los principios de democracia y de legalidad se conjugan gracias a la pol\u00edtica. Hay, pues, que afrontarla pol\u00edticamente, exigiendo a todos el cumplimiento de la ley, pero sabiendo que la soluci\u00f3n no se encuentra en la letra de la ley interpretada r\u00edgidamente. Ni sin la ley, ni siquiera con la ley. La pauta de acci\u00f3n deber\u00eda ser la ley como marco, la pol\u00edtica como tarea y la palabra como instrumento. Pero, para superar la crisis, es necesario, adem\u00e1s, que Catalu\u00f1a est\u00e9 presente en la construcci\u00f3n de la pol\u00edtica espa\u00f1ola y tenga un peso espec\u00edfico mayor, a veces determinante, en proporci\u00f3n a su realidad hist\u00f3rica, su potencia econ\u00f3mica, su tejido cultural y su voluntad de ser, que ha subsistido inc\u00f3lume a lo largo de los siglos, constituyendo un ejemplo de continuidad hist\u00f3rica. Por este motivo: Llamamos a intervenir en la vida pol\u00edtica de nuestro pa\u00eds La recuperaci\u00f3n de la estabilidad y el buen gobierno en Catalu\u00f1a y Espa\u00f1a exige la creaci\u00f3n de una opci\u00f3n electoral amplia y fuerte, afirmada en el catalanismo, que act\u00fae en el marco de la Constituci\u00f3n dentro de la pol\u00edtica general espa\u00f1ola, y que considere que la prioridad es abordar desde el autogobierno los problemas y desaf\u00edos que nos afectan. El conflicto social, econ\u00f3mico y pol\u00edtico generado por el proceso, as\u00ed como las reacciones que ha provocado, tienen origen tanto en una opci\u00f3n independentista radical, que fractura la sociedad catalana, erosiona su econom\u00eda y provoca una fuerte p\u00e9rdida de oportunidades, como en la err\u00f3nea respuesta dada a ella. Tambi\u00e9n resulta decisiva la p\u00e9rdida de centralidad de las opciones pol\u00edticas. El sistema catal\u00e1n de partidos est\u00e1 gravemente afectado, porque el catalanismo de la centralidad carece de representaci\u00f3n pol\u00edtica. Las instituciones catalanas han dejado de representar a todos para convertirse en un instrumento degradado en manos de algunos partidos. Es urgente una opci\u00f3n electoral fuerte que tenga como espina dorsal de su ideario y de su programa el abordaje eficiente y eficaz de problemas espec\u00edficos de Catalu\u00f1a en el marco de la pol\u00edtica general espa\u00f1ola y de la Uni\u00f3n Europea. Para lograrlo, es necesario el reagrupamiento del catalanismo hoy fragmentado en varios grupos e iniciativas. Para estimular este reagrupamiento catalanista es necesario un catalizador. Una fuerza no partidista, surgida de la sociedad civil, formada por gente independiente. Numerosa, con voluntad de hacer, dotada de capilaridad social y un amplio tejido de complicidad y capital social, guiada por fines altruistas, que impulse la creaci\u00f3n de la nueva y gran opci\u00f3n electoral catalanista como alterativa al proceso. Este catalizador, formado por un agrupamiento de independientes, debe contribuir a facilitar el entendimiento en el marco de la Constituci\u00f3n entre las dos almas del catalanismo: la que rechaza el independentismo y la que lo asume como un ideal, siempre en el marco de la ley. Crear fosos entre las diversas sensibilidades que comparten estas posiciones es un error pol\u00edtico grave. La opci\u00f3n catalanista s\u00f3lo ser\u00e1 una alternativa real para el gobierno si consigue atraer una parte del electorado que ha votado hasta ahora partidos independentistas. El independentismo s\u00f3lo ver\u00e1 reducido significativamente su apoyo electoral si se presenta una opci\u00f3n pol\u00edtica que no exija al elector \u00abexcusarse por su voto anterior\u00bb. Este es un punto clave. Como independientes, no prejuzgamos la estructura org\u00e1nica concreta que escojan los partidos pol\u00edticos para conformar una sola opci\u00f3n electoral. S\u00f3lo animamos a que lo hagan, y nos mostramos totalmente dispuestos a contribuir con nuestro apoyo. Para eso trabajaremos: para facilitar el di\u00e1logo y los acuerdos, allanando las dificultades de todo orden, tambi\u00e9n las de naturaleza material, las de capilaridad social y territorial, y las de comunicaci\u00f3n. Llamamos a las mujeres y hombres de nuestra sociedad que hasta ahora s\u00f3lo han observado la pol\u00edtica, a participar en la respuesta a la dif\u00edcil situaci\u00f3n en la que vivimos, sin necesidad de abandonar su independencia. Llamamos a agruparnos como independientes a fin de propiciar una nueva opci\u00f3n electoral de gobierno alternativa al independentismo, y capaz de superar el conflicto entre catalanes y con el resto de Espa\u00f1a. Con este motivo y finalidad, anunciamos la pr\u00f3xima convocatoria de un primer encuentro de independientes y os invitamos a participar en ella. Jordi Alberich, Carlos Cuatrecasas, \u00c0ngels Garcia Roca, Eugeni Gay, Margarita Mauri, Josep Mir\u00f3 i Ard\u00e8vol, Jos\u00e9 Luis Oller Ari\u00f1o, J.M. Prat Sabat, Manel Silva, Baldiri Ros, Alfredo Pastor, Victor Pou, Miquel Vilanova. &nbsp; Barcelona, enero de 2020.\" \/>\n<meta property=\"og:url\" content=\"https:\/\/conversesacatalunya.cat\/es\/llamamiento-a-la-sociedad-civil-a-sus-mujeres-y-hombres\/\" \/>\n<meta property=\"og:site_name\" content=\"Converses a Catalunya\" \/>\n<meta property=\"article:published_time\" content=\"2020-01-09T13:40:12+00:00\" \/>\n<meta property=\"article:modified_time\" content=\"2020-01-13T22:00:09+00:00\" \/>\n<meta property=\"og:image\" content=\"https:\/\/conversesacatalunya.cat\/wp-content\/uploads\/2020\/01\/catalanisme.jpg\" \/>\n\t<meta property=\"og:image:width\" content=\"640\" \/>\n\t<meta property=\"og:image:height\" content=\"464\" \/>\n\t<meta property=\"og:image:type\" content=\"image\/jpeg\" \/>\n<meta name=\"author\" content=\"conversesacatalunya\" \/>\n<meta name=\"twitter:card\" content=\"summary_large_image\" \/>\n<meta name=\"twitter:label1\" content=\"Escrito por\" \/>\n\t<meta name=\"twitter:data1\" content=\"conversesacatalunya\" \/>\n\t<meta name=\"twitter:label2\" content=\"Tiempo de lectura\" \/>\n\t<meta name=\"twitter:data2\" content=\"5 minutos\" \/>\n<script type=\"application\/ld+json\" class=\"yoast-schema-graph\">{\"@context\":\"https:\/\/schema.org\",\"@graph\":[{\"@type\":\"Article\",\"@id\":\"https:\/\/conversesacatalunya.cat\/es\/llamamiento-a-la-sociedad-civil-a-sus-mujeres-y-hombres\/#article\",\"isPartOf\":{\"@id\":\"https:\/\/conversesacatalunya.cat\/es\/llamamiento-a-la-sociedad-civil-a-sus-mujeres-y-hombres\/\"},\"author\":{\"name\":\"conversesacatalunya\",\"@id\":\"https:\/\/conversesacatalunya.cat\/#\/schema\/person\/7e24d1e54a2785373ddcb275eae5ed99\"},\"headline\":\"Llamamiento a la sociedad civil, a sus mujeres y hombres\",\"datePublished\":\"2020-01-09T13:40:12+00:00\",\"dateModified\":\"2020-01-13T22:00:09+00:00\",\"mainEntityOfPage\":{\"@id\":\"https:\/\/conversesacatalunya.cat\/es\/llamamiento-a-la-sociedad-civil-a-sus-mujeres-y-hombres\/\"},\"wordCount\":1072,\"commentCount\":0,\"image\":{\"@id\":\"https:\/\/conversesacatalunya.cat\/es\/llamamiento-a-la-sociedad-civil-a-sus-mujeres-y-hombres\/#primaryimage\"},\"thumbnailUrl\":\"https:\/\/conversesacatalunya.cat\/wp-content\/uploads\/2020\/01\/catalanisme.jpg\",\"keywords\":[\"Catalanisme\",\"catalanismo\"],\"articleSection\":[\"Objectius comuns (ES)\",\"Trobada d'independents (ES)\"],\"inLanguage\":\"es\",\"potentialAction\":[{\"@type\":\"CommentAction\",\"name\":\"Comment\",\"target\":[\"https:\/\/conversesacatalunya.cat\/es\/llamamiento-a-la-sociedad-civil-a-sus-mujeres-y-hombres\/#respond\"]}]},{\"@type\":\"WebPage\",\"@id\":\"https:\/\/conversesacatalunya.cat\/es\/llamamiento-a-la-sociedad-civil-a-sus-mujeres-y-hombres\/\",\"url\":\"https:\/\/conversesacatalunya.cat\/es\/llamamiento-a-la-sociedad-civil-a-sus-mujeres-y-hombres\/\",\"name\":\"Llamamiento a la sociedad civil, a sus mujeres y hombres - Converses a Catalunya\",\"isPartOf\":{\"@id\":\"https:\/\/conversesacatalunya.cat\/#website\"},\"primaryImageOfPage\":{\"@id\":\"https:\/\/conversesacatalunya.cat\/es\/llamamiento-a-la-sociedad-civil-a-sus-mujeres-y-hombres\/#primaryimage\"},\"image\":{\"@id\":\"https:\/\/conversesacatalunya.cat\/es\/llamamiento-a-la-sociedad-civil-a-sus-mujeres-y-hombres\/#primaryimage\"},\"thumbnailUrl\":\"https:\/\/conversesacatalunya.cat\/wp-content\/uploads\/2020\/01\/catalanisme.jpg\",\"datePublished\":\"2020-01-09T13:40:12+00:00\",\"dateModified\":\"2020-01-13T22:00:09+00:00\",\"author\":{\"@id\":\"https:\/\/conversesacatalunya.cat\/#\/schema\/person\/7e24d1e54a2785373ddcb275eae5ed99\"},\"breadcrumb\":{\"@id\":\"https:\/\/conversesacatalunya.cat\/es\/llamamiento-a-la-sociedad-civil-a-sus-mujeres-y-hombres\/#breadcrumb\"},\"inLanguage\":\"es\",\"potentialAction\":[{\"@type\":\"ReadAction\",\"target\":[\"https:\/\/conversesacatalunya.cat\/es\/llamamiento-a-la-sociedad-civil-a-sus-mujeres-y-hombres\/\"]}]},{\"@type\":\"ImageObject\",\"inLanguage\":\"es\",\"@id\":\"https:\/\/conversesacatalunya.cat\/es\/llamamiento-a-la-sociedad-civil-a-sus-mujeres-y-hombres\/#primaryimage\",\"url\":\"https:\/\/conversesacatalunya.cat\/wp-content\/uploads\/2020\/01\/catalanisme.jpg\",\"contentUrl\":\"https:\/\/conversesacatalunya.cat\/wp-content\/uploads\/2020\/01\/catalanisme.jpg\",\"width\":640,\"height\":464,\"caption\":\"catalanisme\"},{\"@type\":\"BreadcrumbList\",\"@id\":\"https:\/\/conversesacatalunya.cat\/es\/llamamiento-a-la-sociedad-civil-a-sus-mujeres-y-hombres\/#breadcrumb\",\"itemListElement\":[{\"@type\":\"ListItem\",\"position\":1,\"name\":\"Inici\",\"item\":\"https:\/\/conversesacatalunya.cat\/es\/\"},{\"@type\":\"ListItem\",\"position\":2,\"name\":\"Llamamiento a la sociedad civil, a sus mujeres y hombres\"}]},{\"@type\":\"WebSite\",\"@id\":\"https:\/\/conversesacatalunya.cat\/#website\",\"url\":\"https:\/\/conversesacatalunya.cat\/\",\"name\":\"Converses a Catalunya\",\"description\":\"\",\"potentialAction\":[{\"@type\":\"SearchAction\",\"target\":{\"@type\":\"EntryPoint\",\"urlTemplate\":\"https:\/\/conversesacatalunya.cat\/?s={search_term_string}\"},\"query-input\":{\"@type\":\"PropertyValueSpecification\",\"valueRequired\":true,\"valueName\":\"search_term_string\"}}],\"inLanguage\":\"es\"},{\"@type\":\"Person\",\"@id\":\"https:\/\/conversesacatalunya.cat\/#\/schema\/person\/7e24d1e54a2785373ddcb275eae5ed99\",\"name\":\"conversesacatalunya\",\"image\":{\"@type\":\"ImageObject\",\"inLanguage\":\"es\",\"@id\":\"https:\/\/conversesacatalunya.cat\/#\/schema\/person\/image\/\",\"url\":\"https:\/\/conversesacatalunya.cat\/wp-content\/litespeed\/avatar\/febdfeeec89d950f01c748045a981dd2.jpg?ver=1777314535\",\"contentUrl\":\"https:\/\/conversesacatalunya.cat\/wp-content\/litespeed\/avatar\/febdfeeec89d950f01c748045a981dd2.jpg?ver=1777314535\",\"caption\":\"conversesacatalunya\"},\"url\":\"https:\/\/conversesacatalunya.cat\/es\/author\/carme_catala\/\"}]}<\/script>\n<!-- \/ Yoast SEO plugin. -->","yoast_head_json":{"title":"Llamamiento a la sociedad civil, a sus mujeres y hombres - Converses a Catalunya","robots":{"index":"index","follow":"follow","max-snippet":"max-snippet:-1","max-image-preview":"max-image-preview:large","max-video-preview":"max-video-preview:-1"},"canonical":"https:\/\/conversesacatalunya.cat\/es\/llamamiento-a-la-sociedad-civil-a-sus-mujeres-y-hombres\/","og_locale":"es_ES","og_type":"article","og_title":"Llamamiento a la sociedad civil, a sus mujeres y hombres - Converses a Catalunya","og_description":"El sistema pol\u00edtico espa\u00f1ol de democracia representativa, fundamentado en la Constituci\u00f3n de 1978, que ha hecho posible un largo periodo de paz y desarrollo, tiene planteado hoy un problema decisivo: el reparto del poder en la organizaci\u00f3n territorial del Estado, junto con otros de gran entidad: deuda p\u00fablica, pensiones, desempleo, sistema educativo y r\u00e9gimen laboral, etc. La resoluci\u00f3n de todos ellos exige un gobierno estable con suficientes apoyos parlamentarios, y una pol\u00edtica m\u00e1s centrada en la conciliaci\u00f3n que en el enfrentamiento. Lejos de ello, la situaci\u00f3n actual est\u00e1 marcada por enfrentamientos interminables, y tambi\u00e9n por la incertidumbre y la inestabilidad en una dimensi\u00f3n tal que puede desembocar en una crisis de estado. \u00bfEstamos a tiempo de evitarlo? S\u00ed, pero es urgente trabajar desde ahora para alcanzar dos objetivos: recuperar la centralidad en pol\u00edtica y construir una nueva opci\u00f3n electoral desde la catalanidad que asuma esta centralidad e integre la pol\u00edtica catalana dentro de la pol\u00edtica general espa\u00f1ola en el marco de la Constituci\u00f3n. Porque es desde Catalu\u00f1a desde donde debe surgir la superaci\u00f3n de la actual situaci\u00f3n. Se hace necesario superar la polarizaci\u00f3n y el enrocamiento de las posiciones. En las defensas dogm\u00e1ticas y excluyentes del \u00abprincipio de legalidad\u00bb o de un \u00abprincipio democr\u00e1tico\u00bb, entendido de manera tal que la formaci\u00f3n de la voluntad popular se configura al margen de las normas legales que la legitiman y de las propias instituciones catalanas. La verdadera democracia s\u00f3lo cristaliza cuando los principios de democracia y de legalidad se conjugan gracias a la pol\u00edtica. Hay, pues, que afrontarla pol\u00edticamente, exigiendo a todos el cumplimiento de la ley, pero sabiendo que la soluci\u00f3n no se encuentra en la letra de la ley interpretada r\u00edgidamente. Ni sin la ley, ni siquiera con la ley. La pauta de acci\u00f3n deber\u00eda ser la ley como marco, la pol\u00edtica como tarea y la palabra como instrumento. Pero, para superar la crisis, es necesario, adem\u00e1s, que Catalu\u00f1a est\u00e9 presente en la construcci\u00f3n de la pol\u00edtica espa\u00f1ola y tenga un peso espec\u00edfico mayor, a veces determinante, en proporci\u00f3n a su realidad hist\u00f3rica, su potencia econ\u00f3mica, su tejido cultural y su voluntad de ser, que ha subsistido inc\u00f3lume a lo largo de los siglos, constituyendo un ejemplo de continuidad hist\u00f3rica. Por este motivo: Llamamos a intervenir en la vida pol\u00edtica de nuestro pa\u00eds La recuperaci\u00f3n de la estabilidad y el buen gobierno en Catalu\u00f1a y Espa\u00f1a exige la creaci\u00f3n de una opci\u00f3n electoral amplia y fuerte, afirmada en el catalanismo, que act\u00fae en el marco de la Constituci\u00f3n dentro de la pol\u00edtica general espa\u00f1ola, y que considere que la prioridad es abordar desde el autogobierno los problemas y desaf\u00edos que nos afectan. El conflicto social, econ\u00f3mico y pol\u00edtico generado por el proceso, as\u00ed como las reacciones que ha provocado, tienen origen tanto en una opci\u00f3n independentista radical, que fractura la sociedad catalana, erosiona su econom\u00eda y provoca una fuerte p\u00e9rdida de oportunidades, como en la err\u00f3nea respuesta dada a ella. Tambi\u00e9n resulta decisiva la p\u00e9rdida de centralidad de las opciones pol\u00edticas. El sistema catal\u00e1n de partidos est\u00e1 gravemente afectado, porque el catalanismo de la centralidad carece de representaci\u00f3n pol\u00edtica. Las instituciones catalanas han dejado de representar a todos para convertirse en un instrumento degradado en manos de algunos partidos. Es urgente una opci\u00f3n electoral fuerte que tenga como espina dorsal de su ideario y de su programa el abordaje eficiente y eficaz de problemas espec\u00edficos de Catalu\u00f1a en el marco de la pol\u00edtica general espa\u00f1ola y de la Uni\u00f3n Europea. Para lograrlo, es necesario el reagrupamiento del catalanismo hoy fragmentado en varios grupos e iniciativas. Para estimular este reagrupamiento catalanista es necesario un catalizador. Una fuerza no partidista, surgida de la sociedad civil, formada por gente independiente. Numerosa, con voluntad de hacer, dotada de capilaridad social y un amplio tejido de complicidad y capital social, guiada por fines altruistas, que impulse la creaci\u00f3n de la nueva y gran opci\u00f3n electoral catalanista como alterativa al proceso. Este catalizador, formado por un agrupamiento de independientes, debe contribuir a facilitar el entendimiento en el marco de la Constituci\u00f3n entre las dos almas del catalanismo: la que rechaza el independentismo y la que lo asume como un ideal, siempre en el marco de la ley. Crear fosos entre las diversas sensibilidades que comparten estas posiciones es un error pol\u00edtico grave. La opci\u00f3n catalanista s\u00f3lo ser\u00e1 una alternativa real para el gobierno si consigue atraer una parte del electorado que ha votado hasta ahora partidos independentistas. El independentismo s\u00f3lo ver\u00e1 reducido significativamente su apoyo electoral si se presenta una opci\u00f3n pol\u00edtica que no exija al elector \u00abexcusarse por su voto anterior\u00bb. Este es un punto clave. Como independientes, no prejuzgamos la estructura org\u00e1nica concreta que escojan los partidos pol\u00edticos para conformar una sola opci\u00f3n electoral. S\u00f3lo animamos a que lo hagan, y nos mostramos totalmente dispuestos a contribuir con nuestro apoyo. Para eso trabajaremos: para facilitar el di\u00e1logo y los acuerdos, allanando las dificultades de todo orden, tambi\u00e9n las de naturaleza material, las de capilaridad social y territorial, y las de comunicaci\u00f3n. Llamamos a las mujeres y hombres de nuestra sociedad que hasta ahora s\u00f3lo han observado la pol\u00edtica, a participar en la respuesta a la dif\u00edcil situaci\u00f3n en la que vivimos, sin necesidad de abandonar su independencia. Llamamos a agruparnos como independientes a fin de propiciar una nueva opci\u00f3n electoral de gobierno alternativa al independentismo, y capaz de superar el conflicto entre catalanes y con el resto de Espa\u00f1a. Con este motivo y finalidad, anunciamos la pr\u00f3xima convocatoria de un primer encuentro de independientes y os invitamos a participar en ella. Jordi Alberich, Carlos Cuatrecasas, \u00c0ngels Garcia Roca, Eugeni Gay, Margarita Mauri, Josep Mir\u00f3 i Ard\u00e8vol, Jos\u00e9 Luis Oller Ari\u00f1o, J.M. Prat Sabat, Manel Silva, Baldiri Ros, Alfredo Pastor, Victor Pou, Miquel Vilanova. &nbsp; Barcelona, enero de 2020.","og_url":"https:\/\/conversesacatalunya.cat\/es\/llamamiento-a-la-sociedad-civil-a-sus-mujeres-y-hombres\/","og_site_name":"Converses a Catalunya","article_published_time":"2020-01-09T13:40:12+00:00","article_modified_time":"2020-01-13T22:00:09+00:00","og_image":[{"width":640,"height":464,"url":"https:\/\/conversesacatalunya.cat\/wp-content\/uploads\/2020\/01\/catalanisme.jpg","type":"image\/jpeg"}],"author":"conversesacatalunya","twitter_card":"summary_large_image","twitter_misc":{"Escrito por":"conversesacatalunya","Tiempo de lectura":"5 minutos"},"schema":{"@context":"https:\/\/schema.org","@graph":[{"@type":"Article","@id":"https:\/\/conversesacatalunya.cat\/es\/llamamiento-a-la-sociedad-civil-a-sus-mujeres-y-hombres\/#article","isPartOf":{"@id":"https:\/\/conversesacatalunya.cat\/es\/llamamiento-a-la-sociedad-civil-a-sus-mujeres-y-hombres\/"},"author":{"name":"conversesacatalunya","@id":"https:\/\/conversesacatalunya.cat\/#\/schema\/person\/7e24d1e54a2785373ddcb275eae5ed99"},"headline":"Llamamiento a la sociedad civil, a sus mujeres y hombres","datePublished":"2020-01-09T13:40:12+00:00","dateModified":"2020-01-13T22:00:09+00:00","mainEntityOfPage":{"@id":"https:\/\/conversesacatalunya.cat\/es\/llamamiento-a-la-sociedad-civil-a-sus-mujeres-y-hombres\/"},"wordCount":1072,"commentCount":0,"image":{"@id":"https:\/\/conversesacatalunya.cat\/es\/llamamiento-a-la-sociedad-civil-a-sus-mujeres-y-hombres\/#primaryimage"},"thumbnailUrl":"https:\/\/conversesacatalunya.cat\/wp-content\/uploads\/2020\/01\/catalanisme.jpg","keywords":["Catalanisme","catalanismo"],"articleSection":["Objectius comuns (ES)","Trobada d'independents (ES)"],"inLanguage":"es","potentialAction":[{"@type":"CommentAction","name":"Comment","target":["https:\/\/conversesacatalunya.cat\/es\/llamamiento-a-la-sociedad-civil-a-sus-mujeres-y-hombres\/#respond"]}]},{"@type":"WebPage","@id":"https:\/\/conversesacatalunya.cat\/es\/llamamiento-a-la-sociedad-civil-a-sus-mujeres-y-hombres\/","url":"https:\/\/conversesacatalunya.cat\/es\/llamamiento-a-la-sociedad-civil-a-sus-mujeres-y-hombres\/","name":"Llamamiento a la sociedad civil, a sus mujeres y hombres - Converses a Catalunya","isPartOf":{"@id":"https:\/\/conversesacatalunya.cat\/#website"},"primaryImageOfPage":{"@id":"https:\/\/conversesacatalunya.cat\/es\/llamamiento-a-la-sociedad-civil-a-sus-mujeres-y-hombres\/#primaryimage"},"image":{"@id":"https:\/\/conversesacatalunya.cat\/es\/llamamiento-a-la-sociedad-civil-a-sus-mujeres-y-hombres\/#primaryimage"},"thumbnailUrl":"https:\/\/conversesacatalunya.cat\/wp-content\/uploads\/2020\/01\/catalanisme.jpg","datePublished":"2020-01-09T13:40:12+00:00","dateModified":"2020-01-13T22:00:09+00:00","author":{"@id":"https:\/\/conversesacatalunya.cat\/#\/schema\/person\/7e24d1e54a2785373ddcb275eae5ed99"},"breadcrumb":{"@id":"https:\/\/conversesacatalunya.cat\/es\/llamamiento-a-la-sociedad-civil-a-sus-mujeres-y-hombres\/#breadcrumb"},"inLanguage":"es","potentialAction":[{"@type":"ReadAction","target":["https:\/\/conversesacatalunya.cat\/es\/llamamiento-a-la-sociedad-civil-a-sus-mujeres-y-hombres\/"]}]},{"@type":"ImageObject","inLanguage":"es","@id":"https:\/\/conversesacatalunya.cat\/es\/llamamiento-a-la-sociedad-civil-a-sus-mujeres-y-hombres\/#primaryimage","url":"https:\/\/conversesacatalunya.cat\/wp-content\/uploads\/2020\/01\/catalanisme.jpg","contentUrl":"https:\/\/conversesacatalunya.cat\/wp-content\/uploads\/2020\/01\/catalanisme.jpg","width":640,"height":464,"caption":"catalanisme"},{"@type":"BreadcrumbList","@id":"https:\/\/conversesacatalunya.cat\/es\/llamamiento-a-la-sociedad-civil-a-sus-mujeres-y-hombres\/#breadcrumb","itemListElement":[{"@type":"ListItem","position":1,"name":"Inici","item":"https:\/\/conversesacatalunya.cat\/es\/"},{"@type":"ListItem","position":2,"name":"Llamamiento a la sociedad civil, a sus mujeres y hombres"}]},{"@type":"WebSite","@id":"https:\/\/conversesacatalunya.cat\/#website","url":"https:\/\/conversesacatalunya.cat\/","name":"Converses a Catalunya","description":"","potentialAction":[{"@type":"SearchAction","target":{"@type":"EntryPoint","urlTemplate":"https:\/\/conversesacatalunya.cat\/?s={search_term_string}"},"query-input":{"@type":"PropertyValueSpecification","valueRequired":true,"valueName":"search_term_string"}}],"inLanguage":"es"},{"@type":"Person","@id":"https:\/\/conversesacatalunya.cat\/#\/schema\/person\/7e24d1e54a2785373ddcb275eae5ed99","name":"conversesacatalunya","image":{"@type":"ImageObject","inLanguage":"es","@id":"https:\/\/conversesacatalunya.cat\/#\/schema\/person\/image\/","url":"https:\/\/conversesacatalunya.cat\/wp-content\/litespeed\/avatar\/febdfeeec89d950f01c748045a981dd2.jpg?ver=1777314535","contentUrl":"https:\/\/conversesacatalunya.cat\/wp-content\/litespeed\/avatar\/febdfeeec89d950f01c748045a981dd2.jpg?ver=1777314535","caption":"conversesacatalunya"},"url":"https:\/\/conversesacatalunya.cat\/es\/author\/carme_catala\/"}]}},"wps_subtitle":"","_links":{"self":[{"href":"https:\/\/conversesacatalunya.cat\/es\/wp-json\/wp\/v2\/posts\/31149","targetHints":{"allow":["GET"]}}],"collection":[{"href":"https:\/\/conversesacatalunya.cat\/es\/wp-json\/wp\/v2\/posts"}],"about":[{"href":"https:\/\/conversesacatalunya.cat\/es\/wp-json\/wp\/v2\/types\/post"}],"author":[{"embeddable":true,"href":"https:\/\/conversesacatalunya.cat\/es\/wp-json\/wp\/v2\/users\/2"}],"replies":[{"embeddable":true,"href":"https:\/\/conversesacatalunya.cat\/es\/wp-json\/wp\/v2\/comments?post=31149"}],"version-history":[{"count":2,"href":"https:\/\/conversesacatalunya.cat\/es\/wp-json\/wp\/v2\/posts\/31149\/revisions"}],"predecessor-version":[{"id":31150,"href":"https:\/\/conversesacatalunya.cat\/es\/wp-json\/wp\/v2\/posts\/31149\/revisions\/31150"}],"wp:featuredmedia":[{"embeddable":true,"href":"https:\/\/conversesacatalunya.cat\/es\/wp-json\/wp\/v2\/media\/31009"}],"wp:attachment":[{"href":"https:\/\/conversesacatalunya.cat\/es\/wp-json\/wp\/v2\/media?parent=31149"}],"wp:term":[{"taxonomy":"category","embeddable":true,"href":"https:\/\/conversesacatalunya.cat\/es\/wp-json\/wp\/v2\/categories?post=31149"},{"taxonomy":"post_tag","embeddable":true,"href":"https:\/\/conversesacatalunya.cat\/es\/wp-json\/wp\/v2\/tags?post=31149"}],"curies":[{"name":"wp","href":"https:\/\/api.w.org\/{rel}","templated":true}]}}