{"id":31032,"date":"2020-01-10T08:44:33","date_gmt":"2020-01-10T07:44:33","guid":{"rendered":"https:\/\/conversesacatalunya.cat\/?p=31032"},"modified":"2024-01-22T14:19:48","modified_gmt":"2024-01-22T13:19:48","slug":"no-lo-entiendo","status":"publish","type":"post","link":"https:\/\/conversesacatalunya.cat\/es\/no-lo-entiendo\/","title":{"rendered":"No lo entiendo"},"content":{"rendered":"<p>Aunque desde que tengo uso de raz\u00f3n siento la pol\u00edtica como algo muy cercano (durante mucho tiempo particip\u00e9 activamente en ella y desde que la dej\u00e9 hace 8 a\u00f1os sigo ligado como analista en medios y redes y como profesor universitario), <strong>no entiendo bien lo que ha ocurrido en Espa\u00f1a en estos \u00faltimos meses.<\/strong><\/p>\n<p>No entiendo por qu\u00e9 tuvieron que repetirse unas elecciones con el argumento de que no hab\u00eda mayor\u00edas suficientes para formar gobierno, o que <strong>las mayor\u00edas posibles no eran factibles por razones que ahora ya no parecen v\u00e1lidas.<\/strong> Tampoco entiendo las prisas por celebrar la investidura en plenas fiestas navide\u00f1as y esperar despu\u00e9s una semana para formar gobierno.<\/p>\n<p>No entiendo por qu\u00e9 el ya presidente del Gobierno dijo que no dormir\u00eda tranquilo ni \u00e9l ni el 95% de los espa\u00f1oles si pactaba con una formaci\u00f3n <strong>como Podemos que entre otras cosas propon\u00eda un refer\u00e9ndum de autodeterminaci\u00f3n en Catalunya<\/strong> o defend\u00eda que en Espa\u00f1a hab\u00eda presos pol\u00edticos. No entiendo qu\u00e9 ha cambiado para que ahora ya podamos dormir tranquilos todos. Si me lo explicaran, yo tambi\u00e9n dormir\u00eda m\u00e1s tranquilo. Tengo algo de insomnio y no s\u00e9 cu\u00e1l es el motivo.<\/p>\n<p>No entiendo por qu\u00e9 era absolutamente imposible un Gobierno con Pablo Iglesias formando parte de \u00e9l, y ahora ya no representa ning\u00fan problema. Por cierto, que Iglesias respondi\u00f3 a aquel \u00f3rdago con gran inteligencia y dignidad. Pero no fue suficiente para sellar un pacto <strong>con un PSOE que aspiraba a mejorar sus resultados en la nueva convocatoria.<\/strong><\/p>\n<p>No entiendo por qu\u00e9 nos dijeron que \u201cnunca\u201d pactar\u00edan con partidos independentistas y ahora lo han hecho sin demasiados obst\u00e1culos. A pesar de que la portavoz de uno de esos partidos (ERC) <strong>acus\u00f3 de \u201cverdugos\u201d y \u201cc\u00f3mplices\u201d a los socialistas por mantener a los pol\u00edticos independentistas en la c\u00e1rcel<\/strong>. Y adem\u00e1s afirm\u00f3 en el Congreso (del Estado), en la sesi\u00f3n de investidura del presidente del Gobierno (del Estado), que la \u201cgobernabilidad (del Estado) le importa un comino\u201d, aunque su formaci\u00f3n acabara absteni\u00e9ndose para garantizar la investidura. Hecho que por otra parte podr\u00eda servir, o no, para encontrar una salida al laberinto catal\u00e1n.<\/p>\n<p>No entiendo por qu\u00e9 un partido como <strong>Ciudadanos<\/strong>, que inicialmente reivindicaba el centro pol\u00edtico, se hizo el \u201charakiri\u201d al negarse a pactar con S\u00e1nchez, cuando todo el mundo menos su l\u00edder ve\u00eda lo que iba a ocurrir si se repet\u00edan las elecciones. Los manuales de ciencia pol\u00edtica estudiar\u00e1n ese fen\u00f3meno en el futuro.<\/p>\n<p>No entiendo por qu\u00e9 un partido como <strong>el Partido Popular se empe\u00f1a en competir con Vox<\/strong> para recuperar unos votantes que seguramente nunca volver\u00e1n dejando un gran espacio en el centro que los socialistas van a dejar expedito al pactar con Podemos.<\/p>\n<p>No entiendo que <strong>un partido llamado Vox, que dice defender valores cristianos<\/strong>, manipule vilmente la informaci\u00f3n sobre violencia sexual para responsabilizar a los inmigrantes de actos que mayoritariamente son cometidos por espa\u00f1oles. No entiendo esa ni muchas otras propuestas de su programa que estoy convencido que el Papa Francisco condenar\u00eda sin dudarlo ni un segundo.<\/p>\n<p>No entiendo que <strong>la portavoz de Junts per Catalunya<\/strong>, imputada por un presunto caso de corrupci\u00f3n, siga ostentando su cargo como si nada ocurriera y su formaci\u00f3n haya abandonado toda voluntad de influir en la gobernabilidad del Estado, pero siga present\u00e1ndose a las elecciones generales. Exactamente igual que la CUP. \u00bfQu\u00e9 hacen esas dos formaciones en el Congreso Espa\u00f1ol adem\u00e1s de cobrar y ocupar sus esca\u00f1os? \u00bfQu\u00e9 fue de la antigua CiU?<\/p>\n<p>No entiendo qu\u00e9 hace el portavoz de la formaci\u00f3n heredera del brazo pol\u00edtico de ETA (aunque ETA ya est\u00e9 desarticulada) <strong>pregunt\u00e1ndose por los terroristas supuestamente asesinados por la polic\u00eda<\/strong> y olvidando los cientos de muertos que provocaron esos mismos terroristas.<\/p>\n<p><strong>Tan s\u00f3lo entiendo al PNV, el partido que siempre gana<\/strong>, pase lo que pase y ocurra lo que ocurra. El partido con el discurso m\u00e1s inteligente, y tal vez m\u00e1s ambiguo, que le permite pactar a derecha e izquierda sin rubor alguno y defendiendo los intereses de sus votantes y del territorio que representan.<\/p>\n<p>Yo no soy nacionalista, pero si lo fuera, ser\u00eda nacionalista vasco. Hace tiempo que medito sobre la posibilidad de trasladar all\u00ed mi domicilio y cambiarme el nombre por Joseba, si es que me lo permiten.<\/p>\n<p><strong>No entiendo casi nada de nada<\/strong>, y me temo que nadie va a resolver mis dudas y seguir\u00e9 con insomnio y sin respuestas durante mucho tiempo.<\/p>\n<p>Feliz 2020 y que la suerte nos acompa\u00f1e. La vamos a necesitar.<\/p>\n<p>&nbsp;<\/p>\n","protected":false},"excerpt":{"rendered":"<p>Aunque desde que tengo uso de raz\u00f3n siento la pol\u00edtica como algo muy cercano (durante mucho tiempo particip\u00e9 activamente en ella y desde que la dej\u00e9 hace 8 a\u00f1os sigo ligado como analista en medios y redes y como profesor universitario), no entiendo bien lo que ha ocurrido en Espa\u00f1a en estos \u00faltimos meses. No entiendo por qu\u00e9 tuvieron que repetirse unas elecciones con el argumento de que no hab\u00eda mayor\u00edas suficientes para formar gobierno, o que las mayor\u00edas posibles no eran factibles por razones que ahora ya no parecen v\u00e1lidas. Tampoco entiendo las prisas por celebrar la investidura en plenas fiestas navide\u00f1as y esperar despu\u00e9s una semana para formar gobierno. No entiendo por qu\u00e9 el ya presidente del Gobierno dijo que no dormir\u00eda tranquilo ni \u00e9l ni el 95% de los espa\u00f1oles si pactaba con una formaci\u00f3n como Podemos que entre otras cosas propon\u00eda un refer\u00e9ndum de autodeterminaci\u00f3n en Catalunya o defend\u00eda que en Espa\u00f1a hab\u00eda presos pol\u00edticos. No entiendo qu\u00e9 ha cambiado para que ahora ya podamos dormir tranquilos todos. Si me lo explicaran, yo tambi\u00e9n dormir\u00eda m\u00e1s tranquilo. Tengo algo de insomnio y no s\u00e9 cu\u00e1l es el motivo. No entiendo por qu\u00e9 era absolutamente imposible un Gobierno con Pablo Iglesias formando parte de \u00e9l, y ahora ya no representa ning\u00fan problema. Por cierto, que Iglesias respondi\u00f3 a aquel \u00f3rdago con gran inteligencia y dignidad. Pero no fue suficiente para sellar un pacto con un PSOE que aspiraba a mejorar sus resultados en la nueva convocatoria. No entiendo por qu\u00e9 nos dijeron que \u201cnunca\u201d pactar\u00edan con partidos independentistas y ahora lo han hecho sin demasiados obst\u00e1culos. A pesar de que la portavoz de uno de esos partidos (ERC) acus\u00f3 de \u201cverdugos\u201d y \u201cc\u00f3mplices\u201d a los socialistas por mantener a los pol\u00edticos independentistas en la c\u00e1rcel. Y adem\u00e1s afirm\u00f3 en el Congreso (del Estado), en la sesi\u00f3n de investidura del presidente del Gobierno (del Estado), que la \u201cgobernabilidad (del Estado) le importa un comino\u201d, aunque su formaci\u00f3n acabara absteni\u00e9ndose para garantizar la investidura. Hecho que por otra parte podr\u00eda servir, o no, para encontrar una salida al laberinto catal\u00e1n. No entiendo por qu\u00e9 un partido como Ciudadanos, que inicialmente reivindicaba el centro pol\u00edtico, se hizo el \u201charakiri\u201d al negarse a pactar con S\u00e1nchez, cuando todo el mundo menos su l\u00edder ve\u00eda lo que iba a ocurrir si se repet\u00edan las elecciones. Los manuales de ciencia pol\u00edtica estudiar\u00e1n ese fen\u00f3meno en el futuro. No entiendo por qu\u00e9 un partido como el Partido Popular se empe\u00f1a en competir con Vox para recuperar unos votantes que seguramente nunca volver\u00e1n dejando un gran espacio en el centro que los socialistas van a dejar expedito al pactar con Podemos. No entiendo que un partido llamado Vox, que dice defender valores cristianos, manipule vilmente la informaci\u00f3n sobre violencia sexual para responsabilizar a los inmigrantes de actos que mayoritariamente son cometidos por espa\u00f1oles. No entiendo esa ni muchas otras propuestas de su programa que estoy convencido que el Papa Francisco condenar\u00eda sin dudarlo ni un segundo. No entiendo que la portavoz de Junts per Catalunya, imputada por un presunto caso de corrupci\u00f3n, siga ostentando su cargo como si nada ocurriera y su formaci\u00f3n haya abandonado toda voluntad de influir en la gobernabilidad del Estado, pero siga present\u00e1ndose a las elecciones generales. Exactamente igual que la CUP. \u00bfQu\u00e9 hacen esas dos formaciones en el Congreso Espa\u00f1ol adem\u00e1s de cobrar y ocupar sus esca\u00f1os? \u00bfQu\u00e9 fue de la antigua CiU? No entiendo qu\u00e9 hace el portavoz de la formaci\u00f3n heredera del brazo pol\u00edtico de ETA (aunque ETA ya est\u00e9 desarticulada) pregunt\u00e1ndose por los terroristas supuestamente asesinados por la polic\u00eda y olvidando los cientos de muertos que provocaron esos mismos terroristas. Tan s\u00f3lo entiendo al PNV, el partido que siempre gana, pase lo que pase y ocurra lo que ocurra. El partido con el discurso m\u00e1s inteligente, y tal vez m\u00e1s ambiguo, que le permite pactar a derecha e izquierda sin rubor alguno y defendiendo los intereses de sus votantes y del territorio que representan. Yo no soy nacionalista, pero si lo fuera, ser\u00eda nacionalista vasco. Hace tiempo que medito sobre la posibilidad de trasladar all\u00ed mi domicilio y cambiarme el nombre por Joseba, si es que me lo permiten. No entiendo casi nada de nada, y me temo que nadie va a resolver mis dudas y seguir\u00e9 con insomnio y sin respuestas durante mucho tiempo. Feliz 2020 y que la suerte nos acompa\u00f1e. La vamos a necesitar. &nbsp;<\/p>\n","protected":false},"author":5,"featured_media":28616,"comment_status":"open","ping_status":"open","sticky":false,"template":"","format":"standard","meta":{"_FSMCFIC_featured_image_caption":"","_FSMCFIC_featured_image_nocaption":"","_FSMCFIC_featured_image_hide":"","footnotes":""},"categories":[804],"tags":[1358,1108,1318,1359,917],"class_list":["post-31032","post","type-post","status-publish","format-standard","has-post-thumbnail","hentry","category-opinem-es","tag-ciudadanos","tag-erc-es","tag-pnv","tag-pp-es","tag-psoe-es"],"yoast_head":"<!-- This site is optimized with the Yoast SEO plugin v26.8 - https:\/\/yoast.com\/product\/yoast-seo-wordpress\/ -->\n<title>No lo entiendo - Converses a Catalunya<\/title>\n<meta name=\"robots\" content=\"noindex, nofollow\" \/>\n<meta property=\"og:locale\" content=\"es_ES\" \/>\n<meta property=\"og:type\" content=\"article\" \/>\n<meta property=\"og:title\" content=\"No lo entiendo - Converses a Catalunya\" \/>\n<meta property=\"og:description\" content=\"Aunque desde que tengo uso de raz\u00f3n siento la pol\u00edtica como algo muy cercano (durante mucho tiempo particip\u00e9 activamente en ella y desde que la dej\u00e9 hace 8 a\u00f1os sigo ligado como analista en medios y redes y como profesor universitario), no entiendo bien lo que ha ocurrido en Espa\u00f1a en estos \u00faltimos meses. No entiendo por qu\u00e9 tuvieron que repetirse unas elecciones con el argumento de que no hab\u00eda mayor\u00edas suficientes para formar gobierno, o que las mayor\u00edas posibles no eran factibles por razones que ahora ya no parecen v\u00e1lidas. Tampoco entiendo las prisas por celebrar la investidura en plenas fiestas navide\u00f1as y esperar despu\u00e9s una semana para formar gobierno. No entiendo por qu\u00e9 el ya presidente del Gobierno dijo que no dormir\u00eda tranquilo ni \u00e9l ni el 95% de los espa\u00f1oles si pactaba con una formaci\u00f3n como Podemos que entre otras cosas propon\u00eda un refer\u00e9ndum de autodeterminaci\u00f3n en Catalunya o defend\u00eda que en Espa\u00f1a hab\u00eda presos pol\u00edticos. No entiendo qu\u00e9 ha cambiado para que ahora ya podamos dormir tranquilos todos. Si me lo explicaran, yo tambi\u00e9n dormir\u00eda m\u00e1s tranquilo. Tengo algo de insomnio y no s\u00e9 cu\u00e1l es el motivo. No entiendo por qu\u00e9 era absolutamente imposible un Gobierno con Pablo Iglesias formando parte de \u00e9l, y ahora ya no representa ning\u00fan problema. Por cierto, que Iglesias respondi\u00f3 a aquel \u00f3rdago con gran inteligencia y dignidad. Pero no fue suficiente para sellar un pacto con un PSOE que aspiraba a mejorar sus resultados en la nueva convocatoria. No entiendo por qu\u00e9 nos dijeron que \u201cnunca\u201d pactar\u00edan con partidos independentistas y ahora lo han hecho sin demasiados obst\u00e1culos. A pesar de que la portavoz de uno de esos partidos (ERC) acus\u00f3 de \u201cverdugos\u201d y \u201cc\u00f3mplices\u201d a los socialistas por mantener a los pol\u00edticos independentistas en la c\u00e1rcel. Y adem\u00e1s afirm\u00f3 en el Congreso (del Estado), en la sesi\u00f3n de investidura del presidente del Gobierno (del Estado), que la \u201cgobernabilidad (del Estado) le importa un comino\u201d, aunque su formaci\u00f3n acabara absteni\u00e9ndose para garantizar la investidura. Hecho que por otra parte podr\u00eda servir, o no, para encontrar una salida al laberinto catal\u00e1n. No entiendo por qu\u00e9 un partido como Ciudadanos, que inicialmente reivindicaba el centro pol\u00edtico, se hizo el \u201charakiri\u201d al negarse a pactar con S\u00e1nchez, cuando todo el mundo menos su l\u00edder ve\u00eda lo que iba a ocurrir si se repet\u00edan las elecciones. Los manuales de ciencia pol\u00edtica estudiar\u00e1n ese fen\u00f3meno en el futuro. No entiendo por qu\u00e9 un partido como el Partido Popular se empe\u00f1a en competir con Vox para recuperar unos votantes que seguramente nunca volver\u00e1n dejando un gran espacio en el centro que los socialistas van a dejar expedito al pactar con Podemos. No entiendo que un partido llamado Vox, que dice defender valores cristianos, manipule vilmente la informaci\u00f3n sobre violencia sexual para responsabilizar a los inmigrantes de actos que mayoritariamente son cometidos por espa\u00f1oles. No entiendo esa ni muchas otras propuestas de su programa que estoy convencido que el Papa Francisco condenar\u00eda sin dudarlo ni un segundo. No entiendo que la portavoz de Junts per Catalunya, imputada por un presunto caso de corrupci\u00f3n, siga ostentando su cargo como si nada ocurriera y su formaci\u00f3n haya abandonado toda voluntad de influir en la gobernabilidad del Estado, pero siga present\u00e1ndose a las elecciones generales. Exactamente igual que la CUP. \u00bfQu\u00e9 hacen esas dos formaciones en el Congreso Espa\u00f1ol adem\u00e1s de cobrar y ocupar sus esca\u00f1os? \u00bfQu\u00e9 fue de la antigua CiU? No entiendo qu\u00e9 hace el portavoz de la formaci\u00f3n heredera del brazo pol\u00edtico de ETA (aunque ETA ya est\u00e9 desarticulada) pregunt\u00e1ndose por los terroristas supuestamente asesinados por la polic\u00eda y olvidando los cientos de muertos que provocaron esos mismos terroristas. Tan s\u00f3lo entiendo al PNV, el partido que siempre gana, pase lo que pase y ocurra lo que ocurra. El partido con el discurso m\u00e1s inteligente, y tal vez m\u00e1s ambiguo, que le permite pactar a derecha e izquierda sin rubor alguno y defendiendo los intereses de sus votantes y del territorio que representan. Yo no soy nacionalista, pero si lo fuera, ser\u00eda nacionalista vasco. Hace tiempo que medito sobre la posibilidad de trasladar all\u00ed mi domicilio y cambiarme el nombre por Joseba, si es que me lo permiten. No entiendo casi nada de nada, y me temo que nadie va a resolver mis dudas y seguir\u00e9 con insomnio y sin respuestas durante mucho tiempo. Feliz 2020 y que la suerte nos acompa\u00f1e. La vamos a necesitar. &nbsp;\" \/>\n<meta property=\"og:url\" content=\"https:\/\/conversesacatalunya.cat\/es\/no-lo-entiendo\/\" \/>\n<meta property=\"og:site_name\" content=\"Converses a Catalunya\" \/>\n<meta property=\"article:published_time\" content=\"2020-01-10T07:44:33+00:00\" \/>\n<meta property=\"article:modified_time\" content=\"2024-01-22T13:19:48+00:00\" \/>\n<meta property=\"og:image\" content=\"https:\/\/conversesacatalunya.cat\/wp-content\/uploads\/2019\/11\/sanchez.jpg\" \/>\n\t<meta property=\"og:image:width\" content=\"992\" \/>\n\t<meta property=\"og:image:height\" content=\"558\" \/>\n\t<meta property=\"og:image:type\" content=\"image\/jpeg\" \/>\n<meta name=\"author\" content=\"Josep Manel Silva\" \/>\n<meta name=\"twitter:card\" content=\"summary_large_image\" \/>\n<meta name=\"twitter:label1\" content=\"Escrito por\" \/>\n\t<meta name=\"twitter:data1\" content=\"Josep Manel Silva\" \/>\n\t<meta name=\"twitter:label2\" content=\"Tiempo de lectura\" \/>\n\t<meta name=\"twitter:data2\" content=\"4 minutos\" \/>\n<script type=\"application\/ld+json\" class=\"yoast-schema-graph\">{\"@context\":\"https:\/\/schema.org\",\"@graph\":[{\"@type\":\"Article\",\"@id\":\"https:\/\/conversesacatalunya.cat\/es\/no-lo-entiendo\/#article\",\"isPartOf\":{\"@id\":\"https:\/\/conversesacatalunya.cat\/es\/no-lo-entiendo\/\"},\"author\":{\"name\":\"Josep Manel Silva\",\"@id\":\"https:\/\/conversesacatalunya.cat\/#\/schema\/person\/002600efd43d2fd853533142f835a7d0\"},\"headline\":\"No lo entiendo\",\"datePublished\":\"2020-01-10T07:44:33+00:00\",\"dateModified\":\"2024-01-22T13:19:48+00:00\",\"mainEntityOfPage\":{\"@id\":\"https:\/\/conversesacatalunya.cat\/es\/no-lo-entiendo\/\"},\"wordCount\":805,\"commentCount\":0,\"image\":{\"@id\":\"https:\/\/conversesacatalunya.cat\/es\/no-lo-entiendo\/#primaryimage\"},\"thumbnailUrl\":\"https:\/\/conversesacatalunya.cat\/wp-content\/uploads\/2019\/11\/sanchez.jpg\",\"keywords\":[\"ciudadanos\",\"ERC\",\"PNV\",\"PP\",\"PSOE\"],\"articleSection\":[\"Opinem (ES)\"],\"inLanguage\":\"es\",\"potentialAction\":[{\"@type\":\"CommentAction\",\"name\":\"Comment\",\"target\":[\"https:\/\/conversesacatalunya.cat\/es\/no-lo-entiendo\/#respond\"]}]},{\"@type\":\"WebPage\",\"@id\":\"https:\/\/conversesacatalunya.cat\/es\/no-lo-entiendo\/\",\"url\":\"https:\/\/conversesacatalunya.cat\/es\/no-lo-entiendo\/\",\"name\":\"No lo entiendo - Converses a Catalunya\",\"isPartOf\":{\"@id\":\"https:\/\/conversesacatalunya.cat\/#website\"},\"primaryImageOfPage\":{\"@id\":\"https:\/\/conversesacatalunya.cat\/es\/no-lo-entiendo\/#primaryimage\"},\"image\":{\"@id\":\"https:\/\/conversesacatalunya.cat\/es\/no-lo-entiendo\/#primaryimage\"},\"thumbnailUrl\":\"https:\/\/conversesacatalunya.cat\/wp-content\/uploads\/2019\/11\/sanchez.jpg\",\"datePublished\":\"2020-01-10T07:44:33+00:00\",\"dateModified\":\"2024-01-22T13:19:48+00:00\",\"author\":{\"@id\":\"https:\/\/conversesacatalunya.cat\/#\/schema\/person\/002600efd43d2fd853533142f835a7d0\"},\"breadcrumb\":{\"@id\":\"https:\/\/conversesacatalunya.cat\/es\/no-lo-entiendo\/#breadcrumb\"},\"inLanguage\":\"es\",\"potentialAction\":[{\"@type\":\"ReadAction\",\"target\":[\"https:\/\/conversesacatalunya.cat\/es\/no-lo-entiendo\/\"]}]},{\"@type\":\"ImageObject\",\"inLanguage\":\"es\",\"@id\":\"https:\/\/conversesacatalunya.cat\/es\/no-lo-entiendo\/#primaryimage\",\"url\":\"https:\/\/conversesacatalunya.cat\/wp-content\/uploads\/2019\/11\/sanchez.jpg\",\"contentUrl\":\"https:\/\/conversesacatalunya.cat\/wp-content\/uploads\/2019\/11\/sanchez.jpg\",\"width\":992,\"height\":558,\"caption\":\"govern a Madrid\"},{\"@type\":\"BreadcrumbList\",\"@id\":\"https:\/\/conversesacatalunya.cat\/es\/no-lo-entiendo\/#breadcrumb\",\"itemListElement\":[{\"@type\":\"ListItem\",\"position\":1,\"name\":\"Inici\",\"item\":\"https:\/\/conversesacatalunya.cat\/es\/\"},{\"@type\":\"ListItem\",\"position\":2,\"name\":\"No lo entiendo\"}]},{\"@type\":\"WebSite\",\"@id\":\"https:\/\/conversesacatalunya.cat\/#website\",\"url\":\"https:\/\/conversesacatalunya.cat\/\",\"name\":\"Converses a Catalunya\",\"description\":\"\",\"potentialAction\":[{\"@type\":\"SearchAction\",\"target\":{\"@type\":\"EntryPoint\",\"urlTemplate\":\"https:\/\/conversesacatalunya.cat\/?s={search_term_string}\"},\"query-input\":{\"@type\":\"PropertyValueSpecification\",\"valueRequired\":true,\"valueName\":\"search_term_string\"}}],\"inLanguage\":\"es\"},{\"@type\":\"Person\",\"@id\":\"https:\/\/conversesacatalunya.cat\/#\/schema\/person\/002600efd43d2fd853533142f835a7d0\",\"name\":\"Josep Manel Silva\",\"image\":{\"@type\":\"ImageObject\",\"inLanguage\":\"es\",\"@id\":\"https:\/\/conversesacatalunya.cat\/#\/schema\/person\/image\/\",\"url\":\"https:\/\/conversesacatalunya.cat\/wp-content\/litespeed\/avatar\/185e68439f2852088c1bbbab53e0e4c5.jpg?ver=1777384733\",\"contentUrl\":\"https:\/\/conversesacatalunya.cat\/wp-content\/litespeed\/avatar\/185e68439f2852088c1bbbab53e0e4c5.jpg?ver=1777384733\",\"caption\":\"Josep Manel Silva\"},\"url\":\"https:\/\/conversesacatalunya.cat\/es\/author\/josep-manel-silva\/\"}]}<\/script>\n<!-- \/ Yoast SEO plugin. -->","yoast_head_json":{"title":"No lo entiendo - Converses a Catalunya","robots":{"index":"noindex","follow":"nofollow"},"og_locale":"es_ES","og_type":"article","og_title":"No lo entiendo - Converses a Catalunya","og_description":"Aunque desde que tengo uso de raz\u00f3n siento la pol\u00edtica como algo muy cercano (durante mucho tiempo particip\u00e9 activamente en ella y desde que la dej\u00e9 hace 8 a\u00f1os sigo ligado como analista en medios y redes y como profesor universitario), no entiendo bien lo que ha ocurrido en Espa\u00f1a en estos \u00faltimos meses. No entiendo por qu\u00e9 tuvieron que repetirse unas elecciones con el argumento de que no hab\u00eda mayor\u00edas suficientes para formar gobierno, o que las mayor\u00edas posibles no eran factibles por razones que ahora ya no parecen v\u00e1lidas. Tampoco entiendo las prisas por celebrar la investidura en plenas fiestas navide\u00f1as y esperar despu\u00e9s una semana para formar gobierno. No entiendo por qu\u00e9 el ya presidente del Gobierno dijo que no dormir\u00eda tranquilo ni \u00e9l ni el 95% de los espa\u00f1oles si pactaba con una formaci\u00f3n como Podemos que entre otras cosas propon\u00eda un refer\u00e9ndum de autodeterminaci\u00f3n en Catalunya o defend\u00eda que en Espa\u00f1a hab\u00eda presos pol\u00edticos. No entiendo qu\u00e9 ha cambiado para que ahora ya podamos dormir tranquilos todos. Si me lo explicaran, yo tambi\u00e9n dormir\u00eda m\u00e1s tranquilo. Tengo algo de insomnio y no s\u00e9 cu\u00e1l es el motivo. No entiendo por qu\u00e9 era absolutamente imposible un Gobierno con Pablo Iglesias formando parte de \u00e9l, y ahora ya no representa ning\u00fan problema. Por cierto, que Iglesias respondi\u00f3 a aquel \u00f3rdago con gran inteligencia y dignidad. Pero no fue suficiente para sellar un pacto con un PSOE que aspiraba a mejorar sus resultados en la nueva convocatoria. No entiendo por qu\u00e9 nos dijeron que \u201cnunca\u201d pactar\u00edan con partidos independentistas y ahora lo han hecho sin demasiados obst\u00e1culos. A pesar de que la portavoz de uno de esos partidos (ERC) acus\u00f3 de \u201cverdugos\u201d y \u201cc\u00f3mplices\u201d a los socialistas por mantener a los pol\u00edticos independentistas en la c\u00e1rcel. Y adem\u00e1s afirm\u00f3 en el Congreso (del Estado), en la sesi\u00f3n de investidura del presidente del Gobierno (del Estado), que la \u201cgobernabilidad (del Estado) le importa un comino\u201d, aunque su formaci\u00f3n acabara absteni\u00e9ndose para garantizar la investidura. Hecho que por otra parte podr\u00eda servir, o no, para encontrar una salida al laberinto catal\u00e1n. No entiendo por qu\u00e9 un partido como Ciudadanos, que inicialmente reivindicaba el centro pol\u00edtico, se hizo el \u201charakiri\u201d al negarse a pactar con S\u00e1nchez, cuando todo el mundo menos su l\u00edder ve\u00eda lo que iba a ocurrir si se repet\u00edan las elecciones. Los manuales de ciencia pol\u00edtica estudiar\u00e1n ese fen\u00f3meno en el futuro. No entiendo por qu\u00e9 un partido como el Partido Popular se empe\u00f1a en competir con Vox para recuperar unos votantes que seguramente nunca volver\u00e1n dejando un gran espacio en el centro que los socialistas van a dejar expedito al pactar con Podemos. No entiendo que un partido llamado Vox, que dice defender valores cristianos, manipule vilmente la informaci\u00f3n sobre violencia sexual para responsabilizar a los inmigrantes de actos que mayoritariamente son cometidos por espa\u00f1oles. No entiendo esa ni muchas otras propuestas de su programa que estoy convencido que el Papa Francisco condenar\u00eda sin dudarlo ni un segundo. No entiendo que la portavoz de Junts per Catalunya, imputada por un presunto caso de corrupci\u00f3n, siga ostentando su cargo como si nada ocurriera y su formaci\u00f3n haya abandonado toda voluntad de influir en la gobernabilidad del Estado, pero siga present\u00e1ndose a las elecciones generales. Exactamente igual que la CUP. \u00bfQu\u00e9 hacen esas dos formaciones en el Congreso Espa\u00f1ol adem\u00e1s de cobrar y ocupar sus esca\u00f1os? \u00bfQu\u00e9 fue de la antigua CiU? No entiendo qu\u00e9 hace el portavoz de la formaci\u00f3n heredera del brazo pol\u00edtico de ETA (aunque ETA ya est\u00e9 desarticulada) pregunt\u00e1ndose por los terroristas supuestamente asesinados por la polic\u00eda y olvidando los cientos de muertos que provocaron esos mismos terroristas. Tan s\u00f3lo entiendo al PNV, el partido que siempre gana, pase lo que pase y ocurra lo que ocurra. El partido con el discurso m\u00e1s inteligente, y tal vez m\u00e1s ambiguo, que le permite pactar a derecha e izquierda sin rubor alguno y defendiendo los intereses de sus votantes y del territorio que representan. Yo no soy nacionalista, pero si lo fuera, ser\u00eda nacionalista vasco. Hace tiempo que medito sobre la posibilidad de trasladar all\u00ed mi domicilio y cambiarme el nombre por Joseba, si es que me lo permiten. No entiendo casi nada de nada, y me temo que nadie va a resolver mis dudas y seguir\u00e9 con insomnio y sin respuestas durante mucho tiempo. Feliz 2020 y que la suerte nos acompa\u00f1e. La vamos a necesitar. &nbsp;","og_url":"https:\/\/conversesacatalunya.cat\/es\/no-lo-entiendo\/","og_site_name":"Converses a Catalunya","article_published_time":"2020-01-10T07:44:33+00:00","article_modified_time":"2024-01-22T13:19:48+00:00","og_image":[{"width":992,"height":558,"url":"https:\/\/conversesacatalunya.cat\/wp-content\/uploads\/2019\/11\/sanchez.jpg","type":"image\/jpeg"}],"author":"Josep Manel Silva","twitter_card":"summary_large_image","twitter_misc":{"Escrito por":"Josep Manel Silva","Tiempo de lectura":"4 minutos"},"schema":{"@context":"https:\/\/schema.org","@graph":[{"@type":"Article","@id":"https:\/\/conversesacatalunya.cat\/es\/no-lo-entiendo\/#article","isPartOf":{"@id":"https:\/\/conversesacatalunya.cat\/es\/no-lo-entiendo\/"},"author":{"name":"Josep Manel Silva","@id":"https:\/\/conversesacatalunya.cat\/#\/schema\/person\/002600efd43d2fd853533142f835a7d0"},"headline":"No lo entiendo","datePublished":"2020-01-10T07:44:33+00:00","dateModified":"2024-01-22T13:19:48+00:00","mainEntityOfPage":{"@id":"https:\/\/conversesacatalunya.cat\/es\/no-lo-entiendo\/"},"wordCount":805,"commentCount":0,"image":{"@id":"https:\/\/conversesacatalunya.cat\/es\/no-lo-entiendo\/#primaryimage"},"thumbnailUrl":"https:\/\/conversesacatalunya.cat\/wp-content\/uploads\/2019\/11\/sanchez.jpg","keywords":["ciudadanos","ERC","PNV","PP","PSOE"],"articleSection":["Opinem (ES)"],"inLanguage":"es","potentialAction":[{"@type":"CommentAction","name":"Comment","target":["https:\/\/conversesacatalunya.cat\/es\/no-lo-entiendo\/#respond"]}]},{"@type":"WebPage","@id":"https:\/\/conversesacatalunya.cat\/es\/no-lo-entiendo\/","url":"https:\/\/conversesacatalunya.cat\/es\/no-lo-entiendo\/","name":"No lo entiendo - Converses a Catalunya","isPartOf":{"@id":"https:\/\/conversesacatalunya.cat\/#website"},"primaryImageOfPage":{"@id":"https:\/\/conversesacatalunya.cat\/es\/no-lo-entiendo\/#primaryimage"},"image":{"@id":"https:\/\/conversesacatalunya.cat\/es\/no-lo-entiendo\/#primaryimage"},"thumbnailUrl":"https:\/\/conversesacatalunya.cat\/wp-content\/uploads\/2019\/11\/sanchez.jpg","datePublished":"2020-01-10T07:44:33+00:00","dateModified":"2024-01-22T13:19:48+00:00","author":{"@id":"https:\/\/conversesacatalunya.cat\/#\/schema\/person\/002600efd43d2fd853533142f835a7d0"},"breadcrumb":{"@id":"https:\/\/conversesacatalunya.cat\/es\/no-lo-entiendo\/#breadcrumb"},"inLanguage":"es","potentialAction":[{"@type":"ReadAction","target":["https:\/\/conversesacatalunya.cat\/es\/no-lo-entiendo\/"]}]},{"@type":"ImageObject","inLanguage":"es","@id":"https:\/\/conversesacatalunya.cat\/es\/no-lo-entiendo\/#primaryimage","url":"https:\/\/conversesacatalunya.cat\/wp-content\/uploads\/2019\/11\/sanchez.jpg","contentUrl":"https:\/\/conversesacatalunya.cat\/wp-content\/uploads\/2019\/11\/sanchez.jpg","width":992,"height":558,"caption":"govern a Madrid"},{"@type":"BreadcrumbList","@id":"https:\/\/conversesacatalunya.cat\/es\/no-lo-entiendo\/#breadcrumb","itemListElement":[{"@type":"ListItem","position":1,"name":"Inici","item":"https:\/\/conversesacatalunya.cat\/es\/"},{"@type":"ListItem","position":2,"name":"No lo entiendo"}]},{"@type":"WebSite","@id":"https:\/\/conversesacatalunya.cat\/#website","url":"https:\/\/conversesacatalunya.cat\/","name":"Converses a Catalunya","description":"","potentialAction":[{"@type":"SearchAction","target":{"@type":"EntryPoint","urlTemplate":"https:\/\/conversesacatalunya.cat\/?s={search_term_string}"},"query-input":{"@type":"PropertyValueSpecification","valueRequired":true,"valueName":"search_term_string"}}],"inLanguage":"es"},{"@type":"Person","@id":"https:\/\/conversesacatalunya.cat\/#\/schema\/person\/002600efd43d2fd853533142f835a7d0","name":"Josep Manel Silva","image":{"@type":"ImageObject","inLanguage":"es","@id":"https:\/\/conversesacatalunya.cat\/#\/schema\/person\/image\/","url":"https:\/\/conversesacatalunya.cat\/wp-content\/litespeed\/avatar\/185e68439f2852088c1bbbab53e0e4c5.jpg?ver=1777384733","contentUrl":"https:\/\/conversesacatalunya.cat\/wp-content\/litespeed\/avatar\/185e68439f2852088c1bbbab53e0e4c5.jpg?ver=1777384733","caption":"Josep Manel Silva"},"url":"https:\/\/conversesacatalunya.cat\/es\/author\/josep-manel-silva\/"}]}},"wps_subtitle":"","_links":{"self":[{"href":"https:\/\/conversesacatalunya.cat\/es\/wp-json\/wp\/v2\/posts\/31032","targetHints":{"allow":["GET"]}}],"collection":[{"href":"https:\/\/conversesacatalunya.cat\/es\/wp-json\/wp\/v2\/posts"}],"about":[{"href":"https:\/\/conversesacatalunya.cat\/es\/wp-json\/wp\/v2\/types\/post"}],"author":[{"embeddable":true,"href":"https:\/\/conversesacatalunya.cat\/es\/wp-json\/wp\/v2\/users\/5"}],"replies":[{"embeddable":true,"href":"https:\/\/conversesacatalunya.cat\/es\/wp-json\/wp\/v2\/comments?post=31032"}],"version-history":[{"count":1,"href":"https:\/\/conversesacatalunya.cat\/es\/wp-json\/wp\/v2\/posts\/31032\/revisions"}],"predecessor-version":[{"id":31037,"href":"https:\/\/conversesacatalunya.cat\/es\/wp-json\/wp\/v2\/posts\/31032\/revisions\/31037"}],"wp:featuredmedia":[{"embeddable":true,"href":"https:\/\/conversesacatalunya.cat\/es\/wp-json\/wp\/v2\/media\/28616"}],"wp:attachment":[{"href":"https:\/\/conversesacatalunya.cat\/es\/wp-json\/wp\/v2\/media?parent=31032"}],"wp:term":[{"taxonomy":"category","embeddable":true,"href":"https:\/\/conversesacatalunya.cat\/es\/wp-json\/wp\/v2\/categories?post=31032"},{"taxonomy":"post_tag","embeddable":true,"href":"https:\/\/conversesacatalunya.cat\/es\/wp-json\/wp\/v2\/tags?post=31032"}],"curies":[{"name":"wp","href":"https:\/\/api.w.org\/{rel}","templated":true}]}}