{"id":30889,"date":"2020-01-07T13:33:00","date_gmt":"2020-01-07T12:33:00","guid":{"rendered":"https:\/\/conversesacatalunya.cat\/sanchez-un-pressupost-practicament-impossible\/"},"modified":"2020-01-07T16:08:37","modified_gmt":"2020-01-07T15:08:37","slug":"sanchez-un-presupuesto-practicamente-imposible","status":"publish","type":"post","link":"https:\/\/conversesacatalunya.cat\/es\/sanchez-un-presupuesto-practicamente-imposible\/","title":{"rendered":"S\u00e1nchez: un presupuesto pr\u00e1cticamente imposible"},"content":{"rendered":"<p><span title=\"\">Si<\/span> <span title=\"\">S\u00e1nchez<\/span> <span title=\"\">quiere cumplir<\/span> <span title=\"\">con el <a href=\"https:\/\/conversesacatalunya.cat\/un-altre-programa-de-govern-de-pilota-endavant-en-lambit-economic\/\" target=\"_blank\" rel=\"noopener noreferrer\">programa<\/a><\/span> <span title=\"\">de gobierno<\/span> <span title=\"\">pactado con<\/span> <span title=\"\">UP<\/span> <span title=\"\">y sus<\/span> <span title=\"\">otros socios<\/span><span title=\"\">, el presupuesto<\/span> <span title=\"\">ser\u00e1 <\/span><span title=\"\">imposible.<\/span> <span title=\"\">Estas<\/span> <span title=\"\">son las <strong>principales<\/strong><\/span><strong> <span title=\"\">razones<\/span><span title=\"\">:<\/span><\/strong><\/p>\n<ol>\n<li><span style=\"display: inline !important; float: none; background-color: #f5f5f5; color: rgba(0, 0, 0, 0.87); font-family: 'Roboto',arial,sans-serif; font-size: 18px; font-style: normal; font-variant: normal; font-weight: 400; letter-spacing: normal; line-height: 28px; orphans: 2; text-align: left; text-decoration: none; text-indent: 0px; text-transform: none; -webkit-text-stroke-width: 0px; white-space: pre-wrap; word-spacing: 0px;\">2020 es el a\u00f1o en que <strong>entra en vigor<\/strong> la reforma del art\u00edculo 135 de la Constituci\u00f3n acordada en 2011 y que establece como <strong>l\u00edmite de gasto el no incurrir en <a href=\"https:\/\/economipedia.com\/definiciones\/deficit-estructural.html\" target=\"_blank\" rel=\"noopener noreferrer\">d\u00e9ficit estructural<\/a><\/strong>. Es una limitaci\u00f3n importante que no ha aflorado hasta ahora con suficiente fuerza en el an\u00e1lisis de la situaci\u00f3n.<\/span><\/li>\n<li><span style=\"display: inline !important; float: none; background-color: #f5f5f5; color: rgba(0, 0, 0, 0.87); font-family: 'Roboto',arial,sans-serif; font-size: 18px; font-style: normal; font-variant: normal; font-weight: 400; letter-spacing: normal; line-height: 28px; orphans: 2; text-align: left; text-decoration: none; text-indent: 0px; text-transform: none; -webkit-text-stroke-width: 0px; white-space: pre-wrap; word-spacing: 0px;\"><strong>El compromiso con Bruselas para este a\u00f1o es reducir el d\u00e9ficit al 1,1%<\/strong>, una cifra l\u00f3gica si se considera que en teor\u00eda en 2018 se ten\u00eda que conseguir el 1,3% si bien los presupuestos que S\u00e1nchez envi\u00f3 a Bruselas elevaron la cifra hasta el 2%, con la idea de tirar la pelota adelante. El problema a\u00f1adido es que, con toda certeza, el gobierno tambi\u00e9n se habr\u00e1 saltado esta limitaci\u00f3n. Para dar una idea: entre septiembre de 2018 y de 2019, el d\u00e9ficit p\u00fablico ha sido del 3,1% del PIB. Con la certeza de que mejorar\u00e1 a 31 de diciembre, pero tambi\u00e9n con la misma seguridad superar\u00e1 el 2%. Por lo tanto, tendr\u00e1 que reducir 1 punto de PIB en relaci\u00f3n con lo que podr\u00e1 gastarse en 2020, y aunque Bruselas pueda ser generosa y dejarle m\u00e1s margen, el recorte ser\u00e1 importante.<\/span><\/li>\n<li><span style=\"display: inline !important; float: none; background-color: #f5f5f5; color: rgba(0, 0, 0, 0.87); font-family: 'Roboto',arial,sans-serif; font-size: 18px; font-style: normal; font-variant: normal; font-weight: 400; letter-spacing: normal; line-height: 28px; orphans: 2; text-align: left; text-decoration: none; text-indent: 0px; text-transform: none; -webkit-text-stroke-width: 0px; white-space: pre-wrap; word-spacing: 0px;\">Los compromisos con los <strong>funcionarios de aumentarles el 2% el salario y de las pensiones<\/strong> se comen por s\u00ed solos la mayor parte de la previsi\u00f3n de los ingresos.<\/span><\/li>\n<li><span style=\"display: inline !important; float: none; background-color: #f5f5f5; color: rgba(0, 0, 0, 0.87); font-family: 'Roboto',arial,sans-serif; font-size: 18px; font-style: normal; font-variant: normal; font-weight: 400; letter-spacing: normal; line-height: 28px; orphans: 2; text-align: left; text-decoration: none; text-indent: 0px; text-transform: none; -webkit-text-stroke-width: 0px; white-space: pre-wrap; word-spacing: 0px;\">La <strong>previsi\u00f3n econ\u00f3mica<\/strong> para 2020, sin ser mala, no es para tirar cohetes, porque <strong>no superar\u00e1 en mucho el 1,5% el incremento del PIB<\/strong>, lo que significa una ralentizaci\u00f3n del empleo. Si a este hecho se le a\u00f1aden las medidas de modificaci\u00f3n del actual marco laboral, el aumento del salario m\u00ednimo y el incremento de la presi\u00f3n fiscal sobre las empresas, es muy posible que el empleo a\u00fan decaiga m\u00e1s. <\/span><\/li>\n<li><span style=\"display: inline !important; float: none; background-color: #f5f5f5; color: rgba(0, 0, 0, 0.87); font-family: 'Roboto',arial,sans-serif; font-size: 18px; font-style: normal; font-variant: normal; font-weight: 400; letter-spacing: normal; line-height: 28px; orphans: 2; text-align: left; text-decoration: none; text-indent: 0px; text-transform: none; -webkit-text-stroke-width: 0px; white-space: pre-wrap; word-spacing: 0px;\"><span title=\"\">\u00bfPodr\u00eda<\/span> <span title=\"\">soportar<\/span> <span title=\"\">el nuevo<\/span> <span title=\"\">gobierno<\/span> <span title=\"\">de<\/span> <span title=\"\">S\u00e1nchez<\/span> <span title=\"\">unos datos<\/span> <span title=\"\">sobre<\/span> <strong><span title=\"\">empleo<\/span> <\/strong><span title=\"\">en oto\u00f1o<\/span> <span title=\"\">que rompieran<\/span> <strong><span title=\"\">en<\/span> <span title=\"\">negativo<\/span><\/strong> <span title=\"\">la tendencia<\/span> <span title=\"\">mantenida<\/span> <span title=\"\">hasta ahora?<\/span> <span title=\"\">Los costos<\/span> <span title=\"\">pol\u00edticos<\/span> <span title=\"\">ser\u00edan<\/span> <span title=\"\">muy importantes<\/span><span title=\"\">.<\/span> <span title=\"\">Y<\/span> <span title=\"\">es que con<\/span> <span title=\"\">todo ello<\/span> <span title=\"\">el gobierno del PSOE<\/span> <span title=\"\">no ha<\/span> <span title=\"\">apuntado<\/span><span title=\"\">,<\/span> <span title=\"\">ni<\/span> <span title=\"\">ninguno de los otros<\/span> <span title=\"\">partidos<\/span> <span title=\"\">lo hace<\/span><span title=\"\">, el centro<\/span> <span title=\"\">neur\u00e1lgico<\/span> <span title=\"\">de nuestra<\/span> <span title=\"\">debilidad<\/span><span title=\"\">.<\/span> <span title=\"\">Ciertamente<\/span> <span title=\"\">lo es<\/span> <span title=\"\">la abundancia<\/span> <span title=\"\">de trabajo<\/span> <span title=\"\">precario y mal<\/span> <span title=\"\">pagado<\/span><span title=\"\">, pero hay<\/span> <span title=\"\">un correlato<\/span> <span title=\"\">decisivo<\/span> <span title=\"\">donde se<\/span> <span title=\"\">juegan<\/span> <span title=\"\">todas las posibilidades<\/span> <span title=\"\">econ\u00f3micas<\/span><span title=\"\">.<\/span> <span title=\"\">Es el<\/span> <span title=\"\">de la productividad,<\/span> <span title=\"\">que en el<\/span> <span title=\"\">caso espa\u00f1ol<\/span> <span title=\"\">es muy<\/span> <span title=\"\">baja<\/span><span title=\"\">, tanto<\/span> <span title=\"\">que los<\/span> <span title=\"\">incrementos de<\/span> <span title=\"\">PIB<\/span> <span title=\"\">por ocupado<\/span> <span title=\"\">han sido<\/span> <span title=\"\">del orden<\/span> <span title=\"\">del 0,1%<\/span> <span title=\"\">en los \u00faltimos a\u00f1os<\/span><span title=\"\">,<\/span> <span title=\"\">mientras que<\/span> <span title=\"\">en Francia y<\/span> <span title=\"\">Alemania<\/span> <span title=\"\">crec\u00edan<\/span> <span title=\"\">a<\/span> <span title=\"\">ritmos<\/span> <span title=\"\">del 0<\/span><span title=\"\">,<\/span><span title=\"\">7%.<\/span> <span title=\"\">Est\u00e1 claro<\/span> <span title=\"\">que una parte<\/span> <span title=\"\">demasiado grande<\/span> <span title=\"\">de la empresa<\/span> <span title=\"\">espa\u00f1ola<\/span> <span title=\"\">intenta<\/span> <span title=\"\">resolver esta<\/span> <span title=\"\">cuesti\u00f3n<\/span> <span title=\"\">a base<\/span> <span title=\"\">de deprimir<\/span> <span title=\"\">los sueldos.<\/span> <span title=\"\">Es<\/span> <span title=\"\">la v\u00eda<\/span> <span title=\"\">f\u00e1cil y<\/span> <span title=\"\">equivocada,<\/span> <span title=\"\">porque la<\/span> <span title=\"\">respuesta<\/span> <span title=\"\">se sit\u00faa en<\/span> <span title=\"\">mejorar las<\/span> <span title=\"\">capacidades t\u00e9cnicas<\/span> <span title=\"\">y de gesti\u00f3n<\/span><span title=\"\">, las m\u00e1s<\/span> <span title=\"\">ligadas a<\/span> <span title=\"\">la productividad<\/span> <span title=\"\">total de los<\/span> <span title=\"\">factores.<\/span><\/span><\/li>\n<\/ol>\n","protected":false},"excerpt":{"rendered":"<p>Si S\u00e1nchez quiere cumplir con el programa de gobierno pactado con UP y sus otros socios, el presupuesto ser\u00e1 imposible. Estas son las principales razones: 2020 es el a\u00f1o en que entra en vigor la reforma del art\u00edculo 135 de la Constituci\u00f3n acordada en 2011 y que establece como l\u00edmite de gasto el no incurrir en d\u00e9ficit estructural. Es una limitaci\u00f3n importante que no ha aflorado hasta ahora con suficiente fuerza en el an\u00e1lisis de la situaci\u00f3n. El compromiso con Bruselas para este a\u00f1o es reducir el d\u00e9ficit al 1,1%, una cifra l\u00f3gica si se considera que en teor\u00eda en 2018 se ten\u00eda que conseguir el 1,3% si bien los presupuestos que S\u00e1nchez envi\u00f3 a Bruselas elevaron la cifra hasta el 2%, con la idea de tirar la pelota adelante. El problema a\u00f1adido es que, con toda certeza, el gobierno tambi\u00e9n se habr\u00e1 saltado esta limitaci\u00f3n. Para dar una idea: entre septiembre de 2018 y de 2019, el d\u00e9ficit p\u00fablico ha sido del 3,1% del PIB. Con la certeza de que mejorar\u00e1 a 31 de diciembre, pero tambi\u00e9n con la misma seguridad superar\u00e1 el 2%. Por lo tanto, tendr\u00e1 que reducir 1 punto de PIB en relaci\u00f3n con lo que podr\u00e1 gastarse en 2020, y aunque Bruselas pueda ser generosa y dejarle m\u00e1s margen, el recorte ser\u00e1 importante. Los compromisos con los funcionarios de aumentarles el 2% el salario y de las pensiones se comen por s\u00ed solos la mayor parte de la previsi\u00f3n de los ingresos. La previsi\u00f3n econ\u00f3mica para 2020, sin ser mala, no es para tirar cohetes, porque no superar\u00e1 en mucho el 1,5% el incremento del PIB, lo que significa una ralentizaci\u00f3n del empleo. Si a este hecho se le a\u00f1aden las medidas de modificaci\u00f3n del actual marco laboral, el aumento del salario m\u00ednimo y el incremento de la presi\u00f3n fiscal sobre las empresas, es muy posible que el empleo a\u00fan decaiga m\u00e1s. \u00bfPodr\u00eda soportar el nuevo gobierno de S\u00e1nchez unos datos sobre empleo en oto\u00f1o que rompieran en negativo la tendencia mantenida hasta ahora? Los costos pol\u00edticos ser\u00edan muy importantes. Y es que con todo ello el gobierno del PSOE no ha apuntado, ni ninguno de los otros partidos lo hace, el centro neur\u00e1lgico de nuestra debilidad. Ciertamente lo es la abundancia de trabajo precario y mal pagado, pero hay un correlato decisivo donde se juegan todas las posibilidades econ\u00f3micas. Es el de la productividad, que en el caso espa\u00f1ol es muy baja, tanto que los incrementos de PIB por ocupado han sido del orden del 0,1% en los \u00faltimos a\u00f1os, mientras que en Francia y Alemania crec\u00edan a ritmos del 0,7%. Est\u00e1 claro que una parte demasiado grande de la empresa espa\u00f1ola intenta resolver esta cuesti\u00f3n a base de deprimir los sueldos. Es la v\u00eda f\u00e1cil y equivocada, porque la respuesta se sit\u00faa en mejorar las capacidades t\u00e9cnicas y de gesti\u00f3n, las m\u00e1s ligadas a la productividad total de los factores.<\/p>\n","protected":false},"author":2,"featured_media":30879,"comment_status":"open","ping_status":"open","sticky":false,"template":"","format":"standard","meta":{"_FSMCFIC_featured_image_caption":"","_FSMCFIC_featured_image_nocaption":"","_FSMCFIC_featured_image_hide":"","footnotes":""},"categories":[806],"tags":[831,1185,1330],"class_list":["post-30889","post","type-post","status-publish","format-standard","has-post-thumbnail","hentry","category-punts-claus-del-dia-es","tag-economia-es","tag-investidura-sanchez-es","tag-programa-de-gobierno"],"yoast_head":"<!-- This site is optimized with the Yoast SEO plugin v26.8 - https:\/\/yoast.com\/product\/yoast-seo-wordpress\/ -->\n<title>S\u00e1nchez: un presupuesto pr\u00e1cticamente imposible - Converses a Catalunya<\/title>\n<meta name=\"robots\" content=\"index, follow, max-snippet:-1, max-image-preview:large, max-video-preview:-1\" \/>\n<link rel=\"canonical\" href=\"https:\/\/conversesacatalunya.cat\/es\/sanchez-un-presupuesto-practicamente-imposible\/\" \/>\n<meta property=\"og:locale\" content=\"es_ES\" \/>\n<meta property=\"og:type\" content=\"article\" \/>\n<meta property=\"og:title\" content=\"S\u00e1nchez: un presupuesto pr\u00e1cticamente imposible - Converses a Catalunya\" \/>\n<meta property=\"og:description\" content=\"Si S\u00e1nchez quiere cumplir con el programa de gobierno pactado con UP y sus otros socios, el presupuesto ser\u00e1 imposible. Estas son las principales razones: 2020 es el a\u00f1o en que entra en vigor la reforma del art\u00edculo 135 de la Constituci\u00f3n acordada en 2011 y que establece como l\u00edmite de gasto el no incurrir en d\u00e9ficit estructural. Es una limitaci\u00f3n importante que no ha aflorado hasta ahora con suficiente fuerza en el an\u00e1lisis de la situaci\u00f3n. El compromiso con Bruselas para este a\u00f1o es reducir el d\u00e9ficit al 1,1%, una cifra l\u00f3gica si se considera que en teor\u00eda en 2018 se ten\u00eda que conseguir el 1,3% si bien los presupuestos que S\u00e1nchez envi\u00f3 a Bruselas elevaron la cifra hasta el 2%, con la idea de tirar la pelota adelante. El problema a\u00f1adido es que, con toda certeza, el gobierno tambi\u00e9n se habr\u00e1 saltado esta limitaci\u00f3n. Para dar una idea: entre septiembre de 2018 y de 2019, el d\u00e9ficit p\u00fablico ha sido del 3,1% del PIB. Con la certeza de que mejorar\u00e1 a 31 de diciembre, pero tambi\u00e9n con la misma seguridad superar\u00e1 el 2%. Por lo tanto, tendr\u00e1 que reducir 1 punto de PIB en relaci\u00f3n con lo que podr\u00e1 gastarse en 2020, y aunque Bruselas pueda ser generosa y dejarle m\u00e1s margen, el recorte ser\u00e1 importante. Los compromisos con los funcionarios de aumentarles el 2% el salario y de las pensiones se comen por s\u00ed solos la mayor parte de la previsi\u00f3n de los ingresos. La previsi\u00f3n econ\u00f3mica para 2020, sin ser mala, no es para tirar cohetes, porque no superar\u00e1 en mucho el 1,5% el incremento del PIB, lo que significa una ralentizaci\u00f3n del empleo. Si a este hecho se le a\u00f1aden las medidas de modificaci\u00f3n del actual marco laboral, el aumento del salario m\u00ednimo y el incremento de la presi\u00f3n fiscal sobre las empresas, es muy posible que el empleo a\u00fan decaiga m\u00e1s. \u00bfPodr\u00eda soportar el nuevo gobierno de S\u00e1nchez unos datos sobre empleo en oto\u00f1o que rompieran en negativo la tendencia mantenida hasta ahora? Los costos pol\u00edticos ser\u00edan muy importantes. Y es que con todo ello el gobierno del PSOE no ha apuntado, ni ninguno de los otros partidos lo hace, el centro neur\u00e1lgico de nuestra debilidad. Ciertamente lo es la abundancia de trabajo precario y mal pagado, pero hay un correlato decisivo donde se juegan todas las posibilidades econ\u00f3micas. Es el de la productividad, que en el caso espa\u00f1ol es muy baja, tanto que los incrementos de PIB por ocupado han sido del orden del 0,1% en los \u00faltimos a\u00f1os, mientras que en Francia y Alemania crec\u00edan a ritmos del 0,7%. Est\u00e1 claro que una parte demasiado grande de la empresa espa\u00f1ola intenta resolver esta cuesti\u00f3n a base de deprimir los sueldos. Es la v\u00eda f\u00e1cil y equivocada, porque la respuesta se sit\u00faa en mejorar las capacidades t\u00e9cnicas y de gesti\u00f3n, las m\u00e1s ligadas a la productividad total de los factores.\" \/>\n<meta property=\"og:url\" content=\"https:\/\/conversesacatalunya.cat\/es\/sanchez-un-presupuesto-practicamente-imposible\/\" \/>\n<meta property=\"og:site_name\" content=\"Converses a Catalunya\" \/>\n<meta property=\"article:published_time\" content=\"2020-01-07T12:33:00+00:00\" \/>\n<meta property=\"article:modified_time\" content=\"2020-01-07T15:08:37+00:00\" \/>\n<meta property=\"og:image\" content=\"https:\/\/conversesacatalunya.cat\/wp-content\/uploads\/2020\/01\/pressupost.png\" \/>\n\t<meta property=\"og:image:width\" content=\"680\" \/>\n\t<meta property=\"og:image:height\" content=\"380\" \/>\n\t<meta property=\"og:image:type\" content=\"image\/png\" \/>\n<meta name=\"author\" content=\"conversesacatalunya\" \/>\n<meta name=\"twitter:card\" content=\"summary_large_image\" \/>\n<meta name=\"twitter:label1\" content=\"Escrito por\" \/>\n\t<meta name=\"twitter:data1\" content=\"conversesacatalunya\" \/>\n\t<meta name=\"twitter:label2\" content=\"Tiempo de lectura\" \/>\n\t<meta name=\"twitter:data2\" content=\"3 minutos\" \/>\n<script type=\"application\/ld+json\" class=\"yoast-schema-graph\">{\"@context\":\"https:\/\/schema.org\",\"@graph\":[{\"@type\":\"Article\",\"@id\":\"https:\/\/conversesacatalunya.cat\/es\/sanchez-un-presupuesto-practicamente-imposible\/#article\",\"isPartOf\":{\"@id\":\"https:\/\/conversesacatalunya.cat\/es\/sanchez-un-presupuesto-practicamente-imposible\/\"},\"author\":{\"name\":\"conversesacatalunya\",\"@id\":\"https:\/\/conversesacatalunya.cat\/#\/schema\/person\/7e24d1e54a2785373ddcb275eae5ed99\"},\"headline\":\"S\u00e1nchez: un presupuesto pr\u00e1cticamente imposible\",\"datePublished\":\"2020-01-07T12:33:00+00:00\",\"dateModified\":\"2020-01-07T15:08:37+00:00\",\"mainEntityOfPage\":{\"@id\":\"https:\/\/conversesacatalunya.cat\/es\/sanchez-un-presupuesto-practicamente-imposible\/\"},\"wordCount\":526,\"commentCount\":0,\"image\":{\"@id\":\"https:\/\/conversesacatalunya.cat\/es\/sanchez-un-presupuesto-practicamente-imposible\/#primaryimage\"},\"thumbnailUrl\":\"https:\/\/conversesacatalunya.cat\/wp-content\/uploads\/2020\/01\/pressupost.png\",\"keywords\":[\"Economia\",\"Investidura S\u00e1nchez\",\"Programa de gobierno\"],\"articleSection\":[\"Punts clau del dia (ES)\"],\"inLanguage\":\"es\",\"potentialAction\":[{\"@type\":\"CommentAction\",\"name\":\"Comment\",\"target\":[\"https:\/\/conversesacatalunya.cat\/es\/sanchez-un-presupuesto-practicamente-imposible\/#respond\"]}]},{\"@type\":\"WebPage\",\"@id\":\"https:\/\/conversesacatalunya.cat\/es\/sanchez-un-presupuesto-practicamente-imposible\/\",\"url\":\"https:\/\/conversesacatalunya.cat\/es\/sanchez-un-presupuesto-practicamente-imposible\/\",\"name\":\"S\u00e1nchez: un presupuesto pr\u00e1cticamente imposible - Converses a Catalunya\",\"isPartOf\":{\"@id\":\"https:\/\/conversesacatalunya.cat\/#website\"},\"primaryImageOfPage\":{\"@id\":\"https:\/\/conversesacatalunya.cat\/es\/sanchez-un-presupuesto-practicamente-imposible\/#primaryimage\"},\"image\":{\"@id\":\"https:\/\/conversesacatalunya.cat\/es\/sanchez-un-presupuesto-practicamente-imposible\/#primaryimage\"},\"thumbnailUrl\":\"https:\/\/conversesacatalunya.cat\/wp-content\/uploads\/2020\/01\/pressupost.png\",\"datePublished\":\"2020-01-07T12:33:00+00:00\",\"dateModified\":\"2020-01-07T15:08:37+00:00\",\"author\":{\"@id\":\"https:\/\/conversesacatalunya.cat\/#\/schema\/person\/7e24d1e54a2785373ddcb275eae5ed99\"},\"breadcrumb\":{\"@id\":\"https:\/\/conversesacatalunya.cat\/es\/sanchez-un-presupuesto-practicamente-imposible\/#breadcrumb\"},\"inLanguage\":\"es\",\"potentialAction\":[{\"@type\":\"ReadAction\",\"target\":[\"https:\/\/conversesacatalunya.cat\/es\/sanchez-un-presupuesto-practicamente-imposible\/\"]}]},{\"@type\":\"ImageObject\",\"inLanguage\":\"es\",\"@id\":\"https:\/\/conversesacatalunya.cat\/es\/sanchez-un-presupuesto-practicamente-imposible\/#primaryimage\",\"url\":\"https:\/\/conversesacatalunya.cat\/wp-content\/uploads\/2020\/01\/pressupost.png\",\"contentUrl\":\"https:\/\/conversesacatalunya.cat\/wp-content\/uploads\/2020\/01\/pressupost.png\",\"width\":680,\"height\":380,\"caption\":\"pressupost general de l'Estat\"},{\"@type\":\"BreadcrumbList\",\"@id\":\"https:\/\/conversesacatalunya.cat\/es\/sanchez-un-presupuesto-practicamente-imposible\/#breadcrumb\",\"itemListElement\":[{\"@type\":\"ListItem\",\"position\":1,\"name\":\"Inici\",\"item\":\"https:\/\/conversesacatalunya.cat\/es\/\"},{\"@type\":\"ListItem\",\"position\":2,\"name\":\"S\u00e1nchez: un presupuesto pr\u00e1cticamente imposible\"}]},{\"@type\":\"WebSite\",\"@id\":\"https:\/\/conversesacatalunya.cat\/#website\",\"url\":\"https:\/\/conversesacatalunya.cat\/\",\"name\":\"Converses a Catalunya\",\"description\":\"\",\"potentialAction\":[{\"@type\":\"SearchAction\",\"target\":{\"@type\":\"EntryPoint\",\"urlTemplate\":\"https:\/\/conversesacatalunya.cat\/?s={search_term_string}\"},\"query-input\":{\"@type\":\"PropertyValueSpecification\",\"valueRequired\":true,\"valueName\":\"search_term_string\"}}],\"inLanguage\":\"es\"},{\"@type\":\"Person\",\"@id\":\"https:\/\/conversesacatalunya.cat\/#\/schema\/person\/7e24d1e54a2785373ddcb275eae5ed99\",\"name\":\"conversesacatalunya\",\"image\":{\"@type\":\"ImageObject\",\"inLanguage\":\"es\",\"@id\":\"https:\/\/conversesacatalunya.cat\/#\/schema\/person\/image\/\",\"url\":\"https:\/\/conversesacatalunya.cat\/wp-content\/litespeed\/avatar\/febdfeeec89d950f01c748045a981dd2.jpg?ver=1777314535\",\"contentUrl\":\"https:\/\/conversesacatalunya.cat\/wp-content\/litespeed\/avatar\/febdfeeec89d950f01c748045a981dd2.jpg?ver=1777314535\",\"caption\":\"conversesacatalunya\"},\"url\":\"https:\/\/conversesacatalunya.cat\/es\/author\/carme_catala\/\"}]}<\/script>\n<!-- \/ Yoast SEO plugin. -->","yoast_head_json":{"title":"S\u00e1nchez: un presupuesto pr\u00e1cticamente imposible - Converses a Catalunya","robots":{"index":"index","follow":"follow","max-snippet":"max-snippet:-1","max-image-preview":"max-image-preview:large","max-video-preview":"max-video-preview:-1"},"canonical":"https:\/\/conversesacatalunya.cat\/es\/sanchez-un-presupuesto-practicamente-imposible\/","og_locale":"es_ES","og_type":"article","og_title":"S\u00e1nchez: un presupuesto pr\u00e1cticamente imposible - Converses a Catalunya","og_description":"Si S\u00e1nchez quiere cumplir con el programa de gobierno pactado con UP y sus otros socios, el presupuesto ser\u00e1 imposible. Estas son las principales razones: 2020 es el a\u00f1o en que entra en vigor la reforma del art\u00edculo 135 de la Constituci\u00f3n acordada en 2011 y que establece como l\u00edmite de gasto el no incurrir en d\u00e9ficit estructural. Es una limitaci\u00f3n importante que no ha aflorado hasta ahora con suficiente fuerza en el an\u00e1lisis de la situaci\u00f3n. El compromiso con Bruselas para este a\u00f1o es reducir el d\u00e9ficit al 1,1%, una cifra l\u00f3gica si se considera que en teor\u00eda en 2018 se ten\u00eda que conseguir el 1,3% si bien los presupuestos que S\u00e1nchez envi\u00f3 a Bruselas elevaron la cifra hasta el 2%, con la idea de tirar la pelota adelante. El problema a\u00f1adido es que, con toda certeza, el gobierno tambi\u00e9n se habr\u00e1 saltado esta limitaci\u00f3n. Para dar una idea: entre septiembre de 2018 y de 2019, el d\u00e9ficit p\u00fablico ha sido del 3,1% del PIB. Con la certeza de que mejorar\u00e1 a 31 de diciembre, pero tambi\u00e9n con la misma seguridad superar\u00e1 el 2%. Por lo tanto, tendr\u00e1 que reducir 1 punto de PIB en relaci\u00f3n con lo que podr\u00e1 gastarse en 2020, y aunque Bruselas pueda ser generosa y dejarle m\u00e1s margen, el recorte ser\u00e1 importante. Los compromisos con los funcionarios de aumentarles el 2% el salario y de las pensiones se comen por s\u00ed solos la mayor parte de la previsi\u00f3n de los ingresos. La previsi\u00f3n econ\u00f3mica para 2020, sin ser mala, no es para tirar cohetes, porque no superar\u00e1 en mucho el 1,5% el incremento del PIB, lo que significa una ralentizaci\u00f3n del empleo. Si a este hecho se le a\u00f1aden las medidas de modificaci\u00f3n del actual marco laboral, el aumento del salario m\u00ednimo y el incremento de la presi\u00f3n fiscal sobre las empresas, es muy posible que el empleo a\u00fan decaiga m\u00e1s. \u00bfPodr\u00eda soportar el nuevo gobierno de S\u00e1nchez unos datos sobre empleo en oto\u00f1o que rompieran en negativo la tendencia mantenida hasta ahora? Los costos pol\u00edticos ser\u00edan muy importantes. Y es que con todo ello el gobierno del PSOE no ha apuntado, ni ninguno de los otros partidos lo hace, el centro neur\u00e1lgico de nuestra debilidad. Ciertamente lo es la abundancia de trabajo precario y mal pagado, pero hay un correlato decisivo donde se juegan todas las posibilidades econ\u00f3micas. Es el de la productividad, que en el caso espa\u00f1ol es muy baja, tanto que los incrementos de PIB por ocupado han sido del orden del 0,1% en los \u00faltimos a\u00f1os, mientras que en Francia y Alemania crec\u00edan a ritmos del 0,7%. Est\u00e1 claro que una parte demasiado grande de la empresa espa\u00f1ola intenta resolver esta cuesti\u00f3n a base de deprimir los sueldos. Es la v\u00eda f\u00e1cil y equivocada, porque la respuesta se sit\u00faa en mejorar las capacidades t\u00e9cnicas y de gesti\u00f3n, las m\u00e1s ligadas a la productividad total de los factores.","og_url":"https:\/\/conversesacatalunya.cat\/es\/sanchez-un-presupuesto-practicamente-imposible\/","og_site_name":"Converses a Catalunya","article_published_time":"2020-01-07T12:33:00+00:00","article_modified_time":"2020-01-07T15:08:37+00:00","og_image":[{"width":680,"height":380,"url":"https:\/\/conversesacatalunya.cat\/wp-content\/uploads\/2020\/01\/pressupost.png","type":"image\/png"}],"author":"conversesacatalunya","twitter_card":"summary_large_image","twitter_misc":{"Escrito por":"conversesacatalunya","Tiempo de lectura":"3 minutos"},"schema":{"@context":"https:\/\/schema.org","@graph":[{"@type":"Article","@id":"https:\/\/conversesacatalunya.cat\/es\/sanchez-un-presupuesto-practicamente-imposible\/#article","isPartOf":{"@id":"https:\/\/conversesacatalunya.cat\/es\/sanchez-un-presupuesto-practicamente-imposible\/"},"author":{"name":"conversesacatalunya","@id":"https:\/\/conversesacatalunya.cat\/#\/schema\/person\/7e24d1e54a2785373ddcb275eae5ed99"},"headline":"S\u00e1nchez: un presupuesto pr\u00e1cticamente imposible","datePublished":"2020-01-07T12:33:00+00:00","dateModified":"2020-01-07T15:08:37+00:00","mainEntityOfPage":{"@id":"https:\/\/conversesacatalunya.cat\/es\/sanchez-un-presupuesto-practicamente-imposible\/"},"wordCount":526,"commentCount":0,"image":{"@id":"https:\/\/conversesacatalunya.cat\/es\/sanchez-un-presupuesto-practicamente-imposible\/#primaryimage"},"thumbnailUrl":"https:\/\/conversesacatalunya.cat\/wp-content\/uploads\/2020\/01\/pressupost.png","keywords":["Economia","Investidura S\u00e1nchez","Programa de gobierno"],"articleSection":["Punts clau del dia (ES)"],"inLanguage":"es","potentialAction":[{"@type":"CommentAction","name":"Comment","target":["https:\/\/conversesacatalunya.cat\/es\/sanchez-un-presupuesto-practicamente-imposible\/#respond"]}]},{"@type":"WebPage","@id":"https:\/\/conversesacatalunya.cat\/es\/sanchez-un-presupuesto-practicamente-imposible\/","url":"https:\/\/conversesacatalunya.cat\/es\/sanchez-un-presupuesto-practicamente-imposible\/","name":"S\u00e1nchez: un presupuesto pr\u00e1cticamente imposible - Converses a Catalunya","isPartOf":{"@id":"https:\/\/conversesacatalunya.cat\/#website"},"primaryImageOfPage":{"@id":"https:\/\/conversesacatalunya.cat\/es\/sanchez-un-presupuesto-practicamente-imposible\/#primaryimage"},"image":{"@id":"https:\/\/conversesacatalunya.cat\/es\/sanchez-un-presupuesto-practicamente-imposible\/#primaryimage"},"thumbnailUrl":"https:\/\/conversesacatalunya.cat\/wp-content\/uploads\/2020\/01\/pressupost.png","datePublished":"2020-01-07T12:33:00+00:00","dateModified":"2020-01-07T15:08:37+00:00","author":{"@id":"https:\/\/conversesacatalunya.cat\/#\/schema\/person\/7e24d1e54a2785373ddcb275eae5ed99"},"breadcrumb":{"@id":"https:\/\/conversesacatalunya.cat\/es\/sanchez-un-presupuesto-practicamente-imposible\/#breadcrumb"},"inLanguage":"es","potentialAction":[{"@type":"ReadAction","target":["https:\/\/conversesacatalunya.cat\/es\/sanchez-un-presupuesto-practicamente-imposible\/"]}]},{"@type":"ImageObject","inLanguage":"es","@id":"https:\/\/conversesacatalunya.cat\/es\/sanchez-un-presupuesto-practicamente-imposible\/#primaryimage","url":"https:\/\/conversesacatalunya.cat\/wp-content\/uploads\/2020\/01\/pressupost.png","contentUrl":"https:\/\/conversesacatalunya.cat\/wp-content\/uploads\/2020\/01\/pressupost.png","width":680,"height":380,"caption":"pressupost general de l'Estat"},{"@type":"BreadcrumbList","@id":"https:\/\/conversesacatalunya.cat\/es\/sanchez-un-presupuesto-practicamente-imposible\/#breadcrumb","itemListElement":[{"@type":"ListItem","position":1,"name":"Inici","item":"https:\/\/conversesacatalunya.cat\/es\/"},{"@type":"ListItem","position":2,"name":"S\u00e1nchez: un presupuesto pr\u00e1cticamente imposible"}]},{"@type":"WebSite","@id":"https:\/\/conversesacatalunya.cat\/#website","url":"https:\/\/conversesacatalunya.cat\/","name":"Converses a Catalunya","description":"","potentialAction":[{"@type":"SearchAction","target":{"@type":"EntryPoint","urlTemplate":"https:\/\/conversesacatalunya.cat\/?s={search_term_string}"},"query-input":{"@type":"PropertyValueSpecification","valueRequired":true,"valueName":"search_term_string"}}],"inLanguage":"es"},{"@type":"Person","@id":"https:\/\/conversesacatalunya.cat\/#\/schema\/person\/7e24d1e54a2785373ddcb275eae5ed99","name":"conversesacatalunya","image":{"@type":"ImageObject","inLanguage":"es","@id":"https:\/\/conversesacatalunya.cat\/#\/schema\/person\/image\/","url":"https:\/\/conversesacatalunya.cat\/wp-content\/litespeed\/avatar\/febdfeeec89d950f01c748045a981dd2.jpg?ver=1777314535","contentUrl":"https:\/\/conversesacatalunya.cat\/wp-content\/litespeed\/avatar\/febdfeeec89d950f01c748045a981dd2.jpg?ver=1777314535","caption":"conversesacatalunya"},"url":"https:\/\/conversesacatalunya.cat\/es\/author\/carme_catala\/"}]}},"wps_subtitle":"","_links":{"self":[{"href":"https:\/\/conversesacatalunya.cat\/es\/wp-json\/wp\/v2\/posts\/30889","targetHints":{"allow":["GET"]}}],"collection":[{"href":"https:\/\/conversesacatalunya.cat\/es\/wp-json\/wp\/v2\/posts"}],"about":[{"href":"https:\/\/conversesacatalunya.cat\/es\/wp-json\/wp\/v2\/types\/post"}],"author":[{"embeddable":true,"href":"https:\/\/conversesacatalunya.cat\/es\/wp-json\/wp\/v2\/users\/2"}],"replies":[{"embeddable":true,"href":"https:\/\/conversesacatalunya.cat\/es\/wp-json\/wp\/v2\/comments?post=30889"}],"version-history":[{"count":2,"href":"https:\/\/conversesacatalunya.cat\/es\/wp-json\/wp\/v2\/posts\/30889\/revisions"}],"predecessor-version":[{"id":30890,"href":"https:\/\/conversesacatalunya.cat\/es\/wp-json\/wp\/v2\/posts\/30889\/revisions\/30890"}],"wp:featuredmedia":[{"embeddable":true,"href":"https:\/\/conversesacatalunya.cat\/es\/wp-json\/wp\/v2\/media\/30879"}],"wp:attachment":[{"href":"https:\/\/conversesacatalunya.cat\/es\/wp-json\/wp\/v2\/media?parent=30889"}],"wp:term":[{"taxonomy":"category","embeddable":true,"href":"https:\/\/conversesacatalunya.cat\/es\/wp-json\/wp\/v2\/categories?post=30889"},{"taxonomy":"post_tag","embeddable":true,"href":"https:\/\/conversesacatalunya.cat\/es\/wp-json\/wp\/v2\/tags?post=30889"}],"curies":[{"name":"wp","href":"https:\/\/api.w.org\/{rel}","templated":true}]}}